{"id":53908,"date":"2023-06-08T09:21:35","date_gmt":"2023-06-08T07:21:35","guid":{"rendered":"https:\/\/dorogimedence.hu\/?p=53908"},"modified":"2023-06-08T09:22:23","modified_gmt":"2023-06-08T07:22:23","slug":"szombat-deltol-vasarnap-delig-atmenetileg-szunetelnek-a-magyar-kozut-online-szolgaltatasai","status":"publish","type":"post","link":"https:\/\/dorogimedence.hu\/index.php\/2023\/06\/08\/szombat-deltol-vasarnap-delig-atmenetileg-szunetelnek-a-magyar-kozut-online-szolgaltatasai\/","title":{"rendered":"Szombat d\u00e9lt\u0151l vas\u00e1rnap d\u00e9lig \u00e1tmenetileg sz\u00fcnetelnek a Magyar K\u00f6z\u00fat online szolg\u00e1ltat\u00e1sai"},"content":{"rendered":"<p><strong>A Magyar K\u00f6z\u00fat Nonprofit Zrt. \u00e1tfog\u00f3 informatikai karbantart\u00e1st hajt v\u00e9gre, ez\u00e9rt \u00e1tmenetileg nem lesznek el\u00e9rhet\u0151ek a t\u00e1rsas\u00e1g online szolg\u00e1ltat\u00e1sai szombaton, 2023. j\u00fanius 10-\u00e9n 12 \u00f3r\u00e1t\u00f3l v\u00e1rhat\u00f3an vas\u00e1rnap, j\u00fanius 11-e 12 \u00f3r\u00e1ig. A karbantart\u00e1s ideje alatt sz\u00fcnetel t\u00f6bbek k\u00f6z\u00f6tt a <span style=\"text-decoration: underline; color: #0000ff;\"><a style=\"color: #0000ff; text-decoration: underline;\" href=\"http:\/\/www.utinform.hu\" target=\"_blank\" rel=\"noopener\">www.utinform.hu<\/a><\/span> weboldalon a korl\u00e1toz\u00e1sok, balesetek t\u00e9rk\u00e9pi megjelen\u00edt\u00e9se, a kamerak\u00e9pek \u00e9s a t\u00e1rsas\u00e1g weboldala, <\/strong><a href=\"http:\/\/www.kozut.hu\" target=\"_blank\" rel=\"noopener\"><strong><span style=\"text-decoration: underline; color: #0000ff;\">www.kozut.hu<\/span><\/strong><\/a><strong> is. Aktu\u00e1lis forgalmi inform\u00e1ci\u00f3k\u00e9rt a k\u00f6zleked\u0151k az \u00datinform diszp\u00e9csereit \u00e9s a v\u00e1rmegyei diszp\u00e9csereket telefonon \u00e9rhetik el. <\/strong><\/p>\n<p>A friss\u00edt\u00e9s miatt \u00e1tmenetileg sz\u00fcnetelni fog a t\u00e1rsas\u00e1g valamennyi publikus oldala, \u00edgy t\u00f6bbek k\u00f6z\u00f6tt a www.kozut.hu oldalon kereszt\u00fcl el\u00e9rhet\u0151 e-\u00fcgyf\u00e9lszolg\u00e1lati fel\u00fclet, a www.uvreoffice.kozut.hu, melyen \u00fatvonalenged\u00e9lyek k\u00e9rhet\u0151ek \u00e9s a t\u00e1rsas\u00e1g \u00datt\u00f6rt\u00e9neti M\u00fazeum\u00e1nak weboldala, a www.muzeum.kozut.hu is. Tov\u00e1bbi fontos inform\u00e1ci\u00f3, hogy a k\u00f6z\u00fatkezel\u0151 munkav\u00e1llal\u00f3i ezalatt e-maileket sem tudnak fogadni, azokat csak a rendszerek \u00fajraind\u00edt\u00e1sa ut\u00e1n \u00e9rik majd el. Aktu\u00e1lis forgalmi inform\u00e1ci\u00f3kkal kapcsolatban ugyanakkor ebben az id\u0151szakban is el\u00e9rhet\u0151ek lesznek az \u00datinform diszp\u00e9cserei telefonon a +36-1-336-2400 telefonsz\u00e1mon \u00e9s a v\u00e1rmegyei diszp\u00e9cser szolg\u00e1latok is,&nbsp; melyek telefonos el\u00e9rhet\u0151s\u00e9gei a t\u00e1rsas\u00e1g weboldal\u00e1n, <span style=\"text-decoration: underline; color: #0000ff;\"><a style=\"color: #0000ff; text-decoration: underline;\" href=\"https:\/\/internet.kozut.hu\/elerhetosegeink\/\" target=\"_blank\" rel=\"noopener\"><strong>ezen a linken<\/strong><\/a><\/span> \u00e9rhet\u0151ek el.<\/p>\n<p>J\u00fanius 13-a, kedd \u00e9jszak\u00e1t\u00f3l 14-e, szerda reggelig \u00fajabb karbantart\u00e1si munk\u00e1k keret\u00e9ben a t\u00e1rsas\u00e1g gyorsforgalmi utak felett tal\u00e1lhat\u00f3 v\u00e1ltoztathat\u00f3 jelz\u00e9sk\u00e9p\u0171 t\u00e1bl\u00e1i \u00e1llnak le \u00e1tmenetileg, nemcsak a Magyar K\u00f6z\u00fat, hanem a tavaly szeptember \u00f3ta a Magyar Koncesszi\u00f3s Infrastrukt\u00fara Fejleszt\u0151 Zrt. kezel\u00e9s\u00e9ben l\u00e9v\u0151 aut\u00f3p\u00e1lya szakaszokon is. Ezalatt a t\u00e1bl\u00e1kon nem jelen\u00edthet\u0151 meg aktu\u00e1lis \u00fatinform\u00e1ci\u00f3, csak \u00e1ltal\u00e1nos t\u00e1j\u00e9koztat\u00e1s.<\/p>\n<p>A rendszerfriss\u00edt\u00e9sek ideje alatt a Magyar K\u00f6z\u00fat Nonprofit Zrt. az \u00e9rdekl\u0151d\u0151k \u00e9s a k\u00f6zleked\u0151k t\u00fcrelm\u00e9t \u00e9s meg\u00e9rt\u00e9s\u00e9t k\u00e9ri.<\/p>\n<p><em>Forr\u00e1s: Magyar K\u00f6z\u00fat Nonprofit Zrt. Kommunik\u00e1ci\u00f3s oszt\u00e1ly<\/em><\/p>\n","protected":false},"excerpt":{"rendered":"<p>A Magyar K\u00f6z\u00fat Nonprofit Zrt. \u00e1tfog\u00f3 informatikai karbantart\u00e1st hajt v\u00e9gre, ez\u00e9rt \u00e1tmenetileg nem lesznek el\u00e9rhet\u0151ek a t\u00e1rsas\u00e1g online szolg\u00e1ltat\u00e1sai szombaton, 2023. j\u00fanius 10-\u00e9n 12 \u00f3r\u00e1t\u00f3l v\u00e1rhat\u00f3an vas\u00e1rnap, j\u00fanius 11-e 12 \u00f3r\u00e1ig. A karbantart\u00e1s ideje alatt sz\u00fcnetel t\u00f6bbek k\u00f6z\u00f6tt a www.utinform.hu weboldalon a korl\u00e1toz\u00e1sok, balesetek t\u00e9rk\u00e9pi megjelen\u00edt\u00e9se, a kamerak\u00e9pek \u00e9s a t\u00e1rsas\u00e1g weboldala, www.kozut.hu is. Aktu\u00e1lis<\/p>\n","protected":false},"author":1,"featured_media":53909,"comment_status":"closed","ping_status":"closed","sticky":false,"template":"","format":"standard","meta":{"ngg_post_thumbnail":0,"footnotes":""},"categories":[6934,3],"tags":[432,1838],"class_list":{"0":"post-53908","1":"post","2":"type-post","3":"status-publish","4":"format-standard","5":"has-post-thumbnail","7":"category-belfold","8":"category-hirek","9":"tag-karbantartas","10":"tag-magyar-kozut"},"yoast_head":"<!-- This site is optimized with the Yoast SEO plugin v27.5 - https:\/\/yoast.com\/product\/yoast-seo-wordpress\/ -->\n<title>Szombat d\u00e9lt\u0151l vas\u00e1rnap d\u00e9lig \u00e1tmenetileg sz\u00fcnetelnek a Magyar K\u00f6z\u00fat online szolg\u00e1ltat\u00e1sai<\/title>\n<meta name=\"robots\" content=\"index, follow, max-snippet:-1, max-image-preview:large, max-video-preview:-1\" \/>\n<link rel=\"canonical\" href=\"https:\/\/dorogimedence.hu\/index.php\/2023\/06\/08\/szombat-deltol-vasarnap-delig-atmenetileg-szunetelnek-a-magyar-kozut-online-szolgaltatasai\/\" class=\"yoast-seo-meta-tag\" \/>\n<meta property=\"og:locale\" content=\"hu_HU\" class=\"yoast-seo-meta-tag\" \/>\n<meta property=\"og:type\" content=\"article\" class=\"yoast-seo-meta-tag\" \/>\n<meta property=\"og:title\" content=\"Szombat d\u00e9lt\u0151l vas\u00e1rnap d\u00e9lig \u00e1tmenetileg sz\u00fcnetelnek a Magyar K\u00f6z\u00fat online szolg\u00e1ltat\u00e1sai\" class=\"yoast-seo-meta-tag\" \/>\n<meta property=\"og:description\" content=\"A Magyar K\u00f6z\u00fat Nonprofit Zrt. \u00e1tfog\u00f3 informatikai karbantart\u00e1st hajt v\u00e9gre, ez\u00e9rt \u00e1tmenetileg nem lesznek el\u00e9rhet\u0151ek a t\u00e1rsas\u00e1g online szolg\u00e1ltat\u00e1sai szombaton, 2023. j\u00fanius 10-\u00e9n 12 \u00f3r\u00e1t\u00f3l v\u00e1rhat\u00f3an vas\u00e1rnap, j\u00fanius 11-e 12 \u00f3r\u00e1ig. A karbantart\u00e1s ideje alatt sz\u00fcnetel t\u00f6bbek k\u00f6z\u00f6tt a www.utinform.hu weboldalon a korl\u00e1toz\u00e1sok, balesetek t\u00e9rk\u00e9pi megjelen\u00edt\u00e9se, a kamerak\u00e9pek \u00e9s a t\u00e1rsas\u00e1g weboldala, www.kozut.hu is. Aktu\u00e1lis\" class=\"yoast-seo-meta-tag\" \/>\n<meta property=\"og:url\" content=\"https:\/\/dorogimedence.hu\/index.php\/2023\/06\/08\/szombat-deltol-vasarnap-delig-atmenetileg-szunetelnek-a-magyar-kozut-online-szolgaltatasai\/\" class=\"yoast-seo-meta-tag\" \/>\n<meta property=\"og:site_name\" content=\"Dorogi-medence Region\u00e1lis H\u00edrport\u00e1l\" class=\"yoast-seo-meta-tag\" \/>\n<meta property=\"article:publisher\" content=\"https:\/\/www.facebook.com\/dorogimedence\/\" class=\"yoast-seo-meta-tag\" \/>\n<meta property=\"article:published_time\" content=\"2023-06-08T07:21:35+00:00\" class=\"yoast-seo-meta-tag\" \/>\n<meta property=\"article:modified_time\" content=\"2023-06-08T07:22:23+00:00\" class=\"yoast-seo-meta-tag\" \/>\n<meta property=\"og:image\" content=\"https:\/\/dorogimedence.hu\/wp-content\/uploads\/2023\/06\/magyar-kozut.jpg\" class=\"yoast-seo-meta-tag\" \/>\n\t<meta property=\"og:image:width\" content=\"1920\" class=\"yoast-seo-meta-tag\" \/>\n\t<meta property=\"og:image:height\" content=\"970\" class=\"yoast-seo-meta-tag\" \/>\n\t<meta property=\"og:image:type\" content=\"image\/jpeg\" class=\"yoast-seo-meta-tag\" \/>\n<meta name=\"author\" content=\"dorogimedence.hu\" class=\"yoast-seo-meta-tag\" \/>\n<meta name=\"twitter:card\" content=\"summary_large_image\" class=\"yoast-seo-meta-tag\" \/>\n<meta name=\"twitter:label1\" content=\"Szerz\u0151:\" class=\"yoast-seo-meta-tag\" \/>\n\t<meta name=\"twitter:data1\" content=\"dorogimedence.hu\" class=\"yoast-seo-meta-tag\" \/>\n\t<meta name=\"twitter:label2\" content=\"Becs\u00fclt olvas\u00e1si id\u0151\" class=\"yoast-seo-meta-tag\" \/>\n\t<meta name=\"twitter:data2\" content=\"2 perc\" class=\"yoast-seo-meta-tag\" \/>\n<script type=\"application\/ld+json\" class=\"yoast-schema-graph\">{\"@context\":\"https:\\\/\\\/schema.org\",\"@graph\":[{\"@type\":\"Article\",\"@id\":\"https:\\\/\\\/dorogimedence.hu\\\/index.php\\\/2023\\\/06\\\/08\\\/szombat-deltol-vasarnap-delig-atmenetileg-szunetelnek-a-magyar-kozut-online-szolgaltatasai\\\/#article\",\"isPartOf\":{\"@id\":\"https:\\\/\\\/dorogimedence.hu\\\/index.php\\\/2023\\\/06\\\/08\\\/szombat-deltol-vasarnap-delig-atmenetileg-szunetelnek-a-magyar-kozut-online-szolgaltatasai\\\/\"},\"author\":{\"name\":\"dorogimedence.hu\",\"@id\":\"https:\\\/\\\/dorogimedence.hu\\\/#\\\/schema\\\/person\\\/ce6091eeb7e95ecdc87890d6aa8e0fd4\"},\"headline\":\"Szombat d\u00e9lt\u0151l vas\u00e1rnap d\u00e9lig \u00e1tmenetileg sz\u00fcnetelnek a Magyar K\u00f6z\u00fat online szolg\u00e1ltat\u00e1sai\",\"datePublished\":\"2023-06-08T07:21:35+00:00\",\"dateModified\":\"2023-06-08T07:22:23+00:00\",\"mainEntityOfPage\":{\"@id\":\"https:\\\/\\\/dorogimedence.hu\\\/index.php\\\/2023\\\/06\\\/08\\\/szombat-deltol-vasarnap-delig-atmenetileg-szunetelnek-a-magyar-kozut-online-szolgaltatasai\\\/\"},\"wordCount\":416,\"publisher\":{\"@id\":\"https:\\\/\\\/dorogimedence.hu\\\/#organization\"},\"image\":{\"@id\":\"https:\\\/\\\/dorogimedence.hu\\\/index.php\\\/2023\\\/06\\\/08\\\/szombat-deltol-vasarnap-delig-atmenetileg-szunetelnek-a-magyar-kozut-online-szolgaltatasai\\\/#primaryimage\"},\"thumbnailUrl\":\"https:\\\/\\\/dorogimedence.hu\\\/wp-content\\\/uploads\\\/2023\\\/06\\\/magyar-kozut.jpg\",\"keywords\":[\"karbantart\u00e1s\",\"Magyar K\u00f6z\u00fat\"],\"articleSection\":[\"Belf\u00f6ld, Gazdas\u00e1g\",\"H\u00edrek\"],\"inLanguage\":\"hu\"},{\"@type\":\"WebPage\",\"@id\":\"https:\\\/\\\/dorogimedence.hu\\\/index.php\\\/2023\\\/06\\\/08\\\/szombat-deltol-vasarnap-delig-atmenetileg-szunetelnek-a-magyar-kozut-online-szolgaltatasai\\\/\",\"url\":\"https:\\\/\\\/dorogimedence.hu\\\/index.php\\\/2023\\\/06\\\/08\\\/szombat-deltol-vasarnap-delig-atmenetileg-szunetelnek-a-magyar-kozut-online-szolgaltatasai\\\/\",\"name\":\"Szombat d\u00e9lt\u0151l vas\u00e1rnap d\u00e9lig \u00e1tmenetileg sz\u00fcnetelnek a Magyar K\u00f6z\u00fat online szolg\u00e1ltat\u00e1sai\",\"isPartOf\":{\"@id\":\"https:\\\/\\\/dorogimedence.hu\\\/#website\"},\"primaryImageOfPage\":{\"@id\":\"https:\\\/\\\/dorogimedence.hu\\\/index.php\\\/2023\\\/06\\\/08\\\/szombat-deltol-vasarnap-delig-atmenetileg-szunetelnek-a-magyar-kozut-online-szolgaltatasai\\\/#primaryimage\"},\"image\":{\"@id\":\"https:\\\/\\\/dorogimedence.hu\\\/index.php\\\/2023\\\/06\\\/08\\\/szombat-deltol-vasarnap-delig-atmenetileg-szunetelnek-a-magyar-kozut-online-szolgaltatasai\\\/#primaryimage\"},\"thumbnailUrl\":\"https:\\\/\\\/dorogimedence.hu\\\/wp-content\\\/uploads\\\/2023\\\/06\\\/magyar-kozut.jpg\",\"datePublished\":\"2023-06-08T07:21:35+00:00\",\"dateModified\":\"2023-06-08T07:22:23+00:00\",\"breadcrumb\":{\"@id\":\"https:\\\/\\\/dorogimedence.hu\\\/index.php\\\/2023\\\/06\\\/08\\\/szombat-deltol-vasarnap-delig-atmenetileg-szunetelnek-a-magyar-kozut-online-szolgaltatasai\\\/#breadcrumb\"},\"inLanguage\":\"hu\",\"potentialAction\":[{\"@type\":\"ReadAction\",\"target\":[\"https:\\\/\\\/dorogimedence.hu\\\/index.php\\\/2023\\\/06\\\/08\\\/szombat-deltol-vasarnap-delig-atmenetileg-szunetelnek-a-magyar-kozut-online-szolgaltatasai\\\/\"]}]},{\"@type\":\"ImageObject\",\"inLanguage\":\"hu\",\"@id\":\"https:\\\/\\\/dorogimedence.hu\\\/index.php\\\/2023\\\/06\\\/08\\\/szombat-deltol-vasarnap-delig-atmenetileg-szunetelnek-a-magyar-kozut-online-szolgaltatasai\\\/#primaryimage\",\"url\":\"https:\\\/\\\/dorogimedence.hu\\\/wp-content\\\/uploads\\\/2023\\\/06\\\/magyar-kozut.jpg\",\"contentUrl\":\"https:\\\/\\\/dorogimedence.hu\\\/wp-content\\\/uploads\\\/2023\\\/06\\\/magyar-kozut.jpg\",\"width\":1920,\"height\":970},{\"@type\":\"BreadcrumbList\",\"@id\":\"https:\\\/\\\/dorogimedence.hu\\\/index.php\\\/2023\\\/06\\\/08\\\/szombat-deltol-vasarnap-delig-atmenetileg-szunetelnek-a-magyar-kozut-online-szolgaltatasai\\\/#breadcrumb\",\"itemListElement\":[{\"@type\":\"ListItem\",\"position\":1,\"name\":\"Kezd\u0151lap\",\"item\":\"https:\\\/\\\/dorogimedence.hu\\\/\"},{\"@type\":\"ListItem\",\"position\":2,\"name\":\"Szombat d\u00e9lt\u0151l vas\u00e1rnap d\u00e9lig \u00e1tmenetileg sz\u00fcnetelnek a Magyar K\u00f6z\u00fat online szolg\u00e1ltat\u00e1sai\"}]},{\"@type\":\"WebSite\",\"@id\":\"https:\\\/\\\/dorogimedence.hu\\\/#website\",\"url\":\"https:\\\/\\\/dorogimedence.hu\\\/\",\"name\":\"Dorogi-medence Region\u00e1lis H\u00edrport\u00e1l\",\"description\":\"Dorog, Keszt\u00f6lc, Le\u00e1nyv\u00e1r, Piliscs\u00e9v, Tokod, Tokodalt\u00e1r\u00f3, Csolnok, Esztergom-kertv\u00e1ros: h\u00edrek, programok\",\"publisher\":{\"@id\":\"https:\\\/\\\/dorogimedence.hu\\\/#organization\"},\"potentialAction\":[{\"@type\":\"SearchAction\",\"target\":{\"@type\":\"EntryPoint\",\"urlTemplate\":\"https:\\\/\\\/dorogimedence.hu\\\/?s={search_term_string}\"},\"query-input\":{\"@type\":\"PropertyValueSpecification\",\"valueRequired\":true,\"valueName\":\"search_term_string\"}}],\"inLanguage\":\"hu\"},{\"@type\":\"Organization\",\"@id\":\"https:\\\/\\\/dorogimedence.hu\\\/#organization\",\"name\":\"Dorogi-medence Region\u00e1lis H\u00edrport\u00e1l\",\"url\":\"https:\\\/\\\/dorogimedence.hu\\\/\",\"logo\":{\"@type\":\"ImageObject\",\"inLanguage\":\"hu\",\"@id\":\"https:\\\/\\\/dorogimedence.hu\\\/#\\\/schema\\\/logo\\\/image\\\/\",\"url\":\"https:\\\/\\\/dorogimedence.hu\\\/wp-content\\\/uploads\\\/2021\\\/04\\\/logo-feher-600.png\",\"contentUrl\":\"https:\\\/\\\/dorogimedence.hu\\\/wp-content\\\/uploads\\\/2021\\\/04\\\/logo-feher-600.png\",\"width\":600,\"height\":100,\"caption\":\"Dorogi-medence Region\u00e1lis H\u00edrport\u00e1l\"},\"image\":{\"@id\":\"https:\\\/\\\/dorogimedence.hu\\\/#\\\/schema\\\/logo\\\/image\\\/\"},\"sameAs\":[\"https:\\\/\\\/www.facebook.com\\\/dorogimedence\\\/\"]},{\"@type\":\"Person\",\"@id\":\"https:\\\/\\\/dorogimedence.hu\\\/#\\\/schema\\\/person\\\/ce6091eeb7e95ecdc87890d6aa8e0fd4\",\"name\":\"dorogimedence.hu\",\"image\":{\"@type\":\"ImageObject\",\"inLanguage\":\"hu\",\"@id\":\"\\\/\\\/www.gravatar.com\\\/avatar\\\/d8d45f8901aadff40a4af72c0b826f1d?s=96&#038;r=g&#038;d=mm\",\"url\":\"\\\/\\\/www.gravatar.com\\\/avatar\\\/d8d45f8901aadff40a4af72c0b826f1d?s=96&#038;r=g&#038;d=mm\",\"contentUrl\":\"\\\/\\\/www.gravatar.com\\\/avatar\\\/d8d45f8901aadff40a4af72c0b826f1d?s=96&#038;r=g&#038;d=mm\",\"caption\":\"dorogimedence.hu\"}}]}<\/script>\n<!-- \/ Yoast SEO plugin. -->","yoast_head_json":{"title":"Szombat d\u00e9lt\u0151l vas\u00e1rnap d\u00e9lig \u00e1tmenetileg sz\u00fcnetelnek a Magyar K\u00f6z\u00fat online szolg\u00e1ltat\u00e1sai","robots":{"index":"index","follow":"follow","max-snippet":"max-snippet:-1","max-image-preview":"max-image-preview:large","max-video-preview":"max-video-preview:-1"},"canonical":"https:\/\/dorogimedence.hu\/index.php\/2023\/06\/08\/szombat-deltol-vasarnap-delig-atmenetileg-szunetelnek-a-magyar-kozut-online-szolgaltatasai\/","og_locale":"hu_HU","og_type":"article","og_title":"Szombat d\u00e9lt\u0151l vas\u00e1rnap d\u00e9lig \u00e1tmenetileg sz\u00fcnetelnek a Magyar K\u00f6z\u00fat online szolg\u00e1ltat\u00e1sai","og_description":"A Magyar K\u00f6z\u00fat Nonprofit Zrt. \u00e1tfog\u00f3 informatikai karbantart\u00e1st hajt v\u00e9gre, ez\u00e9rt \u00e1tmenetileg nem lesznek el\u00e9rhet\u0151ek a t\u00e1rsas\u00e1g online szolg\u00e1ltat\u00e1sai szombaton, 2023. j\u00fanius 10-\u00e9n 12 \u00f3r\u00e1t\u00f3l v\u00e1rhat\u00f3an vas\u00e1rnap, j\u00fanius 11-e 12 \u00f3r\u00e1ig. A karbantart\u00e1s ideje alatt sz\u00fcnetel t\u00f6bbek k\u00f6z\u00f6tt a www.utinform.hu weboldalon a korl\u00e1toz\u00e1sok, balesetek t\u00e9rk\u00e9pi megjelen\u00edt\u00e9se, a kamerak\u00e9pek \u00e9s a t\u00e1rsas\u00e1g weboldala, www.kozut.hu is. Aktu\u00e1lis","og_url":"https:\/\/dorogimedence.hu\/index.php\/2023\/06\/08\/szombat-deltol-vasarnap-delig-atmenetileg-szunetelnek-a-magyar-kozut-online-szolgaltatasai\/","og_site_name":"Dorogi-medence Region\u00e1lis H\u00edrport\u00e1l","article_publisher":"https:\/\/www.facebook.com\/dorogimedence\/","article_published_time":"2023-06-08T07:21:35+00:00","article_modified_time":"2023-06-08T07:22:23+00:00","og_image":[{"width":1920,"height":970,"url":"https:\/\/dorogimedence.hu\/wp-content\/uploads\/2023\/06\/magyar-kozut.jpg","type":"image\/jpeg"}],"author":"dorogimedence.hu","twitter_card":"summary_large_image","twitter_misc":{"Szerz\u0151:":"dorogimedence.hu","Becs\u00fclt olvas\u00e1si id\u0151":"2 perc"},"schema":{"@context":"https:\/\/schema.org","@graph":[{"@type":"Article","@id":"https:\/\/dorogimedence.hu\/index.php\/2023\/06\/08\/szombat-deltol-vasarnap-delig-atmenetileg-szunetelnek-a-magyar-kozut-online-szolgaltatasai\/#article","isPartOf":{"@id":"https:\/\/dorogimedence.hu\/index.php\/2023\/06\/08\/szombat-deltol-vasarnap-delig-atmenetileg-szunetelnek-a-magyar-kozut-online-szolgaltatasai\/"},"author":{"name":"dorogimedence.hu","@id":"https:\/\/dorogimedence.hu\/#\/schema\/person\/ce6091eeb7e95ecdc87890d6aa8e0fd4"},"headline":"Szombat d\u00e9lt\u0151l vas\u00e1rnap d\u00e9lig \u00e1tmenetileg sz\u00fcnetelnek a Magyar K\u00f6z\u00fat online szolg\u00e1ltat\u00e1sai","datePublished":"2023-06-08T07:21:35+00:00","dateModified":"2023-06-08T07:22:23+00:00","mainEntityOfPage":{"@id":"https:\/\/dorogimedence.hu\/index.php\/2023\/06\/08\/szombat-deltol-vasarnap-delig-atmenetileg-szunetelnek-a-magyar-kozut-online-szolgaltatasai\/"},"wordCount":416,"publisher":{"@id":"https:\/\/dorogimedence.hu\/#organization"},"image":{"@id":"https:\/\/dorogimedence.hu\/index.php\/2023\/06\/08\/szombat-deltol-vasarnap-delig-atmenetileg-szunetelnek-a-magyar-kozut-online-szolgaltatasai\/#primaryimage"},"thumbnailUrl":"https:\/\/dorogimedence.hu\/wp-content\/uploads\/2023\/06\/magyar-kozut.jpg","keywords":["karbantart\u00e1s","Magyar K\u00f6z\u00fat"],"articleSection":["Belf\u00f6ld, Gazdas\u00e1g","H\u00edrek"],"inLanguage":"hu"},{"@type":"WebPage","@id":"https:\/\/dorogimedence.hu\/index.php\/2023\/06\/08\/szombat-deltol-vasarnap-delig-atmenetileg-szunetelnek-a-magyar-kozut-online-szolgaltatasai\/","url":"https:\/\/dorogimedence.hu\/index.php\/2023\/06\/08\/szombat-deltol-vasarnap-delig-atmenetileg-szunetelnek-a-magyar-kozut-online-szolgaltatasai\/","name":"Szombat d\u00e9lt\u0151l vas\u00e1rnap d\u00e9lig \u00e1tmenetileg sz\u00fcnetelnek a Magyar K\u00f6z\u00fat online szolg\u00e1ltat\u00e1sai","isPartOf":{"@id":"https:\/\/dorogimedence.hu\/#website"},"primaryImageOfPage":{"@id":"https:\/\/dorogimedence.hu\/index.php\/2023\/06\/08\/szombat-deltol-vasarnap-delig-atmenetileg-szunetelnek-a-magyar-kozut-online-szolgaltatasai\/#primaryimage"},"image":{"@id":"https:\/\/dorogimedence.hu\/index.php\/2023\/06\/08\/szombat-deltol-vasarnap-delig-atmenetileg-szunetelnek-a-magyar-kozut-online-szolgaltatasai\/#primaryimage"},"thumbnailUrl":"https:\/\/dorogimedence.hu\/wp-content\/uploads\/2023\/06\/magyar-kozut.jpg","datePublished":"2023-06-08T07:21:35+00:00","dateModified":"2023-06-08T07:22:23+00:00","breadcrumb":{"@id":"https:\/\/dorogimedence.hu\/index.php\/2023\/06\/08\/szombat-deltol-vasarnap-delig-atmenetileg-szunetelnek-a-magyar-kozut-online-szolgaltatasai\/#breadcrumb"},"inLanguage":"hu","potentialAction":[{"@type":"ReadAction","target":["https:\/\/dorogimedence.hu\/index.php\/2023\/06\/08\/szombat-deltol-vasarnap-delig-atmenetileg-szunetelnek-a-magyar-kozut-online-szolgaltatasai\/"]}]},{"@type":"ImageObject","inLanguage":"hu","@id":"https:\/\/dorogimedence.hu\/index.php\/2023\/06\/08\/szombat-deltol-vasarnap-delig-atmenetileg-szunetelnek-a-magyar-kozut-online-szolgaltatasai\/#primaryimage","url":"https:\/\/dorogimedence.hu\/wp-content\/uploads\/2023\/06\/magyar-kozut.jpg","contentUrl":"https:\/\/dorogimedence.hu\/wp-content\/uploads\/2023\/06\/magyar-kozut.jpg","width":1920,"height":970},{"@type":"BreadcrumbList","@id":"https:\/\/dorogimedence.hu\/index.php\/2023\/06\/08\/szombat-deltol-vasarnap-delig-atmenetileg-szunetelnek-a-magyar-kozut-online-szolgaltatasai\/#breadcrumb","itemListElement":[{"@type":"ListItem","position":1,"name":"Kezd\u0151lap","item":"https:\/\/dorogimedence.hu\/"},{"@type":"ListItem","position":2,"name":"Szombat d\u00e9lt\u0151l vas\u00e1rnap d\u00e9lig \u00e1tmenetileg sz\u00fcnetelnek a Magyar K\u00f6z\u00fat online szolg\u00e1ltat\u00e1sai"}]},{"@type":"WebSite","@id":"https:\/\/dorogimedence.hu\/#website","url":"https:\/\/dorogimedence.hu\/","name":"Dorogi-medence Region\u00e1lis H\u00edrport\u00e1l","description":"Dorog, Keszt\u00f6lc, Le\u00e1nyv\u00e1r, Piliscs\u00e9v, Tokod, Tokodalt\u00e1r\u00f3, Csolnok, Esztergom-kertv\u00e1ros: h\u00edrek, programok","publisher":{"@id":"https:\/\/dorogimedence.hu\/#organization"},"potentialAction":[{"@type":"SearchAction","target":{"@type":"EntryPoint","urlTemplate":"https:\/\/dorogimedence.hu\/?s={search_term_string}"},"query-input":{"@type":"PropertyValueSpecification","valueRequired":true,"valueName":"search_term_string"}}],"inLanguage":"hu"},{"@type":"Organization","@id":"https:\/\/dorogimedence.hu\/#organization","name":"Dorogi-medence Region\u00e1lis H\u00edrport\u00e1l","url":"https:\/\/dorogimedence.hu\/","logo":{"@type":"ImageObject","inLanguage":"hu","@id":"https:\/\/dorogimedence.hu\/#\/schema\/logo\/image\/","url":"https:\/\/dorogimedence.hu\/wp-content\/uploads\/2021\/04\/logo-feher-600.png","contentUrl":"https:\/\/dorogimedence.hu\/wp-content\/uploads\/2021\/04\/logo-feher-600.png","width":600,"height":100,"caption":"Dorogi-medence Region\u00e1lis H\u00edrport\u00e1l"},"image":{"@id":"https:\/\/dorogimedence.hu\/#\/schema\/logo\/image\/"},"sameAs":["https:\/\/www.facebook.com\/dorogimedence\/"]},{"@type":"Person","@id":"https:\/\/dorogimedence.hu\/#\/schema\/person\/ce6091eeb7e95ecdc87890d6aa8e0fd4","name":"dorogimedence.hu","image":{"@type":"ImageObject","inLanguage":"hu","@id":"\/\/www.gravatar.com\/avatar\/d8d45f8901aadff40a4af72c0b826f1d?s=96&#038;r=g&#038;d=mm","url":"\/\/www.gravatar.com\/avatar\/d8d45f8901aadff40a4af72c0b826f1d?s=96&#038;r=g&#038;d=mm","contentUrl":"\/\/www.gravatar.com\/avatar\/d8d45f8901aadff40a4af72c0b826f1d?s=96&#038;r=g&#038;d=mm","caption":"dorogimedence.hu"}}]}},"_links":{"self":[{"href":"https:\/\/dorogimedence.hu\/index.php\/wp-json\/wp\/v2\/posts\/53908","targetHints":{"allow":["GET"]}}],"collection":[{"href":"https:\/\/dorogimedence.hu\/index.php\/wp-json\/wp\/v2\/posts"}],"about":[{"href":"https:\/\/dorogimedence.hu\/index.php\/wp-json\/wp\/v2\/types\/post"}],"author":[{"embeddable":true,"href":"https:\/\/dorogimedence.hu\/index.php\/wp-json\/wp\/v2\/users\/1"}],"replies":[{"embeddable":true,"href":"https:\/\/dorogimedence.hu\/index.php\/wp-json\/wp\/v2\/comments?post=53908"}],"version-history":[{"count":0,"href":"https:\/\/dorogimedence.hu\/index.php\/wp-json\/wp\/v2\/posts\/53908\/revisions"}],"wp:featuredmedia":[{"embeddable":true,"href":"https:\/\/dorogimedence.hu\/index.php\/wp-json\/wp\/v2\/media\/53909"}],"wp:attachment":[{"href":"https:\/\/dorogimedence.hu\/index.php\/wp-json\/wp\/v2\/media?parent=53908"}],"wp:term":[{"taxonomy":"category","embeddable":true,"href":"https:\/\/dorogimedence.hu\/index.php\/wp-json\/wp\/v2\/categories?post=53908"},{"taxonomy":"post_tag","embeddable":true,"href":"https:\/\/dorogimedence.hu\/index.php\/wp-json\/wp\/v2\/tags?post=53908"}],"curies":[{"name":"wp","href":"https:\/\/api.w.org\/{rel}","templated":true}]}}