{"id":53900,"date":"2023-05-20T16:03:04","date_gmt":"2023-05-20T14:03:04","guid":{"rendered":"https:\/\/dorogimedence.hu\/?p=53900"},"modified":"2023-06-07T16:05:52","modified_gmt":"2023-06-07T14:05:52","slug":"a-sotetitofuggonyok-elonyei-a-kellemes-legkor-es-a-funkcionalitas-kombinacioja","status":"publish","type":"post","link":"https:\/\/dorogimedence.hu\/index.php\/2023\/05\/20\/a-sotetitofuggonyok-elonyei-a-kellemes-legkor-es-a-funkcionalitas-kombinacioja\/","title":{"rendered":"A s\u00f6t\u00e9t\u00edt\u0151f\u00fcgg\u00f6ny\u00f6k el\u0151nyei: a kellemes l\u00e9gk\u00f6r \u00e9s a funkcionalit\u00e1s kombin\u00e1ci\u00f3ja"},"content":{"rendered":"<p><strong>A s\u00f6t\u00e9t\u00edt\u0151f\u00fcgg\u00f6ny\u00f6k a lakberendez\u00e9s egyik praktikus \u00e9s sokoldal\u00fa eleme, amely sz\u00e1mos el\u0151nnyel j\u00e1r. Ezek a st\u00edlusos \u00e9s funkcionalit\u00e1st k\u00edn\u00e1l\u00f3 ablakkezel\u00e9sek nemcsak a f\u00e9nyt \u00e9s a h\u0151t szab\u00e1lyozz\u00e1k, hanem biztos\u00edtj\u00e1k az intimit\u00e1st \u00e9s a hangszigetel\u00e9st is. A s\u00f6t\u00e9t\u00edt\u0151f\u00fcgg\u00f6ny\u00f6k seg\u00edts\u00e9g\u00e9vel k\u00f6nnyed\u00e9n teremthet\u00fcnk kellemes l\u00e9gk\u00f6rt a szob\u00e1kban, lehet\u0151v\u00e9 t\u00e9ve a pihen\u00e9st, a munk\u00e1t vagy a zavartalan alv\u00e1st.<\/strong><\/p>\n<p>Al\u00e1bb \u00f6sszegy\u0171jt\u00f6tt\u00fck a s\u00f6t\u00e9t\u00edt\u0151f\u00fcgg\u00f6ny\u00f6k legf\u0151bb el\u0151nyeit, hogy seg\u00edtsen meg\u00e9rteni, mi\u00e9rt \u00e9rdemes fontol\u00f3ra venni ezt a lehet\u0151s\u00e9get az \u00e1ltal\u00e1nos <a href=\"https:\/\/www.nobilacasa.hu\/fuggoenyoek-es-soetetitok\/soetetitok-es-keszfuggoenyoek\/soetetito-keszfuggoenyoek\" target=\"_blank\" rel=\"noopener\"><span style=\"text-decoration: underline; color: #0000ff;\">k\u00e9szf\u00fcgg\u00f6ny\u00f6k<\/span><\/a> mellett. Olvass tov\u00e1bb, \u00e9s fedezd fel, hogyan tehetik m\u00e9g kellemesebb\u00e9 \u00e9s praktikusabb\u00e1 otthonodat ezek a sokoldal\u00fa f\u00fcgg\u00f6ny\u00f6k.<\/p>\n<h4><b>Nev\u00e9b\u0151l ad\u00f3d\u00f3an, s\u00f6t\u00e9t\u00edt<\/b><\/h4>\n<p>A <a href=\"https:\/\/www.nobilacasa.hu\/fuggoenyoek-es-soetetitok\/soetetitok-es-keszfuggoenyoek\/soetetito-keszfuggoenyoek\" target=\"_blank\" rel=\"noopener\"><span style=\"text-decoration: underline;\"><span style=\"color: #0000ff; text-decoration: underline;\">megfelel\u0151 s\u00f6t\u00e9t\u00edt\u0151f\u00fcgg\u00f6ny\u00f6k<\/span><\/span><\/a> hat\u00e9konyan blokkolj\u00e1k a k\u00fcls\u0151 f\u00e9ny behatol\u00e1s\u00e1t a helyis\u00e9gbe. Ez k\u00fcl\u00f6n\u00f6sen hasznos lehet akkor, ha valaki pihenni vagy aludni szeretne, mert a s\u00f6t\u00e9t\u00edt\u0151f\u00fcgg\u00f6ny\u00f6k minimaliz\u00e1lj\u00e1k a napf\u00e9ny bejut\u00e1s\u00e1t a szob\u00e1ba. Emellett a f\u00e9ny\u00e1tereszt\u00e9st szab\u00e1lyozhatjuk, \u00edgy lehet\u0151s\u00e9g\u00fcnk van r\u00e9szlegesen vagy teljesen elz\u00e1rni a f\u00e9nyt a szem\u00e9lyes preferenci\u00e1inknak megfelel\u0151en.<\/p>\n<h4><b>H\u0151szigetel is <\/b><\/h4>\n<p>A s\u00f6t\u00e9t\u00edt\u0151f\u00fcgg\u00f6ny\u00f6k nem csak a f\u00e9nyt, hanem a h\u0151t is hat\u00e9konyan kisz\u0171rik. A speci\u00e1lis anyagb\u00f3l k\u00e9sz\u00fclt s\u00f6t\u00e9t\u00edt\u0151f\u00fcgg\u00f6ny\u00f6k megakad\u00e1lyozz\u00e1k a h\u0151 \u00e1raml\u00e1s\u00e1t a helyis\u00e9gbe, \u00edgy ny\u00e1ron h\u0171v\u00f6sebb, t\u00e9len pedig melegebb maradhat a lak\u00e1s. Ez energiatakar\u00e9kos megold\u00e1snak tekinthet\u0151, mivel cs\u00f6kkenti a f\u0171t\u00e9si \u00e9s h\u0171t\u00e9si k\u00f6lts\u00e9geket.<\/p>\n<h4><b>Hangszigetel\u00e9sre is haszn\u00e1lhat\u00f3<\/b><\/h4>\n<p>A s\u00f6t\u00e9t\u00edt\u0151f\u00fcgg\u00f6ny\u00f6k nemcsak a f\u00e9nyt \u00e9s a h\u0151t sz\u0171rik, hanem a hangokat is. Az anyag vastags\u00e1ga \u00e9s s\u0171r\u0171s\u00e9ge cs\u00f6kkenti a k\u00fcls\u0151 zajok behatol\u00e1s\u00e1t a helyis\u00e9gbe, \u00edgy a szob\u00e1ban nyugodtabb \u00e9s csendesebb l\u00e9gk\u00f6r alakulhat ki. Ez k\u00fcl\u00f6n\u00f6sen el\u0151ny\u00f6s lehet olyan helyeken, ahol zajos k\u00f6zleked\u00e9s vagy zajforr\u00e1sok vannak a k\u00f6zelben.<\/p>\n<h4><b>Intimit\u00e1st ny\u00fajt <\/b><\/h4>\n<p>A s\u00f6t\u00e9t\u00edt\u0151f\u00fcgg\u00f6ny\u00f6k lehet\u0151v\u00e9 teszik, hogy teljes m\u00e9rt\u00e9kben elz\u00e1rjuk a szob\u00e1t a k\u00fclvil\u00e1gt\u00f3l, \u00edgy n\u00f6velve az intimit\u00e1st \u00e9s a mag\u00e1n\u00e9let v\u00e9delm\u00e9t. Nem csak a k\u00fcls\u0151 emberek sz\u00e1m\u00e1ra ny\u00fajtanak takar\u00e1st, hanem a lak\u00e1s belsej\u00e9t is elrejtik a k\u00edv\u00e1ncsi szemek el\u0151l.<\/p>\n<p>A s\u00f6t\u00e9t\u00edt\u0151f\u00fcgg\u00f6ny\u00f6k nemcsak hasznosak, hanem eszt\u00e9tikailag is vonz\u00f3ak lehetnek. A k\u00fcl\u00f6nf\u00e9le sz\u00ednek, mint\u00e1k \u00e9s anyagok sz\u00e9les v\u00e1laszt\u00e9ka k\u00f6z\u00fcl v\u00e1laszthatunk a k\u00fcl\u00f6nb\u00f6z\u0151 <span style=\"text-decoration: underline; color: #0000ff;\"><a style=\"color: #0000ff; text-decoration: underline;\" href=\"https:\/\/www.nobilacasa.hu\/\" target=\"_blank\" rel=\"noopener\">lak\u00e1sdekor\u00e1ci\u00f3s boltokban<\/a><\/span>, \u00edgy lehet\u0151s\u00e9g\u00fcnk van a szob\u00e1k st\u00edlus\u00e1hoz \u00e9s dekor\u00e1ci\u00f3j\u00e1hoz igaz\u00edtani \u0151ket. A megfelel\u0151 s\u00f6t\u00e9t\u00edt\u0151f\u00fcgg\u00f6 ide\u00e1lis v\u00e1laszt\u00e1s lehet minden otthon vagy iroda sz\u00e1m\u00e1ra.<\/p>\n","protected":false},"excerpt":{"rendered":"<p>A s\u00f6t\u00e9t\u00edt\u0151f\u00fcgg\u00f6ny\u00f6k a lakberendez\u00e9s egyik praktikus \u00e9s sokoldal\u00fa eleme, amely sz\u00e1mos el\u0151nnyel j\u00e1r. Ezek a st\u00edlusos \u00e9s funkcionalit\u00e1st k\u00edn\u00e1l\u00f3 ablakkezel\u00e9sek nemcsak a f\u00e9nyt \u00e9s a h\u0151t szab\u00e1lyozz\u00e1k, hanem biztos\u00edtj\u00e1k az intimit\u00e1st \u00e9s a hangszigetel\u00e9st is. A s\u00f6t\u00e9t\u00edt\u0151f\u00fcgg\u00f6ny\u00f6k seg\u00edts\u00e9g\u00e9vel k\u00f6nnyed\u00e9n teremthet\u00fcnk kellemes l\u00e9gk\u00f6rt a szob\u00e1kban, lehet\u0151v\u00e9 t\u00e9ve a pihen\u00e9st, a munk\u00e1t vagy a zavartalan alv\u00e1st. Al\u00e1bb<\/p>\n","protected":false},"author":1,"featured_media":0,"comment_status":"closed","ping_status":"closed","sticky":false,"template":"","format":"standard","meta":{"ngg_post_thumbnail":0,"footnotes":""},"categories":[3],"tags":[7278,4302,7279,7280],"class_list":{"0":"post-53900","1":"post","2":"type-post","3":"status-publish","4":"format-standard","6":"category-hirek","7":"tag-fuggony","8":"tag-lakberendezes","9":"tag-sotetito","10":"tag-sotetitofuggony"},"yoast_head":"<!-- This site is optimized with the Yoast SEO plugin v27.4 - https:\/\/yoast.com\/product\/yoast-seo-wordpress\/ -->\n<title>A s\u00f6t\u00e9t\u00edt\u0151f\u00fcgg\u00f6ny\u00f6k el\u0151nyei: a kellemes l\u00e9gk\u00f6r \u00e9s a funkcionalit\u00e1s kombin\u00e1ci\u00f3ja<\/title>\n<meta name=\"robots\" content=\"index, follow, max-snippet:-1, max-image-preview:large, max-video-preview:-1\" \/>\n<link rel=\"canonical\" href=\"https:\/\/dorogimedence.hu\/index.php\/2023\/05\/20\/a-sotetitofuggonyok-elonyei-a-kellemes-legkor-es-a-funkcionalitas-kombinacioja\/\" class=\"yoast-seo-meta-tag\" \/>\n<meta property=\"og:locale\" content=\"hu_HU\" class=\"yoast-seo-meta-tag\" \/>\n<meta property=\"og:type\" content=\"article\" class=\"yoast-seo-meta-tag\" \/>\n<meta property=\"og:title\" content=\"A s\u00f6t\u00e9t\u00edt\u0151f\u00fcgg\u00f6ny\u00f6k el\u0151nyei: a kellemes l\u00e9gk\u00f6r \u00e9s a funkcionalit\u00e1s kombin\u00e1ci\u00f3ja\" class=\"yoast-seo-meta-tag\" \/>\n<meta property=\"og:description\" content=\"A s\u00f6t\u00e9t\u00edt\u0151f\u00fcgg\u00f6ny\u00f6k a lakberendez\u00e9s egyik praktikus \u00e9s sokoldal\u00fa eleme, amely sz\u00e1mos el\u0151nnyel j\u00e1r. Ezek a st\u00edlusos \u00e9s funkcionalit\u00e1st k\u00edn\u00e1l\u00f3 ablakkezel\u00e9sek nemcsak a f\u00e9nyt \u00e9s a h\u0151t szab\u00e1lyozz\u00e1k, hanem biztos\u00edtj\u00e1k az intimit\u00e1st \u00e9s a hangszigetel\u00e9st is. A s\u00f6t\u00e9t\u00edt\u0151f\u00fcgg\u00f6ny\u00f6k seg\u00edts\u00e9g\u00e9vel k\u00f6nnyed\u00e9n teremthet\u00fcnk kellemes l\u00e9gk\u00f6rt a szob\u00e1kban, lehet\u0151v\u00e9 t\u00e9ve a pihen\u00e9st, a munk\u00e1t vagy a zavartalan alv\u00e1st. Al\u00e1bb\" class=\"yoast-seo-meta-tag\" \/>\n<meta property=\"og:url\" content=\"https:\/\/dorogimedence.hu\/index.php\/2023\/05\/20\/a-sotetitofuggonyok-elonyei-a-kellemes-legkor-es-a-funkcionalitas-kombinacioja\/\" class=\"yoast-seo-meta-tag\" \/>\n<meta property=\"og:site_name\" content=\"Dorogi-medence Region\u00e1lis H\u00edrport\u00e1l\" class=\"yoast-seo-meta-tag\" \/>\n<meta property=\"article:publisher\" content=\"https:\/\/www.facebook.com\/dorogimedence\/\" class=\"yoast-seo-meta-tag\" \/>\n<meta property=\"article:published_time\" content=\"2023-05-20T14:03:04+00:00\" class=\"yoast-seo-meta-tag\" \/>\n<meta property=\"article:modified_time\" content=\"2023-06-07T14:05:52+00:00\" class=\"yoast-seo-meta-tag\" \/>\n<meta property=\"og:image\" content=\"https:\/\/dorogimedence.hu\/wp-content\/uploads\/2023\/06\/fuggonyok-nobilacasa.jpg\" class=\"yoast-seo-meta-tag\" \/>\n\t<meta property=\"og:image:width\" content=\"1174\" class=\"yoast-seo-meta-tag\" \/>\n\t<meta property=\"og:image:height\" content=\"581\" class=\"yoast-seo-meta-tag\" \/>\n\t<meta property=\"og:image:type\" content=\"image\/jpeg\" class=\"yoast-seo-meta-tag\" \/>\n<meta name=\"author\" content=\"dorogimedence.hu\" class=\"yoast-seo-meta-tag\" \/>\n<meta name=\"twitter:card\" content=\"summary_large_image\" class=\"yoast-seo-meta-tag\" \/>\n<meta name=\"twitter:label1\" content=\"Szerz\u0151:\" class=\"yoast-seo-meta-tag\" \/>\n\t<meta name=\"twitter:data1\" content=\"dorogimedence.hu\" class=\"yoast-seo-meta-tag\" \/>\n\t<meta name=\"twitter:label2\" content=\"Becs\u00fclt olvas\u00e1si id\u0151\" class=\"yoast-seo-meta-tag\" \/>\n\t<meta name=\"twitter:data2\" content=\"3 perc\" class=\"yoast-seo-meta-tag\" \/>\n<script type=\"application\/ld+json\" class=\"yoast-schema-graph\">{\"@context\":\"https:\\\/\\\/schema.org\",\"@graph\":[{\"@type\":\"Article\",\"@id\":\"https:\\\/\\\/dorogimedence.hu\\\/index.php\\\/2023\\\/05\\\/20\\\/a-sotetitofuggonyok-elonyei-a-kellemes-legkor-es-a-funkcionalitas-kombinacioja\\\/#article\",\"isPartOf\":{\"@id\":\"https:\\\/\\\/dorogimedence.hu\\\/index.php\\\/2023\\\/05\\\/20\\\/a-sotetitofuggonyok-elonyei-a-kellemes-legkor-es-a-funkcionalitas-kombinacioja\\\/\"},\"author\":{\"name\":\"dorogimedence.hu\",\"@id\":\"https:\\\/\\\/dorogimedence.hu\\\/#\\\/schema\\\/person\\\/ce6091eeb7e95ecdc87890d6aa8e0fd4\"},\"headline\":\"A s\u00f6t\u00e9t\u00edt\u0151f\u00fcgg\u00f6ny\u00f6k el\u0151nyei: a kellemes l\u00e9gk\u00f6r \u00e9s a funkcionalit\u00e1s kombin\u00e1ci\u00f3ja\",\"datePublished\":\"2023-05-20T14:03:04+00:00\",\"dateModified\":\"2023-06-07T14:05:52+00:00\",\"mainEntityOfPage\":{\"@id\":\"https:\\\/\\\/dorogimedence.hu\\\/index.php\\\/2023\\\/05\\\/20\\\/a-sotetitofuggonyok-elonyei-a-kellemes-legkor-es-a-funkcionalitas-kombinacioja\\\/\"},\"wordCount\":622,\"publisher\":{\"@id\":\"https:\\\/\\\/dorogimedence.hu\\\/#organization\"},\"keywords\":[\"f\u00fcgg\u00f6ny\",\"lakberendez\u00e9s\",\"s\u00f6t\u00e9t\u00edt\u0151\",\"s\u00f6t\u00e9t\u00edt\u0151f\u00fcgg\u00f6ny\"],\"articleSection\":[\"H\u00edrek\"],\"inLanguage\":\"hu\"},{\"@type\":\"WebPage\",\"@id\":\"https:\\\/\\\/dorogimedence.hu\\\/index.php\\\/2023\\\/05\\\/20\\\/a-sotetitofuggonyok-elonyei-a-kellemes-legkor-es-a-funkcionalitas-kombinacioja\\\/\",\"url\":\"https:\\\/\\\/dorogimedence.hu\\\/index.php\\\/2023\\\/05\\\/20\\\/a-sotetitofuggonyok-elonyei-a-kellemes-legkor-es-a-funkcionalitas-kombinacioja\\\/\",\"name\":\"A s\u00f6t\u00e9t\u00edt\u0151f\u00fcgg\u00f6ny\u00f6k el\u0151nyei: a kellemes l\u00e9gk\u00f6r \u00e9s a funkcionalit\u00e1s kombin\u00e1ci\u00f3ja\",\"isPartOf\":{\"@id\":\"https:\\\/\\\/dorogimedence.hu\\\/#website\"},\"datePublished\":\"2023-05-20T14:03:04+00:00\",\"dateModified\":\"2023-06-07T14:05:52+00:00\",\"breadcrumb\":{\"@id\":\"https:\\\/\\\/dorogimedence.hu\\\/index.php\\\/2023\\\/05\\\/20\\\/a-sotetitofuggonyok-elonyei-a-kellemes-legkor-es-a-funkcionalitas-kombinacioja\\\/#breadcrumb\"},\"inLanguage\":\"hu\",\"potentialAction\":[{\"@type\":\"ReadAction\",\"target\":[\"https:\\\/\\\/dorogimedence.hu\\\/index.php\\\/2023\\\/05\\\/20\\\/a-sotetitofuggonyok-elonyei-a-kellemes-legkor-es-a-funkcionalitas-kombinacioja\\\/\"]}]},{\"@type\":\"BreadcrumbList\",\"@id\":\"https:\\\/\\\/dorogimedence.hu\\\/index.php\\\/2023\\\/05\\\/20\\\/a-sotetitofuggonyok-elonyei-a-kellemes-legkor-es-a-funkcionalitas-kombinacioja\\\/#breadcrumb\",\"itemListElement\":[{\"@type\":\"ListItem\",\"position\":1,\"name\":\"Kezd\u0151lap\",\"item\":\"https:\\\/\\\/dorogimedence.hu\\\/\"},{\"@type\":\"ListItem\",\"position\":2,\"name\":\"A s\u00f6t\u00e9t\u00edt\u0151f\u00fcgg\u00f6ny\u00f6k el\u0151nyei: a kellemes l\u00e9gk\u00f6r \u00e9s a funkcionalit\u00e1s kombin\u00e1ci\u00f3ja\"}]},{\"@type\":\"WebSite\",\"@id\":\"https:\\\/\\\/dorogimedence.hu\\\/#website\",\"url\":\"https:\\\/\\\/dorogimedence.hu\\\/\",\"name\":\"Dorogi-medence Region\u00e1lis H\u00edrport\u00e1l\",\"description\":\"Dorog, Keszt\u00f6lc, Le\u00e1nyv\u00e1r, Piliscs\u00e9v, Tokod, Tokodalt\u00e1r\u00f3, Csolnok, Esztergom-kertv\u00e1ros: h\u00edrek, programok\",\"publisher\":{\"@id\":\"https:\\\/\\\/dorogimedence.hu\\\/#organization\"},\"potentialAction\":[{\"@type\":\"SearchAction\",\"target\":{\"@type\":\"EntryPoint\",\"urlTemplate\":\"https:\\\/\\\/dorogimedence.hu\\\/?s={search_term_string}\"},\"query-input\":{\"@type\":\"PropertyValueSpecification\",\"valueRequired\":true,\"valueName\":\"search_term_string\"}}],\"inLanguage\":\"hu\"},{\"@type\":\"Organization\",\"@id\":\"https:\\\/\\\/dorogimedence.hu\\\/#organization\",\"name\":\"Dorogi-medence Region\u00e1lis H\u00edrport\u00e1l\",\"url\":\"https:\\\/\\\/dorogimedence.hu\\\/\",\"logo\":{\"@type\":\"ImageObject\",\"inLanguage\":\"hu\",\"@id\":\"https:\\\/\\\/dorogimedence.hu\\\/#\\\/schema\\\/logo\\\/image\\\/\",\"url\":\"https:\\\/\\\/dorogimedence.hu\\\/wp-content\\\/uploads\\\/2021\\\/04\\\/logo-feher-600.png\",\"contentUrl\":\"https:\\\/\\\/dorogimedence.hu\\\/wp-content\\\/uploads\\\/2021\\\/04\\\/logo-feher-600.png\",\"width\":600,\"height\":100,\"caption\":\"Dorogi-medence Region\u00e1lis H\u00edrport\u00e1l\"},\"image\":{\"@id\":\"https:\\\/\\\/dorogimedence.hu\\\/#\\\/schema\\\/logo\\\/image\\\/\"},\"sameAs\":[\"https:\\\/\\\/www.facebook.com\\\/dorogimedence\\\/\"]},{\"@type\":\"Person\",\"@id\":\"https:\\\/\\\/dorogimedence.hu\\\/#\\\/schema\\\/person\\\/ce6091eeb7e95ecdc87890d6aa8e0fd4\",\"name\":\"dorogimedence.hu\",\"image\":{\"@type\":\"ImageObject\",\"inLanguage\":\"hu\",\"@id\":\"\\\/\\\/www.gravatar.com\\\/avatar\\\/d8d45f8901aadff40a4af72c0b826f1d?s=96&#038;r=g&#038;d=mm\",\"url\":\"\\\/\\\/www.gravatar.com\\\/avatar\\\/d8d45f8901aadff40a4af72c0b826f1d?s=96&#038;r=g&#038;d=mm\",\"contentUrl\":\"\\\/\\\/www.gravatar.com\\\/avatar\\\/d8d45f8901aadff40a4af72c0b826f1d?s=96&#038;r=g&#038;d=mm\",\"caption\":\"dorogimedence.hu\"}}]}<\/script>\n<!-- \/ Yoast SEO plugin. -->","yoast_head_json":{"title":"A s\u00f6t\u00e9t\u00edt\u0151f\u00fcgg\u00f6ny\u00f6k el\u0151nyei: a kellemes l\u00e9gk\u00f6r \u00e9s a funkcionalit\u00e1s kombin\u00e1ci\u00f3ja","robots":{"index":"index","follow":"follow","max-snippet":"max-snippet:-1","max-image-preview":"max-image-preview:large","max-video-preview":"max-video-preview:-1"},"canonical":"https:\/\/dorogimedence.hu\/index.php\/2023\/05\/20\/a-sotetitofuggonyok-elonyei-a-kellemes-legkor-es-a-funkcionalitas-kombinacioja\/","og_locale":"hu_HU","og_type":"article","og_title":"A s\u00f6t\u00e9t\u00edt\u0151f\u00fcgg\u00f6ny\u00f6k el\u0151nyei: a kellemes l\u00e9gk\u00f6r \u00e9s a funkcionalit\u00e1s kombin\u00e1ci\u00f3ja","og_description":"A s\u00f6t\u00e9t\u00edt\u0151f\u00fcgg\u00f6ny\u00f6k a lakberendez\u00e9s egyik praktikus \u00e9s sokoldal\u00fa eleme, amely sz\u00e1mos el\u0151nnyel j\u00e1r. Ezek a st\u00edlusos \u00e9s funkcionalit\u00e1st k\u00edn\u00e1l\u00f3 ablakkezel\u00e9sek nemcsak a f\u00e9nyt \u00e9s a h\u0151t szab\u00e1lyozz\u00e1k, hanem biztos\u00edtj\u00e1k az intimit\u00e1st \u00e9s a hangszigetel\u00e9st is. A s\u00f6t\u00e9t\u00edt\u0151f\u00fcgg\u00f6ny\u00f6k seg\u00edts\u00e9g\u00e9vel k\u00f6nnyed\u00e9n teremthet\u00fcnk kellemes l\u00e9gk\u00f6rt a szob\u00e1kban, lehet\u0151v\u00e9 t\u00e9ve a pihen\u00e9st, a munk\u00e1t vagy a zavartalan alv\u00e1st. Al\u00e1bb","og_url":"https:\/\/dorogimedence.hu\/index.php\/2023\/05\/20\/a-sotetitofuggonyok-elonyei-a-kellemes-legkor-es-a-funkcionalitas-kombinacioja\/","og_site_name":"Dorogi-medence Region\u00e1lis H\u00edrport\u00e1l","article_publisher":"https:\/\/www.facebook.com\/dorogimedence\/","article_published_time":"2023-05-20T14:03:04+00:00","article_modified_time":"2023-06-07T14:05:52+00:00","og_image":[{"width":1174,"height":581,"url":"https:\/\/dorogimedence.hu\/wp-content\/uploads\/2023\/06\/fuggonyok-nobilacasa.jpg","type":"image\/jpeg"}],"author":"dorogimedence.hu","twitter_card":"summary_large_image","twitter_misc":{"Szerz\u0151:":"dorogimedence.hu","Becs\u00fclt olvas\u00e1si id\u0151":"3 perc"},"schema":{"@context":"https:\/\/schema.org","@graph":[{"@type":"Article","@id":"https:\/\/dorogimedence.hu\/index.php\/2023\/05\/20\/a-sotetitofuggonyok-elonyei-a-kellemes-legkor-es-a-funkcionalitas-kombinacioja\/#article","isPartOf":{"@id":"https:\/\/dorogimedence.hu\/index.php\/2023\/05\/20\/a-sotetitofuggonyok-elonyei-a-kellemes-legkor-es-a-funkcionalitas-kombinacioja\/"},"author":{"name":"dorogimedence.hu","@id":"https:\/\/dorogimedence.hu\/#\/schema\/person\/ce6091eeb7e95ecdc87890d6aa8e0fd4"},"headline":"A s\u00f6t\u00e9t\u00edt\u0151f\u00fcgg\u00f6ny\u00f6k el\u0151nyei: a kellemes l\u00e9gk\u00f6r \u00e9s a funkcionalit\u00e1s kombin\u00e1ci\u00f3ja","datePublished":"2023-05-20T14:03:04+00:00","dateModified":"2023-06-07T14:05:52+00:00","mainEntityOfPage":{"@id":"https:\/\/dorogimedence.hu\/index.php\/2023\/05\/20\/a-sotetitofuggonyok-elonyei-a-kellemes-legkor-es-a-funkcionalitas-kombinacioja\/"},"wordCount":622,"publisher":{"@id":"https:\/\/dorogimedence.hu\/#organization"},"keywords":["f\u00fcgg\u00f6ny","lakberendez\u00e9s","s\u00f6t\u00e9t\u00edt\u0151","s\u00f6t\u00e9t\u00edt\u0151f\u00fcgg\u00f6ny"],"articleSection":["H\u00edrek"],"inLanguage":"hu"},{"@type":"WebPage","@id":"https:\/\/dorogimedence.hu\/index.php\/2023\/05\/20\/a-sotetitofuggonyok-elonyei-a-kellemes-legkor-es-a-funkcionalitas-kombinacioja\/","url":"https:\/\/dorogimedence.hu\/index.php\/2023\/05\/20\/a-sotetitofuggonyok-elonyei-a-kellemes-legkor-es-a-funkcionalitas-kombinacioja\/","name":"A s\u00f6t\u00e9t\u00edt\u0151f\u00fcgg\u00f6ny\u00f6k el\u0151nyei: a kellemes l\u00e9gk\u00f6r \u00e9s a funkcionalit\u00e1s kombin\u00e1ci\u00f3ja","isPartOf":{"@id":"https:\/\/dorogimedence.hu\/#website"},"datePublished":"2023-05-20T14:03:04+00:00","dateModified":"2023-06-07T14:05:52+00:00","breadcrumb":{"@id":"https:\/\/dorogimedence.hu\/index.php\/2023\/05\/20\/a-sotetitofuggonyok-elonyei-a-kellemes-legkor-es-a-funkcionalitas-kombinacioja\/#breadcrumb"},"inLanguage":"hu","potentialAction":[{"@type":"ReadAction","target":["https:\/\/dorogimedence.hu\/index.php\/2023\/05\/20\/a-sotetitofuggonyok-elonyei-a-kellemes-legkor-es-a-funkcionalitas-kombinacioja\/"]}]},{"@type":"BreadcrumbList","@id":"https:\/\/dorogimedence.hu\/index.php\/2023\/05\/20\/a-sotetitofuggonyok-elonyei-a-kellemes-legkor-es-a-funkcionalitas-kombinacioja\/#breadcrumb","itemListElement":[{"@type":"ListItem","position":1,"name":"Kezd\u0151lap","item":"https:\/\/dorogimedence.hu\/"},{"@type":"ListItem","position":2,"name":"A s\u00f6t\u00e9t\u00edt\u0151f\u00fcgg\u00f6ny\u00f6k el\u0151nyei: a kellemes l\u00e9gk\u00f6r \u00e9s a funkcionalit\u00e1s kombin\u00e1ci\u00f3ja"}]},{"@type":"WebSite","@id":"https:\/\/dorogimedence.hu\/#website","url":"https:\/\/dorogimedence.hu\/","name":"Dorogi-medence Region\u00e1lis H\u00edrport\u00e1l","description":"Dorog, Keszt\u00f6lc, Le\u00e1nyv\u00e1r, Piliscs\u00e9v, Tokod, Tokodalt\u00e1r\u00f3, Csolnok, Esztergom-kertv\u00e1ros: h\u00edrek, programok","publisher":{"@id":"https:\/\/dorogimedence.hu\/#organization"},"potentialAction":[{"@type":"SearchAction","target":{"@type":"EntryPoint","urlTemplate":"https:\/\/dorogimedence.hu\/?s={search_term_string}"},"query-input":{"@type":"PropertyValueSpecification","valueRequired":true,"valueName":"search_term_string"}}],"inLanguage":"hu"},{"@type":"Organization","@id":"https:\/\/dorogimedence.hu\/#organization","name":"Dorogi-medence Region\u00e1lis H\u00edrport\u00e1l","url":"https:\/\/dorogimedence.hu\/","logo":{"@type":"ImageObject","inLanguage":"hu","@id":"https:\/\/dorogimedence.hu\/#\/schema\/logo\/image\/","url":"https:\/\/dorogimedence.hu\/wp-content\/uploads\/2021\/04\/logo-feher-600.png","contentUrl":"https:\/\/dorogimedence.hu\/wp-content\/uploads\/2021\/04\/logo-feher-600.png","width":600,"height":100,"caption":"Dorogi-medence Region\u00e1lis H\u00edrport\u00e1l"},"image":{"@id":"https:\/\/dorogimedence.hu\/#\/schema\/logo\/image\/"},"sameAs":["https:\/\/www.facebook.com\/dorogimedence\/"]},{"@type":"Person","@id":"https:\/\/dorogimedence.hu\/#\/schema\/person\/ce6091eeb7e95ecdc87890d6aa8e0fd4","name":"dorogimedence.hu","image":{"@type":"ImageObject","inLanguage":"hu","@id":"\/\/www.gravatar.com\/avatar\/d8d45f8901aadff40a4af72c0b826f1d?s=96&#038;r=g&#038;d=mm","url":"\/\/www.gravatar.com\/avatar\/d8d45f8901aadff40a4af72c0b826f1d?s=96&#038;r=g&#038;d=mm","contentUrl":"\/\/www.gravatar.com\/avatar\/d8d45f8901aadff40a4af72c0b826f1d?s=96&#038;r=g&#038;d=mm","caption":"dorogimedence.hu"}}]}},"_links":{"self":[{"href":"https:\/\/dorogimedence.hu\/index.php\/wp-json\/wp\/v2\/posts\/53900","targetHints":{"allow":["GET"]}}],"collection":[{"href":"https:\/\/dorogimedence.hu\/index.php\/wp-json\/wp\/v2\/posts"}],"about":[{"href":"https:\/\/dorogimedence.hu\/index.php\/wp-json\/wp\/v2\/types\/post"}],"author":[{"embeddable":true,"href":"https:\/\/dorogimedence.hu\/index.php\/wp-json\/wp\/v2\/users\/1"}],"replies":[{"embeddable":true,"href":"https:\/\/dorogimedence.hu\/index.php\/wp-json\/wp\/v2\/comments?post=53900"}],"version-history":[{"count":0,"href":"https:\/\/dorogimedence.hu\/index.php\/wp-json\/wp\/v2\/posts\/53900\/revisions"}],"wp:attachment":[{"href":"https:\/\/dorogimedence.hu\/index.php\/wp-json\/wp\/v2\/media?parent=53900"}],"wp:term":[{"taxonomy":"category","embeddable":true,"href":"https:\/\/dorogimedence.hu\/index.php\/wp-json\/wp\/v2\/categories?post=53900"},{"taxonomy":"post_tag","embeddable":true,"href":"https:\/\/dorogimedence.hu\/index.php\/wp-json\/wp\/v2\/tags?post=53900"}],"curies":[{"name":"wp","href":"https:\/\/api.w.org\/{rel}","templated":true}]}}