{"id":53873,"date":"2023-06-07T06:50:11","date_gmt":"2023-06-07T04:50:11","guid":{"rendered":"https:\/\/dorogimedence.hu\/?p=53873"},"modified":"2023-06-07T06:50:11","modified_gmt":"2023-06-07T04:50:11","slug":"tobb-szaz-tulajdonost-huzhatott-csobe-az-esztergomi-ingatlankozvetito-ceg","status":"publish","type":"post","link":"https:\/\/dorogimedence.hu\/index.php\/2023\/06\/07\/tobb-szaz-tulajdonost-huzhatott-csobe-az-esztergomi-ingatlankozvetito-ceg\/","title":{"rendered":"T\u00f6bb sz\u00e1z tulajdonost h\u00fazhatott cs\u0151be az esztergomi ingatlank\u00f6zvet\u00edt\u0151 c\u00e9g"},"content":{"rendered":"<p><strong>A Kom\u00e1rom-Esztergom V\u00e1rmegyei F\u0151\u00fcgy\u00e9szs\u00e9g a fogyaszt\u00f3k jogainak v\u00e9delme \u00e9rdek\u00e9ben egy esztergomi sz\u00e9khely\u0171 ingatlank\u00f6zvet\u00edt\u00e9ssel foglalkoz\u00f3 gazdas\u00e1gi t\u00e1rsas\u00e1g \u00e1ltal\u00e1nos szerz\u0151d\u00e9si felt\u00e9teleit vizsg\u00e1lta meg. Az \u00fcgy\u00e9szs\u00e9g a Tatab\u00e1nyai T\u00f6rv\u00e9nysz\u00e9khez keresetlevelet ny\u00fajtott be a tisztess\u00e9gtelen felt\u00e9telek \u00e9rv\u00e9nytelens\u00e9g\u00e9nek meg\u00e1llap\u00edt\u00e1sa ir\u00e1nt.<\/strong><\/p>\n<p>Az ingatlank\u00f6zvet\u00edt\u0151 c\u00e9g az elm\u00falt k\u00e9t \u00e9vben, valamint foly\u00f3 \u00e9v sor\u00e1n t\u00f6bb, mint h\u00e1romsz\u00e1z szerz\u0151d\u00e9st k\u00f6t\u00f6tt az \u00fcgy\u00e9szs\u00e9g \u00e1ll\u00e1spontja szerint tisztess\u00e9gtelen kik\u00f6t\u00e9seket tartalmaz\u00f3 \u00e1ltal\u00e1nos szerz\u0151d\u00e9si felt\u00e9telek alapj\u00e1n.<\/p>\n<p>A keresetlev\u00e9lben az \u00fcgy\u00e9szs\u00e9g annak meg\u00e1llap\u00edt\u00e1s\u00e1t k\u00e9rte, hogy tisztess\u00e9gtelenek, \u00e9s \u00edgy \u00e9rv\u00e9nytelenek azok a kik\u00f6t\u00e9sek, amelyek az elad\u00f3 sz\u00e1m\u00e1ra meghat\u00e1rozz\u00e1k, hogy a vev\u0151vel k\u00f6tend\u0151, \u00e9s \u00edgy csak r\u00e1juk tartoz\u00f3 szerz\u0151d\u00e9sben milyen birtokbabad\u00e1si \u00e9s fizet\u00e9si felt\u00e9teleket k\u00f6teles alkalmazni. Tisztess\u00e9gtelen az \u00e1ltal\u00e1nos szerz\u0151d\u00e9si felt\u00e9telek azon kik\u00f6t\u00e9se is, amely el\u0151\u00edrja az ingatlank\u00f6zvet\u00edt\u00e9sre megb\u00edz\u00e1st ad\u00f3 tulajdonosnak azt, hogy csak az ingatlank\u00f6zvet\u00edt\u0151 r\u00e9szv\u00e9tel\u00e9vel t\u00e1rgyalhat \u00e9s egyeztethet a vev\u0151vel folytat.<\/p>\n<p>\u00c9rv\u00e9nytelenek azok a kik\u00f6t\u00e9sek, amelyek d\u00edjfizet\u00e9si k\u00f6telezetts\u00e9get keletkeztetnek azon esetekben is, amikor az elad\u00f3 a szerz\u0151d\u00e9ses aj\u00e1nlatot alapos okkal utas\u00edtja vissza, tov\u00e1bb\u00e1 tisztess\u00e9gtelen az ilyen esetekre k\u00f6tb\u00e9rfizet\u00e9si k\u00f6telezetts\u00e9get el\u0151\u00edr\u00e1sa is. Az \u00fcgy\u00e9szs\u00e9g szerint az \u00e1ltal\u00e1nos szerz\u0151d\u00e9si felt\u00e9telek nemcsak tisztess\u00e9gtelenek, hanem t\u00falzott m\u00e9rt\u00e9k\u0171 k\u00f6tb\u00e9r fizet\u00e9s\u00e9re is k\u00f6telezik az ingatlank\u00f6zvet\u00edt\u0151vel szerz\u0151d\u0151 fogyaszt\u00f3kat.<\/p>\n<p>Ugyan\u00edgy \u00e9rv\u00e9nytelenek azok a kik\u00f6t\u00e9sek, amelyek el\u0151re, a fogyaszt\u00f3 k\u00fcl\u00f6n hozz\u00e1j\u00e1rul\u00e1sa n\u00e9lk\u00fcl lehet\u0151v\u00e9 teszik azt, hogy meghat\u00e1rozott esetekben az az egy\u00e9bk\u00e9nt bizalmi jelleg\u0171 ingatlank\u00f6zvet\u00edt\u0151i szerz\u0151d\u00e9sbe az eredeti ingatlank\u00f6zvet\u00edt\u0151 helyett m\u00e1sik, a franchise-ba tartoz\u00f3 c\u00e9g l\u00e9pjen be.<\/p>\n<p>Az \u00fcgy\u00e9szs\u00e9g szerint jogszab\u00e1lyba \u00fctk\u00f6znek, egyben tisztess\u00e9gtelenek azok a kik\u00f6t\u00e9sek, amelyek a szerz\u0151d\u00e9sb\u0151l fakad\u00f3 jogvita elb\u00edr\u00e1l\u00e1s\u00e1ra a megb\u00edz\u00f3 lak\u00f3hely\u00e9t\u0151l elt\u00e9r\u0151 b\u00edr\u00f3s\u00e1g kiz\u00e1r\u00f3lagos illet\u00e9kess\u00e9g\u00e9t r\u00f6gz\u00edtik. Ugyancsak tisztess\u00e9gtelenek azok a kik\u00f6t\u00e9sek, amelyek a fogyaszt\u00f3t \u00e1tal\u00e1ny k\u00f6lts\u00e9gt\u00e9r\u00edt\u00e9s fizet\u00e9s\u00e9re k\u00f6telezik akkor is, ha az ingatlank\u00f6zvet\u00edt\u0151 eredm\u00e9nyes k\u00f6zvet\u00edt\u00e9s hi\u00e1ny\u00e1ban nem lenne jogosult a sikerd\u00edjra.<\/p>\n<p>A keresetlev\u00e9lben az \u00fcgy\u00e9szs\u00e9g k\u00e9rte a b\u00edr\u00f3s\u00e1got, hogy k\u00f6telezze alperest az \u00e1ltal\u00e1nos szerz\u0151d\u00e9si felt\u00e9telek tisztess\u00e9gtelens\u00e9g\u00e9nek meg\u00e1llap\u00edt\u00e1sa eset\u00e9n k\u00f6zlem\u00e9ny k\u00f6zz\u00e9t\u00e9tel\u00e9re, m\u00e9gpedig valamennyi \u00fcgyf\u00e9lszolg\u00e1lati irod\u00e1j\u00e1ban, \u00e9s egy v\u00e1rmegyei h\u00edrport\u00e1lon is.<\/p>\n<p>Az \u00fcgy\u00e9szs\u00e9g \u00e1ltal ind\u00edthat\u00f3 k\u00f6z\u00e9rdek\u0171 perek jogk\u00f6vetkezm\u00e9nye az, hogy ha a b\u00edr\u00f3s\u00e1g osztja az \u00fcgy\u00e9szi keresetben foglaltakat, akkor joger\u0151s \u00edt\u00e9let\u00e9ben meg\u00e1llap\u00edtja a t\u00e1madott felt\u00e9telek \u00e9rv\u00e9nytelens\u00e9g\u00e9t. Az ilyen, a k\u00f6z\u00e9rdek\u0171 perben hozott \u00edt\u00e9let hat\u00e1lya a t\u00f6rv\u00e9ny erej\u00e9n\u00e9l fogva kihat minden, az \u00edt\u00e9letben meg\u00e1llap\u00edtott id\u0151pontt\u00f3l kezdve a v\u00e1llalkoz\u00e1ssal szerz\u0151d\u0151 term\u00e9szetes szem\u00e9lyre, ha a szerz\u0151d\u00e9st m\u00e9g nem teljes\u00edtett\u00e9k. A t\u00f6rv\u00e9ny szerint az \u00edt\u00e9lettel \u00e9rintett szerz\u0151d\u00e9ses rendelkez\u00e9sekre jogosults\u00e1got alap\u00edtani \u00e9s annak alapj\u00e1n a fogyaszt\u00f3t\u00f3l teljes\u00edt\u00e9s\u00e9t k\u00f6vetelni nem lehet.<\/p>\n<p><em>Forr\u00e1s: Kom\u00e1rom-Esztergom V\u00e1rmegyei F\u0151\u00fcgy\u00e9szs\u00e9g<\/em><\/p>\n","protected":false},"excerpt":{"rendered":"<p>A Kom\u00e1rom-Esztergom V\u00e1rmegyei F\u0151\u00fcgy\u00e9szs\u00e9g a fogyaszt\u00f3k jogainak v\u00e9delme \u00e9rdek\u00e9ben egy esztergomi sz\u00e9khely\u0171 ingatlank\u00f6zvet\u00edt\u00e9ssel foglalkoz\u00f3 gazdas\u00e1gi t\u00e1rsas\u00e1g \u00e1ltal\u00e1nos szerz\u0151d\u00e9si felt\u00e9teleit vizsg\u00e1lta meg. Az \u00fcgy\u00e9szs\u00e9g a Tatab\u00e1nyai T\u00f6rv\u00e9nysz\u00e9khez keresetlevelet ny\u00fajtott be a tisztess\u00e9gtelen felt\u00e9telek \u00e9rv\u00e9nytelens\u00e9g\u00e9nek meg\u00e1llap\u00edt\u00e1sa ir\u00e1nt. Az ingatlank\u00f6zvet\u00edt\u0151 c\u00e9g az elm\u00falt k\u00e9t \u00e9vben, valamint foly\u00f3 \u00e9v sor\u00e1n t\u00f6bb, mint h\u00e1romsz\u00e1z szerz\u0151d\u00e9st k\u00f6t\u00f6tt az \u00fcgy\u00e9szs\u00e9g \u00e1ll\u00e1spontja szerint<\/p>\n","protected":false},"author":1,"featured_media":53874,"comment_status":"closed","ping_status":"closed","sticky":false,"template":"","format":"standard","meta":{"ngg_post_thumbnail":0,"footnotes":""},"categories":[38,3,39],"tags":[1042,42,203,61,326],"class_list":{"0":"post-53873","1":"post","2":"type-post","3":"status-publish","4":"format-standard","5":"has-post-thumbnail","7":"category-esztergom","8":"category-hirek","9":"category-kek-hirek","10":"tag-birosag","11":"tag-esztergom","12":"tag-ingatlan","13":"tag-rendorsegi-hirek","14":"tag-ugyeszseg"},"yoast_head":"<!-- This site is optimized with the Yoast SEO plugin v27.4 - https:\/\/yoast.com\/product\/yoast-seo-wordpress\/ -->\n<title>T\u00f6bb sz\u00e1z tulajdonost h\u00fazhatott cs\u0151be az esztergomi ingatlank\u00f6zvet\u00edt\u0151 c\u00e9g<\/title>\n<meta name=\"robots\" content=\"index, follow, max-snippet:-1, max-image-preview:large, max-video-preview:-1\" \/>\n<link rel=\"canonical\" href=\"https:\/\/dorogimedence.hu\/index.php\/2023\/06\/07\/tobb-szaz-tulajdonost-huzhatott-csobe-az-esztergomi-ingatlankozvetito-ceg\/\" class=\"yoast-seo-meta-tag\" \/>\n<meta property=\"og:locale\" content=\"hu_HU\" class=\"yoast-seo-meta-tag\" \/>\n<meta property=\"og:type\" content=\"article\" class=\"yoast-seo-meta-tag\" \/>\n<meta property=\"og:title\" content=\"T\u00f6bb sz\u00e1z tulajdonost h\u00fazhatott cs\u0151be az esztergomi ingatlank\u00f6zvet\u00edt\u0151 c\u00e9g\" class=\"yoast-seo-meta-tag\" \/>\n<meta property=\"og:description\" content=\"A Kom\u00e1rom-Esztergom V\u00e1rmegyei F\u0151\u00fcgy\u00e9szs\u00e9g a fogyaszt\u00f3k jogainak v\u00e9delme \u00e9rdek\u00e9ben egy esztergomi sz\u00e9khely\u0171 ingatlank\u00f6zvet\u00edt\u00e9ssel foglalkoz\u00f3 gazdas\u00e1gi t\u00e1rsas\u00e1g \u00e1ltal\u00e1nos szerz\u0151d\u00e9si felt\u00e9teleit vizsg\u00e1lta meg. Az \u00fcgy\u00e9szs\u00e9g a Tatab\u00e1nyai T\u00f6rv\u00e9nysz\u00e9khez keresetlevelet ny\u00fajtott be a tisztess\u00e9gtelen felt\u00e9telek \u00e9rv\u00e9nytelens\u00e9g\u00e9nek meg\u00e1llap\u00edt\u00e1sa ir\u00e1nt. Az ingatlank\u00f6zvet\u00edt\u0151 c\u00e9g az elm\u00falt k\u00e9t \u00e9vben, valamint foly\u00f3 \u00e9v sor\u00e1n t\u00f6bb, mint h\u00e1romsz\u00e1z szerz\u0151d\u00e9st k\u00f6t\u00f6tt az \u00fcgy\u00e9szs\u00e9g \u00e1ll\u00e1spontja szerint\" class=\"yoast-seo-meta-tag\" \/>\n<meta property=\"og:url\" content=\"https:\/\/dorogimedence.hu\/index.php\/2023\/06\/07\/tobb-szaz-tulajdonost-huzhatott-csobe-az-esztergomi-ingatlankozvetito-ceg\/\" class=\"yoast-seo-meta-tag\" \/>\n<meta property=\"og:site_name\" content=\"Dorogi-medence Region\u00e1lis H\u00edrport\u00e1l\" class=\"yoast-seo-meta-tag\" \/>\n<meta property=\"article:publisher\" content=\"https:\/\/www.facebook.com\/dorogimedence\/\" class=\"yoast-seo-meta-tag\" \/>\n<meta property=\"article:published_time\" content=\"2023-06-07T04:50:11+00:00\" class=\"yoast-seo-meta-tag\" \/>\n<meta property=\"og:image\" content=\"https:\/\/dorogimedence.hu\/wp-content\/uploads\/2023\/06\/real-estate-6688945_1920.jpg\" class=\"yoast-seo-meta-tag\" \/>\n\t<meta property=\"og:image:width\" content=\"1920\" class=\"yoast-seo-meta-tag\" \/>\n\t<meta property=\"og:image:height\" content=\"1280\" class=\"yoast-seo-meta-tag\" \/>\n\t<meta property=\"og:image:type\" content=\"image\/jpeg\" class=\"yoast-seo-meta-tag\" \/>\n<meta name=\"author\" content=\"dorogimedence.hu\" class=\"yoast-seo-meta-tag\" \/>\n<meta name=\"twitter:card\" content=\"summary_large_image\" class=\"yoast-seo-meta-tag\" \/>\n<meta name=\"twitter:label1\" content=\"Szerz\u0151:\" class=\"yoast-seo-meta-tag\" \/>\n\t<meta name=\"twitter:data1\" content=\"dorogimedence.hu\" class=\"yoast-seo-meta-tag\" \/>\n\t<meta name=\"twitter:label2\" content=\"Becs\u00fclt olvas\u00e1si id\u0151\" class=\"yoast-seo-meta-tag\" \/>\n\t<meta name=\"twitter:data2\" content=\"3 perc\" class=\"yoast-seo-meta-tag\" \/>\n<script type=\"application\/ld+json\" class=\"yoast-schema-graph\">{\"@context\":\"https:\\\/\\\/schema.org\",\"@graph\":[{\"@type\":\"Article\",\"@id\":\"https:\\\/\\\/dorogimedence.hu\\\/index.php\\\/2023\\\/06\\\/07\\\/tobb-szaz-tulajdonost-huzhatott-csobe-az-esztergomi-ingatlankozvetito-ceg\\\/#article\",\"isPartOf\":{\"@id\":\"https:\\\/\\\/dorogimedence.hu\\\/index.php\\\/2023\\\/06\\\/07\\\/tobb-szaz-tulajdonost-huzhatott-csobe-az-esztergomi-ingatlankozvetito-ceg\\\/\"},\"author\":{\"name\":\"dorogimedence.hu\",\"@id\":\"https:\\\/\\\/dorogimedence.hu\\\/#\\\/schema\\\/person\\\/ce6091eeb7e95ecdc87890d6aa8e0fd4\"},\"headline\":\"T\u00f6bb sz\u00e1z tulajdonost h\u00fazhatott cs\u0151be az esztergomi ingatlank\u00f6zvet\u00edt\u0151 c\u00e9g\",\"datePublished\":\"2023-06-07T04:50:11+00:00\",\"mainEntityOfPage\":{\"@id\":\"https:\\\/\\\/dorogimedence.hu\\\/index.php\\\/2023\\\/06\\\/07\\\/tobb-szaz-tulajdonost-huzhatott-csobe-az-esztergomi-ingatlankozvetito-ceg\\\/\"},\"wordCount\":703,\"publisher\":{\"@id\":\"https:\\\/\\\/dorogimedence.hu\\\/#organization\"},\"image\":{\"@id\":\"https:\\\/\\\/dorogimedence.hu\\\/index.php\\\/2023\\\/06\\\/07\\\/tobb-szaz-tulajdonost-huzhatott-csobe-az-esztergomi-ingatlankozvetito-ceg\\\/#primaryimage\"},\"thumbnailUrl\":\"https:\\\/\\\/dorogimedence.hu\\\/wp-content\\\/uploads\\\/2023\\\/06\\\/real-estate-6688945_1920.jpg\",\"keywords\":[\"b\u00edr\u00f3s\u00e1g\",\"esztergom\",\"ingatlan\",\"rend\u0151rs\u00e9gi h\u00edrek\",\"\u00fcgy\u00e9szs\u00e9g\"],\"articleSection\":[\"Esztergom\",\"H\u00edrek\",\"K\u00e9k h\u00edrek\"],\"inLanguage\":\"hu\"},{\"@type\":\"WebPage\",\"@id\":\"https:\\\/\\\/dorogimedence.hu\\\/index.php\\\/2023\\\/06\\\/07\\\/tobb-szaz-tulajdonost-huzhatott-csobe-az-esztergomi-ingatlankozvetito-ceg\\\/\",\"url\":\"https:\\\/\\\/dorogimedence.hu\\\/index.php\\\/2023\\\/06\\\/07\\\/tobb-szaz-tulajdonost-huzhatott-csobe-az-esztergomi-ingatlankozvetito-ceg\\\/\",\"name\":\"T\u00f6bb sz\u00e1z tulajdonost h\u00fazhatott cs\u0151be az esztergomi ingatlank\u00f6zvet\u00edt\u0151 c\u00e9g\",\"isPartOf\":{\"@id\":\"https:\\\/\\\/dorogimedence.hu\\\/#website\"},\"primaryImageOfPage\":{\"@id\":\"https:\\\/\\\/dorogimedence.hu\\\/index.php\\\/2023\\\/06\\\/07\\\/tobb-szaz-tulajdonost-huzhatott-csobe-az-esztergomi-ingatlankozvetito-ceg\\\/#primaryimage\"},\"image\":{\"@id\":\"https:\\\/\\\/dorogimedence.hu\\\/index.php\\\/2023\\\/06\\\/07\\\/tobb-szaz-tulajdonost-huzhatott-csobe-az-esztergomi-ingatlankozvetito-ceg\\\/#primaryimage\"},\"thumbnailUrl\":\"https:\\\/\\\/dorogimedence.hu\\\/wp-content\\\/uploads\\\/2023\\\/06\\\/real-estate-6688945_1920.jpg\",\"datePublished\":\"2023-06-07T04:50:11+00:00\",\"breadcrumb\":{\"@id\":\"https:\\\/\\\/dorogimedence.hu\\\/index.php\\\/2023\\\/06\\\/07\\\/tobb-szaz-tulajdonost-huzhatott-csobe-az-esztergomi-ingatlankozvetito-ceg\\\/#breadcrumb\"},\"inLanguage\":\"hu\",\"potentialAction\":[{\"@type\":\"ReadAction\",\"target\":[\"https:\\\/\\\/dorogimedence.hu\\\/index.php\\\/2023\\\/06\\\/07\\\/tobb-szaz-tulajdonost-huzhatott-csobe-az-esztergomi-ingatlankozvetito-ceg\\\/\"]}]},{\"@type\":\"ImageObject\",\"inLanguage\":\"hu\",\"@id\":\"https:\\\/\\\/dorogimedence.hu\\\/index.php\\\/2023\\\/06\\\/07\\\/tobb-szaz-tulajdonost-huzhatott-csobe-az-esztergomi-ingatlankozvetito-ceg\\\/#primaryimage\",\"url\":\"https:\\\/\\\/dorogimedence.hu\\\/wp-content\\\/uploads\\\/2023\\\/06\\\/real-estate-6688945_1920.jpg\",\"contentUrl\":\"https:\\\/\\\/dorogimedence.hu\\\/wp-content\\\/uploads\\\/2023\\\/06\\\/real-estate-6688945_1920.jpg\",\"width\":1920,\"height\":1280},{\"@type\":\"BreadcrumbList\",\"@id\":\"https:\\\/\\\/dorogimedence.hu\\\/index.php\\\/2023\\\/06\\\/07\\\/tobb-szaz-tulajdonost-huzhatott-csobe-az-esztergomi-ingatlankozvetito-ceg\\\/#breadcrumb\",\"itemListElement\":[{\"@type\":\"ListItem\",\"position\":1,\"name\":\"Kezd\u0151lap\",\"item\":\"https:\\\/\\\/dorogimedence.hu\\\/\"},{\"@type\":\"ListItem\",\"position\":2,\"name\":\"T\u00f6bb sz\u00e1z tulajdonost h\u00fazhatott cs\u0151be az esztergomi ingatlank\u00f6zvet\u00edt\u0151 c\u00e9g\"}]},{\"@type\":\"WebSite\",\"@id\":\"https:\\\/\\\/dorogimedence.hu\\\/#website\",\"url\":\"https:\\\/\\\/dorogimedence.hu\\\/\",\"name\":\"Dorogi-medence Region\u00e1lis H\u00edrport\u00e1l\",\"description\":\"Dorog, Keszt\u00f6lc, Le\u00e1nyv\u00e1r, Piliscs\u00e9v, Tokod, Tokodalt\u00e1r\u00f3, Csolnok, Esztergom-kertv\u00e1ros: h\u00edrek, programok\",\"publisher\":{\"@id\":\"https:\\\/\\\/dorogimedence.hu\\\/#organization\"},\"potentialAction\":[{\"@type\":\"SearchAction\",\"target\":{\"@type\":\"EntryPoint\",\"urlTemplate\":\"https:\\\/\\\/dorogimedence.hu\\\/?s={search_term_string}\"},\"query-input\":{\"@type\":\"PropertyValueSpecification\",\"valueRequired\":true,\"valueName\":\"search_term_string\"}}],\"inLanguage\":\"hu\"},{\"@type\":\"Organization\",\"@id\":\"https:\\\/\\\/dorogimedence.hu\\\/#organization\",\"name\":\"Dorogi-medence Region\u00e1lis H\u00edrport\u00e1l\",\"url\":\"https:\\\/\\\/dorogimedence.hu\\\/\",\"logo\":{\"@type\":\"ImageObject\",\"inLanguage\":\"hu\",\"@id\":\"https:\\\/\\\/dorogimedence.hu\\\/#\\\/schema\\\/logo\\\/image\\\/\",\"url\":\"https:\\\/\\\/dorogimedence.hu\\\/wp-content\\\/uploads\\\/2021\\\/04\\\/logo-feher-600.png\",\"contentUrl\":\"https:\\\/\\\/dorogimedence.hu\\\/wp-content\\\/uploads\\\/2021\\\/04\\\/logo-feher-600.png\",\"width\":600,\"height\":100,\"caption\":\"Dorogi-medence Region\u00e1lis H\u00edrport\u00e1l\"},\"image\":{\"@id\":\"https:\\\/\\\/dorogimedence.hu\\\/#\\\/schema\\\/logo\\\/image\\\/\"},\"sameAs\":[\"https:\\\/\\\/www.facebook.com\\\/dorogimedence\\\/\"]},{\"@type\":\"Person\",\"@id\":\"https:\\\/\\\/dorogimedence.hu\\\/#\\\/schema\\\/person\\\/ce6091eeb7e95ecdc87890d6aa8e0fd4\",\"name\":\"dorogimedence.hu\",\"image\":{\"@type\":\"ImageObject\",\"inLanguage\":\"hu\",\"@id\":\"\\\/\\\/www.gravatar.com\\\/avatar\\\/d8d45f8901aadff40a4af72c0b826f1d?s=96&#038;r=g&#038;d=mm\",\"url\":\"\\\/\\\/www.gravatar.com\\\/avatar\\\/d8d45f8901aadff40a4af72c0b826f1d?s=96&#038;r=g&#038;d=mm\",\"contentUrl\":\"\\\/\\\/www.gravatar.com\\\/avatar\\\/d8d45f8901aadff40a4af72c0b826f1d?s=96&#038;r=g&#038;d=mm\",\"caption\":\"dorogimedence.hu\"}}]}<\/script>\n<!-- \/ Yoast SEO plugin. -->","yoast_head_json":{"title":"T\u00f6bb sz\u00e1z tulajdonost h\u00fazhatott cs\u0151be az esztergomi ingatlank\u00f6zvet\u00edt\u0151 c\u00e9g","robots":{"index":"index","follow":"follow","max-snippet":"max-snippet:-1","max-image-preview":"max-image-preview:large","max-video-preview":"max-video-preview:-1"},"canonical":"https:\/\/dorogimedence.hu\/index.php\/2023\/06\/07\/tobb-szaz-tulajdonost-huzhatott-csobe-az-esztergomi-ingatlankozvetito-ceg\/","og_locale":"hu_HU","og_type":"article","og_title":"T\u00f6bb sz\u00e1z tulajdonost h\u00fazhatott cs\u0151be az esztergomi ingatlank\u00f6zvet\u00edt\u0151 c\u00e9g","og_description":"A Kom\u00e1rom-Esztergom V\u00e1rmegyei F\u0151\u00fcgy\u00e9szs\u00e9g a fogyaszt\u00f3k jogainak v\u00e9delme \u00e9rdek\u00e9ben egy esztergomi sz\u00e9khely\u0171 ingatlank\u00f6zvet\u00edt\u00e9ssel foglalkoz\u00f3 gazdas\u00e1gi t\u00e1rsas\u00e1g \u00e1ltal\u00e1nos szerz\u0151d\u00e9si felt\u00e9teleit vizsg\u00e1lta meg. Az \u00fcgy\u00e9szs\u00e9g a Tatab\u00e1nyai T\u00f6rv\u00e9nysz\u00e9khez keresetlevelet ny\u00fajtott be a tisztess\u00e9gtelen felt\u00e9telek \u00e9rv\u00e9nytelens\u00e9g\u00e9nek meg\u00e1llap\u00edt\u00e1sa ir\u00e1nt. Az ingatlank\u00f6zvet\u00edt\u0151 c\u00e9g az elm\u00falt k\u00e9t \u00e9vben, valamint foly\u00f3 \u00e9v sor\u00e1n t\u00f6bb, mint h\u00e1romsz\u00e1z szerz\u0151d\u00e9st k\u00f6t\u00f6tt az \u00fcgy\u00e9szs\u00e9g \u00e1ll\u00e1spontja szerint","og_url":"https:\/\/dorogimedence.hu\/index.php\/2023\/06\/07\/tobb-szaz-tulajdonost-huzhatott-csobe-az-esztergomi-ingatlankozvetito-ceg\/","og_site_name":"Dorogi-medence Region\u00e1lis H\u00edrport\u00e1l","article_publisher":"https:\/\/www.facebook.com\/dorogimedence\/","article_published_time":"2023-06-07T04:50:11+00:00","og_image":[{"width":1920,"height":1280,"url":"https:\/\/dorogimedence.hu\/wp-content\/uploads\/2023\/06\/real-estate-6688945_1920.jpg","type":"image\/jpeg"}],"author":"dorogimedence.hu","twitter_card":"summary_large_image","twitter_misc":{"Szerz\u0151:":"dorogimedence.hu","Becs\u00fclt olvas\u00e1si id\u0151":"3 perc"},"schema":{"@context":"https:\/\/schema.org","@graph":[{"@type":"Article","@id":"https:\/\/dorogimedence.hu\/index.php\/2023\/06\/07\/tobb-szaz-tulajdonost-huzhatott-csobe-az-esztergomi-ingatlankozvetito-ceg\/#article","isPartOf":{"@id":"https:\/\/dorogimedence.hu\/index.php\/2023\/06\/07\/tobb-szaz-tulajdonost-huzhatott-csobe-az-esztergomi-ingatlankozvetito-ceg\/"},"author":{"name":"dorogimedence.hu","@id":"https:\/\/dorogimedence.hu\/#\/schema\/person\/ce6091eeb7e95ecdc87890d6aa8e0fd4"},"headline":"T\u00f6bb sz\u00e1z tulajdonost h\u00fazhatott cs\u0151be az esztergomi ingatlank\u00f6zvet\u00edt\u0151 c\u00e9g","datePublished":"2023-06-07T04:50:11+00:00","mainEntityOfPage":{"@id":"https:\/\/dorogimedence.hu\/index.php\/2023\/06\/07\/tobb-szaz-tulajdonost-huzhatott-csobe-az-esztergomi-ingatlankozvetito-ceg\/"},"wordCount":703,"publisher":{"@id":"https:\/\/dorogimedence.hu\/#organization"},"image":{"@id":"https:\/\/dorogimedence.hu\/index.php\/2023\/06\/07\/tobb-szaz-tulajdonost-huzhatott-csobe-az-esztergomi-ingatlankozvetito-ceg\/#primaryimage"},"thumbnailUrl":"https:\/\/dorogimedence.hu\/wp-content\/uploads\/2023\/06\/real-estate-6688945_1920.jpg","keywords":["b\u00edr\u00f3s\u00e1g","esztergom","ingatlan","rend\u0151rs\u00e9gi h\u00edrek","\u00fcgy\u00e9szs\u00e9g"],"articleSection":["Esztergom","H\u00edrek","K\u00e9k h\u00edrek"],"inLanguage":"hu"},{"@type":"WebPage","@id":"https:\/\/dorogimedence.hu\/index.php\/2023\/06\/07\/tobb-szaz-tulajdonost-huzhatott-csobe-az-esztergomi-ingatlankozvetito-ceg\/","url":"https:\/\/dorogimedence.hu\/index.php\/2023\/06\/07\/tobb-szaz-tulajdonost-huzhatott-csobe-az-esztergomi-ingatlankozvetito-ceg\/","name":"T\u00f6bb sz\u00e1z tulajdonost h\u00fazhatott cs\u0151be az esztergomi ingatlank\u00f6zvet\u00edt\u0151 c\u00e9g","isPartOf":{"@id":"https:\/\/dorogimedence.hu\/#website"},"primaryImageOfPage":{"@id":"https:\/\/dorogimedence.hu\/index.php\/2023\/06\/07\/tobb-szaz-tulajdonost-huzhatott-csobe-az-esztergomi-ingatlankozvetito-ceg\/#primaryimage"},"image":{"@id":"https:\/\/dorogimedence.hu\/index.php\/2023\/06\/07\/tobb-szaz-tulajdonost-huzhatott-csobe-az-esztergomi-ingatlankozvetito-ceg\/#primaryimage"},"thumbnailUrl":"https:\/\/dorogimedence.hu\/wp-content\/uploads\/2023\/06\/real-estate-6688945_1920.jpg","datePublished":"2023-06-07T04:50:11+00:00","breadcrumb":{"@id":"https:\/\/dorogimedence.hu\/index.php\/2023\/06\/07\/tobb-szaz-tulajdonost-huzhatott-csobe-az-esztergomi-ingatlankozvetito-ceg\/#breadcrumb"},"inLanguage":"hu","potentialAction":[{"@type":"ReadAction","target":["https:\/\/dorogimedence.hu\/index.php\/2023\/06\/07\/tobb-szaz-tulajdonost-huzhatott-csobe-az-esztergomi-ingatlankozvetito-ceg\/"]}]},{"@type":"ImageObject","inLanguage":"hu","@id":"https:\/\/dorogimedence.hu\/index.php\/2023\/06\/07\/tobb-szaz-tulajdonost-huzhatott-csobe-az-esztergomi-ingatlankozvetito-ceg\/#primaryimage","url":"https:\/\/dorogimedence.hu\/wp-content\/uploads\/2023\/06\/real-estate-6688945_1920.jpg","contentUrl":"https:\/\/dorogimedence.hu\/wp-content\/uploads\/2023\/06\/real-estate-6688945_1920.jpg","width":1920,"height":1280},{"@type":"BreadcrumbList","@id":"https:\/\/dorogimedence.hu\/index.php\/2023\/06\/07\/tobb-szaz-tulajdonost-huzhatott-csobe-az-esztergomi-ingatlankozvetito-ceg\/#breadcrumb","itemListElement":[{"@type":"ListItem","position":1,"name":"Kezd\u0151lap","item":"https:\/\/dorogimedence.hu\/"},{"@type":"ListItem","position":2,"name":"T\u00f6bb sz\u00e1z tulajdonost h\u00fazhatott cs\u0151be az esztergomi ingatlank\u00f6zvet\u00edt\u0151 c\u00e9g"}]},{"@type":"WebSite","@id":"https:\/\/dorogimedence.hu\/#website","url":"https:\/\/dorogimedence.hu\/","name":"Dorogi-medence Region\u00e1lis H\u00edrport\u00e1l","description":"Dorog, Keszt\u00f6lc, Le\u00e1nyv\u00e1r, Piliscs\u00e9v, Tokod, Tokodalt\u00e1r\u00f3, Csolnok, Esztergom-kertv\u00e1ros: h\u00edrek, programok","publisher":{"@id":"https:\/\/dorogimedence.hu\/#organization"},"potentialAction":[{"@type":"SearchAction","target":{"@type":"EntryPoint","urlTemplate":"https:\/\/dorogimedence.hu\/?s={search_term_string}"},"query-input":{"@type":"PropertyValueSpecification","valueRequired":true,"valueName":"search_term_string"}}],"inLanguage":"hu"},{"@type":"Organization","@id":"https:\/\/dorogimedence.hu\/#organization","name":"Dorogi-medence Region\u00e1lis H\u00edrport\u00e1l","url":"https:\/\/dorogimedence.hu\/","logo":{"@type":"ImageObject","inLanguage":"hu","@id":"https:\/\/dorogimedence.hu\/#\/schema\/logo\/image\/","url":"https:\/\/dorogimedence.hu\/wp-content\/uploads\/2021\/04\/logo-feher-600.png","contentUrl":"https:\/\/dorogimedence.hu\/wp-content\/uploads\/2021\/04\/logo-feher-600.png","width":600,"height":100,"caption":"Dorogi-medence Region\u00e1lis H\u00edrport\u00e1l"},"image":{"@id":"https:\/\/dorogimedence.hu\/#\/schema\/logo\/image\/"},"sameAs":["https:\/\/www.facebook.com\/dorogimedence\/"]},{"@type":"Person","@id":"https:\/\/dorogimedence.hu\/#\/schema\/person\/ce6091eeb7e95ecdc87890d6aa8e0fd4","name":"dorogimedence.hu","image":{"@type":"ImageObject","inLanguage":"hu","@id":"\/\/www.gravatar.com\/avatar\/d8d45f8901aadff40a4af72c0b826f1d?s=96&#038;r=g&#038;d=mm","url":"\/\/www.gravatar.com\/avatar\/d8d45f8901aadff40a4af72c0b826f1d?s=96&#038;r=g&#038;d=mm","contentUrl":"\/\/www.gravatar.com\/avatar\/d8d45f8901aadff40a4af72c0b826f1d?s=96&#038;r=g&#038;d=mm","caption":"dorogimedence.hu"}}]}},"_links":{"self":[{"href":"https:\/\/dorogimedence.hu\/index.php\/wp-json\/wp\/v2\/posts\/53873","targetHints":{"allow":["GET"]}}],"collection":[{"href":"https:\/\/dorogimedence.hu\/index.php\/wp-json\/wp\/v2\/posts"}],"about":[{"href":"https:\/\/dorogimedence.hu\/index.php\/wp-json\/wp\/v2\/types\/post"}],"author":[{"embeddable":true,"href":"https:\/\/dorogimedence.hu\/index.php\/wp-json\/wp\/v2\/users\/1"}],"replies":[{"embeddable":true,"href":"https:\/\/dorogimedence.hu\/index.php\/wp-json\/wp\/v2\/comments?post=53873"}],"version-history":[{"count":0,"href":"https:\/\/dorogimedence.hu\/index.php\/wp-json\/wp\/v2\/posts\/53873\/revisions"}],"wp:featuredmedia":[{"embeddable":true,"href":"https:\/\/dorogimedence.hu\/index.php\/wp-json\/wp\/v2\/media\/53874"}],"wp:attachment":[{"href":"https:\/\/dorogimedence.hu\/index.php\/wp-json\/wp\/v2\/media?parent=53873"}],"wp:term":[{"taxonomy":"category","embeddable":true,"href":"https:\/\/dorogimedence.hu\/index.php\/wp-json\/wp\/v2\/categories?post=53873"},{"taxonomy":"post_tag","embeddable":true,"href":"https:\/\/dorogimedence.hu\/index.php\/wp-json\/wp\/v2\/tags?post=53873"}],"curies":[{"name":"wp","href":"https:\/\/api.w.org\/{rel}","templated":true}]}}