{"id":5378,"date":"2017-09-04T07:04:14","date_gmt":"2017-09-04T05:04:14","guid":{"rendered":"http:\/\/dorogimedence.hu\/?p=5378"},"modified":"2017-09-04T07:04:14","modified_gmt":"2017-09-04T05:04:14","slug":"esoben-is-szep-szammal-latogattak-ki-a-banyasznapokra","status":"publish","type":"post","link":"https:\/\/dorogimedence.hu\/index.php\/2017\/09\/04\/esoben-is-szep-szammal-latogattak-ki-a-banyasznapokra\/","title":{"rendered":"Es\u0151ben is sz\u00e9p sz\u00e1mmal l\u00e1togattak ki a B\u00e1ny\u00e1sznapokra"},"content":{"rendered":"<p><strong>Sikeresen zajlott a B\u00e1ny\u00e1sznapi \u00fcnneps\u00e9gsorozat Dorogon. Hab\u00e1r szombaton az id\u0151 nem kedvezett a sz\u00f3rakozni v\u00e1gy\u00f3knak, m\u00e9gis rengetegen l\u00e1togattak ki a koncertekre \u00e9s a t\u0171zij\u00e1t\u00e9kra.<\/strong><\/p>\n<p><strong>P\u00e9nteken<\/strong> koszor\u00faz\u00e1st tartottak a Nemzeti K\u0151b\u00e1ny\u00e1szati Eml\u00e9khelyen, melyet 2015-ben az Orsz\u00e1gos Magyar B\u00e1ny\u00e1szati \u00e9s Koh\u00e1szati Egyes\u00fclet kezdem\u00e9nyez\u00e9s\u00e9re a Baumit \u00e9p\u00edttetett az orsz\u00e1g jelent\u0151s k\u0151b\u00e1ny\u00e1ib\u00f3l sz\u00e1ll\u00edtott k\u0151t\u00f6mb\u00f6k felhaszn\u00e1l\u00e1s\u00e1val, amelyek a szakmai \u00f6sszefog\u00e1st szimboliz\u00e1lj\u00e1k. D\u00e9lut\u00e1n a Jubileum t\u00e9ren a The Rugo Band \u00e9s a CA\/CD mellett a P-Mobil \u00e9l\u0151 nagykoncertj\u00e9n vehett\u00fcnk r\u00e9szt.<\/p>\n<p><strong>Szombaton<\/strong> a Dorogi N\u00e9met Nemzetis\u00e9gi Kultur\u00e1lis Egyes\u00fclet B\u00e1ny\u00e1szzenekar\u00e1nak k\u00f6zrem\u0171k\u00f6d\u00e9s\u00e9vel az Otthon t\u00e9ren a dorogi b\u00e1ny\u00e1szat \u00e9s a b\u00e1nyakatasztr\u00f3f\u00e1k \u00e1ldozatainak eml\u00e9km\u0171ve el\u0151tt koszor\u00faztak a b\u00e1ny\u00e1sz szervezetek, Dorog V\u00e1ros \u00d6nkorm\u00e1nyzata. Tisztelete jel\u00e9\u00fcl a megyei k\u00f6zgy\u0171l\u00e9s eln\u00f6ke, Popovics Gy\u00f6rgy is elhelyezte az eml\u00e9kez\u00e9s vir\u00e1gait. A koszor\u00faz\u00e1s percei ut\u00e1n a magyarhoni aknam\u00e9ly\u00edt\u00e9s megkezd\u00e9s\u00e9nek 110. \u00e9vfordul\u00f3j\u00e1ra \u00e1ll\u00edtott eml\u00e9kf\u00e1t K\u00e1rp\u00e1t Csaba nyugalmazott vez\u00e9rigazgat\u00f3-helyettes leplezte le. Az \u00e9vfordul\u00f3 tisztelet\u00e9re a B\u00e1ny\u00e1sz Kultur\u00e1lis Egyes\u00fclet Aknam\u00e9ly\u00edt\u0151 K\u00f6r\u00e9nek szervez\u00e9s\u00e9ben eml\u00e9k\u00fcl\u00e9st tartottak a m\u0171vel\u0151d\u00e9si h\u00e1zban. Az \u00fcnneps\u00e9gek ut\u00e1n 16 \u00f3rakor amat\u00f6r fell\u00e9p\u0151kkel indult a Jubileum t\u00e9ri vigass\u00e1g, \u0151ket k\u00f6vette Auth Csilla, a Zanzib\u00e1r \u00e9s a Kelemen kab\u00e1tban. Hab\u00e1r az id\u0151 nem kedvezett a sz\u00f3rakozni v\u00e1gy\u00f3knak, m\u00e9g is rengetegen jelentek meg a t\u00e9ren a koncertekre, illetve a t\u0171zij\u00e1t\u00e9k megtekint\u00e9s\u00e9re.<\/p>\n<p><strong>Vas\u00e1rnap<\/strong> a gyermekm\u0171sorok mellett <span class=\"suggest_list\">dzsesszes<\/span> hangulatot var\u00e1zsoltak a sz\u00ednpadra d\u00e9lut\u00e1n \u00e9s este, hiszen fell\u00e9pett a Delight INC., a Papa Jazz Seven \u00e9s a Budapest Jazz Orchestra.<\/p>\n<p><strong><em>T\u00f3th Kriszti\u00e1n a t\u0171zij\u00e1t\u00e9kot meg is \u00f6r\u00f6k\u00edtette:<\/em><\/strong><\/p>\n<div class=\"video-container\"><iframe src=\"https:\/\/www.youtube.com\/embed\/wVAjTwTDz2Y\" width=\"560\" height=\"315\" frameborder=\"0\" allowfullscreen=\"allowfullscreen\"><\/iframe><\/div>\n<p>&nbsp;<\/p>\n<p><em><strong>Valovics L\u00e1szl\u00f3 j\u00f3volt\u00e1b\u00f3l pedig a P-Mobil koncertet n\u00e9zhetj\u00fck vissza:<\/strong><\/em><\/p>\n<div class=\"video-container\"><iframe src=\"https:\/\/www.youtube.com\/embed\/ZtS9wqbAdTk\" width=\"560\" height=\"315\" frameborder=\"0\" allowfullscreen=\"allowfullscreen\"><\/iframe><\/div>\n<p>&nbsp;<\/p>\n<p><em>Forr\u00e1s: dorog.hu, dorogimedence.hu<br \/>\nC\u00edmlapfot\u00f3: Kiss L\u00e1sz\u00f3, Valovics L\u00e1szl\u00f3<br \/>\n<\/em><\/p>\n","protected":false},"excerpt":{"rendered":"<p>Sikeresen zajlott a B\u00e1ny\u00e1sznapi \u00fcnneps\u00e9gsorozat Dorogon. Hab\u00e1r szombaton az id\u0151 nem kedvezett a sz\u00f3rakozni v\u00e1gy\u00f3knak, m\u00e9gis rengetegen l\u00e1togattak ki a koncertekre \u00e9s a t\u0171zij\u00e1t\u00e9kra. P\u00e9nteken koszor\u00faz\u00e1st tartottak a Nemzeti K\u0151b\u00e1ny\u00e1szati Eml\u00e9khelyen, melyet 2015-ben az Orsz\u00e1gos Magyar B\u00e1ny\u00e1szati \u00e9s Koh\u00e1szati Egyes\u00fclet kezdem\u00e9nyez\u00e9s\u00e9re a Baumit \u00e9p\u00edttetett az orsz\u00e1g jelent\u0151s k\u0151b\u00e1ny\u00e1ib\u00f3l sz\u00e1ll\u00edtott k\u0151t\u00f6mb\u00f6k felhaszn\u00e1l\u00e1s\u00e1val, amelyek a szakmai \u00f6sszefog\u00e1st<\/p>\n","protected":false},"author":1,"featured_media":5379,"comment_status":"closed","ping_status":"closed","sticky":false,"template":"","format":"standard","meta":{"ngg_post_thumbnail":0,"footnotes":""},"categories":[2,3],"tags":[1350,1242,1411,1045],"class_list":{"0":"post-5378","1":"post","2":"type-post","3":"status-publish","4":"format-standard","5":"has-post-thumbnail","7":"category-dorog","8":"category-hirek","9":"tag-67-banyasznap","10":"tag-banyasznap","11":"tag-koncertek","12":"tag-unnepseg"},"yoast_head":"<!-- This site is optimized with the Yoast SEO plugin v27.5 - https:\/\/yoast.com\/product\/yoast-seo-wordpress\/ -->\n<title>Es\u0151ben is sz\u00e9p sz\u00e1mmal l\u00e1togattak ki a B\u00e1ny\u00e1sznapokra<\/title>\n<meta name=\"robots\" content=\"index, follow, max-snippet:-1, max-image-preview:large, max-video-preview:-1\" \/>\n<link rel=\"canonical\" href=\"https:\/\/dorogimedence.hu\/index.php\/2017\/09\/04\/esoben-is-szep-szammal-latogattak-ki-a-banyasznapokra\/\" class=\"yoast-seo-meta-tag\" \/>\n<meta property=\"og:locale\" content=\"hu_HU\" class=\"yoast-seo-meta-tag\" \/>\n<meta property=\"og:type\" content=\"article\" class=\"yoast-seo-meta-tag\" \/>\n<meta property=\"og:title\" content=\"Es\u0151ben is sz\u00e9p sz\u00e1mmal l\u00e1togattak ki a B\u00e1ny\u00e1sznapokra\" class=\"yoast-seo-meta-tag\" \/>\n<meta property=\"og:description\" content=\"Sikeresen zajlott a B\u00e1ny\u00e1sznapi \u00fcnneps\u00e9gsorozat Dorogon. Hab\u00e1r szombaton az id\u0151 nem kedvezett a sz\u00f3rakozni v\u00e1gy\u00f3knak, m\u00e9gis rengetegen l\u00e1togattak ki a koncertekre \u00e9s a t\u0171zij\u00e1t\u00e9kra. P\u00e9nteken koszor\u00faz\u00e1st tartottak a Nemzeti K\u0151b\u00e1ny\u00e1szati Eml\u00e9khelyen, melyet 2015-ben az Orsz\u00e1gos Magyar B\u00e1ny\u00e1szati \u00e9s Koh\u00e1szati Egyes\u00fclet kezdem\u00e9nyez\u00e9s\u00e9re a Baumit \u00e9p\u00edttetett az orsz\u00e1g jelent\u0151s k\u0151b\u00e1ny\u00e1ib\u00f3l sz\u00e1ll\u00edtott k\u0151t\u00f6mb\u00f6k felhaszn\u00e1l\u00e1s\u00e1val, amelyek a szakmai \u00f6sszefog\u00e1st\" class=\"yoast-seo-meta-tag\" \/>\n<meta property=\"og:url\" content=\"https:\/\/dorogimedence.hu\/index.php\/2017\/09\/04\/esoben-is-szep-szammal-latogattak-ki-a-banyasznapokra\/\" class=\"yoast-seo-meta-tag\" \/>\n<meta property=\"og:site_name\" content=\"Dorogi-medence Region\u00e1lis H\u00edrport\u00e1l\" class=\"yoast-seo-meta-tag\" \/>\n<meta property=\"article:publisher\" content=\"https:\/\/www.facebook.com\/dorogimedence\/\" class=\"yoast-seo-meta-tag\" \/>\n<meta property=\"article:published_time\" content=\"2017-09-04T05:04:14+00:00\" class=\"yoast-seo-meta-tag\" \/>\n<meta property=\"og:image\" content=\"https:\/\/i0.wp.com\/dorogimedence.hu\/wp-content\/uploads\/2017\/09\/banyasznap-01.jpg?fit=670%2C365&ssl=1\" class=\"yoast-seo-meta-tag\" \/>\n\t<meta property=\"og:image:width\" content=\"670\" class=\"yoast-seo-meta-tag\" \/>\n\t<meta property=\"og:image:height\" content=\"365\" class=\"yoast-seo-meta-tag\" \/>\n\t<meta property=\"og:image:type\" content=\"image\/jpeg\" class=\"yoast-seo-meta-tag\" \/>\n<meta name=\"author\" content=\"dorogimedence.hu\" class=\"yoast-seo-meta-tag\" \/>\n<meta name=\"twitter:card\" content=\"summary_large_image\" class=\"yoast-seo-meta-tag\" \/>\n<meta name=\"twitter:label1\" content=\"Szerz\u0151:\" class=\"yoast-seo-meta-tag\" \/>\n\t<meta name=\"twitter:data1\" content=\"dorogimedence.hu\" class=\"yoast-seo-meta-tag\" \/>\n\t<meta name=\"twitter:label2\" content=\"Becs\u00fclt olvas\u00e1si id\u0151\" class=\"yoast-seo-meta-tag\" \/>\n\t<meta name=\"twitter:data2\" content=\"2 perc\" class=\"yoast-seo-meta-tag\" \/>\n<script type=\"application\/ld+json\" class=\"yoast-schema-graph\">{\"@context\":\"https:\\\/\\\/schema.org\",\"@graph\":[{\"@type\":\"Article\",\"@id\":\"https:\\\/\\\/dorogimedence.hu\\\/index.php\\\/2017\\\/09\\\/04\\\/esoben-is-szep-szammal-latogattak-ki-a-banyasznapokra\\\/#article\",\"isPartOf\":{\"@id\":\"https:\\\/\\\/dorogimedence.hu\\\/index.php\\\/2017\\\/09\\\/04\\\/esoben-is-szep-szammal-latogattak-ki-a-banyasznapokra\\\/\"},\"author\":{\"name\":\"dorogimedence.hu\",\"@id\":\"https:\\\/\\\/dorogimedence.hu\\\/#\\\/schema\\\/person\\\/ce6091eeb7e95ecdc87890d6aa8e0fd4\"},\"headline\":\"Es\u0151ben is sz\u00e9p sz\u00e1mmal l\u00e1togattak ki a B\u00e1ny\u00e1sznapokra\",\"datePublished\":\"2017-09-04T05:04:14+00:00\",\"mainEntityOfPage\":{\"@id\":\"https:\\\/\\\/dorogimedence.hu\\\/index.php\\\/2017\\\/09\\\/04\\\/esoben-is-szep-szammal-latogattak-ki-a-banyasznapokra\\\/\"},\"wordCount\":424,\"publisher\":{\"@id\":\"https:\\\/\\\/dorogimedence.hu\\\/#organization\"},\"image\":{\"@id\":\"https:\\\/\\\/dorogimedence.hu\\\/index.php\\\/2017\\\/09\\\/04\\\/esoben-is-szep-szammal-latogattak-ki-a-banyasznapokra\\\/#primaryimage\"},\"thumbnailUrl\":\"https:\\\/\\\/dorogimedence.hu\\\/wp-content\\\/uploads\\\/2017\\\/09\\\/banyasznap-01.jpg\",\"keywords\":[\"67. B\u00e1ny\u00e1sznap\",\"B\u00e1ny\u00e1sznap\",\"koncertek\",\"\u00fcnneps\u00e9g\"],\"articleSection\":[\"Dorog\",\"H\u00edrek\"],\"inLanguage\":\"hu\"},{\"@type\":\"WebPage\",\"@id\":\"https:\\\/\\\/dorogimedence.hu\\\/index.php\\\/2017\\\/09\\\/04\\\/esoben-is-szep-szammal-latogattak-ki-a-banyasznapokra\\\/\",\"url\":\"https:\\\/\\\/dorogimedence.hu\\\/index.php\\\/2017\\\/09\\\/04\\\/esoben-is-szep-szammal-latogattak-ki-a-banyasznapokra\\\/\",\"name\":\"Es\u0151ben is sz\u00e9p sz\u00e1mmal l\u00e1togattak ki a B\u00e1ny\u00e1sznapokra\",\"isPartOf\":{\"@id\":\"https:\\\/\\\/dorogimedence.hu\\\/#website\"},\"primaryImageOfPage\":{\"@id\":\"https:\\\/\\\/dorogimedence.hu\\\/index.php\\\/2017\\\/09\\\/04\\\/esoben-is-szep-szammal-latogattak-ki-a-banyasznapokra\\\/#primaryimage\"},\"image\":{\"@id\":\"https:\\\/\\\/dorogimedence.hu\\\/index.php\\\/2017\\\/09\\\/04\\\/esoben-is-szep-szammal-latogattak-ki-a-banyasznapokra\\\/#primaryimage\"},\"thumbnailUrl\":\"https:\\\/\\\/dorogimedence.hu\\\/wp-content\\\/uploads\\\/2017\\\/09\\\/banyasznap-01.jpg\",\"datePublished\":\"2017-09-04T05:04:14+00:00\",\"breadcrumb\":{\"@id\":\"https:\\\/\\\/dorogimedence.hu\\\/index.php\\\/2017\\\/09\\\/04\\\/esoben-is-szep-szammal-latogattak-ki-a-banyasznapokra\\\/#breadcrumb\"},\"inLanguage\":\"hu\",\"potentialAction\":[{\"@type\":\"ReadAction\",\"target\":[\"https:\\\/\\\/dorogimedence.hu\\\/index.php\\\/2017\\\/09\\\/04\\\/esoben-is-szep-szammal-latogattak-ki-a-banyasznapokra\\\/\"]}]},{\"@type\":\"ImageObject\",\"inLanguage\":\"hu\",\"@id\":\"https:\\\/\\\/dorogimedence.hu\\\/index.php\\\/2017\\\/09\\\/04\\\/esoben-is-szep-szammal-latogattak-ki-a-banyasznapokra\\\/#primaryimage\",\"url\":\"https:\\\/\\\/dorogimedence.hu\\\/wp-content\\\/uploads\\\/2017\\\/09\\\/banyasznap-01.jpg\",\"contentUrl\":\"https:\\\/\\\/dorogimedence.hu\\\/wp-content\\\/uploads\\\/2017\\\/09\\\/banyasznap-01.jpg\",\"width\":670,\"height\":365},{\"@type\":\"BreadcrumbList\",\"@id\":\"https:\\\/\\\/dorogimedence.hu\\\/index.php\\\/2017\\\/09\\\/04\\\/esoben-is-szep-szammal-latogattak-ki-a-banyasznapokra\\\/#breadcrumb\",\"itemListElement\":[{\"@type\":\"ListItem\",\"position\":1,\"name\":\"Kezd\u0151lap\",\"item\":\"https:\\\/\\\/dorogimedence.hu\\\/\"},{\"@type\":\"ListItem\",\"position\":2,\"name\":\"Es\u0151ben is sz\u00e9p sz\u00e1mmal l\u00e1togattak ki a B\u00e1ny\u00e1sznapokra\"}]},{\"@type\":\"WebSite\",\"@id\":\"https:\\\/\\\/dorogimedence.hu\\\/#website\",\"url\":\"https:\\\/\\\/dorogimedence.hu\\\/\",\"name\":\"Dorogi-medence Region\u00e1lis H\u00edrport\u00e1l\",\"description\":\"Dorog, Keszt\u00f6lc, Le\u00e1nyv\u00e1r, Piliscs\u00e9v, Tokod, Tokodalt\u00e1r\u00f3, Csolnok, Esztergom-kertv\u00e1ros: h\u00edrek, programok\",\"publisher\":{\"@id\":\"https:\\\/\\\/dorogimedence.hu\\\/#organization\"},\"potentialAction\":[{\"@type\":\"SearchAction\",\"target\":{\"@type\":\"EntryPoint\",\"urlTemplate\":\"https:\\\/\\\/dorogimedence.hu\\\/?s={search_term_string}\"},\"query-input\":{\"@type\":\"PropertyValueSpecification\",\"valueRequired\":true,\"valueName\":\"search_term_string\"}}],\"inLanguage\":\"hu\"},{\"@type\":\"Organization\",\"@id\":\"https:\\\/\\\/dorogimedence.hu\\\/#organization\",\"name\":\"Dorogi-medence Region\u00e1lis H\u00edrport\u00e1l\",\"url\":\"https:\\\/\\\/dorogimedence.hu\\\/\",\"logo\":{\"@type\":\"ImageObject\",\"inLanguage\":\"hu\",\"@id\":\"https:\\\/\\\/dorogimedence.hu\\\/#\\\/schema\\\/logo\\\/image\\\/\",\"url\":\"https:\\\/\\\/dorogimedence.hu\\\/wp-content\\\/uploads\\\/2021\\\/04\\\/logo-feher-600.png\",\"contentUrl\":\"https:\\\/\\\/dorogimedence.hu\\\/wp-content\\\/uploads\\\/2021\\\/04\\\/logo-feher-600.png\",\"width\":600,\"height\":100,\"caption\":\"Dorogi-medence Region\u00e1lis H\u00edrport\u00e1l\"},\"image\":{\"@id\":\"https:\\\/\\\/dorogimedence.hu\\\/#\\\/schema\\\/logo\\\/image\\\/\"},\"sameAs\":[\"https:\\\/\\\/www.facebook.com\\\/dorogimedence\\\/\"]},{\"@type\":\"Person\",\"@id\":\"https:\\\/\\\/dorogimedence.hu\\\/#\\\/schema\\\/person\\\/ce6091eeb7e95ecdc87890d6aa8e0fd4\",\"name\":\"dorogimedence.hu\",\"image\":{\"@type\":\"ImageObject\",\"inLanguage\":\"hu\",\"@id\":\"\\\/\\\/www.gravatar.com\\\/avatar\\\/d8d45f8901aadff40a4af72c0b826f1d?s=96&#038;r=g&#038;d=mm\",\"url\":\"\\\/\\\/www.gravatar.com\\\/avatar\\\/d8d45f8901aadff40a4af72c0b826f1d?s=96&#038;r=g&#038;d=mm\",\"contentUrl\":\"\\\/\\\/www.gravatar.com\\\/avatar\\\/d8d45f8901aadff40a4af72c0b826f1d?s=96&#038;r=g&#038;d=mm\",\"caption\":\"dorogimedence.hu\"}}]}<\/script>\n<!-- \/ Yoast SEO plugin. -->","yoast_head_json":{"title":"Es\u0151ben is sz\u00e9p sz\u00e1mmal l\u00e1togattak ki a B\u00e1ny\u00e1sznapokra","robots":{"index":"index","follow":"follow","max-snippet":"max-snippet:-1","max-image-preview":"max-image-preview:large","max-video-preview":"max-video-preview:-1"},"canonical":"https:\/\/dorogimedence.hu\/index.php\/2017\/09\/04\/esoben-is-szep-szammal-latogattak-ki-a-banyasznapokra\/","og_locale":"hu_HU","og_type":"article","og_title":"Es\u0151ben is sz\u00e9p sz\u00e1mmal l\u00e1togattak ki a B\u00e1ny\u00e1sznapokra","og_description":"Sikeresen zajlott a B\u00e1ny\u00e1sznapi \u00fcnneps\u00e9gsorozat Dorogon. Hab\u00e1r szombaton az id\u0151 nem kedvezett a sz\u00f3rakozni v\u00e1gy\u00f3knak, m\u00e9gis rengetegen l\u00e1togattak ki a koncertekre \u00e9s a t\u0171zij\u00e1t\u00e9kra. P\u00e9nteken koszor\u00faz\u00e1st tartottak a Nemzeti K\u0151b\u00e1ny\u00e1szati Eml\u00e9khelyen, melyet 2015-ben az Orsz\u00e1gos Magyar B\u00e1ny\u00e1szati \u00e9s Koh\u00e1szati Egyes\u00fclet kezdem\u00e9nyez\u00e9s\u00e9re a Baumit \u00e9p\u00edttetett az orsz\u00e1g jelent\u0151s k\u0151b\u00e1ny\u00e1ib\u00f3l sz\u00e1ll\u00edtott k\u0151t\u00f6mb\u00f6k felhaszn\u00e1l\u00e1s\u00e1val, amelyek a szakmai \u00f6sszefog\u00e1st","og_url":"https:\/\/dorogimedence.hu\/index.php\/2017\/09\/04\/esoben-is-szep-szammal-latogattak-ki-a-banyasznapokra\/","og_site_name":"Dorogi-medence Region\u00e1lis H\u00edrport\u00e1l","article_publisher":"https:\/\/www.facebook.com\/dorogimedence\/","article_published_time":"2017-09-04T05:04:14+00:00","og_image":[{"width":670,"height":365,"url":"https:\/\/i0.wp.com\/dorogimedence.hu\/wp-content\/uploads\/2017\/09\/banyasznap-01.jpg?fit=670%2C365&ssl=1","type":"image\/jpeg"}],"author":"dorogimedence.hu","twitter_card":"summary_large_image","twitter_misc":{"Szerz\u0151:":"dorogimedence.hu","Becs\u00fclt olvas\u00e1si id\u0151":"2 perc"},"schema":{"@context":"https:\/\/schema.org","@graph":[{"@type":"Article","@id":"https:\/\/dorogimedence.hu\/index.php\/2017\/09\/04\/esoben-is-szep-szammal-latogattak-ki-a-banyasznapokra\/#article","isPartOf":{"@id":"https:\/\/dorogimedence.hu\/index.php\/2017\/09\/04\/esoben-is-szep-szammal-latogattak-ki-a-banyasznapokra\/"},"author":{"name":"dorogimedence.hu","@id":"https:\/\/dorogimedence.hu\/#\/schema\/person\/ce6091eeb7e95ecdc87890d6aa8e0fd4"},"headline":"Es\u0151ben is sz\u00e9p sz\u00e1mmal l\u00e1togattak ki a B\u00e1ny\u00e1sznapokra","datePublished":"2017-09-04T05:04:14+00:00","mainEntityOfPage":{"@id":"https:\/\/dorogimedence.hu\/index.php\/2017\/09\/04\/esoben-is-szep-szammal-latogattak-ki-a-banyasznapokra\/"},"wordCount":424,"publisher":{"@id":"https:\/\/dorogimedence.hu\/#organization"},"image":{"@id":"https:\/\/dorogimedence.hu\/index.php\/2017\/09\/04\/esoben-is-szep-szammal-latogattak-ki-a-banyasznapokra\/#primaryimage"},"thumbnailUrl":"https:\/\/dorogimedence.hu\/wp-content\/uploads\/2017\/09\/banyasznap-01.jpg","keywords":["67. B\u00e1ny\u00e1sznap","B\u00e1ny\u00e1sznap","koncertek","\u00fcnneps\u00e9g"],"articleSection":["Dorog","H\u00edrek"],"inLanguage":"hu"},{"@type":"WebPage","@id":"https:\/\/dorogimedence.hu\/index.php\/2017\/09\/04\/esoben-is-szep-szammal-latogattak-ki-a-banyasznapokra\/","url":"https:\/\/dorogimedence.hu\/index.php\/2017\/09\/04\/esoben-is-szep-szammal-latogattak-ki-a-banyasznapokra\/","name":"Es\u0151ben is sz\u00e9p sz\u00e1mmal l\u00e1togattak ki a B\u00e1ny\u00e1sznapokra","isPartOf":{"@id":"https:\/\/dorogimedence.hu\/#website"},"primaryImageOfPage":{"@id":"https:\/\/dorogimedence.hu\/index.php\/2017\/09\/04\/esoben-is-szep-szammal-latogattak-ki-a-banyasznapokra\/#primaryimage"},"image":{"@id":"https:\/\/dorogimedence.hu\/index.php\/2017\/09\/04\/esoben-is-szep-szammal-latogattak-ki-a-banyasznapokra\/#primaryimage"},"thumbnailUrl":"https:\/\/dorogimedence.hu\/wp-content\/uploads\/2017\/09\/banyasznap-01.jpg","datePublished":"2017-09-04T05:04:14+00:00","breadcrumb":{"@id":"https:\/\/dorogimedence.hu\/index.php\/2017\/09\/04\/esoben-is-szep-szammal-latogattak-ki-a-banyasznapokra\/#breadcrumb"},"inLanguage":"hu","potentialAction":[{"@type":"ReadAction","target":["https:\/\/dorogimedence.hu\/index.php\/2017\/09\/04\/esoben-is-szep-szammal-latogattak-ki-a-banyasznapokra\/"]}]},{"@type":"ImageObject","inLanguage":"hu","@id":"https:\/\/dorogimedence.hu\/index.php\/2017\/09\/04\/esoben-is-szep-szammal-latogattak-ki-a-banyasznapokra\/#primaryimage","url":"https:\/\/dorogimedence.hu\/wp-content\/uploads\/2017\/09\/banyasznap-01.jpg","contentUrl":"https:\/\/dorogimedence.hu\/wp-content\/uploads\/2017\/09\/banyasznap-01.jpg","width":670,"height":365},{"@type":"BreadcrumbList","@id":"https:\/\/dorogimedence.hu\/index.php\/2017\/09\/04\/esoben-is-szep-szammal-latogattak-ki-a-banyasznapokra\/#breadcrumb","itemListElement":[{"@type":"ListItem","position":1,"name":"Kezd\u0151lap","item":"https:\/\/dorogimedence.hu\/"},{"@type":"ListItem","position":2,"name":"Es\u0151ben is sz\u00e9p sz\u00e1mmal l\u00e1togattak ki a B\u00e1ny\u00e1sznapokra"}]},{"@type":"WebSite","@id":"https:\/\/dorogimedence.hu\/#website","url":"https:\/\/dorogimedence.hu\/","name":"Dorogi-medence Region\u00e1lis H\u00edrport\u00e1l","description":"Dorog, Keszt\u00f6lc, Le\u00e1nyv\u00e1r, Piliscs\u00e9v, Tokod, Tokodalt\u00e1r\u00f3, Csolnok, Esztergom-kertv\u00e1ros: h\u00edrek, programok","publisher":{"@id":"https:\/\/dorogimedence.hu\/#organization"},"potentialAction":[{"@type":"SearchAction","target":{"@type":"EntryPoint","urlTemplate":"https:\/\/dorogimedence.hu\/?s={search_term_string}"},"query-input":{"@type":"PropertyValueSpecification","valueRequired":true,"valueName":"search_term_string"}}],"inLanguage":"hu"},{"@type":"Organization","@id":"https:\/\/dorogimedence.hu\/#organization","name":"Dorogi-medence Region\u00e1lis H\u00edrport\u00e1l","url":"https:\/\/dorogimedence.hu\/","logo":{"@type":"ImageObject","inLanguage":"hu","@id":"https:\/\/dorogimedence.hu\/#\/schema\/logo\/image\/","url":"https:\/\/dorogimedence.hu\/wp-content\/uploads\/2021\/04\/logo-feher-600.png","contentUrl":"https:\/\/dorogimedence.hu\/wp-content\/uploads\/2021\/04\/logo-feher-600.png","width":600,"height":100,"caption":"Dorogi-medence Region\u00e1lis H\u00edrport\u00e1l"},"image":{"@id":"https:\/\/dorogimedence.hu\/#\/schema\/logo\/image\/"},"sameAs":["https:\/\/www.facebook.com\/dorogimedence\/"]},{"@type":"Person","@id":"https:\/\/dorogimedence.hu\/#\/schema\/person\/ce6091eeb7e95ecdc87890d6aa8e0fd4","name":"dorogimedence.hu","image":{"@type":"ImageObject","inLanguage":"hu","@id":"\/\/www.gravatar.com\/avatar\/d8d45f8901aadff40a4af72c0b826f1d?s=96&#038;r=g&#038;d=mm","url":"\/\/www.gravatar.com\/avatar\/d8d45f8901aadff40a4af72c0b826f1d?s=96&#038;r=g&#038;d=mm","contentUrl":"\/\/www.gravatar.com\/avatar\/d8d45f8901aadff40a4af72c0b826f1d?s=96&#038;r=g&#038;d=mm","caption":"dorogimedence.hu"}}]}},"_links":{"self":[{"href":"https:\/\/dorogimedence.hu\/index.php\/wp-json\/wp\/v2\/posts\/5378","targetHints":{"allow":["GET"]}}],"collection":[{"href":"https:\/\/dorogimedence.hu\/index.php\/wp-json\/wp\/v2\/posts"}],"about":[{"href":"https:\/\/dorogimedence.hu\/index.php\/wp-json\/wp\/v2\/types\/post"}],"author":[{"embeddable":true,"href":"https:\/\/dorogimedence.hu\/index.php\/wp-json\/wp\/v2\/users\/1"}],"replies":[{"embeddable":true,"href":"https:\/\/dorogimedence.hu\/index.php\/wp-json\/wp\/v2\/comments?post=5378"}],"version-history":[{"count":0,"href":"https:\/\/dorogimedence.hu\/index.php\/wp-json\/wp\/v2\/posts\/5378\/revisions"}],"wp:featuredmedia":[{"embeddable":true,"href":"https:\/\/dorogimedence.hu\/index.php\/wp-json\/wp\/v2\/media\/5379"}],"wp:attachment":[{"href":"https:\/\/dorogimedence.hu\/index.php\/wp-json\/wp\/v2\/media?parent=5378"}],"wp:term":[{"taxonomy":"category","embeddable":true,"href":"https:\/\/dorogimedence.hu\/index.php\/wp-json\/wp\/v2\/categories?post=5378"},{"taxonomy":"post_tag","embeddable":true,"href":"https:\/\/dorogimedence.hu\/index.php\/wp-json\/wp\/v2\/tags?post=5378"}],"curies":[{"name":"wp","href":"https:\/\/api.w.org\/{rel}","templated":true}]}}