{"id":53730,"date":"2023-06-02T13:57:40","date_gmt":"2023-06-02T11:57:40","guid":{"rendered":"https:\/\/dorogimedence.hu\/?p=53730"},"modified":"2023-06-02T16:23:12","modified_gmt":"2023-06-02T14:23:12","slug":"fociklubot-vasarolna-a-dorogi-onkormanyzat","status":"publish","type":"post","link":"https:\/\/dorogimedence.hu\/index.php\/2023\/06\/02\/fociklubot-vasarolna-a-dorogi-onkormanyzat\/","title":{"rendered":"Fociklubot v\u00e1s\u00e1rolna a dorogi \u00f6nkorm\u00e1nyzat"},"content":{"rendered":"<p><strong>J\u00fanius 1-j\u00e9n szurkol\u00f3i ank\u00e9tot tartottak a dorogi m\u0171vel\u0151d\u00e9si h\u00e1zban, ahova mintegy sz\u00e1zan l\u00e1togattak el. A f\u00f3rum a dorogi labdar\u00fag\u00e1s jelen\u00e9r\u0151l \u00e9s j\u00f6v\u0151j\u00e9r\u0151l sz\u00f3lt.<\/strong><\/p>\n<p>Az esem\u00e9nyen el\u0151sz\u00f6r dr. Tittmann J\u00e1nost, Dorog polg\u00e1rmester\u00e9t k\u00e9rt\u00e9k fel, hogy ismertesse az \u00f6nkorm\u00e1nyzat jelenlegi \u00e1ll\u00e1spontj\u00e1t. A polg\u00e1rmester elmondta, hogy a m\u00e1jus 26-ai test\u00fcleti \u00fcl\u00e9sen sz\u00f3 volt a dorogi labdar\u00fag\u00e1s jelenlegi helyzet\u00e9r\u0151l. Egyhang\u00faan, hat\u00e1rozatban fogadt\u00e1k el a k\u00e9pvisel\u0151k, hogy megk\u00f6sz\u00f6nik a labdar\u00fag\u00e1s m\u0171k\u00f6dtet\u00e9s\u00e9ben v\u00e1llalt szerep\u00e9t <span style=\"text-decoration: underline; color: #0000ff;\"><a style=\"color: #0000ff; text-decoration: underline;\" href=\"https:\/\/dorogimedence.hu\/index.php\/2023\/05\/24\/nem-mukodteti-tovabb-mayer-laszlo-cege-a-dorogi-fc-t\/\" target=\"_blank\" rel=\"noopener\">Mayer L\u00e1szl\u00f3nak<\/a><\/span> \u00e9s tudom\u00e1sul veszik, hogy a feln\u0151tt labdar\u00fag\u00e1sban nem k\u00edv\u00e1n szerepet v\u00e1llalni. Kiemelte, hogy akkor azt szerett\u00e9k volna, hogy a Dorogi Futball Kft. adja \u00e1t az NB III-ban val\u00f3 indul\u00e1shoz a jogot a v\u00e1ros sportegyes\u00fclet\u00e9nek. M\u00e1jus 30-\u00e1n egyeztettek is a Magyar Labdar\u00fag\u00f3 Sz\u00f6vets\u00e9ggel (MLSZ) ez\u00fcgyben, de mint kider\u00fclt a v\u00e1ros sportegyes\u00fclet\u00e9re nem ruh\u00e1zhatj\u00e1k ezt a jogot.<\/p>\n<p><img fetchpriority=\"high\" decoding=\"async\" class=\"alignnone size-full wp-image-53732\" src=\"https:\/\/dorogimedence.hu\/wp-content\/uploads\/2023\/06\/anket-02.jpg\" alt=\"\" width=\"1920\" height=\"1154\" srcset=\"https:\/\/dorogimedence.hu\/wp-content\/uploads\/2023\/06\/anket-02.jpg 1920w, https:\/\/dorogimedence.hu\/wp-content\/uploads\/2023\/06\/anket-02-600x361.jpg 600w, https:\/\/dorogimedence.hu\/wp-content\/uploads\/2023\/06\/anket-02-768x462.jpg 768w, https:\/\/dorogimedence.hu\/wp-content\/uploads\/2023\/06\/anket-02-1536x923.jpg 1536w, https:\/\/dorogimedence.hu\/wp-content\/uploads\/2023\/06\/anket-02-150x90.jpg 150w, https:\/\/dorogimedence.hu\/wp-content\/uploads\/2023\/06\/anket-02-450x270.jpg 450w, https:\/\/dorogimedence.hu\/wp-content\/uploads\/2023\/06\/anket-02-1200x721.jpg 1200w\" sizes=\"(max-width: 1920px) 100vw, 1920px\" \/><\/p>\n<p>A polg\u00e1rmester kiemelte, hogy az \u00f6nkorm\u00e1nyzat k\u00e9sz megv\u00e1s\u00e1rolni Mayer L\u00e1szl\u00f3 50%-os tulajdonr\u00e9sz\u00e9t a Dorogi Futball Kft-ben, err\u0151l rendk\u00edv\u00fcli \u00fcl\u00e9s keret\u00e9ben d\u00f6nt\u00f6tt Dorog V\u00e1ros \u00d6nkorm\u00e1nyzat\u00e1nak K\u00e9pvisel\u0151-test\u00fclete j\u00fanius 2-\u00e1n. Dr. Tittmann J\u00e1nos elmondta: dolgoznak azon, hogy az NB III-ban val\u00f3 indul\u00e1shoz biztos\u00edts\u00e1k a szakmai h\u00e1tteret, illetve, hogy k\u00fcls\u0151 k\u00f6zrem\u0171k\u00f6d\u0151ket \u00e9s partnereket keressenek.<\/p>\n<p>A polg\u00e1rmester r\u00e1mutatott arra, hogy az \u00f6nkorm\u00e1nyzat a dorogi labdar\u00fag\u00e1s \u00e9let\u00e9ben csak a harmadoszt\u00e1lyt tudja t\u00e1mogatni, teh\u00e1t, ha a j\u00f6v\u0151ben esetleg szintet l\u00e9pn\u00e9nek ism\u00e9t a dorogiak, azt az \u00f6nkorm\u00e1nyzat m\u00e1r nem tudn\u00e1 fedezni. \u201eA v\u00e1rosnak nem k\u00f6teless\u00e9ge \u00e9s nem is \u00e9rdeke olyan nagy p\u00e9nzzel besz\u00e1llni a labdar\u00fag\u00e1sba, ami alkalmas lenne arra, hogy a Dorogi FC visszajusson \u00fajra az NB II-be\u201d \u2013 jegyezte meg a v\u00e1rosvezet\u0151.<\/p>\n<p>Az ank\u00e9t m\u00e1sodik r\u00e9sz\u00e9ben Mayer L\u00e1szl\u00f3 mondta el az \u00e1ll\u00e1spontj\u00e1t. Kiemelte, hogy 2007-ben kezdett foglalkozni az ut\u00e1np\u00f3tl\u00e1ssal Dorogon, majd 2011-ben karolta fel a klubot. Megjegyezte, hogy az ut\u00f3bbi 1-2 \u00e9vben m\u00e1r l\u00e1tszott, hogy kezd elfogyni a leveg\u0151 a Dorogi FC k\u00f6r\u00fcl, viszont a k\u00fcl\u00f6nb\u00f6z\u0151 h\u00edresztel\u00e9sekkel ellent\u00e9tben ez nem az\u00e9rt volt, mert elfogyott volna a p\u00e9nz. A dorogiak teljes\u00edtm\u00e9nye cs\u00f6kkent, megl\u00e1t\u00e1sa szerint pedig a fel\u00faj\u00edtott dorogi stadion nem alkalmas az NB II-es j\u00e1t\u00e9kra. \u201eLabdar\u00fag\u00f3ink rendszeresen a Tokod-\u00dcveggy\u00e1rban l\u00e9tes\u00edtett p\u00e1ly\u00e1nkon edzettek, hogy elker\u00fclj\u00e9k a s\u00e9r\u00fcl\u00e9seket.\u201d \u2013 tette hozz\u00e1 Mayer L\u00e1szl\u00f3. Mindemellett fontosnak tartotta megeml\u00edteni azt is, hogy az NB II-ben nem tartja re\u00e1lisnak, hogy a futballist\u00e1k havi 1,5-2 milli\u00f3 forintot keressenek \u00fagy, hogy teljes\u00edtm\u00e9ny igaz\u00e1n nincs m\u00f6g\u00f6tt\u00fck.<\/p>\n<p><img decoding=\"async\" class=\"alignnone size-full wp-image-53733\" src=\"https:\/\/dorogimedence.hu\/wp-content\/uploads\/2023\/06\/anket-03.jpg\" alt=\"\" width=\"1920\" height=\"1127\" srcset=\"https:\/\/dorogimedence.hu\/wp-content\/uploads\/2023\/06\/anket-03.jpg 1920w, https:\/\/dorogimedence.hu\/wp-content\/uploads\/2023\/06\/anket-03-600x352.jpg 600w, https:\/\/dorogimedence.hu\/wp-content\/uploads\/2023\/06\/anket-03-768x451.jpg 768w, https:\/\/dorogimedence.hu\/wp-content\/uploads\/2023\/06\/anket-03-1536x902.jpg 1536w, https:\/\/dorogimedence.hu\/wp-content\/uploads\/2023\/06\/anket-03-150x88.jpg 150w, https:\/\/dorogimedence.hu\/wp-content\/uploads\/2023\/06\/anket-03-450x264.jpg 450w, https:\/\/dorogimedence.hu\/wp-content\/uploads\/2023\/06\/anket-03-1200x704.jpg 1200w\" sizes=\"(max-width: 1920px) 100vw, 1920px\" \/><\/p>\n<p>A dorogimedence.hu k\u00e9rd\u00e9s\u00e9re Mayer L\u00e1szl\u00f3 elmondta, hogy az NB II-es csapat \u00e9ves k\u00f6lts\u00e9gvet\u00e9se 380 milli\u00f3 forint k\u00f6r\u00fcl mozgott, amelyhez az MLSZ 180 milli\u00f3 forinttal j\u00e1rult hozz\u00e1. Tapasztalatai szerint pedig egy stabil k\u00f6z\u00e9pcsapat \u00e9ves k\u00f6lts\u00e9gvet\u00e9se az NB III-ban 80-150 milli\u00f3 forintra tehet\u0151, amelyhez az MLSZ 30 milli\u00f3 forinttal j\u00e1rul hozz\u00e1. Teh\u00e1t, hogy a klub g\u00f6rd\u00fcl\u00e9kenyen m\u0171k\u00f6dhessen, a leend\u0151 fenntart\u00f3nak \u2013 eset\u00fcnkben az \u00f6nkorm\u00e1nyzatnak \u2013 ekkora \u00f6sszeget kellene kigazd\u00e1lkodnia \u00e9s elk\u00fcl\u00f6n\u00edtenie a k\u00f6lts\u00e9gvet\u00e9sben.<\/p>\n<p>Az ank\u00e9t h\u00e1tral\u00e9v\u0151 r\u00e9sz\u00e9ben tov\u00e1bbi k\u00e9rd\u00e9seket tettek fel Mayer L\u00e1szl\u00f3nak, de Sitku Ill\u00e9s is kivette szerep\u00e9t a v\u00e1laszad\u00e1sokban.<\/p>\n","protected":false},"excerpt":{"rendered":"<p>J\u00fanius 1-j\u00e9n szurkol\u00f3i ank\u00e9tot tartottak a dorogi m\u0171vel\u0151d\u00e9si h\u00e1zban, ahova mintegy sz\u00e1zan l\u00e1togattak el. A f\u00f3rum a dorogi labdar\u00fag\u00e1s jelen\u00e9r\u0151l \u00e9s j\u00f6v\u0151j\u00e9r\u0151l sz\u00f3lt. Az esem\u00e9nyen el\u0151sz\u00f6r dr. Tittmann J\u00e1nost, Dorog polg\u00e1rmester\u00e9t k\u00e9rt\u00e9k fel, hogy ismertesse az \u00f6nkorm\u00e1nyzat jelenlegi \u00e1ll\u00e1spontj\u00e1t. A polg\u00e1rmester elmondta, hogy a m\u00e1jus 26-ai test\u00fcleti \u00fcl\u00e9sen sz\u00f3 volt a dorogi labdar\u00fag\u00e1s jelenlegi helyzet\u00e9r\u0151l.<\/p>\n","protected":false},"author":1,"featured_media":53731,"comment_status":"closed","ping_status":"closed","sticky":false,"template":"","format":"standard","meta":{"ngg_post_thumbnail":0,"footnotes":""},"categories":[2,3,5],"tags":[1436,15,37,5624,70,69,72,263,1437],"class_list":{"0":"post-53730","1":"post","2":"type-post","3":"status-publish","4":"format-standard","5":"has-post-thumbnail","7":"category-dorog","8":"category-hirek","9":"category-sport","10":"tag-anket","11":"tag-dorog","12":"tag-dorogi-fc","13":"tag-featured","14":"tag-foci","15":"tag-futball","16":"tag-labdarugas","17":"tag-nb-ii","18":"tag-szurkoloi-anket"},"yoast_head":"<!-- This site is optimized with the Yoast SEO plugin v27.4 - https:\/\/yoast.com\/product\/yoast-seo-wordpress\/ -->\n<title>Fociklubot v\u00e1s\u00e1rolna a dorogi \u00f6nkorm\u00e1nyzat<\/title>\n<meta name=\"robots\" content=\"index, follow, max-snippet:-1, max-image-preview:large, max-video-preview:-1\" \/>\n<link rel=\"canonical\" href=\"https:\/\/dorogimedence.hu\/index.php\/2023\/06\/02\/fociklubot-vasarolna-a-dorogi-onkormanyzat\/\" class=\"yoast-seo-meta-tag\" \/>\n<meta property=\"og:locale\" content=\"hu_HU\" class=\"yoast-seo-meta-tag\" \/>\n<meta property=\"og:type\" content=\"article\" class=\"yoast-seo-meta-tag\" \/>\n<meta property=\"og:title\" content=\"Fociklubot v\u00e1s\u00e1rolna a dorogi \u00f6nkorm\u00e1nyzat\" class=\"yoast-seo-meta-tag\" \/>\n<meta property=\"og:description\" content=\"J\u00fanius 1-j\u00e9n szurkol\u00f3i ank\u00e9tot tartottak a dorogi m\u0171vel\u0151d\u00e9si h\u00e1zban, ahova mintegy sz\u00e1zan l\u00e1togattak el. A f\u00f3rum a dorogi labdar\u00fag\u00e1s jelen\u00e9r\u0151l \u00e9s j\u00f6v\u0151j\u00e9r\u0151l sz\u00f3lt. Az esem\u00e9nyen el\u0151sz\u00f6r dr. Tittmann J\u00e1nost, Dorog polg\u00e1rmester\u00e9t k\u00e9rt\u00e9k fel, hogy ismertesse az \u00f6nkorm\u00e1nyzat jelenlegi \u00e1ll\u00e1spontj\u00e1t. A polg\u00e1rmester elmondta, hogy a m\u00e1jus 26-ai test\u00fcleti \u00fcl\u00e9sen sz\u00f3 volt a dorogi labdar\u00fag\u00e1s jelenlegi helyzet\u00e9r\u0151l.\" class=\"yoast-seo-meta-tag\" \/>\n<meta property=\"og:url\" content=\"https:\/\/dorogimedence.hu\/index.php\/2023\/06\/02\/fociklubot-vasarolna-a-dorogi-onkormanyzat\/\" class=\"yoast-seo-meta-tag\" \/>\n<meta property=\"og:site_name\" content=\"Dorogi-medence Region\u00e1lis H\u00edrport\u00e1l\" class=\"yoast-seo-meta-tag\" \/>\n<meta property=\"article:publisher\" content=\"https:\/\/www.facebook.com\/dorogimedence\/\" class=\"yoast-seo-meta-tag\" \/>\n<meta property=\"article:published_time\" content=\"2023-06-02T11:57:40+00:00\" class=\"yoast-seo-meta-tag\" \/>\n<meta property=\"article:modified_time\" content=\"2023-06-02T14:23:12+00:00\" class=\"yoast-seo-meta-tag\" \/>\n<meta property=\"og:image\" content=\"https:\/\/dorogimedence.hu\/wp-content\/uploads\/2023\/06\/anket-01.jpg\" class=\"yoast-seo-meta-tag\" \/>\n\t<meta property=\"og:image:width\" content=\"1920\" class=\"yoast-seo-meta-tag\" \/>\n\t<meta property=\"og:image:height\" content=\"970\" class=\"yoast-seo-meta-tag\" \/>\n\t<meta property=\"og:image:type\" content=\"image\/jpeg\" class=\"yoast-seo-meta-tag\" \/>\n<meta name=\"author\" content=\"dorogimedence.hu\" class=\"yoast-seo-meta-tag\" \/>\n<meta name=\"twitter:card\" content=\"summary_large_image\" class=\"yoast-seo-meta-tag\" \/>\n<meta name=\"twitter:label1\" content=\"Szerz\u0151:\" class=\"yoast-seo-meta-tag\" \/>\n\t<meta name=\"twitter:data1\" content=\"dorogimedence.hu\" class=\"yoast-seo-meta-tag\" \/>\n\t<meta name=\"twitter:label2\" content=\"Becs\u00fclt olvas\u00e1si id\u0151\" class=\"yoast-seo-meta-tag\" \/>\n\t<meta name=\"twitter:data2\" content=\"3 perc\" class=\"yoast-seo-meta-tag\" \/>\n<script type=\"application\/ld+json\" class=\"yoast-schema-graph\">{\"@context\":\"https:\\\/\\\/schema.org\",\"@graph\":[{\"@type\":\"Article\",\"@id\":\"https:\\\/\\\/dorogimedence.hu\\\/index.php\\\/2023\\\/06\\\/02\\\/fociklubot-vasarolna-a-dorogi-onkormanyzat\\\/#article\",\"isPartOf\":{\"@id\":\"https:\\\/\\\/dorogimedence.hu\\\/index.php\\\/2023\\\/06\\\/02\\\/fociklubot-vasarolna-a-dorogi-onkormanyzat\\\/\"},\"author\":{\"name\":\"dorogimedence.hu\",\"@id\":\"https:\\\/\\\/dorogimedence.hu\\\/#\\\/schema\\\/person\\\/ce6091eeb7e95ecdc87890d6aa8e0fd4\"},\"headline\":\"Fociklubot v\u00e1s\u00e1rolna a dorogi \u00f6nkorm\u00e1nyzat\",\"datePublished\":\"2023-06-02T11:57:40+00:00\",\"dateModified\":\"2023-06-02T14:23:12+00:00\",\"mainEntityOfPage\":{\"@id\":\"https:\\\/\\\/dorogimedence.hu\\\/index.php\\\/2023\\\/06\\\/02\\\/fociklubot-vasarolna-a-dorogi-onkormanyzat\\\/\"},\"wordCount\":684,\"publisher\":{\"@id\":\"https:\\\/\\\/dorogimedence.hu\\\/#organization\"},\"image\":{\"@id\":\"https:\\\/\\\/dorogimedence.hu\\\/index.php\\\/2023\\\/06\\\/02\\\/fociklubot-vasarolna-a-dorogi-onkormanyzat\\\/#primaryimage\"},\"thumbnailUrl\":\"https:\\\/\\\/dorogimedence.hu\\\/wp-content\\\/uploads\\\/2023\\\/06\\\/anket-01.jpg\",\"keywords\":[\"ank\u00e9t\",\"Dorog\",\"Dorogi FC\",\"featured\",\"foci\",\"futball\",\"labdar\u00fag\u00e1s\",\"NB II\",\"szurkol\u00f3i ank\u00e9t\"],\"articleSection\":[\"Dorog\",\"H\u00edrek\",\"Sport\"],\"inLanguage\":\"hu\"},{\"@type\":\"WebPage\",\"@id\":\"https:\\\/\\\/dorogimedence.hu\\\/index.php\\\/2023\\\/06\\\/02\\\/fociklubot-vasarolna-a-dorogi-onkormanyzat\\\/\",\"url\":\"https:\\\/\\\/dorogimedence.hu\\\/index.php\\\/2023\\\/06\\\/02\\\/fociklubot-vasarolna-a-dorogi-onkormanyzat\\\/\",\"name\":\"Fociklubot v\u00e1s\u00e1rolna a dorogi \u00f6nkorm\u00e1nyzat\",\"isPartOf\":{\"@id\":\"https:\\\/\\\/dorogimedence.hu\\\/#website\"},\"primaryImageOfPage\":{\"@id\":\"https:\\\/\\\/dorogimedence.hu\\\/index.php\\\/2023\\\/06\\\/02\\\/fociklubot-vasarolna-a-dorogi-onkormanyzat\\\/#primaryimage\"},\"image\":{\"@id\":\"https:\\\/\\\/dorogimedence.hu\\\/index.php\\\/2023\\\/06\\\/02\\\/fociklubot-vasarolna-a-dorogi-onkormanyzat\\\/#primaryimage\"},\"thumbnailUrl\":\"https:\\\/\\\/dorogimedence.hu\\\/wp-content\\\/uploads\\\/2023\\\/06\\\/anket-01.jpg\",\"datePublished\":\"2023-06-02T11:57:40+00:00\",\"dateModified\":\"2023-06-02T14:23:12+00:00\",\"breadcrumb\":{\"@id\":\"https:\\\/\\\/dorogimedence.hu\\\/index.php\\\/2023\\\/06\\\/02\\\/fociklubot-vasarolna-a-dorogi-onkormanyzat\\\/#breadcrumb\"},\"inLanguage\":\"hu\",\"potentialAction\":[{\"@type\":\"ReadAction\",\"target\":[\"https:\\\/\\\/dorogimedence.hu\\\/index.php\\\/2023\\\/06\\\/02\\\/fociklubot-vasarolna-a-dorogi-onkormanyzat\\\/\"]}]},{\"@type\":\"ImageObject\",\"inLanguage\":\"hu\",\"@id\":\"https:\\\/\\\/dorogimedence.hu\\\/index.php\\\/2023\\\/06\\\/02\\\/fociklubot-vasarolna-a-dorogi-onkormanyzat\\\/#primaryimage\",\"url\":\"https:\\\/\\\/dorogimedence.hu\\\/wp-content\\\/uploads\\\/2023\\\/06\\\/anket-01.jpg\",\"contentUrl\":\"https:\\\/\\\/dorogimedence.hu\\\/wp-content\\\/uploads\\\/2023\\\/06\\\/anket-01.jpg\",\"width\":1920,\"height\":970},{\"@type\":\"BreadcrumbList\",\"@id\":\"https:\\\/\\\/dorogimedence.hu\\\/index.php\\\/2023\\\/06\\\/02\\\/fociklubot-vasarolna-a-dorogi-onkormanyzat\\\/#breadcrumb\",\"itemListElement\":[{\"@type\":\"ListItem\",\"position\":1,\"name\":\"Kezd\u0151lap\",\"item\":\"https:\\\/\\\/dorogimedence.hu\\\/\"},{\"@type\":\"ListItem\",\"position\":2,\"name\":\"Fociklubot v\u00e1s\u00e1rolna a dorogi \u00f6nkorm\u00e1nyzat\"}]},{\"@type\":\"WebSite\",\"@id\":\"https:\\\/\\\/dorogimedence.hu\\\/#website\",\"url\":\"https:\\\/\\\/dorogimedence.hu\\\/\",\"name\":\"Dorogi-medence Region\u00e1lis H\u00edrport\u00e1l\",\"description\":\"Dorog, Keszt\u00f6lc, Le\u00e1nyv\u00e1r, Piliscs\u00e9v, Tokod, Tokodalt\u00e1r\u00f3, Csolnok, Esztergom-kertv\u00e1ros: h\u00edrek, programok\",\"publisher\":{\"@id\":\"https:\\\/\\\/dorogimedence.hu\\\/#organization\"},\"potentialAction\":[{\"@type\":\"SearchAction\",\"target\":{\"@type\":\"EntryPoint\",\"urlTemplate\":\"https:\\\/\\\/dorogimedence.hu\\\/?s={search_term_string}\"},\"query-input\":{\"@type\":\"PropertyValueSpecification\",\"valueRequired\":true,\"valueName\":\"search_term_string\"}}],\"inLanguage\":\"hu\"},{\"@type\":\"Organization\",\"@id\":\"https:\\\/\\\/dorogimedence.hu\\\/#organization\",\"name\":\"Dorogi-medence Region\u00e1lis H\u00edrport\u00e1l\",\"url\":\"https:\\\/\\\/dorogimedence.hu\\\/\",\"logo\":{\"@type\":\"ImageObject\",\"inLanguage\":\"hu\",\"@id\":\"https:\\\/\\\/dorogimedence.hu\\\/#\\\/schema\\\/logo\\\/image\\\/\",\"url\":\"https:\\\/\\\/dorogimedence.hu\\\/wp-content\\\/uploads\\\/2021\\\/04\\\/logo-feher-600.png\",\"contentUrl\":\"https:\\\/\\\/dorogimedence.hu\\\/wp-content\\\/uploads\\\/2021\\\/04\\\/logo-feher-600.png\",\"width\":600,\"height\":100,\"caption\":\"Dorogi-medence Region\u00e1lis H\u00edrport\u00e1l\"},\"image\":{\"@id\":\"https:\\\/\\\/dorogimedence.hu\\\/#\\\/schema\\\/logo\\\/image\\\/\"},\"sameAs\":[\"https:\\\/\\\/www.facebook.com\\\/dorogimedence\\\/\"]},{\"@type\":\"Person\",\"@id\":\"https:\\\/\\\/dorogimedence.hu\\\/#\\\/schema\\\/person\\\/ce6091eeb7e95ecdc87890d6aa8e0fd4\",\"name\":\"dorogimedence.hu\",\"image\":{\"@type\":\"ImageObject\",\"inLanguage\":\"hu\",\"@id\":\"\\\/\\\/www.gravatar.com\\\/avatar\\\/d8d45f8901aadff40a4af72c0b826f1d?s=96&#038;r=g&#038;d=mm\",\"url\":\"\\\/\\\/www.gravatar.com\\\/avatar\\\/d8d45f8901aadff40a4af72c0b826f1d?s=96&#038;r=g&#038;d=mm\",\"contentUrl\":\"\\\/\\\/www.gravatar.com\\\/avatar\\\/d8d45f8901aadff40a4af72c0b826f1d?s=96&#038;r=g&#038;d=mm\",\"caption\":\"dorogimedence.hu\"}}]}<\/script>\n<!-- \/ Yoast SEO plugin. -->","yoast_head_json":{"title":"Fociklubot v\u00e1s\u00e1rolna a dorogi \u00f6nkorm\u00e1nyzat","robots":{"index":"index","follow":"follow","max-snippet":"max-snippet:-1","max-image-preview":"max-image-preview:large","max-video-preview":"max-video-preview:-1"},"canonical":"https:\/\/dorogimedence.hu\/index.php\/2023\/06\/02\/fociklubot-vasarolna-a-dorogi-onkormanyzat\/","og_locale":"hu_HU","og_type":"article","og_title":"Fociklubot v\u00e1s\u00e1rolna a dorogi \u00f6nkorm\u00e1nyzat","og_description":"J\u00fanius 1-j\u00e9n szurkol\u00f3i ank\u00e9tot tartottak a dorogi m\u0171vel\u0151d\u00e9si h\u00e1zban, ahova mintegy sz\u00e1zan l\u00e1togattak el. A f\u00f3rum a dorogi labdar\u00fag\u00e1s jelen\u00e9r\u0151l \u00e9s j\u00f6v\u0151j\u00e9r\u0151l sz\u00f3lt. Az esem\u00e9nyen el\u0151sz\u00f6r dr. Tittmann J\u00e1nost, Dorog polg\u00e1rmester\u00e9t k\u00e9rt\u00e9k fel, hogy ismertesse az \u00f6nkorm\u00e1nyzat jelenlegi \u00e1ll\u00e1spontj\u00e1t. A polg\u00e1rmester elmondta, hogy a m\u00e1jus 26-ai test\u00fcleti \u00fcl\u00e9sen sz\u00f3 volt a dorogi labdar\u00fag\u00e1s jelenlegi helyzet\u00e9r\u0151l.","og_url":"https:\/\/dorogimedence.hu\/index.php\/2023\/06\/02\/fociklubot-vasarolna-a-dorogi-onkormanyzat\/","og_site_name":"Dorogi-medence Region\u00e1lis H\u00edrport\u00e1l","article_publisher":"https:\/\/www.facebook.com\/dorogimedence\/","article_published_time":"2023-06-02T11:57:40+00:00","article_modified_time":"2023-06-02T14:23:12+00:00","og_image":[{"width":1920,"height":970,"url":"https:\/\/dorogimedence.hu\/wp-content\/uploads\/2023\/06\/anket-01.jpg","type":"image\/jpeg"}],"author":"dorogimedence.hu","twitter_card":"summary_large_image","twitter_misc":{"Szerz\u0151:":"dorogimedence.hu","Becs\u00fclt olvas\u00e1si id\u0151":"3 perc"},"schema":{"@context":"https:\/\/schema.org","@graph":[{"@type":"Article","@id":"https:\/\/dorogimedence.hu\/index.php\/2023\/06\/02\/fociklubot-vasarolna-a-dorogi-onkormanyzat\/#article","isPartOf":{"@id":"https:\/\/dorogimedence.hu\/index.php\/2023\/06\/02\/fociklubot-vasarolna-a-dorogi-onkormanyzat\/"},"author":{"name":"dorogimedence.hu","@id":"https:\/\/dorogimedence.hu\/#\/schema\/person\/ce6091eeb7e95ecdc87890d6aa8e0fd4"},"headline":"Fociklubot v\u00e1s\u00e1rolna a dorogi \u00f6nkorm\u00e1nyzat","datePublished":"2023-06-02T11:57:40+00:00","dateModified":"2023-06-02T14:23:12+00:00","mainEntityOfPage":{"@id":"https:\/\/dorogimedence.hu\/index.php\/2023\/06\/02\/fociklubot-vasarolna-a-dorogi-onkormanyzat\/"},"wordCount":684,"publisher":{"@id":"https:\/\/dorogimedence.hu\/#organization"},"image":{"@id":"https:\/\/dorogimedence.hu\/index.php\/2023\/06\/02\/fociklubot-vasarolna-a-dorogi-onkormanyzat\/#primaryimage"},"thumbnailUrl":"https:\/\/dorogimedence.hu\/wp-content\/uploads\/2023\/06\/anket-01.jpg","keywords":["ank\u00e9t","Dorog","Dorogi FC","featured","foci","futball","labdar\u00fag\u00e1s","NB II","szurkol\u00f3i ank\u00e9t"],"articleSection":["Dorog","H\u00edrek","Sport"],"inLanguage":"hu"},{"@type":"WebPage","@id":"https:\/\/dorogimedence.hu\/index.php\/2023\/06\/02\/fociklubot-vasarolna-a-dorogi-onkormanyzat\/","url":"https:\/\/dorogimedence.hu\/index.php\/2023\/06\/02\/fociklubot-vasarolna-a-dorogi-onkormanyzat\/","name":"Fociklubot v\u00e1s\u00e1rolna a dorogi \u00f6nkorm\u00e1nyzat","isPartOf":{"@id":"https:\/\/dorogimedence.hu\/#website"},"primaryImageOfPage":{"@id":"https:\/\/dorogimedence.hu\/index.php\/2023\/06\/02\/fociklubot-vasarolna-a-dorogi-onkormanyzat\/#primaryimage"},"image":{"@id":"https:\/\/dorogimedence.hu\/index.php\/2023\/06\/02\/fociklubot-vasarolna-a-dorogi-onkormanyzat\/#primaryimage"},"thumbnailUrl":"https:\/\/dorogimedence.hu\/wp-content\/uploads\/2023\/06\/anket-01.jpg","datePublished":"2023-06-02T11:57:40+00:00","dateModified":"2023-06-02T14:23:12+00:00","breadcrumb":{"@id":"https:\/\/dorogimedence.hu\/index.php\/2023\/06\/02\/fociklubot-vasarolna-a-dorogi-onkormanyzat\/#breadcrumb"},"inLanguage":"hu","potentialAction":[{"@type":"ReadAction","target":["https:\/\/dorogimedence.hu\/index.php\/2023\/06\/02\/fociklubot-vasarolna-a-dorogi-onkormanyzat\/"]}]},{"@type":"ImageObject","inLanguage":"hu","@id":"https:\/\/dorogimedence.hu\/index.php\/2023\/06\/02\/fociklubot-vasarolna-a-dorogi-onkormanyzat\/#primaryimage","url":"https:\/\/dorogimedence.hu\/wp-content\/uploads\/2023\/06\/anket-01.jpg","contentUrl":"https:\/\/dorogimedence.hu\/wp-content\/uploads\/2023\/06\/anket-01.jpg","width":1920,"height":970},{"@type":"BreadcrumbList","@id":"https:\/\/dorogimedence.hu\/index.php\/2023\/06\/02\/fociklubot-vasarolna-a-dorogi-onkormanyzat\/#breadcrumb","itemListElement":[{"@type":"ListItem","position":1,"name":"Kezd\u0151lap","item":"https:\/\/dorogimedence.hu\/"},{"@type":"ListItem","position":2,"name":"Fociklubot v\u00e1s\u00e1rolna a dorogi \u00f6nkorm\u00e1nyzat"}]},{"@type":"WebSite","@id":"https:\/\/dorogimedence.hu\/#website","url":"https:\/\/dorogimedence.hu\/","name":"Dorogi-medence Region\u00e1lis H\u00edrport\u00e1l","description":"Dorog, Keszt\u00f6lc, Le\u00e1nyv\u00e1r, Piliscs\u00e9v, Tokod, Tokodalt\u00e1r\u00f3, Csolnok, Esztergom-kertv\u00e1ros: h\u00edrek, programok","publisher":{"@id":"https:\/\/dorogimedence.hu\/#organization"},"potentialAction":[{"@type":"SearchAction","target":{"@type":"EntryPoint","urlTemplate":"https:\/\/dorogimedence.hu\/?s={search_term_string}"},"query-input":{"@type":"PropertyValueSpecification","valueRequired":true,"valueName":"search_term_string"}}],"inLanguage":"hu"},{"@type":"Organization","@id":"https:\/\/dorogimedence.hu\/#organization","name":"Dorogi-medence Region\u00e1lis H\u00edrport\u00e1l","url":"https:\/\/dorogimedence.hu\/","logo":{"@type":"ImageObject","inLanguage":"hu","@id":"https:\/\/dorogimedence.hu\/#\/schema\/logo\/image\/","url":"https:\/\/dorogimedence.hu\/wp-content\/uploads\/2021\/04\/logo-feher-600.png","contentUrl":"https:\/\/dorogimedence.hu\/wp-content\/uploads\/2021\/04\/logo-feher-600.png","width":600,"height":100,"caption":"Dorogi-medence Region\u00e1lis H\u00edrport\u00e1l"},"image":{"@id":"https:\/\/dorogimedence.hu\/#\/schema\/logo\/image\/"},"sameAs":["https:\/\/www.facebook.com\/dorogimedence\/"]},{"@type":"Person","@id":"https:\/\/dorogimedence.hu\/#\/schema\/person\/ce6091eeb7e95ecdc87890d6aa8e0fd4","name":"dorogimedence.hu","image":{"@type":"ImageObject","inLanguage":"hu","@id":"\/\/www.gravatar.com\/avatar\/d8d45f8901aadff40a4af72c0b826f1d?s=96&#038;r=g&#038;d=mm","url":"\/\/www.gravatar.com\/avatar\/d8d45f8901aadff40a4af72c0b826f1d?s=96&#038;r=g&#038;d=mm","contentUrl":"\/\/www.gravatar.com\/avatar\/d8d45f8901aadff40a4af72c0b826f1d?s=96&#038;r=g&#038;d=mm","caption":"dorogimedence.hu"}}]}},"_links":{"self":[{"href":"https:\/\/dorogimedence.hu\/index.php\/wp-json\/wp\/v2\/posts\/53730","targetHints":{"allow":["GET"]}}],"collection":[{"href":"https:\/\/dorogimedence.hu\/index.php\/wp-json\/wp\/v2\/posts"}],"about":[{"href":"https:\/\/dorogimedence.hu\/index.php\/wp-json\/wp\/v2\/types\/post"}],"author":[{"embeddable":true,"href":"https:\/\/dorogimedence.hu\/index.php\/wp-json\/wp\/v2\/users\/1"}],"replies":[{"embeddable":true,"href":"https:\/\/dorogimedence.hu\/index.php\/wp-json\/wp\/v2\/comments?post=53730"}],"version-history":[{"count":0,"href":"https:\/\/dorogimedence.hu\/index.php\/wp-json\/wp\/v2\/posts\/53730\/revisions"}],"wp:featuredmedia":[{"embeddable":true,"href":"https:\/\/dorogimedence.hu\/index.php\/wp-json\/wp\/v2\/media\/53731"}],"wp:attachment":[{"href":"https:\/\/dorogimedence.hu\/index.php\/wp-json\/wp\/v2\/media?parent=53730"}],"wp:term":[{"taxonomy":"category","embeddable":true,"href":"https:\/\/dorogimedence.hu\/index.php\/wp-json\/wp\/v2\/categories?post=53730"},{"taxonomy":"post_tag","embeddable":true,"href":"https:\/\/dorogimedence.hu\/index.php\/wp-json\/wp\/v2\/tags?post=53730"}],"curies":[{"name":"wp","href":"https:\/\/api.w.org\/{rel}","templated":true}]}}