{"id":53722,"date":"2023-06-02T09:57:32","date_gmt":"2023-06-02T07:57:32","guid":{"rendered":"https:\/\/dorogimedence.hu\/?p=53722"},"modified":"2023-06-02T10:03:01","modified_gmt":"2023-06-02T08:03:01","slug":"kukorica-tallert-hivtak-vissza-nem-engedelyezett-novenyvedoszer-maradek-miatt","status":"publish","type":"post","link":"https:\/\/dorogimedence.hu\/index.php\/2023\/06\/02\/kukorica-tallert-hivtak-vissza-nem-engedelyezett-novenyvedoszer-maradek-miatt\/","title":{"rendered":"Kukorica tall\u00e9rt h\u00edvtak vissza nem enged\u00e9lyezett n\u00f6v\u00e9nyv\u00e9d\u0151szer-marad\u00e9k miatt"},"content":{"rendered":"<p><strong>Nem enged\u00e9lyezett n\u00f6v\u00e9nyv\u00e9d\u0151szer-marad\u00e9k (kl\u00f3rpirifosz) jelenl\u00e9te miatt a gy\u00e1rt\u00f3 Good Food Products visszah\u00edvta a 2023. szeptember 19-i min\u0151s\u00e9gmeg\u0151rz\u00e9si idej\u0171 105 grammos Sondey Kukorica tall\u00e9r amaranth \u00e9s a 105 grammos Sondey Kukorica tall\u00e9r chia term\u00e9keit, az \u00e1rut Magyarorsz\u00e1gon a Lidl forgalmazza<\/strong> <em>&#8211; k\u00f6z\u00f6lte a Nemzeti \u00c9lelmiszerl\u00e1nc-biztons\u00e1gi Hivatal (N\u00e9bih) cs\u00fct\u00f6rt\u00f6k\u00f6n.<\/em><\/p>\n<p><strong>Bejelent\u0151:<\/strong> RASFF (Spanyolorsz\u00e1g)<br \/>\n<strong>Gy\u00e1rt\u00f3:<\/strong> Good Food Products<br \/>\n<strong>Forgalmaz\u00f3:<\/strong> Lidl Magyarorsz\u00e1g Bt.<br \/>\n<strong>A term\u00e9k eredete: <\/strong>Spanyolorsz\u00e1g (alapanyag)<br \/>\n<strong>RASFF referenciasz\u00e1m:<\/strong> 2023.2025<br \/>\n<strong>Term\u00e9kek megnevez\u00e9se:<\/strong> Sondey Kukorica tall\u00e9r amar\u00e1nt 105 g \u00e9s Sondey Kukorica tall\u00e9r chia 105 g<br \/>\n<strong>Min\u0151s\u00e9gmeg\u0151rz\u00e9si id\u0151:<\/strong> 19.09.2023<\/p>\n<p>A term\u00e9kvisszah\u00edv\u00e1s kiz\u00e1r\u00f3lag a fenti adatokkal azonos\u00edtott term\u00e9kekre vonatkozik. A hat\u00f3s\u00e1g arra k\u00e9ri a v\u00e1s\u00e1rl\u00f3kat, hogy a visszah\u00edvott term\u00e9ket ne fogyassz\u00e1k. Az \u00e9rintett term\u00e9kek b\u00e1rmelyik Lidl \u00fczletbe visszavihet\u0151k, a term\u00e9kek \u00e1r\u00e1t blokk n\u00e9lk\u00fcl is visszat\u00e9r\u00edtik. Az \u00fczletl\u00e1nc a visszah\u00edv\u00e1sr\u00f3l a <a href=\"https:\/\/www.lidl.hu\/\" target=\"_blank\" rel=\"noopener\"><span style=\"text-decoration: underline; color: #0000ff;\">honlapj\u00e1n<\/span><\/a> \u00e9s a boltjaiban kihelyezett inform\u00e1ci\u00f3s plak\u00e1tokon t\u00e1j\u00e9koztatta v\u00e1s\u00e1rl\u00f3it.<\/p>\n<p>A N\u00e9bih honlapj\u00e1n ismerteti, hogy a kl\u00f3rpirifosz szerves foszforsav \u00e9szterek k\u00f6zz\u00e9 tartoz\u00f3 rovar\u00f6l\u0151 szer hat\u00f3anyaga, amelyet kor\u00e1bban sz\u00e1mos kult\u00far\u00e1ban rovark\u00e1rtev\u0151k elleni v\u00e9dekez\u00e9sre, t\u00e1rolt gabonaf\u00e9l\u00e9k, \u00e9s az \u00fcres rakt\u00e1rak kezel\u00e9s\u00e9re haszn\u00e1ltak. Az Eur\u00f3pai \u00c9lelmiszerbiztons\u00e1gi Hat\u00f3s\u00e1g (EFSA) 2019-ben \u00fagy \u00edt\u00e9lte meg, hogy a kl\u00f3rpirifosz lehets\u00e9ges genotoxikus, magzati fejl\u0151d\u00e9s sor\u00e1n neurol\u00f3giai hat\u00e1sok l\u00e9phetnek fel. Az Eur\u00f3pai Bizotts\u00e1g 2020-ban a n\u00f6v\u00e9nyv\u00e9d\u0151 szer hat\u00f3anyagok fel\u00fclvizsg\u00e1lati programja sor\u00e1n a kl\u00f3rpirifosz \u00e9s a kl\u00f3rpirifosz-metil enged\u00e9ly\u00e9t nem \u00faj\u00edtotta meg, haszn\u00e1lata \u00edgy az Eur\u00f3pai Uni\u00f3ban nem megengedett.<br \/>\nAz \u00e9lelmiszerekben a jogszab\u00e1lyban meghat\u00e1rozott maxim\u00e1lis marad\u00e9kanyag szintj\u00e9t (MRL) az analitikai laborat\u00f3riumok \u00e1ltal m\u00e9rhet\u0151 legalacsonyabb szintre cs\u00f6kkentett\u00e9k. A probl\u00e9ma jelleg\u00e9r\u0151l b\u0151vebben <a href=\"https:\/\/portal.nebih.gov.hu\/veszelyzona?p_p_id=com_liferay_dynamic_data_lists_web_portlet_DDLDisplayPortlet_INSTANCE_UVUpLWPxptBA&amp;p_p_lifecycle=0&amp;p_p_state=maximized&amp;p_p_mode=view&amp;_com_liferay_dynamic_data_lists_web_portlet_DDLDisplayPortlet_INSTANCE_UVUpLWPxptBA_redirect=https%3A%2F%2Fportal.nebih.gov.hu%2Fveszelyzona%3Fp_p_id%3Dcom_liferay_dynamic_data_lists_web_portlet_DDLDisplayPortlet_INSTANCE_UVUpLWPxptBA%26p_p_lifecycle%3D0%26p_p_state%3Dnormal%26p_p_mode%3Dview&amp;_com_liferay_dynamic_data_lists_web_portlet_DDLDisplayPortlet_INSTANCE_UVUpLWPxptBA_recordId=1075501&amp;_com_liferay_dynamic_data_lists_web_portlet_DDLDisplayPortlet_INSTANCE_UVUpLWPxptBA_mvcPath=%2Fview_record.jsp&amp;_com_liferay_dynamic_data_lists_web_portlet_DDLDisplayPortlet_INSTANCE_UVUpLWPxptBA_editable=false&amp;_com_liferay_dynamic_data_lists_web_portlet_DDLDisplayPortlet_INSTANCE_UVUpLWPxptBA_displayDDMTemplateId=0&amp;_com_liferay_dynamic_data_lists_web_portlet_DDLDisplayPortlet_INSTANCE_UVUpLWPxptBA_spreadsheet=false&amp;_com_liferay_dynamic_data_lists_web_portlet_DDLDisplayPortlet_INSTANCE_UVUpLWPxptBA_formDDMTemplateId=0&amp;_com_liferay_dynamic_data_lists_web_portlet_DDLDisplayPortlet_INSTANCE_UVUpLWPxptBA_version=1.1\" target=\"_blank\" rel=\"noopener\"><span style=\"text-decoration: underline; color: #0000ff;\">itt<\/span><\/a> olvashat.<\/p>\n<p><em>Forr\u00e1s: N\u00e9bih \/ MTI<\/em><\/p>\n","protected":false},"excerpt":{"rendered":"<p>Nem enged\u00e9lyezett n\u00f6v\u00e9nyv\u00e9d\u0151szer-marad\u00e9k (kl\u00f3rpirifosz) jelenl\u00e9te miatt a gy\u00e1rt\u00f3 Good Food Products visszah\u00edvta a 2023. szeptember 19-i min\u0151s\u00e9gmeg\u0151rz\u00e9si idej\u0171 105 grammos Sondey Kukorica tall\u00e9r amaranth \u00e9s a 105 grammos Sondey Kukorica tall\u00e9r chia term\u00e9keit, az \u00e1rut Magyarorsz\u00e1gon a Lidl forgalmazza &#8211; k\u00f6z\u00f6lte a Nemzeti \u00c9lelmiszerl\u00e1nc-biztons\u00e1gi Hivatal (N\u00e9bih) cs\u00fct\u00f6rt\u00f6k\u00f6n. Bejelent\u0151: RASFF (Spanyolorsz\u00e1g) Gy\u00e1rt\u00f3: Good Food Products Forgalmaz\u00f3:<\/p>\n","protected":false},"author":1,"featured_media":53723,"comment_status":"closed","ping_status":"closed","sticky":false,"template":"","format":"standard","meta":{"ngg_post_thumbnail":0,"footnotes":""},"categories":[6934,3],"tags":[7263,757,2756],"class_list":{"0":"post-53722","1":"post","2":"type-post","3":"status-publish","4":"format-standard","5":"has-post-thumbnail","7":"category-belfold","8":"category-hirek","9":"tag-kukorica-taller","10":"tag-nebih","11":"tag-termekvisszahivas"},"yoast_head":"<!-- This site is optimized with the Yoast SEO plugin v27.4 - https:\/\/yoast.com\/product\/yoast-seo-wordpress\/ -->\n<title>Kukorica tall\u00e9rt h\u00edvtak vissza nem enged\u00e9lyezett n\u00f6v\u00e9nyv\u00e9d\u0151szer-marad\u00e9k miatt<\/title>\n<meta name=\"robots\" content=\"index, follow, max-snippet:-1, max-image-preview:large, max-video-preview:-1\" \/>\n<link rel=\"canonical\" href=\"https:\/\/dorogimedence.hu\/index.php\/2023\/06\/02\/kukorica-tallert-hivtak-vissza-nem-engedelyezett-novenyvedoszer-maradek-miatt\/\" class=\"yoast-seo-meta-tag\" \/>\n<meta property=\"og:locale\" content=\"hu_HU\" class=\"yoast-seo-meta-tag\" \/>\n<meta property=\"og:type\" content=\"article\" class=\"yoast-seo-meta-tag\" \/>\n<meta property=\"og:title\" content=\"Kukorica tall\u00e9rt h\u00edvtak vissza nem enged\u00e9lyezett n\u00f6v\u00e9nyv\u00e9d\u0151szer-marad\u00e9k miatt\" class=\"yoast-seo-meta-tag\" \/>\n<meta property=\"og:description\" content=\"Nem enged\u00e9lyezett n\u00f6v\u00e9nyv\u00e9d\u0151szer-marad\u00e9k (kl\u00f3rpirifosz) jelenl\u00e9te miatt a gy\u00e1rt\u00f3 Good Food Products visszah\u00edvta a 2023. szeptember 19-i min\u0151s\u00e9gmeg\u0151rz\u00e9si idej\u0171 105 grammos Sondey Kukorica tall\u00e9r amaranth \u00e9s a 105 grammos Sondey Kukorica tall\u00e9r chia term\u00e9keit, az \u00e1rut Magyarorsz\u00e1gon a Lidl forgalmazza &#8211; k\u00f6z\u00f6lte a Nemzeti \u00c9lelmiszerl\u00e1nc-biztons\u00e1gi Hivatal (N\u00e9bih) cs\u00fct\u00f6rt\u00f6k\u00f6n. Bejelent\u0151: RASFF (Spanyolorsz\u00e1g) Gy\u00e1rt\u00f3: Good Food Products Forgalmaz\u00f3:\" class=\"yoast-seo-meta-tag\" \/>\n<meta property=\"og:url\" content=\"https:\/\/dorogimedence.hu\/index.php\/2023\/06\/02\/kukorica-tallert-hivtak-vissza-nem-engedelyezett-novenyvedoszer-maradek-miatt\/\" class=\"yoast-seo-meta-tag\" \/>\n<meta property=\"og:site_name\" content=\"Dorogi-medence Region\u00e1lis H\u00edrport\u00e1l\" class=\"yoast-seo-meta-tag\" \/>\n<meta property=\"article:publisher\" content=\"https:\/\/www.facebook.com\/dorogimedence\/\" class=\"yoast-seo-meta-tag\" \/>\n<meta property=\"article:published_time\" content=\"2023-06-02T07:57:32+00:00\" class=\"yoast-seo-meta-tag\" \/>\n<meta property=\"article:modified_time\" content=\"2023-06-02T08:03:01+00:00\" class=\"yoast-seo-meta-tag\" \/>\n<meta property=\"og:image\" content=\"https:\/\/dorogimedence.hu\/wp-content\/uploads\/2023\/06\/kukorica-taller.jpg\" class=\"yoast-seo-meta-tag\" \/>\n\t<meta property=\"og:image:width\" content=\"1920\" class=\"yoast-seo-meta-tag\" \/>\n\t<meta property=\"og:image:height\" content=\"970\" class=\"yoast-seo-meta-tag\" \/>\n\t<meta property=\"og:image:type\" content=\"image\/jpeg\" class=\"yoast-seo-meta-tag\" \/>\n<meta name=\"author\" content=\"dorogimedence.hu\" class=\"yoast-seo-meta-tag\" \/>\n<meta name=\"twitter:card\" content=\"summary_large_image\" class=\"yoast-seo-meta-tag\" \/>\n<meta name=\"twitter:label1\" content=\"Szerz\u0151:\" class=\"yoast-seo-meta-tag\" \/>\n\t<meta name=\"twitter:data1\" content=\"dorogimedence.hu\" class=\"yoast-seo-meta-tag\" \/>\n\t<meta name=\"twitter:label2\" content=\"Becs\u00fclt olvas\u00e1si id\u0151\" class=\"yoast-seo-meta-tag\" \/>\n\t<meta name=\"twitter:data2\" content=\"2 perc\" class=\"yoast-seo-meta-tag\" \/>\n<script type=\"application\/ld+json\" class=\"yoast-schema-graph\">{\"@context\":\"https:\\\/\\\/schema.org\",\"@graph\":[{\"@type\":\"Article\",\"@id\":\"https:\\\/\\\/dorogimedence.hu\\\/index.php\\\/2023\\\/06\\\/02\\\/kukorica-tallert-hivtak-vissza-nem-engedelyezett-novenyvedoszer-maradek-miatt\\\/#article\",\"isPartOf\":{\"@id\":\"https:\\\/\\\/dorogimedence.hu\\\/index.php\\\/2023\\\/06\\\/02\\\/kukorica-tallert-hivtak-vissza-nem-engedelyezett-novenyvedoszer-maradek-miatt\\\/\"},\"author\":{\"name\":\"dorogimedence.hu\",\"@id\":\"https:\\\/\\\/dorogimedence.hu\\\/#\\\/schema\\\/person\\\/ce6091eeb7e95ecdc87890d6aa8e0fd4\"},\"headline\":\"Kukorica tall\u00e9rt h\u00edvtak vissza nem enged\u00e9lyezett n\u00f6v\u00e9nyv\u00e9d\u0151szer-marad\u00e9k miatt\",\"datePublished\":\"2023-06-02T07:57:32+00:00\",\"dateModified\":\"2023-06-02T08:03:01+00:00\",\"mainEntityOfPage\":{\"@id\":\"https:\\\/\\\/dorogimedence.hu\\\/index.php\\\/2023\\\/06\\\/02\\\/kukorica-tallert-hivtak-vissza-nem-engedelyezett-novenyvedoszer-maradek-miatt\\\/\"},\"wordCount\":392,\"publisher\":{\"@id\":\"https:\\\/\\\/dorogimedence.hu\\\/#organization\"},\"image\":{\"@id\":\"https:\\\/\\\/dorogimedence.hu\\\/index.php\\\/2023\\\/06\\\/02\\\/kukorica-tallert-hivtak-vissza-nem-engedelyezett-novenyvedoszer-maradek-miatt\\\/#primaryimage\"},\"thumbnailUrl\":\"https:\\\/\\\/dorogimedence.hu\\\/wp-content\\\/uploads\\\/2023\\\/06\\\/kukorica-taller.jpg\",\"keywords\":[\"kukorica tall\u00e9r\",\"n\u00e9bih\",\"term\u00e9kvisszah\u00edv\u00e1s\"],\"articleSection\":[\"Belf\u00f6ld, Gazdas\u00e1g\",\"H\u00edrek\"],\"inLanguage\":\"hu\"},{\"@type\":\"WebPage\",\"@id\":\"https:\\\/\\\/dorogimedence.hu\\\/index.php\\\/2023\\\/06\\\/02\\\/kukorica-tallert-hivtak-vissza-nem-engedelyezett-novenyvedoszer-maradek-miatt\\\/\",\"url\":\"https:\\\/\\\/dorogimedence.hu\\\/index.php\\\/2023\\\/06\\\/02\\\/kukorica-tallert-hivtak-vissza-nem-engedelyezett-novenyvedoszer-maradek-miatt\\\/\",\"name\":\"Kukorica tall\u00e9rt h\u00edvtak vissza nem enged\u00e9lyezett n\u00f6v\u00e9nyv\u00e9d\u0151szer-marad\u00e9k miatt\",\"isPartOf\":{\"@id\":\"https:\\\/\\\/dorogimedence.hu\\\/#website\"},\"primaryImageOfPage\":{\"@id\":\"https:\\\/\\\/dorogimedence.hu\\\/index.php\\\/2023\\\/06\\\/02\\\/kukorica-tallert-hivtak-vissza-nem-engedelyezett-novenyvedoszer-maradek-miatt\\\/#primaryimage\"},\"image\":{\"@id\":\"https:\\\/\\\/dorogimedence.hu\\\/index.php\\\/2023\\\/06\\\/02\\\/kukorica-tallert-hivtak-vissza-nem-engedelyezett-novenyvedoszer-maradek-miatt\\\/#primaryimage\"},\"thumbnailUrl\":\"https:\\\/\\\/dorogimedence.hu\\\/wp-content\\\/uploads\\\/2023\\\/06\\\/kukorica-taller.jpg\",\"datePublished\":\"2023-06-02T07:57:32+00:00\",\"dateModified\":\"2023-06-02T08:03:01+00:00\",\"breadcrumb\":{\"@id\":\"https:\\\/\\\/dorogimedence.hu\\\/index.php\\\/2023\\\/06\\\/02\\\/kukorica-tallert-hivtak-vissza-nem-engedelyezett-novenyvedoszer-maradek-miatt\\\/#breadcrumb\"},\"inLanguage\":\"hu\",\"potentialAction\":[{\"@type\":\"ReadAction\",\"target\":[\"https:\\\/\\\/dorogimedence.hu\\\/index.php\\\/2023\\\/06\\\/02\\\/kukorica-tallert-hivtak-vissza-nem-engedelyezett-novenyvedoszer-maradek-miatt\\\/\"]}]},{\"@type\":\"ImageObject\",\"inLanguage\":\"hu\",\"@id\":\"https:\\\/\\\/dorogimedence.hu\\\/index.php\\\/2023\\\/06\\\/02\\\/kukorica-tallert-hivtak-vissza-nem-engedelyezett-novenyvedoszer-maradek-miatt\\\/#primaryimage\",\"url\":\"https:\\\/\\\/dorogimedence.hu\\\/wp-content\\\/uploads\\\/2023\\\/06\\\/kukorica-taller.jpg\",\"contentUrl\":\"https:\\\/\\\/dorogimedence.hu\\\/wp-content\\\/uploads\\\/2023\\\/06\\\/kukorica-taller.jpg\",\"width\":1920,\"height\":970},{\"@type\":\"BreadcrumbList\",\"@id\":\"https:\\\/\\\/dorogimedence.hu\\\/index.php\\\/2023\\\/06\\\/02\\\/kukorica-tallert-hivtak-vissza-nem-engedelyezett-novenyvedoszer-maradek-miatt\\\/#breadcrumb\",\"itemListElement\":[{\"@type\":\"ListItem\",\"position\":1,\"name\":\"Kezd\u0151lap\",\"item\":\"https:\\\/\\\/dorogimedence.hu\\\/\"},{\"@type\":\"ListItem\",\"position\":2,\"name\":\"Kukorica tall\u00e9rt h\u00edvtak vissza nem enged\u00e9lyezett n\u00f6v\u00e9nyv\u00e9d\u0151szer-marad\u00e9k miatt\"}]},{\"@type\":\"WebSite\",\"@id\":\"https:\\\/\\\/dorogimedence.hu\\\/#website\",\"url\":\"https:\\\/\\\/dorogimedence.hu\\\/\",\"name\":\"Dorogi-medence Region\u00e1lis H\u00edrport\u00e1l\",\"description\":\"Dorog, Keszt\u00f6lc, Le\u00e1nyv\u00e1r, Piliscs\u00e9v, Tokod, Tokodalt\u00e1r\u00f3, Csolnok, Esztergom-kertv\u00e1ros: h\u00edrek, programok\",\"publisher\":{\"@id\":\"https:\\\/\\\/dorogimedence.hu\\\/#organization\"},\"potentialAction\":[{\"@type\":\"SearchAction\",\"target\":{\"@type\":\"EntryPoint\",\"urlTemplate\":\"https:\\\/\\\/dorogimedence.hu\\\/?s={search_term_string}\"},\"query-input\":{\"@type\":\"PropertyValueSpecification\",\"valueRequired\":true,\"valueName\":\"search_term_string\"}}],\"inLanguage\":\"hu\"},{\"@type\":\"Organization\",\"@id\":\"https:\\\/\\\/dorogimedence.hu\\\/#organization\",\"name\":\"Dorogi-medence Region\u00e1lis H\u00edrport\u00e1l\",\"url\":\"https:\\\/\\\/dorogimedence.hu\\\/\",\"logo\":{\"@type\":\"ImageObject\",\"inLanguage\":\"hu\",\"@id\":\"https:\\\/\\\/dorogimedence.hu\\\/#\\\/schema\\\/logo\\\/image\\\/\",\"url\":\"https:\\\/\\\/dorogimedence.hu\\\/wp-content\\\/uploads\\\/2021\\\/04\\\/logo-feher-600.png\",\"contentUrl\":\"https:\\\/\\\/dorogimedence.hu\\\/wp-content\\\/uploads\\\/2021\\\/04\\\/logo-feher-600.png\",\"width\":600,\"height\":100,\"caption\":\"Dorogi-medence Region\u00e1lis H\u00edrport\u00e1l\"},\"image\":{\"@id\":\"https:\\\/\\\/dorogimedence.hu\\\/#\\\/schema\\\/logo\\\/image\\\/\"},\"sameAs\":[\"https:\\\/\\\/www.facebook.com\\\/dorogimedence\\\/\"]},{\"@type\":\"Person\",\"@id\":\"https:\\\/\\\/dorogimedence.hu\\\/#\\\/schema\\\/person\\\/ce6091eeb7e95ecdc87890d6aa8e0fd4\",\"name\":\"dorogimedence.hu\",\"image\":{\"@type\":\"ImageObject\",\"inLanguage\":\"hu\",\"@id\":\"\\\/\\\/www.gravatar.com\\\/avatar\\\/d8d45f8901aadff40a4af72c0b826f1d?s=96&#038;r=g&#038;d=mm\",\"url\":\"\\\/\\\/www.gravatar.com\\\/avatar\\\/d8d45f8901aadff40a4af72c0b826f1d?s=96&#038;r=g&#038;d=mm\",\"contentUrl\":\"\\\/\\\/www.gravatar.com\\\/avatar\\\/d8d45f8901aadff40a4af72c0b826f1d?s=96&#038;r=g&#038;d=mm\",\"caption\":\"dorogimedence.hu\"}}]}<\/script>\n<!-- \/ Yoast SEO plugin. -->","yoast_head_json":{"title":"Kukorica tall\u00e9rt h\u00edvtak vissza nem enged\u00e9lyezett n\u00f6v\u00e9nyv\u00e9d\u0151szer-marad\u00e9k miatt","robots":{"index":"index","follow":"follow","max-snippet":"max-snippet:-1","max-image-preview":"max-image-preview:large","max-video-preview":"max-video-preview:-1"},"canonical":"https:\/\/dorogimedence.hu\/index.php\/2023\/06\/02\/kukorica-tallert-hivtak-vissza-nem-engedelyezett-novenyvedoszer-maradek-miatt\/","og_locale":"hu_HU","og_type":"article","og_title":"Kukorica tall\u00e9rt h\u00edvtak vissza nem enged\u00e9lyezett n\u00f6v\u00e9nyv\u00e9d\u0151szer-marad\u00e9k miatt","og_description":"Nem enged\u00e9lyezett n\u00f6v\u00e9nyv\u00e9d\u0151szer-marad\u00e9k (kl\u00f3rpirifosz) jelenl\u00e9te miatt a gy\u00e1rt\u00f3 Good Food Products visszah\u00edvta a 2023. szeptember 19-i min\u0151s\u00e9gmeg\u0151rz\u00e9si idej\u0171 105 grammos Sondey Kukorica tall\u00e9r amaranth \u00e9s a 105 grammos Sondey Kukorica tall\u00e9r chia term\u00e9keit, az \u00e1rut Magyarorsz\u00e1gon a Lidl forgalmazza &#8211; k\u00f6z\u00f6lte a Nemzeti \u00c9lelmiszerl\u00e1nc-biztons\u00e1gi Hivatal (N\u00e9bih) cs\u00fct\u00f6rt\u00f6k\u00f6n. Bejelent\u0151: RASFF (Spanyolorsz\u00e1g) Gy\u00e1rt\u00f3: Good Food Products Forgalmaz\u00f3:","og_url":"https:\/\/dorogimedence.hu\/index.php\/2023\/06\/02\/kukorica-tallert-hivtak-vissza-nem-engedelyezett-novenyvedoszer-maradek-miatt\/","og_site_name":"Dorogi-medence Region\u00e1lis H\u00edrport\u00e1l","article_publisher":"https:\/\/www.facebook.com\/dorogimedence\/","article_published_time":"2023-06-02T07:57:32+00:00","article_modified_time":"2023-06-02T08:03:01+00:00","og_image":[{"width":1920,"height":970,"url":"https:\/\/dorogimedence.hu\/wp-content\/uploads\/2023\/06\/kukorica-taller.jpg","type":"image\/jpeg"}],"author":"dorogimedence.hu","twitter_card":"summary_large_image","twitter_misc":{"Szerz\u0151:":"dorogimedence.hu","Becs\u00fclt olvas\u00e1si id\u0151":"2 perc"},"schema":{"@context":"https:\/\/schema.org","@graph":[{"@type":"Article","@id":"https:\/\/dorogimedence.hu\/index.php\/2023\/06\/02\/kukorica-tallert-hivtak-vissza-nem-engedelyezett-novenyvedoszer-maradek-miatt\/#article","isPartOf":{"@id":"https:\/\/dorogimedence.hu\/index.php\/2023\/06\/02\/kukorica-tallert-hivtak-vissza-nem-engedelyezett-novenyvedoszer-maradek-miatt\/"},"author":{"name":"dorogimedence.hu","@id":"https:\/\/dorogimedence.hu\/#\/schema\/person\/ce6091eeb7e95ecdc87890d6aa8e0fd4"},"headline":"Kukorica tall\u00e9rt h\u00edvtak vissza nem enged\u00e9lyezett n\u00f6v\u00e9nyv\u00e9d\u0151szer-marad\u00e9k miatt","datePublished":"2023-06-02T07:57:32+00:00","dateModified":"2023-06-02T08:03:01+00:00","mainEntityOfPage":{"@id":"https:\/\/dorogimedence.hu\/index.php\/2023\/06\/02\/kukorica-tallert-hivtak-vissza-nem-engedelyezett-novenyvedoszer-maradek-miatt\/"},"wordCount":392,"publisher":{"@id":"https:\/\/dorogimedence.hu\/#organization"},"image":{"@id":"https:\/\/dorogimedence.hu\/index.php\/2023\/06\/02\/kukorica-tallert-hivtak-vissza-nem-engedelyezett-novenyvedoszer-maradek-miatt\/#primaryimage"},"thumbnailUrl":"https:\/\/dorogimedence.hu\/wp-content\/uploads\/2023\/06\/kukorica-taller.jpg","keywords":["kukorica tall\u00e9r","n\u00e9bih","term\u00e9kvisszah\u00edv\u00e1s"],"articleSection":["Belf\u00f6ld, Gazdas\u00e1g","H\u00edrek"],"inLanguage":"hu"},{"@type":"WebPage","@id":"https:\/\/dorogimedence.hu\/index.php\/2023\/06\/02\/kukorica-tallert-hivtak-vissza-nem-engedelyezett-novenyvedoszer-maradek-miatt\/","url":"https:\/\/dorogimedence.hu\/index.php\/2023\/06\/02\/kukorica-tallert-hivtak-vissza-nem-engedelyezett-novenyvedoszer-maradek-miatt\/","name":"Kukorica tall\u00e9rt h\u00edvtak vissza nem enged\u00e9lyezett n\u00f6v\u00e9nyv\u00e9d\u0151szer-marad\u00e9k miatt","isPartOf":{"@id":"https:\/\/dorogimedence.hu\/#website"},"primaryImageOfPage":{"@id":"https:\/\/dorogimedence.hu\/index.php\/2023\/06\/02\/kukorica-tallert-hivtak-vissza-nem-engedelyezett-novenyvedoszer-maradek-miatt\/#primaryimage"},"image":{"@id":"https:\/\/dorogimedence.hu\/index.php\/2023\/06\/02\/kukorica-tallert-hivtak-vissza-nem-engedelyezett-novenyvedoszer-maradek-miatt\/#primaryimage"},"thumbnailUrl":"https:\/\/dorogimedence.hu\/wp-content\/uploads\/2023\/06\/kukorica-taller.jpg","datePublished":"2023-06-02T07:57:32+00:00","dateModified":"2023-06-02T08:03:01+00:00","breadcrumb":{"@id":"https:\/\/dorogimedence.hu\/index.php\/2023\/06\/02\/kukorica-tallert-hivtak-vissza-nem-engedelyezett-novenyvedoszer-maradek-miatt\/#breadcrumb"},"inLanguage":"hu","potentialAction":[{"@type":"ReadAction","target":["https:\/\/dorogimedence.hu\/index.php\/2023\/06\/02\/kukorica-tallert-hivtak-vissza-nem-engedelyezett-novenyvedoszer-maradek-miatt\/"]}]},{"@type":"ImageObject","inLanguage":"hu","@id":"https:\/\/dorogimedence.hu\/index.php\/2023\/06\/02\/kukorica-tallert-hivtak-vissza-nem-engedelyezett-novenyvedoszer-maradek-miatt\/#primaryimage","url":"https:\/\/dorogimedence.hu\/wp-content\/uploads\/2023\/06\/kukorica-taller.jpg","contentUrl":"https:\/\/dorogimedence.hu\/wp-content\/uploads\/2023\/06\/kukorica-taller.jpg","width":1920,"height":970},{"@type":"BreadcrumbList","@id":"https:\/\/dorogimedence.hu\/index.php\/2023\/06\/02\/kukorica-tallert-hivtak-vissza-nem-engedelyezett-novenyvedoszer-maradek-miatt\/#breadcrumb","itemListElement":[{"@type":"ListItem","position":1,"name":"Kezd\u0151lap","item":"https:\/\/dorogimedence.hu\/"},{"@type":"ListItem","position":2,"name":"Kukorica tall\u00e9rt h\u00edvtak vissza nem enged\u00e9lyezett n\u00f6v\u00e9nyv\u00e9d\u0151szer-marad\u00e9k miatt"}]},{"@type":"WebSite","@id":"https:\/\/dorogimedence.hu\/#website","url":"https:\/\/dorogimedence.hu\/","name":"Dorogi-medence Region\u00e1lis H\u00edrport\u00e1l","description":"Dorog, Keszt\u00f6lc, Le\u00e1nyv\u00e1r, Piliscs\u00e9v, Tokod, Tokodalt\u00e1r\u00f3, Csolnok, Esztergom-kertv\u00e1ros: h\u00edrek, programok","publisher":{"@id":"https:\/\/dorogimedence.hu\/#organization"},"potentialAction":[{"@type":"SearchAction","target":{"@type":"EntryPoint","urlTemplate":"https:\/\/dorogimedence.hu\/?s={search_term_string}"},"query-input":{"@type":"PropertyValueSpecification","valueRequired":true,"valueName":"search_term_string"}}],"inLanguage":"hu"},{"@type":"Organization","@id":"https:\/\/dorogimedence.hu\/#organization","name":"Dorogi-medence Region\u00e1lis H\u00edrport\u00e1l","url":"https:\/\/dorogimedence.hu\/","logo":{"@type":"ImageObject","inLanguage":"hu","@id":"https:\/\/dorogimedence.hu\/#\/schema\/logo\/image\/","url":"https:\/\/dorogimedence.hu\/wp-content\/uploads\/2021\/04\/logo-feher-600.png","contentUrl":"https:\/\/dorogimedence.hu\/wp-content\/uploads\/2021\/04\/logo-feher-600.png","width":600,"height":100,"caption":"Dorogi-medence Region\u00e1lis H\u00edrport\u00e1l"},"image":{"@id":"https:\/\/dorogimedence.hu\/#\/schema\/logo\/image\/"},"sameAs":["https:\/\/www.facebook.com\/dorogimedence\/"]},{"@type":"Person","@id":"https:\/\/dorogimedence.hu\/#\/schema\/person\/ce6091eeb7e95ecdc87890d6aa8e0fd4","name":"dorogimedence.hu","image":{"@type":"ImageObject","inLanguage":"hu","@id":"\/\/www.gravatar.com\/avatar\/d8d45f8901aadff40a4af72c0b826f1d?s=96&#038;r=g&#038;d=mm","url":"\/\/www.gravatar.com\/avatar\/d8d45f8901aadff40a4af72c0b826f1d?s=96&#038;r=g&#038;d=mm","contentUrl":"\/\/www.gravatar.com\/avatar\/d8d45f8901aadff40a4af72c0b826f1d?s=96&#038;r=g&#038;d=mm","caption":"dorogimedence.hu"}}]}},"_links":{"self":[{"href":"https:\/\/dorogimedence.hu\/index.php\/wp-json\/wp\/v2\/posts\/53722","targetHints":{"allow":["GET"]}}],"collection":[{"href":"https:\/\/dorogimedence.hu\/index.php\/wp-json\/wp\/v2\/posts"}],"about":[{"href":"https:\/\/dorogimedence.hu\/index.php\/wp-json\/wp\/v2\/types\/post"}],"author":[{"embeddable":true,"href":"https:\/\/dorogimedence.hu\/index.php\/wp-json\/wp\/v2\/users\/1"}],"replies":[{"embeddable":true,"href":"https:\/\/dorogimedence.hu\/index.php\/wp-json\/wp\/v2\/comments?post=53722"}],"version-history":[{"count":0,"href":"https:\/\/dorogimedence.hu\/index.php\/wp-json\/wp\/v2\/posts\/53722\/revisions"}],"wp:featuredmedia":[{"embeddable":true,"href":"https:\/\/dorogimedence.hu\/index.php\/wp-json\/wp\/v2\/media\/53723"}],"wp:attachment":[{"href":"https:\/\/dorogimedence.hu\/index.php\/wp-json\/wp\/v2\/media?parent=53722"}],"wp:term":[{"taxonomy":"category","embeddable":true,"href":"https:\/\/dorogimedence.hu\/index.php\/wp-json\/wp\/v2\/categories?post=53722"},{"taxonomy":"post_tag","embeddable":true,"href":"https:\/\/dorogimedence.hu\/index.php\/wp-json\/wp\/v2\/tags?post=53722"}],"curies":[{"name":"wp","href":"https:\/\/api.w.org\/{rel}","templated":true}]}}