{"id":53477,"date":"2023-05-27T06:38:33","date_gmt":"2023-05-27T04:38:33","guid":{"rendered":"https:\/\/dorogimedence.hu\/?p=53477"},"modified":"2023-05-27T06:39:10","modified_gmt":"2023-05-27T04:39:10","slug":"koszonetet-mond-a-montagh-iskola-a-tesco-vasarloinak","status":"publish","type":"post","link":"https:\/\/dorogimedence.hu\/index.php\/2023\/05\/27\/koszonetet-mond-a-montagh-iskola-a-tesco-vasarloinak\/","title":{"rendered":"K\u00f6sz\u00f6netet mond a Mont\u00e1gh iskola a Tesco v\u00e1s\u00e1rl\u00f3inak!"},"content":{"rendered":"<p><strong>A Tesco \u201e\u00d6n v\u00e1laszt, mi seg\u00edt\u00fcnk\u201d p\u00e1ly\u00e1zat\u00e1nak 12. fordul\u00f3j\u00e1ban a 45-\u00f6s k\u00f6rzetben (esztergomi \u00e9s dorogi \u00e1ruh\u00e1z) a legt\u00f6bb szavazatot a \u201eFokr\u00f3l-Fokra\u201d a Fogyat\u00e9kos Gyermekek Nevel\u00e9s\u00e9\u00e9rt \u00e9s Oktat\u00e1s\u00e1\u00e9rt Alap\u00edtv\u00e1ny \u201eEgy\u00fctt siker\u00fclni fog \u2013 K\u00f6z\u00f6ss\u00e9gi t\u00e9r kialak\u00edt\u00e1sa a szabadban\u201d c\u00edm\u0171 projektje kapta, \u00edgy 400.000 Ft t\u00e1mogat\u00e1sban r\u00e9szes\u00fclt az alap\u00edtv\u00e1ny.<\/strong><\/p>\n<p>Batyikn\u00e9 Cs\u0151ke \u00c1gnes, az alap\u00edtv\u00e1ny eln\u00f6ke port\u00e1lunknak elmondta, hogy az eredm\u00e9nyeket febru\u00e1r v\u00e9g\u00e9n <a href=\"https:\/\/dorogimedence.hu\/index.php\/2023\/02\/22\/ket-esztergomi-es-egy-dorogi-szervezetet-tamogat-a-tesco-2\/\" target=\"_blank\" rel=\"noopener\"><span style=\"text-decoration: underline; color: #0000ff;\">hirdett\u00e9k ki<\/span><\/a>, a projekt pedig most fejez\u0151d\u00f6tt be.<\/p>\n<p><img fetchpriority=\"high\" decoding=\"async\" class=\"alignnone size-full wp-image-53479\" src=\"https:\/\/dorogimedence.hu\/wp-content\/uploads\/2023\/05\/montagh-03.jpg\" alt=\"\" width=\"1536\" height=\"1159\" srcset=\"https:\/\/dorogimedence.hu\/wp-content\/uploads\/2023\/05\/montagh-03.jpg 1536w, https:\/\/dorogimedence.hu\/wp-content\/uploads\/2023\/05\/montagh-03-600x453.jpg 600w, https:\/\/dorogimedence.hu\/wp-content\/uploads\/2023\/05\/montagh-03-768x580.jpg 768w, https:\/\/dorogimedence.hu\/wp-content\/uploads\/2023\/05\/montagh-03-150x113.jpg 150w, https:\/\/dorogimedence.hu\/wp-content\/uploads\/2023\/05\/montagh-03-450x340.jpg 450w, https:\/\/dorogimedence.hu\/wp-content\/uploads\/2023\/05\/montagh-03-1200x905.jpg 1200w\" sizes=\"(max-width: 1536px) 100vw, 1536px\" \/><\/p>\n<p>M\u00e1jus 25-\u00e9n igazi piknik hangulat uralkodott az esztergomi Mont\u00e1gh iskola kertj\u00e9ben. \u201e&#8230;A sz\u00e9p naps\u00fct\u00e9ses id\u0151ben eszem-iszom piknikkel \u00fcnnepelt\u00fck az \u00faj k\u00f6z\u00f6ss\u00e9gi t\u00e9r \u00e1tad\u00e1s\u00e1t, melyet a Tesco p\u00e1ly\u00e1zat\u00e1val siker\u00fclt megval\u00f3s\u00edtanunk. A j\u00f3 hangulat\u00fa rendezv\u00e9nyen Somosk\u0151i M\u00e1ria, az esztergomi Tesco vezet\u0151je is r\u00e9szt vett, aki \u00e9dess\u00e9ggel \u00e9s aj\u00e1nd\u00e9kkos\u00e1rral lepte meg a gyerekeket!\u201d \u2013 emelte ki az alap\u00edtv\u00e1ny eln\u00f6ke, majd megjegyezte, hogy az akt\u00edv, szorgalmas szakiskol\u00e1s fi\u00fak k\u00fcl\u00f6n \u00e9dess\u00e9gjutalmat is kapta! \u201eK\u00f6sz\u00f6net Schlenk M\u00e1ria gy\u00f3gypedag\u00f3gusnak, a szakmai program felel\u0151s\u00e9nek, a Tesco-nak \u00e9s nem utols\u00f3 sorban a v\u00e1s\u00e1rl\u00f3knak.\u201d<\/p>\n<p><img decoding=\"async\" class=\"alignnone size-full wp-image-53480\" src=\"https:\/\/dorogimedence.hu\/wp-content\/uploads\/2023\/05\/montagh-02-1.jpg\" alt=\"\" width=\"1920\" height=\"970\" srcset=\"https:\/\/dorogimedence.hu\/wp-content\/uploads\/2023\/05\/montagh-02-1.jpg 1920w, https:\/\/dorogimedence.hu\/wp-content\/uploads\/2023\/05\/montagh-02-1-600x303.jpg 600w, https:\/\/dorogimedence.hu\/wp-content\/uploads\/2023\/05\/montagh-02-1-768x388.jpg 768w, https:\/\/dorogimedence.hu\/wp-content\/uploads\/2023\/05\/montagh-02-1-1536x776.jpg 1536w, https:\/\/dorogimedence.hu\/wp-content\/uploads\/2023\/05\/montagh-02-1-150x76.jpg 150w, https:\/\/dorogimedence.hu\/wp-content\/uploads\/2023\/05\/montagh-02-1-450x227.jpg 450w, https:\/\/dorogimedence.hu\/wp-content\/uploads\/2023\/05\/montagh-02-1-1200x606.jpg 1200w\" sizes=\"(max-width: 1920px) 100vw, 1920px\" \/><\/p>\n","protected":false},"excerpt":{"rendered":"<p>A Tesco \u201e\u00d6n v\u00e1laszt, mi seg\u00edt\u00fcnk\u201d p\u00e1ly\u00e1zat\u00e1nak 12. fordul\u00f3j\u00e1ban a 45-\u00f6s k\u00f6rzetben (esztergomi \u00e9s dorogi \u00e1ruh\u00e1z) a legt\u00f6bb szavazatot a \u201eFokr\u00f3l-Fokra\u201d a Fogyat\u00e9kos Gyermekek Nevel\u00e9s\u00e9\u00e9rt \u00e9s Oktat\u00e1s\u00e1\u00e9rt Alap\u00edtv\u00e1ny \u201eEgy\u00fctt siker\u00fclni fog \u2013 K\u00f6z\u00f6ss\u00e9gi t\u00e9r kialak\u00edt\u00e1sa a szabadban\u201d c\u00edm\u0171 projektje kapta, \u00edgy 400.000 Ft t\u00e1mogat\u00e1sban r\u00e9szes\u00fclt az alap\u00edtv\u00e1ny. Batyikn\u00e9 Cs\u0151ke \u00c1gnes, az alap\u00edtv\u00e1ny eln\u00f6ke port\u00e1lunknak elmondta,<\/p>\n","protected":false},"author":1,"featured_media":53478,"comment_status":"closed","ping_status":"closed","sticky":false,"template":"","format":"standard","meta":{"ngg_post_thumbnail":0,"footnotes":""},"categories":[38,3],"tags":[42,5624,2945,74,101,503,2557],"class_list":{"0":"post-53477","1":"post","2":"type-post","3":"status-publish","4":"format-standard","5":"has-post-thumbnail","7":"category-esztergom","8":"category-hirek","9":"tag-esztergom","10":"tag-featured","11":"tag-montagh-iskola","12":"tag-palyazat","13":"tag-program","14":"tag-tamogatas","15":"tag-tesco"},"yoast_head":"<!-- This site is optimized with the Yoast SEO plugin v27.4 - https:\/\/yoast.com\/product\/yoast-seo-wordpress\/ -->\n<title>K\u00f6sz\u00f6netet mond a Mont\u00e1gh iskola a Tesco v\u00e1s\u00e1rl\u00f3inak!<\/title>\n<meta name=\"robots\" content=\"index, follow, max-snippet:-1, max-image-preview:large, max-video-preview:-1\" \/>\n<link rel=\"canonical\" href=\"https:\/\/dorogimedence.hu\/index.php\/2023\/05\/27\/koszonetet-mond-a-montagh-iskola-a-tesco-vasarloinak\/\" class=\"yoast-seo-meta-tag\" \/>\n<meta property=\"og:locale\" content=\"hu_HU\" class=\"yoast-seo-meta-tag\" \/>\n<meta property=\"og:type\" content=\"article\" class=\"yoast-seo-meta-tag\" \/>\n<meta property=\"og:title\" content=\"K\u00f6sz\u00f6netet mond a Mont\u00e1gh iskola a Tesco v\u00e1s\u00e1rl\u00f3inak!\" class=\"yoast-seo-meta-tag\" \/>\n<meta property=\"og:description\" content=\"A Tesco \u201e\u00d6n v\u00e1laszt, mi seg\u00edt\u00fcnk\u201d p\u00e1ly\u00e1zat\u00e1nak 12. fordul\u00f3j\u00e1ban a 45-\u00f6s k\u00f6rzetben (esztergomi \u00e9s dorogi \u00e1ruh\u00e1z) a legt\u00f6bb szavazatot a \u201eFokr\u00f3l-Fokra\u201d a Fogyat\u00e9kos Gyermekek Nevel\u00e9s\u00e9\u00e9rt \u00e9s Oktat\u00e1s\u00e1\u00e9rt Alap\u00edtv\u00e1ny \u201eEgy\u00fctt siker\u00fclni fog \u2013 K\u00f6z\u00f6ss\u00e9gi t\u00e9r kialak\u00edt\u00e1sa a szabadban\u201d c\u00edm\u0171 projektje kapta, \u00edgy 400.000 Ft t\u00e1mogat\u00e1sban r\u00e9szes\u00fclt az alap\u00edtv\u00e1ny. Batyikn\u00e9 Cs\u0151ke \u00c1gnes, az alap\u00edtv\u00e1ny eln\u00f6ke port\u00e1lunknak elmondta,\" class=\"yoast-seo-meta-tag\" \/>\n<meta property=\"og:url\" content=\"https:\/\/dorogimedence.hu\/index.php\/2023\/05\/27\/koszonetet-mond-a-montagh-iskola-a-tesco-vasarloinak\/\" class=\"yoast-seo-meta-tag\" \/>\n<meta property=\"og:site_name\" content=\"Dorogi-medence Region\u00e1lis H\u00edrport\u00e1l\" class=\"yoast-seo-meta-tag\" \/>\n<meta property=\"article:publisher\" content=\"https:\/\/www.facebook.com\/dorogimedence\/\" class=\"yoast-seo-meta-tag\" \/>\n<meta property=\"article:published_time\" content=\"2023-05-27T04:38:33+00:00\" class=\"yoast-seo-meta-tag\" \/>\n<meta property=\"article:modified_time\" content=\"2023-05-27T04:39:10+00:00\" class=\"yoast-seo-meta-tag\" \/>\n<meta property=\"og:image\" content=\"https:\/\/dorogimedence.hu\/wp-content\/uploads\/2023\/05\/montagh-02.jpg\" class=\"yoast-seo-meta-tag\" \/>\n\t<meta property=\"og:image:width\" content=\"1920\" class=\"yoast-seo-meta-tag\" \/>\n\t<meta property=\"og:image:height\" content=\"970\" class=\"yoast-seo-meta-tag\" \/>\n\t<meta property=\"og:image:type\" content=\"image\/jpeg\" class=\"yoast-seo-meta-tag\" \/>\n<meta name=\"author\" content=\"dorogimedence.hu\" class=\"yoast-seo-meta-tag\" \/>\n<meta name=\"twitter:card\" content=\"summary_large_image\" class=\"yoast-seo-meta-tag\" \/>\n<meta name=\"twitter:label1\" content=\"Szerz\u0151:\" class=\"yoast-seo-meta-tag\" \/>\n\t<meta name=\"twitter:data1\" content=\"dorogimedence.hu\" class=\"yoast-seo-meta-tag\" \/>\n\t<meta name=\"twitter:label2\" content=\"Becs\u00fclt olvas\u00e1si id\u0151\" class=\"yoast-seo-meta-tag\" \/>\n\t<meta name=\"twitter:data2\" content=\"1 perc\" class=\"yoast-seo-meta-tag\" \/>\n<script type=\"application\/ld+json\" class=\"yoast-schema-graph\">{\"@context\":\"https:\\\/\\\/schema.org\",\"@graph\":[{\"@type\":\"Article\",\"@id\":\"https:\\\/\\\/dorogimedence.hu\\\/index.php\\\/2023\\\/05\\\/27\\\/koszonetet-mond-a-montagh-iskola-a-tesco-vasarloinak\\\/#article\",\"isPartOf\":{\"@id\":\"https:\\\/\\\/dorogimedence.hu\\\/index.php\\\/2023\\\/05\\\/27\\\/koszonetet-mond-a-montagh-iskola-a-tesco-vasarloinak\\\/\"},\"author\":{\"name\":\"dorogimedence.hu\",\"@id\":\"https:\\\/\\\/dorogimedence.hu\\\/#\\\/schema\\\/person\\\/ce6091eeb7e95ecdc87890d6aa8e0fd4\"},\"headline\":\"K\u00f6sz\u00f6netet mond a Mont\u00e1gh iskola a Tesco v\u00e1s\u00e1rl\u00f3inak!\",\"datePublished\":\"2023-05-27T04:38:33+00:00\",\"dateModified\":\"2023-05-27T04:39:10+00:00\",\"mainEntityOfPage\":{\"@id\":\"https:\\\/\\\/dorogimedence.hu\\\/index.php\\\/2023\\\/05\\\/27\\\/koszonetet-mond-a-montagh-iskola-a-tesco-vasarloinak\\\/\"},\"wordCount\":258,\"publisher\":{\"@id\":\"https:\\\/\\\/dorogimedence.hu\\\/#organization\"},\"image\":{\"@id\":\"https:\\\/\\\/dorogimedence.hu\\\/index.php\\\/2023\\\/05\\\/27\\\/koszonetet-mond-a-montagh-iskola-a-tesco-vasarloinak\\\/#primaryimage\"},\"thumbnailUrl\":\"https:\\\/\\\/dorogimedence.hu\\\/wp-content\\\/uploads\\\/2023\\\/05\\\/montagh-02.jpg\",\"keywords\":[\"esztergom\",\"featured\",\"Mont\u00e1gh iskola\",\"p\u00e1ly\u00e1zat\",\"program\",\"t\u00e1mogat\u00e1s\",\"TESCO\"],\"articleSection\":[\"Esztergom\",\"H\u00edrek\"],\"inLanguage\":\"hu\"},{\"@type\":\"WebPage\",\"@id\":\"https:\\\/\\\/dorogimedence.hu\\\/index.php\\\/2023\\\/05\\\/27\\\/koszonetet-mond-a-montagh-iskola-a-tesco-vasarloinak\\\/\",\"url\":\"https:\\\/\\\/dorogimedence.hu\\\/index.php\\\/2023\\\/05\\\/27\\\/koszonetet-mond-a-montagh-iskola-a-tesco-vasarloinak\\\/\",\"name\":\"K\u00f6sz\u00f6netet mond a Mont\u00e1gh iskola a Tesco v\u00e1s\u00e1rl\u00f3inak!\",\"isPartOf\":{\"@id\":\"https:\\\/\\\/dorogimedence.hu\\\/#website\"},\"primaryImageOfPage\":{\"@id\":\"https:\\\/\\\/dorogimedence.hu\\\/index.php\\\/2023\\\/05\\\/27\\\/koszonetet-mond-a-montagh-iskola-a-tesco-vasarloinak\\\/#primaryimage\"},\"image\":{\"@id\":\"https:\\\/\\\/dorogimedence.hu\\\/index.php\\\/2023\\\/05\\\/27\\\/koszonetet-mond-a-montagh-iskola-a-tesco-vasarloinak\\\/#primaryimage\"},\"thumbnailUrl\":\"https:\\\/\\\/dorogimedence.hu\\\/wp-content\\\/uploads\\\/2023\\\/05\\\/montagh-02.jpg\",\"datePublished\":\"2023-05-27T04:38:33+00:00\",\"dateModified\":\"2023-05-27T04:39:10+00:00\",\"breadcrumb\":{\"@id\":\"https:\\\/\\\/dorogimedence.hu\\\/index.php\\\/2023\\\/05\\\/27\\\/koszonetet-mond-a-montagh-iskola-a-tesco-vasarloinak\\\/#breadcrumb\"},\"inLanguage\":\"hu\",\"potentialAction\":[{\"@type\":\"ReadAction\",\"target\":[\"https:\\\/\\\/dorogimedence.hu\\\/index.php\\\/2023\\\/05\\\/27\\\/koszonetet-mond-a-montagh-iskola-a-tesco-vasarloinak\\\/\"]}]},{\"@type\":\"ImageObject\",\"inLanguage\":\"hu\",\"@id\":\"https:\\\/\\\/dorogimedence.hu\\\/index.php\\\/2023\\\/05\\\/27\\\/koszonetet-mond-a-montagh-iskola-a-tesco-vasarloinak\\\/#primaryimage\",\"url\":\"https:\\\/\\\/dorogimedence.hu\\\/wp-content\\\/uploads\\\/2023\\\/05\\\/montagh-02.jpg\",\"contentUrl\":\"https:\\\/\\\/dorogimedence.hu\\\/wp-content\\\/uploads\\\/2023\\\/05\\\/montagh-02.jpg\",\"width\":1920,\"height\":970},{\"@type\":\"BreadcrumbList\",\"@id\":\"https:\\\/\\\/dorogimedence.hu\\\/index.php\\\/2023\\\/05\\\/27\\\/koszonetet-mond-a-montagh-iskola-a-tesco-vasarloinak\\\/#breadcrumb\",\"itemListElement\":[{\"@type\":\"ListItem\",\"position\":1,\"name\":\"Kezd\u0151lap\",\"item\":\"https:\\\/\\\/dorogimedence.hu\\\/\"},{\"@type\":\"ListItem\",\"position\":2,\"name\":\"K\u00f6sz\u00f6netet mond a Mont\u00e1gh iskola a Tesco v\u00e1s\u00e1rl\u00f3inak!\"}]},{\"@type\":\"WebSite\",\"@id\":\"https:\\\/\\\/dorogimedence.hu\\\/#website\",\"url\":\"https:\\\/\\\/dorogimedence.hu\\\/\",\"name\":\"Dorogi-medence Region\u00e1lis H\u00edrport\u00e1l\",\"description\":\"Dorog, Keszt\u00f6lc, Le\u00e1nyv\u00e1r, Piliscs\u00e9v, Tokod, Tokodalt\u00e1r\u00f3, Csolnok, Esztergom-kertv\u00e1ros: h\u00edrek, programok\",\"publisher\":{\"@id\":\"https:\\\/\\\/dorogimedence.hu\\\/#organization\"},\"potentialAction\":[{\"@type\":\"SearchAction\",\"target\":{\"@type\":\"EntryPoint\",\"urlTemplate\":\"https:\\\/\\\/dorogimedence.hu\\\/?s={search_term_string}\"},\"query-input\":{\"@type\":\"PropertyValueSpecification\",\"valueRequired\":true,\"valueName\":\"search_term_string\"}}],\"inLanguage\":\"hu\"},{\"@type\":\"Organization\",\"@id\":\"https:\\\/\\\/dorogimedence.hu\\\/#organization\",\"name\":\"Dorogi-medence Region\u00e1lis H\u00edrport\u00e1l\",\"url\":\"https:\\\/\\\/dorogimedence.hu\\\/\",\"logo\":{\"@type\":\"ImageObject\",\"inLanguage\":\"hu\",\"@id\":\"https:\\\/\\\/dorogimedence.hu\\\/#\\\/schema\\\/logo\\\/image\\\/\",\"url\":\"https:\\\/\\\/dorogimedence.hu\\\/wp-content\\\/uploads\\\/2021\\\/04\\\/logo-feher-600.png\",\"contentUrl\":\"https:\\\/\\\/dorogimedence.hu\\\/wp-content\\\/uploads\\\/2021\\\/04\\\/logo-feher-600.png\",\"width\":600,\"height\":100,\"caption\":\"Dorogi-medence Region\u00e1lis H\u00edrport\u00e1l\"},\"image\":{\"@id\":\"https:\\\/\\\/dorogimedence.hu\\\/#\\\/schema\\\/logo\\\/image\\\/\"},\"sameAs\":[\"https:\\\/\\\/www.facebook.com\\\/dorogimedence\\\/\"]},{\"@type\":\"Person\",\"@id\":\"https:\\\/\\\/dorogimedence.hu\\\/#\\\/schema\\\/person\\\/ce6091eeb7e95ecdc87890d6aa8e0fd4\",\"name\":\"dorogimedence.hu\",\"image\":{\"@type\":\"ImageObject\",\"inLanguage\":\"hu\",\"@id\":\"\\\/\\\/www.gravatar.com\\\/avatar\\\/d8d45f8901aadff40a4af72c0b826f1d?s=96&#038;r=g&#038;d=mm\",\"url\":\"\\\/\\\/www.gravatar.com\\\/avatar\\\/d8d45f8901aadff40a4af72c0b826f1d?s=96&#038;r=g&#038;d=mm\",\"contentUrl\":\"\\\/\\\/www.gravatar.com\\\/avatar\\\/d8d45f8901aadff40a4af72c0b826f1d?s=96&#038;r=g&#038;d=mm\",\"caption\":\"dorogimedence.hu\"}}]}<\/script>\n<!-- \/ Yoast SEO plugin. -->","yoast_head_json":{"title":"K\u00f6sz\u00f6netet mond a Mont\u00e1gh iskola a Tesco v\u00e1s\u00e1rl\u00f3inak!","robots":{"index":"index","follow":"follow","max-snippet":"max-snippet:-1","max-image-preview":"max-image-preview:large","max-video-preview":"max-video-preview:-1"},"canonical":"https:\/\/dorogimedence.hu\/index.php\/2023\/05\/27\/koszonetet-mond-a-montagh-iskola-a-tesco-vasarloinak\/","og_locale":"hu_HU","og_type":"article","og_title":"K\u00f6sz\u00f6netet mond a Mont\u00e1gh iskola a Tesco v\u00e1s\u00e1rl\u00f3inak!","og_description":"A Tesco \u201e\u00d6n v\u00e1laszt, mi seg\u00edt\u00fcnk\u201d p\u00e1ly\u00e1zat\u00e1nak 12. fordul\u00f3j\u00e1ban a 45-\u00f6s k\u00f6rzetben (esztergomi \u00e9s dorogi \u00e1ruh\u00e1z) a legt\u00f6bb szavazatot a \u201eFokr\u00f3l-Fokra\u201d a Fogyat\u00e9kos Gyermekek Nevel\u00e9s\u00e9\u00e9rt \u00e9s Oktat\u00e1s\u00e1\u00e9rt Alap\u00edtv\u00e1ny \u201eEgy\u00fctt siker\u00fclni fog \u2013 K\u00f6z\u00f6ss\u00e9gi t\u00e9r kialak\u00edt\u00e1sa a szabadban\u201d c\u00edm\u0171 projektje kapta, \u00edgy 400.000 Ft t\u00e1mogat\u00e1sban r\u00e9szes\u00fclt az alap\u00edtv\u00e1ny. Batyikn\u00e9 Cs\u0151ke \u00c1gnes, az alap\u00edtv\u00e1ny eln\u00f6ke port\u00e1lunknak elmondta,","og_url":"https:\/\/dorogimedence.hu\/index.php\/2023\/05\/27\/koszonetet-mond-a-montagh-iskola-a-tesco-vasarloinak\/","og_site_name":"Dorogi-medence Region\u00e1lis H\u00edrport\u00e1l","article_publisher":"https:\/\/www.facebook.com\/dorogimedence\/","article_published_time":"2023-05-27T04:38:33+00:00","article_modified_time":"2023-05-27T04:39:10+00:00","og_image":[{"width":1920,"height":970,"url":"https:\/\/dorogimedence.hu\/wp-content\/uploads\/2023\/05\/montagh-02.jpg","type":"image\/jpeg"}],"author":"dorogimedence.hu","twitter_card":"summary_large_image","twitter_misc":{"Szerz\u0151:":"dorogimedence.hu","Becs\u00fclt olvas\u00e1si id\u0151":"1 perc"},"schema":{"@context":"https:\/\/schema.org","@graph":[{"@type":"Article","@id":"https:\/\/dorogimedence.hu\/index.php\/2023\/05\/27\/koszonetet-mond-a-montagh-iskola-a-tesco-vasarloinak\/#article","isPartOf":{"@id":"https:\/\/dorogimedence.hu\/index.php\/2023\/05\/27\/koszonetet-mond-a-montagh-iskola-a-tesco-vasarloinak\/"},"author":{"name":"dorogimedence.hu","@id":"https:\/\/dorogimedence.hu\/#\/schema\/person\/ce6091eeb7e95ecdc87890d6aa8e0fd4"},"headline":"K\u00f6sz\u00f6netet mond a Mont\u00e1gh iskola a Tesco v\u00e1s\u00e1rl\u00f3inak!","datePublished":"2023-05-27T04:38:33+00:00","dateModified":"2023-05-27T04:39:10+00:00","mainEntityOfPage":{"@id":"https:\/\/dorogimedence.hu\/index.php\/2023\/05\/27\/koszonetet-mond-a-montagh-iskola-a-tesco-vasarloinak\/"},"wordCount":258,"publisher":{"@id":"https:\/\/dorogimedence.hu\/#organization"},"image":{"@id":"https:\/\/dorogimedence.hu\/index.php\/2023\/05\/27\/koszonetet-mond-a-montagh-iskola-a-tesco-vasarloinak\/#primaryimage"},"thumbnailUrl":"https:\/\/dorogimedence.hu\/wp-content\/uploads\/2023\/05\/montagh-02.jpg","keywords":["esztergom","featured","Mont\u00e1gh iskola","p\u00e1ly\u00e1zat","program","t\u00e1mogat\u00e1s","TESCO"],"articleSection":["Esztergom","H\u00edrek"],"inLanguage":"hu"},{"@type":"WebPage","@id":"https:\/\/dorogimedence.hu\/index.php\/2023\/05\/27\/koszonetet-mond-a-montagh-iskola-a-tesco-vasarloinak\/","url":"https:\/\/dorogimedence.hu\/index.php\/2023\/05\/27\/koszonetet-mond-a-montagh-iskola-a-tesco-vasarloinak\/","name":"K\u00f6sz\u00f6netet mond a Mont\u00e1gh iskola a Tesco v\u00e1s\u00e1rl\u00f3inak!","isPartOf":{"@id":"https:\/\/dorogimedence.hu\/#website"},"primaryImageOfPage":{"@id":"https:\/\/dorogimedence.hu\/index.php\/2023\/05\/27\/koszonetet-mond-a-montagh-iskola-a-tesco-vasarloinak\/#primaryimage"},"image":{"@id":"https:\/\/dorogimedence.hu\/index.php\/2023\/05\/27\/koszonetet-mond-a-montagh-iskola-a-tesco-vasarloinak\/#primaryimage"},"thumbnailUrl":"https:\/\/dorogimedence.hu\/wp-content\/uploads\/2023\/05\/montagh-02.jpg","datePublished":"2023-05-27T04:38:33+00:00","dateModified":"2023-05-27T04:39:10+00:00","breadcrumb":{"@id":"https:\/\/dorogimedence.hu\/index.php\/2023\/05\/27\/koszonetet-mond-a-montagh-iskola-a-tesco-vasarloinak\/#breadcrumb"},"inLanguage":"hu","potentialAction":[{"@type":"ReadAction","target":["https:\/\/dorogimedence.hu\/index.php\/2023\/05\/27\/koszonetet-mond-a-montagh-iskola-a-tesco-vasarloinak\/"]}]},{"@type":"ImageObject","inLanguage":"hu","@id":"https:\/\/dorogimedence.hu\/index.php\/2023\/05\/27\/koszonetet-mond-a-montagh-iskola-a-tesco-vasarloinak\/#primaryimage","url":"https:\/\/dorogimedence.hu\/wp-content\/uploads\/2023\/05\/montagh-02.jpg","contentUrl":"https:\/\/dorogimedence.hu\/wp-content\/uploads\/2023\/05\/montagh-02.jpg","width":1920,"height":970},{"@type":"BreadcrumbList","@id":"https:\/\/dorogimedence.hu\/index.php\/2023\/05\/27\/koszonetet-mond-a-montagh-iskola-a-tesco-vasarloinak\/#breadcrumb","itemListElement":[{"@type":"ListItem","position":1,"name":"Kezd\u0151lap","item":"https:\/\/dorogimedence.hu\/"},{"@type":"ListItem","position":2,"name":"K\u00f6sz\u00f6netet mond a Mont\u00e1gh iskola a Tesco v\u00e1s\u00e1rl\u00f3inak!"}]},{"@type":"WebSite","@id":"https:\/\/dorogimedence.hu\/#website","url":"https:\/\/dorogimedence.hu\/","name":"Dorogi-medence Region\u00e1lis H\u00edrport\u00e1l","description":"Dorog, Keszt\u00f6lc, Le\u00e1nyv\u00e1r, Piliscs\u00e9v, Tokod, Tokodalt\u00e1r\u00f3, Csolnok, Esztergom-kertv\u00e1ros: h\u00edrek, programok","publisher":{"@id":"https:\/\/dorogimedence.hu\/#organization"},"potentialAction":[{"@type":"SearchAction","target":{"@type":"EntryPoint","urlTemplate":"https:\/\/dorogimedence.hu\/?s={search_term_string}"},"query-input":{"@type":"PropertyValueSpecification","valueRequired":true,"valueName":"search_term_string"}}],"inLanguage":"hu"},{"@type":"Organization","@id":"https:\/\/dorogimedence.hu\/#organization","name":"Dorogi-medence Region\u00e1lis H\u00edrport\u00e1l","url":"https:\/\/dorogimedence.hu\/","logo":{"@type":"ImageObject","inLanguage":"hu","@id":"https:\/\/dorogimedence.hu\/#\/schema\/logo\/image\/","url":"https:\/\/dorogimedence.hu\/wp-content\/uploads\/2021\/04\/logo-feher-600.png","contentUrl":"https:\/\/dorogimedence.hu\/wp-content\/uploads\/2021\/04\/logo-feher-600.png","width":600,"height":100,"caption":"Dorogi-medence Region\u00e1lis H\u00edrport\u00e1l"},"image":{"@id":"https:\/\/dorogimedence.hu\/#\/schema\/logo\/image\/"},"sameAs":["https:\/\/www.facebook.com\/dorogimedence\/"]},{"@type":"Person","@id":"https:\/\/dorogimedence.hu\/#\/schema\/person\/ce6091eeb7e95ecdc87890d6aa8e0fd4","name":"dorogimedence.hu","image":{"@type":"ImageObject","inLanguage":"hu","@id":"\/\/www.gravatar.com\/avatar\/d8d45f8901aadff40a4af72c0b826f1d?s=96&#038;r=g&#038;d=mm","url":"\/\/www.gravatar.com\/avatar\/d8d45f8901aadff40a4af72c0b826f1d?s=96&#038;r=g&#038;d=mm","contentUrl":"\/\/www.gravatar.com\/avatar\/d8d45f8901aadff40a4af72c0b826f1d?s=96&#038;r=g&#038;d=mm","caption":"dorogimedence.hu"}}]}},"_links":{"self":[{"href":"https:\/\/dorogimedence.hu\/index.php\/wp-json\/wp\/v2\/posts\/53477","targetHints":{"allow":["GET"]}}],"collection":[{"href":"https:\/\/dorogimedence.hu\/index.php\/wp-json\/wp\/v2\/posts"}],"about":[{"href":"https:\/\/dorogimedence.hu\/index.php\/wp-json\/wp\/v2\/types\/post"}],"author":[{"embeddable":true,"href":"https:\/\/dorogimedence.hu\/index.php\/wp-json\/wp\/v2\/users\/1"}],"replies":[{"embeddable":true,"href":"https:\/\/dorogimedence.hu\/index.php\/wp-json\/wp\/v2\/comments?post=53477"}],"version-history":[{"count":0,"href":"https:\/\/dorogimedence.hu\/index.php\/wp-json\/wp\/v2\/posts\/53477\/revisions"}],"wp:featuredmedia":[{"embeddable":true,"href":"https:\/\/dorogimedence.hu\/index.php\/wp-json\/wp\/v2\/media\/53478"}],"wp:attachment":[{"href":"https:\/\/dorogimedence.hu\/index.php\/wp-json\/wp\/v2\/media?parent=53477"}],"wp:term":[{"taxonomy":"category","embeddable":true,"href":"https:\/\/dorogimedence.hu\/index.php\/wp-json\/wp\/v2\/categories?post=53477"},{"taxonomy":"post_tag","embeddable":true,"href":"https:\/\/dorogimedence.hu\/index.php\/wp-json\/wp\/v2\/tags?post=53477"}],"curies":[{"name":"wp","href":"https:\/\/api.w.org\/{rel}","templated":true}]}}