{"id":53464,"date":"2023-05-26T12:34:55","date_gmt":"2023-05-26T10:34:55","guid":{"rendered":"https:\/\/dorogimedence.hu\/?p=53464"},"modified":"2023-05-26T12:39:32","modified_gmt":"2023-05-26T10:39:32","slug":"ultra-trail-hungary-ultramaratoni-terepfutoverseny","status":"publish","type":"post","link":"https:\/\/dorogimedence.hu\/index.php\/2023\/05\/26\/ultra-trail-hungary-ultramaratoni-terepfutoverseny\/","title":{"rendered":"Ultra-Trail Hungary ultramaratoni terepfut\u00f3verseny"},"content":{"rendered":"<p><strong>M\u00e1jus 27-\u00e9n, szombaton hetedszer rajtol el az Ultra-Trail Hungary ultramaratoni terepfut\u00f3verseny. A verseny m\u00e1jus 28-\u00e1n hajnalban \u00e9rinti a 1111-es utat Pilisszentl\u00e9lekn\u00e9l, ahol forgalomkorl\u00e1toz\u00e1sra lehet majd sz\u00e1m\u00edtani!<\/strong><\/p>\n<p>Cs\u00e1nyi L\u00e1szl\u00f3 &#8222;Csanya&#8221;, versenyigazgat\u00f3 az MTI-nek elmondta, hogy az id\u00e9n hetedik alkalommal megrendezett versenyen a magyar ultrafut\u00f3k mellett sokan \u00e9rkeznek k\u00fclf\u00f6ldr\u0151l, a hat t\u00e1vra 34 orsz\u00e1gb\u00f3l \u00f6sszesen 1340 fut\u00f3 regisztr\u00e1lt. A legt\u00f6bb k\u00fclf\u00f6ldi a szomsz\u00e9dos orsz\u00e1gokb\u00f3l \u00e9rkezik, de Kazahszt\u00e1nb\u00f3l, Kanad\u00e1b\u00f3l \u00e9s Portug\u00e1li\u00e1b\u00f3l is j\u00f6nnek versenyz\u0151k. Id\u00e9n minden eddigin\u00e9l t\u00f6bb, m\u00e1r hat t\u00e1vra nevezhettek a fut\u00f3k a novembert\u0151l \u00e1prilis v\u00e9g\u00e9ig tart\u00f3 regisztr\u00e1ci\u00f3s id\u0151szakban. A verseny k\u00e9tnapos, szombaton \u00e9s vas\u00e1rnap is h\u00e1rom-h\u00e1rom t\u00e1von \u00e1llhatnak rajthoz az indul\u00f3k. A leghosszabb t\u00e1v a 111 kilom\u00e9teres Ultra-Trail Hungary, a legr\u00f6videbb pedig a Vertical 500, mely egy k\u00e9t \u00e9s f\u00e9l kilom\u00e9teres emelked\u0151n zajlik D\u00f6m\u00f6sr\u0151l indulva a Vad\u00e1ll\u00f3-k\u00f6veken \u00e1t, a c\u00e9l a Pr\u00e9dik\u00e1l\u00f3sz\u00e9k hegycs\u00facsa.<\/p>\n<p>A fut\u00f3k t\u00e1j\u00e9koz\u00f3d\u00e1s\u00e1t szalagokkal seg\u00edti\u00fck, az \u00e9jszakai szakasz miatt a szalagokon f\u00e9nyvisszaver\u0151 cs\u00edk is tal\u00e1lhat\u00f3. A friss\u00edt\u0151pontokon szil\u00e1rd \u00e9s foly\u00e9kony \u00e9lelmiszerrel k\u00edn\u00e1ljuk a fut\u00f3kat, \u00e9s nem hi\u00e1nyzik a k\u00edn\u00e1latb\u00f3l a k\u00fclf\u00f6ldi fut\u00f3k kedvence, a kov\u00e1szos uborka sem, a c\u00e9lban meleg \u00e9tellel v\u00e1rjuk \u0151ket &#8211; mondta a versenyigazgat\u00f3. Kit\u00e9rt arra is, hogy az esem\u00e9ny k\u00f6rnyezetbar\u00e1t: a friss\u00edt\u0151pontokon nem k\u00edn\u00e1lnak egyedileg csomagolt \u00e9lelmiszert, \u00e9s nincs egyszer haszn\u00e1lhat\u00f3 m\u0171anyag poh\u00e1r, ev\u0151eszk\u00f6z sem. Minden fut\u00f3 a saj\u00e1t pohar\u00e1t viszi, \u00e9s abb\u00f3l iszik. A verseny sor\u00e1n keletkez\u0151 \u00f6sszes szemetet szelekt\u00e1lva gy\u0171jtik. A meleg \u00e9telt komposzt\u00e1lhat\u00f3 t\u00e1ny\u00e9rban adj\u00e1k, f\u00e9m ev\u0151eszk\u00f6zzel.<\/p>\n<p>Az esem\u00e9ny megrendez\u00e9s\u00e9t t\u00f6bb mint 250 \u00f6nk\u00e9ntes seg\u00edti. A k\u00f6z\u00fati \u00e1tkel\u00e9seket a szentendrei, az esztergomi, a visegr\u00e1di \u00e9s a pilisszentl\u00e1szl\u00f3i polg\u00e1r\u0151rs\u00e9g biztos\u00edtja. K\u00f6r\u00fclbel\u00fcl 150-170 ember fog Pilisszentl\u00e9lekn\u00e9l \u00e1thaladni m\u00e1jus 28-\u00e1n, vas\u00e1rnap hajnali 2:45 \u00e9s reggel 6.35 k\u00f6z\u00f6tt. A versenyr\u0151l r\u00e9szletesebben<span style=\"text-decoration: underline; color: #0000ff;\"><a style=\"color: #0000ff; text-decoration: underline;\" href=\"https:\/\/ultratrail.hu\/uth\/\" target=\"_blank\" rel=\"noopener\"> itt <\/a><\/span>t\u00e1j\u00e9koz\u00f3dhat.<\/p>\n<p><img fetchpriority=\"high\" decoding=\"async\" class=\"alignnone size-full wp-image-53465\" src=\"https:\/\/dorogimedence.hu\/wp-content\/uploads\/2023\/05\/UTH_atkeles_1111_ut_Pilisszent.png\" alt=\"\" width=\"1920\" height=\"1026\" srcset=\"https:\/\/dorogimedence.hu\/wp-content\/uploads\/2023\/05\/UTH_atkeles_1111_ut_Pilisszent.png 1920w, https:\/\/dorogimedence.hu\/wp-content\/uploads\/2023\/05\/UTH_atkeles_1111_ut_Pilisszent-600x321.png 600w, https:\/\/dorogimedence.hu\/wp-content\/uploads\/2023\/05\/UTH_atkeles_1111_ut_Pilisszent-768x410.png 768w, https:\/\/dorogimedence.hu\/wp-content\/uploads\/2023\/05\/UTH_atkeles_1111_ut_Pilisszent-1536x821.png 1536w, https:\/\/dorogimedence.hu\/wp-content\/uploads\/2023\/05\/UTH_atkeles_1111_ut_Pilisszent-150x80.png 150w, https:\/\/dorogimedence.hu\/wp-content\/uploads\/2023\/05\/UTH_atkeles_1111_ut_Pilisszent-450x240.png 450w, https:\/\/dorogimedence.hu\/wp-content\/uploads\/2023\/05\/UTH_atkeles_1111_ut_Pilisszent-1200x641.png 1200w\" sizes=\"(max-width: 1920px) 100vw, 1920px\" \/><\/p>\n<p>K\u00fclf\u00f6ldi elit fut\u00f3k emelik a rendezv\u00e9ny rangj\u00e1t, t\u00f6bbek k\u00f6zt Zupancic Marjan (Horv\u00e1torsz\u00e1g), Edyta Lewandowska (Lengyelorsz\u00e1g) Martin Placko (Szlov\u00e1kia), B\u00edborka Fazakas (Rom\u00e1nia). A hazai nagy nevek k\u00f6zt a versenyigazgat\u00f3 Belus Tam\u00e1st, Tiricz Ir\u00e9nt, Vincze Zs\u00f3fi\u00e1t, Dittrich Andr\u00e1st eml\u00edtette a versenyigazgat\u00f3.<\/p>\n<p>Az elh\u00faz\u00f3d\u00f3 koronav\u00edrus-j\u00e1rv\u00e1ny miatt alaposan lecser\u00e9l\u0151d\u00f6tt a mez\u0151ny, a versenyen sok olyan fut\u00f3 van, aki m\u00e9g nem bizony\u00edtott, \u00edgy nincs ember, aki megtippelhetn\u00e9, hogy kik v\u00e9gezhetnek els\u0151 h\u00e1rom helyen &#8211; v\u00e9lte a verseny szervez\u0151je. A 2023-as dobog\u00f3sok eredm\u00e9nyei vas\u00e1rnap d\u00e9lut\u00e1n v\u00e1rhat\u00f3k.<\/p>\n<p>A fut\u00f3rendezv\u00e9ny szervez\u0151i a gyereket v\u00e1rj\u00e1k szombaton 16 \u00e9s 17 \u00f3ra k\u00f6zt a szentendrei Post\u00e1s strandra, ahol a Salomon Kids Trail nev\u0171 versenyen \u00e1llhatnak rajthoz a 3-11 \u00e9vesek. Ezen a versenyen minden gyerek 1-es rajtsz\u00e1mmal indul, itt mindenki gy\u0151z. A gyerekverseny teljes bev\u00e9tel\u00e9t a Mosolyg\u00f3s B\u00f6lcs\u0151d\u00e9sek\u00e9rt Alap\u00edtv\u00e1ny sz\u00e1m\u00e1ra aj\u00e1nlj\u00e1k fel a szervez\u0151k.<\/p>\n<p>Az Ultra-Trail Hungary futamait az ultratrail.hu\/live oldalon lehet k\u00f6vetni.<\/p>\n<p><em>Forr\u00e1s: MTI \/ esztergom.hu<\/em><\/p>\n","protected":false},"excerpt":{"rendered":"<p>M\u00e1jus 27-\u00e9n, szombaton hetedszer rajtol el az Ultra-Trail Hungary ultramaratoni terepfut\u00f3verseny. A verseny m\u00e1jus 28-\u00e1n hajnalban \u00e9rinti a 1111-es utat Pilisszentl\u00e9lekn\u00e9l, ahol forgalomkorl\u00e1toz\u00e1sra lehet majd sz\u00e1m\u00edtani! Cs\u00e1nyi L\u00e1szl\u00f3 &#8222;Csanya&#8221;, versenyigazgat\u00f3 az MTI-nek elmondta, hogy az id\u00e9n hetedik alkalommal megrendezett versenyen a magyar ultrafut\u00f3k mellett sokan \u00e9rkeznek k\u00fclf\u00f6ldr\u0151l, a hat t\u00e1vra 34 orsz\u00e1gb\u00f3l \u00f6sszesen 1340 fut\u00f3<\/p>\n","protected":false},"author":1,"featured_media":53466,"comment_status":"closed","ping_status":"closed","sticky":false,"template":"","format":"standard","meta":{"ngg_post_thumbnail":0,"footnotes":""},"categories":[38,3,5],"tags":[738,287,2270,6435,7250],"class_list":{"0":"post-53464","1":"post","2":"type-post","3":"status-publish","4":"format-standard","5":"has-post-thumbnail","7":"category-esztergom","8":"category-hirek","9":"category-sport","10":"tag-forgalomkorlatozas","11":"tag-futas","12":"tag-futoverseny","13":"tag-terepfutoverseny","14":"tag-ultra-trail-hungary"},"yoast_head":"<!-- This site is optimized with the Yoast SEO plugin v27.5 - https:\/\/yoast.com\/product\/yoast-seo-wordpress\/ -->\n<title>Ultra-Trail Hungary ultramaratoni terepfut\u00f3verseny<\/title>\n<meta name=\"robots\" content=\"index, follow, max-snippet:-1, max-image-preview:large, max-video-preview:-1\" \/>\n<link rel=\"canonical\" href=\"https:\/\/dorogimedence.hu\/index.php\/2023\/05\/26\/ultra-trail-hungary-ultramaratoni-terepfutoverseny\/\" class=\"yoast-seo-meta-tag\" \/>\n<meta property=\"og:locale\" content=\"hu_HU\" class=\"yoast-seo-meta-tag\" \/>\n<meta property=\"og:type\" content=\"article\" class=\"yoast-seo-meta-tag\" \/>\n<meta property=\"og:title\" content=\"Ultra-Trail Hungary ultramaratoni terepfut\u00f3verseny\" class=\"yoast-seo-meta-tag\" \/>\n<meta property=\"og:description\" content=\"M\u00e1jus 27-\u00e9n, szombaton hetedszer rajtol el az Ultra-Trail Hungary ultramaratoni terepfut\u00f3verseny. A verseny m\u00e1jus 28-\u00e1n hajnalban \u00e9rinti a 1111-es utat Pilisszentl\u00e9lekn\u00e9l, ahol forgalomkorl\u00e1toz\u00e1sra lehet majd sz\u00e1m\u00edtani! Cs\u00e1nyi L\u00e1szl\u00f3 &#8222;Csanya&#8221;, versenyigazgat\u00f3 az MTI-nek elmondta, hogy az id\u00e9n hetedik alkalommal megrendezett versenyen a magyar ultrafut\u00f3k mellett sokan \u00e9rkeznek k\u00fclf\u00f6ldr\u0151l, a hat t\u00e1vra 34 orsz\u00e1gb\u00f3l \u00f6sszesen 1340 fut\u00f3\" class=\"yoast-seo-meta-tag\" \/>\n<meta property=\"og:url\" content=\"https:\/\/dorogimedence.hu\/index.php\/2023\/05\/26\/ultra-trail-hungary-ultramaratoni-terepfutoverseny\/\" class=\"yoast-seo-meta-tag\" \/>\n<meta property=\"og:site_name\" content=\"Dorogi-medence Region\u00e1lis H\u00edrport\u00e1l\" class=\"yoast-seo-meta-tag\" \/>\n<meta property=\"article:publisher\" content=\"https:\/\/www.facebook.com\/dorogimedence\/\" class=\"yoast-seo-meta-tag\" \/>\n<meta property=\"article:published_time\" content=\"2023-05-26T10:34:55+00:00\" class=\"yoast-seo-meta-tag\" \/>\n<meta property=\"article:modified_time\" content=\"2023-05-26T10:39:32+00:00\" class=\"yoast-seo-meta-tag\" \/>\n<meta property=\"og:image\" content=\"https:\/\/dorogimedence.hu\/wp-content\/uploads\/2023\/05\/339070978_162068183442068_2394313171943942220_n.jpg\" class=\"yoast-seo-meta-tag\" \/>\n\t<meta property=\"og:image:width\" content=\"2048\" class=\"yoast-seo-meta-tag\" \/>\n\t<meta property=\"og:image:height\" content=\"1072\" class=\"yoast-seo-meta-tag\" \/>\n\t<meta property=\"og:image:type\" content=\"image\/jpeg\" class=\"yoast-seo-meta-tag\" \/>\n<meta name=\"author\" content=\"dorogimedence.hu\" class=\"yoast-seo-meta-tag\" \/>\n<meta name=\"twitter:card\" content=\"summary_large_image\" class=\"yoast-seo-meta-tag\" \/>\n<meta name=\"twitter:label1\" content=\"Szerz\u0151:\" class=\"yoast-seo-meta-tag\" \/>\n\t<meta name=\"twitter:data1\" content=\"dorogimedence.hu\" class=\"yoast-seo-meta-tag\" \/>\n\t<meta name=\"twitter:label2\" content=\"Becs\u00fclt olvas\u00e1si id\u0151\" class=\"yoast-seo-meta-tag\" \/>\n\t<meta name=\"twitter:data2\" content=\"3 perc\" class=\"yoast-seo-meta-tag\" \/>\n<script type=\"application\/ld+json\" class=\"yoast-schema-graph\">{\"@context\":\"https:\\\/\\\/schema.org\",\"@graph\":[{\"@type\":\"Article\",\"@id\":\"https:\\\/\\\/dorogimedence.hu\\\/index.php\\\/2023\\\/05\\\/26\\\/ultra-trail-hungary-ultramaratoni-terepfutoverseny\\\/#article\",\"isPartOf\":{\"@id\":\"https:\\\/\\\/dorogimedence.hu\\\/index.php\\\/2023\\\/05\\\/26\\\/ultra-trail-hungary-ultramaratoni-terepfutoverseny\\\/\"},\"author\":{\"name\":\"dorogimedence.hu\",\"@id\":\"https:\\\/\\\/dorogimedence.hu\\\/#\\\/schema\\\/person\\\/ce6091eeb7e95ecdc87890d6aa8e0fd4\"},\"headline\":\"Ultra-Trail Hungary ultramaratoni terepfut\u00f3verseny\",\"datePublished\":\"2023-05-26T10:34:55+00:00\",\"dateModified\":\"2023-05-26T10:39:32+00:00\",\"mainEntityOfPage\":{\"@id\":\"https:\\\/\\\/dorogimedence.hu\\\/index.php\\\/2023\\\/05\\\/26\\\/ultra-trail-hungary-ultramaratoni-terepfutoverseny\\\/\"},\"wordCount\":638,\"publisher\":{\"@id\":\"https:\\\/\\\/dorogimedence.hu\\\/#organization\"},\"image\":{\"@id\":\"https:\\\/\\\/dorogimedence.hu\\\/index.php\\\/2023\\\/05\\\/26\\\/ultra-trail-hungary-ultramaratoni-terepfutoverseny\\\/#primaryimage\"},\"thumbnailUrl\":\"https:\\\/\\\/dorogimedence.hu\\\/wp-content\\\/uploads\\\/2023\\\/05\\\/339070978_162068183442068_2394313171943942220_n.jpg\",\"keywords\":[\"forgalomkorl\u00e1toz\u00e1s\",\"fut\u00e1s\",\"fut\u00f3verseny\",\"terepfut\u00f3verseny\",\"Ultra-Trail Hungary\"],\"articleSection\":[\"Esztergom\",\"H\u00edrek\",\"Sport\"],\"inLanguage\":\"hu\"},{\"@type\":\"WebPage\",\"@id\":\"https:\\\/\\\/dorogimedence.hu\\\/index.php\\\/2023\\\/05\\\/26\\\/ultra-trail-hungary-ultramaratoni-terepfutoverseny\\\/\",\"url\":\"https:\\\/\\\/dorogimedence.hu\\\/index.php\\\/2023\\\/05\\\/26\\\/ultra-trail-hungary-ultramaratoni-terepfutoverseny\\\/\",\"name\":\"Ultra-Trail Hungary ultramaratoni terepfut\u00f3verseny\",\"isPartOf\":{\"@id\":\"https:\\\/\\\/dorogimedence.hu\\\/#website\"},\"primaryImageOfPage\":{\"@id\":\"https:\\\/\\\/dorogimedence.hu\\\/index.php\\\/2023\\\/05\\\/26\\\/ultra-trail-hungary-ultramaratoni-terepfutoverseny\\\/#primaryimage\"},\"image\":{\"@id\":\"https:\\\/\\\/dorogimedence.hu\\\/index.php\\\/2023\\\/05\\\/26\\\/ultra-trail-hungary-ultramaratoni-terepfutoverseny\\\/#primaryimage\"},\"thumbnailUrl\":\"https:\\\/\\\/dorogimedence.hu\\\/wp-content\\\/uploads\\\/2023\\\/05\\\/339070978_162068183442068_2394313171943942220_n.jpg\",\"datePublished\":\"2023-05-26T10:34:55+00:00\",\"dateModified\":\"2023-05-26T10:39:32+00:00\",\"breadcrumb\":{\"@id\":\"https:\\\/\\\/dorogimedence.hu\\\/index.php\\\/2023\\\/05\\\/26\\\/ultra-trail-hungary-ultramaratoni-terepfutoverseny\\\/#breadcrumb\"},\"inLanguage\":\"hu\",\"potentialAction\":[{\"@type\":\"ReadAction\",\"target\":[\"https:\\\/\\\/dorogimedence.hu\\\/index.php\\\/2023\\\/05\\\/26\\\/ultra-trail-hungary-ultramaratoni-terepfutoverseny\\\/\"]}]},{\"@type\":\"ImageObject\",\"inLanguage\":\"hu\",\"@id\":\"https:\\\/\\\/dorogimedence.hu\\\/index.php\\\/2023\\\/05\\\/26\\\/ultra-trail-hungary-ultramaratoni-terepfutoverseny\\\/#primaryimage\",\"url\":\"https:\\\/\\\/dorogimedence.hu\\\/wp-content\\\/uploads\\\/2023\\\/05\\\/339070978_162068183442068_2394313171943942220_n.jpg\",\"contentUrl\":\"https:\\\/\\\/dorogimedence.hu\\\/wp-content\\\/uploads\\\/2023\\\/05\\\/339070978_162068183442068_2394313171943942220_n.jpg\",\"width\":2048,\"height\":1072},{\"@type\":\"BreadcrumbList\",\"@id\":\"https:\\\/\\\/dorogimedence.hu\\\/index.php\\\/2023\\\/05\\\/26\\\/ultra-trail-hungary-ultramaratoni-terepfutoverseny\\\/#breadcrumb\",\"itemListElement\":[{\"@type\":\"ListItem\",\"position\":1,\"name\":\"Kezd\u0151lap\",\"item\":\"https:\\\/\\\/dorogimedence.hu\\\/\"},{\"@type\":\"ListItem\",\"position\":2,\"name\":\"Ultra-Trail Hungary ultramaratoni terepfut\u00f3verseny\"}]},{\"@type\":\"WebSite\",\"@id\":\"https:\\\/\\\/dorogimedence.hu\\\/#website\",\"url\":\"https:\\\/\\\/dorogimedence.hu\\\/\",\"name\":\"Dorogi-medence Region\u00e1lis H\u00edrport\u00e1l\",\"description\":\"Dorog, Keszt\u00f6lc, Le\u00e1nyv\u00e1r, Piliscs\u00e9v, Tokod, Tokodalt\u00e1r\u00f3, Csolnok, Esztergom-kertv\u00e1ros: h\u00edrek, programok\",\"publisher\":{\"@id\":\"https:\\\/\\\/dorogimedence.hu\\\/#organization\"},\"potentialAction\":[{\"@type\":\"SearchAction\",\"target\":{\"@type\":\"EntryPoint\",\"urlTemplate\":\"https:\\\/\\\/dorogimedence.hu\\\/?s={search_term_string}\"},\"query-input\":{\"@type\":\"PropertyValueSpecification\",\"valueRequired\":true,\"valueName\":\"search_term_string\"}}],\"inLanguage\":\"hu\"},{\"@type\":\"Organization\",\"@id\":\"https:\\\/\\\/dorogimedence.hu\\\/#organization\",\"name\":\"Dorogi-medence Region\u00e1lis H\u00edrport\u00e1l\",\"url\":\"https:\\\/\\\/dorogimedence.hu\\\/\",\"logo\":{\"@type\":\"ImageObject\",\"inLanguage\":\"hu\",\"@id\":\"https:\\\/\\\/dorogimedence.hu\\\/#\\\/schema\\\/logo\\\/image\\\/\",\"url\":\"https:\\\/\\\/dorogimedence.hu\\\/wp-content\\\/uploads\\\/2021\\\/04\\\/logo-feher-600.png\",\"contentUrl\":\"https:\\\/\\\/dorogimedence.hu\\\/wp-content\\\/uploads\\\/2021\\\/04\\\/logo-feher-600.png\",\"width\":600,\"height\":100,\"caption\":\"Dorogi-medence Region\u00e1lis H\u00edrport\u00e1l\"},\"image\":{\"@id\":\"https:\\\/\\\/dorogimedence.hu\\\/#\\\/schema\\\/logo\\\/image\\\/\"},\"sameAs\":[\"https:\\\/\\\/www.facebook.com\\\/dorogimedence\\\/\"]},{\"@type\":\"Person\",\"@id\":\"https:\\\/\\\/dorogimedence.hu\\\/#\\\/schema\\\/person\\\/ce6091eeb7e95ecdc87890d6aa8e0fd4\",\"name\":\"dorogimedence.hu\",\"image\":{\"@type\":\"ImageObject\",\"inLanguage\":\"hu\",\"@id\":\"\\\/\\\/www.gravatar.com\\\/avatar\\\/d8d45f8901aadff40a4af72c0b826f1d?s=96&#038;r=g&#038;d=mm\",\"url\":\"\\\/\\\/www.gravatar.com\\\/avatar\\\/d8d45f8901aadff40a4af72c0b826f1d?s=96&#038;r=g&#038;d=mm\",\"contentUrl\":\"\\\/\\\/www.gravatar.com\\\/avatar\\\/d8d45f8901aadff40a4af72c0b826f1d?s=96&#038;r=g&#038;d=mm\",\"caption\":\"dorogimedence.hu\"}}]}<\/script>\n<!-- \/ Yoast SEO plugin. -->","yoast_head_json":{"title":"Ultra-Trail Hungary ultramaratoni terepfut\u00f3verseny","robots":{"index":"index","follow":"follow","max-snippet":"max-snippet:-1","max-image-preview":"max-image-preview:large","max-video-preview":"max-video-preview:-1"},"canonical":"https:\/\/dorogimedence.hu\/index.php\/2023\/05\/26\/ultra-trail-hungary-ultramaratoni-terepfutoverseny\/","og_locale":"hu_HU","og_type":"article","og_title":"Ultra-Trail Hungary ultramaratoni terepfut\u00f3verseny","og_description":"M\u00e1jus 27-\u00e9n, szombaton hetedszer rajtol el az Ultra-Trail Hungary ultramaratoni terepfut\u00f3verseny. A verseny m\u00e1jus 28-\u00e1n hajnalban \u00e9rinti a 1111-es utat Pilisszentl\u00e9lekn\u00e9l, ahol forgalomkorl\u00e1toz\u00e1sra lehet majd sz\u00e1m\u00edtani! Cs\u00e1nyi L\u00e1szl\u00f3 &#8222;Csanya&#8221;, versenyigazgat\u00f3 az MTI-nek elmondta, hogy az id\u00e9n hetedik alkalommal megrendezett versenyen a magyar ultrafut\u00f3k mellett sokan \u00e9rkeznek k\u00fclf\u00f6ldr\u0151l, a hat t\u00e1vra 34 orsz\u00e1gb\u00f3l \u00f6sszesen 1340 fut\u00f3","og_url":"https:\/\/dorogimedence.hu\/index.php\/2023\/05\/26\/ultra-trail-hungary-ultramaratoni-terepfutoverseny\/","og_site_name":"Dorogi-medence Region\u00e1lis H\u00edrport\u00e1l","article_publisher":"https:\/\/www.facebook.com\/dorogimedence\/","article_published_time":"2023-05-26T10:34:55+00:00","article_modified_time":"2023-05-26T10:39:32+00:00","og_image":[{"width":2048,"height":1072,"url":"https:\/\/dorogimedence.hu\/wp-content\/uploads\/2023\/05\/339070978_162068183442068_2394313171943942220_n.jpg","type":"image\/jpeg"}],"author":"dorogimedence.hu","twitter_card":"summary_large_image","twitter_misc":{"Szerz\u0151:":"dorogimedence.hu","Becs\u00fclt olvas\u00e1si id\u0151":"3 perc"},"schema":{"@context":"https:\/\/schema.org","@graph":[{"@type":"Article","@id":"https:\/\/dorogimedence.hu\/index.php\/2023\/05\/26\/ultra-trail-hungary-ultramaratoni-terepfutoverseny\/#article","isPartOf":{"@id":"https:\/\/dorogimedence.hu\/index.php\/2023\/05\/26\/ultra-trail-hungary-ultramaratoni-terepfutoverseny\/"},"author":{"name":"dorogimedence.hu","@id":"https:\/\/dorogimedence.hu\/#\/schema\/person\/ce6091eeb7e95ecdc87890d6aa8e0fd4"},"headline":"Ultra-Trail Hungary ultramaratoni terepfut\u00f3verseny","datePublished":"2023-05-26T10:34:55+00:00","dateModified":"2023-05-26T10:39:32+00:00","mainEntityOfPage":{"@id":"https:\/\/dorogimedence.hu\/index.php\/2023\/05\/26\/ultra-trail-hungary-ultramaratoni-terepfutoverseny\/"},"wordCount":638,"publisher":{"@id":"https:\/\/dorogimedence.hu\/#organization"},"image":{"@id":"https:\/\/dorogimedence.hu\/index.php\/2023\/05\/26\/ultra-trail-hungary-ultramaratoni-terepfutoverseny\/#primaryimage"},"thumbnailUrl":"https:\/\/dorogimedence.hu\/wp-content\/uploads\/2023\/05\/339070978_162068183442068_2394313171943942220_n.jpg","keywords":["forgalomkorl\u00e1toz\u00e1s","fut\u00e1s","fut\u00f3verseny","terepfut\u00f3verseny","Ultra-Trail Hungary"],"articleSection":["Esztergom","H\u00edrek","Sport"],"inLanguage":"hu"},{"@type":"WebPage","@id":"https:\/\/dorogimedence.hu\/index.php\/2023\/05\/26\/ultra-trail-hungary-ultramaratoni-terepfutoverseny\/","url":"https:\/\/dorogimedence.hu\/index.php\/2023\/05\/26\/ultra-trail-hungary-ultramaratoni-terepfutoverseny\/","name":"Ultra-Trail Hungary ultramaratoni terepfut\u00f3verseny","isPartOf":{"@id":"https:\/\/dorogimedence.hu\/#website"},"primaryImageOfPage":{"@id":"https:\/\/dorogimedence.hu\/index.php\/2023\/05\/26\/ultra-trail-hungary-ultramaratoni-terepfutoverseny\/#primaryimage"},"image":{"@id":"https:\/\/dorogimedence.hu\/index.php\/2023\/05\/26\/ultra-trail-hungary-ultramaratoni-terepfutoverseny\/#primaryimage"},"thumbnailUrl":"https:\/\/dorogimedence.hu\/wp-content\/uploads\/2023\/05\/339070978_162068183442068_2394313171943942220_n.jpg","datePublished":"2023-05-26T10:34:55+00:00","dateModified":"2023-05-26T10:39:32+00:00","breadcrumb":{"@id":"https:\/\/dorogimedence.hu\/index.php\/2023\/05\/26\/ultra-trail-hungary-ultramaratoni-terepfutoverseny\/#breadcrumb"},"inLanguage":"hu","potentialAction":[{"@type":"ReadAction","target":["https:\/\/dorogimedence.hu\/index.php\/2023\/05\/26\/ultra-trail-hungary-ultramaratoni-terepfutoverseny\/"]}]},{"@type":"ImageObject","inLanguage":"hu","@id":"https:\/\/dorogimedence.hu\/index.php\/2023\/05\/26\/ultra-trail-hungary-ultramaratoni-terepfutoverseny\/#primaryimage","url":"https:\/\/dorogimedence.hu\/wp-content\/uploads\/2023\/05\/339070978_162068183442068_2394313171943942220_n.jpg","contentUrl":"https:\/\/dorogimedence.hu\/wp-content\/uploads\/2023\/05\/339070978_162068183442068_2394313171943942220_n.jpg","width":2048,"height":1072},{"@type":"BreadcrumbList","@id":"https:\/\/dorogimedence.hu\/index.php\/2023\/05\/26\/ultra-trail-hungary-ultramaratoni-terepfutoverseny\/#breadcrumb","itemListElement":[{"@type":"ListItem","position":1,"name":"Kezd\u0151lap","item":"https:\/\/dorogimedence.hu\/"},{"@type":"ListItem","position":2,"name":"Ultra-Trail Hungary ultramaratoni terepfut\u00f3verseny"}]},{"@type":"WebSite","@id":"https:\/\/dorogimedence.hu\/#website","url":"https:\/\/dorogimedence.hu\/","name":"Dorogi-medence Region\u00e1lis H\u00edrport\u00e1l","description":"Dorog, Keszt\u00f6lc, Le\u00e1nyv\u00e1r, Piliscs\u00e9v, Tokod, Tokodalt\u00e1r\u00f3, Csolnok, Esztergom-kertv\u00e1ros: h\u00edrek, programok","publisher":{"@id":"https:\/\/dorogimedence.hu\/#organization"},"potentialAction":[{"@type":"SearchAction","target":{"@type":"EntryPoint","urlTemplate":"https:\/\/dorogimedence.hu\/?s={search_term_string}"},"query-input":{"@type":"PropertyValueSpecification","valueRequired":true,"valueName":"search_term_string"}}],"inLanguage":"hu"},{"@type":"Organization","@id":"https:\/\/dorogimedence.hu\/#organization","name":"Dorogi-medence Region\u00e1lis H\u00edrport\u00e1l","url":"https:\/\/dorogimedence.hu\/","logo":{"@type":"ImageObject","inLanguage":"hu","@id":"https:\/\/dorogimedence.hu\/#\/schema\/logo\/image\/","url":"https:\/\/dorogimedence.hu\/wp-content\/uploads\/2021\/04\/logo-feher-600.png","contentUrl":"https:\/\/dorogimedence.hu\/wp-content\/uploads\/2021\/04\/logo-feher-600.png","width":600,"height":100,"caption":"Dorogi-medence Region\u00e1lis H\u00edrport\u00e1l"},"image":{"@id":"https:\/\/dorogimedence.hu\/#\/schema\/logo\/image\/"},"sameAs":["https:\/\/www.facebook.com\/dorogimedence\/"]},{"@type":"Person","@id":"https:\/\/dorogimedence.hu\/#\/schema\/person\/ce6091eeb7e95ecdc87890d6aa8e0fd4","name":"dorogimedence.hu","image":{"@type":"ImageObject","inLanguage":"hu","@id":"\/\/www.gravatar.com\/avatar\/d8d45f8901aadff40a4af72c0b826f1d?s=96&#038;r=g&#038;d=mm","url":"\/\/www.gravatar.com\/avatar\/d8d45f8901aadff40a4af72c0b826f1d?s=96&#038;r=g&#038;d=mm","contentUrl":"\/\/www.gravatar.com\/avatar\/d8d45f8901aadff40a4af72c0b826f1d?s=96&#038;r=g&#038;d=mm","caption":"dorogimedence.hu"}}]}},"_links":{"self":[{"href":"https:\/\/dorogimedence.hu\/index.php\/wp-json\/wp\/v2\/posts\/53464","targetHints":{"allow":["GET"]}}],"collection":[{"href":"https:\/\/dorogimedence.hu\/index.php\/wp-json\/wp\/v2\/posts"}],"about":[{"href":"https:\/\/dorogimedence.hu\/index.php\/wp-json\/wp\/v2\/types\/post"}],"author":[{"embeddable":true,"href":"https:\/\/dorogimedence.hu\/index.php\/wp-json\/wp\/v2\/users\/1"}],"replies":[{"embeddable":true,"href":"https:\/\/dorogimedence.hu\/index.php\/wp-json\/wp\/v2\/comments?post=53464"}],"version-history":[{"count":0,"href":"https:\/\/dorogimedence.hu\/index.php\/wp-json\/wp\/v2\/posts\/53464\/revisions"}],"wp:featuredmedia":[{"embeddable":true,"href":"https:\/\/dorogimedence.hu\/index.php\/wp-json\/wp\/v2\/media\/53466"}],"wp:attachment":[{"href":"https:\/\/dorogimedence.hu\/index.php\/wp-json\/wp\/v2\/media?parent=53464"}],"wp:term":[{"taxonomy":"category","embeddable":true,"href":"https:\/\/dorogimedence.hu\/index.php\/wp-json\/wp\/v2\/categories?post=53464"},{"taxonomy":"post_tag","embeddable":true,"href":"https:\/\/dorogimedence.hu\/index.php\/wp-json\/wp\/v2\/tags?post=53464"}],"curies":[{"name":"wp","href":"https:\/\/api.w.org\/{rel}","templated":true}]}}