{"id":53443,"date":"2023-05-26T07:43:22","date_gmt":"2023-05-26T05:43:22","guid":{"rendered":"https:\/\/dorogimedence.hu\/?p=53443"},"modified":"2023-05-26T07:43:59","modified_gmt":"2023-05-26T05:43:59","slug":"mav-volan-csoport-punkosdi-unnepi-forgalom","status":"publish","type":"post","link":"https:\/\/dorogimedence.hu\/index.php\/2023\/05\/26\/mav-volan-csoport-punkosdi-unnepi-forgalom\/","title":{"rendered":"M\u00c1V-Vol\u00e1n-csoport: P\u00fcnk\u00f6sdi \u00fcnnepi forgalom"},"content":{"rendered":"<div class=\"field-lead\">\n<p><strong>P\u00fcnk\u00f6sdkor<\/strong>&nbsp;<strong>v\u00e1ltozik a M\u00c1V-Vol\u00e1n-csoporthoz tartoz\u00f3 t\u00e1rsas\u00e1gok k\u00f6zleked\u00e9si rendje. A vonatok m\u00e1jus 28-\u00e1n vas\u00e1rnap az \u00fcnnepnapra, 29-\u00e9n h\u00e9tf\u0151n a vas\u00e1rnapra, 30-\u00e1n kedden m\u00e1r a munkanapokra \u00e9rv\u00e9nyes menetrend szerint k\u00f6zlekednek. Jelent\u0151sen megn\u00f6vekedhet az utasforgalom, ez\u00e9rt \u00e9rdemes min\u00e9l el\u0151bb el\u0151v\u00e9telben megv\u00e1ltani a menetjegyeket, vagy haszn\u00e1lni&nbsp;<\/strong><strong>az automat\u00e1kat, az&nbsp;<\/strong><a tabindex=\"0\" href=\"https:\/\/www.mavcsoport.hu\/mav-start\/belfoldi-utazas\/vegye-meg-interneten-vonatjegyet\" target=\"_blank\" rel=\"noopener\"><strong><span style=\"text-decoration: underline; color: #0000ff;\">online jegyv\u00e1s\u00e1rl\u00e1st<\/span><\/strong><\/a><strong>&nbsp;az&nbsp;<\/strong><span style=\"text-decoration: underline; color: #0000ff;\"><a style=\"color: #0000ff; text-decoration: underline;\" tabindex=\"0\" href=\"https:\/\/jegy.mav.hu\/\" target=\"_blank\" rel=\"noopener\"><strong>Elvir\u00e1n<\/strong><\/a><\/span><strong>&nbsp;vagy a&nbsp;<\/strong><span style=\"text-decoration: underline;\"><span style=\"color: #0000ff; text-decoration: underline;\"><a style=\"color: #0000ff; text-decoration: underline;\" tabindex=\"0\" href=\"https:\/\/www.mavcsoport.hu\/mav-start\/belfoldi-utazas\/mav-applikacio-mindent-tudo-vasuti-utazastervezo\" target=\"_blank\" rel=\"noopener\"><strong>M\u00c1V applik\u00e1ci\u00f3ban<\/strong><\/a><\/span><\/span><strong>&nbsp;is.<\/strong><\/p>\n<\/div>\n<div class=\"field-body\">\n<p>V\u00e1rhat\u00f3an jelent\u0151sen megn\u0151 az \u00fcnnepek alatt az utasforgalom. Tavaly a p\u00fcnk\u00f6sdi id\u0151szakra t\u00f6bb mint 600 ezren v\u00e1ltottak vas\u00fati menetjegyet, ebben a b\u00e9rlettel utaz\u00f3k nincsenek benne. Nagyon sokan tervezik ilyenkor az utaz\u00e1sukat a Balatonhoz, emiatt a Budapest\u2013Nagykanizsa k\u00f6z\u00f6tti T\u00f3part \u00e9s a Budapest\u2013Keszthely k\u00f6z\u00f6tti Balaton InterCity-k, tov\u00e1bb\u00e1 a Budapest\u2013Tapolca vonalon k\u00f6zleked\u0151 egy-egy sebesvonat is t\u00f6bb kocsival k\u00f6zlekedik. A m\u00e1jus k\u00f6zep\u00e9t\u0151l \u00e9rv\u00e9nyes el\u0151szezoni menetrend alapj\u00e1n m\u00e1r s\u0171r\u0171bben k\u00f6zlekednek a vonatok a f\u0151v\u00e1ros \u00e9s a magyar tenger k\u00f6z\u00f6tt, valamint t\u00f6bb j\u00e1rat indul oda egyes nyugat-dun\u00e1nt\u00fali v\u00e1rosb\u00f3l is. Utaz\u00e1s el\u0151tt \u00e9rdemes t\u00e1j\u00e9koz\u00f3dni a M\u00c1V honlapj\u00e1n a <a href=\"https:\/\/www.mavcsoport.hu\/mav-start\/belfoldi-utazas\/vonattal-a-balatonhoz-az-eloszezonban\" target=\"_blank\" rel=\"noopener\"><span style=\"text-decoration: underline; color: #0000ff;\">balatoni el\u0151szezoni k\u00f6zleked\u00e9sr\u0151l<\/span><\/a>!<\/p>\n<p>A v\u00e1rmegye- \u00e9s orsz\u00e1gb\u00e9rletet haszn\u00e1l\u00f3k sz\u00e1m\u00e1ra azt javasolja a k\u00f6zleked\u00e9si t\u00e1rsas\u00e1g, hogy a hossz\u00fa h\u00e9tv\u00e9g\u00e9re tervezett utaz\u00e1suk el\u0151tt b\u00f6ng\u00e9ssz\u00e9k az <span style=\"text-decoration: underline; color: #0000ff;\"><a style=\"color: #0000ff; text-decoration: underline;\" tabindex=\"0\" href=\"http:\/\/www.orszagberlet.hu\/\" target=\"_blank\" rel=\"noopener\">orszagberlet.hu<\/a><\/span> weboldalt, ahol nemcsak az \u00fajfajta b\u00e9rletek felhaszn\u00e1l\u00e1s\u00e1r\u00f3l kapnak fontos inform\u00e1ci\u00f3kat, de m\u00e1r k\u00fcl\u00f6n Balaton men\u00fcpont seg\u00edti a t\u00f3hoz kir\u00e1ndul\u00f3kat a megfelel\u0151 vonat kiv\u00e1laszt\u00e1s\u00e1ban.<\/p>\n<p>\u00c9rdemes el\u0151v\u00e9telben megv\u00e1s\u00e1rolni a menet- \u00e9s helyjegyeket a sorban \u00e1ll\u00e1sok elker\u00fcl\u00e9se \u00e9rdek\u00e9ben.&nbsp; Vas\u00fati jegyv\u00e1lt\u00e1skor az utasok 5 sz\u00e1zal\u00e9kos kedvezm\u00e9nnyel \u00e9lhetnek az automat\u00e1kat haszn\u00e1lva, \u00e9s 10 sz\u00e1zal\u00e9kos kedvezm\u00e9nyt vehetnek ig\u00e9nybe az online jegyv\u00e1s\u00e1rl\u00e1skor az Elvir\u00e1t vagy a M\u00c1V applik\u00e1ci\u00f3t haszn\u00e1lva.<\/p>\n<p>A gyermekek, csal\u00e1dosok, tanul\u00f3k, di\u00e1k- \u00e9s feln\u0151tt csoportok, nyugd\u00edjasok is \u00e9lhetnek a szok\u00e1sos kedvezm\u00e9nyekkel. A m\u00e1r nem tanul\u00f3 26 \u00e9ven aluliak a 33 sz\u00e1zal\u00e9kos h\u00e9tv\u00e9gi kedvezm\u00e9nyt m\u00e1jus 26-\u00e1n 10 \u00f3r\u00e1t\u00f3l m\u00e1jus 29-\u00e9n \u00e9jf\u00e9lig vehetik ig\u00e9nybe.<\/p>\n<h3><strong>Vol\u00e1nbusz v\u00e1ltoz\u00e1sok<\/strong><\/h3>\n<p>A Vol\u00e1nbusz j\u00e1ratainak k\u00f6zleked\u00e9si rendje is m\u00f3dosul:&nbsp;m\u00e1jus 28-\u00e1n, p\u00fcnk\u00f6sdvas\u00e1rnap munkasz\u00fcneti napon, m\u00e1jus 29-\u00e9n, p\u00fcnk\u00f6sdh\u00e9tf\u0151n a h\u00e9t els\u0151 tan\u00edt\u00e1si- \u00e9s munkanapj\u00e1t megel\u0151z\u0151 munkasz\u00fcneti napon, m\u00e1jus 30-\u00e1n, kedden a h\u00e9t els\u0151 tan\u00edt\u00e1si \u00e9s munkanapj\u00e1n \u00e9rv\u00e9nyes menetrend szerint indulnak az aut\u00f3buszok.<\/p>\n<p>A tov\u00e1bbi r\u00e9szletek, valamint az \u00e1ruh\u00e1zakat \u00e9rint\u0151 j\u00e1ratok k\u00f6zleked\u00e9s\u00e9nek v\u00e1ltoz\u00e1sai a <a href=\"https:\/\/www.volanbusz.hu\/hu\/hirek\/hir\/40761\" target=\"_blank\" rel=\"noopener\"><span style=\"text-decoration: underline; color: #0000ff;\">Vol\u00e1nbusz honlapj\u00e1n<\/span><\/a> \u00e9rhet\u0151k el! A Vol\u00e1nbusz azt k\u00e9ri utasait\u00f3l, hogy a k\u00e9nyelmetlens\u00e9gek elker\u00fcl\u00e9se \u00e9rdek\u00e9ben utaz\u00e1sukat lehet\u0151s\u00e9g szerint&nbsp;el\u0151re tervezz\u00e9k meg a&nbsp;<a tabindex=\"0\" href=\"http:\/\/www.menetrendek.hu\/\" target=\"_blank\" rel=\"noopener\"><span style=\"text-decoration: underline; color: #0000ff;\">www.menetrendek.hu<\/span><\/a>&nbsp;oldalon.<\/p>\n<p><em>Forr\u00e1s: M\u00c1V Zrt. Kommunik\u00e1ci\u00f3s Igazgat\u00f3s\u00e1g<\/em><\/p>\n<\/div>\n","protected":false},"excerpt":{"rendered":"<p>P\u00fcnk\u00f6sdkor&nbsp;v\u00e1ltozik a M\u00c1V-Vol\u00e1n-csoporthoz tartoz\u00f3 t\u00e1rsas\u00e1gok k\u00f6zleked\u00e9si rendje. A vonatok m\u00e1jus 28-\u00e1n vas\u00e1rnap az \u00fcnnepnapra, 29-\u00e9n h\u00e9tf\u0151n a vas\u00e1rnapra, 30-\u00e1n kedden m\u00e1r a munkanapokra \u00e9rv\u00e9nyes menetrend szerint k\u00f6zlekednek. Jelent\u0151sen megn\u00f6vekedhet az utasforgalom, ez\u00e9rt \u00e9rdemes min\u00e9l el\u0151bb el\u0151v\u00e9telben megv\u00e1ltani a menetjegyeket, vagy haszn\u00e1lni&nbsp;az automat\u00e1kat, az&nbsp;online jegyv\u00e1s\u00e1rl\u00e1st&nbsp;az&nbsp;Elvir\u00e1n&nbsp;vagy a&nbsp;M\u00c1V applik\u00e1ci\u00f3ban&nbsp;is. V\u00e1rhat\u00f3an jelent\u0151sen megn\u0151 az \u00fcnnepek alatt az utasforgalom. Tavaly<\/p>\n","protected":false},"author":1,"featured_media":31017,"comment_status":"closed","ping_status":"closed","sticky":false,"template":"","format":"standard","meta":{"ngg_post_thumbnail":0,"footnotes":""},"categories":[6934,3],"tags":[458,1043,292,974,381,1015,291],"class_list":{"0":"post-53443","1":"post","2":"type-post","3":"status-publish","4":"format-standard","5":"has-post-thumbnail","7":"category-belfold","8":"category-hirek","9":"tag-autobusz","10":"tag-busz","11":"tag-mav","12":"tag-punkosd","13":"tag-vasut","14":"tag-volanbusz","15":"tag-vonat"},"yoast_head":"<!-- This site is optimized with the Yoast SEO plugin v27.4 - https:\/\/yoast.com\/product\/yoast-seo-wordpress\/ -->\n<title>M\u00c1V-Vol\u00e1n-csoport: P\u00fcnk\u00f6sdi \u00fcnnepi forgalom<\/title>\n<meta name=\"robots\" content=\"index, follow, max-snippet:-1, max-image-preview:large, max-video-preview:-1\" \/>\n<link rel=\"canonical\" href=\"https:\/\/dorogimedence.hu\/index.php\/2023\/05\/26\/mav-volan-csoport-punkosdi-unnepi-forgalom\/\" class=\"yoast-seo-meta-tag\" \/>\n<meta property=\"og:locale\" content=\"hu_HU\" class=\"yoast-seo-meta-tag\" \/>\n<meta property=\"og:type\" content=\"article\" class=\"yoast-seo-meta-tag\" \/>\n<meta property=\"og:title\" content=\"M\u00c1V-Vol\u00e1n-csoport: P\u00fcnk\u00f6sdi \u00fcnnepi forgalom\" class=\"yoast-seo-meta-tag\" \/>\n<meta property=\"og:description\" content=\"P\u00fcnk\u00f6sdkor&nbsp;v\u00e1ltozik a M\u00c1V-Vol\u00e1n-csoporthoz tartoz\u00f3 t\u00e1rsas\u00e1gok k\u00f6zleked\u00e9si rendje. A vonatok m\u00e1jus 28-\u00e1n vas\u00e1rnap az \u00fcnnepnapra, 29-\u00e9n h\u00e9tf\u0151n a vas\u00e1rnapra, 30-\u00e1n kedden m\u00e1r a munkanapokra \u00e9rv\u00e9nyes menetrend szerint k\u00f6zlekednek. Jelent\u0151sen megn\u00f6vekedhet az utasforgalom, ez\u00e9rt \u00e9rdemes min\u00e9l el\u0151bb el\u0151v\u00e9telben megv\u00e1ltani a menetjegyeket, vagy haszn\u00e1lni&nbsp;az automat\u00e1kat, az&nbsp;online jegyv\u00e1s\u00e1rl\u00e1st&nbsp;az&nbsp;Elvir\u00e1n&nbsp;vagy a&nbsp;M\u00c1V applik\u00e1ci\u00f3ban&nbsp;is. V\u00e1rhat\u00f3an jelent\u0151sen megn\u0151 az \u00fcnnepek alatt az utasforgalom. Tavaly\" class=\"yoast-seo-meta-tag\" \/>\n<meta property=\"og:url\" content=\"https:\/\/dorogimedence.hu\/index.php\/2023\/05\/26\/mav-volan-csoport-punkosdi-unnepi-forgalom\/\" class=\"yoast-seo-meta-tag\" \/>\n<meta property=\"og:site_name\" content=\"Dorogi-medence Region\u00e1lis H\u00edrport\u00e1l\" class=\"yoast-seo-meta-tag\" \/>\n<meta property=\"article:publisher\" content=\"https:\/\/www.facebook.com\/dorogimedence\/\" class=\"yoast-seo-meta-tag\" \/>\n<meta property=\"article:published_time\" content=\"2023-05-26T05:43:22+00:00\" class=\"yoast-seo-meta-tag\" \/>\n<meta property=\"article:modified_time\" content=\"2023-05-26T05:43:59+00:00\" class=\"yoast-seo-meta-tag\" \/>\n<meta property=\"og:image\" content=\"https:\/\/dorogimedence.hu\/wp-content\/uploads\/2021\/03\/vonat-busz.png\" class=\"yoast-seo-meta-tag\" \/>\n\t<meta property=\"og:image:width\" content=\"830\" class=\"yoast-seo-meta-tag\" \/>\n\t<meta property=\"og:image:height\" content=\"450\" class=\"yoast-seo-meta-tag\" \/>\n\t<meta property=\"og:image:type\" content=\"image\/png\" class=\"yoast-seo-meta-tag\" \/>\n<meta name=\"author\" content=\"dorogimedence.hu\" class=\"yoast-seo-meta-tag\" \/>\n<meta name=\"twitter:card\" content=\"summary_large_image\" class=\"yoast-seo-meta-tag\" \/>\n<meta name=\"twitter:label1\" content=\"Szerz\u0151:\" class=\"yoast-seo-meta-tag\" \/>\n\t<meta name=\"twitter:data1\" content=\"dorogimedence.hu\" class=\"yoast-seo-meta-tag\" \/>\n\t<meta name=\"twitter:label2\" content=\"Becs\u00fclt olvas\u00e1si id\u0151\" class=\"yoast-seo-meta-tag\" \/>\n\t<meta name=\"twitter:data2\" content=\"3 perc\" class=\"yoast-seo-meta-tag\" \/>\n<script type=\"application\/ld+json\" class=\"yoast-schema-graph\">{\"@context\":\"https:\\\/\\\/schema.org\",\"@graph\":[{\"@type\":\"Article\",\"@id\":\"https:\\\/\\\/dorogimedence.hu\\\/index.php\\\/2023\\\/05\\\/26\\\/mav-volan-csoport-punkosdi-unnepi-forgalom\\\/#article\",\"isPartOf\":{\"@id\":\"https:\\\/\\\/dorogimedence.hu\\\/index.php\\\/2023\\\/05\\\/26\\\/mav-volan-csoport-punkosdi-unnepi-forgalom\\\/\"},\"author\":{\"name\":\"dorogimedence.hu\",\"@id\":\"https:\\\/\\\/dorogimedence.hu\\\/#\\\/schema\\\/person\\\/ce6091eeb7e95ecdc87890d6aa8e0fd4\"},\"headline\":\"M\u00c1V-Vol\u00e1n-csoport: P\u00fcnk\u00f6sdi \u00fcnnepi forgalom\",\"datePublished\":\"2023-05-26T05:43:22+00:00\",\"dateModified\":\"2023-05-26T05:43:59+00:00\",\"mainEntityOfPage\":{\"@id\":\"https:\\\/\\\/dorogimedence.hu\\\/index.php\\\/2023\\\/05\\\/26\\\/mav-volan-csoport-punkosdi-unnepi-forgalom\\\/\"},\"wordCount\":608,\"publisher\":{\"@id\":\"https:\\\/\\\/dorogimedence.hu\\\/#organization\"},\"image\":{\"@id\":\"https:\\\/\\\/dorogimedence.hu\\\/index.php\\\/2023\\\/05\\\/26\\\/mav-volan-csoport-punkosdi-unnepi-forgalom\\\/#primaryimage\"},\"thumbnailUrl\":\"https:\\\/\\\/dorogimedence.hu\\\/wp-content\\\/uploads\\\/2021\\\/03\\\/vonat-busz.png\",\"keywords\":[\"aut\u00f3busz\",\"busz\",\"m\u00e1v\",\"p\u00fcnk\u00f6sd\",\"vas\u00fat\",\"vol\u00e1nbusz\",\"vonat\"],\"articleSection\":[\"Belf\u00f6ld, Gazdas\u00e1g\",\"H\u00edrek\"],\"inLanguage\":\"hu\"},{\"@type\":\"WebPage\",\"@id\":\"https:\\\/\\\/dorogimedence.hu\\\/index.php\\\/2023\\\/05\\\/26\\\/mav-volan-csoport-punkosdi-unnepi-forgalom\\\/\",\"url\":\"https:\\\/\\\/dorogimedence.hu\\\/index.php\\\/2023\\\/05\\\/26\\\/mav-volan-csoport-punkosdi-unnepi-forgalom\\\/\",\"name\":\"M\u00c1V-Vol\u00e1n-csoport: P\u00fcnk\u00f6sdi \u00fcnnepi forgalom\",\"isPartOf\":{\"@id\":\"https:\\\/\\\/dorogimedence.hu\\\/#website\"},\"primaryImageOfPage\":{\"@id\":\"https:\\\/\\\/dorogimedence.hu\\\/index.php\\\/2023\\\/05\\\/26\\\/mav-volan-csoport-punkosdi-unnepi-forgalom\\\/#primaryimage\"},\"image\":{\"@id\":\"https:\\\/\\\/dorogimedence.hu\\\/index.php\\\/2023\\\/05\\\/26\\\/mav-volan-csoport-punkosdi-unnepi-forgalom\\\/#primaryimage\"},\"thumbnailUrl\":\"https:\\\/\\\/dorogimedence.hu\\\/wp-content\\\/uploads\\\/2021\\\/03\\\/vonat-busz.png\",\"datePublished\":\"2023-05-26T05:43:22+00:00\",\"dateModified\":\"2023-05-26T05:43:59+00:00\",\"breadcrumb\":{\"@id\":\"https:\\\/\\\/dorogimedence.hu\\\/index.php\\\/2023\\\/05\\\/26\\\/mav-volan-csoport-punkosdi-unnepi-forgalom\\\/#breadcrumb\"},\"inLanguage\":\"hu\",\"potentialAction\":[{\"@type\":\"ReadAction\",\"target\":[\"https:\\\/\\\/dorogimedence.hu\\\/index.php\\\/2023\\\/05\\\/26\\\/mav-volan-csoport-punkosdi-unnepi-forgalom\\\/\"]}]},{\"@type\":\"ImageObject\",\"inLanguage\":\"hu\",\"@id\":\"https:\\\/\\\/dorogimedence.hu\\\/index.php\\\/2023\\\/05\\\/26\\\/mav-volan-csoport-punkosdi-unnepi-forgalom\\\/#primaryimage\",\"url\":\"https:\\\/\\\/dorogimedence.hu\\\/wp-content\\\/uploads\\\/2021\\\/03\\\/vonat-busz.png\",\"contentUrl\":\"https:\\\/\\\/dorogimedence.hu\\\/wp-content\\\/uploads\\\/2021\\\/03\\\/vonat-busz.png\",\"width\":830,\"height\":450},{\"@type\":\"BreadcrumbList\",\"@id\":\"https:\\\/\\\/dorogimedence.hu\\\/index.php\\\/2023\\\/05\\\/26\\\/mav-volan-csoport-punkosdi-unnepi-forgalom\\\/#breadcrumb\",\"itemListElement\":[{\"@type\":\"ListItem\",\"position\":1,\"name\":\"Kezd\u0151lap\",\"item\":\"https:\\\/\\\/dorogimedence.hu\\\/\"},{\"@type\":\"ListItem\",\"position\":2,\"name\":\"M\u00c1V-Vol\u00e1n-csoport: P\u00fcnk\u00f6sdi \u00fcnnepi forgalom\"}]},{\"@type\":\"WebSite\",\"@id\":\"https:\\\/\\\/dorogimedence.hu\\\/#website\",\"url\":\"https:\\\/\\\/dorogimedence.hu\\\/\",\"name\":\"Dorogi-medence Region\u00e1lis H\u00edrport\u00e1l\",\"description\":\"Dorog, Keszt\u00f6lc, Le\u00e1nyv\u00e1r, Piliscs\u00e9v, Tokod, Tokodalt\u00e1r\u00f3, Csolnok, Esztergom-kertv\u00e1ros: h\u00edrek, programok\",\"publisher\":{\"@id\":\"https:\\\/\\\/dorogimedence.hu\\\/#organization\"},\"potentialAction\":[{\"@type\":\"SearchAction\",\"target\":{\"@type\":\"EntryPoint\",\"urlTemplate\":\"https:\\\/\\\/dorogimedence.hu\\\/?s={search_term_string}\"},\"query-input\":{\"@type\":\"PropertyValueSpecification\",\"valueRequired\":true,\"valueName\":\"search_term_string\"}}],\"inLanguage\":\"hu\"},{\"@type\":\"Organization\",\"@id\":\"https:\\\/\\\/dorogimedence.hu\\\/#organization\",\"name\":\"Dorogi-medence Region\u00e1lis H\u00edrport\u00e1l\",\"url\":\"https:\\\/\\\/dorogimedence.hu\\\/\",\"logo\":{\"@type\":\"ImageObject\",\"inLanguage\":\"hu\",\"@id\":\"https:\\\/\\\/dorogimedence.hu\\\/#\\\/schema\\\/logo\\\/image\\\/\",\"url\":\"https:\\\/\\\/dorogimedence.hu\\\/wp-content\\\/uploads\\\/2021\\\/04\\\/logo-feher-600.png\",\"contentUrl\":\"https:\\\/\\\/dorogimedence.hu\\\/wp-content\\\/uploads\\\/2021\\\/04\\\/logo-feher-600.png\",\"width\":600,\"height\":100,\"caption\":\"Dorogi-medence Region\u00e1lis H\u00edrport\u00e1l\"},\"image\":{\"@id\":\"https:\\\/\\\/dorogimedence.hu\\\/#\\\/schema\\\/logo\\\/image\\\/\"},\"sameAs\":[\"https:\\\/\\\/www.facebook.com\\\/dorogimedence\\\/\"]},{\"@type\":\"Person\",\"@id\":\"https:\\\/\\\/dorogimedence.hu\\\/#\\\/schema\\\/person\\\/ce6091eeb7e95ecdc87890d6aa8e0fd4\",\"name\":\"dorogimedence.hu\",\"image\":{\"@type\":\"ImageObject\",\"inLanguage\":\"hu\",\"@id\":\"\\\/\\\/www.gravatar.com\\\/avatar\\\/d8d45f8901aadff40a4af72c0b826f1d?s=96&#038;r=g&#038;d=mm\",\"url\":\"\\\/\\\/www.gravatar.com\\\/avatar\\\/d8d45f8901aadff40a4af72c0b826f1d?s=96&#038;r=g&#038;d=mm\",\"contentUrl\":\"\\\/\\\/www.gravatar.com\\\/avatar\\\/d8d45f8901aadff40a4af72c0b826f1d?s=96&#038;r=g&#038;d=mm\",\"caption\":\"dorogimedence.hu\"}}]}<\/script>\n<!-- \/ Yoast SEO plugin. -->","yoast_head_json":{"title":"M\u00c1V-Vol\u00e1n-csoport: P\u00fcnk\u00f6sdi \u00fcnnepi forgalom","robots":{"index":"index","follow":"follow","max-snippet":"max-snippet:-1","max-image-preview":"max-image-preview:large","max-video-preview":"max-video-preview:-1"},"canonical":"https:\/\/dorogimedence.hu\/index.php\/2023\/05\/26\/mav-volan-csoport-punkosdi-unnepi-forgalom\/","og_locale":"hu_HU","og_type":"article","og_title":"M\u00c1V-Vol\u00e1n-csoport: P\u00fcnk\u00f6sdi \u00fcnnepi forgalom","og_description":"P\u00fcnk\u00f6sdkor&nbsp;v\u00e1ltozik a M\u00c1V-Vol\u00e1n-csoporthoz tartoz\u00f3 t\u00e1rsas\u00e1gok k\u00f6zleked\u00e9si rendje. A vonatok m\u00e1jus 28-\u00e1n vas\u00e1rnap az \u00fcnnepnapra, 29-\u00e9n h\u00e9tf\u0151n a vas\u00e1rnapra, 30-\u00e1n kedden m\u00e1r a munkanapokra \u00e9rv\u00e9nyes menetrend szerint k\u00f6zlekednek. Jelent\u0151sen megn\u00f6vekedhet az utasforgalom, ez\u00e9rt \u00e9rdemes min\u00e9l el\u0151bb el\u0151v\u00e9telben megv\u00e1ltani a menetjegyeket, vagy haszn\u00e1lni&nbsp;az automat\u00e1kat, az&nbsp;online jegyv\u00e1s\u00e1rl\u00e1st&nbsp;az&nbsp;Elvir\u00e1n&nbsp;vagy a&nbsp;M\u00c1V applik\u00e1ci\u00f3ban&nbsp;is. V\u00e1rhat\u00f3an jelent\u0151sen megn\u0151 az \u00fcnnepek alatt az utasforgalom. Tavaly","og_url":"https:\/\/dorogimedence.hu\/index.php\/2023\/05\/26\/mav-volan-csoport-punkosdi-unnepi-forgalom\/","og_site_name":"Dorogi-medence Region\u00e1lis H\u00edrport\u00e1l","article_publisher":"https:\/\/www.facebook.com\/dorogimedence\/","article_published_time":"2023-05-26T05:43:22+00:00","article_modified_time":"2023-05-26T05:43:59+00:00","og_image":[{"width":830,"height":450,"url":"https:\/\/dorogimedence.hu\/wp-content\/uploads\/2021\/03\/vonat-busz.png","type":"image\/png"}],"author":"dorogimedence.hu","twitter_card":"summary_large_image","twitter_misc":{"Szerz\u0151:":"dorogimedence.hu","Becs\u00fclt olvas\u00e1si id\u0151":"3 perc"},"schema":{"@context":"https:\/\/schema.org","@graph":[{"@type":"Article","@id":"https:\/\/dorogimedence.hu\/index.php\/2023\/05\/26\/mav-volan-csoport-punkosdi-unnepi-forgalom\/#article","isPartOf":{"@id":"https:\/\/dorogimedence.hu\/index.php\/2023\/05\/26\/mav-volan-csoport-punkosdi-unnepi-forgalom\/"},"author":{"name":"dorogimedence.hu","@id":"https:\/\/dorogimedence.hu\/#\/schema\/person\/ce6091eeb7e95ecdc87890d6aa8e0fd4"},"headline":"M\u00c1V-Vol\u00e1n-csoport: P\u00fcnk\u00f6sdi \u00fcnnepi forgalom","datePublished":"2023-05-26T05:43:22+00:00","dateModified":"2023-05-26T05:43:59+00:00","mainEntityOfPage":{"@id":"https:\/\/dorogimedence.hu\/index.php\/2023\/05\/26\/mav-volan-csoport-punkosdi-unnepi-forgalom\/"},"wordCount":608,"publisher":{"@id":"https:\/\/dorogimedence.hu\/#organization"},"image":{"@id":"https:\/\/dorogimedence.hu\/index.php\/2023\/05\/26\/mav-volan-csoport-punkosdi-unnepi-forgalom\/#primaryimage"},"thumbnailUrl":"https:\/\/dorogimedence.hu\/wp-content\/uploads\/2021\/03\/vonat-busz.png","keywords":["aut\u00f3busz","busz","m\u00e1v","p\u00fcnk\u00f6sd","vas\u00fat","vol\u00e1nbusz","vonat"],"articleSection":["Belf\u00f6ld, Gazdas\u00e1g","H\u00edrek"],"inLanguage":"hu"},{"@type":"WebPage","@id":"https:\/\/dorogimedence.hu\/index.php\/2023\/05\/26\/mav-volan-csoport-punkosdi-unnepi-forgalom\/","url":"https:\/\/dorogimedence.hu\/index.php\/2023\/05\/26\/mav-volan-csoport-punkosdi-unnepi-forgalom\/","name":"M\u00c1V-Vol\u00e1n-csoport: P\u00fcnk\u00f6sdi \u00fcnnepi forgalom","isPartOf":{"@id":"https:\/\/dorogimedence.hu\/#website"},"primaryImageOfPage":{"@id":"https:\/\/dorogimedence.hu\/index.php\/2023\/05\/26\/mav-volan-csoport-punkosdi-unnepi-forgalom\/#primaryimage"},"image":{"@id":"https:\/\/dorogimedence.hu\/index.php\/2023\/05\/26\/mav-volan-csoport-punkosdi-unnepi-forgalom\/#primaryimage"},"thumbnailUrl":"https:\/\/dorogimedence.hu\/wp-content\/uploads\/2021\/03\/vonat-busz.png","datePublished":"2023-05-26T05:43:22+00:00","dateModified":"2023-05-26T05:43:59+00:00","breadcrumb":{"@id":"https:\/\/dorogimedence.hu\/index.php\/2023\/05\/26\/mav-volan-csoport-punkosdi-unnepi-forgalom\/#breadcrumb"},"inLanguage":"hu","potentialAction":[{"@type":"ReadAction","target":["https:\/\/dorogimedence.hu\/index.php\/2023\/05\/26\/mav-volan-csoport-punkosdi-unnepi-forgalom\/"]}]},{"@type":"ImageObject","inLanguage":"hu","@id":"https:\/\/dorogimedence.hu\/index.php\/2023\/05\/26\/mav-volan-csoport-punkosdi-unnepi-forgalom\/#primaryimage","url":"https:\/\/dorogimedence.hu\/wp-content\/uploads\/2021\/03\/vonat-busz.png","contentUrl":"https:\/\/dorogimedence.hu\/wp-content\/uploads\/2021\/03\/vonat-busz.png","width":830,"height":450},{"@type":"BreadcrumbList","@id":"https:\/\/dorogimedence.hu\/index.php\/2023\/05\/26\/mav-volan-csoport-punkosdi-unnepi-forgalom\/#breadcrumb","itemListElement":[{"@type":"ListItem","position":1,"name":"Kezd\u0151lap","item":"https:\/\/dorogimedence.hu\/"},{"@type":"ListItem","position":2,"name":"M\u00c1V-Vol\u00e1n-csoport: P\u00fcnk\u00f6sdi \u00fcnnepi forgalom"}]},{"@type":"WebSite","@id":"https:\/\/dorogimedence.hu\/#website","url":"https:\/\/dorogimedence.hu\/","name":"Dorogi-medence Region\u00e1lis H\u00edrport\u00e1l","description":"Dorog, Keszt\u00f6lc, Le\u00e1nyv\u00e1r, Piliscs\u00e9v, Tokod, Tokodalt\u00e1r\u00f3, Csolnok, Esztergom-kertv\u00e1ros: h\u00edrek, programok","publisher":{"@id":"https:\/\/dorogimedence.hu\/#organization"},"potentialAction":[{"@type":"SearchAction","target":{"@type":"EntryPoint","urlTemplate":"https:\/\/dorogimedence.hu\/?s={search_term_string}"},"query-input":{"@type":"PropertyValueSpecification","valueRequired":true,"valueName":"search_term_string"}}],"inLanguage":"hu"},{"@type":"Organization","@id":"https:\/\/dorogimedence.hu\/#organization","name":"Dorogi-medence Region\u00e1lis H\u00edrport\u00e1l","url":"https:\/\/dorogimedence.hu\/","logo":{"@type":"ImageObject","inLanguage":"hu","@id":"https:\/\/dorogimedence.hu\/#\/schema\/logo\/image\/","url":"https:\/\/dorogimedence.hu\/wp-content\/uploads\/2021\/04\/logo-feher-600.png","contentUrl":"https:\/\/dorogimedence.hu\/wp-content\/uploads\/2021\/04\/logo-feher-600.png","width":600,"height":100,"caption":"Dorogi-medence Region\u00e1lis H\u00edrport\u00e1l"},"image":{"@id":"https:\/\/dorogimedence.hu\/#\/schema\/logo\/image\/"},"sameAs":["https:\/\/www.facebook.com\/dorogimedence\/"]},{"@type":"Person","@id":"https:\/\/dorogimedence.hu\/#\/schema\/person\/ce6091eeb7e95ecdc87890d6aa8e0fd4","name":"dorogimedence.hu","image":{"@type":"ImageObject","inLanguage":"hu","@id":"\/\/www.gravatar.com\/avatar\/d8d45f8901aadff40a4af72c0b826f1d?s=96&#038;r=g&#038;d=mm","url":"\/\/www.gravatar.com\/avatar\/d8d45f8901aadff40a4af72c0b826f1d?s=96&#038;r=g&#038;d=mm","contentUrl":"\/\/www.gravatar.com\/avatar\/d8d45f8901aadff40a4af72c0b826f1d?s=96&#038;r=g&#038;d=mm","caption":"dorogimedence.hu"}}]}},"_links":{"self":[{"href":"https:\/\/dorogimedence.hu\/index.php\/wp-json\/wp\/v2\/posts\/53443","targetHints":{"allow":["GET"]}}],"collection":[{"href":"https:\/\/dorogimedence.hu\/index.php\/wp-json\/wp\/v2\/posts"}],"about":[{"href":"https:\/\/dorogimedence.hu\/index.php\/wp-json\/wp\/v2\/types\/post"}],"author":[{"embeddable":true,"href":"https:\/\/dorogimedence.hu\/index.php\/wp-json\/wp\/v2\/users\/1"}],"replies":[{"embeddable":true,"href":"https:\/\/dorogimedence.hu\/index.php\/wp-json\/wp\/v2\/comments?post=53443"}],"version-history":[{"count":0,"href":"https:\/\/dorogimedence.hu\/index.php\/wp-json\/wp\/v2\/posts\/53443\/revisions"}],"wp:featuredmedia":[{"embeddable":true,"href":"https:\/\/dorogimedence.hu\/index.php\/wp-json\/wp\/v2\/media\/31017"}],"wp:attachment":[{"href":"https:\/\/dorogimedence.hu\/index.php\/wp-json\/wp\/v2\/media?parent=53443"}],"wp:term":[{"taxonomy":"category","embeddable":true,"href":"https:\/\/dorogimedence.hu\/index.php\/wp-json\/wp\/v2\/categories?post=53443"},{"taxonomy":"post_tag","embeddable":true,"href":"https:\/\/dorogimedence.hu\/index.php\/wp-json\/wp\/v2\/tags?post=53443"}],"curies":[{"name":"wp","href":"https:\/\/api.w.org\/{rel}","templated":true}]}}