{"id":53426,"date":"2023-05-25T16:49:42","date_gmt":"2023-05-25T14:49:42","guid":{"rendered":"https:\/\/dorogimedence.hu\/?p=53426"},"modified":"2023-05-25T16:49:42","modified_gmt":"2023-05-25T14:49:42","slug":"taroltak-a-dorogiak-a-orszagos-tuzmegelozesi-bizottsag-alkotoi-palyazatan","status":"publish","type":"post","link":"https:\/\/dorogimedence.hu\/index.php\/2023\/05\/25\/taroltak-a-dorogiak-a-orszagos-tuzmegelozesi-bizottsag-alkotoi-palyazatan\/","title":{"rendered":"Taroltak a dorogiak a Orsz\u00e1gos T\u0171zmegel\u0151z\u00e9si Bizotts\u00e1g alkot\u00f3i p\u00e1ly\u00e1zat\u00e1n"},"content":{"rendered":"<p><strong>76 m\u0171 \u00e9rkezett az idei Orsz\u00e1gos T\u0171zmegel\u0151z\u00e9si Bizotts\u00e1g \u00e1ltal meghirdetett p\u00e1ly\u00e1zat ter\u00fcleti fordul\u00f3j\u00e1ra. A dobog\u00f3ra h\u00e1rom dorogi \u00e9s egy keszt\u00f6lci tanul\u00f3 \u00e1llhatott fel!<\/strong><\/p>\n<p><em>\u201dA f\u00fcst\u00e9rz\u00e9kel\u0151 \u00e9letet menthet\u201d<\/em> c\u00edmmel hirdetett id\u00e9n alkot\u00f3i p\u00e1ly\u00e1zatot az Orsz\u00e1gos T\u0171zmegel\u0151z\u00e9si Bizotts\u00e1g. A v\u00e1rmegyei fordul\u00f3 gy\u0151zteseinek \u00e9s helyezettjeinek <strong>S\u00e1ri \u00c1kos<\/strong> t\u0171zolt\u00f3 ezredes, megyei igazgat\u00f3 gratul\u00e1lt. Az esem\u00e9ny alkalm\u00e1val <strong>Dallos Istv\u00e1n<\/strong> fotogr\u00e1fus, a Tatab\u00e1nya Alkot\u00f3m\u0171v\u00e9szei\u00e9rt Alap\u00edtv\u00e1ny titk\u00e1ra, a zs\u0171ri tagja sz\u00f3lt a fiatal p\u00e1ly\u00e1z\u00f3khoz, arra b\u00edztatva \u0151ket, soha ne hagyj\u00e1k abba az alkot\u00e1st, b\u00e1rmilyen \u00faton haladnak is az \u00e9letben.&nbsp;<\/p>\n<p>Az eredm\u00e9nyhirdet\u00e9sen megjelent di\u00e1kok az esem\u00e9nyt k\u00f6vet\u0151en <strong>Csiki M\u00e1rton<\/strong> t\u0171zolt\u00f3 z\u00e1szl\u00f3s vezet\u00e9s\u00e9vel betekint\u00e9st nyerhettek a Tatab\u00e1nyai Hivat\u00e1sos T\u0171zolt\u00f3-parancsnoks\u00e1g laktany\u00e1j\u00e1nak \u00e9let\u00e9be.<\/p>\n<p><img fetchpriority=\"high\" decoding=\"async\" class=\"alignnone size-full wp-image-53430\" src=\"https:\/\/dorogimedence.hu\/wp-content\/uploads\/2023\/05\/katved-rajzverseny-02.jpg\" alt=\"\" width=\"1920\" height=\"1277\" srcset=\"https:\/\/dorogimedence.hu\/wp-content\/uploads\/2023\/05\/katved-rajzverseny-02.jpg 1920w, https:\/\/dorogimedence.hu\/wp-content\/uploads\/2023\/05\/katved-rajzverseny-02-600x399.jpg 600w, https:\/\/dorogimedence.hu\/wp-content\/uploads\/2023\/05\/katved-rajzverseny-02-768x511.jpg 768w, https:\/\/dorogimedence.hu\/wp-content\/uploads\/2023\/05\/katved-rajzverseny-02-1536x1022.jpg 1536w, https:\/\/dorogimedence.hu\/wp-content\/uploads\/2023\/05\/katved-rajzverseny-02-150x100.jpg 150w, https:\/\/dorogimedence.hu\/wp-content\/uploads\/2023\/05\/katved-rajzverseny-02-450x299.jpg 450w, https:\/\/dorogimedence.hu\/wp-content\/uploads\/2023\/05\/katved-rajzverseny-02-1200x798.jpg 1200w, https:\/\/dorogimedence.hu\/wp-content\/uploads\/2023\/05\/katved-rajzverseny-02-272x182.jpg 272w\" sizes=\"(max-width: 1920px) 100vw, 1920px\" \/><\/p>\n<h4><strong>Szabadk\u00e9zi rajz kateg\u00f3ria<\/strong><\/h4>\n<p><span style=\"text-decoration: underline;\"><strong>1. korcsoport &#8211; <\/strong><strong>6-10 \u00e9ves koroszt\u00e1ly:<\/strong><\/span><\/p>\n<ul>\n<li><strong>3. helyezett:<\/strong> <strong>G\u00e1l Di\u00e1na Vivien<\/strong> \u2013 a dorogi E\u00f6tv\u00f6s J\u00f3zsef \u00c1ltal\u00e1nos Iskola tanul\u00f3ja<\/li>\n<li><strong>2. helyezett:<\/strong> <strong>P\u00e9nzes Laura <\/strong>\u2013 a kom\u00e1romi Feszty \u00c1rp\u00e1d \u00c1lt. Iskola di\u00e1kja \u201eLak\u00e1st\u0171z\u201d c\u00edm\u0171 alkot\u00e1s\u00e1val<\/li>\n<li><strong>1. helyezett: V\u00e1rosi Levente &#8211;<\/strong> a keszt\u00f6lci Kincses J\u00f3zsef \u00c1ltal\u00e1nos Iskola tanul\u00f3ja \u201eAz eldobott doh\u00e1ny\u201d c\u00edm\u0171 rajza<\/li>\n<\/ul>\n<p><span style=\"text-decoration: underline;\"><strong>2. korcsoport &#8211; <\/strong><strong>11-14 \u00e9ves koroszt\u00e1ly:<\/strong><\/span><\/p>\n<ul>\n<li><strong>3. helyezett: Kov\u00e1cs Lili\u00e1na<\/strong> \u2013 Dorogi Magyar-Angol K\u00e9t Tan\u00edt\u00e1si Nyelv\u0171, \u00e9s Sportiskolai \u00c1lt. Isk. E\u00f6tv\u00f6s J\u00f3zsef Tagiskol\u00e1ja di\u00e1kja T\u0171zv\u00e9sz c\u00edm\u0171 m\u0171ve<\/li>\n<li><strong>2. helyezett: Madar\u00e1sz D\u00f3ra<\/strong>, Dorogi Magyar-Angol K\u00e9t Tan\u00edt\u00e1si Nyelv\u0171 \u00c1lt. Isk. tanul\u00f3ja \u201eT\u0171z van, f\u00fcst van\u201d c\u00edm\u0171 m\u0171v\u00e9vel<\/li>\n<li><strong>1. helyezett: Voga Bogl\u00e1rka<\/strong> <strong>\u00c9va<\/strong> a tatai K\u0151k\u00fati \u00c1ltal\u00e1nos Iskola tanul\u00f3ja. M\u0171v\u00e9nek c\u00edme: \u201eA f\u00fcstjelz\u0151 munk\u00e1ban\u201d<\/li>\n<\/ul>\n<h4><strong>Vide\u00f3 kateg\u00f3ria<u><br \/>\n<\/u><\/strong><\/h4>\n<p><span style=\"text-decoration: underline;\"><strong>1. <\/strong><strong>korcsoport &#8211; <\/strong><strong>11-14 \u00e9ves koroszt\u00e1ly:<\/strong><\/span><\/p>\n<ul>\n<li><strong>1. helyez\u00e9st \u00e9rt el:<\/strong> <strong>Maknics Zita Gizella \u00e9s Erd\u0151si Bogl\u00e1rka<\/strong> a tatab\u00e1nyai Szent Margit Gimn\u00e1zium \u00e9s \u00c1ltal\u00e1nos Iskola tanul\u00f3i \u201eK\u00f6nnyen megel\u0151zhet\u0151 a baj\u201d vide\u00f3jukkal.<\/li>\n<\/ul>\n<p><img decoding=\"async\" class=\"alignnone size-full wp-image-53428\" src=\"https:\/\/dorogimedence.hu\/wp-content\/uploads\/2023\/05\/katved-rajzverseny-03.jpg\" alt=\"\" width=\"1920\" height=\"1277\" srcset=\"https:\/\/dorogimedence.hu\/wp-content\/uploads\/2023\/05\/katved-rajzverseny-03.jpg 1920w, https:\/\/dorogimedence.hu\/wp-content\/uploads\/2023\/05\/katved-rajzverseny-03-600x399.jpg 600w, https:\/\/dorogimedence.hu\/wp-content\/uploads\/2023\/05\/katved-rajzverseny-03-768x511.jpg 768w, https:\/\/dorogimedence.hu\/wp-content\/uploads\/2023\/05\/katved-rajzverseny-03-1536x1022.jpg 1536w, https:\/\/dorogimedence.hu\/wp-content\/uploads\/2023\/05\/katved-rajzverseny-03-150x100.jpg 150w, https:\/\/dorogimedence.hu\/wp-content\/uploads\/2023\/05\/katved-rajzverseny-03-450x299.jpg 450w, https:\/\/dorogimedence.hu\/wp-content\/uploads\/2023\/05\/katved-rajzverseny-03-1200x798.jpg 1200w, https:\/\/dorogimedence.hu\/wp-content\/uploads\/2023\/05\/katved-rajzverseny-03-272x182.jpg 272w\" sizes=\"(max-width: 1920px) 100vw, 1920px\" \/><\/p>\n<p><em>Fot\u00f3: Varga Mih\u00e1ly Sebesty\u00e9n t\u0171. fhdgy.<\/em><br \/>\n<em>Forr\u00e1s: Katasztr\u00f3fav\u00e9delem<\/em><\/p>\n","protected":false},"excerpt":{"rendered":"<p>76 m\u0171 \u00e9rkezett az idei Orsz\u00e1gos T\u0171zmegel\u0151z\u00e9si Bizotts\u00e1g \u00e1ltal meghirdetett p\u00e1ly\u00e1zat ter\u00fcleti fordul\u00f3j\u00e1ra. A dobog\u00f3ra h\u00e1rom dorogi \u00e9s egy keszt\u00f6lci tanul\u00f3 \u00e1llhatott fel! \u201dA f\u00fcst\u00e9rz\u00e9kel\u0151 \u00e9letet menthet\u201d c\u00edmmel hirdetett id\u00e9n alkot\u00f3i p\u00e1ly\u00e1zatot az Orsz\u00e1gos T\u0171zmegel\u0151z\u00e9si Bizotts\u00e1g. A v\u00e1rmegyei fordul\u00f3 gy\u0151zteseinek \u00e9s helyezettjeinek S\u00e1ri \u00c1kos t\u0171zolt\u00f3 ezredes, megyei igazgat\u00f3 gratul\u00e1lt. Az esem\u00e9ny alkalm\u00e1val Dallos Istv\u00e1n fotogr\u00e1fus,<\/p>\n","protected":false},"author":1,"featured_media":53427,"comment_status":"closed","ping_status":"closed","sticky":false,"template":"","format":"standard","meta":{"ngg_post_thumbnail":0,"footnotes":""},"categories":[2,3,8,56,6948],"tags":[5624,175,2589,1845],"class_list":{"0":"post-53426","1":"post","2":"type-post","3":"status-publish","4":"format-standard","5":"has-post-thumbnail","7":"category-dorog","8":"category-hirek","9":"category-kesztolc","10":"category-komarom-esztergom","11":"category-szines","12":"tag-featured","13":"tag-katasztrofavedelem","14":"tag-orszagos-tuzmegelozesi-bizottsag","15":"tag-rajzverseny"},"yoast_head":"<!-- This site is optimized with the Yoast SEO plugin v27.4 - https:\/\/yoast.com\/product\/yoast-seo-wordpress\/ -->\n<title>Taroltak a dorogiak a Orsz\u00e1gos T\u0171zmegel\u0151z\u00e9si Bizotts\u00e1g alkot\u00f3i p\u00e1ly\u00e1zat\u00e1n<\/title>\n<meta name=\"robots\" content=\"index, follow, max-snippet:-1, max-image-preview:large, max-video-preview:-1\" \/>\n<link rel=\"canonical\" href=\"https:\/\/dorogimedence.hu\/index.php\/2023\/05\/25\/taroltak-a-dorogiak-a-orszagos-tuzmegelozesi-bizottsag-alkotoi-palyazatan\/\" class=\"yoast-seo-meta-tag\" \/>\n<meta property=\"og:locale\" content=\"hu_HU\" class=\"yoast-seo-meta-tag\" \/>\n<meta property=\"og:type\" content=\"article\" class=\"yoast-seo-meta-tag\" \/>\n<meta property=\"og:title\" content=\"Taroltak a dorogiak a Orsz\u00e1gos T\u0171zmegel\u0151z\u00e9si Bizotts\u00e1g alkot\u00f3i p\u00e1ly\u00e1zat\u00e1n\" class=\"yoast-seo-meta-tag\" \/>\n<meta property=\"og:description\" content=\"76 m\u0171 \u00e9rkezett az idei Orsz\u00e1gos T\u0171zmegel\u0151z\u00e9si Bizotts\u00e1g \u00e1ltal meghirdetett p\u00e1ly\u00e1zat ter\u00fcleti fordul\u00f3j\u00e1ra. A dobog\u00f3ra h\u00e1rom dorogi \u00e9s egy keszt\u00f6lci tanul\u00f3 \u00e1llhatott fel! \u201dA f\u00fcst\u00e9rz\u00e9kel\u0151 \u00e9letet menthet\u201d c\u00edmmel hirdetett id\u00e9n alkot\u00f3i p\u00e1ly\u00e1zatot az Orsz\u00e1gos T\u0171zmegel\u0151z\u00e9si Bizotts\u00e1g. A v\u00e1rmegyei fordul\u00f3 gy\u0151zteseinek \u00e9s helyezettjeinek S\u00e1ri \u00c1kos t\u0171zolt\u00f3 ezredes, megyei igazgat\u00f3 gratul\u00e1lt. Az esem\u00e9ny alkalm\u00e1val Dallos Istv\u00e1n fotogr\u00e1fus,\" class=\"yoast-seo-meta-tag\" \/>\n<meta property=\"og:url\" content=\"https:\/\/dorogimedence.hu\/index.php\/2023\/05\/25\/taroltak-a-dorogiak-a-orszagos-tuzmegelozesi-bizottsag-alkotoi-palyazatan\/\" class=\"yoast-seo-meta-tag\" \/>\n<meta property=\"og:site_name\" content=\"Dorogi-medence Region\u00e1lis H\u00edrport\u00e1l\" class=\"yoast-seo-meta-tag\" \/>\n<meta property=\"article:publisher\" content=\"https:\/\/www.facebook.com\/dorogimedence\/\" class=\"yoast-seo-meta-tag\" \/>\n<meta property=\"article:published_time\" content=\"2023-05-25T14:49:42+00:00\" class=\"yoast-seo-meta-tag\" \/>\n<meta property=\"og:image\" content=\"https:\/\/dorogimedence.hu\/wp-content\/uploads\/2023\/05\/katved-rajzverseny-01.jpg\" class=\"yoast-seo-meta-tag\" \/>\n\t<meta property=\"og:image:width\" content=\"1920\" class=\"yoast-seo-meta-tag\" \/>\n\t<meta property=\"og:image:height\" content=\"1134\" class=\"yoast-seo-meta-tag\" \/>\n\t<meta property=\"og:image:type\" content=\"image\/jpeg\" class=\"yoast-seo-meta-tag\" \/>\n<meta name=\"author\" content=\"dorogimedence.hu\" class=\"yoast-seo-meta-tag\" \/>\n<meta name=\"twitter:card\" content=\"summary_large_image\" class=\"yoast-seo-meta-tag\" \/>\n<meta name=\"twitter:label1\" content=\"Szerz\u0151:\" class=\"yoast-seo-meta-tag\" \/>\n\t<meta name=\"twitter:data1\" content=\"dorogimedence.hu\" class=\"yoast-seo-meta-tag\" \/>\n\t<meta name=\"twitter:label2\" content=\"Becs\u00fclt olvas\u00e1si id\u0151\" class=\"yoast-seo-meta-tag\" \/>\n\t<meta name=\"twitter:data2\" content=\"2 perc\" class=\"yoast-seo-meta-tag\" \/>\n<script type=\"application\/ld+json\" class=\"yoast-schema-graph\">{\"@context\":\"https:\\\/\\\/schema.org\",\"@graph\":[{\"@type\":\"Article\",\"@id\":\"https:\\\/\\\/dorogimedence.hu\\\/index.php\\\/2023\\\/05\\\/25\\\/taroltak-a-dorogiak-a-orszagos-tuzmegelozesi-bizottsag-alkotoi-palyazatan\\\/#article\",\"isPartOf\":{\"@id\":\"https:\\\/\\\/dorogimedence.hu\\\/index.php\\\/2023\\\/05\\\/25\\\/taroltak-a-dorogiak-a-orszagos-tuzmegelozesi-bizottsag-alkotoi-palyazatan\\\/\"},\"author\":{\"name\":\"dorogimedence.hu\",\"@id\":\"https:\\\/\\\/dorogimedence.hu\\\/#\\\/schema\\\/person\\\/ce6091eeb7e95ecdc87890d6aa8e0fd4\"},\"headline\":\"Taroltak a dorogiak a Orsz\u00e1gos T\u0171zmegel\u0151z\u00e9si Bizotts\u00e1g alkot\u00f3i p\u00e1ly\u00e1zat\u00e1n\",\"datePublished\":\"2023-05-25T14:49:42+00:00\",\"mainEntityOfPage\":{\"@id\":\"https:\\\/\\\/dorogimedence.hu\\\/index.php\\\/2023\\\/05\\\/25\\\/taroltak-a-dorogiak-a-orszagos-tuzmegelozesi-bizottsag-alkotoi-palyazatan\\\/\"},\"wordCount\":414,\"publisher\":{\"@id\":\"https:\\\/\\\/dorogimedence.hu\\\/#organization\"},\"image\":{\"@id\":\"https:\\\/\\\/dorogimedence.hu\\\/index.php\\\/2023\\\/05\\\/25\\\/taroltak-a-dorogiak-a-orszagos-tuzmegelozesi-bizottsag-alkotoi-palyazatan\\\/#primaryimage\"},\"thumbnailUrl\":\"https:\\\/\\\/dorogimedence.hu\\\/wp-content\\\/uploads\\\/2023\\\/05\\\/katved-rajzverseny-01.jpg\",\"keywords\":[\"featured\",\"katasztr\u00f3fav\u00e9delem\",\"Orsz\u00e1gos T\u0171zmegel\u0151z\u00e9si Bizotts\u00e1g\",\"rajzverseny\"],\"articleSection\":[\"Dorog\",\"H\u00edrek\",\"Keszt\u00f6lc\",\"Kom\u00e1rom-Esztergom\",\"Sz\u00ednes\"],\"inLanguage\":\"hu\"},{\"@type\":\"WebPage\",\"@id\":\"https:\\\/\\\/dorogimedence.hu\\\/index.php\\\/2023\\\/05\\\/25\\\/taroltak-a-dorogiak-a-orszagos-tuzmegelozesi-bizottsag-alkotoi-palyazatan\\\/\",\"url\":\"https:\\\/\\\/dorogimedence.hu\\\/index.php\\\/2023\\\/05\\\/25\\\/taroltak-a-dorogiak-a-orszagos-tuzmegelozesi-bizottsag-alkotoi-palyazatan\\\/\",\"name\":\"Taroltak a dorogiak a Orsz\u00e1gos T\u0171zmegel\u0151z\u00e9si Bizotts\u00e1g alkot\u00f3i p\u00e1ly\u00e1zat\u00e1n\",\"isPartOf\":{\"@id\":\"https:\\\/\\\/dorogimedence.hu\\\/#website\"},\"primaryImageOfPage\":{\"@id\":\"https:\\\/\\\/dorogimedence.hu\\\/index.php\\\/2023\\\/05\\\/25\\\/taroltak-a-dorogiak-a-orszagos-tuzmegelozesi-bizottsag-alkotoi-palyazatan\\\/#primaryimage\"},\"image\":{\"@id\":\"https:\\\/\\\/dorogimedence.hu\\\/index.php\\\/2023\\\/05\\\/25\\\/taroltak-a-dorogiak-a-orszagos-tuzmegelozesi-bizottsag-alkotoi-palyazatan\\\/#primaryimage\"},\"thumbnailUrl\":\"https:\\\/\\\/dorogimedence.hu\\\/wp-content\\\/uploads\\\/2023\\\/05\\\/katved-rajzverseny-01.jpg\",\"datePublished\":\"2023-05-25T14:49:42+00:00\",\"breadcrumb\":{\"@id\":\"https:\\\/\\\/dorogimedence.hu\\\/index.php\\\/2023\\\/05\\\/25\\\/taroltak-a-dorogiak-a-orszagos-tuzmegelozesi-bizottsag-alkotoi-palyazatan\\\/#breadcrumb\"},\"inLanguage\":\"hu\",\"potentialAction\":[{\"@type\":\"ReadAction\",\"target\":[\"https:\\\/\\\/dorogimedence.hu\\\/index.php\\\/2023\\\/05\\\/25\\\/taroltak-a-dorogiak-a-orszagos-tuzmegelozesi-bizottsag-alkotoi-palyazatan\\\/\"]}]},{\"@type\":\"ImageObject\",\"inLanguage\":\"hu\",\"@id\":\"https:\\\/\\\/dorogimedence.hu\\\/index.php\\\/2023\\\/05\\\/25\\\/taroltak-a-dorogiak-a-orszagos-tuzmegelozesi-bizottsag-alkotoi-palyazatan\\\/#primaryimage\",\"url\":\"https:\\\/\\\/dorogimedence.hu\\\/wp-content\\\/uploads\\\/2023\\\/05\\\/katved-rajzverseny-01.jpg\",\"contentUrl\":\"https:\\\/\\\/dorogimedence.hu\\\/wp-content\\\/uploads\\\/2023\\\/05\\\/katved-rajzverseny-01.jpg\",\"width\":1920,\"height\":1134},{\"@type\":\"BreadcrumbList\",\"@id\":\"https:\\\/\\\/dorogimedence.hu\\\/index.php\\\/2023\\\/05\\\/25\\\/taroltak-a-dorogiak-a-orszagos-tuzmegelozesi-bizottsag-alkotoi-palyazatan\\\/#breadcrumb\",\"itemListElement\":[{\"@type\":\"ListItem\",\"position\":1,\"name\":\"Kezd\u0151lap\",\"item\":\"https:\\\/\\\/dorogimedence.hu\\\/\"},{\"@type\":\"ListItem\",\"position\":2,\"name\":\"Taroltak a dorogiak a Orsz\u00e1gos T\u0171zmegel\u0151z\u00e9si Bizotts\u00e1g alkot\u00f3i p\u00e1ly\u00e1zat\u00e1n\"}]},{\"@type\":\"WebSite\",\"@id\":\"https:\\\/\\\/dorogimedence.hu\\\/#website\",\"url\":\"https:\\\/\\\/dorogimedence.hu\\\/\",\"name\":\"Dorogi-medence Region\u00e1lis H\u00edrport\u00e1l\",\"description\":\"Dorog, Keszt\u00f6lc, Le\u00e1nyv\u00e1r, Piliscs\u00e9v, Tokod, Tokodalt\u00e1r\u00f3, Csolnok, Esztergom-kertv\u00e1ros: h\u00edrek, programok\",\"publisher\":{\"@id\":\"https:\\\/\\\/dorogimedence.hu\\\/#organization\"},\"potentialAction\":[{\"@type\":\"SearchAction\",\"target\":{\"@type\":\"EntryPoint\",\"urlTemplate\":\"https:\\\/\\\/dorogimedence.hu\\\/?s={search_term_string}\"},\"query-input\":{\"@type\":\"PropertyValueSpecification\",\"valueRequired\":true,\"valueName\":\"search_term_string\"}}],\"inLanguage\":\"hu\"},{\"@type\":\"Organization\",\"@id\":\"https:\\\/\\\/dorogimedence.hu\\\/#organization\",\"name\":\"Dorogi-medence Region\u00e1lis H\u00edrport\u00e1l\",\"url\":\"https:\\\/\\\/dorogimedence.hu\\\/\",\"logo\":{\"@type\":\"ImageObject\",\"inLanguage\":\"hu\",\"@id\":\"https:\\\/\\\/dorogimedence.hu\\\/#\\\/schema\\\/logo\\\/image\\\/\",\"url\":\"https:\\\/\\\/dorogimedence.hu\\\/wp-content\\\/uploads\\\/2021\\\/04\\\/logo-feher-600.png\",\"contentUrl\":\"https:\\\/\\\/dorogimedence.hu\\\/wp-content\\\/uploads\\\/2021\\\/04\\\/logo-feher-600.png\",\"width\":600,\"height\":100,\"caption\":\"Dorogi-medence Region\u00e1lis H\u00edrport\u00e1l\"},\"image\":{\"@id\":\"https:\\\/\\\/dorogimedence.hu\\\/#\\\/schema\\\/logo\\\/image\\\/\"},\"sameAs\":[\"https:\\\/\\\/www.facebook.com\\\/dorogimedence\\\/\"]},{\"@type\":\"Person\",\"@id\":\"https:\\\/\\\/dorogimedence.hu\\\/#\\\/schema\\\/person\\\/ce6091eeb7e95ecdc87890d6aa8e0fd4\",\"name\":\"dorogimedence.hu\",\"image\":{\"@type\":\"ImageObject\",\"inLanguage\":\"hu\",\"@id\":\"\\\/\\\/www.gravatar.com\\\/avatar\\\/d8d45f8901aadff40a4af72c0b826f1d?s=96&#038;r=g&#038;d=mm\",\"url\":\"\\\/\\\/www.gravatar.com\\\/avatar\\\/d8d45f8901aadff40a4af72c0b826f1d?s=96&#038;r=g&#038;d=mm\",\"contentUrl\":\"\\\/\\\/www.gravatar.com\\\/avatar\\\/d8d45f8901aadff40a4af72c0b826f1d?s=96&#038;r=g&#038;d=mm\",\"caption\":\"dorogimedence.hu\"}}]}<\/script>\n<!-- \/ Yoast SEO plugin. -->","yoast_head_json":{"title":"Taroltak a dorogiak a Orsz\u00e1gos T\u0171zmegel\u0151z\u00e9si Bizotts\u00e1g alkot\u00f3i p\u00e1ly\u00e1zat\u00e1n","robots":{"index":"index","follow":"follow","max-snippet":"max-snippet:-1","max-image-preview":"max-image-preview:large","max-video-preview":"max-video-preview:-1"},"canonical":"https:\/\/dorogimedence.hu\/index.php\/2023\/05\/25\/taroltak-a-dorogiak-a-orszagos-tuzmegelozesi-bizottsag-alkotoi-palyazatan\/","og_locale":"hu_HU","og_type":"article","og_title":"Taroltak a dorogiak a Orsz\u00e1gos T\u0171zmegel\u0151z\u00e9si Bizotts\u00e1g alkot\u00f3i p\u00e1ly\u00e1zat\u00e1n","og_description":"76 m\u0171 \u00e9rkezett az idei Orsz\u00e1gos T\u0171zmegel\u0151z\u00e9si Bizotts\u00e1g \u00e1ltal meghirdetett p\u00e1ly\u00e1zat ter\u00fcleti fordul\u00f3j\u00e1ra. A dobog\u00f3ra h\u00e1rom dorogi \u00e9s egy keszt\u00f6lci tanul\u00f3 \u00e1llhatott fel! \u201dA f\u00fcst\u00e9rz\u00e9kel\u0151 \u00e9letet menthet\u201d c\u00edmmel hirdetett id\u00e9n alkot\u00f3i p\u00e1ly\u00e1zatot az Orsz\u00e1gos T\u0171zmegel\u0151z\u00e9si Bizotts\u00e1g. A v\u00e1rmegyei fordul\u00f3 gy\u0151zteseinek \u00e9s helyezettjeinek S\u00e1ri \u00c1kos t\u0171zolt\u00f3 ezredes, megyei igazgat\u00f3 gratul\u00e1lt. Az esem\u00e9ny alkalm\u00e1val Dallos Istv\u00e1n fotogr\u00e1fus,","og_url":"https:\/\/dorogimedence.hu\/index.php\/2023\/05\/25\/taroltak-a-dorogiak-a-orszagos-tuzmegelozesi-bizottsag-alkotoi-palyazatan\/","og_site_name":"Dorogi-medence Region\u00e1lis H\u00edrport\u00e1l","article_publisher":"https:\/\/www.facebook.com\/dorogimedence\/","article_published_time":"2023-05-25T14:49:42+00:00","og_image":[{"width":1920,"height":1134,"url":"https:\/\/dorogimedence.hu\/wp-content\/uploads\/2023\/05\/katved-rajzverseny-01.jpg","type":"image\/jpeg"}],"author":"dorogimedence.hu","twitter_card":"summary_large_image","twitter_misc":{"Szerz\u0151:":"dorogimedence.hu","Becs\u00fclt olvas\u00e1si id\u0151":"2 perc"},"schema":{"@context":"https:\/\/schema.org","@graph":[{"@type":"Article","@id":"https:\/\/dorogimedence.hu\/index.php\/2023\/05\/25\/taroltak-a-dorogiak-a-orszagos-tuzmegelozesi-bizottsag-alkotoi-palyazatan\/#article","isPartOf":{"@id":"https:\/\/dorogimedence.hu\/index.php\/2023\/05\/25\/taroltak-a-dorogiak-a-orszagos-tuzmegelozesi-bizottsag-alkotoi-palyazatan\/"},"author":{"name":"dorogimedence.hu","@id":"https:\/\/dorogimedence.hu\/#\/schema\/person\/ce6091eeb7e95ecdc87890d6aa8e0fd4"},"headline":"Taroltak a dorogiak a Orsz\u00e1gos T\u0171zmegel\u0151z\u00e9si Bizotts\u00e1g alkot\u00f3i p\u00e1ly\u00e1zat\u00e1n","datePublished":"2023-05-25T14:49:42+00:00","mainEntityOfPage":{"@id":"https:\/\/dorogimedence.hu\/index.php\/2023\/05\/25\/taroltak-a-dorogiak-a-orszagos-tuzmegelozesi-bizottsag-alkotoi-palyazatan\/"},"wordCount":414,"publisher":{"@id":"https:\/\/dorogimedence.hu\/#organization"},"image":{"@id":"https:\/\/dorogimedence.hu\/index.php\/2023\/05\/25\/taroltak-a-dorogiak-a-orszagos-tuzmegelozesi-bizottsag-alkotoi-palyazatan\/#primaryimage"},"thumbnailUrl":"https:\/\/dorogimedence.hu\/wp-content\/uploads\/2023\/05\/katved-rajzverseny-01.jpg","keywords":["featured","katasztr\u00f3fav\u00e9delem","Orsz\u00e1gos T\u0171zmegel\u0151z\u00e9si Bizotts\u00e1g","rajzverseny"],"articleSection":["Dorog","H\u00edrek","Keszt\u00f6lc","Kom\u00e1rom-Esztergom","Sz\u00ednes"],"inLanguage":"hu"},{"@type":"WebPage","@id":"https:\/\/dorogimedence.hu\/index.php\/2023\/05\/25\/taroltak-a-dorogiak-a-orszagos-tuzmegelozesi-bizottsag-alkotoi-palyazatan\/","url":"https:\/\/dorogimedence.hu\/index.php\/2023\/05\/25\/taroltak-a-dorogiak-a-orszagos-tuzmegelozesi-bizottsag-alkotoi-palyazatan\/","name":"Taroltak a dorogiak a Orsz\u00e1gos T\u0171zmegel\u0151z\u00e9si Bizotts\u00e1g alkot\u00f3i p\u00e1ly\u00e1zat\u00e1n","isPartOf":{"@id":"https:\/\/dorogimedence.hu\/#website"},"primaryImageOfPage":{"@id":"https:\/\/dorogimedence.hu\/index.php\/2023\/05\/25\/taroltak-a-dorogiak-a-orszagos-tuzmegelozesi-bizottsag-alkotoi-palyazatan\/#primaryimage"},"image":{"@id":"https:\/\/dorogimedence.hu\/index.php\/2023\/05\/25\/taroltak-a-dorogiak-a-orszagos-tuzmegelozesi-bizottsag-alkotoi-palyazatan\/#primaryimage"},"thumbnailUrl":"https:\/\/dorogimedence.hu\/wp-content\/uploads\/2023\/05\/katved-rajzverseny-01.jpg","datePublished":"2023-05-25T14:49:42+00:00","breadcrumb":{"@id":"https:\/\/dorogimedence.hu\/index.php\/2023\/05\/25\/taroltak-a-dorogiak-a-orszagos-tuzmegelozesi-bizottsag-alkotoi-palyazatan\/#breadcrumb"},"inLanguage":"hu","potentialAction":[{"@type":"ReadAction","target":["https:\/\/dorogimedence.hu\/index.php\/2023\/05\/25\/taroltak-a-dorogiak-a-orszagos-tuzmegelozesi-bizottsag-alkotoi-palyazatan\/"]}]},{"@type":"ImageObject","inLanguage":"hu","@id":"https:\/\/dorogimedence.hu\/index.php\/2023\/05\/25\/taroltak-a-dorogiak-a-orszagos-tuzmegelozesi-bizottsag-alkotoi-palyazatan\/#primaryimage","url":"https:\/\/dorogimedence.hu\/wp-content\/uploads\/2023\/05\/katved-rajzverseny-01.jpg","contentUrl":"https:\/\/dorogimedence.hu\/wp-content\/uploads\/2023\/05\/katved-rajzverseny-01.jpg","width":1920,"height":1134},{"@type":"BreadcrumbList","@id":"https:\/\/dorogimedence.hu\/index.php\/2023\/05\/25\/taroltak-a-dorogiak-a-orszagos-tuzmegelozesi-bizottsag-alkotoi-palyazatan\/#breadcrumb","itemListElement":[{"@type":"ListItem","position":1,"name":"Kezd\u0151lap","item":"https:\/\/dorogimedence.hu\/"},{"@type":"ListItem","position":2,"name":"Taroltak a dorogiak a Orsz\u00e1gos T\u0171zmegel\u0151z\u00e9si Bizotts\u00e1g alkot\u00f3i p\u00e1ly\u00e1zat\u00e1n"}]},{"@type":"WebSite","@id":"https:\/\/dorogimedence.hu\/#website","url":"https:\/\/dorogimedence.hu\/","name":"Dorogi-medence Region\u00e1lis H\u00edrport\u00e1l","description":"Dorog, Keszt\u00f6lc, Le\u00e1nyv\u00e1r, Piliscs\u00e9v, Tokod, Tokodalt\u00e1r\u00f3, Csolnok, Esztergom-kertv\u00e1ros: h\u00edrek, programok","publisher":{"@id":"https:\/\/dorogimedence.hu\/#organization"},"potentialAction":[{"@type":"SearchAction","target":{"@type":"EntryPoint","urlTemplate":"https:\/\/dorogimedence.hu\/?s={search_term_string}"},"query-input":{"@type":"PropertyValueSpecification","valueRequired":true,"valueName":"search_term_string"}}],"inLanguage":"hu"},{"@type":"Organization","@id":"https:\/\/dorogimedence.hu\/#organization","name":"Dorogi-medence Region\u00e1lis H\u00edrport\u00e1l","url":"https:\/\/dorogimedence.hu\/","logo":{"@type":"ImageObject","inLanguage":"hu","@id":"https:\/\/dorogimedence.hu\/#\/schema\/logo\/image\/","url":"https:\/\/dorogimedence.hu\/wp-content\/uploads\/2021\/04\/logo-feher-600.png","contentUrl":"https:\/\/dorogimedence.hu\/wp-content\/uploads\/2021\/04\/logo-feher-600.png","width":600,"height":100,"caption":"Dorogi-medence Region\u00e1lis H\u00edrport\u00e1l"},"image":{"@id":"https:\/\/dorogimedence.hu\/#\/schema\/logo\/image\/"},"sameAs":["https:\/\/www.facebook.com\/dorogimedence\/"]},{"@type":"Person","@id":"https:\/\/dorogimedence.hu\/#\/schema\/person\/ce6091eeb7e95ecdc87890d6aa8e0fd4","name":"dorogimedence.hu","image":{"@type":"ImageObject","inLanguage":"hu","@id":"\/\/www.gravatar.com\/avatar\/d8d45f8901aadff40a4af72c0b826f1d?s=96&#038;r=g&#038;d=mm","url":"\/\/www.gravatar.com\/avatar\/d8d45f8901aadff40a4af72c0b826f1d?s=96&#038;r=g&#038;d=mm","contentUrl":"\/\/www.gravatar.com\/avatar\/d8d45f8901aadff40a4af72c0b826f1d?s=96&#038;r=g&#038;d=mm","caption":"dorogimedence.hu"}}]}},"_links":{"self":[{"href":"https:\/\/dorogimedence.hu\/index.php\/wp-json\/wp\/v2\/posts\/53426","targetHints":{"allow":["GET"]}}],"collection":[{"href":"https:\/\/dorogimedence.hu\/index.php\/wp-json\/wp\/v2\/posts"}],"about":[{"href":"https:\/\/dorogimedence.hu\/index.php\/wp-json\/wp\/v2\/types\/post"}],"author":[{"embeddable":true,"href":"https:\/\/dorogimedence.hu\/index.php\/wp-json\/wp\/v2\/users\/1"}],"replies":[{"embeddable":true,"href":"https:\/\/dorogimedence.hu\/index.php\/wp-json\/wp\/v2\/comments?post=53426"}],"version-history":[{"count":0,"href":"https:\/\/dorogimedence.hu\/index.php\/wp-json\/wp\/v2\/posts\/53426\/revisions"}],"wp:featuredmedia":[{"embeddable":true,"href":"https:\/\/dorogimedence.hu\/index.php\/wp-json\/wp\/v2\/media\/53427"}],"wp:attachment":[{"href":"https:\/\/dorogimedence.hu\/index.php\/wp-json\/wp\/v2\/media?parent=53426"}],"wp:term":[{"taxonomy":"category","embeddable":true,"href":"https:\/\/dorogimedence.hu\/index.php\/wp-json\/wp\/v2\/categories?post=53426"},{"taxonomy":"post_tag","embeddable":true,"href":"https:\/\/dorogimedence.hu\/index.php\/wp-json\/wp\/v2\/tags?post=53426"}],"curies":[{"name":"wp","href":"https:\/\/api.w.org\/{rel}","templated":true}]}}