{"id":53399,"date":"2023-05-25T10:07:29","date_gmt":"2023-05-25T08:07:29","guid":{"rendered":"https:\/\/dorogimedence.hu\/?p=53399"},"modified":"2023-05-25T10:07:29","modified_gmt":"2023-05-25T08:07:29","slug":"serpak-is-keresik-suhajda-szilardot","status":"publish","type":"post","link":"https:\/\/dorogimedence.hu\/index.php\/2023\/05\/25\/serpak-is-keresik-suhajda-szilardot\/","title":{"rendered":"Serp\u00e1k is keresik Suhajda Szil\u00e1rdot"},"content":{"rendered":"<p><strong>Suhajda Szil\u00e1rd m\u0171holdas nyomk\u00f6vet\u0151j\u00e9nek legut\u00f3bbi jelz\u00e9se szerd\u00e1n, nep\u00e1li id\u0151 szerint 19:30-kor \u00e9rkezett, az\u00f3ta nem j\u00f6tt h\u00edr a Mount Everest megh\u00f3d\u00edt\u00e1s\u00e1ra indult magyar hegym\u00e1sz\u00f3r\u00f3l<\/strong> <em>&#8211; k\u00f6z\u00f6lte cs\u00fct\u00f6rt\u00f6k \u00e9jjel a k\u00fcldet\u00e9s kommunik\u00e1ci\u00f3j\u00e1t seg\u00edt\u0151 H\u00f3hat\u00e1r &#8211; a Mozg\u00e1svil\u00e1g hegym\u00e1sz\u00f3 h\u00edrei Facebook-oldal.<\/em><\/p>\n<p>A bejegyz\u00e9sben, ami a volt esztergomi f\u0151iskol\u00e1s saj\u00e1t Facebook-oldal\u00e1ra is felker\u00fclt, azt \u00edrt\u00e1k, hogy a hegym\u00e1sz\u00f3 m\u0171holdas k\u00f6vet\u0151je nagy kihagy\u00e1sokkal dolgozott a cs\u00facst\u00e1mad\u00e1s sor\u00e1n. &#8222;A legut\u00f3bbi jelz\u00e9s szerint nep\u00e1li id\u0151 szerint 19:30-kor 8795 m\u00e9ter magasan j\u00e1rt, a Hillary-l\u00e9pcs\u0151n\u00e9l, \u00e9s felfele mozgott. Ez 50 m\u00e9terre van szintben a cs\u00facst\u00f3l, de adott esetben ez ak\u00e1r t\u00f6bb \u00f3r\u00e1s m\u00e1sz\u00e1s is lehet. Jelad\u00f3ja az\u00f3ta nem k\u00fcld\u00f6tt t\u00f6bb jelet, \u00e9s \u0151 m\u00e1s m\u00f3don sem jelentkezett&#8221; &#8211; \u00edrt\u00e1k.<\/p>\n<p>Kit\u00e9rnek arra is, hogy a nyomk\u00f6vet\u0151 kihagy\u00e1sa nem szokatlan jelens\u00e9g, a tavalyi Lhoce-m\u00e1sz\u00e1s alkalm\u00e1val k\u00e9t napig nem tudta senki, merre j\u00e1r a hegym\u00e1sz\u00f3. &#8222;Abb\u00f3l indulunk ki, hogy att\u00f3l, hogy mi nem l\u00e1tjuk a nyomk\u00f6vet\u0151je adatait, \u0151 m\u00e9g ereszkedik lefel\u00e9 sz\u00e9pen lassan a hegyr\u0151l. Hogy mi\u00e9rt nem m\u0171k\u00f6dik a jelad\u00f3, arr\u00f3l nincs inform\u00e1ci\u00f3nk \u00e9s tal\u00e1lgatni sem szeretn\u00e9nk&#8221; &#8211; \u00edrt\u00e1k.<\/p>\n<p>A Facebook-bejegyz\u00e9s ugyanakkor kit\u00e9r arra is, hogy a hegym\u00e1sz\u00f3 az \u00e1ltal\u00e1ban megszokotthoz k\u00e9pest &#8222;nagyon k\u00e9s\u0151n volt nagyon magasan, \u00e9s hossz\u00fa ideje van \u00faton&#8221;. &#8222;Ennek ellen\u00e9re b\u00edzunk benne, hogy legjobb tud\u00e1sa szerint d\u00f6nt\u00f6tt \u00e9s k\u00e9pess\u00e9gei legjav\u00e1t ny\u00fajtva biztons\u00e1gban visszat\u00e9r&#8221; &#8211; \u00edrt\u00e1k.<\/p>\n<p>Mint \u00edrt\u00e1k, felk\u00e9rtek k\u00e9t serp\u00e1t, hogy menjenek fel Suhajda Szil\u00e1rd el\u00e9 a 4-es t\u00e1borba, hogy amikor reggel rem\u00e9lhet\u0151leg oda le\u00e9r, folyad\u00e9kkal tudj\u00e1k \u0151t v\u00e1rni. &#8222;Ez nem ment\u0151akci\u00f3. P\u00e1rhuzamosan t\u00f6bb \u00fcgyn\u00f6ks\u00e9ggel felvett\u00fck a kapcsolatot, hogy ki az, akire m\u00e9g esetleg inform\u00e1ci\u00f3szerz\u00e9s vagy ak\u00e1r seg\u00edts\u00e9g kapcs\u00e1n sz\u00e1m\u00edtani lehet&#8221; &#8211; \u00e1ll a bejegyz\u00e9sben.<\/p>\n<p>A Kyocera Everest Exped\u00edci\u00f3 2023 keret\u00e9ben Suhajda Szil\u00e1rd c\u00e9lja a Mount Everest 8848 m\u00e9teres cs\u00facs\u00e1nak el\u00e9r\u00e9se &#8222;tiszt\u00e1n&#8221;, vagyis teherhord\u00f3k \u00e9s mesters\u00e9ges oxig\u00e9n haszn\u00e1lata n\u00e9lk\u00fcl. Magyar \u00e1llampolg\u00e1rnak ez ilyen m\u00f3don m\u00e9g nem siker\u00fclt &#8211; k\u00f6z\u00f6lte kor\u00e1bban az MTI-vel az exped\u00edci\u00f3.<\/p>\n<p><em>Forr\u00e1s: MTI<\/em><br \/>\n<em>Bor\u00edt\u00f3k\u00e9p: Suhajda Szil\u00e1rd Facebook oldala<\/em><\/p>\n","protected":false},"excerpt":{"rendered":"<p>Suhajda Szil\u00e1rd m\u0171holdas nyomk\u00f6vet\u0151j\u00e9nek legut\u00f3bbi jelz\u00e9se szerd\u00e1n, nep\u00e1li id\u0151 szerint 19:30-kor \u00e9rkezett, az\u00f3ta nem j\u00f6tt h\u00edr a Mount Everest megh\u00f3d\u00edt\u00e1s\u00e1ra indult magyar hegym\u00e1sz\u00f3r\u00f3l &#8211; k\u00f6z\u00f6lte cs\u00fct\u00f6rt\u00f6k \u00e9jjel a k\u00fcldet\u00e9s kommunik\u00e1ci\u00f3j\u00e1t seg\u00edt\u0151 H\u00f3hat\u00e1r &#8211; a Mozg\u00e1svil\u00e1g hegym\u00e1sz\u00f3 h\u00edrei Facebook-oldal. A bejegyz\u00e9sben, ami a volt esztergomi f\u0151iskol\u00e1s saj\u00e1t Facebook-oldal\u00e1ra is felker\u00fclt, azt \u00edrt\u00e1k, hogy a hegym\u00e1sz\u00f3 m\u0171holdas<\/p>\n","protected":false},"author":1,"featured_media":53400,"comment_status":"closed","ping_status":"closed","sticky":false,"template":"","format":"standard","meta":{"ngg_post_thumbnail":0,"footnotes":""},"categories":[3],"tags":[2946,4367],"class_list":{"0":"post-53399","1":"post","2":"type-post","3":"status-publish","4":"format-standard","5":"has-post-thumbnail","7":"category-hirek","8":"tag-hegymaszas","9":"tag-suhajda-szilard"},"yoast_head":"<!-- This site is optimized with the Yoast SEO plugin v27.5 - https:\/\/yoast.com\/product\/yoast-seo-wordpress\/ -->\n<title>Serp\u00e1k is keresik Suhajda Szil\u00e1rdot<\/title>\n<meta name=\"robots\" content=\"index, follow, max-snippet:-1, max-image-preview:large, max-video-preview:-1\" \/>\n<link rel=\"canonical\" href=\"https:\/\/dorogimedence.hu\/index.php\/2023\/05\/25\/serpak-is-keresik-suhajda-szilardot\/\" class=\"yoast-seo-meta-tag\" \/>\n<meta property=\"og:locale\" content=\"hu_HU\" class=\"yoast-seo-meta-tag\" \/>\n<meta property=\"og:type\" content=\"article\" class=\"yoast-seo-meta-tag\" \/>\n<meta property=\"og:title\" content=\"Serp\u00e1k is keresik Suhajda Szil\u00e1rdot\" class=\"yoast-seo-meta-tag\" \/>\n<meta property=\"og:description\" content=\"Suhajda Szil\u00e1rd m\u0171holdas nyomk\u00f6vet\u0151j\u00e9nek legut\u00f3bbi jelz\u00e9se szerd\u00e1n, nep\u00e1li id\u0151 szerint 19:30-kor \u00e9rkezett, az\u00f3ta nem j\u00f6tt h\u00edr a Mount Everest megh\u00f3d\u00edt\u00e1s\u00e1ra indult magyar hegym\u00e1sz\u00f3r\u00f3l &#8211; k\u00f6z\u00f6lte cs\u00fct\u00f6rt\u00f6k \u00e9jjel a k\u00fcldet\u00e9s kommunik\u00e1ci\u00f3j\u00e1t seg\u00edt\u0151 H\u00f3hat\u00e1r &#8211; a Mozg\u00e1svil\u00e1g hegym\u00e1sz\u00f3 h\u00edrei Facebook-oldal. A bejegyz\u00e9sben, ami a volt esztergomi f\u0151iskol\u00e1s saj\u00e1t Facebook-oldal\u00e1ra is felker\u00fclt, azt \u00edrt\u00e1k, hogy a hegym\u00e1sz\u00f3 m\u0171holdas\" class=\"yoast-seo-meta-tag\" \/>\n<meta property=\"og:url\" content=\"https:\/\/dorogimedence.hu\/index.php\/2023\/05\/25\/serpak-is-keresik-suhajda-szilardot\/\" class=\"yoast-seo-meta-tag\" \/>\n<meta property=\"og:site_name\" content=\"Dorogi-medence Region\u00e1lis H\u00edrport\u00e1l\" class=\"yoast-seo-meta-tag\" \/>\n<meta property=\"article:publisher\" content=\"https:\/\/www.facebook.com\/dorogimedence\/\" class=\"yoast-seo-meta-tag\" \/>\n<meta property=\"article:published_time\" content=\"2023-05-25T08:07:29+00:00\" class=\"yoast-seo-meta-tag\" \/>\n<meta property=\"og:image\" content=\"https:\/\/dorogimedence.hu\/wp-content\/uploads\/2023\/05\/suhajda-01.jpg\" class=\"yoast-seo-meta-tag\" \/>\n\t<meta property=\"og:image:width\" content=\"1920\" class=\"yoast-seo-meta-tag\" \/>\n\t<meta property=\"og:image:height\" content=\"970\" class=\"yoast-seo-meta-tag\" \/>\n\t<meta property=\"og:image:type\" content=\"image\/jpeg\" class=\"yoast-seo-meta-tag\" \/>\n<meta name=\"author\" content=\"dorogimedence.hu\" class=\"yoast-seo-meta-tag\" \/>\n<meta name=\"twitter:card\" content=\"summary_large_image\" class=\"yoast-seo-meta-tag\" \/>\n<meta name=\"twitter:label1\" content=\"Szerz\u0151:\" class=\"yoast-seo-meta-tag\" \/>\n\t<meta name=\"twitter:data1\" content=\"dorogimedence.hu\" class=\"yoast-seo-meta-tag\" \/>\n\t<meta name=\"twitter:label2\" content=\"Becs\u00fclt olvas\u00e1si id\u0151\" class=\"yoast-seo-meta-tag\" \/>\n\t<meta name=\"twitter:data2\" content=\"2 perc\" class=\"yoast-seo-meta-tag\" \/>\n<script type=\"application\/ld+json\" class=\"yoast-schema-graph\">{\"@context\":\"https:\\\/\\\/schema.org\",\"@graph\":[{\"@type\":\"Article\",\"@id\":\"https:\\\/\\\/dorogimedence.hu\\\/index.php\\\/2023\\\/05\\\/25\\\/serpak-is-keresik-suhajda-szilardot\\\/#article\",\"isPartOf\":{\"@id\":\"https:\\\/\\\/dorogimedence.hu\\\/index.php\\\/2023\\\/05\\\/25\\\/serpak-is-keresik-suhajda-szilardot\\\/\"},\"author\":{\"name\":\"dorogimedence.hu\",\"@id\":\"https:\\\/\\\/dorogimedence.hu\\\/#\\\/schema\\\/person\\\/ce6091eeb7e95ecdc87890d6aa8e0fd4\"},\"headline\":\"Serp\u00e1k is keresik Suhajda Szil\u00e1rdot\",\"datePublished\":\"2023-05-25T08:07:29+00:00\",\"mainEntityOfPage\":{\"@id\":\"https:\\\/\\\/dorogimedence.hu\\\/index.php\\\/2023\\\/05\\\/25\\\/serpak-is-keresik-suhajda-szilardot\\\/\"},\"wordCount\":485,\"publisher\":{\"@id\":\"https:\\\/\\\/dorogimedence.hu\\\/#organization\"},\"image\":{\"@id\":\"https:\\\/\\\/dorogimedence.hu\\\/index.php\\\/2023\\\/05\\\/25\\\/serpak-is-keresik-suhajda-szilardot\\\/#primaryimage\"},\"thumbnailUrl\":\"https:\\\/\\\/dorogimedence.hu\\\/wp-content\\\/uploads\\\/2023\\\/05\\\/suhajda-01.jpg\",\"keywords\":[\"hegym\u00e1sz\u00e1s\",\"Suhajda Szil\u00e1rd\"],\"articleSection\":[\"H\u00edrek\"],\"inLanguage\":\"hu\"},{\"@type\":\"WebPage\",\"@id\":\"https:\\\/\\\/dorogimedence.hu\\\/index.php\\\/2023\\\/05\\\/25\\\/serpak-is-keresik-suhajda-szilardot\\\/\",\"url\":\"https:\\\/\\\/dorogimedence.hu\\\/index.php\\\/2023\\\/05\\\/25\\\/serpak-is-keresik-suhajda-szilardot\\\/\",\"name\":\"Serp\u00e1k is keresik Suhajda Szil\u00e1rdot\",\"isPartOf\":{\"@id\":\"https:\\\/\\\/dorogimedence.hu\\\/#website\"},\"primaryImageOfPage\":{\"@id\":\"https:\\\/\\\/dorogimedence.hu\\\/index.php\\\/2023\\\/05\\\/25\\\/serpak-is-keresik-suhajda-szilardot\\\/#primaryimage\"},\"image\":{\"@id\":\"https:\\\/\\\/dorogimedence.hu\\\/index.php\\\/2023\\\/05\\\/25\\\/serpak-is-keresik-suhajda-szilardot\\\/#primaryimage\"},\"thumbnailUrl\":\"https:\\\/\\\/dorogimedence.hu\\\/wp-content\\\/uploads\\\/2023\\\/05\\\/suhajda-01.jpg\",\"datePublished\":\"2023-05-25T08:07:29+00:00\",\"breadcrumb\":{\"@id\":\"https:\\\/\\\/dorogimedence.hu\\\/index.php\\\/2023\\\/05\\\/25\\\/serpak-is-keresik-suhajda-szilardot\\\/#breadcrumb\"},\"inLanguage\":\"hu\",\"potentialAction\":[{\"@type\":\"ReadAction\",\"target\":[\"https:\\\/\\\/dorogimedence.hu\\\/index.php\\\/2023\\\/05\\\/25\\\/serpak-is-keresik-suhajda-szilardot\\\/\"]}]},{\"@type\":\"ImageObject\",\"inLanguage\":\"hu\",\"@id\":\"https:\\\/\\\/dorogimedence.hu\\\/index.php\\\/2023\\\/05\\\/25\\\/serpak-is-keresik-suhajda-szilardot\\\/#primaryimage\",\"url\":\"https:\\\/\\\/dorogimedence.hu\\\/wp-content\\\/uploads\\\/2023\\\/05\\\/suhajda-01.jpg\",\"contentUrl\":\"https:\\\/\\\/dorogimedence.hu\\\/wp-content\\\/uploads\\\/2023\\\/05\\\/suhajda-01.jpg\",\"width\":1920,\"height\":970},{\"@type\":\"BreadcrumbList\",\"@id\":\"https:\\\/\\\/dorogimedence.hu\\\/index.php\\\/2023\\\/05\\\/25\\\/serpak-is-keresik-suhajda-szilardot\\\/#breadcrumb\",\"itemListElement\":[{\"@type\":\"ListItem\",\"position\":1,\"name\":\"Kezd\u0151lap\",\"item\":\"https:\\\/\\\/dorogimedence.hu\\\/\"},{\"@type\":\"ListItem\",\"position\":2,\"name\":\"Serp\u00e1k is keresik Suhajda Szil\u00e1rdot\"}]},{\"@type\":\"WebSite\",\"@id\":\"https:\\\/\\\/dorogimedence.hu\\\/#website\",\"url\":\"https:\\\/\\\/dorogimedence.hu\\\/\",\"name\":\"Dorogi-medence Region\u00e1lis H\u00edrport\u00e1l\",\"description\":\"Dorog, Keszt\u00f6lc, Le\u00e1nyv\u00e1r, Piliscs\u00e9v, Tokod, Tokodalt\u00e1r\u00f3, Csolnok, Esztergom-kertv\u00e1ros: h\u00edrek, programok\",\"publisher\":{\"@id\":\"https:\\\/\\\/dorogimedence.hu\\\/#organization\"},\"potentialAction\":[{\"@type\":\"SearchAction\",\"target\":{\"@type\":\"EntryPoint\",\"urlTemplate\":\"https:\\\/\\\/dorogimedence.hu\\\/?s={search_term_string}\"},\"query-input\":{\"@type\":\"PropertyValueSpecification\",\"valueRequired\":true,\"valueName\":\"search_term_string\"}}],\"inLanguage\":\"hu\"},{\"@type\":\"Organization\",\"@id\":\"https:\\\/\\\/dorogimedence.hu\\\/#organization\",\"name\":\"Dorogi-medence Region\u00e1lis H\u00edrport\u00e1l\",\"url\":\"https:\\\/\\\/dorogimedence.hu\\\/\",\"logo\":{\"@type\":\"ImageObject\",\"inLanguage\":\"hu\",\"@id\":\"https:\\\/\\\/dorogimedence.hu\\\/#\\\/schema\\\/logo\\\/image\\\/\",\"url\":\"https:\\\/\\\/dorogimedence.hu\\\/wp-content\\\/uploads\\\/2021\\\/04\\\/logo-feher-600.png\",\"contentUrl\":\"https:\\\/\\\/dorogimedence.hu\\\/wp-content\\\/uploads\\\/2021\\\/04\\\/logo-feher-600.png\",\"width\":600,\"height\":100,\"caption\":\"Dorogi-medence Region\u00e1lis H\u00edrport\u00e1l\"},\"image\":{\"@id\":\"https:\\\/\\\/dorogimedence.hu\\\/#\\\/schema\\\/logo\\\/image\\\/\"},\"sameAs\":[\"https:\\\/\\\/www.facebook.com\\\/dorogimedence\\\/\"]},{\"@type\":\"Person\",\"@id\":\"https:\\\/\\\/dorogimedence.hu\\\/#\\\/schema\\\/person\\\/ce6091eeb7e95ecdc87890d6aa8e0fd4\",\"name\":\"dorogimedence.hu\",\"image\":{\"@type\":\"ImageObject\",\"inLanguage\":\"hu\",\"@id\":\"\\\/\\\/www.gravatar.com\\\/avatar\\\/d8d45f8901aadff40a4af72c0b826f1d?s=96&#038;r=g&#038;d=mm\",\"url\":\"\\\/\\\/www.gravatar.com\\\/avatar\\\/d8d45f8901aadff40a4af72c0b826f1d?s=96&#038;r=g&#038;d=mm\",\"contentUrl\":\"\\\/\\\/www.gravatar.com\\\/avatar\\\/d8d45f8901aadff40a4af72c0b826f1d?s=96&#038;r=g&#038;d=mm\",\"caption\":\"dorogimedence.hu\"}}]}<\/script>\n<!-- \/ Yoast SEO plugin. -->","yoast_head_json":{"title":"Serp\u00e1k is keresik Suhajda Szil\u00e1rdot","robots":{"index":"index","follow":"follow","max-snippet":"max-snippet:-1","max-image-preview":"max-image-preview:large","max-video-preview":"max-video-preview:-1"},"canonical":"https:\/\/dorogimedence.hu\/index.php\/2023\/05\/25\/serpak-is-keresik-suhajda-szilardot\/","og_locale":"hu_HU","og_type":"article","og_title":"Serp\u00e1k is keresik Suhajda Szil\u00e1rdot","og_description":"Suhajda Szil\u00e1rd m\u0171holdas nyomk\u00f6vet\u0151j\u00e9nek legut\u00f3bbi jelz\u00e9se szerd\u00e1n, nep\u00e1li id\u0151 szerint 19:30-kor \u00e9rkezett, az\u00f3ta nem j\u00f6tt h\u00edr a Mount Everest megh\u00f3d\u00edt\u00e1s\u00e1ra indult magyar hegym\u00e1sz\u00f3r\u00f3l &#8211; k\u00f6z\u00f6lte cs\u00fct\u00f6rt\u00f6k \u00e9jjel a k\u00fcldet\u00e9s kommunik\u00e1ci\u00f3j\u00e1t seg\u00edt\u0151 H\u00f3hat\u00e1r &#8211; a Mozg\u00e1svil\u00e1g hegym\u00e1sz\u00f3 h\u00edrei Facebook-oldal. A bejegyz\u00e9sben, ami a volt esztergomi f\u0151iskol\u00e1s saj\u00e1t Facebook-oldal\u00e1ra is felker\u00fclt, azt \u00edrt\u00e1k, hogy a hegym\u00e1sz\u00f3 m\u0171holdas","og_url":"https:\/\/dorogimedence.hu\/index.php\/2023\/05\/25\/serpak-is-keresik-suhajda-szilardot\/","og_site_name":"Dorogi-medence Region\u00e1lis H\u00edrport\u00e1l","article_publisher":"https:\/\/www.facebook.com\/dorogimedence\/","article_published_time":"2023-05-25T08:07:29+00:00","og_image":[{"width":1920,"height":970,"url":"https:\/\/dorogimedence.hu\/wp-content\/uploads\/2023\/05\/suhajda-01.jpg","type":"image\/jpeg"}],"author":"dorogimedence.hu","twitter_card":"summary_large_image","twitter_misc":{"Szerz\u0151:":"dorogimedence.hu","Becs\u00fclt olvas\u00e1si id\u0151":"2 perc"},"schema":{"@context":"https:\/\/schema.org","@graph":[{"@type":"Article","@id":"https:\/\/dorogimedence.hu\/index.php\/2023\/05\/25\/serpak-is-keresik-suhajda-szilardot\/#article","isPartOf":{"@id":"https:\/\/dorogimedence.hu\/index.php\/2023\/05\/25\/serpak-is-keresik-suhajda-szilardot\/"},"author":{"name":"dorogimedence.hu","@id":"https:\/\/dorogimedence.hu\/#\/schema\/person\/ce6091eeb7e95ecdc87890d6aa8e0fd4"},"headline":"Serp\u00e1k is keresik Suhajda Szil\u00e1rdot","datePublished":"2023-05-25T08:07:29+00:00","mainEntityOfPage":{"@id":"https:\/\/dorogimedence.hu\/index.php\/2023\/05\/25\/serpak-is-keresik-suhajda-szilardot\/"},"wordCount":485,"publisher":{"@id":"https:\/\/dorogimedence.hu\/#organization"},"image":{"@id":"https:\/\/dorogimedence.hu\/index.php\/2023\/05\/25\/serpak-is-keresik-suhajda-szilardot\/#primaryimage"},"thumbnailUrl":"https:\/\/dorogimedence.hu\/wp-content\/uploads\/2023\/05\/suhajda-01.jpg","keywords":["hegym\u00e1sz\u00e1s","Suhajda Szil\u00e1rd"],"articleSection":["H\u00edrek"],"inLanguage":"hu"},{"@type":"WebPage","@id":"https:\/\/dorogimedence.hu\/index.php\/2023\/05\/25\/serpak-is-keresik-suhajda-szilardot\/","url":"https:\/\/dorogimedence.hu\/index.php\/2023\/05\/25\/serpak-is-keresik-suhajda-szilardot\/","name":"Serp\u00e1k is keresik Suhajda Szil\u00e1rdot","isPartOf":{"@id":"https:\/\/dorogimedence.hu\/#website"},"primaryImageOfPage":{"@id":"https:\/\/dorogimedence.hu\/index.php\/2023\/05\/25\/serpak-is-keresik-suhajda-szilardot\/#primaryimage"},"image":{"@id":"https:\/\/dorogimedence.hu\/index.php\/2023\/05\/25\/serpak-is-keresik-suhajda-szilardot\/#primaryimage"},"thumbnailUrl":"https:\/\/dorogimedence.hu\/wp-content\/uploads\/2023\/05\/suhajda-01.jpg","datePublished":"2023-05-25T08:07:29+00:00","breadcrumb":{"@id":"https:\/\/dorogimedence.hu\/index.php\/2023\/05\/25\/serpak-is-keresik-suhajda-szilardot\/#breadcrumb"},"inLanguage":"hu","potentialAction":[{"@type":"ReadAction","target":["https:\/\/dorogimedence.hu\/index.php\/2023\/05\/25\/serpak-is-keresik-suhajda-szilardot\/"]}]},{"@type":"ImageObject","inLanguage":"hu","@id":"https:\/\/dorogimedence.hu\/index.php\/2023\/05\/25\/serpak-is-keresik-suhajda-szilardot\/#primaryimage","url":"https:\/\/dorogimedence.hu\/wp-content\/uploads\/2023\/05\/suhajda-01.jpg","contentUrl":"https:\/\/dorogimedence.hu\/wp-content\/uploads\/2023\/05\/suhajda-01.jpg","width":1920,"height":970},{"@type":"BreadcrumbList","@id":"https:\/\/dorogimedence.hu\/index.php\/2023\/05\/25\/serpak-is-keresik-suhajda-szilardot\/#breadcrumb","itemListElement":[{"@type":"ListItem","position":1,"name":"Kezd\u0151lap","item":"https:\/\/dorogimedence.hu\/"},{"@type":"ListItem","position":2,"name":"Serp\u00e1k is keresik Suhajda Szil\u00e1rdot"}]},{"@type":"WebSite","@id":"https:\/\/dorogimedence.hu\/#website","url":"https:\/\/dorogimedence.hu\/","name":"Dorogi-medence Region\u00e1lis H\u00edrport\u00e1l","description":"Dorog, Keszt\u00f6lc, Le\u00e1nyv\u00e1r, Piliscs\u00e9v, Tokod, Tokodalt\u00e1r\u00f3, Csolnok, Esztergom-kertv\u00e1ros: h\u00edrek, programok","publisher":{"@id":"https:\/\/dorogimedence.hu\/#organization"},"potentialAction":[{"@type":"SearchAction","target":{"@type":"EntryPoint","urlTemplate":"https:\/\/dorogimedence.hu\/?s={search_term_string}"},"query-input":{"@type":"PropertyValueSpecification","valueRequired":true,"valueName":"search_term_string"}}],"inLanguage":"hu"},{"@type":"Organization","@id":"https:\/\/dorogimedence.hu\/#organization","name":"Dorogi-medence Region\u00e1lis H\u00edrport\u00e1l","url":"https:\/\/dorogimedence.hu\/","logo":{"@type":"ImageObject","inLanguage":"hu","@id":"https:\/\/dorogimedence.hu\/#\/schema\/logo\/image\/","url":"https:\/\/dorogimedence.hu\/wp-content\/uploads\/2021\/04\/logo-feher-600.png","contentUrl":"https:\/\/dorogimedence.hu\/wp-content\/uploads\/2021\/04\/logo-feher-600.png","width":600,"height":100,"caption":"Dorogi-medence Region\u00e1lis H\u00edrport\u00e1l"},"image":{"@id":"https:\/\/dorogimedence.hu\/#\/schema\/logo\/image\/"},"sameAs":["https:\/\/www.facebook.com\/dorogimedence\/"]},{"@type":"Person","@id":"https:\/\/dorogimedence.hu\/#\/schema\/person\/ce6091eeb7e95ecdc87890d6aa8e0fd4","name":"dorogimedence.hu","image":{"@type":"ImageObject","inLanguage":"hu","@id":"\/\/www.gravatar.com\/avatar\/d8d45f8901aadff40a4af72c0b826f1d?s=96&#038;r=g&#038;d=mm","url":"\/\/www.gravatar.com\/avatar\/d8d45f8901aadff40a4af72c0b826f1d?s=96&#038;r=g&#038;d=mm","contentUrl":"\/\/www.gravatar.com\/avatar\/d8d45f8901aadff40a4af72c0b826f1d?s=96&#038;r=g&#038;d=mm","caption":"dorogimedence.hu"}}]}},"_links":{"self":[{"href":"https:\/\/dorogimedence.hu\/index.php\/wp-json\/wp\/v2\/posts\/53399","targetHints":{"allow":["GET"]}}],"collection":[{"href":"https:\/\/dorogimedence.hu\/index.php\/wp-json\/wp\/v2\/posts"}],"about":[{"href":"https:\/\/dorogimedence.hu\/index.php\/wp-json\/wp\/v2\/types\/post"}],"author":[{"embeddable":true,"href":"https:\/\/dorogimedence.hu\/index.php\/wp-json\/wp\/v2\/users\/1"}],"replies":[{"embeddable":true,"href":"https:\/\/dorogimedence.hu\/index.php\/wp-json\/wp\/v2\/comments?post=53399"}],"version-history":[{"count":0,"href":"https:\/\/dorogimedence.hu\/index.php\/wp-json\/wp\/v2\/posts\/53399\/revisions"}],"wp:featuredmedia":[{"embeddable":true,"href":"https:\/\/dorogimedence.hu\/index.php\/wp-json\/wp\/v2\/media\/53400"}],"wp:attachment":[{"href":"https:\/\/dorogimedence.hu\/index.php\/wp-json\/wp\/v2\/media?parent=53399"}],"wp:term":[{"taxonomy":"category","embeddable":true,"href":"https:\/\/dorogimedence.hu\/index.php\/wp-json\/wp\/v2\/categories?post=53399"},{"taxonomy":"post_tag","embeddable":true,"href":"https:\/\/dorogimedence.hu\/index.php\/wp-json\/wp\/v2\/tags?post=53399"}],"curies":[{"name":"wp","href":"https:\/\/api.w.org\/{rel}","templated":true}]}}