{"id":53263,"date":"2023-05-22T09:57:42","date_gmt":"2023-05-22T07:57:42","guid":{"rendered":"https:\/\/dorogimedence.hu\/?p=53263"},"modified":"2023-05-22T09:57:42","modified_gmt":"2023-05-22T07:57:42","slug":"ejfelig-lehet-elfogadni-az-szja-bevallasi-tervezetet","status":"publish","type":"post","link":"https:\/\/dorogimedence.hu\/index.php\/2023\/05\/22\/ejfelig-lehet-elfogadni-az-szja-bevallasi-tervezetet\/","title":{"rendered":"\u00c9jf\u00e9lig lehet elfogadni az szja-bevall\u00e1si tervezetet"},"content":{"rendered":"<p class=\"wordsection1\" style=\"text-align: justify;\"><b>\u00c9jf\u00e9lig lehet kieg\u00e9sz\u00edteni, illetve elfogadni az szja-bevall\u00e1si tervezetet. Ma a NAV \u00f6sszes k\u00f6zponti \u00fcgyf\u00e9lszolg\u00e1lata 18 \u00f3r\u00e1ig, valamint a telefonos NAV Inf\u00f3vonal 20 \u00f3r\u00e1ig hossz\u00edtott nyitvatart\u00e1ssal v\u00e1rja azokat, akik a tervezettel, bevall\u00e1ssal, 1+1 sz\u00e1zal\u00e9kkal kapcsolatban seg\u00edts\u00e9get k\u00e9rnek. Aki egyet\u00e9rt a tervezetben foglaltakkal, azon nem v\u00e1ltoztat \u2013 az egy\u00e9ni v\u00e1llalkoz\u00f3kat, az \u0151stermel\u0151ket \u00e9s az \u00e1f\u00e1s mag\u00e1nszem\u00e9lyeket kiv\u00e9ve \u2013, annak m\u00e1jus 22-\u00e9vel automatikusan bevall\u00e1ss\u00e1 v\u00e1lik a tervezete.<br \/>\n<\/b><\/p>\n<p class=\"wordsection1\" style=\"text-align: justify;\">M\u00e1jus 22-\u00e9n \u00e9jf\u00e9lig lehet \u00e1tn\u00e9zni, elfogadni, m\u00f3dos\u00edtani \u00e9s kieg\u00e9sz\u00edteni a NAV \u00e1ltal k\u00e9sz\u00edtett szja-bevall\u00e1si tervezetet, ami legegyszer\u0171bben az \u00fcgyf\u00e9lkapuval rendelkez\u0151k tehetnek meg a NAV honlapj\u00e1r\u00f3l el\u00e9rhet\u0151 fel\u00fcleten. Aki nem v\u00e9gleges\u00edti a tervezetet, nem is n\u00e9zi \u00e1t, annak \u2013 az \u0151stermel\u0151ket, az \u00e1f\u00e1s mag\u00e1nszem\u00e9lyeket \u00e9s az egy\u00e9ni v\u00e1llalkoz\u00f3kat kiv\u00e9ve \u2013 automatikusan \u00e9rv\u00e9nyes bevall\u00e1ss\u00e1 v\u00e1lik a tervezete m\u00e1jus 22-\u00e9vel.<\/p>\n<p class=\"wordsection1\" style=\"text-align: justify;\">Az \u0151stermel\u0151k, az \u00e1fa fizet\u00e9s\u00e9re k\u00f6telezett mag\u00e1nszem\u00e9lyek \u00e9s az egy\u00e9ni v\u00e1llalkoz\u00f3k r\u00e9sz\u00e9re k\u00e9sz\u00edtett bevall\u00e1si tervezet azonban csup\u00e1n egy \u201eaj\u00e1nlat\u201d, ami nem v\u00e1lik automatikusan bevall\u00e1ss\u00e1. Teh\u00e1t ezeket a tervezeteket ki kell eg\u00e9sz\u00edteni a v\u00e1llalkoz\u00f3i, az \u00f6n\u00e1ll\u00f3 tev\u00e9kenys\u00e9g, illetve az \u0151stermel\u0151i tev\u00e9kenys\u00e9g j\u00f6vedelm\u00e9vel, \u00e9s az ahhoz kapcsol\u00f3d\u00f3 fizet\u00e9si k\u00f6telezetts\u00e9gekkel. Ha nem eg\u00e9sz\u00edtik ki, nem m\u00f3dos\u00edtj\u00e1k az ad\u00f3bevall\u00e1si tervezetet, az nem v\u00e1lik m\u00e1jus 22-\u00e9n szem\u00e9lyij\u00f6vedelemad\u00f3-bevall\u00e1ss\u00e1 ebben a k\u00f6rben. Ha nem m\u00f3dos\u00edtj\u00e1k a bevall\u00e1si tervezet\u00e9t vagy saj\u00e1t maguk nem k\u00e9sz\u00edtenek \u00e9s nem ny\u00fajtanak be szja-bevall\u00e1st, a NAV tizen\u00f6t napos hat\u00e1rid\u0151vel felh\u00edvja \u0151ket, hogy p\u00f3tolj\u00e1k a hi\u00e1nyt. Ha ez elmarad, akkor a NAV \u00f6tvenezer forint mulaszt\u00e1si b\u00edrs\u00e1ggal b\u00fcntetheti a mulaszt\u00f3 \u0151stermel\u0151t, az \u00e1fafizet\u00e9sre k\u00f6telezett mag\u00e1nszem\u00e9lyt, illetve az egy\u00e9ni v\u00e1llalkoz\u00f3t.<\/p>\n<p class=\"wordsection1\" style=\"text-align: justify;\">A civil szervezeteknek, a vall\u00e1si k\u00f6z\u00f6ss\u00e9geknek \u00e9s a Nemzeti Tehets\u00e9g Programnak felaj\u00e1nlhat\u00f3 1+1 sz\u00e1zal\u00e9kokr\u00f3l sz\u00f3l\u00f3 rendelkez\u0151nyilatkozat legegyszer\u0171bben a NAV eSZJA-fel\u00fclet\u00e9n adhat\u00f3 be ma \u00e9jf\u00e9lig.<\/p>\n<p class=\"wordsection1\" style=\"text-align: justify;\"><em><span style=\"font-size: 11.0pt;\">Forr\u00e1s: Nemzeti Ad\u00f3- \u00e9s V\u00e1mhivatal Kom\u00e1rom-Esztergom V\u00e1rmegyei Ad\u00f3- \u00e9s V\u00e1migazgat\u00f3s\u00e1ga<\/span><\/em><\/p>\n","protected":false},"excerpt":{"rendered":"<p>\u00c9jf\u00e9lig lehet kieg\u00e9sz\u00edteni, illetve elfogadni az szja-bevall\u00e1si tervezetet. Ma a NAV \u00f6sszes k\u00f6zponti \u00fcgyf\u00e9lszolg\u00e1lata 18 \u00f3r\u00e1ig, valamint a telefonos NAV Inf\u00f3vonal 20 \u00f3r\u00e1ig hossz\u00edtott nyitvatart\u00e1ssal v\u00e1rja azokat, akik a tervezettel, bevall\u00e1ssal, 1+1 sz\u00e1zal\u00e9kkal kapcsolatban seg\u00edts\u00e9get k\u00e9rnek. Aki egyet\u00e9rt a tervezetben foglaltakkal, azon nem v\u00e1ltoztat \u2013 az egy\u00e9ni v\u00e1llalkoz\u00f3kat, az \u0151stermel\u0151ket \u00e9s az \u00e1f\u00e1s mag\u00e1nszem\u00e9lyeket kiv\u00e9ve<\/p>\n","protected":false},"author":1,"featured_media":49795,"comment_status":"closed","ping_status":"closed","sticky":false,"template":"","format":"standard","meta":{"ngg_post_thumbnail":0,"footnotes":""},"categories":[6934,3],"tags":[736,317,737],"class_list":{"0":"post-53263","1":"post","2":"type-post","3":"status-publish","4":"format-standard","5":"has-post-thumbnail","7":"category-belfold","8":"category-hirek","9":"tag-adobevallas","10":"tag-nav","11":"tag-szja"},"yoast_head":"<!-- This site is optimized with the Yoast SEO plugin v27.4 - https:\/\/yoast.com\/product\/yoast-seo-wordpress\/ -->\n<title>\u00c9jf\u00e9lig lehet elfogadni az szja-bevall\u00e1si tervezetet<\/title>\n<meta name=\"robots\" content=\"index, follow, max-snippet:-1, max-image-preview:large, max-video-preview:-1\" \/>\n<link rel=\"canonical\" href=\"https:\/\/dorogimedence.hu\/index.php\/2023\/05\/22\/ejfelig-lehet-elfogadni-az-szja-bevallasi-tervezetet\/\" class=\"yoast-seo-meta-tag\" \/>\n<meta property=\"og:locale\" content=\"hu_HU\" class=\"yoast-seo-meta-tag\" \/>\n<meta property=\"og:type\" content=\"article\" class=\"yoast-seo-meta-tag\" \/>\n<meta property=\"og:title\" content=\"\u00c9jf\u00e9lig lehet elfogadni az szja-bevall\u00e1si tervezetet\" class=\"yoast-seo-meta-tag\" \/>\n<meta property=\"og:description\" content=\"\u00c9jf\u00e9lig lehet kieg\u00e9sz\u00edteni, illetve elfogadni az szja-bevall\u00e1si tervezetet. Ma a NAV \u00f6sszes k\u00f6zponti \u00fcgyf\u00e9lszolg\u00e1lata 18 \u00f3r\u00e1ig, valamint a telefonos NAV Inf\u00f3vonal 20 \u00f3r\u00e1ig hossz\u00edtott nyitvatart\u00e1ssal v\u00e1rja azokat, akik a tervezettel, bevall\u00e1ssal, 1+1 sz\u00e1zal\u00e9kkal kapcsolatban seg\u00edts\u00e9get k\u00e9rnek. Aki egyet\u00e9rt a tervezetben foglaltakkal, azon nem v\u00e1ltoztat \u2013 az egy\u00e9ni v\u00e1llalkoz\u00f3kat, az \u0151stermel\u0151ket \u00e9s az \u00e1f\u00e1s mag\u00e1nszem\u00e9lyeket kiv\u00e9ve\" class=\"yoast-seo-meta-tag\" \/>\n<meta property=\"og:url\" content=\"https:\/\/dorogimedence.hu\/index.php\/2023\/05\/22\/ejfelig-lehet-elfogadni-az-szja-bevallasi-tervezetet\/\" class=\"yoast-seo-meta-tag\" \/>\n<meta property=\"og:site_name\" content=\"Dorogi-medence Region\u00e1lis H\u00edrport\u00e1l\" class=\"yoast-seo-meta-tag\" \/>\n<meta property=\"article:publisher\" content=\"https:\/\/www.facebook.com\/dorogimedence\/\" class=\"yoast-seo-meta-tag\" \/>\n<meta property=\"article:published_time\" content=\"2023-05-22T07:57:42+00:00\" class=\"yoast-seo-meta-tag\" \/>\n<meta property=\"og:image\" content=\"https:\/\/dorogimedence.hu\/wp-content\/uploads\/2023\/01\/nav.jpg\" class=\"yoast-seo-meta-tag\" \/>\n\t<meta property=\"og:image:width\" content=\"850\" class=\"yoast-seo-meta-tag\" \/>\n\t<meta property=\"og:image:height\" content=\"436\" class=\"yoast-seo-meta-tag\" \/>\n\t<meta property=\"og:image:type\" content=\"image\/jpeg\" class=\"yoast-seo-meta-tag\" \/>\n<meta name=\"author\" content=\"dorogimedence.hu\" class=\"yoast-seo-meta-tag\" \/>\n<meta name=\"twitter:card\" content=\"summary_large_image\" class=\"yoast-seo-meta-tag\" \/>\n<meta name=\"twitter:label1\" content=\"Szerz\u0151:\" class=\"yoast-seo-meta-tag\" \/>\n\t<meta name=\"twitter:data1\" content=\"dorogimedence.hu\" class=\"yoast-seo-meta-tag\" \/>\n\t<meta name=\"twitter:label2\" content=\"Becs\u00fclt olvas\u00e1si id\u0151\" class=\"yoast-seo-meta-tag\" \/>\n\t<meta name=\"twitter:data2\" content=\"2 perc\" class=\"yoast-seo-meta-tag\" \/>\n<script type=\"application\/ld+json\" class=\"yoast-schema-graph\">{\"@context\":\"https:\\\/\\\/schema.org\",\"@graph\":[{\"@type\":\"Article\",\"@id\":\"https:\\\/\\\/dorogimedence.hu\\\/index.php\\\/2023\\\/05\\\/22\\\/ejfelig-lehet-elfogadni-az-szja-bevallasi-tervezetet\\\/#article\",\"isPartOf\":{\"@id\":\"https:\\\/\\\/dorogimedence.hu\\\/index.php\\\/2023\\\/05\\\/22\\\/ejfelig-lehet-elfogadni-az-szja-bevallasi-tervezetet\\\/\"},\"author\":{\"name\":\"dorogimedence.hu\",\"@id\":\"https:\\\/\\\/dorogimedence.hu\\\/#\\\/schema\\\/person\\\/ce6091eeb7e95ecdc87890d6aa8e0fd4\"},\"headline\":\"\u00c9jf\u00e9lig lehet elfogadni az szja-bevall\u00e1si tervezetet\",\"datePublished\":\"2023-05-22T07:57:42+00:00\",\"mainEntityOfPage\":{\"@id\":\"https:\\\/\\\/dorogimedence.hu\\\/index.php\\\/2023\\\/05\\\/22\\\/ejfelig-lehet-elfogadni-az-szja-bevallasi-tervezetet\\\/\"},\"wordCount\":439,\"publisher\":{\"@id\":\"https:\\\/\\\/dorogimedence.hu\\\/#organization\"},\"image\":{\"@id\":\"https:\\\/\\\/dorogimedence.hu\\\/index.php\\\/2023\\\/05\\\/22\\\/ejfelig-lehet-elfogadni-az-szja-bevallasi-tervezetet\\\/#primaryimage\"},\"thumbnailUrl\":\"https:\\\/\\\/dorogimedence.hu\\\/wp-content\\\/uploads\\\/2023\\\/01\\\/nav.jpg\",\"keywords\":[\"ad\u00f3bevall\u00e1s\",\"nav\",\"szja\"],\"articleSection\":[\"Belf\u00f6ld, Gazdas\u00e1g\",\"H\u00edrek\"],\"inLanguage\":\"hu\"},{\"@type\":\"WebPage\",\"@id\":\"https:\\\/\\\/dorogimedence.hu\\\/index.php\\\/2023\\\/05\\\/22\\\/ejfelig-lehet-elfogadni-az-szja-bevallasi-tervezetet\\\/\",\"url\":\"https:\\\/\\\/dorogimedence.hu\\\/index.php\\\/2023\\\/05\\\/22\\\/ejfelig-lehet-elfogadni-az-szja-bevallasi-tervezetet\\\/\",\"name\":\"\u00c9jf\u00e9lig lehet elfogadni az szja-bevall\u00e1si tervezetet\",\"isPartOf\":{\"@id\":\"https:\\\/\\\/dorogimedence.hu\\\/#website\"},\"primaryImageOfPage\":{\"@id\":\"https:\\\/\\\/dorogimedence.hu\\\/index.php\\\/2023\\\/05\\\/22\\\/ejfelig-lehet-elfogadni-az-szja-bevallasi-tervezetet\\\/#primaryimage\"},\"image\":{\"@id\":\"https:\\\/\\\/dorogimedence.hu\\\/index.php\\\/2023\\\/05\\\/22\\\/ejfelig-lehet-elfogadni-az-szja-bevallasi-tervezetet\\\/#primaryimage\"},\"thumbnailUrl\":\"https:\\\/\\\/dorogimedence.hu\\\/wp-content\\\/uploads\\\/2023\\\/01\\\/nav.jpg\",\"datePublished\":\"2023-05-22T07:57:42+00:00\",\"breadcrumb\":{\"@id\":\"https:\\\/\\\/dorogimedence.hu\\\/index.php\\\/2023\\\/05\\\/22\\\/ejfelig-lehet-elfogadni-az-szja-bevallasi-tervezetet\\\/#breadcrumb\"},\"inLanguage\":\"hu\",\"potentialAction\":[{\"@type\":\"ReadAction\",\"target\":[\"https:\\\/\\\/dorogimedence.hu\\\/index.php\\\/2023\\\/05\\\/22\\\/ejfelig-lehet-elfogadni-az-szja-bevallasi-tervezetet\\\/\"]}]},{\"@type\":\"ImageObject\",\"inLanguage\":\"hu\",\"@id\":\"https:\\\/\\\/dorogimedence.hu\\\/index.php\\\/2023\\\/05\\\/22\\\/ejfelig-lehet-elfogadni-az-szja-bevallasi-tervezetet\\\/#primaryimage\",\"url\":\"https:\\\/\\\/dorogimedence.hu\\\/wp-content\\\/uploads\\\/2023\\\/01\\\/nav.jpg\",\"contentUrl\":\"https:\\\/\\\/dorogimedence.hu\\\/wp-content\\\/uploads\\\/2023\\\/01\\\/nav.jpg\",\"width\":850,\"height\":436},{\"@type\":\"BreadcrumbList\",\"@id\":\"https:\\\/\\\/dorogimedence.hu\\\/index.php\\\/2023\\\/05\\\/22\\\/ejfelig-lehet-elfogadni-az-szja-bevallasi-tervezetet\\\/#breadcrumb\",\"itemListElement\":[{\"@type\":\"ListItem\",\"position\":1,\"name\":\"Kezd\u0151lap\",\"item\":\"https:\\\/\\\/dorogimedence.hu\\\/\"},{\"@type\":\"ListItem\",\"position\":2,\"name\":\"\u00c9jf\u00e9lig lehet elfogadni az szja-bevall\u00e1si tervezetet\"}]},{\"@type\":\"WebSite\",\"@id\":\"https:\\\/\\\/dorogimedence.hu\\\/#website\",\"url\":\"https:\\\/\\\/dorogimedence.hu\\\/\",\"name\":\"Dorogi-medence Region\u00e1lis H\u00edrport\u00e1l\",\"description\":\"Dorog, Keszt\u00f6lc, Le\u00e1nyv\u00e1r, Piliscs\u00e9v, Tokod, Tokodalt\u00e1r\u00f3, Csolnok, Esztergom-kertv\u00e1ros: h\u00edrek, programok\",\"publisher\":{\"@id\":\"https:\\\/\\\/dorogimedence.hu\\\/#organization\"},\"potentialAction\":[{\"@type\":\"SearchAction\",\"target\":{\"@type\":\"EntryPoint\",\"urlTemplate\":\"https:\\\/\\\/dorogimedence.hu\\\/?s={search_term_string}\"},\"query-input\":{\"@type\":\"PropertyValueSpecification\",\"valueRequired\":true,\"valueName\":\"search_term_string\"}}],\"inLanguage\":\"hu\"},{\"@type\":\"Organization\",\"@id\":\"https:\\\/\\\/dorogimedence.hu\\\/#organization\",\"name\":\"Dorogi-medence Region\u00e1lis H\u00edrport\u00e1l\",\"url\":\"https:\\\/\\\/dorogimedence.hu\\\/\",\"logo\":{\"@type\":\"ImageObject\",\"inLanguage\":\"hu\",\"@id\":\"https:\\\/\\\/dorogimedence.hu\\\/#\\\/schema\\\/logo\\\/image\\\/\",\"url\":\"https:\\\/\\\/dorogimedence.hu\\\/wp-content\\\/uploads\\\/2021\\\/04\\\/logo-feher-600.png\",\"contentUrl\":\"https:\\\/\\\/dorogimedence.hu\\\/wp-content\\\/uploads\\\/2021\\\/04\\\/logo-feher-600.png\",\"width\":600,\"height\":100,\"caption\":\"Dorogi-medence Region\u00e1lis H\u00edrport\u00e1l\"},\"image\":{\"@id\":\"https:\\\/\\\/dorogimedence.hu\\\/#\\\/schema\\\/logo\\\/image\\\/\"},\"sameAs\":[\"https:\\\/\\\/www.facebook.com\\\/dorogimedence\\\/\"]},{\"@type\":\"Person\",\"@id\":\"https:\\\/\\\/dorogimedence.hu\\\/#\\\/schema\\\/person\\\/ce6091eeb7e95ecdc87890d6aa8e0fd4\",\"name\":\"dorogimedence.hu\",\"image\":{\"@type\":\"ImageObject\",\"inLanguage\":\"hu\",\"@id\":\"\\\/\\\/www.gravatar.com\\\/avatar\\\/d8d45f8901aadff40a4af72c0b826f1d?s=96&#038;r=g&#038;d=mm\",\"url\":\"\\\/\\\/www.gravatar.com\\\/avatar\\\/d8d45f8901aadff40a4af72c0b826f1d?s=96&#038;r=g&#038;d=mm\",\"contentUrl\":\"\\\/\\\/www.gravatar.com\\\/avatar\\\/d8d45f8901aadff40a4af72c0b826f1d?s=96&#038;r=g&#038;d=mm\",\"caption\":\"dorogimedence.hu\"}}]}<\/script>\n<!-- \/ Yoast SEO plugin. -->","yoast_head_json":{"title":"\u00c9jf\u00e9lig lehet elfogadni az szja-bevall\u00e1si tervezetet","robots":{"index":"index","follow":"follow","max-snippet":"max-snippet:-1","max-image-preview":"max-image-preview:large","max-video-preview":"max-video-preview:-1"},"canonical":"https:\/\/dorogimedence.hu\/index.php\/2023\/05\/22\/ejfelig-lehet-elfogadni-az-szja-bevallasi-tervezetet\/","og_locale":"hu_HU","og_type":"article","og_title":"\u00c9jf\u00e9lig lehet elfogadni az szja-bevall\u00e1si tervezetet","og_description":"\u00c9jf\u00e9lig lehet kieg\u00e9sz\u00edteni, illetve elfogadni az szja-bevall\u00e1si tervezetet. Ma a NAV \u00f6sszes k\u00f6zponti \u00fcgyf\u00e9lszolg\u00e1lata 18 \u00f3r\u00e1ig, valamint a telefonos NAV Inf\u00f3vonal 20 \u00f3r\u00e1ig hossz\u00edtott nyitvatart\u00e1ssal v\u00e1rja azokat, akik a tervezettel, bevall\u00e1ssal, 1+1 sz\u00e1zal\u00e9kkal kapcsolatban seg\u00edts\u00e9get k\u00e9rnek. Aki egyet\u00e9rt a tervezetben foglaltakkal, azon nem v\u00e1ltoztat \u2013 az egy\u00e9ni v\u00e1llalkoz\u00f3kat, az \u0151stermel\u0151ket \u00e9s az \u00e1f\u00e1s mag\u00e1nszem\u00e9lyeket kiv\u00e9ve","og_url":"https:\/\/dorogimedence.hu\/index.php\/2023\/05\/22\/ejfelig-lehet-elfogadni-az-szja-bevallasi-tervezetet\/","og_site_name":"Dorogi-medence Region\u00e1lis H\u00edrport\u00e1l","article_publisher":"https:\/\/www.facebook.com\/dorogimedence\/","article_published_time":"2023-05-22T07:57:42+00:00","og_image":[{"width":850,"height":436,"url":"https:\/\/dorogimedence.hu\/wp-content\/uploads\/2023\/01\/nav.jpg","type":"image\/jpeg"}],"author":"dorogimedence.hu","twitter_card":"summary_large_image","twitter_misc":{"Szerz\u0151:":"dorogimedence.hu","Becs\u00fclt olvas\u00e1si id\u0151":"2 perc"},"schema":{"@context":"https:\/\/schema.org","@graph":[{"@type":"Article","@id":"https:\/\/dorogimedence.hu\/index.php\/2023\/05\/22\/ejfelig-lehet-elfogadni-az-szja-bevallasi-tervezetet\/#article","isPartOf":{"@id":"https:\/\/dorogimedence.hu\/index.php\/2023\/05\/22\/ejfelig-lehet-elfogadni-az-szja-bevallasi-tervezetet\/"},"author":{"name":"dorogimedence.hu","@id":"https:\/\/dorogimedence.hu\/#\/schema\/person\/ce6091eeb7e95ecdc87890d6aa8e0fd4"},"headline":"\u00c9jf\u00e9lig lehet elfogadni az szja-bevall\u00e1si tervezetet","datePublished":"2023-05-22T07:57:42+00:00","mainEntityOfPage":{"@id":"https:\/\/dorogimedence.hu\/index.php\/2023\/05\/22\/ejfelig-lehet-elfogadni-az-szja-bevallasi-tervezetet\/"},"wordCount":439,"publisher":{"@id":"https:\/\/dorogimedence.hu\/#organization"},"image":{"@id":"https:\/\/dorogimedence.hu\/index.php\/2023\/05\/22\/ejfelig-lehet-elfogadni-az-szja-bevallasi-tervezetet\/#primaryimage"},"thumbnailUrl":"https:\/\/dorogimedence.hu\/wp-content\/uploads\/2023\/01\/nav.jpg","keywords":["ad\u00f3bevall\u00e1s","nav","szja"],"articleSection":["Belf\u00f6ld, Gazdas\u00e1g","H\u00edrek"],"inLanguage":"hu"},{"@type":"WebPage","@id":"https:\/\/dorogimedence.hu\/index.php\/2023\/05\/22\/ejfelig-lehet-elfogadni-az-szja-bevallasi-tervezetet\/","url":"https:\/\/dorogimedence.hu\/index.php\/2023\/05\/22\/ejfelig-lehet-elfogadni-az-szja-bevallasi-tervezetet\/","name":"\u00c9jf\u00e9lig lehet elfogadni az szja-bevall\u00e1si tervezetet","isPartOf":{"@id":"https:\/\/dorogimedence.hu\/#website"},"primaryImageOfPage":{"@id":"https:\/\/dorogimedence.hu\/index.php\/2023\/05\/22\/ejfelig-lehet-elfogadni-az-szja-bevallasi-tervezetet\/#primaryimage"},"image":{"@id":"https:\/\/dorogimedence.hu\/index.php\/2023\/05\/22\/ejfelig-lehet-elfogadni-az-szja-bevallasi-tervezetet\/#primaryimage"},"thumbnailUrl":"https:\/\/dorogimedence.hu\/wp-content\/uploads\/2023\/01\/nav.jpg","datePublished":"2023-05-22T07:57:42+00:00","breadcrumb":{"@id":"https:\/\/dorogimedence.hu\/index.php\/2023\/05\/22\/ejfelig-lehet-elfogadni-az-szja-bevallasi-tervezetet\/#breadcrumb"},"inLanguage":"hu","potentialAction":[{"@type":"ReadAction","target":["https:\/\/dorogimedence.hu\/index.php\/2023\/05\/22\/ejfelig-lehet-elfogadni-az-szja-bevallasi-tervezetet\/"]}]},{"@type":"ImageObject","inLanguage":"hu","@id":"https:\/\/dorogimedence.hu\/index.php\/2023\/05\/22\/ejfelig-lehet-elfogadni-az-szja-bevallasi-tervezetet\/#primaryimage","url":"https:\/\/dorogimedence.hu\/wp-content\/uploads\/2023\/01\/nav.jpg","contentUrl":"https:\/\/dorogimedence.hu\/wp-content\/uploads\/2023\/01\/nav.jpg","width":850,"height":436},{"@type":"BreadcrumbList","@id":"https:\/\/dorogimedence.hu\/index.php\/2023\/05\/22\/ejfelig-lehet-elfogadni-az-szja-bevallasi-tervezetet\/#breadcrumb","itemListElement":[{"@type":"ListItem","position":1,"name":"Kezd\u0151lap","item":"https:\/\/dorogimedence.hu\/"},{"@type":"ListItem","position":2,"name":"\u00c9jf\u00e9lig lehet elfogadni az szja-bevall\u00e1si tervezetet"}]},{"@type":"WebSite","@id":"https:\/\/dorogimedence.hu\/#website","url":"https:\/\/dorogimedence.hu\/","name":"Dorogi-medence Region\u00e1lis H\u00edrport\u00e1l","description":"Dorog, Keszt\u00f6lc, Le\u00e1nyv\u00e1r, Piliscs\u00e9v, Tokod, Tokodalt\u00e1r\u00f3, Csolnok, Esztergom-kertv\u00e1ros: h\u00edrek, programok","publisher":{"@id":"https:\/\/dorogimedence.hu\/#organization"},"potentialAction":[{"@type":"SearchAction","target":{"@type":"EntryPoint","urlTemplate":"https:\/\/dorogimedence.hu\/?s={search_term_string}"},"query-input":{"@type":"PropertyValueSpecification","valueRequired":true,"valueName":"search_term_string"}}],"inLanguage":"hu"},{"@type":"Organization","@id":"https:\/\/dorogimedence.hu\/#organization","name":"Dorogi-medence Region\u00e1lis H\u00edrport\u00e1l","url":"https:\/\/dorogimedence.hu\/","logo":{"@type":"ImageObject","inLanguage":"hu","@id":"https:\/\/dorogimedence.hu\/#\/schema\/logo\/image\/","url":"https:\/\/dorogimedence.hu\/wp-content\/uploads\/2021\/04\/logo-feher-600.png","contentUrl":"https:\/\/dorogimedence.hu\/wp-content\/uploads\/2021\/04\/logo-feher-600.png","width":600,"height":100,"caption":"Dorogi-medence Region\u00e1lis H\u00edrport\u00e1l"},"image":{"@id":"https:\/\/dorogimedence.hu\/#\/schema\/logo\/image\/"},"sameAs":["https:\/\/www.facebook.com\/dorogimedence\/"]},{"@type":"Person","@id":"https:\/\/dorogimedence.hu\/#\/schema\/person\/ce6091eeb7e95ecdc87890d6aa8e0fd4","name":"dorogimedence.hu","image":{"@type":"ImageObject","inLanguage":"hu","@id":"\/\/www.gravatar.com\/avatar\/d8d45f8901aadff40a4af72c0b826f1d?s=96&#038;r=g&#038;d=mm","url":"\/\/www.gravatar.com\/avatar\/d8d45f8901aadff40a4af72c0b826f1d?s=96&#038;r=g&#038;d=mm","contentUrl":"\/\/www.gravatar.com\/avatar\/d8d45f8901aadff40a4af72c0b826f1d?s=96&#038;r=g&#038;d=mm","caption":"dorogimedence.hu"}}]}},"_links":{"self":[{"href":"https:\/\/dorogimedence.hu\/index.php\/wp-json\/wp\/v2\/posts\/53263","targetHints":{"allow":["GET"]}}],"collection":[{"href":"https:\/\/dorogimedence.hu\/index.php\/wp-json\/wp\/v2\/posts"}],"about":[{"href":"https:\/\/dorogimedence.hu\/index.php\/wp-json\/wp\/v2\/types\/post"}],"author":[{"embeddable":true,"href":"https:\/\/dorogimedence.hu\/index.php\/wp-json\/wp\/v2\/users\/1"}],"replies":[{"embeddable":true,"href":"https:\/\/dorogimedence.hu\/index.php\/wp-json\/wp\/v2\/comments?post=53263"}],"version-history":[{"count":0,"href":"https:\/\/dorogimedence.hu\/index.php\/wp-json\/wp\/v2\/posts\/53263\/revisions"}],"wp:featuredmedia":[{"embeddable":true,"href":"https:\/\/dorogimedence.hu\/index.php\/wp-json\/wp\/v2\/media\/49795"}],"wp:attachment":[{"href":"https:\/\/dorogimedence.hu\/index.php\/wp-json\/wp\/v2\/media?parent=53263"}],"wp:term":[{"taxonomy":"category","embeddable":true,"href":"https:\/\/dorogimedence.hu\/index.php\/wp-json\/wp\/v2\/categories?post=53263"},{"taxonomy":"post_tag","embeddable":true,"href":"https:\/\/dorogimedence.hu\/index.php\/wp-json\/wp\/v2\/tags?post=53263"}],"curies":[{"name":"wp","href":"https:\/\/api.w.org\/{rel}","templated":true}]}}