{"id":53187,"date":"2023-05-20T08:04:16","date_gmt":"2023-05-20T06:04:16","guid":{"rendered":"https:\/\/dorogimedence.hu\/?p=53187"},"modified":"2023-05-20T08:35:39","modified_gmt":"2023-05-20T06:35:39","slug":"baleset-tortent-esztergom-belvarosaban","status":"publish","type":"post","link":"https:\/\/dorogimedence.hu\/index.php\/2023\/05\/20\/baleset-tortent-esztergom-belvarosaban\/","title":{"rendered":"Baleset t\u00f6rt\u00e9nt Esztergom belv\u00e1ros\u00e1ban"},"content":{"rendered":"<p><strong>M\u00e1jus 20-\u00e1n, szombaton reggel 6 \u00f3ra k\u00f6r\u00fcl nekiment egy parkol\u00f3 g\u00e9pkocsinak egy szem\u00e9lyaut\u00f3 Esztergom belv\u00e1ros\u00e1ban, a Bajcsy-Zsilinszky \u00faton.<\/strong><\/p>\n<p>A katasztr\u00f3fav\u00e9delem t\u00e1j\u00e9koztat\u00e1sa szerint a m\u0171szaki ment\u00e9shez az esztergomi hivat\u00e1sos t\u0171zolt\u00f3k vonultak ki, akik a helysz\u00ednt is biztos\u00edtott\u00e1k. Az esethez a ment\u0151k is ki\u00e9rkeztek. A ment\u00e9s \u00e9s a helysz\u00ednel\u00e9s ideje alatt az eml\u00edtett helysz\u00ednen egy s\u00e1von halad a forgalom.<\/p>\n<p>N\u00e9meth Cec\u00edlia, az Orsz\u00e1gos Ment\u0151szolg\u00e1lat kommunik\u00e1ci\u00f3s szervez\u0151je k\u00e9rd\u00e9s\u00fcnkre elmondta, hogy az eset helysz\u00edn\u00e9r\u0151l egy fiatal n\u0151t fels\u0151v\u00e9gtags\u00e9r\u00fcl\u00e9s gyan\u00faj\u00e1val sz\u00e1ll\u00edtottak a ter\u00fcletileg illet\u00e9kes k\u00f3rh\u00e1zba.<\/p>\n<p><img fetchpriority=\"high\" decoding=\"async\" class=\"alignnone size-full wp-image-53189\" src=\"https:\/\/dorogimedence.hu\/wp-content\/uploads\/2023\/05\/baleset-egom-02.jpg\" alt=\"\" width=\"1536\" height=\"774\" srcset=\"https:\/\/dorogimedence.hu\/wp-content\/uploads\/2023\/05\/baleset-egom-02.jpg 1536w, https:\/\/dorogimedence.hu\/wp-content\/uploads\/2023\/05\/baleset-egom-02-300x151.jpg 300w, https:\/\/dorogimedence.hu\/wp-content\/uploads\/2023\/05\/baleset-egom-02-1024x516.jpg 1024w, https:\/\/dorogimedence.hu\/wp-content\/uploads\/2023\/05\/baleset-egom-02-768x387.jpg 768w, https:\/\/dorogimedence.hu\/wp-content\/uploads\/2023\/05\/baleset-egom-02-150x76.jpg 150w, https:\/\/dorogimedence.hu\/wp-content\/uploads\/2023\/05\/baleset-egom-02-450x227.jpg 450w, https:\/\/dorogimedence.hu\/wp-content\/uploads\/2023\/05\/baleset-egom-02-1200x605.jpg 1200w\" sizes=\"(max-width: 1536px) 100vw, 1536px\" \/> <img decoding=\"async\" class=\"alignnone size-full wp-image-53190\" src=\"https:\/\/dorogimedence.hu\/wp-content\/uploads\/2023\/05\/baleset-egom-03.jpg\" alt=\"\" width=\"1440\" height=\"941\" srcset=\"https:\/\/dorogimedence.hu\/wp-content\/uploads\/2023\/05\/baleset-egom-03.jpg 1440w, https:\/\/dorogimedence.hu\/wp-content\/uploads\/2023\/05\/baleset-egom-03-300x196.jpg 300w, https:\/\/dorogimedence.hu\/wp-content\/uploads\/2023\/05\/baleset-egom-03-1024x669.jpg 1024w, https:\/\/dorogimedence.hu\/wp-content\/uploads\/2023\/05\/baleset-egom-03-768x502.jpg 768w, https:\/\/dorogimedence.hu\/wp-content\/uploads\/2023\/05\/baleset-egom-03-150x98.jpg 150w, https:\/\/dorogimedence.hu\/wp-content\/uploads\/2023\/05\/baleset-egom-03-450x294.jpg 450w, https:\/\/dorogimedence.hu\/wp-content\/uploads\/2023\/05\/baleset-egom-03-1200x784.jpg 1200w\" sizes=\"(max-width: 1440px) 100vw, 1440px\" \/> <img decoding=\"async\" class=\"alignnone size-full wp-image-53191\" src=\"https:\/\/dorogimedence.hu\/wp-content\/uploads\/2023\/05\/baleset-egom-04.jpg\" alt=\"\" width=\"960\" height=\"540\" srcset=\"https:\/\/dorogimedence.hu\/wp-content\/uploads\/2023\/05\/baleset-egom-04.jpg 960w, https:\/\/dorogimedence.hu\/wp-content\/uploads\/2023\/05\/baleset-egom-04-300x169.jpg 300w, https:\/\/dorogimedence.hu\/wp-content\/uploads\/2023\/05\/baleset-egom-04-768x432.jpg 768w, https:\/\/dorogimedence.hu\/wp-content\/uploads\/2023\/05\/baleset-egom-04-150x84.jpg 150w, https:\/\/dorogimedence.hu\/wp-content\/uploads\/2023\/05\/baleset-egom-04-450x253.jpg 450w\" sizes=\"(max-width: 960px) 100vw, 960px\" \/><\/p>\n<p><em>Fot\u00f3k: Esztergom Facebook csoport (H. Szam\u00f3ca, Z. Csaba, Sz. Szilvi)<\/em><\/p>\n","protected":false},"excerpt":{"rendered":"<p>M\u00e1jus 20-\u00e1n, szombaton reggel 6 \u00f3ra k\u00f6r\u00fcl nekiment egy parkol\u00f3 g\u00e9pkocsinak egy szem\u00e9lyaut\u00f3 Esztergom belv\u00e1ros\u00e1ban, a Bajcsy-Zsilinszky \u00faton. A katasztr\u00f3fav\u00e9delem t\u00e1j\u00e9koztat\u00e1sa szerint a m\u0171szaki ment\u00e9shez az esztergomi hivat\u00e1sos t\u0171zolt\u00f3k vonultak ki, akik a helysz\u00ednt is biztos\u00edtott\u00e1k. Az esethez a ment\u0151k is ki\u00e9rkeztek. A ment\u00e9s \u00e9s a helysz\u00ednel\u00e9s ideje alatt az eml\u00edtett helysz\u00ednen egy s\u00e1von halad<\/p>\n","protected":false},"author":1,"featured_media":53188,"comment_status":"closed","ping_status":"closed","sticky":false,"template":"","format":"standard","meta":{"ngg_post_thumbnail":0,"footnotes":""},"categories":[38,3,39],"tags":[45,44,42,175,61,65],"class_list":{"0":"post-53187","1":"post","2":"type-post","3":"status-publish","4":"format-standard","5":"has-post-thumbnail","7":"category-esztergom","8":"category-hirek","9":"category-kek-hirek","10":"tag-autobaleset","11":"tag-baleset","12":"tag-esztergom","13":"tag-katasztrofavedelem","14":"tag-rendorsegi-hirek","15":"tag-tuzoltosag"},"yoast_head":"<!-- This site is optimized with the Yoast SEO plugin v27.5 - https:\/\/yoast.com\/product\/yoast-seo-wordpress\/ -->\n<title>Baleset t\u00f6rt\u00e9nt Esztergom belv\u00e1ros\u00e1ban<\/title>\n<meta name=\"robots\" content=\"index, follow, max-snippet:-1, max-image-preview:large, max-video-preview:-1\" \/>\n<link rel=\"canonical\" href=\"https:\/\/dorogimedence.hu\/index.php\/2023\/05\/20\/baleset-tortent-esztergom-belvarosaban\/\" class=\"yoast-seo-meta-tag\" \/>\n<meta property=\"og:locale\" content=\"hu_HU\" class=\"yoast-seo-meta-tag\" \/>\n<meta property=\"og:type\" content=\"article\" class=\"yoast-seo-meta-tag\" \/>\n<meta property=\"og:title\" content=\"Baleset t\u00f6rt\u00e9nt Esztergom belv\u00e1ros\u00e1ban\" class=\"yoast-seo-meta-tag\" \/>\n<meta property=\"og:description\" content=\"M\u00e1jus 20-\u00e1n, szombaton reggel 6 \u00f3ra k\u00f6r\u00fcl nekiment egy parkol\u00f3 g\u00e9pkocsinak egy szem\u00e9lyaut\u00f3 Esztergom belv\u00e1ros\u00e1ban, a Bajcsy-Zsilinszky \u00faton. A katasztr\u00f3fav\u00e9delem t\u00e1j\u00e9koztat\u00e1sa szerint a m\u0171szaki ment\u00e9shez az esztergomi hivat\u00e1sos t\u0171zolt\u00f3k vonultak ki, akik a helysz\u00ednt is biztos\u00edtott\u00e1k. Az esethez a ment\u0151k is ki\u00e9rkeztek. A ment\u00e9s \u00e9s a helysz\u00ednel\u00e9s ideje alatt az eml\u00edtett helysz\u00ednen egy s\u00e1von halad\" class=\"yoast-seo-meta-tag\" \/>\n<meta property=\"og:url\" content=\"https:\/\/dorogimedence.hu\/index.php\/2023\/05\/20\/baleset-tortent-esztergom-belvarosaban\/\" class=\"yoast-seo-meta-tag\" \/>\n<meta property=\"og:site_name\" content=\"Dorogi-medence Region\u00e1lis H\u00edrport\u00e1l\" class=\"yoast-seo-meta-tag\" \/>\n<meta property=\"article:publisher\" content=\"https:\/\/www.facebook.com\/dorogimedence\/\" class=\"yoast-seo-meta-tag\" \/>\n<meta property=\"article:published_time\" content=\"2023-05-20T06:04:16+00:00\" class=\"yoast-seo-meta-tag\" \/>\n<meta property=\"article:modified_time\" content=\"2023-05-20T06:35:39+00:00\" class=\"yoast-seo-meta-tag\" \/>\n<meta property=\"og:image\" content=\"https:\/\/dorogimedence.hu\/wp-content\/uploads\/2023\/05\/baleset-egom-01.jpg\" class=\"yoast-seo-meta-tag\" \/>\n\t<meta property=\"og:image:width\" content=\"1536\" class=\"yoast-seo-meta-tag\" \/>\n\t<meta property=\"og:image:height\" content=\"825\" class=\"yoast-seo-meta-tag\" \/>\n\t<meta property=\"og:image:type\" content=\"image\/jpeg\" class=\"yoast-seo-meta-tag\" \/>\n<meta name=\"author\" content=\"dorogimedence.hu\" class=\"yoast-seo-meta-tag\" \/>\n<meta name=\"twitter:card\" content=\"summary_large_image\" class=\"yoast-seo-meta-tag\" \/>\n<meta name=\"twitter:label1\" content=\"Szerz\u0151:\" class=\"yoast-seo-meta-tag\" \/>\n\t<meta name=\"twitter:data1\" content=\"dorogimedence.hu\" class=\"yoast-seo-meta-tag\" \/>\n\t<meta name=\"twitter:label2\" content=\"Becs\u00fclt olvas\u00e1si id\u0151\" class=\"yoast-seo-meta-tag\" \/>\n\t<meta name=\"twitter:data2\" content=\"1 perc\" class=\"yoast-seo-meta-tag\" \/>\n<script type=\"application\/ld+json\" class=\"yoast-schema-graph\">{\"@context\":\"https:\\\/\\\/schema.org\",\"@graph\":[{\"@type\":\"Article\",\"@id\":\"https:\\\/\\\/dorogimedence.hu\\\/index.php\\\/2023\\\/05\\\/20\\\/baleset-tortent-esztergom-belvarosaban\\\/#article\",\"isPartOf\":{\"@id\":\"https:\\\/\\\/dorogimedence.hu\\\/index.php\\\/2023\\\/05\\\/20\\\/baleset-tortent-esztergom-belvarosaban\\\/\"},\"author\":{\"name\":\"dorogimedence.hu\",\"@id\":\"https:\\\/\\\/dorogimedence.hu\\\/#\\\/schema\\\/person\\\/ce6091eeb7e95ecdc87890d6aa8e0fd4\"},\"headline\":\"Baleset t\u00f6rt\u00e9nt Esztergom belv\u00e1ros\u00e1ban\",\"datePublished\":\"2023-05-20T06:04:16+00:00\",\"dateModified\":\"2023-05-20T06:35:39+00:00\",\"mainEntityOfPage\":{\"@id\":\"https:\\\/\\\/dorogimedence.hu\\\/index.php\\\/2023\\\/05\\\/20\\\/baleset-tortent-esztergom-belvarosaban\\\/\"},\"wordCount\":156,\"publisher\":{\"@id\":\"https:\\\/\\\/dorogimedence.hu\\\/#organization\"},\"image\":{\"@id\":\"https:\\\/\\\/dorogimedence.hu\\\/index.php\\\/2023\\\/05\\\/20\\\/baleset-tortent-esztergom-belvarosaban\\\/#primaryimage\"},\"thumbnailUrl\":\"https:\\\/\\\/dorogimedence.hu\\\/wp-content\\\/uploads\\\/2023\\\/05\\\/baleset-egom-01.jpg\",\"keywords\":[\"aut\u00f3baleset\",\"baleset\",\"esztergom\",\"katasztr\u00f3fav\u00e9delem\",\"rend\u0151rs\u00e9gi h\u00edrek\",\"t\u0171zolt\u00f3s\u00e1g\"],\"articleSection\":[\"Esztergom\",\"H\u00edrek\",\"K\u00e9k h\u00edrek\"],\"inLanguage\":\"hu\"},{\"@type\":\"WebPage\",\"@id\":\"https:\\\/\\\/dorogimedence.hu\\\/index.php\\\/2023\\\/05\\\/20\\\/baleset-tortent-esztergom-belvarosaban\\\/\",\"url\":\"https:\\\/\\\/dorogimedence.hu\\\/index.php\\\/2023\\\/05\\\/20\\\/baleset-tortent-esztergom-belvarosaban\\\/\",\"name\":\"Baleset t\u00f6rt\u00e9nt Esztergom belv\u00e1ros\u00e1ban\",\"isPartOf\":{\"@id\":\"https:\\\/\\\/dorogimedence.hu\\\/#website\"},\"primaryImageOfPage\":{\"@id\":\"https:\\\/\\\/dorogimedence.hu\\\/index.php\\\/2023\\\/05\\\/20\\\/baleset-tortent-esztergom-belvarosaban\\\/#primaryimage\"},\"image\":{\"@id\":\"https:\\\/\\\/dorogimedence.hu\\\/index.php\\\/2023\\\/05\\\/20\\\/baleset-tortent-esztergom-belvarosaban\\\/#primaryimage\"},\"thumbnailUrl\":\"https:\\\/\\\/dorogimedence.hu\\\/wp-content\\\/uploads\\\/2023\\\/05\\\/baleset-egom-01.jpg\",\"datePublished\":\"2023-05-20T06:04:16+00:00\",\"dateModified\":\"2023-05-20T06:35:39+00:00\",\"breadcrumb\":{\"@id\":\"https:\\\/\\\/dorogimedence.hu\\\/index.php\\\/2023\\\/05\\\/20\\\/baleset-tortent-esztergom-belvarosaban\\\/#breadcrumb\"},\"inLanguage\":\"hu\",\"potentialAction\":[{\"@type\":\"ReadAction\",\"target\":[\"https:\\\/\\\/dorogimedence.hu\\\/index.php\\\/2023\\\/05\\\/20\\\/baleset-tortent-esztergom-belvarosaban\\\/\"]}]},{\"@type\":\"ImageObject\",\"inLanguage\":\"hu\",\"@id\":\"https:\\\/\\\/dorogimedence.hu\\\/index.php\\\/2023\\\/05\\\/20\\\/baleset-tortent-esztergom-belvarosaban\\\/#primaryimage\",\"url\":\"https:\\\/\\\/dorogimedence.hu\\\/wp-content\\\/uploads\\\/2023\\\/05\\\/baleset-egom-01.jpg\",\"contentUrl\":\"https:\\\/\\\/dorogimedence.hu\\\/wp-content\\\/uploads\\\/2023\\\/05\\\/baleset-egom-01.jpg\",\"width\":1536,\"height\":825},{\"@type\":\"BreadcrumbList\",\"@id\":\"https:\\\/\\\/dorogimedence.hu\\\/index.php\\\/2023\\\/05\\\/20\\\/baleset-tortent-esztergom-belvarosaban\\\/#breadcrumb\",\"itemListElement\":[{\"@type\":\"ListItem\",\"position\":1,\"name\":\"Kezd\u0151lap\",\"item\":\"https:\\\/\\\/dorogimedence.hu\\\/\"},{\"@type\":\"ListItem\",\"position\":2,\"name\":\"Baleset t\u00f6rt\u00e9nt Esztergom belv\u00e1ros\u00e1ban\"}]},{\"@type\":\"WebSite\",\"@id\":\"https:\\\/\\\/dorogimedence.hu\\\/#website\",\"url\":\"https:\\\/\\\/dorogimedence.hu\\\/\",\"name\":\"Dorogi-medence Region\u00e1lis H\u00edrport\u00e1l\",\"description\":\"Dorog, Keszt\u00f6lc, Le\u00e1nyv\u00e1r, Piliscs\u00e9v, Tokod, Tokodalt\u00e1r\u00f3, Csolnok, Esztergom-kertv\u00e1ros: h\u00edrek, programok\",\"publisher\":{\"@id\":\"https:\\\/\\\/dorogimedence.hu\\\/#organization\"},\"potentialAction\":[{\"@type\":\"SearchAction\",\"target\":{\"@type\":\"EntryPoint\",\"urlTemplate\":\"https:\\\/\\\/dorogimedence.hu\\\/?s={search_term_string}\"},\"query-input\":{\"@type\":\"PropertyValueSpecification\",\"valueRequired\":true,\"valueName\":\"search_term_string\"}}],\"inLanguage\":\"hu\"},{\"@type\":\"Organization\",\"@id\":\"https:\\\/\\\/dorogimedence.hu\\\/#organization\",\"name\":\"Dorogi-medence Region\u00e1lis H\u00edrport\u00e1l\",\"url\":\"https:\\\/\\\/dorogimedence.hu\\\/\",\"logo\":{\"@type\":\"ImageObject\",\"inLanguage\":\"hu\",\"@id\":\"https:\\\/\\\/dorogimedence.hu\\\/#\\\/schema\\\/logo\\\/image\\\/\",\"url\":\"https:\\\/\\\/dorogimedence.hu\\\/wp-content\\\/uploads\\\/2021\\\/04\\\/logo-feher-600.png\",\"contentUrl\":\"https:\\\/\\\/dorogimedence.hu\\\/wp-content\\\/uploads\\\/2021\\\/04\\\/logo-feher-600.png\",\"width\":600,\"height\":100,\"caption\":\"Dorogi-medence Region\u00e1lis H\u00edrport\u00e1l\"},\"image\":{\"@id\":\"https:\\\/\\\/dorogimedence.hu\\\/#\\\/schema\\\/logo\\\/image\\\/\"},\"sameAs\":[\"https:\\\/\\\/www.facebook.com\\\/dorogimedence\\\/\"]},{\"@type\":\"Person\",\"@id\":\"https:\\\/\\\/dorogimedence.hu\\\/#\\\/schema\\\/person\\\/ce6091eeb7e95ecdc87890d6aa8e0fd4\",\"name\":\"dorogimedence.hu\",\"image\":{\"@type\":\"ImageObject\",\"inLanguage\":\"hu\",\"@id\":\"\\\/\\\/www.gravatar.com\\\/avatar\\\/d8d45f8901aadff40a4af72c0b826f1d?s=96&#038;r=g&#038;d=mm\",\"url\":\"\\\/\\\/www.gravatar.com\\\/avatar\\\/d8d45f8901aadff40a4af72c0b826f1d?s=96&#038;r=g&#038;d=mm\",\"contentUrl\":\"\\\/\\\/www.gravatar.com\\\/avatar\\\/d8d45f8901aadff40a4af72c0b826f1d?s=96&#038;r=g&#038;d=mm\",\"caption\":\"dorogimedence.hu\"}}]}<\/script>\n<!-- \/ Yoast SEO plugin. -->","yoast_head_json":{"title":"Baleset t\u00f6rt\u00e9nt Esztergom belv\u00e1ros\u00e1ban","robots":{"index":"index","follow":"follow","max-snippet":"max-snippet:-1","max-image-preview":"max-image-preview:large","max-video-preview":"max-video-preview:-1"},"canonical":"https:\/\/dorogimedence.hu\/index.php\/2023\/05\/20\/baleset-tortent-esztergom-belvarosaban\/","og_locale":"hu_HU","og_type":"article","og_title":"Baleset t\u00f6rt\u00e9nt Esztergom belv\u00e1ros\u00e1ban","og_description":"M\u00e1jus 20-\u00e1n, szombaton reggel 6 \u00f3ra k\u00f6r\u00fcl nekiment egy parkol\u00f3 g\u00e9pkocsinak egy szem\u00e9lyaut\u00f3 Esztergom belv\u00e1ros\u00e1ban, a Bajcsy-Zsilinszky \u00faton. A katasztr\u00f3fav\u00e9delem t\u00e1j\u00e9koztat\u00e1sa szerint a m\u0171szaki ment\u00e9shez az esztergomi hivat\u00e1sos t\u0171zolt\u00f3k vonultak ki, akik a helysz\u00ednt is biztos\u00edtott\u00e1k. Az esethez a ment\u0151k is ki\u00e9rkeztek. A ment\u00e9s \u00e9s a helysz\u00ednel\u00e9s ideje alatt az eml\u00edtett helysz\u00ednen egy s\u00e1von halad","og_url":"https:\/\/dorogimedence.hu\/index.php\/2023\/05\/20\/baleset-tortent-esztergom-belvarosaban\/","og_site_name":"Dorogi-medence Region\u00e1lis H\u00edrport\u00e1l","article_publisher":"https:\/\/www.facebook.com\/dorogimedence\/","article_published_time":"2023-05-20T06:04:16+00:00","article_modified_time":"2023-05-20T06:35:39+00:00","og_image":[{"width":1536,"height":825,"url":"https:\/\/dorogimedence.hu\/wp-content\/uploads\/2023\/05\/baleset-egom-01.jpg","type":"image\/jpeg"}],"author":"dorogimedence.hu","twitter_card":"summary_large_image","twitter_misc":{"Szerz\u0151:":"dorogimedence.hu","Becs\u00fclt olvas\u00e1si id\u0151":"1 perc"},"schema":{"@context":"https:\/\/schema.org","@graph":[{"@type":"Article","@id":"https:\/\/dorogimedence.hu\/index.php\/2023\/05\/20\/baleset-tortent-esztergom-belvarosaban\/#article","isPartOf":{"@id":"https:\/\/dorogimedence.hu\/index.php\/2023\/05\/20\/baleset-tortent-esztergom-belvarosaban\/"},"author":{"name":"dorogimedence.hu","@id":"https:\/\/dorogimedence.hu\/#\/schema\/person\/ce6091eeb7e95ecdc87890d6aa8e0fd4"},"headline":"Baleset t\u00f6rt\u00e9nt Esztergom belv\u00e1ros\u00e1ban","datePublished":"2023-05-20T06:04:16+00:00","dateModified":"2023-05-20T06:35:39+00:00","mainEntityOfPage":{"@id":"https:\/\/dorogimedence.hu\/index.php\/2023\/05\/20\/baleset-tortent-esztergom-belvarosaban\/"},"wordCount":156,"publisher":{"@id":"https:\/\/dorogimedence.hu\/#organization"},"image":{"@id":"https:\/\/dorogimedence.hu\/index.php\/2023\/05\/20\/baleset-tortent-esztergom-belvarosaban\/#primaryimage"},"thumbnailUrl":"https:\/\/dorogimedence.hu\/wp-content\/uploads\/2023\/05\/baleset-egom-01.jpg","keywords":["aut\u00f3baleset","baleset","esztergom","katasztr\u00f3fav\u00e9delem","rend\u0151rs\u00e9gi h\u00edrek","t\u0171zolt\u00f3s\u00e1g"],"articleSection":["Esztergom","H\u00edrek","K\u00e9k h\u00edrek"],"inLanguage":"hu"},{"@type":"WebPage","@id":"https:\/\/dorogimedence.hu\/index.php\/2023\/05\/20\/baleset-tortent-esztergom-belvarosaban\/","url":"https:\/\/dorogimedence.hu\/index.php\/2023\/05\/20\/baleset-tortent-esztergom-belvarosaban\/","name":"Baleset t\u00f6rt\u00e9nt Esztergom belv\u00e1ros\u00e1ban","isPartOf":{"@id":"https:\/\/dorogimedence.hu\/#website"},"primaryImageOfPage":{"@id":"https:\/\/dorogimedence.hu\/index.php\/2023\/05\/20\/baleset-tortent-esztergom-belvarosaban\/#primaryimage"},"image":{"@id":"https:\/\/dorogimedence.hu\/index.php\/2023\/05\/20\/baleset-tortent-esztergom-belvarosaban\/#primaryimage"},"thumbnailUrl":"https:\/\/dorogimedence.hu\/wp-content\/uploads\/2023\/05\/baleset-egom-01.jpg","datePublished":"2023-05-20T06:04:16+00:00","dateModified":"2023-05-20T06:35:39+00:00","breadcrumb":{"@id":"https:\/\/dorogimedence.hu\/index.php\/2023\/05\/20\/baleset-tortent-esztergom-belvarosaban\/#breadcrumb"},"inLanguage":"hu","potentialAction":[{"@type":"ReadAction","target":["https:\/\/dorogimedence.hu\/index.php\/2023\/05\/20\/baleset-tortent-esztergom-belvarosaban\/"]}]},{"@type":"ImageObject","inLanguage":"hu","@id":"https:\/\/dorogimedence.hu\/index.php\/2023\/05\/20\/baleset-tortent-esztergom-belvarosaban\/#primaryimage","url":"https:\/\/dorogimedence.hu\/wp-content\/uploads\/2023\/05\/baleset-egom-01.jpg","contentUrl":"https:\/\/dorogimedence.hu\/wp-content\/uploads\/2023\/05\/baleset-egom-01.jpg","width":1536,"height":825},{"@type":"BreadcrumbList","@id":"https:\/\/dorogimedence.hu\/index.php\/2023\/05\/20\/baleset-tortent-esztergom-belvarosaban\/#breadcrumb","itemListElement":[{"@type":"ListItem","position":1,"name":"Kezd\u0151lap","item":"https:\/\/dorogimedence.hu\/"},{"@type":"ListItem","position":2,"name":"Baleset t\u00f6rt\u00e9nt Esztergom belv\u00e1ros\u00e1ban"}]},{"@type":"WebSite","@id":"https:\/\/dorogimedence.hu\/#website","url":"https:\/\/dorogimedence.hu\/","name":"Dorogi-medence Region\u00e1lis H\u00edrport\u00e1l","description":"Dorog, Keszt\u00f6lc, Le\u00e1nyv\u00e1r, Piliscs\u00e9v, Tokod, Tokodalt\u00e1r\u00f3, Csolnok, Esztergom-kertv\u00e1ros: h\u00edrek, programok","publisher":{"@id":"https:\/\/dorogimedence.hu\/#organization"},"potentialAction":[{"@type":"SearchAction","target":{"@type":"EntryPoint","urlTemplate":"https:\/\/dorogimedence.hu\/?s={search_term_string}"},"query-input":{"@type":"PropertyValueSpecification","valueRequired":true,"valueName":"search_term_string"}}],"inLanguage":"hu"},{"@type":"Organization","@id":"https:\/\/dorogimedence.hu\/#organization","name":"Dorogi-medence Region\u00e1lis H\u00edrport\u00e1l","url":"https:\/\/dorogimedence.hu\/","logo":{"@type":"ImageObject","inLanguage":"hu","@id":"https:\/\/dorogimedence.hu\/#\/schema\/logo\/image\/","url":"https:\/\/dorogimedence.hu\/wp-content\/uploads\/2021\/04\/logo-feher-600.png","contentUrl":"https:\/\/dorogimedence.hu\/wp-content\/uploads\/2021\/04\/logo-feher-600.png","width":600,"height":100,"caption":"Dorogi-medence Region\u00e1lis H\u00edrport\u00e1l"},"image":{"@id":"https:\/\/dorogimedence.hu\/#\/schema\/logo\/image\/"},"sameAs":["https:\/\/www.facebook.com\/dorogimedence\/"]},{"@type":"Person","@id":"https:\/\/dorogimedence.hu\/#\/schema\/person\/ce6091eeb7e95ecdc87890d6aa8e0fd4","name":"dorogimedence.hu","image":{"@type":"ImageObject","inLanguage":"hu","@id":"\/\/www.gravatar.com\/avatar\/d8d45f8901aadff40a4af72c0b826f1d?s=96&#038;r=g&#038;d=mm","url":"\/\/www.gravatar.com\/avatar\/d8d45f8901aadff40a4af72c0b826f1d?s=96&#038;r=g&#038;d=mm","contentUrl":"\/\/www.gravatar.com\/avatar\/d8d45f8901aadff40a4af72c0b826f1d?s=96&#038;r=g&#038;d=mm","caption":"dorogimedence.hu"}}]}},"_links":{"self":[{"href":"https:\/\/dorogimedence.hu\/index.php\/wp-json\/wp\/v2\/posts\/53187","targetHints":{"allow":["GET"]}}],"collection":[{"href":"https:\/\/dorogimedence.hu\/index.php\/wp-json\/wp\/v2\/posts"}],"about":[{"href":"https:\/\/dorogimedence.hu\/index.php\/wp-json\/wp\/v2\/types\/post"}],"author":[{"embeddable":true,"href":"https:\/\/dorogimedence.hu\/index.php\/wp-json\/wp\/v2\/users\/1"}],"replies":[{"embeddable":true,"href":"https:\/\/dorogimedence.hu\/index.php\/wp-json\/wp\/v2\/comments?post=53187"}],"version-history":[{"count":0,"href":"https:\/\/dorogimedence.hu\/index.php\/wp-json\/wp\/v2\/posts\/53187\/revisions"}],"wp:featuredmedia":[{"embeddable":true,"href":"https:\/\/dorogimedence.hu\/index.php\/wp-json\/wp\/v2\/media\/53188"}],"wp:attachment":[{"href":"https:\/\/dorogimedence.hu\/index.php\/wp-json\/wp\/v2\/media?parent=53187"}],"wp:term":[{"taxonomy":"category","embeddable":true,"href":"https:\/\/dorogimedence.hu\/index.php\/wp-json\/wp\/v2\/categories?post=53187"},{"taxonomy":"post_tag","embeddable":true,"href":"https:\/\/dorogimedence.hu\/index.php\/wp-json\/wp\/v2\/tags?post=53187"}],"curies":[{"name":"wp","href":"https:\/\/api.w.org\/{rel}","templated":true}]}}