{"id":53153,"date":"2023-05-19T08:54:08","date_gmt":"2023-05-19T06:54:08","guid":{"rendered":"https:\/\/dorogimedence.hu\/?p=53153"},"modified":"2023-05-19T08:54:08","modified_gmt":"2023-05-19T06:54:08","slug":"70-eve-nyerte-meg-a-magyar-labdarugo-valogatott-az-europa-kupat","status":"publish","type":"post","link":"https:\/\/dorogimedence.hu\/index.php\/2023\/05\/19\/70-eve-nyerte-meg-a-magyar-labdarugo-valogatott-az-europa-kupat\/","title":{"rendered":"70 \u00e9ve nyerte meg a magyar labdar\u00fag\u00f3-v\u00e1logatott az Eur\u00f3pa-kup\u00e1t"},"content":{"rendered":"<p><strong>Az Eur\u00f3pa-bajnoks\u00e1gok nem hivatalos el\u0151dje az Eur\u00f3pa-kupa. A sorozat meg\u00e1lmod\u00f3ja az Osztr\u00e1k Labdar\u00fag\u00f3-sz\u00f6vets\u00e9g eln\u00f6ke, Hugo Meisl volt. Az Eur\u00f3pa-kupa v\u00e9g\u00fcl 1927-ben indulhatott \u00fatj\u00e1ra eredetileg \u00f6t k\u00f6z\u00e9p-eur\u00f3pai \u00e1llam: Ausztria, Csehszlov\u00e1kia, Magyarorsz\u00e1g, Olaszorsz\u00e1g \u00e9s Sv\u00e1jc r\u00e9szv\u00e9tel\u00e9vel<\/strong> <em>&#8211; \u00edrja a Pusk\u00e1s Int\u00e9zet a <a href=\"https:\/\/puskasintezet.hu\/hir\/Europai-bajnokok\" target=\"_blank\" rel=\"noopener\"><span style=\"text-decoration: underline; color: #0000ff;\">honlapj\u00e1n<\/span><\/a>.<\/em><\/p>\n<p>A torn\u00e1t hat alkalommal rendezt\u00e9k meg ligarendszerben. A sorozat t\u00f6bb \u00e9ven \u00e1t tartott, az orsz\u00e1gok k\u00e9tszer j\u00e1tszottak egym\u00e1ssal, a kup\u00e1t pedig a legt\u00f6bb pontot gy\u0171jt\u0151 csapat h\u00f3d\u00edtotta el \u2013 a gy\u0151zelem\u00e9rt kett\u0151 pont, a d\u00f6ntetlen\u00e9rt egy pont j\u00e1rt. Az 1955-t\u0151l 1960-ig tart\u00f3 utols\u00f3 ki\u00edr\u00e1shoz Jugoszl\u00e1via is csatlakozott. Az Eur\u00f3pa-kupa 1960-ban megsz\u0171nt, miut\u00e1n megalakult az Eur\u00f3pai Nemzetek Kup\u00e1ja (azaz a mai Eur\u00f3pa-bajnoks\u00e1g).<\/p>\n<p>Az 1948 \u00e9s 1953 k\u00f6z\u00f6tt zajl\u00f3 Eur\u00f3pa-kup\u00e1t Magyarorsz\u00e1g nyerte meg. Az els\u0151s\u00e9gr\u0151l 1953. m\u00e1jus 17-\u00e9n az \u00faj r\u00f3mai Olimpiai Stadion nyit\u00f3m\u00e9rk\u0151z\u00e9s\u00e9n Olaszorsz\u00e1g \u00e9s Magyarorsz\u00e1g \u00fctk\u00f6zete d\u00f6nt\u00f6tt. Az olaszok szerettek volna rev\u00e1nsot venni az 1952-es olimpi\u00e1n elszenvedett 3\u20130-s veres\u00e9g miatt. Azonban a magyar csapat Hidegkuti N\u00e1ndor g\u00f3lj\u00e1val \u00e9s Pusk\u00e1s Ferenc dupl\u00e1j\u00e1val ism\u00e9t 3\u20130-ra verte az olaszokat. Az Aranycsapat ezen a tal\u00e1lkoz\u00f3n futott ki el\u0151sz\u00f6r a \u201eklasszikus\u201d \u00f6ssze\u00e1ll\u00edt\u00e1s\u00e1ban: Grosics \u2013 Buz\u00e1nszky, L\u00f3r\u00e1nt, Lantos \u2013 Bozsik, Zakari\u00e1s \u2013 Budai II, Kocsis, Hidegkuti, Pusk\u00e1s, Czibor, illetve a \u201ekeresztel\u0151\u201d is a meccs ut\u00e1n t\u00f6rt\u00e9nt, ugyanis Szepesi Gy\u00f6rgy az anekdota szerint a sikert k\u00f6vet\u0151en nevezte el\u0151sz\u00f6r \u201eAranycsapatnak\u201d a magyar v\u00e1logatottat.<\/p>\n<p>Magyarorsz\u00e1g az \u00f6t \u00e9ven \u00e1t tart\u00f3 k\u00fczdelemben \u00f6t gy\u0151zelemmel, egy d\u00f6ntetlennel \u00e9s tizenegy ponttal v\u00e9gzett a tabella els\u0151 hely\u00e9n. A m\u00e1sodik Csehszlov\u00e1kia lett kilenc ponttal, a harmadik Ausztria szint\u00e9n kilenc egys\u00e9get gy\u0171jt\u00f6tt. A negyedik Olaszorsz\u00e1g nyolc ponttal z\u00e1rt, m\u00edg az \u00f6t\u00f6dik Sv\u00e1jc csup\u00e1n h\u00e1rom d\u00f6ntetlent \u00e9rt el a sorozatban. Az Eur\u00f3pa-kupa g\u00f3lkir\u00e1lya t\u00edz tal\u00e1lattal Pusk\u00e1s Ferenc lett, a m\u00e1sodik h\u00e9t g\u00f3llal De\u00e1k \u201eBamba\u201d Ferenc volt.<\/p>\n<p>1948\u20131953-as Eur\u00f3pa-kupa,&nbsp;1953. m\u00e1jus 17.,<\/p>\n<p>R\u00f3ma, Olimpiai Stadion, 90 ezer n\u00e9z\u0151, v.: William Evans (angol)<\/p>\n<p><strong>Olaszorsz\u00e1g \u2013 Magyarorsz\u00e1g 0\u20133 (0\u20131)<\/strong><\/p>\n<p>Olaszorsz\u00e1g: Lucidio Sentimenti \u2013 Attilio Giovannini, Pietro Grosso, Sergio Cervato, Raoul Bortoletto, Arcadio Venturi, Giampiero, Boniperti (Pasquale Vivolo, 46.), Egisto Pandolfini, Carlo Galli, Amedeo Amadei, Cesarino Cervelatti. Sz\u00f6vets\u00e9gi kapit\u00e1ny: Carlino Beretta \u00e9s&nbsp;Giuseppe Meazza.<\/p>\n<p><strong>Magyarorsz\u00e1g:<\/strong> Grosics Gyula \u2013 Buz\u00e1nszky Jen\u0151, L\u00f3r\u00e1nt Gyula, Lantos Mih\u00e1ly \u2013 Bozsik J\u00f3zsef, Zakari\u00e1s J\u00f3zsef \u2013 Budai II L\u00e1szl\u00f3, Kocsis S\u00e1ndor, Hidegkuti N\u00e1ndor (Palot\u00e1s P\u00e9ter, 46.), Pusk\u00e1s Ferenc, Czibor Zolt\u00e1n. Sz\u00f6vets\u00e9gi kapit\u00e1ny: Sebes Guszt\u00e1v<\/p>\n<p>G.: Hidegkuti (41.), Pusk\u00e1s (63., 68.).<\/p>\n<p><strong>A m\u00e9rk\u0151z\u00e9s \u00f6sszefoglal\u00f3ja:<\/strong><\/p>\n<p><iframe title=\"Olaszorsz\u00e1g-Magyarorsz\u00e1g | 0-3 | 1953. 05. 17 | MLSZ TV Arch\u00edv\" width=\"755\" height=\"425\" src=\"https:\/\/www.youtube.com\/embed\/9Rqw1dooJNo?feature=oembed\" frameborder=\"0\" allow=\"accelerometer; autoplay; clipboard-write; encrypted-media; gyroscope; picture-in-picture; web-share\" referrerpolicy=\"strict-origin-when-cross-origin\" allowfullscreen><\/iframe><\/p>\n<p><em>Bor\u00edt\u00f3k\u00e9p, forr\u00e1s: puskasintezet.hu<\/em><\/p>\n","protected":false},"excerpt":{"rendered":"<p>Az Eur\u00f3pa-bajnoks\u00e1gok nem hivatalos el\u0151dje az Eur\u00f3pa-kupa. A sorozat meg\u00e1lmod\u00f3ja az Osztr\u00e1k Labdar\u00fag\u00f3-sz\u00f6vets\u00e9g eln\u00f6ke, Hugo Meisl volt. Az Eur\u00f3pa-kupa v\u00e9g\u00fcl 1927-ben indulhatott \u00fatj\u00e1ra eredetileg \u00f6t k\u00f6z\u00e9p-eur\u00f3pai \u00e1llam: Ausztria, Csehszlov\u00e1kia, Magyarorsz\u00e1g, Olaszorsz\u00e1g \u00e9s Sv\u00e1jc r\u00e9szv\u00e9tel\u00e9vel &#8211; \u00edrja a Pusk\u00e1s Int\u00e9zet a honlapj\u00e1n. A torn\u00e1t hat alkalommal rendezt\u00e9k meg ligarendszerben. A sorozat t\u00f6bb \u00e9ven \u00e1t tartott, az<\/p>\n","protected":false},"author":1,"featured_media":53154,"comment_status":"closed","ping_status":"closed","sticky":false,"template":"","format":"standard","meta":{"ngg_post_thumbnail":0,"footnotes":""},"categories":[3,5],"tags":[70,69,72,16],"class_list":{"0":"post-53153","1":"post","2":"type-post","3":"status-publish","4":"format-standard","5":"has-post-thumbnail","7":"category-hirek","8":"category-sport","9":"tag-foci","10":"tag-futball","11":"tag-labdarugas","12":"tag-sport"},"yoast_head":"<!-- This site is optimized with the Yoast SEO plugin v27.5 - https:\/\/yoast.com\/product\/yoast-seo-wordpress\/ -->\n<title>70 \u00e9ve nyerte meg a magyar labdar\u00fag\u00f3-v\u00e1logatott az Eur\u00f3pa-kup\u00e1t<\/title>\n<meta name=\"robots\" content=\"index, follow, max-snippet:-1, max-image-preview:large, max-video-preview:-1\" \/>\n<link rel=\"canonical\" href=\"https:\/\/dorogimedence.hu\/index.php\/2023\/05\/19\/70-eve-nyerte-meg-a-magyar-labdarugo-valogatott-az-europa-kupat\/\" class=\"yoast-seo-meta-tag\" \/>\n<meta property=\"og:locale\" content=\"hu_HU\" class=\"yoast-seo-meta-tag\" \/>\n<meta property=\"og:type\" content=\"article\" class=\"yoast-seo-meta-tag\" \/>\n<meta property=\"og:title\" content=\"70 \u00e9ve nyerte meg a magyar labdar\u00fag\u00f3-v\u00e1logatott az Eur\u00f3pa-kup\u00e1t\" class=\"yoast-seo-meta-tag\" \/>\n<meta property=\"og:description\" content=\"Az Eur\u00f3pa-bajnoks\u00e1gok nem hivatalos el\u0151dje az Eur\u00f3pa-kupa. A sorozat meg\u00e1lmod\u00f3ja az Osztr\u00e1k Labdar\u00fag\u00f3-sz\u00f6vets\u00e9g eln\u00f6ke, Hugo Meisl volt. Az Eur\u00f3pa-kupa v\u00e9g\u00fcl 1927-ben indulhatott \u00fatj\u00e1ra eredetileg \u00f6t k\u00f6z\u00e9p-eur\u00f3pai \u00e1llam: Ausztria, Csehszlov\u00e1kia, Magyarorsz\u00e1g, Olaszorsz\u00e1g \u00e9s Sv\u00e1jc r\u00e9szv\u00e9tel\u00e9vel &#8211; \u00edrja a Pusk\u00e1s Int\u00e9zet a honlapj\u00e1n. A torn\u00e1t hat alkalommal rendezt\u00e9k meg ligarendszerben. A sorozat t\u00f6bb \u00e9ven \u00e1t tartott, az\" class=\"yoast-seo-meta-tag\" \/>\n<meta property=\"og:url\" content=\"https:\/\/dorogimedence.hu\/index.php\/2023\/05\/19\/70-eve-nyerte-meg-a-magyar-labdarugo-valogatott-az-europa-kupat\/\" class=\"yoast-seo-meta-tag\" \/>\n<meta property=\"og:site_name\" content=\"Dorogi-medence Region\u00e1lis H\u00edrport\u00e1l\" class=\"yoast-seo-meta-tag\" \/>\n<meta property=\"article:publisher\" content=\"https:\/\/www.facebook.com\/dorogimedence\/\" class=\"yoast-seo-meta-tag\" \/>\n<meta property=\"article:published_time\" content=\"2023-05-19T06:54:08+00:00\" class=\"yoast-seo-meta-tag\" \/>\n<meta property=\"og:image\" content=\"https:\/\/dorogimedence.hu\/wp-content\/uploads\/2023\/05\/europa-kupa.jpg\" class=\"yoast-seo-meta-tag\" \/>\n\t<meta property=\"og:image:width\" content=\"1920\" class=\"yoast-seo-meta-tag\" \/>\n\t<meta property=\"og:image:height\" content=\"970\" class=\"yoast-seo-meta-tag\" \/>\n\t<meta property=\"og:image:type\" content=\"image\/jpeg\" class=\"yoast-seo-meta-tag\" \/>\n<meta name=\"author\" content=\"dorogimedence.hu\" class=\"yoast-seo-meta-tag\" \/>\n<meta name=\"twitter:card\" content=\"summary_large_image\" class=\"yoast-seo-meta-tag\" \/>\n<meta name=\"twitter:label1\" content=\"Szerz\u0151:\" class=\"yoast-seo-meta-tag\" \/>\n\t<meta name=\"twitter:data1\" content=\"dorogimedence.hu\" class=\"yoast-seo-meta-tag\" \/>\n\t<meta name=\"twitter:label2\" content=\"Becs\u00fclt olvas\u00e1si id\u0151\" class=\"yoast-seo-meta-tag\" \/>\n\t<meta name=\"twitter:data2\" content=\"3 perc\" class=\"yoast-seo-meta-tag\" \/>\n<script type=\"application\/ld+json\" class=\"yoast-schema-graph\">{\"@context\":\"https:\\\/\\\/schema.org\",\"@graph\":[{\"@type\":\"Article\",\"@id\":\"https:\\\/\\\/dorogimedence.hu\\\/index.php\\\/2023\\\/05\\\/19\\\/70-eve-nyerte-meg-a-magyar-labdarugo-valogatott-az-europa-kupat\\\/#article\",\"isPartOf\":{\"@id\":\"https:\\\/\\\/dorogimedence.hu\\\/index.php\\\/2023\\\/05\\\/19\\\/70-eve-nyerte-meg-a-magyar-labdarugo-valogatott-az-europa-kupat\\\/\"},\"author\":{\"name\":\"dorogimedence.hu\",\"@id\":\"https:\\\/\\\/dorogimedence.hu\\\/#\\\/schema\\\/person\\\/ce6091eeb7e95ecdc87890d6aa8e0fd4\"},\"headline\":\"70 \u00e9ve nyerte meg a magyar labdar\u00fag\u00f3-v\u00e1logatott az Eur\u00f3pa-kup\u00e1t\",\"datePublished\":\"2023-05-19T06:54:08+00:00\",\"mainEntityOfPage\":{\"@id\":\"https:\\\/\\\/dorogimedence.hu\\\/index.php\\\/2023\\\/05\\\/19\\\/70-eve-nyerte-meg-a-magyar-labdarugo-valogatott-az-europa-kupat\\\/\"},\"wordCount\":551,\"publisher\":{\"@id\":\"https:\\\/\\\/dorogimedence.hu\\\/#organization\"},\"image\":{\"@id\":\"https:\\\/\\\/dorogimedence.hu\\\/index.php\\\/2023\\\/05\\\/19\\\/70-eve-nyerte-meg-a-magyar-labdarugo-valogatott-az-europa-kupat\\\/#primaryimage\"},\"thumbnailUrl\":\"https:\\\/\\\/dorogimedence.hu\\\/wp-content\\\/uploads\\\/2023\\\/05\\\/europa-kupa.jpg\",\"keywords\":[\"foci\",\"futball\",\"labdar\u00fag\u00e1s\",\"sport\"],\"articleSection\":[\"H\u00edrek\",\"Sport\"],\"inLanguage\":\"hu\"},{\"@type\":\"WebPage\",\"@id\":\"https:\\\/\\\/dorogimedence.hu\\\/index.php\\\/2023\\\/05\\\/19\\\/70-eve-nyerte-meg-a-magyar-labdarugo-valogatott-az-europa-kupat\\\/\",\"url\":\"https:\\\/\\\/dorogimedence.hu\\\/index.php\\\/2023\\\/05\\\/19\\\/70-eve-nyerte-meg-a-magyar-labdarugo-valogatott-az-europa-kupat\\\/\",\"name\":\"70 \u00e9ve nyerte meg a magyar labdar\u00fag\u00f3-v\u00e1logatott az Eur\u00f3pa-kup\u00e1t\",\"isPartOf\":{\"@id\":\"https:\\\/\\\/dorogimedence.hu\\\/#website\"},\"primaryImageOfPage\":{\"@id\":\"https:\\\/\\\/dorogimedence.hu\\\/index.php\\\/2023\\\/05\\\/19\\\/70-eve-nyerte-meg-a-magyar-labdarugo-valogatott-az-europa-kupat\\\/#primaryimage\"},\"image\":{\"@id\":\"https:\\\/\\\/dorogimedence.hu\\\/index.php\\\/2023\\\/05\\\/19\\\/70-eve-nyerte-meg-a-magyar-labdarugo-valogatott-az-europa-kupat\\\/#primaryimage\"},\"thumbnailUrl\":\"https:\\\/\\\/dorogimedence.hu\\\/wp-content\\\/uploads\\\/2023\\\/05\\\/europa-kupa.jpg\",\"datePublished\":\"2023-05-19T06:54:08+00:00\",\"breadcrumb\":{\"@id\":\"https:\\\/\\\/dorogimedence.hu\\\/index.php\\\/2023\\\/05\\\/19\\\/70-eve-nyerte-meg-a-magyar-labdarugo-valogatott-az-europa-kupat\\\/#breadcrumb\"},\"inLanguage\":\"hu\",\"potentialAction\":[{\"@type\":\"ReadAction\",\"target\":[\"https:\\\/\\\/dorogimedence.hu\\\/index.php\\\/2023\\\/05\\\/19\\\/70-eve-nyerte-meg-a-magyar-labdarugo-valogatott-az-europa-kupat\\\/\"]}]},{\"@type\":\"ImageObject\",\"inLanguage\":\"hu\",\"@id\":\"https:\\\/\\\/dorogimedence.hu\\\/index.php\\\/2023\\\/05\\\/19\\\/70-eve-nyerte-meg-a-magyar-labdarugo-valogatott-az-europa-kupat\\\/#primaryimage\",\"url\":\"https:\\\/\\\/dorogimedence.hu\\\/wp-content\\\/uploads\\\/2023\\\/05\\\/europa-kupa.jpg\",\"contentUrl\":\"https:\\\/\\\/dorogimedence.hu\\\/wp-content\\\/uploads\\\/2023\\\/05\\\/europa-kupa.jpg\",\"width\":1920,\"height\":970},{\"@type\":\"BreadcrumbList\",\"@id\":\"https:\\\/\\\/dorogimedence.hu\\\/index.php\\\/2023\\\/05\\\/19\\\/70-eve-nyerte-meg-a-magyar-labdarugo-valogatott-az-europa-kupat\\\/#breadcrumb\",\"itemListElement\":[{\"@type\":\"ListItem\",\"position\":1,\"name\":\"Kezd\u0151lap\",\"item\":\"https:\\\/\\\/dorogimedence.hu\\\/\"},{\"@type\":\"ListItem\",\"position\":2,\"name\":\"70 \u00e9ve nyerte meg a magyar labdar\u00fag\u00f3-v\u00e1logatott az Eur\u00f3pa-kup\u00e1t\"}]},{\"@type\":\"WebSite\",\"@id\":\"https:\\\/\\\/dorogimedence.hu\\\/#website\",\"url\":\"https:\\\/\\\/dorogimedence.hu\\\/\",\"name\":\"Dorogi-medence Region\u00e1lis H\u00edrport\u00e1l\",\"description\":\"Dorog, Keszt\u00f6lc, Le\u00e1nyv\u00e1r, Piliscs\u00e9v, Tokod, Tokodalt\u00e1r\u00f3, Csolnok, Esztergom-kertv\u00e1ros: h\u00edrek, programok\",\"publisher\":{\"@id\":\"https:\\\/\\\/dorogimedence.hu\\\/#organization\"},\"potentialAction\":[{\"@type\":\"SearchAction\",\"target\":{\"@type\":\"EntryPoint\",\"urlTemplate\":\"https:\\\/\\\/dorogimedence.hu\\\/?s={search_term_string}\"},\"query-input\":{\"@type\":\"PropertyValueSpecification\",\"valueRequired\":true,\"valueName\":\"search_term_string\"}}],\"inLanguage\":\"hu\"},{\"@type\":\"Organization\",\"@id\":\"https:\\\/\\\/dorogimedence.hu\\\/#organization\",\"name\":\"Dorogi-medence Region\u00e1lis H\u00edrport\u00e1l\",\"url\":\"https:\\\/\\\/dorogimedence.hu\\\/\",\"logo\":{\"@type\":\"ImageObject\",\"inLanguage\":\"hu\",\"@id\":\"https:\\\/\\\/dorogimedence.hu\\\/#\\\/schema\\\/logo\\\/image\\\/\",\"url\":\"https:\\\/\\\/dorogimedence.hu\\\/wp-content\\\/uploads\\\/2021\\\/04\\\/logo-feher-600.png\",\"contentUrl\":\"https:\\\/\\\/dorogimedence.hu\\\/wp-content\\\/uploads\\\/2021\\\/04\\\/logo-feher-600.png\",\"width\":600,\"height\":100,\"caption\":\"Dorogi-medence Region\u00e1lis H\u00edrport\u00e1l\"},\"image\":{\"@id\":\"https:\\\/\\\/dorogimedence.hu\\\/#\\\/schema\\\/logo\\\/image\\\/\"},\"sameAs\":[\"https:\\\/\\\/www.facebook.com\\\/dorogimedence\\\/\"]},{\"@type\":\"Person\",\"@id\":\"https:\\\/\\\/dorogimedence.hu\\\/#\\\/schema\\\/person\\\/ce6091eeb7e95ecdc87890d6aa8e0fd4\",\"name\":\"dorogimedence.hu\",\"image\":{\"@type\":\"ImageObject\",\"inLanguage\":\"hu\",\"@id\":\"\\\/\\\/www.gravatar.com\\\/avatar\\\/d8d45f8901aadff40a4af72c0b826f1d?s=96&#038;r=g&#038;d=mm\",\"url\":\"\\\/\\\/www.gravatar.com\\\/avatar\\\/d8d45f8901aadff40a4af72c0b826f1d?s=96&#038;r=g&#038;d=mm\",\"contentUrl\":\"\\\/\\\/www.gravatar.com\\\/avatar\\\/d8d45f8901aadff40a4af72c0b826f1d?s=96&#038;r=g&#038;d=mm\",\"caption\":\"dorogimedence.hu\"}}]}<\/script>\n<!-- \/ Yoast SEO plugin. -->","yoast_head_json":{"title":"70 \u00e9ve nyerte meg a magyar labdar\u00fag\u00f3-v\u00e1logatott az Eur\u00f3pa-kup\u00e1t","robots":{"index":"index","follow":"follow","max-snippet":"max-snippet:-1","max-image-preview":"max-image-preview:large","max-video-preview":"max-video-preview:-1"},"canonical":"https:\/\/dorogimedence.hu\/index.php\/2023\/05\/19\/70-eve-nyerte-meg-a-magyar-labdarugo-valogatott-az-europa-kupat\/","og_locale":"hu_HU","og_type":"article","og_title":"70 \u00e9ve nyerte meg a magyar labdar\u00fag\u00f3-v\u00e1logatott az Eur\u00f3pa-kup\u00e1t","og_description":"Az Eur\u00f3pa-bajnoks\u00e1gok nem hivatalos el\u0151dje az Eur\u00f3pa-kupa. A sorozat meg\u00e1lmod\u00f3ja az Osztr\u00e1k Labdar\u00fag\u00f3-sz\u00f6vets\u00e9g eln\u00f6ke, Hugo Meisl volt. Az Eur\u00f3pa-kupa v\u00e9g\u00fcl 1927-ben indulhatott \u00fatj\u00e1ra eredetileg \u00f6t k\u00f6z\u00e9p-eur\u00f3pai \u00e1llam: Ausztria, Csehszlov\u00e1kia, Magyarorsz\u00e1g, Olaszorsz\u00e1g \u00e9s Sv\u00e1jc r\u00e9szv\u00e9tel\u00e9vel &#8211; \u00edrja a Pusk\u00e1s Int\u00e9zet a honlapj\u00e1n. A torn\u00e1t hat alkalommal rendezt\u00e9k meg ligarendszerben. A sorozat t\u00f6bb \u00e9ven \u00e1t tartott, az","og_url":"https:\/\/dorogimedence.hu\/index.php\/2023\/05\/19\/70-eve-nyerte-meg-a-magyar-labdarugo-valogatott-az-europa-kupat\/","og_site_name":"Dorogi-medence Region\u00e1lis H\u00edrport\u00e1l","article_publisher":"https:\/\/www.facebook.com\/dorogimedence\/","article_published_time":"2023-05-19T06:54:08+00:00","og_image":[{"width":1920,"height":970,"url":"https:\/\/dorogimedence.hu\/wp-content\/uploads\/2023\/05\/europa-kupa.jpg","type":"image\/jpeg"}],"author":"dorogimedence.hu","twitter_card":"summary_large_image","twitter_misc":{"Szerz\u0151:":"dorogimedence.hu","Becs\u00fclt olvas\u00e1si id\u0151":"3 perc"},"schema":{"@context":"https:\/\/schema.org","@graph":[{"@type":"Article","@id":"https:\/\/dorogimedence.hu\/index.php\/2023\/05\/19\/70-eve-nyerte-meg-a-magyar-labdarugo-valogatott-az-europa-kupat\/#article","isPartOf":{"@id":"https:\/\/dorogimedence.hu\/index.php\/2023\/05\/19\/70-eve-nyerte-meg-a-magyar-labdarugo-valogatott-az-europa-kupat\/"},"author":{"name":"dorogimedence.hu","@id":"https:\/\/dorogimedence.hu\/#\/schema\/person\/ce6091eeb7e95ecdc87890d6aa8e0fd4"},"headline":"70 \u00e9ve nyerte meg a magyar labdar\u00fag\u00f3-v\u00e1logatott az Eur\u00f3pa-kup\u00e1t","datePublished":"2023-05-19T06:54:08+00:00","mainEntityOfPage":{"@id":"https:\/\/dorogimedence.hu\/index.php\/2023\/05\/19\/70-eve-nyerte-meg-a-magyar-labdarugo-valogatott-az-europa-kupat\/"},"wordCount":551,"publisher":{"@id":"https:\/\/dorogimedence.hu\/#organization"},"image":{"@id":"https:\/\/dorogimedence.hu\/index.php\/2023\/05\/19\/70-eve-nyerte-meg-a-magyar-labdarugo-valogatott-az-europa-kupat\/#primaryimage"},"thumbnailUrl":"https:\/\/dorogimedence.hu\/wp-content\/uploads\/2023\/05\/europa-kupa.jpg","keywords":["foci","futball","labdar\u00fag\u00e1s","sport"],"articleSection":["H\u00edrek","Sport"],"inLanguage":"hu"},{"@type":"WebPage","@id":"https:\/\/dorogimedence.hu\/index.php\/2023\/05\/19\/70-eve-nyerte-meg-a-magyar-labdarugo-valogatott-az-europa-kupat\/","url":"https:\/\/dorogimedence.hu\/index.php\/2023\/05\/19\/70-eve-nyerte-meg-a-magyar-labdarugo-valogatott-az-europa-kupat\/","name":"70 \u00e9ve nyerte meg a magyar labdar\u00fag\u00f3-v\u00e1logatott az Eur\u00f3pa-kup\u00e1t","isPartOf":{"@id":"https:\/\/dorogimedence.hu\/#website"},"primaryImageOfPage":{"@id":"https:\/\/dorogimedence.hu\/index.php\/2023\/05\/19\/70-eve-nyerte-meg-a-magyar-labdarugo-valogatott-az-europa-kupat\/#primaryimage"},"image":{"@id":"https:\/\/dorogimedence.hu\/index.php\/2023\/05\/19\/70-eve-nyerte-meg-a-magyar-labdarugo-valogatott-az-europa-kupat\/#primaryimage"},"thumbnailUrl":"https:\/\/dorogimedence.hu\/wp-content\/uploads\/2023\/05\/europa-kupa.jpg","datePublished":"2023-05-19T06:54:08+00:00","breadcrumb":{"@id":"https:\/\/dorogimedence.hu\/index.php\/2023\/05\/19\/70-eve-nyerte-meg-a-magyar-labdarugo-valogatott-az-europa-kupat\/#breadcrumb"},"inLanguage":"hu","potentialAction":[{"@type":"ReadAction","target":["https:\/\/dorogimedence.hu\/index.php\/2023\/05\/19\/70-eve-nyerte-meg-a-magyar-labdarugo-valogatott-az-europa-kupat\/"]}]},{"@type":"ImageObject","inLanguage":"hu","@id":"https:\/\/dorogimedence.hu\/index.php\/2023\/05\/19\/70-eve-nyerte-meg-a-magyar-labdarugo-valogatott-az-europa-kupat\/#primaryimage","url":"https:\/\/dorogimedence.hu\/wp-content\/uploads\/2023\/05\/europa-kupa.jpg","contentUrl":"https:\/\/dorogimedence.hu\/wp-content\/uploads\/2023\/05\/europa-kupa.jpg","width":1920,"height":970},{"@type":"BreadcrumbList","@id":"https:\/\/dorogimedence.hu\/index.php\/2023\/05\/19\/70-eve-nyerte-meg-a-magyar-labdarugo-valogatott-az-europa-kupat\/#breadcrumb","itemListElement":[{"@type":"ListItem","position":1,"name":"Kezd\u0151lap","item":"https:\/\/dorogimedence.hu\/"},{"@type":"ListItem","position":2,"name":"70 \u00e9ve nyerte meg a magyar labdar\u00fag\u00f3-v\u00e1logatott az Eur\u00f3pa-kup\u00e1t"}]},{"@type":"WebSite","@id":"https:\/\/dorogimedence.hu\/#website","url":"https:\/\/dorogimedence.hu\/","name":"Dorogi-medence Region\u00e1lis H\u00edrport\u00e1l","description":"Dorog, Keszt\u00f6lc, Le\u00e1nyv\u00e1r, Piliscs\u00e9v, Tokod, Tokodalt\u00e1r\u00f3, Csolnok, Esztergom-kertv\u00e1ros: h\u00edrek, programok","publisher":{"@id":"https:\/\/dorogimedence.hu\/#organization"},"potentialAction":[{"@type":"SearchAction","target":{"@type":"EntryPoint","urlTemplate":"https:\/\/dorogimedence.hu\/?s={search_term_string}"},"query-input":{"@type":"PropertyValueSpecification","valueRequired":true,"valueName":"search_term_string"}}],"inLanguage":"hu"},{"@type":"Organization","@id":"https:\/\/dorogimedence.hu\/#organization","name":"Dorogi-medence Region\u00e1lis H\u00edrport\u00e1l","url":"https:\/\/dorogimedence.hu\/","logo":{"@type":"ImageObject","inLanguage":"hu","@id":"https:\/\/dorogimedence.hu\/#\/schema\/logo\/image\/","url":"https:\/\/dorogimedence.hu\/wp-content\/uploads\/2021\/04\/logo-feher-600.png","contentUrl":"https:\/\/dorogimedence.hu\/wp-content\/uploads\/2021\/04\/logo-feher-600.png","width":600,"height":100,"caption":"Dorogi-medence Region\u00e1lis H\u00edrport\u00e1l"},"image":{"@id":"https:\/\/dorogimedence.hu\/#\/schema\/logo\/image\/"},"sameAs":["https:\/\/www.facebook.com\/dorogimedence\/"]},{"@type":"Person","@id":"https:\/\/dorogimedence.hu\/#\/schema\/person\/ce6091eeb7e95ecdc87890d6aa8e0fd4","name":"dorogimedence.hu","image":{"@type":"ImageObject","inLanguage":"hu","@id":"\/\/www.gravatar.com\/avatar\/d8d45f8901aadff40a4af72c0b826f1d?s=96&#038;r=g&#038;d=mm","url":"\/\/www.gravatar.com\/avatar\/d8d45f8901aadff40a4af72c0b826f1d?s=96&#038;r=g&#038;d=mm","contentUrl":"\/\/www.gravatar.com\/avatar\/d8d45f8901aadff40a4af72c0b826f1d?s=96&#038;r=g&#038;d=mm","caption":"dorogimedence.hu"}}]}},"_links":{"self":[{"href":"https:\/\/dorogimedence.hu\/index.php\/wp-json\/wp\/v2\/posts\/53153","targetHints":{"allow":["GET"]}}],"collection":[{"href":"https:\/\/dorogimedence.hu\/index.php\/wp-json\/wp\/v2\/posts"}],"about":[{"href":"https:\/\/dorogimedence.hu\/index.php\/wp-json\/wp\/v2\/types\/post"}],"author":[{"embeddable":true,"href":"https:\/\/dorogimedence.hu\/index.php\/wp-json\/wp\/v2\/users\/1"}],"replies":[{"embeddable":true,"href":"https:\/\/dorogimedence.hu\/index.php\/wp-json\/wp\/v2\/comments?post=53153"}],"version-history":[{"count":0,"href":"https:\/\/dorogimedence.hu\/index.php\/wp-json\/wp\/v2\/posts\/53153\/revisions"}],"wp:featuredmedia":[{"embeddable":true,"href":"https:\/\/dorogimedence.hu\/index.php\/wp-json\/wp\/v2\/media\/53154"}],"wp:attachment":[{"href":"https:\/\/dorogimedence.hu\/index.php\/wp-json\/wp\/v2\/media?parent=53153"}],"wp:term":[{"taxonomy":"category","embeddable":true,"href":"https:\/\/dorogimedence.hu\/index.php\/wp-json\/wp\/v2\/categories?post=53153"},{"taxonomy":"post_tag","embeddable":true,"href":"https:\/\/dorogimedence.hu\/index.php\/wp-json\/wp\/v2\/tags?post=53153"}],"curies":[{"name":"wp","href":"https:\/\/api.w.org\/{rel}","templated":true}]}}