{"id":53090,"date":"2023-05-17T11:35:23","date_gmt":"2023-05-17T09:35:23","guid":{"rendered":"https:\/\/dorogimedence.hu\/?p=53090"},"modified":"2023-05-17T11:36:14","modified_gmt":"2023-05-17T09:36:14","slug":"esztergomi-bevasarloparknal-karcolt-ossze-egy-autot","status":"publish","type":"post","link":"https:\/\/dorogimedence.hu\/index.php\/2023\/05\/17\/esztergomi-bevasarloparknal-karcolt-ossze-egy-autot\/","title":{"rendered":"Esztergomi bev\u00e1s\u00e1rl\u00f3parkn\u00e1l karcolt \u00f6ssze egy aut\u00f3t"},"content":{"rendered":"<p><strong>Megsz\u00fcntett\u00e9k az elj\u00e1r\u00e1st azzal a f\u00e9rfivel szemben, aki az esztergomi bev\u00e1s\u00e1rl\u00f3parkn\u00e1l \u00f6sszekarcolt egy g\u00e9pj\u00e1rm\u0171vet. A f\u00e9rfi k\u00f6zvet\u00edt\u0151i elj\u00e1r\u00e1sban negyedmilli\u00f3 forint fizet\u00e9s\u00e9vel tette j\u00f3v\u00e1 a b\u0171ncselekm\u00e9nnyel okozott s\u00e9relmet.<\/strong><\/p>\n<p>A hat\u00e1rozatban \u00edrt t\u00e9ny\u00e1ll\u00e1s szerint a f\u00e9rfi 2022. szeptember 24-\u00e9n az esztergomi bev\u00e1s\u00e1rl\u00f3park melletti parkol\u00f3ban v\u00e1s\u00e1rl\u00e1st k\u00f6vet\u0151en besz\u00e1llni k\u00e9sz\u00fclt az \u00e1ltala haszn\u00e1lt szem\u00e9lyg\u00e9pkocsiba. Ezt megel\u0151z\u0151en azonban az \u00e1ltala haszn\u00e1lt g\u00e9pj\u00e1rm\u0171 mellett parkol\u00f3 g\u00e9pj\u00e1rm\u0171 bal oldala mellett elhaladva annak t\u00f6bb karossz\u00e9riaelem\u00e9t \u2013 bal els\u0151 \u00e9s h\u00e1ts\u00f3 ajtaj\u00e1t, bal s\u00e1rv\u00e9d\u0151j\u00e9t \u2013 megrong\u00e1lta oly m\u00f3don, hogy azokat egy ismeretlen t\u00e1rggyal megkarcolta. Az elk\u00f6vet\u0151 a cselekm\u00e9nnyel 150.000,- Ft, k\u00e1rt okozott.<\/p>\n<p><img fetchpriority=\"high\" decoding=\"async\" class=\"alignnone size-full wp-image-53092\" src=\"https:\/\/dorogimedence.hu\/wp-content\/uploads\/2023\/05\/gk-karcolas-f2-.jpg\" alt=\"\" width=\"940\" height=\"793\" srcset=\"https:\/\/dorogimedence.hu\/wp-content\/uploads\/2023\/05\/gk-karcolas-f2-.jpg 940w, https:\/\/dorogimedence.hu\/wp-content\/uploads\/2023\/05\/gk-karcolas-f2--300x253.jpg 300w, https:\/\/dorogimedence.hu\/wp-content\/uploads\/2023\/05\/gk-karcolas-f2--768x648.jpg 768w, https:\/\/dorogimedence.hu\/wp-content\/uploads\/2023\/05\/gk-karcolas-f2--150x127.jpg 150w, https:\/\/dorogimedence.hu\/wp-content\/uploads\/2023\/05\/gk-karcolas-f2--450x380.jpg 450w\" sizes=\"(max-width: 940px) 100vw, 940px\" \/><\/p>\n<p>A f\u00e9rfi a b\u0171ncselekm\u00e9ny elk\u00f6vet\u00e9s\u00e9t beismerte. Az \u00fcgy\u00e9szs\u00e9g meg\u00e1llap\u00edtotta, hogy a b\u0171ncselekm\u00e9ny k\u00f6vetkezm\u00e9nyeinek j\u00f3v\u00e1t\u00e9tele v\u00e1rhat\u00f3, ez\u00e9rt a b\u00fcntet\u0151elj\u00e1r\u00e1st hat h\u00f3napi id\u0151tartamra felf\u00fcggesztette a k\u00f6zvet\u00edt\u0151i elj\u00e1r\u00e1s lefolytat\u00e1sa c\u00e9lj\u00e1b\u00f3l. &nbsp;Az elk\u00f6vet\u0151 a b\u0171ncselekm\u00e9nnyel a s\u00e9rtettnek okozott s\u00e9relmet j\u00f3v\u00e1tette azzal, hogy egy \u00f6sszegben s\u00e9rtettnek 250.000 forintot fizetett meg, ez\u00e9rt az \u00fcgy\u00e9szs\u00e9g az elj\u00e1r\u00e1st megsz\u00fcntette.<\/p>\n<p>Az Esztergomi J\u00e1r\u00e1si \u00dcgy\u00e9szs\u00e9g a rong\u00e1l\u00e1s v\u00e9ts\u00e9ge miatt indult elj\u00e1r\u00e1st tev\u00e9keny megb\u00e1n\u00e1s miatt megsz\u00fcntette.<\/p>\n<p><em>Bor\u00edt\u00f3k\u00e9p, forr\u00e1s: Kom\u00e1rom-Esztergom V\u00e1rmegyei F\u0151\u00fcgy\u00e9szs\u00e9g<\/em><\/p>\n","protected":false},"excerpt":{"rendered":"<p>Megsz\u00fcntett\u00e9k az elj\u00e1r\u00e1st azzal a f\u00e9rfivel szemben, aki az esztergomi bev\u00e1s\u00e1rl\u00f3parkn\u00e1l \u00f6sszekarcolt egy g\u00e9pj\u00e1rm\u0171vet. A f\u00e9rfi k\u00f6zvet\u00edt\u0151i elj\u00e1r\u00e1sban negyedmilli\u00f3 forint fizet\u00e9s\u00e9vel tette j\u00f3v\u00e1 a b\u0171ncselekm\u00e9nnyel okozott s\u00e9relmet. A hat\u00e1rozatban \u00edrt t\u00e9ny\u00e1ll\u00e1s szerint a f\u00e9rfi 2022. szeptember 24-\u00e9n az esztergomi bev\u00e1s\u00e1rl\u00f3park melletti parkol\u00f3ban v\u00e1s\u00e1rl\u00e1st k\u00f6vet\u0151en besz\u00e1llni k\u00e9sz\u00fclt az \u00e1ltala haszn\u00e1lt szem\u00e9lyg\u00e9pkocsiba. Ezt megel\u0151z\u0151en azonban az \u00e1ltala<\/p>\n","protected":false},"author":1,"featured_media":53091,"comment_status":"closed","ping_status":"closed","sticky":false,"template":"","format":"standard","meta":{"ngg_post_thumbnail":0,"footnotes":""},"categories":[38,3,39],"tags":[1042,42,61,326],"class_list":{"0":"post-53090","1":"post","2":"type-post","3":"status-publish","4":"format-standard","5":"has-post-thumbnail","7":"category-esztergom","8":"category-hirek","9":"category-kek-hirek","10":"tag-birosag","11":"tag-esztergom","12":"tag-rendorsegi-hirek","13":"tag-ugyeszseg"},"yoast_head":"<!-- This site is optimized with the Yoast SEO plugin v27.5 - https:\/\/yoast.com\/product\/yoast-seo-wordpress\/ -->\n<title>Esztergomi bev\u00e1s\u00e1rl\u00f3parkn\u00e1l karcolt \u00f6ssze egy aut\u00f3t<\/title>\n<meta name=\"robots\" content=\"index, follow, max-snippet:-1, max-image-preview:large, max-video-preview:-1\" \/>\n<link rel=\"canonical\" href=\"https:\/\/dorogimedence.hu\/index.php\/2023\/05\/17\/esztergomi-bevasarloparknal-karcolt-ossze-egy-autot\/\" class=\"yoast-seo-meta-tag\" \/>\n<meta property=\"og:locale\" content=\"hu_HU\" class=\"yoast-seo-meta-tag\" \/>\n<meta property=\"og:type\" content=\"article\" class=\"yoast-seo-meta-tag\" \/>\n<meta property=\"og:title\" content=\"Esztergomi bev\u00e1s\u00e1rl\u00f3parkn\u00e1l karcolt \u00f6ssze egy aut\u00f3t\" class=\"yoast-seo-meta-tag\" \/>\n<meta property=\"og:description\" content=\"Megsz\u00fcntett\u00e9k az elj\u00e1r\u00e1st azzal a f\u00e9rfivel szemben, aki az esztergomi bev\u00e1s\u00e1rl\u00f3parkn\u00e1l \u00f6sszekarcolt egy g\u00e9pj\u00e1rm\u0171vet. A f\u00e9rfi k\u00f6zvet\u00edt\u0151i elj\u00e1r\u00e1sban negyedmilli\u00f3 forint fizet\u00e9s\u00e9vel tette j\u00f3v\u00e1 a b\u0171ncselekm\u00e9nnyel okozott s\u00e9relmet. A hat\u00e1rozatban \u00edrt t\u00e9ny\u00e1ll\u00e1s szerint a f\u00e9rfi 2022. szeptember 24-\u00e9n az esztergomi bev\u00e1s\u00e1rl\u00f3park melletti parkol\u00f3ban v\u00e1s\u00e1rl\u00e1st k\u00f6vet\u0151en besz\u00e1llni k\u00e9sz\u00fclt az \u00e1ltala haszn\u00e1lt szem\u00e9lyg\u00e9pkocsiba. Ezt megel\u0151z\u0151en azonban az \u00e1ltala\" class=\"yoast-seo-meta-tag\" \/>\n<meta property=\"og:url\" content=\"https:\/\/dorogimedence.hu\/index.php\/2023\/05\/17\/esztergomi-bevasarloparknal-karcolt-ossze-egy-autot\/\" class=\"yoast-seo-meta-tag\" \/>\n<meta property=\"og:site_name\" content=\"Dorogi-medence Region\u00e1lis H\u00edrport\u00e1l\" class=\"yoast-seo-meta-tag\" \/>\n<meta property=\"article:publisher\" content=\"https:\/\/www.facebook.com\/dorogimedence\/\" class=\"yoast-seo-meta-tag\" \/>\n<meta property=\"article:published_time\" content=\"2023-05-17T09:35:23+00:00\" class=\"yoast-seo-meta-tag\" \/>\n<meta property=\"article:modified_time\" content=\"2023-05-17T09:36:14+00:00\" class=\"yoast-seo-meta-tag\" \/>\n<meta property=\"og:image\" content=\"https:\/\/dorogimedence.hu\/wp-content\/uploads\/2023\/05\/auto-karcolas-01.jpg\" class=\"yoast-seo-meta-tag\" \/>\n\t<meta property=\"og:image:width\" content=\"1920\" class=\"yoast-seo-meta-tag\" \/>\n\t<meta property=\"og:image:height\" content=\"970\" class=\"yoast-seo-meta-tag\" \/>\n\t<meta property=\"og:image:type\" content=\"image\/jpeg\" class=\"yoast-seo-meta-tag\" \/>\n<meta name=\"author\" content=\"dorogimedence.hu\" class=\"yoast-seo-meta-tag\" \/>\n<meta name=\"twitter:card\" content=\"summary_large_image\" class=\"yoast-seo-meta-tag\" \/>\n<meta name=\"twitter:label1\" content=\"Szerz\u0151:\" class=\"yoast-seo-meta-tag\" \/>\n\t<meta name=\"twitter:data1\" content=\"dorogimedence.hu\" class=\"yoast-seo-meta-tag\" \/>\n\t<meta name=\"twitter:label2\" content=\"Becs\u00fclt olvas\u00e1si id\u0151\" class=\"yoast-seo-meta-tag\" \/>\n\t<meta name=\"twitter:data2\" content=\"1 perc\" class=\"yoast-seo-meta-tag\" \/>\n<script type=\"application\/ld+json\" class=\"yoast-schema-graph\">{\"@context\":\"https:\\\/\\\/schema.org\",\"@graph\":[{\"@type\":\"Article\",\"@id\":\"https:\\\/\\\/dorogimedence.hu\\\/index.php\\\/2023\\\/05\\\/17\\\/esztergomi-bevasarloparknal-karcolt-ossze-egy-autot\\\/#article\",\"isPartOf\":{\"@id\":\"https:\\\/\\\/dorogimedence.hu\\\/index.php\\\/2023\\\/05\\\/17\\\/esztergomi-bevasarloparknal-karcolt-ossze-egy-autot\\\/\"},\"author\":{\"name\":\"dorogimedence.hu\",\"@id\":\"https:\\\/\\\/dorogimedence.hu\\\/#\\\/schema\\\/person\\\/ce6091eeb7e95ecdc87890d6aa8e0fd4\"},\"headline\":\"Esztergomi bev\u00e1s\u00e1rl\u00f3parkn\u00e1l karcolt \u00f6ssze egy aut\u00f3t\",\"datePublished\":\"2023-05-17T09:35:23+00:00\",\"dateModified\":\"2023-05-17T09:36:14+00:00\",\"mainEntityOfPage\":{\"@id\":\"https:\\\/\\\/dorogimedence.hu\\\/index.php\\\/2023\\\/05\\\/17\\\/esztergomi-bevasarloparknal-karcolt-ossze-egy-autot\\\/\"},\"wordCount\":310,\"publisher\":{\"@id\":\"https:\\\/\\\/dorogimedence.hu\\\/#organization\"},\"image\":{\"@id\":\"https:\\\/\\\/dorogimedence.hu\\\/index.php\\\/2023\\\/05\\\/17\\\/esztergomi-bevasarloparknal-karcolt-ossze-egy-autot\\\/#primaryimage\"},\"thumbnailUrl\":\"https:\\\/\\\/dorogimedence.hu\\\/wp-content\\\/uploads\\\/2023\\\/05\\\/auto-karcolas-01.jpg\",\"keywords\":[\"b\u00edr\u00f3s\u00e1g\",\"esztergom\",\"rend\u0151rs\u00e9gi h\u00edrek\",\"\u00fcgy\u00e9szs\u00e9g\"],\"articleSection\":[\"Esztergom\",\"H\u00edrek\",\"K\u00e9k h\u00edrek\"],\"inLanguage\":\"hu\"},{\"@type\":\"WebPage\",\"@id\":\"https:\\\/\\\/dorogimedence.hu\\\/index.php\\\/2023\\\/05\\\/17\\\/esztergomi-bevasarloparknal-karcolt-ossze-egy-autot\\\/\",\"url\":\"https:\\\/\\\/dorogimedence.hu\\\/index.php\\\/2023\\\/05\\\/17\\\/esztergomi-bevasarloparknal-karcolt-ossze-egy-autot\\\/\",\"name\":\"Esztergomi bev\u00e1s\u00e1rl\u00f3parkn\u00e1l karcolt \u00f6ssze egy aut\u00f3t\",\"isPartOf\":{\"@id\":\"https:\\\/\\\/dorogimedence.hu\\\/#website\"},\"primaryImageOfPage\":{\"@id\":\"https:\\\/\\\/dorogimedence.hu\\\/index.php\\\/2023\\\/05\\\/17\\\/esztergomi-bevasarloparknal-karcolt-ossze-egy-autot\\\/#primaryimage\"},\"image\":{\"@id\":\"https:\\\/\\\/dorogimedence.hu\\\/index.php\\\/2023\\\/05\\\/17\\\/esztergomi-bevasarloparknal-karcolt-ossze-egy-autot\\\/#primaryimage\"},\"thumbnailUrl\":\"https:\\\/\\\/dorogimedence.hu\\\/wp-content\\\/uploads\\\/2023\\\/05\\\/auto-karcolas-01.jpg\",\"datePublished\":\"2023-05-17T09:35:23+00:00\",\"dateModified\":\"2023-05-17T09:36:14+00:00\",\"breadcrumb\":{\"@id\":\"https:\\\/\\\/dorogimedence.hu\\\/index.php\\\/2023\\\/05\\\/17\\\/esztergomi-bevasarloparknal-karcolt-ossze-egy-autot\\\/#breadcrumb\"},\"inLanguage\":\"hu\",\"potentialAction\":[{\"@type\":\"ReadAction\",\"target\":[\"https:\\\/\\\/dorogimedence.hu\\\/index.php\\\/2023\\\/05\\\/17\\\/esztergomi-bevasarloparknal-karcolt-ossze-egy-autot\\\/\"]}]},{\"@type\":\"ImageObject\",\"inLanguage\":\"hu\",\"@id\":\"https:\\\/\\\/dorogimedence.hu\\\/index.php\\\/2023\\\/05\\\/17\\\/esztergomi-bevasarloparknal-karcolt-ossze-egy-autot\\\/#primaryimage\",\"url\":\"https:\\\/\\\/dorogimedence.hu\\\/wp-content\\\/uploads\\\/2023\\\/05\\\/auto-karcolas-01.jpg\",\"contentUrl\":\"https:\\\/\\\/dorogimedence.hu\\\/wp-content\\\/uploads\\\/2023\\\/05\\\/auto-karcolas-01.jpg\",\"width\":1920,\"height\":970},{\"@type\":\"BreadcrumbList\",\"@id\":\"https:\\\/\\\/dorogimedence.hu\\\/index.php\\\/2023\\\/05\\\/17\\\/esztergomi-bevasarloparknal-karcolt-ossze-egy-autot\\\/#breadcrumb\",\"itemListElement\":[{\"@type\":\"ListItem\",\"position\":1,\"name\":\"Kezd\u0151lap\",\"item\":\"https:\\\/\\\/dorogimedence.hu\\\/\"},{\"@type\":\"ListItem\",\"position\":2,\"name\":\"Esztergomi bev\u00e1s\u00e1rl\u00f3parkn\u00e1l karcolt \u00f6ssze egy aut\u00f3t\"}]},{\"@type\":\"WebSite\",\"@id\":\"https:\\\/\\\/dorogimedence.hu\\\/#website\",\"url\":\"https:\\\/\\\/dorogimedence.hu\\\/\",\"name\":\"Dorogi-medence Region\u00e1lis H\u00edrport\u00e1l\",\"description\":\"Dorog, Keszt\u00f6lc, Le\u00e1nyv\u00e1r, Piliscs\u00e9v, Tokod, Tokodalt\u00e1r\u00f3, Csolnok, Esztergom-kertv\u00e1ros: h\u00edrek, programok\",\"publisher\":{\"@id\":\"https:\\\/\\\/dorogimedence.hu\\\/#organization\"},\"potentialAction\":[{\"@type\":\"SearchAction\",\"target\":{\"@type\":\"EntryPoint\",\"urlTemplate\":\"https:\\\/\\\/dorogimedence.hu\\\/?s={search_term_string}\"},\"query-input\":{\"@type\":\"PropertyValueSpecification\",\"valueRequired\":true,\"valueName\":\"search_term_string\"}}],\"inLanguage\":\"hu\"},{\"@type\":\"Organization\",\"@id\":\"https:\\\/\\\/dorogimedence.hu\\\/#organization\",\"name\":\"Dorogi-medence Region\u00e1lis H\u00edrport\u00e1l\",\"url\":\"https:\\\/\\\/dorogimedence.hu\\\/\",\"logo\":{\"@type\":\"ImageObject\",\"inLanguage\":\"hu\",\"@id\":\"https:\\\/\\\/dorogimedence.hu\\\/#\\\/schema\\\/logo\\\/image\\\/\",\"url\":\"https:\\\/\\\/dorogimedence.hu\\\/wp-content\\\/uploads\\\/2021\\\/04\\\/logo-feher-600.png\",\"contentUrl\":\"https:\\\/\\\/dorogimedence.hu\\\/wp-content\\\/uploads\\\/2021\\\/04\\\/logo-feher-600.png\",\"width\":600,\"height\":100,\"caption\":\"Dorogi-medence Region\u00e1lis H\u00edrport\u00e1l\"},\"image\":{\"@id\":\"https:\\\/\\\/dorogimedence.hu\\\/#\\\/schema\\\/logo\\\/image\\\/\"},\"sameAs\":[\"https:\\\/\\\/www.facebook.com\\\/dorogimedence\\\/\"]},{\"@type\":\"Person\",\"@id\":\"https:\\\/\\\/dorogimedence.hu\\\/#\\\/schema\\\/person\\\/ce6091eeb7e95ecdc87890d6aa8e0fd4\",\"name\":\"dorogimedence.hu\",\"image\":{\"@type\":\"ImageObject\",\"inLanguage\":\"hu\",\"@id\":\"\\\/\\\/www.gravatar.com\\\/avatar\\\/d8d45f8901aadff40a4af72c0b826f1d?s=96&#038;r=g&#038;d=mm\",\"url\":\"\\\/\\\/www.gravatar.com\\\/avatar\\\/d8d45f8901aadff40a4af72c0b826f1d?s=96&#038;r=g&#038;d=mm\",\"contentUrl\":\"\\\/\\\/www.gravatar.com\\\/avatar\\\/d8d45f8901aadff40a4af72c0b826f1d?s=96&#038;r=g&#038;d=mm\",\"caption\":\"dorogimedence.hu\"}}]}<\/script>\n<!-- \/ Yoast SEO plugin. -->","yoast_head_json":{"title":"Esztergomi bev\u00e1s\u00e1rl\u00f3parkn\u00e1l karcolt \u00f6ssze egy aut\u00f3t","robots":{"index":"index","follow":"follow","max-snippet":"max-snippet:-1","max-image-preview":"max-image-preview:large","max-video-preview":"max-video-preview:-1"},"canonical":"https:\/\/dorogimedence.hu\/index.php\/2023\/05\/17\/esztergomi-bevasarloparknal-karcolt-ossze-egy-autot\/","og_locale":"hu_HU","og_type":"article","og_title":"Esztergomi bev\u00e1s\u00e1rl\u00f3parkn\u00e1l karcolt \u00f6ssze egy aut\u00f3t","og_description":"Megsz\u00fcntett\u00e9k az elj\u00e1r\u00e1st azzal a f\u00e9rfivel szemben, aki az esztergomi bev\u00e1s\u00e1rl\u00f3parkn\u00e1l \u00f6sszekarcolt egy g\u00e9pj\u00e1rm\u0171vet. A f\u00e9rfi k\u00f6zvet\u00edt\u0151i elj\u00e1r\u00e1sban negyedmilli\u00f3 forint fizet\u00e9s\u00e9vel tette j\u00f3v\u00e1 a b\u0171ncselekm\u00e9nnyel okozott s\u00e9relmet. A hat\u00e1rozatban \u00edrt t\u00e9ny\u00e1ll\u00e1s szerint a f\u00e9rfi 2022. szeptember 24-\u00e9n az esztergomi bev\u00e1s\u00e1rl\u00f3park melletti parkol\u00f3ban v\u00e1s\u00e1rl\u00e1st k\u00f6vet\u0151en besz\u00e1llni k\u00e9sz\u00fclt az \u00e1ltala haszn\u00e1lt szem\u00e9lyg\u00e9pkocsiba. Ezt megel\u0151z\u0151en azonban az \u00e1ltala","og_url":"https:\/\/dorogimedence.hu\/index.php\/2023\/05\/17\/esztergomi-bevasarloparknal-karcolt-ossze-egy-autot\/","og_site_name":"Dorogi-medence Region\u00e1lis H\u00edrport\u00e1l","article_publisher":"https:\/\/www.facebook.com\/dorogimedence\/","article_published_time":"2023-05-17T09:35:23+00:00","article_modified_time":"2023-05-17T09:36:14+00:00","og_image":[{"width":1920,"height":970,"url":"https:\/\/dorogimedence.hu\/wp-content\/uploads\/2023\/05\/auto-karcolas-01.jpg","type":"image\/jpeg"}],"author":"dorogimedence.hu","twitter_card":"summary_large_image","twitter_misc":{"Szerz\u0151:":"dorogimedence.hu","Becs\u00fclt olvas\u00e1si id\u0151":"1 perc"},"schema":{"@context":"https:\/\/schema.org","@graph":[{"@type":"Article","@id":"https:\/\/dorogimedence.hu\/index.php\/2023\/05\/17\/esztergomi-bevasarloparknal-karcolt-ossze-egy-autot\/#article","isPartOf":{"@id":"https:\/\/dorogimedence.hu\/index.php\/2023\/05\/17\/esztergomi-bevasarloparknal-karcolt-ossze-egy-autot\/"},"author":{"name":"dorogimedence.hu","@id":"https:\/\/dorogimedence.hu\/#\/schema\/person\/ce6091eeb7e95ecdc87890d6aa8e0fd4"},"headline":"Esztergomi bev\u00e1s\u00e1rl\u00f3parkn\u00e1l karcolt \u00f6ssze egy aut\u00f3t","datePublished":"2023-05-17T09:35:23+00:00","dateModified":"2023-05-17T09:36:14+00:00","mainEntityOfPage":{"@id":"https:\/\/dorogimedence.hu\/index.php\/2023\/05\/17\/esztergomi-bevasarloparknal-karcolt-ossze-egy-autot\/"},"wordCount":310,"publisher":{"@id":"https:\/\/dorogimedence.hu\/#organization"},"image":{"@id":"https:\/\/dorogimedence.hu\/index.php\/2023\/05\/17\/esztergomi-bevasarloparknal-karcolt-ossze-egy-autot\/#primaryimage"},"thumbnailUrl":"https:\/\/dorogimedence.hu\/wp-content\/uploads\/2023\/05\/auto-karcolas-01.jpg","keywords":["b\u00edr\u00f3s\u00e1g","esztergom","rend\u0151rs\u00e9gi h\u00edrek","\u00fcgy\u00e9szs\u00e9g"],"articleSection":["Esztergom","H\u00edrek","K\u00e9k h\u00edrek"],"inLanguage":"hu"},{"@type":"WebPage","@id":"https:\/\/dorogimedence.hu\/index.php\/2023\/05\/17\/esztergomi-bevasarloparknal-karcolt-ossze-egy-autot\/","url":"https:\/\/dorogimedence.hu\/index.php\/2023\/05\/17\/esztergomi-bevasarloparknal-karcolt-ossze-egy-autot\/","name":"Esztergomi bev\u00e1s\u00e1rl\u00f3parkn\u00e1l karcolt \u00f6ssze egy aut\u00f3t","isPartOf":{"@id":"https:\/\/dorogimedence.hu\/#website"},"primaryImageOfPage":{"@id":"https:\/\/dorogimedence.hu\/index.php\/2023\/05\/17\/esztergomi-bevasarloparknal-karcolt-ossze-egy-autot\/#primaryimage"},"image":{"@id":"https:\/\/dorogimedence.hu\/index.php\/2023\/05\/17\/esztergomi-bevasarloparknal-karcolt-ossze-egy-autot\/#primaryimage"},"thumbnailUrl":"https:\/\/dorogimedence.hu\/wp-content\/uploads\/2023\/05\/auto-karcolas-01.jpg","datePublished":"2023-05-17T09:35:23+00:00","dateModified":"2023-05-17T09:36:14+00:00","breadcrumb":{"@id":"https:\/\/dorogimedence.hu\/index.php\/2023\/05\/17\/esztergomi-bevasarloparknal-karcolt-ossze-egy-autot\/#breadcrumb"},"inLanguage":"hu","potentialAction":[{"@type":"ReadAction","target":["https:\/\/dorogimedence.hu\/index.php\/2023\/05\/17\/esztergomi-bevasarloparknal-karcolt-ossze-egy-autot\/"]}]},{"@type":"ImageObject","inLanguage":"hu","@id":"https:\/\/dorogimedence.hu\/index.php\/2023\/05\/17\/esztergomi-bevasarloparknal-karcolt-ossze-egy-autot\/#primaryimage","url":"https:\/\/dorogimedence.hu\/wp-content\/uploads\/2023\/05\/auto-karcolas-01.jpg","contentUrl":"https:\/\/dorogimedence.hu\/wp-content\/uploads\/2023\/05\/auto-karcolas-01.jpg","width":1920,"height":970},{"@type":"BreadcrumbList","@id":"https:\/\/dorogimedence.hu\/index.php\/2023\/05\/17\/esztergomi-bevasarloparknal-karcolt-ossze-egy-autot\/#breadcrumb","itemListElement":[{"@type":"ListItem","position":1,"name":"Kezd\u0151lap","item":"https:\/\/dorogimedence.hu\/"},{"@type":"ListItem","position":2,"name":"Esztergomi bev\u00e1s\u00e1rl\u00f3parkn\u00e1l karcolt \u00f6ssze egy aut\u00f3t"}]},{"@type":"WebSite","@id":"https:\/\/dorogimedence.hu\/#website","url":"https:\/\/dorogimedence.hu\/","name":"Dorogi-medence Region\u00e1lis H\u00edrport\u00e1l","description":"Dorog, Keszt\u00f6lc, Le\u00e1nyv\u00e1r, Piliscs\u00e9v, Tokod, Tokodalt\u00e1r\u00f3, Csolnok, Esztergom-kertv\u00e1ros: h\u00edrek, programok","publisher":{"@id":"https:\/\/dorogimedence.hu\/#organization"},"potentialAction":[{"@type":"SearchAction","target":{"@type":"EntryPoint","urlTemplate":"https:\/\/dorogimedence.hu\/?s={search_term_string}"},"query-input":{"@type":"PropertyValueSpecification","valueRequired":true,"valueName":"search_term_string"}}],"inLanguage":"hu"},{"@type":"Organization","@id":"https:\/\/dorogimedence.hu\/#organization","name":"Dorogi-medence Region\u00e1lis H\u00edrport\u00e1l","url":"https:\/\/dorogimedence.hu\/","logo":{"@type":"ImageObject","inLanguage":"hu","@id":"https:\/\/dorogimedence.hu\/#\/schema\/logo\/image\/","url":"https:\/\/dorogimedence.hu\/wp-content\/uploads\/2021\/04\/logo-feher-600.png","contentUrl":"https:\/\/dorogimedence.hu\/wp-content\/uploads\/2021\/04\/logo-feher-600.png","width":600,"height":100,"caption":"Dorogi-medence Region\u00e1lis H\u00edrport\u00e1l"},"image":{"@id":"https:\/\/dorogimedence.hu\/#\/schema\/logo\/image\/"},"sameAs":["https:\/\/www.facebook.com\/dorogimedence\/"]},{"@type":"Person","@id":"https:\/\/dorogimedence.hu\/#\/schema\/person\/ce6091eeb7e95ecdc87890d6aa8e0fd4","name":"dorogimedence.hu","image":{"@type":"ImageObject","inLanguage":"hu","@id":"\/\/www.gravatar.com\/avatar\/d8d45f8901aadff40a4af72c0b826f1d?s=96&#038;r=g&#038;d=mm","url":"\/\/www.gravatar.com\/avatar\/d8d45f8901aadff40a4af72c0b826f1d?s=96&#038;r=g&#038;d=mm","contentUrl":"\/\/www.gravatar.com\/avatar\/d8d45f8901aadff40a4af72c0b826f1d?s=96&#038;r=g&#038;d=mm","caption":"dorogimedence.hu"}}]}},"_links":{"self":[{"href":"https:\/\/dorogimedence.hu\/index.php\/wp-json\/wp\/v2\/posts\/53090","targetHints":{"allow":["GET"]}}],"collection":[{"href":"https:\/\/dorogimedence.hu\/index.php\/wp-json\/wp\/v2\/posts"}],"about":[{"href":"https:\/\/dorogimedence.hu\/index.php\/wp-json\/wp\/v2\/types\/post"}],"author":[{"embeddable":true,"href":"https:\/\/dorogimedence.hu\/index.php\/wp-json\/wp\/v2\/users\/1"}],"replies":[{"embeddable":true,"href":"https:\/\/dorogimedence.hu\/index.php\/wp-json\/wp\/v2\/comments?post=53090"}],"version-history":[{"count":0,"href":"https:\/\/dorogimedence.hu\/index.php\/wp-json\/wp\/v2\/posts\/53090\/revisions"}],"wp:featuredmedia":[{"embeddable":true,"href":"https:\/\/dorogimedence.hu\/index.php\/wp-json\/wp\/v2\/media\/53091"}],"wp:attachment":[{"href":"https:\/\/dorogimedence.hu\/index.php\/wp-json\/wp\/v2\/media?parent=53090"}],"wp:term":[{"taxonomy":"category","embeddable":true,"href":"https:\/\/dorogimedence.hu\/index.php\/wp-json\/wp\/v2\/categories?post=53090"},{"taxonomy":"post_tag","embeddable":true,"href":"https:\/\/dorogimedence.hu\/index.php\/wp-json\/wp\/v2\/tags?post=53090"}],"curies":[{"name":"wp","href":"https:\/\/api.w.org\/{rel}","templated":true}]}}