{"id":53085,"date":"2023-05-17T09:06:51","date_gmt":"2023-05-17T07:06:51","guid":{"rendered":"https:\/\/dorogimedence.hu\/?p=53085"},"modified":"2023-05-17T09:06:51","modified_gmt":"2023-05-17T07:06:51","slug":"a-richter-kapta-az-ev-hr-projektje-az-iparban-dijat","status":"publish","type":"post","link":"https:\/\/dorogimedence.hu\/index.php\/2023\/05\/17\/a-richter-kapta-az-ev-hr-projektje-az-iparban-dijat\/","title":{"rendered":"A Richter kapta az \u00c9V HR PROJEKTJE AZ IPARBAN d\u00edjat"},"content":{"rendered":"<p><strong>Az \u00c9v Gy\u00e1ra Projektverseny m\u00e1jusi eredm\u00e9nyhirdet\u00e9s\u00e9n a Richter Gedeon Nyrt. k\u00e9t programj\u00e1t is d\u00edjazt\u00e1k: kateg\u00f3riagy\u0151ztes \u00e9s ezzel az \u00c9V HR PROJEKTJE AZ IPARBAN az Egyens\u00faly program \u00e9s a d\u00f6nt\u0151s\u00f6k k\u00f6z\u00f6tt szerepel a visszajelz\u00e9s kult\u00far\u00e1j\u00e1t \u00e9p\u00edt\u0151 elismer\u00e9skamp\u00e1nya <\/strong><em>&#8211; k\u00f6z\u00f6lte a v\u00e1llalat a hivatalos <a href=\"https:\/\/www.gedeonrichter.com\/hu-hu\/media\/230505\" target=\"_blank\" rel=\"noopener\"><span style=\"text-decoration: underline; color: #0000ff;\">honlapj\u00e1n<\/span><\/a>.<\/em><\/p>\n<p>Az \u00c9v Gy\u00e1ra Projektversenyre id\u00e9n el\u0151sz\u00f6r HR kateg\u00f3ri\u00e1ban is v\u00e1rt\u00e1k a nevez\u00e9seket, hiszen a hum\u00e1ner\u0151forr\u00e1s \u00e9s bels\u0151 kommunik\u00e1ci\u00f3s megold\u00e1sok fontos szerepet t\u00f6ltenek be az ipari, k\u00f6zt\u00fck gy\u00f3gyszeripari szerepl\u0151k stabilan produkt\u00edv m\u0171k\u00f6d\u00e9s\u00e9ben, a munkav\u00e1llal\u00f3i el\u00e9gedetts\u00e9gben \u00e9s \u00edgy a megtart\u00e1sban, toborz\u00e1sban is. A zs\u0171ri azon el\u0151remutat\u00f3 megold\u00e1sokat d\u00edjazta, amelyekn\u00e9l mind az \u00f6tlet, mind a megval\u00f3s\u00edt\u00e1s \u00e9s az el\u00e9rt eredm\u00e9ny p\u00e9lda\u00e9rt\u00e9k\u0171.<\/p>\n<p>A Richter mindk\u00e9t nevezett programja j\u00f3l demonstr\u00e1lja a v\u00e1llalat progressz\u00edv megk\u00f6zel\u00edt\u00e9s\u00e9t a hum\u00e1ner\u0151forr\u00e1s \u00e9s bels\u0151 kommunik\u00e1ci\u00f3 ter\u00e9n. A kateg\u00f3riagy\u0151ztes d\u00edj \u00e9s finalista c\u00edm annak elismer\u00e9se, hogy a v\u00e1llalat nemcsak a gy\u00f3gyszeriparban meghat\u00e1roz\u00f3, de a koll\u00e9g\u00e1k j\u00f3ll\u00e9t\u00e9t, fizikai-ment\u00e1lis eg\u00e9szs\u00e9g\u00e9t \u00e9s az emberk\u00f6zpont\u00fa v\u00e1llalati kult\u00far\u00e1t is el\u0151re sorolja.<\/p>\n<h4><b>\u00c9V HR PROJEKTJE AZ IPARBAN d\u00edjas a Richter Egyens\u00faly programja<\/b><\/h4>\n<div class=\"text truncate\">\n<p>A teljes munkav\u00e1llal\u00f3i k\u00f6z\u00f6ss\u00e9gnek sz\u00f3l\u00f3 Egyens\u00faly program c\u00e9lja, hogy koll\u00e9g\u00e1ikkal k\u00f6z\u00f6sen tegyenek a kiegyens\u00falyozott mindennapok\u00e9rt. &#8222;Hisz\u00fcnk benne, hogy a ment\u00e1lis j\u00f3ll\u00e9t \u00e9s a wellbeing a j\u00f6v\u0151 z\u00e1loga \u2013 a legjobb alap a tov\u00e1bbi sikerekhez, ha t\u00e1mogatjuk koll\u00e9g\u00e1inkat a fizikai \u00e9s ment\u00e1lis eg\u00e9szs\u00e9g\u00fck meg\u0151rz\u00e9s\u00e9ben, a munkahelyi k\u00f6z\u00f6ss\u00e9g\u00e9p\u00edt\u00e9sben \u00e9s az ide\u00e1lis munkak\u00f6rnyezet kialak\u00edt\u00e1s\u00e1ban.&#8221; &#8211; \u00edrt\u00e1k a komm\u00fcnik\u00e9ben.<\/p>\n<p>A 2021-ben indult, \u00e1tfog\u00f3 kezdem\u00e9nyez\u00e9s\u00fck m\u00e1r az els\u0151 \u00e9vben a v\u00e1rakoz\u00e1sokat messze t\u00falsz\u00e1rnyal\u00f3 eredm\u00e9nyeket hozott. A koll\u00e9g\u00e1kt\u00f3l kapott pozit\u00edv visszajelz\u00e9sek \u00e9s a HRKOMM AWARDS 2022 ez\u00fcst ut\u00e1n az \u00c9v Gy\u00e1ra kateg\u00f3riagy\u0151ztes c\u00edm \u00fajabb meger\u0151s\u00edt\u00e9s sz\u00e1mukra, hogy folytass\u00e1k!<\/p>\n<h4><b>A legjobb megold\u00e1sok k\u00f6z\u00f6tt az elismer\u00e9skamp\u00e1ny<\/b><\/h4>\n<p>Szint\u00e9n a HR kateg\u00f3ri\u00e1ban Finalista a Richter bels\u0151 kommunik\u00e1ci\u00f3s kamp\u00e1nya, amely az elismer\u00e9sk\u00e1rty\u00e1k \u00e9s digit\u00e1lis jelv\u00e9nyek bevezet\u00e9s\u00e9vel a visszajelz\u00e9si kult\u00far\u00e1t emelte \u00faj szintre. Az egym\u00e1snak adott pozit\u00edv meger\u0151s\u00edt\u00e9sek motiv\u00e1l\u00f3 hat\u00e1sa nemcsak a koll\u00e9g\u00e1k k\u00f6z\u00f6tti egy\u00fcttm\u0171k\u00f6d\u00e9st t\u00e1mogatja, de \u00f6szt\u00f6nzi a v\u00e1llalati \u00e9rt\u00e9kek gyakorlatba \u00fcltet\u00e9s\u00e9t is.<\/p>\n<p>\u201eVisszajelz\u00e9st adni \u00e9s k\u00f6sz\u00f6netet mondani koll\u00e9g\u00e1inknak m\u00e9g egy kiemelked\u0151 v\u00e1llalati kult\u00far\u00e1ban sem mindig term\u00e9szetes. Nagyon \u00f6r\u00fcl\u00f6k, hogy a Richtern\u00e9l megtett\u00fck az els\u0151 l\u00e9p\u00e9seket egy olyan kreat\u00edv visszajelz\u00e9si rendszer \u00e9s kult\u00fara ki\u00e9p\u00edt\u00e9s\u00e9ben, amit minden munkat\u00e1rsunk sz\u00edvesen \u00e9s akt\u00edvan haszn\u00e1l.\u201d \u2013 emelte ki a d\u00edj kapcs\u00e1n Erdei Katalin, a Richter HR igazgat\u00f3ja.<\/p>\n<p><em>Bor\u00edt\u00f3k\u00e9p, forr\u00e1s: richter.hu<\/em><\/p>\n<\/div>\n","protected":false},"excerpt":{"rendered":"<p>Az \u00c9v Gy\u00e1ra Projektverseny m\u00e1jusi eredm\u00e9nyhirdet\u00e9s\u00e9n a Richter Gedeon Nyrt. k\u00e9t programj\u00e1t is d\u00edjazt\u00e1k: kateg\u00f3riagy\u0151ztes \u00e9s ezzel az \u00c9V HR PROJEKTJE AZ IPARBAN az Egyens\u00faly program \u00e9s a d\u00f6nt\u0151s\u00f6k k\u00f6z\u00f6tt szerepel a visszajelz\u00e9s kult\u00far\u00e1j\u00e1t \u00e9p\u00edt\u0151 elismer\u00e9skamp\u00e1nya &#8211; k\u00f6z\u00f6lte a v\u00e1llalat a hivatalos honlapj\u00e1n. Az \u00c9v Gy\u00e1ra Projektversenyre id\u00e9n el\u0151sz\u00f6r HR kateg\u00f3ri\u00e1ban is v\u00e1rt\u00e1k a nevez\u00e9seket,<\/p>\n","protected":false},"author":1,"featured_media":53086,"comment_status":"closed","ping_status":"closed","sticky":false,"template":"","format":"standard","meta":{"ngg_post_thumbnail":0,"footnotes":""},"categories":[6934,3],"tags":[585,419,7219,4060,4771],"class_list":{"0":"post-53085","1":"post","2":"type-post","3":"status-publish","4":"format-standard","5":"has-post-thumbnail","7":"category-belfold","8":"category-hirek","9":"tag-dij","10":"tag-elismeres","11":"tag-ev-gyara","12":"tag-richter","13":"tag-richter-gedeon-nyrt"},"yoast_head":"<!-- This site is optimized with the Yoast SEO plugin v27.5 - https:\/\/yoast.com\/product\/yoast-seo-wordpress\/ -->\n<title>A Richter kapta az \u00c9V HR PROJEKTJE AZ IPARBAN d\u00edjat<\/title>\n<meta name=\"robots\" content=\"index, follow, max-snippet:-1, max-image-preview:large, max-video-preview:-1\" \/>\n<link rel=\"canonical\" href=\"https:\/\/dorogimedence.hu\/index.php\/2023\/05\/17\/a-richter-kapta-az-ev-hr-projektje-az-iparban-dijat\/\" class=\"yoast-seo-meta-tag\" \/>\n<meta property=\"og:locale\" content=\"hu_HU\" class=\"yoast-seo-meta-tag\" \/>\n<meta property=\"og:type\" content=\"article\" class=\"yoast-seo-meta-tag\" \/>\n<meta property=\"og:title\" content=\"A Richter kapta az \u00c9V HR PROJEKTJE AZ IPARBAN d\u00edjat\" class=\"yoast-seo-meta-tag\" \/>\n<meta property=\"og:description\" content=\"Az \u00c9v Gy\u00e1ra Projektverseny m\u00e1jusi eredm\u00e9nyhirdet\u00e9s\u00e9n a Richter Gedeon Nyrt. k\u00e9t programj\u00e1t is d\u00edjazt\u00e1k: kateg\u00f3riagy\u0151ztes \u00e9s ezzel az \u00c9V HR PROJEKTJE AZ IPARBAN az Egyens\u00faly program \u00e9s a d\u00f6nt\u0151s\u00f6k k\u00f6z\u00f6tt szerepel a visszajelz\u00e9s kult\u00far\u00e1j\u00e1t \u00e9p\u00edt\u0151 elismer\u00e9skamp\u00e1nya &#8211; k\u00f6z\u00f6lte a v\u00e1llalat a hivatalos honlapj\u00e1n. Az \u00c9v Gy\u00e1ra Projektversenyre id\u00e9n el\u0151sz\u00f6r HR kateg\u00f3ri\u00e1ban is v\u00e1rt\u00e1k a nevez\u00e9seket,\" class=\"yoast-seo-meta-tag\" \/>\n<meta property=\"og:url\" content=\"https:\/\/dorogimedence.hu\/index.php\/2023\/05\/17\/a-richter-kapta-az-ev-hr-projektje-az-iparban-dijat\/\" class=\"yoast-seo-meta-tag\" \/>\n<meta property=\"og:site_name\" content=\"Dorogi-medence Region\u00e1lis H\u00edrport\u00e1l\" class=\"yoast-seo-meta-tag\" \/>\n<meta property=\"article:publisher\" content=\"https:\/\/www.facebook.com\/dorogimedence\/\" class=\"yoast-seo-meta-tag\" \/>\n<meta property=\"article:published_time\" content=\"2023-05-17T07:06:51+00:00\" class=\"yoast-seo-meta-tag\" \/>\n<meta property=\"og:image\" content=\"https:\/\/dorogimedence.hu\/wp-content\/uploads\/2023\/05\/richter-ev-gyara.jpg\" class=\"yoast-seo-meta-tag\" \/>\n\t<meta property=\"og:image:width\" content=\"1920\" class=\"yoast-seo-meta-tag\" \/>\n\t<meta property=\"og:image:height\" content=\"970\" class=\"yoast-seo-meta-tag\" \/>\n\t<meta property=\"og:image:type\" content=\"image\/jpeg\" class=\"yoast-seo-meta-tag\" \/>\n<meta name=\"author\" content=\"dorogimedence.hu\" class=\"yoast-seo-meta-tag\" \/>\n<meta name=\"twitter:card\" content=\"summary_large_image\" class=\"yoast-seo-meta-tag\" \/>\n<meta name=\"twitter:label1\" content=\"Szerz\u0151:\" class=\"yoast-seo-meta-tag\" \/>\n\t<meta name=\"twitter:data1\" content=\"dorogimedence.hu\" class=\"yoast-seo-meta-tag\" \/>\n\t<meta name=\"twitter:label2\" content=\"Becs\u00fclt olvas\u00e1si id\u0151\" class=\"yoast-seo-meta-tag\" \/>\n\t<meta name=\"twitter:data2\" content=\"3 perc\" class=\"yoast-seo-meta-tag\" \/>\n<script type=\"application\/ld+json\" class=\"yoast-schema-graph\">{\"@context\":\"https:\\\/\\\/schema.org\",\"@graph\":[{\"@type\":\"Article\",\"@id\":\"https:\\\/\\\/dorogimedence.hu\\\/index.php\\\/2023\\\/05\\\/17\\\/a-richter-kapta-az-ev-hr-projektje-az-iparban-dijat\\\/#article\",\"isPartOf\":{\"@id\":\"https:\\\/\\\/dorogimedence.hu\\\/index.php\\\/2023\\\/05\\\/17\\\/a-richter-kapta-az-ev-hr-projektje-az-iparban-dijat\\\/\"},\"author\":{\"name\":\"dorogimedence.hu\",\"@id\":\"https:\\\/\\\/dorogimedence.hu\\\/#\\\/schema\\\/person\\\/ce6091eeb7e95ecdc87890d6aa8e0fd4\"},\"headline\":\"A Richter kapta az \u00c9V HR PROJEKTJE AZ IPARBAN d\u00edjat\",\"datePublished\":\"2023-05-17T07:06:51+00:00\",\"mainEntityOfPage\":{\"@id\":\"https:\\\/\\\/dorogimedence.hu\\\/index.php\\\/2023\\\/05\\\/17\\\/a-richter-kapta-az-ev-hr-projektje-az-iparban-dijat\\\/\"},\"wordCount\":617,\"publisher\":{\"@id\":\"https:\\\/\\\/dorogimedence.hu\\\/#organization\"},\"image\":{\"@id\":\"https:\\\/\\\/dorogimedence.hu\\\/index.php\\\/2023\\\/05\\\/17\\\/a-richter-kapta-az-ev-hr-projektje-az-iparban-dijat\\\/#primaryimage\"},\"thumbnailUrl\":\"https:\\\/\\\/dorogimedence.hu\\\/wp-content\\\/uploads\\\/2023\\\/05\\\/richter-ev-gyara.jpg\",\"keywords\":[\"d\u00edj\",\"elismer\u00e9s\",\"\u00c9v Gy\u00e1ra\",\"richter\",\"Richter Gedeon Nyrt.\"],\"articleSection\":[\"Belf\u00f6ld, Gazdas\u00e1g\",\"H\u00edrek\"],\"inLanguage\":\"hu\"},{\"@type\":\"WebPage\",\"@id\":\"https:\\\/\\\/dorogimedence.hu\\\/index.php\\\/2023\\\/05\\\/17\\\/a-richter-kapta-az-ev-hr-projektje-az-iparban-dijat\\\/\",\"url\":\"https:\\\/\\\/dorogimedence.hu\\\/index.php\\\/2023\\\/05\\\/17\\\/a-richter-kapta-az-ev-hr-projektje-az-iparban-dijat\\\/\",\"name\":\"A Richter kapta az \u00c9V HR PROJEKTJE AZ IPARBAN d\u00edjat\",\"isPartOf\":{\"@id\":\"https:\\\/\\\/dorogimedence.hu\\\/#website\"},\"primaryImageOfPage\":{\"@id\":\"https:\\\/\\\/dorogimedence.hu\\\/index.php\\\/2023\\\/05\\\/17\\\/a-richter-kapta-az-ev-hr-projektje-az-iparban-dijat\\\/#primaryimage\"},\"image\":{\"@id\":\"https:\\\/\\\/dorogimedence.hu\\\/index.php\\\/2023\\\/05\\\/17\\\/a-richter-kapta-az-ev-hr-projektje-az-iparban-dijat\\\/#primaryimage\"},\"thumbnailUrl\":\"https:\\\/\\\/dorogimedence.hu\\\/wp-content\\\/uploads\\\/2023\\\/05\\\/richter-ev-gyara.jpg\",\"datePublished\":\"2023-05-17T07:06:51+00:00\",\"breadcrumb\":{\"@id\":\"https:\\\/\\\/dorogimedence.hu\\\/index.php\\\/2023\\\/05\\\/17\\\/a-richter-kapta-az-ev-hr-projektje-az-iparban-dijat\\\/#breadcrumb\"},\"inLanguage\":\"hu\",\"potentialAction\":[{\"@type\":\"ReadAction\",\"target\":[\"https:\\\/\\\/dorogimedence.hu\\\/index.php\\\/2023\\\/05\\\/17\\\/a-richter-kapta-az-ev-hr-projektje-az-iparban-dijat\\\/\"]}]},{\"@type\":\"ImageObject\",\"inLanguage\":\"hu\",\"@id\":\"https:\\\/\\\/dorogimedence.hu\\\/index.php\\\/2023\\\/05\\\/17\\\/a-richter-kapta-az-ev-hr-projektje-az-iparban-dijat\\\/#primaryimage\",\"url\":\"https:\\\/\\\/dorogimedence.hu\\\/wp-content\\\/uploads\\\/2023\\\/05\\\/richter-ev-gyara.jpg\",\"contentUrl\":\"https:\\\/\\\/dorogimedence.hu\\\/wp-content\\\/uploads\\\/2023\\\/05\\\/richter-ev-gyara.jpg\",\"width\":1920,\"height\":970},{\"@type\":\"BreadcrumbList\",\"@id\":\"https:\\\/\\\/dorogimedence.hu\\\/index.php\\\/2023\\\/05\\\/17\\\/a-richter-kapta-az-ev-hr-projektje-az-iparban-dijat\\\/#breadcrumb\",\"itemListElement\":[{\"@type\":\"ListItem\",\"position\":1,\"name\":\"Kezd\u0151lap\",\"item\":\"https:\\\/\\\/dorogimedence.hu\\\/\"},{\"@type\":\"ListItem\",\"position\":2,\"name\":\"A Richter kapta az \u00c9V HR PROJEKTJE AZ IPARBAN d\u00edjat\"}]},{\"@type\":\"WebSite\",\"@id\":\"https:\\\/\\\/dorogimedence.hu\\\/#website\",\"url\":\"https:\\\/\\\/dorogimedence.hu\\\/\",\"name\":\"Dorogi-medence Region\u00e1lis H\u00edrport\u00e1l\",\"description\":\"Dorog, Keszt\u00f6lc, Le\u00e1nyv\u00e1r, Piliscs\u00e9v, Tokod, Tokodalt\u00e1r\u00f3, Csolnok, Esztergom-kertv\u00e1ros: h\u00edrek, programok\",\"publisher\":{\"@id\":\"https:\\\/\\\/dorogimedence.hu\\\/#organization\"},\"potentialAction\":[{\"@type\":\"SearchAction\",\"target\":{\"@type\":\"EntryPoint\",\"urlTemplate\":\"https:\\\/\\\/dorogimedence.hu\\\/?s={search_term_string}\"},\"query-input\":{\"@type\":\"PropertyValueSpecification\",\"valueRequired\":true,\"valueName\":\"search_term_string\"}}],\"inLanguage\":\"hu\"},{\"@type\":\"Organization\",\"@id\":\"https:\\\/\\\/dorogimedence.hu\\\/#organization\",\"name\":\"Dorogi-medence Region\u00e1lis H\u00edrport\u00e1l\",\"url\":\"https:\\\/\\\/dorogimedence.hu\\\/\",\"logo\":{\"@type\":\"ImageObject\",\"inLanguage\":\"hu\",\"@id\":\"https:\\\/\\\/dorogimedence.hu\\\/#\\\/schema\\\/logo\\\/image\\\/\",\"url\":\"https:\\\/\\\/dorogimedence.hu\\\/wp-content\\\/uploads\\\/2021\\\/04\\\/logo-feher-600.png\",\"contentUrl\":\"https:\\\/\\\/dorogimedence.hu\\\/wp-content\\\/uploads\\\/2021\\\/04\\\/logo-feher-600.png\",\"width\":600,\"height\":100,\"caption\":\"Dorogi-medence Region\u00e1lis H\u00edrport\u00e1l\"},\"image\":{\"@id\":\"https:\\\/\\\/dorogimedence.hu\\\/#\\\/schema\\\/logo\\\/image\\\/\"},\"sameAs\":[\"https:\\\/\\\/www.facebook.com\\\/dorogimedence\\\/\"]},{\"@type\":\"Person\",\"@id\":\"https:\\\/\\\/dorogimedence.hu\\\/#\\\/schema\\\/person\\\/ce6091eeb7e95ecdc87890d6aa8e0fd4\",\"name\":\"dorogimedence.hu\",\"image\":{\"@type\":\"ImageObject\",\"inLanguage\":\"hu\",\"@id\":\"\\\/\\\/www.gravatar.com\\\/avatar\\\/d8d45f8901aadff40a4af72c0b826f1d?s=96&#038;r=g&#038;d=mm\",\"url\":\"\\\/\\\/www.gravatar.com\\\/avatar\\\/d8d45f8901aadff40a4af72c0b826f1d?s=96&#038;r=g&#038;d=mm\",\"contentUrl\":\"\\\/\\\/www.gravatar.com\\\/avatar\\\/d8d45f8901aadff40a4af72c0b826f1d?s=96&#038;r=g&#038;d=mm\",\"caption\":\"dorogimedence.hu\"}}]}<\/script>\n<!-- \/ Yoast SEO plugin. -->","yoast_head_json":{"title":"A Richter kapta az \u00c9V HR PROJEKTJE AZ IPARBAN d\u00edjat","robots":{"index":"index","follow":"follow","max-snippet":"max-snippet:-1","max-image-preview":"max-image-preview:large","max-video-preview":"max-video-preview:-1"},"canonical":"https:\/\/dorogimedence.hu\/index.php\/2023\/05\/17\/a-richter-kapta-az-ev-hr-projektje-az-iparban-dijat\/","og_locale":"hu_HU","og_type":"article","og_title":"A Richter kapta az \u00c9V HR PROJEKTJE AZ IPARBAN d\u00edjat","og_description":"Az \u00c9v Gy\u00e1ra Projektverseny m\u00e1jusi eredm\u00e9nyhirdet\u00e9s\u00e9n a Richter Gedeon Nyrt. k\u00e9t programj\u00e1t is d\u00edjazt\u00e1k: kateg\u00f3riagy\u0151ztes \u00e9s ezzel az \u00c9V HR PROJEKTJE AZ IPARBAN az Egyens\u00faly program \u00e9s a d\u00f6nt\u0151s\u00f6k k\u00f6z\u00f6tt szerepel a visszajelz\u00e9s kult\u00far\u00e1j\u00e1t \u00e9p\u00edt\u0151 elismer\u00e9skamp\u00e1nya &#8211; k\u00f6z\u00f6lte a v\u00e1llalat a hivatalos honlapj\u00e1n. Az \u00c9v Gy\u00e1ra Projektversenyre id\u00e9n el\u0151sz\u00f6r HR kateg\u00f3ri\u00e1ban is v\u00e1rt\u00e1k a nevez\u00e9seket,","og_url":"https:\/\/dorogimedence.hu\/index.php\/2023\/05\/17\/a-richter-kapta-az-ev-hr-projektje-az-iparban-dijat\/","og_site_name":"Dorogi-medence Region\u00e1lis H\u00edrport\u00e1l","article_publisher":"https:\/\/www.facebook.com\/dorogimedence\/","article_published_time":"2023-05-17T07:06:51+00:00","og_image":[{"width":1920,"height":970,"url":"https:\/\/dorogimedence.hu\/wp-content\/uploads\/2023\/05\/richter-ev-gyara.jpg","type":"image\/jpeg"}],"author":"dorogimedence.hu","twitter_card":"summary_large_image","twitter_misc":{"Szerz\u0151:":"dorogimedence.hu","Becs\u00fclt olvas\u00e1si id\u0151":"3 perc"},"schema":{"@context":"https:\/\/schema.org","@graph":[{"@type":"Article","@id":"https:\/\/dorogimedence.hu\/index.php\/2023\/05\/17\/a-richter-kapta-az-ev-hr-projektje-az-iparban-dijat\/#article","isPartOf":{"@id":"https:\/\/dorogimedence.hu\/index.php\/2023\/05\/17\/a-richter-kapta-az-ev-hr-projektje-az-iparban-dijat\/"},"author":{"name":"dorogimedence.hu","@id":"https:\/\/dorogimedence.hu\/#\/schema\/person\/ce6091eeb7e95ecdc87890d6aa8e0fd4"},"headline":"A Richter kapta az \u00c9V HR PROJEKTJE AZ IPARBAN d\u00edjat","datePublished":"2023-05-17T07:06:51+00:00","mainEntityOfPage":{"@id":"https:\/\/dorogimedence.hu\/index.php\/2023\/05\/17\/a-richter-kapta-az-ev-hr-projektje-az-iparban-dijat\/"},"wordCount":617,"publisher":{"@id":"https:\/\/dorogimedence.hu\/#organization"},"image":{"@id":"https:\/\/dorogimedence.hu\/index.php\/2023\/05\/17\/a-richter-kapta-az-ev-hr-projektje-az-iparban-dijat\/#primaryimage"},"thumbnailUrl":"https:\/\/dorogimedence.hu\/wp-content\/uploads\/2023\/05\/richter-ev-gyara.jpg","keywords":["d\u00edj","elismer\u00e9s","\u00c9v Gy\u00e1ra","richter","Richter Gedeon Nyrt."],"articleSection":["Belf\u00f6ld, Gazdas\u00e1g","H\u00edrek"],"inLanguage":"hu"},{"@type":"WebPage","@id":"https:\/\/dorogimedence.hu\/index.php\/2023\/05\/17\/a-richter-kapta-az-ev-hr-projektje-az-iparban-dijat\/","url":"https:\/\/dorogimedence.hu\/index.php\/2023\/05\/17\/a-richter-kapta-az-ev-hr-projektje-az-iparban-dijat\/","name":"A Richter kapta az \u00c9V HR PROJEKTJE AZ IPARBAN d\u00edjat","isPartOf":{"@id":"https:\/\/dorogimedence.hu\/#website"},"primaryImageOfPage":{"@id":"https:\/\/dorogimedence.hu\/index.php\/2023\/05\/17\/a-richter-kapta-az-ev-hr-projektje-az-iparban-dijat\/#primaryimage"},"image":{"@id":"https:\/\/dorogimedence.hu\/index.php\/2023\/05\/17\/a-richter-kapta-az-ev-hr-projektje-az-iparban-dijat\/#primaryimage"},"thumbnailUrl":"https:\/\/dorogimedence.hu\/wp-content\/uploads\/2023\/05\/richter-ev-gyara.jpg","datePublished":"2023-05-17T07:06:51+00:00","breadcrumb":{"@id":"https:\/\/dorogimedence.hu\/index.php\/2023\/05\/17\/a-richter-kapta-az-ev-hr-projektje-az-iparban-dijat\/#breadcrumb"},"inLanguage":"hu","potentialAction":[{"@type":"ReadAction","target":["https:\/\/dorogimedence.hu\/index.php\/2023\/05\/17\/a-richter-kapta-az-ev-hr-projektje-az-iparban-dijat\/"]}]},{"@type":"ImageObject","inLanguage":"hu","@id":"https:\/\/dorogimedence.hu\/index.php\/2023\/05\/17\/a-richter-kapta-az-ev-hr-projektje-az-iparban-dijat\/#primaryimage","url":"https:\/\/dorogimedence.hu\/wp-content\/uploads\/2023\/05\/richter-ev-gyara.jpg","contentUrl":"https:\/\/dorogimedence.hu\/wp-content\/uploads\/2023\/05\/richter-ev-gyara.jpg","width":1920,"height":970},{"@type":"BreadcrumbList","@id":"https:\/\/dorogimedence.hu\/index.php\/2023\/05\/17\/a-richter-kapta-az-ev-hr-projektje-az-iparban-dijat\/#breadcrumb","itemListElement":[{"@type":"ListItem","position":1,"name":"Kezd\u0151lap","item":"https:\/\/dorogimedence.hu\/"},{"@type":"ListItem","position":2,"name":"A Richter kapta az \u00c9V HR PROJEKTJE AZ IPARBAN d\u00edjat"}]},{"@type":"WebSite","@id":"https:\/\/dorogimedence.hu\/#website","url":"https:\/\/dorogimedence.hu\/","name":"Dorogi-medence Region\u00e1lis H\u00edrport\u00e1l","description":"Dorog, Keszt\u00f6lc, Le\u00e1nyv\u00e1r, Piliscs\u00e9v, Tokod, Tokodalt\u00e1r\u00f3, Csolnok, Esztergom-kertv\u00e1ros: h\u00edrek, programok","publisher":{"@id":"https:\/\/dorogimedence.hu\/#organization"},"potentialAction":[{"@type":"SearchAction","target":{"@type":"EntryPoint","urlTemplate":"https:\/\/dorogimedence.hu\/?s={search_term_string}"},"query-input":{"@type":"PropertyValueSpecification","valueRequired":true,"valueName":"search_term_string"}}],"inLanguage":"hu"},{"@type":"Organization","@id":"https:\/\/dorogimedence.hu\/#organization","name":"Dorogi-medence Region\u00e1lis H\u00edrport\u00e1l","url":"https:\/\/dorogimedence.hu\/","logo":{"@type":"ImageObject","inLanguage":"hu","@id":"https:\/\/dorogimedence.hu\/#\/schema\/logo\/image\/","url":"https:\/\/dorogimedence.hu\/wp-content\/uploads\/2021\/04\/logo-feher-600.png","contentUrl":"https:\/\/dorogimedence.hu\/wp-content\/uploads\/2021\/04\/logo-feher-600.png","width":600,"height":100,"caption":"Dorogi-medence Region\u00e1lis H\u00edrport\u00e1l"},"image":{"@id":"https:\/\/dorogimedence.hu\/#\/schema\/logo\/image\/"},"sameAs":["https:\/\/www.facebook.com\/dorogimedence\/"]},{"@type":"Person","@id":"https:\/\/dorogimedence.hu\/#\/schema\/person\/ce6091eeb7e95ecdc87890d6aa8e0fd4","name":"dorogimedence.hu","image":{"@type":"ImageObject","inLanguage":"hu","@id":"\/\/www.gravatar.com\/avatar\/d8d45f8901aadff40a4af72c0b826f1d?s=96&#038;r=g&#038;d=mm","url":"\/\/www.gravatar.com\/avatar\/d8d45f8901aadff40a4af72c0b826f1d?s=96&#038;r=g&#038;d=mm","contentUrl":"\/\/www.gravatar.com\/avatar\/d8d45f8901aadff40a4af72c0b826f1d?s=96&#038;r=g&#038;d=mm","caption":"dorogimedence.hu"}}]}},"_links":{"self":[{"href":"https:\/\/dorogimedence.hu\/index.php\/wp-json\/wp\/v2\/posts\/53085","targetHints":{"allow":["GET"]}}],"collection":[{"href":"https:\/\/dorogimedence.hu\/index.php\/wp-json\/wp\/v2\/posts"}],"about":[{"href":"https:\/\/dorogimedence.hu\/index.php\/wp-json\/wp\/v2\/types\/post"}],"author":[{"embeddable":true,"href":"https:\/\/dorogimedence.hu\/index.php\/wp-json\/wp\/v2\/users\/1"}],"replies":[{"embeddable":true,"href":"https:\/\/dorogimedence.hu\/index.php\/wp-json\/wp\/v2\/comments?post=53085"}],"version-history":[{"count":0,"href":"https:\/\/dorogimedence.hu\/index.php\/wp-json\/wp\/v2\/posts\/53085\/revisions"}],"wp:featuredmedia":[{"embeddable":true,"href":"https:\/\/dorogimedence.hu\/index.php\/wp-json\/wp\/v2\/media\/53086"}],"wp:attachment":[{"href":"https:\/\/dorogimedence.hu\/index.php\/wp-json\/wp\/v2\/media?parent=53085"}],"wp:term":[{"taxonomy":"category","embeddable":true,"href":"https:\/\/dorogimedence.hu\/index.php\/wp-json\/wp\/v2\/categories?post=53085"},{"taxonomy":"post_tag","embeddable":true,"href":"https:\/\/dorogimedence.hu\/index.php\/wp-json\/wp\/v2\/tags?post=53085"}],"curies":[{"name":"wp","href":"https:\/\/api.w.org\/{rel}","templated":true}]}}