{"id":53070,"date":"2023-05-16T16:16:44","date_gmt":"2023-05-16T14:16:44","guid":{"rendered":"https:\/\/dorogimedence.hu\/?p=53070"},"modified":"2023-05-16T16:16:44","modified_gmt":"2023-05-16T14:16:44","slug":"a-penztarcat-visszaadta-a-tobbit-megtartotta","status":"publish","type":"post","link":"https:\/\/dorogimedence.hu\/index.php\/2023\/05\/16\/a-penztarcat-visszaadta-a-tobbit-megtartotta\/","title":{"rendered":"A p\u00e9nzt\u00e1rc\u00e1t visszaadta, a t\u00f6bbit megtartotta"},"content":{"rendered":"<div class=\"lead-text\">\n<p><strong>Egy buszon felejtett \u00f6vt\u00e1sk\u00e1t tulajdon\u00edtott el egy n\u0151 Dorogon. K\u00e9s\u0151bb \u00f6sszetal\u00e1lkozott az utc\u00e1n a s\u00e9rtettel, \u00e9s a lopott holmik egy r\u00e9sz\u00e9t visszaadta neki.<\/strong><\/p>\n<div class=\"body-text\">\n<p>A Piliscs\u00e9v \u00e9s Esztergom k\u00f6z\u00f6tt k\u00f6zleked\u0151 aut\u00f3buszon felejtette egy f\u00e9rfi az \u00f6vt\u00e1sk\u00e1j\u00e1t 2023. m\u00e1jus 14-\u00e9n d\u00e9lel\u0151tt. A 22 \u00e9ves B. Dzs. ugyanezen a buszon utazott, \u00e9s az \u00fcl\u00e9sek k\u00f6z\u00f6tt s\u00e9t\u00e1lva felfigyelt a t\u00e1sk\u00e1ra \u00e9s mag\u00e1hoz is vette azt. L\u00e1tta, hogy mobiltelefon, headset \u00e9s p\u00e9nzt\u00e1rca is van benne, \u00edgy amikor lesz\u00e1llt, mag\u00e1val vitte a t\u00e1sk\u00e1t.<\/p>\n<p>M\u00e1snap Dorogon, az utc\u00e1n felismerte a s\u00e9rtettet. Odal\u00e9pett hozz\u00e1, \u00e9s visszaadta neki a p\u00e9nzt\u00e1rc\u00e1t, amelyr\u0151l azt \u00e1ll\u00edtotta, tal\u00e1lta, \u00e9s \u00e9ppen az okm\u00e1nyirod\u00e1ba igyekezett, hogy leadja azt. Arr\u00f3l azonban nem sz\u00f3lt, hogy az \u00f6vt\u00e1ska, a f\u00fclhallgat\u00f3 \u00e9s a telefon m\u00e9g mindig n\u00e1la van. Abban b\u00edzott, hogy a k\u00e9sz\u00fcl\u00e9ket el tudja adni, de nem j\u00e1rt sikerrel. A s\u00e9rtett ezut\u00e1n feljelent\u00e9st tett a rend\u0151rs\u00e9gen. A dorogi nyomoz\u00f3k n\u00e9h\u00e1ny \u00f3r\u00e1n bel\u00fcl azonos\u00edtott\u00e1k az elk\u00f6vet\u0151t, akinek a lak\u00e1s\u00e1n tartott kutat\u00e1s sor\u00e1n megtal\u00e1lt\u00e1k az \u00f6vt\u00e1sk\u00e1t, a telefont \u00e9s a f\u00fclhallgat\u00f3t is, melyeket visszaadtak a s\u00e9rtett r\u00e9sz\u00e9re. A tettes ellen lop\u00e1s b\u0171ntett elk\u00f6vet\u00e9s\u00e9nek gyan\u00faja miatt ind\u00edtottak elj\u00e1r\u00e1st.<\/p>\n<p><em>Bor\u00edt\u00f3k\u00e9p, forr\u00e1s: police.hu<\/em><\/p>\n<\/div>\n<\/div>\n","protected":false},"excerpt":{"rendered":"<p>Egy buszon felejtett \u00f6vt\u00e1sk\u00e1t tulajdon\u00edtott el egy n\u0151 Dorogon. K\u00e9s\u0151bb \u00f6sszetal\u00e1lkozott az utc\u00e1n a s\u00e9rtettel, \u00e9s a lopott holmik egy r\u00e9sz\u00e9t visszaadta neki. A Piliscs\u00e9v \u00e9s Esztergom k\u00f6z\u00f6tt k\u00f6zleked\u0151 aut\u00f3buszon felejtette egy f\u00e9rfi az \u00f6vt\u00e1sk\u00e1j\u00e1t 2023. m\u00e1jus 14-\u00e9n d\u00e9lel\u0151tt. A 22 \u00e9ves B. Dzs. ugyanezen a buszon utazott, \u00e9s az \u00fcl\u00e9sek k\u00f6z\u00f6tt s\u00e9t\u00e1lva felfigyelt a<\/p>\n","protected":false},"author":1,"featured_media":53071,"comment_status":"closed","ping_status":"closed","sticky":false,"template":"","format":"standard","meta":{"ngg_post_thumbnail":0,"footnotes":""},"categories":[2,3,39],"tags":[63,15,447,61],"class_list":{"0":"post-53070","1":"post","2":"type-post","3":"status-publish","4":"format-standard","5":"has-post-thumbnail","7":"category-dorog","8":"category-hirek","9":"category-kek-hirek","10":"tag-buncselekmeny","11":"tag-dorog","12":"tag-lopas","13":"tag-rendorsegi-hirek"},"yoast_head":"<!-- This site is optimized with the Yoast SEO plugin v27.4 - https:\/\/yoast.com\/product\/yoast-seo-wordpress\/ -->\n<title>A p\u00e9nzt\u00e1rc\u00e1t visszaadta, a t\u00f6bbit megtartotta<\/title>\n<meta name=\"robots\" content=\"index, follow, max-snippet:-1, max-image-preview:large, max-video-preview:-1\" \/>\n<link rel=\"canonical\" href=\"https:\/\/dorogimedence.hu\/index.php\/2023\/05\/16\/a-penztarcat-visszaadta-a-tobbit-megtartotta\/\" class=\"yoast-seo-meta-tag\" \/>\n<meta property=\"og:locale\" content=\"hu_HU\" class=\"yoast-seo-meta-tag\" \/>\n<meta property=\"og:type\" content=\"article\" class=\"yoast-seo-meta-tag\" \/>\n<meta property=\"og:title\" content=\"A p\u00e9nzt\u00e1rc\u00e1t visszaadta, a t\u00f6bbit megtartotta\" class=\"yoast-seo-meta-tag\" \/>\n<meta property=\"og:description\" content=\"Egy buszon felejtett \u00f6vt\u00e1sk\u00e1t tulajdon\u00edtott el egy n\u0151 Dorogon. K\u00e9s\u0151bb \u00f6sszetal\u00e1lkozott az utc\u00e1n a s\u00e9rtettel, \u00e9s a lopott holmik egy r\u00e9sz\u00e9t visszaadta neki. A Piliscs\u00e9v \u00e9s Esztergom k\u00f6z\u00f6tt k\u00f6zleked\u0151 aut\u00f3buszon felejtette egy f\u00e9rfi az \u00f6vt\u00e1sk\u00e1j\u00e1t 2023. m\u00e1jus 14-\u00e9n d\u00e9lel\u0151tt. A 22 \u00e9ves B. Dzs. ugyanezen a buszon utazott, \u00e9s az \u00fcl\u00e9sek k\u00f6z\u00f6tt s\u00e9t\u00e1lva felfigyelt a\" class=\"yoast-seo-meta-tag\" \/>\n<meta property=\"og:url\" content=\"https:\/\/dorogimedence.hu\/index.php\/2023\/05\/16\/a-penztarcat-visszaadta-a-tobbit-megtartotta\/\" class=\"yoast-seo-meta-tag\" \/>\n<meta property=\"og:site_name\" content=\"Dorogi-medence Region\u00e1lis H\u00edrport\u00e1l\" class=\"yoast-seo-meta-tag\" \/>\n<meta property=\"article:publisher\" content=\"https:\/\/www.facebook.com\/dorogimedence\/\" class=\"yoast-seo-meta-tag\" \/>\n<meta property=\"article:published_time\" content=\"2023-05-16T14:16:44+00:00\" class=\"yoast-seo-meta-tag\" \/>\n<meta property=\"og:image\" content=\"https:\/\/dorogimedence.hu\/wp-content\/uploads\/2023\/05\/elhagyott-ovtaska.jpg\" class=\"yoast-seo-meta-tag\" \/>\n\t<meta property=\"og:image:width\" content=\"800\" class=\"yoast-seo-meta-tag\" \/>\n\t<meta property=\"og:image:height\" content=\"448\" class=\"yoast-seo-meta-tag\" \/>\n\t<meta property=\"og:image:type\" content=\"image\/jpeg\" class=\"yoast-seo-meta-tag\" \/>\n<meta name=\"author\" content=\"dorogimedence.hu\" class=\"yoast-seo-meta-tag\" \/>\n<meta name=\"twitter:card\" content=\"summary_large_image\" class=\"yoast-seo-meta-tag\" \/>\n<meta name=\"twitter:label1\" content=\"Szerz\u0151:\" class=\"yoast-seo-meta-tag\" \/>\n\t<meta name=\"twitter:data1\" content=\"dorogimedence.hu\" class=\"yoast-seo-meta-tag\" \/>\n\t<meta name=\"twitter:label2\" content=\"Becs\u00fclt olvas\u00e1si id\u0151\" class=\"yoast-seo-meta-tag\" \/>\n\t<meta name=\"twitter:data2\" content=\"1 perc\" class=\"yoast-seo-meta-tag\" \/>\n<script type=\"application\/ld+json\" class=\"yoast-schema-graph\">{\"@context\":\"https:\\\/\\\/schema.org\",\"@graph\":[{\"@type\":\"Article\",\"@id\":\"https:\\\/\\\/dorogimedence.hu\\\/index.php\\\/2023\\\/05\\\/16\\\/a-penztarcat-visszaadta-a-tobbit-megtartotta\\\/#article\",\"isPartOf\":{\"@id\":\"https:\\\/\\\/dorogimedence.hu\\\/index.php\\\/2023\\\/05\\\/16\\\/a-penztarcat-visszaadta-a-tobbit-megtartotta\\\/\"},\"author\":{\"name\":\"dorogimedence.hu\",\"@id\":\"https:\\\/\\\/dorogimedence.hu\\\/#\\\/schema\\\/person\\\/ce6091eeb7e95ecdc87890d6aa8e0fd4\"},\"headline\":\"A p\u00e9nzt\u00e1rc\u00e1t visszaadta, a t\u00f6bbit megtartotta\",\"datePublished\":\"2023-05-16T14:16:44+00:00\",\"mainEntityOfPage\":{\"@id\":\"https:\\\/\\\/dorogimedence.hu\\\/index.php\\\/2023\\\/05\\\/16\\\/a-penztarcat-visszaadta-a-tobbit-megtartotta\\\/\"},\"wordCount\":290,\"publisher\":{\"@id\":\"https:\\\/\\\/dorogimedence.hu\\\/#organization\"},\"image\":{\"@id\":\"https:\\\/\\\/dorogimedence.hu\\\/index.php\\\/2023\\\/05\\\/16\\\/a-penztarcat-visszaadta-a-tobbit-megtartotta\\\/#primaryimage\"},\"thumbnailUrl\":\"https:\\\/\\\/dorogimedence.hu\\\/wp-content\\\/uploads\\\/2023\\\/05\\\/elhagyott-ovtaska.jpg\",\"keywords\":[\"b\u0171ncselekm\u00e9ny\",\"Dorog\",\"lop\u00e1s\",\"rend\u0151rs\u00e9gi h\u00edrek\"],\"articleSection\":[\"Dorog\",\"H\u00edrek\",\"K\u00e9k h\u00edrek\"],\"inLanguage\":\"hu\"},{\"@type\":\"WebPage\",\"@id\":\"https:\\\/\\\/dorogimedence.hu\\\/index.php\\\/2023\\\/05\\\/16\\\/a-penztarcat-visszaadta-a-tobbit-megtartotta\\\/\",\"url\":\"https:\\\/\\\/dorogimedence.hu\\\/index.php\\\/2023\\\/05\\\/16\\\/a-penztarcat-visszaadta-a-tobbit-megtartotta\\\/\",\"name\":\"A p\u00e9nzt\u00e1rc\u00e1t visszaadta, a t\u00f6bbit megtartotta\",\"isPartOf\":{\"@id\":\"https:\\\/\\\/dorogimedence.hu\\\/#website\"},\"primaryImageOfPage\":{\"@id\":\"https:\\\/\\\/dorogimedence.hu\\\/index.php\\\/2023\\\/05\\\/16\\\/a-penztarcat-visszaadta-a-tobbit-megtartotta\\\/#primaryimage\"},\"image\":{\"@id\":\"https:\\\/\\\/dorogimedence.hu\\\/index.php\\\/2023\\\/05\\\/16\\\/a-penztarcat-visszaadta-a-tobbit-megtartotta\\\/#primaryimage\"},\"thumbnailUrl\":\"https:\\\/\\\/dorogimedence.hu\\\/wp-content\\\/uploads\\\/2023\\\/05\\\/elhagyott-ovtaska.jpg\",\"datePublished\":\"2023-05-16T14:16:44+00:00\",\"breadcrumb\":{\"@id\":\"https:\\\/\\\/dorogimedence.hu\\\/index.php\\\/2023\\\/05\\\/16\\\/a-penztarcat-visszaadta-a-tobbit-megtartotta\\\/#breadcrumb\"},\"inLanguage\":\"hu\",\"potentialAction\":[{\"@type\":\"ReadAction\",\"target\":[\"https:\\\/\\\/dorogimedence.hu\\\/index.php\\\/2023\\\/05\\\/16\\\/a-penztarcat-visszaadta-a-tobbit-megtartotta\\\/\"]}]},{\"@type\":\"ImageObject\",\"inLanguage\":\"hu\",\"@id\":\"https:\\\/\\\/dorogimedence.hu\\\/index.php\\\/2023\\\/05\\\/16\\\/a-penztarcat-visszaadta-a-tobbit-megtartotta\\\/#primaryimage\",\"url\":\"https:\\\/\\\/dorogimedence.hu\\\/wp-content\\\/uploads\\\/2023\\\/05\\\/elhagyott-ovtaska.jpg\",\"contentUrl\":\"https:\\\/\\\/dorogimedence.hu\\\/wp-content\\\/uploads\\\/2023\\\/05\\\/elhagyott-ovtaska.jpg\",\"width\":800,\"height\":448},{\"@type\":\"BreadcrumbList\",\"@id\":\"https:\\\/\\\/dorogimedence.hu\\\/index.php\\\/2023\\\/05\\\/16\\\/a-penztarcat-visszaadta-a-tobbit-megtartotta\\\/#breadcrumb\",\"itemListElement\":[{\"@type\":\"ListItem\",\"position\":1,\"name\":\"Kezd\u0151lap\",\"item\":\"https:\\\/\\\/dorogimedence.hu\\\/\"},{\"@type\":\"ListItem\",\"position\":2,\"name\":\"A p\u00e9nzt\u00e1rc\u00e1t visszaadta, a t\u00f6bbit megtartotta\"}]},{\"@type\":\"WebSite\",\"@id\":\"https:\\\/\\\/dorogimedence.hu\\\/#website\",\"url\":\"https:\\\/\\\/dorogimedence.hu\\\/\",\"name\":\"Dorogi-medence Region\u00e1lis H\u00edrport\u00e1l\",\"description\":\"Dorog, Keszt\u00f6lc, Le\u00e1nyv\u00e1r, Piliscs\u00e9v, Tokod, Tokodalt\u00e1r\u00f3, Csolnok, Esztergom-kertv\u00e1ros: h\u00edrek, programok\",\"publisher\":{\"@id\":\"https:\\\/\\\/dorogimedence.hu\\\/#organization\"},\"potentialAction\":[{\"@type\":\"SearchAction\",\"target\":{\"@type\":\"EntryPoint\",\"urlTemplate\":\"https:\\\/\\\/dorogimedence.hu\\\/?s={search_term_string}\"},\"query-input\":{\"@type\":\"PropertyValueSpecification\",\"valueRequired\":true,\"valueName\":\"search_term_string\"}}],\"inLanguage\":\"hu\"},{\"@type\":\"Organization\",\"@id\":\"https:\\\/\\\/dorogimedence.hu\\\/#organization\",\"name\":\"Dorogi-medence Region\u00e1lis H\u00edrport\u00e1l\",\"url\":\"https:\\\/\\\/dorogimedence.hu\\\/\",\"logo\":{\"@type\":\"ImageObject\",\"inLanguage\":\"hu\",\"@id\":\"https:\\\/\\\/dorogimedence.hu\\\/#\\\/schema\\\/logo\\\/image\\\/\",\"url\":\"https:\\\/\\\/dorogimedence.hu\\\/wp-content\\\/uploads\\\/2021\\\/04\\\/logo-feher-600.png\",\"contentUrl\":\"https:\\\/\\\/dorogimedence.hu\\\/wp-content\\\/uploads\\\/2021\\\/04\\\/logo-feher-600.png\",\"width\":600,\"height\":100,\"caption\":\"Dorogi-medence Region\u00e1lis H\u00edrport\u00e1l\"},\"image\":{\"@id\":\"https:\\\/\\\/dorogimedence.hu\\\/#\\\/schema\\\/logo\\\/image\\\/\"},\"sameAs\":[\"https:\\\/\\\/www.facebook.com\\\/dorogimedence\\\/\"]},{\"@type\":\"Person\",\"@id\":\"https:\\\/\\\/dorogimedence.hu\\\/#\\\/schema\\\/person\\\/ce6091eeb7e95ecdc87890d6aa8e0fd4\",\"name\":\"dorogimedence.hu\",\"image\":{\"@type\":\"ImageObject\",\"inLanguage\":\"hu\",\"@id\":\"\\\/\\\/www.gravatar.com\\\/avatar\\\/d8d45f8901aadff40a4af72c0b826f1d?s=96&#038;r=g&#038;d=mm\",\"url\":\"\\\/\\\/www.gravatar.com\\\/avatar\\\/d8d45f8901aadff40a4af72c0b826f1d?s=96&#038;r=g&#038;d=mm\",\"contentUrl\":\"\\\/\\\/www.gravatar.com\\\/avatar\\\/d8d45f8901aadff40a4af72c0b826f1d?s=96&#038;r=g&#038;d=mm\",\"caption\":\"dorogimedence.hu\"}}]}<\/script>\n<!-- \/ Yoast SEO plugin. -->","yoast_head_json":{"title":"A p\u00e9nzt\u00e1rc\u00e1t visszaadta, a t\u00f6bbit megtartotta","robots":{"index":"index","follow":"follow","max-snippet":"max-snippet:-1","max-image-preview":"max-image-preview:large","max-video-preview":"max-video-preview:-1"},"canonical":"https:\/\/dorogimedence.hu\/index.php\/2023\/05\/16\/a-penztarcat-visszaadta-a-tobbit-megtartotta\/","og_locale":"hu_HU","og_type":"article","og_title":"A p\u00e9nzt\u00e1rc\u00e1t visszaadta, a t\u00f6bbit megtartotta","og_description":"Egy buszon felejtett \u00f6vt\u00e1sk\u00e1t tulajdon\u00edtott el egy n\u0151 Dorogon. K\u00e9s\u0151bb \u00f6sszetal\u00e1lkozott az utc\u00e1n a s\u00e9rtettel, \u00e9s a lopott holmik egy r\u00e9sz\u00e9t visszaadta neki. A Piliscs\u00e9v \u00e9s Esztergom k\u00f6z\u00f6tt k\u00f6zleked\u0151 aut\u00f3buszon felejtette egy f\u00e9rfi az \u00f6vt\u00e1sk\u00e1j\u00e1t 2023. m\u00e1jus 14-\u00e9n d\u00e9lel\u0151tt. A 22 \u00e9ves B. Dzs. ugyanezen a buszon utazott, \u00e9s az \u00fcl\u00e9sek k\u00f6z\u00f6tt s\u00e9t\u00e1lva felfigyelt a","og_url":"https:\/\/dorogimedence.hu\/index.php\/2023\/05\/16\/a-penztarcat-visszaadta-a-tobbit-megtartotta\/","og_site_name":"Dorogi-medence Region\u00e1lis H\u00edrport\u00e1l","article_publisher":"https:\/\/www.facebook.com\/dorogimedence\/","article_published_time":"2023-05-16T14:16:44+00:00","og_image":[{"width":800,"height":448,"url":"https:\/\/dorogimedence.hu\/wp-content\/uploads\/2023\/05\/elhagyott-ovtaska.jpg","type":"image\/jpeg"}],"author":"dorogimedence.hu","twitter_card":"summary_large_image","twitter_misc":{"Szerz\u0151:":"dorogimedence.hu","Becs\u00fclt olvas\u00e1si id\u0151":"1 perc"},"schema":{"@context":"https:\/\/schema.org","@graph":[{"@type":"Article","@id":"https:\/\/dorogimedence.hu\/index.php\/2023\/05\/16\/a-penztarcat-visszaadta-a-tobbit-megtartotta\/#article","isPartOf":{"@id":"https:\/\/dorogimedence.hu\/index.php\/2023\/05\/16\/a-penztarcat-visszaadta-a-tobbit-megtartotta\/"},"author":{"name":"dorogimedence.hu","@id":"https:\/\/dorogimedence.hu\/#\/schema\/person\/ce6091eeb7e95ecdc87890d6aa8e0fd4"},"headline":"A p\u00e9nzt\u00e1rc\u00e1t visszaadta, a t\u00f6bbit megtartotta","datePublished":"2023-05-16T14:16:44+00:00","mainEntityOfPage":{"@id":"https:\/\/dorogimedence.hu\/index.php\/2023\/05\/16\/a-penztarcat-visszaadta-a-tobbit-megtartotta\/"},"wordCount":290,"publisher":{"@id":"https:\/\/dorogimedence.hu\/#organization"},"image":{"@id":"https:\/\/dorogimedence.hu\/index.php\/2023\/05\/16\/a-penztarcat-visszaadta-a-tobbit-megtartotta\/#primaryimage"},"thumbnailUrl":"https:\/\/dorogimedence.hu\/wp-content\/uploads\/2023\/05\/elhagyott-ovtaska.jpg","keywords":["b\u0171ncselekm\u00e9ny","Dorog","lop\u00e1s","rend\u0151rs\u00e9gi h\u00edrek"],"articleSection":["Dorog","H\u00edrek","K\u00e9k h\u00edrek"],"inLanguage":"hu"},{"@type":"WebPage","@id":"https:\/\/dorogimedence.hu\/index.php\/2023\/05\/16\/a-penztarcat-visszaadta-a-tobbit-megtartotta\/","url":"https:\/\/dorogimedence.hu\/index.php\/2023\/05\/16\/a-penztarcat-visszaadta-a-tobbit-megtartotta\/","name":"A p\u00e9nzt\u00e1rc\u00e1t visszaadta, a t\u00f6bbit megtartotta","isPartOf":{"@id":"https:\/\/dorogimedence.hu\/#website"},"primaryImageOfPage":{"@id":"https:\/\/dorogimedence.hu\/index.php\/2023\/05\/16\/a-penztarcat-visszaadta-a-tobbit-megtartotta\/#primaryimage"},"image":{"@id":"https:\/\/dorogimedence.hu\/index.php\/2023\/05\/16\/a-penztarcat-visszaadta-a-tobbit-megtartotta\/#primaryimage"},"thumbnailUrl":"https:\/\/dorogimedence.hu\/wp-content\/uploads\/2023\/05\/elhagyott-ovtaska.jpg","datePublished":"2023-05-16T14:16:44+00:00","breadcrumb":{"@id":"https:\/\/dorogimedence.hu\/index.php\/2023\/05\/16\/a-penztarcat-visszaadta-a-tobbit-megtartotta\/#breadcrumb"},"inLanguage":"hu","potentialAction":[{"@type":"ReadAction","target":["https:\/\/dorogimedence.hu\/index.php\/2023\/05\/16\/a-penztarcat-visszaadta-a-tobbit-megtartotta\/"]}]},{"@type":"ImageObject","inLanguage":"hu","@id":"https:\/\/dorogimedence.hu\/index.php\/2023\/05\/16\/a-penztarcat-visszaadta-a-tobbit-megtartotta\/#primaryimage","url":"https:\/\/dorogimedence.hu\/wp-content\/uploads\/2023\/05\/elhagyott-ovtaska.jpg","contentUrl":"https:\/\/dorogimedence.hu\/wp-content\/uploads\/2023\/05\/elhagyott-ovtaska.jpg","width":800,"height":448},{"@type":"BreadcrumbList","@id":"https:\/\/dorogimedence.hu\/index.php\/2023\/05\/16\/a-penztarcat-visszaadta-a-tobbit-megtartotta\/#breadcrumb","itemListElement":[{"@type":"ListItem","position":1,"name":"Kezd\u0151lap","item":"https:\/\/dorogimedence.hu\/"},{"@type":"ListItem","position":2,"name":"A p\u00e9nzt\u00e1rc\u00e1t visszaadta, a t\u00f6bbit megtartotta"}]},{"@type":"WebSite","@id":"https:\/\/dorogimedence.hu\/#website","url":"https:\/\/dorogimedence.hu\/","name":"Dorogi-medence Region\u00e1lis H\u00edrport\u00e1l","description":"Dorog, Keszt\u00f6lc, Le\u00e1nyv\u00e1r, Piliscs\u00e9v, Tokod, Tokodalt\u00e1r\u00f3, Csolnok, Esztergom-kertv\u00e1ros: h\u00edrek, programok","publisher":{"@id":"https:\/\/dorogimedence.hu\/#organization"},"potentialAction":[{"@type":"SearchAction","target":{"@type":"EntryPoint","urlTemplate":"https:\/\/dorogimedence.hu\/?s={search_term_string}"},"query-input":{"@type":"PropertyValueSpecification","valueRequired":true,"valueName":"search_term_string"}}],"inLanguage":"hu"},{"@type":"Organization","@id":"https:\/\/dorogimedence.hu\/#organization","name":"Dorogi-medence Region\u00e1lis H\u00edrport\u00e1l","url":"https:\/\/dorogimedence.hu\/","logo":{"@type":"ImageObject","inLanguage":"hu","@id":"https:\/\/dorogimedence.hu\/#\/schema\/logo\/image\/","url":"https:\/\/dorogimedence.hu\/wp-content\/uploads\/2021\/04\/logo-feher-600.png","contentUrl":"https:\/\/dorogimedence.hu\/wp-content\/uploads\/2021\/04\/logo-feher-600.png","width":600,"height":100,"caption":"Dorogi-medence Region\u00e1lis H\u00edrport\u00e1l"},"image":{"@id":"https:\/\/dorogimedence.hu\/#\/schema\/logo\/image\/"},"sameAs":["https:\/\/www.facebook.com\/dorogimedence\/"]},{"@type":"Person","@id":"https:\/\/dorogimedence.hu\/#\/schema\/person\/ce6091eeb7e95ecdc87890d6aa8e0fd4","name":"dorogimedence.hu","image":{"@type":"ImageObject","inLanguage":"hu","@id":"\/\/www.gravatar.com\/avatar\/d8d45f8901aadff40a4af72c0b826f1d?s=96&#038;r=g&#038;d=mm","url":"\/\/www.gravatar.com\/avatar\/d8d45f8901aadff40a4af72c0b826f1d?s=96&#038;r=g&#038;d=mm","contentUrl":"\/\/www.gravatar.com\/avatar\/d8d45f8901aadff40a4af72c0b826f1d?s=96&#038;r=g&#038;d=mm","caption":"dorogimedence.hu"}}]}},"_links":{"self":[{"href":"https:\/\/dorogimedence.hu\/index.php\/wp-json\/wp\/v2\/posts\/53070","targetHints":{"allow":["GET"]}}],"collection":[{"href":"https:\/\/dorogimedence.hu\/index.php\/wp-json\/wp\/v2\/posts"}],"about":[{"href":"https:\/\/dorogimedence.hu\/index.php\/wp-json\/wp\/v2\/types\/post"}],"author":[{"embeddable":true,"href":"https:\/\/dorogimedence.hu\/index.php\/wp-json\/wp\/v2\/users\/1"}],"replies":[{"embeddable":true,"href":"https:\/\/dorogimedence.hu\/index.php\/wp-json\/wp\/v2\/comments?post=53070"}],"version-history":[{"count":0,"href":"https:\/\/dorogimedence.hu\/index.php\/wp-json\/wp\/v2\/posts\/53070\/revisions"}],"wp:featuredmedia":[{"embeddable":true,"href":"https:\/\/dorogimedence.hu\/index.php\/wp-json\/wp\/v2\/media\/53071"}],"wp:attachment":[{"href":"https:\/\/dorogimedence.hu\/index.php\/wp-json\/wp\/v2\/media?parent=53070"}],"wp:term":[{"taxonomy":"category","embeddable":true,"href":"https:\/\/dorogimedence.hu\/index.php\/wp-json\/wp\/v2\/categories?post=53070"},{"taxonomy":"post_tag","embeddable":true,"href":"https:\/\/dorogimedence.hu\/index.php\/wp-json\/wp\/v2\/tags?post=53070"}],"curies":[{"name":"wp","href":"https:\/\/api.w.org\/{rel}","templated":true}]}}