{"id":5303,"date":"2017-08-31T11:28:32","date_gmt":"2017-08-31T09:28:32","guid":{"rendered":"http:\/\/dorogimedence.hu\/?p=5303"},"modified":"2017-08-31T11:28:32","modified_gmt":"2017-08-31T09:28:32","slug":"femtormelekeket-szortak-szet-a-dorogi-utakon","status":"publish","type":"post","link":"https:\/\/dorogimedence.hu\/index.php\/2017\/08\/31\/femtormelekeket-szortak-szet-a-dorogi-utakon\/","title":{"rendered":"F\u00e9mt\u00f6rmel\u00e9keket sz\u00f3rtak sz\u00e9t a dorogi utakon"},"content":{"rendered":"<p><strong> A dorogi M\u00e1ria utcai vas\u00fati \u00e1tj\u00e1r\u00f3, a K\u00f6zt\u00e1rsas\u00e1gi \u00fat, illetve a dorogi \u00e9s az Esztergom-kertv\u00e1rosi SPAR k\u00f6z\u00f6tt nagy mennyis\u00e9g\u0171 f\u00e9mt\u00f6rmel\u00e9keket sz\u00f3rtak sz\u00e9t h\u00e9tf\u0151n<\/strong> <em>&#8211; \u00e9rtes\u00fclt az esetr\u0151l a <span style=\"text-decoration: underline; color: #0000ff;\"><a href=\"http:\/\/regio33.hu\/2017\/08\/30\/autoval-kozlekedok-dorogon-es-esztergom-kertvarosban-csak-ovatosan\/\" target=\"_blank\" rel=\"noopener\">regio33.hu<\/a><\/span><\/em><\/p>\n<p>A dorogi rend\u0151rkapit\u00e1nys\u00e1g az al\u00e1bbiakr\u00f3l t\u00e1j\u00e9koztatta a port\u00e1lt:<\/p>\n<blockquote><p><em>\u201cT\u00e1j\u00e9koztatom, hogy 2017. augusztus 28-\u00e1n egy ismeretlen teherg\u00e9pkocsi Dorogr\u00f3l Esztergom fel\u00e9 haladva rakfel\u00fclet\u00e9r\u0151l elsz\u00f3rta rakom\u00e1nya egy r\u00e9sz\u00e9t, mely az \u00fattestre sz\u00f3r\u00f3dott. Ezen rakom\u00e1ny valamif\u00e9le f\u00e9mforg\u00e1cs volt, ami val\u00f3ban alkalmas volt arra, hogy az arra k\u00f6zleked\u0151k j\u00e1rm\u0171veiben k\u00e1rt okozzon. Esztergom ter\u00fclet\u00e9n feltal\u00e1l\u00e1sra ker\u00fclt az \u00e9rintett j\u00e1rm\u0171, melynek vezet\u0151j\u00e9vel szemben k\u00f6zleked\u00e9si b\u0171ncselekm\u00e9ny elk\u00f6vet\u00e9s\u00e9nek megalapozott gyan\u00faja miatt az Esztergomi Rend\u0151rkapit\u00e1nys\u00e1g K\u00f6zleked\u00e9srend\u00e9szeti Oszt\u00e1lya elj\u00e1r\u00e1st ind\u00edtott. Tekintettel arra, hogy a Dorogi Rend\u0151rkapit\u00e1nys\u00e1g ter\u00fclet\u00e9n bek\u00f6vetkezett k\u00f6zleked\u00e9si b\u0171ncselekm\u00e9nyek helysz\u00ednel\u00e9se \u00e9s nyomoz\u00e1sa vonatkoz\u00e1s\u00e1ban az Esztergomi Rend\u0151rkapit\u00e1nys\u00e1g rendelkezik illet\u00e9kess\u00e9ggel, tov\u00e1bbi t\u00e1j\u00e9koztat\u00e1st az \u00fcgyben \u0151k adhatnak.\u201d<\/em><\/p><\/blockquote>\n<p>A t\u00f6rmel\u00e9kek minden bizonnyal a dorogi vas\u00fat\u00e1llom\u00e1sr\u00f3l, illetve az ott zajl\u00f3 fel\u00faj\u00edt\u00e1si munk\u00e1latokb\u00f3l sz\u00e1rmaznak. A k\u00f6z\u00f6ss\u00e9gi m\u00e9di\u00e1n kereszt\u00fcl t\u00f6bben is arr\u00f3l sz\u00e1moltak be, hogy t\u00f6bb apr\u00f3 darab is a gumiabroncsaikba f\u00far\u00f3dott, ami sz\u00e1mos esetben defekthez vezetett, komoly anyagi k\u00e1rt okozva ezzel a g\u00e9pj\u00e1rm\u0171 tulajdonos\u00e1nak.<\/p>\n<p><strong>A takar\u00edt\u00e1s m\u00e1r a napokban megt\u00f6rt\u00e9nt az utakon, de a t\u00f6rmel\u00e9kek szinte az aszfaltba f\u00farodtak, \u00edgy sok helyen m\u00e9g megtal\u00e1lhat\u00f3k a darabok.<\/strong><\/p>\n<p><em>Forr\u00e1s: regio33.hu<\/em><br \/>\n<em>Fot\u00f3: Facebook<\/em><\/p>\n","protected":false},"excerpt":{"rendered":"<p>A dorogi M\u00e1ria utcai vas\u00fati \u00e1tj\u00e1r\u00f3, a K\u00f6zt\u00e1rsas\u00e1gi \u00fat, illetve a dorogi \u00e9s az Esztergom-kertv\u00e1rosi SPAR k\u00f6z\u00f6tt nagy mennyis\u00e9g\u0171 f\u00e9mt\u00f6rmel\u00e9keket sz\u00f3rtak sz\u00e9t h\u00e9tf\u0151n &#8211; \u00e9rtes\u00fclt az esetr\u0151l a regio33.hu A dorogi rend\u0151rkapit\u00e1nys\u00e1g az al\u00e1bbiakr\u00f3l t\u00e1j\u00e9koztatta a port\u00e1lt: \u201cT\u00e1j\u00e9koztatom, hogy 2017. augusztus 28-\u00e1n egy ismeretlen teherg\u00e9pkocsi Dorogr\u00f3l Esztergom fel\u00e9 haladva rakfel\u00fclet\u00e9r\u0151l elsz\u00f3rta rakom\u00e1nya egy r\u00e9sz\u00e9t, mely<\/p>\n","protected":false},"author":1,"featured_media":5304,"comment_status":"closed","ping_status":"closed","sticky":false,"template":"","format":"standard","meta":{"ngg_post_thumbnail":0,"footnotes":""},"categories":[2,3],"tags":[15,1461,505,61],"class_list":{"0":"post-5303","1":"post","2":"type-post","3":"status-publish","4":"format-standard","5":"has-post-thumbnail","7":"category-dorog","8":"category-hirek","9":"tag-dorog","10":"tag-femforgacs","11":"tag-rendorsegi-felhivas","12":"tag-rendorsegi-hirek"},"yoast_head":"<!-- This site is optimized with the Yoast SEO plugin v27.5 - https:\/\/yoast.com\/product\/yoast-seo-wordpress\/ -->\n<title>F\u00e9mt\u00f6rmel\u00e9keket sz\u00f3rtak sz\u00e9t a dorogi utakon<\/title>\n<meta name=\"robots\" content=\"index, follow, max-snippet:-1, max-image-preview:large, max-video-preview:-1\" \/>\n<link rel=\"canonical\" href=\"https:\/\/dorogimedence.hu\/index.php\/2017\/08\/31\/femtormelekeket-szortak-szet-a-dorogi-utakon\/\" class=\"yoast-seo-meta-tag\" \/>\n<meta property=\"og:locale\" content=\"hu_HU\" class=\"yoast-seo-meta-tag\" \/>\n<meta property=\"og:type\" content=\"article\" class=\"yoast-seo-meta-tag\" \/>\n<meta property=\"og:title\" content=\"F\u00e9mt\u00f6rmel\u00e9keket sz\u00f3rtak sz\u00e9t a dorogi utakon\" class=\"yoast-seo-meta-tag\" \/>\n<meta property=\"og:description\" content=\"A dorogi M\u00e1ria utcai vas\u00fati \u00e1tj\u00e1r\u00f3, a K\u00f6zt\u00e1rsas\u00e1gi \u00fat, illetve a dorogi \u00e9s az Esztergom-kertv\u00e1rosi SPAR k\u00f6z\u00f6tt nagy mennyis\u00e9g\u0171 f\u00e9mt\u00f6rmel\u00e9keket sz\u00f3rtak sz\u00e9t h\u00e9tf\u0151n &#8211; \u00e9rtes\u00fclt az esetr\u0151l a regio33.hu A dorogi rend\u0151rkapit\u00e1nys\u00e1g az al\u00e1bbiakr\u00f3l t\u00e1j\u00e9koztatta a port\u00e1lt: \u201cT\u00e1j\u00e9koztatom, hogy 2017. augusztus 28-\u00e1n egy ismeretlen teherg\u00e9pkocsi Dorogr\u00f3l Esztergom fel\u00e9 haladva rakfel\u00fclet\u00e9r\u0151l elsz\u00f3rta rakom\u00e1nya egy r\u00e9sz\u00e9t, mely\" class=\"yoast-seo-meta-tag\" \/>\n<meta property=\"og:url\" content=\"https:\/\/dorogimedence.hu\/index.php\/2017\/08\/31\/femtormelekeket-szortak-szet-a-dorogi-utakon\/\" class=\"yoast-seo-meta-tag\" \/>\n<meta property=\"og:site_name\" content=\"Dorogi-medence Region\u00e1lis H\u00edrport\u00e1l\" class=\"yoast-seo-meta-tag\" \/>\n<meta property=\"article:publisher\" content=\"https:\/\/www.facebook.com\/dorogimedence\/\" class=\"yoast-seo-meta-tag\" \/>\n<meta property=\"article:published_time\" content=\"2017-08-31T09:28:32+00:00\" class=\"yoast-seo-meta-tag\" \/>\n<meta property=\"og:image\" content=\"https:\/\/i0.wp.com\/dorogimedence.hu\/wp-content\/uploads\/2017\/08\/femforgacs-01.jpg?fit=670%2C365&ssl=1\" class=\"yoast-seo-meta-tag\" \/>\n\t<meta property=\"og:image:width\" content=\"670\" class=\"yoast-seo-meta-tag\" \/>\n\t<meta property=\"og:image:height\" content=\"365\" class=\"yoast-seo-meta-tag\" \/>\n\t<meta property=\"og:image:type\" content=\"image\/jpeg\" class=\"yoast-seo-meta-tag\" \/>\n<meta name=\"author\" content=\"dorogimedence.hu\" class=\"yoast-seo-meta-tag\" \/>\n<meta name=\"twitter:card\" content=\"summary_large_image\" class=\"yoast-seo-meta-tag\" \/>\n<meta name=\"twitter:label1\" content=\"Szerz\u0151:\" class=\"yoast-seo-meta-tag\" \/>\n\t<meta name=\"twitter:data1\" content=\"dorogimedence.hu\" class=\"yoast-seo-meta-tag\" \/>\n\t<meta name=\"twitter:label2\" content=\"Becs\u00fclt olvas\u00e1si id\u0151\" class=\"yoast-seo-meta-tag\" \/>\n\t<meta name=\"twitter:data2\" content=\"2 perc\" class=\"yoast-seo-meta-tag\" \/>\n<script type=\"application\/ld+json\" class=\"yoast-schema-graph\">{\"@context\":\"https:\\\/\\\/schema.org\",\"@graph\":[{\"@type\":\"Article\",\"@id\":\"https:\\\/\\\/dorogimedence.hu\\\/index.php\\\/2017\\\/08\\\/31\\\/femtormelekeket-szortak-szet-a-dorogi-utakon\\\/#article\",\"isPartOf\":{\"@id\":\"https:\\\/\\\/dorogimedence.hu\\\/index.php\\\/2017\\\/08\\\/31\\\/femtormelekeket-szortak-szet-a-dorogi-utakon\\\/\"},\"author\":{\"name\":\"dorogimedence.hu\",\"@id\":\"https:\\\/\\\/dorogimedence.hu\\\/#\\\/schema\\\/person\\\/ce6091eeb7e95ecdc87890d6aa8e0fd4\"},\"headline\":\"F\u00e9mt\u00f6rmel\u00e9keket sz\u00f3rtak sz\u00e9t a dorogi utakon\",\"datePublished\":\"2017-08-31T09:28:32+00:00\",\"mainEntityOfPage\":{\"@id\":\"https:\\\/\\\/dorogimedence.hu\\\/index.php\\\/2017\\\/08\\\/31\\\/femtormelekeket-szortak-szet-a-dorogi-utakon\\\/\"},\"wordCount\":347,\"publisher\":{\"@id\":\"https:\\\/\\\/dorogimedence.hu\\\/#organization\"},\"image\":{\"@id\":\"https:\\\/\\\/dorogimedence.hu\\\/index.php\\\/2017\\\/08\\\/31\\\/femtormelekeket-szortak-szet-a-dorogi-utakon\\\/#primaryimage\"},\"thumbnailUrl\":\"https:\\\/\\\/dorogimedence.hu\\\/wp-content\\\/uploads\\\/2017\\\/08\\\/femforgacs-01.jpg\",\"keywords\":[\"Dorog\",\"f\u00e9mforg\u00e1cs\",\"rend\u0151rs\u00e9gi felh\u00edv\u00e1s\",\"rend\u0151rs\u00e9gi h\u00edrek\"],\"articleSection\":[\"Dorog\",\"H\u00edrek\"],\"inLanguage\":\"hu\"},{\"@type\":\"WebPage\",\"@id\":\"https:\\\/\\\/dorogimedence.hu\\\/index.php\\\/2017\\\/08\\\/31\\\/femtormelekeket-szortak-szet-a-dorogi-utakon\\\/\",\"url\":\"https:\\\/\\\/dorogimedence.hu\\\/index.php\\\/2017\\\/08\\\/31\\\/femtormelekeket-szortak-szet-a-dorogi-utakon\\\/\",\"name\":\"F\u00e9mt\u00f6rmel\u00e9keket sz\u00f3rtak sz\u00e9t a dorogi utakon\",\"isPartOf\":{\"@id\":\"https:\\\/\\\/dorogimedence.hu\\\/#website\"},\"primaryImageOfPage\":{\"@id\":\"https:\\\/\\\/dorogimedence.hu\\\/index.php\\\/2017\\\/08\\\/31\\\/femtormelekeket-szortak-szet-a-dorogi-utakon\\\/#primaryimage\"},\"image\":{\"@id\":\"https:\\\/\\\/dorogimedence.hu\\\/index.php\\\/2017\\\/08\\\/31\\\/femtormelekeket-szortak-szet-a-dorogi-utakon\\\/#primaryimage\"},\"thumbnailUrl\":\"https:\\\/\\\/dorogimedence.hu\\\/wp-content\\\/uploads\\\/2017\\\/08\\\/femforgacs-01.jpg\",\"datePublished\":\"2017-08-31T09:28:32+00:00\",\"breadcrumb\":{\"@id\":\"https:\\\/\\\/dorogimedence.hu\\\/index.php\\\/2017\\\/08\\\/31\\\/femtormelekeket-szortak-szet-a-dorogi-utakon\\\/#breadcrumb\"},\"inLanguage\":\"hu\",\"potentialAction\":[{\"@type\":\"ReadAction\",\"target\":[\"https:\\\/\\\/dorogimedence.hu\\\/index.php\\\/2017\\\/08\\\/31\\\/femtormelekeket-szortak-szet-a-dorogi-utakon\\\/\"]}]},{\"@type\":\"ImageObject\",\"inLanguage\":\"hu\",\"@id\":\"https:\\\/\\\/dorogimedence.hu\\\/index.php\\\/2017\\\/08\\\/31\\\/femtormelekeket-szortak-szet-a-dorogi-utakon\\\/#primaryimage\",\"url\":\"https:\\\/\\\/dorogimedence.hu\\\/wp-content\\\/uploads\\\/2017\\\/08\\\/femforgacs-01.jpg\",\"contentUrl\":\"https:\\\/\\\/dorogimedence.hu\\\/wp-content\\\/uploads\\\/2017\\\/08\\\/femforgacs-01.jpg\",\"width\":670,\"height\":365},{\"@type\":\"BreadcrumbList\",\"@id\":\"https:\\\/\\\/dorogimedence.hu\\\/index.php\\\/2017\\\/08\\\/31\\\/femtormelekeket-szortak-szet-a-dorogi-utakon\\\/#breadcrumb\",\"itemListElement\":[{\"@type\":\"ListItem\",\"position\":1,\"name\":\"Kezd\u0151lap\",\"item\":\"https:\\\/\\\/dorogimedence.hu\\\/\"},{\"@type\":\"ListItem\",\"position\":2,\"name\":\"F\u00e9mt\u00f6rmel\u00e9keket sz\u00f3rtak sz\u00e9t a dorogi utakon\"}]},{\"@type\":\"WebSite\",\"@id\":\"https:\\\/\\\/dorogimedence.hu\\\/#website\",\"url\":\"https:\\\/\\\/dorogimedence.hu\\\/\",\"name\":\"Dorogi-medence Region\u00e1lis H\u00edrport\u00e1l\",\"description\":\"Dorog, Keszt\u00f6lc, Le\u00e1nyv\u00e1r, Piliscs\u00e9v, Tokod, Tokodalt\u00e1r\u00f3, Csolnok, Esztergom-kertv\u00e1ros: h\u00edrek, programok\",\"publisher\":{\"@id\":\"https:\\\/\\\/dorogimedence.hu\\\/#organization\"},\"potentialAction\":[{\"@type\":\"SearchAction\",\"target\":{\"@type\":\"EntryPoint\",\"urlTemplate\":\"https:\\\/\\\/dorogimedence.hu\\\/?s={search_term_string}\"},\"query-input\":{\"@type\":\"PropertyValueSpecification\",\"valueRequired\":true,\"valueName\":\"search_term_string\"}}],\"inLanguage\":\"hu\"},{\"@type\":\"Organization\",\"@id\":\"https:\\\/\\\/dorogimedence.hu\\\/#organization\",\"name\":\"Dorogi-medence Region\u00e1lis H\u00edrport\u00e1l\",\"url\":\"https:\\\/\\\/dorogimedence.hu\\\/\",\"logo\":{\"@type\":\"ImageObject\",\"inLanguage\":\"hu\",\"@id\":\"https:\\\/\\\/dorogimedence.hu\\\/#\\\/schema\\\/logo\\\/image\\\/\",\"url\":\"https:\\\/\\\/dorogimedence.hu\\\/wp-content\\\/uploads\\\/2021\\\/04\\\/logo-feher-600.png\",\"contentUrl\":\"https:\\\/\\\/dorogimedence.hu\\\/wp-content\\\/uploads\\\/2021\\\/04\\\/logo-feher-600.png\",\"width\":600,\"height\":100,\"caption\":\"Dorogi-medence Region\u00e1lis H\u00edrport\u00e1l\"},\"image\":{\"@id\":\"https:\\\/\\\/dorogimedence.hu\\\/#\\\/schema\\\/logo\\\/image\\\/\"},\"sameAs\":[\"https:\\\/\\\/www.facebook.com\\\/dorogimedence\\\/\"]},{\"@type\":\"Person\",\"@id\":\"https:\\\/\\\/dorogimedence.hu\\\/#\\\/schema\\\/person\\\/ce6091eeb7e95ecdc87890d6aa8e0fd4\",\"name\":\"dorogimedence.hu\",\"image\":{\"@type\":\"ImageObject\",\"inLanguage\":\"hu\",\"@id\":\"\\\/\\\/www.gravatar.com\\\/avatar\\\/d8d45f8901aadff40a4af72c0b826f1d?s=96&#038;r=g&#038;d=mm\",\"url\":\"\\\/\\\/www.gravatar.com\\\/avatar\\\/d8d45f8901aadff40a4af72c0b826f1d?s=96&#038;r=g&#038;d=mm\",\"contentUrl\":\"\\\/\\\/www.gravatar.com\\\/avatar\\\/d8d45f8901aadff40a4af72c0b826f1d?s=96&#038;r=g&#038;d=mm\",\"caption\":\"dorogimedence.hu\"}}]}<\/script>\n<!-- \/ Yoast SEO plugin. -->","yoast_head_json":{"title":"F\u00e9mt\u00f6rmel\u00e9keket sz\u00f3rtak sz\u00e9t a dorogi utakon","robots":{"index":"index","follow":"follow","max-snippet":"max-snippet:-1","max-image-preview":"max-image-preview:large","max-video-preview":"max-video-preview:-1"},"canonical":"https:\/\/dorogimedence.hu\/index.php\/2017\/08\/31\/femtormelekeket-szortak-szet-a-dorogi-utakon\/","og_locale":"hu_HU","og_type":"article","og_title":"F\u00e9mt\u00f6rmel\u00e9keket sz\u00f3rtak sz\u00e9t a dorogi utakon","og_description":"A dorogi M\u00e1ria utcai vas\u00fati \u00e1tj\u00e1r\u00f3, a K\u00f6zt\u00e1rsas\u00e1gi \u00fat, illetve a dorogi \u00e9s az Esztergom-kertv\u00e1rosi SPAR k\u00f6z\u00f6tt nagy mennyis\u00e9g\u0171 f\u00e9mt\u00f6rmel\u00e9keket sz\u00f3rtak sz\u00e9t h\u00e9tf\u0151n &#8211; \u00e9rtes\u00fclt az esetr\u0151l a regio33.hu A dorogi rend\u0151rkapit\u00e1nys\u00e1g az al\u00e1bbiakr\u00f3l t\u00e1j\u00e9koztatta a port\u00e1lt: \u201cT\u00e1j\u00e9koztatom, hogy 2017. augusztus 28-\u00e1n egy ismeretlen teherg\u00e9pkocsi Dorogr\u00f3l Esztergom fel\u00e9 haladva rakfel\u00fclet\u00e9r\u0151l elsz\u00f3rta rakom\u00e1nya egy r\u00e9sz\u00e9t, mely","og_url":"https:\/\/dorogimedence.hu\/index.php\/2017\/08\/31\/femtormelekeket-szortak-szet-a-dorogi-utakon\/","og_site_name":"Dorogi-medence Region\u00e1lis H\u00edrport\u00e1l","article_publisher":"https:\/\/www.facebook.com\/dorogimedence\/","article_published_time":"2017-08-31T09:28:32+00:00","og_image":[{"width":670,"height":365,"url":"https:\/\/i0.wp.com\/dorogimedence.hu\/wp-content\/uploads\/2017\/08\/femforgacs-01.jpg?fit=670%2C365&ssl=1","type":"image\/jpeg"}],"author":"dorogimedence.hu","twitter_card":"summary_large_image","twitter_misc":{"Szerz\u0151:":"dorogimedence.hu","Becs\u00fclt olvas\u00e1si id\u0151":"2 perc"},"schema":{"@context":"https:\/\/schema.org","@graph":[{"@type":"Article","@id":"https:\/\/dorogimedence.hu\/index.php\/2017\/08\/31\/femtormelekeket-szortak-szet-a-dorogi-utakon\/#article","isPartOf":{"@id":"https:\/\/dorogimedence.hu\/index.php\/2017\/08\/31\/femtormelekeket-szortak-szet-a-dorogi-utakon\/"},"author":{"name":"dorogimedence.hu","@id":"https:\/\/dorogimedence.hu\/#\/schema\/person\/ce6091eeb7e95ecdc87890d6aa8e0fd4"},"headline":"F\u00e9mt\u00f6rmel\u00e9keket sz\u00f3rtak sz\u00e9t a dorogi utakon","datePublished":"2017-08-31T09:28:32+00:00","mainEntityOfPage":{"@id":"https:\/\/dorogimedence.hu\/index.php\/2017\/08\/31\/femtormelekeket-szortak-szet-a-dorogi-utakon\/"},"wordCount":347,"publisher":{"@id":"https:\/\/dorogimedence.hu\/#organization"},"image":{"@id":"https:\/\/dorogimedence.hu\/index.php\/2017\/08\/31\/femtormelekeket-szortak-szet-a-dorogi-utakon\/#primaryimage"},"thumbnailUrl":"https:\/\/dorogimedence.hu\/wp-content\/uploads\/2017\/08\/femforgacs-01.jpg","keywords":["Dorog","f\u00e9mforg\u00e1cs","rend\u0151rs\u00e9gi felh\u00edv\u00e1s","rend\u0151rs\u00e9gi h\u00edrek"],"articleSection":["Dorog","H\u00edrek"],"inLanguage":"hu"},{"@type":"WebPage","@id":"https:\/\/dorogimedence.hu\/index.php\/2017\/08\/31\/femtormelekeket-szortak-szet-a-dorogi-utakon\/","url":"https:\/\/dorogimedence.hu\/index.php\/2017\/08\/31\/femtormelekeket-szortak-szet-a-dorogi-utakon\/","name":"F\u00e9mt\u00f6rmel\u00e9keket sz\u00f3rtak sz\u00e9t a dorogi utakon","isPartOf":{"@id":"https:\/\/dorogimedence.hu\/#website"},"primaryImageOfPage":{"@id":"https:\/\/dorogimedence.hu\/index.php\/2017\/08\/31\/femtormelekeket-szortak-szet-a-dorogi-utakon\/#primaryimage"},"image":{"@id":"https:\/\/dorogimedence.hu\/index.php\/2017\/08\/31\/femtormelekeket-szortak-szet-a-dorogi-utakon\/#primaryimage"},"thumbnailUrl":"https:\/\/dorogimedence.hu\/wp-content\/uploads\/2017\/08\/femforgacs-01.jpg","datePublished":"2017-08-31T09:28:32+00:00","breadcrumb":{"@id":"https:\/\/dorogimedence.hu\/index.php\/2017\/08\/31\/femtormelekeket-szortak-szet-a-dorogi-utakon\/#breadcrumb"},"inLanguage":"hu","potentialAction":[{"@type":"ReadAction","target":["https:\/\/dorogimedence.hu\/index.php\/2017\/08\/31\/femtormelekeket-szortak-szet-a-dorogi-utakon\/"]}]},{"@type":"ImageObject","inLanguage":"hu","@id":"https:\/\/dorogimedence.hu\/index.php\/2017\/08\/31\/femtormelekeket-szortak-szet-a-dorogi-utakon\/#primaryimage","url":"https:\/\/dorogimedence.hu\/wp-content\/uploads\/2017\/08\/femforgacs-01.jpg","contentUrl":"https:\/\/dorogimedence.hu\/wp-content\/uploads\/2017\/08\/femforgacs-01.jpg","width":670,"height":365},{"@type":"BreadcrumbList","@id":"https:\/\/dorogimedence.hu\/index.php\/2017\/08\/31\/femtormelekeket-szortak-szet-a-dorogi-utakon\/#breadcrumb","itemListElement":[{"@type":"ListItem","position":1,"name":"Kezd\u0151lap","item":"https:\/\/dorogimedence.hu\/"},{"@type":"ListItem","position":2,"name":"F\u00e9mt\u00f6rmel\u00e9keket sz\u00f3rtak sz\u00e9t a dorogi utakon"}]},{"@type":"WebSite","@id":"https:\/\/dorogimedence.hu\/#website","url":"https:\/\/dorogimedence.hu\/","name":"Dorogi-medence Region\u00e1lis H\u00edrport\u00e1l","description":"Dorog, Keszt\u00f6lc, Le\u00e1nyv\u00e1r, Piliscs\u00e9v, Tokod, Tokodalt\u00e1r\u00f3, Csolnok, Esztergom-kertv\u00e1ros: h\u00edrek, programok","publisher":{"@id":"https:\/\/dorogimedence.hu\/#organization"},"potentialAction":[{"@type":"SearchAction","target":{"@type":"EntryPoint","urlTemplate":"https:\/\/dorogimedence.hu\/?s={search_term_string}"},"query-input":{"@type":"PropertyValueSpecification","valueRequired":true,"valueName":"search_term_string"}}],"inLanguage":"hu"},{"@type":"Organization","@id":"https:\/\/dorogimedence.hu\/#organization","name":"Dorogi-medence Region\u00e1lis H\u00edrport\u00e1l","url":"https:\/\/dorogimedence.hu\/","logo":{"@type":"ImageObject","inLanguage":"hu","@id":"https:\/\/dorogimedence.hu\/#\/schema\/logo\/image\/","url":"https:\/\/dorogimedence.hu\/wp-content\/uploads\/2021\/04\/logo-feher-600.png","contentUrl":"https:\/\/dorogimedence.hu\/wp-content\/uploads\/2021\/04\/logo-feher-600.png","width":600,"height":100,"caption":"Dorogi-medence Region\u00e1lis H\u00edrport\u00e1l"},"image":{"@id":"https:\/\/dorogimedence.hu\/#\/schema\/logo\/image\/"},"sameAs":["https:\/\/www.facebook.com\/dorogimedence\/"]},{"@type":"Person","@id":"https:\/\/dorogimedence.hu\/#\/schema\/person\/ce6091eeb7e95ecdc87890d6aa8e0fd4","name":"dorogimedence.hu","image":{"@type":"ImageObject","inLanguage":"hu","@id":"\/\/www.gravatar.com\/avatar\/d8d45f8901aadff40a4af72c0b826f1d?s=96&#038;r=g&#038;d=mm","url":"\/\/www.gravatar.com\/avatar\/d8d45f8901aadff40a4af72c0b826f1d?s=96&#038;r=g&#038;d=mm","contentUrl":"\/\/www.gravatar.com\/avatar\/d8d45f8901aadff40a4af72c0b826f1d?s=96&#038;r=g&#038;d=mm","caption":"dorogimedence.hu"}}]}},"_links":{"self":[{"href":"https:\/\/dorogimedence.hu\/index.php\/wp-json\/wp\/v2\/posts\/5303","targetHints":{"allow":["GET"]}}],"collection":[{"href":"https:\/\/dorogimedence.hu\/index.php\/wp-json\/wp\/v2\/posts"}],"about":[{"href":"https:\/\/dorogimedence.hu\/index.php\/wp-json\/wp\/v2\/types\/post"}],"author":[{"embeddable":true,"href":"https:\/\/dorogimedence.hu\/index.php\/wp-json\/wp\/v2\/users\/1"}],"replies":[{"embeddable":true,"href":"https:\/\/dorogimedence.hu\/index.php\/wp-json\/wp\/v2\/comments?post=5303"}],"version-history":[{"count":0,"href":"https:\/\/dorogimedence.hu\/index.php\/wp-json\/wp\/v2\/posts\/5303\/revisions"}],"wp:featuredmedia":[{"embeddable":true,"href":"https:\/\/dorogimedence.hu\/index.php\/wp-json\/wp\/v2\/media\/5304"}],"wp:attachment":[{"href":"https:\/\/dorogimedence.hu\/index.php\/wp-json\/wp\/v2\/media?parent=5303"}],"wp:term":[{"taxonomy":"category","embeddable":true,"href":"https:\/\/dorogimedence.hu\/index.php\/wp-json\/wp\/v2\/categories?post=5303"},{"taxonomy":"post_tag","embeddable":true,"href":"https:\/\/dorogimedence.hu\/index.php\/wp-json\/wp\/v2\/tags?post=5303"}],"curies":[{"name":"wp","href":"https:\/\/api.w.org\/{rel}","templated":true}]}}