{"id":52988,"date":"2023-05-30T07:07:54","date_gmt":"2023-05-30T05:07:54","guid":{"rendered":"https:\/\/dorogimedence.hu\/?p=52988"},"modified":"2023-07-28T20:03:18","modified_gmt":"2023-07-28T18:03:18","slug":"85-eve-tortent-a-xxxiv-eucharisztikus-vilagkongresszus-szinhelye-volt-dorog","status":"publish","type":"post","link":"https:\/\/dorogimedence.hu\/index.php\/2023\/05\/30\/85-eve-tortent-a-xxxiv-eucharisztikus-vilagkongresszus-szinhelye-volt-dorog\/","title":{"rendered":"85 \u00e9ve t\u00f6rt\u00e9nt: A XXXIV. Eucharisztikus vil\u00e1gkongresszus sz\u00ednhelye volt Dorog"},"content":{"rendered":"<p style=\"text-align: justify;\"><strong>85 \u00e9vvel ezel\u0151tt Magyarorsz\u00e1g, azon bel\u00fcl is Budapest lehetett a h\u00e1zigazd\u00e1ja a Katolikus Egyh\u00e1z egyik legnagyobb, legszents\u00e9gesebb \u00fcnnep\u00e9nek \u00e9s rendezv\u00e9ny\u00e9nek. Az 1938. m\u00e1jus 25-\u00e9n kezd\u0151d\u0151 vil\u00e1gtal\u00e1lkoz\u00f3 z\u00e1r\u00f3napj\u00e1nak helysz\u00edne pedig Dorog volt m\u00e1jus 30-\u00e1n, ahol nem mindennapi esem\u00e9ny r\u00e9szesei lehetettek a nemzetk\u00f6zi egyh\u00e1zf\u0151k \u00e9s a mintegy harmincezer zar\u00e1ndok.<\/strong><\/p>\n<p style=\"text-align: justify;\">Az Eucharisztikus vil\u00e1gkongresszus a katolikus egyh\u00e1z szervez\u00e9s\u00e9ben \u00e9s vezet\u00e9s\u00e9vel rendszeresen megrendez\u00e9sre ker\u00fcl\u0151 liturgikus \u00fcnneps\u00e9gsorozat, amelyre legels\u0151 alkalommal 1881-ben, a francia Lille-ben ker\u00fclt sor. El\u0151bb \u00e9vente, majd k\u00e9t\u00e9vente rendezt\u00e9k a vil\u00e1g k\u00fcl\u00f6nb\u00f6z\u0151 helysz\u00ednein. Olyan vil\u00e1gv\u00e1rosok adtak helyt a vil\u00e1gtal\u00e1lkoz\u00f3nak a kor\u00e1bbiakban, mint R\u00f3ma, Madrid, London, P\u00e1rizs, Buenos Aires, Li\u00e9ge, K\u00f6ln, B\u00e9cs, Chicago, Antwerpen, Jeruzs\u00e1lem, Sydney. Az \u00fcnnepi program sor\u00e1n istentiszteletek, kongresszusok, kultur\u00e1lis \u00fcnneps\u00e9gek \u00e9s k\u00f6rmenetek zajlanak pomp\u00e1s k\u00f6r\u00edt\u00e9ssel, d\u00edsz\u00edt\u00e9ssel, amely egy hatalamas zar\u00e1ndoklat is egyben. Maga az eucharisztia f\u0151 alapja els\u0151sorban az Olt\u00e1rszents\u00e9g \u00e9s az \u00darvacsora legm\u00e9lyebb tartalmi \u00e9rtelmez\u00e9s\u00e9nek \u00e9s \u00e1tszellem\u00fcl\u00e9s\u00e9nek meg\u00e9l\u00e9se, tov\u00e1bbad\u00e1sa. J\u00e9zus egyik legfontosabb tan\u00edt\u00e1sa a felt\u00e9tlen szeretet megvall\u00e1sa mellett, az utols\u00f3 vacsora alkalm\u00e1n tett kinyilatkoztat\u00e1sa, miszerint aki mag\u00e1hoz veszi a kenyeret, amely az \u0150 test\u00e9t \u00e9s a bort, amely az \u0150 v\u00e9r\u00e9t szimboliz\u00e1lja, azt elfogyasztva, a testv\u00e9r\u00e9v\u00e9 v\u00e1lik. Mindezt pedig a vil\u00e1g \u00f6sszes nyelve k\u00f6z\u00fcl egyed\u00fcl magyarul lehet a legcsod\u00e1latosabban, sz\u00f3szerint k\u00f6vetni, hiszen a test \u00e9s a v\u00e9r szavak \u00f6sszeolvad\u00e1s\u00e1b\u00f3l kialakult \u00f6sszetett sz\u00f3 pontosan \u00e9rz\u00e9kelteti az \u00e1ltaluk k\u00e9pzett testv\u00e9r szavunk jelent\u00e9s\u00e9t.<\/p>\n<p><img fetchpriority=\"high\" decoding=\"async\" class=\"aligncenter wp-image-53234 \" src=\"https:\/\/dorogimedence.hu\/wp-content\/uploads\/2023\/05\/Kongresszusi-plakat.jpg\" alt=\"\" width=\"412\" height=\"632\" srcset=\"https:\/\/dorogimedence.hu\/wp-content\/uploads\/2023\/05\/Kongresszusi-plakat.jpg 626w, https:\/\/dorogimedence.hu\/wp-content\/uploads\/2023\/05\/Kongresszusi-plakat-195x300.jpg 195w, https:\/\/dorogimedence.hu\/wp-content\/uploads\/2023\/05\/Kongresszusi-plakat-150x230.jpg 150w, https:\/\/dorogimedence.hu\/wp-content\/uploads\/2023\/05\/Kongresszusi-plakat-450x691.jpg 450w\" sizes=\"(max-width: 412px) 100vw, 412px\" \/><\/p>\n<p style=\"text-align: center;\"><span style=\"font-size: 10pt;\"><em>Az 1938-as vil\u00e1gtal\u00e1lkoz\u00f3 plak\u00e1tja (forr\u00e1s: www.darabanth.com)<\/em><\/span><\/p>\n<p style=\"text-align: justify;\">A Magyarorsz\u00e1gon megrendezett kongresszus vil\u00e1gi tartalommal is fel lett v\u00e9rtezve, ugyanis a vil\u00e1gtal\u00e1lkoz\u00f3 t\u00e1rsadalmi k\u00f6zponti \u00fczenete a vil\u00e1gb\u00e9ke volt. A b\u00e9ke ir\u00e1nti elk\u00f6telezett v\u00e1gy\u00e1t k\u00edv\u00e1nta minden egyes r\u00e9sztvev\u0151 kifejezni, amelyhez a krisztusi p\u00e9lda egyenes \u00fatmutat\u00e1sak\u00e9nt lett aposztrof\u00e1lva. Haz\u00e1nk vezet\u0151i Horthy Mikl\u00f3s korm\u00e1nyz\u00f3val az \u00e9len, teljes m\u00e9rt\u00e9kben a b\u00e9ke p\u00e1rtj\u00e1n \u00e1lltak \u00e9s minden igyekezet\u00fckkel nemcsak egy esetleges h\u00e1bor\u00fa eset\u00e9n az orsz\u00e1gunk t\u00e1volmarad\u00e1s\u00e1t tartott\u00e1k a legfontosabb feladatuknak, hanem az egyetemes b\u00e9ke fenntart\u00e1s\u00e1t. 1938-ban tapinthat\u00f3 volt a fesz\u00fclts\u00e9g, ugyanis a vil\u00e1g egyre ink\u00e1bb a h\u00e1bor\u00fa fel\u00e9 sodr\u00f3dott. A magyar rendez\u0151 f\u00e9l kiemelt \u00fczenet\u00e9ben szerepelt mind a hitleri N\u00e9metorsz\u00e1g, mind a szt\u00e1lini Szovjetuni\u00f3 eszm\u00e9inek az elutas\u00edt\u00e1sa \u00e9s ezen vesz\u00e9lyforr\u00e1sok f\u00e9kentart\u00e1sa. Minden bizonnyal mindk\u00e9t dikt\u00e1tor is pontosan tiszt\u00e1ban volt ezzel, s ennek megfelel\u0151en egyik sem enged\u00e9lyezte, s\u0151t, egyenesen megtiltotta orsz\u00e1g\u00e1nak egyh\u00e1zf\u0151inek a r\u00e9szv\u00e9tel\u00e9t a magyarorsz\u00e1gi kongresszuson. Ugyancsak t\u00e1vol maradtak a rom\u00e1niai p\u00fcsp\u00f6k\u00f6k is.<\/p>\n<p><img decoding=\"async\" class=\"aligncenter wp-image-53233 size-full\" src=\"https:\/\/dorogimedence.hu\/wp-content\/uploads\/2023\/05\/201611111544_0001.jpg\" alt=\"\" width=\"750\" height=\"482\" srcset=\"https:\/\/dorogimedence.hu\/wp-content\/uploads\/2023\/05\/201611111544_0001.jpg 750w, https:\/\/dorogimedence.hu\/wp-content\/uploads\/2023\/05\/201611111544_0001-300x193.jpg 300w, https:\/\/dorogimedence.hu\/wp-content\/uploads\/2023\/05\/201611111544_0001-150x96.jpg 150w, https:\/\/dorogimedence.hu\/wp-content\/uploads\/2023\/05\/201611111544_0001-450x289.jpg 450w\" sizes=\"(max-width: 750px) 100vw, 750px\" \/><\/p>\n<p style=\"text-align: center;\"><span style=\"font-size: 10pt;\"><em>Budapesten els\u0151sorban a H\u0151s\u00f6k ter\u00e9n \u00e9s a V\u00e1rosligetben centraliz\u00e1l\u00f3dtak az \u00fcnnepi rendezv\u00e9nyek, amelyeken sz\u00e1zezrek vettek r\u00e9szt (forr\u00e1s: www.iec2020.hu)<\/em><\/span><\/p>\n<p style=\"text-align: justify;\">A n\u00e9met, rom\u00e1n \u00e9s orosz papok t\u00e1volmarad\u00e1sa sem befoly\u00e1solta m\u00e1s orsz\u00e1gok k\u00fcld\u00f6tts\u00e9geit, akik elk\u00e9peszt\u0151 sz\u00e1mban \u00e9rkeztek a f\u0151v\u00e1rosunkban a m\u00e1jus 25-\u00e9n kezd\u0151d\u0151 szimpomp\u00e1s esem\u00e9nyre. Ezen fel\u00fcl pedig az orsz\u00e1g minden pontj\u00e1r\u00f3l indultak hivatalos k\u00f6ld\u00f6tts\u00e9gek is, valamint sokak egy\u00e9nileg zar\u00e1ndokoltak el, hogy r\u00e9szesei lehessenek a rendk\u00edv\u00fcli rendezv\u00e9nyek. A k\u00fcl\u00f6nf\u00e9le vall\u00e1si felekezetek ez\u00fattal egyfajta egym\u00e1sra tal\u00e1l\u00e1sa is megval\u00f3sult \u00e9s az \u00e9vsz\u00e1zadokon \u00e1t tart\u00f3 ellent\u00e9teken is bizonyos fokig siker\u00fclt fel\u00fcl emelkedni. Horthy korm\u00e1nyz\u00f3 k\u00f6zismert protest\u00e1nsk\u00e9nt, ugyancsak az egyik legelk\u00f6telezettebb r\u00e9sztvev\u0151je, egyben szervez\u0151je is volt a vil\u00e1gtal\u00e1lkoz\u00f3nak. A magasrang\u00fa vend\u00e9geket szem\u00e9lyesen fogadta, k\u00f6zte a p\u00e1pai leg\u00e1tus f\u0151 k\u00e9pvisel\u0151j\u00e9t Eugenio Pacelli b\u00edborost a Keleti p\u00e1lyaudvaron k\u00f6sz\u00f6nt\u00f6tte. Dorogon az \u00fcnnepi alkalomra helyi kezdem\u00e9nyez\u00e9sre \u00e9s saj\u00e1t forr\u00e1sokb\u00f3l elk\u00e9sz\u00fclt a nagyszer\u0171 eml\u00e9km\u0171, a Sz\u00e9nolt\u00e1r. Telep\u00fcl\u00e9s\u00fcnk vezet\u0151i egyeztetve a magyar egyh\u00e1zf\u0151kkel, szerett\u00e9k volna a felszentel\u00e9s\u00e9t ezzel az alkalommal egybek\u00f6tni, \u00edgy v\u00e9g\u00fcl Dorog beker\u00fclt az \u00fcnnepi programba. Elmondhatatlan izgalommal \u00e9s lelkesed\u00e9ssel v\u00e1rt\u00e1k a helybeliek a nagy napot, amelyet a budapesti esem\u00e9nyek z\u00e1r\u00f3\u00fcnneps\u00e9g\u00e9t k\u00f6vet\u0151 napra, m\u00e1jus 30-ra t\u0171ztek ki.<\/p>\n<p><img decoding=\"async\" class=\"aligncenter wp-image-53240 size-full\" src=\"https:\/\/dorogimedence.hu\/wp-content\/uploads\/2023\/05\/Matrai-Lajos-Angyal-1.jpg\" alt=\"\" width=\"462\" height=\"660\" srcset=\"https:\/\/dorogimedence.hu\/wp-content\/uploads\/2023\/05\/Matrai-Lajos-Angyal-1.jpg 462w, https:\/\/dorogimedence.hu\/wp-content\/uploads\/2023\/05\/Matrai-Lajos-Angyal-1-210x300.jpg 210w, https:\/\/dorogimedence.hu\/wp-content\/uploads\/2023\/05\/Matrai-Lajos-Angyal-1-150x214.jpg 150w, https:\/\/dorogimedence.hu\/wp-content\/uploads\/2023\/05\/Matrai-Lajos-Angyal-1-450x643.jpg 450w\" sizes=\"(max-width: 462px) 100vw, 462px\" \/><\/p>\n<p style=\"text-align: center;\"><span style=\"font-size: 10pt;\"><em>A k\u00e9sz\u00fcl\u0151ben l\u00e9v\u0151 egyik angyal az alkot\u00f3ival M\u00e1trai Lajos dorogi m\u0171term\u00e9ben (forr\u00e1s: K\u00f6zt\u00e9rk\u00e9p online)<\/em><\/span><\/p>\n<p style=\"text-align: justify;\">A Sz\u00e9nolt\u00e1r elk\u00e9sz\u00edt\u00e9s\u00e9nek egyik f\u0151 \u00f6tletgazd\u00e1ja \u00e9s meg\u00e1lmod\u00f3ja dr. Schmidt S\u00e1ndor b\u00e1nyaf\u0151tan\u00e1csos, a dorogi b\u00e1nyak\u00f6zpont vezet\u0151je volt. A tervez\u00e9ssel \u00e9s kivitelez\u00e9ssel az ugyancsak Dorogon \u00e9lt aranyokleveles \u00e9p\u00edt\u00e9szm\u00e9rn\u00f6k\u00f6t, G\u00e1thy Zolt\u00e1nt b\u00edzta meg. A nagyvolumen\u0171 beruh\u00e1z\u00e1s m\u00e1sik kiemelked\u0151 m\u0171v\u00e9szeti szakembere ifj. M\u00e1trai Lajos szobr\u00e1szmester lett, akinek sz\u00e1mos kiemelked\u0151 alkot\u00e1sa d\u00edsz\u00edti \u00e9s \u00e9kes\u00edti t\u00f6bbek k\u00f6z\u00f6tt Budapestet, Szegedet, Zombort, Sz\u00e9kesfeh\u00e9rv\u00e1rt, Karcagot. Csod\u00e1latos m\u0171vei k\u00f6z\u00fcl csak n\u00e9h\u00e1nyat kiemelve, mint az Orsz\u00e1gh\u00e1z keleti homlokzata II. R\u00e1k\u00f3czi Ferenc nagys\u00e1gos fejedelem eg\u00e9sz alakos szobr\u00e1val, a N\u00e9gy \u00c9vszak sz\u0151k\u0151k\u00fat a R\u00e1k\u00f3czi t\u00e9ren \u00e9s a Springer-szobor a Fradi stadionj\u00e1ban, tov\u00e1bb\u00e1 V\u00e1s\u00e1rhelyi P\u00e1l eml\u00e9kszobra Szegeden. A kiv\u00e1l\u00f3 m\u0171v\u00e9sz Doroggal kor\u00e1bban is szoros kapcsolatba ker\u00fclt, ahol ugyancsak jelent\u0151s munk\u00e1ival teremtett maradand\u00f3, kimagasl\u00f3 \u00e9rt\u00e9keket. A Szent Borb\u00e1la B\u00e1ny\u00e1sztemplom k\u00fcls\u0151 sarokpontjain emelt n\u00e9gy evang\u00e9lista szobor, a templombels\u0151 \u00e9s az olt\u00e1r t\u00f6bb eleme is M\u00e1trai mester munk\u00e1ja, ez\u00fattal pedig a Sz\u00e9nolt\u00e1r angyalait is maga k\u00e9sz\u00edtette.<\/p>\n<p><img loading=\"lazy\" decoding=\"async\" class=\"aligncenter wp-image-53239 size-full\" src=\"https:\/\/dorogimedence.hu\/wp-content\/uploads\/2023\/05\/epul-a-szenoltar-1.jpg\" alt=\"\" width=\"720\" height=\"476\" srcset=\"https:\/\/dorogimedence.hu\/wp-content\/uploads\/2023\/05\/epul-a-szenoltar-1.jpg 720w, https:\/\/dorogimedence.hu\/wp-content\/uploads\/2023\/05\/epul-a-szenoltar-1-300x198.jpg 300w, https:\/\/dorogimedence.hu\/wp-content\/uploads\/2023\/05\/epul-a-szenoltar-1-150x99.jpg 150w, https:\/\/dorogimedence.hu\/wp-content\/uploads\/2023\/05\/epul-a-szenoltar-1-450x298.jpg 450w\" sizes=\"(max-width: 720px) 100vw, 720px\" \/><\/p>\n<p style=\"text-align: center;\"><span style=\"font-size: 10pt;\"><em>\u00c9p\u00fcl\u0151f\u00e9lben a Sz\u00e9nolt\u00e1r \u00a0(forr\u00e1s: K\u00f6zt\u00e9rk\u00e9p online)<\/em><\/span><\/p>\n<p style=\"text-align: justify;\">A Sz\u00e9nolt\u00e1r egyszerre k\u00e1pr\u00e1zatos \u00e9s leny\u0171g\u00f6z\u0151, egyben szakr\u00e1lis t\u00f6ltet\u0171 monument\u00e1lis mesterm\u0171 volt. Az alkot\u00e1s 15 m\u00e9ter magas, amelynek alapanyagai m\u00e9sz- \u00e9s m\u0171k\u0151, valamint a dorogi sz\u00e9n. K\u00f6z\u00e9ppontj\u00e1ban r\u00e9szben a magyar c\u00edmer jellegzetes elemei, a h\u00e1rmashalom, a korona \u00e9s a kett\u0151skereszt. Egyben a koron\u00e1z\u00e1si dombot is szimboliz\u00e1l\u00f3 magaslaton nyugv\u00f3 koron\u00e1b\u00f3l t\u00f6rt az \u00e9g fel\u00e9 az apostoli kett\u0151skereszt, \u0151si szent kir\u00e1lyaink \u00e9s M\u00e1ria orsz\u00e1g\u00e1nak, valamint a K\u00e1rp\u00e1thaz\u00e1ban \u00e9l\u0151k, s a magyar nemzet egy\u00fcv\u00e9 tartoz\u00e1s\u00e1t kifejez\u0151 jelk\u00e9p, amelyet gl\u00f3ria \u00f6vezett. Mindezt k\u00e9t oldalr\u00f3l, egyenk\u00e9nt 3.5 m\u00e9ter magass\u00e1g\u00fa t\u00e9rdel\u0151, kez\u00fcket im\u00e1dkoz\u00e1sra kulcsol\u00f3 angyal vette k\u00f6r\u00fcl. Az angyalok r\u00e9szben a Szent Koron\u00e1t hoz\u00f3 k\u00e9t isteni k\u00fcld\u00f6ttet, Mih\u00e1lyt \u00e9s G\u00e1brielt id\u00e9zik. A h\u00e1rmashalom k\u00f6zep\u00e9n ny\u00edlt a barlangszer\u0171 olt\u00e1r, amely egyben a b\u00e1nya bej\u00e1rat\u00e1t \u00e9s akn\u00e1j\u00e1t is szimboliz\u00e1lta. A kialak\u00edtott olt\u00e1rhoz \u00e9s kegyhelyhez magas, sz\u00e9les l\u00e9pcs\u0151sor vezetett. A m\u0171eml\u00e9ket d\u00edsztrib\u00fcn \u00e9s kil\u00e1t\u00f3nak is alkalmas fel\u00e9p\u00edtm\u00e9ny \u00f6vezte. Az \u00e9p\u00edtm\u00e9ny bel\u00fclr\u0151l egy pince- \u00e9s k\u00fcrt\u0151rendszert is mag\u00e1ban foglalt \u00e9s speci\u00e1lis kivil\u00e1g\u00edt\u00e1ssal volt ell\u00e1tva.<\/p>\n<p><img loading=\"lazy\" decoding=\"async\" class=\"aligncenter wp-image-53238 size-full\" src=\"https:\/\/dorogimedence.hu\/wp-content\/uploads\/2023\/05\/140938-2.jpg\" alt=\"\" width=\"986\" height=\"660\" srcset=\"https:\/\/dorogimedence.hu\/wp-content\/uploads\/2023\/05\/140938-2.jpg 986w, https:\/\/dorogimedence.hu\/wp-content\/uploads\/2023\/05\/140938-2-300x201.jpg 300w, https:\/\/dorogimedence.hu\/wp-content\/uploads\/2023\/05\/140938-2-768x514.jpg 768w, https:\/\/dorogimedence.hu\/wp-content\/uploads\/2023\/05\/140938-2-150x100.jpg 150w, https:\/\/dorogimedence.hu\/wp-content\/uploads\/2023\/05\/140938-2-450x301.jpg 450w, https:\/\/dorogimedence.hu\/wp-content\/uploads\/2023\/05\/140938-2-272x182.jpg 272w\" sizes=\"(max-width: 986px) 100vw, 986px\" \/><\/p>\n<p style=\"text-align: center;\"><span style=\"font-size: 10pt;\"><em>Az eml\u00e9km\u0171 cs\u00facsa (forr\u00e1s: Fortepan Fot\u00f3arch\u00edvum online)<\/em><\/span><\/p>\n<p style=\"text-align: justify;\">A Sz\u00e9nolt\u00e1r a Szent Borb\u00e1la templom melletti k\u00f6zt\u00e9ren l\u00e9tes\u00fclt, a t\u00e9r templommal szemk\u00f6zti oldal\u00e1n. A tekint\u00e9lyes m\u00e9ret\u0171 ter\u00fclet parkk\u00e9nt is szolg\u00e1lt \u00e9s sz\u00e1mos helyi rendezv\u00e9ny helysz\u00edne volt. A teljes k\u00f6rnyezet egyfajta misztikus jelk\u00e9prendszerben tagoz\u00f3dott, ugyanis a t\u00e9r k\u00e9t v\u00e9g\u00e9n, kelet-nyugat t\u00e1jol\u00e1ssal helyezkedett el a templom \u00e9s a Sz\u00e9nolt\u00e1r. A k\u00e9t kegyhely er\u0151vonalai a park k\u00f6zep\u00e9n tal\u00e1lkozva egym\u00e1st feler\u0151s\u00edtve egyfajta metafizikai aur\u00e1t gener\u00e1ltak. A templom k\u00fcls\u0151 sorokpontjain m\u00e9lt\u00f3s\u00e1gteljesen, eg\u00e9sz alakos szobork\u00e9nt helyezkednek el az evang\u00e9list\u00e1k. Luk\u00e1cs, M\u00e1rk, M\u00e1t\u00e9 \u00e9s J\u00e1nos egyar\u00e1nt k\u00fcl\u00f6n kiemelten megeml\u00e9kezett az \u00darvacsora \u00fczenet\u00e9r\u0151l, amely egyben az eucharisztia alapt\u00e9tele is. \u00cdgy a jelk\u00e9prendszer tartalmi vet\u00fclete pontosan illeszkedett az Eucharisztikus \u00fcnneps\u00e9g legl\u00e9nyegesebb \u00fczenet\u00e9hez. Ezen a helyen az \u00fcdvt\u00f6rt\u00e9net minden fontos eleme gyakorlatilag egyszerre volt jelen, amely pedig mag\u00e1nak J\u00e9zusnak a szellemis\u00e9g\u00e9t is megid\u00e9zve, egy komplex eg\u00e9szk\u00e9nt \u00f6lt\u00f6tt testet. A Sz\u00e9nolt\u00e1r t\u00e9r ez\u00e1ltal egyidej\u0171leg mag\u00e1t a K\u00e1rp\u00e1thaz\u00e1t \u00e9s a teljes magyar nemzetet is szimboliz\u00e1lta \u00e9s \u00f6r\u00f6k\u00edtette meg. Mindennek a kiv\u00e1l\u00f3 \u00e9s kifinomult dorogi alkot\u00f3k minden bizonnyal tudat\u00e1ban voltak, mert a v\u00e9letlen aligha tudott volna ennyire t\u00f6k\u00e9letes m\u00f3don alkotni. A dorogi esem\u00e9nyek el\u0151k\u00e9sz\u00edt\u00e9se alapos tervez\u00e9ssel \u00e9s nagy buzgalommal t\u00f6rt\u00e9nt. Az \u00fcnneps\u00e9g rangj\u00e1hoz m\u00e9lt\u00f3 m\u00f3don fogadta a telep\u00fcl\u00e9s a nagy\u00e9rdem\u0171t \u00e9s az el\u0151kel\u0151 vend\u00e9gsereget. A vil\u00e1gkongresszus k\u00fclf\u00f6ldi el\u0151lj\u00e1r\u00f3i \u00e9s a k\u00fcld\u00f6tts\u00e9gek d\u00f6nt\u0151 r\u00e9sze ler\u00e1ndult Dorogra. Az m\u00e9g most is megosztja az eml\u00e9kez\u0151ket, hogy Pacelli b\u00edboros is elj\u00f6tt, vagy sem. T\u00f6bb forr\u00e1s nem eml\u00edti a p\u00e1pai leg\u00e1tus vezet\u0151j\u00e9nek szem\u00e9ly\u00e9t, akit egy\u00e9bk\u00e9nt \u00e9ppen a k\u00f6vetkez\u0151 \u00e9vben v\u00e1lasztottak p\u00e1p\u00e1v\u00e1 \u00e9s XII. Piusk\u00e9nt iktatt\u00e1k be a Vatik\u00e1nban. Az is igaz, hogy egy m\u00e1sik jeles alkalommal, a r\u00e1k\u00f6vetkez\u0151 napon viszont eg\u00e9szen biztosan jelen volt Esztergomban. Erre m\u00e9g egy k\u00f6vetkez\u0151, m\u00e1sik cikkben k\u00fcl\u00f6n kit\u00e9rek.<\/p>\n<p><img loading=\"lazy\" decoding=\"async\" class=\"aligncenter wp-image-53248 size-full\" src=\"https:\/\/dorogimedence.hu\/wp-content\/uploads\/2023\/05\/Unnepi-diszben.jpg\" alt=\"\" width=\"1072\" height=\"1038\" srcset=\"https:\/\/dorogimedence.hu\/wp-content\/uploads\/2023\/05\/Unnepi-diszben.jpg 1072w, https:\/\/dorogimedence.hu\/wp-content\/uploads\/2023\/05\/Unnepi-diszben-300x290.jpg 300w, https:\/\/dorogimedence.hu\/wp-content\/uploads\/2023\/05\/Unnepi-diszben-1024x992.jpg 1024w, https:\/\/dorogimedence.hu\/wp-content\/uploads\/2023\/05\/Unnepi-diszben-768x744.jpg 768w, https:\/\/dorogimedence.hu\/wp-content\/uploads\/2023\/05\/Unnepi-diszben-150x145.jpg 150w, https:\/\/dorogimedence.hu\/wp-content\/uploads\/2023\/05\/Unnepi-diszben-450x436.jpg 450w\" sizes=\"(max-width: 1072px) 100vw, 1072px\" \/><\/p>\n<p style=\"text-align: center;\"><span style=\"font-size: 10pt;\"><em>Az eml\u00e9km\u0171 \u00fcnnepi d\u00edszbe \u00f6lt\u00f6ztetett felj\u00e1r\u00f3ja<\/em><\/span><\/p>\n<p style=\"text-align: justify;\">Azonban van t\u00f6bb dokumentum is, amelynek alapj\u00e1n egy sor vend\u00e9gr\u0151l biztosan tudhat\u00f3, hogy ott volt Dorogon, m\u00e9gpedig <span class=\"selected\" data-canvas-width=\"47.48187679083096\">Van <\/span><span class=\"selected\" data-canvas-width=\"45.23381088825215\">Roey<\/span> <span class=\"selected\" data-canvas-width=\"84.02403124573613\">Belgium <\/span><span class=\"selected\" data-canvas-width=\"31.023093191431304\">pr\u00ed<\/span><span class=\"selected\" data-canvas-width=\"56.915319279574305\">m\u00e1sa, <\/span><span class=\"selected\" data-canvas-width=\"57.60952722063039\">Hlond<\/span> <span class=\"selected\" data-canvas-width=\"83.27791990721789\">\u00c1goston <\/span><span class=\"selected\" data-canvas-width=\"134.7758220766817\">Lengyelorsz\u00e1g <\/span><span class=\"selected\" data-canvas-width=\"82.5318085686997\">pr\u00edm\u00e1sa, <\/span><span class=\"selected\" data-canvas-width=\"27.633152544685498\">dr. <\/span><span class=\"selected\" data-canvas-width=\"56.81475644699141\">Ser\u00e9di<\/span> <span class=\"selected\" data-canvas-width=\"104.34745531450406\">Jusztini\u00e1n <\/span><span class=\"selected\" data-canvas-width=\"24.005321326238235\">t\u00e1<\/span><span class=\"selected\" data-canvas-width=\"75.56269613862737\">bornok <\/span><span class=\"selected\" data-canvas-width=\"123.96261427206987\">hercegpr\u00edm\u00e1s, O&#8217;Doherty manilai \u00e9rsek, Noois premontrei gener\u00e1lis, Mac Grath \u00edr p\u00fcsp\u00f6k, Peter orle\u00e1nsi herceg, F\u00fcl\u00f6p \u00e9s Reiner k\u00f3h\u00e1ry-g\u00f3tai hercegek, dr. Radocsay L\u00e1szl\u00f3 f\u0151isp\u00e1n, dr. Frey Vilmos alisp\u00e1n. Reviczky Elem\u00e9r f\u0151szolgab\u00edr\u00f3, gr\u00f3f Esterh\u00e1zy M\u00f3ric \u00e9s Husz\u00e1r K\u00e1roly volt minisztereln\u00f6k\u00f6k, dr. Drahos J\u00e1nos \u00e1ltal\u00e1nos \u00e9rseki helyn\u00f6k, a Sz\u00e9kesf\u0151k\u00e1ptalan t\u00f6bb tagja, Tassonyi Ern\u0151 miniszteri tan\u00e1csos, valamint b\u00e1r\u00f3 Chorin Ferenc egykori Orsz\u00e1ggy\u0171l\u00e9si k\u00e9pvisel\u0151, a Salg\u00f3tarj\u00e1ni K\u0151sz\u00e9nb\u00e1nya Rt. vezet\u0151je, az igazgat\u00f3tan\u00e1cs tagja.\u00a0<\/span><\/p>\n<p><img loading=\"lazy\" decoding=\"async\" class=\"aligncenter wp-image-53247 \" src=\"https:\/\/dorogimedence.hu\/wp-content\/uploads\/2023\/05\/Szenoltar-feljaro.jpg\" alt=\"\" width=\"718\" height=\"718\" srcset=\"https:\/\/dorogimedence.hu\/wp-content\/uploads\/2023\/05\/Szenoltar-feljaro.jpg 310w, https:\/\/dorogimedence.hu\/wp-content\/uploads\/2023\/05\/Szenoltar-feljaro-300x300.jpg 300w, https:\/\/dorogimedence.hu\/wp-content\/uploads\/2023\/05\/Szenoltar-feljaro-150x150.jpg 150w\" sizes=\"(max-width: 718px) 100vw, 718px\" \/><\/p>\n<p style=\"text-align: center;\"><span style=\"font-size: 10pt;\"><em>Sz\u00e9nolt\u00e1r avat\u00f3<\/em><\/span><\/p>\n<p style=\"text-align: justify;\">Dorog t\u00f6rt\u00e9net\u00e9nek f\u00e9nyes napja virradt azon a m\u00e1jus v\u00e9gi h\u00e9tf\u0151i napon. A telep\u00fcl\u00e9s z\u00e1szl\u00f3- \u00e9s vir\u00e1gtengerbe \u00f6lt\u00f6z\u00f6tt. Az utc\u00e1k \u00e9s k\u00f6zterek a megszokott rendezetts\u00e9g\u00fck\u00f6n \u00e9s tisztas\u00e1gukon is t\u00faltettek. Az \u00fcnnepi nap folyam\u00e1n folyamatosan \u00e9rkez\u0151 vend\u00e9geket \u00e9s az embersereget k\u00fcl\u00f6nb\u00f6z\u0151 kultur\u00e1lis \u00e9s sz\u00f3rakoztat\u00f3 programok v\u00e1rt\u00e1k, m\u00edg napnyugtakor kezdet\u00e9t vette a helyi Eucharisztia kiemelt attrakci\u00f3ja. Hatalmas f\u00e1klyaf\u00e9nyes k\u00f6rmenet h\u00f6mp\u00f6lyg\u00f6tt az imm\u00e1r a Sz\u00e9nolt\u00e1rr\u00f3l elkeresztelt t\u00e9rre, majd megkondultak Dorog templomainak harangjai, a Sz\u00e9nolt\u00e1r pedig pazar \u00fcnnepi d\u00edszkivil\u00e1g\u00edt\u00e1sban pomp\u00e1zott. Az \u00fcnnepi alkalomra az eml\u00e9km\u0171 kett\u0151skeresztj\u00e9re r\u00f6gz\u00edtett tartoz\u00e9kkal az Eucharisztia embl\u00e9m\u00e1j\u00e1t form\u00e1lt\u00e1k meg. A telep\u00fcl\u00e9sen addig sosem l\u00e1tott t\u00f6meg gy\u0171lt \u00f6ssze a rendk\u00edv\u00fcli esem\u00e9nyre, amely teljesen megt\u00f6lt\u00f6tte a hatalmas parkot. A magasrang\u00fa vend\u00e9gek \u00e9s egyh\u00e1zi m\u00e9lt\u00f3s\u00e1gok a d\u00edsztrib\u00fcn\u00f6n foglaltak helyet. Egyes forr\u00e1sok szerint az \u00fcnnepi szabadt\u00e9ri mis\u00e9t a r\u00e1di\u00f3 \u00e9l\u0151ben k\u00f6zvet\u00edtette.<\/p>\n<p><img loading=\"lazy\" decoding=\"async\" class=\"aligncenter wp-image-53245 size-full\" src=\"https:\/\/dorogimedence.hu\/wp-content\/uploads\/2023\/05\/Szenoltar-este-perm.jpg\" alt=\"\" width=\"1137\" height=\"799\" srcset=\"https:\/\/dorogimedence.hu\/wp-content\/uploads\/2023\/05\/Szenoltar-este-perm.jpg 1137w, https:\/\/dorogimedence.hu\/wp-content\/uploads\/2023\/05\/Szenoltar-este-perm-300x211.jpg 300w, https:\/\/dorogimedence.hu\/wp-content\/uploads\/2023\/05\/Szenoltar-este-perm-1024x720.jpg 1024w, https:\/\/dorogimedence.hu\/wp-content\/uploads\/2023\/05\/Szenoltar-este-perm-768x540.jpg 768w, https:\/\/dorogimedence.hu\/wp-content\/uploads\/2023\/05\/Szenoltar-este-perm-150x105.jpg 150w, https:\/\/dorogimedence.hu\/wp-content\/uploads\/2023\/05\/Szenoltar-este-perm-450x316.jpg 450w\" sizes=\"(max-width: 1137px) 100vw, 1137px\" \/><\/p>\n<p style=\"text-align: center;\"><span style=\"font-size: 10pt;\"><em>\u00c9jszakai d\u00edszkivil\u00e1g\u00edt\u00e1s az \u00fcnnepi szentmis\u00e9n<\/em><\/span><\/p>\n<p style=\"text-align: justify;\">Fanf\u00e1rok \u00e9s a Dorogi B\u00e1ny\u00e1sz Zenekar \u00e1ltal j\u00e1tszott dallamokat k\u00f6vet\u0151en Chorin Ferenc titkos f\u0151tan\u00e1csos \u00fcnnepi besz\u00e9de nyitotta meg hivatalosan a cerem\u00f3ni\u00e1t. Az Olt\u00e1rszents\u00e9g \u00fcnnep\u00e9lyes kihelyez\u00e9se, majd a magyar katolikus egyh\u00e1zf\u0151, Ser\u00e9di Jusztini\u00e1n nagyhat\u00e1s\u00fa sz\u00f3zata t\u00f6lt\u00f6tte be a teret, egyben a hallgat\u00f3s\u00e1g sz\u00edv\u00e9t-lelk\u00e9t. A hercegpr\u00edm\u00e1s a b\u00e9ke fontoss\u00e1g\u00e1ra \u00e9s annak Krisztust\u00f3l val\u00f3 ered\u00e9s\u00e9nek fontoss\u00e1g\u00e1t hangs\u00falyozta. Besz\u00e9d\u00e9nek z\u00e1r\u00f3gondolatai k\u00f6z\u00f6tt hangzott el a k\u00f6vetkez\u0151 id\u00e9zet is: <em>&#8222;<span class=\"selected\" data-canvas-width=\"63.0518147086915\">Er\u0151s <\/span><span class=\"selected\" data-canvas-width=\"94.61016168645111\">fogad\u00e1st <\/span><span class=\"selected\" data-canvas-width=\"49.719129485605144\">kell <\/span><span class=\"selected\" data-canvas-width=\"84.21326238231684\">tenn\u00fcnk, <\/span><span class=\"selected\" data-canvas-width=\"57.94257402101243\">hogy <\/span><span class=\"selected\" data-canvas-width=\"22.16166939555192\">a <\/span><span class=\"selected\" data-canvas-width=\"126.9362464183381\">Kongresszus <\/span><span class=\"selected\" data-canvas-width=\"49.843481375358174\">alatt <\/span><span class=\"selected\" data-canvas-width=\"40.117000955109845\">tett <\/span><span class=\"selected\" data-canvas-width=\"50.2327568563242\">szent <\/span><span class=\"selected\" data-canvas-width=\"168.9293389275481\">elhat\u00e1roz\u00e1sainkat <\/span><span class=\"selected\" data-canvas-width=\"109.75405921680995\">haz\u00e1nknak <\/span><span class=\"selected\" data-canvas-width=\"24.9785100286533\">\u00e9s <\/span><span class=\"selected\" data-canvas-width=\"39.14921885659708\">egy<\/span><span class=\"selected\" data-canvas-width=\"121.85403875017056\">h\u00e1zunknak <\/span><span class=\"selected\" data-canvas-width=\"78.61202073952792\">jav\u00e1ra <\/span><span class=\"selected\" data-canvas-width=\"88.37094078319005\">\u00e9let\u00fcnk <\/span><span class=\"selected\" data-canvas-width=\"58.85629008050212\">utols\u00f3 <\/span><span class=\"selected\" data-canvas-width=\"76.33584049665714\">napj\u00e1ig <\/span><span class=\"selected\" data-canvas-width=\"49.416359667076\">meg <\/span><span class=\"selected\" data-canvas-width=\"68.84769409196345\">fogjuk <\/span><span class=\"selected\" data-canvas-width=\"62.338142993587134\">tartani.&#8221;<\/span><\/em><\/p>\n<p><img loading=\"lazy\" decoding=\"async\" class=\"aligncenter wp-image-53244 size-full\" src=\"https:\/\/dorogimedence.hu\/wp-content\/uploads\/2023\/05\/331434_293729590661571_1413886041_o.jpg\" alt=\"\" width=\"969\" height=\"441\" srcset=\"https:\/\/dorogimedence.hu\/wp-content\/uploads\/2023\/05\/331434_293729590661571_1413886041_o.jpg 969w, https:\/\/dorogimedence.hu\/wp-content\/uploads\/2023\/05\/331434_293729590661571_1413886041_o-300x137.jpg 300w, https:\/\/dorogimedence.hu\/wp-content\/uploads\/2023\/05\/331434_293729590661571_1413886041_o-768x350.jpg 768w, https:\/\/dorogimedence.hu\/wp-content\/uploads\/2023\/05\/331434_293729590661571_1413886041_o-150x68.jpg 150w, https:\/\/dorogimedence.hu\/wp-content\/uploads\/2023\/05\/331434_293729590661571_1413886041_o-450x205.jpg 450w\" sizes=\"(max-width: 969px) 100vw, 969px\" \/><\/p>\n<p style=\"text-align: center;\"><span style=\"font-size: 10pt;\"><em>G\u00e1thy Zolt\u00e1n grafik\u00e1ja is meg\u00f6r\u00f6k\u00edtette a jeles alkalmat (forr\u00e1s: G\u00e1thy-hagyat\u00e9k)<\/em><\/span><\/p>\n<p style=\"text-align: justify;\">Ezt k\u00f6vet\u0151en Schmidt S\u00e1ndor \u00fcnnepi besz\u00e9de j\u00f6tt a soron, aki a legkiv\u00e1l\u00f3bb sz\u00f3nokokhoz hasonlatos, bens\u0151s\u00e9ges, emelkedett, minden egyes embert\u00e1rshoz int\u00e9zett \u00fczenete hangzott el. Summ\u00e1zat\u00e1ban k\u00fcl\u00f6n kiemelte a dolgoz\u00f3k milli\u00f3nyianak \u00e1ld\u00e1sos tev\u00e9kenys\u00e9g\u00e9t \u00e9s ugyancsak b\u00f6lcs el\u0151rel\u00e1t\u00e1ssal fogalmazta meg a teljes magyar nemzetet feladat\u00e1t:<em>\u00a0&#8222;<span class=\"selected\" data-canvas-width=\"26.05442420521217\">A <\/span><span class=\"selected\" data-canvas-width=\"146.74604311638691\">magyars\u00e1gnak, <\/span><span class=\"selected\" data-canvas-width=\"37.419105607859194\">ha <\/span><span class=\"selected\" data-canvas-width=\"33.412812116250514\">\u00faj <\/span><span class=\"selected\" data-canvas-width=\"43.91243689452858\">ezer<\/span><span class=\"selected\" data-canvas-width=\"47.90251057443036\">\u00e9vet <\/span><span class=\"selected\" data-canvas-width=\"51.79526538409061\">akar <\/span><span class=\"selected\" data-canvas-width=\"65.4199072179015\">el\u00e9rni, <\/span><span class=\"selected\" data-canvas-width=\"60.67831559557921\">Szent <\/span><span class=\"selected\" data-canvas-width=\"68.11780256515215\">Istv\u00e1n <\/span><span class=\"selected\" data-canvas-width=\"51.54656160458453\">prog<\/span><span class=\"selected\" data-canvas-width=\"85.97040865056627\">ramj\u00e1t <\/span><span class=\"selected\" data-canvas-width=\"42.48509346431984\">kell <\/span><span class=\"selected\" data-canvas-width=\"46.70224450811845\">\u00fajra <\/span><span class=\"selected\" data-canvas-width=\"28.325197844180657\">a <\/span><span class=\"selected\" data-canvas-width=\"95.81583435666532\">mag\u00e1\u00e9v\u00e1 <\/span><\/em><span class=\"selected\" data-canvas-width=\"48.72431436758085\"><em>tenni.&#8221;<\/em> Sor ker\u00fclt a Sz\u00e9nolt\u00e1r felszentel\u00e9s\u00e9re \u00e9s meg\u00e1ld\u00e1s\u00e1ra, ut\u00e1na pedig a lengyel egyh\u00e1zf\u0151 \u00fcnnepi szentmis\u00e9t celebr\u00e1lt. A k\u00f6z\u00f6s ima k\u00f6zepette a harmincezer f\u0151s t\u00f6meg t\u00e9rdelve k\u00e9rte az Istent, hogy az \u00dar emelje mag\u00e1hoz Szents\u00e9ges Sziv\u00e9n kereszt\u00fcl a b\u00e1ny\u00e1szt\u00e1rsadalmat \u00e9s az emberis\u00e9get.\u00a0<\/span><\/p>\n<p><img loading=\"lazy\" decoding=\"async\" class=\"aligncenter wp-image-53251 \" src=\"https:\/\/dorogimedence.hu\/wp-content\/uploads\/2023\/05\/cikk2-1.jpg\" alt=\"\" width=\"537\" height=\"514\" srcset=\"https:\/\/dorogimedence.hu\/wp-content\/uploads\/2023\/05\/cikk2-1.jpg 520w, https:\/\/dorogimedence.hu\/wp-content\/uploads\/2023\/05\/cikk2-1-300x287.jpg 300w, https:\/\/dorogimedence.hu\/wp-content\/uploads\/2023\/05\/cikk2-1-150x144.jpg 150w, https:\/\/dorogimedence.hu\/wp-content\/uploads\/2023\/05\/cikk2-1-450x431.jpg 450w\" sizes=\"(max-width: 537px) 100vw, 537px\" \/><\/p>\n<p><img loading=\"lazy\" decoding=\"async\" class=\"aligncenter wp-image-53254 size-full\" src=\"https:\/\/dorogimedence.hu\/wp-content\/uploads\/2023\/05\/cikk3-2.jpg\" alt=\"\" width=\"543\" height=\"416\" srcset=\"https:\/\/dorogimedence.hu\/wp-content\/uploads\/2023\/05\/cikk3-2.jpg 543w, https:\/\/dorogimedence.hu\/wp-content\/uploads\/2023\/05\/cikk3-2-300x230.jpg 300w, https:\/\/dorogimedence.hu\/wp-content\/uploads\/2023\/05\/cikk3-2-150x115.jpg 150w, https:\/\/dorogimedence.hu\/wp-content\/uploads\/2023\/05\/cikk3-2-450x345.jpg 450w\" sizes=\"(max-width: 543px) 100vw, 543px\" \/><\/p>\n<p style=\"text-align: center;\"><span style=\"font-size: 10pt;\"><em>Az \u00fcnneps\u00e9g m\u00e9ltat\u00e1s\u00e1r\u00f3l sz\u00f3l\u00f3 cikk\u00a0 (forr\u00e1s: Esztergom \u00e9s Vid\u00e9ke, 1938. j\u00fanius 5-i sz\u00e1m)<\/em><\/span><\/p>\n<p style=\"text-align: justify;\">Az \u00e1h\u00edtat \u00e9s im\u00e1k k\u00f6zepette a B\u00e1ny\u00e1sz Zenekar \u00e9s a vegyesk\u00f3rus \u00e9kes\u00edtette a m\u0171sort. A k\u00e9s\u0151 esti \u00f3r\u00e1kban v\u00e9get \u00e9rt \u00fcnneps\u00e9get k\u00f6vet\u0151en a t\u00f6meg b\u00e9k\u00e9sen, emelkedett hangulatban vonult el. A k\u00f6rny\u00e9kb\u0151l \u00e9rkez\u0151k gyalog zar\u00e1ndokltak saj\u00e1t telep\u00fcl\u00e9seikre, m\u00edg a rengeteg messzir\u0151l \u00e9rkez\u0151k k\u00f6z\u00fcl sokakat dorogi csal\u00e1dok sz\u00e1ll\u00e1soltak el otthonukban. Egy nap erej\u00e9ig Dorog val\u00f3ban a vil\u00e1g k\u00f6zepe lehetett. A t\u00f6rt\u00e9nelem vihara azonban egy \u00e9vvel k\u00e9s\u0151bb m\u00e9gis a h\u00e1bor\u00fa pokl\u00e1ba sodorta a vil\u00e1got, 1944-ben pedig m\u00e1r Dorogon &#8211; benne a Szenolt\u00e1rn\u00e1l is &#8211; tombolt a h\u00e1bor\u00fas front \u00e9s ostrom. Ennek ellen\u00e9re, szinte a csod\u00e1val hat\u00e1ros m\u00f3don az eml\u00e9km\u0171 t\u00falv\u00e9szelte a h\u00e1bor\u00fat, s\u0151t az azt k\u00f6vet\u0151 ugyancsak puszt\u00edt\u00f3 R\u00e1kosi-rendszert is, amely az egyh\u00e1zi \u00e9s vall\u00e1si t\u00f6ltet\u0171 kegyhelyeket, eml\u00e9km\u0171veket kiemelt programk\u00e9nt puszt\u00edtotta. A Sz\u00e9nolt\u00e1r m\u00e9gsem ker\u00fclte el szomor\u00fa sors\u00e1t, miut\u00e1n egzalt\u00e1lt kommunist\u00e1k d\u00fch\u00fck \u00e9s az &#8217;56-os esem\u00e9nyek\u00e9rt val\u00f3 bossz\u00fajuk \u00e1ldozatak\u00e9nt felrobbantott\u00e1k. Az\u00f3ta is nem csak titkos \u00f3haj \u00e9s \u00e1br\u00e1nd, de valahol k\u00f6teless\u00e9g is volna az \u00fajj\u00e1\u00e9p\u00edt\u00e9se. B\u0151 egy \u00e9vtizede magam is kezdem\u00e9nyeztem a megalkot\u00e1s\u00e1t, amely k\u00e9zzel foghat\u00f3 k\u00f6zels\u00e9gbe ker\u00fclt. Viszont emberi kicsinyess\u00e9gb\u0151l t\u00e1pl\u00e1lkoz\u00f3 politikai szemellenz\u0151s\u00e9g miatt m\u00e9gsem val\u00f3sulhatott meg. Ennek ellen\u00e9re sem lehet letenni r\u00f3la. Hiszem, vallom, s\u0151t tudom, hogy a m\u0171remek visszahozatala egy b\u00e9k\u00e9sebb, igazabb, s vele egy\u00fctt boldogabb id\u0151t hozna mindannyiunkra.<\/p>\n<p><img loading=\"lazy\" decoding=\"async\" class=\"aligncenter wp-image-53246 size-full\" src=\"https:\/\/dorogimedence.hu\/wp-content\/uploads\/2023\/05\/Szenoltar7szines.jpg\" alt=\"\" width=\"777\" height=\"906\" srcset=\"https:\/\/dorogimedence.hu\/wp-content\/uploads\/2023\/05\/Szenoltar7szines.jpg 777w, https:\/\/dorogimedence.hu\/wp-content\/uploads\/2023\/05\/Szenoltar7szines-257x300.jpg 257w, https:\/\/dorogimedence.hu\/wp-content\/uploads\/2023\/05\/Szenoltar7szines-768x896.jpg 768w, https:\/\/dorogimedence.hu\/wp-content\/uploads\/2023\/05\/Szenoltar7szines-150x175.jpg 150w, https:\/\/dorogimedence.hu\/wp-content\/uploads\/2023\/05\/Szenoltar7szines-450x525.jpg 450w\" sizes=\"(max-width: 777px) 100vw, 777px\" \/><\/p>\n<p style=\"text-align: center;\"><span style=\"font-size: 10pt;\"><em>Egyel\u0151re m\u00e9g mindig el\u00e9rhetetlen \u00e1lom, de nem tehet\u00fcnk le arr\u00f3l, hogy egyszer elfoglalja ism\u00e9t a r\u00e9gi hely\u00e9t\u00a0<\/em><\/span><\/p>\n<p style=\"text-align: justify;\">Az \u00e9let m\u00e9gis visszaadott valamit a vesztes\u00e9geinkb\u0151l \u00e9s a sz\u00e9lmalomharcnak t\u0171n\u0151 t\u00f6rekv\u00e9sekb\u0151l, ugyanis h\u00e1rom \u00e9vvel ezel\u0151tt, 82 \u00e9v ut\u00e1n \u00fajra Magyarorsz\u00e1g kapta a rendez\u00e9s jog\u00e1t \u00e9s a hagyom\u00e1nyok fel\u00e9leszt\u00e9s\u00e9hez m\u00e9lt\u00f3 m\u00f3don, Dorog ez\u00fattal is a helysz\u00edn k\u00f6z\u00f6tt szerepelt. A covid-vil\u00e1gj\u00e1rv\u00e1ny miatt v\u00e9g\u00fcl a 2021-es esztend\u0151re halaszt\u00f3dott a kongresszus. Tekintve, hogy egy m\u00e1sik eml\u00e9kcikkel is szorosan \u00f6sszef\u00fcgg, \u00edgy majd ott visszat\u00e9rek minderre. Annyit legal\u00e1bb siker\u00fclt el\u00e9rni, hogy k\u00f6zel k\u00e9t \u00e9vtizeddel ezel\u0151tt a Sz\u00e9ntolt\u00e1r m\u00e9retar\u00e1nyos makettje elk\u00e9sz\u00fclt Gonda Gy\u00f6rgy dorogi k\u0151farag\u00f3 mester j\u00f3volt\u00e1b\u00f3l \u00e9s a helyi m\u0171vel\u0151d\u00e9si k\u00f6zpontban volt ki\u00e1ll\u00edtva, tov\u00e1bb\u00e1 a Dorogi Miniverzumban egy komplett dior\u00e1ma r\u00e9szek\u00e9nt is l\u00e1that\u00f3.<\/p>\n<p><span style=\"text-decoration: underline;\"><em>Bor\u00edt\u00f3k\u00e9p:<\/em><\/span> \u00dajs\u00e1gcikk fejl\u00e9ce egy korabeli magazin bor\u00edt\u00f3j\u00e1n (forr\u00e1s: V\u00e1rost\u00f6rt\u00e9neti-arch\u00edvum)<\/p>\n<p style=\"text-align: center;\"><span style=\"font-size: 12pt;\">Felhaszn\u00e1lt irodalom:<\/span><\/p>\n<ul>\n<li>A XXXIV. nemzetk\u00f6zi eucharisztikus kongresszus eml\u00e9kk\u00f6nyve, Szent Istv\u00e1n T\u00e1rsulat, Budapest, 1938. &#8211; Eucharisztikus Kongeresszus online<\/li>\n<li>Kov\u00e1cs Lajos &#8211; Solym\u00e1r Judit: Dorogi Lexikon, Dorog, 2008.<\/li>\n<li>T\u00f3th Krisztina: Az 1938-as eucharisztikus vil\u00e1gkongrsszus, 2021. &#8211; Brankovics Alap\u00edtv\u00e1ny online<\/li>\n<li>The Roman Curia: Pontifical Committee for International Eucharistic Congress, 2021. &#8211; Vatican.va online (angol nyelven)<\/li>\n<\/ul>\n<p><em><strong>Szab\u00f3 Gyula<\/strong><\/em><\/p>\n","protected":false},"excerpt":{"rendered":"<p>85 \u00e9vvel ezel\u0151tt Magyarorsz\u00e1g, azon bel\u00fcl is Budapest lehetett a h\u00e1zigazd\u00e1ja a Katolikus Egyh\u00e1z egyik legnagyobb, legszents\u00e9gesebb \u00fcnnep\u00e9nek \u00e9s rendezv\u00e9ny\u00e9nek. Az 1938. m\u00e1jus 25-\u00e9n kezd\u0151d\u0151 vil\u00e1gtal\u00e1lkoz\u00f3 z\u00e1r\u00f3napj\u00e1nak helysz\u00edne pedig Dorog volt m\u00e1jus 30-\u00e1n, ahol nem mindennapi esem\u00e9ny r\u00e9szesei lehetettek a nemzetk\u00f6zi egyh\u00e1zf\u0151k \u00e9s a mintegy harmincezer zar\u00e1ndok. Az Eucharisztikus vil\u00e1gkongresszus a katolikus egyh\u00e1z szervez\u00e9s\u00e9ben \u00e9s<\/p>\n","protected":false},"author":4,"featured_media":52987,"comment_status":"closed","ping_status":"closed","sticky":false,"template":"","format":"standard","meta":{"ngg_post_thumbnail":0,"footnotes":""},"categories":[2,3,6031],"tags":[15,2266,762],"class_list":{"0":"post-52988","1":"post","2":"type-post","3":"status-publish","4":"format-standard","5":"has-post-thumbnail","7":"category-dorog","8":"category-hirek","9":"category-kerek-evfordulok","10":"tag-dorog","11":"tag-eucharisztikus-vilagkongresszus","12":"tag-katolikus-egyhaz"},"yoast_head":"<!-- This site is optimized with the Yoast SEO plugin v27.4 - https:\/\/yoast.com\/product\/yoast-seo-wordpress\/ -->\n<title>85 \u00e9ve t\u00f6rt\u00e9nt: A XXXIV. Eucharisztikus vil\u00e1gkongresszus sz\u00ednhelye volt Dorog<\/title>\n<meta name=\"robots\" content=\"index, follow, max-snippet:-1, max-image-preview:large, max-video-preview:-1\" \/>\n<link rel=\"canonical\" href=\"https:\/\/dorogimedence.hu\/index.php\/2023\/05\/30\/85-eve-tortent-a-xxxiv-eucharisztikus-vilagkongresszus-szinhelye-volt-dorog\/\" class=\"yoast-seo-meta-tag\" \/>\n<meta property=\"og:locale\" content=\"hu_HU\" class=\"yoast-seo-meta-tag\" \/>\n<meta property=\"og:type\" content=\"article\" class=\"yoast-seo-meta-tag\" \/>\n<meta property=\"og:title\" content=\"85 \u00e9ve t\u00f6rt\u00e9nt: A XXXIV. Eucharisztikus vil\u00e1gkongresszus sz\u00ednhelye volt Dorog\" class=\"yoast-seo-meta-tag\" \/>\n<meta property=\"og:description\" content=\"85 \u00e9vvel ezel\u0151tt Magyarorsz\u00e1g, azon bel\u00fcl is Budapest lehetett a h\u00e1zigazd\u00e1ja a Katolikus Egyh\u00e1z egyik legnagyobb, legszents\u00e9gesebb \u00fcnnep\u00e9nek \u00e9s rendezv\u00e9ny\u00e9nek. Az 1938. m\u00e1jus 25-\u00e9n kezd\u0151d\u0151 vil\u00e1gtal\u00e1lkoz\u00f3 z\u00e1r\u00f3napj\u00e1nak helysz\u00edne pedig Dorog volt m\u00e1jus 30-\u00e1n, ahol nem mindennapi esem\u00e9ny r\u00e9szesei lehetettek a nemzetk\u00f6zi egyh\u00e1zf\u0151k \u00e9s a mintegy harmincezer zar\u00e1ndok. Az Eucharisztikus vil\u00e1gkongresszus a katolikus egyh\u00e1z szervez\u00e9s\u00e9ben \u00e9s\" class=\"yoast-seo-meta-tag\" \/>\n<meta property=\"og:url\" content=\"https:\/\/dorogimedence.hu\/index.php\/2023\/05\/30\/85-eve-tortent-a-xxxiv-eucharisztikus-vilagkongresszus-szinhelye-volt-dorog\/\" class=\"yoast-seo-meta-tag\" \/>\n<meta property=\"og:site_name\" content=\"Dorogi-medence Region\u00e1lis H\u00edrport\u00e1l\" class=\"yoast-seo-meta-tag\" \/>\n<meta property=\"article:publisher\" content=\"https:\/\/www.facebook.com\/dorogimedence\/\" class=\"yoast-seo-meta-tag\" \/>\n<meta property=\"article:published_time\" content=\"2023-05-30T05:07:54+00:00\" class=\"yoast-seo-meta-tag\" \/>\n<meta property=\"article:modified_time\" content=\"2023-07-28T18:03:18+00:00\" class=\"yoast-seo-meta-tag\" \/>\n<meta property=\"og:image\" content=\"https:\/\/dorogimedence.hu\/wp-content\/uploads\/2023\/05\/10533982_812125652155293_2355999240800761601_n.jpg\" class=\"yoast-seo-meta-tag\" \/>\n\t<meta property=\"og:image:width\" content=\"960\" class=\"yoast-seo-meta-tag\" \/>\n\t<meta property=\"og:image:height\" content=\"522\" class=\"yoast-seo-meta-tag\" \/>\n\t<meta property=\"og:image:type\" content=\"image\/jpeg\" class=\"yoast-seo-meta-tag\" \/>\n<meta name=\"author\" content=\"Szab\u00f3 Gyula\" class=\"yoast-seo-meta-tag\" \/>\n<meta name=\"twitter:card\" content=\"summary_large_image\" class=\"yoast-seo-meta-tag\" \/>\n<meta name=\"twitter:label1\" content=\"Szerz\u0151:\" class=\"yoast-seo-meta-tag\" \/>\n\t<meta name=\"twitter:data1\" content=\"Szab\u00f3 Gyula\" class=\"yoast-seo-meta-tag\" \/>\n\t<meta name=\"twitter:label2\" content=\"Becs\u00fclt olvas\u00e1si id\u0151\" class=\"yoast-seo-meta-tag\" \/>\n\t<meta name=\"twitter:data2\" content=\"16 perc\" class=\"yoast-seo-meta-tag\" \/>\n<script type=\"application\/ld+json\" class=\"yoast-schema-graph\">{\"@context\":\"https:\\\/\\\/schema.org\",\"@graph\":[{\"@type\":\"Article\",\"@id\":\"https:\\\/\\\/dorogimedence.hu\\\/index.php\\\/2023\\\/05\\\/30\\\/85-eve-tortent-a-xxxiv-eucharisztikus-vilagkongresszus-szinhelye-volt-dorog\\\/#article\",\"isPartOf\":{\"@id\":\"https:\\\/\\\/dorogimedence.hu\\\/index.php\\\/2023\\\/05\\\/30\\\/85-eve-tortent-a-xxxiv-eucharisztikus-vilagkongresszus-szinhelye-volt-dorog\\\/\"},\"author\":{\"name\":\"Szab\u00f3 Gyula\",\"@id\":\"https:\\\/\\\/dorogimedence.hu\\\/#\\\/schema\\\/person\\\/76605e8151ec1b7376385cd184ede973\"},\"headline\":\"85 \u00e9ve t\u00f6rt\u00e9nt: A XXXIV. Eucharisztikus vil\u00e1gkongresszus sz\u00ednhelye volt Dorog\",\"datePublished\":\"2023-05-30T05:07:54+00:00\",\"dateModified\":\"2023-07-28T18:03:18+00:00\",\"mainEntityOfPage\":{\"@id\":\"https:\\\/\\\/dorogimedence.hu\\\/index.php\\\/2023\\\/05\\\/30\\\/85-eve-tortent-a-xxxiv-eucharisztikus-vilagkongresszus-szinhelye-volt-dorog\\\/\"},\"wordCount\":3129,\"publisher\":{\"@id\":\"https:\\\/\\\/dorogimedence.hu\\\/#organization\"},\"image\":{\"@id\":\"https:\\\/\\\/dorogimedence.hu\\\/index.php\\\/2023\\\/05\\\/30\\\/85-eve-tortent-a-xxxiv-eucharisztikus-vilagkongresszus-szinhelye-volt-dorog\\\/#primaryimage\"},\"thumbnailUrl\":\"https:\\\/\\\/dorogimedence.hu\\\/wp-content\\\/uploads\\\/2023\\\/05\\\/10533982_812125652155293_2355999240800761601_n.jpg\",\"keywords\":[\"Dorog\",\"Eucharisztikus Vil\u00e1gkongresszus\",\"katolikus egyh\u00e1z\"],\"articleSection\":[\"Dorog\",\"H\u00edrek\",\"Kerek \u00e9vfordul\u00f3k\"],\"inLanguage\":\"hu\"},{\"@type\":\"WebPage\",\"@id\":\"https:\\\/\\\/dorogimedence.hu\\\/index.php\\\/2023\\\/05\\\/30\\\/85-eve-tortent-a-xxxiv-eucharisztikus-vilagkongresszus-szinhelye-volt-dorog\\\/\",\"url\":\"https:\\\/\\\/dorogimedence.hu\\\/index.php\\\/2023\\\/05\\\/30\\\/85-eve-tortent-a-xxxiv-eucharisztikus-vilagkongresszus-szinhelye-volt-dorog\\\/\",\"name\":\"85 \u00e9ve t\u00f6rt\u00e9nt: A XXXIV. Eucharisztikus vil\u00e1gkongresszus sz\u00ednhelye volt Dorog\",\"isPartOf\":{\"@id\":\"https:\\\/\\\/dorogimedence.hu\\\/#website\"},\"primaryImageOfPage\":{\"@id\":\"https:\\\/\\\/dorogimedence.hu\\\/index.php\\\/2023\\\/05\\\/30\\\/85-eve-tortent-a-xxxiv-eucharisztikus-vilagkongresszus-szinhelye-volt-dorog\\\/#primaryimage\"},\"image\":{\"@id\":\"https:\\\/\\\/dorogimedence.hu\\\/index.php\\\/2023\\\/05\\\/30\\\/85-eve-tortent-a-xxxiv-eucharisztikus-vilagkongresszus-szinhelye-volt-dorog\\\/#primaryimage\"},\"thumbnailUrl\":\"https:\\\/\\\/dorogimedence.hu\\\/wp-content\\\/uploads\\\/2023\\\/05\\\/10533982_812125652155293_2355999240800761601_n.jpg\",\"datePublished\":\"2023-05-30T05:07:54+00:00\",\"dateModified\":\"2023-07-28T18:03:18+00:00\",\"breadcrumb\":{\"@id\":\"https:\\\/\\\/dorogimedence.hu\\\/index.php\\\/2023\\\/05\\\/30\\\/85-eve-tortent-a-xxxiv-eucharisztikus-vilagkongresszus-szinhelye-volt-dorog\\\/#breadcrumb\"},\"inLanguage\":\"hu\",\"potentialAction\":[{\"@type\":\"ReadAction\",\"target\":[\"https:\\\/\\\/dorogimedence.hu\\\/index.php\\\/2023\\\/05\\\/30\\\/85-eve-tortent-a-xxxiv-eucharisztikus-vilagkongresszus-szinhelye-volt-dorog\\\/\"]}]},{\"@type\":\"ImageObject\",\"inLanguage\":\"hu\",\"@id\":\"https:\\\/\\\/dorogimedence.hu\\\/index.php\\\/2023\\\/05\\\/30\\\/85-eve-tortent-a-xxxiv-eucharisztikus-vilagkongresszus-szinhelye-volt-dorog\\\/#primaryimage\",\"url\":\"https:\\\/\\\/dorogimedence.hu\\\/wp-content\\\/uploads\\\/2023\\\/05\\\/10533982_812125652155293_2355999240800761601_n.jpg\",\"contentUrl\":\"https:\\\/\\\/dorogimedence.hu\\\/wp-content\\\/uploads\\\/2023\\\/05\\\/10533982_812125652155293_2355999240800761601_n.jpg\",\"width\":960,\"height\":522},{\"@type\":\"BreadcrumbList\",\"@id\":\"https:\\\/\\\/dorogimedence.hu\\\/index.php\\\/2023\\\/05\\\/30\\\/85-eve-tortent-a-xxxiv-eucharisztikus-vilagkongresszus-szinhelye-volt-dorog\\\/#breadcrumb\",\"itemListElement\":[{\"@type\":\"ListItem\",\"position\":1,\"name\":\"Kezd\u0151lap\",\"item\":\"https:\\\/\\\/dorogimedence.hu\\\/\"},{\"@type\":\"ListItem\",\"position\":2,\"name\":\"85 \u00e9ve t\u00f6rt\u00e9nt: A XXXIV. Eucharisztikus vil\u00e1gkongresszus sz\u00ednhelye volt Dorog\"}]},{\"@type\":\"WebSite\",\"@id\":\"https:\\\/\\\/dorogimedence.hu\\\/#website\",\"url\":\"https:\\\/\\\/dorogimedence.hu\\\/\",\"name\":\"Dorogi-medence Region\u00e1lis H\u00edrport\u00e1l\",\"description\":\"Dorog, Keszt\u00f6lc, Le\u00e1nyv\u00e1r, Piliscs\u00e9v, Tokod, Tokodalt\u00e1r\u00f3, Csolnok, Esztergom-kertv\u00e1ros: h\u00edrek, programok\",\"publisher\":{\"@id\":\"https:\\\/\\\/dorogimedence.hu\\\/#organization\"},\"potentialAction\":[{\"@type\":\"SearchAction\",\"target\":{\"@type\":\"EntryPoint\",\"urlTemplate\":\"https:\\\/\\\/dorogimedence.hu\\\/?s={search_term_string}\"},\"query-input\":{\"@type\":\"PropertyValueSpecification\",\"valueRequired\":true,\"valueName\":\"search_term_string\"}}],\"inLanguage\":\"hu\"},{\"@type\":\"Organization\",\"@id\":\"https:\\\/\\\/dorogimedence.hu\\\/#organization\",\"name\":\"Dorogi-medence Region\u00e1lis H\u00edrport\u00e1l\",\"url\":\"https:\\\/\\\/dorogimedence.hu\\\/\",\"logo\":{\"@type\":\"ImageObject\",\"inLanguage\":\"hu\",\"@id\":\"https:\\\/\\\/dorogimedence.hu\\\/#\\\/schema\\\/logo\\\/image\\\/\",\"url\":\"https:\\\/\\\/dorogimedence.hu\\\/wp-content\\\/uploads\\\/2021\\\/04\\\/logo-feher-600.png\",\"contentUrl\":\"https:\\\/\\\/dorogimedence.hu\\\/wp-content\\\/uploads\\\/2021\\\/04\\\/logo-feher-600.png\",\"width\":600,\"height\":100,\"caption\":\"Dorogi-medence Region\u00e1lis H\u00edrport\u00e1l\"},\"image\":{\"@id\":\"https:\\\/\\\/dorogimedence.hu\\\/#\\\/schema\\\/logo\\\/image\\\/\"},\"sameAs\":[\"https:\\\/\\\/www.facebook.com\\\/dorogimedence\\\/\"]},{\"@type\":\"Person\",\"@id\":\"https:\\\/\\\/dorogimedence.hu\\\/#\\\/schema\\\/person\\\/76605e8151ec1b7376385cd184ede973\",\"name\":\"Szab\u00f3 Gyula\",\"image\":{\"@type\":\"ImageObject\",\"inLanguage\":\"hu\",\"@id\":\"\\\/\\\/www.gravatar.com\\\/avatar\\\/3e44b6fb2ef9bcea3639958cc2a587cb?s=96&#038;r=g&#038;d=mm\",\"url\":\"\\\/\\\/www.gravatar.com\\\/avatar\\\/3e44b6fb2ef9bcea3639958cc2a587cb?s=96&#038;r=g&#038;d=mm\",\"contentUrl\":\"\\\/\\\/www.gravatar.com\\\/avatar\\\/3e44b6fb2ef9bcea3639958cc2a587cb?s=96&#038;r=g&#038;d=mm\",\"caption\":\"Szab\u00f3 Gyula\"}}]}<\/script>\n<!-- \/ Yoast SEO plugin. -->","yoast_head_json":{"title":"85 \u00e9ve t\u00f6rt\u00e9nt: A XXXIV. Eucharisztikus vil\u00e1gkongresszus sz\u00ednhelye volt Dorog","robots":{"index":"index","follow":"follow","max-snippet":"max-snippet:-1","max-image-preview":"max-image-preview:large","max-video-preview":"max-video-preview:-1"},"canonical":"https:\/\/dorogimedence.hu\/index.php\/2023\/05\/30\/85-eve-tortent-a-xxxiv-eucharisztikus-vilagkongresszus-szinhelye-volt-dorog\/","og_locale":"hu_HU","og_type":"article","og_title":"85 \u00e9ve t\u00f6rt\u00e9nt: A XXXIV. Eucharisztikus vil\u00e1gkongresszus sz\u00ednhelye volt Dorog","og_description":"85 \u00e9vvel ezel\u0151tt Magyarorsz\u00e1g, azon bel\u00fcl is Budapest lehetett a h\u00e1zigazd\u00e1ja a Katolikus Egyh\u00e1z egyik legnagyobb, legszents\u00e9gesebb \u00fcnnep\u00e9nek \u00e9s rendezv\u00e9ny\u00e9nek. Az 1938. m\u00e1jus 25-\u00e9n kezd\u0151d\u0151 vil\u00e1gtal\u00e1lkoz\u00f3 z\u00e1r\u00f3napj\u00e1nak helysz\u00edne pedig Dorog volt m\u00e1jus 30-\u00e1n, ahol nem mindennapi esem\u00e9ny r\u00e9szesei lehetettek a nemzetk\u00f6zi egyh\u00e1zf\u0151k \u00e9s a mintegy harmincezer zar\u00e1ndok. Az Eucharisztikus vil\u00e1gkongresszus a katolikus egyh\u00e1z szervez\u00e9s\u00e9ben \u00e9s","og_url":"https:\/\/dorogimedence.hu\/index.php\/2023\/05\/30\/85-eve-tortent-a-xxxiv-eucharisztikus-vilagkongresszus-szinhelye-volt-dorog\/","og_site_name":"Dorogi-medence Region\u00e1lis H\u00edrport\u00e1l","article_publisher":"https:\/\/www.facebook.com\/dorogimedence\/","article_published_time":"2023-05-30T05:07:54+00:00","article_modified_time":"2023-07-28T18:03:18+00:00","og_image":[{"width":960,"height":522,"url":"https:\/\/dorogimedence.hu\/wp-content\/uploads\/2023\/05\/10533982_812125652155293_2355999240800761601_n.jpg","type":"image\/jpeg"}],"author":"Szab\u00f3 Gyula","twitter_card":"summary_large_image","twitter_misc":{"Szerz\u0151:":"Szab\u00f3 Gyula","Becs\u00fclt olvas\u00e1si id\u0151":"16 perc"},"schema":{"@context":"https:\/\/schema.org","@graph":[{"@type":"Article","@id":"https:\/\/dorogimedence.hu\/index.php\/2023\/05\/30\/85-eve-tortent-a-xxxiv-eucharisztikus-vilagkongresszus-szinhelye-volt-dorog\/#article","isPartOf":{"@id":"https:\/\/dorogimedence.hu\/index.php\/2023\/05\/30\/85-eve-tortent-a-xxxiv-eucharisztikus-vilagkongresszus-szinhelye-volt-dorog\/"},"author":{"name":"Szab\u00f3 Gyula","@id":"https:\/\/dorogimedence.hu\/#\/schema\/person\/76605e8151ec1b7376385cd184ede973"},"headline":"85 \u00e9ve t\u00f6rt\u00e9nt: A XXXIV. Eucharisztikus vil\u00e1gkongresszus sz\u00ednhelye volt Dorog","datePublished":"2023-05-30T05:07:54+00:00","dateModified":"2023-07-28T18:03:18+00:00","mainEntityOfPage":{"@id":"https:\/\/dorogimedence.hu\/index.php\/2023\/05\/30\/85-eve-tortent-a-xxxiv-eucharisztikus-vilagkongresszus-szinhelye-volt-dorog\/"},"wordCount":3129,"publisher":{"@id":"https:\/\/dorogimedence.hu\/#organization"},"image":{"@id":"https:\/\/dorogimedence.hu\/index.php\/2023\/05\/30\/85-eve-tortent-a-xxxiv-eucharisztikus-vilagkongresszus-szinhelye-volt-dorog\/#primaryimage"},"thumbnailUrl":"https:\/\/dorogimedence.hu\/wp-content\/uploads\/2023\/05\/10533982_812125652155293_2355999240800761601_n.jpg","keywords":["Dorog","Eucharisztikus Vil\u00e1gkongresszus","katolikus egyh\u00e1z"],"articleSection":["Dorog","H\u00edrek","Kerek \u00e9vfordul\u00f3k"],"inLanguage":"hu"},{"@type":"WebPage","@id":"https:\/\/dorogimedence.hu\/index.php\/2023\/05\/30\/85-eve-tortent-a-xxxiv-eucharisztikus-vilagkongresszus-szinhelye-volt-dorog\/","url":"https:\/\/dorogimedence.hu\/index.php\/2023\/05\/30\/85-eve-tortent-a-xxxiv-eucharisztikus-vilagkongresszus-szinhelye-volt-dorog\/","name":"85 \u00e9ve t\u00f6rt\u00e9nt: A XXXIV. Eucharisztikus vil\u00e1gkongresszus sz\u00ednhelye volt Dorog","isPartOf":{"@id":"https:\/\/dorogimedence.hu\/#website"},"primaryImageOfPage":{"@id":"https:\/\/dorogimedence.hu\/index.php\/2023\/05\/30\/85-eve-tortent-a-xxxiv-eucharisztikus-vilagkongresszus-szinhelye-volt-dorog\/#primaryimage"},"image":{"@id":"https:\/\/dorogimedence.hu\/index.php\/2023\/05\/30\/85-eve-tortent-a-xxxiv-eucharisztikus-vilagkongresszus-szinhelye-volt-dorog\/#primaryimage"},"thumbnailUrl":"https:\/\/dorogimedence.hu\/wp-content\/uploads\/2023\/05\/10533982_812125652155293_2355999240800761601_n.jpg","datePublished":"2023-05-30T05:07:54+00:00","dateModified":"2023-07-28T18:03:18+00:00","breadcrumb":{"@id":"https:\/\/dorogimedence.hu\/index.php\/2023\/05\/30\/85-eve-tortent-a-xxxiv-eucharisztikus-vilagkongresszus-szinhelye-volt-dorog\/#breadcrumb"},"inLanguage":"hu","potentialAction":[{"@type":"ReadAction","target":["https:\/\/dorogimedence.hu\/index.php\/2023\/05\/30\/85-eve-tortent-a-xxxiv-eucharisztikus-vilagkongresszus-szinhelye-volt-dorog\/"]}]},{"@type":"ImageObject","inLanguage":"hu","@id":"https:\/\/dorogimedence.hu\/index.php\/2023\/05\/30\/85-eve-tortent-a-xxxiv-eucharisztikus-vilagkongresszus-szinhelye-volt-dorog\/#primaryimage","url":"https:\/\/dorogimedence.hu\/wp-content\/uploads\/2023\/05\/10533982_812125652155293_2355999240800761601_n.jpg","contentUrl":"https:\/\/dorogimedence.hu\/wp-content\/uploads\/2023\/05\/10533982_812125652155293_2355999240800761601_n.jpg","width":960,"height":522},{"@type":"BreadcrumbList","@id":"https:\/\/dorogimedence.hu\/index.php\/2023\/05\/30\/85-eve-tortent-a-xxxiv-eucharisztikus-vilagkongresszus-szinhelye-volt-dorog\/#breadcrumb","itemListElement":[{"@type":"ListItem","position":1,"name":"Kezd\u0151lap","item":"https:\/\/dorogimedence.hu\/"},{"@type":"ListItem","position":2,"name":"85 \u00e9ve t\u00f6rt\u00e9nt: A XXXIV. Eucharisztikus vil\u00e1gkongresszus sz\u00ednhelye volt Dorog"}]},{"@type":"WebSite","@id":"https:\/\/dorogimedence.hu\/#website","url":"https:\/\/dorogimedence.hu\/","name":"Dorogi-medence Region\u00e1lis H\u00edrport\u00e1l","description":"Dorog, Keszt\u00f6lc, Le\u00e1nyv\u00e1r, Piliscs\u00e9v, Tokod, Tokodalt\u00e1r\u00f3, Csolnok, Esztergom-kertv\u00e1ros: h\u00edrek, programok","publisher":{"@id":"https:\/\/dorogimedence.hu\/#organization"},"potentialAction":[{"@type":"SearchAction","target":{"@type":"EntryPoint","urlTemplate":"https:\/\/dorogimedence.hu\/?s={search_term_string}"},"query-input":{"@type":"PropertyValueSpecification","valueRequired":true,"valueName":"search_term_string"}}],"inLanguage":"hu"},{"@type":"Organization","@id":"https:\/\/dorogimedence.hu\/#organization","name":"Dorogi-medence Region\u00e1lis H\u00edrport\u00e1l","url":"https:\/\/dorogimedence.hu\/","logo":{"@type":"ImageObject","inLanguage":"hu","@id":"https:\/\/dorogimedence.hu\/#\/schema\/logo\/image\/","url":"https:\/\/dorogimedence.hu\/wp-content\/uploads\/2021\/04\/logo-feher-600.png","contentUrl":"https:\/\/dorogimedence.hu\/wp-content\/uploads\/2021\/04\/logo-feher-600.png","width":600,"height":100,"caption":"Dorogi-medence Region\u00e1lis H\u00edrport\u00e1l"},"image":{"@id":"https:\/\/dorogimedence.hu\/#\/schema\/logo\/image\/"},"sameAs":["https:\/\/www.facebook.com\/dorogimedence\/"]},{"@type":"Person","@id":"https:\/\/dorogimedence.hu\/#\/schema\/person\/76605e8151ec1b7376385cd184ede973","name":"Szab\u00f3 Gyula","image":{"@type":"ImageObject","inLanguage":"hu","@id":"\/\/www.gravatar.com\/avatar\/3e44b6fb2ef9bcea3639958cc2a587cb?s=96&#038;r=g&#038;d=mm","url":"\/\/www.gravatar.com\/avatar\/3e44b6fb2ef9bcea3639958cc2a587cb?s=96&#038;r=g&#038;d=mm","contentUrl":"\/\/www.gravatar.com\/avatar\/3e44b6fb2ef9bcea3639958cc2a587cb?s=96&#038;r=g&#038;d=mm","caption":"Szab\u00f3 Gyula"}}]}},"_links":{"self":[{"href":"https:\/\/dorogimedence.hu\/index.php\/wp-json\/wp\/v2\/posts\/52988","targetHints":{"allow":["GET"]}}],"collection":[{"href":"https:\/\/dorogimedence.hu\/index.php\/wp-json\/wp\/v2\/posts"}],"about":[{"href":"https:\/\/dorogimedence.hu\/index.php\/wp-json\/wp\/v2\/types\/post"}],"author":[{"embeddable":true,"href":"https:\/\/dorogimedence.hu\/index.php\/wp-json\/wp\/v2\/users\/4"}],"replies":[{"embeddable":true,"href":"https:\/\/dorogimedence.hu\/index.php\/wp-json\/wp\/v2\/comments?post=52988"}],"version-history":[{"count":0,"href":"https:\/\/dorogimedence.hu\/index.php\/wp-json\/wp\/v2\/posts\/52988\/revisions"}],"wp:featuredmedia":[{"embeddable":true,"href":"https:\/\/dorogimedence.hu\/index.php\/wp-json\/wp\/v2\/media\/52987"}],"wp:attachment":[{"href":"https:\/\/dorogimedence.hu\/index.php\/wp-json\/wp\/v2\/media?parent=52988"}],"wp:term":[{"taxonomy":"category","embeddable":true,"href":"https:\/\/dorogimedence.hu\/index.php\/wp-json\/wp\/v2\/categories?post=52988"},{"taxonomy":"post_tag","embeddable":true,"href":"https:\/\/dorogimedence.hu\/index.php\/wp-json\/wp\/v2\/tags?post=52988"}],"curies":[{"name":"wp","href":"https:\/\/api.w.org\/{rel}","templated":true}]}}