{"id":52974,"date":"2023-05-13T15:16:48","date_gmt":"2023-05-13T13:16:48","guid":{"rendered":"https:\/\/dorogimedence.hu\/?p=52974"},"modified":"2023-05-13T15:16:48","modified_gmt":"2023-05-13T13:16:48","slug":"tuzolto-gyereknapot-rendeztek-a-richternel","status":"publish","type":"post","link":"https:\/\/dorogimedence.hu\/index.php\/2023\/05\/13\/tuzolto-gyereknapot-rendeztek-a-richternel\/","title":{"rendered":"T\u0171zolt\u00f3 gyereknapot rendeztek a Richtern\u00e9l"},"content":{"rendered":"<p><strong>A tavalyi nagy sikert k\u00f6vet\u0151en id\u00e9n is megrendezte a Richter Gedeon Nyrt. Dorogi Fi\u00f3ktelepe a t\u0171zolt\u00f3 gyereknapot. M\u00e1jus 13-\u00e1n, szombaton a c\u00e9g parkol\u00f3j\u00e1ban t\u00f6bb sz\u00e1zan gy\u0171ltek \u00f6ssze, hogy betekint\u00e9st nyerjenek a t\u0171zolt\u00f3k mindennapjaiba, illetve kipr\u00f3b\u00e1lhass\u00e1k a j\u00e1rm\u0171vek szir\u00e9n\u00e1it \u00e9s az olt\u00e1shoz sz\u00fcks\u00e9ges eszk\u00f6z\u00f6ket!<\/strong><\/p>\n<p>Kiss Zolt\u00e1n, a Richter l\u00e9tes\u00edtm\u00e9nyi t\u0171zolt\u00f3s\u00e1g\u00e1nak parancsnoka elmondta, hogy a program sor\u00e1n bemutatkozott a teljes j\u00e1rm\u0171parkjuk a felszerel\u00e9seikkel egy\u00fctt, melyeket rendszeresen b\u0151v\u00edtenek. Tavaly p\u00e9ld\u00e1ul egy \u00faj t\u0171zolt\u00f3 g\u00e9pj\u00e1rm\u0171vet szereztek be, melyet egy hazai gy\u00e1rt\u00f3val k\u00e9sz\u00edtettek k\u00fcl\u00f6n a fi\u00f3ktelep ig\u00e9nyeinek megfelel\u0151en. \u201eA t\u0171zolt\u00f3 gyereknappal hagyom\u00e1nyt szeretn\u00e9nk teremteni. A c\u00e9lunk pedig az, hogy a r\u00e9sztvev\u0151k betekint\u00e9st nyerhessenek a mindennapi munk\u00e1nkba, illetve bemutassuk hogyan fejl\u0151d\u00fcnk \u00e9vr\u0151l \u00e9vre \u00e9s hogy milyen magas szint\u0171 v\u00e9delmi rendszert m\u0171k\u00f6dtet\u00fcnk.\u201d \u2013 tette hozz\u00e1 Kiss Zolt\u00e1n, majd elmondta, hogy a tavalyi gyereknapon der\u00fclt ki, hogy t\u00f6bben nem is tudt\u00e1k, hogy a dorogi Richterben van t\u0171zolt\u00f3s\u00e1g.<\/p>\n<p><img fetchpriority=\"high\" decoding=\"async\" class=\"alignnone size-full wp-image-52976\" src=\"https:\/\/dorogimedence.hu\/wp-content\/uploads\/2023\/05\/richter-tuzolto-02.jpg\" alt=\"\" width=\"1920\" height=\"1235\" srcset=\"https:\/\/dorogimedence.hu\/wp-content\/uploads\/2023\/05\/richter-tuzolto-02.jpg 1920w, https:\/\/dorogimedence.hu\/wp-content\/uploads\/2023\/05\/richter-tuzolto-02-300x193.jpg 300w, https:\/\/dorogimedence.hu\/wp-content\/uploads\/2023\/05\/richter-tuzolto-02-1024x659.jpg 1024w, https:\/\/dorogimedence.hu\/wp-content\/uploads\/2023\/05\/richter-tuzolto-02-768x494.jpg 768w, https:\/\/dorogimedence.hu\/wp-content\/uploads\/2023\/05\/richter-tuzolto-02-1536x988.jpg 1536w, https:\/\/dorogimedence.hu\/wp-content\/uploads\/2023\/05\/richter-tuzolto-02-150x96.jpg 150w, https:\/\/dorogimedence.hu\/wp-content\/uploads\/2023\/05\/richter-tuzolto-02-450x289.jpg 450w, https:\/\/dorogimedence.hu\/wp-content\/uploads\/2023\/05\/richter-tuzolto-02-1200x772.jpg 1200w\" sizes=\"(max-width: 1920px) 100vw, 1920px\" \/><\/p>\n<p>A program keret\u00e9ben a gyerekek felpr\u00f3b\u00e1lhatt\u00e1k a t\u0171zolt\u00f3ruh\u00e1kat, illetve a sisakokat. A t\u0171zolt\u00f3aut\u00f3kba be\u00fclve pedig igazi l\u00e1nglovagnak k\u00e9pzelhett\u00e9k magukat, mikor elind\u00edtott\u00e1k a szir\u00e9n\u00e1t. A b\u00e1trabbak t\u00e1lcat\u0171zolt\u00e1son is r\u00e9szt vettek, a legkisebbeknek pedig sz\u00ednez\u0151ket kaptak, illetve pap\u00edrt\u0171zolt\u00f3aut\u00f3t k\u00e9sz\u00edtettek.<\/p>\n<p><img decoding=\"async\" class=\"alignnone size-full wp-image-52977\" src=\"https:\/\/dorogimedence.hu\/wp-content\/uploads\/2023\/05\/richter-tuzolto-03.jpg\" alt=\"\" width=\"1920\" height=\"1280\" srcset=\"https:\/\/dorogimedence.hu\/wp-content\/uploads\/2023\/05\/richter-tuzolto-03.jpg 1920w, https:\/\/dorogimedence.hu\/wp-content\/uploads\/2023\/05\/richter-tuzolto-03-300x200.jpg 300w, https:\/\/dorogimedence.hu\/wp-content\/uploads\/2023\/05\/richter-tuzolto-03-1024x683.jpg 1024w, https:\/\/dorogimedence.hu\/wp-content\/uploads\/2023\/05\/richter-tuzolto-03-768x512.jpg 768w, https:\/\/dorogimedence.hu\/wp-content\/uploads\/2023\/05\/richter-tuzolto-03-1536x1024.jpg 1536w, https:\/\/dorogimedence.hu\/wp-content\/uploads\/2023\/05\/richter-tuzolto-03-150x100.jpg 150w, https:\/\/dorogimedence.hu\/wp-content\/uploads\/2023\/05\/richter-tuzolto-03-450x300.jpg 450w, https:\/\/dorogimedence.hu\/wp-content\/uploads\/2023\/05\/richter-tuzolto-03-1200x800.jpg 1200w, https:\/\/dorogimedence.hu\/wp-content\/uploads\/2023\/05\/richter-tuzolto-03-272x182.jpg 272w\" sizes=\"(max-width: 1920px) 100vw, 1920px\" \/><\/p>\n<p>A l\u00e9tes\u00edtm\u00e9nyi t\u0171zolt\u00f3k egy\u00e9bk\u00e9nt eg\u00e9sz \u00e9vben edzenek, valamint rendszeresen versenyeken is r\u00e9szt vesznek. 2022-ben pedig a CTIF \u00e1ltal szervezett Nemzetk\u00f6zi T\u0171zolt\u00f3 Olimpi\u00e1n a hagyom\u00e1nyos B kateg\u00f3ri\u00e1ban, a kismotor fecskend\u0151 szerel\u00e9sben \u00e9s v\u00e1lt\u00f3fut\u00e1sban bronz min\u0151s\u00edt\u00e9st szereztek.<\/p>\n<p><img decoding=\"async\" class=\"alignnone size-full wp-image-52978\" src=\"https:\/\/dorogimedence.hu\/wp-content\/uploads\/2023\/05\/richter-tuzolto-04.jpg\" alt=\"\" width=\"1920\" height=\"1179\" srcset=\"https:\/\/dorogimedence.hu\/wp-content\/uploads\/2023\/05\/richter-tuzolto-04.jpg 1920w, https:\/\/dorogimedence.hu\/wp-content\/uploads\/2023\/05\/richter-tuzolto-04-300x184.jpg 300w, https:\/\/dorogimedence.hu\/wp-content\/uploads\/2023\/05\/richter-tuzolto-04-1024x629.jpg 1024w, https:\/\/dorogimedence.hu\/wp-content\/uploads\/2023\/05\/richter-tuzolto-04-768x472.jpg 768w, https:\/\/dorogimedence.hu\/wp-content\/uploads\/2023\/05\/richter-tuzolto-04-1536x943.jpg 1536w, https:\/\/dorogimedence.hu\/wp-content\/uploads\/2023\/05\/richter-tuzolto-04-150x92.jpg 150w, https:\/\/dorogimedence.hu\/wp-content\/uploads\/2023\/05\/richter-tuzolto-04-450x276.jpg 450w, https:\/\/dorogimedence.hu\/wp-content\/uploads\/2023\/05\/richter-tuzolto-04-1200x737.jpg 1200w\" sizes=\"(max-width: 1920px) 100vw, 1920px\" \/><\/p>\n<p><img loading=\"lazy\" decoding=\"async\" class=\"alignnone size-full wp-image-52979\" src=\"https:\/\/dorogimedence.hu\/wp-content\/uploads\/2023\/05\/richter-tuzolto-05.jpg\" alt=\"\" width=\"1920\" height=\"1280\" srcset=\"https:\/\/dorogimedence.hu\/wp-content\/uploads\/2023\/05\/richter-tuzolto-05.jpg 1920w, https:\/\/dorogimedence.hu\/wp-content\/uploads\/2023\/05\/richter-tuzolto-05-300x200.jpg 300w, https:\/\/dorogimedence.hu\/wp-content\/uploads\/2023\/05\/richter-tuzolto-05-1024x683.jpg 1024w, https:\/\/dorogimedence.hu\/wp-content\/uploads\/2023\/05\/richter-tuzolto-05-768x512.jpg 768w, https:\/\/dorogimedence.hu\/wp-content\/uploads\/2023\/05\/richter-tuzolto-05-1536x1024.jpg 1536w, https:\/\/dorogimedence.hu\/wp-content\/uploads\/2023\/05\/richter-tuzolto-05-150x100.jpg 150w, https:\/\/dorogimedence.hu\/wp-content\/uploads\/2023\/05\/richter-tuzolto-05-450x300.jpg 450w, https:\/\/dorogimedence.hu\/wp-content\/uploads\/2023\/05\/richter-tuzolto-05-1200x800.jpg 1200w, https:\/\/dorogimedence.hu\/wp-content\/uploads\/2023\/05\/richter-tuzolto-05-272x182.jpg 272w\" sizes=\"(max-width: 1920px) 100vw, 1920px\" \/><\/p>\n","protected":false},"excerpt":{"rendered":"<p>A tavalyi nagy sikert k\u00f6vet\u0151en id\u00e9n is megrendezte a Richter Gedeon Nyrt. Dorogi Fi\u00f3ktelepe a t\u0171zolt\u00f3 gyereknapot. M\u00e1jus 13-\u00e1n, szombaton a c\u00e9g parkol\u00f3j\u00e1ban t\u00f6bb sz\u00e1zan gy\u0171ltek \u00f6ssze, hogy betekint\u00e9st nyerjenek a t\u0171zolt\u00f3k mindennapjaiba, illetve kipr\u00f3b\u00e1lhass\u00e1k a j\u00e1rm\u0171vek szir\u00e9n\u00e1it \u00e9s az olt\u00e1shoz sz\u00fcks\u00e9ges eszk\u00f6z\u00f6ket! Kiss Zolt\u00e1n, a Richter l\u00e9tes\u00edtm\u00e9nyi t\u0171zolt\u00f3s\u00e1g\u00e1nak parancsnoka elmondta, hogy a program sor\u00e1n<\/p>\n","protected":false},"author":1,"featured_media":52975,"comment_status":"closed","ping_status":"closed","sticky":false,"template":"","format":"standard","meta":{"ngg_post_thumbnail":0,"footnotes":""},"categories":[2,3],"tags":[15,5624,4060,4771,7189],"class_list":{"0":"post-52974","1":"post","2":"type-post","3":"status-publish","4":"format-standard","5":"has-post-thumbnail","7":"category-dorog","8":"category-hirek","9":"tag-dorog","10":"tag-featured","11":"tag-richter","12":"tag-richter-gedeon-nyrt","13":"tag-tuzoltonap"},"yoast_head":"<!-- This site is optimized with the Yoast SEO plugin v27.4 - https:\/\/yoast.com\/product\/yoast-seo-wordpress\/ -->\n<title>T\u0171zolt\u00f3 gyereknapot rendeztek a Richtern\u00e9l<\/title>\n<meta name=\"robots\" content=\"index, follow, max-snippet:-1, max-image-preview:large, max-video-preview:-1\" \/>\n<link rel=\"canonical\" href=\"https:\/\/dorogimedence.hu\/index.php\/2023\/05\/13\/tuzolto-gyereknapot-rendeztek-a-richternel\/\" class=\"yoast-seo-meta-tag\" \/>\n<meta property=\"og:locale\" content=\"hu_HU\" class=\"yoast-seo-meta-tag\" \/>\n<meta property=\"og:type\" content=\"article\" class=\"yoast-seo-meta-tag\" \/>\n<meta property=\"og:title\" content=\"T\u0171zolt\u00f3 gyereknapot rendeztek a Richtern\u00e9l\" class=\"yoast-seo-meta-tag\" \/>\n<meta property=\"og:description\" content=\"A tavalyi nagy sikert k\u00f6vet\u0151en id\u00e9n is megrendezte a Richter Gedeon Nyrt. Dorogi Fi\u00f3ktelepe a t\u0171zolt\u00f3 gyereknapot. M\u00e1jus 13-\u00e1n, szombaton a c\u00e9g parkol\u00f3j\u00e1ban t\u00f6bb sz\u00e1zan gy\u0171ltek \u00f6ssze, hogy betekint\u00e9st nyerjenek a t\u0171zolt\u00f3k mindennapjaiba, illetve kipr\u00f3b\u00e1lhass\u00e1k a j\u00e1rm\u0171vek szir\u00e9n\u00e1it \u00e9s az olt\u00e1shoz sz\u00fcks\u00e9ges eszk\u00f6z\u00f6ket! Kiss Zolt\u00e1n, a Richter l\u00e9tes\u00edtm\u00e9nyi t\u0171zolt\u00f3s\u00e1g\u00e1nak parancsnoka elmondta, hogy a program sor\u00e1n\" class=\"yoast-seo-meta-tag\" \/>\n<meta property=\"og:url\" content=\"https:\/\/dorogimedence.hu\/index.php\/2023\/05\/13\/tuzolto-gyereknapot-rendeztek-a-richternel\/\" class=\"yoast-seo-meta-tag\" \/>\n<meta property=\"og:site_name\" content=\"Dorogi-medence Region\u00e1lis H\u00edrport\u00e1l\" class=\"yoast-seo-meta-tag\" \/>\n<meta property=\"article:publisher\" content=\"https:\/\/www.facebook.com\/dorogimedence\/\" class=\"yoast-seo-meta-tag\" \/>\n<meta property=\"article:published_time\" content=\"2023-05-13T13:16:48+00:00\" class=\"yoast-seo-meta-tag\" \/>\n<meta property=\"og:image\" content=\"https:\/\/dorogimedence.hu\/wp-content\/uploads\/2023\/05\/richter-tuzolto-01.jpg\" class=\"yoast-seo-meta-tag\" \/>\n\t<meta property=\"og:image:width\" content=\"1920\" class=\"yoast-seo-meta-tag\" \/>\n\t<meta property=\"og:image:height\" content=\"970\" class=\"yoast-seo-meta-tag\" \/>\n\t<meta property=\"og:image:type\" content=\"image\/jpeg\" class=\"yoast-seo-meta-tag\" \/>\n<meta name=\"author\" content=\"dorogimedence.hu\" class=\"yoast-seo-meta-tag\" \/>\n<meta name=\"twitter:card\" content=\"summary_large_image\" class=\"yoast-seo-meta-tag\" \/>\n<meta name=\"twitter:label1\" content=\"Szerz\u0151:\" class=\"yoast-seo-meta-tag\" \/>\n\t<meta name=\"twitter:data1\" content=\"dorogimedence.hu\" class=\"yoast-seo-meta-tag\" \/>\n\t<meta name=\"twitter:label2\" content=\"Becs\u00fclt olvas\u00e1si id\u0151\" class=\"yoast-seo-meta-tag\" \/>\n\t<meta name=\"twitter:data2\" content=\"2 perc\" class=\"yoast-seo-meta-tag\" \/>\n<script type=\"application\/ld+json\" class=\"yoast-schema-graph\">{\"@context\":\"https:\\\/\\\/schema.org\",\"@graph\":[{\"@type\":\"Article\",\"@id\":\"https:\\\/\\\/dorogimedence.hu\\\/index.php\\\/2023\\\/05\\\/13\\\/tuzolto-gyereknapot-rendeztek-a-richternel\\\/#article\",\"isPartOf\":{\"@id\":\"https:\\\/\\\/dorogimedence.hu\\\/index.php\\\/2023\\\/05\\\/13\\\/tuzolto-gyereknapot-rendeztek-a-richternel\\\/\"},\"author\":{\"name\":\"dorogimedence.hu\",\"@id\":\"https:\\\/\\\/dorogimedence.hu\\\/#\\\/schema\\\/person\\\/ce6091eeb7e95ecdc87890d6aa8e0fd4\"},\"headline\":\"T\u0171zolt\u00f3 gyereknapot rendeztek a Richtern\u00e9l\",\"datePublished\":\"2023-05-13T13:16:48+00:00\",\"mainEntityOfPage\":{\"@id\":\"https:\\\/\\\/dorogimedence.hu\\\/index.php\\\/2023\\\/05\\\/13\\\/tuzolto-gyereknapot-rendeztek-a-richternel\\\/\"},\"wordCount\":350,\"publisher\":{\"@id\":\"https:\\\/\\\/dorogimedence.hu\\\/#organization\"},\"image\":{\"@id\":\"https:\\\/\\\/dorogimedence.hu\\\/index.php\\\/2023\\\/05\\\/13\\\/tuzolto-gyereknapot-rendeztek-a-richternel\\\/#primaryimage\"},\"thumbnailUrl\":\"https:\\\/\\\/dorogimedence.hu\\\/wp-content\\\/uploads\\\/2023\\\/05\\\/richter-tuzolto-01.jpg\",\"keywords\":[\"Dorog\",\"featured\",\"richter\",\"Richter Gedeon Nyrt.\",\"t\u0171zolt\u00f3nap\"],\"articleSection\":[\"Dorog\",\"H\u00edrek\"],\"inLanguage\":\"hu\"},{\"@type\":\"WebPage\",\"@id\":\"https:\\\/\\\/dorogimedence.hu\\\/index.php\\\/2023\\\/05\\\/13\\\/tuzolto-gyereknapot-rendeztek-a-richternel\\\/\",\"url\":\"https:\\\/\\\/dorogimedence.hu\\\/index.php\\\/2023\\\/05\\\/13\\\/tuzolto-gyereknapot-rendeztek-a-richternel\\\/\",\"name\":\"T\u0171zolt\u00f3 gyereknapot rendeztek a Richtern\u00e9l\",\"isPartOf\":{\"@id\":\"https:\\\/\\\/dorogimedence.hu\\\/#website\"},\"primaryImageOfPage\":{\"@id\":\"https:\\\/\\\/dorogimedence.hu\\\/index.php\\\/2023\\\/05\\\/13\\\/tuzolto-gyereknapot-rendeztek-a-richternel\\\/#primaryimage\"},\"image\":{\"@id\":\"https:\\\/\\\/dorogimedence.hu\\\/index.php\\\/2023\\\/05\\\/13\\\/tuzolto-gyereknapot-rendeztek-a-richternel\\\/#primaryimage\"},\"thumbnailUrl\":\"https:\\\/\\\/dorogimedence.hu\\\/wp-content\\\/uploads\\\/2023\\\/05\\\/richter-tuzolto-01.jpg\",\"datePublished\":\"2023-05-13T13:16:48+00:00\",\"breadcrumb\":{\"@id\":\"https:\\\/\\\/dorogimedence.hu\\\/index.php\\\/2023\\\/05\\\/13\\\/tuzolto-gyereknapot-rendeztek-a-richternel\\\/#breadcrumb\"},\"inLanguage\":\"hu\",\"potentialAction\":[{\"@type\":\"ReadAction\",\"target\":[\"https:\\\/\\\/dorogimedence.hu\\\/index.php\\\/2023\\\/05\\\/13\\\/tuzolto-gyereknapot-rendeztek-a-richternel\\\/\"]}]},{\"@type\":\"ImageObject\",\"inLanguage\":\"hu\",\"@id\":\"https:\\\/\\\/dorogimedence.hu\\\/index.php\\\/2023\\\/05\\\/13\\\/tuzolto-gyereknapot-rendeztek-a-richternel\\\/#primaryimage\",\"url\":\"https:\\\/\\\/dorogimedence.hu\\\/wp-content\\\/uploads\\\/2023\\\/05\\\/richter-tuzolto-01.jpg\",\"contentUrl\":\"https:\\\/\\\/dorogimedence.hu\\\/wp-content\\\/uploads\\\/2023\\\/05\\\/richter-tuzolto-01.jpg\",\"width\":1920,\"height\":970},{\"@type\":\"BreadcrumbList\",\"@id\":\"https:\\\/\\\/dorogimedence.hu\\\/index.php\\\/2023\\\/05\\\/13\\\/tuzolto-gyereknapot-rendeztek-a-richternel\\\/#breadcrumb\",\"itemListElement\":[{\"@type\":\"ListItem\",\"position\":1,\"name\":\"Kezd\u0151lap\",\"item\":\"https:\\\/\\\/dorogimedence.hu\\\/\"},{\"@type\":\"ListItem\",\"position\":2,\"name\":\"T\u0171zolt\u00f3 gyereknapot rendeztek a Richtern\u00e9l\"}]},{\"@type\":\"WebSite\",\"@id\":\"https:\\\/\\\/dorogimedence.hu\\\/#website\",\"url\":\"https:\\\/\\\/dorogimedence.hu\\\/\",\"name\":\"Dorogi-medence Region\u00e1lis H\u00edrport\u00e1l\",\"description\":\"Dorog, Keszt\u00f6lc, Le\u00e1nyv\u00e1r, Piliscs\u00e9v, Tokod, Tokodalt\u00e1r\u00f3, Csolnok, Esztergom-kertv\u00e1ros: h\u00edrek, programok\",\"publisher\":{\"@id\":\"https:\\\/\\\/dorogimedence.hu\\\/#organization\"},\"potentialAction\":[{\"@type\":\"SearchAction\",\"target\":{\"@type\":\"EntryPoint\",\"urlTemplate\":\"https:\\\/\\\/dorogimedence.hu\\\/?s={search_term_string}\"},\"query-input\":{\"@type\":\"PropertyValueSpecification\",\"valueRequired\":true,\"valueName\":\"search_term_string\"}}],\"inLanguage\":\"hu\"},{\"@type\":\"Organization\",\"@id\":\"https:\\\/\\\/dorogimedence.hu\\\/#organization\",\"name\":\"Dorogi-medence Region\u00e1lis H\u00edrport\u00e1l\",\"url\":\"https:\\\/\\\/dorogimedence.hu\\\/\",\"logo\":{\"@type\":\"ImageObject\",\"inLanguage\":\"hu\",\"@id\":\"https:\\\/\\\/dorogimedence.hu\\\/#\\\/schema\\\/logo\\\/image\\\/\",\"url\":\"https:\\\/\\\/dorogimedence.hu\\\/wp-content\\\/uploads\\\/2021\\\/04\\\/logo-feher-600.png\",\"contentUrl\":\"https:\\\/\\\/dorogimedence.hu\\\/wp-content\\\/uploads\\\/2021\\\/04\\\/logo-feher-600.png\",\"width\":600,\"height\":100,\"caption\":\"Dorogi-medence Region\u00e1lis H\u00edrport\u00e1l\"},\"image\":{\"@id\":\"https:\\\/\\\/dorogimedence.hu\\\/#\\\/schema\\\/logo\\\/image\\\/\"},\"sameAs\":[\"https:\\\/\\\/www.facebook.com\\\/dorogimedence\\\/\"]},{\"@type\":\"Person\",\"@id\":\"https:\\\/\\\/dorogimedence.hu\\\/#\\\/schema\\\/person\\\/ce6091eeb7e95ecdc87890d6aa8e0fd4\",\"name\":\"dorogimedence.hu\",\"image\":{\"@type\":\"ImageObject\",\"inLanguage\":\"hu\",\"@id\":\"\\\/\\\/www.gravatar.com\\\/avatar\\\/d8d45f8901aadff40a4af72c0b826f1d?s=96&#038;r=g&#038;d=mm\",\"url\":\"\\\/\\\/www.gravatar.com\\\/avatar\\\/d8d45f8901aadff40a4af72c0b826f1d?s=96&#038;r=g&#038;d=mm\",\"contentUrl\":\"\\\/\\\/www.gravatar.com\\\/avatar\\\/d8d45f8901aadff40a4af72c0b826f1d?s=96&#038;r=g&#038;d=mm\",\"caption\":\"dorogimedence.hu\"}}]}<\/script>\n<!-- \/ Yoast SEO plugin. -->","yoast_head_json":{"title":"T\u0171zolt\u00f3 gyereknapot rendeztek a Richtern\u00e9l","robots":{"index":"index","follow":"follow","max-snippet":"max-snippet:-1","max-image-preview":"max-image-preview:large","max-video-preview":"max-video-preview:-1"},"canonical":"https:\/\/dorogimedence.hu\/index.php\/2023\/05\/13\/tuzolto-gyereknapot-rendeztek-a-richternel\/","og_locale":"hu_HU","og_type":"article","og_title":"T\u0171zolt\u00f3 gyereknapot rendeztek a Richtern\u00e9l","og_description":"A tavalyi nagy sikert k\u00f6vet\u0151en id\u00e9n is megrendezte a Richter Gedeon Nyrt. Dorogi Fi\u00f3ktelepe a t\u0171zolt\u00f3 gyereknapot. M\u00e1jus 13-\u00e1n, szombaton a c\u00e9g parkol\u00f3j\u00e1ban t\u00f6bb sz\u00e1zan gy\u0171ltek \u00f6ssze, hogy betekint\u00e9st nyerjenek a t\u0171zolt\u00f3k mindennapjaiba, illetve kipr\u00f3b\u00e1lhass\u00e1k a j\u00e1rm\u0171vek szir\u00e9n\u00e1it \u00e9s az olt\u00e1shoz sz\u00fcks\u00e9ges eszk\u00f6z\u00f6ket! Kiss Zolt\u00e1n, a Richter l\u00e9tes\u00edtm\u00e9nyi t\u0171zolt\u00f3s\u00e1g\u00e1nak parancsnoka elmondta, hogy a program sor\u00e1n","og_url":"https:\/\/dorogimedence.hu\/index.php\/2023\/05\/13\/tuzolto-gyereknapot-rendeztek-a-richternel\/","og_site_name":"Dorogi-medence Region\u00e1lis H\u00edrport\u00e1l","article_publisher":"https:\/\/www.facebook.com\/dorogimedence\/","article_published_time":"2023-05-13T13:16:48+00:00","og_image":[{"width":1920,"height":970,"url":"https:\/\/dorogimedence.hu\/wp-content\/uploads\/2023\/05\/richter-tuzolto-01.jpg","type":"image\/jpeg"}],"author":"dorogimedence.hu","twitter_card":"summary_large_image","twitter_misc":{"Szerz\u0151:":"dorogimedence.hu","Becs\u00fclt olvas\u00e1si id\u0151":"2 perc"},"schema":{"@context":"https:\/\/schema.org","@graph":[{"@type":"Article","@id":"https:\/\/dorogimedence.hu\/index.php\/2023\/05\/13\/tuzolto-gyereknapot-rendeztek-a-richternel\/#article","isPartOf":{"@id":"https:\/\/dorogimedence.hu\/index.php\/2023\/05\/13\/tuzolto-gyereknapot-rendeztek-a-richternel\/"},"author":{"name":"dorogimedence.hu","@id":"https:\/\/dorogimedence.hu\/#\/schema\/person\/ce6091eeb7e95ecdc87890d6aa8e0fd4"},"headline":"T\u0171zolt\u00f3 gyereknapot rendeztek a Richtern\u00e9l","datePublished":"2023-05-13T13:16:48+00:00","mainEntityOfPage":{"@id":"https:\/\/dorogimedence.hu\/index.php\/2023\/05\/13\/tuzolto-gyereknapot-rendeztek-a-richternel\/"},"wordCount":350,"publisher":{"@id":"https:\/\/dorogimedence.hu\/#organization"},"image":{"@id":"https:\/\/dorogimedence.hu\/index.php\/2023\/05\/13\/tuzolto-gyereknapot-rendeztek-a-richternel\/#primaryimage"},"thumbnailUrl":"https:\/\/dorogimedence.hu\/wp-content\/uploads\/2023\/05\/richter-tuzolto-01.jpg","keywords":["Dorog","featured","richter","Richter Gedeon Nyrt.","t\u0171zolt\u00f3nap"],"articleSection":["Dorog","H\u00edrek"],"inLanguage":"hu"},{"@type":"WebPage","@id":"https:\/\/dorogimedence.hu\/index.php\/2023\/05\/13\/tuzolto-gyereknapot-rendeztek-a-richternel\/","url":"https:\/\/dorogimedence.hu\/index.php\/2023\/05\/13\/tuzolto-gyereknapot-rendeztek-a-richternel\/","name":"T\u0171zolt\u00f3 gyereknapot rendeztek a Richtern\u00e9l","isPartOf":{"@id":"https:\/\/dorogimedence.hu\/#website"},"primaryImageOfPage":{"@id":"https:\/\/dorogimedence.hu\/index.php\/2023\/05\/13\/tuzolto-gyereknapot-rendeztek-a-richternel\/#primaryimage"},"image":{"@id":"https:\/\/dorogimedence.hu\/index.php\/2023\/05\/13\/tuzolto-gyereknapot-rendeztek-a-richternel\/#primaryimage"},"thumbnailUrl":"https:\/\/dorogimedence.hu\/wp-content\/uploads\/2023\/05\/richter-tuzolto-01.jpg","datePublished":"2023-05-13T13:16:48+00:00","breadcrumb":{"@id":"https:\/\/dorogimedence.hu\/index.php\/2023\/05\/13\/tuzolto-gyereknapot-rendeztek-a-richternel\/#breadcrumb"},"inLanguage":"hu","potentialAction":[{"@type":"ReadAction","target":["https:\/\/dorogimedence.hu\/index.php\/2023\/05\/13\/tuzolto-gyereknapot-rendeztek-a-richternel\/"]}]},{"@type":"ImageObject","inLanguage":"hu","@id":"https:\/\/dorogimedence.hu\/index.php\/2023\/05\/13\/tuzolto-gyereknapot-rendeztek-a-richternel\/#primaryimage","url":"https:\/\/dorogimedence.hu\/wp-content\/uploads\/2023\/05\/richter-tuzolto-01.jpg","contentUrl":"https:\/\/dorogimedence.hu\/wp-content\/uploads\/2023\/05\/richter-tuzolto-01.jpg","width":1920,"height":970},{"@type":"BreadcrumbList","@id":"https:\/\/dorogimedence.hu\/index.php\/2023\/05\/13\/tuzolto-gyereknapot-rendeztek-a-richternel\/#breadcrumb","itemListElement":[{"@type":"ListItem","position":1,"name":"Kezd\u0151lap","item":"https:\/\/dorogimedence.hu\/"},{"@type":"ListItem","position":2,"name":"T\u0171zolt\u00f3 gyereknapot rendeztek a Richtern\u00e9l"}]},{"@type":"WebSite","@id":"https:\/\/dorogimedence.hu\/#website","url":"https:\/\/dorogimedence.hu\/","name":"Dorogi-medence Region\u00e1lis H\u00edrport\u00e1l","description":"Dorog, Keszt\u00f6lc, Le\u00e1nyv\u00e1r, Piliscs\u00e9v, Tokod, Tokodalt\u00e1r\u00f3, Csolnok, Esztergom-kertv\u00e1ros: h\u00edrek, programok","publisher":{"@id":"https:\/\/dorogimedence.hu\/#organization"},"potentialAction":[{"@type":"SearchAction","target":{"@type":"EntryPoint","urlTemplate":"https:\/\/dorogimedence.hu\/?s={search_term_string}"},"query-input":{"@type":"PropertyValueSpecification","valueRequired":true,"valueName":"search_term_string"}}],"inLanguage":"hu"},{"@type":"Organization","@id":"https:\/\/dorogimedence.hu\/#organization","name":"Dorogi-medence Region\u00e1lis H\u00edrport\u00e1l","url":"https:\/\/dorogimedence.hu\/","logo":{"@type":"ImageObject","inLanguage":"hu","@id":"https:\/\/dorogimedence.hu\/#\/schema\/logo\/image\/","url":"https:\/\/dorogimedence.hu\/wp-content\/uploads\/2021\/04\/logo-feher-600.png","contentUrl":"https:\/\/dorogimedence.hu\/wp-content\/uploads\/2021\/04\/logo-feher-600.png","width":600,"height":100,"caption":"Dorogi-medence Region\u00e1lis H\u00edrport\u00e1l"},"image":{"@id":"https:\/\/dorogimedence.hu\/#\/schema\/logo\/image\/"},"sameAs":["https:\/\/www.facebook.com\/dorogimedence\/"]},{"@type":"Person","@id":"https:\/\/dorogimedence.hu\/#\/schema\/person\/ce6091eeb7e95ecdc87890d6aa8e0fd4","name":"dorogimedence.hu","image":{"@type":"ImageObject","inLanguage":"hu","@id":"\/\/www.gravatar.com\/avatar\/d8d45f8901aadff40a4af72c0b826f1d?s=96&#038;r=g&#038;d=mm","url":"\/\/www.gravatar.com\/avatar\/d8d45f8901aadff40a4af72c0b826f1d?s=96&#038;r=g&#038;d=mm","contentUrl":"\/\/www.gravatar.com\/avatar\/d8d45f8901aadff40a4af72c0b826f1d?s=96&#038;r=g&#038;d=mm","caption":"dorogimedence.hu"}}]}},"_links":{"self":[{"href":"https:\/\/dorogimedence.hu\/index.php\/wp-json\/wp\/v2\/posts\/52974","targetHints":{"allow":["GET"]}}],"collection":[{"href":"https:\/\/dorogimedence.hu\/index.php\/wp-json\/wp\/v2\/posts"}],"about":[{"href":"https:\/\/dorogimedence.hu\/index.php\/wp-json\/wp\/v2\/types\/post"}],"author":[{"embeddable":true,"href":"https:\/\/dorogimedence.hu\/index.php\/wp-json\/wp\/v2\/users\/1"}],"replies":[{"embeddable":true,"href":"https:\/\/dorogimedence.hu\/index.php\/wp-json\/wp\/v2\/comments?post=52974"}],"version-history":[{"count":0,"href":"https:\/\/dorogimedence.hu\/index.php\/wp-json\/wp\/v2\/posts\/52974\/revisions"}],"wp:featuredmedia":[{"embeddable":true,"href":"https:\/\/dorogimedence.hu\/index.php\/wp-json\/wp\/v2\/media\/52975"}],"wp:attachment":[{"href":"https:\/\/dorogimedence.hu\/index.php\/wp-json\/wp\/v2\/media?parent=52974"}],"wp:term":[{"taxonomy":"category","embeddable":true,"href":"https:\/\/dorogimedence.hu\/index.php\/wp-json\/wp\/v2\/categories?post=52974"},{"taxonomy":"post_tag","embeddable":true,"href":"https:\/\/dorogimedence.hu\/index.php\/wp-json\/wp\/v2\/tags?post=52974"}],"curies":[{"name":"wp","href":"https:\/\/api.w.org\/{rel}","templated":true}]}}