{"id":52902,"date":"2023-05-11T12:58:56","date_gmt":"2023-05-11T10:58:56","guid":{"rendered":"https:\/\/dorogimedence.hu\/?p=52902"},"modified":"2023-05-11T13:00:31","modified_gmt":"2023-05-11T11:00:31","slug":"a-maival-egyutt-legyen-minden-nap-a-kozlekedesi-kultura-napja","status":"publish","type":"post","link":"https:\/\/dorogimedence.hu\/index.php\/2023\/05\/11\/a-maival-egyutt-legyen-minden-nap-a-kozlekedesi-kultura-napja\/","title":{"rendered":"A maival egy\u00fctt legyen minden nap a k\u00f6zleked\u00e9si kult\u00fara napja!"},"content":{"rendered":"<div class=\"field-lead\">\n<p><em>\u201e<\/em><strong>K\u00f6zlekedj\u00fcnk k\u00f6r\u00fcltekint\u0151en, tartsuk be a KRESZ szab\u00e1lyait! Figyelj\u00fcnk egym\u00e1sra, vigy\u00e1zzunk k\u00f6rnyezet\u00fcnkre \u00e9s a k\u00f6z\u00f6ss\u00e9gi k\u00f6zleked\u00e9s j\u00e1rm\u0171veire!\u201d- ezek a M\u00c1V-Vol\u00e1n-csoport legfontosabb \u00fczenetei m\u00e1jus 11-\u00e9n, a K\u00f6zleked\u00e9si Kult\u00fara Napj\u00e1n. A kezdem\u00e9nyez\u00e9s programjaihoz a M\u00c1V-Szimfonikusok koncertekkel csatlakoznak. <\/strong><\/p>\n<\/div>\n<div class=\"field-body\">\n<p>A kultur\u00e1lt k\u00f6zleked\u00e9s t\u00e9m\u00e1j\u00e1nak szomor\u00fa aktualit\u00e1sa volt tavaly a vas\u00fatn\u00e1l, hiszen a kor\u00e1bbi \u00e9vhez k\u00e9pest drasztikusan megemelkedett a vas\u00fati \u00e1tj\u00e1r\u00f3s balesetek sz\u00e1ma. A vas\u00fatt\u00e1rsas\u00e1g id\u00e9n is folytatja a 2022 \u00e1prilis\u00e1ban, \u00c9rj haza biztons\u00e1gban! c\u00edmmel elind\u00edtott orsz\u00e1gos balesetmegel\u0151z\u0151 kamp\u00e1ny\u00e1t, amely a lakoss\u00e1g \u00e1ltal\u00e1nos eduk\u00e1l\u00e1s\u00e1t, a probl\u00e9m\u00e1ra val\u00f3 r\u00e1vil\u00e1g\u00edt\u00e1st t\u0171zte ki c\u00e9lul. A M\u00c1V minden lehets\u00e9ges eszk\u00f6zzel felh\u00edvja a k\u00f6zleked\u0151k figyelm\u00e9t a k\u00f6r\u00fcltekint\u0151, szab\u00e1lyk\u00f6vet\u0151 k\u00f6zleked\u00e9s fontoss\u00e1g\u00e1ra, hiszen a balesetek sz\u00e1m\u00e1nak cs\u00f6kken\u00e9s\u00e9hez a k\u00f6zleked\u00e9si mor\u00e1l javul\u00e1sa elengedhetetlen!<\/p>\n<p>2023-ban eddig 16 baleset t\u00f6rt\u00e9nt vas\u00fati \u00e1tj\u00e1r\u00f3ban, amelyb\u0151l egy hal\u00e1los kimenetel\u0171 volt (tavaly ilyenkor m\u00e1r 37 baleset k\u00f6vetkezett be, amelyek sor\u00e1n 17-en vesztett\u00e9k \u00e9let\u00fcket). Tal\u00e1n az orsz\u00e1gos vas\u00fatbiztons\u00e1gi kamp\u00e1ny is hozz\u00e1j\u00e1rult, hogy az esetek sz\u00e1ma a tavalyi \u00e9v megegyez\u0151 id\u0151szak\u00e1hoz k\u00e9pest kevesebb, mint a fel\u00e9re cs\u00f6kkent, azonban fontos hangs\u00falyoznunk, hogy egy baleset is sok! Ezeknek a baleseteknek sem kellett volna megt\u00f6rt\u00e9nnie, hiszen az ok ezekben az esetekben is a figyelmetlens\u00e9g \u00e9s a KRESZ-szab\u00e1lyok be nem tart\u00e1sa volt.<\/p>\n<p><img fetchpriority=\"high\" decoding=\"async\" class=\"alignnone size-full wp-image-52904\" src=\"https:\/\/dorogimedence.hu\/wp-content\/uploads\/2023\/05\/a_kozlekedesi_kultura_napja_1080x1080_poszt.png\" alt=\"\" width=\"1081\" height=\"1081\" srcset=\"https:\/\/dorogimedence.hu\/wp-content\/uploads\/2023\/05\/a_kozlekedesi_kultura_napja_1080x1080_poszt.png 1081w, https:\/\/dorogimedence.hu\/wp-content\/uploads\/2023\/05\/a_kozlekedesi_kultura_napja_1080x1080_poszt-300x300.png 300w, https:\/\/dorogimedence.hu\/wp-content\/uploads\/2023\/05\/a_kozlekedesi_kultura_napja_1080x1080_poszt-1024x1024.png 1024w, https:\/\/dorogimedence.hu\/wp-content\/uploads\/2023\/05\/a_kozlekedesi_kultura_napja_1080x1080_poszt-150x150.png 150w, https:\/\/dorogimedence.hu\/wp-content\/uploads\/2023\/05\/a_kozlekedesi_kultura_napja_1080x1080_poszt-768x768.png 768w, https:\/\/dorogimedence.hu\/wp-content\/uploads\/2023\/05\/a_kozlekedesi_kultura_napja_1080x1080_poszt-450x450.png 450w\" sizes=\"(max-width: 1081px) 100vw, 1081px\" \/><\/p>\n<p>Magyarorsz\u00e1gon a K\u00f6zleked\u00e9studom\u00e1nyi Egyes\u00fclet szervez\u00e9s\u00e9ben megrendezett \u201eA K\u00f6zleked\u00e9si Kult\u00fara Napja\u201d kezdem\u00e9nyez\u00e9shez a M\u00c1V-csoport 2016-ban csatlakozott. 2021-t\u0151l m\u00e1r a M\u00c1V-Vol\u00e1n-csoport szervez k\u00fcl\u00f6nb\u00f6z\u0151 aktivit\u00e1sokat a Vol\u00e1nbusz intenz\u00edv r\u00e9szv\u00e9tel\u00e9vel.<\/p>\n<p>A K\u00f6zleked\u00e9si Kult\u00fara Napj\u00e1n valamennyi vas\u00fat\u00e1llom\u00e1s hangosbemond\u00f3j\u00e1ban \u00f3r\u00e1nk\u00e9nt- \u00e9s a Vol\u00e1nbusz mintegy 50 aut\u00f3busz-\u00e1llom\u00e1s\u00e1n is t\u00f6bb alkalommal elhangzanak az esem\u00e9ny legfontosabb \u00fczenetei. A kezdem\u00e9nyez\u00e9shez kapcsol\u00f3dva a mai napon a M\u00c1V Szimfonikusok r\u00e9zf\u00fav\u00f3s kvintettje 15 \u00f3rakor a N\u00e9pliget aut\u00f3busz-\u00e1llom\u00e1son-, 16 \u00f3r\u00e1t\u00f3l a Nyugati p\u00e1lyaudvaron, 17 \u00f3rakor a D\u00e9li p\u00e1lyaudvaron-, v\u00e9g\u00fcl 18 \u00f3rakor a Keleti p\u00e1lyaudvaron tart 35 perces koncerteket.<\/p>\n<p>A Vol\u00e1nbusz csatlakozott az ORFK-Orsz\u00e1gos Balesetmegel\u0151z\u00e9si Bizotts\u00e1g eg\u00e9sz \u00e9ves \u201eCSAT(T)LAKOZZ!\u201d kamp\u00e1ny\u00e1hoz, amely felh\u00edvja a figyelmet a passz\u00edv biztons\u00e1gi eszk\u00f6z\u00f6k, els\u0151sorban a biztons\u00e1gi \u00f6v helyes haszn\u00e1lat\u00e1ra, megk\u00e9rd\u0151jelezhetetlen fontoss\u00e1g\u00e1ra.<\/p>\n<p>A maival egy\u00fctt legyen minden nap a k\u00f6zleked\u00e9si kult\u00fara napja! K\u00f6zlekedj\u00fcnk k\u00f6r\u00fcltekint\u0151en, tartsuk be a KRESZ szab\u00e1lyait! Figyelj\u00fcnk egym\u00e1sra, vigy\u00e1zzunk k\u00f6rnyezet\u00fcnkre \u00e9s a k\u00f6z\u00f6ss\u00e9gi k\u00f6zleked\u00e9s j\u00e1rm\u0171veire! Utazzunk \u00fagy, hogy az \u00e9lm\u00e9ny legyen mindenki sz\u00e1m\u00e1ra!<\/p>\n<p><em>Forr\u00e1s: M\u00c1V Zrt. Kommunik\u00e1ci\u00f3s Igazgat\u00f3s\u00e1g<\/em><\/p>\n<\/div>\n","protected":false},"excerpt":{"rendered":"<p>\u201eK\u00f6zlekedj\u00fcnk k\u00f6r\u00fcltekint\u0151en, tartsuk be a KRESZ szab\u00e1lyait! Figyelj\u00fcnk egym\u00e1sra, vigy\u00e1zzunk k\u00f6rnyezet\u00fcnkre \u00e9s a k\u00f6z\u00f6ss\u00e9gi k\u00f6zleked\u00e9s j\u00e1rm\u0171veire!\u201d- ezek a M\u00c1V-Vol\u00e1n-csoport legfontosabb \u00fczenetei m\u00e1jus 11-\u00e9n, a K\u00f6zleked\u00e9si Kult\u00fara Napj\u00e1n. A kezdem\u00e9nyez\u00e9s programjaihoz a M\u00c1V-Szimfonikusok koncertekkel csatlakoznak. A kultur\u00e1lt k\u00f6zleked\u00e9s t\u00e9m\u00e1j\u00e1nak szomor\u00fa aktualit\u00e1sa volt tavaly a vas\u00fatn\u00e1l, hiszen a kor\u00e1bbi \u00e9vhez k\u00e9pest drasztikusan megemelkedett a vas\u00fati \u00e1tj\u00e1r\u00f3s balesetek<\/p>\n","protected":false},"author":1,"featured_media":52903,"comment_status":"closed","ping_status":"closed","sticky":false,"template":"","format":"standard","meta":{"ngg_post_thumbnail":0,"footnotes":""},"categories":[6934,3],"tags":[7207],"class_list":{"0":"post-52902","1":"post","2":"type-post","3":"status-publish","4":"format-standard","5":"has-post-thumbnail","7":"category-belfold","8":"category-hirek","9":"tag-a-kozlekedesi-kultura-napja"},"yoast_head":"<!-- This site is optimized with the Yoast SEO plugin v27.4 - https:\/\/yoast.com\/product\/yoast-seo-wordpress\/ -->\n<title>A maival egy\u00fctt legyen minden nap a k\u00f6zleked\u00e9si kult\u00fara napja!<\/title>\n<meta name=\"robots\" content=\"index, follow, max-snippet:-1, max-image-preview:large, max-video-preview:-1\" \/>\n<link rel=\"canonical\" href=\"https:\/\/dorogimedence.hu\/index.php\/2023\/05\/11\/a-maival-egyutt-legyen-minden-nap-a-kozlekedesi-kultura-napja\/\" class=\"yoast-seo-meta-tag\" \/>\n<meta property=\"og:locale\" content=\"hu_HU\" class=\"yoast-seo-meta-tag\" \/>\n<meta property=\"og:type\" content=\"article\" class=\"yoast-seo-meta-tag\" \/>\n<meta property=\"og:title\" content=\"A maival egy\u00fctt legyen minden nap a k\u00f6zleked\u00e9si kult\u00fara napja!\" class=\"yoast-seo-meta-tag\" \/>\n<meta property=\"og:description\" content=\"\u201eK\u00f6zlekedj\u00fcnk k\u00f6r\u00fcltekint\u0151en, tartsuk be a KRESZ szab\u00e1lyait! Figyelj\u00fcnk egym\u00e1sra, vigy\u00e1zzunk k\u00f6rnyezet\u00fcnkre \u00e9s a k\u00f6z\u00f6ss\u00e9gi k\u00f6zleked\u00e9s j\u00e1rm\u0171veire!\u201d- ezek a M\u00c1V-Vol\u00e1n-csoport legfontosabb \u00fczenetei m\u00e1jus 11-\u00e9n, a K\u00f6zleked\u00e9si Kult\u00fara Napj\u00e1n. A kezdem\u00e9nyez\u00e9s programjaihoz a M\u00c1V-Szimfonikusok koncertekkel csatlakoznak. A kultur\u00e1lt k\u00f6zleked\u00e9s t\u00e9m\u00e1j\u00e1nak szomor\u00fa aktualit\u00e1sa volt tavaly a vas\u00fatn\u00e1l, hiszen a kor\u00e1bbi \u00e9vhez k\u00e9pest drasztikusan megemelkedett a vas\u00fati \u00e1tj\u00e1r\u00f3s balesetek\" class=\"yoast-seo-meta-tag\" \/>\n<meta property=\"og:url\" content=\"https:\/\/dorogimedence.hu\/index.php\/2023\/05\/11\/a-maival-egyutt-legyen-minden-nap-a-kozlekedesi-kultura-napja\/\" class=\"yoast-seo-meta-tag\" \/>\n<meta property=\"og:site_name\" content=\"Dorogi-medence Region\u00e1lis H\u00edrport\u00e1l\" class=\"yoast-seo-meta-tag\" \/>\n<meta property=\"article:publisher\" content=\"https:\/\/www.facebook.com\/dorogimedence\/\" class=\"yoast-seo-meta-tag\" \/>\n<meta property=\"article:published_time\" content=\"2023-05-11T10:58:56+00:00\" class=\"yoast-seo-meta-tag\" \/>\n<meta property=\"article:modified_time\" content=\"2023-05-11T11:00:31+00:00\" class=\"yoast-seo-meta-tag\" \/>\n<meta property=\"og:image\" content=\"https:\/\/dorogimedence.hu\/wp-content\/uploads\/2023\/05\/kozlekedesi-kultura.jpg\" class=\"yoast-seo-meta-tag\" \/>\n\t<meta property=\"og:image:width\" content=\"1920\" class=\"yoast-seo-meta-tag\" \/>\n\t<meta property=\"og:image:height\" content=\"970\" class=\"yoast-seo-meta-tag\" \/>\n\t<meta property=\"og:image:type\" content=\"image\/jpeg\" class=\"yoast-seo-meta-tag\" \/>\n<meta name=\"author\" content=\"dorogimedence.hu\" class=\"yoast-seo-meta-tag\" \/>\n<meta name=\"twitter:card\" content=\"summary_large_image\" class=\"yoast-seo-meta-tag\" \/>\n<meta name=\"twitter:label1\" content=\"Szerz\u0151:\" class=\"yoast-seo-meta-tag\" \/>\n\t<meta name=\"twitter:data1\" content=\"dorogimedence.hu\" class=\"yoast-seo-meta-tag\" \/>\n\t<meta name=\"twitter:label2\" content=\"Becs\u00fclt olvas\u00e1si id\u0151\" class=\"yoast-seo-meta-tag\" \/>\n\t<meta name=\"twitter:data2\" content=\"3 perc\" class=\"yoast-seo-meta-tag\" \/>\n<script type=\"application\/ld+json\" class=\"yoast-schema-graph\">{\"@context\":\"https:\\\/\\\/schema.org\",\"@graph\":[{\"@type\":\"Article\",\"@id\":\"https:\\\/\\\/dorogimedence.hu\\\/index.php\\\/2023\\\/05\\\/11\\\/a-maival-egyutt-legyen-minden-nap-a-kozlekedesi-kultura-napja\\\/#article\",\"isPartOf\":{\"@id\":\"https:\\\/\\\/dorogimedence.hu\\\/index.php\\\/2023\\\/05\\\/11\\\/a-maival-egyutt-legyen-minden-nap-a-kozlekedesi-kultura-napja\\\/\"},\"author\":{\"name\":\"dorogimedence.hu\",\"@id\":\"https:\\\/\\\/dorogimedence.hu\\\/#\\\/schema\\\/person\\\/ce6091eeb7e95ecdc87890d6aa8e0fd4\"},\"headline\":\"A maival egy\u00fctt legyen minden nap a k\u00f6zleked\u00e9si kult\u00fara napja!\",\"datePublished\":\"2023-05-11T10:58:56+00:00\",\"dateModified\":\"2023-05-11T11:00:31+00:00\",\"mainEntityOfPage\":{\"@id\":\"https:\\\/\\\/dorogimedence.hu\\\/index.php\\\/2023\\\/05\\\/11\\\/a-maival-egyutt-legyen-minden-nap-a-kozlekedesi-kultura-napja\\\/\"},\"wordCount\":582,\"publisher\":{\"@id\":\"https:\\\/\\\/dorogimedence.hu\\\/#organization\"},\"image\":{\"@id\":\"https:\\\/\\\/dorogimedence.hu\\\/index.php\\\/2023\\\/05\\\/11\\\/a-maival-egyutt-legyen-minden-nap-a-kozlekedesi-kultura-napja\\\/#primaryimage\"},\"thumbnailUrl\":\"https:\\\/\\\/dorogimedence.hu\\\/wp-content\\\/uploads\\\/2023\\\/05\\\/kozlekedesi-kultura.jpg\",\"keywords\":[\"A k\u00f6zleked\u00e9si kult\u00fara napja\"],\"articleSection\":[\"Belf\u00f6ld, Gazdas\u00e1g\",\"H\u00edrek\"],\"inLanguage\":\"hu\"},{\"@type\":\"WebPage\",\"@id\":\"https:\\\/\\\/dorogimedence.hu\\\/index.php\\\/2023\\\/05\\\/11\\\/a-maival-egyutt-legyen-minden-nap-a-kozlekedesi-kultura-napja\\\/\",\"url\":\"https:\\\/\\\/dorogimedence.hu\\\/index.php\\\/2023\\\/05\\\/11\\\/a-maival-egyutt-legyen-minden-nap-a-kozlekedesi-kultura-napja\\\/\",\"name\":\"A maival egy\u00fctt legyen minden nap a k\u00f6zleked\u00e9si kult\u00fara napja!\",\"isPartOf\":{\"@id\":\"https:\\\/\\\/dorogimedence.hu\\\/#website\"},\"primaryImageOfPage\":{\"@id\":\"https:\\\/\\\/dorogimedence.hu\\\/index.php\\\/2023\\\/05\\\/11\\\/a-maival-egyutt-legyen-minden-nap-a-kozlekedesi-kultura-napja\\\/#primaryimage\"},\"image\":{\"@id\":\"https:\\\/\\\/dorogimedence.hu\\\/index.php\\\/2023\\\/05\\\/11\\\/a-maival-egyutt-legyen-minden-nap-a-kozlekedesi-kultura-napja\\\/#primaryimage\"},\"thumbnailUrl\":\"https:\\\/\\\/dorogimedence.hu\\\/wp-content\\\/uploads\\\/2023\\\/05\\\/kozlekedesi-kultura.jpg\",\"datePublished\":\"2023-05-11T10:58:56+00:00\",\"dateModified\":\"2023-05-11T11:00:31+00:00\",\"breadcrumb\":{\"@id\":\"https:\\\/\\\/dorogimedence.hu\\\/index.php\\\/2023\\\/05\\\/11\\\/a-maival-egyutt-legyen-minden-nap-a-kozlekedesi-kultura-napja\\\/#breadcrumb\"},\"inLanguage\":\"hu\",\"potentialAction\":[{\"@type\":\"ReadAction\",\"target\":[\"https:\\\/\\\/dorogimedence.hu\\\/index.php\\\/2023\\\/05\\\/11\\\/a-maival-egyutt-legyen-minden-nap-a-kozlekedesi-kultura-napja\\\/\"]}]},{\"@type\":\"ImageObject\",\"inLanguage\":\"hu\",\"@id\":\"https:\\\/\\\/dorogimedence.hu\\\/index.php\\\/2023\\\/05\\\/11\\\/a-maival-egyutt-legyen-minden-nap-a-kozlekedesi-kultura-napja\\\/#primaryimage\",\"url\":\"https:\\\/\\\/dorogimedence.hu\\\/wp-content\\\/uploads\\\/2023\\\/05\\\/kozlekedesi-kultura.jpg\",\"contentUrl\":\"https:\\\/\\\/dorogimedence.hu\\\/wp-content\\\/uploads\\\/2023\\\/05\\\/kozlekedesi-kultura.jpg\",\"width\":1920,\"height\":970},{\"@type\":\"BreadcrumbList\",\"@id\":\"https:\\\/\\\/dorogimedence.hu\\\/index.php\\\/2023\\\/05\\\/11\\\/a-maival-egyutt-legyen-minden-nap-a-kozlekedesi-kultura-napja\\\/#breadcrumb\",\"itemListElement\":[{\"@type\":\"ListItem\",\"position\":1,\"name\":\"Kezd\u0151lap\",\"item\":\"https:\\\/\\\/dorogimedence.hu\\\/\"},{\"@type\":\"ListItem\",\"position\":2,\"name\":\"A maival egy\u00fctt legyen minden nap a k\u00f6zleked\u00e9si kult\u00fara napja!\"}]},{\"@type\":\"WebSite\",\"@id\":\"https:\\\/\\\/dorogimedence.hu\\\/#website\",\"url\":\"https:\\\/\\\/dorogimedence.hu\\\/\",\"name\":\"Dorogi-medence Region\u00e1lis H\u00edrport\u00e1l\",\"description\":\"Dorog, Keszt\u00f6lc, Le\u00e1nyv\u00e1r, Piliscs\u00e9v, Tokod, Tokodalt\u00e1r\u00f3, Csolnok, Esztergom-kertv\u00e1ros: h\u00edrek, programok\",\"publisher\":{\"@id\":\"https:\\\/\\\/dorogimedence.hu\\\/#organization\"},\"potentialAction\":[{\"@type\":\"SearchAction\",\"target\":{\"@type\":\"EntryPoint\",\"urlTemplate\":\"https:\\\/\\\/dorogimedence.hu\\\/?s={search_term_string}\"},\"query-input\":{\"@type\":\"PropertyValueSpecification\",\"valueRequired\":true,\"valueName\":\"search_term_string\"}}],\"inLanguage\":\"hu\"},{\"@type\":\"Organization\",\"@id\":\"https:\\\/\\\/dorogimedence.hu\\\/#organization\",\"name\":\"Dorogi-medence Region\u00e1lis H\u00edrport\u00e1l\",\"url\":\"https:\\\/\\\/dorogimedence.hu\\\/\",\"logo\":{\"@type\":\"ImageObject\",\"inLanguage\":\"hu\",\"@id\":\"https:\\\/\\\/dorogimedence.hu\\\/#\\\/schema\\\/logo\\\/image\\\/\",\"url\":\"https:\\\/\\\/dorogimedence.hu\\\/wp-content\\\/uploads\\\/2021\\\/04\\\/logo-feher-600.png\",\"contentUrl\":\"https:\\\/\\\/dorogimedence.hu\\\/wp-content\\\/uploads\\\/2021\\\/04\\\/logo-feher-600.png\",\"width\":600,\"height\":100,\"caption\":\"Dorogi-medence Region\u00e1lis H\u00edrport\u00e1l\"},\"image\":{\"@id\":\"https:\\\/\\\/dorogimedence.hu\\\/#\\\/schema\\\/logo\\\/image\\\/\"},\"sameAs\":[\"https:\\\/\\\/www.facebook.com\\\/dorogimedence\\\/\"]},{\"@type\":\"Person\",\"@id\":\"https:\\\/\\\/dorogimedence.hu\\\/#\\\/schema\\\/person\\\/ce6091eeb7e95ecdc87890d6aa8e0fd4\",\"name\":\"dorogimedence.hu\",\"image\":{\"@type\":\"ImageObject\",\"inLanguage\":\"hu\",\"@id\":\"\\\/\\\/www.gravatar.com\\\/avatar\\\/d8d45f8901aadff40a4af72c0b826f1d?s=96&#038;r=g&#038;d=mm\",\"url\":\"\\\/\\\/www.gravatar.com\\\/avatar\\\/d8d45f8901aadff40a4af72c0b826f1d?s=96&#038;r=g&#038;d=mm\",\"contentUrl\":\"\\\/\\\/www.gravatar.com\\\/avatar\\\/d8d45f8901aadff40a4af72c0b826f1d?s=96&#038;r=g&#038;d=mm\",\"caption\":\"dorogimedence.hu\"}}]}<\/script>\n<!-- \/ Yoast SEO plugin. -->","yoast_head_json":{"title":"A maival egy\u00fctt legyen minden nap a k\u00f6zleked\u00e9si kult\u00fara napja!","robots":{"index":"index","follow":"follow","max-snippet":"max-snippet:-1","max-image-preview":"max-image-preview:large","max-video-preview":"max-video-preview:-1"},"canonical":"https:\/\/dorogimedence.hu\/index.php\/2023\/05\/11\/a-maival-egyutt-legyen-minden-nap-a-kozlekedesi-kultura-napja\/","og_locale":"hu_HU","og_type":"article","og_title":"A maival egy\u00fctt legyen minden nap a k\u00f6zleked\u00e9si kult\u00fara napja!","og_description":"\u201eK\u00f6zlekedj\u00fcnk k\u00f6r\u00fcltekint\u0151en, tartsuk be a KRESZ szab\u00e1lyait! Figyelj\u00fcnk egym\u00e1sra, vigy\u00e1zzunk k\u00f6rnyezet\u00fcnkre \u00e9s a k\u00f6z\u00f6ss\u00e9gi k\u00f6zleked\u00e9s j\u00e1rm\u0171veire!\u201d- ezek a M\u00c1V-Vol\u00e1n-csoport legfontosabb \u00fczenetei m\u00e1jus 11-\u00e9n, a K\u00f6zleked\u00e9si Kult\u00fara Napj\u00e1n. A kezdem\u00e9nyez\u00e9s programjaihoz a M\u00c1V-Szimfonikusok koncertekkel csatlakoznak. A kultur\u00e1lt k\u00f6zleked\u00e9s t\u00e9m\u00e1j\u00e1nak szomor\u00fa aktualit\u00e1sa volt tavaly a vas\u00fatn\u00e1l, hiszen a kor\u00e1bbi \u00e9vhez k\u00e9pest drasztikusan megemelkedett a vas\u00fati \u00e1tj\u00e1r\u00f3s balesetek","og_url":"https:\/\/dorogimedence.hu\/index.php\/2023\/05\/11\/a-maival-egyutt-legyen-minden-nap-a-kozlekedesi-kultura-napja\/","og_site_name":"Dorogi-medence Region\u00e1lis H\u00edrport\u00e1l","article_publisher":"https:\/\/www.facebook.com\/dorogimedence\/","article_published_time":"2023-05-11T10:58:56+00:00","article_modified_time":"2023-05-11T11:00:31+00:00","og_image":[{"width":1920,"height":970,"url":"https:\/\/dorogimedence.hu\/wp-content\/uploads\/2023\/05\/kozlekedesi-kultura.jpg","type":"image\/jpeg"}],"author":"dorogimedence.hu","twitter_card":"summary_large_image","twitter_misc":{"Szerz\u0151:":"dorogimedence.hu","Becs\u00fclt olvas\u00e1si id\u0151":"3 perc"},"schema":{"@context":"https:\/\/schema.org","@graph":[{"@type":"Article","@id":"https:\/\/dorogimedence.hu\/index.php\/2023\/05\/11\/a-maival-egyutt-legyen-minden-nap-a-kozlekedesi-kultura-napja\/#article","isPartOf":{"@id":"https:\/\/dorogimedence.hu\/index.php\/2023\/05\/11\/a-maival-egyutt-legyen-minden-nap-a-kozlekedesi-kultura-napja\/"},"author":{"name":"dorogimedence.hu","@id":"https:\/\/dorogimedence.hu\/#\/schema\/person\/ce6091eeb7e95ecdc87890d6aa8e0fd4"},"headline":"A maival egy\u00fctt legyen minden nap a k\u00f6zleked\u00e9si kult\u00fara napja!","datePublished":"2023-05-11T10:58:56+00:00","dateModified":"2023-05-11T11:00:31+00:00","mainEntityOfPage":{"@id":"https:\/\/dorogimedence.hu\/index.php\/2023\/05\/11\/a-maival-egyutt-legyen-minden-nap-a-kozlekedesi-kultura-napja\/"},"wordCount":582,"publisher":{"@id":"https:\/\/dorogimedence.hu\/#organization"},"image":{"@id":"https:\/\/dorogimedence.hu\/index.php\/2023\/05\/11\/a-maival-egyutt-legyen-minden-nap-a-kozlekedesi-kultura-napja\/#primaryimage"},"thumbnailUrl":"https:\/\/dorogimedence.hu\/wp-content\/uploads\/2023\/05\/kozlekedesi-kultura.jpg","keywords":["A k\u00f6zleked\u00e9si kult\u00fara napja"],"articleSection":["Belf\u00f6ld, Gazdas\u00e1g","H\u00edrek"],"inLanguage":"hu"},{"@type":"WebPage","@id":"https:\/\/dorogimedence.hu\/index.php\/2023\/05\/11\/a-maival-egyutt-legyen-minden-nap-a-kozlekedesi-kultura-napja\/","url":"https:\/\/dorogimedence.hu\/index.php\/2023\/05\/11\/a-maival-egyutt-legyen-minden-nap-a-kozlekedesi-kultura-napja\/","name":"A maival egy\u00fctt legyen minden nap a k\u00f6zleked\u00e9si kult\u00fara napja!","isPartOf":{"@id":"https:\/\/dorogimedence.hu\/#website"},"primaryImageOfPage":{"@id":"https:\/\/dorogimedence.hu\/index.php\/2023\/05\/11\/a-maival-egyutt-legyen-minden-nap-a-kozlekedesi-kultura-napja\/#primaryimage"},"image":{"@id":"https:\/\/dorogimedence.hu\/index.php\/2023\/05\/11\/a-maival-egyutt-legyen-minden-nap-a-kozlekedesi-kultura-napja\/#primaryimage"},"thumbnailUrl":"https:\/\/dorogimedence.hu\/wp-content\/uploads\/2023\/05\/kozlekedesi-kultura.jpg","datePublished":"2023-05-11T10:58:56+00:00","dateModified":"2023-05-11T11:00:31+00:00","breadcrumb":{"@id":"https:\/\/dorogimedence.hu\/index.php\/2023\/05\/11\/a-maival-egyutt-legyen-minden-nap-a-kozlekedesi-kultura-napja\/#breadcrumb"},"inLanguage":"hu","potentialAction":[{"@type":"ReadAction","target":["https:\/\/dorogimedence.hu\/index.php\/2023\/05\/11\/a-maival-egyutt-legyen-minden-nap-a-kozlekedesi-kultura-napja\/"]}]},{"@type":"ImageObject","inLanguage":"hu","@id":"https:\/\/dorogimedence.hu\/index.php\/2023\/05\/11\/a-maival-egyutt-legyen-minden-nap-a-kozlekedesi-kultura-napja\/#primaryimage","url":"https:\/\/dorogimedence.hu\/wp-content\/uploads\/2023\/05\/kozlekedesi-kultura.jpg","contentUrl":"https:\/\/dorogimedence.hu\/wp-content\/uploads\/2023\/05\/kozlekedesi-kultura.jpg","width":1920,"height":970},{"@type":"BreadcrumbList","@id":"https:\/\/dorogimedence.hu\/index.php\/2023\/05\/11\/a-maival-egyutt-legyen-minden-nap-a-kozlekedesi-kultura-napja\/#breadcrumb","itemListElement":[{"@type":"ListItem","position":1,"name":"Kezd\u0151lap","item":"https:\/\/dorogimedence.hu\/"},{"@type":"ListItem","position":2,"name":"A maival egy\u00fctt legyen minden nap a k\u00f6zleked\u00e9si kult\u00fara napja!"}]},{"@type":"WebSite","@id":"https:\/\/dorogimedence.hu\/#website","url":"https:\/\/dorogimedence.hu\/","name":"Dorogi-medence Region\u00e1lis H\u00edrport\u00e1l","description":"Dorog, Keszt\u00f6lc, Le\u00e1nyv\u00e1r, Piliscs\u00e9v, Tokod, Tokodalt\u00e1r\u00f3, Csolnok, Esztergom-kertv\u00e1ros: h\u00edrek, programok","publisher":{"@id":"https:\/\/dorogimedence.hu\/#organization"},"potentialAction":[{"@type":"SearchAction","target":{"@type":"EntryPoint","urlTemplate":"https:\/\/dorogimedence.hu\/?s={search_term_string}"},"query-input":{"@type":"PropertyValueSpecification","valueRequired":true,"valueName":"search_term_string"}}],"inLanguage":"hu"},{"@type":"Organization","@id":"https:\/\/dorogimedence.hu\/#organization","name":"Dorogi-medence Region\u00e1lis H\u00edrport\u00e1l","url":"https:\/\/dorogimedence.hu\/","logo":{"@type":"ImageObject","inLanguage":"hu","@id":"https:\/\/dorogimedence.hu\/#\/schema\/logo\/image\/","url":"https:\/\/dorogimedence.hu\/wp-content\/uploads\/2021\/04\/logo-feher-600.png","contentUrl":"https:\/\/dorogimedence.hu\/wp-content\/uploads\/2021\/04\/logo-feher-600.png","width":600,"height":100,"caption":"Dorogi-medence Region\u00e1lis H\u00edrport\u00e1l"},"image":{"@id":"https:\/\/dorogimedence.hu\/#\/schema\/logo\/image\/"},"sameAs":["https:\/\/www.facebook.com\/dorogimedence\/"]},{"@type":"Person","@id":"https:\/\/dorogimedence.hu\/#\/schema\/person\/ce6091eeb7e95ecdc87890d6aa8e0fd4","name":"dorogimedence.hu","image":{"@type":"ImageObject","inLanguage":"hu","@id":"\/\/www.gravatar.com\/avatar\/d8d45f8901aadff40a4af72c0b826f1d?s=96&#038;r=g&#038;d=mm","url":"\/\/www.gravatar.com\/avatar\/d8d45f8901aadff40a4af72c0b826f1d?s=96&#038;r=g&#038;d=mm","contentUrl":"\/\/www.gravatar.com\/avatar\/d8d45f8901aadff40a4af72c0b826f1d?s=96&#038;r=g&#038;d=mm","caption":"dorogimedence.hu"}}]}},"_links":{"self":[{"href":"https:\/\/dorogimedence.hu\/index.php\/wp-json\/wp\/v2\/posts\/52902","targetHints":{"allow":["GET"]}}],"collection":[{"href":"https:\/\/dorogimedence.hu\/index.php\/wp-json\/wp\/v2\/posts"}],"about":[{"href":"https:\/\/dorogimedence.hu\/index.php\/wp-json\/wp\/v2\/types\/post"}],"author":[{"embeddable":true,"href":"https:\/\/dorogimedence.hu\/index.php\/wp-json\/wp\/v2\/users\/1"}],"replies":[{"embeddable":true,"href":"https:\/\/dorogimedence.hu\/index.php\/wp-json\/wp\/v2\/comments?post=52902"}],"version-history":[{"count":0,"href":"https:\/\/dorogimedence.hu\/index.php\/wp-json\/wp\/v2\/posts\/52902\/revisions"}],"wp:featuredmedia":[{"embeddable":true,"href":"https:\/\/dorogimedence.hu\/index.php\/wp-json\/wp\/v2\/media\/52903"}],"wp:attachment":[{"href":"https:\/\/dorogimedence.hu\/index.php\/wp-json\/wp\/v2\/media?parent=52902"}],"wp:term":[{"taxonomy":"category","embeddable":true,"href":"https:\/\/dorogimedence.hu\/index.php\/wp-json\/wp\/v2\/categories?post=52902"},{"taxonomy":"post_tag","embeddable":true,"href":"https:\/\/dorogimedence.hu\/index.php\/wp-json\/wp\/v2\/tags?post=52902"}],"curies":[{"name":"wp","href":"https:\/\/api.w.org\/{rel}","templated":true}]}}