{"id":52624,"date":"2023-05-03T11:11:26","date_gmt":"2023-05-03T09:11:26","guid":{"rendered":"https:\/\/dorogimedence.hu\/?p=52624"},"modified":"2023-05-03T11:12:14","modified_gmt":"2023-05-03T09:12:14","slug":"csapadekvizgyujto-tartalyra-lehet-palyazni-esztergomban","status":"publish","type":"post","link":"https:\/\/dorogimedence.hu\/index.php\/2023\/05\/03\/csapadekvizgyujto-tartalyra-lehet-palyazni-esztergomban\/","title":{"rendered":"Csapad\u00e9kv\u00edzgy\u0171jt\u0151-tart\u00e1lyra lehet p\u00e1ly\u00e1zni Esztergomban"},"content":{"rendered":"<p><strong>Esztergom Megyei Jog\u00fa V\u00e1ros \u00d6nkorm\u00e1nyzata p\u00e1ly\u00e1zatot hirdet csapad\u00e9kv\u00edz ingatlanon bel\u00fcli gy\u0171jt\u00e9s\u00e9re \u00e9s hasznos\u00edt\u00e1s\u00e1ra <\/strong><em>&#8211; \u00edrja az \u00f6nkorm\u00e1nyzat a hivatalos <a href=\"https:\/\/esztergom.hu\/esztergomi\/hirek\/hir\/1233-palyazati-felhivas\" target=\"_blank\" rel=\"noopener\"><span style=\"text-decoration: underline; color: #0000ff;\">honlapj\u00e1n<\/span><\/a>.<\/em><strong><br \/>\n<\/strong><\/p>\n<p><strong>A p\u00e1ly\u00e1zat ki\u00edr\u00f3ja:<\/strong>&nbsp;Esztergom Megyei Jog\u00fa V\u00e1ros \u00d6nkorm\u00e1nyzata<\/p>\n<p><strong>A p\u00e1ly\u00e1zat c\u00edme:<\/strong>&nbsp;Csapad\u00e9kv\u00edz ingatlanon bel\u00fcli gy\u0171jt\u00e9se \u00e9s hasznos\u00edt\u00e1sa 2023.<\/p>\n<p><strong>A p\u00e1ly\u00e1zat c\u00e9lja:<\/strong> Esztergom Megyei Jog\u00fa V\u00e1rosban a mag\u00e1ningatlanok ter\u00fclet\u00e9re lehull\u00f3 csapad\u00e9kv\u00edz megfelel\u0151 gy\u0171jt\u00e9s\u00e9vel, t\u00e1rol\u00e1s\u00e1val \u00e9s felhaszn\u00e1l\u00e1s\u00e1val cs\u00f6kkenthet\u0151 az ingatlan ter\u00fclet\u00e9n l\u00e9v\u0151 n\u00f6v\u00e9nyek \u00f6nt\u00f6z\u00e9s\u00e9re felhaszn\u00e1lt v\u00edz mennyis\u00e9ge. Ezzel egyidej\u0171leg hozz\u00e1j\u00e1rulhatunk k\u00f6rnyezet\u00fcnk v\u00e9delm\u00e9hez is.<\/p>\n<p>Ennek \u00e9rdek\u00e9ben jelen p\u00e1ly\u00e1zat keret\u00e9n bel\u00fcl a csapad\u00e9kv\u00edz gy\u0171jt\u00e9s\u00e9re \u00e9s hasznos\u00edt\u00e1s\u00e1ra h\u00edvj\u00e1k Esztergom Megyei Jog\u00fa V\u00e1ros lakosait, akik Esztergom Megyei Jog\u00fa V\u00e1ros ter\u00fclet\u00e9n kertes ingatlannal vagy kerttel, telekkel rendelkeznek, melyen az \u00f6sszegy\u0171jt\u00f6tt csapad\u00e9kv\u00edz hasznos\u00edthat\u00f3, felhaszn\u00e1lhat\u00f3.<\/p>\n<p><strong>P\u00e1ly\u00e1zati t\u00e1mogat\u00e1sban r\u00e9szes\u00edthet\u0151: <\/strong>Esztergom Megyei Jog\u00fa V\u00e1rosban bejelentetett lak\u00f3-, illetve tart\u00f3zkod\u00e1si hellyel rendelkez\u0151 term\u00e9szetes szem\u00e9ly, aki a p\u00e1ly\u00e1zati felh\u00edv\u00e1snak megfelel\u0151en a jelzett hat\u00e1rid\u0151ig beny\u00fajtja p\u00e1ly\u00e1zati adatlapj\u00e1t \u00e9s annak k\u00f6telez\u0151 mell\u00e9kleteit. Egy p\u00e1ly\u00e1z\u00f3 csak egy p\u00e1ly\u00e1zatot ny\u00fajthat be.<\/p>\n<p><strong>Jelentkez\u00e9si id\u0151szak:&nbsp;2023. m\u00e1jus 15. \u2013 2023. j\u00fanius 30. k\u00f6z\u00f6tt.<\/strong><\/p>\n<p>P\u00e1ly\u00e1zatonk\u00e9nt 1 db 300 literes vagy 520 literes csapad\u00e9kv\u00edzgy\u0171jt\u0151 tart\u00e1ly ig\u00e9nyelhet\u0151. A korl\u00e1tozottan rendelkez\u00e9sre \u00e1ll\u00f3 p\u00e1ly\u00e1zati keret\u00f6sszeg miatt az elb\u00edr\u00e1l\u00e1s sor\u00e1n a p\u00e1ly\u00e1zatok be\u00e9rkez\u00e9si sorrendj\u00e9t veszik figyelembe.<\/p>\n<p><strong>A T\u00e1mogatott az al\u00e1bbi el\u0151\u00edr\u00e1sokat k\u00f6teles betartani:<\/strong><\/p>\n<ul>\n<li>A csapad\u00e9kv\u00edzgy\u0171jt\u0151 tart\u00e1ly \u00e1tv\u00e9tel\u00e9nek pontos idej\u00e9r\u0151l \u00e9s hely\u00e9r\u0151l a beny\u00fajtott p\u00e1ly\u00e1zat elb\u00edr\u00e1l\u00e1s\u00e1t k\u00f6vet\u0151en kap t\u00e1j\u00e9koztat\u00e1st a p\u00e1ly\u00e1z\u00f3.<\/li>\n<li>A t\u00e1mogat\u00e1s minden nyertes p\u00e1ly\u00e1zat eset\u00e9ben 1 darab 300 literes vagy 520 literes m\u0171anyag csapad\u00e9kv\u00edzgy\u0171jt\u0151 tart\u00e1ly, amelyet az \u00e1tv\u00e9telt\u0151l sz\u00e1m\u00edtva 5 \u00e9ven kereszt\u00fcl csapad\u00e9kv\u00edz gy\u0171jt\u00e9s\u00e9re kell haszn\u00e1lni \u00e9s az \u00edgy gy\u0171jt\u00f6tt csapad\u00e9kvizet hasznos\u00edtani kell.<\/li>\n<li>A csapad\u00e9kv\u00edzgy\u0171jt\u0151 tart\u00e1lyt karban kell tartani, nem lehet sz\u00fanyogl\u00e1rv\u00e1k \u00e9l\u0151helye, amivel sz\u00fanyogok sz\u00e1ma n\u00f6vekedne. Ennek \u00e9rdek\u00e9ben a csatorna bevezet\u00e9st vagy a z\u00e1rt tet\u0151n, vagy sz\u00fanyogh\u00e1l\u00f3n kereszt\u00fcl kell kialak\u00edtani, \u00fagy, hogy ny\u00edlt v\u00edzfel\u00fclet ne legyen.<\/li>\n<\/ul>\n<p>A p\u00e1ly\u00e1zat beny\u00fajt\u00e1s\u00e1nak v\u00e9gs\u0151 hat\u00e1rideje:&nbsp;<strong>2023. j\u00fanius 30.<\/strong><\/p>\n<p>A beny\u00fajt\u00e1si hat\u00e1rid\u0151 a post\u00e1ra ad\u00e1s d\u00e1tum\u00e1t jelzi. A B\u00edr\u00e1l\u00f3 Bizotts\u00e1g a hat\u00e1rid\u0151n t\u00fal feladott p\u00e1ly\u00e1zatokat csak a k\u00f6vetkez\u0151 kioszt\u00e1s alkalm\u00e1val tudja figyelembe venni.<\/p>\n<p><strong>A p\u00e1ly\u00e1zati adatlap bek\u00fcld\u00e9se, a p\u00e1ly\u00e1zat formai k\u00f6vetelm\u00e9nyei:<\/strong><\/p>\n<ul>\n<li>A kit\u00f6lt\u00f6tt p\u00e1ly\u00e1zati adatlapot \u00e9s annak k\u00f6telez\u0151 mell\u00e9kleteit lez\u00e1rt bor\u00edt\u00e9kban, 1 p\u00e9ld\u00e1nyban kell beny\u00fajtani postai vagy elektronikus \u00faton Esztergomi K\u00f6z\u00f6s \u00d6nkorm\u00e1nyzati Hivatal V\u00e1ros\u00fczemeltet\u00e9si Oszt\u00e1lya r\u00e9sz\u00e9re (2500 Esztergom, Sz\u00e9chenyi t\u00e9r 1.).<\/li>\n<li>P\u00e1ly\u00e1zatot kiz\u00e1r\u00f3lag a jelentkez\u00e9si lap kit\u00f6lt\u00e9s\u00e9vel lehet beny\u00fajtani. A bor\u00edt\u00e9kon k\u00e9rj\u00fck felt\u00fcntetni a p\u00e1ly\u00e1zat c\u00edm\u00e9t: \u201eCsapad\u00e9kv\u00edz ingatlanon bel\u00fcli gy\u0171jt\u00e9se \u00e9s hasznos\u00edt\u00e1sa 2023.\u201d<\/li>\n<li>A p\u00e1ly\u00e1zat ki\u00edr\u00f3ja a ki\u00edr\u00e1s szerint hi\u00e1nyos vagy pontatlan p\u00e1ly\u00e1zatokat nem fogadja el, azokat hi\u00e1nyp\u00f3tl\u00e1sra sz\u00f3l\u00edtja fel. A hi\u00e1nyz\u00f3 dokumentumok beny\u00fajt\u00e1s\u00e1ra egy alkalommal a felsz\u00f3l\u00edt\u00e1st k\u00f6vez\u0151 5 munkanapon bel\u00fcl van lehet\u0151s\u00e9g.<\/li>\n<\/ul>\n<p><strong>K\u00f6telez\u0151 p\u00e1ly\u00e1zati mell\u00e9kletek:<\/strong><\/p>\n<ul>\n<li><a href=\"https:\/\/esztergom.hu\/items\/cikk2023\/Jelentkez\u00e9si_lap_csapad\u00e9kv\u00edz_05.02.docx\" target=\"_blank\" rel=\"noopener\"><span style=\"text-decoration: underline; color: #0000ff;\">Jelentkez\u00e9si lap \u00e9s mell\u00e9kletei<\/span><\/a><\/li>\n<li>A csapad\u00e9kv\u00edzgy\u0171jt\u0151 tervezett elhelyez\u00e9s\u00e9nek le\u00edr\u00e1sa<\/li>\n<li>A csapad\u00e9kv\u00edz hasznos\u00edt\u00e1s\u00e1nak le\u00edr\u00e1sa<\/li>\n<\/ul>\n<p><strong>P\u00e1ly\u00e1z\u00f3 t\u00e1rsash\u00e1z eset\u00e9n:<\/strong><\/p>\n<ul>\n<li>K\u00f6z\u00f6s k\u00e9pvisel\u0151\/t\u00e1rsash\u00e1zkezel\u0151 megb\u00edzat\u00e1s\u00e1r\u00f3l sz\u00f3l\u00f3 k\u00f6zgy\u0171l\u00e9si hat\u00e1rozat m\u00e1solata.<\/li>\n<\/ul>\n<p><strong>A p\u00e1ly\u00e1zatok elb\u00edr\u00e1l\u00e1sa:<\/strong><\/p>\n<ul>\n<li>A beny\u00fajtott p\u00e1ly\u00e1zatokat folyamatosan, be\u00e9rkez\u00e9si sorrendben b\u00edr\u00e1lja el a B\u00edr\u00e1l\u00f3 Bizotts\u00e1g.<\/li>\n<li>A p\u00e1ly\u00e1zattal kapcsolatos d\u00f6nt\u00e9sr\u0151l a p\u00e1ly\u00e1z\u00f3k az elb\u00edr\u00e1l\u00e1st k\u00f6vet\u0151 30 napon bel\u00fcl \u00edr\u00e1sbeli \u00e9rtes\u00edt\u00e9st kapnak.&nbsp;Az e-mail-en kik\u00fcld\u00f6tt \u00e9rtes\u00edt\u00e9s meg\u00e9rkez\u00e9s\u00e9r\u0151l visszaigazol\u00e1st k\u00e9r\u00fcnk a p\u00e1ly\u00e1z\u00f3t\u00f3l!&nbsp;<\/li>\n<\/ul>\n<p><strong>P\u00e1ly\u00e1zati ki\u00edr\u00e1ssal kapcsolatos inform\u00e1ci\u00f3k:<\/strong><\/p>\n<p>A p\u00e1ly\u00e1zattal kapcsolatban felvil\u00e1gos\u00edt\u00e1s k\u00e9rhet\u0151 Esztergomi K\u00f6z\u00f6s \u00d6nkorm\u00e1nyzati Hivatal V\u00e1ros\u00fczemeltet\u00e9si Oszt\u00e1lya al\u00e1bbi e-mail c\u00edm\u00e9n&nbsp;(<span style=\"text-decoration: underline; color: #0000ff;\"><a style=\"color: #0000ff; text-decoration: underline;\" href=\"http:\/\/varosuzemeltetes@esztergom.hu\" target=\"_blank\" rel=\"noopener\">varosuzemeltetes@esztergom.hu<\/a><\/span>), vagy Sztrunga Szabina k\u00f6zm\u0171beruh\u00e1z\u00e1si- \u00e9s fenntart\u00e1si \u00fcgyint\u00e9z\u0151t\u0151l a 06 (33) 542&nbsp;072 telefonsz\u00e1mon. <span style=\"text-decoration: underline; color: #0000ff;\"><a style=\"color: #0000ff; text-decoration: underline;\" href=\"https:\/\/esztergom.hu\/items\/cikk2023\/14_2023_IV_21_\u00f6nkorm\u00e1nyzati_rend.pdf\" target=\"_blank\" rel=\"noopener\">14\/2023. (IV.21.) \u00f6nkorm\u00e1nyzati rendelet.<\/a><\/span><\/p>\n<p><em>Forr\u00e1s: esztergom.hu<\/em><br \/>\n<em>Bor\u00edt\u00f3k\u00e9p: illusztr\u00e1ci\u00f3<\/em><\/p>\n","protected":false},"excerpt":{"rendered":"<p>Esztergom Megyei Jog\u00fa V\u00e1ros \u00d6nkorm\u00e1nyzata p\u00e1ly\u00e1zatot hirdet csapad\u00e9kv\u00edz ingatlanon bel\u00fcli gy\u0171jt\u00e9s\u00e9re \u00e9s hasznos\u00edt\u00e1s\u00e1ra &#8211; \u00edrja az \u00f6nkorm\u00e1nyzat a hivatalos honlapj\u00e1n. A p\u00e1ly\u00e1zat ki\u00edr\u00f3ja:&nbsp;Esztergom Megyei Jog\u00fa V\u00e1ros \u00d6nkorm\u00e1nyzata A p\u00e1ly\u00e1zat c\u00edme:&nbsp;Csapad\u00e9kv\u00edz ingatlanon bel\u00fcli gy\u0171jt\u00e9se \u00e9s hasznos\u00edt\u00e1sa 2023. A p\u00e1ly\u00e1zat c\u00e9lja: Esztergom Megyei Jog\u00fa V\u00e1rosban a mag\u00e1ningatlanok ter\u00fclet\u00e9re lehull\u00f3 csapad\u00e9kv\u00edz megfelel\u0151 gy\u0171jt\u00e9s\u00e9vel, t\u00e1rol\u00e1s\u00e1val \u00e9s felhaszn\u00e1l\u00e1s\u00e1val cs\u00f6kkenthet\u0151 az<\/p>\n","protected":false},"author":1,"featured_media":0,"comment_status":"closed","ping_status":"closed","sticky":false,"template":"","format":"standard","meta":{"ngg_post_thumbnail":0,"footnotes":""},"categories":[38,3],"tags":[7184,5766,42,74],"class_list":{"0":"post-52624","1":"post","2":"type-post","3":"status-publish","4":"format-standard","6":"category-esztergom","7":"category-hirek","8":"tag-csapadekvizgyujto-tartaly","9":"tag-esoviz","10":"tag-esztergom","11":"tag-palyazat"},"yoast_head":"<!-- This site is optimized with the Yoast SEO plugin v27.5 - https:\/\/yoast.com\/product\/yoast-seo-wordpress\/ -->\n<title>Csapad\u00e9kv\u00edzgy\u0171jt\u0151-tart\u00e1lyra lehet p\u00e1ly\u00e1zni Esztergomban<\/title>\n<meta name=\"robots\" content=\"index, follow, max-snippet:-1, max-image-preview:large, max-video-preview:-1\" \/>\n<link rel=\"canonical\" href=\"https:\/\/dorogimedence.hu\/index.php\/2023\/05\/03\/csapadekvizgyujto-tartalyra-lehet-palyazni-esztergomban\/\" class=\"yoast-seo-meta-tag\" \/>\n<meta property=\"og:locale\" content=\"hu_HU\" class=\"yoast-seo-meta-tag\" \/>\n<meta property=\"og:type\" content=\"article\" class=\"yoast-seo-meta-tag\" \/>\n<meta property=\"og:title\" content=\"Csapad\u00e9kv\u00edzgy\u0171jt\u0151-tart\u00e1lyra lehet p\u00e1ly\u00e1zni Esztergomban\" class=\"yoast-seo-meta-tag\" \/>\n<meta property=\"og:description\" content=\"Esztergom Megyei Jog\u00fa V\u00e1ros \u00d6nkorm\u00e1nyzata p\u00e1ly\u00e1zatot hirdet csapad\u00e9kv\u00edz ingatlanon bel\u00fcli gy\u0171jt\u00e9s\u00e9re \u00e9s hasznos\u00edt\u00e1s\u00e1ra &#8211; \u00edrja az \u00f6nkorm\u00e1nyzat a hivatalos honlapj\u00e1n. A p\u00e1ly\u00e1zat ki\u00edr\u00f3ja:&nbsp;Esztergom Megyei Jog\u00fa V\u00e1ros \u00d6nkorm\u00e1nyzata A p\u00e1ly\u00e1zat c\u00edme:&nbsp;Csapad\u00e9kv\u00edz ingatlanon bel\u00fcli gy\u0171jt\u00e9se \u00e9s hasznos\u00edt\u00e1sa 2023. A p\u00e1ly\u00e1zat c\u00e9lja: Esztergom Megyei Jog\u00fa V\u00e1rosban a mag\u00e1ningatlanok ter\u00fclet\u00e9re lehull\u00f3 csapad\u00e9kv\u00edz megfelel\u0151 gy\u0171jt\u00e9s\u00e9vel, t\u00e1rol\u00e1s\u00e1val \u00e9s felhaszn\u00e1l\u00e1s\u00e1val cs\u00f6kkenthet\u0151 az\" class=\"yoast-seo-meta-tag\" \/>\n<meta property=\"og:url\" content=\"https:\/\/dorogimedence.hu\/index.php\/2023\/05\/03\/csapadekvizgyujto-tartalyra-lehet-palyazni-esztergomban\/\" class=\"yoast-seo-meta-tag\" \/>\n<meta property=\"og:site_name\" content=\"Dorogi-medence Region\u00e1lis H\u00edrport\u00e1l\" class=\"yoast-seo-meta-tag\" \/>\n<meta property=\"article:publisher\" content=\"https:\/\/www.facebook.com\/dorogimedence\/\" class=\"yoast-seo-meta-tag\" \/>\n<meta property=\"article:published_time\" content=\"2023-05-03T09:11:26+00:00\" class=\"yoast-seo-meta-tag\" \/>\n<meta property=\"article:modified_time\" content=\"2023-05-03T09:12:14+00:00\" class=\"yoast-seo-meta-tag\" \/>\n<meta property=\"og:image\" content=\"https:\/\/dorogimedence.hu\/wp-content\/uploads\/2022\/07\/barkacs_esovizgyujto.jpg\" class=\"yoast-seo-meta-tag\" \/>\n\t<meta property=\"og:image:width\" content=\"848\" class=\"yoast-seo-meta-tag\" \/>\n\t<meta property=\"og:image:height\" content=\"565\" class=\"yoast-seo-meta-tag\" \/>\n\t<meta property=\"og:image:type\" content=\"image\/jpeg\" class=\"yoast-seo-meta-tag\" \/>\n<meta name=\"author\" content=\"dorogimedence.hu\" class=\"yoast-seo-meta-tag\" \/>\n<meta name=\"twitter:card\" content=\"summary_large_image\" class=\"yoast-seo-meta-tag\" \/>\n<meta name=\"twitter:label1\" content=\"Szerz\u0151:\" class=\"yoast-seo-meta-tag\" \/>\n\t<meta name=\"twitter:data1\" content=\"dorogimedence.hu\" class=\"yoast-seo-meta-tag\" \/>\n\t<meta name=\"twitter:label2\" content=\"Becs\u00fclt olvas\u00e1si id\u0151\" class=\"yoast-seo-meta-tag\" \/>\n\t<meta name=\"twitter:data2\" content=\"5 perc\" class=\"yoast-seo-meta-tag\" \/>\n<script type=\"application\/ld+json\" class=\"yoast-schema-graph\">{\"@context\":\"https:\\\/\\\/schema.org\",\"@graph\":[{\"@type\":\"Article\",\"@id\":\"https:\\\/\\\/dorogimedence.hu\\\/index.php\\\/2023\\\/05\\\/03\\\/csapadekvizgyujto-tartalyra-lehet-palyazni-esztergomban\\\/#article\",\"isPartOf\":{\"@id\":\"https:\\\/\\\/dorogimedence.hu\\\/index.php\\\/2023\\\/05\\\/03\\\/csapadekvizgyujto-tartalyra-lehet-palyazni-esztergomban\\\/\"},\"author\":{\"name\":\"dorogimedence.hu\",\"@id\":\"https:\\\/\\\/dorogimedence.hu\\\/#\\\/schema\\\/person\\\/ce6091eeb7e95ecdc87890d6aa8e0fd4\"},\"headline\":\"Csapad\u00e9kv\u00edzgy\u0171jt\u0151-tart\u00e1lyra lehet p\u00e1ly\u00e1zni Esztergomban\",\"datePublished\":\"2023-05-03T09:11:26+00:00\",\"dateModified\":\"2023-05-03T09:12:14+00:00\",\"mainEntityOfPage\":{\"@id\":\"https:\\\/\\\/dorogimedence.hu\\\/index.php\\\/2023\\\/05\\\/03\\\/csapadekvizgyujto-tartalyra-lehet-palyazni-esztergomban\\\/\"},\"wordCount\":954,\"publisher\":{\"@id\":\"https:\\\/\\\/dorogimedence.hu\\\/#organization\"},\"keywords\":[\"Csapad\u00e9kv\u00edzgy\u0171jt\u0151-tart\u00e1ly\",\"es\u0151v\u00edz\",\"esztergom\",\"p\u00e1ly\u00e1zat\"],\"articleSection\":[\"Esztergom\",\"H\u00edrek\"],\"inLanguage\":\"hu\"},{\"@type\":\"WebPage\",\"@id\":\"https:\\\/\\\/dorogimedence.hu\\\/index.php\\\/2023\\\/05\\\/03\\\/csapadekvizgyujto-tartalyra-lehet-palyazni-esztergomban\\\/\",\"url\":\"https:\\\/\\\/dorogimedence.hu\\\/index.php\\\/2023\\\/05\\\/03\\\/csapadekvizgyujto-tartalyra-lehet-palyazni-esztergomban\\\/\",\"name\":\"Csapad\u00e9kv\u00edzgy\u0171jt\u0151-tart\u00e1lyra lehet p\u00e1ly\u00e1zni Esztergomban\",\"isPartOf\":{\"@id\":\"https:\\\/\\\/dorogimedence.hu\\\/#website\"},\"datePublished\":\"2023-05-03T09:11:26+00:00\",\"dateModified\":\"2023-05-03T09:12:14+00:00\",\"breadcrumb\":{\"@id\":\"https:\\\/\\\/dorogimedence.hu\\\/index.php\\\/2023\\\/05\\\/03\\\/csapadekvizgyujto-tartalyra-lehet-palyazni-esztergomban\\\/#breadcrumb\"},\"inLanguage\":\"hu\",\"potentialAction\":[{\"@type\":\"ReadAction\",\"target\":[\"https:\\\/\\\/dorogimedence.hu\\\/index.php\\\/2023\\\/05\\\/03\\\/csapadekvizgyujto-tartalyra-lehet-palyazni-esztergomban\\\/\"]}]},{\"@type\":\"BreadcrumbList\",\"@id\":\"https:\\\/\\\/dorogimedence.hu\\\/index.php\\\/2023\\\/05\\\/03\\\/csapadekvizgyujto-tartalyra-lehet-palyazni-esztergomban\\\/#breadcrumb\",\"itemListElement\":[{\"@type\":\"ListItem\",\"position\":1,\"name\":\"Kezd\u0151lap\",\"item\":\"https:\\\/\\\/dorogimedence.hu\\\/\"},{\"@type\":\"ListItem\",\"position\":2,\"name\":\"Csapad\u00e9kv\u00edzgy\u0171jt\u0151-tart\u00e1lyra lehet p\u00e1ly\u00e1zni Esztergomban\"}]},{\"@type\":\"WebSite\",\"@id\":\"https:\\\/\\\/dorogimedence.hu\\\/#website\",\"url\":\"https:\\\/\\\/dorogimedence.hu\\\/\",\"name\":\"Dorogi-medence Region\u00e1lis H\u00edrport\u00e1l\",\"description\":\"Dorog, Keszt\u00f6lc, Le\u00e1nyv\u00e1r, Piliscs\u00e9v, Tokod, Tokodalt\u00e1r\u00f3, Csolnok, Esztergom-kertv\u00e1ros: h\u00edrek, programok\",\"publisher\":{\"@id\":\"https:\\\/\\\/dorogimedence.hu\\\/#organization\"},\"potentialAction\":[{\"@type\":\"SearchAction\",\"target\":{\"@type\":\"EntryPoint\",\"urlTemplate\":\"https:\\\/\\\/dorogimedence.hu\\\/?s={search_term_string}\"},\"query-input\":{\"@type\":\"PropertyValueSpecification\",\"valueRequired\":true,\"valueName\":\"search_term_string\"}}],\"inLanguage\":\"hu\"},{\"@type\":\"Organization\",\"@id\":\"https:\\\/\\\/dorogimedence.hu\\\/#organization\",\"name\":\"Dorogi-medence Region\u00e1lis H\u00edrport\u00e1l\",\"url\":\"https:\\\/\\\/dorogimedence.hu\\\/\",\"logo\":{\"@type\":\"ImageObject\",\"inLanguage\":\"hu\",\"@id\":\"https:\\\/\\\/dorogimedence.hu\\\/#\\\/schema\\\/logo\\\/image\\\/\",\"url\":\"https:\\\/\\\/dorogimedence.hu\\\/wp-content\\\/uploads\\\/2021\\\/04\\\/logo-feher-600.png\",\"contentUrl\":\"https:\\\/\\\/dorogimedence.hu\\\/wp-content\\\/uploads\\\/2021\\\/04\\\/logo-feher-600.png\",\"width\":600,\"height\":100,\"caption\":\"Dorogi-medence Region\u00e1lis H\u00edrport\u00e1l\"},\"image\":{\"@id\":\"https:\\\/\\\/dorogimedence.hu\\\/#\\\/schema\\\/logo\\\/image\\\/\"},\"sameAs\":[\"https:\\\/\\\/www.facebook.com\\\/dorogimedence\\\/\"]},{\"@type\":\"Person\",\"@id\":\"https:\\\/\\\/dorogimedence.hu\\\/#\\\/schema\\\/person\\\/ce6091eeb7e95ecdc87890d6aa8e0fd4\",\"name\":\"dorogimedence.hu\",\"image\":{\"@type\":\"ImageObject\",\"inLanguage\":\"hu\",\"@id\":\"\\\/\\\/www.gravatar.com\\\/avatar\\\/d8d45f8901aadff40a4af72c0b826f1d?s=96&#038;r=g&#038;d=mm\",\"url\":\"\\\/\\\/www.gravatar.com\\\/avatar\\\/d8d45f8901aadff40a4af72c0b826f1d?s=96&#038;r=g&#038;d=mm\",\"contentUrl\":\"\\\/\\\/www.gravatar.com\\\/avatar\\\/d8d45f8901aadff40a4af72c0b826f1d?s=96&#038;r=g&#038;d=mm\",\"caption\":\"dorogimedence.hu\"}}]}<\/script>\n<!-- \/ Yoast SEO plugin. -->","yoast_head_json":{"title":"Csapad\u00e9kv\u00edzgy\u0171jt\u0151-tart\u00e1lyra lehet p\u00e1ly\u00e1zni Esztergomban","robots":{"index":"index","follow":"follow","max-snippet":"max-snippet:-1","max-image-preview":"max-image-preview:large","max-video-preview":"max-video-preview:-1"},"canonical":"https:\/\/dorogimedence.hu\/index.php\/2023\/05\/03\/csapadekvizgyujto-tartalyra-lehet-palyazni-esztergomban\/","og_locale":"hu_HU","og_type":"article","og_title":"Csapad\u00e9kv\u00edzgy\u0171jt\u0151-tart\u00e1lyra lehet p\u00e1ly\u00e1zni Esztergomban","og_description":"Esztergom Megyei Jog\u00fa V\u00e1ros \u00d6nkorm\u00e1nyzata p\u00e1ly\u00e1zatot hirdet csapad\u00e9kv\u00edz ingatlanon bel\u00fcli gy\u0171jt\u00e9s\u00e9re \u00e9s hasznos\u00edt\u00e1s\u00e1ra &#8211; \u00edrja az \u00f6nkorm\u00e1nyzat a hivatalos honlapj\u00e1n. A p\u00e1ly\u00e1zat ki\u00edr\u00f3ja:&nbsp;Esztergom Megyei Jog\u00fa V\u00e1ros \u00d6nkorm\u00e1nyzata A p\u00e1ly\u00e1zat c\u00edme:&nbsp;Csapad\u00e9kv\u00edz ingatlanon bel\u00fcli gy\u0171jt\u00e9se \u00e9s hasznos\u00edt\u00e1sa 2023. A p\u00e1ly\u00e1zat c\u00e9lja: Esztergom Megyei Jog\u00fa V\u00e1rosban a mag\u00e1ningatlanok ter\u00fclet\u00e9re lehull\u00f3 csapad\u00e9kv\u00edz megfelel\u0151 gy\u0171jt\u00e9s\u00e9vel, t\u00e1rol\u00e1s\u00e1val \u00e9s felhaszn\u00e1l\u00e1s\u00e1val cs\u00f6kkenthet\u0151 az","og_url":"https:\/\/dorogimedence.hu\/index.php\/2023\/05\/03\/csapadekvizgyujto-tartalyra-lehet-palyazni-esztergomban\/","og_site_name":"Dorogi-medence Region\u00e1lis H\u00edrport\u00e1l","article_publisher":"https:\/\/www.facebook.com\/dorogimedence\/","article_published_time":"2023-05-03T09:11:26+00:00","article_modified_time":"2023-05-03T09:12:14+00:00","og_image":[{"width":848,"height":565,"url":"https:\/\/dorogimedence.hu\/wp-content\/uploads\/2022\/07\/barkacs_esovizgyujto.jpg","type":"image\/jpeg"}],"author":"dorogimedence.hu","twitter_card":"summary_large_image","twitter_misc":{"Szerz\u0151:":"dorogimedence.hu","Becs\u00fclt olvas\u00e1si id\u0151":"5 perc"},"schema":{"@context":"https:\/\/schema.org","@graph":[{"@type":"Article","@id":"https:\/\/dorogimedence.hu\/index.php\/2023\/05\/03\/csapadekvizgyujto-tartalyra-lehet-palyazni-esztergomban\/#article","isPartOf":{"@id":"https:\/\/dorogimedence.hu\/index.php\/2023\/05\/03\/csapadekvizgyujto-tartalyra-lehet-palyazni-esztergomban\/"},"author":{"name":"dorogimedence.hu","@id":"https:\/\/dorogimedence.hu\/#\/schema\/person\/ce6091eeb7e95ecdc87890d6aa8e0fd4"},"headline":"Csapad\u00e9kv\u00edzgy\u0171jt\u0151-tart\u00e1lyra lehet p\u00e1ly\u00e1zni Esztergomban","datePublished":"2023-05-03T09:11:26+00:00","dateModified":"2023-05-03T09:12:14+00:00","mainEntityOfPage":{"@id":"https:\/\/dorogimedence.hu\/index.php\/2023\/05\/03\/csapadekvizgyujto-tartalyra-lehet-palyazni-esztergomban\/"},"wordCount":954,"publisher":{"@id":"https:\/\/dorogimedence.hu\/#organization"},"keywords":["Csapad\u00e9kv\u00edzgy\u0171jt\u0151-tart\u00e1ly","es\u0151v\u00edz","esztergom","p\u00e1ly\u00e1zat"],"articleSection":["Esztergom","H\u00edrek"],"inLanguage":"hu"},{"@type":"WebPage","@id":"https:\/\/dorogimedence.hu\/index.php\/2023\/05\/03\/csapadekvizgyujto-tartalyra-lehet-palyazni-esztergomban\/","url":"https:\/\/dorogimedence.hu\/index.php\/2023\/05\/03\/csapadekvizgyujto-tartalyra-lehet-palyazni-esztergomban\/","name":"Csapad\u00e9kv\u00edzgy\u0171jt\u0151-tart\u00e1lyra lehet p\u00e1ly\u00e1zni Esztergomban","isPartOf":{"@id":"https:\/\/dorogimedence.hu\/#website"},"datePublished":"2023-05-03T09:11:26+00:00","dateModified":"2023-05-03T09:12:14+00:00","breadcrumb":{"@id":"https:\/\/dorogimedence.hu\/index.php\/2023\/05\/03\/csapadekvizgyujto-tartalyra-lehet-palyazni-esztergomban\/#breadcrumb"},"inLanguage":"hu","potentialAction":[{"@type":"ReadAction","target":["https:\/\/dorogimedence.hu\/index.php\/2023\/05\/03\/csapadekvizgyujto-tartalyra-lehet-palyazni-esztergomban\/"]}]},{"@type":"BreadcrumbList","@id":"https:\/\/dorogimedence.hu\/index.php\/2023\/05\/03\/csapadekvizgyujto-tartalyra-lehet-palyazni-esztergomban\/#breadcrumb","itemListElement":[{"@type":"ListItem","position":1,"name":"Kezd\u0151lap","item":"https:\/\/dorogimedence.hu\/"},{"@type":"ListItem","position":2,"name":"Csapad\u00e9kv\u00edzgy\u0171jt\u0151-tart\u00e1lyra lehet p\u00e1ly\u00e1zni Esztergomban"}]},{"@type":"WebSite","@id":"https:\/\/dorogimedence.hu\/#website","url":"https:\/\/dorogimedence.hu\/","name":"Dorogi-medence Region\u00e1lis H\u00edrport\u00e1l","description":"Dorog, Keszt\u00f6lc, Le\u00e1nyv\u00e1r, Piliscs\u00e9v, Tokod, Tokodalt\u00e1r\u00f3, Csolnok, Esztergom-kertv\u00e1ros: h\u00edrek, programok","publisher":{"@id":"https:\/\/dorogimedence.hu\/#organization"},"potentialAction":[{"@type":"SearchAction","target":{"@type":"EntryPoint","urlTemplate":"https:\/\/dorogimedence.hu\/?s={search_term_string}"},"query-input":{"@type":"PropertyValueSpecification","valueRequired":true,"valueName":"search_term_string"}}],"inLanguage":"hu"},{"@type":"Organization","@id":"https:\/\/dorogimedence.hu\/#organization","name":"Dorogi-medence Region\u00e1lis H\u00edrport\u00e1l","url":"https:\/\/dorogimedence.hu\/","logo":{"@type":"ImageObject","inLanguage":"hu","@id":"https:\/\/dorogimedence.hu\/#\/schema\/logo\/image\/","url":"https:\/\/dorogimedence.hu\/wp-content\/uploads\/2021\/04\/logo-feher-600.png","contentUrl":"https:\/\/dorogimedence.hu\/wp-content\/uploads\/2021\/04\/logo-feher-600.png","width":600,"height":100,"caption":"Dorogi-medence Region\u00e1lis H\u00edrport\u00e1l"},"image":{"@id":"https:\/\/dorogimedence.hu\/#\/schema\/logo\/image\/"},"sameAs":["https:\/\/www.facebook.com\/dorogimedence\/"]},{"@type":"Person","@id":"https:\/\/dorogimedence.hu\/#\/schema\/person\/ce6091eeb7e95ecdc87890d6aa8e0fd4","name":"dorogimedence.hu","image":{"@type":"ImageObject","inLanguage":"hu","@id":"\/\/www.gravatar.com\/avatar\/d8d45f8901aadff40a4af72c0b826f1d?s=96&#038;r=g&#038;d=mm","url":"\/\/www.gravatar.com\/avatar\/d8d45f8901aadff40a4af72c0b826f1d?s=96&#038;r=g&#038;d=mm","contentUrl":"\/\/www.gravatar.com\/avatar\/d8d45f8901aadff40a4af72c0b826f1d?s=96&#038;r=g&#038;d=mm","caption":"dorogimedence.hu"}}]}},"_links":{"self":[{"href":"https:\/\/dorogimedence.hu\/index.php\/wp-json\/wp\/v2\/posts\/52624","targetHints":{"allow":["GET"]}}],"collection":[{"href":"https:\/\/dorogimedence.hu\/index.php\/wp-json\/wp\/v2\/posts"}],"about":[{"href":"https:\/\/dorogimedence.hu\/index.php\/wp-json\/wp\/v2\/types\/post"}],"author":[{"embeddable":true,"href":"https:\/\/dorogimedence.hu\/index.php\/wp-json\/wp\/v2\/users\/1"}],"replies":[{"embeddable":true,"href":"https:\/\/dorogimedence.hu\/index.php\/wp-json\/wp\/v2\/comments?post=52624"}],"version-history":[{"count":0,"href":"https:\/\/dorogimedence.hu\/index.php\/wp-json\/wp\/v2\/posts\/52624\/revisions"}],"wp:attachment":[{"href":"https:\/\/dorogimedence.hu\/index.php\/wp-json\/wp\/v2\/media?parent=52624"}],"wp:term":[{"taxonomy":"category","embeddable":true,"href":"https:\/\/dorogimedence.hu\/index.php\/wp-json\/wp\/v2\/categories?post=52624"},{"taxonomy":"post_tag","embeddable":true,"href":"https:\/\/dorogimedence.hu\/index.php\/wp-json\/wp\/v2\/tags?post=52624"}],"curies":[{"name":"wp","href":"https:\/\/api.w.org\/{rel}","templated":true}]}}