{"id":52495,"date":"2023-05-08T08:43:42","date_gmt":"2023-05-08T06:43:42","guid":{"rendered":"https:\/\/dorogimedence.hu\/?p=52495"},"modified":"2023-05-08T23:41:07","modified_gmt":"2023-05-08T21:41:07","slug":"60-eve-tortent-miners-gala-gyozelem-skociaban-a-dorogi-banyasz-labdarugoival","status":"publish","type":"post","link":"https:\/\/dorogimedence.hu\/index.php\/2023\/05\/08\/60-eve-tortent-miners-gala-gyozelem-skociaban-a-dorogi-banyasz-labdarugoival\/","title":{"rendered":"60 \u00e9ve t\u00f6rt\u00e9nt: Miners&#8217; Gala gy\u0151zelem Sk\u00f3ci\u00e1ban a Dorogi B\u00e1ny\u00e1sz labdar\u00fag\u00f3ival"},"content":{"rendered":"<p style=\"text-align: justify;\"><strong>A dorogi labdar\u00fag\u00f3k a B\u00e1ny\u00e1sz-v\u00e1logatott k\u00e9pviselet\u00e9ben 1963. m\u00e1jus 1. \u00e9s 8. k\u00f6z\u00f6tt a Sk\u00f3ci\u00e1ban megrendez\u00e9sre ker\u00fcl\u0151 neves esem\u00e9nyen vettek r\u00e9szt. A Buz\u00e1nszky Jen\u0151 \u00e1ltal vezetett csapat mindh\u00e1rom tal\u00e1lkoz\u00f3j\u00e1t megnyerve lett a viadal gy\u0151ztese.<\/strong><\/p>\n<p style=\"text-align: justify;\">M\u00e9g 1962 \u00e9v elej\u00e9n \u00e9rkezett a sk\u00f3t f\u00e9l r\u00e9sz\u00e9r\u0151l a legels\u0151 megkeres\u00e9s, amelynek sor\u00e1n a Sk\u00f3t B\u00e1ny\u00e1szszakszervezet \u00e9s a sk\u00f3t Sz\u00f6vets\u00e9g Buz\u00e1nszky Jen\u0151vel vette fel a kapcsolatot a k\u00f6vetkez\u0151 \u00e9vben tervezett Miners&#8217; Gala, azaz a B\u00e1ny\u00e1sz G\u00e1la \u00e9gisze alatt ki\u00edrt nemzetk\u00f6zi labdar\u00fag\u00f3-torn\u00e1t illet\u0151en, amelyre a dorogiakat k\u00edv\u00e1nt\u00e1k megh\u00edvni. A meg\u00e1llapod\u00e1s \u00e9rtelm\u00e9ben v\u00e9g\u00fcl a dorogiakra \u00e9p\u00fcl\u0151 B\u00e1ny\u00e1sz v\u00e1logatott utazhatott a megm\u00e9rettet\u00e9sre. Az igen eredm\u00e9nyesen szerepl\u0151 sz\u00e9p eml\u00e9k\u0171 B\u00e1ny\u00e1sz v\u00e1logatott az 1940-es \u00e9s 1960-as \u00e9vek sor\u00e1n k\u00e9pviselte haz\u00e1nkat k\u00fcl\u00f6nf\u00e9le nemzetk\u00f6zi megm\u00e9rettet\u00e9seken, amelynek kerete els\u0151sorban a Dorog csapat\u00e1ra t\u00e1maszkodott, kieg\u00e9sz\u00fclve salg\u00f3tarj\u00e1ni \u00e9s tatab\u00e1nyai j\u00e1t\u00e9kosokkal, a hatvanas \u00e9vek elej\u00e9t\u0151l pedig Koml\u00f3r\u00f3l is h\u00edvtak meg labdar\u00fag\u00f3t. A b\u00e1ny\u00e1sz csapat a m\u00e9rk\u0151z\u00e9sein a dorogi csapat mez\u00e9ben szerepelt.<\/p>\n<p><img fetchpriority=\"high\" decoding=\"async\" class=\"aligncenter wp-image-52500 size-full\" src=\"https:\/\/dorogimedence.hu\/wp-content\/uploads\/2023\/04\/minersgala.jpg\" alt=\"\" width=\"1200\" height=\"963\" srcset=\"https:\/\/dorogimedence.hu\/wp-content\/uploads\/2023\/04\/minersgala.jpg 1200w, https:\/\/dorogimedence.hu\/wp-content\/uploads\/2023\/04\/minersgala-300x241.jpg 300w, https:\/\/dorogimedence.hu\/wp-content\/uploads\/2023\/04\/minersgala-1024x822.jpg 1024w, https:\/\/dorogimedence.hu\/wp-content\/uploads\/2023\/04\/minersgala-768x616.jpg 768w, https:\/\/dorogimedence.hu\/wp-content\/uploads\/2023\/04\/minersgala-150x120.jpg 150w, https:\/\/dorogimedence.hu\/wp-content\/uploads\/2023\/04\/minersgala-450x361.jpg 450w\" sizes=\"(max-width: 1200px) 100vw, 1200px\" \/><\/p>\n<p style=\"text-align: center;\"><span style=\"font-size: 10pt;\"><em>A jelent\u0151s \u00e9s tradicion\u00e1lis Miners&#8217; Gala \u00fcnnepi forgata Sk\u00f3ci\u00e1ban (forr\u00e1s: The Northen Echo)<\/em><\/span><\/p>\n<p style=\"text-align: justify;\">A Sk\u00f3ci\u00e1ba nevezett csapat \u00f6ssze\u00e1ll\u00edt\u00e1s\u00e1n\u00e1l figyelembe kellett venni a dorogiak meglehet\u0151sen zs\u00fafolt versenynapt\u00e1r\u00e1t is. \u00c9ppen a sk\u00f3t vend\u00e9gszerepl\u00e9s idej\u00e9re esett a Sv\u00e9dorsz\u00e1g\u2013Magyarorsz\u00e1g v\u00e1logatott m\u00e9rk\u0151z\u00e9s, ahol Bar\u00f3ti Lajos sz\u00f6vets\u00e9gi kapit\u00e1ny ragaszkodott a nemzeti csapat dorogi tagjaihoz, \u00edgy Ilku Istv\u00e1n \u00e9s Monostori Tivadar a brit-szigetek helyett Skandin\u00e1vi\u00e1ba utazott \u00e9s mindketten p\u00e1ly\u00e1ra l\u00e9ptek a m\u00e1jus 5-\u00e9n lej\u00e1tszott bar\u00e1ts\u00e1gos tal\u00e1lkoz\u00f3n. A kapuban Szentmih\u00e1lyi Antal kezdett a 2\u20131-es vers\u00e9ggel v\u00e9gz\u0151d\u00f6tt meccsen \u00e9s a f\u00e9lid\u0151ben sv\u00e9d vezet\u00e9sn\u00e9l Ilku v\u00e1ltotta a m\u00e1sodik j\u00e1t\u00e9kr\u00e9szben. Egy nappal kor\u00e1bban a sv\u00e9dek elleni olimpiai-selejtez\u0151n Budapesten viszont a magyar csapat gy\u0151z\u00f6tt 4 : 0 ar\u00e1nyban.<\/p>\n<p><img decoding=\"async\" class=\"aligncenter wp-image-52504 size-full\" src=\"https:\/\/dorogimedence.hu\/wp-content\/uploads\/2023\/05\/3815465159_ba4df3c31e_b.jpg\" alt=\"\" width=\"1024\" height=\"646\" srcset=\"https:\/\/dorogimedence.hu\/wp-content\/uploads\/2023\/05\/3815465159_ba4df3c31e_b.jpg 1024w, https:\/\/dorogimedence.hu\/wp-content\/uploads\/2023\/05\/3815465159_ba4df3c31e_b-300x189.jpg 300w, https:\/\/dorogimedence.hu\/wp-content\/uploads\/2023\/05\/3815465159_ba4df3c31e_b-768x485.jpg 768w, https:\/\/dorogimedence.hu\/wp-content\/uploads\/2023\/05\/3815465159_ba4df3c31e_b-150x95.jpg 150w, https:\/\/dorogimedence.hu\/wp-content\/uploads\/2023\/05\/3815465159_ba4df3c31e_b-450x284.jpg 450w\" sizes=\"(max-width: 1024px) 100vw, 1024px\" \/><\/p>\n<p style=\"text-align: center;\"><span style=\"font-size: 10pt;\"><em>K\u00e9peslap a sk\u00f3t f\u0151v\u00e1rosb\u00f3l<\/em><\/span><\/p>\n<p style=\"text-align: justify;\">Buz\u00e1nszky mester helyzet\u00e9t tov\u00e1bb nehez\u00edtette, hogy a Dorognak \u00e9ppen a sv\u00e9dek elleni v\u00e1logatott \u00f6sszecsap\u00e1s napj\u00e1n, lek\u00f6t\u00f6tt nemzetk\u00f6zi m\u00e9rk\u0151z\u00e9se volt a kiv\u00e1l\u00f3 rom\u00e1n csapat, az Universitatea Cluj &#8211; akkori nev\u00e9n Stiinta Cluj &#8211; ellen. A rom\u00e1n kupagy\u0151ztes \u00e9s h\u00e1romszoros kupad\u00f6nt\u00f6s, els\u0151 oszt\u00e1ly\u00fa bajnoki ez\u00fcst\u00e9rmes kolozsv\u00e1ri g\u00e1rd\u00e1val szemben gondoskodni kellett olyan csapatr\u00f3l, amely m\u00e9lt\u00f3 m\u00f3don tudja felvenni a k\u00fczdelmet vend\u00e9gei ellen. T\u00f6bbek k\u00f6z\u00f6tt ez\u00e9rt is maradtak otthon olyan j\u00e1t\u00e9kosok, akik pedig rendszeresen p\u00e1ly\u00e1ra l\u00e9ptek a B\u00e1ny\u00e1sz v\u00e1logatottban, mint Jan\u00e1k Istv\u00e1n, Lakat Jen\u0151, Cs\u00f3ri L\u00e1szl\u00f3, Proh\u00e1szka J\u00e1nos, Kertes L\u00e1szl\u00f3, Fellegi Istv\u00e1n, Varga J\u00e1nos, P\u00e1lmai S\u00e1ndor \u00e9s Sz\u0171cs Lajos. Ezen fel\u00fcl pedig a k\u00e9t f\u00e9l meg\u00e1llapod\u00e1sa alapj\u00e1n min\u00e9l ifjabb j\u00e1t\u00e9kosokb\u00f3l \u00e1ll\u00edtott\u00e1k \u00f6ssze a keretet. A mieink k\u00f6zvetelen\u00fcl az utaz\u00e1s el\u0151tt a Debrecennel j\u00e1tszottak bajnokit, s magabiztos 5\u20131-es gy\u0151zelemmel hangol\u00f3dtak a sk\u00f3ciai vend\u00e9gszerepl\u00e9sre.<\/p>\n<p><img decoding=\"async\" class=\"aligncenter wp-image-52651 size-full\" src=\"https:\/\/dorogimedence.hu\/wp-content\/uploads\/2023\/05\/skocia2-1.jpg\" alt=\"\" width=\"1920\" height=\"984\" srcset=\"https:\/\/dorogimedence.hu\/wp-content\/uploads\/2023\/05\/skocia2-1.jpg 1920w, https:\/\/dorogimedence.hu\/wp-content\/uploads\/2023\/05\/skocia2-1-300x154.jpg 300w, https:\/\/dorogimedence.hu\/wp-content\/uploads\/2023\/05\/skocia2-1-1024x525.jpg 1024w, https:\/\/dorogimedence.hu\/wp-content\/uploads\/2023\/05\/skocia2-1-768x394.jpg 768w, https:\/\/dorogimedence.hu\/wp-content\/uploads\/2023\/05\/skocia2-1-1536x787.jpg 1536w, https:\/\/dorogimedence.hu\/wp-content\/uploads\/2023\/05\/skocia2-1-150x77.jpg 150w, https:\/\/dorogimedence.hu\/wp-content\/uploads\/2023\/05\/skocia2-1-450x231.jpg 450w, https:\/\/dorogimedence.hu\/wp-content\/uploads\/2023\/05\/skocia2-1-1200x615.jpg 1200w\" sizes=\"(max-width: 1920px) 100vw, 1920px\" \/><\/p>\n<p style=\"text-align: center;\"><em><span style=\"font-size: 10pt;\">A magyar j\u00e1t\u00e9kosok egy r\u00e9sze v\u00e1rosn\u00e9z\u00e9sen (forr\u00e1s: Turai J\u00f3zsef album\u00e1b\u00f3l)<\/span><\/em><\/p>\n<p style=\"text-align: justify;\">A g\u00e1rda \u00e1prilis 30-\u00e1n \u00e9rkezett Edinburghba. A b\u00e1ny\u00e1sz csapat gerinc\u00e9t alkot\u00f3 dorogiak k\u00f6z\u00fcl Bartalos J\u00f3zsef, Kar\u00e1ba J\u00e1nos, Szuromi Antal, Tak\u00e1cs Tibor, Tima-Horv\u00e1th L\u00e1szl\u00f3, T\u00f3th Gyula \u00e9s Turai J\u00f3zsef mellett Juhos L\u00e1szl\u00f3, Kov\u00e1cs Csaba, M\u00fcller Zolt\u00e1n, Paulik J\u00e1nos, Szab\u00f3 J\u00f3zsef (Tatab\u00e1nya), valamint Luk\u00e1cs Tibor (Koml\u00f3) vehetett r\u00e9szt a torn\u00e1n, akiket Buz\u00e1nszky Jen\u0151, mint vezet\u0151edz\u0151 dirig\u00e1lt. Ugyancsak a keret tagjak\u00e9nt tartal\u00e9kk\u00e9nt lett megjel\u00f6lve Laczkovics Istv\u00e1n, Pilcz Istv\u00e1n \u00e9s Ny\u00e1r\u00e1di Gyula. A magyar csapat v\u00e9g\u00fclis 13-as j\u00e1t\u00e9koskerettel \u00e9s vezet\u0151ikkel vettek r\u00e9szt a sk\u00f3ciai vend\u00e9gszerepl\u00e9sen. Mindj\u00e1rt m\u00e1snap, m\u00e1jus elsej\u00e9n ker\u00fclt sor az els\u0151 tal\u00e1lkoz\u00f3ra, m\u00e9gpedig a sk\u00f3t f\u0151v\u00e1rost\u00f3l k\u00f6zel 50 km-re \u00e9szakra l\u00e9v\u0151 Thorntonban.<\/p>\n<p><img loading=\"lazy\" decoding=\"async\" class=\"aligncenter wp-image-52686 size-full\" src=\"https:\/\/dorogimedence.hu\/wp-content\/uploads\/2023\/05\/Thornton-BSZV1.jpg\" alt=\"\" width=\"777\" height=\"567\" srcset=\"https:\/\/dorogimedence.hu\/wp-content\/uploads\/2023\/05\/Thornton-BSZV1.jpg 777w, https:\/\/dorogimedence.hu\/wp-content\/uploads\/2023\/05\/Thornton-BSZV1-300x219.jpg 300w, https:\/\/dorogimedence.hu\/wp-content\/uploads\/2023\/05\/Thornton-BSZV1-768x560.jpg 768w, https:\/\/dorogimedence.hu\/wp-content\/uploads\/2023\/05\/Thornton-BSZV1-150x109.jpg 150w, https:\/\/dorogimedence.hu\/wp-content\/uploads\/2023\/05\/Thornton-BSZV1-450x328.jpg 450w\" sizes=\"(max-width: 777px) 100vw, 777px\" \/><\/p>\n<p style=\"text-align: justify;\">Mindk\u00e9t f\u00e9l nagy izgalommal v\u00e1rta az \u00f6sszecsap\u00e1st. A mieink m\u00e9g ki sem f\u00fajhatt\u00e1k rendesen magukat a sk\u00f3t f\u00f6ld\u00f6n, hiszen a Magyarorsz\u00e1gr\u00f3l val\u00f3 meg\u00e9rkez\u00e9s m\u00e1snapj\u00e1n p\u00e1ly\u00e1ra is l\u00e9ptek. Kar\u00e1ba tal\u00e1lat\u00e1val siker\u00fclt gy\u0151zelemmel bemutatkozni a lelkes hazai k\u00f6z\u00f6ns\u00e9g el\u0151tt. A folytat\u00e1s el\u0151tt maradt n\u00e9h\u00e1ny napjuk a vend\u00e9geknek a pihen\u00e9s mellett ismerkedni Sk\u00f3cia nevezetess\u00e9geivel is. M\u00e1jus 5-\u00e9n Dorogon 2\u20132-es d\u00f6ntetlent hozott a Stiinta elleni tal\u00e1lkoz\u00f3, ahol a dorogiak g\u00f3ljait Kertes L\u00e1szl\u00f3 \u00e9s R\u00e1tvai Istv\u00e1n szerezte. M\u00e1snap pedig a sk\u00f3t f\u0151v\u00e1rosban az \u00fcnnepi program r\u00e9szek\u00e9nt nagy \u00e9rdekl\u0151d\u00e9s k\u00f6zepette a Hollyrood Parkban meg\u00fctk\u00f6ztek a Sk\u00f3t b\u00e1ny\u00e1sz v\u00e1logatott ellen. Sz\u00ednvonalas, lend\u00fcletes j\u00e1t\u00e9knak \u00f6rvendhetett a t\u00f6bbezres n\u00e9z\u0151sereg, ahol meg\u00e9rdemelten nyertek a mieink 2 : 0 ar\u00e1nyban \u00fagy, hogy m\u00e9g g\u00f3l n\u00e9lk\u00fcli \u00e1ll\u00e1sn\u00e1l Juhos kihagyott egy 11-est. A magyar g\u00f3lokr\u00f3l azonban Kar\u00e1ba \u00e9s Tima-Horv\u00e1th gondoskodott.<\/p>\n<p><img loading=\"lazy\" decoding=\"async\" class=\"aligncenter wp-image-52590 \" src=\"https:\/\/dorogimedence.hu\/wp-content\/uploads\/2023\/05\/miners-1963-2.jpg\" alt=\"\" width=\"700\" height=\"434\" srcset=\"https:\/\/dorogimedence.hu\/wp-content\/uploads\/2023\/05\/miners-1963-2.jpg 672w, https:\/\/dorogimedence.hu\/wp-content\/uploads\/2023\/05\/miners-1963-2-300x186.jpg 300w, https:\/\/dorogimedence.hu\/wp-content\/uploads\/2023\/05\/miners-1963-2-150x93.jpg 150w, https:\/\/dorogimedence.hu\/wp-content\/uploads\/2023\/05\/miners-1963-2-450x279.jpg 450w\" sizes=\"(max-width: 700px) 100vw, 700px\" \/><\/p>\n<p style=\"text-align: justify;\"><span style=\"font-size: 10pt;\"><em>A sk\u00f3t lapokban megjelent tud\u00f3s\u00edt\u00e1shoz mell\u00e9kelt fot\u00f3 a kapunk el\u0151tti izgalmas akci\u00f3t \u00f6r\u00f6k\u00edt meg (forr\u00e1s: Coal News eredeti sz\u00e1m\u00e1b\u00f3l a Scottish Junior FA arch\u00edvum\u00e1b\u00f3l)<\/em><\/span><\/p>\n<p style=\"text-align: justify;\">Az ellen\u00fcnk p\u00e1ly\u00e1ra l\u00e9p\u0151 Sk\u00f3t b\u00e1ny\u00e1sz v\u00e1logatott csapatk\u00e9pe. Fels\u0151 sor balr\u00f3l: Gerard Carty, Joe Nelson, Alex McAnespie, Bert Allan, Tom McDonach, Tom Connor. Els\u0151 sor balr\u00f3l: Andy Williamson, Derry Wallace, Alan Marnoch, Morris Aitken, Fred Ayres. A hazai b\u00e1ny\u00e1sz v\u00e1logatott vezet\u0151je Peter Craigie volt.<\/p>\n<p><img loading=\"lazy\" decoding=\"async\" class=\"aligncenter wp-image-52592 \" src=\"https:\/\/dorogimedence.hu\/wp-content\/uploads\/2023\/05\/Skot-csapat.jpg\" alt=\"\" width=\"699\" height=\"503\" srcset=\"https:\/\/dorogimedence.hu\/wp-content\/uploads\/2023\/05\/Skot-csapat.jpg 299w, https:\/\/dorogimedence.hu\/wp-content\/uploads\/2023\/05\/Skot-csapat-150x108.jpg 150w\" sizes=\"(max-width: 699px) 100vw, 699px\" \/><\/p>\n<p style=\"text-align: center;\"><span style=\"font-size: 10pt;\"><em>A Sk\u00f3t B\u00e1ny\u00e1sz v\u00e1logatott (Forr\u00e1s: A Coal News eredeti sz\u00e1m\u00e1b\u00f3l a Scottish Junior FA arch\u00edvum\u00e1b\u00f3l)<\/em><\/span><\/p>\n<p><img loading=\"lazy\" decoding=\"async\" class=\"aligncenter wp-image-52685 size-full\" src=\"https:\/\/dorogimedence.hu\/wp-content\/uploads\/2023\/05\/Skot-banyasz-valogatott-BSZV.jpg\" alt=\"\" width=\"777\" height=\"571\" srcset=\"https:\/\/dorogimedence.hu\/wp-content\/uploads\/2023\/05\/Skot-banyasz-valogatott-BSZV.jpg 777w, https:\/\/dorogimedence.hu\/wp-content\/uploads\/2023\/05\/Skot-banyasz-valogatott-BSZV-300x220.jpg 300w, https:\/\/dorogimedence.hu\/wp-content\/uploads\/2023\/05\/Skot-banyasz-valogatott-BSZV-768x564.jpg 768w, https:\/\/dorogimedence.hu\/wp-content\/uploads\/2023\/05\/Skot-banyasz-valogatott-BSZV-150x110.jpg 150w, https:\/\/dorogimedence.hu\/wp-content\/uploads\/2023\/05\/Skot-banyasz-valogatott-BSZV-450x331.jpg 450w\" sizes=\"(max-width: 777px) 100vw, 777px\" \/><\/p>\n<p style=\"text-align: justify;\">A f\u0151v\u00e1rosb\u00f3l ez\u00fattal d\u00e9lre vett\u00e9k az ir\u00e1nyt a mintegy 18 km-re l\u00e9v\u0151 Gorebridge-be, a harmadik, egyben utols\u00f3 m\u00e9rk\u0151z\u00e9s\u00fck sz\u00ednhely\u00e9re. Kar\u00e1ba ez\u00fattal is elem\u00e9ben volt \u00e9s harmadszor is betal\u00e1lt, mellette pedig a dorogi csapatt\u00e1rsa, Szuromi dupl\u00e1zott, amellyel h\u00e1romszor vett\u00e9k be a sk\u00f3t h\u00e1zigazda kapuj\u00e1t. A m\u00e9rk\u0151z\u00e9st a mieink t\u00e1mad\u00e1si \u00e9s helyzetei vezett\u00e9k be, \u00e1m Szab\u00f3 kezez\u00e9se miatt a 30. percben meg\u00edt\u00e9lt 11-esb\u0151l Holburn szerzett vezet\u00e9st a hazai csapatnak. A mez\u0151ny legjobbja Tak\u00e1cs Tibor volt.<\/p>\n<p><img loading=\"lazy\" decoding=\"async\" class=\"aligncenter wp-image-52690 size-full\" src=\"https:\/\/dorogimedence.hu\/wp-content\/uploads\/2023\/05\/Arniston-BSZV-1.jpg\" alt=\"\" width=\"777\" height=\"571\" srcset=\"https:\/\/dorogimedence.hu\/wp-content\/uploads\/2023\/05\/Arniston-BSZV-1.jpg 777w, https:\/\/dorogimedence.hu\/wp-content\/uploads\/2023\/05\/Arniston-BSZV-1-300x220.jpg 300w, https:\/\/dorogimedence.hu\/wp-content\/uploads\/2023\/05\/Arniston-BSZV-1-768x564.jpg 768w, https:\/\/dorogimedence.hu\/wp-content\/uploads\/2023\/05\/Arniston-BSZV-1-150x110.jpg 150w, https:\/\/dorogimedence.hu\/wp-content\/uploads\/2023\/05\/Arniston-BSZV-1-450x331.jpg 450w\" sizes=\"(max-width: 777px) 100vw, 777px\" \/><\/p>\n<p style=\"text-align: justify;\">A magabiztos gy\u0151zelmekkel sikeresen zajlott a vend\u00e9gszerepl\u00e9s \u00e9s a r\u00e9sztvev\u0151k m\u00e9lt\u00f3n k\u00e9viselt\u00e9k nemcsak sz\u0171kebb lakhely\u00fcket \u00e9s a magyar b\u00e1ny\u00e1szt\u00e1rsadalmat, de az eg\u00e9sz orsz\u00e1gunkat is. A csapat m\u00e1jus 9-\u00e9n el\u0151bb Londonba utazott, majd onnan k\u00f6zvetlen j\u00e1rattal rep\u00fcltek Budapestre \u00e9s v\u00e9g\u00fcl m\u00e1jus 11-\u00e9n \u00e9rtek haza. Mindj\u00e1rt m\u00e1snap, m\u00e1jus 12-\u00e9n bajnokit j\u00e1tszottak, m\u00e9gpedig abban az \u00e9vben bajnoki c\u00edmet szerzett Gy\u0151ri ETO otthon\u00e1ban. A sk\u00f3ciai h\u0151s\u00f6k j\u00f3 r\u00e9sz\u00e9t pihentette Buz\u00e1nszky edz\u0151, de k\u00f6z\u00fcl\u00fck Kar\u00e1ba \u00e9s Szuromi is p\u00e1ly\u00e1ra l\u00e9pett Gy\u0151rben. Kar\u00e1ba pedig ott folytotta, ahol abbahagyta. Nemcsak bevette az ETO kapuj\u00e1t is, de a 33. percben szerzett g\u00f3lj\u00e1val meg is nyert\u00e9k a m\u00e9rk\u0151z\u00e9st a dorogiak.<\/p>\n<p><img loading=\"lazy\" decoding=\"async\" class=\"aligncenter wp-image-52653 size-full\" src=\"https:\/\/dorogimedence.hu\/wp-content\/uploads\/2023\/05\/skocia5-1.jpg\" alt=\"\" width=\"1826\" height=\"984\" srcset=\"https:\/\/dorogimedence.hu\/wp-content\/uploads\/2023\/05\/skocia5-1.jpg 1826w, https:\/\/dorogimedence.hu\/wp-content\/uploads\/2023\/05\/skocia5-1-300x162.jpg 300w, https:\/\/dorogimedence.hu\/wp-content\/uploads\/2023\/05\/skocia5-1-1024x552.jpg 1024w, https:\/\/dorogimedence.hu\/wp-content\/uploads\/2023\/05\/skocia5-1-768x414.jpg 768w, https:\/\/dorogimedence.hu\/wp-content\/uploads\/2023\/05\/skocia5-1-1536x828.jpg 1536w, https:\/\/dorogimedence.hu\/wp-content\/uploads\/2023\/05\/skocia5-1-150x81.jpg 150w, https:\/\/dorogimedence.hu\/wp-content\/uploads\/2023\/05\/skocia5-1-450x242.jpg 450w, https:\/\/dorogimedence.hu\/wp-content\/uploads\/2023\/05\/skocia5-1-1200x647.jpg 1200w\" sizes=\"(max-width: 1826px) 100vw, 1826px\" \/><\/p>\n<p style=\"text-align: center;\"><span style=\"font-size: 10pt;\"><em>Buz\u00e1nszky Jen\u0151 j\u00e1t\u00e9kosainak k\u00f6r\u00e9ben az edinburgh-i sz\u00e1ll\u00e1suk bej\u00e1rat\u00e1n\u00e1l (forr\u00e1s: Turai J\u00f3zsef album\u00e1b\u00f3l)<\/em><\/span><\/p>\n<p style=\"text-align: justify;\">A 60 \u00e9ves \u00e9vfordul\u00f3hoz kapcsol\u00f3dik egy tov\u00e1bbi \u00f6r\u00f6mteli fejlem\u00e9ny, ugyanis a sk\u00f3t f\u00e9l kezdem\u00e9nyez\u00e9s\u00e9re egy nem mindennapi megeml\u00e9kez\u00e9s szervez\u0151dik. A brit koron\u00e1z\u00e1si cerem\u00f3nia miatt j\u00fanius k\u00f6zep\u00e9re szervezt\u00e9k a rendhagy\u00f3 eml\u00e9ktal\u00e1lkoz\u00f3t. Mind az egykori sk\u00f3t \u00e9s magyar j\u00e1t\u00e9kosok saj\u00e1t k\u00f6rzet\u00fckbe fognak \u00f6sszegy\u0171lni \u00e9s a k\u00e9t helysz\u00edn \u00e9l\u0151 konferencia-kapcsol\u00e1ssal lesz \u00f6sszek\u00f6tve, amely sor\u00e1n a r\u00e9sztvev\u0151k nosztalgi\u00e1zhatnak \u00e9s feleleven\u00edtik majd a hat \u00e9vtizeddel ezel\u0151tti esem\u00e9nyeket. A rendezv\u00e9nyr\u0151l a k\u00e9s\u0151bbiekben ugyancsak besz\u00e1molunk.<\/p>\n<p><img loading=\"lazy\" decoding=\"async\" class=\"aligncenter wp-image-52652 size-full\" src=\"https:\/\/dorogimedence.hu\/wp-content\/uploads\/2023\/05\/Dorogi-ut-Skociaban.jpg\" alt=\"\" width=\"954\" height=\"662\" srcset=\"https:\/\/dorogimedence.hu\/wp-content\/uploads\/2023\/05\/Dorogi-ut-Skociaban.jpg 954w, https:\/\/dorogimedence.hu\/wp-content\/uploads\/2023\/05\/Dorogi-ut-Skociaban-300x208.jpg 300w, https:\/\/dorogimedence.hu\/wp-content\/uploads\/2023\/05\/Dorogi-ut-Skociaban-768x533.jpg 768w, https:\/\/dorogimedence.hu\/wp-content\/uploads\/2023\/05\/Dorogi-ut-Skociaban-150x104.jpg 150w, https:\/\/dorogimedence.hu\/wp-content\/uploads\/2023\/05\/Dorogi-ut-Skociaban-450x312.jpg 450w\" sizes=\"(max-width: 954px) 100vw, 954px\" \/><\/p>\n<p style=\"text-align: center;\"><span style=\"font-size: 10pt;\"><em>A vend\u00e9gszerepl\u00e9s helysz\u00ednei t\u00e9rk\u00e9pen (forr\u00e1s: Google map)<\/em><\/span><\/p>\n<p>A k\u00e9pek\u00e9rt \u00e9s kieg\u00e9szt\u0151 adatok\u00e9rt k\u00fcl\u00f6n k\u00f6sz\u00f6n\u00f6net dr. Bartalos J\u00f3zsef, Turai J\u00f3zsef, Turai Zsolt, Reg\u0151s L\u00e1szl\u00f3, Mr. Bob McDonald \u00e9s a Scottish Junior FA egyes\u00fclet r\u00e9sz\u00e9re.<\/p>\n<p><img loading=\"lazy\" decoding=\"async\" class=\"aligncenter wp-image-52688 size-full\" src=\"https:\/\/dorogimedence.hu\/wp-content\/uploads\/2023\/05\/343296221_609199277593726_7585763979779740086_n.jpg\" alt=\"\" width=\"2048\" height=\"1457\" srcset=\"https:\/\/dorogimedence.hu\/wp-content\/uploads\/2023\/05\/343296221_609199277593726_7585763979779740086_n.jpg 2048w, https:\/\/dorogimedence.hu\/wp-content\/uploads\/2023\/05\/343296221_609199277593726_7585763979779740086_n-300x213.jpg 300w, https:\/\/dorogimedence.hu\/wp-content\/uploads\/2023\/05\/343296221_609199277593726_7585763979779740086_n-1024x729.jpg 1024w, https:\/\/dorogimedence.hu\/wp-content\/uploads\/2023\/05\/343296221_609199277593726_7585763979779740086_n-768x546.jpg 768w, https:\/\/dorogimedence.hu\/wp-content\/uploads\/2023\/05\/343296221_609199277593726_7585763979779740086_n-1536x1093.jpg 1536w, https:\/\/dorogimedence.hu\/wp-content\/uploads\/2023\/05\/343296221_609199277593726_7585763979779740086_n-150x107.jpg 150w, https:\/\/dorogimedence.hu\/wp-content\/uploads\/2023\/05\/343296221_609199277593726_7585763979779740086_n-450x320.jpg 450w, https:\/\/dorogimedence.hu\/wp-content\/uploads\/2023\/05\/343296221_609199277593726_7585763979779740086_n-1200x854.jpg 1200w\" sizes=\"(max-width: 2048px) 100vw, 2048px\" \/><\/p>\n<p style=\"text-align: center;\"><span style=\"font-size: 10pt;\"><em>A magyar b\u00e1ny\u00e1szcsapat az els\u0151 m\u00e9rk\u0151z\u00e9se el\u0151tt (forr\u00e1s: Reg\u0151s L\u00e1szl\u00f3: Tatab\u00e1nyai Futballt\u00f6rt\u00e9nelem)<\/em><\/span><\/p>\n<p><span style=\"font-size: 12pt;\"><em><span style=\"text-decoration: underline;\">Bor\u00edt\u00f3k\u00e9p<\/span><\/em><\/span>: Edinburgh l\u00e1tk\u00e9p\u00e9nek mont\u00e1zsa a sk\u00f3t z\u00e1szl\u00f3val \u00e9s a Sk\u00f3ciai Orsz\u00e1gos B\u00e1nyaipari dolgoz\u00f3k Sz\u00f6vets\u00e9g\u00e9nek embl\u00e9m\u00e1j\u00e1val.<\/p>\n<p><em><strong>Szab\u00f3 Gyula<\/strong><\/em><\/p>\n","protected":false},"excerpt":{"rendered":"<p>A dorogi labdar\u00fag\u00f3k a B\u00e1ny\u00e1sz-v\u00e1logatott k\u00e9pviselet\u00e9ben 1963. m\u00e1jus 1. \u00e9s 8. k\u00f6z\u00f6tt a Sk\u00f3ci\u00e1ban megrendez\u00e9sre ker\u00fcl\u0151 neves esem\u00e9nyen vettek r\u00e9szt. A Buz\u00e1nszky Jen\u0151 \u00e1ltal vezetett csapat mindh\u00e1rom tal\u00e1lkoz\u00f3j\u00e1t megnyerve lett a viadal gy\u0151ztese. M\u00e9g 1962 \u00e9v elej\u00e9n \u00e9rkezett a sk\u00f3t f\u00e9l r\u00e9sz\u00e9r\u0151l a legels\u0151 megkeres\u00e9s, amelynek sor\u00e1n a Sk\u00f3t B\u00e1ny\u00e1szszakszervezet \u00e9s a sk\u00f3t Sz\u00f6vets\u00e9g Buz\u00e1nszky<\/p>\n","protected":false},"author":4,"featured_media":52505,"comment_status":"closed","ping_status":"closed","sticky":false,"template":"","format":"standard","meta":{"ngg_post_thumbnail":0,"footnotes":""},"categories":[2,3,6031,5],"tags":[15,5006,37,70,69,72,859,7171,16],"class_list":{"0":"post-52495","1":"post","2":"type-post","3":"status-publish","4":"format-standard","5":"has-post-thumbnail","7":"category-dorog","8":"category-hirek","9":"category-kerek-evfordulok","10":"category-sport","11":"tag-dorog","12":"tag-dorogi-banyasz","13":"tag-dorogi-fc","14":"tag-foci","15":"tag-futball","16":"tag-labdarugas","17":"tag-majus-1","18":"tag-skocia","19":"tag-sport"},"yoast_head":"<!-- This site is optimized with the Yoast SEO plugin v27.4 - https:\/\/yoast.com\/product\/yoast-seo-wordpress\/ -->\n<title>60 \u00e9ve t\u00f6rt\u00e9nt: Miners&#039; Gala gy\u0151zelem Sk\u00f3ci\u00e1ban a Dorogi B\u00e1ny\u00e1sz labdar\u00fag\u00f3ival<\/title>\n<meta name=\"robots\" content=\"index, follow, max-snippet:-1, max-image-preview:large, max-video-preview:-1\" \/>\n<link rel=\"canonical\" href=\"https:\/\/dorogimedence.hu\/index.php\/2023\/05\/08\/60-eve-tortent-miners-gala-gyozelem-skociaban-a-dorogi-banyasz-labdarugoival\/\" class=\"yoast-seo-meta-tag\" \/>\n<meta property=\"og:locale\" content=\"hu_HU\" class=\"yoast-seo-meta-tag\" \/>\n<meta property=\"og:type\" content=\"article\" class=\"yoast-seo-meta-tag\" \/>\n<meta property=\"og:title\" content=\"60 \u00e9ve t\u00f6rt\u00e9nt: Miners&#039; Gala gy\u0151zelem Sk\u00f3ci\u00e1ban a Dorogi B\u00e1ny\u00e1sz labdar\u00fag\u00f3ival\" class=\"yoast-seo-meta-tag\" \/>\n<meta property=\"og:description\" content=\"A dorogi labdar\u00fag\u00f3k a B\u00e1ny\u00e1sz-v\u00e1logatott k\u00e9pviselet\u00e9ben 1963. m\u00e1jus 1. \u00e9s 8. k\u00f6z\u00f6tt a Sk\u00f3ci\u00e1ban megrendez\u00e9sre ker\u00fcl\u0151 neves esem\u00e9nyen vettek r\u00e9szt. A Buz\u00e1nszky Jen\u0151 \u00e1ltal vezetett csapat mindh\u00e1rom tal\u00e1lkoz\u00f3j\u00e1t megnyerve lett a viadal gy\u0151ztese. M\u00e9g 1962 \u00e9v elej\u00e9n \u00e9rkezett a sk\u00f3t f\u00e9l r\u00e9sz\u00e9r\u0151l a legels\u0151 megkeres\u00e9s, amelynek sor\u00e1n a Sk\u00f3t B\u00e1ny\u00e1szszakszervezet \u00e9s a sk\u00f3t Sz\u00f6vets\u00e9g Buz\u00e1nszky\" class=\"yoast-seo-meta-tag\" \/>\n<meta property=\"og:url\" content=\"https:\/\/dorogimedence.hu\/index.php\/2023\/05\/08\/60-eve-tortent-miners-gala-gyozelem-skociaban-a-dorogi-banyasz-labdarugoival\/\" class=\"yoast-seo-meta-tag\" \/>\n<meta property=\"og:site_name\" content=\"Dorogi-medence Region\u00e1lis H\u00edrport\u00e1l\" class=\"yoast-seo-meta-tag\" \/>\n<meta property=\"article:publisher\" content=\"https:\/\/www.facebook.com\/dorogimedence\/\" class=\"yoast-seo-meta-tag\" \/>\n<meta property=\"article:published_time\" content=\"2023-05-08T06:43:42+00:00\" class=\"yoast-seo-meta-tag\" \/>\n<meta property=\"article:modified_time\" content=\"2023-05-08T21:41:07+00:00\" class=\"yoast-seo-meta-tag\" \/>\n<meta property=\"og:image\" content=\"https:\/\/dorogimedence.hu\/wp-content\/uploads\/2023\/05\/Miners-Gala-borpic.jpg\" class=\"yoast-seo-meta-tag\" \/>\n\t<meta property=\"og:image:width\" content=\"1300\" class=\"yoast-seo-meta-tag\" \/>\n\t<meta property=\"og:image:height\" content=\"866\" class=\"yoast-seo-meta-tag\" \/>\n\t<meta property=\"og:image:type\" content=\"image\/jpeg\" class=\"yoast-seo-meta-tag\" \/>\n<meta name=\"author\" content=\"Szab\u00f3 Gyula\" class=\"yoast-seo-meta-tag\" \/>\n<meta name=\"twitter:card\" content=\"summary_large_image\" class=\"yoast-seo-meta-tag\" \/>\n<meta name=\"twitter:label1\" content=\"Szerz\u0151:\" class=\"yoast-seo-meta-tag\" \/>\n\t<meta name=\"twitter:data1\" content=\"Szab\u00f3 Gyula\" class=\"yoast-seo-meta-tag\" \/>\n\t<meta name=\"twitter:label2\" content=\"Becs\u00fclt olvas\u00e1si id\u0151\" class=\"yoast-seo-meta-tag\" \/>\n\t<meta name=\"twitter:data2\" content=\"8 perc\" class=\"yoast-seo-meta-tag\" \/>\n<script type=\"application\/ld+json\" class=\"yoast-schema-graph\">{\"@context\":\"https:\\\/\\\/schema.org\",\"@graph\":[{\"@type\":\"Article\",\"@id\":\"https:\\\/\\\/dorogimedence.hu\\\/index.php\\\/2023\\\/05\\\/08\\\/60-eve-tortent-miners-gala-gyozelem-skociaban-a-dorogi-banyasz-labdarugoival\\\/#article\",\"isPartOf\":{\"@id\":\"https:\\\/\\\/dorogimedence.hu\\\/index.php\\\/2023\\\/05\\\/08\\\/60-eve-tortent-miners-gala-gyozelem-skociaban-a-dorogi-banyasz-labdarugoival\\\/\"},\"author\":{\"name\":\"Szab\u00f3 Gyula\",\"@id\":\"https:\\\/\\\/dorogimedence.hu\\\/#\\\/schema\\\/person\\\/76605e8151ec1b7376385cd184ede973\"},\"headline\":\"60 \u00e9ve t\u00f6rt\u00e9nt: Miners&#8217; Gala gy\u0151zelem Sk\u00f3ci\u00e1ban a Dorogi B\u00e1ny\u00e1sz labdar\u00fag\u00f3ival\",\"datePublished\":\"2023-05-08T06:43:42+00:00\",\"dateModified\":\"2023-05-08T21:41:07+00:00\",\"mainEntityOfPage\":{\"@id\":\"https:\\\/\\\/dorogimedence.hu\\\/index.php\\\/2023\\\/05\\\/08\\\/60-eve-tortent-miners-gala-gyozelem-skociaban-a-dorogi-banyasz-labdarugoival\\\/\"},\"wordCount\":1672,\"publisher\":{\"@id\":\"https:\\\/\\\/dorogimedence.hu\\\/#organization\"},\"image\":{\"@id\":\"https:\\\/\\\/dorogimedence.hu\\\/index.php\\\/2023\\\/05\\\/08\\\/60-eve-tortent-miners-gala-gyozelem-skociaban-a-dorogi-banyasz-labdarugoival\\\/#primaryimage\"},\"thumbnailUrl\":\"https:\\\/\\\/dorogimedence.hu\\\/wp-content\\\/uploads\\\/2023\\\/05\\\/Miners-Gala-borpic.jpg\",\"keywords\":[\"Dorog\",\"Dorogi B\u00e1ny\u00e1sz\",\"Dorogi FC\",\"foci\",\"futball\",\"labdar\u00fag\u00e1s\",\"M\u00e1jus 1.\",\"Sk\u00f3cia\",\"sport\"],\"articleSection\":[\"Dorog\",\"H\u00edrek\",\"Kerek \u00e9vfordul\u00f3k\",\"Sport\"],\"inLanguage\":\"hu\"},{\"@type\":\"WebPage\",\"@id\":\"https:\\\/\\\/dorogimedence.hu\\\/index.php\\\/2023\\\/05\\\/08\\\/60-eve-tortent-miners-gala-gyozelem-skociaban-a-dorogi-banyasz-labdarugoival\\\/\",\"url\":\"https:\\\/\\\/dorogimedence.hu\\\/index.php\\\/2023\\\/05\\\/08\\\/60-eve-tortent-miners-gala-gyozelem-skociaban-a-dorogi-banyasz-labdarugoival\\\/\",\"name\":\"60 \u00e9ve t\u00f6rt\u00e9nt: Miners' Gala gy\u0151zelem Sk\u00f3ci\u00e1ban a Dorogi B\u00e1ny\u00e1sz labdar\u00fag\u00f3ival\",\"isPartOf\":{\"@id\":\"https:\\\/\\\/dorogimedence.hu\\\/#website\"},\"primaryImageOfPage\":{\"@id\":\"https:\\\/\\\/dorogimedence.hu\\\/index.php\\\/2023\\\/05\\\/08\\\/60-eve-tortent-miners-gala-gyozelem-skociaban-a-dorogi-banyasz-labdarugoival\\\/#primaryimage\"},\"image\":{\"@id\":\"https:\\\/\\\/dorogimedence.hu\\\/index.php\\\/2023\\\/05\\\/08\\\/60-eve-tortent-miners-gala-gyozelem-skociaban-a-dorogi-banyasz-labdarugoival\\\/#primaryimage\"},\"thumbnailUrl\":\"https:\\\/\\\/dorogimedence.hu\\\/wp-content\\\/uploads\\\/2023\\\/05\\\/Miners-Gala-borpic.jpg\",\"datePublished\":\"2023-05-08T06:43:42+00:00\",\"dateModified\":\"2023-05-08T21:41:07+00:00\",\"breadcrumb\":{\"@id\":\"https:\\\/\\\/dorogimedence.hu\\\/index.php\\\/2023\\\/05\\\/08\\\/60-eve-tortent-miners-gala-gyozelem-skociaban-a-dorogi-banyasz-labdarugoival\\\/#breadcrumb\"},\"inLanguage\":\"hu\",\"potentialAction\":[{\"@type\":\"ReadAction\",\"target\":[\"https:\\\/\\\/dorogimedence.hu\\\/index.php\\\/2023\\\/05\\\/08\\\/60-eve-tortent-miners-gala-gyozelem-skociaban-a-dorogi-banyasz-labdarugoival\\\/\"]}]},{\"@type\":\"ImageObject\",\"inLanguage\":\"hu\",\"@id\":\"https:\\\/\\\/dorogimedence.hu\\\/index.php\\\/2023\\\/05\\\/08\\\/60-eve-tortent-miners-gala-gyozelem-skociaban-a-dorogi-banyasz-labdarugoival\\\/#primaryimage\",\"url\":\"https:\\\/\\\/dorogimedence.hu\\\/wp-content\\\/uploads\\\/2023\\\/05\\\/Miners-Gala-borpic.jpg\",\"contentUrl\":\"https:\\\/\\\/dorogimedence.hu\\\/wp-content\\\/uploads\\\/2023\\\/05\\\/Miners-Gala-borpic.jpg\",\"width\":1300,\"height\":866},{\"@type\":\"BreadcrumbList\",\"@id\":\"https:\\\/\\\/dorogimedence.hu\\\/index.php\\\/2023\\\/05\\\/08\\\/60-eve-tortent-miners-gala-gyozelem-skociaban-a-dorogi-banyasz-labdarugoival\\\/#breadcrumb\",\"itemListElement\":[{\"@type\":\"ListItem\",\"position\":1,\"name\":\"Kezd\u0151lap\",\"item\":\"https:\\\/\\\/dorogimedence.hu\\\/\"},{\"@type\":\"ListItem\",\"position\":2,\"name\":\"60 \u00e9ve t\u00f6rt\u00e9nt: Miners&#8217; Gala gy\u0151zelem Sk\u00f3ci\u00e1ban a Dorogi B\u00e1ny\u00e1sz labdar\u00fag\u00f3ival\"}]},{\"@type\":\"WebSite\",\"@id\":\"https:\\\/\\\/dorogimedence.hu\\\/#website\",\"url\":\"https:\\\/\\\/dorogimedence.hu\\\/\",\"name\":\"Dorogi-medence Region\u00e1lis H\u00edrport\u00e1l\",\"description\":\"Dorog, Keszt\u00f6lc, Le\u00e1nyv\u00e1r, Piliscs\u00e9v, Tokod, Tokodalt\u00e1r\u00f3, Csolnok, Esztergom-kertv\u00e1ros: h\u00edrek, programok\",\"publisher\":{\"@id\":\"https:\\\/\\\/dorogimedence.hu\\\/#organization\"},\"potentialAction\":[{\"@type\":\"SearchAction\",\"target\":{\"@type\":\"EntryPoint\",\"urlTemplate\":\"https:\\\/\\\/dorogimedence.hu\\\/?s={search_term_string}\"},\"query-input\":{\"@type\":\"PropertyValueSpecification\",\"valueRequired\":true,\"valueName\":\"search_term_string\"}}],\"inLanguage\":\"hu\"},{\"@type\":\"Organization\",\"@id\":\"https:\\\/\\\/dorogimedence.hu\\\/#organization\",\"name\":\"Dorogi-medence Region\u00e1lis H\u00edrport\u00e1l\",\"url\":\"https:\\\/\\\/dorogimedence.hu\\\/\",\"logo\":{\"@type\":\"ImageObject\",\"inLanguage\":\"hu\",\"@id\":\"https:\\\/\\\/dorogimedence.hu\\\/#\\\/schema\\\/logo\\\/image\\\/\",\"url\":\"https:\\\/\\\/dorogimedence.hu\\\/wp-content\\\/uploads\\\/2021\\\/04\\\/logo-feher-600.png\",\"contentUrl\":\"https:\\\/\\\/dorogimedence.hu\\\/wp-content\\\/uploads\\\/2021\\\/04\\\/logo-feher-600.png\",\"width\":600,\"height\":100,\"caption\":\"Dorogi-medence Region\u00e1lis H\u00edrport\u00e1l\"},\"image\":{\"@id\":\"https:\\\/\\\/dorogimedence.hu\\\/#\\\/schema\\\/logo\\\/image\\\/\"},\"sameAs\":[\"https:\\\/\\\/www.facebook.com\\\/dorogimedence\\\/\"]},{\"@type\":\"Person\",\"@id\":\"https:\\\/\\\/dorogimedence.hu\\\/#\\\/schema\\\/person\\\/76605e8151ec1b7376385cd184ede973\",\"name\":\"Szab\u00f3 Gyula\",\"image\":{\"@type\":\"ImageObject\",\"inLanguage\":\"hu\",\"@id\":\"\\\/\\\/www.gravatar.com\\\/avatar\\\/3e44b6fb2ef9bcea3639958cc2a587cb?s=96&#038;r=g&#038;d=mm\",\"url\":\"\\\/\\\/www.gravatar.com\\\/avatar\\\/3e44b6fb2ef9bcea3639958cc2a587cb?s=96&#038;r=g&#038;d=mm\",\"contentUrl\":\"\\\/\\\/www.gravatar.com\\\/avatar\\\/3e44b6fb2ef9bcea3639958cc2a587cb?s=96&#038;r=g&#038;d=mm\",\"caption\":\"Szab\u00f3 Gyula\"}}]}<\/script>\n<!-- \/ Yoast SEO plugin. -->","yoast_head_json":{"title":"60 \u00e9ve t\u00f6rt\u00e9nt: Miners' Gala gy\u0151zelem Sk\u00f3ci\u00e1ban a Dorogi B\u00e1ny\u00e1sz labdar\u00fag\u00f3ival","robots":{"index":"index","follow":"follow","max-snippet":"max-snippet:-1","max-image-preview":"max-image-preview:large","max-video-preview":"max-video-preview:-1"},"canonical":"https:\/\/dorogimedence.hu\/index.php\/2023\/05\/08\/60-eve-tortent-miners-gala-gyozelem-skociaban-a-dorogi-banyasz-labdarugoival\/","og_locale":"hu_HU","og_type":"article","og_title":"60 \u00e9ve t\u00f6rt\u00e9nt: Miners' Gala gy\u0151zelem Sk\u00f3ci\u00e1ban a Dorogi B\u00e1ny\u00e1sz labdar\u00fag\u00f3ival","og_description":"A dorogi labdar\u00fag\u00f3k a B\u00e1ny\u00e1sz-v\u00e1logatott k\u00e9pviselet\u00e9ben 1963. m\u00e1jus 1. \u00e9s 8. k\u00f6z\u00f6tt a Sk\u00f3ci\u00e1ban megrendez\u00e9sre ker\u00fcl\u0151 neves esem\u00e9nyen vettek r\u00e9szt. A Buz\u00e1nszky Jen\u0151 \u00e1ltal vezetett csapat mindh\u00e1rom tal\u00e1lkoz\u00f3j\u00e1t megnyerve lett a viadal gy\u0151ztese. M\u00e9g 1962 \u00e9v elej\u00e9n \u00e9rkezett a sk\u00f3t f\u00e9l r\u00e9sz\u00e9r\u0151l a legels\u0151 megkeres\u00e9s, amelynek sor\u00e1n a Sk\u00f3t B\u00e1ny\u00e1szszakszervezet \u00e9s a sk\u00f3t Sz\u00f6vets\u00e9g Buz\u00e1nszky","og_url":"https:\/\/dorogimedence.hu\/index.php\/2023\/05\/08\/60-eve-tortent-miners-gala-gyozelem-skociaban-a-dorogi-banyasz-labdarugoival\/","og_site_name":"Dorogi-medence Region\u00e1lis H\u00edrport\u00e1l","article_publisher":"https:\/\/www.facebook.com\/dorogimedence\/","article_published_time":"2023-05-08T06:43:42+00:00","article_modified_time":"2023-05-08T21:41:07+00:00","og_image":[{"width":1300,"height":866,"url":"https:\/\/dorogimedence.hu\/wp-content\/uploads\/2023\/05\/Miners-Gala-borpic.jpg","type":"image\/jpeg"}],"author":"Szab\u00f3 Gyula","twitter_card":"summary_large_image","twitter_misc":{"Szerz\u0151:":"Szab\u00f3 Gyula","Becs\u00fclt olvas\u00e1si id\u0151":"8 perc"},"schema":{"@context":"https:\/\/schema.org","@graph":[{"@type":"Article","@id":"https:\/\/dorogimedence.hu\/index.php\/2023\/05\/08\/60-eve-tortent-miners-gala-gyozelem-skociaban-a-dorogi-banyasz-labdarugoival\/#article","isPartOf":{"@id":"https:\/\/dorogimedence.hu\/index.php\/2023\/05\/08\/60-eve-tortent-miners-gala-gyozelem-skociaban-a-dorogi-banyasz-labdarugoival\/"},"author":{"name":"Szab\u00f3 Gyula","@id":"https:\/\/dorogimedence.hu\/#\/schema\/person\/76605e8151ec1b7376385cd184ede973"},"headline":"60 \u00e9ve t\u00f6rt\u00e9nt: Miners&#8217; Gala gy\u0151zelem Sk\u00f3ci\u00e1ban a Dorogi B\u00e1ny\u00e1sz labdar\u00fag\u00f3ival","datePublished":"2023-05-08T06:43:42+00:00","dateModified":"2023-05-08T21:41:07+00:00","mainEntityOfPage":{"@id":"https:\/\/dorogimedence.hu\/index.php\/2023\/05\/08\/60-eve-tortent-miners-gala-gyozelem-skociaban-a-dorogi-banyasz-labdarugoival\/"},"wordCount":1672,"publisher":{"@id":"https:\/\/dorogimedence.hu\/#organization"},"image":{"@id":"https:\/\/dorogimedence.hu\/index.php\/2023\/05\/08\/60-eve-tortent-miners-gala-gyozelem-skociaban-a-dorogi-banyasz-labdarugoival\/#primaryimage"},"thumbnailUrl":"https:\/\/dorogimedence.hu\/wp-content\/uploads\/2023\/05\/Miners-Gala-borpic.jpg","keywords":["Dorog","Dorogi B\u00e1ny\u00e1sz","Dorogi FC","foci","futball","labdar\u00fag\u00e1s","M\u00e1jus 1.","Sk\u00f3cia","sport"],"articleSection":["Dorog","H\u00edrek","Kerek \u00e9vfordul\u00f3k","Sport"],"inLanguage":"hu"},{"@type":"WebPage","@id":"https:\/\/dorogimedence.hu\/index.php\/2023\/05\/08\/60-eve-tortent-miners-gala-gyozelem-skociaban-a-dorogi-banyasz-labdarugoival\/","url":"https:\/\/dorogimedence.hu\/index.php\/2023\/05\/08\/60-eve-tortent-miners-gala-gyozelem-skociaban-a-dorogi-banyasz-labdarugoival\/","name":"60 \u00e9ve t\u00f6rt\u00e9nt: Miners' Gala gy\u0151zelem Sk\u00f3ci\u00e1ban a Dorogi B\u00e1ny\u00e1sz labdar\u00fag\u00f3ival","isPartOf":{"@id":"https:\/\/dorogimedence.hu\/#website"},"primaryImageOfPage":{"@id":"https:\/\/dorogimedence.hu\/index.php\/2023\/05\/08\/60-eve-tortent-miners-gala-gyozelem-skociaban-a-dorogi-banyasz-labdarugoival\/#primaryimage"},"image":{"@id":"https:\/\/dorogimedence.hu\/index.php\/2023\/05\/08\/60-eve-tortent-miners-gala-gyozelem-skociaban-a-dorogi-banyasz-labdarugoival\/#primaryimage"},"thumbnailUrl":"https:\/\/dorogimedence.hu\/wp-content\/uploads\/2023\/05\/Miners-Gala-borpic.jpg","datePublished":"2023-05-08T06:43:42+00:00","dateModified":"2023-05-08T21:41:07+00:00","breadcrumb":{"@id":"https:\/\/dorogimedence.hu\/index.php\/2023\/05\/08\/60-eve-tortent-miners-gala-gyozelem-skociaban-a-dorogi-banyasz-labdarugoival\/#breadcrumb"},"inLanguage":"hu","potentialAction":[{"@type":"ReadAction","target":["https:\/\/dorogimedence.hu\/index.php\/2023\/05\/08\/60-eve-tortent-miners-gala-gyozelem-skociaban-a-dorogi-banyasz-labdarugoival\/"]}]},{"@type":"ImageObject","inLanguage":"hu","@id":"https:\/\/dorogimedence.hu\/index.php\/2023\/05\/08\/60-eve-tortent-miners-gala-gyozelem-skociaban-a-dorogi-banyasz-labdarugoival\/#primaryimage","url":"https:\/\/dorogimedence.hu\/wp-content\/uploads\/2023\/05\/Miners-Gala-borpic.jpg","contentUrl":"https:\/\/dorogimedence.hu\/wp-content\/uploads\/2023\/05\/Miners-Gala-borpic.jpg","width":1300,"height":866},{"@type":"BreadcrumbList","@id":"https:\/\/dorogimedence.hu\/index.php\/2023\/05\/08\/60-eve-tortent-miners-gala-gyozelem-skociaban-a-dorogi-banyasz-labdarugoival\/#breadcrumb","itemListElement":[{"@type":"ListItem","position":1,"name":"Kezd\u0151lap","item":"https:\/\/dorogimedence.hu\/"},{"@type":"ListItem","position":2,"name":"60 \u00e9ve t\u00f6rt\u00e9nt: Miners&#8217; Gala gy\u0151zelem Sk\u00f3ci\u00e1ban a Dorogi B\u00e1ny\u00e1sz labdar\u00fag\u00f3ival"}]},{"@type":"WebSite","@id":"https:\/\/dorogimedence.hu\/#website","url":"https:\/\/dorogimedence.hu\/","name":"Dorogi-medence Region\u00e1lis H\u00edrport\u00e1l","description":"Dorog, Keszt\u00f6lc, Le\u00e1nyv\u00e1r, Piliscs\u00e9v, Tokod, Tokodalt\u00e1r\u00f3, Csolnok, Esztergom-kertv\u00e1ros: h\u00edrek, programok","publisher":{"@id":"https:\/\/dorogimedence.hu\/#organization"},"potentialAction":[{"@type":"SearchAction","target":{"@type":"EntryPoint","urlTemplate":"https:\/\/dorogimedence.hu\/?s={search_term_string}"},"query-input":{"@type":"PropertyValueSpecification","valueRequired":true,"valueName":"search_term_string"}}],"inLanguage":"hu"},{"@type":"Organization","@id":"https:\/\/dorogimedence.hu\/#organization","name":"Dorogi-medence Region\u00e1lis H\u00edrport\u00e1l","url":"https:\/\/dorogimedence.hu\/","logo":{"@type":"ImageObject","inLanguage":"hu","@id":"https:\/\/dorogimedence.hu\/#\/schema\/logo\/image\/","url":"https:\/\/dorogimedence.hu\/wp-content\/uploads\/2021\/04\/logo-feher-600.png","contentUrl":"https:\/\/dorogimedence.hu\/wp-content\/uploads\/2021\/04\/logo-feher-600.png","width":600,"height":100,"caption":"Dorogi-medence Region\u00e1lis H\u00edrport\u00e1l"},"image":{"@id":"https:\/\/dorogimedence.hu\/#\/schema\/logo\/image\/"},"sameAs":["https:\/\/www.facebook.com\/dorogimedence\/"]},{"@type":"Person","@id":"https:\/\/dorogimedence.hu\/#\/schema\/person\/76605e8151ec1b7376385cd184ede973","name":"Szab\u00f3 Gyula","image":{"@type":"ImageObject","inLanguage":"hu","@id":"\/\/www.gravatar.com\/avatar\/3e44b6fb2ef9bcea3639958cc2a587cb?s=96&#038;r=g&#038;d=mm","url":"\/\/www.gravatar.com\/avatar\/3e44b6fb2ef9bcea3639958cc2a587cb?s=96&#038;r=g&#038;d=mm","contentUrl":"\/\/www.gravatar.com\/avatar\/3e44b6fb2ef9bcea3639958cc2a587cb?s=96&#038;r=g&#038;d=mm","caption":"Szab\u00f3 Gyula"}}]}},"_links":{"self":[{"href":"https:\/\/dorogimedence.hu\/index.php\/wp-json\/wp\/v2\/posts\/52495","targetHints":{"allow":["GET"]}}],"collection":[{"href":"https:\/\/dorogimedence.hu\/index.php\/wp-json\/wp\/v2\/posts"}],"about":[{"href":"https:\/\/dorogimedence.hu\/index.php\/wp-json\/wp\/v2\/types\/post"}],"author":[{"embeddable":true,"href":"https:\/\/dorogimedence.hu\/index.php\/wp-json\/wp\/v2\/users\/4"}],"replies":[{"embeddable":true,"href":"https:\/\/dorogimedence.hu\/index.php\/wp-json\/wp\/v2\/comments?post=52495"}],"version-history":[{"count":0,"href":"https:\/\/dorogimedence.hu\/index.php\/wp-json\/wp\/v2\/posts\/52495\/revisions"}],"wp:featuredmedia":[{"embeddable":true,"href":"https:\/\/dorogimedence.hu\/index.php\/wp-json\/wp\/v2\/media\/52505"}],"wp:attachment":[{"href":"https:\/\/dorogimedence.hu\/index.php\/wp-json\/wp\/v2\/media?parent=52495"}],"wp:term":[{"taxonomy":"category","embeddable":true,"href":"https:\/\/dorogimedence.hu\/index.php\/wp-json\/wp\/v2\/categories?post=52495"},{"taxonomy":"post_tag","embeddable":true,"href":"https:\/\/dorogimedence.hu\/index.php\/wp-json\/wp\/v2\/tags?post=52495"}],"curies":[{"name":"wp","href":"https:\/\/api.w.org\/{rel}","templated":true}]}}