{"id":52460,"date":"2023-04-28T08:48:41","date_gmt":"2023-04-28T06:48:41","guid":{"rendered":"https:\/\/dorogimedence.hu\/?p=52460"},"modified":"2023-04-28T08:48:41","modified_gmt":"2023-04-28T06:48:41","slug":"korozott-szemelyt-fogtak-el-az-esztergomi-rendorok-7","status":"publish","type":"post","link":"https:\/\/dorogimedence.hu\/index.php\/2023\/04\/28\/korozott-szemelyt-fogtak-el-az-esztergomi-rendorok-7\/","title":{"rendered":"K\u00f6r\u00f6z\u00f6tt szem\u00e9lyt fogtak el az esztergomi rend\u0151r\u00f6k"},"content":{"rendered":"<p><strong>Az esztergomi rend\u0151r\u00f6k \u00e1prilis 27-\u00e9n, cs\u00fct\u00f6rt\u00f6k\u00f6n reggel 5 \u00f3ra 30 perckor igazoltattak egy f\u00e9rfit.<\/strong><\/p>\n<p>Kider\u00fclt, hogy ellene az Esztergomi Rend\u0151rkapit\u00e1nys\u00e1g hat k\u00f6r\u00f6z\u00e9se van \u00e9rv\u00e9nyben, mivel \u00f6sszesen 195 ezer forint p\u00e9nzb\u00edrs\u00e1got nem fizetett be. Az 55 \u00e9ves nyerges\u00fajfalui lakost el\u0151\u00e1ll\u00edtott\u00e1k, \u00e9s a r\u00e9sz\u00e9re kijel\u00f6lt b\u00fcntet\u00e9s-v\u00e9grehajt\u00e1si int\u00e9zetbe vitt\u00e9k.<\/p>\n<p>A Kom\u00e1rom-Esztergom V\u00e1rmegyei Rend\u0151r-f\u0151kapit\u00e1nys\u00e1g illet\u00e9kess\u00e9gi ter\u00fclet\u00e9n az elm\u00falt 24 \u00f3r\u00e1ban a rend\u0151r\u00f6k nyolc anyagi k\u00e1rral v\u00e9gz\u0151d\u0151 k\u00f6z\u00fati k\u00f6zleked\u00e9si baleset helysz\u00edn\u00e9n int\u00e9zkedtek. Az egyenruh\u00e1sok huszonhat szem\u00e9lyt fogtak el \u00e9s h\u00e1rom f\u0151t \u00e1ll\u00edtottak el\u0151. Biztons\u00e1gi int\u00e9zked\u00e9s egy esetben t\u00f6rt\u00e9nt.<\/p>\n<p><em>Forr\u00e1s: police.hu<\/em><\/p>\n","protected":false},"excerpt":{"rendered":"<p>Az esztergomi rend\u0151r\u00f6k \u00e1prilis 27-\u00e9n, cs\u00fct\u00f6rt\u00f6k\u00f6n reggel 5 \u00f3ra 30 perckor igazoltattak egy f\u00e9rfit. Kider\u00fclt, hogy ellene az Esztergomi Rend\u0151rkapit\u00e1nys\u00e1g hat k\u00f6r\u00f6z\u00e9se van \u00e9rv\u00e9nyben, mivel \u00f6sszesen 195 ezer forint p\u00e9nzb\u00edrs\u00e1got nem fizetett be. Az 55 \u00e9ves nyerges\u00fajfalui lakost el\u0151\u00e1ll\u00edtott\u00e1k, \u00e9s a r\u00e9sz\u00e9re kijel\u00f6lt b\u00fcntet\u00e9s-v\u00e9grehajt\u00e1si int\u00e9zetbe vitt\u00e9k. A Kom\u00e1rom-Esztergom V\u00e1rmegyei Rend\u0151r-f\u0151kapit\u00e1nys\u00e1g illet\u00e9kess\u00e9gi ter\u00fclet\u00e9n az elm\u00falt 24<\/p>\n","protected":false},"author":1,"featured_media":48266,"comment_status":"closed","ping_status":"closed","sticky":false,"template":"","format":"standard","meta":{"ngg_post_thumbnail":0,"footnotes":""},"categories":[38,3,39,1390],"tags":[1556,42,106,140,61],"class_list":{"0":"post-52460","1":"post","2":"type-post","3":"status-publish","4":"format-standard","5":"has-post-thumbnail","7":"category-esztergom","8":"category-hirek","9":"category-kek-hirek","10":"category-nyergesujfalu","11":"tag-elfogatoparancs","12":"tag-esztergom","13":"tag-korozes","14":"tag-nyergesujfalu","15":"tag-rendorsegi-hirek"},"yoast_head":"<!-- This site is optimized with the Yoast SEO plugin v27.4 - https:\/\/yoast.com\/product\/yoast-seo-wordpress\/ -->\n<title>K\u00f6r\u00f6z\u00f6tt szem\u00e9lyt fogtak el az esztergomi rend\u0151r\u00f6k<\/title>\n<meta name=\"robots\" content=\"index, follow, max-snippet:-1, max-image-preview:large, max-video-preview:-1\" \/>\n<link rel=\"canonical\" href=\"https:\/\/dorogimedence.hu\/index.php\/2023\/04\/28\/korozott-szemelyt-fogtak-el-az-esztergomi-rendorok-7\/\" class=\"yoast-seo-meta-tag\" \/>\n<meta property=\"og:locale\" content=\"hu_HU\" class=\"yoast-seo-meta-tag\" \/>\n<meta property=\"og:type\" content=\"article\" class=\"yoast-seo-meta-tag\" \/>\n<meta property=\"og:title\" content=\"K\u00f6r\u00f6z\u00f6tt szem\u00e9lyt fogtak el az esztergomi rend\u0151r\u00f6k\" class=\"yoast-seo-meta-tag\" \/>\n<meta property=\"og:description\" content=\"Az esztergomi rend\u0151r\u00f6k \u00e1prilis 27-\u00e9n, cs\u00fct\u00f6rt\u00f6k\u00f6n reggel 5 \u00f3ra 30 perckor igazoltattak egy f\u00e9rfit. Kider\u00fclt, hogy ellene az Esztergomi Rend\u0151rkapit\u00e1nys\u00e1g hat k\u00f6r\u00f6z\u00e9se van \u00e9rv\u00e9nyben, mivel \u00f6sszesen 195 ezer forint p\u00e9nzb\u00edrs\u00e1got nem fizetett be. Az 55 \u00e9ves nyerges\u00fajfalui lakost el\u0151\u00e1ll\u00edtott\u00e1k, \u00e9s a r\u00e9sz\u00e9re kijel\u00f6lt b\u00fcntet\u00e9s-v\u00e9grehajt\u00e1si int\u00e9zetbe vitt\u00e9k. A Kom\u00e1rom-Esztergom V\u00e1rmegyei Rend\u0151r-f\u0151kapit\u00e1nys\u00e1g illet\u00e9kess\u00e9gi ter\u00fclet\u00e9n az elm\u00falt 24\" class=\"yoast-seo-meta-tag\" \/>\n<meta property=\"og:url\" content=\"https:\/\/dorogimedence.hu\/index.php\/2023\/04\/28\/korozott-szemelyt-fogtak-el-az-esztergomi-rendorok-7\/\" class=\"yoast-seo-meta-tag\" \/>\n<meta property=\"og:site_name\" content=\"Dorogi-medence Region\u00e1lis H\u00edrport\u00e1l\" class=\"yoast-seo-meta-tag\" \/>\n<meta property=\"article:publisher\" content=\"https:\/\/www.facebook.com\/dorogimedence\/\" class=\"yoast-seo-meta-tag\" \/>\n<meta property=\"article:published_time\" content=\"2023-04-28T06:48:41+00:00\" class=\"yoast-seo-meta-tag\" \/>\n<meta property=\"og:image\" content=\"https:\/\/dorogimedence.hu\/wp-content\/uploads\/2022\/11\/rendorauto-05.jpg\" class=\"yoast-seo-meta-tag\" \/>\n\t<meta property=\"og:image:width\" content=\"1920\" class=\"yoast-seo-meta-tag\" \/>\n\t<meta property=\"og:image:height\" content=\"1179\" class=\"yoast-seo-meta-tag\" \/>\n\t<meta property=\"og:image:type\" content=\"image\/jpeg\" class=\"yoast-seo-meta-tag\" \/>\n<meta name=\"author\" content=\"dorogimedence.hu\" class=\"yoast-seo-meta-tag\" \/>\n<meta name=\"twitter:card\" content=\"summary_large_image\" class=\"yoast-seo-meta-tag\" \/>\n<meta name=\"twitter:label1\" content=\"Szerz\u0151:\" class=\"yoast-seo-meta-tag\" \/>\n\t<meta name=\"twitter:data1\" content=\"dorogimedence.hu\" class=\"yoast-seo-meta-tag\" \/>\n\t<meta name=\"twitter:label2\" content=\"Becs\u00fclt olvas\u00e1si id\u0151\" class=\"yoast-seo-meta-tag\" \/>\n\t<meta name=\"twitter:data2\" content=\"1 perc\" class=\"yoast-seo-meta-tag\" \/>\n<script type=\"application\/ld+json\" class=\"yoast-schema-graph\">{\"@context\":\"https:\\\/\\\/schema.org\",\"@graph\":[{\"@type\":\"Article\",\"@id\":\"https:\\\/\\\/dorogimedence.hu\\\/index.php\\\/2023\\\/04\\\/28\\\/korozott-szemelyt-fogtak-el-az-esztergomi-rendorok-7\\\/#article\",\"isPartOf\":{\"@id\":\"https:\\\/\\\/dorogimedence.hu\\\/index.php\\\/2023\\\/04\\\/28\\\/korozott-szemelyt-fogtak-el-az-esztergomi-rendorok-7\\\/\"},\"author\":{\"name\":\"dorogimedence.hu\",\"@id\":\"https:\\\/\\\/dorogimedence.hu\\\/#\\\/schema\\\/person\\\/ce6091eeb7e95ecdc87890d6aa8e0fd4\"},\"headline\":\"K\u00f6r\u00f6z\u00f6tt szem\u00e9lyt fogtak el az esztergomi rend\u0151r\u00f6k\",\"datePublished\":\"2023-04-28T06:48:41+00:00\",\"mainEntityOfPage\":{\"@id\":\"https:\\\/\\\/dorogimedence.hu\\\/index.php\\\/2023\\\/04\\\/28\\\/korozott-szemelyt-fogtak-el-az-esztergomi-rendorok-7\\\/\"},\"wordCount\":161,\"publisher\":{\"@id\":\"https:\\\/\\\/dorogimedence.hu\\\/#organization\"},\"image\":{\"@id\":\"https:\\\/\\\/dorogimedence.hu\\\/index.php\\\/2023\\\/04\\\/28\\\/korozott-szemelyt-fogtak-el-az-esztergomi-rendorok-7\\\/#primaryimage\"},\"thumbnailUrl\":\"https:\\\/\\\/dorogimedence.hu\\\/wp-content\\\/uploads\\\/2022\\\/11\\\/rendorauto-05.jpg\",\"keywords\":[\"elfogat\u00f3parancs\",\"esztergom\",\"k\u00f6r\u00f6z\u00e9s\",\"Nyerges\u00fajfalu\",\"rend\u0151rs\u00e9gi h\u00edrek\"],\"articleSection\":[\"Esztergom\",\"H\u00edrek\",\"K\u00e9k h\u00edrek\",\"Nyerges\u00fajfalu\"],\"inLanguage\":\"hu\"},{\"@type\":\"WebPage\",\"@id\":\"https:\\\/\\\/dorogimedence.hu\\\/index.php\\\/2023\\\/04\\\/28\\\/korozott-szemelyt-fogtak-el-az-esztergomi-rendorok-7\\\/\",\"url\":\"https:\\\/\\\/dorogimedence.hu\\\/index.php\\\/2023\\\/04\\\/28\\\/korozott-szemelyt-fogtak-el-az-esztergomi-rendorok-7\\\/\",\"name\":\"K\u00f6r\u00f6z\u00f6tt szem\u00e9lyt fogtak el az esztergomi rend\u0151r\u00f6k\",\"isPartOf\":{\"@id\":\"https:\\\/\\\/dorogimedence.hu\\\/#website\"},\"primaryImageOfPage\":{\"@id\":\"https:\\\/\\\/dorogimedence.hu\\\/index.php\\\/2023\\\/04\\\/28\\\/korozott-szemelyt-fogtak-el-az-esztergomi-rendorok-7\\\/#primaryimage\"},\"image\":{\"@id\":\"https:\\\/\\\/dorogimedence.hu\\\/index.php\\\/2023\\\/04\\\/28\\\/korozott-szemelyt-fogtak-el-az-esztergomi-rendorok-7\\\/#primaryimage\"},\"thumbnailUrl\":\"https:\\\/\\\/dorogimedence.hu\\\/wp-content\\\/uploads\\\/2022\\\/11\\\/rendorauto-05.jpg\",\"datePublished\":\"2023-04-28T06:48:41+00:00\",\"breadcrumb\":{\"@id\":\"https:\\\/\\\/dorogimedence.hu\\\/index.php\\\/2023\\\/04\\\/28\\\/korozott-szemelyt-fogtak-el-az-esztergomi-rendorok-7\\\/#breadcrumb\"},\"inLanguage\":\"hu\",\"potentialAction\":[{\"@type\":\"ReadAction\",\"target\":[\"https:\\\/\\\/dorogimedence.hu\\\/index.php\\\/2023\\\/04\\\/28\\\/korozott-szemelyt-fogtak-el-az-esztergomi-rendorok-7\\\/\"]}]},{\"@type\":\"ImageObject\",\"inLanguage\":\"hu\",\"@id\":\"https:\\\/\\\/dorogimedence.hu\\\/index.php\\\/2023\\\/04\\\/28\\\/korozott-szemelyt-fogtak-el-az-esztergomi-rendorok-7\\\/#primaryimage\",\"url\":\"https:\\\/\\\/dorogimedence.hu\\\/wp-content\\\/uploads\\\/2022\\\/11\\\/rendorauto-05.jpg\",\"contentUrl\":\"https:\\\/\\\/dorogimedence.hu\\\/wp-content\\\/uploads\\\/2022\\\/11\\\/rendorauto-05.jpg\",\"width\":1920,\"height\":1179},{\"@type\":\"BreadcrumbList\",\"@id\":\"https:\\\/\\\/dorogimedence.hu\\\/index.php\\\/2023\\\/04\\\/28\\\/korozott-szemelyt-fogtak-el-az-esztergomi-rendorok-7\\\/#breadcrumb\",\"itemListElement\":[{\"@type\":\"ListItem\",\"position\":1,\"name\":\"Kezd\u0151lap\",\"item\":\"https:\\\/\\\/dorogimedence.hu\\\/\"},{\"@type\":\"ListItem\",\"position\":2,\"name\":\"K\u00f6r\u00f6z\u00f6tt szem\u00e9lyt fogtak el az esztergomi rend\u0151r\u00f6k\"}]},{\"@type\":\"WebSite\",\"@id\":\"https:\\\/\\\/dorogimedence.hu\\\/#website\",\"url\":\"https:\\\/\\\/dorogimedence.hu\\\/\",\"name\":\"Dorogi-medence Region\u00e1lis H\u00edrport\u00e1l\",\"description\":\"Dorog, Keszt\u00f6lc, Le\u00e1nyv\u00e1r, Piliscs\u00e9v, Tokod, Tokodalt\u00e1r\u00f3, Csolnok, Esztergom-kertv\u00e1ros: h\u00edrek, programok\",\"publisher\":{\"@id\":\"https:\\\/\\\/dorogimedence.hu\\\/#organization\"},\"potentialAction\":[{\"@type\":\"SearchAction\",\"target\":{\"@type\":\"EntryPoint\",\"urlTemplate\":\"https:\\\/\\\/dorogimedence.hu\\\/?s={search_term_string}\"},\"query-input\":{\"@type\":\"PropertyValueSpecification\",\"valueRequired\":true,\"valueName\":\"search_term_string\"}}],\"inLanguage\":\"hu\"},{\"@type\":\"Organization\",\"@id\":\"https:\\\/\\\/dorogimedence.hu\\\/#organization\",\"name\":\"Dorogi-medence Region\u00e1lis H\u00edrport\u00e1l\",\"url\":\"https:\\\/\\\/dorogimedence.hu\\\/\",\"logo\":{\"@type\":\"ImageObject\",\"inLanguage\":\"hu\",\"@id\":\"https:\\\/\\\/dorogimedence.hu\\\/#\\\/schema\\\/logo\\\/image\\\/\",\"url\":\"https:\\\/\\\/dorogimedence.hu\\\/wp-content\\\/uploads\\\/2021\\\/04\\\/logo-feher-600.png\",\"contentUrl\":\"https:\\\/\\\/dorogimedence.hu\\\/wp-content\\\/uploads\\\/2021\\\/04\\\/logo-feher-600.png\",\"width\":600,\"height\":100,\"caption\":\"Dorogi-medence Region\u00e1lis H\u00edrport\u00e1l\"},\"image\":{\"@id\":\"https:\\\/\\\/dorogimedence.hu\\\/#\\\/schema\\\/logo\\\/image\\\/\"},\"sameAs\":[\"https:\\\/\\\/www.facebook.com\\\/dorogimedence\\\/\"]},{\"@type\":\"Person\",\"@id\":\"https:\\\/\\\/dorogimedence.hu\\\/#\\\/schema\\\/person\\\/ce6091eeb7e95ecdc87890d6aa8e0fd4\",\"name\":\"dorogimedence.hu\",\"image\":{\"@type\":\"ImageObject\",\"inLanguage\":\"hu\",\"@id\":\"\\\/\\\/www.gravatar.com\\\/avatar\\\/d8d45f8901aadff40a4af72c0b826f1d?s=96&#038;r=g&#038;d=mm\",\"url\":\"\\\/\\\/www.gravatar.com\\\/avatar\\\/d8d45f8901aadff40a4af72c0b826f1d?s=96&#038;r=g&#038;d=mm\",\"contentUrl\":\"\\\/\\\/www.gravatar.com\\\/avatar\\\/d8d45f8901aadff40a4af72c0b826f1d?s=96&#038;r=g&#038;d=mm\",\"caption\":\"dorogimedence.hu\"}}]}<\/script>\n<!-- \/ Yoast SEO plugin. -->","yoast_head_json":{"title":"K\u00f6r\u00f6z\u00f6tt szem\u00e9lyt fogtak el az esztergomi rend\u0151r\u00f6k","robots":{"index":"index","follow":"follow","max-snippet":"max-snippet:-1","max-image-preview":"max-image-preview:large","max-video-preview":"max-video-preview:-1"},"canonical":"https:\/\/dorogimedence.hu\/index.php\/2023\/04\/28\/korozott-szemelyt-fogtak-el-az-esztergomi-rendorok-7\/","og_locale":"hu_HU","og_type":"article","og_title":"K\u00f6r\u00f6z\u00f6tt szem\u00e9lyt fogtak el az esztergomi rend\u0151r\u00f6k","og_description":"Az esztergomi rend\u0151r\u00f6k \u00e1prilis 27-\u00e9n, cs\u00fct\u00f6rt\u00f6k\u00f6n reggel 5 \u00f3ra 30 perckor igazoltattak egy f\u00e9rfit. Kider\u00fclt, hogy ellene az Esztergomi Rend\u0151rkapit\u00e1nys\u00e1g hat k\u00f6r\u00f6z\u00e9se van \u00e9rv\u00e9nyben, mivel \u00f6sszesen 195 ezer forint p\u00e9nzb\u00edrs\u00e1got nem fizetett be. Az 55 \u00e9ves nyerges\u00fajfalui lakost el\u0151\u00e1ll\u00edtott\u00e1k, \u00e9s a r\u00e9sz\u00e9re kijel\u00f6lt b\u00fcntet\u00e9s-v\u00e9grehajt\u00e1si int\u00e9zetbe vitt\u00e9k. A Kom\u00e1rom-Esztergom V\u00e1rmegyei Rend\u0151r-f\u0151kapit\u00e1nys\u00e1g illet\u00e9kess\u00e9gi ter\u00fclet\u00e9n az elm\u00falt 24","og_url":"https:\/\/dorogimedence.hu\/index.php\/2023\/04\/28\/korozott-szemelyt-fogtak-el-az-esztergomi-rendorok-7\/","og_site_name":"Dorogi-medence Region\u00e1lis H\u00edrport\u00e1l","article_publisher":"https:\/\/www.facebook.com\/dorogimedence\/","article_published_time":"2023-04-28T06:48:41+00:00","og_image":[{"width":1920,"height":1179,"url":"https:\/\/dorogimedence.hu\/wp-content\/uploads\/2022\/11\/rendorauto-05.jpg","type":"image\/jpeg"}],"author":"dorogimedence.hu","twitter_card":"summary_large_image","twitter_misc":{"Szerz\u0151:":"dorogimedence.hu","Becs\u00fclt olvas\u00e1si id\u0151":"1 perc"},"schema":{"@context":"https:\/\/schema.org","@graph":[{"@type":"Article","@id":"https:\/\/dorogimedence.hu\/index.php\/2023\/04\/28\/korozott-szemelyt-fogtak-el-az-esztergomi-rendorok-7\/#article","isPartOf":{"@id":"https:\/\/dorogimedence.hu\/index.php\/2023\/04\/28\/korozott-szemelyt-fogtak-el-az-esztergomi-rendorok-7\/"},"author":{"name":"dorogimedence.hu","@id":"https:\/\/dorogimedence.hu\/#\/schema\/person\/ce6091eeb7e95ecdc87890d6aa8e0fd4"},"headline":"K\u00f6r\u00f6z\u00f6tt szem\u00e9lyt fogtak el az esztergomi rend\u0151r\u00f6k","datePublished":"2023-04-28T06:48:41+00:00","mainEntityOfPage":{"@id":"https:\/\/dorogimedence.hu\/index.php\/2023\/04\/28\/korozott-szemelyt-fogtak-el-az-esztergomi-rendorok-7\/"},"wordCount":161,"publisher":{"@id":"https:\/\/dorogimedence.hu\/#organization"},"image":{"@id":"https:\/\/dorogimedence.hu\/index.php\/2023\/04\/28\/korozott-szemelyt-fogtak-el-az-esztergomi-rendorok-7\/#primaryimage"},"thumbnailUrl":"https:\/\/dorogimedence.hu\/wp-content\/uploads\/2022\/11\/rendorauto-05.jpg","keywords":["elfogat\u00f3parancs","esztergom","k\u00f6r\u00f6z\u00e9s","Nyerges\u00fajfalu","rend\u0151rs\u00e9gi h\u00edrek"],"articleSection":["Esztergom","H\u00edrek","K\u00e9k h\u00edrek","Nyerges\u00fajfalu"],"inLanguage":"hu"},{"@type":"WebPage","@id":"https:\/\/dorogimedence.hu\/index.php\/2023\/04\/28\/korozott-szemelyt-fogtak-el-az-esztergomi-rendorok-7\/","url":"https:\/\/dorogimedence.hu\/index.php\/2023\/04\/28\/korozott-szemelyt-fogtak-el-az-esztergomi-rendorok-7\/","name":"K\u00f6r\u00f6z\u00f6tt szem\u00e9lyt fogtak el az esztergomi rend\u0151r\u00f6k","isPartOf":{"@id":"https:\/\/dorogimedence.hu\/#website"},"primaryImageOfPage":{"@id":"https:\/\/dorogimedence.hu\/index.php\/2023\/04\/28\/korozott-szemelyt-fogtak-el-az-esztergomi-rendorok-7\/#primaryimage"},"image":{"@id":"https:\/\/dorogimedence.hu\/index.php\/2023\/04\/28\/korozott-szemelyt-fogtak-el-az-esztergomi-rendorok-7\/#primaryimage"},"thumbnailUrl":"https:\/\/dorogimedence.hu\/wp-content\/uploads\/2022\/11\/rendorauto-05.jpg","datePublished":"2023-04-28T06:48:41+00:00","breadcrumb":{"@id":"https:\/\/dorogimedence.hu\/index.php\/2023\/04\/28\/korozott-szemelyt-fogtak-el-az-esztergomi-rendorok-7\/#breadcrumb"},"inLanguage":"hu","potentialAction":[{"@type":"ReadAction","target":["https:\/\/dorogimedence.hu\/index.php\/2023\/04\/28\/korozott-szemelyt-fogtak-el-az-esztergomi-rendorok-7\/"]}]},{"@type":"ImageObject","inLanguage":"hu","@id":"https:\/\/dorogimedence.hu\/index.php\/2023\/04\/28\/korozott-szemelyt-fogtak-el-az-esztergomi-rendorok-7\/#primaryimage","url":"https:\/\/dorogimedence.hu\/wp-content\/uploads\/2022\/11\/rendorauto-05.jpg","contentUrl":"https:\/\/dorogimedence.hu\/wp-content\/uploads\/2022\/11\/rendorauto-05.jpg","width":1920,"height":1179},{"@type":"BreadcrumbList","@id":"https:\/\/dorogimedence.hu\/index.php\/2023\/04\/28\/korozott-szemelyt-fogtak-el-az-esztergomi-rendorok-7\/#breadcrumb","itemListElement":[{"@type":"ListItem","position":1,"name":"Kezd\u0151lap","item":"https:\/\/dorogimedence.hu\/"},{"@type":"ListItem","position":2,"name":"K\u00f6r\u00f6z\u00f6tt szem\u00e9lyt fogtak el az esztergomi rend\u0151r\u00f6k"}]},{"@type":"WebSite","@id":"https:\/\/dorogimedence.hu\/#website","url":"https:\/\/dorogimedence.hu\/","name":"Dorogi-medence Region\u00e1lis H\u00edrport\u00e1l","description":"Dorog, Keszt\u00f6lc, Le\u00e1nyv\u00e1r, Piliscs\u00e9v, Tokod, Tokodalt\u00e1r\u00f3, Csolnok, Esztergom-kertv\u00e1ros: h\u00edrek, programok","publisher":{"@id":"https:\/\/dorogimedence.hu\/#organization"},"potentialAction":[{"@type":"SearchAction","target":{"@type":"EntryPoint","urlTemplate":"https:\/\/dorogimedence.hu\/?s={search_term_string}"},"query-input":{"@type":"PropertyValueSpecification","valueRequired":true,"valueName":"search_term_string"}}],"inLanguage":"hu"},{"@type":"Organization","@id":"https:\/\/dorogimedence.hu\/#organization","name":"Dorogi-medence Region\u00e1lis H\u00edrport\u00e1l","url":"https:\/\/dorogimedence.hu\/","logo":{"@type":"ImageObject","inLanguage":"hu","@id":"https:\/\/dorogimedence.hu\/#\/schema\/logo\/image\/","url":"https:\/\/dorogimedence.hu\/wp-content\/uploads\/2021\/04\/logo-feher-600.png","contentUrl":"https:\/\/dorogimedence.hu\/wp-content\/uploads\/2021\/04\/logo-feher-600.png","width":600,"height":100,"caption":"Dorogi-medence Region\u00e1lis H\u00edrport\u00e1l"},"image":{"@id":"https:\/\/dorogimedence.hu\/#\/schema\/logo\/image\/"},"sameAs":["https:\/\/www.facebook.com\/dorogimedence\/"]},{"@type":"Person","@id":"https:\/\/dorogimedence.hu\/#\/schema\/person\/ce6091eeb7e95ecdc87890d6aa8e0fd4","name":"dorogimedence.hu","image":{"@type":"ImageObject","inLanguage":"hu","@id":"\/\/www.gravatar.com\/avatar\/d8d45f8901aadff40a4af72c0b826f1d?s=96&#038;r=g&#038;d=mm","url":"\/\/www.gravatar.com\/avatar\/d8d45f8901aadff40a4af72c0b826f1d?s=96&#038;r=g&#038;d=mm","contentUrl":"\/\/www.gravatar.com\/avatar\/d8d45f8901aadff40a4af72c0b826f1d?s=96&#038;r=g&#038;d=mm","caption":"dorogimedence.hu"}}]}},"_links":{"self":[{"href":"https:\/\/dorogimedence.hu\/index.php\/wp-json\/wp\/v2\/posts\/52460","targetHints":{"allow":["GET"]}}],"collection":[{"href":"https:\/\/dorogimedence.hu\/index.php\/wp-json\/wp\/v2\/posts"}],"about":[{"href":"https:\/\/dorogimedence.hu\/index.php\/wp-json\/wp\/v2\/types\/post"}],"author":[{"embeddable":true,"href":"https:\/\/dorogimedence.hu\/index.php\/wp-json\/wp\/v2\/users\/1"}],"replies":[{"embeddable":true,"href":"https:\/\/dorogimedence.hu\/index.php\/wp-json\/wp\/v2\/comments?post=52460"}],"version-history":[{"count":0,"href":"https:\/\/dorogimedence.hu\/index.php\/wp-json\/wp\/v2\/posts\/52460\/revisions"}],"wp:featuredmedia":[{"embeddable":true,"href":"https:\/\/dorogimedence.hu\/index.php\/wp-json\/wp\/v2\/media\/48266"}],"wp:attachment":[{"href":"https:\/\/dorogimedence.hu\/index.php\/wp-json\/wp\/v2\/media?parent=52460"}],"wp:term":[{"taxonomy":"category","embeddable":true,"href":"https:\/\/dorogimedence.hu\/index.php\/wp-json\/wp\/v2\/categories?post=52460"},{"taxonomy":"post_tag","embeddable":true,"href":"https:\/\/dorogimedence.hu\/index.php\/wp-json\/wp\/v2\/tags?post=52460"}],"curies":[{"name":"wp","href":"https:\/\/api.w.org\/{rel}","templated":true}]}}