{"id":52433,"date":"2023-04-27T12:01:59","date_gmt":"2023-04-27T10:01:59","guid":{"rendered":"https:\/\/dorogimedence.hu\/?p=52433"},"modified":"2023-04-27T12:03:09","modified_gmt":"2023-04-27T10:03:09","slug":"szines-programokkal-nyitja-meg-kapuit-az-uj-esztergomi-piac","status":"publish","type":"post","link":"https:\/\/dorogimedence.hu\/index.php\/2023\/04\/27\/szines-programokkal-nyitja-meg-kapuit-az-uj-esztergomi-piac\/","title":{"rendered":"Sz\u00ednes programokkal nyitja meg kapuit az \u00faj Esztergomi Piac"},"content":{"rendered":"<p><strong>Helyi term\u00e9kekkel, h\u00e1zias \u00edzekkel, csal\u00e1di programokkal \u00e9s hangulatos koncertekkel v\u00e1rj\u00e1k az Esztergomba \u00e9rkez\u0151ket m\u00e1jus 1-j\u00e9n a belv\u00e1ros sz\u00edv\u00e9ben, a Simor J\u00e1nos utc\u00e1ban.<\/strong><\/p>\n<p>Az \u00faj Esztergomi Piac \u00fcnnep\u00e9lyes megnyit\u00f3ja 9.30-kor kezd\u0151dik, ahol k\u00f6sz\u00f6nt\u0151t mond Hern\u00e1di \u00c1d\u00e1m, Esztergom Megyei Jog\u00fa V\u00e1ros polg\u00e1rmestere \u00e9s Popovics Gy\u00f6rgy, a Kom\u00e1rom-Esztergom V\u00e1rmegyei \u00d6nkorm\u00e1nyzat eln\u00f6ke. A nyit\u00f3nap k\u00fcl\u00f6nlegess\u00e9ge, hogy az \u00faj piac mellett Esztergom megyei jog\u00fa v\u00e1ros st\u00e1tusz\u00e1nak egy \u00e9ves \u00e9vfordul\u00f3j\u00e1t is meg\u00fcnneplik.<\/p>\n<p>A piac el\u0151tt fel\u00e1ll\u00edtott sz\u00ednpadon 11 \u00f3rakor fell\u00e9p a Strigonium Consort r\u00e9gizene egy\u00fcttes, akik renesz\u00e1nsz koncertet adnak el\u0151. 12 \u00f3r\u00e1t\u00f3l a Babits Mih\u00e1ly Sz\u00ednh\u00e1z j\u00f3volt\u00e1b\u00f3l Milne klasszikus\u00e1t, a Micimack\u00f3t tekinthetitek meg b\u00e1bel\u0151ad\u00e1s form\u00e1j\u00e1ban. 14 \u00f3r\u00e1t\u00f3l az Esztergom T\u00e1ncegy\u00fcttes tehets\u00e9gei sz\u00f3rakoztatj\u00e1k a k\u00f6z\u00f6ns\u00e9get, majd 14.30-t\u00f3l a sz\u00e9les k\u00f6rben ismert p\u00e1rk\u00e1nyi J\u00f3vil\u00e1gvan zenekar ad egy fergeteges koncertet. V\u00e9g\u00fcl, de nem utols\u00f3 sorban 16.30-t\u00f3l a helyi alternat\u00edv rockzenekar, a Sz\u00e9p\u00fcl\u0151 V\u00e1rosk\u00f6zpont pengeti a h\u00farokat. A gyerekeket eg\u00e9sz nap l\u00e9gv\u00e1r, lufihajtogat\u00e1s \u00e9s \u201eMini Piac\u201d v\u00e1rja, de lesz Selfie Zoom is!<\/p>\n<p><img fetchpriority=\"high\" decoding=\"async\" class=\"alignnone size-full wp-image-52434\" src=\"https:\/\/dorogimedence.hu\/wp-content\/uploads\/2023\/04\/esztergomi-piac-02.jpg\" alt=\"\" width=\"1920\" height=\"1334\" srcset=\"https:\/\/dorogimedence.hu\/wp-content\/uploads\/2023\/04\/esztergomi-piac-02.jpg 1920w, https:\/\/dorogimedence.hu\/wp-content\/uploads\/2023\/04\/esztergomi-piac-02-300x208.jpg 300w, https:\/\/dorogimedence.hu\/wp-content\/uploads\/2023\/04\/esztergomi-piac-02-1024x711.jpg 1024w, https:\/\/dorogimedence.hu\/wp-content\/uploads\/2023\/04\/esztergomi-piac-02-768x534.jpg 768w, https:\/\/dorogimedence.hu\/wp-content\/uploads\/2023\/04\/esztergomi-piac-02-1536x1067.jpg 1536w, https:\/\/dorogimedence.hu\/wp-content\/uploads\/2023\/04\/esztergomi-piac-02-150x104.jpg 150w, https:\/\/dorogimedence.hu\/wp-content\/uploads\/2023\/04\/esztergomi-piac-02-450x313.jpg 450w, https:\/\/dorogimedence.hu\/wp-content\/uploads\/2023\/04\/esztergomi-piac-02-1200x834.jpg 1200w\" sizes=\"(max-width: 1920px) 100vw, 1920px\" \/><\/p>\n<p>Term\u00e9szetesen a v\u00e1s\u00e1rl\u00e1s sem maradhat el, hiszen a helyi termel\u0151k, k\u00e9zm\u0171vesek k\u00edn\u00e1lj\u00e1k majd az \u00fczletekben \u00e9s az asztalokon port\u00e9k\u00e1ikat, de helyben s\u00fct\u00f6tt finom \u00e9telek is lesznek! A piact\u00e9ren t\u00f6bbek k\u00f6z\u00f6tt olyan \u00fczletekkel tal\u00e1lkozhatunk, ahol min\u0151s\u00e9gi tejterm\u00e9ket, z\u00f6lds\u00e9g-gy\u00fcm\u00f6lcs\u00f6t, p\u00e9k\u00e1rut, bio \u00e9s veg\u00e1n term\u00e9keket, savany\u00fas\u00e1got, nyers \u00e9s f\u00fcst\u00f6lt hentes\u00e1rut, valamint vir\u00e1got v\u00e1s\u00e1rolhatunk meg\u00fajult k\u00f6rnyezetben. Mindemellett ak\u00e1r egy finom l\u00e1ngost, BBQ-t, pecseny\u00e9t, s\u00fcltkolb\u00e1szt \u00e9s -hurk\u00e1t is elfogyaszthatunk!<\/p>\n<p>Tov\u00e1bbi r\u00e9szletek a piac <span style=\"text-decoration: underline; color: #0000ff;\"><a style=\"color: #0000ff; text-decoration: underline;\" href=\"https:\/\/esztergomipiac.hu\" target=\"_blank\" rel=\"noopener\">honlapj\u00e1n<\/a><\/span>, illetve <a href=\"https:\/\/www.facebook.com\/esztergomipiac\" target=\"_blank\" rel=\"noopener\"><span style=\"text-decoration: underline; color: #0000ff;\">k\u00f6z\u00f6ss\u00e9gi oldal\u00e1n<\/span><\/a>!<\/p>\n<p><img decoding=\"async\" class=\"alignnone size-full wp-image-52435\" src=\"https:\/\/dorogimedence.hu\/wp-content\/uploads\/2023\/04\/342464782_227262723229414_4899536791433477636_n.jpg\" alt=\"\" width=\"1448\" height=\"2048\" srcset=\"https:\/\/dorogimedence.hu\/wp-content\/uploads\/2023\/04\/342464782_227262723229414_4899536791433477636_n.jpg 1448w, https:\/\/dorogimedence.hu\/wp-content\/uploads\/2023\/04\/342464782_227262723229414_4899536791433477636_n-212x300.jpg 212w, https:\/\/dorogimedence.hu\/wp-content\/uploads\/2023\/04\/342464782_227262723229414_4899536791433477636_n-724x1024.jpg 724w, https:\/\/dorogimedence.hu\/wp-content\/uploads\/2023\/04\/342464782_227262723229414_4899536791433477636_n-768x1086.jpg 768w, https:\/\/dorogimedence.hu\/wp-content\/uploads\/2023\/04\/342464782_227262723229414_4899536791433477636_n-1086x1536.jpg 1086w, https:\/\/dorogimedence.hu\/wp-content\/uploads\/2023\/04\/342464782_227262723229414_4899536791433477636_n-150x212.jpg 150w, https:\/\/dorogimedence.hu\/wp-content\/uploads\/2023\/04\/342464782_227262723229414_4899536791433477636_n-450x636.jpg 450w, https:\/\/dorogimedence.hu\/wp-content\/uploads\/2023\/04\/342464782_227262723229414_4899536791433477636_n-1200x1697.jpg 1200w\" sizes=\"(max-width: 1448px) 100vw, 1448px\" \/><\/p>\n<p><em>Fot\u00f3k, forr\u00e1s: Esztergomi Turisztikai Nonprofit Kft.<br \/>\n<\/em><\/p>\n","protected":false},"excerpt":{"rendered":"<p>Helyi term\u00e9kekkel, h\u00e1zias \u00edzekkel, csal\u00e1di programokkal \u00e9s hangulatos koncertekkel v\u00e1rj\u00e1k az Esztergomba \u00e9rkez\u0151ket m\u00e1jus 1-j\u00e9n a belv\u00e1ros sz\u00edv\u00e9ben, a Simor J\u00e1nos utc\u00e1ban. Az \u00faj Esztergomi Piac \u00fcnnep\u00e9lyes megnyit\u00f3ja 9.30-kor kezd\u0151dik, ahol k\u00f6sz\u00f6nt\u0151t mond Hern\u00e1di \u00c1d\u00e1m, Esztergom Megyei Jog\u00fa V\u00e1ros polg\u00e1rmestere \u00e9s Popovics Gy\u00f6rgy, a Kom\u00e1rom-Esztergom V\u00e1rmegyei \u00d6nkorm\u00e1nyzat eln\u00f6ke. A nyit\u00f3nap k\u00fcl\u00f6nlegess\u00e9ge, hogy az \u00faj piac<\/p>\n","protected":false},"author":1,"featured_media":52436,"comment_status":"closed","ping_status":"closed","sticky":false,"template":"","format":"standard","meta":{"ngg_post_thumbnail":0,"footnotes":""},"categories":[38,3,3561],"tags":[42,6072,5624,1006],"class_list":{"0":"post-52433","1":"post","2":"type-post","3":"status-publish","4":"format-standard","5":"has-post-thumbnail","7":"category-esztergom","8":"category-hirek","9":"category-programok","10":"tag-esztergom","11":"tag-esztergomi-piac","12":"tag-featured","13":"tag-piac"},"yoast_head":"<!-- This site is optimized with the Yoast SEO plugin v27.5 - https:\/\/yoast.com\/product\/yoast-seo-wordpress\/ -->\n<title>Sz\u00ednes programokkal nyitja meg kapuit az \u00faj Esztergomi Piac<\/title>\n<meta name=\"robots\" content=\"index, follow, max-snippet:-1, max-image-preview:large, max-video-preview:-1\" \/>\n<link rel=\"canonical\" href=\"https:\/\/dorogimedence.hu\/index.php\/2023\/04\/27\/szines-programokkal-nyitja-meg-kapuit-az-uj-esztergomi-piac\/\" class=\"yoast-seo-meta-tag\" \/>\n<meta property=\"og:locale\" content=\"hu_HU\" class=\"yoast-seo-meta-tag\" \/>\n<meta property=\"og:type\" content=\"article\" class=\"yoast-seo-meta-tag\" \/>\n<meta property=\"og:title\" content=\"Sz\u00ednes programokkal nyitja meg kapuit az \u00faj Esztergomi Piac\" class=\"yoast-seo-meta-tag\" \/>\n<meta property=\"og:description\" content=\"Helyi term\u00e9kekkel, h\u00e1zias \u00edzekkel, csal\u00e1di programokkal \u00e9s hangulatos koncertekkel v\u00e1rj\u00e1k az Esztergomba \u00e9rkez\u0151ket m\u00e1jus 1-j\u00e9n a belv\u00e1ros sz\u00edv\u00e9ben, a Simor J\u00e1nos utc\u00e1ban. Az \u00faj Esztergomi Piac \u00fcnnep\u00e9lyes megnyit\u00f3ja 9.30-kor kezd\u0151dik, ahol k\u00f6sz\u00f6nt\u0151t mond Hern\u00e1di \u00c1d\u00e1m, Esztergom Megyei Jog\u00fa V\u00e1ros polg\u00e1rmestere \u00e9s Popovics Gy\u00f6rgy, a Kom\u00e1rom-Esztergom V\u00e1rmegyei \u00d6nkorm\u00e1nyzat eln\u00f6ke. A nyit\u00f3nap k\u00fcl\u00f6nlegess\u00e9ge, hogy az \u00faj piac\" class=\"yoast-seo-meta-tag\" \/>\n<meta property=\"og:url\" content=\"https:\/\/dorogimedence.hu\/index.php\/2023\/04\/27\/szines-programokkal-nyitja-meg-kapuit-az-uj-esztergomi-piac\/\" class=\"yoast-seo-meta-tag\" \/>\n<meta property=\"og:site_name\" content=\"Dorogi-medence Region\u00e1lis H\u00edrport\u00e1l\" class=\"yoast-seo-meta-tag\" \/>\n<meta property=\"article:publisher\" content=\"https:\/\/www.facebook.com\/dorogimedence\/\" class=\"yoast-seo-meta-tag\" \/>\n<meta property=\"article:published_time\" content=\"2023-04-27T10:01:59+00:00\" class=\"yoast-seo-meta-tag\" \/>\n<meta property=\"article:modified_time\" content=\"2023-04-27T10:03:09+00:00\" class=\"yoast-seo-meta-tag\" \/>\n<meta property=\"og:image\" content=\"https:\/\/dorogimedence.hu\/wp-content\/uploads\/2023\/04\/esztergomi-piac-1.jpg\" class=\"yoast-seo-meta-tag\" \/>\n\t<meta property=\"og:image:width\" content=\"1920\" class=\"yoast-seo-meta-tag\" \/>\n\t<meta property=\"og:image:height\" content=\"970\" class=\"yoast-seo-meta-tag\" \/>\n\t<meta property=\"og:image:type\" content=\"image\/jpeg\" class=\"yoast-seo-meta-tag\" \/>\n<meta name=\"author\" content=\"dorogimedence.hu\" class=\"yoast-seo-meta-tag\" \/>\n<meta name=\"twitter:card\" content=\"summary_large_image\" class=\"yoast-seo-meta-tag\" \/>\n<meta name=\"twitter:label1\" content=\"Szerz\u0151:\" class=\"yoast-seo-meta-tag\" \/>\n\t<meta name=\"twitter:data1\" content=\"dorogimedence.hu\" class=\"yoast-seo-meta-tag\" \/>\n\t<meta name=\"twitter:label2\" content=\"Becs\u00fclt olvas\u00e1si id\u0151\" class=\"yoast-seo-meta-tag\" \/>\n\t<meta name=\"twitter:data2\" content=\"2 perc\" class=\"yoast-seo-meta-tag\" \/>\n<script type=\"application\/ld+json\" class=\"yoast-schema-graph\">{\"@context\":\"https:\\\/\\\/schema.org\",\"@graph\":[{\"@type\":\"Article\",\"@id\":\"https:\\\/\\\/dorogimedence.hu\\\/index.php\\\/2023\\\/04\\\/27\\\/szines-programokkal-nyitja-meg-kapuit-az-uj-esztergomi-piac\\\/#article\",\"isPartOf\":{\"@id\":\"https:\\\/\\\/dorogimedence.hu\\\/index.php\\\/2023\\\/04\\\/27\\\/szines-programokkal-nyitja-meg-kapuit-az-uj-esztergomi-piac\\\/\"},\"author\":{\"name\":\"dorogimedence.hu\",\"@id\":\"https:\\\/\\\/dorogimedence.hu\\\/#\\\/schema\\\/person\\\/ce6091eeb7e95ecdc87890d6aa8e0fd4\"},\"headline\":\"Sz\u00ednes programokkal nyitja meg kapuit az \u00faj Esztergomi Piac\",\"datePublished\":\"2023-04-27T10:01:59+00:00\",\"dateModified\":\"2023-04-27T10:03:09+00:00\",\"mainEntityOfPage\":{\"@id\":\"https:\\\/\\\/dorogimedence.hu\\\/index.php\\\/2023\\\/04\\\/27\\\/szines-programokkal-nyitja-meg-kapuit-az-uj-esztergomi-piac\\\/\"},\"wordCount\":385,\"publisher\":{\"@id\":\"https:\\\/\\\/dorogimedence.hu\\\/#organization\"},\"image\":{\"@id\":\"https:\\\/\\\/dorogimedence.hu\\\/index.php\\\/2023\\\/04\\\/27\\\/szines-programokkal-nyitja-meg-kapuit-az-uj-esztergomi-piac\\\/#primaryimage\"},\"thumbnailUrl\":\"https:\\\/\\\/dorogimedence.hu\\\/wp-content\\\/uploads\\\/2023\\\/04\\\/esztergomi-piac-1.jpg\",\"keywords\":[\"esztergom\",\"esztergomi piac\",\"featured\",\"piac\"],\"articleSection\":[\"Esztergom\",\"H\u00edrek\",\"Programok\"],\"inLanguage\":\"hu\"},{\"@type\":\"WebPage\",\"@id\":\"https:\\\/\\\/dorogimedence.hu\\\/index.php\\\/2023\\\/04\\\/27\\\/szines-programokkal-nyitja-meg-kapuit-az-uj-esztergomi-piac\\\/\",\"url\":\"https:\\\/\\\/dorogimedence.hu\\\/index.php\\\/2023\\\/04\\\/27\\\/szines-programokkal-nyitja-meg-kapuit-az-uj-esztergomi-piac\\\/\",\"name\":\"Sz\u00ednes programokkal nyitja meg kapuit az \u00faj Esztergomi Piac\",\"isPartOf\":{\"@id\":\"https:\\\/\\\/dorogimedence.hu\\\/#website\"},\"primaryImageOfPage\":{\"@id\":\"https:\\\/\\\/dorogimedence.hu\\\/index.php\\\/2023\\\/04\\\/27\\\/szines-programokkal-nyitja-meg-kapuit-az-uj-esztergomi-piac\\\/#primaryimage\"},\"image\":{\"@id\":\"https:\\\/\\\/dorogimedence.hu\\\/index.php\\\/2023\\\/04\\\/27\\\/szines-programokkal-nyitja-meg-kapuit-az-uj-esztergomi-piac\\\/#primaryimage\"},\"thumbnailUrl\":\"https:\\\/\\\/dorogimedence.hu\\\/wp-content\\\/uploads\\\/2023\\\/04\\\/esztergomi-piac-1.jpg\",\"datePublished\":\"2023-04-27T10:01:59+00:00\",\"dateModified\":\"2023-04-27T10:03:09+00:00\",\"breadcrumb\":{\"@id\":\"https:\\\/\\\/dorogimedence.hu\\\/index.php\\\/2023\\\/04\\\/27\\\/szines-programokkal-nyitja-meg-kapuit-az-uj-esztergomi-piac\\\/#breadcrumb\"},\"inLanguage\":\"hu\",\"potentialAction\":[{\"@type\":\"ReadAction\",\"target\":[\"https:\\\/\\\/dorogimedence.hu\\\/index.php\\\/2023\\\/04\\\/27\\\/szines-programokkal-nyitja-meg-kapuit-az-uj-esztergomi-piac\\\/\"]}]},{\"@type\":\"ImageObject\",\"inLanguage\":\"hu\",\"@id\":\"https:\\\/\\\/dorogimedence.hu\\\/index.php\\\/2023\\\/04\\\/27\\\/szines-programokkal-nyitja-meg-kapuit-az-uj-esztergomi-piac\\\/#primaryimage\",\"url\":\"https:\\\/\\\/dorogimedence.hu\\\/wp-content\\\/uploads\\\/2023\\\/04\\\/esztergomi-piac-1.jpg\",\"contentUrl\":\"https:\\\/\\\/dorogimedence.hu\\\/wp-content\\\/uploads\\\/2023\\\/04\\\/esztergomi-piac-1.jpg\",\"width\":1920,\"height\":970},{\"@type\":\"BreadcrumbList\",\"@id\":\"https:\\\/\\\/dorogimedence.hu\\\/index.php\\\/2023\\\/04\\\/27\\\/szines-programokkal-nyitja-meg-kapuit-az-uj-esztergomi-piac\\\/#breadcrumb\",\"itemListElement\":[{\"@type\":\"ListItem\",\"position\":1,\"name\":\"Kezd\u0151lap\",\"item\":\"https:\\\/\\\/dorogimedence.hu\\\/\"},{\"@type\":\"ListItem\",\"position\":2,\"name\":\"Sz\u00ednes programokkal nyitja meg kapuit az \u00faj Esztergomi Piac\"}]},{\"@type\":\"WebSite\",\"@id\":\"https:\\\/\\\/dorogimedence.hu\\\/#website\",\"url\":\"https:\\\/\\\/dorogimedence.hu\\\/\",\"name\":\"Dorogi-medence Region\u00e1lis H\u00edrport\u00e1l\",\"description\":\"Dorog, Keszt\u00f6lc, Le\u00e1nyv\u00e1r, Piliscs\u00e9v, Tokod, Tokodalt\u00e1r\u00f3, Csolnok, Esztergom-kertv\u00e1ros: h\u00edrek, programok\",\"publisher\":{\"@id\":\"https:\\\/\\\/dorogimedence.hu\\\/#organization\"},\"potentialAction\":[{\"@type\":\"SearchAction\",\"target\":{\"@type\":\"EntryPoint\",\"urlTemplate\":\"https:\\\/\\\/dorogimedence.hu\\\/?s={search_term_string}\"},\"query-input\":{\"@type\":\"PropertyValueSpecification\",\"valueRequired\":true,\"valueName\":\"search_term_string\"}}],\"inLanguage\":\"hu\"},{\"@type\":\"Organization\",\"@id\":\"https:\\\/\\\/dorogimedence.hu\\\/#organization\",\"name\":\"Dorogi-medence Region\u00e1lis H\u00edrport\u00e1l\",\"url\":\"https:\\\/\\\/dorogimedence.hu\\\/\",\"logo\":{\"@type\":\"ImageObject\",\"inLanguage\":\"hu\",\"@id\":\"https:\\\/\\\/dorogimedence.hu\\\/#\\\/schema\\\/logo\\\/image\\\/\",\"url\":\"https:\\\/\\\/dorogimedence.hu\\\/wp-content\\\/uploads\\\/2021\\\/04\\\/logo-feher-600.png\",\"contentUrl\":\"https:\\\/\\\/dorogimedence.hu\\\/wp-content\\\/uploads\\\/2021\\\/04\\\/logo-feher-600.png\",\"width\":600,\"height\":100,\"caption\":\"Dorogi-medence Region\u00e1lis H\u00edrport\u00e1l\"},\"image\":{\"@id\":\"https:\\\/\\\/dorogimedence.hu\\\/#\\\/schema\\\/logo\\\/image\\\/\"},\"sameAs\":[\"https:\\\/\\\/www.facebook.com\\\/dorogimedence\\\/\"]},{\"@type\":\"Person\",\"@id\":\"https:\\\/\\\/dorogimedence.hu\\\/#\\\/schema\\\/person\\\/ce6091eeb7e95ecdc87890d6aa8e0fd4\",\"name\":\"dorogimedence.hu\",\"image\":{\"@type\":\"ImageObject\",\"inLanguage\":\"hu\",\"@id\":\"\\\/\\\/www.gravatar.com\\\/avatar\\\/d8d45f8901aadff40a4af72c0b826f1d?s=96&#038;r=g&#038;d=mm\",\"url\":\"\\\/\\\/www.gravatar.com\\\/avatar\\\/d8d45f8901aadff40a4af72c0b826f1d?s=96&#038;r=g&#038;d=mm\",\"contentUrl\":\"\\\/\\\/www.gravatar.com\\\/avatar\\\/d8d45f8901aadff40a4af72c0b826f1d?s=96&#038;r=g&#038;d=mm\",\"caption\":\"dorogimedence.hu\"}}]}<\/script>\n<!-- \/ Yoast SEO plugin. -->","yoast_head_json":{"title":"Sz\u00ednes programokkal nyitja meg kapuit az \u00faj Esztergomi Piac","robots":{"index":"index","follow":"follow","max-snippet":"max-snippet:-1","max-image-preview":"max-image-preview:large","max-video-preview":"max-video-preview:-1"},"canonical":"https:\/\/dorogimedence.hu\/index.php\/2023\/04\/27\/szines-programokkal-nyitja-meg-kapuit-az-uj-esztergomi-piac\/","og_locale":"hu_HU","og_type":"article","og_title":"Sz\u00ednes programokkal nyitja meg kapuit az \u00faj Esztergomi Piac","og_description":"Helyi term\u00e9kekkel, h\u00e1zias \u00edzekkel, csal\u00e1di programokkal \u00e9s hangulatos koncertekkel v\u00e1rj\u00e1k az Esztergomba \u00e9rkez\u0151ket m\u00e1jus 1-j\u00e9n a belv\u00e1ros sz\u00edv\u00e9ben, a Simor J\u00e1nos utc\u00e1ban. Az \u00faj Esztergomi Piac \u00fcnnep\u00e9lyes megnyit\u00f3ja 9.30-kor kezd\u0151dik, ahol k\u00f6sz\u00f6nt\u0151t mond Hern\u00e1di \u00c1d\u00e1m, Esztergom Megyei Jog\u00fa V\u00e1ros polg\u00e1rmestere \u00e9s Popovics Gy\u00f6rgy, a Kom\u00e1rom-Esztergom V\u00e1rmegyei \u00d6nkorm\u00e1nyzat eln\u00f6ke. A nyit\u00f3nap k\u00fcl\u00f6nlegess\u00e9ge, hogy az \u00faj piac","og_url":"https:\/\/dorogimedence.hu\/index.php\/2023\/04\/27\/szines-programokkal-nyitja-meg-kapuit-az-uj-esztergomi-piac\/","og_site_name":"Dorogi-medence Region\u00e1lis H\u00edrport\u00e1l","article_publisher":"https:\/\/www.facebook.com\/dorogimedence\/","article_published_time":"2023-04-27T10:01:59+00:00","article_modified_time":"2023-04-27T10:03:09+00:00","og_image":[{"width":1920,"height":970,"url":"https:\/\/dorogimedence.hu\/wp-content\/uploads\/2023\/04\/esztergomi-piac-1.jpg","type":"image\/jpeg"}],"author":"dorogimedence.hu","twitter_card":"summary_large_image","twitter_misc":{"Szerz\u0151:":"dorogimedence.hu","Becs\u00fclt olvas\u00e1si id\u0151":"2 perc"},"schema":{"@context":"https:\/\/schema.org","@graph":[{"@type":"Article","@id":"https:\/\/dorogimedence.hu\/index.php\/2023\/04\/27\/szines-programokkal-nyitja-meg-kapuit-az-uj-esztergomi-piac\/#article","isPartOf":{"@id":"https:\/\/dorogimedence.hu\/index.php\/2023\/04\/27\/szines-programokkal-nyitja-meg-kapuit-az-uj-esztergomi-piac\/"},"author":{"name":"dorogimedence.hu","@id":"https:\/\/dorogimedence.hu\/#\/schema\/person\/ce6091eeb7e95ecdc87890d6aa8e0fd4"},"headline":"Sz\u00ednes programokkal nyitja meg kapuit az \u00faj Esztergomi Piac","datePublished":"2023-04-27T10:01:59+00:00","dateModified":"2023-04-27T10:03:09+00:00","mainEntityOfPage":{"@id":"https:\/\/dorogimedence.hu\/index.php\/2023\/04\/27\/szines-programokkal-nyitja-meg-kapuit-az-uj-esztergomi-piac\/"},"wordCount":385,"publisher":{"@id":"https:\/\/dorogimedence.hu\/#organization"},"image":{"@id":"https:\/\/dorogimedence.hu\/index.php\/2023\/04\/27\/szines-programokkal-nyitja-meg-kapuit-az-uj-esztergomi-piac\/#primaryimage"},"thumbnailUrl":"https:\/\/dorogimedence.hu\/wp-content\/uploads\/2023\/04\/esztergomi-piac-1.jpg","keywords":["esztergom","esztergomi piac","featured","piac"],"articleSection":["Esztergom","H\u00edrek","Programok"],"inLanguage":"hu"},{"@type":"WebPage","@id":"https:\/\/dorogimedence.hu\/index.php\/2023\/04\/27\/szines-programokkal-nyitja-meg-kapuit-az-uj-esztergomi-piac\/","url":"https:\/\/dorogimedence.hu\/index.php\/2023\/04\/27\/szines-programokkal-nyitja-meg-kapuit-az-uj-esztergomi-piac\/","name":"Sz\u00ednes programokkal nyitja meg kapuit az \u00faj Esztergomi Piac","isPartOf":{"@id":"https:\/\/dorogimedence.hu\/#website"},"primaryImageOfPage":{"@id":"https:\/\/dorogimedence.hu\/index.php\/2023\/04\/27\/szines-programokkal-nyitja-meg-kapuit-az-uj-esztergomi-piac\/#primaryimage"},"image":{"@id":"https:\/\/dorogimedence.hu\/index.php\/2023\/04\/27\/szines-programokkal-nyitja-meg-kapuit-az-uj-esztergomi-piac\/#primaryimage"},"thumbnailUrl":"https:\/\/dorogimedence.hu\/wp-content\/uploads\/2023\/04\/esztergomi-piac-1.jpg","datePublished":"2023-04-27T10:01:59+00:00","dateModified":"2023-04-27T10:03:09+00:00","breadcrumb":{"@id":"https:\/\/dorogimedence.hu\/index.php\/2023\/04\/27\/szines-programokkal-nyitja-meg-kapuit-az-uj-esztergomi-piac\/#breadcrumb"},"inLanguage":"hu","potentialAction":[{"@type":"ReadAction","target":["https:\/\/dorogimedence.hu\/index.php\/2023\/04\/27\/szines-programokkal-nyitja-meg-kapuit-az-uj-esztergomi-piac\/"]}]},{"@type":"ImageObject","inLanguage":"hu","@id":"https:\/\/dorogimedence.hu\/index.php\/2023\/04\/27\/szines-programokkal-nyitja-meg-kapuit-az-uj-esztergomi-piac\/#primaryimage","url":"https:\/\/dorogimedence.hu\/wp-content\/uploads\/2023\/04\/esztergomi-piac-1.jpg","contentUrl":"https:\/\/dorogimedence.hu\/wp-content\/uploads\/2023\/04\/esztergomi-piac-1.jpg","width":1920,"height":970},{"@type":"BreadcrumbList","@id":"https:\/\/dorogimedence.hu\/index.php\/2023\/04\/27\/szines-programokkal-nyitja-meg-kapuit-az-uj-esztergomi-piac\/#breadcrumb","itemListElement":[{"@type":"ListItem","position":1,"name":"Kezd\u0151lap","item":"https:\/\/dorogimedence.hu\/"},{"@type":"ListItem","position":2,"name":"Sz\u00ednes programokkal nyitja meg kapuit az \u00faj Esztergomi Piac"}]},{"@type":"WebSite","@id":"https:\/\/dorogimedence.hu\/#website","url":"https:\/\/dorogimedence.hu\/","name":"Dorogi-medence Region\u00e1lis H\u00edrport\u00e1l","description":"Dorog, Keszt\u00f6lc, Le\u00e1nyv\u00e1r, Piliscs\u00e9v, Tokod, Tokodalt\u00e1r\u00f3, Csolnok, Esztergom-kertv\u00e1ros: h\u00edrek, programok","publisher":{"@id":"https:\/\/dorogimedence.hu\/#organization"},"potentialAction":[{"@type":"SearchAction","target":{"@type":"EntryPoint","urlTemplate":"https:\/\/dorogimedence.hu\/?s={search_term_string}"},"query-input":{"@type":"PropertyValueSpecification","valueRequired":true,"valueName":"search_term_string"}}],"inLanguage":"hu"},{"@type":"Organization","@id":"https:\/\/dorogimedence.hu\/#organization","name":"Dorogi-medence Region\u00e1lis H\u00edrport\u00e1l","url":"https:\/\/dorogimedence.hu\/","logo":{"@type":"ImageObject","inLanguage":"hu","@id":"https:\/\/dorogimedence.hu\/#\/schema\/logo\/image\/","url":"https:\/\/dorogimedence.hu\/wp-content\/uploads\/2021\/04\/logo-feher-600.png","contentUrl":"https:\/\/dorogimedence.hu\/wp-content\/uploads\/2021\/04\/logo-feher-600.png","width":600,"height":100,"caption":"Dorogi-medence Region\u00e1lis H\u00edrport\u00e1l"},"image":{"@id":"https:\/\/dorogimedence.hu\/#\/schema\/logo\/image\/"},"sameAs":["https:\/\/www.facebook.com\/dorogimedence\/"]},{"@type":"Person","@id":"https:\/\/dorogimedence.hu\/#\/schema\/person\/ce6091eeb7e95ecdc87890d6aa8e0fd4","name":"dorogimedence.hu","image":{"@type":"ImageObject","inLanguage":"hu","@id":"\/\/www.gravatar.com\/avatar\/d8d45f8901aadff40a4af72c0b826f1d?s=96&#038;r=g&#038;d=mm","url":"\/\/www.gravatar.com\/avatar\/d8d45f8901aadff40a4af72c0b826f1d?s=96&#038;r=g&#038;d=mm","contentUrl":"\/\/www.gravatar.com\/avatar\/d8d45f8901aadff40a4af72c0b826f1d?s=96&#038;r=g&#038;d=mm","caption":"dorogimedence.hu"}}]}},"_links":{"self":[{"href":"https:\/\/dorogimedence.hu\/index.php\/wp-json\/wp\/v2\/posts\/52433","targetHints":{"allow":["GET"]}}],"collection":[{"href":"https:\/\/dorogimedence.hu\/index.php\/wp-json\/wp\/v2\/posts"}],"about":[{"href":"https:\/\/dorogimedence.hu\/index.php\/wp-json\/wp\/v2\/types\/post"}],"author":[{"embeddable":true,"href":"https:\/\/dorogimedence.hu\/index.php\/wp-json\/wp\/v2\/users\/1"}],"replies":[{"embeddable":true,"href":"https:\/\/dorogimedence.hu\/index.php\/wp-json\/wp\/v2\/comments?post=52433"}],"version-history":[{"count":0,"href":"https:\/\/dorogimedence.hu\/index.php\/wp-json\/wp\/v2\/posts\/52433\/revisions"}],"wp:featuredmedia":[{"embeddable":true,"href":"https:\/\/dorogimedence.hu\/index.php\/wp-json\/wp\/v2\/media\/52436"}],"wp:attachment":[{"href":"https:\/\/dorogimedence.hu\/index.php\/wp-json\/wp\/v2\/media?parent=52433"}],"wp:term":[{"taxonomy":"category","embeddable":true,"href":"https:\/\/dorogimedence.hu\/index.php\/wp-json\/wp\/v2\/categories?post=52433"},{"taxonomy":"post_tag","embeddable":true,"href":"https:\/\/dorogimedence.hu\/index.php\/wp-json\/wp\/v2\/tags?post=52433"}],"curies":[{"name":"wp","href":"https:\/\/api.w.org\/{rel}","templated":true}]}}