{"id":52419,"date":"2023-04-27T10:14:52","date_gmt":"2023-04-27T08:14:52","guid":{"rendered":"https:\/\/dorogimedence.hu\/?p=52419"},"modified":"2023-04-27T10:15:23","modified_gmt":"2023-04-27T08:15:23","slug":"bun-es-baleset-megelozesi-eloadast-tartottak-dorogon","status":"publish","type":"post","link":"https:\/\/dorogimedence.hu\/index.php\/2023\/04\/27\/bun-es-baleset-megelozesi-eloadast-tartottak-dorogon\/","title":{"rendered":"B\u0171n- \u00e9s baleset-megel\u0151z\u00e9si el\u0151ad\u00e1st tartottak Dorogon"},"content":{"rendered":"<p><strong>A Dorogi J\u00f3zsef Attila M\u0171vel\u0151d\u00e9si H\u00e1z konferencia term\u00e9ben \u00e1prilis 26-\u00e1n 15 \u00f3rai kezdettel a V\u00e1rosi Nyugd\u00edjas Egyes\u00fclet tagjainak tartott baleset-megel\u0151z\u00e9si, majd b\u0171nmegel\u0151z\u00e9si t\u00e9m\u00e1ban t\u00e1j\u00e9koztat\u00e1st \u00e9s figyelem felh\u00edv\u00e1st a Dorogi Rend\u0151rkapit\u00e1nys\u00e1g.<\/strong><\/p>\n<p>A k\u00f6zel 40 f\u0151 megjelent \u00e9rdekl\u0151d\u0151nek a rendezv\u00e9ny els\u0151 fel\u00e9ben Cser\u0151di P\u00e9ter r. sz\u00e1zados, a Dorogi Rend\u0151rkapit\u00e1nys\u00e1g V\u00e1rosi Baleset-megel\u0151z\u00e9si Bizotts\u00e1g\u00e1nak titk\u00e1ra tartott el\u0151ad\u00e1st, a 2022. \u00e9vben t\u00f6rt\u00e9nt gyalogosokat \u00e9rint\u0151 k\u00f6z\u00fati k\u00f6zleked\u00e9si balesetekr\u0151l. A balesetek elemz\u00e9se ugyanis r\u00e1mutatott arra, hogy a tavalyi \u00e9vben ugr\u00e1sszer\u0171en megn\u00f6vekedett a gyalogosok \u00e1ltal okozott k\u00f6zleked\u00e9si balesetek sz\u00e1ma. Az okoz\u00f3k szinte kiv\u00e9tel n\u00e9lk\u00fcl 70 \u00e9v felettiek. El\u0151fordult sajnos olyan eset is, hogy kijel\u00f6lt gyalogos-\u00e1tkel\u0151helyen, a szab\u00e1lyosan \u00e1tkel\u0151 80 \u00e9ves gyalogost, egy 81 \u00e9ves g\u00e9pj\u00e1rm\u0171vezet\u0151 \u00fct\u00f6tt el. A legid\u0151sebb egy 90 \u00e9ves h\u00f6lgy volt, aki a parkol\u00f3 g\u00e9pj\u00e1rm\u0171vek takar\u00e1s\u00e1b\u00f3l l\u00e9pett ki v\u00e1ratlanul az \u00fattestre, emiatt a 68 \u00e9ves g\u00e9pj\u00e1rm\u0171vezet\u0151 a balesetet m\u00e1r nem tudta elker\u00fclni.<\/p>\n<p><img fetchpriority=\"high\" decoding=\"async\" class=\"alignnone size-full wp-image-52421\" src=\"https:\/\/dorogimedence.hu\/wp-content\/uploads\/2023\/04\/bunmegelozes-dorog-02.jpg\" alt=\"\" width=\"1920\" height=\"1076\" srcset=\"https:\/\/dorogimedence.hu\/wp-content\/uploads\/2023\/04\/bunmegelozes-dorog-02.jpg 1920w, https:\/\/dorogimedence.hu\/wp-content\/uploads\/2023\/04\/bunmegelozes-dorog-02-300x168.jpg 300w, https:\/\/dorogimedence.hu\/wp-content\/uploads\/2023\/04\/bunmegelozes-dorog-02-1024x574.jpg 1024w, https:\/\/dorogimedence.hu\/wp-content\/uploads\/2023\/04\/bunmegelozes-dorog-02-768x430.jpg 768w, https:\/\/dorogimedence.hu\/wp-content\/uploads\/2023\/04\/bunmegelozes-dorog-02-1536x861.jpg 1536w, https:\/\/dorogimedence.hu\/wp-content\/uploads\/2023\/04\/bunmegelozes-dorog-02-150x84.jpg 150w, https:\/\/dorogimedence.hu\/wp-content\/uploads\/2023\/04\/bunmegelozes-dorog-02-450x252.jpg 450w, https:\/\/dorogimedence.hu\/wp-content\/uploads\/2023\/04\/bunmegelozes-dorog-02-1200x673.jpg 1200w\" sizes=\"(max-width: 1920px) 100vw, 1920px\" \/><\/p>\n<p>Az el\u0151ad\u00e1s m\u00e1sodik fel\u00e9ben Moln\u00e1r G\u00e1bor r. f\u0151t\u00f6rzs\u0151rmester a Dorogi Rend\u0151rkapit\u00e1nys\u00e1g B\u0171n\u00fcgyi Oszt\u00e1ly\u00e1nak nyomoz\u00f3ja, valamint Brass\u00f3i Gabriella r. \u0151rnagy a b\u0171n\u00fcgyi oszt\u00e1ly el\u0151ad\u00f3ja adott t\u00e1j\u00e9koztat\u00e1st. Az id\u0151skor\u00faakat legink\u00e1bb \u00e9rint\u0151 vagyon elleni b\u0171ncselekm\u00e9nyekr\u0151l, internetes csal\u00e1sokr\u00f3l, tr\u00fckk\u00f6s lop\u00e1sokr\u00f3l adtak hasznos tan\u00e1csokat. Kiemelt t\u00e9mak\u00f6r volt az \u00e1ldozatt\u00e1v\u00e1l\u00e1s elker\u00fcl\u00e9se. Moln\u00e1r G\u00e1bor r. f\u0151t\u00f6rzs\u0151rmester besz\u00e1molt arr\u00f3l, hogy t\u00f6bb esetben milli\u00f3s \u00e9rt\u00e9kben csaltak ki az elk\u00f6vet\u0151k az id\u0151skor\u00faakt\u00f3l els\u0151sorban p\u00e9nzt, vagy \u00e9kszereket.&nbsp;<\/p>\n<p>A k\u00f6vetkez\u0151 el\u0151ad\u00e1sra ebben a t\u00e9m\u00e1ban m\u00e1jus 9-\u00e9n 15 \u00f3rai kezdettel v\u00e1rj\u00e1k a rend\u0151r\u00f6k a Dorogi Nyugd\u00edjas Egyes\u00fclet tagjait, a m\u0171vel\u0151d\u00e9si h\u00e1zban.<\/p>\n<p>Cser\u0151di P\u00e9ter r. sz\u00e1zados elmondta, hogy a Dorogi t\u00e9rs\u00e9g \u00f6sszes telep\u00fcl\u00e9s\u00e9re szeretn\u00e9nek eljutni \u00e9s az id\u0151skor\u00faakat t\u00e1j\u00e9koztatni, figyelm\u00fcket felh\u00edni, hogy a j\u00f6v\u0151ben min\u00e9l kevesebben v\u00e1ljanak k\u00f6zleked\u00e9si baleset r\u00e9szes\u00e9v\u00e9, valamint b\u0171ncselekm\u00e9ny, csal\u00e1s \u00e1ldozat\u00e1v\u00e1.<\/p>\n","protected":false},"excerpt":{"rendered":"<p>A Dorogi J\u00f3zsef Attila M\u0171vel\u0151d\u00e9si H\u00e1z konferencia term\u00e9ben \u00e1prilis 26-\u00e1n 15 \u00f3rai kezdettel a V\u00e1rosi Nyugd\u00edjas Egyes\u00fclet tagjainak tartott baleset-megel\u0151z\u00e9si, majd b\u0171nmegel\u0151z\u00e9si t\u00e9m\u00e1ban t\u00e1j\u00e9koztat\u00e1st \u00e9s figyelem felh\u00edv\u00e1st a Dorogi Rend\u0151rkapit\u00e1nys\u00e1g. A k\u00f6zel 40 f\u0151 megjelent \u00e9rdekl\u0151d\u0151nek a rendezv\u00e9ny els\u0151 fel\u00e9ben Cser\u0151di P\u00e9ter r. sz\u00e1zados, a Dorogi Rend\u0151rkapit\u00e1nys\u00e1g V\u00e1rosi Baleset-megel\u0151z\u00e9si Bizotts\u00e1g\u00e1nak titk\u00e1ra tartott el\u0151ad\u00e1st, a 2022.<\/p>\n","protected":false},"author":1,"featured_media":52420,"comment_status":"closed","ping_status":"closed","sticky":false,"template":"","format":"standard","meta":{"ngg_post_thumbnail":0,"footnotes":""},"categories":[2,3],"tags":[76,506,15,5624,61],"class_list":{"0":"post-52419","1":"post","2":"type-post","3":"status-publish","4":"format-standard","5":"has-post-thumbnail","7":"category-dorog","8":"category-hirek","9":"tag-balesetmegelozes","10":"tag-bunmegelozes","11":"tag-dorog","12":"tag-featured","13":"tag-rendorsegi-hirek"},"yoast_head":"<!-- This site is optimized with the Yoast SEO plugin v27.5 - https:\/\/yoast.com\/product\/yoast-seo-wordpress\/ -->\n<title>B\u0171n- \u00e9s baleset-megel\u0151z\u00e9si el\u0151ad\u00e1st tartottak Dorogon<\/title>\n<meta name=\"robots\" content=\"index, follow, max-snippet:-1, max-image-preview:large, max-video-preview:-1\" \/>\n<link rel=\"canonical\" href=\"https:\/\/dorogimedence.hu\/index.php\/2023\/04\/27\/bun-es-baleset-megelozesi-eloadast-tartottak-dorogon\/\" class=\"yoast-seo-meta-tag\" \/>\n<meta property=\"og:locale\" content=\"hu_HU\" class=\"yoast-seo-meta-tag\" \/>\n<meta property=\"og:type\" content=\"article\" class=\"yoast-seo-meta-tag\" \/>\n<meta property=\"og:title\" content=\"B\u0171n- \u00e9s baleset-megel\u0151z\u00e9si el\u0151ad\u00e1st tartottak Dorogon\" class=\"yoast-seo-meta-tag\" \/>\n<meta property=\"og:description\" content=\"A Dorogi J\u00f3zsef Attila M\u0171vel\u0151d\u00e9si H\u00e1z konferencia term\u00e9ben \u00e1prilis 26-\u00e1n 15 \u00f3rai kezdettel a V\u00e1rosi Nyugd\u00edjas Egyes\u00fclet tagjainak tartott baleset-megel\u0151z\u00e9si, majd b\u0171nmegel\u0151z\u00e9si t\u00e9m\u00e1ban t\u00e1j\u00e9koztat\u00e1st \u00e9s figyelem felh\u00edv\u00e1st a Dorogi Rend\u0151rkapit\u00e1nys\u00e1g. A k\u00f6zel 40 f\u0151 megjelent \u00e9rdekl\u0151d\u0151nek a rendezv\u00e9ny els\u0151 fel\u00e9ben Cser\u0151di P\u00e9ter r. sz\u00e1zados, a Dorogi Rend\u0151rkapit\u00e1nys\u00e1g V\u00e1rosi Baleset-megel\u0151z\u00e9si Bizotts\u00e1g\u00e1nak titk\u00e1ra tartott el\u0151ad\u00e1st, a 2022.\" class=\"yoast-seo-meta-tag\" \/>\n<meta property=\"og:url\" content=\"https:\/\/dorogimedence.hu\/index.php\/2023\/04\/27\/bun-es-baleset-megelozesi-eloadast-tartottak-dorogon\/\" class=\"yoast-seo-meta-tag\" \/>\n<meta property=\"og:site_name\" content=\"Dorogi-medence Region\u00e1lis H\u00edrport\u00e1l\" class=\"yoast-seo-meta-tag\" \/>\n<meta property=\"article:publisher\" content=\"https:\/\/www.facebook.com\/dorogimedence\/\" class=\"yoast-seo-meta-tag\" \/>\n<meta property=\"article:published_time\" content=\"2023-04-27T08:14:52+00:00\" class=\"yoast-seo-meta-tag\" \/>\n<meta property=\"article:modified_time\" content=\"2023-04-27T08:15:23+00:00\" class=\"yoast-seo-meta-tag\" \/>\n<meta property=\"og:image\" content=\"https:\/\/dorogimedence.hu\/wp-content\/uploads\/2023\/04\/bunmegelozes-dorog-01.jpg\" class=\"yoast-seo-meta-tag\" \/>\n\t<meta property=\"og:image:width\" content=\"1920\" class=\"yoast-seo-meta-tag\" \/>\n\t<meta property=\"og:image:height\" content=\"1101\" class=\"yoast-seo-meta-tag\" \/>\n\t<meta property=\"og:image:type\" content=\"image\/jpeg\" class=\"yoast-seo-meta-tag\" \/>\n<meta name=\"author\" content=\"dorogimedence.hu\" class=\"yoast-seo-meta-tag\" \/>\n<meta name=\"twitter:card\" content=\"summary_large_image\" class=\"yoast-seo-meta-tag\" \/>\n<meta name=\"twitter:label1\" content=\"Szerz\u0151:\" class=\"yoast-seo-meta-tag\" \/>\n\t<meta name=\"twitter:data1\" content=\"dorogimedence.hu\" class=\"yoast-seo-meta-tag\" \/>\n\t<meta name=\"twitter:label2\" content=\"Becs\u00fclt olvas\u00e1si id\u0151\" class=\"yoast-seo-meta-tag\" \/>\n\t<meta name=\"twitter:data2\" content=\"2 perc\" class=\"yoast-seo-meta-tag\" \/>\n<script type=\"application\/ld+json\" class=\"yoast-schema-graph\">{\"@context\":\"https:\\\/\\\/schema.org\",\"@graph\":[{\"@type\":\"Article\",\"@id\":\"https:\\\/\\\/dorogimedence.hu\\\/index.php\\\/2023\\\/04\\\/27\\\/bun-es-baleset-megelozesi-eloadast-tartottak-dorogon\\\/#article\",\"isPartOf\":{\"@id\":\"https:\\\/\\\/dorogimedence.hu\\\/index.php\\\/2023\\\/04\\\/27\\\/bun-es-baleset-megelozesi-eloadast-tartottak-dorogon\\\/\"},\"author\":{\"name\":\"dorogimedence.hu\",\"@id\":\"https:\\\/\\\/dorogimedence.hu\\\/#\\\/schema\\\/person\\\/ce6091eeb7e95ecdc87890d6aa8e0fd4\"},\"headline\":\"B\u0171n- \u00e9s baleset-megel\u0151z\u00e9si el\u0151ad\u00e1st tartottak Dorogon\",\"datePublished\":\"2023-04-27T08:14:52+00:00\",\"dateModified\":\"2023-04-27T08:15:23+00:00\",\"mainEntityOfPage\":{\"@id\":\"https:\\\/\\\/dorogimedence.hu\\\/index.php\\\/2023\\\/04\\\/27\\\/bun-es-baleset-megelozesi-eloadast-tartottak-dorogon\\\/\"},\"wordCount\":454,\"publisher\":{\"@id\":\"https:\\\/\\\/dorogimedence.hu\\\/#organization\"},\"image\":{\"@id\":\"https:\\\/\\\/dorogimedence.hu\\\/index.php\\\/2023\\\/04\\\/27\\\/bun-es-baleset-megelozesi-eloadast-tartottak-dorogon\\\/#primaryimage\"},\"thumbnailUrl\":\"https:\\\/\\\/dorogimedence.hu\\\/wp-content\\\/uploads\\\/2023\\\/04\\\/bunmegelozes-dorog-01.jpg\",\"keywords\":[\"balesetmegel\u0151z\u00e9s\",\"b\u0171nmegel\u0151z\u00e9s\",\"Dorog\",\"featured\",\"rend\u0151rs\u00e9gi h\u00edrek\"],\"articleSection\":[\"Dorog\",\"H\u00edrek\"],\"inLanguage\":\"hu\"},{\"@type\":\"WebPage\",\"@id\":\"https:\\\/\\\/dorogimedence.hu\\\/index.php\\\/2023\\\/04\\\/27\\\/bun-es-baleset-megelozesi-eloadast-tartottak-dorogon\\\/\",\"url\":\"https:\\\/\\\/dorogimedence.hu\\\/index.php\\\/2023\\\/04\\\/27\\\/bun-es-baleset-megelozesi-eloadast-tartottak-dorogon\\\/\",\"name\":\"B\u0171n- \u00e9s baleset-megel\u0151z\u00e9si el\u0151ad\u00e1st tartottak Dorogon\",\"isPartOf\":{\"@id\":\"https:\\\/\\\/dorogimedence.hu\\\/#website\"},\"primaryImageOfPage\":{\"@id\":\"https:\\\/\\\/dorogimedence.hu\\\/index.php\\\/2023\\\/04\\\/27\\\/bun-es-baleset-megelozesi-eloadast-tartottak-dorogon\\\/#primaryimage\"},\"image\":{\"@id\":\"https:\\\/\\\/dorogimedence.hu\\\/index.php\\\/2023\\\/04\\\/27\\\/bun-es-baleset-megelozesi-eloadast-tartottak-dorogon\\\/#primaryimage\"},\"thumbnailUrl\":\"https:\\\/\\\/dorogimedence.hu\\\/wp-content\\\/uploads\\\/2023\\\/04\\\/bunmegelozes-dorog-01.jpg\",\"datePublished\":\"2023-04-27T08:14:52+00:00\",\"dateModified\":\"2023-04-27T08:15:23+00:00\",\"breadcrumb\":{\"@id\":\"https:\\\/\\\/dorogimedence.hu\\\/index.php\\\/2023\\\/04\\\/27\\\/bun-es-baleset-megelozesi-eloadast-tartottak-dorogon\\\/#breadcrumb\"},\"inLanguage\":\"hu\",\"potentialAction\":[{\"@type\":\"ReadAction\",\"target\":[\"https:\\\/\\\/dorogimedence.hu\\\/index.php\\\/2023\\\/04\\\/27\\\/bun-es-baleset-megelozesi-eloadast-tartottak-dorogon\\\/\"]}]},{\"@type\":\"ImageObject\",\"inLanguage\":\"hu\",\"@id\":\"https:\\\/\\\/dorogimedence.hu\\\/index.php\\\/2023\\\/04\\\/27\\\/bun-es-baleset-megelozesi-eloadast-tartottak-dorogon\\\/#primaryimage\",\"url\":\"https:\\\/\\\/dorogimedence.hu\\\/wp-content\\\/uploads\\\/2023\\\/04\\\/bunmegelozes-dorog-01.jpg\",\"contentUrl\":\"https:\\\/\\\/dorogimedence.hu\\\/wp-content\\\/uploads\\\/2023\\\/04\\\/bunmegelozes-dorog-01.jpg\",\"width\":1920,\"height\":1101},{\"@type\":\"BreadcrumbList\",\"@id\":\"https:\\\/\\\/dorogimedence.hu\\\/index.php\\\/2023\\\/04\\\/27\\\/bun-es-baleset-megelozesi-eloadast-tartottak-dorogon\\\/#breadcrumb\",\"itemListElement\":[{\"@type\":\"ListItem\",\"position\":1,\"name\":\"Kezd\u0151lap\",\"item\":\"https:\\\/\\\/dorogimedence.hu\\\/\"},{\"@type\":\"ListItem\",\"position\":2,\"name\":\"B\u0171n- \u00e9s baleset-megel\u0151z\u00e9si el\u0151ad\u00e1st tartottak Dorogon\"}]},{\"@type\":\"WebSite\",\"@id\":\"https:\\\/\\\/dorogimedence.hu\\\/#website\",\"url\":\"https:\\\/\\\/dorogimedence.hu\\\/\",\"name\":\"Dorogi-medence Region\u00e1lis H\u00edrport\u00e1l\",\"description\":\"Dorog, Keszt\u00f6lc, Le\u00e1nyv\u00e1r, Piliscs\u00e9v, Tokod, Tokodalt\u00e1r\u00f3, Csolnok, Esztergom-kertv\u00e1ros: h\u00edrek, programok\",\"publisher\":{\"@id\":\"https:\\\/\\\/dorogimedence.hu\\\/#organization\"},\"potentialAction\":[{\"@type\":\"SearchAction\",\"target\":{\"@type\":\"EntryPoint\",\"urlTemplate\":\"https:\\\/\\\/dorogimedence.hu\\\/?s={search_term_string}\"},\"query-input\":{\"@type\":\"PropertyValueSpecification\",\"valueRequired\":true,\"valueName\":\"search_term_string\"}}],\"inLanguage\":\"hu\"},{\"@type\":\"Organization\",\"@id\":\"https:\\\/\\\/dorogimedence.hu\\\/#organization\",\"name\":\"Dorogi-medence Region\u00e1lis H\u00edrport\u00e1l\",\"url\":\"https:\\\/\\\/dorogimedence.hu\\\/\",\"logo\":{\"@type\":\"ImageObject\",\"inLanguage\":\"hu\",\"@id\":\"https:\\\/\\\/dorogimedence.hu\\\/#\\\/schema\\\/logo\\\/image\\\/\",\"url\":\"https:\\\/\\\/dorogimedence.hu\\\/wp-content\\\/uploads\\\/2021\\\/04\\\/logo-feher-600.png\",\"contentUrl\":\"https:\\\/\\\/dorogimedence.hu\\\/wp-content\\\/uploads\\\/2021\\\/04\\\/logo-feher-600.png\",\"width\":600,\"height\":100,\"caption\":\"Dorogi-medence Region\u00e1lis H\u00edrport\u00e1l\"},\"image\":{\"@id\":\"https:\\\/\\\/dorogimedence.hu\\\/#\\\/schema\\\/logo\\\/image\\\/\"},\"sameAs\":[\"https:\\\/\\\/www.facebook.com\\\/dorogimedence\\\/\"]},{\"@type\":\"Person\",\"@id\":\"https:\\\/\\\/dorogimedence.hu\\\/#\\\/schema\\\/person\\\/ce6091eeb7e95ecdc87890d6aa8e0fd4\",\"name\":\"dorogimedence.hu\",\"image\":{\"@type\":\"ImageObject\",\"inLanguage\":\"hu\",\"@id\":\"\\\/\\\/www.gravatar.com\\\/avatar\\\/d8d45f8901aadff40a4af72c0b826f1d?s=96&#038;r=g&#038;d=mm\",\"url\":\"\\\/\\\/www.gravatar.com\\\/avatar\\\/d8d45f8901aadff40a4af72c0b826f1d?s=96&#038;r=g&#038;d=mm\",\"contentUrl\":\"\\\/\\\/www.gravatar.com\\\/avatar\\\/d8d45f8901aadff40a4af72c0b826f1d?s=96&#038;r=g&#038;d=mm\",\"caption\":\"dorogimedence.hu\"}}]}<\/script>\n<!-- \/ Yoast SEO plugin. -->","yoast_head_json":{"title":"B\u0171n- \u00e9s baleset-megel\u0151z\u00e9si el\u0151ad\u00e1st tartottak Dorogon","robots":{"index":"index","follow":"follow","max-snippet":"max-snippet:-1","max-image-preview":"max-image-preview:large","max-video-preview":"max-video-preview:-1"},"canonical":"https:\/\/dorogimedence.hu\/index.php\/2023\/04\/27\/bun-es-baleset-megelozesi-eloadast-tartottak-dorogon\/","og_locale":"hu_HU","og_type":"article","og_title":"B\u0171n- \u00e9s baleset-megel\u0151z\u00e9si el\u0151ad\u00e1st tartottak Dorogon","og_description":"A Dorogi J\u00f3zsef Attila M\u0171vel\u0151d\u00e9si H\u00e1z konferencia term\u00e9ben \u00e1prilis 26-\u00e1n 15 \u00f3rai kezdettel a V\u00e1rosi Nyugd\u00edjas Egyes\u00fclet tagjainak tartott baleset-megel\u0151z\u00e9si, majd b\u0171nmegel\u0151z\u00e9si t\u00e9m\u00e1ban t\u00e1j\u00e9koztat\u00e1st \u00e9s figyelem felh\u00edv\u00e1st a Dorogi Rend\u0151rkapit\u00e1nys\u00e1g. A k\u00f6zel 40 f\u0151 megjelent \u00e9rdekl\u0151d\u0151nek a rendezv\u00e9ny els\u0151 fel\u00e9ben Cser\u0151di P\u00e9ter r. sz\u00e1zados, a Dorogi Rend\u0151rkapit\u00e1nys\u00e1g V\u00e1rosi Baleset-megel\u0151z\u00e9si Bizotts\u00e1g\u00e1nak titk\u00e1ra tartott el\u0151ad\u00e1st, a 2022.","og_url":"https:\/\/dorogimedence.hu\/index.php\/2023\/04\/27\/bun-es-baleset-megelozesi-eloadast-tartottak-dorogon\/","og_site_name":"Dorogi-medence Region\u00e1lis H\u00edrport\u00e1l","article_publisher":"https:\/\/www.facebook.com\/dorogimedence\/","article_published_time":"2023-04-27T08:14:52+00:00","article_modified_time":"2023-04-27T08:15:23+00:00","og_image":[{"width":1920,"height":1101,"url":"https:\/\/dorogimedence.hu\/wp-content\/uploads\/2023\/04\/bunmegelozes-dorog-01.jpg","type":"image\/jpeg"}],"author":"dorogimedence.hu","twitter_card":"summary_large_image","twitter_misc":{"Szerz\u0151:":"dorogimedence.hu","Becs\u00fclt olvas\u00e1si id\u0151":"2 perc"},"schema":{"@context":"https:\/\/schema.org","@graph":[{"@type":"Article","@id":"https:\/\/dorogimedence.hu\/index.php\/2023\/04\/27\/bun-es-baleset-megelozesi-eloadast-tartottak-dorogon\/#article","isPartOf":{"@id":"https:\/\/dorogimedence.hu\/index.php\/2023\/04\/27\/bun-es-baleset-megelozesi-eloadast-tartottak-dorogon\/"},"author":{"name":"dorogimedence.hu","@id":"https:\/\/dorogimedence.hu\/#\/schema\/person\/ce6091eeb7e95ecdc87890d6aa8e0fd4"},"headline":"B\u0171n- \u00e9s baleset-megel\u0151z\u00e9si el\u0151ad\u00e1st tartottak Dorogon","datePublished":"2023-04-27T08:14:52+00:00","dateModified":"2023-04-27T08:15:23+00:00","mainEntityOfPage":{"@id":"https:\/\/dorogimedence.hu\/index.php\/2023\/04\/27\/bun-es-baleset-megelozesi-eloadast-tartottak-dorogon\/"},"wordCount":454,"publisher":{"@id":"https:\/\/dorogimedence.hu\/#organization"},"image":{"@id":"https:\/\/dorogimedence.hu\/index.php\/2023\/04\/27\/bun-es-baleset-megelozesi-eloadast-tartottak-dorogon\/#primaryimage"},"thumbnailUrl":"https:\/\/dorogimedence.hu\/wp-content\/uploads\/2023\/04\/bunmegelozes-dorog-01.jpg","keywords":["balesetmegel\u0151z\u00e9s","b\u0171nmegel\u0151z\u00e9s","Dorog","featured","rend\u0151rs\u00e9gi h\u00edrek"],"articleSection":["Dorog","H\u00edrek"],"inLanguage":"hu"},{"@type":"WebPage","@id":"https:\/\/dorogimedence.hu\/index.php\/2023\/04\/27\/bun-es-baleset-megelozesi-eloadast-tartottak-dorogon\/","url":"https:\/\/dorogimedence.hu\/index.php\/2023\/04\/27\/bun-es-baleset-megelozesi-eloadast-tartottak-dorogon\/","name":"B\u0171n- \u00e9s baleset-megel\u0151z\u00e9si el\u0151ad\u00e1st tartottak Dorogon","isPartOf":{"@id":"https:\/\/dorogimedence.hu\/#website"},"primaryImageOfPage":{"@id":"https:\/\/dorogimedence.hu\/index.php\/2023\/04\/27\/bun-es-baleset-megelozesi-eloadast-tartottak-dorogon\/#primaryimage"},"image":{"@id":"https:\/\/dorogimedence.hu\/index.php\/2023\/04\/27\/bun-es-baleset-megelozesi-eloadast-tartottak-dorogon\/#primaryimage"},"thumbnailUrl":"https:\/\/dorogimedence.hu\/wp-content\/uploads\/2023\/04\/bunmegelozes-dorog-01.jpg","datePublished":"2023-04-27T08:14:52+00:00","dateModified":"2023-04-27T08:15:23+00:00","breadcrumb":{"@id":"https:\/\/dorogimedence.hu\/index.php\/2023\/04\/27\/bun-es-baleset-megelozesi-eloadast-tartottak-dorogon\/#breadcrumb"},"inLanguage":"hu","potentialAction":[{"@type":"ReadAction","target":["https:\/\/dorogimedence.hu\/index.php\/2023\/04\/27\/bun-es-baleset-megelozesi-eloadast-tartottak-dorogon\/"]}]},{"@type":"ImageObject","inLanguage":"hu","@id":"https:\/\/dorogimedence.hu\/index.php\/2023\/04\/27\/bun-es-baleset-megelozesi-eloadast-tartottak-dorogon\/#primaryimage","url":"https:\/\/dorogimedence.hu\/wp-content\/uploads\/2023\/04\/bunmegelozes-dorog-01.jpg","contentUrl":"https:\/\/dorogimedence.hu\/wp-content\/uploads\/2023\/04\/bunmegelozes-dorog-01.jpg","width":1920,"height":1101},{"@type":"BreadcrumbList","@id":"https:\/\/dorogimedence.hu\/index.php\/2023\/04\/27\/bun-es-baleset-megelozesi-eloadast-tartottak-dorogon\/#breadcrumb","itemListElement":[{"@type":"ListItem","position":1,"name":"Kezd\u0151lap","item":"https:\/\/dorogimedence.hu\/"},{"@type":"ListItem","position":2,"name":"B\u0171n- \u00e9s baleset-megel\u0151z\u00e9si el\u0151ad\u00e1st tartottak Dorogon"}]},{"@type":"WebSite","@id":"https:\/\/dorogimedence.hu\/#website","url":"https:\/\/dorogimedence.hu\/","name":"Dorogi-medence Region\u00e1lis H\u00edrport\u00e1l","description":"Dorog, Keszt\u00f6lc, Le\u00e1nyv\u00e1r, Piliscs\u00e9v, Tokod, Tokodalt\u00e1r\u00f3, Csolnok, Esztergom-kertv\u00e1ros: h\u00edrek, programok","publisher":{"@id":"https:\/\/dorogimedence.hu\/#organization"},"potentialAction":[{"@type":"SearchAction","target":{"@type":"EntryPoint","urlTemplate":"https:\/\/dorogimedence.hu\/?s={search_term_string}"},"query-input":{"@type":"PropertyValueSpecification","valueRequired":true,"valueName":"search_term_string"}}],"inLanguage":"hu"},{"@type":"Organization","@id":"https:\/\/dorogimedence.hu\/#organization","name":"Dorogi-medence Region\u00e1lis H\u00edrport\u00e1l","url":"https:\/\/dorogimedence.hu\/","logo":{"@type":"ImageObject","inLanguage":"hu","@id":"https:\/\/dorogimedence.hu\/#\/schema\/logo\/image\/","url":"https:\/\/dorogimedence.hu\/wp-content\/uploads\/2021\/04\/logo-feher-600.png","contentUrl":"https:\/\/dorogimedence.hu\/wp-content\/uploads\/2021\/04\/logo-feher-600.png","width":600,"height":100,"caption":"Dorogi-medence Region\u00e1lis H\u00edrport\u00e1l"},"image":{"@id":"https:\/\/dorogimedence.hu\/#\/schema\/logo\/image\/"},"sameAs":["https:\/\/www.facebook.com\/dorogimedence\/"]},{"@type":"Person","@id":"https:\/\/dorogimedence.hu\/#\/schema\/person\/ce6091eeb7e95ecdc87890d6aa8e0fd4","name":"dorogimedence.hu","image":{"@type":"ImageObject","inLanguage":"hu","@id":"\/\/www.gravatar.com\/avatar\/d8d45f8901aadff40a4af72c0b826f1d?s=96&#038;r=g&#038;d=mm","url":"\/\/www.gravatar.com\/avatar\/d8d45f8901aadff40a4af72c0b826f1d?s=96&#038;r=g&#038;d=mm","contentUrl":"\/\/www.gravatar.com\/avatar\/d8d45f8901aadff40a4af72c0b826f1d?s=96&#038;r=g&#038;d=mm","caption":"dorogimedence.hu"}}]}},"_links":{"self":[{"href":"https:\/\/dorogimedence.hu\/index.php\/wp-json\/wp\/v2\/posts\/52419","targetHints":{"allow":["GET"]}}],"collection":[{"href":"https:\/\/dorogimedence.hu\/index.php\/wp-json\/wp\/v2\/posts"}],"about":[{"href":"https:\/\/dorogimedence.hu\/index.php\/wp-json\/wp\/v2\/types\/post"}],"author":[{"embeddable":true,"href":"https:\/\/dorogimedence.hu\/index.php\/wp-json\/wp\/v2\/users\/1"}],"replies":[{"embeddable":true,"href":"https:\/\/dorogimedence.hu\/index.php\/wp-json\/wp\/v2\/comments?post=52419"}],"version-history":[{"count":0,"href":"https:\/\/dorogimedence.hu\/index.php\/wp-json\/wp\/v2\/posts\/52419\/revisions"}],"wp:featuredmedia":[{"embeddable":true,"href":"https:\/\/dorogimedence.hu\/index.php\/wp-json\/wp\/v2\/media\/52420"}],"wp:attachment":[{"href":"https:\/\/dorogimedence.hu\/index.php\/wp-json\/wp\/v2\/media?parent=52419"}],"wp:term":[{"taxonomy":"category","embeddable":true,"href":"https:\/\/dorogimedence.hu\/index.php\/wp-json\/wp\/v2\/categories?post=52419"},{"taxonomy":"post_tag","embeddable":true,"href":"https:\/\/dorogimedence.hu\/index.php\/wp-json\/wp\/v2\/tags?post=52419"}],"curies":[{"name":"wp","href":"https:\/\/api.w.org\/{rel}","templated":true}]}}