{"id":52415,"date":"2023-04-27T10:05:42","date_gmt":"2023-04-27T08:05:42","guid":{"rendered":"https:\/\/dorogimedence.hu\/?p=52415"},"modified":"2023-04-27T10:07:16","modified_gmt":"2023-04-27T08:07:16","slug":"aprilis-29-tol-ujra-elerheto-a-dunakanyar-napijegy","status":"publish","type":"post","link":"https:\/\/dorogimedence.hu\/index.php\/2023\/04\/27\/aprilis-29-tol-ujra-elerheto-a-dunakanyar-napijegy\/","title":{"rendered":"\u00c1prilis 29-t\u0151l \u00fajra el\u00e9rhet\u0151 a Dunakanyar napijegy"},"content":{"rendered":"<p><strong>\u00c1prilis 29-t\u0151l \u00fajra el\u00e9rhet\u0151 a n\u00e9pszer\u0171 Dunakanyar napijegy, ami \u00e1ltal a M\u00c1V-Vol\u00e1n-csoport j\u00e1ratai mellett a MAHART kijel\u00f6lt j\u00e1ratain is \u00e9rv\u00e9nyes szezon\u00e1lis d\u00edjterm\u00e9kekkel k\u00f6nnyebben \u00e9s kedvez\u0151bb \u00e1ron lehet utazni.<\/strong><\/p>\n<p>Tavasszal megkezd\u0151dik a kir\u00e1ndul\u00f3 id\u0151szak, egyre t\u00f6bben terveznek h\u00e9tv\u00e9gi szabadid\u0151s programot az orsz\u00e1g minden t\u00e1j\u00e1n. A M\u00c1V-Vol\u00e1n-csoport ezeknek az utaz\u00e1soknak a szervez\u00e9s\u00e9hez ny\u00fajt seg\u00edts\u00e9get a k\u00f6z\u00f6s szolg\u00e1ltat\u00e1sfejleszt\u00e9seivel, ezzel t\u00e1mogatva a belf\u00f6ldi turizmust. Az elm\u00falt \u00e9vekben folyamatosan b\u0151v\u00fclt a helyk\u00f6zi busz- \u00e9s vonatj\u00e1ratokra \u00e9rv\u00e9nyes k\u00f6z\u00f6s jegyterm\u00e9kek k\u00f6re is, egyre t\u00f6bb, a belf\u00f6ldi turizmust \u00f6szt\u00f6nz\u0151 napijegyet vezettek be a legkedveltebb r\u00e9gi\u00f3kban. A Dunakanyar napijegyb\u0151l, a Bakony napijegyb\u0151l \u00e9s a Balaton24 \u00e9s Balaton 72 jegyekb\u0151l az elm\u00falt \u00e9vekben m\u00e1r t\u00f6bb mint 100 ezer darabot \u00e9rt\u00e9kes\u00edtett a M\u00c1V-START k\u00fcl\u00f6nb\u00f6z\u0151 csatorn\u00e1in. Id\u00e9n \u00e1prilis 29-t\u0151l \u00fajra mindenki sz\u00e1m\u00e1ra el\u00e9rhet\u0151v\u00e9 v\u00e1lnak ezek a szezon\u00e1lis jegyek.<\/p>\n<p>\u00c1prilis 29-\u00e9n indul a haj\u00f3z\u00e1si szezon a Dun\u00e1n, \u00edgy m\u00e1r a m\u00e1jus 1-jei hossz\u00fa h\u00e9tv\u00e9g\u00e9n \u00e9rdemes lesz v\u00edzi utaz\u00e1ssal egybek\u00f6t\u00f6tt programot szervezni a Dunakanyar, a B\u00f6rzs\u00f6ny \u00e9s a Pilis t\u00e9rs\u00e9g\u00e9be. Sz\u00e1mos csod\u00e1latos kir\u00e1ndul\u00f3hely v\u00e1rja az embereket Visegr\u00e1d, Szentendre t\u00e9rs\u00e9g\u00e9ben, vagy v\u00e1rosn\u00e9z\u0151 programot is szervezhet\u00fcnk p\u00e9ld\u00e1ul Esztergomba, ahol a Bazilika kupolakil\u00e1t\u00f3ja is \u00fajra l\u00e1togathat\u00f3.<\/p>\n<p>A M\u00c1V-Vol\u00e1n-csoport \u00e9s a MAHART kijel\u00f6lt j\u00e1rataira \u00e9rv\u00e9nyes <strong>Dunakanyar napijegy <\/strong>egyszer\u0171bb \u00e9s olcs\u00f3bb utaz\u00e1si lehet\u0151s\u00e9get k\u00edn\u00e1l a k\u00f6rny\u00e9kre l\u00e1togat\u00f3knak, ak\u00e1r vonattal, busszal, haj\u00f3val vagy h\u00e9vvel k\u00f6zlekednek. Id\u00e9n \u00e1prilis 29-t\u0151l m\u00e1jus 21-ig \u00e9s szeptember 18-t\u00f3l okt\u00f3ber 31-ig szombati, vas\u00e1rnapi, \u00fcnnepnapi k\u00f6zleked\u00e9si rend szerinti napokra, m\u00edg m\u00e1jus 23-t\u00f3l szeptember 17-ig keddt\u0151l vas\u00e1rnapig b\u00e1rmely napon megv\u00e1lthat\u00f3 a Dunakanyar napijegy.<\/p>\n<p>A jegy megv\u00e1s\u00e1rolhat\u00f3 a M\u00c1V-START p\u00e9nzt\u00e1raiban, jegy\u00e9rt\u00e9kes\u00edt\u0151 automat\u00e1iban, illetve online a M\u00c1V applik\u00e1ci\u00f3ban, feln\u0151ttek sz\u00e1m\u00e1ra 2499 forint\u00e9rt, 26 \u00e9ven aluliaknak 1999 forint\u00e9rt.<\/p>\n<p>A Dunakanyar napijegy volt az els\u0151 az elm\u00falt \u00e9vekben bevezetett integr\u00e1lt jegyek k\u00f6z\u00fcl, id\u00e9n imm\u00e1r negyedik \u00e9ve ny\u00fajt kedvezm\u00e9nyes utaz\u00e1si lehet\u0151s\u00e9get a k\u00f6z\u00f6ss\u00e9gi k\u00f6zleked\u00e9st v\u00e1laszt\u00f3 utasoknak.<\/p>\n<p><img fetchpriority=\"high\" decoding=\"async\" class=\"alignnone size-full wp-image-52416\" src=\"https:\/\/dorogimedence.hu\/wp-content\/uploads\/2023\/04\/dunakanyar_napijegy_terkep_2023.jpg\" alt=\"\" width=\"1260\" height=\"1260\" srcset=\"https:\/\/dorogimedence.hu\/wp-content\/uploads\/2023\/04\/dunakanyar_napijegy_terkep_2023.jpg 1260w, https:\/\/dorogimedence.hu\/wp-content\/uploads\/2023\/04\/dunakanyar_napijegy_terkep_2023-300x300.jpg 300w, https:\/\/dorogimedence.hu\/wp-content\/uploads\/2023\/04\/dunakanyar_napijegy_terkep_2023-1024x1024.jpg 1024w, https:\/\/dorogimedence.hu\/wp-content\/uploads\/2023\/04\/dunakanyar_napijegy_terkep_2023-150x150.jpg 150w, https:\/\/dorogimedence.hu\/wp-content\/uploads\/2023\/04\/dunakanyar_napijegy_terkep_2023-768x768.jpg 768w, https:\/\/dorogimedence.hu\/wp-content\/uploads\/2023\/04\/dunakanyar_napijegy_terkep_2023-450x450.jpg 450w, https:\/\/dorogimedence.hu\/wp-content\/uploads\/2023\/04\/dunakanyar_napijegy_terkep_2023-1200x1200.jpg 1200w\" sizes=\"(max-width: 1260px) 100vw, 1260px\" \/><\/p>\n<p><em>K\u00e9pek, forr\u00e1s: M\u00c1V Zrt. Kommuni\u00e1ci\u00f3s Igazgat\u00f3s\u00e1g<\/em><\/p>\n","protected":false},"excerpt":{"rendered":"<p>\u00c1prilis 29-t\u0151l \u00fajra el\u00e9rhet\u0151 a n\u00e9pszer\u0171 Dunakanyar napijegy, ami \u00e1ltal a M\u00c1V-Vol\u00e1n-csoport j\u00e1ratai mellett a MAHART kijel\u00f6lt j\u00e1ratain is \u00e9rv\u00e9nyes szezon\u00e1lis d\u00edjterm\u00e9kekkel k\u00f6nnyebben \u00e9s kedvez\u0151bb \u00e1ron lehet utazni. Tavasszal megkezd\u0151dik a kir\u00e1ndul\u00f3 id\u0151szak, egyre t\u00f6bben terveznek h\u00e9tv\u00e9gi szabadid\u0151s programot az orsz\u00e1g minden t\u00e1j\u00e1n. A M\u00c1V-Vol\u00e1n-csoport ezeknek az utaz\u00e1soknak a szervez\u00e9s\u00e9hez ny\u00fajt seg\u00edts\u00e9get a k\u00f6z\u00f6s szolg\u00e1ltat\u00e1sfejleszt\u00e9seivel,<\/p>\n","protected":false},"author":1,"featured_media":0,"comment_status":"closed","ping_status":"closed","sticky":false,"template":"","format":"standard","meta":{"ngg_post_thumbnail":0,"footnotes":""},"categories":[3],"tags":[5141],"class_list":{"0":"post-52415","1":"post","2":"type-post","3":"status-publish","4":"format-standard","6":"category-hirek","7":"tag-dunakanyar-napijegy"},"yoast_head":"<!-- This site is optimized with the Yoast SEO plugin v27.5 - https:\/\/yoast.com\/product\/yoast-seo-wordpress\/ -->\n<title>\u00c1prilis 29-t\u0151l \u00fajra el\u00e9rhet\u0151 a Dunakanyar napijegy<\/title>\n<meta name=\"robots\" content=\"index, follow, max-snippet:-1, max-image-preview:large, max-video-preview:-1\" \/>\n<link rel=\"canonical\" href=\"https:\/\/dorogimedence.hu\/index.php\/2023\/04\/27\/aprilis-29-tol-ujra-elerheto-a-dunakanyar-napijegy\/\" class=\"yoast-seo-meta-tag\" \/>\n<meta property=\"og:locale\" content=\"hu_HU\" class=\"yoast-seo-meta-tag\" \/>\n<meta property=\"og:type\" content=\"article\" class=\"yoast-seo-meta-tag\" \/>\n<meta property=\"og:title\" content=\"\u00c1prilis 29-t\u0151l \u00fajra el\u00e9rhet\u0151 a Dunakanyar napijegy\" class=\"yoast-seo-meta-tag\" \/>\n<meta property=\"og:description\" content=\"\u00c1prilis 29-t\u0151l \u00fajra el\u00e9rhet\u0151 a n\u00e9pszer\u0171 Dunakanyar napijegy, ami \u00e1ltal a M\u00c1V-Vol\u00e1n-csoport j\u00e1ratai mellett a MAHART kijel\u00f6lt j\u00e1ratain is \u00e9rv\u00e9nyes szezon\u00e1lis d\u00edjterm\u00e9kekkel k\u00f6nnyebben \u00e9s kedvez\u0151bb \u00e1ron lehet utazni. Tavasszal megkezd\u0151dik a kir\u00e1ndul\u00f3 id\u0151szak, egyre t\u00f6bben terveznek h\u00e9tv\u00e9gi szabadid\u0151s programot az orsz\u00e1g minden t\u00e1j\u00e1n. A M\u00c1V-Vol\u00e1n-csoport ezeknek az utaz\u00e1soknak a szervez\u00e9s\u00e9hez ny\u00fajt seg\u00edts\u00e9get a k\u00f6z\u00f6s szolg\u00e1ltat\u00e1sfejleszt\u00e9seivel,\" class=\"yoast-seo-meta-tag\" \/>\n<meta property=\"og:url\" content=\"https:\/\/dorogimedence.hu\/index.php\/2023\/04\/27\/aprilis-29-tol-ujra-elerheto-a-dunakanyar-napijegy\/\" class=\"yoast-seo-meta-tag\" \/>\n<meta property=\"og:site_name\" content=\"Dorogi-medence Region\u00e1lis H\u00edrport\u00e1l\" class=\"yoast-seo-meta-tag\" \/>\n<meta property=\"article:publisher\" content=\"https:\/\/www.facebook.com\/dorogimedence\/\" class=\"yoast-seo-meta-tag\" \/>\n<meta property=\"article:published_time\" content=\"2023-04-27T08:05:42+00:00\" class=\"yoast-seo-meta-tag\" \/>\n<meta property=\"article:modified_time\" content=\"2023-04-27T08:07:16+00:00\" class=\"yoast-seo-meta-tag\" \/>\n<meta property=\"og:image\" content=\"https:\/\/dorogimedence.hu\/wp-content\/uploads\/2023\/04\/dunakanyar-vonat.jpg\" class=\"yoast-seo-meta-tag\" \/>\n\t<meta property=\"og:image:width\" content=\"1260\" class=\"yoast-seo-meta-tag\" \/>\n\t<meta property=\"og:image:height\" content=\"677\" class=\"yoast-seo-meta-tag\" \/>\n\t<meta property=\"og:image:type\" content=\"image\/jpeg\" class=\"yoast-seo-meta-tag\" \/>\n<meta name=\"author\" content=\"dorogimedence.hu\" class=\"yoast-seo-meta-tag\" \/>\n<meta name=\"twitter:card\" content=\"summary_large_image\" class=\"yoast-seo-meta-tag\" \/>\n<meta name=\"twitter:label1\" content=\"Szerz\u0151:\" class=\"yoast-seo-meta-tag\" \/>\n\t<meta name=\"twitter:data1\" content=\"dorogimedence.hu\" class=\"yoast-seo-meta-tag\" \/>\n\t<meta name=\"twitter:label2\" content=\"Becs\u00fclt olvas\u00e1si id\u0151\" class=\"yoast-seo-meta-tag\" \/>\n\t<meta name=\"twitter:data2\" content=\"2 perc\" class=\"yoast-seo-meta-tag\" \/>\n<script type=\"application\/ld+json\" class=\"yoast-schema-graph\">{\"@context\":\"https:\\\/\\\/schema.org\",\"@graph\":[{\"@type\":\"Article\",\"@id\":\"https:\\\/\\\/dorogimedence.hu\\\/index.php\\\/2023\\\/04\\\/27\\\/aprilis-29-tol-ujra-elerheto-a-dunakanyar-napijegy\\\/#article\",\"isPartOf\":{\"@id\":\"https:\\\/\\\/dorogimedence.hu\\\/index.php\\\/2023\\\/04\\\/27\\\/aprilis-29-tol-ujra-elerheto-a-dunakanyar-napijegy\\\/\"},\"author\":{\"name\":\"dorogimedence.hu\",\"@id\":\"https:\\\/\\\/dorogimedence.hu\\\/#\\\/schema\\\/person\\\/ce6091eeb7e95ecdc87890d6aa8e0fd4\"},\"headline\":\"\u00c1prilis 29-t\u0151l \u00fajra el\u00e9rhet\u0151 a Dunakanyar napijegy\",\"datePublished\":\"2023-04-27T08:05:42+00:00\",\"dateModified\":\"2023-04-27T08:07:16+00:00\",\"mainEntityOfPage\":{\"@id\":\"https:\\\/\\\/dorogimedence.hu\\\/index.php\\\/2023\\\/04\\\/27\\\/aprilis-29-tol-ujra-elerheto-a-dunakanyar-napijegy\\\/\"},\"wordCount\":479,\"publisher\":{\"@id\":\"https:\\\/\\\/dorogimedence.hu\\\/#organization\"},\"image\":{\"@id\":\"https:\\\/\\\/dorogimedence.hu\\\/index.php\\\/2023\\\/04\\\/27\\\/aprilis-29-tol-ujra-elerheto-a-dunakanyar-napijegy\\\/#primaryimage\"},\"thumbnailUrl\":\"https:\\\/\\\/dorogimedence.hu\\\/wp-content\\\/uploads\\\/2023\\\/04\\\/dunakanyar_napijegy_terkep_2023.jpg\",\"keywords\":[\"Dunakanyar napijegy\"],\"articleSection\":[\"H\u00edrek\"],\"inLanguage\":\"hu\"},{\"@type\":\"WebPage\",\"@id\":\"https:\\\/\\\/dorogimedence.hu\\\/index.php\\\/2023\\\/04\\\/27\\\/aprilis-29-tol-ujra-elerheto-a-dunakanyar-napijegy\\\/\",\"url\":\"https:\\\/\\\/dorogimedence.hu\\\/index.php\\\/2023\\\/04\\\/27\\\/aprilis-29-tol-ujra-elerheto-a-dunakanyar-napijegy\\\/\",\"name\":\"\u00c1prilis 29-t\u0151l \u00fajra el\u00e9rhet\u0151 a Dunakanyar napijegy\",\"isPartOf\":{\"@id\":\"https:\\\/\\\/dorogimedence.hu\\\/#website\"},\"primaryImageOfPage\":{\"@id\":\"https:\\\/\\\/dorogimedence.hu\\\/index.php\\\/2023\\\/04\\\/27\\\/aprilis-29-tol-ujra-elerheto-a-dunakanyar-napijegy\\\/#primaryimage\"},\"image\":{\"@id\":\"https:\\\/\\\/dorogimedence.hu\\\/index.php\\\/2023\\\/04\\\/27\\\/aprilis-29-tol-ujra-elerheto-a-dunakanyar-napijegy\\\/#primaryimage\"},\"thumbnailUrl\":\"https:\\\/\\\/dorogimedence.hu\\\/wp-content\\\/uploads\\\/2023\\\/04\\\/dunakanyar_napijegy_terkep_2023.jpg\",\"datePublished\":\"2023-04-27T08:05:42+00:00\",\"dateModified\":\"2023-04-27T08:07:16+00:00\",\"breadcrumb\":{\"@id\":\"https:\\\/\\\/dorogimedence.hu\\\/index.php\\\/2023\\\/04\\\/27\\\/aprilis-29-tol-ujra-elerheto-a-dunakanyar-napijegy\\\/#breadcrumb\"},\"inLanguage\":\"hu\",\"potentialAction\":[{\"@type\":\"ReadAction\",\"target\":[\"https:\\\/\\\/dorogimedence.hu\\\/index.php\\\/2023\\\/04\\\/27\\\/aprilis-29-tol-ujra-elerheto-a-dunakanyar-napijegy\\\/\"]}]},{\"@type\":\"ImageObject\",\"inLanguage\":\"hu\",\"@id\":\"https:\\\/\\\/dorogimedence.hu\\\/index.php\\\/2023\\\/04\\\/27\\\/aprilis-29-tol-ujra-elerheto-a-dunakanyar-napijegy\\\/#primaryimage\",\"url\":\"https:\\\/\\\/dorogimedence.hu\\\/wp-content\\\/uploads\\\/2023\\\/04\\\/dunakanyar_napijegy_terkep_2023.jpg\",\"contentUrl\":\"https:\\\/\\\/dorogimedence.hu\\\/wp-content\\\/uploads\\\/2023\\\/04\\\/dunakanyar_napijegy_terkep_2023.jpg\",\"width\":1260,\"height\":1260},{\"@type\":\"BreadcrumbList\",\"@id\":\"https:\\\/\\\/dorogimedence.hu\\\/index.php\\\/2023\\\/04\\\/27\\\/aprilis-29-tol-ujra-elerheto-a-dunakanyar-napijegy\\\/#breadcrumb\",\"itemListElement\":[{\"@type\":\"ListItem\",\"position\":1,\"name\":\"Kezd\u0151lap\",\"item\":\"https:\\\/\\\/dorogimedence.hu\\\/\"},{\"@type\":\"ListItem\",\"position\":2,\"name\":\"\u00c1prilis 29-t\u0151l \u00fajra el\u00e9rhet\u0151 a Dunakanyar napijegy\"}]},{\"@type\":\"WebSite\",\"@id\":\"https:\\\/\\\/dorogimedence.hu\\\/#website\",\"url\":\"https:\\\/\\\/dorogimedence.hu\\\/\",\"name\":\"Dorogi-medence Region\u00e1lis H\u00edrport\u00e1l\",\"description\":\"Dorog, Keszt\u00f6lc, Le\u00e1nyv\u00e1r, Piliscs\u00e9v, Tokod, Tokodalt\u00e1r\u00f3, Csolnok, Esztergom-kertv\u00e1ros: h\u00edrek, programok\",\"publisher\":{\"@id\":\"https:\\\/\\\/dorogimedence.hu\\\/#organization\"},\"potentialAction\":[{\"@type\":\"SearchAction\",\"target\":{\"@type\":\"EntryPoint\",\"urlTemplate\":\"https:\\\/\\\/dorogimedence.hu\\\/?s={search_term_string}\"},\"query-input\":{\"@type\":\"PropertyValueSpecification\",\"valueRequired\":true,\"valueName\":\"search_term_string\"}}],\"inLanguage\":\"hu\"},{\"@type\":\"Organization\",\"@id\":\"https:\\\/\\\/dorogimedence.hu\\\/#organization\",\"name\":\"Dorogi-medence Region\u00e1lis H\u00edrport\u00e1l\",\"url\":\"https:\\\/\\\/dorogimedence.hu\\\/\",\"logo\":{\"@type\":\"ImageObject\",\"inLanguage\":\"hu\",\"@id\":\"https:\\\/\\\/dorogimedence.hu\\\/#\\\/schema\\\/logo\\\/image\\\/\",\"url\":\"https:\\\/\\\/dorogimedence.hu\\\/wp-content\\\/uploads\\\/2021\\\/04\\\/logo-feher-600.png\",\"contentUrl\":\"https:\\\/\\\/dorogimedence.hu\\\/wp-content\\\/uploads\\\/2021\\\/04\\\/logo-feher-600.png\",\"width\":600,\"height\":100,\"caption\":\"Dorogi-medence Region\u00e1lis H\u00edrport\u00e1l\"},\"image\":{\"@id\":\"https:\\\/\\\/dorogimedence.hu\\\/#\\\/schema\\\/logo\\\/image\\\/\"},\"sameAs\":[\"https:\\\/\\\/www.facebook.com\\\/dorogimedence\\\/\"]},{\"@type\":\"Person\",\"@id\":\"https:\\\/\\\/dorogimedence.hu\\\/#\\\/schema\\\/person\\\/ce6091eeb7e95ecdc87890d6aa8e0fd4\",\"name\":\"dorogimedence.hu\",\"image\":{\"@type\":\"ImageObject\",\"inLanguage\":\"hu\",\"@id\":\"\\\/\\\/www.gravatar.com\\\/avatar\\\/d8d45f8901aadff40a4af72c0b826f1d?s=96&#038;r=g&#038;d=mm\",\"url\":\"\\\/\\\/www.gravatar.com\\\/avatar\\\/d8d45f8901aadff40a4af72c0b826f1d?s=96&#038;r=g&#038;d=mm\",\"contentUrl\":\"\\\/\\\/www.gravatar.com\\\/avatar\\\/d8d45f8901aadff40a4af72c0b826f1d?s=96&#038;r=g&#038;d=mm\",\"caption\":\"dorogimedence.hu\"}}]}<\/script>\n<!-- \/ Yoast SEO plugin. -->","yoast_head_json":{"title":"\u00c1prilis 29-t\u0151l \u00fajra el\u00e9rhet\u0151 a Dunakanyar napijegy","robots":{"index":"index","follow":"follow","max-snippet":"max-snippet:-1","max-image-preview":"max-image-preview:large","max-video-preview":"max-video-preview:-1"},"canonical":"https:\/\/dorogimedence.hu\/index.php\/2023\/04\/27\/aprilis-29-tol-ujra-elerheto-a-dunakanyar-napijegy\/","og_locale":"hu_HU","og_type":"article","og_title":"\u00c1prilis 29-t\u0151l \u00fajra el\u00e9rhet\u0151 a Dunakanyar napijegy","og_description":"\u00c1prilis 29-t\u0151l \u00fajra el\u00e9rhet\u0151 a n\u00e9pszer\u0171 Dunakanyar napijegy, ami \u00e1ltal a M\u00c1V-Vol\u00e1n-csoport j\u00e1ratai mellett a MAHART kijel\u00f6lt j\u00e1ratain is \u00e9rv\u00e9nyes szezon\u00e1lis d\u00edjterm\u00e9kekkel k\u00f6nnyebben \u00e9s kedvez\u0151bb \u00e1ron lehet utazni. Tavasszal megkezd\u0151dik a kir\u00e1ndul\u00f3 id\u0151szak, egyre t\u00f6bben terveznek h\u00e9tv\u00e9gi szabadid\u0151s programot az orsz\u00e1g minden t\u00e1j\u00e1n. A M\u00c1V-Vol\u00e1n-csoport ezeknek az utaz\u00e1soknak a szervez\u00e9s\u00e9hez ny\u00fajt seg\u00edts\u00e9get a k\u00f6z\u00f6s szolg\u00e1ltat\u00e1sfejleszt\u00e9seivel,","og_url":"https:\/\/dorogimedence.hu\/index.php\/2023\/04\/27\/aprilis-29-tol-ujra-elerheto-a-dunakanyar-napijegy\/","og_site_name":"Dorogi-medence Region\u00e1lis H\u00edrport\u00e1l","article_publisher":"https:\/\/www.facebook.com\/dorogimedence\/","article_published_time":"2023-04-27T08:05:42+00:00","article_modified_time":"2023-04-27T08:07:16+00:00","og_image":[{"width":1260,"height":677,"url":"https:\/\/dorogimedence.hu\/wp-content\/uploads\/2023\/04\/dunakanyar-vonat.jpg","type":"image\/jpeg"}],"author":"dorogimedence.hu","twitter_card":"summary_large_image","twitter_misc":{"Szerz\u0151:":"dorogimedence.hu","Becs\u00fclt olvas\u00e1si id\u0151":"2 perc"},"schema":{"@context":"https:\/\/schema.org","@graph":[{"@type":"Article","@id":"https:\/\/dorogimedence.hu\/index.php\/2023\/04\/27\/aprilis-29-tol-ujra-elerheto-a-dunakanyar-napijegy\/#article","isPartOf":{"@id":"https:\/\/dorogimedence.hu\/index.php\/2023\/04\/27\/aprilis-29-tol-ujra-elerheto-a-dunakanyar-napijegy\/"},"author":{"name":"dorogimedence.hu","@id":"https:\/\/dorogimedence.hu\/#\/schema\/person\/ce6091eeb7e95ecdc87890d6aa8e0fd4"},"headline":"\u00c1prilis 29-t\u0151l \u00fajra el\u00e9rhet\u0151 a Dunakanyar napijegy","datePublished":"2023-04-27T08:05:42+00:00","dateModified":"2023-04-27T08:07:16+00:00","mainEntityOfPage":{"@id":"https:\/\/dorogimedence.hu\/index.php\/2023\/04\/27\/aprilis-29-tol-ujra-elerheto-a-dunakanyar-napijegy\/"},"wordCount":479,"publisher":{"@id":"https:\/\/dorogimedence.hu\/#organization"},"image":{"@id":"https:\/\/dorogimedence.hu\/index.php\/2023\/04\/27\/aprilis-29-tol-ujra-elerheto-a-dunakanyar-napijegy\/#primaryimage"},"thumbnailUrl":"https:\/\/dorogimedence.hu\/wp-content\/uploads\/2023\/04\/dunakanyar_napijegy_terkep_2023.jpg","keywords":["Dunakanyar napijegy"],"articleSection":["H\u00edrek"],"inLanguage":"hu"},{"@type":"WebPage","@id":"https:\/\/dorogimedence.hu\/index.php\/2023\/04\/27\/aprilis-29-tol-ujra-elerheto-a-dunakanyar-napijegy\/","url":"https:\/\/dorogimedence.hu\/index.php\/2023\/04\/27\/aprilis-29-tol-ujra-elerheto-a-dunakanyar-napijegy\/","name":"\u00c1prilis 29-t\u0151l \u00fajra el\u00e9rhet\u0151 a Dunakanyar napijegy","isPartOf":{"@id":"https:\/\/dorogimedence.hu\/#website"},"primaryImageOfPage":{"@id":"https:\/\/dorogimedence.hu\/index.php\/2023\/04\/27\/aprilis-29-tol-ujra-elerheto-a-dunakanyar-napijegy\/#primaryimage"},"image":{"@id":"https:\/\/dorogimedence.hu\/index.php\/2023\/04\/27\/aprilis-29-tol-ujra-elerheto-a-dunakanyar-napijegy\/#primaryimage"},"thumbnailUrl":"https:\/\/dorogimedence.hu\/wp-content\/uploads\/2023\/04\/dunakanyar_napijegy_terkep_2023.jpg","datePublished":"2023-04-27T08:05:42+00:00","dateModified":"2023-04-27T08:07:16+00:00","breadcrumb":{"@id":"https:\/\/dorogimedence.hu\/index.php\/2023\/04\/27\/aprilis-29-tol-ujra-elerheto-a-dunakanyar-napijegy\/#breadcrumb"},"inLanguage":"hu","potentialAction":[{"@type":"ReadAction","target":["https:\/\/dorogimedence.hu\/index.php\/2023\/04\/27\/aprilis-29-tol-ujra-elerheto-a-dunakanyar-napijegy\/"]}]},{"@type":"ImageObject","inLanguage":"hu","@id":"https:\/\/dorogimedence.hu\/index.php\/2023\/04\/27\/aprilis-29-tol-ujra-elerheto-a-dunakanyar-napijegy\/#primaryimage","url":"https:\/\/dorogimedence.hu\/wp-content\/uploads\/2023\/04\/dunakanyar_napijegy_terkep_2023.jpg","contentUrl":"https:\/\/dorogimedence.hu\/wp-content\/uploads\/2023\/04\/dunakanyar_napijegy_terkep_2023.jpg","width":1260,"height":1260},{"@type":"BreadcrumbList","@id":"https:\/\/dorogimedence.hu\/index.php\/2023\/04\/27\/aprilis-29-tol-ujra-elerheto-a-dunakanyar-napijegy\/#breadcrumb","itemListElement":[{"@type":"ListItem","position":1,"name":"Kezd\u0151lap","item":"https:\/\/dorogimedence.hu\/"},{"@type":"ListItem","position":2,"name":"\u00c1prilis 29-t\u0151l \u00fajra el\u00e9rhet\u0151 a Dunakanyar napijegy"}]},{"@type":"WebSite","@id":"https:\/\/dorogimedence.hu\/#website","url":"https:\/\/dorogimedence.hu\/","name":"Dorogi-medence Region\u00e1lis H\u00edrport\u00e1l","description":"Dorog, Keszt\u00f6lc, Le\u00e1nyv\u00e1r, Piliscs\u00e9v, Tokod, Tokodalt\u00e1r\u00f3, Csolnok, Esztergom-kertv\u00e1ros: h\u00edrek, programok","publisher":{"@id":"https:\/\/dorogimedence.hu\/#organization"},"potentialAction":[{"@type":"SearchAction","target":{"@type":"EntryPoint","urlTemplate":"https:\/\/dorogimedence.hu\/?s={search_term_string}"},"query-input":{"@type":"PropertyValueSpecification","valueRequired":true,"valueName":"search_term_string"}}],"inLanguage":"hu"},{"@type":"Organization","@id":"https:\/\/dorogimedence.hu\/#organization","name":"Dorogi-medence Region\u00e1lis H\u00edrport\u00e1l","url":"https:\/\/dorogimedence.hu\/","logo":{"@type":"ImageObject","inLanguage":"hu","@id":"https:\/\/dorogimedence.hu\/#\/schema\/logo\/image\/","url":"https:\/\/dorogimedence.hu\/wp-content\/uploads\/2021\/04\/logo-feher-600.png","contentUrl":"https:\/\/dorogimedence.hu\/wp-content\/uploads\/2021\/04\/logo-feher-600.png","width":600,"height":100,"caption":"Dorogi-medence Region\u00e1lis H\u00edrport\u00e1l"},"image":{"@id":"https:\/\/dorogimedence.hu\/#\/schema\/logo\/image\/"},"sameAs":["https:\/\/www.facebook.com\/dorogimedence\/"]},{"@type":"Person","@id":"https:\/\/dorogimedence.hu\/#\/schema\/person\/ce6091eeb7e95ecdc87890d6aa8e0fd4","name":"dorogimedence.hu","image":{"@type":"ImageObject","inLanguage":"hu","@id":"\/\/www.gravatar.com\/avatar\/d8d45f8901aadff40a4af72c0b826f1d?s=96&#038;r=g&#038;d=mm","url":"\/\/www.gravatar.com\/avatar\/d8d45f8901aadff40a4af72c0b826f1d?s=96&#038;r=g&#038;d=mm","contentUrl":"\/\/www.gravatar.com\/avatar\/d8d45f8901aadff40a4af72c0b826f1d?s=96&#038;r=g&#038;d=mm","caption":"dorogimedence.hu"}}]}},"_links":{"self":[{"href":"https:\/\/dorogimedence.hu\/index.php\/wp-json\/wp\/v2\/posts\/52415","targetHints":{"allow":["GET"]}}],"collection":[{"href":"https:\/\/dorogimedence.hu\/index.php\/wp-json\/wp\/v2\/posts"}],"about":[{"href":"https:\/\/dorogimedence.hu\/index.php\/wp-json\/wp\/v2\/types\/post"}],"author":[{"embeddable":true,"href":"https:\/\/dorogimedence.hu\/index.php\/wp-json\/wp\/v2\/users\/1"}],"replies":[{"embeddable":true,"href":"https:\/\/dorogimedence.hu\/index.php\/wp-json\/wp\/v2\/comments?post=52415"}],"version-history":[{"count":0,"href":"https:\/\/dorogimedence.hu\/index.php\/wp-json\/wp\/v2\/posts\/52415\/revisions"}],"wp:attachment":[{"href":"https:\/\/dorogimedence.hu\/index.php\/wp-json\/wp\/v2\/media?parent=52415"}],"wp:term":[{"taxonomy":"category","embeddable":true,"href":"https:\/\/dorogimedence.hu\/index.php\/wp-json\/wp\/v2\/categories?post=52415"},{"taxonomy":"post_tag","embeddable":true,"href":"https:\/\/dorogimedence.hu\/index.php\/wp-json\/wp\/v2\/tags?post=52415"}],"curies":[{"name":"wp","href":"https:\/\/api.w.org\/{rel}","templated":true}]}}