{"id":5240,"date":"2017-08-28T07:33:47","date_gmt":"2017-08-28T05:33:47","guid":{"rendered":"http:\/\/dorogimedence.hu\/?p=5240"},"modified":"2017-08-28T07:33:47","modified_gmt":"2017-08-28T05:33:47","slug":"sikeresen-zajlottak-a-szent-istvan-napok","status":"publish","type":"post","link":"https:\/\/dorogimedence.hu\/index.php\/2017\/08\/28\/sikeresen-zajlottak-a-szent-istvan-napok\/","title":{"rendered":"Sikeresen zajlottak a Szent Istv\u00e1n Napok"},"content":{"rendered":"<p><strong>Az Esztergomi Szent Istv\u00e1n napi V\u00e1rosi rendezv\u00e9nysorozat h\u00e1rom helysz\u00ednen a V\u00e1rhegyen, a R\u00f6gbi Klubban \u00e9s a Szent Tam\u00e1s hegyen ker\u00fclt lebonyol\u00edt\u00e1sra augusztus 11-e \u00e9s 20-a k\u00f6z\u00f6tt.<\/strong><\/p>\n<p>A rendezv\u00e9nysorozat f\u0151szervez\u0151je, Piroska Kriszti\u00e1n elmondta, hogy a Fesztiv\u00e1lsziget Esztergom szervez\u00e9s\u00e9ben id\u00e9n m\u00e1r hetedik alkalommal ker\u00fclt megrendez\u00e9sre az esztergomi Szent Istv\u00e1n napi zenei,bor \u00e9s\u00a0 kultur\u00e1lis fesztiv\u00e1l. A rendezv\u00e9ny Esztergom v\u00e1ros t\u00e1mogat\u00e1s\u00e1val val\u00f3sult meg.<\/p>\n<p>A gazdag fesztiv\u00e1lprogramot hatalmas \u00e9rdekl\u0151d\u00e9s k\u00eds\u00e9rte, a vend\u00e9gek, melyek sz\u00e1ma a k\u00e9t h\u00e9tv\u00e9g\u00e9n el\u00e9rte a 15000 f\u0151t, t\u00f6bbf\u00e9le zenei st\u00edlus k\u00f6z\u00fcl v\u00e1laszthattak, minden koroszt\u00e1ly tal\u00e1lhatott mag\u00e1nak \u00e9rdekes el\u0151ad\u00e1st.<\/p>\n<p>A rendezv\u00e9nyen, sz\u00e1mos helyi egy\u00fcttes mellett fell\u00e9pett t\u00f6bbek k\u00f6zt Ganxsta Zolee \u00e9s a Kartel, Tankcsapda, K\u00e1rp\u00e1tia, G\u00e1jer B\u00e1lint, Kir\u00e1ly Viktor \u00e9s zenekara, Lad\u00e1nybene 27, Kocsis Tibor, Radics Gigi \u00e9s zenekara.<\/p>\n<p>A kiv\u00e1l\u00f3 zen\u00e9s programokon k\u00edv\u00fcl sikert aratott a vend\u00e9gek k\u00f6r\u00e9ben a Mesters\u00e9gek Udvara ki\u00e1ll\u00edt\u00e1s. Ingyenes gyermekprogramok, t\u00e1ncel\u0151ad\u00e1sok, t\u00f6rt\u00e9nelmi jelleg\u0171 lovagi bemutat\u00f3k is sz\u00ednes\u00edtett\u00e9k a fesztiv\u00e1lt, ezek a v\u00e1rhegyi t\u00f6rt\u00e9nelmi j\u00e1t\u00e9kokkal egy\u00fcttm\u0171k\u00f6dve val\u00f3sultak meg. A k\u00e9t helysz\u00edn nagyon j\u00f3l kieg\u00e9sz\u00edtette egym\u00e1st nagyszer\u0171 sz\u00f3rakoz\u00e1si lehet\u0151s\u00e9get ny\u00fajtva a helyieknek \u00e9s a t\u00e1volabbr\u00f3l \u00e9rkez\u0151knek is.<\/p>\n<p>Az esem\u00e9nyr\u0151l k\u00e9sz\u00fclt f\u00e9nyk\u00e9pek <a href=\"https:\/\/www.facebook.com\/fesztivalszigetesztergom\/posts\/1543282835718166\" target=\"_blank\" rel=\"noopener\"><span style=\"text-decoration: underline; color: #0000ff;\">itt tekinthet\u0151k meg<\/span><\/a>.<\/p>\n<p><em>Fot\u00f3, forr\u00e1s: Fesztiv\u00e1lsziget Esztergom<\/em><\/p>\n","protected":false},"excerpt":{"rendered":"<p>Az Esztergomi Szent Istv\u00e1n napi V\u00e1rosi rendezv\u00e9nysorozat h\u00e1rom helysz\u00ednen a V\u00e1rhegyen, a R\u00f6gbi Klubban \u00e9s a Szent Tam\u00e1s hegyen ker\u00fclt lebonyol\u00edt\u00e1sra augusztus 11-e \u00e9s 20-a k\u00f6z\u00f6tt. A rendezv\u00e9nysorozat f\u0151szervez\u0151je, Piroska Kriszti\u00e1n elmondta, hogy a Fesztiv\u00e1lsziget Esztergom szervez\u00e9s\u00e9ben id\u00e9n m\u00e1r hetedik alkalommal ker\u00fclt megrendez\u00e9sre az esztergomi Szent Istv\u00e1n napi zenei,bor \u00e9s\u00a0 kultur\u00e1lis fesztiv\u00e1l. A rendezv\u00e9ny Esztergom<\/p>\n","protected":false},"author":1,"featured_media":5241,"comment_status":"closed","ping_status":"closed","sticky":false,"template":"","format":"standard","meta":{"ngg_post_thumbnail":0,"footnotes":""},"categories":[38,3],"tags":[1260,42,1448,119,1449],"class_list":{"0":"post-5240","1":"post","2":"type-post","3":"status-publish","4":"format-standard","5":"has-post-thumbnail","7":"category-esztergom","8":"category-hirek","9":"tag-augusztus-20","10":"tag-esztergom","11":"tag-fesztivalsziget","12":"tag-koncert","13":"tag-szent-istvan-napok"},"yoast_head":"<!-- This site is optimized with the Yoast SEO plugin v27.4 - https:\/\/yoast.com\/product\/yoast-seo-wordpress\/ -->\n<title>Sikeresen zajlottak a Szent Istv\u00e1n Napok<\/title>\n<meta name=\"robots\" content=\"index, follow, max-snippet:-1, max-image-preview:large, max-video-preview:-1\" \/>\n<link rel=\"canonical\" href=\"https:\/\/dorogimedence.hu\/index.php\/2017\/08\/28\/sikeresen-zajlottak-a-szent-istvan-napok\/\" class=\"yoast-seo-meta-tag\" \/>\n<meta property=\"og:locale\" content=\"hu_HU\" class=\"yoast-seo-meta-tag\" \/>\n<meta property=\"og:type\" content=\"article\" class=\"yoast-seo-meta-tag\" \/>\n<meta property=\"og:title\" content=\"Sikeresen zajlottak a Szent Istv\u00e1n Napok\" class=\"yoast-seo-meta-tag\" \/>\n<meta property=\"og:description\" content=\"Az Esztergomi Szent Istv\u00e1n napi V\u00e1rosi rendezv\u00e9nysorozat h\u00e1rom helysz\u00ednen a V\u00e1rhegyen, a R\u00f6gbi Klubban \u00e9s a Szent Tam\u00e1s hegyen ker\u00fclt lebonyol\u00edt\u00e1sra augusztus 11-e \u00e9s 20-a k\u00f6z\u00f6tt. A rendezv\u00e9nysorozat f\u0151szervez\u0151je, Piroska Kriszti\u00e1n elmondta, hogy a Fesztiv\u00e1lsziget Esztergom szervez\u00e9s\u00e9ben id\u00e9n m\u00e1r hetedik alkalommal ker\u00fclt megrendez\u00e9sre az esztergomi Szent Istv\u00e1n napi zenei,bor \u00e9s\u00a0 kultur\u00e1lis fesztiv\u00e1l. A rendezv\u00e9ny Esztergom\" class=\"yoast-seo-meta-tag\" \/>\n<meta property=\"og:url\" content=\"https:\/\/dorogimedence.hu\/index.php\/2017\/08\/28\/sikeresen-zajlottak-a-szent-istvan-napok\/\" class=\"yoast-seo-meta-tag\" \/>\n<meta property=\"og:site_name\" content=\"Dorogi-medence Region\u00e1lis H\u00edrport\u00e1l\" class=\"yoast-seo-meta-tag\" \/>\n<meta property=\"article:publisher\" content=\"https:\/\/www.facebook.com\/dorogimedence\/\" class=\"yoast-seo-meta-tag\" \/>\n<meta property=\"article:published_time\" content=\"2017-08-28T05:33:47+00:00\" class=\"yoast-seo-meta-tag\" \/>\n<meta property=\"og:image\" content=\"https:\/\/i0.wp.com\/dorogimedence.hu\/wp-content\/uploads\/2017\/08\/szentistvannapok-01.jpg?fit=670%2C365&ssl=1\" class=\"yoast-seo-meta-tag\" \/>\n\t<meta property=\"og:image:width\" content=\"670\" class=\"yoast-seo-meta-tag\" \/>\n\t<meta property=\"og:image:height\" content=\"365\" class=\"yoast-seo-meta-tag\" \/>\n\t<meta property=\"og:image:type\" content=\"image\/jpeg\" class=\"yoast-seo-meta-tag\" \/>\n<meta name=\"author\" content=\"dorogimedence.hu\" class=\"yoast-seo-meta-tag\" \/>\n<meta name=\"twitter:card\" content=\"summary_large_image\" class=\"yoast-seo-meta-tag\" \/>\n<meta name=\"twitter:label1\" content=\"Szerz\u0151:\" class=\"yoast-seo-meta-tag\" \/>\n\t<meta name=\"twitter:data1\" content=\"dorogimedence.hu\" class=\"yoast-seo-meta-tag\" \/>\n\t<meta name=\"twitter:label2\" content=\"Becs\u00fclt olvas\u00e1si id\u0151\" class=\"yoast-seo-meta-tag\" \/>\n\t<meta name=\"twitter:data2\" content=\"2 perc\" class=\"yoast-seo-meta-tag\" \/>\n<script type=\"application\/ld+json\" class=\"yoast-schema-graph\">{\"@context\":\"https:\\\/\\\/schema.org\",\"@graph\":[{\"@type\":\"Article\",\"@id\":\"https:\\\/\\\/dorogimedence.hu\\\/index.php\\\/2017\\\/08\\\/28\\\/sikeresen-zajlottak-a-szent-istvan-napok\\\/#article\",\"isPartOf\":{\"@id\":\"https:\\\/\\\/dorogimedence.hu\\\/index.php\\\/2017\\\/08\\\/28\\\/sikeresen-zajlottak-a-szent-istvan-napok\\\/\"},\"author\":{\"name\":\"dorogimedence.hu\",\"@id\":\"https:\\\/\\\/dorogimedence.hu\\\/#\\\/schema\\\/person\\\/ce6091eeb7e95ecdc87890d6aa8e0fd4\"},\"headline\":\"Sikeresen zajlottak a Szent Istv\u00e1n Napok\",\"datePublished\":\"2017-08-28T05:33:47+00:00\",\"mainEntityOfPage\":{\"@id\":\"https:\\\/\\\/dorogimedence.hu\\\/index.php\\\/2017\\\/08\\\/28\\\/sikeresen-zajlottak-a-szent-istvan-napok\\\/\"},\"wordCount\":307,\"publisher\":{\"@id\":\"https:\\\/\\\/dorogimedence.hu\\\/#organization\"},\"image\":{\"@id\":\"https:\\\/\\\/dorogimedence.hu\\\/index.php\\\/2017\\\/08\\\/28\\\/sikeresen-zajlottak-a-szent-istvan-napok\\\/#primaryimage\"},\"thumbnailUrl\":\"https:\\\/\\\/dorogimedence.hu\\\/wp-content\\\/uploads\\\/2017\\\/08\\\/szentistvannapok-01.jpg\",\"keywords\":[\"augusztus 20.\",\"esztergom\",\"Fesztiv\u00e1lsziget\",\"koncert\",\"Szent Istv\u00e1n Napok\"],\"articleSection\":[\"Esztergom\",\"H\u00edrek\"],\"inLanguage\":\"hu\"},{\"@type\":\"WebPage\",\"@id\":\"https:\\\/\\\/dorogimedence.hu\\\/index.php\\\/2017\\\/08\\\/28\\\/sikeresen-zajlottak-a-szent-istvan-napok\\\/\",\"url\":\"https:\\\/\\\/dorogimedence.hu\\\/index.php\\\/2017\\\/08\\\/28\\\/sikeresen-zajlottak-a-szent-istvan-napok\\\/\",\"name\":\"Sikeresen zajlottak a Szent Istv\u00e1n Napok\",\"isPartOf\":{\"@id\":\"https:\\\/\\\/dorogimedence.hu\\\/#website\"},\"primaryImageOfPage\":{\"@id\":\"https:\\\/\\\/dorogimedence.hu\\\/index.php\\\/2017\\\/08\\\/28\\\/sikeresen-zajlottak-a-szent-istvan-napok\\\/#primaryimage\"},\"image\":{\"@id\":\"https:\\\/\\\/dorogimedence.hu\\\/index.php\\\/2017\\\/08\\\/28\\\/sikeresen-zajlottak-a-szent-istvan-napok\\\/#primaryimage\"},\"thumbnailUrl\":\"https:\\\/\\\/dorogimedence.hu\\\/wp-content\\\/uploads\\\/2017\\\/08\\\/szentistvannapok-01.jpg\",\"datePublished\":\"2017-08-28T05:33:47+00:00\",\"breadcrumb\":{\"@id\":\"https:\\\/\\\/dorogimedence.hu\\\/index.php\\\/2017\\\/08\\\/28\\\/sikeresen-zajlottak-a-szent-istvan-napok\\\/#breadcrumb\"},\"inLanguage\":\"hu\",\"potentialAction\":[{\"@type\":\"ReadAction\",\"target\":[\"https:\\\/\\\/dorogimedence.hu\\\/index.php\\\/2017\\\/08\\\/28\\\/sikeresen-zajlottak-a-szent-istvan-napok\\\/\"]}]},{\"@type\":\"ImageObject\",\"inLanguage\":\"hu\",\"@id\":\"https:\\\/\\\/dorogimedence.hu\\\/index.php\\\/2017\\\/08\\\/28\\\/sikeresen-zajlottak-a-szent-istvan-napok\\\/#primaryimage\",\"url\":\"https:\\\/\\\/dorogimedence.hu\\\/wp-content\\\/uploads\\\/2017\\\/08\\\/szentistvannapok-01.jpg\",\"contentUrl\":\"https:\\\/\\\/dorogimedence.hu\\\/wp-content\\\/uploads\\\/2017\\\/08\\\/szentistvannapok-01.jpg\",\"width\":670,\"height\":365},{\"@type\":\"BreadcrumbList\",\"@id\":\"https:\\\/\\\/dorogimedence.hu\\\/index.php\\\/2017\\\/08\\\/28\\\/sikeresen-zajlottak-a-szent-istvan-napok\\\/#breadcrumb\",\"itemListElement\":[{\"@type\":\"ListItem\",\"position\":1,\"name\":\"Kezd\u0151lap\",\"item\":\"https:\\\/\\\/dorogimedence.hu\\\/\"},{\"@type\":\"ListItem\",\"position\":2,\"name\":\"Sikeresen zajlottak a Szent Istv\u00e1n Napok\"}]},{\"@type\":\"WebSite\",\"@id\":\"https:\\\/\\\/dorogimedence.hu\\\/#website\",\"url\":\"https:\\\/\\\/dorogimedence.hu\\\/\",\"name\":\"Dorogi-medence Region\u00e1lis H\u00edrport\u00e1l\",\"description\":\"Dorog, Keszt\u00f6lc, Le\u00e1nyv\u00e1r, Piliscs\u00e9v, Tokod, Tokodalt\u00e1r\u00f3, Csolnok, Esztergom-kertv\u00e1ros: h\u00edrek, programok\",\"publisher\":{\"@id\":\"https:\\\/\\\/dorogimedence.hu\\\/#organization\"},\"potentialAction\":[{\"@type\":\"SearchAction\",\"target\":{\"@type\":\"EntryPoint\",\"urlTemplate\":\"https:\\\/\\\/dorogimedence.hu\\\/?s={search_term_string}\"},\"query-input\":{\"@type\":\"PropertyValueSpecification\",\"valueRequired\":true,\"valueName\":\"search_term_string\"}}],\"inLanguage\":\"hu\"},{\"@type\":\"Organization\",\"@id\":\"https:\\\/\\\/dorogimedence.hu\\\/#organization\",\"name\":\"Dorogi-medence Region\u00e1lis H\u00edrport\u00e1l\",\"url\":\"https:\\\/\\\/dorogimedence.hu\\\/\",\"logo\":{\"@type\":\"ImageObject\",\"inLanguage\":\"hu\",\"@id\":\"https:\\\/\\\/dorogimedence.hu\\\/#\\\/schema\\\/logo\\\/image\\\/\",\"url\":\"https:\\\/\\\/dorogimedence.hu\\\/wp-content\\\/uploads\\\/2021\\\/04\\\/logo-feher-600.png\",\"contentUrl\":\"https:\\\/\\\/dorogimedence.hu\\\/wp-content\\\/uploads\\\/2021\\\/04\\\/logo-feher-600.png\",\"width\":600,\"height\":100,\"caption\":\"Dorogi-medence Region\u00e1lis H\u00edrport\u00e1l\"},\"image\":{\"@id\":\"https:\\\/\\\/dorogimedence.hu\\\/#\\\/schema\\\/logo\\\/image\\\/\"},\"sameAs\":[\"https:\\\/\\\/www.facebook.com\\\/dorogimedence\\\/\"]},{\"@type\":\"Person\",\"@id\":\"https:\\\/\\\/dorogimedence.hu\\\/#\\\/schema\\\/person\\\/ce6091eeb7e95ecdc87890d6aa8e0fd4\",\"name\":\"dorogimedence.hu\",\"image\":{\"@type\":\"ImageObject\",\"inLanguage\":\"hu\",\"@id\":\"\\\/\\\/www.gravatar.com\\\/avatar\\\/d8d45f8901aadff40a4af72c0b826f1d?s=96&#038;r=g&#038;d=mm\",\"url\":\"\\\/\\\/www.gravatar.com\\\/avatar\\\/d8d45f8901aadff40a4af72c0b826f1d?s=96&#038;r=g&#038;d=mm\",\"contentUrl\":\"\\\/\\\/www.gravatar.com\\\/avatar\\\/d8d45f8901aadff40a4af72c0b826f1d?s=96&#038;r=g&#038;d=mm\",\"caption\":\"dorogimedence.hu\"}}]}<\/script>\n<!-- \/ Yoast SEO plugin. -->","yoast_head_json":{"title":"Sikeresen zajlottak a Szent Istv\u00e1n Napok","robots":{"index":"index","follow":"follow","max-snippet":"max-snippet:-1","max-image-preview":"max-image-preview:large","max-video-preview":"max-video-preview:-1"},"canonical":"https:\/\/dorogimedence.hu\/index.php\/2017\/08\/28\/sikeresen-zajlottak-a-szent-istvan-napok\/","og_locale":"hu_HU","og_type":"article","og_title":"Sikeresen zajlottak a Szent Istv\u00e1n Napok","og_description":"Az Esztergomi Szent Istv\u00e1n napi V\u00e1rosi rendezv\u00e9nysorozat h\u00e1rom helysz\u00ednen a V\u00e1rhegyen, a R\u00f6gbi Klubban \u00e9s a Szent Tam\u00e1s hegyen ker\u00fclt lebonyol\u00edt\u00e1sra augusztus 11-e \u00e9s 20-a k\u00f6z\u00f6tt. A rendezv\u00e9nysorozat f\u0151szervez\u0151je, Piroska Kriszti\u00e1n elmondta, hogy a Fesztiv\u00e1lsziget Esztergom szervez\u00e9s\u00e9ben id\u00e9n m\u00e1r hetedik alkalommal ker\u00fclt megrendez\u00e9sre az esztergomi Szent Istv\u00e1n napi zenei,bor \u00e9s\u00a0 kultur\u00e1lis fesztiv\u00e1l. A rendezv\u00e9ny Esztergom","og_url":"https:\/\/dorogimedence.hu\/index.php\/2017\/08\/28\/sikeresen-zajlottak-a-szent-istvan-napok\/","og_site_name":"Dorogi-medence Region\u00e1lis H\u00edrport\u00e1l","article_publisher":"https:\/\/www.facebook.com\/dorogimedence\/","article_published_time":"2017-08-28T05:33:47+00:00","og_image":[{"width":670,"height":365,"url":"https:\/\/i0.wp.com\/dorogimedence.hu\/wp-content\/uploads\/2017\/08\/szentistvannapok-01.jpg?fit=670%2C365&ssl=1","type":"image\/jpeg"}],"author":"dorogimedence.hu","twitter_card":"summary_large_image","twitter_misc":{"Szerz\u0151:":"dorogimedence.hu","Becs\u00fclt olvas\u00e1si id\u0151":"2 perc"},"schema":{"@context":"https:\/\/schema.org","@graph":[{"@type":"Article","@id":"https:\/\/dorogimedence.hu\/index.php\/2017\/08\/28\/sikeresen-zajlottak-a-szent-istvan-napok\/#article","isPartOf":{"@id":"https:\/\/dorogimedence.hu\/index.php\/2017\/08\/28\/sikeresen-zajlottak-a-szent-istvan-napok\/"},"author":{"name":"dorogimedence.hu","@id":"https:\/\/dorogimedence.hu\/#\/schema\/person\/ce6091eeb7e95ecdc87890d6aa8e0fd4"},"headline":"Sikeresen zajlottak a Szent Istv\u00e1n Napok","datePublished":"2017-08-28T05:33:47+00:00","mainEntityOfPage":{"@id":"https:\/\/dorogimedence.hu\/index.php\/2017\/08\/28\/sikeresen-zajlottak-a-szent-istvan-napok\/"},"wordCount":307,"publisher":{"@id":"https:\/\/dorogimedence.hu\/#organization"},"image":{"@id":"https:\/\/dorogimedence.hu\/index.php\/2017\/08\/28\/sikeresen-zajlottak-a-szent-istvan-napok\/#primaryimage"},"thumbnailUrl":"https:\/\/dorogimedence.hu\/wp-content\/uploads\/2017\/08\/szentistvannapok-01.jpg","keywords":["augusztus 20.","esztergom","Fesztiv\u00e1lsziget","koncert","Szent Istv\u00e1n Napok"],"articleSection":["Esztergom","H\u00edrek"],"inLanguage":"hu"},{"@type":"WebPage","@id":"https:\/\/dorogimedence.hu\/index.php\/2017\/08\/28\/sikeresen-zajlottak-a-szent-istvan-napok\/","url":"https:\/\/dorogimedence.hu\/index.php\/2017\/08\/28\/sikeresen-zajlottak-a-szent-istvan-napok\/","name":"Sikeresen zajlottak a Szent Istv\u00e1n Napok","isPartOf":{"@id":"https:\/\/dorogimedence.hu\/#website"},"primaryImageOfPage":{"@id":"https:\/\/dorogimedence.hu\/index.php\/2017\/08\/28\/sikeresen-zajlottak-a-szent-istvan-napok\/#primaryimage"},"image":{"@id":"https:\/\/dorogimedence.hu\/index.php\/2017\/08\/28\/sikeresen-zajlottak-a-szent-istvan-napok\/#primaryimage"},"thumbnailUrl":"https:\/\/dorogimedence.hu\/wp-content\/uploads\/2017\/08\/szentistvannapok-01.jpg","datePublished":"2017-08-28T05:33:47+00:00","breadcrumb":{"@id":"https:\/\/dorogimedence.hu\/index.php\/2017\/08\/28\/sikeresen-zajlottak-a-szent-istvan-napok\/#breadcrumb"},"inLanguage":"hu","potentialAction":[{"@type":"ReadAction","target":["https:\/\/dorogimedence.hu\/index.php\/2017\/08\/28\/sikeresen-zajlottak-a-szent-istvan-napok\/"]}]},{"@type":"ImageObject","inLanguage":"hu","@id":"https:\/\/dorogimedence.hu\/index.php\/2017\/08\/28\/sikeresen-zajlottak-a-szent-istvan-napok\/#primaryimage","url":"https:\/\/dorogimedence.hu\/wp-content\/uploads\/2017\/08\/szentistvannapok-01.jpg","contentUrl":"https:\/\/dorogimedence.hu\/wp-content\/uploads\/2017\/08\/szentistvannapok-01.jpg","width":670,"height":365},{"@type":"BreadcrumbList","@id":"https:\/\/dorogimedence.hu\/index.php\/2017\/08\/28\/sikeresen-zajlottak-a-szent-istvan-napok\/#breadcrumb","itemListElement":[{"@type":"ListItem","position":1,"name":"Kezd\u0151lap","item":"https:\/\/dorogimedence.hu\/"},{"@type":"ListItem","position":2,"name":"Sikeresen zajlottak a Szent Istv\u00e1n Napok"}]},{"@type":"WebSite","@id":"https:\/\/dorogimedence.hu\/#website","url":"https:\/\/dorogimedence.hu\/","name":"Dorogi-medence Region\u00e1lis H\u00edrport\u00e1l","description":"Dorog, Keszt\u00f6lc, Le\u00e1nyv\u00e1r, Piliscs\u00e9v, Tokod, Tokodalt\u00e1r\u00f3, Csolnok, Esztergom-kertv\u00e1ros: h\u00edrek, programok","publisher":{"@id":"https:\/\/dorogimedence.hu\/#organization"},"potentialAction":[{"@type":"SearchAction","target":{"@type":"EntryPoint","urlTemplate":"https:\/\/dorogimedence.hu\/?s={search_term_string}"},"query-input":{"@type":"PropertyValueSpecification","valueRequired":true,"valueName":"search_term_string"}}],"inLanguage":"hu"},{"@type":"Organization","@id":"https:\/\/dorogimedence.hu\/#organization","name":"Dorogi-medence Region\u00e1lis H\u00edrport\u00e1l","url":"https:\/\/dorogimedence.hu\/","logo":{"@type":"ImageObject","inLanguage":"hu","@id":"https:\/\/dorogimedence.hu\/#\/schema\/logo\/image\/","url":"https:\/\/dorogimedence.hu\/wp-content\/uploads\/2021\/04\/logo-feher-600.png","contentUrl":"https:\/\/dorogimedence.hu\/wp-content\/uploads\/2021\/04\/logo-feher-600.png","width":600,"height":100,"caption":"Dorogi-medence Region\u00e1lis H\u00edrport\u00e1l"},"image":{"@id":"https:\/\/dorogimedence.hu\/#\/schema\/logo\/image\/"},"sameAs":["https:\/\/www.facebook.com\/dorogimedence\/"]},{"@type":"Person","@id":"https:\/\/dorogimedence.hu\/#\/schema\/person\/ce6091eeb7e95ecdc87890d6aa8e0fd4","name":"dorogimedence.hu","image":{"@type":"ImageObject","inLanguage":"hu","@id":"\/\/www.gravatar.com\/avatar\/d8d45f8901aadff40a4af72c0b826f1d?s=96&#038;r=g&#038;d=mm","url":"\/\/www.gravatar.com\/avatar\/d8d45f8901aadff40a4af72c0b826f1d?s=96&#038;r=g&#038;d=mm","contentUrl":"\/\/www.gravatar.com\/avatar\/d8d45f8901aadff40a4af72c0b826f1d?s=96&#038;r=g&#038;d=mm","caption":"dorogimedence.hu"}}]}},"_links":{"self":[{"href":"https:\/\/dorogimedence.hu\/index.php\/wp-json\/wp\/v2\/posts\/5240","targetHints":{"allow":["GET"]}}],"collection":[{"href":"https:\/\/dorogimedence.hu\/index.php\/wp-json\/wp\/v2\/posts"}],"about":[{"href":"https:\/\/dorogimedence.hu\/index.php\/wp-json\/wp\/v2\/types\/post"}],"author":[{"embeddable":true,"href":"https:\/\/dorogimedence.hu\/index.php\/wp-json\/wp\/v2\/users\/1"}],"replies":[{"embeddable":true,"href":"https:\/\/dorogimedence.hu\/index.php\/wp-json\/wp\/v2\/comments?post=5240"}],"version-history":[{"count":0,"href":"https:\/\/dorogimedence.hu\/index.php\/wp-json\/wp\/v2\/posts\/5240\/revisions"}],"wp:featuredmedia":[{"embeddable":true,"href":"https:\/\/dorogimedence.hu\/index.php\/wp-json\/wp\/v2\/media\/5241"}],"wp:attachment":[{"href":"https:\/\/dorogimedence.hu\/index.php\/wp-json\/wp\/v2\/media?parent=5240"}],"wp:term":[{"taxonomy":"category","embeddable":true,"href":"https:\/\/dorogimedence.hu\/index.php\/wp-json\/wp\/v2\/categories?post=5240"},{"taxonomy":"post_tag","embeddable":true,"href":"https:\/\/dorogimedence.hu\/index.php\/wp-json\/wp\/v2\/tags?post=5240"}],"curies":[{"name":"wp","href":"https:\/\/api.w.org\/{rel}","templated":true}]}}