{"id":52295,"date":"2023-04-24T12:36:58","date_gmt":"2023-04-24T10:36:58","guid":{"rendered":"https:\/\/dorogimedence.hu\/?p=52295"},"modified":"2023-04-24T12:37:40","modified_gmt":"2023-04-24T10:37:40","slug":"a-magyar-suzuki-is-csatlakozott-a-teszedd-programhoz","status":"publish","type":"post","link":"https:\/\/dorogimedence.hu\/index.php\/2023\/04\/24\/a-magyar-suzuki-is-csatlakozott-a-teszedd-programhoz\/","title":{"rendered":"A Magyar Suzuki is csatlakozott a TeSzedd programhoz"},"content":{"rendered":"<p><strong>K\u00f6rnyezet\u00fcnk v\u00e9delme k\u00f6z\u00f6s felel\u0151ss\u00e9g\u00fcnk. A Magyar Suzuki is fontosnak tartja, hogy csatlakozzon olyan programokhoz, amelyek a term\u00e9szet v\u00e9delm\u00e9t \u00e9s meg\u00f3v\u00e1s\u00e1t seg\u00edtik. Az esztergomi gy\u00e1rt\u00f3v\u00e1llalat id\u00e9n els\u0151 alkalommal csatlakozott v\u00e1llalati szinten a \u201eTeSzedd! \u2013 \u00d6nk\u00e9ntesen a tiszta Magyarorsz\u00e1g\u00e9rt\u201d mozgalomhoz \u00e9s 55 munkat\u00e1rsa, illetve csal\u00e1dtagja \u00f6sszesen 65 zs\u00e1k szemetet szedett \u00f6ssze.<\/strong><\/p>\n<p>Az id\u00e9n 11. alkalommal meghirdetett TeSzedd! mozgalom haz\u00e1nk legnagyobb \u00f6nk\u00e9ntes hullad\u00e9kszed\u00e9si kezdem\u00e9nyez\u00e9se. Az orsz\u00e1gos akci\u00f3t \u00e9vr\u0151l \u00e9vre az\u00e9rt szervezik, hogy er\u0151s\u00edts\u00e9k a k\u00f6rnyezettudatos gondolkod\u00e1sm\u00f3dot \u00e9s egy\u00fcttes er\u0151vel szabad\u00edts\u00e1k meg a k\u00f6rnyezetet az illeg\u00e1lisan lerakott hullad\u00e9kt\u00f3l. A program elm\u00falt 10 \u00e9ve alatt t\u00f6bb ezer tonna illeg\u00e1lisan lerakott szem\u00e9tt\u0151l tiszt\u00edtott\u00e1k meg az \u00f6nk\u00e9ntesek az orsz\u00e1got.<\/p>\n<p>A Magyar Suzuki munkat\u00e1rsai &#8211; sokan csal\u00e1dtagjaikkal &#8211; a Suzuki Ar\u00e9na, a Kis-Duna-part \u00e9s a Duna-part k\u00f6rny\u00e9k\u00e9t tiszt\u00edtott\u00e1k meg k\u00f6z\u00f6sen a szem\u00e9tt\u0151l. Nem ez volt azonban az els\u0151 alkalom, hogy az esztergomi gy\u00e1rt\u00f3v\u00e1llalat \u00f6nk\u00e9ntes szem\u00e9tszed\u00e9sre v\u00e1llalkozik. Saj\u00e1t programk\u00e9nt, illetve csatlakozva a c\u00e9gcsoport szint\u0171 <a href=\"https:\/\/www.globalsuzuki.com\/marine\/sustainability\/clean_up_campaign\/2022\/\" target=\"_blank\" rel=\"noopener\"><span style=\"text-decoration: underline; color: #0000ff;\">Clean up the world<\/span><\/a> kezdem\u00e9nyez\u00e9shez is rendszeresen szervez szem\u00e9tszed\u0151 akci\u00f3kat. Ennek k\u00f6sz\u00f6nhet\u0151en, minden \u00e9vben t\u00f6bb kont\u00e9nernyi hullad\u00e9kt\u00f3l szabad\u00edtja meg munkat\u00e1rsainak \u00e9s a megh\u00edvott iskol\u00e1knak k\u00f6sz\u00f6nhet\u0151en Esztergom k\u00f6zkedvelt r\u00e9szeit.<\/p>\n<p><img fetchpriority=\"high\" decoding=\"async\" class=\"alignnone size-full wp-image-52297\" src=\"https:\/\/dorogimedence.hu\/wp-content\/uploads\/2023\/04\/teszedd-suzuki-02.jpg\" alt=\"\" width=\"1920\" height=\"1280\" srcset=\"https:\/\/dorogimedence.hu\/wp-content\/uploads\/2023\/04\/teszedd-suzuki-02.jpg 1920w, https:\/\/dorogimedence.hu\/wp-content\/uploads\/2023\/04\/teszedd-suzuki-02-300x200.jpg 300w, https:\/\/dorogimedence.hu\/wp-content\/uploads\/2023\/04\/teszedd-suzuki-02-1024x683.jpg 1024w, https:\/\/dorogimedence.hu\/wp-content\/uploads\/2023\/04\/teszedd-suzuki-02-768x512.jpg 768w, https:\/\/dorogimedence.hu\/wp-content\/uploads\/2023\/04\/teszedd-suzuki-02-1536x1024.jpg 1536w, https:\/\/dorogimedence.hu\/wp-content\/uploads\/2023\/04\/teszedd-suzuki-02-150x100.jpg 150w, https:\/\/dorogimedence.hu\/wp-content\/uploads\/2023\/04\/teszedd-suzuki-02-450x300.jpg 450w, https:\/\/dorogimedence.hu\/wp-content\/uploads\/2023\/04\/teszedd-suzuki-02-1200x800.jpg 1200w, https:\/\/dorogimedence.hu\/wp-content\/uploads\/2023\/04\/teszedd-suzuki-02-272x182.jpg 272w\" sizes=\"(max-width: 1920px) 100vw, 1920px\" \/><\/p>\n<p><em>Fot\u00f3k, forr\u00e1s: Magyar Suzuki Zrt.<\/em><\/p>\n","protected":false},"excerpt":{"rendered":"<p>K\u00f6rnyezet\u00fcnk v\u00e9delme k\u00f6z\u00f6s felel\u0151ss\u00e9g\u00fcnk. A Magyar Suzuki is fontosnak tartja, hogy csatlakozzon olyan programokhoz, amelyek a term\u00e9szet v\u00e9delm\u00e9t \u00e9s meg\u00f3v\u00e1s\u00e1t seg\u00edtik. Az esztergomi gy\u00e1rt\u00f3v\u00e1llalat id\u00e9n els\u0151 alkalommal csatlakozott v\u00e1llalati szinten a \u201eTeSzedd! \u2013 \u00d6nk\u00e9ntesen a tiszta Magyarorsz\u00e1g\u00e9rt\u201d mozgalomhoz \u00e9s 55 munkat\u00e1rsa, illetve csal\u00e1dtagja \u00f6sszesen 65 zs\u00e1k szemetet szedett \u00f6ssze. Az id\u00e9n 11. alkalommal meghirdetett TeSzedd!<\/p>\n","protected":false},"author":1,"featured_media":52296,"comment_status":"closed","ping_status":"closed","sticky":false,"template":"","format":"standard","meta":{"ngg_post_thumbnail":0,"footnotes":""},"categories":[38,3],"tags":[42,4649,7107,3620],"class_list":{"0":"post-52295","1":"post","2":"type-post","3":"status-publish","4":"format-standard","5":"has-post-thumbnail","7":"category-esztergom","8":"category-hirek","9":"tag-esztergom","10":"tag-magyar-suzuki-zrt","11":"tag-szemetszedesi-akcio","12":"tag-teszedd"},"yoast_head":"<!-- This site is optimized with the Yoast SEO plugin v27.4 - https:\/\/yoast.com\/product\/yoast-seo-wordpress\/ -->\n<title>A Magyar Suzuki is csatlakozott a TeSzedd programhoz<\/title>\n<meta name=\"robots\" content=\"index, follow, max-snippet:-1, max-image-preview:large, max-video-preview:-1\" \/>\n<link rel=\"canonical\" href=\"https:\/\/dorogimedence.hu\/index.php\/2023\/04\/24\/a-magyar-suzuki-is-csatlakozott-a-teszedd-programhoz\/\" class=\"yoast-seo-meta-tag\" \/>\n<meta property=\"og:locale\" content=\"hu_HU\" class=\"yoast-seo-meta-tag\" \/>\n<meta property=\"og:type\" content=\"article\" class=\"yoast-seo-meta-tag\" \/>\n<meta property=\"og:title\" content=\"A Magyar Suzuki is csatlakozott a TeSzedd programhoz\" class=\"yoast-seo-meta-tag\" \/>\n<meta property=\"og:description\" content=\"K\u00f6rnyezet\u00fcnk v\u00e9delme k\u00f6z\u00f6s felel\u0151ss\u00e9g\u00fcnk. A Magyar Suzuki is fontosnak tartja, hogy csatlakozzon olyan programokhoz, amelyek a term\u00e9szet v\u00e9delm\u00e9t \u00e9s meg\u00f3v\u00e1s\u00e1t seg\u00edtik. Az esztergomi gy\u00e1rt\u00f3v\u00e1llalat id\u00e9n els\u0151 alkalommal csatlakozott v\u00e1llalati szinten a \u201eTeSzedd! \u2013 \u00d6nk\u00e9ntesen a tiszta Magyarorsz\u00e1g\u00e9rt\u201d mozgalomhoz \u00e9s 55 munkat\u00e1rsa, illetve csal\u00e1dtagja \u00f6sszesen 65 zs\u00e1k szemetet szedett \u00f6ssze. Az id\u00e9n 11. alkalommal meghirdetett TeSzedd!\" class=\"yoast-seo-meta-tag\" \/>\n<meta property=\"og:url\" content=\"https:\/\/dorogimedence.hu\/index.php\/2023\/04\/24\/a-magyar-suzuki-is-csatlakozott-a-teszedd-programhoz\/\" class=\"yoast-seo-meta-tag\" \/>\n<meta property=\"og:site_name\" content=\"Dorogi-medence Region\u00e1lis H\u00edrport\u00e1l\" class=\"yoast-seo-meta-tag\" \/>\n<meta property=\"article:publisher\" content=\"https:\/\/www.facebook.com\/dorogimedence\/\" class=\"yoast-seo-meta-tag\" \/>\n<meta property=\"article:published_time\" content=\"2023-04-24T10:36:58+00:00\" class=\"yoast-seo-meta-tag\" \/>\n<meta property=\"article:modified_time\" content=\"2023-04-24T10:37:40+00:00\" class=\"yoast-seo-meta-tag\" \/>\n<meta property=\"og:image\" content=\"https:\/\/dorogimedence.hu\/wp-content\/uploads\/2023\/04\/teszedd-suzuki-01.jpg\" class=\"yoast-seo-meta-tag\" \/>\n\t<meta property=\"og:image:width\" content=\"1920\" class=\"yoast-seo-meta-tag\" \/>\n\t<meta property=\"og:image:height\" content=\"1090\" class=\"yoast-seo-meta-tag\" \/>\n\t<meta property=\"og:image:type\" content=\"image\/jpeg\" class=\"yoast-seo-meta-tag\" \/>\n<meta name=\"author\" content=\"dorogimedence.hu\" class=\"yoast-seo-meta-tag\" \/>\n<meta name=\"twitter:card\" content=\"summary_large_image\" class=\"yoast-seo-meta-tag\" \/>\n<meta name=\"twitter:label1\" content=\"Szerz\u0151:\" class=\"yoast-seo-meta-tag\" \/>\n\t<meta name=\"twitter:data1\" content=\"dorogimedence.hu\" class=\"yoast-seo-meta-tag\" \/>\n\t<meta name=\"twitter:label2\" content=\"Becs\u00fclt olvas\u00e1si id\u0151\" class=\"yoast-seo-meta-tag\" \/>\n\t<meta name=\"twitter:data2\" content=\"1 perc\" class=\"yoast-seo-meta-tag\" \/>\n<script type=\"application\/ld+json\" class=\"yoast-schema-graph\">{\"@context\":\"https:\\\/\\\/schema.org\",\"@graph\":[{\"@type\":\"Article\",\"@id\":\"https:\\\/\\\/dorogimedence.hu\\\/index.php\\\/2023\\\/04\\\/24\\\/a-magyar-suzuki-is-csatlakozott-a-teszedd-programhoz\\\/#article\",\"isPartOf\":{\"@id\":\"https:\\\/\\\/dorogimedence.hu\\\/index.php\\\/2023\\\/04\\\/24\\\/a-magyar-suzuki-is-csatlakozott-a-teszedd-programhoz\\\/\"},\"author\":{\"name\":\"dorogimedence.hu\",\"@id\":\"https:\\\/\\\/dorogimedence.hu\\\/#\\\/schema\\\/person\\\/ce6091eeb7e95ecdc87890d6aa8e0fd4\"},\"headline\":\"A Magyar Suzuki is csatlakozott a TeSzedd programhoz\",\"datePublished\":\"2023-04-24T10:36:58+00:00\",\"dateModified\":\"2023-04-24T10:37:40+00:00\",\"mainEntityOfPage\":{\"@id\":\"https:\\\/\\\/dorogimedence.hu\\\/index.php\\\/2023\\\/04\\\/24\\\/a-magyar-suzuki-is-csatlakozott-a-teszedd-programhoz\\\/\"},\"wordCount\":285,\"publisher\":{\"@id\":\"https:\\\/\\\/dorogimedence.hu\\\/#organization\"},\"image\":{\"@id\":\"https:\\\/\\\/dorogimedence.hu\\\/index.php\\\/2023\\\/04\\\/24\\\/a-magyar-suzuki-is-csatlakozott-a-teszedd-programhoz\\\/#primaryimage\"},\"thumbnailUrl\":\"https:\\\/\\\/dorogimedence.hu\\\/wp-content\\\/uploads\\\/2023\\\/04\\\/teszedd-suzuki-01.jpg\",\"keywords\":[\"esztergom\",\"Magyar Suzuki Zrt.\",\"szem\u00e9tszed\u00e9si akci\u00f3\",\"teszedd\"],\"articleSection\":[\"Esztergom\",\"H\u00edrek\"],\"inLanguage\":\"hu\"},{\"@type\":\"WebPage\",\"@id\":\"https:\\\/\\\/dorogimedence.hu\\\/index.php\\\/2023\\\/04\\\/24\\\/a-magyar-suzuki-is-csatlakozott-a-teszedd-programhoz\\\/\",\"url\":\"https:\\\/\\\/dorogimedence.hu\\\/index.php\\\/2023\\\/04\\\/24\\\/a-magyar-suzuki-is-csatlakozott-a-teszedd-programhoz\\\/\",\"name\":\"A Magyar Suzuki is csatlakozott a TeSzedd programhoz\",\"isPartOf\":{\"@id\":\"https:\\\/\\\/dorogimedence.hu\\\/#website\"},\"primaryImageOfPage\":{\"@id\":\"https:\\\/\\\/dorogimedence.hu\\\/index.php\\\/2023\\\/04\\\/24\\\/a-magyar-suzuki-is-csatlakozott-a-teszedd-programhoz\\\/#primaryimage\"},\"image\":{\"@id\":\"https:\\\/\\\/dorogimedence.hu\\\/index.php\\\/2023\\\/04\\\/24\\\/a-magyar-suzuki-is-csatlakozott-a-teszedd-programhoz\\\/#primaryimage\"},\"thumbnailUrl\":\"https:\\\/\\\/dorogimedence.hu\\\/wp-content\\\/uploads\\\/2023\\\/04\\\/teszedd-suzuki-01.jpg\",\"datePublished\":\"2023-04-24T10:36:58+00:00\",\"dateModified\":\"2023-04-24T10:37:40+00:00\",\"breadcrumb\":{\"@id\":\"https:\\\/\\\/dorogimedence.hu\\\/index.php\\\/2023\\\/04\\\/24\\\/a-magyar-suzuki-is-csatlakozott-a-teszedd-programhoz\\\/#breadcrumb\"},\"inLanguage\":\"hu\",\"potentialAction\":[{\"@type\":\"ReadAction\",\"target\":[\"https:\\\/\\\/dorogimedence.hu\\\/index.php\\\/2023\\\/04\\\/24\\\/a-magyar-suzuki-is-csatlakozott-a-teszedd-programhoz\\\/\"]}]},{\"@type\":\"ImageObject\",\"inLanguage\":\"hu\",\"@id\":\"https:\\\/\\\/dorogimedence.hu\\\/index.php\\\/2023\\\/04\\\/24\\\/a-magyar-suzuki-is-csatlakozott-a-teszedd-programhoz\\\/#primaryimage\",\"url\":\"https:\\\/\\\/dorogimedence.hu\\\/wp-content\\\/uploads\\\/2023\\\/04\\\/teszedd-suzuki-01.jpg\",\"contentUrl\":\"https:\\\/\\\/dorogimedence.hu\\\/wp-content\\\/uploads\\\/2023\\\/04\\\/teszedd-suzuki-01.jpg\",\"width\":1920,\"height\":1090},{\"@type\":\"BreadcrumbList\",\"@id\":\"https:\\\/\\\/dorogimedence.hu\\\/index.php\\\/2023\\\/04\\\/24\\\/a-magyar-suzuki-is-csatlakozott-a-teszedd-programhoz\\\/#breadcrumb\",\"itemListElement\":[{\"@type\":\"ListItem\",\"position\":1,\"name\":\"Kezd\u0151lap\",\"item\":\"https:\\\/\\\/dorogimedence.hu\\\/\"},{\"@type\":\"ListItem\",\"position\":2,\"name\":\"A Magyar Suzuki is csatlakozott a TeSzedd programhoz\"}]},{\"@type\":\"WebSite\",\"@id\":\"https:\\\/\\\/dorogimedence.hu\\\/#website\",\"url\":\"https:\\\/\\\/dorogimedence.hu\\\/\",\"name\":\"Dorogi-medence Region\u00e1lis H\u00edrport\u00e1l\",\"description\":\"Dorog, Keszt\u00f6lc, Le\u00e1nyv\u00e1r, Piliscs\u00e9v, Tokod, Tokodalt\u00e1r\u00f3, Csolnok, Esztergom-kertv\u00e1ros: h\u00edrek, programok\",\"publisher\":{\"@id\":\"https:\\\/\\\/dorogimedence.hu\\\/#organization\"},\"potentialAction\":[{\"@type\":\"SearchAction\",\"target\":{\"@type\":\"EntryPoint\",\"urlTemplate\":\"https:\\\/\\\/dorogimedence.hu\\\/?s={search_term_string}\"},\"query-input\":{\"@type\":\"PropertyValueSpecification\",\"valueRequired\":true,\"valueName\":\"search_term_string\"}}],\"inLanguage\":\"hu\"},{\"@type\":\"Organization\",\"@id\":\"https:\\\/\\\/dorogimedence.hu\\\/#organization\",\"name\":\"Dorogi-medence Region\u00e1lis H\u00edrport\u00e1l\",\"url\":\"https:\\\/\\\/dorogimedence.hu\\\/\",\"logo\":{\"@type\":\"ImageObject\",\"inLanguage\":\"hu\",\"@id\":\"https:\\\/\\\/dorogimedence.hu\\\/#\\\/schema\\\/logo\\\/image\\\/\",\"url\":\"https:\\\/\\\/dorogimedence.hu\\\/wp-content\\\/uploads\\\/2021\\\/04\\\/logo-feher-600.png\",\"contentUrl\":\"https:\\\/\\\/dorogimedence.hu\\\/wp-content\\\/uploads\\\/2021\\\/04\\\/logo-feher-600.png\",\"width\":600,\"height\":100,\"caption\":\"Dorogi-medence Region\u00e1lis H\u00edrport\u00e1l\"},\"image\":{\"@id\":\"https:\\\/\\\/dorogimedence.hu\\\/#\\\/schema\\\/logo\\\/image\\\/\"},\"sameAs\":[\"https:\\\/\\\/www.facebook.com\\\/dorogimedence\\\/\"]},{\"@type\":\"Person\",\"@id\":\"https:\\\/\\\/dorogimedence.hu\\\/#\\\/schema\\\/person\\\/ce6091eeb7e95ecdc87890d6aa8e0fd4\",\"name\":\"dorogimedence.hu\",\"image\":{\"@type\":\"ImageObject\",\"inLanguage\":\"hu\",\"@id\":\"\\\/\\\/www.gravatar.com\\\/avatar\\\/d8d45f8901aadff40a4af72c0b826f1d?s=96&#038;r=g&#038;d=mm\",\"url\":\"\\\/\\\/www.gravatar.com\\\/avatar\\\/d8d45f8901aadff40a4af72c0b826f1d?s=96&#038;r=g&#038;d=mm\",\"contentUrl\":\"\\\/\\\/www.gravatar.com\\\/avatar\\\/d8d45f8901aadff40a4af72c0b826f1d?s=96&#038;r=g&#038;d=mm\",\"caption\":\"dorogimedence.hu\"}}]}<\/script>\n<!-- \/ Yoast SEO plugin. -->","yoast_head_json":{"title":"A Magyar Suzuki is csatlakozott a TeSzedd programhoz","robots":{"index":"index","follow":"follow","max-snippet":"max-snippet:-1","max-image-preview":"max-image-preview:large","max-video-preview":"max-video-preview:-1"},"canonical":"https:\/\/dorogimedence.hu\/index.php\/2023\/04\/24\/a-magyar-suzuki-is-csatlakozott-a-teszedd-programhoz\/","og_locale":"hu_HU","og_type":"article","og_title":"A Magyar Suzuki is csatlakozott a TeSzedd programhoz","og_description":"K\u00f6rnyezet\u00fcnk v\u00e9delme k\u00f6z\u00f6s felel\u0151ss\u00e9g\u00fcnk. A Magyar Suzuki is fontosnak tartja, hogy csatlakozzon olyan programokhoz, amelyek a term\u00e9szet v\u00e9delm\u00e9t \u00e9s meg\u00f3v\u00e1s\u00e1t seg\u00edtik. Az esztergomi gy\u00e1rt\u00f3v\u00e1llalat id\u00e9n els\u0151 alkalommal csatlakozott v\u00e1llalati szinten a \u201eTeSzedd! \u2013 \u00d6nk\u00e9ntesen a tiszta Magyarorsz\u00e1g\u00e9rt\u201d mozgalomhoz \u00e9s 55 munkat\u00e1rsa, illetve csal\u00e1dtagja \u00f6sszesen 65 zs\u00e1k szemetet szedett \u00f6ssze. Az id\u00e9n 11. alkalommal meghirdetett TeSzedd!","og_url":"https:\/\/dorogimedence.hu\/index.php\/2023\/04\/24\/a-magyar-suzuki-is-csatlakozott-a-teszedd-programhoz\/","og_site_name":"Dorogi-medence Region\u00e1lis H\u00edrport\u00e1l","article_publisher":"https:\/\/www.facebook.com\/dorogimedence\/","article_published_time":"2023-04-24T10:36:58+00:00","article_modified_time":"2023-04-24T10:37:40+00:00","og_image":[{"width":1920,"height":1090,"url":"https:\/\/dorogimedence.hu\/wp-content\/uploads\/2023\/04\/teszedd-suzuki-01.jpg","type":"image\/jpeg"}],"author":"dorogimedence.hu","twitter_card":"summary_large_image","twitter_misc":{"Szerz\u0151:":"dorogimedence.hu","Becs\u00fclt olvas\u00e1si id\u0151":"1 perc"},"schema":{"@context":"https:\/\/schema.org","@graph":[{"@type":"Article","@id":"https:\/\/dorogimedence.hu\/index.php\/2023\/04\/24\/a-magyar-suzuki-is-csatlakozott-a-teszedd-programhoz\/#article","isPartOf":{"@id":"https:\/\/dorogimedence.hu\/index.php\/2023\/04\/24\/a-magyar-suzuki-is-csatlakozott-a-teszedd-programhoz\/"},"author":{"name":"dorogimedence.hu","@id":"https:\/\/dorogimedence.hu\/#\/schema\/person\/ce6091eeb7e95ecdc87890d6aa8e0fd4"},"headline":"A Magyar Suzuki is csatlakozott a TeSzedd programhoz","datePublished":"2023-04-24T10:36:58+00:00","dateModified":"2023-04-24T10:37:40+00:00","mainEntityOfPage":{"@id":"https:\/\/dorogimedence.hu\/index.php\/2023\/04\/24\/a-magyar-suzuki-is-csatlakozott-a-teszedd-programhoz\/"},"wordCount":285,"publisher":{"@id":"https:\/\/dorogimedence.hu\/#organization"},"image":{"@id":"https:\/\/dorogimedence.hu\/index.php\/2023\/04\/24\/a-magyar-suzuki-is-csatlakozott-a-teszedd-programhoz\/#primaryimage"},"thumbnailUrl":"https:\/\/dorogimedence.hu\/wp-content\/uploads\/2023\/04\/teszedd-suzuki-01.jpg","keywords":["esztergom","Magyar Suzuki Zrt.","szem\u00e9tszed\u00e9si akci\u00f3","teszedd"],"articleSection":["Esztergom","H\u00edrek"],"inLanguage":"hu"},{"@type":"WebPage","@id":"https:\/\/dorogimedence.hu\/index.php\/2023\/04\/24\/a-magyar-suzuki-is-csatlakozott-a-teszedd-programhoz\/","url":"https:\/\/dorogimedence.hu\/index.php\/2023\/04\/24\/a-magyar-suzuki-is-csatlakozott-a-teszedd-programhoz\/","name":"A Magyar Suzuki is csatlakozott a TeSzedd programhoz","isPartOf":{"@id":"https:\/\/dorogimedence.hu\/#website"},"primaryImageOfPage":{"@id":"https:\/\/dorogimedence.hu\/index.php\/2023\/04\/24\/a-magyar-suzuki-is-csatlakozott-a-teszedd-programhoz\/#primaryimage"},"image":{"@id":"https:\/\/dorogimedence.hu\/index.php\/2023\/04\/24\/a-magyar-suzuki-is-csatlakozott-a-teszedd-programhoz\/#primaryimage"},"thumbnailUrl":"https:\/\/dorogimedence.hu\/wp-content\/uploads\/2023\/04\/teszedd-suzuki-01.jpg","datePublished":"2023-04-24T10:36:58+00:00","dateModified":"2023-04-24T10:37:40+00:00","breadcrumb":{"@id":"https:\/\/dorogimedence.hu\/index.php\/2023\/04\/24\/a-magyar-suzuki-is-csatlakozott-a-teszedd-programhoz\/#breadcrumb"},"inLanguage":"hu","potentialAction":[{"@type":"ReadAction","target":["https:\/\/dorogimedence.hu\/index.php\/2023\/04\/24\/a-magyar-suzuki-is-csatlakozott-a-teszedd-programhoz\/"]}]},{"@type":"ImageObject","inLanguage":"hu","@id":"https:\/\/dorogimedence.hu\/index.php\/2023\/04\/24\/a-magyar-suzuki-is-csatlakozott-a-teszedd-programhoz\/#primaryimage","url":"https:\/\/dorogimedence.hu\/wp-content\/uploads\/2023\/04\/teszedd-suzuki-01.jpg","contentUrl":"https:\/\/dorogimedence.hu\/wp-content\/uploads\/2023\/04\/teszedd-suzuki-01.jpg","width":1920,"height":1090},{"@type":"BreadcrumbList","@id":"https:\/\/dorogimedence.hu\/index.php\/2023\/04\/24\/a-magyar-suzuki-is-csatlakozott-a-teszedd-programhoz\/#breadcrumb","itemListElement":[{"@type":"ListItem","position":1,"name":"Kezd\u0151lap","item":"https:\/\/dorogimedence.hu\/"},{"@type":"ListItem","position":2,"name":"A Magyar Suzuki is csatlakozott a TeSzedd programhoz"}]},{"@type":"WebSite","@id":"https:\/\/dorogimedence.hu\/#website","url":"https:\/\/dorogimedence.hu\/","name":"Dorogi-medence Region\u00e1lis H\u00edrport\u00e1l","description":"Dorog, Keszt\u00f6lc, Le\u00e1nyv\u00e1r, Piliscs\u00e9v, Tokod, Tokodalt\u00e1r\u00f3, Csolnok, Esztergom-kertv\u00e1ros: h\u00edrek, programok","publisher":{"@id":"https:\/\/dorogimedence.hu\/#organization"},"potentialAction":[{"@type":"SearchAction","target":{"@type":"EntryPoint","urlTemplate":"https:\/\/dorogimedence.hu\/?s={search_term_string}"},"query-input":{"@type":"PropertyValueSpecification","valueRequired":true,"valueName":"search_term_string"}}],"inLanguage":"hu"},{"@type":"Organization","@id":"https:\/\/dorogimedence.hu\/#organization","name":"Dorogi-medence Region\u00e1lis H\u00edrport\u00e1l","url":"https:\/\/dorogimedence.hu\/","logo":{"@type":"ImageObject","inLanguage":"hu","@id":"https:\/\/dorogimedence.hu\/#\/schema\/logo\/image\/","url":"https:\/\/dorogimedence.hu\/wp-content\/uploads\/2021\/04\/logo-feher-600.png","contentUrl":"https:\/\/dorogimedence.hu\/wp-content\/uploads\/2021\/04\/logo-feher-600.png","width":600,"height":100,"caption":"Dorogi-medence Region\u00e1lis H\u00edrport\u00e1l"},"image":{"@id":"https:\/\/dorogimedence.hu\/#\/schema\/logo\/image\/"},"sameAs":["https:\/\/www.facebook.com\/dorogimedence\/"]},{"@type":"Person","@id":"https:\/\/dorogimedence.hu\/#\/schema\/person\/ce6091eeb7e95ecdc87890d6aa8e0fd4","name":"dorogimedence.hu","image":{"@type":"ImageObject","inLanguage":"hu","@id":"\/\/www.gravatar.com\/avatar\/d8d45f8901aadff40a4af72c0b826f1d?s=96&#038;r=g&#038;d=mm","url":"\/\/www.gravatar.com\/avatar\/d8d45f8901aadff40a4af72c0b826f1d?s=96&#038;r=g&#038;d=mm","contentUrl":"\/\/www.gravatar.com\/avatar\/d8d45f8901aadff40a4af72c0b826f1d?s=96&#038;r=g&#038;d=mm","caption":"dorogimedence.hu"}}]}},"_links":{"self":[{"href":"https:\/\/dorogimedence.hu\/index.php\/wp-json\/wp\/v2\/posts\/52295","targetHints":{"allow":["GET"]}}],"collection":[{"href":"https:\/\/dorogimedence.hu\/index.php\/wp-json\/wp\/v2\/posts"}],"about":[{"href":"https:\/\/dorogimedence.hu\/index.php\/wp-json\/wp\/v2\/types\/post"}],"author":[{"embeddable":true,"href":"https:\/\/dorogimedence.hu\/index.php\/wp-json\/wp\/v2\/users\/1"}],"replies":[{"embeddable":true,"href":"https:\/\/dorogimedence.hu\/index.php\/wp-json\/wp\/v2\/comments?post=52295"}],"version-history":[{"count":0,"href":"https:\/\/dorogimedence.hu\/index.php\/wp-json\/wp\/v2\/posts\/52295\/revisions"}],"wp:featuredmedia":[{"embeddable":true,"href":"https:\/\/dorogimedence.hu\/index.php\/wp-json\/wp\/v2\/media\/52296"}],"wp:attachment":[{"href":"https:\/\/dorogimedence.hu\/index.php\/wp-json\/wp\/v2\/media?parent=52295"}],"wp:term":[{"taxonomy":"category","embeddable":true,"href":"https:\/\/dorogimedence.hu\/index.php\/wp-json\/wp\/v2\/categories?post=52295"},{"taxonomy":"post_tag","embeddable":true,"href":"https:\/\/dorogimedence.hu\/index.php\/wp-json\/wp\/v2\/tags?post=52295"}],"curies":[{"name":"wp","href":"https:\/\/api.w.org\/{rel}","templated":true}]}}