{"id":52291,"date":"2023-04-24T12:27:01","date_gmt":"2023-04-24T10:27:01","guid":{"rendered":"https:\/\/dorogimedence.hu\/?p=52291"},"modified":"2023-04-24T12:27:18","modified_gmt":"2023-04-24T10:27:18","slug":"elismereseket-adtak-at-a-rendor-es-tuzoltonap-alkalmabol","status":"publish","type":"post","link":"https:\/\/dorogimedence.hu\/index.php\/2023\/04\/24\/elismereseket-adtak-at-a-rendor-es-tuzoltonap-alkalmabol\/","title":{"rendered":"Elismer\u00e9seket adtak \u00e1t a Rend\u0151r- \u00e9s T\u0171zolt\u00f3nap alkalm\u00e1b\u00f3l"},"content":{"rendered":"<p><strong>B\u00e1tors\u00e1g\u00e9rt \u00c9rdemjelet adom\u00e1nyozott a bel\u00fcgyminiszter k\u00e9t esztergomi t\u0171zolt\u00f3nak, akik egy t\u00e1rsash\u00e1z harmadik emeleti lak\u00e1s\u00e1ban keletkezett t\u0171zesetn\u00e9l h\u00e1rom embert, k\u00f6zt\u00fck egy n\u00e9gy\u00e9ves kisl\u00e1nyt mentettek meg.<\/strong><\/p>\n<p>Dr. Pint\u00e9r S\u00e1ndor, Magyarorsz\u00e1g bel\u00fcgyminisztere kiemelked\u0151 szolg\u00e1lati tev\u00e9kenys\u00e9ge elismer\u00e9s\u00e9\u00fcl a T\u0171zolt\u00f3s\u00e1g napja alkalm\u00e1b\u00f3l Szent Fl\u00f3ri\u00e1n \u00e9rdemjelet adom\u00e1nyozott <strong>Kelk\u00f3 Bal\u00e1zs<\/strong> t\u0171. ezredesnek, a Kom\u00e1rom-Esztergom V\u00e1rmegyei Katasztr\u00f3fav\u00e9delmi Igazgat\u00f3s\u00e1g igazgat\u00f3helyettes\u00e9nek.<\/p>\n<p>A bel\u00fcgyminiszter kiemelked\u0151 helyt\u00e1ll\u00e1sa, b\u00e1tor magatart\u00e1sa elismer\u00e9s\u00e9\u00fcl <em>B\u00e1tors\u00e1g\u00e9rt \u00c9rdemjel<\/em>et adom\u00e1nyozott, egyben jutalomban r\u00e9szes\u00edtette <strong>Moln\u00e1r G\u00e1bor&nbsp;<\/strong>c. t\u0171. f\u0151t\u00f6rzs\u0151rmestert \u00e9s <strong>Zengl Norbert<\/strong> t\u0171. \u0151rmestert, a Kom\u00e1rom-Esztergom V\u00e1rmegyei Katasztr\u00f3fav\u00e9delmi Igazgat\u00f3s\u00e1g Esztergomi Katasztr\u00f3fav\u00e9delmi Kirendelts\u00e9g Esztergomi Hivat\u00e1sos T\u0171zolt\u00f3-parancsnoks\u00e1g\u00e1nak beosztott t\u0171zolt\u00f3it, akik egy t\u00e1rsash\u00e1z harmadik emeleti lak\u00e1s\u00e1ban keletkezett t\u0171zesetn\u00e9l h\u00e1rom embert, k\u00f6zt\u00fck egy n\u00e9gy\u00e9ves kisl\u00e1nyt mentettek meg.<\/p>\n<p><img fetchpriority=\"high\" decoding=\"async\" class=\"alignnone size-full wp-image-52293\" src=\"https:\/\/dorogimedence.hu\/wp-content\/uploads\/2023\/04\/ormester-scaled.jpeg\" alt=\"\" width=\"2560\" height=\"1703\" srcset=\"https:\/\/dorogimedence.hu\/wp-content\/uploads\/2023\/04\/ormester-scaled.jpeg 2560w, https:\/\/dorogimedence.hu\/wp-content\/uploads\/2023\/04\/ormester-300x200.jpeg 300w, https:\/\/dorogimedence.hu\/wp-content\/uploads\/2023\/04\/ormester-1024x681.jpeg 1024w, https:\/\/dorogimedence.hu\/wp-content\/uploads\/2023\/04\/ormester-768x511.jpeg 768w, https:\/\/dorogimedence.hu\/wp-content\/uploads\/2023\/04\/ormester-1536x1022.jpeg 1536w, https:\/\/dorogimedence.hu\/wp-content\/uploads\/2023\/04\/ormester-2048x1362.jpeg 2048w, https:\/\/dorogimedence.hu\/wp-content\/uploads\/2023\/04\/ormester-150x100.jpeg 150w, https:\/\/dorogimedence.hu\/wp-content\/uploads\/2023\/04\/ormester-450x299.jpeg 450w, https:\/\/dorogimedence.hu\/wp-content\/uploads\/2023\/04\/ormester-1200x798.jpeg 1200w, https:\/\/dorogimedence.hu\/wp-content\/uploads\/2023\/04\/ormester-272x182.jpeg 272w\" sizes=\"(max-width: 2560px) 100vw, 2560px\" \/><\/p>\n<p><em>B\u00e1tors\u00e1g\u00e9rt \u00c9rdemjel<\/em>ben \u00e9s jutalomban r\u00e9szes\u00fclt <strong>Venczel T\u00f3bi\u00e1s Tam\u00e1s<\/strong> c. t\u0171. t\u00f6rzs\u0151rmester, a Kom\u00e1rom-Esztergom V\u00e1rmegyei Katasztr\u00f3fav\u00e9delmi Igazgat\u00f3s\u00e1g Tatab\u00e1nyai Katasztr\u00f3fav\u00e9delmi Kirendelts\u00e9g Tatab\u00e1nyai Hivat\u00e1sos T\u0171zolt\u00f3-parancsnoks\u00e1g\u00e1nak beosztott t\u0171zolt\u00f3ja. A t\u00f6rzs\u0151rmester csal\u00e1dj\u00e1val \u00e9rintett volt a 2023. m\u00e1rcius 11-i, az M1-es aut\u00f3p\u00e1ly\u00e1n t\u00f6rt\u00e9nt t\u00f6megbalesetben, ahol a korl\u00e1tozott l\u00e1t\u00e1si viszonyok miatt a m\u00f6g\u00f6tte halad\u00f3 g\u00e9pkocsi bel\u00e9j\u00fck \u00fctk\u00f6z\u00f6tt. Feles\u00e9g\u00e9t \u00e9s h\u00e1rom gyermek\u00e9t azonnal kimenek\u00edtette a s\u00e9r\u00fclt g\u00e9pj\u00e1rm\u0171b\u0151l \u00e9s biztons\u00e1gos helyre vitte \u0151ket, majd visszament a helysz\u00ednre, ahol saj\u00e1t szegycsontt\u00f6r\u00e9s\u00e9t \u00e9s neh\u00e9zl\u00e9gz\u00e9s\u00e9t figyelmen k\u00edv\u00fcl hagyva az egyik \u00e9g\u0151 aut\u00f3 al\u00f3l kih\u00fazott egy s\u00falyosan s\u00e9r\u00fclt f\u00e9rfit, majd tov\u00e1bb folytatta a ment\u00e9st, s\u00e9r\u00fcltek ut\u00e1n kutatva.<\/p>\n<p>Nevezettek az elismer\u00e9st \u00e1prilis 20-\u00e1n a Rend\u0151r- \u00e9s T\u0171zolt\u00f3nap alkalm\u00e1b\u00f3l a k\u00f6zponti \u00fcnneps\u00e9gen, az Orsz\u00e1gos Rend\u0151r-f\u0151kapit\u00e1nys\u00e1g Teve utcai sz\u00e9kh\u00e1z\u00e1ban vehett\u00e9k \u00e1t Dr. Pint\u00e9r S\u00e1ndort\u00f3l, Magyarorsz\u00e1g bel\u00fcgyminiszter\u00e9t\u0151l.&nbsp;<\/p>\n<p><em>Forr\u00e1s: Katasztr\u00f3fav\u00e9delem<br \/>\nFot\u00f3k: Bel\u00fcgyminiszt\u00e9rium, Varga Mih\u00e1ly Sebesty\u00e9n t\u0171. fhdgy. \u2013 Kom\u00e1rom-Esztergom VMKI<\/em><br \/>\n<em>Bor\u00edt\u00f3k\u00e9pen szerepl\u0151 szem\u00e9ly: Moln\u00e1r G\u00e1bor c. t\u0171. f\u0151t\u00f6rzs\u0151rmestert<\/em><br \/>\n<em>M\u00e1sodik fot\u00f3n szerepl\u0151 szem\u00e9ly: Zengl Norbert t\u0171. \u0151rmester<\/em><\/p>\n","protected":false},"excerpt":{"rendered":"<p>B\u00e1tors\u00e1g\u00e9rt \u00c9rdemjelet adom\u00e1nyozott a bel\u00fcgyminiszter k\u00e9t esztergomi t\u0171zolt\u00f3nak, akik egy t\u00e1rsash\u00e1z harmadik emeleti lak\u00e1s\u00e1ban keletkezett t\u0171zesetn\u00e9l h\u00e1rom embert, k\u00f6zt\u00fck egy n\u00e9gy\u00e9ves kisl\u00e1nyt mentettek meg. Dr. Pint\u00e9r S\u00e1ndor, Magyarorsz\u00e1g bel\u00fcgyminisztere kiemelked\u0151 szolg\u00e1lati tev\u00e9kenys\u00e9ge elismer\u00e9s\u00e9\u00fcl a T\u0171zolt\u00f3s\u00e1g napja alkalm\u00e1b\u00f3l Szent Fl\u00f3ri\u00e1n \u00e9rdemjelet adom\u00e1nyozott Kelk\u00f3 Bal\u00e1zs t\u0171. ezredesnek, a Kom\u00e1rom-Esztergom V\u00e1rmegyei Katasztr\u00f3fav\u00e9delmi Igazgat\u00f3s\u00e1g igazgat\u00f3helyettes\u00e9nek. A bel\u00fcgyminiszter kiemelked\u0151 helyt\u00e1ll\u00e1sa,<\/p>\n","protected":false},"author":1,"featured_media":52292,"comment_status":"closed","ping_status":"closed","sticky":false,"template":"","format":"standard","meta":{"ngg_post_thumbnail":0,"footnotes":""},"categories":[38,3,56],"tags":[419,5624,175,519,65],"class_list":{"0":"post-52291","1":"post","2":"type-post","3":"status-publish","4":"format-standard","5":"has-post-thumbnail","7":"category-esztergom","8":"category-hirek","9":"category-komarom-esztergom","10":"tag-elismeres","11":"tag-featured","12":"tag-katasztrofavedelem","13":"tag-kituntetes","14":"tag-tuzoltosag"},"yoast_head":"<!-- This site is optimized with the Yoast SEO plugin v27.5 - https:\/\/yoast.com\/product\/yoast-seo-wordpress\/ -->\n<title>Elismer\u00e9seket adtak \u00e1t a Rend\u0151r- \u00e9s T\u0171zolt\u00f3nap alkalm\u00e1b\u00f3l<\/title>\n<meta name=\"robots\" content=\"index, follow, max-snippet:-1, max-image-preview:large, max-video-preview:-1\" \/>\n<link rel=\"canonical\" href=\"https:\/\/dorogimedence.hu\/index.php\/2023\/04\/24\/elismereseket-adtak-at-a-rendor-es-tuzoltonap-alkalmabol\/\" class=\"yoast-seo-meta-tag\" \/>\n<meta property=\"og:locale\" content=\"hu_HU\" class=\"yoast-seo-meta-tag\" \/>\n<meta property=\"og:type\" content=\"article\" class=\"yoast-seo-meta-tag\" \/>\n<meta property=\"og:title\" content=\"Elismer\u00e9seket adtak \u00e1t a Rend\u0151r- \u00e9s T\u0171zolt\u00f3nap alkalm\u00e1b\u00f3l\" class=\"yoast-seo-meta-tag\" \/>\n<meta property=\"og:description\" content=\"B\u00e1tors\u00e1g\u00e9rt \u00c9rdemjelet adom\u00e1nyozott a bel\u00fcgyminiszter k\u00e9t esztergomi t\u0171zolt\u00f3nak, akik egy t\u00e1rsash\u00e1z harmadik emeleti lak\u00e1s\u00e1ban keletkezett t\u0171zesetn\u00e9l h\u00e1rom embert, k\u00f6zt\u00fck egy n\u00e9gy\u00e9ves kisl\u00e1nyt mentettek meg. Dr. Pint\u00e9r S\u00e1ndor, Magyarorsz\u00e1g bel\u00fcgyminisztere kiemelked\u0151 szolg\u00e1lati tev\u00e9kenys\u00e9ge elismer\u00e9s\u00e9\u00fcl a T\u0171zolt\u00f3s\u00e1g napja alkalm\u00e1b\u00f3l Szent Fl\u00f3ri\u00e1n \u00e9rdemjelet adom\u00e1nyozott Kelk\u00f3 Bal\u00e1zs t\u0171. ezredesnek, a Kom\u00e1rom-Esztergom V\u00e1rmegyei Katasztr\u00f3fav\u00e9delmi Igazgat\u00f3s\u00e1g igazgat\u00f3helyettes\u00e9nek. A bel\u00fcgyminiszter kiemelked\u0151 helyt\u00e1ll\u00e1sa,\" class=\"yoast-seo-meta-tag\" \/>\n<meta property=\"og:url\" content=\"https:\/\/dorogimedence.hu\/index.php\/2023\/04\/24\/elismereseket-adtak-at-a-rendor-es-tuzoltonap-alkalmabol\/\" class=\"yoast-seo-meta-tag\" \/>\n<meta property=\"og:site_name\" content=\"Dorogi-medence Region\u00e1lis H\u00edrport\u00e1l\" class=\"yoast-seo-meta-tag\" \/>\n<meta property=\"article:publisher\" content=\"https:\/\/www.facebook.com\/dorogimedence\/\" class=\"yoast-seo-meta-tag\" \/>\n<meta property=\"article:published_time\" content=\"2023-04-24T10:27:01+00:00\" class=\"yoast-seo-meta-tag\" \/>\n<meta property=\"article:modified_time\" content=\"2023-04-24T10:27:18+00:00\" class=\"yoast-seo-meta-tag\" \/>\n<meta property=\"og:image\" content=\"https:\/\/dorogimedence.hu\/wp-content\/uploads\/2023\/04\/fotorzsormester-scaled.jpeg\" class=\"yoast-seo-meta-tag\" \/>\n\t<meta property=\"og:image:width\" content=\"2560\" class=\"yoast-seo-meta-tag\" \/>\n\t<meta property=\"og:image:height\" content=\"1703\" class=\"yoast-seo-meta-tag\" \/>\n\t<meta property=\"og:image:type\" content=\"image\/jpeg\" class=\"yoast-seo-meta-tag\" \/>\n<meta name=\"author\" content=\"dorogimedence.hu\" class=\"yoast-seo-meta-tag\" \/>\n<meta name=\"twitter:card\" content=\"summary_large_image\" class=\"yoast-seo-meta-tag\" \/>\n<meta name=\"twitter:label1\" content=\"Szerz\u0151:\" class=\"yoast-seo-meta-tag\" \/>\n\t<meta name=\"twitter:data1\" content=\"dorogimedence.hu\" class=\"yoast-seo-meta-tag\" \/>\n\t<meta name=\"twitter:label2\" content=\"Becs\u00fclt olvas\u00e1si id\u0151\" class=\"yoast-seo-meta-tag\" \/>\n\t<meta name=\"twitter:data2\" content=\"2 perc\" class=\"yoast-seo-meta-tag\" \/>\n<script type=\"application\/ld+json\" class=\"yoast-schema-graph\">{\"@context\":\"https:\\\/\\\/schema.org\",\"@graph\":[{\"@type\":\"Article\",\"@id\":\"https:\\\/\\\/dorogimedence.hu\\\/index.php\\\/2023\\\/04\\\/24\\\/elismereseket-adtak-at-a-rendor-es-tuzoltonap-alkalmabol\\\/#article\",\"isPartOf\":{\"@id\":\"https:\\\/\\\/dorogimedence.hu\\\/index.php\\\/2023\\\/04\\\/24\\\/elismereseket-adtak-at-a-rendor-es-tuzoltonap-alkalmabol\\\/\"},\"author\":{\"name\":\"dorogimedence.hu\",\"@id\":\"https:\\\/\\\/dorogimedence.hu\\\/#\\\/schema\\\/person\\\/ce6091eeb7e95ecdc87890d6aa8e0fd4\"},\"headline\":\"Elismer\u00e9seket adtak \u00e1t a Rend\u0151r- \u00e9s T\u0171zolt\u00f3nap alkalm\u00e1b\u00f3l\",\"datePublished\":\"2023-04-24T10:27:01+00:00\",\"dateModified\":\"2023-04-24T10:27:18+00:00\",\"mainEntityOfPage\":{\"@id\":\"https:\\\/\\\/dorogimedence.hu\\\/index.php\\\/2023\\\/04\\\/24\\\/elismereseket-adtak-at-a-rendor-es-tuzoltonap-alkalmabol\\\/\"},\"wordCount\":487,\"publisher\":{\"@id\":\"https:\\\/\\\/dorogimedence.hu\\\/#organization\"},\"image\":{\"@id\":\"https:\\\/\\\/dorogimedence.hu\\\/index.php\\\/2023\\\/04\\\/24\\\/elismereseket-adtak-at-a-rendor-es-tuzoltonap-alkalmabol\\\/#primaryimage\"},\"thumbnailUrl\":\"https:\\\/\\\/dorogimedence.hu\\\/wp-content\\\/uploads\\\/2023\\\/04\\\/fotorzsormester-scaled.jpeg\",\"keywords\":[\"elismer\u00e9s\",\"featured\",\"katasztr\u00f3fav\u00e9delem\",\"kit\u00fcntet\u00e9s\",\"t\u0171zolt\u00f3s\u00e1g\"],\"articleSection\":[\"Esztergom\",\"H\u00edrek\",\"Kom\u00e1rom-Esztergom\"],\"inLanguage\":\"hu\"},{\"@type\":\"WebPage\",\"@id\":\"https:\\\/\\\/dorogimedence.hu\\\/index.php\\\/2023\\\/04\\\/24\\\/elismereseket-adtak-at-a-rendor-es-tuzoltonap-alkalmabol\\\/\",\"url\":\"https:\\\/\\\/dorogimedence.hu\\\/index.php\\\/2023\\\/04\\\/24\\\/elismereseket-adtak-at-a-rendor-es-tuzoltonap-alkalmabol\\\/\",\"name\":\"Elismer\u00e9seket adtak \u00e1t a Rend\u0151r- \u00e9s T\u0171zolt\u00f3nap alkalm\u00e1b\u00f3l\",\"isPartOf\":{\"@id\":\"https:\\\/\\\/dorogimedence.hu\\\/#website\"},\"primaryImageOfPage\":{\"@id\":\"https:\\\/\\\/dorogimedence.hu\\\/index.php\\\/2023\\\/04\\\/24\\\/elismereseket-adtak-at-a-rendor-es-tuzoltonap-alkalmabol\\\/#primaryimage\"},\"image\":{\"@id\":\"https:\\\/\\\/dorogimedence.hu\\\/index.php\\\/2023\\\/04\\\/24\\\/elismereseket-adtak-at-a-rendor-es-tuzoltonap-alkalmabol\\\/#primaryimage\"},\"thumbnailUrl\":\"https:\\\/\\\/dorogimedence.hu\\\/wp-content\\\/uploads\\\/2023\\\/04\\\/fotorzsormester-scaled.jpeg\",\"datePublished\":\"2023-04-24T10:27:01+00:00\",\"dateModified\":\"2023-04-24T10:27:18+00:00\",\"breadcrumb\":{\"@id\":\"https:\\\/\\\/dorogimedence.hu\\\/index.php\\\/2023\\\/04\\\/24\\\/elismereseket-adtak-at-a-rendor-es-tuzoltonap-alkalmabol\\\/#breadcrumb\"},\"inLanguage\":\"hu\",\"potentialAction\":[{\"@type\":\"ReadAction\",\"target\":[\"https:\\\/\\\/dorogimedence.hu\\\/index.php\\\/2023\\\/04\\\/24\\\/elismereseket-adtak-at-a-rendor-es-tuzoltonap-alkalmabol\\\/\"]}]},{\"@type\":\"ImageObject\",\"inLanguage\":\"hu\",\"@id\":\"https:\\\/\\\/dorogimedence.hu\\\/index.php\\\/2023\\\/04\\\/24\\\/elismereseket-adtak-at-a-rendor-es-tuzoltonap-alkalmabol\\\/#primaryimage\",\"url\":\"https:\\\/\\\/dorogimedence.hu\\\/wp-content\\\/uploads\\\/2023\\\/04\\\/fotorzsormester-scaled.jpeg\",\"contentUrl\":\"https:\\\/\\\/dorogimedence.hu\\\/wp-content\\\/uploads\\\/2023\\\/04\\\/fotorzsormester-scaled.jpeg\",\"width\":2560,\"height\":1703},{\"@type\":\"BreadcrumbList\",\"@id\":\"https:\\\/\\\/dorogimedence.hu\\\/index.php\\\/2023\\\/04\\\/24\\\/elismereseket-adtak-at-a-rendor-es-tuzoltonap-alkalmabol\\\/#breadcrumb\",\"itemListElement\":[{\"@type\":\"ListItem\",\"position\":1,\"name\":\"Kezd\u0151lap\",\"item\":\"https:\\\/\\\/dorogimedence.hu\\\/\"},{\"@type\":\"ListItem\",\"position\":2,\"name\":\"Elismer\u00e9seket adtak \u00e1t a Rend\u0151r- \u00e9s T\u0171zolt\u00f3nap alkalm\u00e1b\u00f3l\"}]},{\"@type\":\"WebSite\",\"@id\":\"https:\\\/\\\/dorogimedence.hu\\\/#website\",\"url\":\"https:\\\/\\\/dorogimedence.hu\\\/\",\"name\":\"Dorogi-medence Region\u00e1lis H\u00edrport\u00e1l\",\"description\":\"Dorog, Keszt\u00f6lc, Le\u00e1nyv\u00e1r, Piliscs\u00e9v, Tokod, Tokodalt\u00e1r\u00f3, Csolnok, Esztergom-kertv\u00e1ros: h\u00edrek, programok\",\"publisher\":{\"@id\":\"https:\\\/\\\/dorogimedence.hu\\\/#organization\"},\"potentialAction\":[{\"@type\":\"SearchAction\",\"target\":{\"@type\":\"EntryPoint\",\"urlTemplate\":\"https:\\\/\\\/dorogimedence.hu\\\/?s={search_term_string}\"},\"query-input\":{\"@type\":\"PropertyValueSpecification\",\"valueRequired\":true,\"valueName\":\"search_term_string\"}}],\"inLanguage\":\"hu\"},{\"@type\":\"Organization\",\"@id\":\"https:\\\/\\\/dorogimedence.hu\\\/#organization\",\"name\":\"Dorogi-medence Region\u00e1lis H\u00edrport\u00e1l\",\"url\":\"https:\\\/\\\/dorogimedence.hu\\\/\",\"logo\":{\"@type\":\"ImageObject\",\"inLanguage\":\"hu\",\"@id\":\"https:\\\/\\\/dorogimedence.hu\\\/#\\\/schema\\\/logo\\\/image\\\/\",\"url\":\"https:\\\/\\\/dorogimedence.hu\\\/wp-content\\\/uploads\\\/2021\\\/04\\\/logo-feher-600.png\",\"contentUrl\":\"https:\\\/\\\/dorogimedence.hu\\\/wp-content\\\/uploads\\\/2021\\\/04\\\/logo-feher-600.png\",\"width\":600,\"height\":100,\"caption\":\"Dorogi-medence Region\u00e1lis H\u00edrport\u00e1l\"},\"image\":{\"@id\":\"https:\\\/\\\/dorogimedence.hu\\\/#\\\/schema\\\/logo\\\/image\\\/\"},\"sameAs\":[\"https:\\\/\\\/www.facebook.com\\\/dorogimedence\\\/\"]},{\"@type\":\"Person\",\"@id\":\"https:\\\/\\\/dorogimedence.hu\\\/#\\\/schema\\\/person\\\/ce6091eeb7e95ecdc87890d6aa8e0fd4\",\"name\":\"dorogimedence.hu\",\"image\":{\"@type\":\"ImageObject\",\"inLanguage\":\"hu\",\"@id\":\"\\\/\\\/www.gravatar.com\\\/avatar\\\/d8d45f8901aadff40a4af72c0b826f1d?s=96&#038;r=g&#038;d=mm\",\"url\":\"\\\/\\\/www.gravatar.com\\\/avatar\\\/d8d45f8901aadff40a4af72c0b826f1d?s=96&#038;r=g&#038;d=mm\",\"contentUrl\":\"\\\/\\\/www.gravatar.com\\\/avatar\\\/d8d45f8901aadff40a4af72c0b826f1d?s=96&#038;r=g&#038;d=mm\",\"caption\":\"dorogimedence.hu\"}}]}<\/script>\n<!-- \/ Yoast SEO plugin. -->","yoast_head_json":{"title":"Elismer\u00e9seket adtak \u00e1t a Rend\u0151r- \u00e9s T\u0171zolt\u00f3nap alkalm\u00e1b\u00f3l","robots":{"index":"index","follow":"follow","max-snippet":"max-snippet:-1","max-image-preview":"max-image-preview:large","max-video-preview":"max-video-preview:-1"},"canonical":"https:\/\/dorogimedence.hu\/index.php\/2023\/04\/24\/elismereseket-adtak-at-a-rendor-es-tuzoltonap-alkalmabol\/","og_locale":"hu_HU","og_type":"article","og_title":"Elismer\u00e9seket adtak \u00e1t a Rend\u0151r- \u00e9s T\u0171zolt\u00f3nap alkalm\u00e1b\u00f3l","og_description":"B\u00e1tors\u00e1g\u00e9rt \u00c9rdemjelet adom\u00e1nyozott a bel\u00fcgyminiszter k\u00e9t esztergomi t\u0171zolt\u00f3nak, akik egy t\u00e1rsash\u00e1z harmadik emeleti lak\u00e1s\u00e1ban keletkezett t\u0171zesetn\u00e9l h\u00e1rom embert, k\u00f6zt\u00fck egy n\u00e9gy\u00e9ves kisl\u00e1nyt mentettek meg. Dr. Pint\u00e9r S\u00e1ndor, Magyarorsz\u00e1g bel\u00fcgyminisztere kiemelked\u0151 szolg\u00e1lati tev\u00e9kenys\u00e9ge elismer\u00e9s\u00e9\u00fcl a T\u0171zolt\u00f3s\u00e1g napja alkalm\u00e1b\u00f3l Szent Fl\u00f3ri\u00e1n \u00e9rdemjelet adom\u00e1nyozott Kelk\u00f3 Bal\u00e1zs t\u0171. ezredesnek, a Kom\u00e1rom-Esztergom V\u00e1rmegyei Katasztr\u00f3fav\u00e9delmi Igazgat\u00f3s\u00e1g igazgat\u00f3helyettes\u00e9nek. A bel\u00fcgyminiszter kiemelked\u0151 helyt\u00e1ll\u00e1sa,","og_url":"https:\/\/dorogimedence.hu\/index.php\/2023\/04\/24\/elismereseket-adtak-at-a-rendor-es-tuzoltonap-alkalmabol\/","og_site_name":"Dorogi-medence Region\u00e1lis H\u00edrport\u00e1l","article_publisher":"https:\/\/www.facebook.com\/dorogimedence\/","article_published_time":"2023-04-24T10:27:01+00:00","article_modified_time":"2023-04-24T10:27:18+00:00","og_image":[{"width":2560,"height":1703,"url":"https:\/\/dorogimedence.hu\/wp-content\/uploads\/2023\/04\/fotorzsormester-scaled.jpeg","type":"image\/jpeg"}],"author":"dorogimedence.hu","twitter_card":"summary_large_image","twitter_misc":{"Szerz\u0151:":"dorogimedence.hu","Becs\u00fclt olvas\u00e1si id\u0151":"2 perc"},"schema":{"@context":"https:\/\/schema.org","@graph":[{"@type":"Article","@id":"https:\/\/dorogimedence.hu\/index.php\/2023\/04\/24\/elismereseket-adtak-at-a-rendor-es-tuzoltonap-alkalmabol\/#article","isPartOf":{"@id":"https:\/\/dorogimedence.hu\/index.php\/2023\/04\/24\/elismereseket-adtak-at-a-rendor-es-tuzoltonap-alkalmabol\/"},"author":{"name":"dorogimedence.hu","@id":"https:\/\/dorogimedence.hu\/#\/schema\/person\/ce6091eeb7e95ecdc87890d6aa8e0fd4"},"headline":"Elismer\u00e9seket adtak \u00e1t a Rend\u0151r- \u00e9s T\u0171zolt\u00f3nap alkalm\u00e1b\u00f3l","datePublished":"2023-04-24T10:27:01+00:00","dateModified":"2023-04-24T10:27:18+00:00","mainEntityOfPage":{"@id":"https:\/\/dorogimedence.hu\/index.php\/2023\/04\/24\/elismereseket-adtak-at-a-rendor-es-tuzoltonap-alkalmabol\/"},"wordCount":487,"publisher":{"@id":"https:\/\/dorogimedence.hu\/#organization"},"image":{"@id":"https:\/\/dorogimedence.hu\/index.php\/2023\/04\/24\/elismereseket-adtak-at-a-rendor-es-tuzoltonap-alkalmabol\/#primaryimage"},"thumbnailUrl":"https:\/\/dorogimedence.hu\/wp-content\/uploads\/2023\/04\/fotorzsormester-scaled.jpeg","keywords":["elismer\u00e9s","featured","katasztr\u00f3fav\u00e9delem","kit\u00fcntet\u00e9s","t\u0171zolt\u00f3s\u00e1g"],"articleSection":["Esztergom","H\u00edrek","Kom\u00e1rom-Esztergom"],"inLanguage":"hu"},{"@type":"WebPage","@id":"https:\/\/dorogimedence.hu\/index.php\/2023\/04\/24\/elismereseket-adtak-at-a-rendor-es-tuzoltonap-alkalmabol\/","url":"https:\/\/dorogimedence.hu\/index.php\/2023\/04\/24\/elismereseket-adtak-at-a-rendor-es-tuzoltonap-alkalmabol\/","name":"Elismer\u00e9seket adtak \u00e1t a Rend\u0151r- \u00e9s T\u0171zolt\u00f3nap alkalm\u00e1b\u00f3l","isPartOf":{"@id":"https:\/\/dorogimedence.hu\/#website"},"primaryImageOfPage":{"@id":"https:\/\/dorogimedence.hu\/index.php\/2023\/04\/24\/elismereseket-adtak-at-a-rendor-es-tuzoltonap-alkalmabol\/#primaryimage"},"image":{"@id":"https:\/\/dorogimedence.hu\/index.php\/2023\/04\/24\/elismereseket-adtak-at-a-rendor-es-tuzoltonap-alkalmabol\/#primaryimage"},"thumbnailUrl":"https:\/\/dorogimedence.hu\/wp-content\/uploads\/2023\/04\/fotorzsormester-scaled.jpeg","datePublished":"2023-04-24T10:27:01+00:00","dateModified":"2023-04-24T10:27:18+00:00","breadcrumb":{"@id":"https:\/\/dorogimedence.hu\/index.php\/2023\/04\/24\/elismereseket-adtak-at-a-rendor-es-tuzoltonap-alkalmabol\/#breadcrumb"},"inLanguage":"hu","potentialAction":[{"@type":"ReadAction","target":["https:\/\/dorogimedence.hu\/index.php\/2023\/04\/24\/elismereseket-adtak-at-a-rendor-es-tuzoltonap-alkalmabol\/"]}]},{"@type":"ImageObject","inLanguage":"hu","@id":"https:\/\/dorogimedence.hu\/index.php\/2023\/04\/24\/elismereseket-adtak-at-a-rendor-es-tuzoltonap-alkalmabol\/#primaryimage","url":"https:\/\/dorogimedence.hu\/wp-content\/uploads\/2023\/04\/fotorzsormester-scaled.jpeg","contentUrl":"https:\/\/dorogimedence.hu\/wp-content\/uploads\/2023\/04\/fotorzsormester-scaled.jpeg","width":2560,"height":1703},{"@type":"BreadcrumbList","@id":"https:\/\/dorogimedence.hu\/index.php\/2023\/04\/24\/elismereseket-adtak-at-a-rendor-es-tuzoltonap-alkalmabol\/#breadcrumb","itemListElement":[{"@type":"ListItem","position":1,"name":"Kezd\u0151lap","item":"https:\/\/dorogimedence.hu\/"},{"@type":"ListItem","position":2,"name":"Elismer\u00e9seket adtak \u00e1t a Rend\u0151r- \u00e9s T\u0171zolt\u00f3nap alkalm\u00e1b\u00f3l"}]},{"@type":"WebSite","@id":"https:\/\/dorogimedence.hu\/#website","url":"https:\/\/dorogimedence.hu\/","name":"Dorogi-medence Region\u00e1lis H\u00edrport\u00e1l","description":"Dorog, Keszt\u00f6lc, Le\u00e1nyv\u00e1r, Piliscs\u00e9v, Tokod, Tokodalt\u00e1r\u00f3, Csolnok, Esztergom-kertv\u00e1ros: h\u00edrek, programok","publisher":{"@id":"https:\/\/dorogimedence.hu\/#organization"},"potentialAction":[{"@type":"SearchAction","target":{"@type":"EntryPoint","urlTemplate":"https:\/\/dorogimedence.hu\/?s={search_term_string}"},"query-input":{"@type":"PropertyValueSpecification","valueRequired":true,"valueName":"search_term_string"}}],"inLanguage":"hu"},{"@type":"Organization","@id":"https:\/\/dorogimedence.hu\/#organization","name":"Dorogi-medence Region\u00e1lis H\u00edrport\u00e1l","url":"https:\/\/dorogimedence.hu\/","logo":{"@type":"ImageObject","inLanguage":"hu","@id":"https:\/\/dorogimedence.hu\/#\/schema\/logo\/image\/","url":"https:\/\/dorogimedence.hu\/wp-content\/uploads\/2021\/04\/logo-feher-600.png","contentUrl":"https:\/\/dorogimedence.hu\/wp-content\/uploads\/2021\/04\/logo-feher-600.png","width":600,"height":100,"caption":"Dorogi-medence Region\u00e1lis H\u00edrport\u00e1l"},"image":{"@id":"https:\/\/dorogimedence.hu\/#\/schema\/logo\/image\/"},"sameAs":["https:\/\/www.facebook.com\/dorogimedence\/"]},{"@type":"Person","@id":"https:\/\/dorogimedence.hu\/#\/schema\/person\/ce6091eeb7e95ecdc87890d6aa8e0fd4","name":"dorogimedence.hu","image":{"@type":"ImageObject","inLanguage":"hu","@id":"\/\/www.gravatar.com\/avatar\/d8d45f8901aadff40a4af72c0b826f1d?s=96&#038;r=g&#038;d=mm","url":"\/\/www.gravatar.com\/avatar\/d8d45f8901aadff40a4af72c0b826f1d?s=96&#038;r=g&#038;d=mm","contentUrl":"\/\/www.gravatar.com\/avatar\/d8d45f8901aadff40a4af72c0b826f1d?s=96&#038;r=g&#038;d=mm","caption":"dorogimedence.hu"}}]}},"_links":{"self":[{"href":"https:\/\/dorogimedence.hu\/index.php\/wp-json\/wp\/v2\/posts\/52291","targetHints":{"allow":["GET"]}}],"collection":[{"href":"https:\/\/dorogimedence.hu\/index.php\/wp-json\/wp\/v2\/posts"}],"about":[{"href":"https:\/\/dorogimedence.hu\/index.php\/wp-json\/wp\/v2\/types\/post"}],"author":[{"embeddable":true,"href":"https:\/\/dorogimedence.hu\/index.php\/wp-json\/wp\/v2\/users\/1"}],"replies":[{"embeddable":true,"href":"https:\/\/dorogimedence.hu\/index.php\/wp-json\/wp\/v2\/comments?post=52291"}],"version-history":[{"count":0,"href":"https:\/\/dorogimedence.hu\/index.php\/wp-json\/wp\/v2\/posts\/52291\/revisions"}],"wp:featuredmedia":[{"embeddable":true,"href":"https:\/\/dorogimedence.hu\/index.php\/wp-json\/wp\/v2\/media\/52292"}],"wp:attachment":[{"href":"https:\/\/dorogimedence.hu\/index.php\/wp-json\/wp\/v2\/media?parent=52291"}],"wp:term":[{"taxonomy":"category","embeddable":true,"href":"https:\/\/dorogimedence.hu\/index.php\/wp-json\/wp\/v2\/categories?post=52291"},{"taxonomy":"post_tag","embeddable":true,"href":"https:\/\/dorogimedence.hu\/index.php\/wp-json\/wp\/v2\/tags?post=52291"}],"curies":[{"name":"wp","href":"https:\/\/api.w.org\/{rel}","templated":true}]}}