{"id":52159,"date":"2023-04-19T15:27:17","date_gmt":"2023-04-19T13:27:17","guid":{"rendered":"https:\/\/dorogimedence.hu\/?p=52159"},"modified":"2023-04-19T15:27:17","modified_gmt":"2023-04-19T13:27:17","slug":"harom-nap-kultura-es-szorakozas-esztergom-sziveben","status":"publish","type":"post","link":"https:\/\/dorogimedence.hu\/index.php\/2023\/04\/19\/harom-nap-kultura-es-szorakozas-esztergom-sziveben\/","title":{"rendered":"H\u00e1rom nap kult\u00fara \u00e9s sz\u00f3rakoz\u00e1s Esztergom sz\u00edv\u00e9ben"},"content":{"rendered":"<p><strong>Folytat\u00f3dik a fesztiv\u00e1l-sikert\u00f6rt\u00e9net, j\u00falius v\u00e9g\u00e9n ism\u00e9t MCC Feszt Esztergomban: neves nemzetk\u00f6zi \u00e9s hazai szakmai el\u0151ad\u00f3k, v\u00e9lem\u00e9nyform\u00e1l\u00f3k, a magyar k\u00f6nny\u0171zene kr\u00e9mje, valamint izgalmas csal\u00e1di \u00e9s interakt\u00edv programok, amelyekhez a var\u00e1zslatos kulissz\u00e1t Magyarorsz\u00e1g t\u00f6rt\u00e9nelmi \u00e9kk\u00f6ve, Esztergom adja. Id\u00e9n imm\u00e1ron harmadik alkalommal rendezi meg nagy siker\u0171 fesztiv\u00e1lj\u00e1t a Mathias Corvinus Collegium. Az MCC Feszt \u00fajabb el\u0151ad\u00f3kkal \u00e9s programokkal, valamint meg\u00fajul\u00f3 zenei k\u00edn\u00e1lattal \u00e9s sz\u00ednpadokkal v\u00e1rja a l\u00e1togat\u00f3kat j\u00falius 27. \u00e9s 29. k\u00f6z\u00f6tt.<\/strong><\/p>\n<p>Az MCC Feszt egyed\u00fcl\u00e1ll\u00f3 a hazai sz\u00f3rakoztat\u00f3ipar \u00e9s tehets\u00e9ggondoz\u00e1s ter\u00fclet\u00e9n, hiszen a fesztiv\u00e1loz\u00f3k eddig m\u00e9g nem tal\u00e1lkozhattak olyan rendezv\u00e9nnyel, ahol ennyi szakmai, k\u00f6z\u00e9leti \u00e9s kultur\u00e1lis program sorakozott volna fel, valamint ennyi k\u00fclf\u00f6ldi professzor, \u00fajs\u00e1g\u00edr\u00f3, k\u00f6z\u00e9leti szem\u00e9lyis\u00e9g tartott volna izgalmas el\u0151ad\u00e1st. <strong>A tavalyi esem\u00e9nyen, ahol 110 sz\u00ednpadi programot tartottak 220 szakmai el\u0151ad\u00f3 \u00e9s 48 ki\u00e1ll\u00edt\u00f3 r\u00e9szv\u00e9tel\u00e9vel, 32.000 vend\u00e9g fordult meg a h\u00e1rom nap alatt.<\/strong> Id\u00e9n m\u00e9g magasabbra teszi a l\u00e9cet az MCC: a l\u00e1togat\u00f3k n\u00edv\u00f3sabb programokra, a legkiv\u00e1l\u00f3bb szakmai el\u0151ad\u00f3kra, valamint a magyar zenei \u00e9let kr\u00e9mj\u00e9re sz\u00e1m\u00edthatnak.<\/p>\n<h3><strong>Neves k\u00fclf\u00f6ldi vend\u00e9gekkel is tal\u00e1lkozhatnak a r\u00e9sztvev\u0151k<\/strong><\/h3>\n<p>A hagyom\u00e1nyokhoz h\u00edven az idei MCC Feszt gerinc\u00e9t is a neves k\u00fclf\u00f6ldi szakemberek el\u0151ad\u00e1sai, besz\u00e9lget\u00e9sei jelentik. Tisztelet\u00e9t teszi az esem\u00e9nyen a t\u00f6bbi k\u00f6z\u00f6tt <strong>Mark Daniel Regnerus<\/strong>, szociol\u00f3gia professzor, az austini Texas Egyetemr\u0151l; <strong>Jay W. Richardson<\/strong>, a Richard \u00e9s Helen DeVos Center for Life, Religion, and Family igazgat\u00f3ja, a Heritage Foundation \u00e9s a Discovery Institute vezet\u0151 munkat\u00e1rsa; <strong>Constantine Karalekas<\/strong>, a Central Lancashire-i Egyetem Austron\u00e9ziai Tanulm\u00e1nyok K\u00f6zpontj\u00e1nak d\u00e9k\u00e1nja, aki sz\u00e1mos k\u00f6nyv szerz\u0151je \u00e9s t\u00e1rsszerz\u0151je, t\u00f6bbek k\u00f6z\u00f6tt az \u0151 nev\u00e9hez f\u0171z\u0151dik a \u201cThe Men in No Man\u2019s Land: A Journey Into Bir Tawil\u201d \u00e9s \u201cCivil-Military Relations in Taiwan: Identity and Transformation\u201d c\u00edm\u0171 k\u00f6nyv is. Az idei MCC Feszten tal\u00e1lkozhatnak az \u00e9rdekl\u0151d\u0151k <strong>Rebeka Vitalal<\/strong>, a Shenkar School of Design tapasztalt vezet\u0151 oktat\u00f3j\u00e1val, aki bels\u0151\u00e9p\u00edt\u00e9szetet, \u00e9p\u00fclet- \u00e9s k\u00f6rnyezettervez\u00e9st tan\u00edt, mellette pedig olyan innovat\u00edv ter\u00fcleteken vezet kutat\u00e1sokat, mint a vil\u00e1g\u00edt\u00e1s \u00e9s a kultur\u00e1lis \u00f6r\u00f6ks\u00e9gek. De r\u00e9szt vesz az esztergomi fesztiv\u00e1lon <strong>David Wolpe<\/strong>, a Los Angeles-i Sinai templom Max Webb vezet\u0151 rabbija is, aki nyolc k\u00f6nyv szerz\u0151je, nev\u00e9hez k\u00f6thet\u0151 az orsz\u00e1gos bestseller \u201cMaking Loss Matter\u201d \u00e9s a \u201cDavid: The Divided Heart\u201d. Ut\u00f3bbi, D\u00e1vid kir\u00e1lyr\u00f3l sz\u00f3l\u00f3 \u00e9letrajzi k\u00f6nyv\u00e9t a Warner Brothers filmes\u00edtette meg. Wolpe t\u00f6bb neves c\u00edmet is elnyert az ut\u00f3bbi \u00e9vekben: a Newsweek p\u00e9ld\u00e1ul Amerika legbefoly\u00e1sosabb rabbij\u00e1nak nevezte.<\/p>\n<h3><strong>V\u00e1ltozatos zenei \u00e9s szakmai programok v\u00e1rj\u00e1k a fesztiv\u00e1loz\u00f3kat<\/strong><\/h3>\n<p>A h\u00e1romnapos egyed\u00fcl\u00e1ll\u00f3 tehets\u00e9ggondoz\u00f3 fesztiv\u00e1l 2023-ban a zenei el\u0151ad\u00f3k tekintet\u00e9ben is minden koroszt\u00e1lynak tartogat izgalmas sz\u00f3rakoz\u00e1si lehet\u0151s\u00e9get. Az esem\u00e9ny id\u00e9n m\u00e9g ink\u00e1bb a zenei tehets\u00e9g megjelen\u00edt\u00e9sre helyezi a hangs\u00falyt, \u00e9s olyan zenekarok is fell\u00e9pnek, amelyek a komolyzen\u00e9t vagy a jazzt \u00f6tv\u00f6zik a k\u00f6nny\u0171zen\u00e9vel, ez\u00e1ltal biztos\u00edtva egyedi hangz\u00e1st. Ilyen a modern amerikai dalszerz\u0151k \u00e1ltal inspir\u00e1lt, blues-os, country-s elemeket alkalmaz\u00f3 rockzenekar, a <strong>Blahalouisiana szimfonik<\/strong>, az indie rock, alternat\u00edv rock, folk-rock st\u00edlus\u00fa zen\u00e9t j\u00e1tsz\u00f3, erd\u00e9lyi magyar zenekar, a <strong>Bagossy Brothers Company<\/strong>, valamint a roma n\u00e9pzenei egy\u00fcttes, a <strong>Parno Graszt.<\/strong> &nbsp;Emellett az idei MCC Feszt vend\u00e9ge lesz a t\u00f6bbi k\u00f6z\u00f6tt az els\u0151sorban reggae \u00e9s dancehall st\u00edlust j\u00e1tsz\u00f3 <strong>Irie Maffia, <\/strong>a 2018-ban alakult magyar popdu\u00f3, a <strong>VALMAR<\/strong>, de tal\u00e1lkozhatnak a fesztiv\u00e1loz\u00f3k a tavaly is nagy sikerrel fell\u00e9p\u0151 <strong>Korda Gy\u00f6rggyel \u00e9s Bal\u00e1zs Kl\u00e1rival is. <\/strong>Az idei esem\u00e9nyen a tervek szerint MCC-s zenei tehets\u00e9gek is sz\u00ednpadra l\u00e9pnek.<\/p>\n<p>A magyar szakmai programok sor\u00e1ban vezet\u0151 v\u00e1llalatok k\u00e9pvisel\u0151ivel folytatott panelbesz\u00e9lget\u00e9sekre lehet sz\u00e1m\u00edtani, valamint t\u00f6bbek k\u00f6z\u00f6tt a <strong>gasztron\u00f3mi\u00e1r\u00f3l, a divatr\u00f3l, az irodalomr\u00f3l \u00e9s a magyar innov\u00e1ci\u00f3r\u00f3l<\/strong> sz\u00f3l\u00f3 el\u0151ad\u00e1sokkal tal\u00e1lkozhatnak az \u00e9rdekl\u0151d\u0151k. A 2023-as MCC Feszten is bemutatkoznak a tehets\u00e9ggondoz\u00f3 int\u00e9zm\u00e9ny <strong>k\u00e9pz\u00e9si programjai<\/strong>, valamint sz\u00e1mos partnerszervezet is k\u00e9pviselteti mag\u00e1t az <strong>Edu s\u00e9t\u00e1nyon<\/strong>, ahol napk\u00f6zben csal\u00e1di programokkal is v\u00e1rj\u00e1k a szervez\u0151k az \u00e9rdekl\u0151d\u0151ket.<\/p>\n<h3><strong>\u00daj sz\u00ednpadok az MCC Feszten <\/strong><\/h3>\n<p>A l\u00e1togat\u00f3i ig\u00e9nyekhez igazodva olyan <strong>\u00faj sz\u00ednpadokkal<\/strong> v\u00e1rja a l\u00e1togat\u00f3kat az idei MCC Feszt, mint p\u00e9ld\u00e1ul a s\u00e9t\u00e1l\u00f3utc\u00e1ban fel\u00e1ll\u00edtott <strong>Move sz\u00ednpad<\/strong>, ahol izgalmas sporttal kapcsolatos besz\u00e9lget\u00e9seket \u00e9lvezhetnek az \u00e9rdekl\u0151d\u0151k. A Mindszenty sz\u00ednpad pedig <strong>Botty\u00e1n h\u00edd sz\u00ednpadk\u00e9nt<\/strong> m\u0171k\u00f6dik tov\u00e1bb, ezzel k\u00f6zelebb hozva annak k\u00edn\u00e1lat\u00e1t a belv\u00e1roshoz, \u00e9s a R\u00e1k\u00f3czi t\u00e9ren is \u00faj sz\u00ednpadot emelnek a szervez\u0151k. Ezek a v\u00e1ltoz\u00e1sok v\u00e1rhat\u00f3an kompaktabb\u00e1 teszik a fesztiv\u00e1lt azzal, hogy jobban \u00f6sszpontos\u00edtj\u00e1k a helysz\u00edneket a t\u00f6rt\u00e9nelmi belv\u00e1rosba. A tavalyi rendezv\u00e9nyhez hasonl\u00f3an az idei esem\u00e9ny is <strong>alapvet\u0151en ingyenes<\/strong> lesz, azonban aki az \u00f6sszes koncertre \u00e9s bulira k\u00edv\u00e1ncsi, valamint szeretne plusz kedvezm\u00e9nyeket \u00e9s szolg\u00e1ltat\u00e1sokat, az <strong>MCC Feszt Pass<\/strong> megv\u00e1s\u00e1rl\u00e1s\u00e1val teljess\u00e9 teheti az MCC Feszt \u00e9lm\u00e9nyt, amely mag\u00e1ban foglalja az esztergomi vas\u00fat\u00e1llom\u00e1s \u00e9s a rendezv\u00e9ny helysz\u00edne k\u00f6z\u00f6tti ingyenes fesztiv\u00e1lj\u00e1ratot, v\u00e1rosn\u00e9z\u0151 kisvonatot, valamint ingyenes campingez\u00e9si lehet\u0151s\u00e9get biztos\u00edt \u00e9s a strandf\u00fcrd\u0151t is lehet vele haszn\u00e1lni. A Pass tov\u00e1bb\u00e1 kedvezm\u00e9nyre jogos\u00edt az \u00e9tel \u00e9s- ital\u00e1rakb\u00f3l. A programr\u00f3l b\u0151vebb inform\u00e1ci\u00f3kat az MCC Feszt hivatalos <a href=\"http:\/\/www.mccfeszt.hu\" target=\"_blank\" rel=\"noopener\"><span style=\"text-decoration: underline; color: #0000ff;\">honlapj\u00e1n<\/span><\/a> lehet olvasni.<\/p>\n","protected":false},"excerpt":{"rendered":"<p>Folytat\u00f3dik a fesztiv\u00e1l-sikert\u00f6rt\u00e9net, j\u00falius v\u00e9g\u00e9n ism\u00e9t MCC Feszt Esztergomban: neves nemzetk\u00f6zi \u00e9s hazai szakmai el\u0151ad\u00f3k, v\u00e9lem\u00e9nyform\u00e1l\u00f3k, a magyar k\u00f6nny\u0171zene kr\u00e9mje, valamint izgalmas csal\u00e1di \u00e9s interakt\u00edv programok, amelyekhez a var\u00e1zslatos kulissz\u00e1t Magyarorsz\u00e1g t\u00f6rt\u00e9nelmi \u00e9kk\u00f6ve, Esztergom adja. Id\u00e9n imm\u00e1ron harmadik alkalommal rendezi meg nagy siker\u0171 fesztiv\u00e1lj\u00e1t a Mathias Corvinus Collegium. Az MCC Feszt \u00fajabb el\u0151ad\u00f3kkal \u00e9s programokkal,<\/p>\n","protected":false},"author":1,"featured_media":52160,"comment_status":"closed","ping_status":"closed","sticky":false,"template":"","format":"standard","meta":{"ngg_post_thumbnail":0,"footnotes":""},"categories":[38,3,3561],"tags":[42,660,5858,101],"class_list":{"0":"post-52159","1":"post","2":"type-post","3":"status-publish","4":"format-standard","5":"has-post-thumbnail","7":"category-esztergom","8":"category-hirek","9":"category-programok","10":"tag-esztergom","11":"tag-fesztival","12":"tag-mcc-feszt","13":"tag-program"},"yoast_head":"<!-- This site is optimized with the Yoast SEO plugin v27.4 - https:\/\/yoast.com\/product\/yoast-seo-wordpress\/ -->\n<title>H\u00e1rom nap kult\u00fara \u00e9s sz\u00f3rakoz\u00e1s Esztergom sz\u00edv\u00e9ben<\/title>\n<meta name=\"robots\" content=\"index, follow, max-snippet:-1, max-image-preview:large, max-video-preview:-1\" \/>\n<link rel=\"canonical\" href=\"https:\/\/dorogimedence.hu\/index.php\/2023\/04\/19\/harom-nap-kultura-es-szorakozas-esztergom-sziveben\/\" class=\"yoast-seo-meta-tag\" \/>\n<meta property=\"og:locale\" content=\"hu_HU\" class=\"yoast-seo-meta-tag\" \/>\n<meta property=\"og:type\" content=\"article\" class=\"yoast-seo-meta-tag\" \/>\n<meta property=\"og:title\" content=\"H\u00e1rom nap kult\u00fara \u00e9s sz\u00f3rakoz\u00e1s Esztergom sz\u00edv\u00e9ben\" class=\"yoast-seo-meta-tag\" \/>\n<meta property=\"og:description\" content=\"Folytat\u00f3dik a fesztiv\u00e1l-sikert\u00f6rt\u00e9net, j\u00falius v\u00e9g\u00e9n ism\u00e9t MCC Feszt Esztergomban: neves nemzetk\u00f6zi \u00e9s hazai szakmai el\u0151ad\u00f3k, v\u00e9lem\u00e9nyform\u00e1l\u00f3k, a magyar k\u00f6nny\u0171zene kr\u00e9mje, valamint izgalmas csal\u00e1di \u00e9s interakt\u00edv programok, amelyekhez a var\u00e1zslatos kulissz\u00e1t Magyarorsz\u00e1g t\u00f6rt\u00e9nelmi \u00e9kk\u00f6ve, Esztergom adja. Id\u00e9n imm\u00e1ron harmadik alkalommal rendezi meg nagy siker\u0171 fesztiv\u00e1lj\u00e1t a Mathias Corvinus Collegium. Az MCC Feszt \u00fajabb el\u0151ad\u00f3kkal \u00e9s programokkal,\" class=\"yoast-seo-meta-tag\" \/>\n<meta property=\"og:url\" content=\"https:\/\/dorogimedence.hu\/index.php\/2023\/04\/19\/harom-nap-kultura-es-szorakozas-esztergom-sziveben\/\" class=\"yoast-seo-meta-tag\" \/>\n<meta property=\"og:site_name\" content=\"Dorogi-medence Region\u00e1lis H\u00edrport\u00e1l\" class=\"yoast-seo-meta-tag\" \/>\n<meta property=\"article:publisher\" content=\"https:\/\/www.facebook.com\/dorogimedence\/\" class=\"yoast-seo-meta-tag\" \/>\n<meta property=\"article:published_time\" content=\"2023-04-19T13:27:17+00:00\" class=\"yoast-seo-meta-tag\" \/>\n<meta property=\"og:image\" content=\"https:\/\/dorogimedence.hu\/wp-content\/uploads\/2023\/04\/323412443_734749244653979_5760174459745092902_n.jpg\" class=\"yoast-seo-meta-tag\" \/>\n\t<meta property=\"og:image:width\" content=\"1708\" class=\"yoast-seo-meta-tag\" \/>\n\t<meta property=\"og:image:height\" content=\"750\" class=\"yoast-seo-meta-tag\" \/>\n\t<meta property=\"og:image:type\" content=\"image\/jpeg\" class=\"yoast-seo-meta-tag\" \/>\n<meta name=\"author\" content=\"dorogimedence.hu\" class=\"yoast-seo-meta-tag\" \/>\n<meta name=\"twitter:card\" content=\"summary_large_image\" class=\"yoast-seo-meta-tag\" \/>\n<meta name=\"twitter:label1\" content=\"Szerz\u0151:\" class=\"yoast-seo-meta-tag\" \/>\n\t<meta name=\"twitter:data1\" content=\"dorogimedence.hu\" class=\"yoast-seo-meta-tag\" \/>\n\t<meta name=\"twitter:label2\" content=\"Becs\u00fclt olvas\u00e1si id\u0151\" class=\"yoast-seo-meta-tag\" \/>\n\t<meta name=\"twitter:data2\" content=\"6 perc\" class=\"yoast-seo-meta-tag\" \/>\n<script type=\"application\/ld+json\" class=\"yoast-schema-graph\">{\"@context\":\"https:\\\/\\\/schema.org\",\"@graph\":[{\"@type\":\"Article\",\"@id\":\"https:\\\/\\\/dorogimedence.hu\\\/index.php\\\/2023\\\/04\\\/19\\\/harom-nap-kultura-es-szorakozas-esztergom-sziveben\\\/#article\",\"isPartOf\":{\"@id\":\"https:\\\/\\\/dorogimedence.hu\\\/index.php\\\/2023\\\/04\\\/19\\\/harom-nap-kultura-es-szorakozas-esztergom-sziveben\\\/\"},\"author\":{\"name\":\"dorogimedence.hu\",\"@id\":\"https:\\\/\\\/dorogimedence.hu\\\/#\\\/schema\\\/person\\\/ce6091eeb7e95ecdc87890d6aa8e0fd4\"},\"headline\":\"H\u00e1rom nap kult\u00fara \u00e9s sz\u00f3rakoz\u00e1s Esztergom sz\u00edv\u00e9ben\",\"datePublished\":\"2023-04-19T13:27:17+00:00\",\"mainEntityOfPage\":{\"@id\":\"https:\\\/\\\/dorogimedence.hu\\\/index.php\\\/2023\\\/04\\\/19\\\/harom-nap-kultura-es-szorakozas-esztergom-sziveben\\\/\"},\"wordCount\":1115,\"publisher\":{\"@id\":\"https:\\\/\\\/dorogimedence.hu\\\/#organization\"},\"image\":{\"@id\":\"https:\\\/\\\/dorogimedence.hu\\\/index.php\\\/2023\\\/04\\\/19\\\/harom-nap-kultura-es-szorakozas-esztergom-sziveben\\\/#primaryimage\"},\"thumbnailUrl\":\"https:\\\/\\\/dorogimedence.hu\\\/wp-content\\\/uploads\\\/2023\\\/04\\\/323412443_734749244653979_5760174459745092902_n.jpg\",\"keywords\":[\"esztergom\",\"fesztiv\u00e1l\",\"MCC Feszt\",\"program\"],\"articleSection\":[\"Esztergom\",\"H\u00edrek\",\"Programok\"],\"inLanguage\":\"hu\"},{\"@type\":\"WebPage\",\"@id\":\"https:\\\/\\\/dorogimedence.hu\\\/index.php\\\/2023\\\/04\\\/19\\\/harom-nap-kultura-es-szorakozas-esztergom-sziveben\\\/\",\"url\":\"https:\\\/\\\/dorogimedence.hu\\\/index.php\\\/2023\\\/04\\\/19\\\/harom-nap-kultura-es-szorakozas-esztergom-sziveben\\\/\",\"name\":\"H\u00e1rom nap kult\u00fara \u00e9s sz\u00f3rakoz\u00e1s Esztergom sz\u00edv\u00e9ben\",\"isPartOf\":{\"@id\":\"https:\\\/\\\/dorogimedence.hu\\\/#website\"},\"primaryImageOfPage\":{\"@id\":\"https:\\\/\\\/dorogimedence.hu\\\/index.php\\\/2023\\\/04\\\/19\\\/harom-nap-kultura-es-szorakozas-esztergom-sziveben\\\/#primaryimage\"},\"image\":{\"@id\":\"https:\\\/\\\/dorogimedence.hu\\\/index.php\\\/2023\\\/04\\\/19\\\/harom-nap-kultura-es-szorakozas-esztergom-sziveben\\\/#primaryimage\"},\"thumbnailUrl\":\"https:\\\/\\\/dorogimedence.hu\\\/wp-content\\\/uploads\\\/2023\\\/04\\\/323412443_734749244653979_5760174459745092902_n.jpg\",\"datePublished\":\"2023-04-19T13:27:17+00:00\",\"breadcrumb\":{\"@id\":\"https:\\\/\\\/dorogimedence.hu\\\/index.php\\\/2023\\\/04\\\/19\\\/harom-nap-kultura-es-szorakozas-esztergom-sziveben\\\/#breadcrumb\"},\"inLanguage\":\"hu\",\"potentialAction\":[{\"@type\":\"ReadAction\",\"target\":[\"https:\\\/\\\/dorogimedence.hu\\\/index.php\\\/2023\\\/04\\\/19\\\/harom-nap-kultura-es-szorakozas-esztergom-sziveben\\\/\"]}]},{\"@type\":\"ImageObject\",\"inLanguage\":\"hu\",\"@id\":\"https:\\\/\\\/dorogimedence.hu\\\/index.php\\\/2023\\\/04\\\/19\\\/harom-nap-kultura-es-szorakozas-esztergom-sziveben\\\/#primaryimage\",\"url\":\"https:\\\/\\\/dorogimedence.hu\\\/wp-content\\\/uploads\\\/2023\\\/04\\\/323412443_734749244653979_5760174459745092902_n.jpg\",\"contentUrl\":\"https:\\\/\\\/dorogimedence.hu\\\/wp-content\\\/uploads\\\/2023\\\/04\\\/323412443_734749244653979_5760174459745092902_n.jpg\",\"width\":1708,\"height\":750},{\"@type\":\"BreadcrumbList\",\"@id\":\"https:\\\/\\\/dorogimedence.hu\\\/index.php\\\/2023\\\/04\\\/19\\\/harom-nap-kultura-es-szorakozas-esztergom-sziveben\\\/#breadcrumb\",\"itemListElement\":[{\"@type\":\"ListItem\",\"position\":1,\"name\":\"Kezd\u0151lap\",\"item\":\"https:\\\/\\\/dorogimedence.hu\\\/\"},{\"@type\":\"ListItem\",\"position\":2,\"name\":\"H\u00e1rom nap kult\u00fara \u00e9s sz\u00f3rakoz\u00e1s Esztergom sz\u00edv\u00e9ben\"}]},{\"@type\":\"WebSite\",\"@id\":\"https:\\\/\\\/dorogimedence.hu\\\/#website\",\"url\":\"https:\\\/\\\/dorogimedence.hu\\\/\",\"name\":\"Dorogi-medence Region\u00e1lis H\u00edrport\u00e1l\",\"description\":\"Dorog, Keszt\u00f6lc, Le\u00e1nyv\u00e1r, Piliscs\u00e9v, Tokod, Tokodalt\u00e1r\u00f3, Csolnok, Esztergom-kertv\u00e1ros: h\u00edrek, programok\",\"publisher\":{\"@id\":\"https:\\\/\\\/dorogimedence.hu\\\/#organization\"},\"potentialAction\":[{\"@type\":\"SearchAction\",\"target\":{\"@type\":\"EntryPoint\",\"urlTemplate\":\"https:\\\/\\\/dorogimedence.hu\\\/?s={search_term_string}\"},\"query-input\":{\"@type\":\"PropertyValueSpecification\",\"valueRequired\":true,\"valueName\":\"search_term_string\"}}],\"inLanguage\":\"hu\"},{\"@type\":\"Organization\",\"@id\":\"https:\\\/\\\/dorogimedence.hu\\\/#organization\",\"name\":\"Dorogi-medence Region\u00e1lis H\u00edrport\u00e1l\",\"url\":\"https:\\\/\\\/dorogimedence.hu\\\/\",\"logo\":{\"@type\":\"ImageObject\",\"inLanguage\":\"hu\",\"@id\":\"https:\\\/\\\/dorogimedence.hu\\\/#\\\/schema\\\/logo\\\/image\\\/\",\"url\":\"https:\\\/\\\/dorogimedence.hu\\\/wp-content\\\/uploads\\\/2021\\\/04\\\/logo-feher-600.png\",\"contentUrl\":\"https:\\\/\\\/dorogimedence.hu\\\/wp-content\\\/uploads\\\/2021\\\/04\\\/logo-feher-600.png\",\"width\":600,\"height\":100,\"caption\":\"Dorogi-medence Region\u00e1lis H\u00edrport\u00e1l\"},\"image\":{\"@id\":\"https:\\\/\\\/dorogimedence.hu\\\/#\\\/schema\\\/logo\\\/image\\\/\"},\"sameAs\":[\"https:\\\/\\\/www.facebook.com\\\/dorogimedence\\\/\"]},{\"@type\":\"Person\",\"@id\":\"https:\\\/\\\/dorogimedence.hu\\\/#\\\/schema\\\/person\\\/ce6091eeb7e95ecdc87890d6aa8e0fd4\",\"name\":\"dorogimedence.hu\",\"image\":{\"@type\":\"ImageObject\",\"inLanguage\":\"hu\",\"@id\":\"\\\/\\\/www.gravatar.com\\\/avatar\\\/d8d45f8901aadff40a4af72c0b826f1d?s=96&#038;r=g&#038;d=mm\",\"url\":\"\\\/\\\/www.gravatar.com\\\/avatar\\\/d8d45f8901aadff40a4af72c0b826f1d?s=96&#038;r=g&#038;d=mm\",\"contentUrl\":\"\\\/\\\/www.gravatar.com\\\/avatar\\\/d8d45f8901aadff40a4af72c0b826f1d?s=96&#038;r=g&#038;d=mm\",\"caption\":\"dorogimedence.hu\"}}]}<\/script>\n<!-- \/ Yoast SEO plugin. -->","yoast_head_json":{"title":"H\u00e1rom nap kult\u00fara \u00e9s sz\u00f3rakoz\u00e1s Esztergom sz\u00edv\u00e9ben","robots":{"index":"index","follow":"follow","max-snippet":"max-snippet:-1","max-image-preview":"max-image-preview:large","max-video-preview":"max-video-preview:-1"},"canonical":"https:\/\/dorogimedence.hu\/index.php\/2023\/04\/19\/harom-nap-kultura-es-szorakozas-esztergom-sziveben\/","og_locale":"hu_HU","og_type":"article","og_title":"H\u00e1rom nap kult\u00fara \u00e9s sz\u00f3rakoz\u00e1s Esztergom sz\u00edv\u00e9ben","og_description":"Folytat\u00f3dik a fesztiv\u00e1l-sikert\u00f6rt\u00e9net, j\u00falius v\u00e9g\u00e9n ism\u00e9t MCC Feszt Esztergomban: neves nemzetk\u00f6zi \u00e9s hazai szakmai el\u0151ad\u00f3k, v\u00e9lem\u00e9nyform\u00e1l\u00f3k, a magyar k\u00f6nny\u0171zene kr\u00e9mje, valamint izgalmas csal\u00e1di \u00e9s interakt\u00edv programok, amelyekhez a var\u00e1zslatos kulissz\u00e1t Magyarorsz\u00e1g t\u00f6rt\u00e9nelmi \u00e9kk\u00f6ve, Esztergom adja. Id\u00e9n imm\u00e1ron harmadik alkalommal rendezi meg nagy siker\u0171 fesztiv\u00e1lj\u00e1t a Mathias Corvinus Collegium. Az MCC Feszt \u00fajabb el\u0151ad\u00f3kkal \u00e9s programokkal,","og_url":"https:\/\/dorogimedence.hu\/index.php\/2023\/04\/19\/harom-nap-kultura-es-szorakozas-esztergom-sziveben\/","og_site_name":"Dorogi-medence Region\u00e1lis H\u00edrport\u00e1l","article_publisher":"https:\/\/www.facebook.com\/dorogimedence\/","article_published_time":"2023-04-19T13:27:17+00:00","og_image":[{"width":1708,"height":750,"url":"https:\/\/dorogimedence.hu\/wp-content\/uploads\/2023\/04\/323412443_734749244653979_5760174459745092902_n.jpg","type":"image\/jpeg"}],"author":"dorogimedence.hu","twitter_card":"summary_large_image","twitter_misc":{"Szerz\u0151:":"dorogimedence.hu","Becs\u00fclt olvas\u00e1si id\u0151":"6 perc"},"schema":{"@context":"https:\/\/schema.org","@graph":[{"@type":"Article","@id":"https:\/\/dorogimedence.hu\/index.php\/2023\/04\/19\/harom-nap-kultura-es-szorakozas-esztergom-sziveben\/#article","isPartOf":{"@id":"https:\/\/dorogimedence.hu\/index.php\/2023\/04\/19\/harom-nap-kultura-es-szorakozas-esztergom-sziveben\/"},"author":{"name":"dorogimedence.hu","@id":"https:\/\/dorogimedence.hu\/#\/schema\/person\/ce6091eeb7e95ecdc87890d6aa8e0fd4"},"headline":"H\u00e1rom nap kult\u00fara \u00e9s sz\u00f3rakoz\u00e1s Esztergom sz\u00edv\u00e9ben","datePublished":"2023-04-19T13:27:17+00:00","mainEntityOfPage":{"@id":"https:\/\/dorogimedence.hu\/index.php\/2023\/04\/19\/harom-nap-kultura-es-szorakozas-esztergom-sziveben\/"},"wordCount":1115,"publisher":{"@id":"https:\/\/dorogimedence.hu\/#organization"},"image":{"@id":"https:\/\/dorogimedence.hu\/index.php\/2023\/04\/19\/harom-nap-kultura-es-szorakozas-esztergom-sziveben\/#primaryimage"},"thumbnailUrl":"https:\/\/dorogimedence.hu\/wp-content\/uploads\/2023\/04\/323412443_734749244653979_5760174459745092902_n.jpg","keywords":["esztergom","fesztiv\u00e1l","MCC Feszt","program"],"articleSection":["Esztergom","H\u00edrek","Programok"],"inLanguage":"hu"},{"@type":"WebPage","@id":"https:\/\/dorogimedence.hu\/index.php\/2023\/04\/19\/harom-nap-kultura-es-szorakozas-esztergom-sziveben\/","url":"https:\/\/dorogimedence.hu\/index.php\/2023\/04\/19\/harom-nap-kultura-es-szorakozas-esztergom-sziveben\/","name":"H\u00e1rom nap kult\u00fara \u00e9s sz\u00f3rakoz\u00e1s Esztergom sz\u00edv\u00e9ben","isPartOf":{"@id":"https:\/\/dorogimedence.hu\/#website"},"primaryImageOfPage":{"@id":"https:\/\/dorogimedence.hu\/index.php\/2023\/04\/19\/harom-nap-kultura-es-szorakozas-esztergom-sziveben\/#primaryimage"},"image":{"@id":"https:\/\/dorogimedence.hu\/index.php\/2023\/04\/19\/harom-nap-kultura-es-szorakozas-esztergom-sziveben\/#primaryimage"},"thumbnailUrl":"https:\/\/dorogimedence.hu\/wp-content\/uploads\/2023\/04\/323412443_734749244653979_5760174459745092902_n.jpg","datePublished":"2023-04-19T13:27:17+00:00","breadcrumb":{"@id":"https:\/\/dorogimedence.hu\/index.php\/2023\/04\/19\/harom-nap-kultura-es-szorakozas-esztergom-sziveben\/#breadcrumb"},"inLanguage":"hu","potentialAction":[{"@type":"ReadAction","target":["https:\/\/dorogimedence.hu\/index.php\/2023\/04\/19\/harom-nap-kultura-es-szorakozas-esztergom-sziveben\/"]}]},{"@type":"ImageObject","inLanguage":"hu","@id":"https:\/\/dorogimedence.hu\/index.php\/2023\/04\/19\/harom-nap-kultura-es-szorakozas-esztergom-sziveben\/#primaryimage","url":"https:\/\/dorogimedence.hu\/wp-content\/uploads\/2023\/04\/323412443_734749244653979_5760174459745092902_n.jpg","contentUrl":"https:\/\/dorogimedence.hu\/wp-content\/uploads\/2023\/04\/323412443_734749244653979_5760174459745092902_n.jpg","width":1708,"height":750},{"@type":"BreadcrumbList","@id":"https:\/\/dorogimedence.hu\/index.php\/2023\/04\/19\/harom-nap-kultura-es-szorakozas-esztergom-sziveben\/#breadcrumb","itemListElement":[{"@type":"ListItem","position":1,"name":"Kezd\u0151lap","item":"https:\/\/dorogimedence.hu\/"},{"@type":"ListItem","position":2,"name":"H\u00e1rom nap kult\u00fara \u00e9s sz\u00f3rakoz\u00e1s Esztergom sz\u00edv\u00e9ben"}]},{"@type":"WebSite","@id":"https:\/\/dorogimedence.hu\/#website","url":"https:\/\/dorogimedence.hu\/","name":"Dorogi-medence Region\u00e1lis H\u00edrport\u00e1l","description":"Dorog, Keszt\u00f6lc, Le\u00e1nyv\u00e1r, Piliscs\u00e9v, Tokod, Tokodalt\u00e1r\u00f3, Csolnok, Esztergom-kertv\u00e1ros: h\u00edrek, programok","publisher":{"@id":"https:\/\/dorogimedence.hu\/#organization"},"potentialAction":[{"@type":"SearchAction","target":{"@type":"EntryPoint","urlTemplate":"https:\/\/dorogimedence.hu\/?s={search_term_string}"},"query-input":{"@type":"PropertyValueSpecification","valueRequired":true,"valueName":"search_term_string"}}],"inLanguage":"hu"},{"@type":"Organization","@id":"https:\/\/dorogimedence.hu\/#organization","name":"Dorogi-medence Region\u00e1lis H\u00edrport\u00e1l","url":"https:\/\/dorogimedence.hu\/","logo":{"@type":"ImageObject","inLanguage":"hu","@id":"https:\/\/dorogimedence.hu\/#\/schema\/logo\/image\/","url":"https:\/\/dorogimedence.hu\/wp-content\/uploads\/2021\/04\/logo-feher-600.png","contentUrl":"https:\/\/dorogimedence.hu\/wp-content\/uploads\/2021\/04\/logo-feher-600.png","width":600,"height":100,"caption":"Dorogi-medence Region\u00e1lis H\u00edrport\u00e1l"},"image":{"@id":"https:\/\/dorogimedence.hu\/#\/schema\/logo\/image\/"},"sameAs":["https:\/\/www.facebook.com\/dorogimedence\/"]},{"@type":"Person","@id":"https:\/\/dorogimedence.hu\/#\/schema\/person\/ce6091eeb7e95ecdc87890d6aa8e0fd4","name":"dorogimedence.hu","image":{"@type":"ImageObject","inLanguage":"hu","@id":"\/\/www.gravatar.com\/avatar\/d8d45f8901aadff40a4af72c0b826f1d?s=96&#038;r=g&#038;d=mm","url":"\/\/www.gravatar.com\/avatar\/d8d45f8901aadff40a4af72c0b826f1d?s=96&#038;r=g&#038;d=mm","contentUrl":"\/\/www.gravatar.com\/avatar\/d8d45f8901aadff40a4af72c0b826f1d?s=96&#038;r=g&#038;d=mm","caption":"dorogimedence.hu"}}]}},"_links":{"self":[{"href":"https:\/\/dorogimedence.hu\/index.php\/wp-json\/wp\/v2\/posts\/52159","targetHints":{"allow":["GET"]}}],"collection":[{"href":"https:\/\/dorogimedence.hu\/index.php\/wp-json\/wp\/v2\/posts"}],"about":[{"href":"https:\/\/dorogimedence.hu\/index.php\/wp-json\/wp\/v2\/types\/post"}],"author":[{"embeddable":true,"href":"https:\/\/dorogimedence.hu\/index.php\/wp-json\/wp\/v2\/users\/1"}],"replies":[{"embeddable":true,"href":"https:\/\/dorogimedence.hu\/index.php\/wp-json\/wp\/v2\/comments?post=52159"}],"version-history":[{"count":0,"href":"https:\/\/dorogimedence.hu\/index.php\/wp-json\/wp\/v2\/posts\/52159\/revisions"}],"wp:featuredmedia":[{"embeddable":true,"href":"https:\/\/dorogimedence.hu\/index.php\/wp-json\/wp\/v2\/media\/52160"}],"wp:attachment":[{"href":"https:\/\/dorogimedence.hu\/index.php\/wp-json\/wp\/v2\/media?parent=52159"}],"wp:term":[{"taxonomy":"category","embeddable":true,"href":"https:\/\/dorogimedence.hu\/index.php\/wp-json\/wp\/v2\/categories?post=52159"},{"taxonomy":"post_tag","embeddable":true,"href":"https:\/\/dorogimedence.hu\/index.php\/wp-json\/wp\/v2\/tags?post=52159"}],"curies":[{"name":"wp","href":"https:\/\/api.w.org\/{rel}","templated":true}]}}