{"id":52142,"date":"2023-04-19T09:38:58","date_gmt":"2023-04-19T07:38:58","guid":{"rendered":"https:\/\/dorogimedence.hu\/?p=52142"},"modified":"2023-04-19T09:39:22","modified_gmt":"2023-04-19T07:39:22","slug":"csaladbarat-hely-minositest-kapott-a-magyar-suzuki","status":"publish","type":"post","link":"https:\/\/dorogimedence.hu\/index.php\/2023\/04\/19\/csaladbarat-hely-minositest-kapott-a-magyar-suzuki\/","title":{"rendered":"Csal\u00e1dbar\u00e1t Hely min\u0151s\u00edt\u00e9st kapott a Magyar Suzuki"},"content":{"rendered":"<p><strong>A Magyar Suzuki sz\u00e1m\u00e1ra a munkat\u00e1rsai jelentik a legf\u0151bb \u00e9rt\u00e9ket, ez\u00e9rt \u00e9vr\u0151l \u00e9vre b\u0151v\u00fcl azoknak a juttat\u00e1soknak a k\u00f6re, amellyel \u00e9rezteti \u00e9s er\u0151s\u00edti a munkav\u00e1llal\u00f3k megbecs\u00fcl\u00e9s\u00e9t. Ennek egyik fontos visszajelz\u00e9se, hogy a Magyar Suzuki is elnyerte a Csal\u00e1dbar\u00e1t Hely v\u00e9djegyet. A Csal\u00e1dbar\u00e1t Magyarorsz\u00e1g K\u00f6zpont \u00e1ltal oda\u00edt\u00e9lt min\u0151s\u00edt\u00e9st olyan munkahelyek viselhetik, amelyek seg\u00edtik \u00e9s t\u00e1mogatj\u00e1k munkav\u00e1llal\u00f3ik csal\u00e1don bel\u00fcli szerepeinek bet\u00f6lt\u00e9s\u00e9t.<\/strong><\/p>\n<p>A v\u00e9djegy oda\u00edt\u00e9l\u00e9s\u00e9t szigor\u00fa audit el\u0151zi meg, amely sor\u00e1n a Csal\u00e1dbar\u00e1t Magyarorsz\u00e1g K\u00f6zpont azt vizsg\u00e1lja, a munk\u00e1ltat\u00f3k milyen szolg\u00e1ltat\u00e1sokkal \u00e9s b\u00e9ren t\u00fali juttat\u00e1sokkal t\u00e1mogatj\u00e1k munkav\u00e1llal\u00f3ikat. Megvizsg\u00e1lj\u00e1k, el\u00e9rhet\u0151ek-e rekre\u00e1ci\u00f3s lehet\u0151s\u00e9gek, mekkora figyelmet ford\u00edtanak a k\u00f6z\u00f6ss\u00e9gv\u00e9delemre, a munkat\u00e1rsak eg\u00e9szs\u00e9g\u00e9re, k\u00e9pz\u00e9s\u00e9re \u00e9s milyen lehet\u0151s\u00e9gek ny\u00edlnak p\u00e9ld\u00e1ul a munkav\u00e1llal\u00f3k csal\u00e1dtagjainak t\u00e1mogat\u00e1s\u00e1ra (pl. \u00f3voda, vagy \u00e9ppen gyermekt\u00e1boroztat\u00e1s), esetleg eg\u00e9szs\u00e9g\u00fcgyi sz\u0171r\u0151programokra.<\/p>\n<p>A Magyar Suzuki \u2013 t\u00f6bbek k\u00f6z\u00f6tt &#8211; seg\u00edti a r\u00e9szmunkaid\u0151s foglalkoztat\u00e1st a 3 \u00e9v alatti gyermeket nevel\u0151 n\u0151k k\u00f6r\u00e9ben, az Angyalkert \u00f3vod\u00e1ban pedig 50 f\u00e9r\u0151hely biztos\u00edtott &#8211; illeszkedve a k\u00e9tm\u0171szakos munkarendhez, reggel 5 \u00f3r\u00e1t\u00f3l d\u00e9lut\u00e1n 5 \u00f3r\u00e1ig &#8211; a suzukis gyerekek napk\u00f6zbeni elhelyez\u00e9s\u00e9re. Egyre n\u00e9pszer\u0171bb az \u00e9ves \u00e1tfog\u00f3 eg\u00e9szs\u00e9g\u00fcgyi sz\u0171r\u0151vizsg\u00e1lat, minden munkat\u00e1rs napi egyszer ingyen meleg \u00e9tkez\u00e9sre jogosult, \u00e9s ingyen ig\u00e9nybe vehet\u0151 buszok, illetve ker\u00e9kp\u00e1rok seg\u00edtik a munk\u00e1ba jut\u00e1st. Nemcsak Suzuki sz\u00e1ll\u00f3, hanem t\u00f6bb olyan lak\u00e1s is ig\u00e9nyelhet\u0151, ahol 1+1 \u00e9vig kedvezm\u00e9nyesen lakhatnak az azt ig\u00e9nyl\u0151 suzukis csal\u00e1dok. A tavaly elindult bels\u0151 kommunik\u00e1ci\u00f3s csatorna, a Suzuki App mobilapplik\u00e1ci\u00f3n kereszt\u00fcl az akt\u00edv \u00e9s a gyesen l\u00e9v\u0151 munkat\u00e1rsak is naprak\u00e9szek lehetnek a v\u00e1llalat legfrissebb h\u00edreir\u0151l.<\/p>\n<p><img fetchpriority=\"high\" decoding=\"async\" class=\"alignnone size-full wp-image-52143\" src=\"https:\/\/dorogimedence.hu\/wp-content\/uploads\/2023\/04\/suzuki-02.jpg\" alt=\"\" width=\"1920\" height=\"1198\" srcset=\"https:\/\/dorogimedence.hu\/wp-content\/uploads\/2023\/04\/suzuki-02.jpg 1920w, https:\/\/dorogimedence.hu\/wp-content\/uploads\/2023\/04\/suzuki-02-300x187.jpg 300w, https:\/\/dorogimedence.hu\/wp-content\/uploads\/2023\/04\/suzuki-02-1024x639.jpg 1024w, https:\/\/dorogimedence.hu\/wp-content\/uploads\/2023\/04\/suzuki-02-768x479.jpg 768w, https:\/\/dorogimedence.hu\/wp-content\/uploads\/2023\/04\/suzuki-02-1536x958.jpg 1536w, https:\/\/dorogimedence.hu\/wp-content\/uploads\/2023\/04\/suzuki-02-150x94.jpg 150w, https:\/\/dorogimedence.hu\/wp-content\/uploads\/2023\/04\/suzuki-02-450x281.jpg 450w, https:\/\/dorogimedence.hu\/wp-content\/uploads\/2023\/04\/suzuki-02-1200x749.jpg 1200w\" sizes=\"(max-width: 1920px) 100vw, 1920px\" \/><\/p>\n<p>Az esztergomi gy\u00e1rt\u00f3v\u00e1llalatn\u00e1l az elm\u00falt \u00e9vekben nemcsak a b\u00e9rek emelkedtek, hanem az egy\u00e9b t\u00e1mogat\u00e1sok k\u00f6re is b\u0151v\u00fclt. A munkav\u00e1llal\u00f3k t\u00e1mogat\u00e1st kapnak gyermeksz\u00fclet\u00e9s, h\u00e1zass\u00e1gk\u00f6t\u00e9s, temet\u00e9s eset\u00e9n, emellett k\u00f6zvetlen csal\u00e1dtagjaikkal egy\u00fctt alacsonyabb \u00e1ron v\u00e1s\u00e1rolhatnak a kedvezm\u00e9nyes h\u00e1l\u00f3zatban r\u00e9szt vev\u0151 partnerekn\u00e9l, illetve Suzuki modelleket \u00e9s alkatr\u00e9szeket. A h\u00e9tv\u00e9g\u00e9re es\u0151 \u00fcnnepnapokat pedig meghat\u00e1rozott munkarendben dolgoz\u00f3 koll\u00e9g\u00e1k sz\u00e1m\u00e1ra szabadnappal kompenz\u00e1lja a c\u00e9g.<\/p>\n<p>\u201eNagy b\u00fcszkes\u00e9ggel t\u00f6lt el benn\u00fcnket, hogy a t\u00f6bb mint 30 \u00e9ves Magyar Suzuki Zrt. is csatlakozhat a csal\u00e1dbar\u00e1t v\u00e9djeggyel rendelkez\u0151 v\u00e1llalatok k\u00f6z\u00e9. Sz\u00e1munkra ugyanis koll\u00e9g\u00e1ink jelentik a legfontosabb \u00e9rt\u00e9ket. Jelenleg t\u00f6bb mint 3000 munkat\u00e1rsunk sz\u00e1m\u00e1ra ny\u00fajtunk stabil, biztons\u00e1gos \u00e9s megb\u00edzhat\u00f3 munkahelyet, k\u00f6zvetve azonban t\u00f6bb mint 10 ezer csal\u00e1d meg\u00e9lhet\u00e9s\u00e9t biztos\u00edtjuk. Ennek tudat\u00e1ban hossz\u00fa \u00e9vek \u00e1tgondolt munk\u00e1j\u00e1nak k\u00f6sz\u00f6nhet\u0151en egy olyan gondoskod\u00f3 v\u00e1llalatt\u00e1 n\u0151tt\u00fck ki magunkat, amely t\u00e1mogat\u00f3 partnere munkat\u00e1rsainak, \u00e9s amely minden helyzetben egy szil\u00e1rd k\u00f6z\u00f6ss\u00e9g kialak\u00edt\u00e1s\u00e1ra t\u00f6rekszik \u2013 mondta <em>Dr<\/em>.&nbsp;<em>Varga <\/em><em>Zolt\u00e1n<\/em>, a&nbsp;<em>Magyar Suzuki<\/em>&nbsp;Zrt. HR \u00e9s T\u00e1rsas\u00e1gi T\u00e1mogat\u00e1sok-, valamint a Jogi \u00e9s Compliance Oszt\u00e1ly vezet\u0151je.<\/p>\n<p><img decoding=\"async\" class=\"alignnone size-full wp-image-52145\" src=\"https:\/\/dorogimedence.hu\/wp-content\/uploads\/2023\/04\/suzuki-03.jpg\" alt=\"\" width=\"1920\" height=\"1280\" srcset=\"https:\/\/dorogimedence.hu\/wp-content\/uploads\/2023\/04\/suzuki-03.jpg 1920w, https:\/\/dorogimedence.hu\/wp-content\/uploads\/2023\/04\/suzuki-03-300x200.jpg 300w, https:\/\/dorogimedence.hu\/wp-content\/uploads\/2023\/04\/suzuki-03-1024x683.jpg 1024w, https:\/\/dorogimedence.hu\/wp-content\/uploads\/2023\/04\/suzuki-03-768x512.jpg 768w, https:\/\/dorogimedence.hu\/wp-content\/uploads\/2023\/04\/suzuki-03-1536x1024.jpg 1536w, https:\/\/dorogimedence.hu\/wp-content\/uploads\/2023\/04\/suzuki-03-150x100.jpg 150w, https:\/\/dorogimedence.hu\/wp-content\/uploads\/2023\/04\/suzuki-03-450x300.jpg 450w, https:\/\/dorogimedence.hu\/wp-content\/uploads\/2023\/04\/suzuki-03-1200x800.jpg 1200w, https:\/\/dorogimedence.hu\/wp-content\/uploads\/2023\/04\/suzuki-03-272x182.jpg 272w\" sizes=\"(max-width: 1920px) 100vw, 1920px\" \/><\/p>\n<p><em>Fot\u00f3k, forr\u00e1s: Magyar Suzuki Zrt.<\/em><\/p>\n","protected":false},"excerpt":{"rendered":"<p>A Magyar Suzuki sz\u00e1m\u00e1ra a munkat\u00e1rsai jelentik a legf\u0151bb \u00e9rt\u00e9ket, ez\u00e9rt \u00e9vr\u0151l \u00e9vre b\u0151v\u00fcl azoknak a juttat\u00e1soknak a k\u00f6re, amellyel \u00e9rezteti \u00e9s er\u0151s\u00edti a munkav\u00e1llal\u00f3k megbecs\u00fcl\u00e9s\u00e9t. Ennek egyik fontos visszajelz\u00e9se, hogy a Magyar Suzuki is elnyerte a Csal\u00e1dbar\u00e1t Hely v\u00e9djegyet. A Csal\u00e1dbar\u00e1t Magyarorsz\u00e1g K\u00f6zpont \u00e1ltal oda\u00edt\u00e9lt min\u0151s\u00edt\u00e9st olyan munkahelyek viselhetik, amelyek seg\u00edtik \u00e9s t\u00e1mogatj\u00e1k munkav\u00e1llal\u00f3ik<\/p>\n","protected":false},"author":1,"featured_media":52146,"comment_status":"closed","ping_status":"closed","sticky":false,"template":"","format":"standard","meta":{"ngg_post_thumbnail":0,"footnotes":""},"categories":[38,3],"tags":[6553,4649,261],"class_list":{"0":"post-52142","1":"post","2":"type-post","3":"status-publish","4":"format-standard","5":"has-post-thumbnail","7":"category-esztergom","8":"category-hirek","9":"tag-csaladbarat-munkahely","10":"tag-magyar-suzuki-zrt","11":"tag-suzuki"},"yoast_head":"<!-- This site is optimized with the Yoast SEO plugin v27.4 - https:\/\/yoast.com\/product\/yoast-seo-wordpress\/ -->\n<title>Csal\u00e1dbar\u00e1t Hely min\u0151s\u00edt\u00e9st kapott a Magyar Suzuki<\/title>\n<meta name=\"robots\" content=\"index, follow, max-snippet:-1, max-image-preview:large, max-video-preview:-1\" \/>\n<link rel=\"canonical\" href=\"https:\/\/dorogimedence.hu\/index.php\/2023\/04\/19\/csaladbarat-hely-minositest-kapott-a-magyar-suzuki\/\" class=\"yoast-seo-meta-tag\" \/>\n<meta property=\"og:locale\" content=\"hu_HU\" class=\"yoast-seo-meta-tag\" \/>\n<meta property=\"og:type\" content=\"article\" class=\"yoast-seo-meta-tag\" \/>\n<meta property=\"og:title\" content=\"Csal\u00e1dbar\u00e1t Hely min\u0151s\u00edt\u00e9st kapott a Magyar Suzuki\" class=\"yoast-seo-meta-tag\" \/>\n<meta property=\"og:description\" content=\"A Magyar Suzuki sz\u00e1m\u00e1ra a munkat\u00e1rsai jelentik a legf\u0151bb \u00e9rt\u00e9ket, ez\u00e9rt \u00e9vr\u0151l \u00e9vre b\u0151v\u00fcl azoknak a juttat\u00e1soknak a k\u00f6re, amellyel \u00e9rezteti \u00e9s er\u0151s\u00edti a munkav\u00e1llal\u00f3k megbecs\u00fcl\u00e9s\u00e9t. Ennek egyik fontos visszajelz\u00e9se, hogy a Magyar Suzuki is elnyerte a Csal\u00e1dbar\u00e1t Hely v\u00e9djegyet. A Csal\u00e1dbar\u00e1t Magyarorsz\u00e1g K\u00f6zpont \u00e1ltal oda\u00edt\u00e9lt min\u0151s\u00edt\u00e9st olyan munkahelyek viselhetik, amelyek seg\u00edtik \u00e9s t\u00e1mogatj\u00e1k munkav\u00e1llal\u00f3ik\" class=\"yoast-seo-meta-tag\" \/>\n<meta property=\"og:url\" content=\"https:\/\/dorogimedence.hu\/index.php\/2023\/04\/19\/csaladbarat-hely-minositest-kapott-a-magyar-suzuki\/\" class=\"yoast-seo-meta-tag\" \/>\n<meta property=\"og:site_name\" content=\"Dorogi-medence Region\u00e1lis H\u00edrport\u00e1l\" class=\"yoast-seo-meta-tag\" \/>\n<meta property=\"article:publisher\" content=\"https:\/\/www.facebook.com\/dorogimedence\/\" class=\"yoast-seo-meta-tag\" \/>\n<meta property=\"article:published_time\" content=\"2023-04-19T07:38:58+00:00\" class=\"yoast-seo-meta-tag\" \/>\n<meta property=\"article:modified_time\" content=\"2023-04-19T07:39:22+00:00\" class=\"yoast-seo-meta-tag\" \/>\n<meta property=\"og:image\" content=\"https:\/\/dorogimedence.hu\/wp-content\/uploads\/2023\/04\/suzuki-01.jpg\" class=\"yoast-seo-meta-tag\" \/>\n\t<meta property=\"og:image:width\" content=\"1920\" class=\"yoast-seo-meta-tag\" \/>\n\t<meta property=\"og:image:height\" content=\"1042\" class=\"yoast-seo-meta-tag\" \/>\n\t<meta property=\"og:image:type\" content=\"image\/jpeg\" class=\"yoast-seo-meta-tag\" \/>\n<meta name=\"author\" content=\"dorogimedence.hu\" class=\"yoast-seo-meta-tag\" \/>\n<meta name=\"twitter:card\" content=\"summary_large_image\" class=\"yoast-seo-meta-tag\" \/>\n<meta name=\"twitter:label1\" content=\"Szerz\u0151:\" class=\"yoast-seo-meta-tag\" \/>\n\t<meta name=\"twitter:data1\" content=\"dorogimedence.hu\" class=\"yoast-seo-meta-tag\" \/>\n\t<meta name=\"twitter:label2\" content=\"Becs\u00fclt olvas\u00e1si id\u0151\" class=\"yoast-seo-meta-tag\" \/>\n\t<meta name=\"twitter:data2\" content=\"3 perc\" class=\"yoast-seo-meta-tag\" \/>\n<script type=\"application\/ld+json\" class=\"yoast-schema-graph\">{\"@context\":\"https:\\\/\\\/schema.org\",\"@graph\":[{\"@type\":\"Article\",\"@id\":\"https:\\\/\\\/dorogimedence.hu\\\/index.php\\\/2023\\\/04\\\/19\\\/csaladbarat-hely-minositest-kapott-a-magyar-suzuki\\\/#article\",\"isPartOf\":{\"@id\":\"https:\\\/\\\/dorogimedence.hu\\\/index.php\\\/2023\\\/04\\\/19\\\/csaladbarat-hely-minositest-kapott-a-magyar-suzuki\\\/\"},\"author\":{\"name\":\"dorogimedence.hu\",\"@id\":\"https:\\\/\\\/dorogimedence.hu\\\/#\\\/schema\\\/person\\\/ce6091eeb7e95ecdc87890d6aa8e0fd4\"},\"headline\":\"Csal\u00e1dbar\u00e1t Hely min\u0151s\u00edt\u00e9st kapott a Magyar Suzuki\",\"datePublished\":\"2023-04-19T07:38:58+00:00\",\"dateModified\":\"2023-04-19T07:39:22+00:00\",\"mainEntityOfPage\":{\"@id\":\"https:\\\/\\\/dorogimedence.hu\\\/index.php\\\/2023\\\/04\\\/19\\\/csaladbarat-hely-minositest-kapott-a-magyar-suzuki\\\/\"},\"wordCount\":653,\"publisher\":{\"@id\":\"https:\\\/\\\/dorogimedence.hu\\\/#organization\"},\"image\":{\"@id\":\"https:\\\/\\\/dorogimedence.hu\\\/index.php\\\/2023\\\/04\\\/19\\\/csaladbarat-hely-minositest-kapott-a-magyar-suzuki\\\/#primaryimage\"},\"thumbnailUrl\":\"https:\\\/\\\/dorogimedence.hu\\\/wp-content\\\/uploads\\\/2023\\\/04\\\/suzuki-01.jpg\",\"keywords\":[\"csal\u00e1dbar\u00e1t munkahely\",\"Magyar Suzuki Zrt.\",\"Suzuki\"],\"articleSection\":[\"Esztergom\",\"H\u00edrek\"],\"inLanguage\":\"hu\"},{\"@type\":\"WebPage\",\"@id\":\"https:\\\/\\\/dorogimedence.hu\\\/index.php\\\/2023\\\/04\\\/19\\\/csaladbarat-hely-minositest-kapott-a-magyar-suzuki\\\/\",\"url\":\"https:\\\/\\\/dorogimedence.hu\\\/index.php\\\/2023\\\/04\\\/19\\\/csaladbarat-hely-minositest-kapott-a-magyar-suzuki\\\/\",\"name\":\"Csal\u00e1dbar\u00e1t Hely min\u0151s\u00edt\u00e9st kapott a Magyar Suzuki\",\"isPartOf\":{\"@id\":\"https:\\\/\\\/dorogimedence.hu\\\/#website\"},\"primaryImageOfPage\":{\"@id\":\"https:\\\/\\\/dorogimedence.hu\\\/index.php\\\/2023\\\/04\\\/19\\\/csaladbarat-hely-minositest-kapott-a-magyar-suzuki\\\/#primaryimage\"},\"image\":{\"@id\":\"https:\\\/\\\/dorogimedence.hu\\\/index.php\\\/2023\\\/04\\\/19\\\/csaladbarat-hely-minositest-kapott-a-magyar-suzuki\\\/#primaryimage\"},\"thumbnailUrl\":\"https:\\\/\\\/dorogimedence.hu\\\/wp-content\\\/uploads\\\/2023\\\/04\\\/suzuki-01.jpg\",\"datePublished\":\"2023-04-19T07:38:58+00:00\",\"dateModified\":\"2023-04-19T07:39:22+00:00\",\"breadcrumb\":{\"@id\":\"https:\\\/\\\/dorogimedence.hu\\\/index.php\\\/2023\\\/04\\\/19\\\/csaladbarat-hely-minositest-kapott-a-magyar-suzuki\\\/#breadcrumb\"},\"inLanguage\":\"hu\",\"potentialAction\":[{\"@type\":\"ReadAction\",\"target\":[\"https:\\\/\\\/dorogimedence.hu\\\/index.php\\\/2023\\\/04\\\/19\\\/csaladbarat-hely-minositest-kapott-a-magyar-suzuki\\\/\"]}]},{\"@type\":\"ImageObject\",\"inLanguage\":\"hu\",\"@id\":\"https:\\\/\\\/dorogimedence.hu\\\/index.php\\\/2023\\\/04\\\/19\\\/csaladbarat-hely-minositest-kapott-a-magyar-suzuki\\\/#primaryimage\",\"url\":\"https:\\\/\\\/dorogimedence.hu\\\/wp-content\\\/uploads\\\/2023\\\/04\\\/suzuki-01.jpg\",\"contentUrl\":\"https:\\\/\\\/dorogimedence.hu\\\/wp-content\\\/uploads\\\/2023\\\/04\\\/suzuki-01.jpg\",\"width\":1920,\"height\":1042},{\"@type\":\"BreadcrumbList\",\"@id\":\"https:\\\/\\\/dorogimedence.hu\\\/index.php\\\/2023\\\/04\\\/19\\\/csaladbarat-hely-minositest-kapott-a-magyar-suzuki\\\/#breadcrumb\",\"itemListElement\":[{\"@type\":\"ListItem\",\"position\":1,\"name\":\"Kezd\u0151lap\",\"item\":\"https:\\\/\\\/dorogimedence.hu\\\/\"},{\"@type\":\"ListItem\",\"position\":2,\"name\":\"Csal\u00e1dbar\u00e1t Hely min\u0151s\u00edt\u00e9st kapott a Magyar Suzuki\"}]},{\"@type\":\"WebSite\",\"@id\":\"https:\\\/\\\/dorogimedence.hu\\\/#website\",\"url\":\"https:\\\/\\\/dorogimedence.hu\\\/\",\"name\":\"Dorogi-medence Region\u00e1lis H\u00edrport\u00e1l\",\"description\":\"Dorog, Keszt\u00f6lc, Le\u00e1nyv\u00e1r, Piliscs\u00e9v, Tokod, Tokodalt\u00e1r\u00f3, Csolnok, Esztergom-kertv\u00e1ros: h\u00edrek, programok\",\"publisher\":{\"@id\":\"https:\\\/\\\/dorogimedence.hu\\\/#organization\"},\"potentialAction\":[{\"@type\":\"SearchAction\",\"target\":{\"@type\":\"EntryPoint\",\"urlTemplate\":\"https:\\\/\\\/dorogimedence.hu\\\/?s={search_term_string}\"},\"query-input\":{\"@type\":\"PropertyValueSpecification\",\"valueRequired\":true,\"valueName\":\"search_term_string\"}}],\"inLanguage\":\"hu\"},{\"@type\":\"Organization\",\"@id\":\"https:\\\/\\\/dorogimedence.hu\\\/#organization\",\"name\":\"Dorogi-medence Region\u00e1lis H\u00edrport\u00e1l\",\"url\":\"https:\\\/\\\/dorogimedence.hu\\\/\",\"logo\":{\"@type\":\"ImageObject\",\"inLanguage\":\"hu\",\"@id\":\"https:\\\/\\\/dorogimedence.hu\\\/#\\\/schema\\\/logo\\\/image\\\/\",\"url\":\"https:\\\/\\\/dorogimedence.hu\\\/wp-content\\\/uploads\\\/2021\\\/04\\\/logo-feher-600.png\",\"contentUrl\":\"https:\\\/\\\/dorogimedence.hu\\\/wp-content\\\/uploads\\\/2021\\\/04\\\/logo-feher-600.png\",\"width\":600,\"height\":100,\"caption\":\"Dorogi-medence Region\u00e1lis H\u00edrport\u00e1l\"},\"image\":{\"@id\":\"https:\\\/\\\/dorogimedence.hu\\\/#\\\/schema\\\/logo\\\/image\\\/\"},\"sameAs\":[\"https:\\\/\\\/www.facebook.com\\\/dorogimedence\\\/\"]},{\"@type\":\"Person\",\"@id\":\"https:\\\/\\\/dorogimedence.hu\\\/#\\\/schema\\\/person\\\/ce6091eeb7e95ecdc87890d6aa8e0fd4\",\"name\":\"dorogimedence.hu\",\"image\":{\"@type\":\"ImageObject\",\"inLanguage\":\"hu\",\"@id\":\"\\\/\\\/www.gravatar.com\\\/avatar\\\/d8d45f8901aadff40a4af72c0b826f1d?s=96&#038;r=g&#038;d=mm\",\"url\":\"\\\/\\\/www.gravatar.com\\\/avatar\\\/d8d45f8901aadff40a4af72c0b826f1d?s=96&#038;r=g&#038;d=mm\",\"contentUrl\":\"\\\/\\\/www.gravatar.com\\\/avatar\\\/d8d45f8901aadff40a4af72c0b826f1d?s=96&#038;r=g&#038;d=mm\",\"caption\":\"dorogimedence.hu\"}}]}<\/script>\n<!-- \/ Yoast SEO plugin. -->","yoast_head_json":{"title":"Csal\u00e1dbar\u00e1t Hely min\u0151s\u00edt\u00e9st kapott a Magyar Suzuki","robots":{"index":"index","follow":"follow","max-snippet":"max-snippet:-1","max-image-preview":"max-image-preview:large","max-video-preview":"max-video-preview:-1"},"canonical":"https:\/\/dorogimedence.hu\/index.php\/2023\/04\/19\/csaladbarat-hely-minositest-kapott-a-magyar-suzuki\/","og_locale":"hu_HU","og_type":"article","og_title":"Csal\u00e1dbar\u00e1t Hely min\u0151s\u00edt\u00e9st kapott a Magyar Suzuki","og_description":"A Magyar Suzuki sz\u00e1m\u00e1ra a munkat\u00e1rsai jelentik a legf\u0151bb \u00e9rt\u00e9ket, ez\u00e9rt \u00e9vr\u0151l \u00e9vre b\u0151v\u00fcl azoknak a juttat\u00e1soknak a k\u00f6re, amellyel \u00e9rezteti \u00e9s er\u0151s\u00edti a munkav\u00e1llal\u00f3k megbecs\u00fcl\u00e9s\u00e9t. Ennek egyik fontos visszajelz\u00e9se, hogy a Magyar Suzuki is elnyerte a Csal\u00e1dbar\u00e1t Hely v\u00e9djegyet. A Csal\u00e1dbar\u00e1t Magyarorsz\u00e1g K\u00f6zpont \u00e1ltal oda\u00edt\u00e9lt min\u0151s\u00edt\u00e9st olyan munkahelyek viselhetik, amelyek seg\u00edtik \u00e9s t\u00e1mogatj\u00e1k munkav\u00e1llal\u00f3ik","og_url":"https:\/\/dorogimedence.hu\/index.php\/2023\/04\/19\/csaladbarat-hely-minositest-kapott-a-magyar-suzuki\/","og_site_name":"Dorogi-medence Region\u00e1lis H\u00edrport\u00e1l","article_publisher":"https:\/\/www.facebook.com\/dorogimedence\/","article_published_time":"2023-04-19T07:38:58+00:00","article_modified_time":"2023-04-19T07:39:22+00:00","og_image":[{"width":1920,"height":1042,"url":"https:\/\/dorogimedence.hu\/wp-content\/uploads\/2023\/04\/suzuki-01.jpg","type":"image\/jpeg"}],"author":"dorogimedence.hu","twitter_card":"summary_large_image","twitter_misc":{"Szerz\u0151:":"dorogimedence.hu","Becs\u00fclt olvas\u00e1si id\u0151":"3 perc"},"schema":{"@context":"https:\/\/schema.org","@graph":[{"@type":"Article","@id":"https:\/\/dorogimedence.hu\/index.php\/2023\/04\/19\/csaladbarat-hely-minositest-kapott-a-magyar-suzuki\/#article","isPartOf":{"@id":"https:\/\/dorogimedence.hu\/index.php\/2023\/04\/19\/csaladbarat-hely-minositest-kapott-a-magyar-suzuki\/"},"author":{"name":"dorogimedence.hu","@id":"https:\/\/dorogimedence.hu\/#\/schema\/person\/ce6091eeb7e95ecdc87890d6aa8e0fd4"},"headline":"Csal\u00e1dbar\u00e1t Hely min\u0151s\u00edt\u00e9st kapott a Magyar Suzuki","datePublished":"2023-04-19T07:38:58+00:00","dateModified":"2023-04-19T07:39:22+00:00","mainEntityOfPage":{"@id":"https:\/\/dorogimedence.hu\/index.php\/2023\/04\/19\/csaladbarat-hely-minositest-kapott-a-magyar-suzuki\/"},"wordCount":653,"publisher":{"@id":"https:\/\/dorogimedence.hu\/#organization"},"image":{"@id":"https:\/\/dorogimedence.hu\/index.php\/2023\/04\/19\/csaladbarat-hely-minositest-kapott-a-magyar-suzuki\/#primaryimage"},"thumbnailUrl":"https:\/\/dorogimedence.hu\/wp-content\/uploads\/2023\/04\/suzuki-01.jpg","keywords":["csal\u00e1dbar\u00e1t munkahely","Magyar Suzuki Zrt.","Suzuki"],"articleSection":["Esztergom","H\u00edrek"],"inLanguage":"hu"},{"@type":"WebPage","@id":"https:\/\/dorogimedence.hu\/index.php\/2023\/04\/19\/csaladbarat-hely-minositest-kapott-a-magyar-suzuki\/","url":"https:\/\/dorogimedence.hu\/index.php\/2023\/04\/19\/csaladbarat-hely-minositest-kapott-a-magyar-suzuki\/","name":"Csal\u00e1dbar\u00e1t Hely min\u0151s\u00edt\u00e9st kapott a Magyar Suzuki","isPartOf":{"@id":"https:\/\/dorogimedence.hu\/#website"},"primaryImageOfPage":{"@id":"https:\/\/dorogimedence.hu\/index.php\/2023\/04\/19\/csaladbarat-hely-minositest-kapott-a-magyar-suzuki\/#primaryimage"},"image":{"@id":"https:\/\/dorogimedence.hu\/index.php\/2023\/04\/19\/csaladbarat-hely-minositest-kapott-a-magyar-suzuki\/#primaryimage"},"thumbnailUrl":"https:\/\/dorogimedence.hu\/wp-content\/uploads\/2023\/04\/suzuki-01.jpg","datePublished":"2023-04-19T07:38:58+00:00","dateModified":"2023-04-19T07:39:22+00:00","breadcrumb":{"@id":"https:\/\/dorogimedence.hu\/index.php\/2023\/04\/19\/csaladbarat-hely-minositest-kapott-a-magyar-suzuki\/#breadcrumb"},"inLanguage":"hu","potentialAction":[{"@type":"ReadAction","target":["https:\/\/dorogimedence.hu\/index.php\/2023\/04\/19\/csaladbarat-hely-minositest-kapott-a-magyar-suzuki\/"]}]},{"@type":"ImageObject","inLanguage":"hu","@id":"https:\/\/dorogimedence.hu\/index.php\/2023\/04\/19\/csaladbarat-hely-minositest-kapott-a-magyar-suzuki\/#primaryimage","url":"https:\/\/dorogimedence.hu\/wp-content\/uploads\/2023\/04\/suzuki-01.jpg","contentUrl":"https:\/\/dorogimedence.hu\/wp-content\/uploads\/2023\/04\/suzuki-01.jpg","width":1920,"height":1042},{"@type":"BreadcrumbList","@id":"https:\/\/dorogimedence.hu\/index.php\/2023\/04\/19\/csaladbarat-hely-minositest-kapott-a-magyar-suzuki\/#breadcrumb","itemListElement":[{"@type":"ListItem","position":1,"name":"Kezd\u0151lap","item":"https:\/\/dorogimedence.hu\/"},{"@type":"ListItem","position":2,"name":"Csal\u00e1dbar\u00e1t Hely min\u0151s\u00edt\u00e9st kapott a Magyar Suzuki"}]},{"@type":"WebSite","@id":"https:\/\/dorogimedence.hu\/#website","url":"https:\/\/dorogimedence.hu\/","name":"Dorogi-medence Region\u00e1lis H\u00edrport\u00e1l","description":"Dorog, Keszt\u00f6lc, Le\u00e1nyv\u00e1r, Piliscs\u00e9v, Tokod, Tokodalt\u00e1r\u00f3, Csolnok, Esztergom-kertv\u00e1ros: h\u00edrek, programok","publisher":{"@id":"https:\/\/dorogimedence.hu\/#organization"},"potentialAction":[{"@type":"SearchAction","target":{"@type":"EntryPoint","urlTemplate":"https:\/\/dorogimedence.hu\/?s={search_term_string}"},"query-input":{"@type":"PropertyValueSpecification","valueRequired":true,"valueName":"search_term_string"}}],"inLanguage":"hu"},{"@type":"Organization","@id":"https:\/\/dorogimedence.hu\/#organization","name":"Dorogi-medence Region\u00e1lis H\u00edrport\u00e1l","url":"https:\/\/dorogimedence.hu\/","logo":{"@type":"ImageObject","inLanguage":"hu","@id":"https:\/\/dorogimedence.hu\/#\/schema\/logo\/image\/","url":"https:\/\/dorogimedence.hu\/wp-content\/uploads\/2021\/04\/logo-feher-600.png","contentUrl":"https:\/\/dorogimedence.hu\/wp-content\/uploads\/2021\/04\/logo-feher-600.png","width":600,"height":100,"caption":"Dorogi-medence Region\u00e1lis H\u00edrport\u00e1l"},"image":{"@id":"https:\/\/dorogimedence.hu\/#\/schema\/logo\/image\/"},"sameAs":["https:\/\/www.facebook.com\/dorogimedence\/"]},{"@type":"Person","@id":"https:\/\/dorogimedence.hu\/#\/schema\/person\/ce6091eeb7e95ecdc87890d6aa8e0fd4","name":"dorogimedence.hu","image":{"@type":"ImageObject","inLanguage":"hu","@id":"\/\/www.gravatar.com\/avatar\/d8d45f8901aadff40a4af72c0b826f1d?s=96&#038;r=g&#038;d=mm","url":"\/\/www.gravatar.com\/avatar\/d8d45f8901aadff40a4af72c0b826f1d?s=96&#038;r=g&#038;d=mm","contentUrl":"\/\/www.gravatar.com\/avatar\/d8d45f8901aadff40a4af72c0b826f1d?s=96&#038;r=g&#038;d=mm","caption":"dorogimedence.hu"}}]}},"_links":{"self":[{"href":"https:\/\/dorogimedence.hu\/index.php\/wp-json\/wp\/v2\/posts\/52142","targetHints":{"allow":["GET"]}}],"collection":[{"href":"https:\/\/dorogimedence.hu\/index.php\/wp-json\/wp\/v2\/posts"}],"about":[{"href":"https:\/\/dorogimedence.hu\/index.php\/wp-json\/wp\/v2\/types\/post"}],"author":[{"embeddable":true,"href":"https:\/\/dorogimedence.hu\/index.php\/wp-json\/wp\/v2\/users\/1"}],"replies":[{"embeddable":true,"href":"https:\/\/dorogimedence.hu\/index.php\/wp-json\/wp\/v2\/comments?post=52142"}],"version-history":[{"count":0,"href":"https:\/\/dorogimedence.hu\/index.php\/wp-json\/wp\/v2\/posts\/52142\/revisions"}],"wp:featuredmedia":[{"embeddable":true,"href":"https:\/\/dorogimedence.hu\/index.php\/wp-json\/wp\/v2\/media\/52146"}],"wp:attachment":[{"href":"https:\/\/dorogimedence.hu\/index.php\/wp-json\/wp\/v2\/media?parent=52142"}],"wp:term":[{"taxonomy":"category","embeddable":true,"href":"https:\/\/dorogimedence.hu\/index.php\/wp-json\/wp\/v2\/categories?post=52142"},{"taxonomy":"post_tag","embeddable":true,"href":"https:\/\/dorogimedence.hu\/index.php\/wp-json\/wp\/v2\/tags?post=52142"}],"curies":[{"name":"wp","href":"https:\/\/api.w.org\/{rel}","templated":true}]}}