{"id":52120,"date":"2023-04-18T17:15:30","date_gmt":"2023-04-18T15:15:30","guid":{"rendered":"https:\/\/dorogimedence.hu\/?p=52120"},"modified":"2023-04-18T17:15:52","modified_gmt":"2023-04-18T15:15:52","slug":"uj-halozat-es-menetrend-esztergomban","status":"publish","type":"post","link":"https:\/\/dorogimedence.hu\/index.php\/2023\/04\/18\/uj-halozat-es-menetrend-esztergomban\/","title":{"rendered":"\u00daj h\u00e1l\u00f3zat \u00e9s menetrend Esztergomban"},"content":{"rendered":"<p><strong>2023. j\u00fanius 17-t\u0151l, a ny\u00e1ri tansz\u00fcnet kezdet\u00e9t\u0151l \u00faj buszh\u00e1l\u00f3zatot \u00e9s menetrendet vezet be az esztergomi \u00f6nkorm\u00e1nyzat \u00e9s a Vol\u00e1nbusz Zrt. a Mobilissimus tervez\u0151 m\u0171hely szakmai t\u00e1mogat\u00e1sa mellett. A v\u00e1ltoz\u00e1s r\u00e9v\u00e9n Esztergomon bel\u00fcl \u00faj \u00fatvonalakon is el\u00e9rhet\u0151ek lesznek az aut\u00f3buszok, a helyi \u00e9s helyk\u00f6zi rendszer pedig az eddigin\u00e9l jobban eg\u00e9sz\u00edti ki egym\u00e1st. C\u00e9l, hogy az esztergomiak \u00e9s a k\u00f6rny\u00e9ken \u00e9l\u0151k, ott dolgoz\u00f3k k\u00f6nnyen \u00e9s kisz\u00e1m\u00edthat\u00f3an tudjanak k\u00f6zlekedni a v\u00e1rosban \u00e9s t\u00e9rs\u00e9g\u00e9ben.<\/strong><\/p>\n<p>A v\u00e1ltoz\u00e1sokat az al\u00e1bbiakban mutatj\u00e1k be r\u00e9szletesen, az ahhoz kapcsol\u00f3d\u00f3 \u00e9szrev\u00e9teleiket 2023.04.30-ig a <a href=\"mailto:tomegkozlekedes@esztergom.hu\" target=\"_blank\" rel=\"noopener\"><span style=\"text-decoration: underline; color: #0000ff;\">tomegkozlekedes@esztergom.hu<\/span><\/a> e-mail c\u00edmre v\u00e1rj\u00e1k.<\/p>\n<h3><strong>Mi\u00e9rt van sz\u00fcks\u00e9g v\u00e1ltoz\u00e1sra?<\/strong><\/h3>\n<p>Esztergomban 2020 nyar\u00e1n adt\u00e1k \u00e1t az intermod\u00e1lis k\u00f6zpontot, mely a vas\u00fat, a helyk\u00f6zi \u00e9s helyi aut\u00f3buszok k\u00f6z\u00f6tti legfontosabb \u00e1tsz\u00e1ll\u00f3pont. Az elm\u00falt, k\u00f6zel h\u00e1rom \u00e9v sor\u00e1n mind az \u00d6nkorm\u00e1nyzat, mind a Vol\u00e1nbusz ki\u00e9rt\u00e9kelte az akkor kialak\u00edtott buszh\u00e1l\u00f3zatot \u00e9s menetrendeket, \u00e9s annak eredm\u00e9nyei ismeret\u00e9ben sz\u00fcks\u00e9gess\u00e9 v\u00e1lt egy korszer\u0171bb, vonz\u00f3bb szolg\u00e1ltat\u00e1s bevezet\u00e9se.<\/p>\n<p>Az Esztergom &#8211; Budapest vas\u00fatvonalon kiz\u00e1r\u00f3lag korszer\u0171 motorvonatok k\u00f6zlekednek szinte minden id\u0151szakban 30 percenk\u00e9nt. Ez a vonz\u00f3 k\u00edn\u00e1lat jelent\u0151sen megn\u00f6velte a vasutat haszn\u00e1l\u00f3k sz\u00e1m\u00e1t, a vas\u00fatra r\u00e1- \u00e9s onnan elhord\u00e1s azonban nem mindig \u00e9s nem mindenhonnan teljes\u00fcl r\u00f6vid v\u00e1rakoz\u00e1si id\u0151kkel, ez\u00e9rt ennek jav\u00edt\u00e1sa is&nbsp; indokoltt\u00e1 v\u00e1lt.<\/p>\n<p>A mostani h\u00e1l\u00f3zattal kapcsolatban sz\u00e1mos lakoss\u00e1gi \u00e9szrev\u00e9tel \u00e9rkezett, hogy a B\u00e1nomi lak\u00f3telepen, az ilyen c\u00e9lokra nem alkalmas lak\u00f3\u00f6vezeti meg\u00e1ll\u00f3ban t\u00fal sok helyk\u00f6zi busz v\u00e1rakozik hosszasan a visszaindul\u00e1sra, j\u00e1r\u00f3 motorral.<\/p>\n<p>A belv\u00e1ros \u00e9s a B\u00e1nomi lak\u00f3telep k\u00f6z\u00f6tt &#8211; m\u00e1s megfordul\u00e1si lehet\u0151s\u00e9g hi\u00e1ny\u00e1ban &#8211; a sz\u00fcks\u00e9gesn\u00e9l j\u00f3val t\u00f6bb busz k\u00f6zlekedett, gyakran utasok n\u00e9lk\u00fcl. Ez a megold\u00e1s sem az \u00d6nkorm\u00e1nyzat, sem a Vol\u00e1nbusz, sem pedig az ott \u00e9l\u0151k r\u00e9sz\u00e9re nem optim\u00e1lis, \u00edgy ennek fel\u00fclvizsg\u00e1lat\u00e1ra is sor ker\u00fclt.<\/p>\n<p>Az Esztergomban k\u00f6zleked\u0151 helyi \u00e9s helyk\u00f6zi buszj\u00e1ratok menetrend-m\u00f3dos\u00edt\u00e1s\u00e1nak egyik f\u0151 c\u00e9lja, hogy az egyenletesebb k\u00edn\u00e1lat l\u00e9trehoz\u00e1sa mellett a helyk\u00f6zi buszj\u00e1ratok \u00e1ltal okozott zajterhel\u00e9s cs\u00f6kkenjen a v\u00e1ros lak\u00f3ter\u00fcletei k\u00f6rny\u00e9k\u00e9n, f\u0151k\u00e9pp azon id\u0151szakokban, amikor az utaz\u00e1si ig\u00e9nyek alacsonyabbak (hajnalban, d\u00e9lel\u0151tt \u00e9s este). Az Esztergomba d\u00e9li ir\u00e1nyb\u00f3l \u00e9rkez\u0151 helyk\u00f6zi buszj\u00e1ratok \u00fatvonala olyan m\u00f3don m\u00f3dosul, hogy a reggeli \u00e9s d\u00e9lut\u00e1ni cs\u00facsid\u0151szakokban az agglomer\u00e1ci\u00f3b\u00f3l \u00e9rkez\u0151 \u00e9s oda hazautaz\u00f3 di\u00e1kok \u00e9s dolgoz\u00f3k tov\u00e1bbra is \u00e1tsz\u00e1ll\u00e1s n\u00e9lk\u00fcl el\u00e9rhess\u00e9k a belv\u00e1rost \u00e9s az \u00e9szaki v\u00e1rosr\u00e9sz iskol\u00e1it is (a csenget\u00e9si rendhez \u00e9s a m\u0171szakos rendhez igazodva). Napk\u00f6zben pedig tov\u00e1bbra is \u00e1tsz\u00e1ll\u00e1s n\u00e9lk\u00fcl el\u00e9rhet\u0151 marad a k\u00f3rh\u00e1z, a piac \u00e9s a belv\u00e1ros is. Hajnalban \u00e9s a k\u00e9s\u0151 esti id\u0151szakban a helyk\u00f6zi j\u00e1ratok csak a vas\u00fat\u00e1llom\u00e1sig fognak k\u00f6zlekedni, ahonnan helyi j\u00e1rattal lehet tov\u00e1bb utazni a v\u00e1ros \u00e9szaki ter\u00fcletei fel\u00e9.<\/p>\n<h3><strong>Melyek a f\u0151bb v\u00e1ltoz\u00e1sok?<\/strong><\/h3>\n<p>A legf\u0151bb v\u00e1ltoz\u00e1s, hogy a helyi \u00e9s helyk\u00f6zi aut\u00f3buszok kisz\u00e1m\u00edthat\u00f3an, \u00f6sszehangolva fognak Esztergomon bel\u00fcl k\u00f6zlekedni, k\u00f6nnyen megjegyezhet\u0151 viszonylatjelz\u00e9sekkel. Az eddigi 1-es, 2-es, 11-es, 43-as \u00e9s 111-es helyi aut\u00f3buszok, valamint a helyi funkci\u00f3kat is ell\u00e1t\u00f3 helyk\u00f6zi aut\u00f3buszok a v\u00e1roson bel\u00fcl ezent\u00fal \u00fajragondolt \u00fatvonalakon, valamint sz\u00e1m helyett bet\u0171jelz\u00e9ssel fognak k\u00f6zlekedni (pl. B vonal), \u00edgy letisztultabb \u00e9s egyszer\u0171bb lesz kiigazodni, els\u0151sorban a helyk\u00f6zi j\u00e1ratok Esztergomon bel\u00fcli \u00fatvonalait illet\u0151en.<\/p>\n<p>A helyi vagy Esztergomba utaz\u00f3 helyk\u00f6zi utasok sz\u00e1m\u00e1ra k\u00f6nnyebben azonos\u00edthat\u00f3 lesz, hogy melyik aut\u00f3busz milyen \u00fatvonalon k\u00f6zlekedik a v\u00e1roson bel\u00fcl, m\u00edg a helyk\u00f6zi utasok tov\u00e1bbra is megtal\u00e1lj\u00e1k j\u00e1rataikon a vonal sz\u00e1m\u00e1t is, amely ezen t\u00fal nem n\u00e9gy, hanem csak h\u00e1rom sz\u00e1mjegyb\u0151l fog \u00e1llni (a 800-t\u00f3l 880-ig terjed\u0151 sz\u00e1mmez\u0151ben).&nbsp;<\/p>\n<p><img decoding=\"async\" src=\"https:\/\/esztergom.hu\/items\/cikk2023\/ujmenetrend3.png\" alt=\"\"><\/p>\n<p>A h\u00e1l\u00f3zati v\u00e1ltoz\u00e1sok k\u00f6z\u00fcl legfontosabb, hogy Esztergom \u00e9szaki r\u00e9sz\u00e9n \u00faj k\u00e9tir\u00e1ny\u00fa k\u00f6rj\u00e1ratok jelennek meg (A \u00e9s B jelz\u00e9ssel), \u00edgy a B\u00e1nomi lak\u00f3telep k\u00e9t ir\u00e1nyb\u00f3l is folyamatosan el\u00e9rhet\u0151 lesz. Ism\u00e9t fognak aut\u00f3buszok k\u00f6zlekedni a B\u00e1nomi \u00faton is, \u00edgy jelent\u0151sen javul ezen v\u00e1rosr\u00e9sz kiszolg\u00e1l\u00e1sa.<\/p>\n<p>Kertv\u00e1ros \u00e9s a belv\u00e1ros k\u00f6z\u00f6tt az aut\u00f3buszok egy r\u00e9sze a L\u00e1t\u00f3hegyi \u00e9s Dobog\u00f3k\u0151i \u00faton kereszt\u00fcl fog k\u00f6zlekedni (A \u00e9s B vonalak), \u00edgy a minden v\u00e1rosr\u00e9szb\u0151l k\u00f6zvetlen\u00fcl el\u00e9rhet\u0151ek lesznek az ott tal\u00e1lhat\u00f3 munkahelyi \u00e9s kereskedelmi ter\u00fcletek.<\/p>\n<p>A Vaskapura ezen t\u00fal helyi aut\u00f3buszok fognak k\u00f6zlekedni a helyk\u00f6zi j\u00e1ratok helyett.<\/p>\n<h3><strong>Hogyan v\u00e1ltozik a menetrend?<\/strong><\/h3>\n<p>Valamennyi vonat indul\u00e1s\u00e1hoz \u00e9s \u00e9rkez\u00e9s\u00e9hez hangoltan fognak k\u00f6zlekedni az aut\u00f3buszok, a legt\u00f6bb id\u0151szakban a R\u00e1k\u00f3czi t\u00e9r, Bazilika, B\u00e1nomi lak\u00f3telep \u00e9s a K\u00f3rh\u00e1z, B\u00e1nomi \u00fat, B\u00e1nomi lak\u00f3telep fel\u00e9 \u00e9s fel\u0151l is. Kertv\u00e1ros t\u00f3f\u00fcrd\u0151i oldala cs\u00facsid\u0151ben a L\u00e1t\u00f3hegyi \u00faton \u00e9s a Kiss J\u00e1nos alt\u00e1bornagy utc\u00e1n \u00e1t is el\u00e9rhet\u0151 lesz, a jelenlegin\u00e9l j\u00f3val s\u0171r\u0171bben. Tov\u00e1bb\u00e1 \u00f3r\u00e1nk\u00e9nt egyszer Kertv\u00e1ros vas\u00fat\u00e1llom\u00e1sn\u00e1l is biztos\u00edtottak lesznek a vas\u00fati csatlakoz\u00e1sok Budapest fel\u0151l \u00e9s fel\u00e9 is.<\/p>\n<p><img decoding=\"async\" src=\"https:\/\/esztergom.hu\/items\/cikk2023\/ujmenetrend5.png\" alt=\"\"><\/p>\n<p>A&nbsp; belv\u00e1ros \u00e9s a B\u00e1nomi lak\u00f3telep k\u00f6z\u00f6tt cs\u00facsid\u0151ben jellemz\u0151en 5-10, cs\u00facsid\u0151n k\u00edv\u00fcl \u00e9s h\u00e9tv\u00e9g\u00e9n 10-20 percenk\u00e9nt fognak k\u00f6zlekedni az aut\u00f3buszok, a helyi \u00e9s helyk\u00f6zi j\u00e1ratok \u00f6sszehangolt menetrendje r\u00e9v\u00e9n.<\/p>\n<p>A forgalmasabb id\u0151szakokban a vas\u00fat\u00e1llom\u00e1sr\u00f3l a vonatok \u00e9rkez\u00e9s\u00e9t k\u00f6vet\u0151en n\u00e9h\u00e1ny perces k\u00fcl\u00f6nbs\u00e9ggel t\u00f6bb aut\u00f3busz is indulni fog, \u00edgy kisebb vas\u00fati k\u00e9s\u00e9sek eset\u00e9n is biztons\u00e1ggal el\u00e9rhet\u0151 lesz a belv\u00e1ros \u00e9s a B\u00e1nomi lak\u00f3telep. A L\u00e1z\u00e1r Vilmos utca t\u00e9rs\u00e9g\u00e9b\u0151l reggel \u00e9s d\u00e9lel\u0151tt a Budapest fel\u00e9 indul\u00f3 vonatokhoz, d\u00e9lut\u00e1n \u00e9s este pedig az onnan \u00e9rkez\u0151 vonatokt\u00f3l lesz biztos\u00edtott a csatlakoz\u00e1s, \u00f3r\u00e1nk\u00e9nt egyszer. Vaskapu kiszolg\u00e1l\u00e1sa pedig a main\u00e1l s\u0171r\u0171bb\u00e9 v\u00e1lik.<\/p>\n<p>A K\u00f3rh\u00e1z t\u00e9rs\u00e9ge fel\u00e9 jelent\u0151sen b\u0151v\u00fcl az ig\u00e9nybe vehet\u0151 j\u00e1ratok sz\u00e1ma. A v\u00e1ros sz\u00e1mos pontj\u00e1n \u00faj meg\u00e1ll\u00f3helyek is l\u00e9tes\u00fclnek, amelyek b\u0151v\u00edtik a ter\u00fcleti lefedetts\u00e9get. T\u00f6bb meg\u00e1ll\u00f3hely elnevez\u00e9se megv\u00e1ltozik a k\u00f6nnyebb t\u00e1j\u00e9koz\u00f3d\u00e1st el\u0151seg\u00edtend\u0151, a kezdeti id\u0151szakban k\u00e9rj\u00fck legyenek erre kiemelt figyelemmel.<\/p>\n<h3><strong>Mikor v\u00e1ltozik a h\u00e1l\u00f3zat \u00e9s a menetrend?<\/strong><\/h3>\n<p>Az \u00faj h\u00e1l\u00f3zat \u00e9s menetrend bevezet\u00e9s\u00e9re v\u00e1rhat\u00f3an 2023. j\u00fanius 17-\u00e9n, a tansz\u00fcnet kezdetekor ker\u00fcl sor.<\/p>\n<h3><strong>A jegyek \u00e9s b\u00e9rletek \u00e9rv\u00e9nyess\u00e9ge<\/strong><\/h3>\n<p>Valamennyi helyi jegy \u00e9s b\u00e9rlet ahogy eddig is, \u00e9rv\u00e9nyes lesz a helyi \u00e9s helyk\u00f6zi aut\u00f3buszokon is Esztergom k\u00f6zigazgat\u00e1si hat\u00e1rain bel\u00fcl. A helyk\u00f6zi jegyek \u00e9s b\u00e9rletek a helyi j\u00e1ratokon is \u00e9rv\u00e9nyesek lesznek az Esztergomon bel\u00fcli szakaszokon is.<\/p>\n<p><span style=\"text-decoration: underline; color: #0000ff;\"><a style=\"color: #0000ff;\" href=\"https:\/\/esztergom.hu\/items\/docs\/esztergom_vonalak_230418.pdf\" target=\"_blank\" rel=\"noopener\">Az Esztergom bel\u00fcli \u00faj \u00fatvonalakat r\u00e9szletesen a mell\u00e9kelt t\u00e9rk\u00e9pek seg\u00edts\u00e9g\u00e9vel mutatj\u00e1k be.<\/a><\/span><\/p>\n<p>A v\u00e1ltoz\u00e1ssal kapcsolatos megl\u00e1t\u00e1saikat, \u00e9szrev\u00e9teleiket 2023.04.30-ig a <span style=\"text-decoration: underline; color: #0000ff;\"><a style=\"color: #0000ff; text-decoration: underline;\" href=\"mailto:tomegkozlekedes@esztergom.hu\" target=\"_blank\" rel=\"noopener\">tomegkozlekedes@esztergom.hu<\/a> <\/span>e-mail c\u00edmre v\u00e1rj\u00e1k.<\/p>\n<p><strong>A t\u00e9m\u00e1ban 2023. \u00e1prilis 24-\u00e9n 16.30-as kezdettel lakoss\u00e1gi f\u00f3rumot tartanak a V\u00e1rosh\u00e1za Nagyterm\u00e9ben, melyre minden \u00e9rdekl\u0151d\u0151t tisztelettel v\u00e1rnak!<\/strong><\/p>\n<p><em>Forr\u00e1s: esztergom.hu<\/em><\/p>\n","protected":false},"excerpt":{"rendered":"<p>2023. j\u00fanius 17-t\u0151l, a ny\u00e1ri tansz\u00fcnet kezdet\u00e9t\u0151l \u00faj buszh\u00e1l\u00f3zatot \u00e9s menetrendet vezet be az esztergomi \u00f6nkorm\u00e1nyzat \u00e9s a Vol\u00e1nbusz Zrt. a Mobilissimus tervez\u0151 m\u0171hely szakmai t\u00e1mogat\u00e1sa mellett. A v\u00e1ltoz\u00e1s r\u00e9v\u00e9n Esztergomon bel\u00fcl \u00faj \u00fatvonalakon is el\u00e9rhet\u0151ek lesznek az aut\u00f3buszok, a helyi \u00e9s helyk\u00f6zi rendszer pedig az eddigin\u00e9l jobban eg\u00e9sz\u00edti ki egym\u00e1st. C\u00e9l, hogy az esztergomiak<\/p>\n","protected":false},"author":1,"featured_media":43735,"comment_status":"closed","ping_status":"closed","sticky":false,"template":"","format":"standard","meta":{"ngg_post_thumbnail":0,"footnotes":""},"categories":[38,3],"tags":[458,1043,42,279,1088,1015],"class_list":{"0":"post-52120","1":"post","2":"type-post","3":"status-publish","4":"format-standard","5":"has-post-thumbnail","7":"category-esztergom","8":"category-hirek","9":"tag-autobusz","10":"tag-busz","11":"tag-esztergom","12":"tag-kozlekedes","13":"tag-tomegkozlekedes","14":"tag-volanbusz"},"yoast_head":"<!-- This site is optimized with the Yoast SEO plugin v27.4 - https:\/\/yoast.com\/product\/yoast-seo-wordpress\/ -->\n<title>\u00daj h\u00e1l\u00f3zat \u00e9s menetrend Esztergomban<\/title>\n<meta name=\"robots\" content=\"index, follow, max-snippet:-1, max-image-preview:large, max-video-preview:-1\" \/>\n<link rel=\"canonical\" href=\"https:\/\/dorogimedence.hu\/index.php\/2023\/04\/18\/uj-halozat-es-menetrend-esztergomban\/\" class=\"yoast-seo-meta-tag\" \/>\n<meta property=\"og:locale\" content=\"hu_HU\" class=\"yoast-seo-meta-tag\" \/>\n<meta property=\"og:type\" content=\"article\" class=\"yoast-seo-meta-tag\" \/>\n<meta property=\"og:title\" content=\"\u00daj h\u00e1l\u00f3zat \u00e9s menetrend Esztergomban\" class=\"yoast-seo-meta-tag\" \/>\n<meta property=\"og:description\" content=\"2023. j\u00fanius 17-t\u0151l, a ny\u00e1ri tansz\u00fcnet kezdet\u00e9t\u0151l \u00faj buszh\u00e1l\u00f3zatot \u00e9s menetrendet vezet be az esztergomi \u00f6nkorm\u00e1nyzat \u00e9s a Vol\u00e1nbusz Zrt. a Mobilissimus tervez\u0151 m\u0171hely szakmai t\u00e1mogat\u00e1sa mellett. A v\u00e1ltoz\u00e1s r\u00e9v\u00e9n Esztergomon bel\u00fcl \u00faj \u00fatvonalakon is el\u00e9rhet\u0151ek lesznek az aut\u00f3buszok, a helyi \u00e9s helyk\u00f6zi rendszer pedig az eddigin\u00e9l jobban eg\u00e9sz\u00edti ki egym\u00e1st. C\u00e9l, hogy az esztergomiak\" class=\"yoast-seo-meta-tag\" \/>\n<meta property=\"og:url\" content=\"https:\/\/dorogimedence.hu\/index.php\/2023\/04\/18\/uj-halozat-es-menetrend-esztergomban\/\" class=\"yoast-seo-meta-tag\" \/>\n<meta property=\"og:site_name\" content=\"Dorogi-medence Region\u00e1lis H\u00edrport\u00e1l\" class=\"yoast-seo-meta-tag\" \/>\n<meta property=\"article:publisher\" content=\"https:\/\/www.facebook.com\/dorogimedence\/\" class=\"yoast-seo-meta-tag\" \/>\n<meta property=\"article:published_time\" content=\"2023-04-18T15:15:30+00:00\" class=\"yoast-seo-meta-tag\" \/>\n<meta property=\"article:modified_time\" content=\"2023-04-18T15:15:52+00:00\" class=\"yoast-seo-meta-tag\" \/>\n<meta property=\"og:image\" content=\"https:\/\/dorogimedence.hu\/wp-content\/uploads\/2022\/06\/buszatado-08.jpg\" class=\"yoast-seo-meta-tag\" \/>\n\t<meta property=\"og:image:width\" content=\"1920\" class=\"yoast-seo-meta-tag\" \/>\n\t<meta property=\"og:image:height\" content=\"1280\" class=\"yoast-seo-meta-tag\" \/>\n\t<meta property=\"og:image:type\" content=\"image\/jpeg\" class=\"yoast-seo-meta-tag\" \/>\n<meta name=\"author\" content=\"dorogimedence.hu\" class=\"yoast-seo-meta-tag\" \/>\n<meta name=\"twitter:card\" content=\"summary_large_image\" class=\"yoast-seo-meta-tag\" \/>\n<meta name=\"twitter:label1\" content=\"Szerz\u0151:\" class=\"yoast-seo-meta-tag\" \/>\n\t<meta name=\"twitter:data1\" content=\"dorogimedence.hu\" class=\"yoast-seo-meta-tag\" \/>\n\t<meta name=\"twitter:label2\" content=\"Becs\u00fclt olvas\u00e1si id\u0151\" class=\"yoast-seo-meta-tag\" \/>\n\t<meta name=\"twitter:data2\" content=\"7 perc\" class=\"yoast-seo-meta-tag\" \/>\n<script type=\"application\/ld+json\" class=\"yoast-schema-graph\">{\"@context\":\"https:\\\/\\\/schema.org\",\"@graph\":[{\"@type\":\"Article\",\"@id\":\"https:\\\/\\\/dorogimedence.hu\\\/index.php\\\/2023\\\/04\\\/18\\\/uj-halozat-es-menetrend-esztergomban\\\/#article\",\"isPartOf\":{\"@id\":\"https:\\\/\\\/dorogimedence.hu\\\/index.php\\\/2023\\\/04\\\/18\\\/uj-halozat-es-menetrend-esztergomban\\\/\"},\"author\":{\"name\":\"dorogimedence.hu\",\"@id\":\"https:\\\/\\\/dorogimedence.hu\\\/#\\\/schema\\\/person\\\/ce6091eeb7e95ecdc87890d6aa8e0fd4\"},\"headline\":\"\u00daj h\u00e1l\u00f3zat \u00e9s menetrend Esztergomban\",\"datePublished\":\"2023-04-18T15:15:30+00:00\",\"dateModified\":\"2023-04-18T15:15:52+00:00\",\"mainEntityOfPage\":{\"@id\":\"https:\\\/\\\/dorogimedence.hu\\\/index.php\\\/2023\\\/04\\\/18\\\/uj-halozat-es-menetrend-esztergomban\\\/\"},\"wordCount\":1476,\"publisher\":{\"@id\":\"https:\\\/\\\/dorogimedence.hu\\\/#organization\"},\"image\":{\"@id\":\"https:\\\/\\\/dorogimedence.hu\\\/index.php\\\/2023\\\/04\\\/18\\\/uj-halozat-es-menetrend-esztergomban\\\/#primaryimage\"},\"thumbnailUrl\":\"https:\\\/\\\/dorogimedence.hu\\\/wp-content\\\/uploads\\\/2022\\\/06\\\/buszatado-08.jpg\",\"keywords\":[\"aut\u00f3busz\",\"busz\",\"esztergom\",\"k\u00f6zleked\u00e9s\",\"t\u00f6megk\u00f6zleked\u00e9s\",\"vol\u00e1nbusz\"],\"articleSection\":[\"Esztergom\",\"H\u00edrek\"],\"inLanguage\":\"hu\"},{\"@type\":\"WebPage\",\"@id\":\"https:\\\/\\\/dorogimedence.hu\\\/index.php\\\/2023\\\/04\\\/18\\\/uj-halozat-es-menetrend-esztergomban\\\/\",\"url\":\"https:\\\/\\\/dorogimedence.hu\\\/index.php\\\/2023\\\/04\\\/18\\\/uj-halozat-es-menetrend-esztergomban\\\/\",\"name\":\"\u00daj h\u00e1l\u00f3zat \u00e9s menetrend Esztergomban\",\"isPartOf\":{\"@id\":\"https:\\\/\\\/dorogimedence.hu\\\/#website\"},\"primaryImageOfPage\":{\"@id\":\"https:\\\/\\\/dorogimedence.hu\\\/index.php\\\/2023\\\/04\\\/18\\\/uj-halozat-es-menetrend-esztergomban\\\/#primaryimage\"},\"image\":{\"@id\":\"https:\\\/\\\/dorogimedence.hu\\\/index.php\\\/2023\\\/04\\\/18\\\/uj-halozat-es-menetrend-esztergomban\\\/#primaryimage\"},\"thumbnailUrl\":\"https:\\\/\\\/dorogimedence.hu\\\/wp-content\\\/uploads\\\/2022\\\/06\\\/buszatado-08.jpg\",\"datePublished\":\"2023-04-18T15:15:30+00:00\",\"dateModified\":\"2023-04-18T15:15:52+00:00\",\"breadcrumb\":{\"@id\":\"https:\\\/\\\/dorogimedence.hu\\\/index.php\\\/2023\\\/04\\\/18\\\/uj-halozat-es-menetrend-esztergomban\\\/#breadcrumb\"},\"inLanguage\":\"hu\",\"potentialAction\":[{\"@type\":\"ReadAction\",\"target\":[\"https:\\\/\\\/dorogimedence.hu\\\/index.php\\\/2023\\\/04\\\/18\\\/uj-halozat-es-menetrend-esztergomban\\\/\"]}]},{\"@type\":\"ImageObject\",\"inLanguage\":\"hu\",\"@id\":\"https:\\\/\\\/dorogimedence.hu\\\/index.php\\\/2023\\\/04\\\/18\\\/uj-halozat-es-menetrend-esztergomban\\\/#primaryimage\",\"url\":\"https:\\\/\\\/dorogimedence.hu\\\/wp-content\\\/uploads\\\/2022\\\/06\\\/buszatado-08.jpg\",\"contentUrl\":\"https:\\\/\\\/dorogimedence.hu\\\/wp-content\\\/uploads\\\/2022\\\/06\\\/buszatado-08.jpg\",\"width\":1920,\"height\":1280},{\"@type\":\"BreadcrumbList\",\"@id\":\"https:\\\/\\\/dorogimedence.hu\\\/index.php\\\/2023\\\/04\\\/18\\\/uj-halozat-es-menetrend-esztergomban\\\/#breadcrumb\",\"itemListElement\":[{\"@type\":\"ListItem\",\"position\":1,\"name\":\"Kezd\u0151lap\",\"item\":\"https:\\\/\\\/dorogimedence.hu\\\/\"},{\"@type\":\"ListItem\",\"position\":2,\"name\":\"\u00daj h\u00e1l\u00f3zat \u00e9s menetrend Esztergomban\"}]},{\"@type\":\"WebSite\",\"@id\":\"https:\\\/\\\/dorogimedence.hu\\\/#website\",\"url\":\"https:\\\/\\\/dorogimedence.hu\\\/\",\"name\":\"Dorogi-medence Region\u00e1lis H\u00edrport\u00e1l\",\"description\":\"Dorog, Keszt\u00f6lc, Le\u00e1nyv\u00e1r, Piliscs\u00e9v, Tokod, Tokodalt\u00e1r\u00f3, Csolnok, Esztergom-kertv\u00e1ros: h\u00edrek, programok\",\"publisher\":{\"@id\":\"https:\\\/\\\/dorogimedence.hu\\\/#organization\"},\"potentialAction\":[{\"@type\":\"SearchAction\",\"target\":{\"@type\":\"EntryPoint\",\"urlTemplate\":\"https:\\\/\\\/dorogimedence.hu\\\/?s={search_term_string}\"},\"query-input\":{\"@type\":\"PropertyValueSpecification\",\"valueRequired\":true,\"valueName\":\"search_term_string\"}}],\"inLanguage\":\"hu\"},{\"@type\":\"Organization\",\"@id\":\"https:\\\/\\\/dorogimedence.hu\\\/#organization\",\"name\":\"Dorogi-medence Region\u00e1lis H\u00edrport\u00e1l\",\"url\":\"https:\\\/\\\/dorogimedence.hu\\\/\",\"logo\":{\"@type\":\"ImageObject\",\"inLanguage\":\"hu\",\"@id\":\"https:\\\/\\\/dorogimedence.hu\\\/#\\\/schema\\\/logo\\\/image\\\/\",\"url\":\"https:\\\/\\\/dorogimedence.hu\\\/wp-content\\\/uploads\\\/2021\\\/04\\\/logo-feher-600.png\",\"contentUrl\":\"https:\\\/\\\/dorogimedence.hu\\\/wp-content\\\/uploads\\\/2021\\\/04\\\/logo-feher-600.png\",\"width\":600,\"height\":100,\"caption\":\"Dorogi-medence Region\u00e1lis H\u00edrport\u00e1l\"},\"image\":{\"@id\":\"https:\\\/\\\/dorogimedence.hu\\\/#\\\/schema\\\/logo\\\/image\\\/\"},\"sameAs\":[\"https:\\\/\\\/www.facebook.com\\\/dorogimedence\\\/\"]},{\"@type\":\"Person\",\"@id\":\"https:\\\/\\\/dorogimedence.hu\\\/#\\\/schema\\\/person\\\/ce6091eeb7e95ecdc87890d6aa8e0fd4\",\"name\":\"dorogimedence.hu\",\"image\":{\"@type\":\"ImageObject\",\"inLanguage\":\"hu\",\"@id\":\"\\\/\\\/www.gravatar.com\\\/avatar\\\/d8d45f8901aadff40a4af72c0b826f1d?s=96&#038;r=g&#038;d=mm\",\"url\":\"\\\/\\\/www.gravatar.com\\\/avatar\\\/d8d45f8901aadff40a4af72c0b826f1d?s=96&#038;r=g&#038;d=mm\",\"contentUrl\":\"\\\/\\\/www.gravatar.com\\\/avatar\\\/d8d45f8901aadff40a4af72c0b826f1d?s=96&#038;r=g&#038;d=mm\",\"caption\":\"dorogimedence.hu\"}}]}<\/script>\n<!-- \/ Yoast SEO plugin. -->","yoast_head_json":{"title":"\u00daj h\u00e1l\u00f3zat \u00e9s menetrend Esztergomban","robots":{"index":"index","follow":"follow","max-snippet":"max-snippet:-1","max-image-preview":"max-image-preview:large","max-video-preview":"max-video-preview:-1"},"canonical":"https:\/\/dorogimedence.hu\/index.php\/2023\/04\/18\/uj-halozat-es-menetrend-esztergomban\/","og_locale":"hu_HU","og_type":"article","og_title":"\u00daj h\u00e1l\u00f3zat \u00e9s menetrend Esztergomban","og_description":"2023. j\u00fanius 17-t\u0151l, a ny\u00e1ri tansz\u00fcnet kezdet\u00e9t\u0151l \u00faj buszh\u00e1l\u00f3zatot \u00e9s menetrendet vezet be az esztergomi \u00f6nkorm\u00e1nyzat \u00e9s a Vol\u00e1nbusz Zrt. a Mobilissimus tervez\u0151 m\u0171hely szakmai t\u00e1mogat\u00e1sa mellett. A v\u00e1ltoz\u00e1s r\u00e9v\u00e9n Esztergomon bel\u00fcl \u00faj \u00fatvonalakon is el\u00e9rhet\u0151ek lesznek az aut\u00f3buszok, a helyi \u00e9s helyk\u00f6zi rendszer pedig az eddigin\u00e9l jobban eg\u00e9sz\u00edti ki egym\u00e1st. C\u00e9l, hogy az esztergomiak","og_url":"https:\/\/dorogimedence.hu\/index.php\/2023\/04\/18\/uj-halozat-es-menetrend-esztergomban\/","og_site_name":"Dorogi-medence Region\u00e1lis H\u00edrport\u00e1l","article_publisher":"https:\/\/www.facebook.com\/dorogimedence\/","article_published_time":"2023-04-18T15:15:30+00:00","article_modified_time":"2023-04-18T15:15:52+00:00","og_image":[{"width":1920,"height":1280,"url":"https:\/\/dorogimedence.hu\/wp-content\/uploads\/2022\/06\/buszatado-08.jpg","type":"image\/jpeg"}],"author":"dorogimedence.hu","twitter_card":"summary_large_image","twitter_misc":{"Szerz\u0151:":"dorogimedence.hu","Becs\u00fclt olvas\u00e1si id\u0151":"7 perc"},"schema":{"@context":"https:\/\/schema.org","@graph":[{"@type":"Article","@id":"https:\/\/dorogimedence.hu\/index.php\/2023\/04\/18\/uj-halozat-es-menetrend-esztergomban\/#article","isPartOf":{"@id":"https:\/\/dorogimedence.hu\/index.php\/2023\/04\/18\/uj-halozat-es-menetrend-esztergomban\/"},"author":{"name":"dorogimedence.hu","@id":"https:\/\/dorogimedence.hu\/#\/schema\/person\/ce6091eeb7e95ecdc87890d6aa8e0fd4"},"headline":"\u00daj h\u00e1l\u00f3zat \u00e9s menetrend Esztergomban","datePublished":"2023-04-18T15:15:30+00:00","dateModified":"2023-04-18T15:15:52+00:00","mainEntityOfPage":{"@id":"https:\/\/dorogimedence.hu\/index.php\/2023\/04\/18\/uj-halozat-es-menetrend-esztergomban\/"},"wordCount":1476,"publisher":{"@id":"https:\/\/dorogimedence.hu\/#organization"},"image":{"@id":"https:\/\/dorogimedence.hu\/index.php\/2023\/04\/18\/uj-halozat-es-menetrend-esztergomban\/#primaryimage"},"thumbnailUrl":"https:\/\/dorogimedence.hu\/wp-content\/uploads\/2022\/06\/buszatado-08.jpg","keywords":["aut\u00f3busz","busz","esztergom","k\u00f6zleked\u00e9s","t\u00f6megk\u00f6zleked\u00e9s","vol\u00e1nbusz"],"articleSection":["Esztergom","H\u00edrek"],"inLanguage":"hu"},{"@type":"WebPage","@id":"https:\/\/dorogimedence.hu\/index.php\/2023\/04\/18\/uj-halozat-es-menetrend-esztergomban\/","url":"https:\/\/dorogimedence.hu\/index.php\/2023\/04\/18\/uj-halozat-es-menetrend-esztergomban\/","name":"\u00daj h\u00e1l\u00f3zat \u00e9s menetrend Esztergomban","isPartOf":{"@id":"https:\/\/dorogimedence.hu\/#website"},"primaryImageOfPage":{"@id":"https:\/\/dorogimedence.hu\/index.php\/2023\/04\/18\/uj-halozat-es-menetrend-esztergomban\/#primaryimage"},"image":{"@id":"https:\/\/dorogimedence.hu\/index.php\/2023\/04\/18\/uj-halozat-es-menetrend-esztergomban\/#primaryimage"},"thumbnailUrl":"https:\/\/dorogimedence.hu\/wp-content\/uploads\/2022\/06\/buszatado-08.jpg","datePublished":"2023-04-18T15:15:30+00:00","dateModified":"2023-04-18T15:15:52+00:00","breadcrumb":{"@id":"https:\/\/dorogimedence.hu\/index.php\/2023\/04\/18\/uj-halozat-es-menetrend-esztergomban\/#breadcrumb"},"inLanguage":"hu","potentialAction":[{"@type":"ReadAction","target":["https:\/\/dorogimedence.hu\/index.php\/2023\/04\/18\/uj-halozat-es-menetrend-esztergomban\/"]}]},{"@type":"ImageObject","inLanguage":"hu","@id":"https:\/\/dorogimedence.hu\/index.php\/2023\/04\/18\/uj-halozat-es-menetrend-esztergomban\/#primaryimage","url":"https:\/\/dorogimedence.hu\/wp-content\/uploads\/2022\/06\/buszatado-08.jpg","contentUrl":"https:\/\/dorogimedence.hu\/wp-content\/uploads\/2022\/06\/buszatado-08.jpg","width":1920,"height":1280},{"@type":"BreadcrumbList","@id":"https:\/\/dorogimedence.hu\/index.php\/2023\/04\/18\/uj-halozat-es-menetrend-esztergomban\/#breadcrumb","itemListElement":[{"@type":"ListItem","position":1,"name":"Kezd\u0151lap","item":"https:\/\/dorogimedence.hu\/"},{"@type":"ListItem","position":2,"name":"\u00daj h\u00e1l\u00f3zat \u00e9s menetrend Esztergomban"}]},{"@type":"WebSite","@id":"https:\/\/dorogimedence.hu\/#website","url":"https:\/\/dorogimedence.hu\/","name":"Dorogi-medence Region\u00e1lis H\u00edrport\u00e1l","description":"Dorog, Keszt\u00f6lc, Le\u00e1nyv\u00e1r, Piliscs\u00e9v, Tokod, Tokodalt\u00e1r\u00f3, Csolnok, Esztergom-kertv\u00e1ros: h\u00edrek, programok","publisher":{"@id":"https:\/\/dorogimedence.hu\/#organization"},"potentialAction":[{"@type":"SearchAction","target":{"@type":"EntryPoint","urlTemplate":"https:\/\/dorogimedence.hu\/?s={search_term_string}"},"query-input":{"@type":"PropertyValueSpecification","valueRequired":true,"valueName":"search_term_string"}}],"inLanguage":"hu"},{"@type":"Organization","@id":"https:\/\/dorogimedence.hu\/#organization","name":"Dorogi-medence Region\u00e1lis H\u00edrport\u00e1l","url":"https:\/\/dorogimedence.hu\/","logo":{"@type":"ImageObject","inLanguage":"hu","@id":"https:\/\/dorogimedence.hu\/#\/schema\/logo\/image\/","url":"https:\/\/dorogimedence.hu\/wp-content\/uploads\/2021\/04\/logo-feher-600.png","contentUrl":"https:\/\/dorogimedence.hu\/wp-content\/uploads\/2021\/04\/logo-feher-600.png","width":600,"height":100,"caption":"Dorogi-medence Region\u00e1lis H\u00edrport\u00e1l"},"image":{"@id":"https:\/\/dorogimedence.hu\/#\/schema\/logo\/image\/"},"sameAs":["https:\/\/www.facebook.com\/dorogimedence\/"]},{"@type":"Person","@id":"https:\/\/dorogimedence.hu\/#\/schema\/person\/ce6091eeb7e95ecdc87890d6aa8e0fd4","name":"dorogimedence.hu","image":{"@type":"ImageObject","inLanguage":"hu","@id":"\/\/www.gravatar.com\/avatar\/d8d45f8901aadff40a4af72c0b826f1d?s=96&#038;r=g&#038;d=mm","url":"\/\/www.gravatar.com\/avatar\/d8d45f8901aadff40a4af72c0b826f1d?s=96&#038;r=g&#038;d=mm","contentUrl":"\/\/www.gravatar.com\/avatar\/d8d45f8901aadff40a4af72c0b826f1d?s=96&#038;r=g&#038;d=mm","caption":"dorogimedence.hu"}}]}},"_links":{"self":[{"href":"https:\/\/dorogimedence.hu\/index.php\/wp-json\/wp\/v2\/posts\/52120","targetHints":{"allow":["GET"]}}],"collection":[{"href":"https:\/\/dorogimedence.hu\/index.php\/wp-json\/wp\/v2\/posts"}],"about":[{"href":"https:\/\/dorogimedence.hu\/index.php\/wp-json\/wp\/v2\/types\/post"}],"author":[{"embeddable":true,"href":"https:\/\/dorogimedence.hu\/index.php\/wp-json\/wp\/v2\/users\/1"}],"replies":[{"embeddable":true,"href":"https:\/\/dorogimedence.hu\/index.php\/wp-json\/wp\/v2\/comments?post=52120"}],"version-history":[{"count":0,"href":"https:\/\/dorogimedence.hu\/index.php\/wp-json\/wp\/v2\/posts\/52120\/revisions"}],"wp:featuredmedia":[{"embeddable":true,"href":"https:\/\/dorogimedence.hu\/index.php\/wp-json\/wp\/v2\/media\/43735"}],"wp:attachment":[{"href":"https:\/\/dorogimedence.hu\/index.php\/wp-json\/wp\/v2\/media?parent=52120"}],"wp:term":[{"taxonomy":"category","embeddable":true,"href":"https:\/\/dorogimedence.hu\/index.php\/wp-json\/wp\/v2\/categories?post=52120"},{"taxonomy":"post_tag","embeddable":true,"href":"https:\/\/dorogimedence.hu\/index.php\/wp-json\/wp\/v2\/tags?post=52120"}],"curies":[{"name":"wp","href":"https:\/\/api.w.org\/{rel}","templated":true}]}}