{"id":51974,"date":"2023-04-13T14:07:15","date_gmt":"2023-04-13T12:07:15","guid":{"rendered":"https:\/\/dorogimedence.hu\/?p=51974"},"modified":"2023-04-13T14:07:29","modified_gmt":"2023-04-13T12:07:29","slug":"ugyfelszolgalati-irodat-nyitott-az-mvm-esztergomban","status":"publish","type":"post","link":"https:\/\/dorogimedence.hu\/index.php\/2023\/04\/13\/ugyfelszolgalati-irodat-nyitott-az-mvm-esztergomban\/","title":{"rendered":"\u00dcgyf\u00e9lszolg\u00e1lati irod\u00e1t nyitott az MVM Esztergomban"},"content":{"rendered":"<p><strong>Az MVM egy szolg\u00e1ltat\u00f3 v\u00e1llalat, \u00e9s ahhoz, hogy az \u00fcgyfeleket min\u00e9l magasabb sz\u00ednvonalon ki tudjuk szolg\u00e1lni, kell olyan hely, ahol \u00e9rintkez\u00fcnk<\/strong> <em>\u2013 mondta Lantos Csaba energia\u00fcgyi miniszter az MVM \u00faj esztergomi \u00fcgyf\u00e9lszolg\u00e1lat\u00e1nak \u00e1tad\u00e1s\u00e1n \u00e1prilis 13-\u00e1n, cs\u00fct\u00f6rt\u00f6k\u00f6n.<\/em><\/p>\n<p>A miniszter elmondta, hogy az MVM 3,7 milli\u00f3 villany\u00e1ram- \u00e9s 5,2 milli\u00f3 g\u00e1zm\u00e9r\u0151vel rendelkezik lakoss\u00e1gi fronton az orsz\u00e1gban. Ennek megfelel\u0151 az \u00fcgyf\u00e9lszolg\u00e1lat terhel\u00e9se is, ami miatt elengedhetetlen \u00faj \u00fcgyf\u00e9lszolg\u00e1lati irod\u00e1k nyit\u00e1sa. \u201eTavaly az \u00fcgyf\u00e9lforgalommal kapcsolatban sok kifog\u00e1s halmoz\u00f3dott fel. Az Esztergomban megnyitott 45. MVM \u00fcgyf\u00e9lszolg\u00e1lati iroda azt a t\u00f6rekv\u00e9st is szimboliz\u00e1lja, hogy ez a probl\u00e9ma a j\u00f6v\u0151ben ne ism\u00e9tl\u0151dj\u00f6n meg \u00e9s emberi m\u00f3don tudjuk kiszolg\u00e1lni az \u00fcgyfeleket\u201d \u2013 tette hozz\u00e1 Lantos Csaba, majd kiemelte, hogy a korm\u00e1ny a rezsics\u00f6kkent\u00e9ssel meg tudta v\u00e9deni a h\u00e1ztart\u00e1sokat, \u00edgy fogyaszt\u00e1si hat\u00e1rig olyan \u00e1rakon tudj\u00e1k a villany\u00e1ramot \u00e9s a f\u00f6ldg\u00e1zt is szolg\u00e1ltatni, ami Eur\u00f3p\u00e1ban a legalacsonyabb.<\/p>\n<p><img fetchpriority=\"high\" decoding=\"async\" class=\"alignnone size-full wp-image-51977\" src=\"https:\/\/dorogimedence.hu\/wp-content\/uploads\/2023\/04\/mvm-03.jpg\" alt=\"\" width=\"1920\" height=\"1235\" srcset=\"https:\/\/dorogimedence.hu\/wp-content\/uploads\/2023\/04\/mvm-03.jpg 1920w, https:\/\/dorogimedence.hu\/wp-content\/uploads\/2023\/04\/mvm-03-300x193.jpg 300w, https:\/\/dorogimedence.hu\/wp-content\/uploads\/2023\/04\/mvm-03-1024x659.jpg 1024w, https:\/\/dorogimedence.hu\/wp-content\/uploads\/2023\/04\/mvm-03-768x494.jpg 768w, https:\/\/dorogimedence.hu\/wp-content\/uploads\/2023\/04\/mvm-03-1536x988.jpg 1536w, https:\/\/dorogimedence.hu\/wp-content\/uploads\/2023\/04\/mvm-03-150x96.jpg 150w, https:\/\/dorogimedence.hu\/wp-content\/uploads\/2023\/04\/mvm-03-450x289.jpg 450w, https:\/\/dorogimedence.hu\/wp-content\/uploads\/2023\/04\/mvm-03-1200x772.jpg 1200w\" sizes=\"(max-width: 1920px) 100vw, 1920px\" \/><\/p>\n<p>M\u00e1trai K\u00e1roly, az MVM vez\u00e9rigazgat\u00f3ja elmondta, hogy 2022 egy rendk\u00edv\u00fcli neh\u00e9z \u00e9v volt mindenki sz\u00e1m\u00e1ra \u00e9s egy embert pr\u00f3b\u00e1l\u00f3 id\u0151szakon vagyunk t\u00fal. Ez mind igaz a t\u00e1rsas\u00e1gra, a v\u00e1llalkoz\u00e1sokra \u00e9s a h\u00e1ztart\u00e1sokra is. A vez\u00e9rigazgat\u00f3 kijelentette, hogy az idei \u00e9v legf\u0151bb feladat\u00e1nak az \u00fcgyfelek magasabb szint\u0171 kiszolg\u00e1l\u00e1s\u00e1t t\u0171zt\u00e9k ki. Kit\u00e9rt arra is, hogy az MVM kor\u00e1bban a helyi post\u00e1n m\u0171k\u00f6dtetett egy fi\u00f3kirod\u00e1t hetente k\u00e9tszer, ahol ezern\u00e9l t\u00f6bb embert szolg\u00e1ltak ki. Azonban kin\u0151tt\u00e9k magukat, ez\u00e9rt most megnyitj\u00e1k az \u00faj \u00fcgyf\u00e9lszolg\u00e1lati irod\u00e1jukat. A Bajcsy-Zsilinszky 7. sz\u00e1m alatt \u00e1prilis 17-\u00e9t\u0151l a h\u00e9t minden munkanapj\u00e1n v\u00e1rj\u00e1k az \u00fcgyfeleket a szakk\u00e9pzett koll\u00e9g\u00e1k. Mindemellett M\u00e1trai K\u00e1roly arra k\u00e9rte a t\u00e1rsas\u00e1g \u00fcgyfeleit, hogy \u00e9ljenek a korszer\u0171 applik\u00e1ci\u00f3kkal \u00e9s vegy\u00e9k ig\u00e9nybe az MVM digit\u00e1lis fejleszt\u00e9seit, amivel gyorsabb \u00e9s k\u00e9nyelmesebb lehet az \u00fcgyint\u00e9z\u00e9s.<\/p>\n<p><img decoding=\"async\" class=\"alignnone size-full wp-image-51975\" src=\"https:\/\/dorogimedence.hu\/wp-content\/uploads\/2023\/04\/mvm-01.jpg\" alt=\"\" width=\"1920\" height=\"1280\" srcset=\"https:\/\/dorogimedence.hu\/wp-content\/uploads\/2023\/04\/mvm-01.jpg 1920w, https:\/\/dorogimedence.hu\/wp-content\/uploads\/2023\/04\/mvm-01-300x200.jpg 300w, https:\/\/dorogimedence.hu\/wp-content\/uploads\/2023\/04\/mvm-01-1024x683.jpg 1024w, https:\/\/dorogimedence.hu\/wp-content\/uploads\/2023\/04\/mvm-01-768x512.jpg 768w, https:\/\/dorogimedence.hu\/wp-content\/uploads\/2023\/04\/mvm-01-1536x1024.jpg 1536w, https:\/\/dorogimedence.hu\/wp-content\/uploads\/2023\/04\/mvm-01-150x100.jpg 150w, https:\/\/dorogimedence.hu\/wp-content\/uploads\/2023\/04\/mvm-01-450x300.jpg 450w, https:\/\/dorogimedence.hu\/wp-content\/uploads\/2023\/04\/mvm-01-1200x800.jpg 1200w, https:\/\/dorogimedence.hu\/wp-content\/uploads\/2023\/04\/mvm-01-272x182.jpg 272w\" sizes=\"(max-width: 1920px) 100vw, 1920px\" \/><\/p>\n<p>Er\u0151s G\u00e1bor, a t\u00e9rs\u00e9g orsz\u00e1ggy\u0171l\u00e9si k\u00e9pvisel\u0151je elmondta, hogy Esztergom megyei jog\u00fa v\u00e1rosk\u00e9nt egyre nagyobb szerepet t\u00f6lt be a t\u00e9rs\u00e9g \u00e9let\u00e9ben. Az\u00e9rt is fontos ez az iroda megnyit\u00e1sa, mert nem csak a helyieket, hanem j\u00e1r\u00e1si \u00e9s v\u00e1rmegyei \u00fcgyfeleket is seg\u00edteni fogja. \u201eK\u00f6sz\u00f6nettel tartozok az MVM vezet\u00e9s\u00e9nek \u00e9s minden dolgoz\u00f3j\u00e1nak, hogy ezt az irod\u00e1t itt Esztergomban nyitott\u00e1k meg. K\u00edv\u00e1nom, hogy az iroda azzal a lend\u00fclettel \u2013 ahogy a megnyit\u00e1s is t\u00f6rt\u00e9nik \u2013 m\u0171k\u00f6dj\u00f6n tov\u00e1bb, \u00e9s k\u00e9rem azt, hogy az MVM \u00fcgyfelei f\u00e1radjanak be ide, hiszen itt szakk\u00e9pzett, hozz\u00e1\u00e9rt\u0151 szem\u00e9lyzett\u0151l tudnak olyan tan\u00e1csokat kapni, ami \u00e1ltal k\u00f6nnyebb\u00e9 tudj\u00e1k tenni a j\u00f6v\u0151beli \u00e9let\u00fcket\u201d \u2013 jegyezte meg a k\u00e9pvisel\u0151.<\/p>\n<p><img decoding=\"async\" class=\"alignnone size-full wp-image-51976\" src=\"https:\/\/dorogimedence.hu\/wp-content\/uploads\/2023\/04\/mvm-02.jpg\" alt=\"\" width=\"1920\" height=\"1280\" srcset=\"https:\/\/dorogimedence.hu\/wp-content\/uploads\/2023\/04\/mvm-02.jpg 1920w, https:\/\/dorogimedence.hu\/wp-content\/uploads\/2023\/04\/mvm-02-300x200.jpg 300w, https:\/\/dorogimedence.hu\/wp-content\/uploads\/2023\/04\/mvm-02-1024x683.jpg 1024w, https:\/\/dorogimedence.hu\/wp-content\/uploads\/2023\/04\/mvm-02-768x512.jpg 768w, https:\/\/dorogimedence.hu\/wp-content\/uploads\/2023\/04\/mvm-02-1536x1024.jpg 1536w, https:\/\/dorogimedence.hu\/wp-content\/uploads\/2023\/04\/mvm-02-150x100.jpg 150w, https:\/\/dorogimedence.hu\/wp-content\/uploads\/2023\/04\/mvm-02-450x300.jpg 450w, https:\/\/dorogimedence.hu\/wp-content\/uploads\/2023\/04\/mvm-02-1200x800.jpg 1200w, https:\/\/dorogimedence.hu\/wp-content\/uploads\/2023\/04\/mvm-02-272x182.jpg 272w\" sizes=\"(max-width: 1920px) 100vw, 1920px\" \/><\/p>\n<p>A 45. sz\u00e1m\u00fa MVM \u00fcgyf\u00e9lszolg\u00e1lati iroda Esztergomban a Bajcsy-Zsilinszky 7. sz\u00e1m alatt h\u00e9tf\u0151n, kedden, cs\u00fct\u00f6rt\u00f6k\u00f6n \u00e9s p\u00e9nteken reggel 8 \u00f3r\u00e1t\u00f3l d\u00e9lut\u00e1n 14 \u00f3r\u00e1ig, m\u00edg szerd\u00e1n reggel 8 \u00f3r\u00e1t\u00f3l este 20 \u00f3r\u00e1ig v\u00e1rja az \u00fcgyfeleket. Az \u00fcgyf\u00e9lszolg\u00e1lati iroda el\u0151zetes id\u0151pontfoglal\u00e1s eset\u00e9n vehet\u0151 ig\u00e9nybe. Id\u0151pontot online <a href=\"https:\/\/www.mvmnext.hu\/aram\/pages\/online\/idopont_foglalas.jsf?id=1300452\" target=\"_blank\" rel=\"noopener\"><span style=\"text-decoration: underline; color: #0000ff;\">ide kattintva<\/span><\/a> lehet foglalni, vagy telefonon az 1\/20\/30\/70 el\u0151h\u00edv\u00f3sz\u00e1mok egyik\u00e9n a 474-9999-es telefonsz\u00e1mon! Kor\u00e1bbi ELM\u00dc-\u00c9M\u00c1SZ felhaszn\u00e1l\u00f3nak (\u00e1ram men\u00fcpont 1-es gomb), kor\u00e1bbi MVM felhaszn\u00e1l\u00f3knak (\u00e1ram men\u00fcpont 2-es gomb). Az \u00fcgyf\u00e9lszolg\u00e1lati irod\u00e1ban csak bankk\u00e1rty\u00e1s fizet\u00e9s lehets\u00e9ges!<\/p>\n<p><img loading=\"lazy\" decoding=\"async\" class=\"alignnone size-full wp-image-51979\" src=\"https:\/\/dorogimedence.hu\/wp-content\/uploads\/2023\/04\/mvm-05.jpg\" alt=\"\" width=\"1920\" height=\"1280\" srcset=\"https:\/\/dorogimedence.hu\/wp-content\/uploads\/2023\/04\/mvm-05.jpg 1920w, https:\/\/dorogimedence.hu\/wp-content\/uploads\/2023\/04\/mvm-05-300x200.jpg 300w, https:\/\/dorogimedence.hu\/wp-content\/uploads\/2023\/04\/mvm-05-1024x683.jpg 1024w, https:\/\/dorogimedence.hu\/wp-content\/uploads\/2023\/04\/mvm-05-768x512.jpg 768w, https:\/\/dorogimedence.hu\/wp-content\/uploads\/2023\/04\/mvm-05-1536x1024.jpg 1536w, https:\/\/dorogimedence.hu\/wp-content\/uploads\/2023\/04\/mvm-05-150x100.jpg 150w, https:\/\/dorogimedence.hu\/wp-content\/uploads\/2023\/04\/mvm-05-450x300.jpg 450w, https:\/\/dorogimedence.hu\/wp-content\/uploads\/2023\/04\/mvm-05-1200x800.jpg 1200w, https:\/\/dorogimedence.hu\/wp-content\/uploads\/2023\/04\/mvm-05-272x182.jpg 272w\" sizes=\"(max-width: 1920px) 100vw, 1920px\" \/><\/p>\n<p><img loading=\"lazy\" decoding=\"async\" class=\"alignnone size-full wp-image-51980\" src=\"https:\/\/dorogimedence.hu\/wp-content\/uploads\/2023\/04\/mvm-06.jpg\" alt=\"\" width=\"1920\" height=\"1264\" srcset=\"https:\/\/dorogimedence.hu\/wp-content\/uploads\/2023\/04\/mvm-06.jpg 1920w, https:\/\/dorogimedence.hu\/wp-content\/uploads\/2023\/04\/mvm-06-300x198.jpg 300w, https:\/\/dorogimedence.hu\/wp-content\/uploads\/2023\/04\/mvm-06-1024x674.jpg 1024w, https:\/\/dorogimedence.hu\/wp-content\/uploads\/2023\/04\/mvm-06-768x506.jpg 768w, https:\/\/dorogimedence.hu\/wp-content\/uploads\/2023\/04\/mvm-06-1536x1011.jpg 1536w, https:\/\/dorogimedence.hu\/wp-content\/uploads\/2023\/04\/mvm-06-150x99.jpg 150w, https:\/\/dorogimedence.hu\/wp-content\/uploads\/2023\/04\/mvm-06-450x296.jpg 450w, https:\/\/dorogimedence.hu\/wp-content\/uploads\/2023\/04\/mvm-06-1200x790.jpg 1200w\" sizes=\"(max-width: 1920px) 100vw, 1920px\" \/><\/p>\n","protected":false},"excerpt":{"rendered":"<p>Az MVM egy szolg\u00e1ltat\u00f3 v\u00e1llalat, \u00e9s ahhoz, hogy az \u00fcgyfeleket min\u00e9l magasabb sz\u00ednvonalon ki tudjuk szolg\u00e1lni, kell olyan hely, ahol \u00e9rintkez\u00fcnk \u2013 mondta Lantos Csaba energia\u00fcgyi miniszter az MVM \u00faj esztergomi \u00fcgyf\u00e9lszolg\u00e1lat\u00e1nak \u00e1tad\u00e1s\u00e1n \u00e1prilis 13-\u00e1n, cs\u00fct\u00f6rt\u00f6k\u00f6n. A miniszter elmondta, hogy az MVM 3,7 milli\u00f3 villany\u00e1ram- \u00e9s 5,2 milli\u00f3 g\u00e1zm\u00e9r\u0151vel rendelkezik lakoss\u00e1gi fronton az orsz\u00e1gban. Ennek<\/p>\n","protected":false},"author":1,"featured_media":51978,"comment_status":"closed","ping_status":"closed","sticky":false,"template":"","format":"standard","meta":{"ngg_post_thumbnail":0,"footnotes":""},"categories":[38,3],"tags":[826,42,5624,2839,6603,7131],"class_list":{"0":"post-51974","1":"post","2":"type-post","3":"status-publish","4":"format-standard","5":"has-post-thumbnail","7":"category-esztergom","8":"category-hirek","9":"tag-aram","10":"tag-esztergom","11":"tag-featured","12":"tag-gaz","13":"tag-mvm","14":"tag-ugyfelszolgalat"},"yoast_head":"<!-- This site is optimized with the Yoast SEO plugin v27.4 - https:\/\/yoast.com\/product\/yoast-seo-wordpress\/ -->\n<title>\u00dcgyf\u00e9lszolg\u00e1lati irod\u00e1t nyitott az MVM Esztergomban<\/title>\n<meta name=\"robots\" content=\"index, follow, max-snippet:-1, max-image-preview:large, max-video-preview:-1\" \/>\n<link rel=\"canonical\" href=\"https:\/\/dorogimedence.hu\/index.php\/2023\/04\/13\/ugyfelszolgalati-irodat-nyitott-az-mvm-esztergomban\/\" class=\"yoast-seo-meta-tag\" \/>\n<meta property=\"og:locale\" content=\"hu_HU\" class=\"yoast-seo-meta-tag\" \/>\n<meta property=\"og:type\" content=\"article\" class=\"yoast-seo-meta-tag\" \/>\n<meta property=\"og:title\" content=\"\u00dcgyf\u00e9lszolg\u00e1lati irod\u00e1t nyitott az MVM Esztergomban\" class=\"yoast-seo-meta-tag\" \/>\n<meta property=\"og:description\" content=\"Az MVM egy szolg\u00e1ltat\u00f3 v\u00e1llalat, \u00e9s ahhoz, hogy az \u00fcgyfeleket min\u00e9l magasabb sz\u00ednvonalon ki tudjuk szolg\u00e1lni, kell olyan hely, ahol \u00e9rintkez\u00fcnk \u2013 mondta Lantos Csaba energia\u00fcgyi miniszter az MVM \u00faj esztergomi \u00fcgyf\u00e9lszolg\u00e1lat\u00e1nak \u00e1tad\u00e1s\u00e1n \u00e1prilis 13-\u00e1n, cs\u00fct\u00f6rt\u00f6k\u00f6n. A miniszter elmondta, hogy az MVM 3,7 milli\u00f3 villany\u00e1ram- \u00e9s 5,2 milli\u00f3 g\u00e1zm\u00e9r\u0151vel rendelkezik lakoss\u00e1gi fronton az orsz\u00e1gban. Ennek\" class=\"yoast-seo-meta-tag\" \/>\n<meta property=\"og:url\" content=\"https:\/\/dorogimedence.hu\/index.php\/2023\/04\/13\/ugyfelszolgalati-irodat-nyitott-az-mvm-esztergomban\/\" class=\"yoast-seo-meta-tag\" \/>\n<meta property=\"og:site_name\" content=\"Dorogi-medence Region\u00e1lis H\u00edrport\u00e1l\" class=\"yoast-seo-meta-tag\" \/>\n<meta property=\"article:publisher\" content=\"https:\/\/www.facebook.com\/dorogimedence\/\" class=\"yoast-seo-meta-tag\" \/>\n<meta property=\"article:published_time\" content=\"2023-04-13T12:07:15+00:00\" class=\"yoast-seo-meta-tag\" \/>\n<meta property=\"article:modified_time\" content=\"2023-04-13T12:07:29+00:00\" class=\"yoast-seo-meta-tag\" \/>\n<meta property=\"og:image\" content=\"https:\/\/dorogimedence.hu\/wp-content\/uploads\/2023\/04\/mvm-04.jpg\" class=\"yoast-seo-meta-tag\" \/>\n\t<meta property=\"og:image:width\" content=\"1920\" class=\"yoast-seo-meta-tag\" \/>\n\t<meta property=\"og:image:height\" content=\"1127\" class=\"yoast-seo-meta-tag\" \/>\n\t<meta property=\"og:image:type\" content=\"image\/jpeg\" class=\"yoast-seo-meta-tag\" \/>\n<meta name=\"author\" content=\"dorogimedence.hu\" class=\"yoast-seo-meta-tag\" \/>\n<meta name=\"twitter:card\" content=\"summary_large_image\" class=\"yoast-seo-meta-tag\" \/>\n<meta name=\"twitter:label1\" content=\"Szerz\u0151:\" class=\"yoast-seo-meta-tag\" \/>\n\t<meta name=\"twitter:data1\" content=\"dorogimedence.hu\" class=\"yoast-seo-meta-tag\" \/>\n\t<meta name=\"twitter:label2\" content=\"Becs\u00fclt olvas\u00e1si id\u0151\" class=\"yoast-seo-meta-tag\" \/>\n\t<meta name=\"twitter:data2\" content=\"3 perc\" class=\"yoast-seo-meta-tag\" \/>\n<script type=\"application\/ld+json\" class=\"yoast-schema-graph\">{\"@context\":\"https:\\\/\\\/schema.org\",\"@graph\":[{\"@type\":\"Article\",\"@id\":\"https:\\\/\\\/dorogimedence.hu\\\/index.php\\\/2023\\\/04\\\/13\\\/ugyfelszolgalati-irodat-nyitott-az-mvm-esztergomban\\\/#article\",\"isPartOf\":{\"@id\":\"https:\\\/\\\/dorogimedence.hu\\\/index.php\\\/2023\\\/04\\\/13\\\/ugyfelszolgalati-irodat-nyitott-az-mvm-esztergomban\\\/\"},\"author\":{\"name\":\"dorogimedence.hu\",\"@id\":\"https:\\\/\\\/dorogimedence.hu\\\/#\\\/schema\\\/person\\\/ce6091eeb7e95ecdc87890d6aa8e0fd4\"},\"headline\":\"\u00dcgyf\u00e9lszolg\u00e1lati irod\u00e1t nyitott az MVM Esztergomban\",\"datePublished\":\"2023-04-13T12:07:15+00:00\",\"dateModified\":\"2023-04-13T12:07:29+00:00\",\"mainEntityOfPage\":{\"@id\":\"https:\\\/\\\/dorogimedence.hu\\\/index.php\\\/2023\\\/04\\\/13\\\/ugyfelszolgalati-irodat-nyitott-az-mvm-esztergomban\\\/\"},\"wordCount\":672,\"publisher\":{\"@id\":\"https:\\\/\\\/dorogimedence.hu\\\/#organization\"},\"image\":{\"@id\":\"https:\\\/\\\/dorogimedence.hu\\\/index.php\\\/2023\\\/04\\\/13\\\/ugyfelszolgalati-irodat-nyitott-az-mvm-esztergomban\\\/#primaryimage\"},\"thumbnailUrl\":\"https:\\\/\\\/dorogimedence.hu\\\/wp-content\\\/uploads\\\/2023\\\/04\\\/mvm-04.jpg\",\"keywords\":[\"\u00e1ram\",\"esztergom\",\"featured\",\"gaz\",\"MVM\",\"\u00fcgyf\u00e9lszolg\u00e1lat\"],\"articleSection\":[\"Esztergom\",\"H\u00edrek\"],\"inLanguage\":\"hu\"},{\"@type\":\"WebPage\",\"@id\":\"https:\\\/\\\/dorogimedence.hu\\\/index.php\\\/2023\\\/04\\\/13\\\/ugyfelszolgalati-irodat-nyitott-az-mvm-esztergomban\\\/\",\"url\":\"https:\\\/\\\/dorogimedence.hu\\\/index.php\\\/2023\\\/04\\\/13\\\/ugyfelszolgalati-irodat-nyitott-az-mvm-esztergomban\\\/\",\"name\":\"\u00dcgyf\u00e9lszolg\u00e1lati irod\u00e1t nyitott az MVM Esztergomban\",\"isPartOf\":{\"@id\":\"https:\\\/\\\/dorogimedence.hu\\\/#website\"},\"primaryImageOfPage\":{\"@id\":\"https:\\\/\\\/dorogimedence.hu\\\/index.php\\\/2023\\\/04\\\/13\\\/ugyfelszolgalati-irodat-nyitott-az-mvm-esztergomban\\\/#primaryimage\"},\"image\":{\"@id\":\"https:\\\/\\\/dorogimedence.hu\\\/index.php\\\/2023\\\/04\\\/13\\\/ugyfelszolgalati-irodat-nyitott-az-mvm-esztergomban\\\/#primaryimage\"},\"thumbnailUrl\":\"https:\\\/\\\/dorogimedence.hu\\\/wp-content\\\/uploads\\\/2023\\\/04\\\/mvm-04.jpg\",\"datePublished\":\"2023-04-13T12:07:15+00:00\",\"dateModified\":\"2023-04-13T12:07:29+00:00\",\"breadcrumb\":{\"@id\":\"https:\\\/\\\/dorogimedence.hu\\\/index.php\\\/2023\\\/04\\\/13\\\/ugyfelszolgalati-irodat-nyitott-az-mvm-esztergomban\\\/#breadcrumb\"},\"inLanguage\":\"hu\",\"potentialAction\":[{\"@type\":\"ReadAction\",\"target\":[\"https:\\\/\\\/dorogimedence.hu\\\/index.php\\\/2023\\\/04\\\/13\\\/ugyfelszolgalati-irodat-nyitott-az-mvm-esztergomban\\\/\"]}]},{\"@type\":\"ImageObject\",\"inLanguage\":\"hu\",\"@id\":\"https:\\\/\\\/dorogimedence.hu\\\/index.php\\\/2023\\\/04\\\/13\\\/ugyfelszolgalati-irodat-nyitott-az-mvm-esztergomban\\\/#primaryimage\",\"url\":\"https:\\\/\\\/dorogimedence.hu\\\/wp-content\\\/uploads\\\/2023\\\/04\\\/mvm-04.jpg\",\"contentUrl\":\"https:\\\/\\\/dorogimedence.hu\\\/wp-content\\\/uploads\\\/2023\\\/04\\\/mvm-04.jpg\",\"width\":1920,\"height\":1127},{\"@type\":\"BreadcrumbList\",\"@id\":\"https:\\\/\\\/dorogimedence.hu\\\/index.php\\\/2023\\\/04\\\/13\\\/ugyfelszolgalati-irodat-nyitott-az-mvm-esztergomban\\\/#breadcrumb\",\"itemListElement\":[{\"@type\":\"ListItem\",\"position\":1,\"name\":\"Kezd\u0151lap\",\"item\":\"https:\\\/\\\/dorogimedence.hu\\\/\"},{\"@type\":\"ListItem\",\"position\":2,\"name\":\"\u00dcgyf\u00e9lszolg\u00e1lati irod\u00e1t nyitott az MVM Esztergomban\"}]},{\"@type\":\"WebSite\",\"@id\":\"https:\\\/\\\/dorogimedence.hu\\\/#website\",\"url\":\"https:\\\/\\\/dorogimedence.hu\\\/\",\"name\":\"Dorogi-medence Region\u00e1lis H\u00edrport\u00e1l\",\"description\":\"Dorog, Keszt\u00f6lc, Le\u00e1nyv\u00e1r, Piliscs\u00e9v, Tokod, Tokodalt\u00e1r\u00f3, Csolnok, Esztergom-kertv\u00e1ros: h\u00edrek, programok\",\"publisher\":{\"@id\":\"https:\\\/\\\/dorogimedence.hu\\\/#organization\"},\"potentialAction\":[{\"@type\":\"SearchAction\",\"target\":{\"@type\":\"EntryPoint\",\"urlTemplate\":\"https:\\\/\\\/dorogimedence.hu\\\/?s={search_term_string}\"},\"query-input\":{\"@type\":\"PropertyValueSpecification\",\"valueRequired\":true,\"valueName\":\"search_term_string\"}}],\"inLanguage\":\"hu\"},{\"@type\":\"Organization\",\"@id\":\"https:\\\/\\\/dorogimedence.hu\\\/#organization\",\"name\":\"Dorogi-medence Region\u00e1lis H\u00edrport\u00e1l\",\"url\":\"https:\\\/\\\/dorogimedence.hu\\\/\",\"logo\":{\"@type\":\"ImageObject\",\"inLanguage\":\"hu\",\"@id\":\"https:\\\/\\\/dorogimedence.hu\\\/#\\\/schema\\\/logo\\\/image\\\/\",\"url\":\"https:\\\/\\\/dorogimedence.hu\\\/wp-content\\\/uploads\\\/2021\\\/04\\\/logo-feher-600.png\",\"contentUrl\":\"https:\\\/\\\/dorogimedence.hu\\\/wp-content\\\/uploads\\\/2021\\\/04\\\/logo-feher-600.png\",\"width\":600,\"height\":100,\"caption\":\"Dorogi-medence Region\u00e1lis H\u00edrport\u00e1l\"},\"image\":{\"@id\":\"https:\\\/\\\/dorogimedence.hu\\\/#\\\/schema\\\/logo\\\/image\\\/\"},\"sameAs\":[\"https:\\\/\\\/www.facebook.com\\\/dorogimedence\\\/\"]},{\"@type\":\"Person\",\"@id\":\"https:\\\/\\\/dorogimedence.hu\\\/#\\\/schema\\\/person\\\/ce6091eeb7e95ecdc87890d6aa8e0fd4\",\"name\":\"dorogimedence.hu\",\"image\":{\"@type\":\"ImageObject\",\"inLanguage\":\"hu\",\"@id\":\"\\\/\\\/www.gravatar.com\\\/avatar\\\/d8d45f8901aadff40a4af72c0b826f1d?s=96&#038;r=g&#038;d=mm\",\"url\":\"\\\/\\\/www.gravatar.com\\\/avatar\\\/d8d45f8901aadff40a4af72c0b826f1d?s=96&#038;r=g&#038;d=mm\",\"contentUrl\":\"\\\/\\\/www.gravatar.com\\\/avatar\\\/d8d45f8901aadff40a4af72c0b826f1d?s=96&#038;r=g&#038;d=mm\",\"caption\":\"dorogimedence.hu\"}}]}<\/script>\n<!-- \/ Yoast SEO plugin. -->","yoast_head_json":{"title":"\u00dcgyf\u00e9lszolg\u00e1lati irod\u00e1t nyitott az MVM Esztergomban","robots":{"index":"index","follow":"follow","max-snippet":"max-snippet:-1","max-image-preview":"max-image-preview:large","max-video-preview":"max-video-preview:-1"},"canonical":"https:\/\/dorogimedence.hu\/index.php\/2023\/04\/13\/ugyfelszolgalati-irodat-nyitott-az-mvm-esztergomban\/","og_locale":"hu_HU","og_type":"article","og_title":"\u00dcgyf\u00e9lszolg\u00e1lati irod\u00e1t nyitott az MVM Esztergomban","og_description":"Az MVM egy szolg\u00e1ltat\u00f3 v\u00e1llalat, \u00e9s ahhoz, hogy az \u00fcgyfeleket min\u00e9l magasabb sz\u00ednvonalon ki tudjuk szolg\u00e1lni, kell olyan hely, ahol \u00e9rintkez\u00fcnk \u2013 mondta Lantos Csaba energia\u00fcgyi miniszter az MVM \u00faj esztergomi \u00fcgyf\u00e9lszolg\u00e1lat\u00e1nak \u00e1tad\u00e1s\u00e1n \u00e1prilis 13-\u00e1n, cs\u00fct\u00f6rt\u00f6k\u00f6n. A miniszter elmondta, hogy az MVM 3,7 milli\u00f3 villany\u00e1ram- \u00e9s 5,2 milli\u00f3 g\u00e1zm\u00e9r\u0151vel rendelkezik lakoss\u00e1gi fronton az orsz\u00e1gban. Ennek","og_url":"https:\/\/dorogimedence.hu\/index.php\/2023\/04\/13\/ugyfelszolgalati-irodat-nyitott-az-mvm-esztergomban\/","og_site_name":"Dorogi-medence Region\u00e1lis H\u00edrport\u00e1l","article_publisher":"https:\/\/www.facebook.com\/dorogimedence\/","article_published_time":"2023-04-13T12:07:15+00:00","article_modified_time":"2023-04-13T12:07:29+00:00","og_image":[{"width":1920,"height":1127,"url":"https:\/\/dorogimedence.hu\/wp-content\/uploads\/2023\/04\/mvm-04.jpg","type":"image\/jpeg"}],"author":"dorogimedence.hu","twitter_card":"summary_large_image","twitter_misc":{"Szerz\u0151:":"dorogimedence.hu","Becs\u00fclt olvas\u00e1si id\u0151":"3 perc"},"schema":{"@context":"https:\/\/schema.org","@graph":[{"@type":"Article","@id":"https:\/\/dorogimedence.hu\/index.php\/2023\/04\/13\/ugyfelszolgalati-irodat-nyitott-az-mvm-esztergomban\/#article","isPartOf":{"@id":"https:\/\/dorogimedence.hu\/index.php\/2023\/04\/13\/ugyfelszolgalati-irodat-nyitott-az-mvm-esztergomban\/"},"author":{"name":"dorogimedence.hu","@id":"https:\/\/dorogimedence.hu\/#\/schema\/person\/ce6091eeb7e95ecdc87890d6aa8e0fd4"},"headline":"\u00dcgyf\u00e9lszolg\u00e1lati irod\u00e1t nyitott az MVM Esztergomban","datePublished":"2023-04-13T12:07:15+00:00","dateModified":"2023-04-13T12:07:29+00:00","mainEntityOfPage":{"@id":"https:\/\/dorogimedence.hu\/index.php\/2023\/04\/13\/ugyfelszolgalati-irodat-nyitott-az-mvm-esztergomban\/"},"wordCount":672,"publisher":{"@id":"https:\/\/dorogimedence.hu\/#organization"},"image":{"@id":"https:\/\/dorogimedence.hu\/index.php\/2023\/04\/13\/ugyfelszolgalati-irodat-nyitott-az-mvm-esztergomban\/#primaryimage"},"thumbnailUrl":"https:\/\/dorogimedence.hu\/wp-content\/uploads\/2023\/04\/mvm-04.jpg","keywords":["\u00e1ram","esztergom","featured","gaz","MVM","\u00fcgyf\u00e9lszolg\u00e1lat"],"articleSection":["Esztergom","H\u00edrek"],"inLanguage":"hu"},{"@type":"WebPage","@id":"https:\/\/dorogimedence.hu\/index.php\/2023\/04\/13\/ugyfelszolgalati-irodat-nyitott-az-mvm-esztergomban\/","url":"https:\/\/dorogimedence.hu\/index.php\/2023\/04\/13\/ugyfelszolgalati-irodat-nyitott-az-mvm-esztergomban\/","name":"\u00dcgyf\u00e9lszolg\u00e1lati irod\u00e1t nyitott az MVM Esztergomban","isPartOf":{"@id":"https:\/\/dorogimedence.hu\/#website"},"primaryImageOfPage":{"@id":"https:\/\/dorogimedence.hu\/index.php\/2023\/04\/13\/ugyfelszolgalati-irodat-nyitott-az-mvm-esztergomban\/#primaryimage"},"image":{"@id":"https:\/\/dorogimedence.hu\/index.php\/2023\/04\/13\/ugyfelszolgalati-irodat-nyitott-az-mvm-esztergomban\/#primaryimage"},"thumbnailUrl":"https:\/\/dorogimedence.hu\/wp-content\/uploads\/2023\/04\/mvm-04.jpg","datePublished":"2023-04-13T12:07:15+00:00","dateModified":"2023-04-13T12:07:29+00:00","breadcrumb":{"@id":"https:\/\/dorogimedence.hu\/index.php\/2023\/04\/13\/ugyfelszolgalati-irodat-nyitott-az-mvm-esztergomban\/#breadcrumb"},"inLanguage":"hu","potentialAction":[{"@type":"ReadAction","target":["https:\/\/dorogimedence.hu\/index.php\/2023\/04\/13\/ugyfelszolgalati-irodat-nyitott-az-mvm-esztergomban\/"]}]},{"@type":"ImageObject","inLanguage":"hu","@id":"https:\/\/dorogimedence.hu\/index.php\/2023\/04\/13\/ugyfelszolgalati-irodat-nyitott-az-mvm-esztergomban\/#primaryimage","url":"https:\/\/dorogimedence.hu\/wp-content\/uploads\/2023\/04\/mvm-04.jpg","contentUrl":"https:\/\/dorogimedence.hu\/wp-content\/uploads\/2023\/04\/mvm-04.jpg","width":1920,"height":1127},{"@type":"BreadcrumbList","@id":"https:\/\/dorogimedence.hu\/index.php\/2023\/04\/13\/ugyfelszolgalati-irodat-nyitott-az-mvm-esztergomban\/#breadcrumb","itemListElement":[{"@type":"ListItem","position":1,"name":"Kezd\u0151lap","item":"https:\/\/dorogimedence.hu\/"},{"@type":"ListItem","position":2,"name":"\u00dcgyf\u00e9lszolg\u00e1lati irod\u00e1t nyitott az MVM Esztergomban"}]},{"@type":"WebSite","@id":"https:\/\/dorogimedence.hu\/#website","url":"https:\/\/dorogimedence.hu\/","name":"Dorogi-medence Region\u00e1lis H\u00edrport\u00e1l","description":"Dorog, Keszt\u00f6lc, Le\u00e1nyv\u00e1r, Piliscs\u00e9v, Tokod, Tokodalt\u00e1r\u00f3, Csolnok, Esztergom-kertv\u00e1ros: h\u00edrek, programok","publisher":{"@id":"https:\/\/dorogimedence.hu\/#organization"},"potentialAction":[{"@type":"SearchAction","target":{"@type":"EntryPoint","urlTemplate":"https:\/\/dorogimedence.hu\/?s={search_term_string}"},"query-input":{"@type":"PropertyValueSpecification","valueRequired":true,"valueName":"search_term_string"}}],"inLanguage":"hu"},{"@type":"Organization","@id":"https:\/\/dorogimedence.hu\/#organization","name":"Dorogi-medence Region\u00e1lis H\u00edrport\u00e1l","url":"https:\/\/dorogimedence.hu\/","logo":{"@type":"ImageObject","inLanguage":"hu","@id":"https:\/\/dorogimedence.hu\/#\/schema\/logo\/image\/","url":"https:\/\/dorogimedence.hu\/wp-content\/uploads\/2021\/04\/logo-feher-600.png","contentUrl":"https:\/\/dorogimedence.hu\/wp-content\/uploads\/2021\/04\/logo-feher-600.png","width":600,"height":100,"caption":"Dorogi-medence Region\u00e1lis H\u00edrport\u00e1l"},"image":{"@id":"https:\/\/dorogimedence.hu\/#\/schema\/logo\/image\/"},"sameAs":["https:\/\/www.facebook.com\/dorogimedence\/"]},{"@type":"Person","@id":"https:\/\/dorogimedence.hu\/#\/schema\/person\/ce6091eeb7e95ecdc87890d6aa8e0fd4","name":"dorogimedence.hu","image":{"@type":"ImageObject","inLanguage":"hu","@id":"\/\/www.gravatar.com\/avatar\/d8d45f8901aadff40a4af72c0b826f1d?s=96&#038;r=g&#038;d=mm","url":"\/\/www.gravatar.com\/avatar\/d8d45f8901aadff40a4af72c0b826f1d?s=96&#038;r=g&#038;d=mm","contentUrl":"\/\/www.gravatar.com\/avatar\/d8d45f8901aadff40a4af72c0b826f1d?s=96&#038;r=g&#038;d=mm","caption":"dorogimedence.hu"}}]}},"_links":{"self":[{"href":"https:\/\/dorogimedence.hu\/index.php\/wp-json\/wp\/v2\/posts\/51974","targetHints":{"allow":["GET"]}}],"collection":[{"href":"https:\/\/dorogimedence.hu\/index.php\/wp-json\/wp\/v2\/posts"}],"about":[{"href":"https:\/\/dorogimedence.hu\/index.php\/wp-json\/wp\/v2\/types\/post"}],"author":[{"embeddable":true,"href":"https:\/\/dorogimedence.hu\/index.php\/wp-json\/wp\/v2\/users\/1"}],"replies":[{"embeddable":true,"href":"https:\/\/dorogimedence.hu\/index.php\/wp-json\/wp\/v2\/comments?post=51974"}],"version-history":[{"count":0,"href":"https:\/\/dorogimedence.hu\/index.php\/wp-json\/wp\/v2\/posts\/51974\/revisions"}],"wp:featuredmedia":[{"embeddable":true,"href":"https:\/\/dorogimedence.hu\/index.php\/wp-json\/wp\/v2\/media\/51978"}],"wp:attachment":[{"href":"https:\/\/dorogimedence.hu\/index.php\/wp-json\/wp\/v2\/media?parent=51974"}],"wp:term":[{"taxonomy":"category","embeddable":true,"href":"https:\/\/dorogimedence.hu\/index.php\/wp-json\/wp\/v2\/categories?post=51974"},{"taxonomy":"post_tag","embeddable":true,"href":"https:\/\/dorogimedence.hu\/index.php\/wp-json\/wp\/v2\/tags?post=51974"}],"curies":[{"name":"wp","href":"https:\/\/api.w.org\/{rel}","templated":true}]}}