{"id":51920,"date":"2023-04-12T07:50:15","date_gmt":"2023-04-12T05:50:15","guid":{"rendered":"https:\/\/dorogimedence.hu\/?p=51920"},"modified":"2023-04-12T07:51:06","modified_gmt":"2023-04-12T05:51:06","slug":"tavaszi-termeszetles-cimmel-adatgyujto-akciot-hirdetnek","status":"publish","type":"post","link":"https:\/\/dorogimedence.hu\/index.php\/2023\/04\/12\/tavaszi-termeszetles-cimmel-adatgyujto-akciot-hirdetnek\/","title":{"rendered":"Tavaszi term\u00e9szetles c\u00edmmel adatgy\u0171jt\u0151 akci\u00f3t hirdetnek"},"content":{"rendered":"<p><strong>A Magyar Mad\u00e1rtani \u00e9s Term\u00e9szetv\u00e9delmi Egyes\u00fclet (MME) Tavaszi term\u00e9szetles c\u00edmmel \u00fajabb adatgy\u0171jt\u0151 akci\u00f3t hirdet. Az akci\u00f3 c\u00e9lja, hogy a lakoss\u00e1g is bekapcsol\u00f3dhasson a k\u00f6rnyezet\u00fcnkben tal\u00e1lhat\u00f3 \u00e9l\u0151l\u00e9nyek megfigyel\u00e9s\u00e9be, a v\u00e9delm\u00fcket is seg\u00edt\u0151 \u201ek\u00f6z\u00f6ss\u00e9gi tudom\u00e1ny\u201d (citizen science) jelleg\u0171 adatgy\u0171jt\u00e9sbe.<\/strong><\/p>\n<p>Ha b\u00e1rki kedvet \u00e9rez csatlakozni a programhoz, nincs m\u00e1s teend\u0151je, mint a kertj\u00e9ben, vagy a k\u00f6zeli parkban l\u00e1that\u00f3 madarakat, gyakoribb k\u00e9t\u00e9lt\u0171eket, h\u00fcll\u0151ket, lepk\u00e9ket \u00e9s eml\u0151s\u00f6ket megfigyelni, majd a megfigyel\u00e9seit bek\u00fcldeni.<\/p>\n<p>A Tavaszi term\u00e9szetlesben r\u00e9sztvev\u0151k a <a href=\"https:\/\/www.mme.hu\/teli-madarles\" target=\"_blank\" rel=\"noopener\"><span style=\"text-decoration: underline; color: #0000ff;\">T\u00e9li mad\u00e1rlesben<\/span><\/a> megismert 30 perces megfigyel\u00e9si id\u0151szakt\u00f3l elt\u00e9r\u0151en a nap folyam\u00e1n b\u00e1rmikor t\u00f6lthetnek fel adatot, hiszen a kertben b\u00e1rmikor felbukkanhat egy \u00faj faj. Az adatbek\u00fcld\u0151 fel\u00fcleten a tavaszi id\u0151szak miatt a madarak eset\u00e9n lehet\u0151s\u00e9g lesz viselked\u00e9si adatokat is felt\u00f6lteni, teh\u00e1t ha egy adott mad\u00e1rfaj p\u00e1rba \u00e1ll, f\u00e9szket \u00e9p\u00edt, fi\u00f3k\u00e1t etet stb., vagy ak\u00e1r azt is, ha esetleg elpusztult madarat tal\u00e1lunk. A T\u00e9li mad\u00e1rleshez hasonl\u00f3an a leggyakoribb fajok hat\u00e1roz\u00e1s\u00e1t egy, a mobiltelefonos applik\u00e1ci\u00f3n bel\u00fcli mini hat\u00e1roz\u00f3 is seg\u00edti, ami az egyes fajok k\u00e1rty\u00e1j\u00e1ra val\u00f3 dupla koppint\u00e1ssal h\u00edvhat\u00f3 el\u0151.<\/p>\n<p>Az adatgy\u0171jt\u0151 fel\u00fclet ez\u00fattal is a Turdus applik\u00e1ci\u00f3n \u00e9s a <a href=\"https:\/\/termeszetlesen.mme.hu\/#\/\" target=\"_blank\" rel=\"noopener\"><span style=\"text-decoration: underline; color: #0000ff;\">termeszetlesen.mme.hu<\/span><\/a> oldalon kereszt\u00fcl lesz el\u00e9rhet\u0151, amelyek azonnal r\u00f6gz\u00edtik a bevitt adatokat. A Turdus el\u00e9rhet\u0151 <a href=\"https:\/\/play.google.com\/store\/apps\/details?id=hu.mme.turdus\" target=\"_blank\" rel=\"noopener\"><span style=\"text-decoration: underline; color: #0000ff;\">Android<\/span><\/a> \u00e9s <a href=\"https:\/\/apps.apple.com\/hu\/app\/turdus\/id1600277108?l=hu\" target=\"_blank\" rel=\"noopener\"><span style=\"text-decoration: underline; color: #0000ff;\">iOS<\/span><\/a> rendszert haszn\u00e1l\u00f3 telefonokra \u00e9s tabletekre is, az applik\u00e1ci\u00f3 haszn\u00e1lat\u00e1hoz vide\u00f3s seg\u00e9dlet is k\u00e9sz\u00fcl. <a href=\"https:\/\/www.mme.hu\/tavaszi-termeszetles\" target=\"_blank\" rel=\"noopener\"><span style=\"text-decoration: underline; color: #0000ff;\">R\u00e9szletek&gt;&gt;<\/span><\/a><\/p>\n<p>Az EU LIFE Nature alapja \u00e1ltal a \u201eK\u00f6z\u00f6sen a term\u00e9szet\u00e9rt\u201d p\u00e1ly\u00e1zat (LIFE NGO4GD\/HU\/000037) keret\u00e9ben t\u00e1mogatott Tavaszi term\u00e9szetles csak egyike az MME \u00faj, Term\u00e9szetLesen elnevez\u00e9s\u0171 programj\u00e1nak, amelynek c\u00e9lja a lakoss\u00e1g bevon\u00e1sa a k\u00f6rnyezet\u00fcnkben \u00e9l\u0151 madarak \u00e9s m\u00e1s \u00e1llatok megfigyel\u00e9s\u00e9be. A tavaszi akci\u00f3 mellett p\u00e1rhuzamosan fut a m\u00e1r akt\u00edv G\u00f3lyales, \u00e9s \u00e1prilisban indul a Fecskeles is, az els\u0151 T\u00e9li mad\u00e1rles akci\u00f3 pedig a kilenc hetes adatgy\u0171jt\u00e9s ut\u00e1n febru\u00e1r 28-\u00e1n z\u00e1rult. Tervben van m\u00e9g az aut\u00f3k \u00e1ltal el\u00fct\u00f6tt, \u00e1ram\u00fct\u00e9s, ablaknak \u00fctk\u00f6z\u00e9s k\u00f6vetkezt\u00e9ben vagy egy\u00e9b okb\u00f3l elpusztult \u00e1llatok bejelent\u00e9s\u00e9t is lehet\u0151v\u00e9 tev\u0151 applik\u00e1ci\u00f3 is.<\/p>\n","protected":false},"excerpt":{"rendered":"<p>A Magyar Mad\u00e1rtani \u00e9s Term\u00e9szetv\u00e9delmi Egyes\u00fclet (MME) Tavaszi term\u00e9szetles c\u00edmmel \u00fajabb adatgy\u0171jt\u0151 akci\u00f3t hirdet. Az akci\u00f3 c\u00e9lja, hogy a lakoss\u00e1g is bekapcsol\u00f3dhasson a k\u00f6rnyezet\u00fcnkben tal\u00e1lhat\u00f3 \u00e9l\u0151l\u00e9nyek megfigyel\u00e9s\u00e9be, a v\u00e9delm\u00fcket is seg\u00edt\u0151 \u201ek\u00f6z\u00f6ss\u00e9gi tudom\u00e1ny\u201d (citizen science) jelleg\u0171 adatgy\u0171jt\u00e9sbe. Ha b\u00e1rki kedvet \u00e9rez csatlakozni a programhoz, nincs m\u00e1s teend\u0151je, mint a kertj\u00e9ben, vagy a k\u00f6zeli parkban l\u00e1that\u00f3<\/p>\n","protected":false},"author":1,"featured_media":0,"comment_status":"closed","ping_status":"closed","sticky":false,"template":"","format":"standard","meta":{"ngg_post_thumbnail":0,"footnotes":""},"categories":[3,6948],"tags":[2039,7127],"class_list":{"0":"post-51920","1":"post","2":"type-post","3":"status-publish","4":"format-standard","6":"category-hirek","7":"category-szines","8":"tag-madar","9":"tag-termeszetles"},"yoast_head":"<!-- This site is optimized with the Yoast SEO plugin v27.5 - https:\/\/yoast.com\/product\/yoast-seo-wordpress\/ -->\n<title>Tavaszi term\u00e9szetles c\u00edmmel adatgy\u0171jt\u0151 akci\u00f3t hirdetnek<\/title>\n<meta name=\"robots\" content=\"index, follow, max-snippet:-1, max-image-preview:large, max-video-preview:-1\" \/>\n<link rel=\"canonical\" href=\"https:\/\/dorogimedence.hu\/index.php\/2023\/04\/12\/tavaszi-termeszetles-cimmel-adatgyujto-akciot-hirdetnek\/\" class=\"yoast-seo-meta-tag\" \/>\n<meta property=\"og:locale\" content=\"hu_HU\" class=\"yoast-seo-meta-tag\" \/>\n<meta property=\"og:type\" content=\"article\" class=\"yoast-seo-meta-tag\" \/>\n<meta property=\"og:title\" content=\"Tavaszi term\u00e9szetles c\u00edmmel adatgy\u0171jt\u0151 akci\u00f3t hirdetnek\" class=\"yoast-seo-meta-tag\" \/>\n<meta property=\"og:description\" content=\"A Magyar Mad\u00e1rtani \u00e9s Term\u00e9szetv\u00e9delmi Egyes\u00fclet (MME) Tavaszi term\u00e9szetles c\u00edmmel \u00fajabb adatgy\u0171jt\u0151 akci\u00f3t hirdet. Az akci\u00f3 c\u00e9lja, hogy a lakoss\u00e1g is bekapcsol\u00f3dhasson a k\u00f6rnyezet\u00fcnkben tal\u00e1lhat\u00f3 \u00e9l\u0151l\u00e9nyek megfigyel\u00e9s\u00e9be, a v\u00e9delm\u00fcket is seg\u00edt\u0151 \u201ek\u00f6z\u00f6ss\u00e9gi tudom\u00e1ny\u201d (citizen science) jelleg\u0171 adatgy\u0171jt\u00e9sbe. Ha b\u00e1rki kedvet \u00e9rez csatlakozni a programhoz, nincs m\u00e1s teend\u0151je, mint a kertj\u00e9ben, vagy a k\u00f6zeli parkban l\u00e1that\u00f3\" class=\"yoast-seo-meta-tag\" \/>\n<meta property=\"og:url\" content=\"https:\/\/dorogimedence.hu\/index.php\/2023\/04\/12\/tavaszi-termeszetles-cimmel-adatgyujto-akciot-hirdetnek\/\" class=\"yoast-seo-meta-tag\" \/>\n<meta property=\"og:site_name\" content=\"Dorogi-medence Region\u00e1lis H\u00edrport\u00e1l\" class=\"yoast-seo-meta-tag\" \/>\n<meta property=\"article:publisher\" content=\"https:\/\/www.facebook.com\/dorogimedence\/\" class=\"yoast-seo-meta-tag\" \/>\n<meta property=\"article:published_time\" content=\"2023-04-12T05:50:15+00:00\" class=\"yoast-seo-meta-tag\" \/>\n<meta property=\"article:modified_time\" content=\"2023-04-12T05:51:06+00:00\" class=\"yoast-seo-meta-tag\" \/>\n<meta property=\"og:image\" content=\"https:\/\/dorogimedence.hu\/wp-content\/uploads\/2023\/04\/madar-01.jpg\" class=\"yoast-seo-meta-tag\" \/>\n\t<meta property=\"og:image:width\" content=\"1920\" class=\"yoast-seo-meta-tag\" \/>\n\t<meta property=\"og:image:height\" content=\"1108\" class=\"yoast-seo-meta-tag\" \/>\n\t<meta property=\"og:image:type\" content=\"image\/jpeg\" class=\"yoast-seo-meta-tag\" \/>\n<meta name=\"author\" content=\"dorogimedence.hu\" class=\"yoast-seo-meta-tag\" \/>\n<meta name=\"twitter:card\" content=\"summary_large_image\" class=\"yoast-seo-meta-tag\" \/>\n<meta name=\"twitter:label1\" content=\"Szerz\u0151:\" class=\"yoast-seo-meta-tag\" \/>\n\t<meta name=\"twitter:data1\" content=\"dorogimedence.hu\" class=\"yoast-seo-meta-tag\" \/>\n\t<meta name=\"twitter:label2\" content=\"Becs\u00fclt olvas\u00e1si id\u0151\" class=\"yoast-seo-meta-tag\" \/>\n\t<meta name=\"twitter:data2\" content=\"2 perc\" class=\"yoast-seo-meta-tag\" \/>\n<script type=\"application\/ld+json\" class=\"yoast-schema-graph\">{\"@context\":\"https:\\\/\\\/schema.org\",\"@graph\":[{\"@type\":\"Article\",\"@id\":\"https:\\\/\\\/dorogimedence.hu\\\/index.php\\\/2023\\\/04\\\/12\\\/tavaszi-termeszetles-cimmel-adatgyujto-akciot-hirdetnek\\\/#article\",\"isPartOf\":{\"@id\":\"https:\\\/\\\/dorogimedence.hu\\\/index.php\\\/2023\\\/04\\\/12\\\/tavaszi-termeszetles-cimmel-adatgyujto-akciot-hirdetnek\\\/\"},\"author\":{\"name\":\"dorogimedence.hu\",\"@id\":\"https:\\\/\\\/dorogimedence.hu\\\/#\\\/schema\\\/person\\\/ce6091eeb7e95ecdc87890d6aa8e0fd4\"},\"headline\":\"Tavaszi term\u00e9szetles c\u00edmmel adatgy\u0171jt\u0151 akci\u00f3t hirdetnek\",\"datePublished\":\"2023-04-12T05:50:15+00:00\",\"dateModified\":\"2023-04-12T05:51:06+00:00\",\"mainEntityOfPage\":{\"@id\":\"https:\\\/\\\/dorogimedence.hu\\\/index.php\\\/2023\\\/04\\\/12\\\/tavaszi-termeszetles-cimmel-adatgyujto-akciot-hirdetnek\\\/\"},\"wordCount\":462,\"publisher\":{\"@id\":\"https:\\\/\\\/dorogimedence.hu\\\/#organization\"},\"keywords\":[\"mad\u00e1r\",\"term\u00e9szetles\"],\"articleSection\":[\"H\u00edrek\",\"Sz\u00ednes\"],\"inLanguage\":\"hu\"},{\"@type\":\"WebPage\",\"@id\":\"https:\\\/\\\/dorogimedence.hu\\\/index.php\\\/2023\\\/04\\\/12\\\/tavaszi-termeszetles-cimmel-adatgyujto-akciot-hirdetnek\\\/\",\"url\":\"https:\\\/\\\/dorogimedence.hu\\\/index.php\\\/2023\\\/04\\\/12\\\/tavaszi-termeszetles-cimmel-adatgyujto-akciot-hirdetnek\\\/\",\"name\":\"Tavaszi term\u00e9szetles c\u00edmmel adatgy\u0171jt\u0151 akci\u00f3t hirdetnek\",\"isPartOf\":{\"@id\":\"https:\\\/\\\/dorogimedence.hu\\\/#website\"},\"datePublished\":\"2023-04-12T05:50:15+00:00\",\"dateModified\":\"2023-04-12T05:51:06+00:00\",\"breadcrumb\":{\"@id\":\"https:\\\/\\\/dorogimedence.hu\\\/index.php\\\/2023\\\/04\\\/12\\\/tavaszi-termeszetles-cimmel-adatgyujto-akciot-hirdetnek\\\/#breadcrumb\"},\"inLanguage\":\"hu\",\"potentialAction\":[{\"@type\":\"ReadAction\",\"target\":[\"https:\\\/\\\/dorogimedence.hu\\\/index.php\\\/2023\\\/04\\\/12\\\/tavaszi-termeszetles-cimmel-adatgyujto-akciot-hirdetnek\\\/\"]}]},{\"@type\":\"BreadcrumbList\",\"@id\":\"https:\\\/\\\/dorogimedence.hu\\\/index.php\\\/2023\\\/04\\\/12\\\/tavaszi-termeszetles-cimmel-adatgyujto-akciot-hirdetnek\\\/#breadcrumb\",\"itemListElement\":[{\"@type\":\"ListItem\",\"position\":1,\"name\":\"Kezd\u0151lap\",\"item\":\"https:\\\/\\\/dorogimedence.hu\\\/\"},{\"@type\":\"ListItem\",\"position\":2,\"name\":\"Tavaszi term\u00e9szetles c\u00edmmel adatgy\u0171jt\u0151 akci\u00f3t hirdetnek\"}]},{\"@type\":\"WebSite\",\"@id\":\"https:\\\/\\\/dorogimedence.hu\\\/#website\",\"url\":\"https:\\\/\\\/dorogimedence.hu\\\/\",\"name\":\"Dorogi-medence Region\u00e1lis H\u00edrport\u00e1l\",\"description\":\"Dorog, Keszt\u00f6lc, Le\u00e1nyv\u00e1r, Piliscs\u00e9v, Tokod, Tokodalt\u00e1r\u00f3, Csolnok, Esztergom-kertv\u00e1ros: h\u00edrek, programok\",\"publisher\":{\"@id\":\"https:\\\/\\\/dorogimedence.hu\\\/#organization\"},\"potentialAction\":[{\"@type\":\"SearchAction\",\"target\":{\"@type\":\"EntryPoint\",\"urlTemplate\":\"https:\\\/\\\/dorogimedence.hu\\\/?s={search_term_string}\"},\"query-input\":{\"@type\":\"PropertyValueSpecification\",\"valueRequired\":true,\"valueName\":\"search_term_string\"}}],\"inLanguage\":\"hu\"},{\"@type\":\"Organization\",\"@id\":\"https:\\\/\\\/dorogimedence.hu\\\/#organization\",\"name\":\"Dorogi-medence Region\u00e1lis H\u00edrport\u00e1l\",\"url\":\"https:\\\/\\\/dorogimedence.hu\\\/\",\"logo\":{\"@type\":\"ImageObject\",\"inLanguage\":\"hu\",\"@id\":\"https:\\\/\\\/dorogimedence.hu\\\/#\\\/schema\\\/logo\\\/image\\\/\",\"url\":\"https:\\\/\\\/dorogimedence.hu\\\/wp-content\\\/uploads\\\/2021\\\/04\\\/logo-feher-600.png\",\"contentUrl\":\"https:\\\/\\\/dorogimedence.hu\\\/wp-content\\\/uploads\\\/2021\\\/04\\\/logo-feher-600.png\",\"width\":600,\"height\":100,\"caption\":\"Dorogi-medence Region\u00e1lis H\u00edrport\u00e1l\"},\"image\":{\"@id\":\"https:\\\/\\\/dorogimedence.hu\\\/#\\\/schema\\\/logo\\\/image\\\/\"},\"sameAs\":[\"https:\\\/\\\/www.facebook.com\\\/dorogimedence\\\/\"]},{\"@type\":\"Person\",\"@id\":\"https:\\\/\\\/dorogimedence.hu\\\/#\\\/schema\\\/person\\\/ce6091eeb7e95ecdc87890d6aa8e0fd4\",\"name\":\"dorogimedence.hu\",\"image\":{\"@type\":\"ImageObject\",\"inLanguage\":\"hu\",\"@id\":\"\\\/\\\/www.gravatar.com\\\/avatar\\\/d8d45f8901aadff40a4af72c0b826f1d?s=96&#038;r=g&#038;d=mm\",\"url\":\"\\\/\\\/www.gravatar.com\\\/avatar\\\/d8d45f8901aadff40a4af72c0b826f1d?s=96&#038;r=g&#038;d=mm\",\"contentUrl\":\"\\\/\\\/www.gravatar.com\\\/avatar\\\/d8d45f8901aadff40a4af72c0b826f1d?s=96&#038;r=g&#038;d=mm\",\"caption\":\"dorogimedence.hu\"}}]}<\/script>\n<!-- \/ Yoast SEO plugin. -->","yoast_head_json":{"title":"Tavaszi term\u00e9szetles c\u00edmmel adatgy\u0171jt\u0151 akci\u00f3t hirdetnek","robots":{"index":"index","follow":"follow","max-snippet":"max-snippet:-1","max-image-preview":"max-image-preview:large","max-video-preview":"max-video-preview:-1"},"canonical":"https:\/\/dorogimedence.hu\/index.php\/2023\/04\/12\/tavaszi-termeszetles-cimmel-adatgyujto-akciot-hirdetnek\/","og_locale":"hu_HU","og_type":"article","og_title":"Tavaszi term\u00e9szetles c\u00edmmel adatgy\u0171jt\u0151 akci\u00f3t hirdetnek","og_description":"A Magyar Mad\u00e1rtani \u00e9s Term\u00e9szetv\u00e9delmi Egyes\u00fclet (MME) Tavaszi term\u00e9szetles c\u00edmmel \u00fajabb adatgy\u0171jt\u0151 akci\u00f3t hirdet. Az akci\u00f3 c\u00e9lja, hogy a lakoss\u00e1g is bekapcsol\u00f3dhasson a k\u00f6rnyezet\u00fcnkben tal\u00e1lhat\u00f3 \u00e9l\u0151l\u00e9nyek megfigyel\u00e9s\u00e9be, a v\u00e9delm\u00fcket is seg\u00edt\u0151 \u201ek\u00f6z\u00f6ss\u00e9gi tudom\u00e1ny\u201d (citizen science) jelleg\u0171 adatgy\u0171jt\u00e9sbe. Ha b\u00e1rki kedvet \u00e9rez csatlakozni a programhoz, nincs m\u00e1s teend\u0151je, mint a kertj\u00e9ben, vagy a k\u00f6zeli parkban l\u00e1that\u00f3","og_url":"https:\/\/dorogimedence.hu\/index.php\/2023\/04\/12\/tavaszi-termeszetles-cimmel-adatgyujto-akciot-hirdetnek\/","og_site_name":"Dorogi-medence Region\u00e1lis H\u00edrport\u00e1l","article_publisher":"https:\/\/www.facebook.com\/dorogimedence\/","article_published_time":"2023-04-12T05:50:15+00:00","article_modified_time":"2023-04-12T05:51:06+00:00","og_image":[{"width":1920,"height":1108,"url":"https:\/\/dorogimedence.hu\/wp-content\/uploads\/2023\/04\/madar-01.jpg","type":"image\/jpeg"}],"author":"dorogimedence.hu","twitter_card":"summary_large_image","twitter_misc":{"Szerz\u0151:":"dorogimedence.hu","Becs\u00fclt olvas\u00e1si id\u0151":"2 perc"},"schema":{"@context":"https:\/\/schema.org","@graph":[{"@type":"Article","@id":"https:\/\/dorogimedence.hu\/index.php\/2023\/04\/12\/tavaszi-termeszetles-cimmel-adatgyujto-akciot-hirdetnek\/#article","isPartOf":{"@id":"https:\/\/dorogimedence.hu\/index.php\/2023\/04\/12\/tavaszi-termeszetles-cimmel-adatgyujto-akciot-hirdetnek\/"},"author":{"name":"dorogimedence.hu","@id":"https:\/\/dorogimedence.hu\/#\/schema\/person\/ce6091eeb7e95ecdc87890d6aa8e0fd4"},"headline":"Tavaszi term\u00e9szetles c\u00edmmel adatgy\u0171jt\u0151 akci\u00f3t hirdetnek","datePublished":"2023-04-12T05:50:15+00:00","dateModified":"2023-04-12T05:51:06+00:00","mainEntityOfPage":{"@id":"https:\/\/dorogimedence.hu\/index.php\/2023\/04\/12\/tavaszi-termeszetles-cimmel-adatgyujto-akciot-hirdetnek\/"},"wordCount":462,"publisher":{"@id":"https:\/\/dorogimedence.hu\/#organization"},"keywords":["mad\u00e1r","term\u00e9szetles"],"articleSection":["H\u00edrek","Sz\u00ednes"],"inLanguage":"hu"},{"@type":"WebPage","@id":"https:\/\/dorogimedence.hu\/index.php\/2023\/04\/12\/tavaszi-termeszetles-cimmel-adatgyujto-akciot-hirdetnek\/","url":"https:\/\/dorogimedence.hu\/index.php\/2023\/04\/12\/tavaszi-termeszetles-cimmel-adatgyujto-akciot-hirdetnek\/","name":"Tavaszi term\u00e9szetles c\u00edmmel adatgy\u0171jt\u0151 akci\u00f3t hirdetnek","isPartOf":{"@id":"https:\/\/dorogimedence.hu\/#website"},"datePublished":"2023-04-12T05:50:15+00:00","dateModified":"2023-04-12T05:51:06+00:00","breadcrumb":{"@id":"https:\/\/dorogimedence.hu\/index.php\/2023\/04\/12\/tavaszi-termeszetles-cimmel-adatgyujto-akciot-hirdetnek\/#breadcrumb"},"inLanguage":"hu","potentialAction":[{"@type":"ReadAction","target":["https:\/\/dorogimedence.hu\/index.php\/2023\/04\/12\/tavaszi-termeszetles-cimmel-adatgyujto-akciot-hirdetnek\/"]}]},{"@type":"BreadcrumbList","@id":"https:\/\/dorogimedence.hu\/index.php\/2023\/04\/12\/tavaszi-termeszetles-cimmel-adatgyujto-akciot-hirdetnek\/#breadcrumb","itemListElement":[{"@type":"ListItem","position":1,"name":"Kezd\u0151lap","item":"https:\/\/dorogimedence.hu\/"},{"@type":"ListItem","position":2,"name":"Tavaszi term\u00e9szetles c\u00edmmel adatgy\u0171jt\u0151 akci\u00f3t hirdetnek"}]},{"@type":"WebSite","@id":"https:\/\/dorogimedence.hu\/#website","url":"https:\/\/dorogimedence.hu\/","name":"Dorogi-medence Region\u00e1lis H\u00edrport\u00e1l","description":"Dorog, Keszt\u00f6lc, Le\u00e1nyv\u00e1r, Piliscs\u00e9v, Tokod, Tokodalt\u00e1r\u00f3, Csolnok, Esztergom-kertv\u00e1ros: h\u00edrek, programok","publisher":{"@id":"https:\/\/dorogimedence.hu\/#organization"},"potentialAction":[{"@type":"SearchAction","target":{"@type":"EntryPoint","urlTemplate":"https:\/\/dorogimedence.hu\/?s={search_term_string}"},"query-input":{"@type":"PropertyValueSpecification","valueRequired":true,"valueName":"search_term_string"}}],"inLanguage":"hu"},{"@type":"Organization","@id":"https:\/\/dorogimedence.hu\/#organization","name":"Dorogi-medence Region\u00e1lis H\u00edrport\u00e1l","url":"https:\/\/dorogimedence.hu\/","logo":{"@type":"ImageObject","inLanguage":"hu","@id":"https:\/\/dorogimedence.hu\/#\/schema\/logo\/image\/","url":"https:\/\/dorogimedence.hu\/wp-content\/uploads\/2021\/04\/logo-feher-600.png","contentUrl":"https:\/\/dorogimedence.hu\/wp-content\/uploads\/2021\/04\/logo-feher-600.png","width":600,"height":100,"caption":"Dorogi-medence Region\u00e1lis H\u00edrport\u00e1l"},"image":{"@id":"https:\/\/dorogimedence.hu\/#\/schema\/logo\/image\/"},"sameAs":["https:\/\/www.facebook.com\/dorogimedence\/"]},{"@type":"Person","@id":"https:\/\/dorogimedence.hu\/#\/schema\/person\/ce6091eeb7e95ecdc87890d6aa8e0fd4","name":"dorogimedence.hu","image":{"@type":"ImageObject","inLanguage":"hu","@id":"\/\/www.gravatar.com\/avatar\/d8d45f8901aadff40a4af72c0b826f1d?s=96&#038;r=g&#038;d=mm","url":"\/\/www.gravatar.com\/avatar\/d8d45f8901aadff40a4af72c0b826f1d?s=96&#038;r=g&#038;d=mm","contentUrl":"\/\/www.gravatar.com\/avatar\/d8d45f8901aadff40a4af72c0b826f1d?s=96&#038;r=g&#038;d=mm","caption":"dorogimedence.hu"}}]}},"_links":{"self":[{"href":"https:\/\/dorogimedence.hu\/index.php\/wp-json\/wp\/v2\/posts\/51920","targetHints":{"allow":["GET"]}}],"collection":[{"href":"https:\/\/dorogimedence.hu\/index.php\/wp-json\/wp\/v2\/posts"}],"about":[{"href":"https:\/\/dorogimedence.hu\/index.php\/wp-json\/wp\/v2\/types\/post"}],"author":[{"embeddable":true,"href":"https:\/\/dorogimedence.hu\/index.php\/wp-json\/wp\/v2\/users\/1"}],"replies":[{"embeddable":true,"href":"https:\/\/dorogimedence.hu\/index.php\/wp-json\/wp\/v2\/comments?post=51920"}],"version-history":[{"count":0,"href":"https:\/\/dorogimedence.hu\/index.php\/wp-json\/wp\/v2\/posts\/51920\/revisions"}],"wp:attachment":[{"href":"https:\/\/dorogimedence.hu\/index.php\/wp-json\/wp\/v2\/media?parent=51920"}],"wp:term":[{"taxonomy":"category","embeddable":true,"href":"https:\/\/dorogimedence.hu\/index.php\/wp-json\/wp\/v2\/categories?post=51920"},{"taxonomy":"post_tag","embeddable":true,"href":"https:\/\/dorogimedence.hu\/index.php\/wp-json\/wp\/v2\/tags?post=51920"}],"curies":[{"name":"wp","href":"https:\/\/api.w.org\/{rel}","templated":true}]}}