{"id":51885,"date":"2023-04-11T09:13:23","date_gmt":"2023-04-11T07:13:23","guid":{"rendered":"https:\/\/dorogimedence.hu\/?p=51885"},"modified":"2023-04-11T18:12:53","modified_gmt":"2023-04-11T16:12:53","slug":"orok-merlegen-dorogi-fc-nyiregyhaza-spartacus-fc","status":"publish","type":"post","link":"https:\/\/dorogimedence.hu\/index.php\/2023\/04\/11\/orok-merlegen-dorogi-fc-nyiregyhaza-spartacus-fc\/","title":{"rendered":"\u00d6r\u00f6k M\u00e9rlegen: Dorogi FC \u2013 Ny\u00edregyh\u00e1za Spartacus FC"},"content":{"rendered":"<p style=\"text-align: justify;\"><strong>H\u00e9tk\u00f6zi fordul\u00f3ra ker\u00fcl sor, ahol a dorogiak kies\u00e9si rangad\u00f3t v\u00edvnak ny\u00edrs\u00e9gi ellenfel\u00fckkel. A m\u00e9rk\u0151z\u00e9s \u00e1prilis 12-\u00e9n, szerd\u00e1n 16 \u00f3rakor a Buz\u00e1nszky stadionban vesz kezdet\u00e9t.<\/strong><\/p>\n<p style=\"text-align: justify;\">Csapatunk vas\u00e1rnap 1\u20131-es d\u00f6ntetlen \u00e9rt el a Cs\u00e1kv\u00e1r otthon\u00e1ban. A hazai g\u00e1rda k\u00e9tszer is 11-est kapott, amely k\u00f6z\u00fcl az els\u0151 mindj\u00e1rt a tal\u00e1lkoz\u00f3 legelej\u00e9n vezet\u00e9shez juttatta \u0151ket, m\u00edg a m\u00e1sodik alkalomn\u00e1l Borsos Vilmosnak siker\u00fclt a b\u00fcntet\u0151t kifognia. Sztojka Dominik 30 m\u00e9teres j\u00f3l helyezett, a jobb kapuf\u00e1r\u00f3l a h\u00e1l\u00f3ba v\u00e1g\u00f3dott l\u00f6v\u00e9se jelentette az egyenl\u00edt\u00e9st. Sajn\u00e1latos s\u00e9r\u00fcl\u00e9s is t\u00f6rt\u00e9nt a Fej\u00e9r megyei tal\u00e1lkoz\u00f3n, ahol Albert \u00c1d\u00e1m t\u00e9rdelte ves\u00e9n a hazaiak v\u00e9d\u0151j\u00e9t, L\u00e1szl\u00f3 Noelt, akit le kellett cser\u00e9lni, k\u00e9s\u0151bb pedig k\u00f3rh\u00e1zba is ker\u00fclt. Miel\u0151bbi gy\u00f3gyul\u00e1st k\u00edv\u00e1nunk a szerencs\u00e9tlen\u00fcl j\u00e1rt j\u00e1t\u00e9k\u00e9kosnak! A Ny\u00edregyh\u00e1za a Szentl\u0151rinc ellen a m\u00e9rk\u0151z\u00e9s elejei gyors g\u00f3lv\u00e1lt\u00e1st k\u00f6vet\u0151en, a m\u00e1sodik f\u00e9lid\u0151 derek\u00e1n szerzett tal\u00e1lattal sikeresen 2\u20131-re nyert, ezzel 5 ponttal megugrott a mieink el\u0151tt, s jelenleg a 17. helyen \u00e1llnak. A k\u00e9t f\u00e9l legut\u00f3bb tavaly okt\u00f3ber 14-\u00e9n a ny\u00edregyh\u00e1ziak ideiglenes otthon\u00e1ban, S\u00e9ny\u0151n \u00fctk\u00f6z\u00f6tt meg egym\u00e1ssal, s a hajr\u00e1 perceiben Keresztes Kriszti\u00e1n fejes\u00e9vel szerzett g\u00f3llal 1 : 0 ar\u00e1nyban siker\u00fclt gy\u0151znie a dorogiaknak. V\u00e9d\u0151nk az\u00f3ta m\u00e1r Gy\u0151ri ETO j\u00e1t\u00e9kosa.<\/p>\n<p style=\"text-align: center;\"><strong><em>Ez lesz a k\u00e9t csapat 18. egym\u00e1s elleni t\u00e9tm\u00e9rk\u0151z\u00e9se<\/em><\/strong><\/p>\n<p><img fetchpriority=\"high\" decoding=\"async\" class=\"aligncenter wp-image-51883 \" src=\"https:\/\/dorogimedence.hu\/wp-content\/uploads\/2023\/04\/Egyenlo-merleg-300x300.jpg\" alt=\"\" width=\"484\" height=\"484\" srcset=\"https:\/\/dorogimedence.hu\/wp-content\/uploads\/2023\/04\/Egyenlo-merleg-300x300.jpg 300w, https:\/\/dorogimedence.hu\/wp-content\/uploads\/2023\/04\/Egyenlo-merleg-150x150.jpg 150w, https:\/\/dorogimedence.hu\/wp-content\/uploads\/2023\/04\/Egyenlo-merleg-768x768.jpg 768w, https:\/\/dorogimedence.hu\/wp-content\/uploads\/2023\/04\/Egyenlo-merleg-450x450.jpg 450w, https:\/\/dorogimedence.hu\/wp-content\/uploads\/2023\/04\/Egyenlo-merleg.jpg 777w\" sizes=\"(max-width: 484px) 100vw, 484px\" \/><\/p>\n<p>Az eddigi 17 m\u00e9rk\u0151z\u00e9sen 7 dorogi gy\u0151zelem, 3 d\u00f6ntetlen, 7 veres\u00e9g sz\u00fcletett; 22 : 21-es g\u00f3lar\u00e1nnyal.<\/p>\n<p>Hazai m\u00e9rleg\u00fcnk: 4 gy\u0151zelem, 2 d\u00f6ntetlen, 2 veres\u00e9g; 12 : 8-as g\u00f3lar\u00e1ny.<\/p>\n<p style=\"text-align: justify;\">Nem sokan gondolt\u00e1k volna az \u00e9vad kezdet\u00e9n, hogy ez a k\u00e9t csapat kies\u00e9si rangad\u00f3t fog j\u00e1tszani egym\u00e1ssal. Mindk\u00e9t g\u00e1rda m\u00e9lyen a v\u00e1rakoz\u00e1sok alatt szerepel, amely a ny\u00edrs\u00e9giek eset\u00e9ben sokkal meglep\u0151bb, hiszen nemhogy a vesz\u00e9lyz\u00f3na k\u00f6zels\u00e9ge nem fenygette \u0151ket az elm\u00falt 6 \u00e9v sor\u00e1n, de rendre a tabella \u00e9lboly\u00e1hoz tartoztak. Minden bizonnyal enn\u00e9l t\u00f6bbre k\u00e9pesek \u00e9s nagyobb er\u0151t k\u00e9pviselnek, mint azt a jelenlegi eredm\u00e9nyeik mutatj\u00e1k. Az\u00e9rt ezzel egy\u00fctt jobbak a kil\u00e1t\u00e1saik, \u00edgy sz\u00e1mukra m\u00e9g egy d\u00f6ntetlen sem jelente nagy kudarcot, persze ett\u0151l f\u00fcggetlen\u00fcl is a gy\u0151zelem rem\u00e9ny\u00e9ben \u00e9rkeznek Dorogra. A mieinknek nincs sok v\u00e1laszt\u00e1sa, egyszer\u0171en nyerni\u00fck kell ahhoz, hogy tov\u00e1bbra is re\u00e1lis es\u00e9llyel maradjanak versenyben az oszt\u00e1lyoz\u00f3s hely el\u00e9r\u00e9s\u00e9hez. Az el\u0151z\u0151 m\u00e9rk\u0151z\u00e9sen mutatott harmatos t\u00e1mad\u00f3 j\u00e1t\u00e9kn\u00e1l felt\u00e9tlen hat\u00e9konyabb teljes\u00edtm\u00e9nnyel kellene el\u0151rukkolni, s valahogy beh\u00fazni a meccset. M\u00e1rian Sluka kisebb jubileumhoz \u00e9rkezett, ugyanis az elm\u00falt \u0151sszel \u00e9ppen a Ny\u00edregyh\u00e1za elleni m\u00e9rk\u0151z\u00e9sen \u00fclt el\u0151sz\u00f6r vezet\u0151edz\u0151k\u00e9nt a dorogi kispadon. Akkor sikeresen deb\u00fct\u00e1lt, s nagyon j\u00f3 lenne, ha csapata ugyanazt azt arc\u00e1t tudn\u00e1 \u00e9rv\u00e9nyesteni, mint akkor.<\/p>\n<p><em><strong>Szab\u00f3 Gyula<\/strong><\/em><\/p>\n<p>&nbsp;<\/p>\n","protected":false},"excerpt":{"rendered":"<p>H\u00e9tk\u00f6zi fordul\u00f3ra ker\u00fcl sor, ahol a dorogiak kies\u00e9si rangad\u00f3t v\u00edvnak ny\u00edrs\u00e9gi ellenfel\u00fckkel. A m\u00e9rk\u0151z\u00e9s \u00e1prilis 12-\u00e9n, szerd\u00e1n 16 \u00f3rakor a Buz\u00e1nszky stadionban vesz kezdet\u00e9t. Csapatunk vas\u00e1rnap 1\u20131-es d\u00f6ntetlen \u00e9rt el a Cs\u00e1kv\u00e1r otthon\u00e1ban. A hazai g\u00e1rda k\u00e9tszer is 11-est kapott, amely k\u00f6z\u00fcl az els\u0151 mindj\u00e1rt a tal\u00e1lkoz\u00f3 legelej\u00e9n vezet\u00e9shez juttatta \u0151ket, m\u00edg a m\u00e1sodik alkalomn\u00e1l<\/p>\n","protected":false},"author":4,"featured_media":51913,"comment_status":"closed","ping_status":"closed","sticky":false,"template":"","format":"standard","meta":{"ngg_post_thumbnail":0,"footnotes":""},"categories":[2,3,5],"tags":[15,37,70,69,72,263,561,16],"class_list":{"0":"post-51885","1":"post","2":"type-post","3":"status-publish","4":"format-standard","5":"has-post-thumbnail","7":"category-dorog","8":"category-hirek","9":"category-sport","10":"tag-dorog","11":"tag-dorogi-fc","12":"tag-foci","13":"tag-futball","14":"tag-labdarugas","15":"tag-nb-ii","16":"tag-nyiregyhaza","17":"tag-sport"},"yoast_head":"<!-- This site is optimized with the Yoast SEO plugin v27.4 - https:\/\/yoast.com\/product\/yoast-seo-wordpress\/ -->\n<title>\u00d6r\u00f6k M\u00e9rlegen: Dorogi FC \u2013 Ny\u00edregyh\u00e1za Spartacus FC<\/title>\n<meta name=\"robots\" content=\"index, follow, max-snippet:-1, max-image-preview:large, max-video-preview:-1\" \/>\n<link rel=\"canonical\" href=\"https:\/\/dorogimedence.hu\/index.php\/2023\/04\/11\/orok-merlegen-dorogi-fc-nyiregyhaza-spartacus-fc\/\" class=\"yoast-seo-meta-tag\" \/>\n<meta property=\"og:locale\" content=\"hu_HU\" class=\"yoast-seo-meta-tag\" \/>\n<meta property=\"og:type\" content=\"article\" class=\"yoast-seo-meta-tag\" \/>\n<meta property=\"og:title\" content=\"\u00d6r\u00f6k M\u00e9rlegen: Dorogi FC \u2013 Ny\u00edregyh\u00e1za Spartacus FC\" class=\"yoast-seo-meta-tag\" \/>\n<meta property=\"og:description\" content=\"H\u00e9tk\u00f6zi fordul\u00f3ra ker\u00fcl sor, ahol a dorogiak kies\u00e9si rangad\u00f3t v\u00edvnak ny\u00edrs\u00e9gi ellenfel\u00fckkel. A m\u00e9rk\u0151z\u00e9s \u00e1prilis 12-\u00e9n, szerd\u00e1n 16 \u00f3rakor a Buz\u00e1nszky stadionban vesz kezdet\u00e9t. Csapatunk vas\u00e1rnap 1\u20131-es d\u00f6ntetlen \u00e9rt el a Cs\u00e1kv\u00e1r otthon\u00e1ban. A hazai g\u00e1rda k\u00e9tszer is 11-est kapott, amely k\u00f6z\u00fcl az els\u0151 mindj\u00e1rt a tal\u00e1lkoz\u00f3 legelej\u00e9n vezet\u00e9shez juttatta \u0151ket, m\u00edg a m\u00e1sodik alkalomn\u00e1l\" class=\"yoast-seo-meta-tag\" \/>\n<meta property=\"og:url\" content=\"https:\/\/dorogimedence.hu\/index.php\/2023\/04\/11\/orok-merlegen-dorogi-fc-nyiregyhaza-spartacus-fc\/\" class=\"yoast-seo-meta-tag\" \/>\n<meta property=\"og:site_name\" content=\"Dorogi-medence Region\u00e1lis H\u00edrport\u00e1l\" class=\"yoast-seo-meta-tag\" \/>\n<meta property=\"article:publisher\" content=\"https:\/\/www.facebook.com\/dorogimedence\/\" class=\"yoast-seo-meta-tag\" \/>\n<meta property=\"article:published_time\" content=\"2023-04-11T07:13:23+00:00\" class=\"yoast-seo-meta-tag\" \/>\n<meta property=\"article:modified_time\" content=\"2023-04-11T16:12:53+00:00\" class=\"yoast-seo-meta-tag\" \/>\n<meta property=\"og:image\" content=\"https:\/\/dorogimedence.hu\/wp-content\/uploads\/2023\/04\/Dorog-Nyiregyhaza-bajnoki.jpg\" class=\"yoast-seo-meta-tag\" \/>\n\t<meta property=\"og:image:width\" content=\"1059\" class=\"yoast-seo-meta-tag\" \/>\n\t<meta property=\"og:image:height\" content=\"523\" class=\"yoast-seo-meta-tag\" \/>\n\t<meta property=\"og:image:type\" content=\"image\/jpeg\" class=\"yoast-seo-meta-tag\" \/>\n<meta name=\"author\" content=\"Szab\u00f3 Gyula\" class=\"yoast-seo-meta-tag\" \/>\n<meta name=\"twitter:card\" content=\"summary_large_image\" class=\"yoast-seo-meta-tag\" \/>\n<meta name=\"twitter:label1\" content=\"Szerz\u0151:\" class=\"yoast-seo-meta-tag\" \/>\n\t<meta name=\"twitter:data1\" content=\"Szab\u00f3 Gyula\" class=\"yoast-seo-meta-tag\" \/>\n\t<meta name=\"twitter:label2\" content=\"Becs\u00fclt olvas\u00e1si id\u0151\" class=\"yoast-seo-meta-tag\" \/>\n\t<meta name=\"twitter:data2\" content=\"3 perc\" class=\"yoast-seo-meta-tag\" \/>\n<script type=\"application\/ld+json\" class=\"yoast-schema-graph\">{\"@context\":\"https:\\\/\\\/schema.org\",\"@graph\":[{\"@type\":\"Article\",\"@id\":\"https:\\\/\\\/dorogimedence.hu\\\/index.php\\\/2023\\\/04\\\/11\\\/orok-merlegen-dorogi-fc-nyiregyhaza-spartacus-fc\\\/#article\",\"isPartOf\":{\"@id\":\"https:\\\/\\\/dorogimedence.hu\\\/index.php\\\/2023\\\/04\\\/11\\\/orok-merlegen-dorogi-fc-nyiregyhaza-spartacus-fc\\\/\"},\"author\":{\"name\":\"Szab\u00f3 Gyula\",\"@id\":\"https:\\\/\\\/dorogimedence.hu\\\/#\\\/schema\\\/person\\\/76605e8151ec1b7376385cd184ede973\"},\"headline\":\"\u00d6r\u00f6k M\u00e9rlegen: Dorogi FC \u2013 Ny\u00edregyh\u00e1za Spartacus FC\",\"datePublished\":\"2023-04-11T07:13:23+00:00\",\"dateModified\":\"2023-04-11T16:12:53+00:00\",\"mainEntityOfPage\":{\"@id\":\"https:\\\/\\\/dorogimedence.hu\\\/index.php\\\/2023\\\/04\\\/11\\\/orok-merlegen-dorogi-fc-nyiregyhaza-spartacus-fc\\\/\"},\"wordCount\":604,\"publisher\":{\"@id\":\"https:\\\/\\\/dorogimedence.hu\\\/#organization\"},\"image\":{\"@id\":\"https:\\\/\\\/dorogimedence.hu\\\/index.php\\\/2023\\\/04\\\/11\\\/orok-merlegen-dorogi-fc-nyiregyhaza-spartacus-fc\\\/#primaryimage\"},\"thumbnailUrl\":\"https:\\\/\\\/dorogimedence.hu\\\/wp-content\\\/uploads\\\/2023\\\/04\\\/Dorog-Nyiregyhaza-bajnoki.jpg\",\"keywords\":[\"Dorog\",\"Dorogi FC\",\"foci\",\"futball\",\"labdar\u00fag\u00e1s\",\"NB II\",\"Ny\u00edregyh\u00e1za\",\"sport\"],\"articleSection\":[\"Dorog\",\"H\u00edrek\",\"Sport\"],\"inLanguage\":\"hu\"},{\"@type\":\"WebPage\",\"@id\":\"https:\\\/\\\/dorogimedence.hu\\\/index.php\\\/2023\\\/04\\\/11\\\/orok-merlegen-dorogi-fc-nyiregyhaza-spartacus-fc\\\/\",\"url\":\"https:\\\/\\\/dorogimedence.hu\\\/index.php\\\/2023\\\/04\\\/11\\\/orok-merlegen-dorogi-fc-nyiregyhaza-spartacus-fc\\\/\",\"name\":\"\u00d6r\u00f6k M\u00e9rlegen: Dorogi FC \u2013 Ny\u00edregyh\u00e1za Spartacus FC\",\"isPartOf\":{\"@id\":\"https:\\\/\\\/dorogimedence.hu\\\/#website\"},\"primaryImageOfPage\":{\"@id\":\"https:\\\/\\\/dorogimedence.hu\\\/index.php\\\/2023\\\/04\\\/11\\\/orok-merlegen-dorogi-fc-nyiregyhaza-spartacus-fc\\\/#primaryimage\"},\"image\":{\"@id\":\"https:\\\/\\\/dorogimedence.hu\\\/index.php\\\/2023\\\/04\\\/11\\\/orok-merlegen-dorogi-fc-nyiregyhaza-spartacus-fc\\\/#primaryimage\"},\"thumbnailUrl\":\"https:\\\/\\\/dorogimedence.hu\\\/wp-content\\\/uploads\\\/2023\\\/04\\\/Dorog-Nyiregyhaza-bajnoki.jpg\",\"datePublished\":\"2023-04-11T07:13:23+00:00\",\"dateModified\":\"2023-04-11T16:12:53+00:00\",\"breadcrumb\":{\"@id\":\"https:\\\/\\\/dorogimedence.hu\\\/index.php\\\/2023\\\/04\\\/11\\\/orok-merlegen-dorogi-fc-nyiregyhaza-spartacus-fc\\\/#breadcrumb\"},\"inLanguage\":\"hu\",\"potentialAction\":[{\"@type\":\"ReadAction\",\"target\":[\"https:\\\/\\\/dorogimedence.hu\\\/index.php\\\/2023\\\/04\\\/11\\\/orok-merlegen-dorogi-fc-nyiregyhaza-spartacus-fc\\\/\"]}]},{\"@type\":\"ImageObject\",\"inLanguage\":\"hu\",\"@id\":\"https:\\\/\\\/dorogimedence.hu\\\/index.php\\\/2023\\\/04\\\/11\\\/orok-merlegen-dorogi-fc-nyiregyhaza-spartacus-fc\\\/#primaryimage\",\"url\":\"https:\\\/\\\/dorogimedence.hu\\\/wp-content\\\/uploads\\\/2023\\\/04\\\/Dorog-Nyiregyhaza-bajnoki.jpg\",\"contentUrl\":\"https:\\\/\\\/dorogimedence.hu\\\/wp-content\\\/uploads\\\/2023\\\/04\\\/Dorog-Nyiregyhaza-bajnoki.jpg\",\"width\":1059,\"height\":523},{\"@type\":\"BreadcrumbList\",\"@id\":\"https:\\\/\\\/dorogimedence.hu\\\/index.php\\\/2023\\\/04\\\/11\\\/orok-merlegen-dorogi-fc-nyiregyhaza-spartacus-fc\\\/#breadcrumb\",\"itemListElement\":[{\"@type\":\"ListItem\",\"position\":1,\"name\":\"Kezd\u0151lap\",\"item\":\"https:\\\/\\\/dorogimedence.hu\\\/\"},{\"@type\":\"ListItem\",\"position\":2,\"name\":\"\u00d6r\u00f6k M\u00e9rlegen: Dorogi FC \u2013 Ny\u00edregyh\u00e1za Spartacus FC\"}]},{\"@type\":\"WebSite\",\"@id\":\"https:\\\/\\\/dorogimedence.hu\\\/#website\",\"url\":\"https:\\\/\\\/dorogimedence.hu\\\/\",\"name\":\"Dorogi-medence Region\u00e1lis H\u00edrport\u00e1l\",\"description\":\"Dorog, Keszt\u00f6lc, Le\u00e1nyv\u00e1r, Piliscs\u00e9v, Tokod, Tokodalt\u00e1r\u00f3, Csolnok, Esztergom-kertv\u00e1ros: h\u00edrek, programok\",\"publisher\":{\"@id\":\"https:\\\/\\\/dorogimedence.hu\\\/#organization\"},\"potentialAction\":[{\"@type\":\"SearchAction\",\"target\":{\"@type\":\"EntryPoint\",\"urlTemplate\":\"https:\\\/\\\/dorogimedence.hu\\\/?s={search_term_string}\"},\"query-input\":{\"@type\":\"PropertyValueSpecification\",\"valueRequired\":true,\"valueName\":\"search_term_string\"}}],\"inLanguage\":\"hu\"},{\"@type\":\"Organization\",\"@id\":\"https:\\\/\\\/dorogimedence.hu\\\/#organization\",\"name\":\"Dorogi-medence Region\u00e1lis H\u00edrport\u00e1l\",\"url\":\"https:\\\/\\\/dorogimedence.hu\\\/\",\"logo\":{\"@type\":\"ImageObject\",\"inLanguage\":\"hu\",\"@id\":\"https:\\\/\\\/dorogimedence.hu\\\/#\\\/schema\\\/logo\\\/image\\\/\",\"url\":\"https:\\\/\\\/dorogimedence.hu\\\/wp-content\\\/uploads\\\/2021\\\/04\\\/logo-feher-600.png\",\"contentUrl\":\"https:\\\/\\\/dorogimedence.hu\\\/wp-content\\\/uploads\\\/2021\\\/04\\\/logo-feher-600.png\",\"width\":600,\"height\":100,\"caption\":\"Dorogi-medence Region\u00e1lis H\u00edrport\u00e1l\"},\"image\":{\"@id\":\"https:\\\/\\\/dorogimedence.hu\\\/#\\\/schema\\\/logo\\\/image\\\/\"},\"sameAs\":[\"https:\\\/\\\/www.facebook.com\\\/dorogimedence\\\/\"]},{\"@type\":\"Person\",\"@id\":\"https:\\\/\\\/dorogimedence.hu\\\/#\\\/schema\\\/person\\\/76605e8151ec1b7376385cd184ede973\",\"name\":\"Szab\u00f3 Gyula\",\"image\":{\"@type\":\"ImageObject\",\"inLanguage\":\"hu\",\"@id\":\"\\\/\\\/www.gravatar.com\\\/avatar\\\/3e44b6fb2ef9bcea3639958cc2a587cb?s=96&#038;r=g&#038;d=mm\",\"url\":\"\\\/\\\/www.gravatar.com\\\/avatar\\\/3e44b6fb2ef9bcea3639958cc2a587cb?s=96&#038;r=g&#038;d=mm\",\"contentUrl\":\"\\\/\\\/www.gravatar.com\\\/avatar\\\/3e44b6fb2ef9bcea3639958cc2a587cb?s=96&#038;r=g&#038;d=mm\",\"caption\":\"Szab\u00f3 Gyula\"}}]}<\/script>\n<!-- \/ Yoast SEO plugin. -->","yoast_head_json":{"title":"\u00d6r\u00f6k M\u00e9rlegen: Dorogi FC \u2013 Ny\u00edregyh\u00e1za Spartacus FC","robots":{"index":"index","follow":"follow","max-snippet":"max-snippet:-1","max-image-preview":"max-image-preview:large","max-video-preview":"max-video-preview:-1"},"canonical":"https:\/\/dorogimedence.hu\/index.php\/2023\/04\/11\/orok-merlegen-dorogi-fc-nyiregyhaza-spartacus-fc\/","og_locale":"hu_HU","og_type":"article","og_title":"\u00d6r\u00f6k M\u00e9rlegen: Dorogi FC \u2013 Ny\u00edregyh\u00e1za Spartacus FC","og_description":"H\u00e9tk\u00f6zi fordul\u00f3ra ker\u00fcl sor, ahol a dorogiak kies\u00e9si rangad\u00f3t v\u00edvnak ny\u00edrs\u00e9gi ellenfel\u00fckkel. A m\u00e9rk\u0151z\u00e9s \u00e1prilis 12-\u00e9n, szerd\u00e1n 16 \u00f3rakor a Buz\u00e1nszky stadionban vesz kezdet\u00e9t. Csapatunk vas\u00e1rnap 1\u20131-es d\u00f6ntetlen \u00e9rt el a Cs\u00e1kv\u00e1r otthon\u00e1ban. A hazai g\u00e1rda k\u00e9tszer is 11-est kapott, amely k\u00f6z\u00fcl az els\u0151 mindj\u00e1rt a tal\u00e1lkoz\u00f3 legelej\u00e9n vezet\u00e9shez juttatta \u0151ket, m\u00edg a m\u00e1sodik alkalomn\u00e1l","og_url":"https:\/\/dorogimedence.hu\/index.php\/2023\/04\/11\/orok-merlegen-dorogi-fc-nyiregyhaza-spartacus-fc\/","og_site_name":"Dorogi-medence Region\u00e1lis H\u00edrport\u00e1l","article_publisher":"https:\/\/www.facebook.com\/dorogimedence\/","article_published_time":"2023-04-11T07:13:23+00:00","article_modified_time":"2023-04-11T16:12:53+00:00","og_image":[{"width":1059,"height":523,"url":"https:\/\/dorogimedence.hu\/wp-content\/uploads\/2023\/04\/Dorog-Nyiregyhaza-bajnoki.jpg","type":"image\/jpeg"}],"author":"Szab\u00f3 Gyula","twitter_card":"summary_large_image","twitter_misc":{"Szerz\u0151:":"Szab\u00f3 Gyula","Becs\u00fclt olvas\u00e1si id\u0151":"3 perc"},"schema":{"@context":"https:\/\/schema.org","@graph":[{"@type":"Article","@id":"https:\/\/dorogimedence.hu\/index.php\/2023\/04\/11\/orok-merlegen-dorogi-fc-nyiregyhaza-spartacus-fc\/#article","isPartOf":{"@id":"https:\/\/dorogimedence.hu\/index.php\/2023\/04\/11\/orok-merlegen-dorogi-fc-nyiregyhaza-spartacus-fc\/"},"author":{"name":"Szab\u00f3 Gyula","@id":"https:\/\/dorogimedence.hu\/#\/schema\/person\/76605e8151ec1b7376385cd184ede973"},"headline":"\u00d6r\u00f6k M\u00e9rlegen: Dorogi FC \u2013 Ny\u00edregyh\u00e1za Spartacus FC","datePublished":"2023-04-11T07:13:23+00:00","dateModified":"2023-04-11T16:12:53+00:00","mainEntityOfPage":{"@id":"https:\/\/dorogimedence.hu\/index.php\/2023\/04\/11\/orok-merlegen-dorogi-fc-nyiregyhaza-spartacus-fc\/"},"wordCount":604,"publisher":{"@id":"https:\/\/dorogimedence.hu\/#organization"},"image":{"@id":"https:\/\/dorogimedence.hu\/index.php\/2023\/04\/11\/orok-merlegen-dorogi-fc-nyiregyhaza-spartacus-fc\/#primaryimage"},"thumbnailUrl":"https:\/\/dorogimedence.hu\/wp-content\/uploads\/2023\/04\/Dorog-Nyiregyhaza-bajnoki.jpg","keywords":["Dorog","Dorogi FC","foci","futball","labdar\u00fag\u00e1s","NB II","Ny\u00edregyh\u00e1za","sport"],"articleSection":["Dorog","H\u00edrek","Sport"],"inLanguage":"hu"},{"@type":"WebPage","@id":"https:\/\/dorogimedence.hu\/index.php\/2023\/04\/11\/orok-merlegen-dorogi-fc-nyiregyhaza-spartacus-fc\/","url":"https:\/\/dorogimedence.hu\/index.php\/2023\/04\/11\/orok-merlegen-dorogi-fc-nyiregyhaza-spartacus-fc\/","name":"\u00d6r\u00f6k M\u00e9rlegen: Dorogi FC \u2013 Ny\u00edregyh\u00e1za Spartacus FC","isPartOf":{"@id":"https:\/\/dorogimedence.hu\/#website"},"primaryImageOfPage":{"@id":"https:\/\/dorogimedence.hu\/index.php\/2023\/04\/11\/orok-merlegen-dorogi-fc-nyiregyhaza-spartacus-fc\/#primaryimage"},"image":{"@id":"https:\/\/dorogimedence.hu\/index.php\/2023\/04\/11\/orok-merlegen-dorogi-fc-nyiregyhaza-spartacus-fc\/#primaryimage"},"thumbnailUrl":"https:\/\/dorogimedence.hu\/wp-content\/uploads\/2023\/04\/Dorog-Nyiregyhaza-bajnoki.jpg","datePublished":"2023-04-11T07:13:23+00:00","dateModified":"2023-04-11T16:12:53+00:00","breadcrumb":{"@id":"https:\/\/dorogimedence.hu\/index.php\/2023\/04\/11\/orok-merlegen-dorogi-fc-nyiregyhaza-spartacus-fc\/#breadcrumb"},"inLanguage":"hu","potentialAction":[{"@type":"ReadAction","target":["https:\/\/dorogimedence.hu\/index.php\/2023\/04\/11\/orok-merlegen-dorogi-fc-nyiregyhaza-spartacus-fc\/"]}]},{"@type":"ImageObject","inLanguage":"hu","@id":"https:\/\/dorogimedence.hu\/index.php\/2023\/04\/11\/orok-merlegen-dorogi-fc-nyiregyhaza-spartacus-fc\/#primaryimage","url":"https:\/\/dorogimedence.hu\/wp-content\/uploads\/2023\/04\/Dorog-Nyiregyhaza-bajnoki.jpg","contentUrl":"https:\/\/dorogimedence.hu\/wp-content\/uploads\/2023\/04\/Dorog-Nyiregyhaza-bajnoki.jpg","width":1059,"height":523},{"@type":"BreadcrumbList","@id":"https:\/\/dorogimedence.hu\/index.php\/2023\/04\/11\/orok-merlegen-dorogi-fc-nyiregyhaza-spartacus-fc\/#breadcrumb","itemListElement":[{"@type":"ListItem","position":1,"name":"Kezd\u0151lap","item":"https:\/\/dorogimedence.hu\/"},{"@type":"ListItem","position":2,"name":"\u00d6r\u00f6k M\u00e9rlegen: Dorogi FC \u2013 Ny\u00edregyh\u00e1za Spartacus FC"}]},{"@type":"WebSite","@id":"https:\/\/dorogimedence.hu\/#website","url":"https:\/\/dorogimedence.hu\/","name":"Dorogi-medence Region\u00e1lis H\u00edrport\u00e1l","description":"Dorog, Keszt\u00f6lc, Le\u00e1nyv\u00e1r, Piliscs\u00e9v, Tokod, Tokodalt\u00e1r\u00f3, Csolnok, Esztergom-kertv\u00e1ros: h\u00edrek, programok","publisher":{"@id":"https:\/\/dorogimedence.hu\/#organization"},"potentialAction":[{"@type":"SearchAction","target":{"@type":"EntryPoint","urlTemplate":"https:\/\/dorogimedence.hu\/?s={search_term_string}"},"query-input":{"@type":"PropertyValueSpecification","valueRequired":true,"valueName":"search_term_string"}}],"inLanguage":"hu"},{"@type":"Organization","@id":"https:\/\/dorogimedence.hu\/#organization","name":"Dorogi-medence Region\u00e1lis H\u00edrport\u00e1l","url":"https:\/\/dorogimedence.hu\/","logo":{"@type":"ImageObject","inLanguage":"hu","@id":"https:\/\/dorogimedence.hu\/#\/schema\/logo\/image\/","url":"https:\/\/dorogimedence.hu\/wp-content\/uploads\/2021\/04\/logo-feher-600.png","contentUrl":"https:\/\/dorogimedence.hu\/wp-content\/uploads\/2021\/04\/logo-feher-600.png","width":600,"height":100,"caption":"Dorogi-medence Region\u00e1lis H\u00edrport\u00e1l"},"image":{"@id":"https:\/\/dorogimedence.hu\/#\/schema\/logo\/image\/"},"sameAs":["https:\/\/www.facebook.com\/dorogimedence\/"]},{"@type":"Person","@id":"https:\/\/dorogimedence.hu\/#\/schema\/person\/76605e8151ec1b7376385cd184ede973","name":"Szab\u00f3 Gyula","image":{"@type":"ImageObject","inLanguage":"hu","@id":"\/\/www.gravatar.com\/avatar\/3e44b6fb2ef9bcea3639958cc2a587cb?s=96&#038;r=g&#038;d=mm","url":"\/\/www.gravatar.com\/avatar\/3e44b6fb2ef9bcea3639958cc2a587cb?s=96&#038;r=g&#038;d=mm","contentUrl":"\/\/www.gravatar.com\/avatar\/3e44b6fb2ef9bcea3639958cc2a587cb?s=96&#038;r=g&#038;d=mm","caption":"Szab\u00f3 Gyula"}}]}},"_links":{"self":[{"href":"https:\/\/dorogimedence.hu\/index.php\/wp-json\/wp\/v2\/posts\/51885","targetHints":{"allow":["GET"]}}],"collection":[{"href":"https:\/\/dorogimedence.hu\/index.php\/wp-json\/wp\/v2\/posts"}],"about":[{"href":"https:\/\/dorogimedence.hu\/index.php\/wp-json\/wp\/v2\/types\/post"}],"author":[{"embeddable":true,"href":"https:\/\/dorogimedence.hu\/index.php\/wp-json\/wp\/v2\/users\/4"}],"replies":[{"embeddable":true,"href":"https:\/\/dorogimedence.hu\/index.php\/wp-json\/wp\/v2\/comments?post=51885"}],"version-history":[{"count":0,"href":"https:\/\/dorogimedence.hu\/index.php\/wp-json\/wp\/v2\/posts\/51885\/revisions"}],"wp:featuredmedia":[{"embeddable":true,"href":"https:\/\/dorogimedence.hu\/index.php\/wp-json\/wp\/v2\/media\/51913"}],"wp:attachment":[{"href":"https:\/\/dorogimedence.hu\/index.php\/wp-json\/wp\/v2\/media?parent=51885"}],"wp:term":[{"taxonomy":"category","embeddable":true,"href":"https:\/\/dorogimedence.hu\/index.php\/wp-json\/wp\/v2\/categories?post=51885"},{"taxonomy":"post_tag","embeddable":true,"href":"https:\/\/dorogimedence.hu\/index.php\/wp-json\/wp\/v2\/tags?post=51885"}],"curies":[{"name":"wp","href":"https:\/\/api.w.org\/{rel}","templated":true}]}}