{"id":51853,"date":"2023-04-07T06:07:59","date_gmt":"2023-04-07T04:07:59","guid":{"rendered":"https:\/\/dorogimedence.hu\/?p=51853"},"modified":"2023-04-08T09:21:47","modified_gmt":"2023-04-08T07:21:47","slug":"remenyi-karoly-karnagy-tiszteletere-rendeztek-hangversenyt-esztergomban","status":"publish","type":"post","link":"https:\/\/dorogimedence.hu\/index.php\/2023\/04\/07\/remenyi-karoly-karnagy-tiszteletere-rendeztek-hangversenyt-esztergomban\/","title":{"rendered":"Rem\u00e9nyi K\u00e1roly karnagy tisztelet\u00e9re rendeztek hangversenyt Esztergomban"},"content":{"rendered":"<p><strong>M\u00e1rcius 31-\u00e9n, p\u00e9nteken 18 \u00f3rai kezdettel val\u00f3sult meg az Esztergomi Dob\u00f3 Katalin Gimn\u00e1zium \u00e9p\u00fclet\u00e9ben a II. Rem\u00e9nyi K\u00e1roly Eml\u00e9khangverseny.<\/strong><\/p>\n<p>Az est keret\u00e9ben a helyi zeneiskola egykori igazgat\u00f3j\u00e1ra, a K\u00d3TA- \u00e9s Pro Urbe Esztergom d\u00edjas Rem\u00e9nyi K\u00e1rolyra eml\u00e9keztek. A rendezv\u00e9nyen M\u00fcller M\u00e1ty\u00e1s, a koncert moder\u00e1tora k\u00f6sz\u00f6nt\u00f6tte a jelenl\u00e9v\u0151ket, majd felid\u00e9zte Rem\u00e9nyi K\u00e1roly karnagy \u00e9let\u00fatj\u00e1t. Ezut\u00e1n n\u00e9gy r\u00e9szb\u0151l \u00e1ll\u00f3 m\u0171sorblokk k\u00f6vetkezett.<\/p>\n<p>Els\u0151k\u00e9nt Ars Strigoniensis Zenekar l\u00e9pett fel, mely egy\u00fcttes projekt-jelleggel kifejezetten a program megval\u00f3s\u00edt\u00e1s\u00e1ra alakult bar\u00e1tokb\u00f3l, zen\u00e9sz koll\u00e9g\u00e1kb\u00f3l. A zongor\u00e1n Szekr\u00e9nyessy Csan\u00e1d, a Liszt Ferenc Zenem\u0171v\u00e9szeti Egyetem m\u00e1sod\u00e9ves n\u00f6vend\u00e9ke j\u00e1tszott (tan\u00e1rai: R\u00e9ti Bal\u00e1zs \u00e9s Falvai Katalin). A karmesteri p\u00e1lca Szab\u00f3 M\u00e1rk kez\u00e9ben lend\u00fclt, aki szint\u00e9n a Zeneakad\u00e9mia mesterszakos hallgat\u00f3ja \u00e9s jelenleg Erasmus \u00f6szt\u00f6nd\u00edj keret\u00e9ben a berlini Hochschule f\u00fcr Musik Hanns Eisler int\u00e9zm\u00e9nyben t\u00f6lt el k\u00e9t szemesztert (tan\u00e1rai: Cseri Zs\u00f3fia \u00e9s Tobias Walenciak). Az egy\u00fcttes Mozart: d-moll zongoraverseny\u00e9t adta el\u0151.<\/p>\n<p><img fetchpriority=\"high\" decoding=\"async\" class=\"alignnone size-full wp-image-51855\" src=\"https:\/\/dorogimedence.hu\/wp-content\/uploads\/2023\/04\/remenyi-02.jpg\" alt=\"\" width=\"1920\" height=\"1054\" srcset=\"https:\/\/dorogimedence.hu\/wp-content\/uploads\/2023\/04\/remenyi-02.jpg 1920w, https:\/\/dorogimedence.hu\/wp-content\/uploads\/2023\/04\/remenyi-02-300x165.jpg 300w, https:\/\/dorogimedence.hu\/wp-content\/uploads\/2023\/04\/remenyi-02-1024x562.jpg 1024w, https:\/\/dorogimedence.hu\/wp-content\/uploads\/2023\/04\/remenyi-02-768x422.jpg 768w, https:\/\/dorogimedence.hu\/wp-content\/uploads\/2023\/04\/remenyi-02-1536x843.jpg 1536w, https:\/\/dorogimedence.hu\/wp-content\/uploads\/2023\/04\/remenyi-02-150x82.jpg 150w, https:\/\/dorogimedence.hu\/wp-content\/uploads\/2023\/04\/remenyi-02-450x247.jpg 450w, https:\/\/dorogimedence.hu\/wp-content\/uploads\/2023\/04\/remenyi-02-1200x659.jpg 1200w\" sizes=\"(max-width: 1920px) 100vw, 1920px\" \/><\/p>\n<p>A nagy sikert kiv\u00e1lt\u00f3 produkci\u00f3 ut\u00e1n a k\u00f6z\u00f6ns\u00e9g az esztergomi Balassa B\u00e1lint Vegyeskar \u00f6n\u00e1ll\u00f3 m\u0171sor\u00e1t hallgathatta meg. Zongor\u00e1n k\u00f6zrem\u0171k\u00f6d\u00f6tt R\u00f3zs\u00e1r Brigitta, vez\u00e9nyelt a Zsolt N\u00e1ndor Katolikus Zeneiskola jelenlegi igazgat\u00f3ja, Udvardyn\u00e9 P\u00e1sztor \u00c1gnes.<\/p>\n<p>R\u00f6vid sz\u00fcnet ut\u00e1n a budapesti Erkel Ferenc Vegyeskar is bemutatkozhatott az esztergomi sz\u00ednpadon. A v\u00e1rosba l\u00e1togat\u00f3 k\u00f3rus mindemellett m\u00e1snap \u00f6n\u00e1ll\u00f3 hangversenyt is adott a Szatm\u00e1ri Irgalmasn\u0151v\u00e9rek Z\u00e1rdatemplom\u00e1ban. Mindk\u00e9t koncerten Cseri Zs\u00f3fia, a Zeneakad\u00e9mia tan\u00e1ra \u00e9s a k\u00f3rus karnagya vez\u00e9nyelt.<\/p>\n<p><img decoding=\"async\" class=\"alignnone size-full wp-image-51856\" src=\"https:\/\/dorogimedence.hu\/wp-content\/uploads\/2023\/04\/remenyi-03.jpg\" alt=\"\" width=\"1920\" height=\"1159\" srcset=\"https:\/\/dorogimedence.hu\/wp-content\/uploads\/2023\/04\/remenyi-03.jpg 1920w, https:\/\/dorogimedence.hu\/wp-content\/uploads\/2023\/04\/remenyi-03-300x181.jpg 300w, https:\/\/dorogimedence.hu\/wp-content\/uploads\/2023\/04\/remenyi-03-1024x618.jpg 1024w, https:\/\/dorogimedence.hu\/wp-content\/uploads\/2023\/04\/remenyi-03-768x464.jpg 768w, https:\/\/dorogimedence.hu\/wp-content\/uploads\/2023\/04\/remenyi-03-1536x927.jpg 1536w, https:\/\/dorogimedence.hu\/wp-content\/uploads\/2023\/04\/remenyi-03-150x91.jpg 150w, https:\/\/dorogimedence.hu\/wp-content\/uploads\/2023\/04\/remenyi-03-450x272.jpg 450w, https:\/\/dorogimedence.hu\/wp-content\/uploads\/2023\/04\/remenyi-03-1200x724.jpg 1200w\" sizes=\"(max-width: 1920px) 100vw, 1920px\" \/><\/p>\n<p>Az est fin\u00e1l\u00e9jak\u00e9nt az Ars Strigoniensis Zenekar, Szekr\u00e9nyessy Csan\u00e1d (zongora) \u00e9s a fell\u00e9p\u0151 k\u00f3rusok egyes\u00fclt er\u0151kkel Beethoven brili\u00e1ns alkot\u00e1s\u00e1t, az Op. 80 Karfant\u00e1zi\u00e1t sz\u00f3laltatt\u00e1k meg, a karmesteri dobog\u00f3n ism\u00e9t Szab\u00f3 M\u00e1rk vez\u00e9nylet\u00e9vel. Sz\u00f3l\u00f3t \u00e9nekelt Dunai \u00c9va, T\u00f3th Ren\u00e1ta Zsanett, Gergely Zs\u00f3ka, Papp Viktor, P\u00e1lmai \u00c1rp\u00e1d \u00e9s Cser \u00c1goston.<\/p>\n<p>A grandi\u00f3zus konkl\u00fazi\u00f3t \u00e9s az eg\u00e9sz hangversenyt t\u00f6bb perces taps \u00e9s nagy ov\u00e1ci\u00f3 fogadta az esztergomi k\u00f6z\u00f6ns\u00e9g r\u00e9sz\u00e9r\u0151l, amely helyt ad a program vez\u00e9rgondolat\u00e1nak, miszerint:<\/p>\n<p><em>\u201eRem\u00e9nyi K\u00e1roly szem\u00e9lyis\u00e9ge egykoron \u00e9s eml\u00e9kezete jelenleg is \u00e9p\u00edt, gyarap\u00edt, motiv\u00e1l, alkot\u00e1sra \u00e9s tettekre buzd\u00edt, valamint ami a legfontosabb: egyes\u00edt \u00e9s k\u00f6z\u00f6ss\u00e9gbe kov\u00e1csol.\u201d<\/em><\/p>\n<p><img decoding=\"async\" class=\"alignnone size-full wp-image-51857\" src=\"https:\/\/dorogimedence.hu\/wp-content\/uploads\/2023\/04\/remenyi-04.jpg\" alt=\"\" width=\"1920\" height=\"1129\" srcset=\"https:\/\/dorogimedence.hu\/wp-content\/uploads\/2023\/04\/remenyi-04.jpg 1920w, https:\/\/dorogimedence.hu\/wp-content\/uploads\/2023\/04\/remenyi-04-300x176.jpg 300w, https:\/\/dorogimedence.hu\/wp-content\/uploads\/2023\/04\/remenyi-04-1024x602.jpg 1024w, https:\/\/dorogimedence.hu\/wp-content\/uploads\/2023\/04\/remenyi-04-768x452.jpg 768w, https:\/\/dorogimedence.hu\/wp-content\/uploads\/2023\/04\/remenyi-04-1536x903.jpg 1536w, https:\/\/dorogimedence.hu\/wp-content\/uploads\/2023\/04\/remenyi-04-150x88.jpg 150w, https:\/\/dorogimedence.hu\/wp-content\/uploads\/2023\/04\/remenyi-04-450x265.jpg 450w, https:\/\/dorogimedence.hu\/wp-content\/uploads\/2023\/04\/remenyi-04-1200x706.jpg 1200w\" sizes=\"(max-width: 1920px) 100vw, 1920px\" \/><\/p>\n<p>Rem\u00e9nyi K\u00e1roly 1970 \u00e9s 1999 k\u00f6z\u00f6tt az esztergomi zeneiskola igazgat\u00f3ja volt, amely id\u0151szakban sorker\u00fclt az akkori \u00e9p\u00fclet kib\u0151v\u00edt\u00e9s\u00e9re. Az int\u00e9zm\u00e9ny ennek k\u00f6sz\u00f6nhet\u0151en nyerte el a ma is ismert form\u00e1j\u00e1t. Szakmai munk\u00e1ja sor\u00e1n tan\u00e1ri tev\u00e9kenys\u00e9ge mellett t\u00f6bbek k\u00f6z\u00f6tt a Labor M\u0171szeripari M\u0171vek Balassa B\u00e1lint Vegyeskar\u00e1nak karnagya, az Esztergomi Szimfonikus Zenekar alap\u00edt\u00f3ja \u00e9s karmestere volt. \u00c9lete sor\u00e1n sz\u00e1mtalan fiatalt ind\u00edtott el a zenei \u00fatvonalon, \u00edgy p\u00e9ld\u00e1ul Szab\u00f3 M\u00e1rk, a hangverseny karmestere is az \u0151 sz\u00e1rnyai alatt kezdte meg zenei p\u00e1lyafut\u00e1s\u00e1t. Rem\u00e9nyi K\u00e1roly visszavonul\u00e1sa ut\u00e1n, 2020 november\u00e9ben hunyt el Esztergomban.<\/p>\n<p>Az esem\u00e9ny Szab\u00f3 M\u00e1rk \u00e9s Szekr\u00e9nyessy Csan\u00e1d szervez\u00e9s\u00e9nek eredm\u00e9nyek\u00e9ppen tudott megval\u00f3sulni a Nemzeti Kultur\u00e1lis Alap \u00e9s Esztergom Megyei Jog\u00fa V\u00e1ros \u00d6nkorm\u00e1nyzat\u00e1nak t\u00e1mogat\u00e1s\u00e1val. Tov\u00e1bbi t\u00e1mogat\u00f3ik voltak: Kom\u00e1rom-Esztergom Megyei Kereskedelmi \u00e9s Iparkamara (KEMKIK), Neuzer Ker\u00e9kp\u00e1rgy\u00e1r Kft., Moln\u00e1r G\u00e1bor Aut\u00f3siskola, Dob\u00f3 Katalin Gimn\u00e1zium, Zsolt N\u00e1ndor Katolikus Zeneiskola.<\/p>\n<p><img loading=\"lazy\" decoding=\"async\" class=\"alignnone size-full wp-image-51858\" src=\"https:\/\/dorogimedence.hu\/wp-content\/uploads\/2023\/04\/remenyi-05.jpg\" alt=\"\" width=\"1200\" height=\"1530\" srcset=\"https:\/\/dorogimedence.hu\/wp-content\/uploads\/2023\/04\/remenyi-05.jpg 1200w, https:\/\/dorogimedence.hu\/wp-content\/uploads\/2023\/04\/remenyi-05-235x300.jpg 235w, https:\/\/dorogimedence.hu\/wp-content\/uploads\/2023\/04\/remenyi-05-803x1024.jpg 803w, https:\/\/dorogimedence.hu\/wp-content\/uploads\/2023\/04\/remenyi-05-768x979.jpg 768w, https:\/\/dorogimedence.hu\/wp-content\/uploads\/2023\/04\/remenyi-05-150x191.jpg 150w, https:\/\/dorogimedence.hu\/wp-content\/uploads\/2023\/04\/remenyi-05-450x574.jpg 450w\" sizes=\"(max-width: 1200px) 100vw, 1200px\" \/><\/p>\n<p><em>Fot\u00f3k: Walczer Patrik \/ Kis \u00c1kos<\/em><\/p>\n","protected":false},"excerpt":{"rendered":"<p>M\u00e1rcius 31-\u00e9n, p\u00e9nteken 18 \u00f3rai kezdettel val\u00f3sult meg az Esztergomi Dob\u00f3 Katalin Gimn\u00e1zium \u00e9p\u00fclet\u00e9ben a II. Rem\u00e9nyi K\u00e1roly Eml\u00e9khangverseny. Az est keret\u00e9ben a helyi zeneiskola egykori igazgat\u00f3j\u00e1ra, a K\u00d3TA- \u00e9s Pro Urbe Esztergom d\u00edjas Rem\u00e9nyi K\u00e1rolyra eml\u00e9keztek. A rendezv\u00e9nyen M\u00fcller M\u00e1ty\u00e1s, a koncert moder\u00e1tora k\u00f6sz\u00f6nt\u00f6tte a jelenl\u00e9v\u0151ket, majd felid\u00e9zte Rem\u00e9nyi K\u00e1roly karnagy \u00e9let\u00fatj\u00e1t. Ezut\u00e1n n\u00e9gy<\/p>\n","protected":false},"author":1,"featured_media":51854,"comment_status":"closed","ping_status":"closed","sticky":false,"template":"","format":"standard","meta":{"ngg_post_thumbnail":0,"footnotes":""},"categories":[38,3],"tags":[6955,5624,1010,119,5429],"class_list":{"0":"post-51853","1":"post","2":"type-post","3":"status-publish","4":"format-standard","5":"has-post-thumbnail","7":"category-esztergom","8":"category-hirek","9":"tag-emlekkoncert","10":"tag-featured","11":"tag-hangverseny","12":"tag-koncert","13":"tag-remenyi-karoly"},"yoast_head":"<!-- This site is optimized with the Yoast SEO plugin v27.4 - https:\/\/yoast.com\/product\/yoast-seo-wordpress\/ -->\n<title>Rem\u00e9nyi K\u00e1roly karnagy tisztelet\u00e9re rendeztek hangversenyt Esztergomban<\/title>\n<meta name=\"robots\" content=\"index, follow, max-snippet:-1, max-image-preview:large, max-video-preview:-1\" \/>\n<link rel=\"canonical\" href=\"https:\/\/dorogimedence.hu\/index.php\/2023\/04\/07\/remenyi-karoly-karnagy-tiszteletere-rendeztek-hangversenyt-esztergomban\/\" class=\"yoast-seo-meta-tag\" \/>\n<meta property=\"og:locale\" content=\"hu_HU\" class=\"yoast-seo-meta-tag\" \/>\n<meta property=\"og:type\" content=\"article\" class=\"yoast-seo-meta-tag\" \/>\n<meta property=\"og:title\" content=\"Rem\u00e9nyi K\u00e1roly karnagy tisztelet\u00e9re rendeztek hangversenyt Esztergomban\" class=\"yoast-seo-meta-tag\" \/>\n<meta property=\"og:description\" content=\"M\u00e1rcius 31-\u00e9n, p\u00e9nteken 18 \u00f3rai kezdettel val\u00f3sult meg az Esztergomi Dob\u00f3 Katalin Gimn\u00e1zium \u00e9p\u00fclet\u00e9ben a II. Rem\u00e9nyi K\u00e1roly Eml\u00e9khangverseny. Az est keret\u00e9ben a helyi zeneiskola egykori igazgat\u00f3j\u00e1ra, a K\u00d3TA- \u00e9s Pro Urbe Esztergom d\u00edjas Rem\u00e9nyi K\u00e1rolyra eml\u00e9keztek. A rendezv\u00e9nyen M\u00fcller M\u00e1ty\u00e1s, a koncert moder\u00e1tora k\u00f6sz\u00f6nt\u00f6tte a jelenl\u00e9v\u0151ket, majd felid\u00e9zte Rem\u00e9nyi K\u00e1roly karnagy \u00e9let\u00fatj\u00e1t. Ezut\u00e1n n\u00e9gy\" class=\"yoast-seo-meta-tag\" \/>\n<meta property=\"og:url\" content=\"https:\/\/dorogimedence.hu\/index.php\/2023\/04\/07\/remenyi-karoly-karnagy-tiszteletere-rendeztek-hangversenyt-esztergomban\/\" class=\"yoast-seo-meta-tag\" \/>\n<meta property=\"og:site_name\" content=\"Dorogi-medence Region\u00e1lis H\u00edrport\u00e1l\" class=\"yoast-seo-meta-tag\" \/>\n<meta property=\"article:publisher\" content=\"https:\/\/www.facebook.com\/dorogimedence\/\" class=\"yoast-seo-meta-tag\" \/>\n<meta property=\"article:published_time\" content=\"2023-04-07T04:07:59+00:00\" class=\"yoast-seo-meta-tag\" \/>\n<meta property=\"article:modified_time\" content=\"2023-04-08T07:21:47+00:00\" class=\"yoast-seo-meta-tag\" \/>\n<meta property=\"og:image\" content=\"https:\/\/dorogimedence.hu\/wp-content\/uploads\/2023\/04\/remenyi-01.jpg\" class=\"yoast-seo-meta-tag\" \/>\n\t<meta property=\"og:image:width\" content=\"1920\" class=\"yoast-seo-meta-tag\" \/>\n\t<meta property=\"og:image:height\" content=\"1032\" class=\"yoast-seo-meta-tag\" \/>\n\t<meta property=\"og:image:type\" content=\"image\/jpeg\" class=\"yoast-seo-meta-tag\" \/>\n<meta name=\"author\" content=\"dorogimedence.hu\" class=\"yoast-seo-meta-tag\" \/>\n<meta name=\"twitter:card\" content=\"summary_large_image\" class=\"yoast-seo-meta-tag\" \/>\n<meta name=\"twitter:label1\" content=\"Szerz\u0151:\" class=\"yoast-seo-meta-tag\" \/>\n\t<meta name=\"twitter:data1\" content=\"dorogimedence.hu\" class=\"yoast-seo-meta-tag\" \/>\n\t<meta name=\"twitter:label2\" content=\"Becs\u00fclt olvas\u00e1si id\u0151\" class=\"yoast-seo-meta-tag\" \/>\n\t<meta name=\"twitter:data2\" content=\"3 perc\" class=\"yoast-seo-meta-tag\" \/>\n<script type=\"application\/ld+json\" class=\"yoast-schema-graph\">{\"@context\":\"https:\\\/\\\/schema.org\",\"@graph\":[{\"@type\":\"Article\",\"@id\":\"https:\\\/\\\/dorogimedence.hu\\\/index.php\\\/2023\\\/04\\\/07\\\/remenyi-karoly-karnagy-tiszteletere-rendeztek-hangversenyt-esztergomban\\\/#article\",\"isPartOf\":{\"@id\":\"https:\\\/\\\/dorogimedence.hu\\\/index.php\\\/2023\\\/04\\\/07\\\/remenyi-karoly-karnagy-tiszteletere-rendeztek-hangversenyt-esztergomban\\\/\"},\"author\":{\"name\":\"dorogimedence.hu\",\"@id\":\"https:\\\/\\\/dorogimedence.hu\\\/#\\\/schema\\\/person\\\/ce6091eeb7e95ecdc87890d6aa8e0fd4\"},\"headline\":\"Rem\u00e9nyi K\u00e1roly karnagy tisztelet\u00e9re rendeztek hangversenyt Esztergomban\",\"datePublished\":\"2023-04-07T04:07:59+00:00\",\"dateModified\":\"2023-04-08T07:21:47+00:00\",\"mainEntityOfPage\":{\"@id\":\"https:\\\/\\\/dorogimedence.hu\\\/index.php\\\/2023\\\/04\\\/07\\\/remenyi-karoly-karnagy-tiszteletere-rendeztek-hangversenyt-esztergomban\\\/\"},\"wordCount\":703,\"publisher\":{\"@id\":\"https:\\\/\\\/dorogimedence.hu\\\/#organization\"},\"image\":{\"@id\":\"https:\\\/\\\/dorogimedence.hu\\\/index.php\\\/2023\\\/04\\\/07\\\/remenyi-karoly-karnagy-tiszteletere-rendeztek-hangversenyt-esztergomban\\\/#primaryimage\"},\"thumbnailUrl\":\"https:\\\/\\\/dorogimedence.hu\\\/wp-content\\\/uploads\\\/2023\\\/04\\\/remenyi-01.jpg\",\"keywords\":[\"eml\u00e9kkoncert\",\"featured\",\"hangverseny\",\"koncert\",\"Rem\u00e9nyi K\u00e1roly\"],\"articleSection\":[\"Esztergom\",\"H\u00edrek\"],\"inLanguage\":\"hu\"},{\"@type\":\"WebPage\",\"@id\":\"https:\\\/\\\/dorogimedence.hu\\\/index.php\\\/2023\\\/04\\\/07\\\/remenyi-karoly-karnagy-tiszteletere-rendeztek-hangversenyt-esztergomban\\\/\",\"url\":\"https:\\\/\\\/dorogimedence.hu\\\/index.php\\\/2023\\\/04\\\/07\\\/remenyi-karoly-karnagy-tiszteletere-rendeztek-hangversenyt-esztergomban\\\/\",\"name\":\"Rem\u00e9nyi K\u00e1roly karnagy tisztelet\u00e9re rendeztek hangversenyt Esztergomban\",\"isPartOf\":{\"@id\":\"https:\\\/\\\/dorogimedence.hu\\\/#website\"},\"primaryImageOfPage\":{\"@id\":\"https:\\\/\\\/dorogimedence.hu\\\/index.php\\\/2023\\\/04\\\/07\\\/remenyi-karoly-karnagy-tiszteletere-rendeztek-hangversenyt-esztergomban\\\/#primaryimage\"},\"image\":{\"@id\":\"https:\\\/\\\/dorogimedence.hu\\\/index.php\\\/2023\\\/04\\\/07\\\/remenyi-karoly-karnagy-tiszteletere-rendeztek-hangversenyt-esztergomban\\\/#primaryimage\"},\"thumbnailUrl\":\"https:\\\/\\\/dorogimedence.hu\\\/wp-content\\\/uploads\\\/2023\\\/04\\\/remenyi-01.jpg\",\"datePublished\":\"2023-04-07T04:07:59+00:00\",\"dateModified\":\"2023-04-08T07:21:47+00:00\",\"breadcrumb\":{\"@id\":\"https:\\\/\\\/dorogimedence.hu\\\/index.php\\\/2023\\\/04\\\/07\\\/remenyi-karoly-karnagy-tiszteletere-rendeztek-hangversenyt-esztergomban\\\/#breadcrumb\"},\"inLanguage\":\"hu\",\"potentialAction\":[{\"@type\":\"ReadAction\",\"target\":[\"https:\\\/\\\/dorogimedence.hu\\\/index.php\\\/2023\\\/04\\\/07\\\/remenyi-karoly-karnagy-tiszteletere-rendeztek-hangversenyt-esztergomban\\\/\"]}]},{\"@type\":\"ImageObject\",\"inLanguage\":\"hu\",\"@id\":\"https:\\\/\\\/dorogimedence.hu\\\/index.php\\\/2023\\\/04\\\/07\\\/remenyi-karoly-karnagy-tiszteletere-rendeztek-hangversenyt-esztergomban\\\/#primaryimage\",\"url\":\"https:\\\/\\\/dorogimedence.hu\\\/wp-content\\\/uploads\\\/2023\\\/04\\\/remenyi-01.jpg\",\"contentUrl\":\"https:\\\/\\\/dorogimedence.hu\\\/wp-content\\\/uploads\\\/2023\\\/04\\\/remenyi-01.jpg\",\"width\":1920,\"height\":1032},{\"@type\":\"BreadcrumbList\",\"@id\":\"https:\\\/\\\/dorogimedence.hu\\\/index.php\\\/2023\\\/04\\\/07\\\/remenyi-karoly-karnagy-tiszteletere-rendeztek-hangversenyt-esztergomban\\\/#breadcrumb\",\"itemListElement\":[{\"@type\":\"ListItem\",\"position\":1,\"name\":\"Kezd\u0151lap\",\"item\":\"https:\\\/\\\/dorogimedence.hu\\\/\"},{\"@type\":\"ListItem\",\"position\":2,\"name\":\"Rem\u00e9nyi K\u00e1roly karnagy tisztelet\u00e9re rendeztek hangversenyt Esztergomban\"}]},{\"@type\":\"WebSite\",\"@id\":\"https:\\\/\\\/dorogimedence.hu\\\/#website\",\"url\":\"https:\\\/\\\/dorogimedence.hu\\\/\",\"name\":\"Dorogi-medence Region\u00e1lis H\u00edrport\u00e1l\",\"description\":\"Dorog, Keszt\u00f6lc, Le\u00e1nyv\u00e1r, Piliscs\u00e9v, Tokod, Tokodalt\u00e1r\u00f3, Csolnok, Esztergom-kertv\u00e1ros: h\u00edrek, programok\",\"publisher\":{\"@id\":\"https:\\\/\\\/dorogimedence.hu\\\/#organization\"},\"potentialAction\":[{\"@type\":\"SearchAction\",\"target\":{\"@type\":\"EntryPoint\",\"urlTemplate\":\"https:\\\/\\\/dorogimedence.hu\\\/?s={search_term_string}\"},\"query-input\":{\"@type\":\"PropertyValueSpecification\",\"valueRequired\":true,\"valueName\":\"search_term_string\"}}],\"inLanguage\":\"hu\"},{\"@type\":\"Organization\",\"@id\":\"https:\\\/\\\/dorogimedence.hu\\\/#organization\",\"name\":\"Dorogi-medence Region\u00e1lis H\u00edrport\u00e1l\",\"url\":\"https:\\\/\\\/dorogimedence.hu\\\/\",\"logo\":{\"@type\":\"ImageObject\",\"inLanguage\":\"hu\",\"@id\":\"https:\\\/\\\/dorogimedence.hu\\\/#\\\/schema\\\/logo\\\/image\\\/\",\"url\":\"https:\\\/\\\/dorogimedence.hu\\\/wp-content\\\/uploads\\\/2021\\\/04\\\/logo-feher-600.png\",\"contentUrl\":\"https:\\\/\\\/dorogimedence.hu\\\/wp-content\\\/uploads\\\/2021\\\/04\\\/logo-feher-600.png\",\"width\":600,\"height\":100,\"caption\":\"Dorogi-medence Region\u00e1lis H\u00edrport\u00e1l\"},\"image\":{\"@id\":\"https:\\\/\\\/dorogimedence.hu\\\/#\\\/schema\\\/logo\\\/image\\\/\"},\"sameAs\":[\"https:\\\/\\\/www.facebook.com\\\/dorogimedence\\\/\"]},{\"@type\":\"Person\",\"@id\":\"https:\\\/\\\/dorogimedence.hu\\\/#\\\/schema\\\/person\\\/ce6091eeb7e95ecdc87890d6aa8e0fd4\",\"name\":\"dorogimedence.hu\",\"image\":{\"@type\":\"ImageObject\",\"inLanguage\":\"hu\",\"@id\":\"\\\/\\\/www.gravatar.com\\\/avatar\\\/d8d45f8901aadff40a4af72c0b826f1d?s=96&#038;r=g&#038;d=mm\",\"url\":\"\\\/\\\/www.gravatar.com\\\/avatar\\\/d8d45f8901aadff40a4af72c0b826f1d?s=96&#038;r=g&#038;d=mm\",\"contentUrl\":\"\\\/\\\/www.gravatar.com\\\/avatar\\\/d8d45f8901aadff40a4af72c0b826f1d?s=96&#038;r=g&#038;d=mm\",\"caption\":\"dorogimedence.hu\"}}]}<\/script>\n<!-- \/ Yoast SEO plugin. -->","yoast_head_json":{"title":"Rem\u00e9nyi K\u00e1roly karnagy tisztelet\u00e9re rendeztek hangversenyt Esztergomban","robots":{"index":"index","follow":"follow","max-snippet":"max-snippet:-1","max-image-preview":"max-image-preview:large","max-video-preview":"max-video-preview:-1"},"canonical":"https:\/\/dorogimedence.hu\/index.php\/2023\/04\/07\/remenyi-karoly-karnagy-tiszteletere-rendeztek-hangversenyt-esztergomban\/","og_locale":"hu_HU","og_type":"article","og_title":"Rem\u00e9nyi K\u00e1roly karnagy tisztelet\u00e9re rendeztek hangversenyt Esztergomban","og_description":"M\u00e1rcius 31-\u00e9n, p\u00e9nteken 18 \u00f3rai kezdettel val\u00f3sult meg az Esztergomi Dob\u00f3 Katalin Gimn\u00e1zium \u00e9p\u00fclet\u00e9ben a II. Rem\u00e9nyi K\u00e1roly Eml\u00e9khangverseny. Az est keret\u00e9ben a helyi zeneiskola egykori igazgat\u00f3j\u00e1ra, a K\u00d3TA- \u00e9s Pro Urbe Esztergom d\u00edjas Rem\u00e9nyi K\u00e1rolyra eml\u00e9keztek. A rendezv\u00e9nyen M\u00fcller M\u00e1ty\u00e1s, a koncert moder\u00e1tora k\u00f6sz\u00f6nt\u00f6tte a jelenl\u00e9v\u0151ket, majd felid\u00e9zte Rem\u00e9nyi K\u00e1roly karnagy \u00e9let\u00fatj\u00e1t. Ezut\u00e1n n\u00e9gy","og_url":"https:\/\/dorogimedence.hu\/index.php\/2023\/04\/07\/remenyi-karoly-karnagy-tiszteletere-rendeztek-hangversenyt-esztergomban\/","og_site_name":"Dorogi-medence Region\u00e1lis H\u00edrport\u00e1l","article_publisher":"https:\/\/www.facebook.com\/dorogimedence\/","article_published_time":"2023-04-07T04:07:59+00:00","article_modified_time":"2023-04-08T07:21:47+00:00","og_image":[{"width":1920,"height":1032,"url":"https:\/\/dorogimedence.hu\/wp-content\/uploads\/2023\/04\/remenyi-01.jpg","type":"image\/jpeg"}],"author":"dorogimedence.hu","twitter_card":"summary_large_image","twitter_misc":{"Szerz\u0151:":"dorogimedence.hu","Becs\u00fclt olvas\u00e1si id\u0151":"3 perc"},"schema":{"@context":"https:\/\/schema.org","@graph":[{"@type":"Article","@id":"https:\/\/dorogimedence.hu\/index.php\/2023\/04\/07\/remenyi-karoly-karnagy-tiszteletere-rendeztek-hangversenyt-esztergomban\/#article","isPartOf":{"@id":"https:\/\/dorogimedence.hu\/index.php\/2023\/04\/07\/remenyi-karoly-karnagy-tiszteletere-rendeztek-hangversenyt-esztergomban\/"},"author":{"name":"dorogimedence.hu","@id":"https:\/\/dorogimedence.hu\/#\/schema\/person\/ce6091eeb7e95ecdc87890d6aa8e0fd4"},"headline":"Rem\u00e9nyi K\u00e1roly karnagy tisztelet\u00e9re rendeztek hangversenyt Esztergomban","datePublished":"2023-04-07T04:07:59+00:00","dateModified":"2023-04-08T07:21:47+00:00","mainEntityOfPage":{"@id":"https:\/\/dorogimedence.hu\/index.php\/2023\/04\/07\/remenyi-karoly-karnagy-tiszteletere-rendeztek-hangversenyt-esztergomban\/"},"wordCount":703,"publisher":{"@id":"https:\/\/dorogimedence.hu\/#organization"},"image":{"@id":"https:\/\/dorogimedence.hu\/index.php\/2023\/04\/07\/remenyi-karoly-karnagy-tiszteletere-rendeztek-hangversenyt-esztergomban\/#primaryimage"},"thumbnailUrl":"https:\/\/dorogimedence.hu\/wp-content\/uploads\/2023\/04\/remenyi-01.jpg","keywords":["eml\u00e9kkoncert","featured","hangverseny","koncert","Rem\u00e9nyi K\u00e1roly"],"articleSection":["Esztergom","H\u00edrek"],"inLanguage":"hu"},{"@type":"WebPage","@id":"https:\/\/dorogimedence.hu\/index.php\/2023\/04\/07\/remenyi-karoly-karnagy-tiszteletere-rendeztek-hangversenyt-esztergomban\/","url":"https:\/\/dorogimedence.hu\/index.php\/2023\/04\/07\/remenyi-karoly-karnagy-tiszteletere-rendeztek-hangversenyt-esztergomban\/","name":"Rem\u00e9nyi K\u00e1roly karnagy tisztelet\u00e9re rendeztek hangversenyt Esztergomban","isPartOf":{"@id":"https:\/\/dorogimedence.hu\/#website"},"primaryImageOfPage":{"@id":"https:\/\/dorogimedence.hu\/index.php\/2023\/04\/07\/remenyi-karoly-karnagy-tiszteletere-rendeztek-hangversenyt-esztergomban\/#primaryimage"},"image":{"@id":"https:\/\/dorogimedence.hu\/index.php\/2023\/04\/07\/remenyi-karoly-karnagy-tiszteletere-rendeztek-hangversenyt-esztergomban\/#primaryimage"},"thumbnailUrl":"https:\/\/dorogimedence.hu\/wp-content\/uploads\/2023\/04\/remenyi-01.jpg","datePublished":"2023-04-07T04:07:59+00:00","dateModified":"2023-04-08T07:21:47+00:00","breadcrumb":{"@id":"https:\/\/dorogimedence.hu\/index.php\/2023\/04\/07\/remenyi-karoly-karnagy-tiszteletere-rendeztek-hangversenyt-esztergomban\/#breadcrumb"},"inLanguage":"hu","potentialAction":[{"@type":"ReadAction","target":["https:\/\/dorogimedence.hu\/index.php\/2023\/04\/07\/remenyi-karoly-karnagy-tiszteletere-rendeztek-hangversenyt-esztergomban\/"]}]},{"@type":"ImageObject","inLanguage":"hu","@id":"https:\/\/dorogimedence.hu\/index.php\/2023\/04\/07\/remenyi-karoly-karnagy-tiszteletere-rendeztek-hangversenyt-esztergomban\/#primaryimage","url":"https:\/\/dorogimedence.hu\/wp-content\/uploads\/2023\/04\/remenyi-01.jpg","contentUrl":"https:\/\/dorogimedence.hu\/wp-content\/uploads\/2023\/04\/remenyi-01.jpg","width":1920,"height":1032},{"@type":"BreadcrumbList","@id":"https:\/\/dorogimedence.hu\/index.php\/2023\/04\/07\/remenyi-karoly-karnagy-tiszteletere-rendeztek-hangversenyt-esztergomban\/#breadcrumb","itemListElement":[{"@type":"ListItem","position":1,"name":"Kezd\u0151lap","item":"https:\/\/dorogimedence.hu\/"},{"@type":"ListItem","position":2,"name":"Rem\u00e9nyi K\u00e1roly karnagy tisztelet\u00e9re rendeztek hangversenyt Esztergomban"}]},{"@type":"WebSite","@id":"https:\/\/dorogimedence.hu\/#website","url":"https:\/\/dorogimedence.hu\/","name":"Dorogi-medence Region\u00e1lis H\u00edrport\u00e1l","description":"Dorog, Keszt\u00f6lc, Le\u00e1nyv\u00e1r, Piliscs\u00e9v, Tokod, Tokodalt\u00e1r\u00f3, Csolnok, Esztergom-kertv\u00e1ros: h\u00edrek, programok","publisher":{"@id":"https:\/\/dorogimedence.hu\/#organization"},"potentialAction":[{"@type":"SearchAction","target":{"@type":"EntryPoint","urlTemplate":"https:\/\/dorogimedence.hu\/?s={search_term_string}"},"query-input":{"@type":"PropertyValueSpecification","valueRequired":true,"valueName":"search_term_string"}}],"inLanguage":"hu"},{"@type":"Organization","@id":"https:\/\/dorogimedence.hu\/#organization","name":"Dorogi-medence Region\u00e1lis H\u00edrport\u00e1l","url":"https:\/\/dorogimedence.hu\/","logo":{"@type":"ImageObject","inLanguage":"hu","@id":"https:\/\/dorogimedence.hu\/#\/schema\/logo\/image\/","url":"https:\/\/dorogimedence.hu\/wp-content\/uploads\/2021\/04\/logo-feher-600.png","contentUrl":"https:\/\/dorogimedence.hu\/wp-content\/uploads\/2021\/04\/logo-feher-600.png","width":600,"height":100,"caption":"Dorogi-medence Region\u00e1lis H\u00edrport\u00e1l"},"image":{"@id":"https:\/\/dorogimedence.hu\/#\/schema\/logo\/image\/"},"sameAs":["https:\/\/www.facebook.com\/dorogimedence\/"]},{"@type":"Person","@id":"https:\/\/dorogimedence.hu\/#\/schema\/person\/ce6091eeb7e95ecdc87890d6aa8e0fd4","name":"dorogimedence.hu","image":{"@type":"ImageObject","inLanguage":"hu","@id":"\/\/www.gravatar.com\/avatar\/d8d45f8901aadff40a4af72c0b826f1d?s=96&#038;r=g&#038;d=mm","url":"\/\/www.gravatar.com\/avatar\/d8d45f8901aadff40a4af72c0b826f1d?s=96&#038;r=g&#038;d=mm","contentUrl":"\/\/www.gravatar.com\/avatar\/d8d45f8901aadff40a4af72c0b826f1d?s=96&#038;r=g&#038;d=mm","caption":"dorogimedence.hu"}}]}},"_links":{"self":[{"href":"https:\/\/dorogimedence.hu\/index.php\/wp-json\/wp\/v2\/posts\/51853","targetHints":{"allow":["GET"]}}],"collection":[{"href":"https:\/\/dorogimedence.hu\/index.php\/wp-json\/wp\/v2\/posts"}],"about":[{"href":"https:\/\/dorogimedence.hu\/index.php\/wp-json\/wp\/v2\/types\/post"}],"author":[{"embeddable":true,"href":"https:\/\/dorogimedence.hu\/index.php\/wp-json\/wp\/v2\/users\/1"}],"replies":[{"embeddable":true,"href":"https:\/\/dorogimedence.hu\/index.php\/wp-json\/wp\/v2\/comments?post=51853"}],"version-history":[{"count":0,"href":"https:\/\/dorogimedence.hu\/index.php\/wp-json\/wp\/v2\/posts\/51853\/revisions"}],"wp:featuredmedia":[{"embeddable":true,"href":"https:\/\/dorogimedence.hu\/index.php\/wp-json\/wp\/v2\/media\/51854"}],"wp:attachment":[{"href":"https:\/\/dorogimedence.hu\/index.php\/wp-json\/wp\/v2\/media?parent=51853"}],"wp:term":[{"taxonomy":"category","embeddable":true,"href":"https:\/\/dorogimedence.hu\/index.php\/wp-json\/wp\/v2\/categories?post=51853"},{"taxonomy":"post_tag","embeddable":true,"href":"https:\/\/dorogimedence.hu\/index.php\/wp-json\/wp\/v2\/tags?post=51853"}],"curies":[{"name":"wp","href":"https:\/\/api.w.org\/{rel}","templated":true}]}}