{"id":51751,"date":"2023-04-04T10:22:23","date_gmt":"2023-04-04T08:22:23","guid":{"rendered":"https:\/\/dorogimedence.hu\/?p=51751"},"modified":"2023-04-04T10:23:00","modified_gmt":"2023-04-04T08:23:00","slug":"uj-programkinalattal-nyitnak-ujra-a-magyar-nemzeti-muzeum-tagintezmenyei","status":"publish","type":"post","link":"https:\/\/dorogimedence.hu\/index.php\/2023\/04\/04\/uj-programkinalattal-nyitnak-ujra-a-magyar-nemzeti-muzeum-tagintezmenyei\/","title":{"rendered":"\u00daj programk\u00edn\u00e1lattal nyitnak \u00fajra a Magyar Nemzeti M\u00fazeum tagint\u00e9zm\u00e9nyei"},"content":{"rendered":"<p><strong>Az \u00e1tmeneti bez\u00e1r\u00e1sok ut\u00e1n \u00faj ki\u00e1ll\u00edt\u00e1s- \u00e9s programk\u00edn\u00e1lattal nyitottak \u00fajra a Magyar Nemzeti M\u00fazeum (MNM) tagint\u00e9zm\u00e9nyei.<\/strong><\/p>\n<p>Az MNM p\u00e9nteki k\u00f6zlem\u00e9nye szerint sikeresen teljes\u00edtett\u00e9k, s\u0151t t\u00f6bbsz\u00f6r\u00f6sen t\u00falteljes\u00edtett\u00e9k a korm\u00e1ny \u00e1ltal el\u0151\u00edrt energiafelhaszn\u00e1l\u00e1s-cs\u00f6kkent\u00e9st. A tagint\u00e9zm\u00e9nyek \u00e1tmeneti bez\u00e1r\u00e1sa a f\u0171t\u00e9si id\u0151szakban nem \u00e9rintette a szakmai munk\u00e1t, a m\u00fazeumi munka zavartalanul folytat\u00f3dott. Mint \u00edrj\u00e1k, nagyszab\u00e1s\u00fa projektek, izgalmas \u00faj ki\u00e1ll\u00edt\u00e1si forgat\u00f3k\u00f6nyvek, strat\u00e9gi\u00e1k k\u00e9sz\u00fcltek, \u00e9s a kihelyezett m\u00fazeumpedag\u00f3giai foglalkoz\u00e1sok sz\u00e1ma is megn\u00f6vekedett. Gyarapodott a digitaliz\u00e1lt \u00e1llom\u00e1ny, valamint b\u0151v\u00fclt az eduk\u00e1ci\u00f3s \u00e9s sz\u00f3rakoztat\u00f3 t\u00e9m\u00e1j\u00fa online tartalmak sz\u00e1ma is.<\/p>\n<p>A k\u00f6zlem\u00e9ny szerint az MNM Pal\u00f3c M\u00fazeumban Mad\u00e1ch 200 &#8211; N\u00f3gr\u00e1db\u00f3l a halhatatlans\u00e1gba c\u00edmmel ny\u00edlt id\u0151szaki ki\u00e1ll\u00edt\u00e1s, amely az eddigi h\u00e9tv\u00e9gi alkalmak ut\u00e1n m\u00e1r a teljes nyitvatart\u00e1si id\u0151szakban v\u00e1rja a Balassagyarmatra \u00e9rkez\u0151ket. T\u00e9li \u00e1lm\u00e1b\u00f3l \u00e9bred a mes\u00e9s sz\u00e9cs\u00e9nyi Forg\u00e1ch-Lipthay Kast\u00e9lym\u00fazeum is.<\/p>\n<p>Esztergomban az MNM Babits Eml\u00e9kh\u00e1zban a k\u00f6lt\u0151 ny\u00e1ri vill\u00e1j\u00e1t \u00e9s gy\u00f6ny\u00f6r\u0171 panor\u00e1m\u00e1t csod\u00e1lhatj\u00e1k meg a l\u00e1togat\u00f3k. A MNM Balassa B\u00e1lint M\u00fazeum r\u00e9gi \u00e9p\u00fclete meg\u00fajul, a tervek szerint ny\u00e1ron ny\u00edlik meg a nagyk\u00f6z\u00f6ns\u00e9g el\u0151tt, \u00e9s \u00faj v\u00e1rost\u00f6rt\u00e9neti ki\u00e1ll\u00edt\u00e1st is k\u00edn\u00e1l majd az \u00e9rdekl\u0151d\u0151knek. Az MNM Esztergomi V\u00e1rm\u00fazeum pedig v\u00e1ltozatlan nyitvatart\u00e1s mellett v\u00e1rja az \u00e9rdekl\u0151d\u0151ket!<\/p>\n<p>Vaj\u00e1n, az MNM Vay \u00c1d\u00e1m Muze\u00e1lis Gy\u0171jtem\u00e9nyben is \u00faj id\u0151szaki ki\u00e1ll\u00edt\u00e1s ny\u00edlik, emellett sz\u00e1mos k\u00fcl\u00f6nleges m\u0171t\u00e1rgy is megtekinthet\u0151 a kast\u00e9lyban, mint p\u00e9ld\u00e1ul egy barokk sz\u00e1nk\u00f3, valamint egy sz\u00e1zadfordul\u00f3s vil\u00e1g\u00f3ra is&nbsp;&nbsp;&#8211; emelik ki a k\u00f6zlem\u00e9nyben.<\/p>\n<p>A f\u0151v\u00e1rosi MNM Semmelweis Orvost\u00f6rt\u00e9neti M\u00fazeum \u00e9s az Arany Sas Patikam\u00fazeum kuri\u00f3zumnak sz\u00e1m\u00edt\u00f3 \u00e1lland\u00f3 ki\u00e1ll\u00edt\u00e1saikkal nyitnak \u00fajra. Az MNM Malenkij Robot Eml\u00e9khely a m\u00e1sodik vil\u00e1gh\u00e1bor\u00fa ut\u00e1n t\u00f6megesen elhurcolt n\u0151k \u00e9s f\u00e9rfiak sz\u00e1m\u00e1ra \u00e1ll\u00edt eml\u00e9ket. A ki\u00e1ll\u00edt\u00f3hely sz\u00e1mos \u00e9rz\u00e9keny\u00edt\u0151 programmal \u00e9s kultur\u00e1lis esem\u00e9nnyel jelentkezik id\u00e9n &#8211; olvashat\u00f3 a k\u00f6zlem\u00e9nyben.<\/p>\n<p>Felid\u00e9zik, hogy a t\u00e9li id\u0151szak alatt hagyom\u00e1nyosan is z\u00e1rva tart\u00f3 r\u00e9g\u00e9szeti parkok is sz\u00e1m\u00edtanak a csal\u00e1dok l\u00e1togat\u00e1s\u00e1ra: a paleolit-rajong\u00f3kat az MNM V\u00e9rtessz\u0151l\u0151si r\u00e9g\u00e9szeti bemutat\u00f3hely, az antik kor szerelmeseit pedig az MNM Villa Romana Bal\u00e1ca r\u00e9g\u00e9szeti park v\u00e1rja Nemesv\u00e1moson.<\/p>\n<p>A s\u00e1rospataki MNM R\u00e1k\u00f3czi M\u00fazeum \u00e9s a visegr\u00e1di MNM M\u00e1ty\u00e1s Kir\u00e1ly M\u00fazeum v\u00e1ltozatlanul nyitva tartanak.<\/p>\n<p><em>Forr\u00e1s: MTI \/ Magyar Nemzeti M\u00fazeum<br \/>\nBor\u00edt\u00f3k\u00e9p: A Babits Mih\u00e1ly Eml\u00e9kh\u00e1z autogramm fala<\/em><\/p>\n","protected":false},"excerpt":{"rendered":"<p>Az \u00e1tmeneti bez\u00e1r\u00e1sok ut\u00e1n \u00faj ki\u00e1ll\u00edt\u00e1s- \u00e9s programk\u00edn\u00e1lattal nyitottak \u00fajra a Magyar Nemzeti M\u00fazeum (MNM) tagint\u00e9zm\u00e9nyei. Az MNM p\u00e9nteki k\u00f6zlem\u00e9nye szerint sikeresen teljes\u00edtett\u00e9k, s\u0151t t\u00f6bbsz\u00f6r\u00f6sen t\u00falteljes\u00edtett\u00e9k a korm\u00e1ny \u00e1ltal el\u0151\u00edrt energiafelhaszn\u00e1l\u00e1s-cs\u00f6kkent\u00e9st. A tagint\u00e9zm\u00e9nyek \u00e1tmeneti bez\u00e1r\u00e1sa a f\u0171t\u00e9si id\u0151szakban nem \u00e9rintette a szakmai munk\u00e1t, a m\u00fazeumi munka zavartalanul folytat\u00f3dott. Mint \u00edrj\u00e1k, nagyszab\u00e1s\u00fa projektek, izgalmas \u00faj ki\u00e1ll\u00edt\u00e1si<\/p>\n","protected":false},"author":1,"featured_media":51754,"comment_status":"closed","ping_status":"closed","sticky":false,"template":"","format":"standard","meta":{"ngg_post_thumbnail":0,"footnotes":""},"categories":[38,3,3561],"tags":[42,388,1709,101],"class_list":{"0":"post-51751","1":"post","2":"type-post","3":"status-publish","4":"format-standard","5":"has-post-thumbnail","7":"category-esztergom","8":"category-hirek","9":"category-programok","10":"tag-esztergom","11":"tag-kultura","12":"tag-muzeum","13":"tag-program"},"yoast_head":"<!-- This site is optimized with the Yoast SEO plugin v27.5 - https:\/\/yoast.com\/product\/yoast-seo-wordpress\/ -->\n<title>\u00daj programk\u00edn\u00e1lattal nyitnak \u00fajra a Magyar Nemzeti M\u00fazeum tagint\u00e9zm\u00e9nyei<\/title>\n<meta name=\"robots\" content=\"index, follow, max-snippet:-1, max-image-preview:large, max-video-preview:-1\" \/>\n<link rel=\"canonical\" href=\"https:\/\/dorogimedence.hu\/index.php\/2023\/04\/04\/uj-programkinalattal-nyitnak-ujra-a-magyar-nemzeti-muzeum-tagintezmenyei\/\" class=\"yoast-seo-meta-tag\" \/>\n<meta property=\"og:locale\" content=\"hu_HU\" class=\"yoast-seo-meta-tag\" \/>\n<meta property=\"og:type\" content=\"article\" class=\"yoast-seo-meta-tag\" \/>\n<meta property=\"og:title\" content=\"\u00daj programk\u00edn\u00e1lattal nyitnak \u00fajra a Magyar Nemzeti M\u00fazeum tagint\u00e9zm\u00e9nyei\" class=\"yoast-seo-meta-tag\" \/>\n<meta property=\"og:description\" content=\"Az \u00e1tmeneti bez\u00e1r\u00e1sok ut\u00e1n \u00faj ki\u00e1ll\u00edt\u00e1s- \u00e9s programk\u00edn\u00e1lattal nyitottak \u00fajra a Magyar Nemzeti M\u00fazeum (MNM) tagint\u00e9zm\u00e9nyei. Az MNM p\u00e9nteki k\u00f6zlem\u00e9nye szerint sikeresen teljes\u00edtett\u00e9k, s\u0151t t\u00f6bbsz\u00f6r\u00f6sen t\u00falteljes\u00edtett\u00e9k a korm\u00e1ny \u00e1ltal el\u0151\u00edrt energiafelhaszn\u00e1l\u00e1s-cs\u00f6kkent\u00e9st. A tagint\u00e9zm\u00e9nyek \u00e1tmeneti bez\u00e1r\u00e1sa a f\u0171t\u00e9si id\u0151szakban nem \u00e9rintette a szakmai munk\u00e1t, a m\u00fazeumi munka zavartalanul folytat\u00f3dott. Mint \u00edrj\u00e1k, nagyszab\u00e1s\u00fa projektek, izgalmas \u00faj ki\u00e1ll\u00edt\u00e1si\" class=\"yoast-seo-meta-tag\" \/>\n<meta property=\"og:url\" content=\"https:\/\/dorogimedence.hu\/index.php\/2023\/04\/04\/uj-programkinalattal-nyitnak-ujra-a-magyar-nemzeti-muzeum-tagintezmenyei\/\" class=\"yoast-seo-meta-tag\" \/>\n<meta property=\"og:site_name\" content=\"Dorogi-medence Region\u00e1lis H\u00edrport\u00e1l\" class=\"yoast-seo-meta-tag\" \/>\n<meta property=\"article:publisher\" content=\"https:\/\/www.facebook.com\/dorogimedence\/\" class=\"yoast-seo-meta-tag\" \/>\n<meta property=\"article:published_time\" content=\"2023-04-04T08:22:23+00:00\" class=\"yoast-seo-meta-tag\" \/>\n<meta property=\"article:modified_time\" content=\"2023-04-04T08:23:00+00:00\" class=\"yoast-seo-meta-tag\" \/>\n<meta property=\"og:image\" content=\"https:\/\/dorogimedence.hu\/wp-content\/uploads\/2023\/04\/babits-emlekhaz.jpg\" class=\"yoast-seo-meta-tag\" \/>\n\t<meta property=\"og:image:width\" content=\"1920\" class=\"yoast-seo-meta-tag\" \/>\n\t<meta property=\"og:image:height\" content=\"970\" class=\"yoast-seo-meta-tag\" \/>\n\t<meta property=\"og:image:type\" content=\"image\/jpeg\" class=\"yoast-seo-meta-tag\" \/>\n<meta name=\"author\" content=\"dorogimedence.hu\" class=\"yoast-seo-meta-tag\" \/>\n<meta name=\"twitter:card\" content=\"summary_large_image\" class=\"yoast-seo-meta-tag\" \/>\n<meta name=\"twitter:label1\" content=\"Szerz\u0151:\" class=\"yoast-seo-meta-tag\" \/>\n\t<meta name=\"twitter:data1\" content=\"dorogimedence.hu\" class=\"yoast-seo-meta-tag\" \/>\n\t<meta name=\"twitter:label2\" content=\"Becs\u00fclt olvas\u00e1si id\u0151\" class=\"yoast-seo-meta-tag\" \/>\n\t<meta name=\"twitter:data2\" content=\"3 perc\" class=\"yoast-seo-meta-tag\" \/>\n<script type=\"application\/ld+json\" class=\"yoast-schema-graph\">{\"@context\":\"https:\\\/\\\/schema.org\",\"@graph\":[{\"@type\":\"Article\",\"@id\":\"https:\\\/\\\/dorogimedence.hu\\\/index.php\\\/2023\\\/04\\\/04\\\/uj-programkinalattal-nyitnak-ujra-a-magyar-nemzeti-muzeum-tagintezmenyei\\\/#article\",\"isPartOf\":{\"@id\":\"https:\\\/\\\/dorogimedence.hu\\\/index.php\\\/2023\\\/04\\\/04\\\/uj-programkinalattal-nyitnak-ujra-a-magyar-nemzeti-muzeum-tagintezmenyei\\\/\"},\"author\":{\"name\":\"dorogimedence.hu\",\"@id\":\"https:\\\/\\\/dorogimedence.hu\\\/#\\\/schema\\\/person\\\/ce6091eeb7e95ecdc87890d6aa8e0fd4\"},\"headline\":\"\u00daj programk\u00edn\u00e1lattal nyitnak \u00fajra a Magyar Nemzeti M\u00fazeum tagint\u00e9zm\u00e9nyei\",\"datePublished\":\"2023-04-04T08:22:23+00:00\",\"dateModified\":\"2023-04-04T08:23:00+00:00\",\"mainEntityOfPage\":{\"@id\":\"https:\\\/\\\/dorogimedence.hu\\\/index.php\\\/2023\\\/04\\\/04\\\/uj-programkinalattal-nyitnak-ujra-a-magyar-nemzeti-muzeum-tagintezmenyei\\\/\"},\"wordCount\":580,\"publisher\":{\"@id\":\"https:\\\/\\\/dorogimedence.hu\\\/#organization\"},\"image\":{\"@id\":\"https:\\\/\\\/dorogimedence.hu\\\/index.php\\\/2023\\\/04\\\/04\\\/uj-programkinalattal-nyitnak-ujra-a-magyar-nemzeti-muzeum-tagintezmenyei\\\/#primaryimage\"},\"thumbnailUrl\":\"https:\\\/\\\/dorogimedence.hu\\\/wp-content\\\/uploads\\\/2023\\\/04\\\/babits-emlekhaz.jpg\",\"keywords\":[\"esztergom\",\"kult\u00fara\",\"m\u00fazeum\",\"program\"],\"articleSection\":[\"Esztergom\",\"H\u00edrek\",\"Programok\"],\"inLanguage\":\"hu\"},{\"@type\":\"WebPage\",\"@id\":\"https:\\\/\\\/dorogimedence.hu\\\/index.php\\\/2023\\\/04\\\/04\\\/uj-programkinalattal-nyitnak-ujra-a-magyar-nemzeti-muzeum-tagintezmenyei\\\/\",\"url\":\"https:\\\/\\\/dorogimedence.hu\\\/index.php\\\/2023\\\/04\\\/04\\\/uj-programkinalattal-nyitnak-ujra-a-magyar-nemzeti-muzeum-tagintezmenyei\\\/\",\"name\":\"\u00daj programk\u00edn\u00e1lattal nyitnak \u00fajra a Magyar Nemzeti M\u00fazeum tagint\u00e9zm\u00e9nyei\",\"isPartOf\":{\"@id\":\"https:\\\/\\\/dorogimedence.hu\\\/#website\"},\"primaryImageOfPage\":{\"@id\":\"https:\\\/\\\/dorogimedence.hu\\\/index.php\\\/2023\\\/04\\\/04\\\/uj-programkinalattal-nyitnak-ujra-a-magyar-nemzeti-muzeum-tagintezmenyei\\\/#primaryimage\"},\"image\":{\"@id\":\"https:\\\/\\\/dorogimedence.hu\\\/index.php\\\/2023\\\/04\\\/04\\\/uj-programkinalattal-nyitnak-ujra-a-magyar-nemzeti-muzeum-tagintezmenyei\\\/#primaryimage\"},\"thumbnailUrl\":\"https:\\\/\\\/dorogimedence.hu\\\/wp-content\\\/uploads\\\/2023\\\/04\\\/babits-emlekhaz.jpg\",\"datePublished\":\"2023-04-04T08:22:23+00:00\",\"dateModified\":\"2023-04-04T08:23:00+00:00\",\"breadcrumb\":{\"@id\":\"https:\\\/\\\/dorogimedence.hu\\\/index.php\\\/2023\\\/04\\\/04\\\/uj-programkinalattal-nyitnak-ujra-a-magyar-nemzeti-muzeum-tagintezmenyei\\\/#breadcrumb\"},\"inLanguage\":\"hu\",\"potentialAction\":[{\"@type\":\"ReadAction\",\"target\":[\"https:\\\/\\\/dorogimedence.hu\\\/index.php\\\/2023\\\/04\\\/04\\\/uj-programkinalattal-nyitnak-ujra-a-magyar-nemzeti-muzeum-tagintezmenyei\\\/\"]}]},{\"@type\":\"ImageObject\",\"inLanguage\":\"hu\",\"@id\":\"https:\\\/\\\/dorogimedence.hu\\\/index.php\\\/2023\\\/04\\\/04\\\/uj-programkinalattal-nyitnak-ujra-a-magyar-nemzeti-muzeum-tagintezmenyei\\\/#primaryimage\",\"url\":\"https:\\\/\\\/dorogimedence.hu\\\/wp-content\\\/uploads\\\/2023\\\/04\\\/babits-emlekhaz.jpg\",\"contentUrl\":\"https:\\\/\\\/dorogimedence.hu\\\/wp-content\\\/uploads\\\/2023\\\/04\\\/babits-emlekhaz.jpg\",\"width\":1920,\"height\":970},{\"@type\":\"BreadcrumbList\",\"@id\":\"https:\\\/\\\/dorogimedence.hu\\\/index.php\\\/2023\\\/04\\\/04\\\/uj-programkinalattal-nyitnak-ujra-a-magyar-nemzeti-muzeum-tagintezmenyei\\\/#breadcrumb\",\"itemListElement\":[{\"@type\":\"ListItem\",\"position\":1,\"name\":\"Kezd\u0151lap\",\"item\":\"https:\\\/\\\/dorogimedence.hu\\\/\"},{\"@type\":\"ListItem\",\"position\":2,\"name\":\"\u00daj programk\u00edn\u00e1lattal nyitnak \u00fajra a Magyar Nemzeti M\u00fazeum tagint\u00e9zm\u00e9nyei\"}]},{\"@type\":\"WebSite\",\"@id\":\"https:\\\/\\\/dorogimedence.hu\\\/#website\",\"url\":\"https:\\\/\\\/dorogimedence.hu\\\/\",\"name\":\"Dorogi-medence Region\u00e1lis H\u00edrport\u00e1l\",\"description\":\"Dorog, Keszt\u00f6lc, Le\u00e1nyv\u00e1r, Piliscs\u00e9v, Tokod, Tokodalt\u00e1r\u00f3, Csolnok, Esztergom-kertv\u00e1ros: h\u00edrek, programok\",\"publisher\":{\"@id\":\"https:\\\/\\\/dorogimedence.hu\\\/#organization\"},\"potentialAction\":[{\"@type\":\"SearchAction\",\"target\":{\"@type\":\"EntryPoint\",\"urlTemplate\":\"https:\\\/\\\/dorogimedence.hu\\\/?s={search_term_string}\"},\"query-input\":{\"@type\":\"PropertyValueSpecification\",\"valueRequired\":true,\"valueName\":\"search_term_string\"}}],\"inLanguage\":\"hu\"},{\"@type\":\"Organization\",\"@id\":\"https:\\\/\\\/dorogimedence.hu\\\/#organization\",\"name\":\"Dorogi-medence Region\u00e1lis H\u00edrport\u00e1l\",\"url\":\"https:\\\/\\\/dorogimedence.hu\\\/\",\"logo\":{\"@type\":\"ImageObject\",\"inLanguage\":\"hu\",\"@id\":\"https:\\\/\\\/dorogimedence.hu\\\/#\\\/schema\\\/logo\\\/image\\\/\",\"url\":\"https:\\\/\\\/dorogimedence.hu\\\/wp-content\\\/uploads\\\/2021\\\/04\\\/logo-feher-600.png\",\"contentUrl\":\"https:\\\/\\\/dorogimedence.hu\\\/wp-content\\\/uploads\\\/2021\\\/04\\\/logo-feher-600.png\",\"width\":600,\"height\":100,\"caption\":\"Dorogi-medence Region\u00e1lis H\u00edrport\u00e1l\"},\"image\":{\"@id\":\"https:\\\/\\\/dorogimedence.hu\\\/#\\\/schema\\\/logo\\\/image\\\/\"},\"sameAs\":[\"https:\\\/\\\/www.facebook.com\\\/dorogimedence\\\/\"]},{\"@type\":\"Person\",\"@id\":\"https:\\\/\\\/dorogimedence.hu\\\/#\\\/schema\\\/person\\\/ce6091eeb7e95ecdc87890d6aa8e0fd4\",\"name\":\"dorogimedence.hu\",\"image\":{\"@type\":\"ImageObject\",\"inLanguage\":\"hu\",\"@id\":\"\\\/\\\/www.gravatar.com\\\/avatar\\\/d8d45f8901aadff40a4af72c0b826f1d?s=96&#038;r=g&#038;d=mm\",\"url\":\"\\\/\\\/www.gravatar.com\\\/avatar\\\/d8d45f8901aadff40a4af72c0b826f1d?s=96&#038;r=g&#038;d=mm\",\"contentUrl\":\"\\\/\\\/www.gravatar.com\\\/avatar\\\/d8d45f8901aadff40a4af72c0b826f1d?s=96&#038;r=g&#038;d=mm\",\"caption\":\"dorogimedence.hu\"}}]}<\/script>\n<!-- \/ Yoast SEO plugin. -->","yoast_head_json":{"title":"\u00daj programk\u00edn\u00e1lattal nyitnak \u00fajra a Magyar Nemzeti M\u00fazeum tagint\u00e9zm\u00e9nyei","robots":{"index":"index","follow":"follow","max-snippet":"max-snippet:-1","max-image-preview":"max-image-preview:large","max-video-preview":"max-video-preview:-1"},"canonical":"https:\/\/dorogimedence.hu\/index.php\/2023\/04\/04\/uj-programkinalattal-nyitnak-ujra-a-magyar-nemzeti-muzeum-tagintezmenyei\/","og_locale":"hu_HU","og_type":"article","og_title":"\u00daj programk\u00edn\u00e1lattal nyitnak \u00fajra a Magyar Nemzeti M\u00fazeum tagint\u00e9zm\u00e9nyei","og_description":"Az \u00e1tmeneti bez\u00e1r\u00e1sok ut\u00e1n \u00faj ki\u00e1ll\u00edt\u00e1s- \u00e9s programk\u00edn\u00e1lattal nyitottak \u00fajra a Magyar Nemzeti M\u00fazeum (MNM) tagint\u00e9zm\u00e9nyei. Az MNM p\u00e9nteki k\u00f6zlem\u00e9nye szerint sikeresen teljes\u00edtett\u00e9k, s\u0151t t\u00f6bbsz\u00f6r\u00f6sen t\u00falteljes\u00edtett\u00e9k a korm\u00e1ny \u00e1ltal el\u0151\u00edrt energiafelhaszn\u00e1l\u00e1s-cs\u00f6kkent\u00e9st. A tagint\u00e9zm\u00e9nyek \u00e1tmeneti bez\u00e1r\u00e1sa a f\u0171t\u00e9si id\u0151szakban nem \u00e9rintette a szakmai munk\u00e1t, a m\u00fazeumi munka zavartalanul folytat\u00f3dott. Mint \u00edrj\u00e1k, nagyszab\u00e1s\u00fa projektek, izgalmas \u00faj ki\u00e1ll\u00edt\u00e1si","og_url":"https:\/\/dorogimedence.hu\/index.php\/2023\/04\/04\/uj-programkinalattal-nyitnak-ujra-a-magyar-nemzeti-muzeum-tagintezmenyei\/","og_site_name":"Dorogi-medence Region\u00e1lis H\u00edrport\u00e1l","article_publisher":"https:\/\/www.facebook.com\/dorogimedence\/","article_published_time":"2023-04-04T08:22:23+00:00","article_modified_time":"2023-04-04T08:23:00+00:00","og_image":[{"width":1920,"height":970,"url":"https:\/\/dorogimedence.hu\/wp-content\/uploads\/2023\/04\/babits-emlekhaz.jpg","type":"image\/jpeg"}],"author":"dorogimedence.hu","twitter_card":"summary_large_image","twitter_misc":{"Szerz\u0151:":"dorogimedence.hu","Becs\u00fclt olvas\u00e1si id\u0151":"3 perc"},"schema":{"@context":"https:\/\/schema.org","@graph":[{"@type":"Article","@id":"https:\/\/dorogimedence.hu\/index.php\/2023\/04\/04\/uj-programkinalattal-nyitnak-ujra-a-magyar-nemzeti-muzeum-tagintezmenyei\/#article","isPartOf":{"@id":"https:\/\/dorogimedence.hu\/index.php\/2023\/04\/04\/uj-programkinalattal-nyitnak-ujra-a-magyar-nemzeti-muzeum-tagintezmenyei\/"},"author":{"name":"dorogimedence.hu","@id":"https:\/\/dorogimedence.hu\/#\/schema\/person\/ce6091eeb7e95ecdc87890d6aa8e0fd4"},"headline":"\u00daj programk\u00edn\u00e1lattal nyitnak \u00fajra a Magyar Nemzeti M\u00fazeum tagint\u00e9zm\u00e9nyei","datePublished":"2023-04-04T08:22:23+00:00","dateModified":"2023-04-04T08:23:00+00:00","mainEntityOfPage":{"@id":"https:\/\/dorogimedence.hu\/index.php\/2023\/04\/04\/uj-programkinalattal-nyitnak-ujra-a-magyar-nemzeti-muzeum-tagintezmenyei\/"},"wordCount":580,"publisher":{"@id":"https:\/\/dorogimedence.hu\/#organization"},"image":{"@id":"https:\/\/dorogimedence.hu\/index.php\/2023\/04\/04\/uj-programkinalattal-nyitnak-ujra-a-magyar-nemzeti-muzeum-tagintezmenyei\/#primaryimage"},"thumbnailUrl":"https:\/\/dorogimedence.hu\/wp-content\/uploads\/2023\/04\/babits-emlekhaz.jpg","keywords":["esztergom","kult\u00fara","m\u00fazeum","program"],"articleSection":["Esztergom","H\u00edrek","Programok"],"inLanguage":"hu"},{"@type":"WebPage","@id":"https:\/\/dorogimedence.hu\/index.php\/2023\/04\/04\/uj-programkinalattal-nyitnak-ujra-a-magyar-nemzeti-muzeum-tagintezmenyei\/","url":"https:\/\/dorogimedence.hu\/index.php\/2023\/04\/04\/uj-programkinalattal-nyitnak-ujra-a-magyar-nemzeti-muzeum-tagintezmenyei\/","name":"\u00daj programk\u00edn\u00e1lattal nyitnak \u00fajra a Magyar Nemzeti M\u00fazeum tagint\u00e9zm\u00e9nyei","isPartOf":{"@id":"https:\/\/dorogimedence.hu\/#website"},"primaryImageOfPage":{"@id":"https:\/\/dorogimedence.hu\/index.php\/2023\/04\/04\/uj-programkinalattal-nyitnak-ujra-a-magyar-nemzeti-muzeum-tagintezmenyei\/#primaryimage"},"image":{"@id":"https:\/\/dorogimedence.hu\/index.php\/2023\/04\/04\/uj-programkinalattal-nyitnak-ujra-a-magyar-nemzeti-muzeum-tagintezmenyei\/#primaryimage"},"thumbnailUrl":"https:\/\/dorogimedence.hu\/wp-content\/uploads\/2023\/04\/babits-emlekhaz.jpg","datePublished":"2023-04-04T08:22:23+00:00","dateModified":"2023-04-04T08:23:00+00:00","breadcrumb":{"@id":"https:\/\/dorogimedence.hu\/index.php\/2023\/04\/04\/uj-programkinalattal-nyitnak-ujra-a-magyar-nemzeti-muzeum-tagintezmenyei\/#breadcrumb"},"inLanguage":"hu","potentialAction":[{"@type":"ReadAction","target":["https:\/\/dorogimedence.hu\/index.php\/2023\/04\/04\/uj-programkinalattal-nyitnak-ujra-a-magyar-nemzeti-muzeum-tagintezmenyei\/"]}]},{"@type":"ImageObject","inLanguage":"hu","@id":"https:\/\/dorogimedence.hu\/index.php\/2023\/04\/04\/uj-programkinalattal-nyitnak-ujra-a-magyar-nemzeti-muzeum-tagintezmenyei\/#primaryimage","url":"https:\/\/dorogimedence.hu\/wp-content\/uploads\/2023\/04\/babits-emlekhaz.jpg","contentUrl":"https:\/\/dorogimedence.hu\/wp-content\/uploads\/2023\/04\/babits-emlekhaz.jpg","width":1920,"height":970},{"@type":"BreadcrumbList","@id":"https:\/\/dorogimedence.hu\/index.php\/2023\/04\/04\/uj-programkinalattal-nyitnak-ujra-a-magyar-nemzeti-muzeum-tagintezmenyei\/#breadcrumb","itemListElement":[{"@type":"ListItem","position":1,"name":"Kezd\u0151lap","item":"https:\/\/dorogimedence.hu\/"},{"@type":"ListItem","position":2,"name":"\u00daj programk\u00edn\u00e1lattal nyitnak \u00fajra a Magyar Nemzeti M\u00fazeum tagint\u00e9zm\u00e9nyei"}]},{"@type":"WebSite","@id":"https:\/\/dorogimedence.hu\/#website","url":"https:\/\/dorogimedence.hu\/","name":"Dorogi-medence Region\u00e1lis H\u00edrport\u00e1l","description":"Dorog, Keszt\u00f6lc, Le\u00e1nyv\u00e1r, Piliscs\u00e9v, Tokod, Tokodalt\u00e1r\u00f3, Csolnok, Esztergom-kertv\u00e1ros: h\u00edrek, programok","publisher":{"@id":"https:\/\/dorogimedence.hu\/#organization"},"potentialAction":[{"@type":"SearchAction","target":{"@type":"EntryPoint","urlTemplate":"https:\/\/dorogimedence.hu\/?s={search_term_string}"},"query-input":{"@type":"PropertyValueSpecification","valueRequired":true,"valueName":"search_term_string"}}],"inLanguage":"hu"},{"@type":"Organization","@id":"https:\/\/dorogimedence.hu\/#organization","name":"Dorogi-medence Region\u00e1lis H\u00edrport\u00e1l","url":"https:\/\/dorogimedence.hu\/","logo":{"@type":"ImageObject","inLanguage":"hu","@id":"https:\/\/dorogimedence.hu\/#\/schema\/logo\/image\/","url":"https:\/\/dorogimedence.hu\/wp-content\/uploads\/2021\/04\/logo-feher-600.png","contentUrl":"https:\/\/dorogimedence.hu\/wp-content\/uploads\/2021\/04\/logo-feher-600.png","width":600,"height":100,"caption":"Dorogi-medence Region\u00e1lis H\u00edrport\u00e1l"},"image":{"@id":"https:\/\/dorogimedence.hu\/#\/schema\/logo\/image\/"},"sameAs":["https:\/\/www.facebook.com\/dorogimedence\/"]},{"@type":"Person","@id":"https:\/\/dorogimedence.hu\/#\/schema\/person\/ce6091eeb7e95ecdc87890d6aa8e0fd4","name":"dorogimedence.hu","image":{"@type":"ImageObject","inLanguage":"hu","@id":"\/\/www.gravatar.com\/avatar\/d8d45f8901aadff40a4af72c0b826f1d?s=96&#038;r=g&#038;d=mm","url":"\/\/www.gravatar.com\/avatar\/d8d45f8901aadff40a4af72c0b826f1d?s=96&#038;r=g&#038;d=mm","contentUrl":"\/\/www.gravatar.com\/avatar\/d8d45f8901aadff40a4af72c0b826f1d?s=96&#038;r=g&#038;d=mm","caption":"dorogimedence.hu"}}]}},"_links":{"self":[{"href":"https:\/\/dorogimedence.hu\/index.php\/wp-json\/wp\/v2\/posts\/51751","targetHints":{"allow":["GET"]}}],"collection":[{"href":"https:\/\/dorogimedence.hu\/index.php\/wp-json\/wp\/v2\/posts"}],"about":[{"href":"https:\/\/dorogimedence.hu\/index.php\/wp-json\/wp\/v2\/types\/post"}],"author":[{"embeddable":true,"href":"https:\/\/dorogimedence.hu\/index.php\/wp-json\/wp\/v2\/users\/1"}],"replies":[{"embeddable":true,"href":"https:\/\/dorogimedence.hu\/index.php\/wp-json\/wp\/v2\/comments?post=51751"}],"version-history":[{"count":0,"href":"https:\/\/dorogimedence.hu\/index.php\/wp-json\/wp\/v2\/posts\/51751\/revisions"}],"wp:featuredmedia":[{"embeddable":true,"href":"https:\/\/dorogimedence.hu\/index.php\/wp-json\/wp\/v2\/media\/51754"}],"wp:attachment":[{"href":"https:\/\/dorogimedence.hu\/index.php\/wp-json\/wp\/v2\/media?parent=51751"}],"wp:term":[{"taxonomy":"category","embeddable":true,"href":"https:\/\/dorogimedence.hu\/index.php\/wp-json\/wp\/v2\/categories?post=51751"},{"taxonomy":"post_tag","embeddable":true,"href":"https:\/\/dorogimedence.hu\/index.php\/wp-json\/wp\/v2\/tags?post=51751"}],"curies":[{"name":"wp","href":"https:\/\/api.w.org\/{rel}","templated":true}]}}