{"id":5165,"date":"2017-08-23T07:10:58","date_gmt":"2017-08-23T05:10:58","guid":{"rendered":"http:\/\/dorogimedence.hu\/?p=5165"},"modified":"2017-08-23T07:10:58","modified_gmt":"2017-08-23T05:10:58","slug":"autos-uldozes-es-motorbaleset-esztergomban","status":"publish","type":"post","link":"https:\/\/dorogimedence.hu\/index.php\/2017\/08\/23\/autos-uldozes-es-motorbaleset-esztergomban\/","title":{"rendered":"Aut\u00f3s \u00fcld\u00f6z\u00e9s \u00e9s motorbaleset Esztergomban"},"content":{"rendered":"<p><strong>Augusztus 21-\u00e9n, Esztergomban egy aut\u00f3t akartak ellen\u0151rz\u00e9s al\u00e1 vonni, ami a megk\u00fcl\u00f6nb\u00f6ztet\u0151 hang \u00e9s f\u00e9nyjelz\u00e9s\u00e9nek egy\u00fcttes haszn\u00e1lat\u00e1t is figyelmen k\u00edv\u00fcl hagyva tov\u00e1bb haladt<\/strong> <em>&#8211; tudta meg az <a href=\"http:\/\/www.infoesztergom.hu\/hirek\/olvas\/permalink:autos-uldozes-esztergomban-2017-08-22-160449\" target=\"_blank\" rel=\"noopener\"><span style=\"text-decoration: underline; color: #0000ff;\">infoesztergom.hu<\/span><\/a><\/em>. <strong>Augusztus 22-\u00e9n, pedig egy szem\u00e9lyg\u00e9pkocsi \u00e9s motor \u00fctk\u00f6z\u00f6tt \u00f6ssze Esztergomban<\/strong> <em>&#8211; \u00edrja a <a href=\"http:\/\/www.police.hu\/hu\/hirek-es-informaciok\/legfrissebb-hireink\/helyi-hirek\/baleseti-osszesito-komarom-esztergom-79\" target=\"_blank\" rel=\"noopener\"><span style=\"text-decoration: underline; color: #0000ff;\">police.hu<\/span><\/a><\/em><\/p>\n<p>Az Esztergomi Rend\u0151rkapit\u00e1nys\u00e1g rend\u0151rei augusztus 21-\u00e9n 13 \u00f3ra 30 perc k\u00f6r\u00fcl Esztergomban a Tompa Mih\u00e1ly utc\u00e1ban akartak ellen\u0151rz\u00e9s al\u00e1 vonni egy Opel t\u00edpus\u00fa szem\u00e9lyg\u00e9pkocsit. A szolg\u00e1lati g\u00e9pj\u00e1rm\u0171 megk\u00fcl\u00f6nb\u00f6ztet\u0151 hang \u00e9s f\u00e9nyjelz\u00e9s\u00e9nek egy\u00fcttes haszn\u00e1lat\u00e1t is figyelmen k\u00edv\u00fcl hagyva, a j\u00e1rm\u0171vezet\u0151 tov\u00e1bb haladt a v\u00e1rosban. A rend\u0151r\u00f6k a M\u00f3ricz Zsigmond utc\u00e1ban \u00e1ll\u00edtott\u00e1k meg a kocsit. A j\u00e1rm\u0171vezet\u0151t a rend\u0151r\u00f6k a halad\u00e1si \u00fatj\u00e1n v\u00e9gig k\u00f6vett\u00e9k. Az igazoltat\u00e1s sor\u00e1n v\u00e9g\u00fcl az 50 \u00e9ves j\u00e1rm\u0171vezet\u0151n\u00e9l ittass\u00e1g gyan\u00faja mer\u00fclt fel. Vele szemben az Esztergomi Rend\u0151rkapit\u00e1nys\u00e1gon ez\u00e9rt \u201ej\u00e1rm\u0171vezet\u00e9s ittas \u00e1llapotban v\u00e9ts\u00e9g\u201d elk\u00f6vet\u00e9se miatt indult b\u00fcntet\u0151elj\u00e1r\u00e1s, valamint szab\u00e1lys\u00e9rt\u00e9sek miatt szab\u00e1lys\u00e9rt\u00e9si elj\u00e1r\u00e1s is.<\/p>\n<p>Egy 65 \u00e9ves etyeki lakos k\u00f6zlekedett szem\u00e9lyg\u00e9pkocsival Esztergom k\u00fclter\u00fclet\u00e9n. A 11-es sz\u00e1m\u00fa f\u0151\u00fathoz \u00e9rve nem biztos\u00edtott els\u0151bbs\u00e9get a f\u0151\u00faton t\u0151le balr\u00f3l, Pilismar\u00f3t ir\u00e1ny\u00e1b\u00f3l k\u00f6zleked\u0151 motorker\u00e9kp\u00e1rosnak \u00e9s a j\u00e1rm\u0171 el\u00e9 kanyarodott. A motorker\u00e9kp\u00e1rt vezet\u0151 n\u0151 a szem\u00e9lyg\u00e9pkocsinak \u00fctk\u00f6z\u00f6tt \u00e9s baleset sor\u00e1n s\u00falyosan megs\u00e9r\u00fclt.<\/p>\n<p><em>Fot\u00f3: police.hu<\/em><br \/>\n<em>Forr\u00e1s: infoesztergom.hu, police.hu<\/em><\/p>\n<p>&nbsp;<\/p>\n","protected":false},"excerpt":{"rendered":"<p>Augusztus 21-\u00e9n, Esztergomban egy aut\u00f3t akartak ellen\u0151rz\u00e9s al\u00e1 vonni, ami a megk\u00fcl\u00f6nb\u00f6ztet\u0151 hang \u00e9s f\u00e9nyjelz\u00e9s\u00e9nek egy\u00fcttes haszn\u00e1lat\u00e1t is figyelmen k\u00edv\u00fcl hagyva tov\u00e1bb haladt &#8211; tudta meg az infoesztergom.hu. Augusztus 22-\u00e9n, pedig egy szem\u00e9lyg\u00e9pkocsi \u00e9s motor \u00fctk\u00f6z\u00f6tt \u00f6ssze Esztergomban &#8211; \u00edrja a police.hu Az Esztergomi Rend\u0151rkapit\u00e1nys\u00e1g rend\u0151rei augusztus 21-\u00e9n 13 \u00f3ra 30 perc k\u00f6r\u00fcl Esztergomban a<\/p>\n","protected":false},"author":1,"featured_media":5166,"comment_status":"closed","ping_status":"closed","sticky":false,"template":"","format":"standard","meta":{"ngg_post_thumbnail":0,"footnotes":""},"categories":[38,3,39],"tags":[1145,44,42,164,61],"class_list":{"0":"post-5165","1":"post","2":"type-post","3":"status-publish","4":"format-standard","5":"has-post-thumbnail","7":"category-esztergom","8":"category-hirek","9":"category-kek-hirek","10":"tag-autos-uldozes","11":"tag-baleset","12":"tag-esztergom","13":"tag-ittas-vezetes","14":"tag-rendorsegi-hirek"},"yoast_head":"<!-- This site is optimized with the Yoast SEO plugin v27.4 - https:\/\/yoast.com\/product\/yoast-seo-wordpress\/ -->\n<title>Aut\u00f3s \u00fcld\u00f6z\u00e9s \u00e9s motorbaleset Esztergomban<\/title>\n<meta name=\"robots\" content=\"index, follow, max-snippet:-1, max-image-preview:large, max-video-preview:-1\" \/>\n<link rel=\"canonical\" href=\"https:\/\/dorogimedence.hu\/index.php\/2017\/08\/23\/autos-uldozes-es-motorbaleset-esztergomban\/\" class=\"yoast-seo-meta-tag\" \/>\n<meta property=\"og:locale\" content=\"hu_HU\" class=\"yoast-seo-meta-tag\" \/>\n<meta property=\"og:type\" content=\"article\" class=\"yoast-seo-meta-tag\" \/>\n<meta property=\"og:title\" content=\"Aut\u00f3s \u00fcld\u00f6z\u00e9s \u00e9s motorbaleset Esztergomban\" class=\"yoast-seo-meta-tag\" \/>\n<meta property=\"og:description\" content=\"Augusztus 21-\u00e9n, Esztergomban egy aut\u00f3t akartak ellen\u0151rz\u00e9s al\u00e1 vonni, ami a megk\u00fcl\u00f6nb\u00f6ztet\u0151 hang \u00e9s f\u00e9nyjelz\u00e9s\u00e9nek egy\u00fcttes haszn\u00e1lat\u00e1t is figyelmen k\u00edv\u00fcl hagyva tov\u00e1bb haladt &#8211; tudta meg az infoesztergom.hu. Augusztus 22-\u00e9n, pedig egy szem\u00e9lyg\u00e9pkocsi \u00e9s motor \u00fctk\u00f6z\u00f6tt \u00f6ssze Esztergomban &#8211; \u00edrja a police.hu Az Esztergomi Rend\u0151rkapit\u00e1nys\u00e1g rend\u0151rei augusztus 21-\u00e9n 13 \u00f3ra 30 perc k\u00f6r\u00fcl Esztergomban a\" class=\"yoast-seo-meta-tag\" \/>\n<meta property=\"og:url\" content=\"https:\/\/dorogimedence.hu\/index.php\/2017\/08\/23\/autos-uldozes-es-motorbaleset-esztergomban\/\" class=\"yoast-seo-meta-tag\" \/>\n<meta property=\"og:site_name\" content=\"Dorogi-medence Region\u00e1lis H\u00edrport\u00e1l\" class=\"yoast-seo-meta-tag\" \/>\n<meta property=\"article:publisher\" content=\"https:\/\/www.facebook.com\/dorogimedence\/\" class=\"yoast-seo-meta-tag\" \/>\n<meta property=\"article:published_time\" content=\"2017-08-23T05:10:58+00:00\" class=\"yoast-seo-meta-tag\" \/>\n<meta property=\"og:image\" content=\"https:\/\/i0.wp.com\/dorogimedence.hu\/wp-content\/uploads\/2017\/08\/baleset-egom-04.jpg?fit=670%2C365&ssl=1\" class=\"yoast-seo-meta-tag\" \/>\n\t<meta property=\"og:image:width\" content=\"670\" class=\"yoast-seo-meta-tag\" \/>\n\t<meta property=\"og:image:height\" content=\"365\" class=\"yoast-seo-meta-tag\" \/>\n\t<meta property=\"og:image:type\" content=\"image\/jpeg\" class=\"yoast-seo-meta-tag\" \/>\n<meta name=\"author\" content=\"dorogimedence.hu\" class=\"yoast-seo-meta-tag\" \/>\n<meta name=\"twitter:card\" content=\"summary_large_image\" class=\"yoast-seo-meta-tag\" \/>\n<meta name=\"twitter:label1\" content=\"Szerz\u0151:\" class=\"yoast-seo-meta-tag\" \/>\n\t<meta name=\"twitter:data1\" content=\"dorogimedence.hu\" class=\"yoast-seo-meta-tag\" \/>\n\t<meta name=\"twitter:label2\" content=\"Becs\u00fclt olvas\u00e1si id\u0151\" class=\"yoast-seo-meta-tag\" \/>\n\t<meta name=\"twitter:data2\" content=\"2 perc\" class=\"yoast-seo-meta-tag\" \/>\n<script type=\"application\/ld+json\" class=\"yoast-schema-graph\">{\"@context\":\"https:\\\/\\\/schema.org\",\"@graph\":[{\"@type\":\"Article\",\"@id\":\"https:\\\/\\\/dorogimedence.hu\\\/index.php\\\/2017\\\/08\\\/23\\\/autos-uldozes-es-motorbaleset-esztergomban\\\/#article\",\"isPartOf\":{\"@id\":\"https:\\\/\\\/dorogimedence.hu\\\/index.php\\\/2017\\\/08\\\/23\\\/autos-uldozes-es-motorbaleset-esztergomban\\\/\"},\"author\":{\"name\":\"dorogimedence.hu\",\"@id\":\"https:\\\/\\\/dorogimedence.hu\\\/#\\\/schema\\\/person\\\/ce6091eeb7e95ecdc87890d6aa8e0fd4\"},\"headline\":\"Aut\u00f3s \u00fcld\u00f6z\u00e9s \u00e9s motorbaleset Esztergomban\",\"datePublished\":\"2017-08-23T05:10:58+00:00\",\"mainEntityOfPage\":{\"@id\":\"https:\\\/\\\/dorogimedence.hu\\\/index.php\\\/2017\\\/08\\\/23\\\/autos-uldozes-es-motorbaleset-esztergomban\\\/\"},\"wordCount\":329,\"publisher\":{\"@id\":\"https:\\\/\\\/dorogimedence.hu\\\/#organization\"},\"image\":{\"@id\":\"https:\\\/\\\/dorogimedence.hu\\\/index.php\\\/2017\\\/08\\\/23\\\/autos-uldozes-es-motorbaleset-esztergomban\\\/#primaryimage\"},\"thumbnailUrl\":\"https:\\\/\\\/dorogimedence.hu\\\/wp-content\\\/uploads\\\/2017\\\/08\\\/baleset-egom-04.jpg\",\"keywords\":[\"aut\u00f3s \u00fcld\u00f6z\u00e9s\",\"baleset\",\"esztergom\",\"ittas vezet\u00e9s\",\"rend\u0151rs\u00e9gi h\u00edrek\"],\"articleSection\":[\"Esztergom\",\"H\u00edrek\",\"K\u00e9k h\u00edrek\"],\"inLanguage\":\"hu\"},{\"@type\":\"WebPage\",\"@id\":\"https:\\\/\\\/dorogimedence.hu\\\/index.php\\\/2017\\\/08\\\/23\\\/autos-uldozes-es-motorbaleset-esztergomban\\\/\",\"url\":\"https:\\\/\\\/dorogimedence.hu\\\/index.php\\\/2017\\\/08\\\/23\\\/autos-uldozes-es-motorbaleset-esztergomban\\\/\",\"name\":\"Aut\u00f3s \u00fcld\u00f6z\u00e9s \u00e9s motorbaleset Esztergomban\",\"isPartOf\":{\"@id\":\"https:\\\/\\\/dorogimedence.hu\\\/#website\"},\"primaryImageOfPage\":{\"@id\":\"https:\\\/\\\/dorogimedence.hu\\\/index.php\\\/2017\\\/08\\\/23\\\/autos-uldozes-es-motorbaleset-esztergomban\\\/#primaryimage\"},\"image\":{\"@id\":\"https:\\\/\\\/dorogimedence.hu\\\/index.php\\\/2017\\\/08\\\/23\\\/autos-uldozes-es-motorbaleset-esztergomban\\\/#primaryimage\"},\"thumbnailUrl\":\"https:\\\/\\\/dorogimedence.hu\\\/wp-content\\\/uploads\\\/2017\\\/08\\\/baleset-egom-04.jpg\",\"datePublished\":\"2017-08-23T05:10:58+00:00\",\"breadcrumb\":{\"@id\":\"https:\\\/\\\/dorogimedence.hu\\\/index.php\\\/2017\\\/08\\\/23\\\/autos-uldozes-es-motorbaleset-esztergomban\\\/#breadcrumb\"},\"inLanguage\":\"hu\",\"potentialAction\":[{\"@type\":\"ReadAction\",\"target\":[\"https:\\\/\\\/dorogimedence.hu\\\/index.php\\\/2017\\\/08\\\/23\\\/autos-uldozes-es-motorbaleset-esztergomban\\\/\"]}]},{\"@type\":\"ImageObject\",\"inLanguage\":\"hu\",\"@id\":\"https:\\\/\\\/dorogimedence.hu\\\/index.php\\\/2017\\\/08\\\/23\\\/autos-uldozes-es-motorbaleset-esztergomban\\\/#primaryimage\",\"url\":\"https:\\\/\\\/dorogimedence.hu\\\/wp-content\\\/uploads\\\/2017\\\/08\\\/baleset-egom-04.jpg\",\"contentUrl\":\"https:\\\/\\\/dorogimedence.hu\\\/wp-content\\\/uploads\\\/2017\\\/08\\\/baleset-egom-04.jpg\",\"width\":670,\"height\":365},{\"@type\":\"BreadcrumbList\",\"@id\":\"https:\\\/\\\/dorogimedence.hu\\\/index.php\\\/2017\\\/08\\\/23\\\/autos-uldozes-es-motorbaleset-esztergomban\\\/#breadcrumb\",\"itemListElement\":[{\"@type\":\"ListItem\",\"position\":1,\"name\":\"Kezd\u0151lap\",\"item\":\"https:\\\/\\\/dorogimedence.hu\\\/\"},{\"@type\":\"ListItem\",\"position\":2,\"name\":\"Aut\u00f3s \u00fcld\u00f6z\u00e9s \u00e9s motorbaleset Esztergomban\"}]},{\"@type\":\"WebSite\",\"@id\":\"https:\\\/\\\/dorogimedence.hu\\\/#website\",\"url\":\"https:\\\/\\\/dorogimedence.hu\\\/\",\"name\":\"Dorogi-medence Region\u00e1lis H\u00edrport\u00e1l\",\"description\":\"Dorog, Keszt\u00f6lc, Le\u00e1nyv\u00e1r, Piliscs\u00e9v, Tokod, Tokodalt\u00e1r\u00f3, Csolnok, Esztergom-kertv\u00e1ros: h\u00edrek, programok\",\"publisher\":{\"@id\":\"https:\\\/\\\/dorogimedence.hu\\\/#organization\"},\"potentialAction\":[{\"@type\":\"SearchAction\",\"target\":{\"@type\":\"EntryPoint\",\"urlTemplate\":\"https:\\\/\\\/dorogimedence.hu\\\/?s={search_term_string}\"},\"query-input\":{\"@type\":\"PropertyValueSpecification\",\"valueRequired\":true,\"valueName\":\"search_term_string\"}}],\"inLanguage\":\"hu\"},{\"@type\":\"Organization\",\"@id\":\"https:\\\/\\\/dorogimedence.hu\\\/#organization\",\"name\":\"Dorogi-medence Region\u00e1lis H\u00edrport\u00e1l\",\"url\":\"https:\\\/\\\/dorogimedence.hu\\\/\",\"logo\":{\"@type\":\"ImageObject\",\"inLanguage\":\"hu\",\"@id\":\"https:\\\/\\\/dorogimedence.hu\\\/#\\\/schema\\\/logo\\\/image\\\/\",\"url\":\"https:\\\/\\\/dorogimedence.hu\\\/wp-content\\\/uploads\\\/2021\\\/04\\\/logo-feher-600.png\",\"contentUrl\":\"https:\\\/\\\/dorogimedence.hu\\\/wp-content\\\/uploads\\\/2021\\\/04\\\/logo-feher-600.png\",\"width\":600,\"height\":100,\"caption\":\"Dorogi-medence Region\u00e1lis H\u00edrport\u00e1l\"},\"image\":{\"@id\":\"https:\\\/\\\/dorogimedence.hu\\\/#\\\/schema\\\/logo\\\/image\\\/\"},\"sameAs\":[\"https:\\\/\\\/www.facebook.com\\\/dorogimedence\\\/\"]},{\"@type\":\"Person\",\"@id\":\"https:\\\/\\\/dorogimedence.hu\\\/#\\\/schema\\\/person\\\/ce6091eeb7e95ecdc87890d6aa8e0fd4\",\"name\":\"dorogimedence.hu\",\"image\":{\"@type\":\"ImageObject\",\"inLanguage\":\"hu\",\"@id\":\"\\\/\\\/www.gravatar.com\\\/avatar\\\/d8d45f8901aadff40a4af72c0b826f1d?s=96&#038;r=g&#038;d=mm\",\"url\":\"\\\/\\\/www.gravatar.com\\\/avatar\\\/d8d45f8901aadff40a4af72c0b826f1d?s=96&#038;r=g&#038;d=mm\",\"contentUrl\":\"\\\/\\\/www.gravatar.com\\\/avatar\\\/d8d45f8901aadff40a4af72c0b826f1d?s=96&#038;r=g&#038;d=mm\",\"caption\":\"dorogimedence.hu\"}}]}<\/script>\n<!-- \/ Yoast SEO plugin. -->","yoast_head_json":{"title":"Aut\u00f3s \u00fcld\u00f6z\u00e9s \u00e9s motorbaleset Esztergomban","robots":{"index":"index","follow":"follow","max-snippet":"max-snippet:-1","max-image-preview":"max-image-preview:large","max-video-preview":"max-video-preview:-1"},"canonical":"https:\/\/dorogimedence.hu\/index.php\/2017\/08\/23\/autos-uldozes-es-motorbaleset-esztergomban\/","og_locale":"hu_HU","og_type":"article","og_title":"Aut\u00f3s \u00fcld\u00f6z\u00e9s \u00e9s motorbaleset Esztergomban","og_description":"Augusztus 21-\u00e9n, Esztergomban egy aut\u00f3t akartak ellen\u0151rz\u00e9s al\u00e1 vonni, ami a megk\u00fcl\u00f6nb\u00f6ztet\u0151 hang \u00e9s f\u00e9nyjelz\u00e9s\u00e9nek egy\u00fcttes haszn\u00e1lat\u00e1t is figyelmen k\u00edv\u00fcl hagyva tov\u00e1bb haladt &#8211; tudta meg az infoesztergom.hu. Augusztus 22-\u00e9n, pedig egy szem\u00e9lyg\u00e9pkocsi \u00e9s motor \u00fctk\u00f6z\u00f6tt \u00f6ssze Esztergomban &#8211; \u00edrja a police.hu Az Esztergomi Rend\u0151rkapit\u00e1nys\u00e1g rend\u0151rei augusztus 21-\u00e9n 13 \u00f3ra 30 perc k\u00f6r\u00fcl Esztergomban a","og_url":"https:\/\/dorogimedence.hu\/index.php\/2017\/08\/23\/autos-uldozes-es-motorbaleset-esztergomban\/","og_site_name":"Dorogi-medence Region\u00e1lis H\u00edrport\u00e1l","article_publisher":"https:\/\/www.facebook.com\/dorogimedence\/","article_published_time":"2017-08-23T05:10:58+00:00","og_image":[{"width":670,"height":365,"url":"https:\/\/i0.wp.com\/dorogimedence.hu\/wp-content\/uploads\/2017\/08\/baleset-egom-04.jpg?fit=670%2C365&ssl=1","type":"image\/jpeg"}],"author":"dorogimedence.hu","twitter_card":"summary_large_image","twitter_misc":{"Szerz\u0151:":"dorogimedence.hu","Becs\u00fclt olvas\u00e1si id\u0151":"2 perc"},"schema":{"@context":"https:\/\/schema.org","@graph":[{"@type":"Article","@id":"https:\/\/dorogimedence.hu\/index.php\/2017\/08\/23\/autos-uldozes-es-motorbaleset-esztergomban\/#article","isPartOf":{"@id":"https:\/\/dorogimedence.hu\/index.php\/2017\/08\/23\/autos-uldozes-es-motorbaleset-esztergomban\/"},"author":{"name":"dorogimedence.hu","@id":"https:\/\/dorogimedence.hu\/#\/schema\/person\/ce6091eeb7e95ecdc87890d6aa8e0fd4"},"headline":"Aut\u00f3s \u00fcld\u00f6z\u00e9s \u00e9s motorbaleset Esztergomban","datePublished":"2017-08-23T05:10:58+00:00","mainEntityOfPage":{"@id":"https:\/\/dorogimedence.hu\/index.php\/2017\/08\/23\/autos-uldozes-es-motorbaleset-esztergomban\/"},"wordCount":329,"publisher":{"@id":"https:\/\/dorogimedence.hu\/#organization"},"image":{"@id":"https:\/\/dorogimedence.hu\/index.php\/2017\/08\/23\/autos-uldozes-es-motorbaleset-esztergomban\/#primaryimage"},"thumbnailUrl":"https:\/\/dorogimedence.hu\/wp-content\/uploads\/2017\/08\/baleset-egom-04.jpg","keywords":["aut\u00f3s \u00fcld\u00f6z\u00e9s","baleset","esztergom","ittas vezet\u00e9s","rend\u0151rs\u00e9gi h\u00edrek"],"articleSection":["Esztergom","H\u00edrek","K\u00e9k h\u00edrek"],"inLanguage":"hu"},{"@type":"WebPage","@id":"https:\/\/dorogimedence.hu\/index.php\/2017\/08\/23\/autos-uldozes-es-motorbaleset-esztergomban\/","url":"https:\/\/dorogimedence.hu\/index.php\/2017\/08\/23\/autos-uldozes-es-motorbaleset-esztergomban\/","name":"Aut\u00f3s \u00fcld\u00f6z\u00e9s \u00e9s motorbaleset Esztergomban","isPartOf":{"@id":"https:\/\/dorogimedence.hu\/#website"},"primaryImageOfPage":{"@id":"https:\/\/dorogimedence.hu\/index.php\/2017\/08\/23\/autos-uldozes-es-motorbaleset-esztergomban\/#primaryimage"},"image":{"@id":"https:\/\/dorogimedence.hu\/index.php\/2017\/08\/23\/autos-uldozes-es-motorbaleset-esztergomban\/#primaryimage"},"thumbnailUrl":"https:\/\/dorogimedence.hu\/wp-content\/uploads\/2017\/08\/baleset-egom-04.jpg","datePublished":"2017-08-23T05:10:58+00:00","breadcrumb":{"@id":"https:\/\/dorogimedence.hu\/index.php\/2017\/08\/23\/autos-uldozes-es-motorbaleset-esztergomban\/#breadcrumb"},"inLanguage":"hu","potentialAction":[{"@type":"ReadAction","target":["https:\/\/dorogimedence.hu\/index.php\/2017\/08\/23\/autos-uldozes-es-motorbaleset-esztergomban\/"]}]},{"@type":"ImageObject","inLanguage":"hu","@id":"https:\/\/dorogimedence.hu\/index.php\/2017\/08\/23\/autos-uldozes-es-motorbaleset-esztergomban\/#primaryimage","url":"https:\/\/dorogimedence.hu\/wp-content\/uploads\/2017\/08\/baleset-egom-04.jpg","contentUrl":"https:\/\/dorogimedence.hu\/wp-content\/uploads\/2017\/08\/baleset-egom-04.jpg","width":670,"height":365},{"@type":"BreadcrumbList","@id":"https:\/\/dorogimedence.hu\/index.php\/2017\/08\/23\/autos-uldozes-es-motorbaleset-esztergomban\/#breadcrumb","itemListElement":[{"@type":"ListItem","position":1,"name":"Kezd\u0151lap","item":"https:\/\/dorogimedence.hu\/"},{"@type":"ListItem","position":2,"name":"Aut\u00f3s \u00fcld\u00f6z\u00e9s \u00e9s motorbaleset Esztergomban"}]},{"@type":"WebSite","@id":"https:\/\/dorogimedence.hu\/#website","url":"https:\/\/dorogimedence.hu\/","name":"Dorogi-medence Region\u00e1lis H\u00edrport\u00e1l","description":"Dorog, Keszt\u00f6lc, Le\u00e1nyv\u00e1r, Piliscs\u00e9v, Tokod, Tokodalt\u00e1r\u00f3, Csolnok, Esztergom-kertv\u00e1ros: h\u00edrek, programok","publisher":{"@id":"https:\/\/dorogimedence.hu\/#organization"},"potentialAction":[{"@type":"SearchAction","target":{"@type":"EntryPoint","urlTemplate":"https:\/\/dorogimedence.hu\/?s={search_term_string}"},"query-input":{"@type":"PropertyValueSpecification","valueRequired":true,"valueName":"search_term_string"}}],"inLanguage":"hu"},{"@type":"Organization","@id":"https:\/\/dorogimedence.hu\/#organization","name":"Dorogi-medence Region\u00e1lis H\u00edrport\u00e1l","url":"https:\/\/dorogimedence.hu\/","logo":{"@type":"ImageObject","inLanguage":"hu","@id":"https:\/\/dorogimedence.hu\/#\/schema\/logo\/image\/","url":"https:\/\/dorogimedence.hu\/wp-content\/uploads\/2021\/04\/logo-feher-600.png","contentUrl":"https:\/\/dorogimedence.hu\/wp-content\/uploads\/2021\/04\/logo-feher-600.png","width":600,"height":100,"caption":"Dorogi-medence Region\u00e1lis H\u00edrport\u00e1l"},"image":{"@id":"https:\/\/dorogimedence.hu\/#\/schema\/logo\/image\/"},"sameAs":["https:\/\/www.facebook.com\/dorogimedence\/"]},{"@type":"Person","@id":"https:\/\/dorogimedence.hu\/#\/schema\/person\/ce6091eeb7e95ecdc87890d6aa8e0fd4","name":"dorogimedence.hu","image":{"@type":"ImageObject","inLanguage":"hu","@id":"\/\/www.gravatar.com\/avatar\/d8d45f8901aadff40a4af72c0b826f1d?s=96&#038;r=g&#038;d=mm","url":"\/\/www.gravatar.com\/avatar\/d8d45f8901aadff40a4af72c0b826f1d?s=96&#038;r=g&#038;d=mm","contentUrl":"\/\/www.gravatar.com\/avatar\/d8d45f8901aadff40a4af72c0b826f1d?s=96&#038;r=g&#038;d=mm","caption":"dorogimedence.hu"}}]}},"_links":{"self":[{"href":"https:\/\/dorogimedence.hu\/index.php\/wp-json\/wp\/v2\/posts\/5165","targetHints":{"allow":["GET"]}}],"collection":[{"href":"https:\/\/dorogimedence.hu\/index.php\/wp-json\/wp\/v2\/posts"}],"about":[{"href":"https:\/\/dorogimedence.hu\/index.php\/wp-json\/wp\/v2\/types\/post"}],"author":[{"embeddable":true,"href":"https:\/\/dorogimedence.hu\/index.php\/wp-json\/wp\/v2\/users\/1"}],"replies":[{"embeddable":true,"href":"https:\/\/dorogimedence.hu\/index.php\/wp-json\/wp\/v2\/comments?post=5165"}],"version-history":[{"count":0,"href":"https:\/\/dorogimedence.hu\/index.php\/wp-json\/wp\/v2\/posts\/5165\/revisions"}],"wp:featuredmedia":[{"embeddable":true,"href":"https:\/\/dorogimedence.hu\/index.php\/wp-json\/wp\/v2\/media\/5166"}],"wp:attachment":[{"href":"https:\/\/dorogimedence.hu\/index.php\/wp-json\/wp\/v2\/media?parent=5165"}],"wp:term":[{"taxonomy":"category","embeddable":true,"href":"https:\/\/dorogimedence.hu\/index.php\/wp-json\/wp\/v2\/categories?post=5165"},{"taxonomy":"post_tag","embeddable":true,"href":"https:\/\/dorogimedence.hu\/index.php\/wp-json\/wp\/v2\/tags?post=5165"}],"curies":[{"name":"wp","href":"https:\/\/api.w.org\/{rel}","templated":true}]}}