{"id":51595,"date":"2023-03-29T12:15:10","date_gmt":"2023-03-29T10:15:10","guid":{"rendered":"https:\/\/dorogimedence.hu\/?p=51595"},"modified":"2023-03-29T12:17:07","modified_gmt":"2023-03-29T10:17:07","slug":"szemetszedesi-akcio-csolnokon","status":"publish","type":"post","link":"https:\/\/dorogimedence.hu\/index.php\/2023\/03\/29\/szemetszedesi-akcio-csolnokon\/","title":{"rendered":"Szem\u00e9tszed\u00e9si akci\u00f3 Csolnokon"},"content":{"rendered":"<p><strong>Csolnok K\u00f6zs\u00e9g \u00d6nkorm\u00e1nyzat\u00e1nak K\u00e9pvisel\u0151-test\u00fclete folytatja a kor\u00e1bbi hagyom\u00e1nyokat \u00e9s imm\u00e1r 10. alkalommal rendezi meg a szem\u00e9tszed\u00e9si akci\u00f3t Csolnokon.<\/strong><\/p>\n<p>A szem\u00e9tszed\u00e9st 2023. \u00e1prilis 1-j\u00e9n, szombaton 9.00 \u00e9s 12.30 k\u00f6z\u00f6tt tartj\u00e1k meg. A gy\u00fclekez\u0151 8.45 \u00e9s 9.00 k\u00f6z\u00f6tt lesz a Szent Istv\u00e1n parkban (iskola m\u00f6g\u00f6tt), illetve a B\u00e1ny\u00e1sz M\u0171vel\u0151d\u00e9si H\u00e1zn\u00e1l.<\/p>\n<p>Keszty\u0171t \u00e9s m\u0171anyag zs\u00e1kokat biztos\u00edtanak a r\u00e9sztvev\u0151knek!<\/p>\n<p><em>Bor\u00edt\u00f3k\u00e9p: illusztr\u00e1ci\u00f3 (Szem\u00e9tirt\u00f3k)<br \/>\nForr\u00e1s: Csolnok K\u00f6zs\u00e9g hivatalos oldala<br \/>\n<\/em><\/p>\n","protected":false},"excerpt":{"rendered":"<p>Csolnok K\u00f6zs\u00e9g \u00d6nkorm\u00e1nyzat\u00e1nak K\u00e9pvisel\u0151-test\u00fclete folytatja a kor\u00e1bbi hagyom\u00e1nyokat \u00e9s imm\u00e1r 10. alkalommal rendezi meg a szem\u00e9tszed\u00e9si akci\u00f3t Csolnokon. A szem\u00e9tszed\u00e9st 2023. \u00e1prilis 1-j\u00e9n, szombaton 9.00 \u00e9s 12.30 k\u00f6z\u00f6tt tartj\u00e1k meg. A gy\u00fclekez\u0151 8.45 \u00e9s 9.00 k\u00f6z\u00f6tt lesz a Szent Istv\u00e1n parkban (iskola m\u00f6g\u00f6tt), illetve a B\u00e1ny\u00e1sz M\u0171vel\u0151d\u00e9si H\u00e1zn\u00e1l. Keszty\u0171t \u00e9s m\u0171anyag zs\u00e1kokat biztos\u00edtanak a r\u00e9sztvev\u0151knek!<\/p>\n","protected":false},"author":1,"featured_media":23506,"comment_status":"closed","ping_status":"closed","sticky":false,"template":"","format":"standard","meta":{"ngg_post_thumbnail":0,"footnotes":""},"categories":[64,3,3561],"tags":[66,2397,7107],"class_list":{"0":"post-51595","1":"post","2":"type-post","3":"status-publish","4":"format-standard","5":"has-post-thumbnail","7":"category-csolnok","8":"category-hirek","9":"category-programok","10":"tag-csolnok","11":"tag-szemetszedes","12":"tag-szemetszedesi-akcio"},"yoast_head":"<!-- This site is optimized with the Yoast SEO plugin v27.4 - https:\/\/yoast.com\/product\/yoast-seo-wordpress\/ -->\n<title>Szem\u00e9tszed\u00e9si akci\u00f3 Csolnokon<\/title>\n<meta name=\"robots\" content=\"index, follow, max-snippet:-1, max-image-preview:large, max-video-preview:-1\" \/>\n<link rel=\"canonical\" href=\"https:\/\/dorogimedence.hu\/index.php\/2023\/03\/29\/szemetszedesi-akcio-csolnokon\/\" class=\"yoast-seo-meta-tag\" \/>\n<meta property=\"og:locale\" content=\"hu_HU\" class=\"yoast-seo-meta-tag\" \/>\n<meta property=\"og:type\" content=\"article\" class=\"yoast-seo-meta-tag\" \/>\n<meta property=\"og:title\" content=\"Szem\u00e9tszed\u00e9si akci\u00f3 Csolnokon\" class=\"yoast-seo-meta-tag\" \/>\n<meta property=\"og:description\" content=\"Csolnok K\u00f6zs\u00e9g \u00d6nkorm\u00e1nyzat\u00e1nak K\u00e9pvisel\u0151-test\u00fclete folytatja a kor\u00e1bbi hagyom\u00e1nyokat \u00e9s imm\u00e1r 10. alkalommal rendezi meg a szem\u00e9tszed\u00e9si akci\u00f3t Csolnokon. A szem\u00e9tszed\u00e9st 2023. \u00e1prilis 1-j\u00e9n, szombaton 9.00 \u00e9s 12.30 k\u00f6z\u00f6tt tartj\u00e1k meg. A gy\u00fclekez\u0151 8.45 \u00e9s 9.00 k\u00f6z\u00f6tt lesz a Szent Istv\u00e1n parkban (iskola m\u00f6g\u00f6tt), illetve a B\u00e1ny\u00e1sz M\u0171vel\u0151d\u00e9si H\u00e1zn\u00e1l. Keszty\u0171t \u00e9s m\u0171anyag zs\u00e1kokat biztos\u00edtanak a r\u00e9sztvev\u0151knek!\" class=\"yoast-seo-meta-tag\" \/>\n<meta property=\"og:url\" content=\"https:\/\/dorogimedence.hu\/index.php\/2023\/03\/29\/szemetszedesi-akcio-csolnokon\/\" class=\"yoast-seo-meta-tag\" \/>\n<meta property=\"og:site_name\" content=\"Dorogi-medence Region\u00e1lis H\u00edrport\u00e1l\" class=\"yoast-seo-meta-tag\" \/>\n<meta property=\"article:publisher\" content=\"https:\/\/www.facebook.com\/dorogimedence\/\" class=\"yoast-seo-meta-tag\" \/>\n<meta property=\"article:published_time\" content=\"2023-03-29T10:15:10+00:00\" class=\"yoast-seo-meta-tag\" \/>\n<meta property=\"article:modified_time\" content=\"2023-03-29T10:17:07+00:00\" class=\"yoast-seo-meta-tag\" \/>\n<meta property=\"og:image\" content=\"https:\/\/dorogimedence.hu\/wp-content\/uploads\/2020\/03\/szemetirtok-04.jpg\" class=\"yoast-seo-meta-tag\" \/>\n\t<meta property=\"og:image:width\" content=\"670\" class=\"yoast-seo-meta-tag\" \/>\n\t<meta property=\"og:image:height\" content=\"447\" class=\"yoast-seo-meta-tag\" \/>\n\t<meta property=\"og:image:type\" content=\"image\/jpeg\" class=\"yoast-seo-meta-tag\" \/>\n<meta name=\"author\" content=\"dorogimedence.hu\" class=\"yoast-seo-meta-tag\" \/>\n<meta name=\"twitter:card\" content=\"summary_large_image\" class=\"yoast-seo-meta-tag\" \/>\n<meta name=\"twitter:label1\" content=\"Szerz\u0151:\" class=\"yoast-seo-meta-tag\" \/>\n\t<meta name=\"twitter:data1\" content=\"dorogimedence.hu\" class=\"yoast-seo-meta-tag\" \/>\n\t<meta name=\"twitter:label2\" content=\"Becs\u00fclt olvas\u00e1si id\u0151\" class=\"yoast-seo-meta-tag\" \/>\n\t<meta name=\"twitter:data2\" content=\"1 perc\" class=\"yoast-seo-meta-tag\" \/>\n<script type=\"application\/ld+json\" class=\"yoast-schema-graph\">{\"@context\":\"https:\\\/\\\/schema.org\",\"@graph\":[{\"@type\":\"Article\",\"@id\":\"https:\\\/\\\/dorogimedence.hu\\\/index.php\\\/2023\\\/03\\\/29\\\/szemetszedesi-akcio-csolnokon\\\/#article\",\"isPartOf\":{\"@id\":\"https:\\\/\\\/dorogimedence.hu\\\/index.php\\\/2023\\\/03\\\/29\\\/szemetszedesi-akcio-csolnokon\\\/\"},\"author\":{\"name\":\"dorogimedence.hu\",\"@id\":\"https:\\\/\\\/dorogimedence.hu\\\/#\\\/schema\\\/person\\\/ce6091eeb7e95ecdc87890d6aa8e0fd4\"},\"headline\":\"Szem\u00e9tszed\u00e9si akci\u00f3 Csolnokon\",\"datePublished\":\"2023-03-29T10:15:10+00:00\",\"dateModified\":\"2023-03-29T10:17:07+00:00\",\"mainEntityOfPage\":{\"@id\":\"https:\\\/\\\/dorogimedence.hu\\\/index.php\\\/2023\\\/03\\\/29\\\/szemetszedesi-akcio-csolnokon\\\/\"},\"wordCount\":109,\"publisher\":{\"@id\":\"https:\\\/\\\/dorogimedence.hu\\\/#organization\"},\"image\":{\"@id\":\"https:\\\/\\\/dorogimedence.hu\\\/index.php\\\/2023\\\/03\\\/29\\\/szemetszedesi-akcio-csolnokon\\\/#primaryimage\"},\"thumbnailUrl\":\"https:\\\/\\\/dorogimedence.hu\\\/wp-content\\\/uploads\\\/2020\\\/03\\\/szemetirtok-04.jpg\",\"keywords\":[\"Csolnok\",\"szem\u00e9tszed\u00e9s\",\"szem\u00e9tszed\u00e9si akci\u00f3\"],\"articleSection\":[\"Csolnok\",\"H\u00edrek\",\"Programok\"],\"inLanguage\":\"hu\"},{\"@type\":\"WebPage\",\"@id\":\"https:\\\/\\\/dorogimedence.hu\\\/index.php\\\/2023\\\/03\\\/29\\\/szemetszedesi-akcio-csolnokon\\\/\",\"url\":\"https:\\\/\\\/dorogimedence.hu\\\/index.php\\\/2023\\\/03\\\/29\\\/szemetszedesi-akcio-csolnokon\\\/\",\"name\":\"Szem\u00e9tszed\u00e9si akci\u00f3 Csolnokon\",\"isPartOf\":{\"@id\":\"https:\\\/\\\/dorogimedence.hu\\\/#website\"},\"primaryImageOfPage\":{\"@id\":\"https:\\\/\\\/dorogimedence.hu\\\/index.php\\\/2023\\\/03\\\/29\\\/szemetszedesi-akcio-csolnokon\\\/#primaryimage\"},\"image\":{\"@id\":\"https:\\\/\\\/dorogimedence.hu\\\/index.php\\\/2023\\\/03\\\/29\\\/szemetszedesi-akcio-csolnokon\\\/#primaryimage\"},\"thumbnailUrl\":\"https:\\\/\\\/dorogimedence.hu\\\/wp-content\\\/uploads\\\/2020\\\/03\\\/szemetirtok-04.jpg\",\"datePublished\":\"2023-03-29T10:15:10+00:00\",\"dateModified\":\"2023-03-29T10:17:07+00:00\",\"breadcrumb\":{\"@id\":\"https:\\\/\\\/dorogimedence.hu\\\/index.php\\\/2023\\\/03\\\/29\\\/szemetszedesi-akcio-csolnokon\\\/#breadcrumb\"},\"inLanguage\":\"hu\",\"potentialAction\":[{\"@type\":\"ReadAction\",\"target\":[\"https:\\\/\\\/dorogimedence.hu\\\/index.php\\\/2023\\\/03\\\/29\\\/szemetszedesi-akcio-csolnokon\\\/\"]}]},{\"@type\":\"ImageObject\",\"inLanguage\":\"hu\",\"@id\":\"https:\\\/\\\/dorogimedence.hu\\\/index.php\\\/2023\\\/03\\\/29\\\/szemetszedesi-akcio-csolnokon\\\/#primaryimage\",\"url\":\"https:\\\/\\\/dorogimedence.hu\\\/wp-content\\\/uploads\\\/2020\\\/03\\\/szemetirtok-04.jpg\",\"contentUrl\":\"https:\\\/\\\/dorogimedence.hu\\\/wp-content\\\/uploads\\\/2020\\\/03\\\/szemetirtok-04.jpg\",\"width\":670,\"height\":447},{\"@type\":\"BreadcrumbList\",\"@id\":\"https:\\\/\\\/dorogimedence.hu\\\/index.php\\\/2023\\\/03\\\/29\\\/szemetszedesi-akcio-csolnokon\\\/#breadcrumb\",\"itemListElement\":[{\"@type\":\"ListItem\",\"position\":1,\"name\":\"Kezd\u0151lap\",\"item\":\"https:\\\/\\\/dorogimedence.hu\\\/\"},{\"@type\":\"ListItem\",\"position\":2,\"name\":\"Szem\u00e9tszed\u00e9si akci\u00f3 Csolnokon\"}]},{\"@type\":\"WebSite\",\"@id\":\"https:\\\/\\\/dorogimedence.hu\\\/#website\",\"url\":\"https:\\\/\\\/dorogimedence.hu\\\/\",\"name\":\"Dorogi-medence Region\u00e1lis H\u00edrport\u00e1l\",\"description\":\"Dorog, Keszt\u00f6lc, Le\u00e1nyv\u00e1r, Piliscs\u00e9v, Tokod, Tokodalt\u00e1r\u00f3, Csolnok, Esztergom-kertv\u00e1ros: h\u00edrek, programok\",\"publisher\":{\"@id\":\"https:\\\/\\\/dorogimedence.hu\\\/#organization\"},\"potentialAction\":[{\"@type\":\"SearchAction\",\"target\":{\"@type\":\"EntryPoint\",\"urlTemplate\":\"https:\\\/\\\/dorogimedence.hu\\\/?s={search_term_string}\"},\"query-input\":{\"@type\":\"PropertyValueSpecification\",\"valueRequired\":true,\"valueName\":\"search_term_string\"}}],\"inLanguage\":\"hu\"},{\"@type\":\"Organization\",\"@id\":\"https:\\\/\\\/dorogimedence.hu\\\/#organization\",\"name\":\"Dorogi-medence Region\u00e1lis H\u00edrport\u00e1l\",\"url\":\"https:\\\/\\\/dorogimedence.hu\\\/\",\"logo\":{\"@type\":\"ImageObject\",\"inLanguage\":\"hu\",\"@id\":\"https:\\\/\\\/dorogimedence.hu\\\/#\\\/schema\\\/logo\\\/image\\\/\",\"url\":\"https:\\\/\\\/dorogimedence.hu\\\/wp-content\\\/uploads\\\/2021\\\/04\\\/logo-feher-600.png\",\"contentUrl\":\"https:\\\/\\\/dorogimedence.hu\\\/wp-content\\\/uploads\\\/2021\\\/04\\\/logo-feher-600.png\",\"width\":600,\"height\":100,\"caption\":\"Dorogi-medence Region\u00e1lis H\u00edrport\u00e1l\"},\"image\":{\"@id\":\"https:\\\/\\\/dorogimedence.hu\\\/#\\\/schema\\\/logo\\\/image\\\/\"},\"sameAs\":[\"https:\\\/\\\/www.facebook.com\\\/dorogimedence\\\/\"]},{\"@type\":\"Person\",\"@id\":\"https:\\\/\\\/dorogimedence.hu\\\/#\\\/schema\\\/person\\\/ce6091eeb7e95ecdc87890d6aa8e0fd4\",\"name\":\"dorogimedence.hu\",\"image\":{\"@type\":\"ImageObject\",\"inLanguage\":\"hu\",\"@id\":\"\\\/\\\/www.gravatar.com\\\/avatar\\\/d8d45f8901aadff40a4af72c0b826f1d?s=96&#038;r=g&#038;d=mm\",\"url\":\"\\\/\\\/www.gravatar.com\\\/avatar\\\/d8d45f8901aadff40a4af72c0b826f1d?s=96&#038;r=g&#038;d=mm\",\"contentUrl\":\"\\\/\\\/www.gravatar.com\\\/avatar\\\/d8d45f8901aadff40a4af72c0b826f1d?s=96&#038;r=g&#038;d=mm\",\"caption\":\"dorogimedence.hu\"}}]}<\/script>\n<!-- \/ Yoast SEO plugin. -->","yoast_head_json":{"title":"Szem\u00e9tszed\u00e9si akci\u00f3 Csolnokon","robots":{"index":"index","follow":"follow","max-snippet":"max-snippet:-1","max-image-preview":"max-image-preview:large","max-video-preview":"max-video-preview:-1"},"canonical":"https:\/\/dorogimedence.hu\/index.php\/2023\/03\/29\/szemetszedesi-akcio-csolnokon\/","og_locale":"hu_HU","og_type":"article","og_title":"Szem\u00e9tszed\u00e9si akci\u00f3 Csolnokon","og_description":"Csolnok K\u00f6zs\u00e9g \u00d6nkorm\u00e1nyzat\u00e1nak K\u00e9pvisel\u0151-test\u00fclete folytatja a kor\u00e1bbi hagyom\u00e1nyokat \u00e9s imm\u00e1r 10. alkalommal rendezi meg a szem\u00e9tszed\u00e9si akci\u00f3t Csolnokon. A szem\u00e9tszed\u00e9st 2023. \u00e1prilis 1-j\u00e9n, szombaton 9.00 \u00e9s 12.30 k\u00f6z\u00f6tt tartj\u00e1k meg. A gy\u00fclekez\u0151 8.45 \u00e9s 9.00 k\u00f6z\u00f6tt lesz a Szent Istv\u00e1n parkban (iskola m\u00f6g\u00f6tt), illetve a B\u00e1ny\u00e1sz M\u0171vel\u0151d\u00e9si H\u00e1zn\u00e1l. Keszty\u0171t \u00e9s m\u0171anyag zs\u00e1kokat biztos\u00edtanak a r\u00e9sztvev\u0151knek!","og_url":"https:\/\/dorogimedence.hu\/index.php\/2023\/03\/29\/szemetszedesi-akcio-csolnokon\/","og_site_name":"Dorogi-medence Region\u00e1lis H\u00edrport\u00e1l","article_publisher":"https:\/\/www.facebook.com\/dorogimedence\/","article_published_time":"2023-03-29T10:15:10+00:00","article_modified_time":"2023-03-29T10:17:07+00:00","og_image":[{"width":670,"height":447,"url":"https:\/\/dorogimedence.hu\/wp-content\/uploads\/2020\/03\/szemetirtok-04.jpg","type":"image\/jpeg"}],"author":"dorogimedence.hu","twitter_card":"summary_large_image","twitter_misc":{"Szerz\u0151:":"dorogimedence.hu","Becs\u00fclt olvas\u00e1si id\u0151":"1 perc"},"schema":{"@context":"https:\/\/schema.org","@graph":[{"@type":"Article","@id":"https:\/\/dorogimedence.hu\/index.php\/2023\/03\/29\/szemetszedesi-akcio-csolnokon\/#article","isPartOf":{"@id":"https:\/\/dorogimedence.hu\/index.php\/2023\/03\/29\/szemetszedesi-akcio-csolnokon\/"},"author":{"name":"dorogimedence.hu","@id":"https:\/\/dorogimedence.hu\/#\/schema\/person\/ce6091eeb7e95ecdc87890d6aa8e0fd4"},"headline":"Szem\u00e9tszed\u00e9si akci\u00f3 Csolnokon","datePublished":"2023-03-29T10:15:10+00:00","dateModified":"2023-03-29T10:17:07+00:00","mainEntityOfPage":{"@id":"https:\/\/dorogimedence.hu\/index.php\/2023\/03\/29\/szemetszedesi-akcio-csolnokon\/"},"wordCount":109,"publisher":{"@id":"https:\/\/dorogimedence.hu\/#organization"},"image":{"@id":"https:\/\/dorogimedence.hu\/index.php\/2023\/03\/29\/szemetszedesi-akcio-csolnokon\/#primaryimage"},"thumbnailUrl":"https:\/\/dorogimedence.hu\/wp-content\/uploads\/2020\/03\/szemetirtok-04.jpg","keywords":["Csolnok","szem\u00e9tszed\u00e9s","szem\u00e9tszed\u00e9si akci\u00f3"],"articleSection":["Csolnok","H\u00edrek","Programok"],"inLanguage":"hu"},{"@type":"WebPage","@id":"https:\/\/dorogimedence.hu\/index.php\/2023\/03\/29\/szemetszedesi-akcio-csolnokon\/","url":"https:\/\/dorogimedence.hu\/index.php\/2023\/03\/29\/szemetszedesi-akcio-csolnokon\/","name":"Szem\u00e9tszed\u00e9si akci\u00f3 Csolnokon","isPartOf":{"@id":"https:\/\/dorogimedence.hu\/#website"},"primaryImageOfPage":{"@id":"https:\/\/dorogimedence.hu\/index.php\/2023\/03\/29\/szemetszedesi-akcio-csolnokon\/#primaryimage"},"image":{"@id":"https:\/\/dorogimedence.hu\/index.php\/2023\/03\/29\/szemetszedesi-akcio-csolnokon\/#primaryimage"},"thumbnailUrl":"https:\/\/dorogimedence.hu\/wp-content\/uploads\/2020\/03\/szemetirtok-04.jpg","datePublished":"2023-03-29T10:15:10+00:00","dateModified":"2023-03-29T10:17:07+00:00","breadcrumb":{"@id":"https:\/\/dorogimedence.hu\/index.php\/2023\/03\/29\/szemetszedesi-akcio-csolnokon\/#breadcrumb"},"inLanguage":"hu","potentialAction":[{"@type":"ReadAction","target":["https:\/\/dorogimedence.hu\/index.php\/2023\/03\/29\/szemetszedesi-akcio-csolnokon\/"]}]},{"@type":"ImageObject","inLanguage":"hu","@id":"https:\/\/dorogimedence.hu\/index.php\/2023\/03\/29\/szemetszedesi-akcio-csolnokon\/#primaryimage","url":"https:\/\/dorogimedence.hu\/wp-content\/uploads\/2020\/03\/szemetirtok-04.jpg","contentUrl":"https:\/\/dorogimedence.hu\/wp-content\/uploads\/2020\/03\/szemetirtok-04.jpg","width":670,"height":447},{"@type":"BreadcrumbList","@id":"https:\/\/dorogimedence.hu\/index.php\/2023\/03\/29\/szemetszedesi-akcio-csolnokon\/#breadcrumb","itemListElement":[{"@type":"ListItem","position":1,"name":"Kezd\u0151lap","item":"https:\/\/dorogimedence.hu\/"},{"@type":"ListItem","position":2,"name":"Szem\u00e9tszed\u00e9si akci\u00f3 Csolnokon"}]},{"@type":"WebSite","@id":"https:\/\/dorogimedence.hu\/#website","url":"https:\/\/dorogimedence.hu\/","name":"Dorogi-medence Region\u00e1lis H\u00edrport\u00e1l","description":"Dorog, Keszt\u00f6lc, Le\u00e1nyv\u00e1r, Piliscs\u00e9v, Tokod, Tokodalt\u00e1r\u00f3, Csolnok, Esztergom-kertv\u00e1ros: h\u00edrek, programok","publisher":{"@id":"https:\/\/dorogimedence.hu\/#organization"},"potentialAction":[{"@type":"SearchAction","target":{"@type":"EntryPoint","urlTemplate":"https:\/\/dorogimedence.hu\/?s={search_term_string}"},"query-input":{"@type":"PropertyValueSpecification","valueRequired":true,"valueName":"search_term_string"}}],"inLanguage":"hu"},{"@type":"Organization","@id":"https:\/\/dorogimedence.hu\/#organization","name":"Dorogi-medence Region\u00e1lis H\u00edrport\u00e1l","url":"https:\/\/dorogimedence.hu\/","logo":{"@type":"ImageObject","inLanguage":"hu","@id":"https:\/\/dorogimedence.hu\/#\/schema\/logo\/image\/","url":"https:\/\/dorogimedence.hu\/wp-content\/uploads\/2021\/04\/logo-feher-600.png","contentUrl":"https:\/\/dorogimedence.hu\/wp-content\/uploads\/2021\/04\/logo-feher-600.png","width":600,"height":100,"caption":"Dorogi-medence Region\u00e1lis H\u00edrport\u00e1l"},"image":{"@id":"https:\/\/dorogimedence.hu\/#\/schema\/logo\/image\/"},"sameAs":["https:\/\/www.facebook.com\/dorogimedence\/"]},{"@type":"Person","@id":"https:\/\/dorogimedence.hu\/#\/schema\/person\/ce6091eeb7e95ecdc87890d6aa8e0fd4","name":"dorogimedence.hu","image":{"@type":"ImageObject","inLanguage":"hu","@id":"\/\/www.gravatar.com\/avatar\/d8d45f8901aadff40a4af72c0b826f1d?s=96&#038;r=g&#038;d=mm","url":"\/\/www.gravatar.com\/avatar\/d8d45f8901aadff40a4af72c0b826f1d?s=96&#038;r=g&#038;d=mm","contentUrl":"\/\/www.gravatar.com\/avatar\/d8d45f8901aadff40a4af72c0b826f1d?s=96&#038;r=g&#038;d=mm","caption":"dorogimedence.hu"}}]}},"_links":{"self":[{"href":"https:\/\/dorogimedence.hu\/index.php\/wp-json\/wp\/v2\/posts\/51595","targetHints":{"allow":["GET"]}}],"collection":[{"href":"https:\/\/dorogimedence.hu\/index.php\/wp-json\/wp\/v2\/posts"}],"about":[{"href":"https:\/\/dorogimedence.hu\/index.php\/wp-json\/wp\/v2\/types\/post"}],"author":[{"embeddable":true,"href":"https:\/\/dorogimedence.hu\/index.php\/wp-json\/wp\/v2\/users\/1"}],"replies":[{"embeddable":true,"href":"https:\/\/dorogimedence.hu\/index.php\/wp-json\/wp\/v2\/comments?post=51595"}],"version-history":[{"count":0,"href":"https:\/\/dorogimedence.hu\/index.php\/wp-json\/wp\/v2\/posts\/51595\/revisions"}],"wp:featuredmedia":[{"embeddable":true,"href":"https:\/\/dorogimedence.hu\/index.php\/wp-json\/wp\/v2\/media\/23506"}],"wp:attachment":[{"href":"https:\/\/dorogimedence.hu\/index.php\/wp-json\/wp\/v2\/media?parent=51595"}],"wp:term":[{"taxonomy":"category","embeddable":true,"href":"https:\/\/dorogimedence.hu\/index.php\/wp-json\/wp\/v2\/categories?post=51595"},{"taxonomy":"post_tag","embeddable":true,"href":"https:\/\/dorogimedence.hu\/index.php\/wp-json\/wp\/v2\/tags?post=51595"}],"curies":[{"name":"wp","href":"https:\/\/api.w.org\/{rel}","templated":true}]}}