{"id":51530,"date":"2023-03-27T16:04:55","date_gmt":"2023-03-27T14:04:55","guid":{"rendered":"https:\/\/dorogimedence.hu\/?p=51530"},"modified":"2023-03-27T16:05:11","modified_gmt":"2023-03-27T14:05:11","slug":"meg-aktivabban-segiti-a-vallalkozokat-az-iden-35-eves-vosz","status":"publish","type":"post","link":"https:\/\/dorogimedence.hu\/index.php\/2023\/03\/27\/meg-aktivabban-segiti-a-vallalkozokat-az-iden-35-eves-vosz\/","title":{"rendered":"M\u00e9g akt\u00edvabban seg\u00edti a v\u00e1llalkoz\u00f3kat az id\u00e9n 35 \u00e9ves VOSZ"},"content":{"rendered":"<p><strong>A V\u00e1llalkoz\u00f3k \u00e9s Munk\u00e1ltat\u00f3k Orsz\u00e1gos Sz\u00f6vets\u00e9g\u00e9nek v\u00e1rmegyei szervezetei id\u00e9n m\u00e1rcius folyam\u00e1n tartj\u00e1k \u00e9ves rendes besz\u00e1mol\u00f3 taggy\u0171l\u00e9seiket. Ennek aprop\u00f3j\u00e1n a v\u00e1llalkoz\u00f3i \u00e9rdek\u00e9pviselet a gy\u0171l\u00e9sek el\u0151tt v\u00e1llalkoz\u00f3i f\u00f3rumokat tart orsz\u00e1gszerte, amelynek soron k\u00f6vetkez\u0151 rendezv\u00e9ny\u00e9re Tatab\u00e1ny\u00e1n ker\u00fclt sor cs\u00fct\u00f6rt\u00f6k\u00f6n. Az esem\u00e9nyen elhangzott: a jelenlegi helyzetben kulcsfontoss\u00e1g\u00fa a k\u00f6z\u00f6s munka \u00e9s az inform\u00e1ci\u00f3megoszt\u00e1s a v\u00e1llalkoz\u00e1sok boldogul\u00e1sa szempontj\u00e1b\u00f3l, amelyre az id\u00e9n 35 \u00e9ves VOSZ a kor\u00e1bbiakn\u00e1l is nagyobb hangs\u00falyt fektet.<\/strong><\/p>\n<p>Tatab\u00e1ny\u00e1n tartott\u00e1k meg a V\u00e1llalkoz\u00f3k \u00e9s Munk\u00e1ltat\u00f3k Orsz\u00e1gos Sz\u00f6vets\u00e9ge (VOSZ) \u00e1ltal m\u00e1rcius sor\u00e1n zajl\u00f3 orsz\u00e1gos esem\u00e9nysorozata soron k\u00f6vetkez\u0151 rendezv\u00e9ny\u00e9t cs\u00fct\u00f6rt\u00f6k\u00f6n. A h\u00f3nap sor\u00e1n megrendezett v\u00e1llalkoz\u00f3i tal\u00e1lkoz\u00f3k c\u00e9lja, hogy a VOSZ t\u00e1j\u00e9koztat\u00e1st adjon idei 35 \u00e9ves jubileumi \u00e9v\u00e9ben indul\u00f3 5 \u00e9ves strat\u00e9gi\u00e1j\u00e1r\u00f3l \u00e9s cselekv\u00e9si programj\u00e1r\u00f3l, a sz\u00f6vets\u00e9g aktu\u00e1lis gazdas\u00e1gpolitikai k\u00e9rd\u00e9sekre adand\u00f3 v\u00e1laszair\u00f3l, valamint a v\u00e1rmegyei VOSZ-szervezetek \u00f6sszefoglal\u00e1st adjanak a tavalyi \u00e9vi sor\u00e1n v\u00e9gzett munk\u00e1jukr\u00f3l.<\/p>\n<p><strong>V\u00e1ls\u00e1g \u00e9s seg\u00edts\u00e9g<\/strong><\/p>\n<p>Alig hevert\u00fck ki a Covid hat\u00e1sait, j\u00f6tt az energiav\u00e1ls\u00e1g \u00e9s a h\u00e1bor\u00fa, ma is \u00e9rezz\u00fck ezek hat\u00e1s\u00e1t, a v\u00e1llalkoz\u00f3k maguk is tapasztalj\u00e1k, hogy lassul a gazdas\u00e1g \u2013 jelentette ki felsz\u00f3lal\u00e1s\u00e1ban az esem\u00e9ny h\u00e1zigazd\u00e1ja, Pord\u00e1n Zsigmond, a VOSZ Kom\u00e1rom-Esztergom V\u00e1rmegyei szervezet\u00e9nek eln\u00f6ke. Hozz\u00e1tette: az \u00e9rdekk\u00e9pviselet mindent meg fog tenni annak \u00e9rdek\u00e9ben, hogy ezen a helyzeten \u00e1tseg\u00edtse a v\u00e1llalkoz\u00f3kat.<\/p>\n<p>Ebben kiemelt szerepe van az inform\u00e1ci\u00f3megoszt\u00e1snak, a tud\u00e1s \u00e1tad\u00e1s\u00e1nak, tan\u00e1csad\u00e1snak, valamint az olcs\u00f3 forr\u00e1s biztos\u00edt\u00e1s\u00e1nak is. Ut\u00f3bbival kapcsolatban Pord\u00e1n Zsigmond kifejtette, a Sz\u00e9chenyi K\u00e1rtya Program kulcsszerepet j\u00e1tszik az el\u00e9rhet\u0151 v\u00e1llalkoz\u00f3i finansz\u00edroz\u00e1s biztos\u00edt\u00e1s\u00e1ban \u2013 ebben a VOSZ a Kereskedelmi \u00e9s Iparkamar\u00e1val \u00e9s a Kavosz-szal kar\u00f6ltve tov\u00e1bbra is a v\u00e1llalkoz\u00f3k partnere. A tavalyi \u00e9vben a programban t\u00f6bb mint ezer \u00faj k\u00e1rtyaig\u00e9nyl\u00e9st fogadtak be a v\u00e1rmegy\u00e9ben, \u00e9s mintegy 17 milli\u00e1rd forintnyi kedvez\u0151 finansz\u00edroz\u00e1st ny\u00fajtott ezzel a t\u00e9rs\u00e9g v\u00e1llalkoz\u00e1sainak.<\/p>\n<p>A szervezet idei \u00e9vi tervei kapcs\u00e1n a VOSZ 35 program orsz\u00e1gos rendezv\u00e9nysorozat\u00e1t, tov\u00e1bb\u00e1 a rendszeres t\u00e1j\u00e9koztat\u00e1st \u00e9s a p\u00e1rbesz\u00e9d fontoss\u00e1g\u00e1t emelte ki a v\u00e1rmegyei eln\u00f6k, amely elengedhetetlen a sikerhez \u00e9s az egy\u00fcttes eredm\u00e9nyekhez. A v\u00e1rmegyei aktivit\u00e1sok \u00e9s az orsz\u00e1gos programok er\u0151s\u00edtik egym\u00e1st, intenz\u00edv jelenl\u00e9thez \u00e9s n\u00f6vekv\u0151 befoly\u00e1shoz vezetnek, a v\u00e1llalkoz\u00e1sok \u00e9s a versenygazdas\u00e1g fejl\u0151d\u00e9se \u00e9rdek\u00e9ben.<\/p>\n<p><img fetchpriority=\"high\" decoding=\"async\" class=\"alignnone size-full wp-image-51536\" src=\"https:\/\/dorogimedence.hu\/wp-content\/uploads\/2023\/03\/Pordan-Zsigmond.jpg\" alt=\"\" width=\"1504\" height=\"1000\" srcset=\"https:\/\/dorogimedence.hu\/wp-content\/uploads\/2023\/03\/Pordan-Zsigmond.jpg 1504w, https:\/\/dorogimedence.hu\/wp-content\/uploads\/2023\/03\/Pordan-Zsigmond-300x199.jpg 300w, https:\/\/dorogimedence.hu\/wp-content\/uploads\/2023\/03\/Pordan-Zsigmond-1024x681.jpg 1024w, https:\/\/dorogimedence.hu\/wp-content\/uploads\/2023\/03\/Pordan-Zsigmond-768x511.jpg 768w, https:\/\/dorogimedence.hu\/wp-content\/uploads\/2023\/03\/Pordan-Zsigmond-150x100.jpg 150w, https:\/\/dorogimedence.hu\/wp-content\/uploads\/2023\/03\/Pordan-Zsigmond-450x299.jpg 450w, https:\/\/dorogimedence.hu\/wp-content\/uploads\/2023\/03\/Pordan-Zsigmond-1200x798.jpg 1200w, https:\/\/dorogimedence.hu\/wp-content\/uploads\/2023\/03\/Pordan-Zsigmond-272x182.jpg 272w\" sizes=\"(max-width: 1504px) 100vw, 1504px\" \/><\/p>\n<p><strong>Kih\u00edv\u00e1sok \u00e9s pozit\u00edvumok<\/strong><\/p>\n<p>A v\u00e1llalkoz\u00f3k nagy szerepet j\u00e1tszottak abban, hogy hova jutott Magyarorsz\u00e1g a rendszerv\u00e1lt\u00e1s \u00f3ta eltelt \u00e9vtizedekben \u2013 ezekkel a szavakkal gratul\u00e1lt a VOSZ 35 \u00e9ves fenn\u00e1ll\u00e1s\u00e1hoz Kancz Csaba, a Kom\u00e1rom-Esztergom V\u00e1rmegyei Korm\u00e1nyhivatal f\u0151isp\u00e1nja. Hozz\u00e1tette: a v\u00e1llalkoz\u00f3k \u00f6sszefog\u00e1sa kulcsfontoss\u00e1g\u00fa, hogy folytassuk a megkezdett utat. Az energiav\u00e1ls\u00e1g nagy probl\u00e9m\u00e1kat okozott, \u00e9s negat\u00edvum a kamatszintek emelked\u00e9se is \u2013 ezen a t\u00e9ren \u00fcdv\u00f6zlend\u0151 a Sz\u00e9chenyi K\u00e1rtya Program. A f\u0151isp\u00e1n a legnagyobb ellens\u00e9gnek az infl\u00e1ci\u00f3t nevezte. &nbsp;A pozit\u00edvumok k\u00f6z\u00f6tt a magas foglalkoztat\u00e1si szintet \u00e9s az alacsony munkan\u00e9lk\u00fclis\u00e9get eml\u00edtette meg, majd sz\u00f3t ejtett a p\u00e1ly\u00e1zatok \u00e1ltal biztos\u00edtott lehet\u0151s\u00e9gekr\u0151l is.<\/p>\n<p><img decoding=\"async\" class=\"alignnone size-full wp-image-51535\" src=\"https:\/\/dorogimedence.hu\/wp-content\/uploads\/2023\/03\/Dr.-Kancz-Csaba.jpg\" alt=\"\" width=\"1504\" height=\"1000\" srcset=\"https:\/\/dorogimedence.hu\/wp-content\/uploads\/2023\/03\/Dr.-Kancz-Csaba.jpg 1504w, https:\/\/dorogimedence.hu\/wp-content\/uploads\/2023\/03\/Dr.-Kancz-Csaba-300x199.jpg 300w, https:\/\/dorogimedence.hu\/wp-content\/uploads\/2023\/03\/Dr.-Kancz-Csaba-1024x681.jpg 1024w, https:\/\/dorogimedence.hu\/wp-content\/uploads\/2023\/03\/Dr.-Kancz-Csaba-768x511.jpg 768w, https:\/\/dorogimedence.hu\/wp-content\/uploads\/2023\/03\/Dr.-Kancz-Csaba-150x100.jpg 150w, https:\/\/dorogimedence.hu\/wp-content\/uploads\/2023\/03\/Dr.-Kancz-Csaba-450x299.jpg 450w, https:\/\/dorogimedence.hu\/wp-content\/uploads\/2023\/03\/Dr.-Kancz-Csaba-1200x798.jpg 1200w, https:\/\/dorogimedence.hu\/wp-content\/uploads\/2023\/03\/Dr.-Kancz-Csaba-272x182.jpg 272w\" sizes=\"(max-width: 1504px) 100vw, 1504px\" \/><\/p>\n<p><strong>Jubielum \u00e9s \u00faj strat\u00e9gia<\/strong><\/p>\n<p><em>\u201eA VOSZ id\u00e9n \u00fcnnepli a 35 \u00e9ves fenn\u00e1ll\u00e1s\u00e1t, a jubileum id\u0151szak\u00e1ban pedig kifejezetten neh\u00e9z id\u0151szakot \u00e9lnek meg a v\u00e1llalkoz\u00f3k. Ennek ellen\u00e9re az \u00e9rdekk\u00e9pviselet tov\u00e1bbra is alap\u00e9rt\u00e9keihez h\u0171en dolgozik a v\u00e1llalkoz\u00e1sok\u00e9rt, m\u0171k\u00f6d\u00e9s\u00fck sikeress\u00e9g\u00e9\u00e9rt.\u201d<\/em> \u2013 mondta el az esem\u00e9nyen Eppel J\u00e1nos, a VOSZ eln\u00f6ke. Hozz\u00e1tette: a VOSZ \u00e1talakul\u00e1st \u00e9l meg, egy n\u00f6veked\u00e9si p\u00e1ly\u00e1ra \u00e1llt a tavaly elfogadott \u00f6t\u00e9ves strat\u00e9gi\u00e1j\u00e1nak k\u00f6sz\u00f6nhet\u0151en \u00e9s a v\u00e1llalkoz\u00f3i felm\u00e9r\u00e9sek eredm\u00e9nyeinek elemz\u00e9se alapj\u00e1n. A sz\u00f6vets\u00e9g a megl\u00e9v\u0151 \u00e9rt\u00e9keit, a szak\u00e9rtelmet, a tud\u00e1st \u00e9s a v\u00e1llalkoz\u00f3i szektorban \u00f6sszegy\u0171lt ismeret\u00e9t igyekszik m\u00e9g ink\u00e1bb a munkaad\u00f3k jav\u00e1ra kamatoztatni \u00e9s a kor\u00e1bbiakhoz k\u00e9pest is m\u00e9g l\u00e1that\u00f3bb\u00e1 tenni. <em>\u201eAz elm\u00falt 35 \u00e9vben a VOSZ volt a legvonz\u00f3bb, legakt\u00edvabb \u00e9s szakmailag is leghitelesebb \u00f6n\u00e1ll\u00f3 \u00e9rdekk\u00e9pviselet. Szeretn\u00e9nk ezt a munk\u00e1t folytatva tov\u00e1bbra is egyfajta t\u00e1mogat\u00f3 partner lenni a v\u00e1llalkoz\u00e1sok sz\u00e1m\u00e1ra.\u201d<\/em> \u2013 fogalmazott az eln\u00f6k, aki szerint k\u00fcl\u00f6n\u00f6sen az aktivit\u00e1son kell er\u0151s\u00edteni a k\u00f6zelj\u00f6v\u0151ben. Az eln\u00f6k besz\u00e9d\u00e9ben kifejtette: a VOSZ szakmai tan\u00e1csad\u00e1ssal, a kedvez\u0151 kamatoz\u00e1s\u00fa Sz\u00e9chenyi K\u00e1rtya Program hiteleinek forgalmaz\u00e1s\u00e1val, \u00e9rdekk\u00e9pviseleti tev\u00e9kenys\u00e9ggel, k\u00e9pz\u00e9ssel \u00e9s m\u00e1s magas szint\u0171 \u00e9s egyre fejl\u0151d\u0151 szolg\u00e1ltat\u00e1sokkal seg\u00edti a magyar v\u00e1llalkoz\u00f3kat. Az idei \u00e9vben tov\u00e1bb folytat\u00f3dik a tavaly elind\u00edtott, komplex v\u00e1llalkoz\u00e1sfejleszt\u00e9si program megval\u00f3s\u00edt\u00e1sa.<\/p>\n<p><img decoding=\"async\" class=\"alignnone size-full wp-image-51532\" src=\"https:\/\/dorogimedence.hu\/wp-content\/uploads\/2023\/03\/Eppel-Janos.jpg\" alt=\"\" width=\"1504\" height=\"1000\" srcset=\"https:\/\/dorogimedence.hu\/wp-content\/uploads\/2023\/03\/Eppel-Janos.jpg 1504w, https:\/\/dorogimedence.hu\/wp-content\/uploads\/2023\/03\/Eppel-Janos-300x199.jpg 300w, https:\/\/dorogimedence.hu\/wp-content\/uploads\/2023\/03\/Eppel-Janos-1024x681.jpg 1024w, https:\/\/dorogimedence.hu\/wp-content\/uploads\/2023\/03\/Eppel-Janos-768x511.jpg 768w, https:\/\/dorogimedence.hu\/wp-content\/uploads\/2023\/03\/Eppel-Janos-150x100.jpg 150w, https:\/\/dorogimedence.hu\/wp-content\/uploads\/2023\/03\/Eppel-Janos-450x299.jpg 450w, https:\/\/dorogimedence.hu\/wp-content\/uploads\/2023\/03\/Eppel-Janos-1200x798.jpg 1200w, https:\/\/dorogimedence.hu\/wp-content\/uploads\/2023\/03\/Eppel-Janos-272x182.jpg 272w\" sizes=\"(max-width: 1504px) 100vw, 1504px\" \/><\/p>\n<p><strong>Szolg\u00e1ltat\u00e1sok a v\u00e1llalkoz\u00e1soknak<\/strong><\/p>\n<p>A VOSZ er\u0151ss\u00e9ge, hogy ter\u00fcleti \u00e9s orsz\u00e1gos szinten, s\u0151t, a K\u00e1rp\u00e1t-Medence szintj\u00e9n egyar\u00e1nt m\u0171k\u00f6dik \u00e9s tev\u00e9kenykedik a v\u00e1llalkoz\u00f3i k\u00f6z\u00f6ss\u00e9ge. K\u00fcl\u00f6n\u00f6sen fontos, hogy \u00e1gazati tagozatai \u00e9s szekci\u00f3i is eredm\u00e9nyes munk\u00e1t v\u00e9geznek. \u2013 mondta el a rendezv\u00e9nyen Perlusz L\u00e1szl\u00f3, a szervezet f\u0151titk\u00e1ra. Hozz\u00e1tette: ennek keret\u00e9ben a v\u00e1llalkoz\u00f3k a saj\u00e1t szakm\u00e1jukhoz, a saj\u00e1t sz\u0171kebb tevek\u00e9nys\u00e9g\u00fckh\u00f6z, v\u00e1llalkoz\u00f3i \u00e9letp\u00e1ly\u00e1juk minden szakasz\u00e1hoz kapcsol\u00f3d\u00f3an is seg\u00edts\u00e9get, inform\u00e1ci\u00f3t kaphatnak a VOSZ-t\u00f3l. A f\u0151titk\u00e1r besz\u00e9lt az aktu\u00e1lis helyzetr\u0151l \u00e9s a gazdas\u00e1gi folyamatokr\u00f3l is. K\u00fcl\u00f6n kiemelte a VOSZ \u00e9s az Egyens\u00faly Int\u00e9zet k\u00f6z\u00f6s szakmai munk\u00e1jak\u00e9nt elk\u00e9sz\u00fclt anyagot, amely bizony\u00edtja, hogy nem a v\u00e1llalkoz\u00f3k \u201ef\u00e9ktelen profit\u00e9hs\u00e9ge\u201d okozza az infl\u00e1ci\u00f3t, hiszen a legt\u00f6bb c\u00e9g a t\u00fal\u00e9l\u00e9s\u00e9rt k\u00fczd Magyarorsz\u00e1gon. Kit\u00e9rt arra is, hogy a v\u00e1llalkoz\u00e1sok digitaliz\u00e1ci\u00f3j\u00e1t a v\u00e1llalkoz\u00e1sok m\u00e9ret\u00e9nek \u00e9s tev\u00e9kenys\u00e9g\u00e9nek megfelel\u0151en testre szabhat\u00f3 komplex online vez\u00e9rl\u0151pult \u00e9s szoftver piact\u00e9r kifejleszt\u00e9s\u00e9vel \u00e9s \u00fczemeltet\u00e9s\u00e9vel t\u00e1mogatja, VOSZPORT n\u00e9v alatt v\u00e1rhat\u00f3an m\u00e1jusi piacra l\u00e9p\u00e9ssel. Ez a vadonat\u00faj fejleszt\u00e9s, hogy indul\u00f3 v\u00e1llalkoz\u00e1st\u00f3l a nagyobb v\u00e1llalati m\u00e9retig integr\u00e1lt online platformban menedzselhet\u0151v\u00e9 teszi a v\u00e1llalkoz\u00e1s teljes ir\u00e1ny\u00edt\u00e1s\u00e1t \u00e9s kapcsolatrendszer\u00e9t.<\/p>\n<p>A jubileum kapcs\u00e1n kommunik\u00e1ci\u00f3j\u00e1t is \u00faj alapokra helyezi a sz\u00f6vets\u00e9g, ennek f\u00f3kusz\u00e1ban is a nagyobb aktivit\u00e1s \u00e1ll. <em>\u201eEz a folyamat a tavaly elfogadott meg\u00fajult arculattal kezd\u0151d\u00f6tt, amely egy modernebb \u00e9s lend\u00fcletesebb megjelen\u00e9st k\u00f6lcs\u00f6n\u00f6z.\u201d <\/em>\u2013 ismertette Sz\u00e9les Anik\u00f3, a Sky Marketing Kft. tulajdonos-\u00fcgyvezet\u0151je. A VOSZ kommunik\u00e1ci\u00f3s \u00fcgyn\u00f6ks\u00e9g\u00e9nek vezet\u0151je hozz\u00e1tette: az idei \u00e9vt\u0151l akt\u00edvabb, a mai trendekhez igazod\u00f3, a klasszikus m\u00e9dia fel\u00fcleteken val\u00f3 megjelen\u00e9s mellett az online \u00e9s k\u00f6z\u00f6ss\u00e9gi m\u00e9dia fel\u00fcleteken t\u00f6rt\u00e9n\u0151 er\u0151teljesebb jelenl\u00e9t jellemzi az \u00e9rdekk\u00e9pviselet kommunik\u00e1ci\u00f3j\u00e1t. Ezt eg\u00e9sz\u00edtik ki az olyan rendezv\u00e9nyek, mint nagy prosperit\u00e1ssal, \u00e9s innovativit\u00e1ssal m\u0171k\u00f6d\u0151 hazai c\u00e9geket bemutat\u00f3 TOPVOSZ kihelyezett eln\u00f6ks\u00e9gi \u00fcl\u00e9sek, a magyar egyetemekkel egy\u00fcttm\u0171k\u00f6d\u00e9sben a j\u00f6v\u0151 v\u00e1llalkoz\u00f3it megsz\u00f3l\u00edt\u00f3 VOSZFESZT v\u00e1llalkoz\u00f3i szabadegyetem, valamint a kultur\u00e1lis VOSZ P\u00e1holy sorozat.<\/p>\n<p><img loading=\"lazy\" decoding=\"async\" class=\"alignnone size-full wp-image-51533\" src=\"https:\/\/dorogimedence.hu\/wp-content\/uploads\/2023\/03\/Perlusz-Laszlo.jpg\" alt=\"\" width=\"1504\" height=\"1000\" srcset=\"https:\/\/dorogimedence.hu\/wp-content\/uploads\/2023\/03\/Perlusz-Laszlo.jpg 1504w, https:\/\/dorogimedence.hu\/wp-content\/uploads\/2023\/03\/Perlusz-Laszlo-300x199.jpg 300w, https:\/\/dorogimedence.hu\/wp-content\/uploads\/2023\/03\/Perlusz-Laszlo-1024x681.jpg 1024w, https:\/\/dorogimedence.hu\/wp-content\/uploads\/2023\/03\/Perlusz-Laszlo-768x511.jpg 768w, https:\/\/dorogimedence.hu\/wp-content\/uploads\/2023\/03\/Perlusz-Laszlo-150x100.jpg 150w, https:\/\/dorogimedence.hu\/wp-content\/uploads\/2023\/03\/Perlusz-Laszlo-450x299.jpg 450w, https:\/\/dorogimedence.hu\/wp-content\/uploads\/2023\/03\/Perlusz-Laszlo-1200x798.jpg 1200w, https:\/\/dorogimedence.hu\/wp-content\/uploads\/2023\/03\/Perlusz-Laszlo-272x182.jpg 272w\" sizes=\"(max-width: 1504px) 100vw, 1504px\" \/><\/p>\n<p><strong>\u00d6sszetett makrok\u00e9p<\/strong><\/p>\n<p>Az esem\u00e9nyen ifj. Becsey Zsolt, az Egyens\u00faly Int\u00e9zet vezet\u0151 k\u00f6zgazd\u00e1sza komplex \u00e1ttekint\u00e9st ny\u00fajtott a gazdas\u00e1g legfontosabb t\u00f6rt\u00e9n\u00e9seir\u0151l \u00e9s 2024-ig el\u0151rejelz\u00e9st adott a l\u00e9nyeges mutat\u00f3kr\u00f3l. B\u00e1r az infl\u00e1ci\u00f3s nyom\u00e1s nem cs\u00f6kken \u00e9s 2023-ban m\u00e9g a tavalyi \u00e9ves infl\u00e1ci\u00f3s szintet is meghaladhatjuk, de az \u00e9v v\u00e9g\u00e9re, a k\u00f6vetkez\u0151 \u00e9v elej\u00e9re ism\u00e9t egysz\u00e1mjegy\u0171 lesz az \u00e1rak emelked\u00e9se. El\u0151ad\u00e1s\u00e1ban Becsey kiemelte, hogy tov\u00e1bbra is feszes munkaer\u0151piaci helyzet van Magyarorsz\u00e1gon \u00e9s az Egyens\u00faly Int\u00e9zetben nem sz\u00e1m\u00edtanak jelent\u0151s emelked\u00e9sre a munkan\u00e9lk\u00fclis\u00e9gi mutat\u00f3kban. A GDP tekintet\u00e9ben b\u00e1r elt\u00e9r\u0151 el\u0151rejelz\u00e9sek vannak, nagy val\u00f3sz\u00edn\u0171s\u00e9ggel stagn\u00e1l\u00e1s vagy enyhe n\u00f6veked\u00e9s v\u00e1rhat\u00f3 az eg\u00e9sz \u00e9v vonatkoz\u00e1s\u00e1ban.<\/p>\n<p><img loading=\"lazy\" decoding=\"async\" class=\"alignnone size-full wp-image-51534\" src=\"https:\/\/dorogimedence.hu\/wp-content\/uploads\/2023\/03\/ifj.-Becsey-Zsolt.jpg\" alt=\"\" width=\"1504\" height=\"1000\" srcset=\"https:\/\/dorogimedence.hu\/wp-content\/uploads\/2023\/03\/ifj.-Becsey-Zsolt.jpg 1504w, https:\/\/dorogimedence.hu\/wp-content\/uploads\/2023\/03\/ifj.-Becsey-Zsolt-300x199.jpg 300w, https:\/\/dorogimedence.hu\/wp-content\/uploads\/2023\/03\/ifj.-Becsey-Zsolt-1024x681.jpg 1024w, https:\/\/dorogimedence.hu\/wp-content\/uploads\/2023\/03\/ifj.-Becsey-Zsolt-768x511.jpg 768w, https:\/\/dorogimedence.hu\/wp-content\/uploads\/2023\/03\/ifj.-Becsey-Zsolt-150x100.jpg 150w, https:\/\/dorogimedence.hu\/wp-content\/uploads\/2023\/03\/ifj.-Becsey-Zsolt-450x299.jpg 450w, https:\/\/dorogimedence.hu\/wp-content\/uploads\/2023\/03\/ifj.-Becsey-Zsolt-1200x798.jpg 1200w, https:\/\/dorogimedence.hu\/wp-content\/uploads\/2023\/03\/ifj.-Becsey-Zsolt-272x182.jpg 272w\" sizes=\"(max-width: 1504px) 100vw, 1504px\" \/><\/p>\n","protected":false},"excerpt":{"rendered":"<p>A V\u00e1llalkoz\u00f3k \u00e9s Munk\u00e1ltat\u00f3k Orsz\u00e1gos Sz\u00f6vets\u00e9g\u00e9nek v\u00e1rmegyei szervezetei id\u00e9n m\u00e1rcius folyam\u00e1n tartj\u00e1k \u00e9ves rendes besz\u00e1mol\u00f3 taggy\u0171l\u00e9seiket. Ennek aprop\u00f3j\u00e1n a v\u00e1llalkoz\u00f3i \u00e9rdek\u00e9pviselet a gy\u0171l\u00e9sek el\u0151tt v\u00e1llalkoz\u00f3i f\u00f3rumokat tart orsz\u00e1gszerte, amelynek soron k\u00f6vetkez\u0151 rendezv\u00e9ny\u00e9re Tatab\u00e1ny\u00e1n ker\u00fclt sor cs\u00fct\u00f6rt\u00f6k\u00f6n. Az esem\u00e9nyen elhangzott: a jelenlegi helyzetben kulcsfontoss\u00e1g\u00fa a k\u00f6z\u00f6s munka \u00e9s az inform\u00e1ci\u00f3megoszt\u00e1s a v\u00e1llalkoz\u00e1sok boldogul\u00e1sa szempontj\u00e1b\u00f3l, amelyre az<\/p>\n","protected":false},"author":1,"featured_media":51531,"comment_status":"closed","ping_status":"closed","sticky":false,"template":"","format":"standard","meta":{"ngg_post_thumbnail":0,"footnotes":""},"categories":[3,56],"tags":[6890,7096,7097],"class_list":{"0":"post-51530","1":"post","2":"type-post","3":"status-publish","4":"format-standard","5":"has-post-thumbnail","7":"category-hirek","8":"category-komarom-esztergom","9":"tag-komarom-esztergom-varmegye","10":"tag-vallalkozok-es-munkaltatok-orszagos-szovetsege","11":"tag-vosz"},"yoast_head":"<!-- This site is optimized with the Yoast SEO plugin v27.5 - https:\/\/yoast.com\/product\/yoast-seo-wordpress\/ -->\n<title>M\u00e9g akt\u00edvabban seg\u00edti a v\u00e1llalkoz\u00f3kat az id\u00e9n 35 \u00e9ves VOSZ<\/title>\n<meta name=\"robots\" content=\"index, follow, max-snippet:-1, max-image-preview:large, max-video-preview:-1\" \/>\n<link rel=\"canonical\" href=\"https:\/\/dorogimedence.hu\/index.php\/2023\/03\/27\/meg-aktivabban-segiti-a-vallalkozokat-az-iden-35-eves-vosz\/\" class=\"yoast-seo-meta-tag\" \/>\n<meta property=\"og:locale\" content=\"hu_HU\" class=\"yoast-seo-meta-tag\" \/>\n<meta property=\"og:type\" content=\"article\" class=\"yoast-seo-meta-tag\" \/>\n<meta property=\"og:title\" content=\"M\u00e9g akt\u00edvabban seg\u00edti a v\u00e1llalkoz\u00f3kat az id\u00e9n 35 \u00e9ves VOSZ\" class=\"yoast-seo-meta-tag\" \/>\n<meta property=\"og:description\" content=\"A V\u00e1llalkoz\u00f3k \u00e9s Munk\u00e1ltat\u00f3k Orsz\u00e1gos Sz\u00f6vets\u00e9g\u00e9nek v\u00e1rmegyei szervezetei id\u00e9n m\u00e1rcius folyam\u00e1n tartj\u00e1k \u00e9ves rendes besz\u00e1mol\u00f3 taggy\u0171l\u00e9seiket. Ennek aprop\u00f3j\u00e1n a v\u00e1llalkoz\u00f3i \u00e9rdek\u00e9pviselet a gy\u0171l\u00e9sek el\u0151tt v\u00e1llalkoz\u00f3i f\u00f3rumokat tart orsz\u00e1gszerte, amelynek soron k\u00f6vetkez\u0151 rendezv\u00e9ny\u00e9re Tatab\u00e1ny\u00e1n ker\u00fclt sor cs\u00fct\u00f6rt\u00f6k\u00f6n. Az esem\u00e9nyen elhangzott: a jelenlegi helyzetben kulcsfontoss\u00e1g\u00fa a k\u00f6z\u00f6s munka \u00e9s az inform\u00e1ci\u00f3megoszt\u00e1s a v\u00e1llalkoz\u00e1sok boldogul\u00e1sa szempontj\u00e1b\u00f3l, amelyre az\" class=\"yoast-seo-meta-tag\" \/>\n<meta property=\"og:url\" content=\"https:\/\/dorogimedence.hu\/index.php\/2023\/03\/27\/meg-aktivabban-segiti-a-vallalkozokat-az-iden-35-eves-vosz\/\" class=\"yoast-seo-meta-tag\" \/>\n<meta property=\"og:site_name\" content=\"Dorogi-medence Region\u00e1lis H\u00edrport\u00e1l\" class=\"yoast-seo-meta-tag\" \/>\n<meta property=\"article:publisher\" content=\"https:\/\/www.facebook.com\/dorogimedence\/\" class=\"yoast-seo-meta-tag\" \/>\n<meta property=\"article:published_time\" content=\"2023-03-27T14:04:55+00:00\" class=\"yoast-seo-meta-tag\" \/>\n<meta property=\"article:modified_time\" content=\"2023-03-27T14:05:11+00:00\" class=\"yoast-seo-meta-tag\" \/>\n<meta property=\"og:image\" content=\"https:\/\/dorogimedence.hu\/wp-content\/uploads\/2023\/03\/VOSZ_varmegyei_forum_Tatabanya.jpg\" class=\"yoast-seo-meta-tag\" \/>\n\t<meta property=\"og:image:width\" content=\"1504\" class=\"yoast-seo-meta-tag\" \/>\n\t<meta property=\"og:image:height\" content=\"1000\" class=\"yoast-seo-meta-tag\" \/>\n\t<meta property=\"og:image:type\" content=\"image\/jpeg\" class=\"yoast-seo-meta-tag\" \/>\n<meta name=\"author\" content=\"dorogimedence.hu\" class=\"yoast-seo-meta-tag\" \/>\n<meta name=\"twitter:card\" content=\"summary_large_image\" class=\"yoast-seo-meta-tag\" \/>\n<meta name=\"twitter:label1\" content=\"Szerz\u0151:\" class=\"yoast-seo-meta-tag\" \/>\n\t<meta name=\"twitter:data1\" content=\"dorogimedence.hu\" class=\"yoast-seo-meta-tag\" \/>\n\t<meta name=\"twitter:label2\" content=\"Becs\u00fclt olvas\u00e1si id\u0151\" class=\"yoast-seo-meta-tag\" \/>\n\t<meta name=\"twitter:data2\" content=\"8 perc\" class=\"yoast-seo-meta-tag\" \/>\n<script type=\"application\/ld+json\" class=\"yoast-schema-graph\">{\"@context\":\"https:\\\/\\\/schema.org\",\"@graph\":[{\"@type\":\"Article\",\"@id\":\"https:\\\/\\\/dorogimedence.hu\\\/index.php\\\/2023\\\/03\\\/27\\\/meg-aktivabban-segiti-a-vallalkozokat-az-iden-35-eves-vosz\\\/#article\",\"isPartOf\":{\"@id\":\"https:\\\/\\\/dorogimedence.hu\\\/index.php\\\/2023\\\/03\\\/27\\\/meg-aktivabban-segiti-a-vallalkozokat-az-iden-35-eves-vosz\\\/\"},\"author\":{\"name\":\"dorogimedence.hu\",\"@id\":\"https:\\\/\\\/dorogimedence.hu\\\/#\\\/schema\\\/person\\\/ce6091eeb7e95ecdc87890d6aa8e0fd4\"},\"headline\":\"M\u00e9g akt\u00edvabban seg\u00edti a v\u00e1llalkoz\u00f3kat az id\u00e9n 35 \u00e9ves VOSZ\",\"datePublished\":\"2023-03-27T14:04:55+00:00\",\"dateModified\":\"2023-03-27T14:05:11+00:00\",\"mainEntityOfPage\":{\"@id\":\"https:\\\/\\\/dorogimedence.hu\\\/index.php\\\/2023\\\/03\\\/27\\\/meg-aktivabban-segiti-a-vallalkozokat-az-iden-35-eves-vosz\\\/\"},\"wordCount\":1629,\"publisher\":{\"@id\":\"https:\\\/\\\/dorogimedence.hu\\\/#organization\"},\"image\":{\"@id\":\"https:\\\/\\\/dorogimedence.hu\\\/index.php\\\/2023\\\/03\\\/27\\\/meg-aktivabban-segiti-a-vallalkozokat-az-iden-35-eves-vosz\\\/#primaryimage\"},\"thumbnailUrl\":\"https:\\\/\\\/dorogimedence.hu\\\/wp-content\\\/uploads\\\/2023\\\/03\\\/VOSZ_varmegyei_forum_Tatabanya.jpg\",\"keywords\":[\"Kom\u00e1rom-Esztergom v\u00e1rmegye\",\"V\u00e1llalkoz\u00f3k \u00e9s Munk\u00e1ltat\u00f3k Orsz\u00e1gos Sz\u00f6vets\u00e9ge\",\"VOSZ\"],\"articleSection\":[\"H\u00edrek\",\"Kom\u00e1rom-Esztergom\"],\"inLanguage\":\"hu\"},{\"@type\":\"WebPage\",\"@id\":\"https:\\\/\\\/dorogimedence.hu\\\/index.php\\\/2023\\\/03\\\/27\\\/meg-aktivabban-segiti-a-vallalkozokat-az-iden-35-eves-vosz\\\/\",\"url\":\"https:\\\/\\\/dorogimedence.hu\\\/index.php\\\/2023\\\/03\\\/27\\\/meg-aktivabban-segiti-a-vallalkozokat-az-iden-35-eves-vosz\\\/\",\"name\":\"M\u00e9g akt\u00edvabban seg\u00edti a v\u00e1llalkoz\u00f3kat az id\u00e9n 35 \u00e9ves VOSZ\",\"isPartOf\":{\"@id\":\"https:\\\/\\\/dorogimedence.hu\\\/#website\"},\"primaryImageOfPage\":{\"@id\":\"https:\\\/\\\/dorogimedence.hu\\\/index.php\\\/2023\\\/03\\\/27\\\/meg-aktivabban-segiti-a-vallalkozokat-az-iden-35-eves-vosz\\\/#primaryimage\"},\"image\":{\"@id\":\"https:\\\/\\\/dorogimedence.hu\\\/index.php\\\/2023\\\/03\\\/27\\\/meg-aktivabban-segiti-a-vallalkozokat-az-iden-35-eves-vosz\\\/#primaryimage\"},\"thumbnailUrl\":\"https:\\\/\\\/dorogimedence.hu\\\/wp-content\\\/uploads\\\/2023\\\/03\\\/VOSZ_varmegyei_forum_Tatabanya.jpg\",\"datePublished\":\"2023-03-27T14:04:55+00:00\",\"dateModified\":\"2023-03-27T14:05:11+00:00\",\"breadcrumb\":{\"@id\":\"https:\\\/\\\/dorogimedence.hu\\\/index.php\\\/2023\\\/03\\\/27\\\/meg-aktivabban-segiti-a-vallalkozokat-az-iden-35-eves-vosz\\\/#breadcrumb\"},\"inLanguage\":\"hu\",\"potentialAction\":[{\"@type\":\"ReadAction\",\"target\":[\"https:\\\/\\\/dorogimedence.hu\\\/index.php\\\/2023\\\/03\\\/27\\\/meg-aktivabban-segiti-a-vallalkozokat-az-iden-35-eves-vosz\\\/\"]}]},{\"@type\":\"ImageObject\",\"inLanguage\":\"hu\",\"@id\":\"https:\\\/\\\/dorogimedence.hu\\\/index.php\\\/2023\\\/03\\\/27\\\/meg-aktivabban-segiti-a-vallalkozokat-az-iden-35-eves-vosz\\\/#primaryimage\",\"url\":\"https:\\\/\\\/dorogimedence.hu\\\/wp-content\\\/uploads\\\/2023\\\/03\\\/VOSZ_varmegyei_forum_Tatabanya.jpg\",\"contentUrl\":\"https:\\\/\\\/dorogimedence.hu\\\/wp-content\\\/uploads\\\/2023\\\/03\\\/VOSZ_varmegyei_forum_Tatabanya.jpg\",\"width\":1504,\"height\":1000},{\"@type\":\"BreadcrumbList\",\"@id\":\"https:\\\/\\\/dorogimedence.hu\\\/index.php\\\/2023\\\/03\\\/27\\\/meg-aktivabban-segiti-a-vallalkozokat-az-iden-35-eves-vosz\\\/#breadcrumb\",\"itemListElement\":[{\"@type\":\"ListItem\",\"position\":1,\"name\":\"Kezd\u0151lap\",\"item\":\"https:\\\/\\\/dorogimedence.hu\\\/\"},{\"@type\":\"ListItem\",\"position\":2,\"name\":\"M\u00e9g akt\u00edvabban seg\u00edti a v\u00e1llalkoz\u00f3kat az id\u00e9n 35 \u00e9ves VOSZ\"}]},{\"@type\":\"WebSite\",\"@id\":\"https:\\\/\\\/dorogimedence.hu\\\/#website\",\"url\":\"https:\\\/\\\/dorogimedence.hu\\\/\",\"name\":\"Dorogi-medence Region\u00e1lis H\u00edrport\u00e1l\",\"description\":\"Dorog, Keszt\u00f6lc, Le\u00e1nyv\u00e1r, Piliscs\u00e9v, Tokod, Tokodalt\u00e1r\u00f3, Csolnok, Esztergom-kertv\u00e1ros: h\u00edrek, programok\",\"publisher\":{\"@id\":\"https:\\\/\\\/dorogimedence.hu\\\/#organization\"},\"potentialAction\":[{\"@type\":\"SearchAction\",\"target\":{\"@type\":\"EntryPoint\",\"urlTemplate\":\"https:\\\/\\\/dorogimedence.hu\\\/?s={search_term_string}\"},\"query-input\":{\"@type\":\"PropertyValueSpecification\",\"valueRequired\":true,\"valueName\":\"search_term_string\"}}],\"inLanguage\":\"hu\"},{\"@type\":\"Organization\",\"@id\":\"https:\\\/\\\/dorogimedence.hu\\\/#organization\",\"name\":\"Dorogi-medence Region\u00e1lis H\u00edrport\u00e1l\",\"url\":\"https:\\\/\\\/dorogimedence.hu\\\/\",\"logo\":{\"@type\":\"ImageObject\",\"inLanguage\":\"hu\",\"@id\":\"https:\\\/\\\/dorogimedence.hu\\\/#\\\/schema\\\/logo\\\/image\\\/\",\"url\":\"https:\\\/\\\/dorogimedence.hu\\\/wp-content\\\/uploads\\\/2021\\\/04\\\/logo-feher-600.png\",\"contentUrl\":\"https:\\\/\\\/dorogimedence.hu\\\/wp-content\\\/uploads\\\/2021\\\/04\\\/logo-feher-600.png\",\"width\":600,\"height\":100,\"caption\":\"Dorogi-medence Region\u00e1lis H\u00edrport\u00e1l\"},\"image\":{\"@id\":\"https:\\\/\\\/dorogimedence.hu\\\/#\\\/schema\\\/logo\\\/image\\\/\"},\"sameAs\":[\"https:\\\/\\\/www.facebook.com\\\/dorogimedence\\\/\"]},{\"@type\":\"Person\",\"@id\":\"https:\\\/\\\/dorogimedence.hu\\\/#\\\/schema\\\/person\\\/ce6091eeb7e95ecdc87890d6aa8e0fd4\",\"name\":\"dorogimedence.hu\",\"image\":{\"@type\":\"ImageObject\",\"inLanguage\":\"hu\",\"@id\":\"\\\/\\\/www.gravatar.com\\\/avatar\\\/d8d45f8901aadff40a4af72c0b826f1d?s=96&#038;r=g&#038;d=mm\",\"url\":\"\\\/\\\/www.gravatar.com\\\/avatar\\\/d8d45f8901aadff40a4af72c0b826f1d?s=96&#038;r=g&#038;d=mm\",\"contentUrl\":\"\\\/\\\/www.gravatar.com\\\/avatar\\\/d8d45f8901aadff40a4af72c0b826f1d?s=96&#038;r=g&#038;d=mm\",\"caption\":\"dorogimedence.hu\"}}]}<\/script>\n<!-- \/ Yoast SEO plugin. -->","yoast_head_json":{"title":"M\u00e9g akt\u00edvabban seg\u00edti a v\u00e1llalkoz\u00f3kat az id\u00e9n 35 \u00e9ves VOSZ","robots":{"index":"index","follow":"follow","max-snippet":"max-snippet:-1","max-image-preview":"max-image-preview:large","max-video-preview":"max-video-preview:-1"},"canonical":"https:\/\/dorogimedence.hu\/index.php\/2023\/03\/27\/meg-aktivabban-segiti-a-vallalkozokat-az-iden-35-eves-vosz\/","og_locale":"hu_HU","og_type":"article","og_title":"M\u00e9g akt\u00edvabban seg\u00edti a v\u00e1llalkoz\u00f3kat az id\u00e9n 35 \u00e9ves VOSZ","og_description":"A V\u00e1llalkoz\u00f3k \u00e9s Munk\u00e1ltat\u00f3k Orsz\u00e1gos Sz\u00f6vets\u00e9g\u00e9nek v\u00e1rmegyei szervezetei id\u00e9n m\u00e1rcius folyam\u00e1n tartj\u00e1k \u00e9ves rendes besz\u00e1mol\u00f3 taggy\u0171l\u00e9seiket. Ennek aprop\u00f3j\u00e1n a v\u00e1llalkoz\u00f3i \u00e9rdek\u00e9pviselet a gy\u0171l\u00e9sek el\u0151tt v\u00e1llalkoz\u00f3i f\u00f3rumokat tart orsz\u00e1gszerte, amelynek soron k\u00f6vetkez\u0151 rendezv\u00e9ny\u00e9re Tatab\u00e1ny\u00e1n ker\u00fclt sor cs\u00fct\u00f6rt\u00f6k\u00f6n. Az esem\u00e9nyen elhangzott: a jelenlegi helyzetben kulcsfontoss\u00e1g\u00fa a k\u00f6z\u00f6s munka \u00e9s az inform\u00e1ci\u00f3megoszt\u00e1s a v\u00e1llalkoz\u00e1sok boldogul\u00e1sa szempontj\u00e1b\u00f3l, amelyre az","og_url":"https:\/\/dorogimedence.hu\/index.php\/2023\/03\/27\/meg-aktivabban-segiti-a-vallalkozokat-az-iden-35-eves-vosz\/","og_site_name":"Dorogi-medence Region\u00e1lis H\u00edrport\u00e1l","article_publisher":"https:\/\/www.facebook.com\/dorogimedence\/","article_published_time":"2023-03-27T14:04:55+00:00","article_modified_time":"2023-03-27T14:05:11+00:00","og_image":[{"width":1504,"height":1000,"url":"https:\/\/dorogimedence.hu\/wp-content\/uploads\/2023\/03\/VOSZ_varmegyei_forum_Tatabanya.jpg","type":"image\/jpeg"}],"author":"dorogimedence.hu","twitter_card":"summary_large_image","twitter_misc":{"Szerz\u0151:":"dorogimedence.hu","Becs\u00fclt olvas\u00e1si id\u0151":"8 perc"},"schema":{"@context":"https:\/\/schema.org","@graph":[{"@type":"Article","@id":"https:\/\/dorogimedence.hu\/index.php\/2023\/03\/27\/meg-aktivabban-segiti-a-vallalkozokat-az-iden-35-eves-vosz\/#article","isPartOf":{"@id":"https:\/\/dorogimedence.hu\/index.php\/2023\/03\/27\/meg-aktivabban-segiti-a-vallalkozokat-az-iden-35-eves-vosz\/"},"author":{"name":"dorogimedence.hu","@id":"https:\/\/dorogimedence.hu\/#\/schema\/person\/ce6091eeb7e95ecdc87890d6aa8e0fd4"},"headline":"M\u00e9g akt\u00edvabban seg\u00edti a v\u00e1llalkoz\u00f3kat az id\u00e9n 35 \u00e9ves VOSZ","datePublished":"2023-03-27T14:04:55+00:00","dateModified":"2023-03-27T14:05:11+00:00","mainEntityOfPage":{"@id":"https:\/\/dorogimedence.hu\/index.php\/2023\/03\/27\/meg-aktivabban-segiti-a-vallalkozokat-az-iden-35-eves-vosz\/"},"wordCount":1629,"publisher":{"@id":"https:\/\/dorogimedence.hu\/#organization"},"image":{"@id":"https:\/\/dorogimedence.hu\/index.php\/2023\/03\/27\/meg-aktivabban-segiti-a-vallalkozokat-az-iden-35-eves-vosz\/#primaryimage"},"thumbnailUrl":"https:\/\/dorogimedence.hu\/wp-content\/uploads\/2023\/03\/VOSZ_varmegyei_forum_Tatabanya.jpg","keywords":["Kom\u00e1rom-Esztergom v\u00e1rmegye","V\u00e1llalkoz\u00f3k \u00e9s Munk\u00e1ltat\u00f3k Orsz\u00e1gos Sz\u00f6vets\u00e9ge","VOSZ"],"articleSection":["H\u00edrek","Kom\u00e1rom-Esztergom"],"inLanguage":"hu"},{"@type":"WebPage","@id":"https:\/\/dorogimedence.hu\/index.php\/2023\/03\/27\/meg-aktivabban-segiti-a-vallalkozokat-az-iden-35-eves-vosz\/","url":"https:\/\/dorogimedence.hu\/index.php\/2023\/03\/27\/meg-aktivabban-segiti-a-vallalkozokat-az-iden-35-eves-vosz\/","name":"M\u00e9g akt\u00edvabban seg\u00edti a v\u00e1llalkoz\u00f3kat az id\u00e9n 35 \u00e9ves VOSZ","isPartOf":{"@id":"https:\/\/dorogimedence.hu\/#website"},"primaryImageOfPage":{"@id":"https:\/\/dorogimedence.hu\/index.php\/2023\/03\/27\/meg-aktivabban-segiti-a-vallalkozokat-az-iden-35-eves-vosz\/#primaryimage"},"image":{"@id":"https:\/\/dorogimedence.hu\/index.php\/2023\/03\/27\/meg-aktivabban-segiti-a-vallalkozokat-az-iden-35-eves-vosz\/#primaryimage"},"thumbnailUrl":"https:\/\/dorogimedence.hu\/wp-content\/uploads\/2023\/03\/VOSZ_varmegyei_forum_Tatabanya.jpg","datePublished":"2023-03-27T14:04:55+00:00","dateModified":"2023-03-27T14:05:11+00:00","breadcrumb":{"@id":"https:\/\/dorogimedence.hu\/index.php\/2023\/03\/27\/meg-aktivabban-segiti-a-vallalkozokat-az-iden-35-eves-vosz\/#breadcrumb"},"inLanguage":"hu","potentialAction":[{"@type":"ReadAction","target":["https:\/\/dorogimedence.hu\/index.php\/2023\/03\/27\/meg-aktivabban-segiti-a-vallalkozokat-az-iden-35-eves-vosz\/"]}]},{"@type":"ImageObject","inLanguage":"hu","@id":"https:\/\/dorogimedence.hu\/index.php\/2023\/03\/27\/meg-aktivabban-segiti-a-vallalkozokat-az-iden-35-eves-vosz\/#primaryimage","url":"https:\/\/dorogimedence.hu\/wp-content\/uploads\/2023\/03\/VOSZ_varmegyei_forum_Tatabanya.jpg","contentUrl":"https:\/\/dorogimedence.hu\/wp-content\/uploads\/2023\/03\/VOSZ_varmegyei_forum_Tatabanya.jpg","width":1504,"height":1000},{"@type":"BreadcrumbList","@id":"https:\/\/dorogimedence.hu\/index.php\/2023\/03\/27\/meg-aktivabban-segiti-a-vallalkozokat-az-iden-35-eves-vosz\/#breadcrumb","itemListElement":[{"@type":"ListItem","position":1,"name":"Kezd\u0151lap","item":"https:\/\/dorogimedence.hu\/"},{"@type":"ListItem","position":2,"name":"M\u00e9g akt\u00edvabban seg\u00edti a v\u00e1llalkoz\u00f3kat az id\u00e9n 35 \u00e9ves VOSZ"}]},{"@type":"WebSite","@id":"https:\/\/dorogimedence.hu\/#website","url":"https:\/\/dorogimedence.hu\/","name":"Dorogi-medence Region\u00e1lis H\u00edrport\u00e1l","description":"Dorog, Keszt\u00f6lc, Le\u00e1nyv\u00e1r, Piliscs\u00e9v, Tokod, Tokodalt\u00e1r\u00f3, Csolnok, Esztergom-kertv\u00e1ros: h\u00edrek, programok","publisher":{"@id":"https:\/\/dorogimedence.hu\/#organization"},"potentialAction":[{"@type":"SearchAction","target":{"@type":"EntryPoint","urlTemplate":"https:\/\/dorogimedence.hu\/?s={search_term_string}"},"query-input":{"@type":"PropertyValueSpecification","valueRequired":true,"valueName":"search_term_string"}}],"inLanguage":"hu"},{"@type":"Organization","@id":"https:\/\/dorogimedence.hu\/#organization","name":"Dorogi-medence Region\u00e1lis H\u00edrport\u00e1l","url":"https:\/\/dorogimedence.hu\/","logo":{"@type":"ImageObject","inLanguage":"hu","@id":"https:\/\/dorogimedence.hu\/#\/schema\/logo\/image\/","url":"https:\/\/dorogimedence.hu\/wp-content\/uploads\/2021\/04\/logo-feher-600.png","contentUrl":"https:\/\/dorogimedence.hu\/wp-content\/uploads\/2021\/04\/logo-feher-600.png","width":600,"height":100,"caption":"Dorogi-medence Region\u00e1lis H\u00edrport\u00e1l"},"image":{"@id":"https:\/\/dorogimedence.hu\/#\/schema\/logo\/image\/"},"sameAs":["https:\/\/www.facebook.com\/dorogimedence\/"]},{"@type":"Person","@id":"https:\/\/dorogimedence.hu\/#\/schema\/person\/ce6091eeb7e95ecdc87890d6aa8e0fd4","name":"dorogimedence.hu","image":{"@type":"ImageObject","inLanguage":"hu","@id":"\/\/www.gravatar.com\/avatar\/d8d45f8901aadff40a4af72c0b826f1d?s=96&#038;r=g&#038;d=mm","url":"\/\/www.gravatar.com\/avatar\/d8d45f8901aadff40a4af72c0b826f1d?s=96&#038;r=g&#038;d=mm","contentUrl":"\/\/www.gravatar.com\/avatar\/d8d45f8901aadff40a4af72c0b826f1d?s=96&#038;r=g&#038;d=mm","caption":"dorogimedence.hu"}}]}},"_links":{"self":[{"href":"https:\/\/dorogimedence.hu\/index.php\/wp-json\/wp\/v2\/posts\/51530","targetHints":{"allow":["GET"]}}],"collection":[{"href":"https:\/\/dorogimedence.hu\/index.php\/wp-json\/wp\/v2\/posts"}],"about":[{"href":"https:\/\/dorogimedence.hu\/index.php\/wp-json\/wp\/v2\/types\/post"}],"author":[{"embeddable":true,"href":"https:\/\/dorogimedence.hu\/index.php\/wp-json\/wp\/v2\/users\/1"}],"replies":[{"embeddable":true,"href":"https:\/\/dorogimedence.hu\/index.php\/wp-json\/wp\/v2\/comments?post=51530"}],"version-history":[{"count":0,"href":"https:\/\/dorogimedence.hu\/index.php\/wp-json\/wp\/v2\/posts\/51530\/revisions"}],"wp:featuredmedia":[{"embeddable":true,"href":"https:\/\/dorogimedence.hu\/index.php\/wp-json\/wp\/v2\/media\/51531"}],"wp:attachment":[{"href":"https:\/\/dorogimedence.hu\/index.php\/wp-json\/wp\/v2\/media?parent=51530"}],"wp:term":[{"taxonomy":"category","embeddable":true,"href":"https:\/\/dorogimedence.hu\/index.php\/wp-json\/wp\/v2\/categories?post=51530"},{"taxonomy":"post_tag","embeddable":true,"href":"https:\/\/dorogimedence.hu\/index.php\/wp-json\/wp\/v2\/tags?post=51530"}],"curies":[{"name":"wp","href":"https:\/\/api.w.org\/{rel}","templated":true}]}}