{"id":51508,"date":"2023-03-27T10:45:42","date_gmt":"2023-03-27T08:45:42","guid":{"rendered":"https:\/\/dorogimedence.hu\/?p=51508"},"modified":"2023-03-28T09:14:32","modified_gmt":"2023-03-28T07:14:32","slug":"kivaloan-birkoztak-a-levai-testverek-es-torba-erik-daniaban","status":"publish","type":"post","link":"https:\/\/dorogimedence.hu\/index.php\/2023\/03\/27\/kivaloan-birkoztak-a-levai-testverek-es-torba-erik-daniaban\/","title":{"rendered":"Kiv\u00e1l\u00f3an birk\u00f3ztak a L\u00e9vai testv\u00e9rek \u00e9s Torba Erik D\u00e1ni\u00e1ban"},"content":{"rendered":"<p><strong>Az esztergomi birk\u00f3z\u00f3 m\u0171helyb\u0151l kinevelkedett, mind\u00f6ssze 17 esztend<\/strong><strong>\u0151<\/strong><strong>s, m<\/strong><strong>\u00e9<\/strong><strong>g csak juniorkor<\/strong><strong>\u00fa<\/strong><strong> k<\/strong><strong>\u00f6<\/strong><strong>t<\/strong><strong>\u00f6<\/strong><strong>ttfog<\/strong><strong>\u00e1<\/strong><strong>s<\/strong><strong>\u00fa<\/strong><strong> 72 kilogrammos Honv<\/strong><strong>\u00e9<\/strong><strong>dos versenyz<\/strong><strong>\u0151,<\/strong><strong> L<\/strong><strong>\u00e9<\/strong><strong>vai Levente remek birk<\/strong><strong>\u00f3<\/strong><strong>z<\/strong><strong>\u00e1<\/strong><strong>ssal, arany\u00e9rmet szerzett a d\u00e1niai Thor Masters-en<\/strong><strong>.<\/strong><\/p>\n<p>Nyolc \u00e9rmet, k\u00f6zt\u00fck \u00f6t aranyat nyert a k\u00f6t\u00f6ttfog\u00e1s\u00fa birk\u00f3z\u00f3v\u00e1logatott a d\u00e1niai Thor Masters elnevez\u00e9s\u0171 nemzetk\u00f6zi viadalon m\u00e1rcius 24-25-\u00e9n, amelyen a 87 \u00e9s a 97 kilogrammos s\u00falycsoport Eb-indul\u00f3ja is minden bizonnyal eld\u0151lt.<\/p>\n<p>A magyar sz\u00f6vets\u00e9g honlapja szerint a z\u00e1gr\u00e1bi Eur\u00f3pa-bajnoks\u00e1g el\u0151tti utols\u00f3 felk\u00e9sz\u00fcl\u00e9si versenyen Tak\u00e1cs Istv\u00e1n a 87 kilogrammosok d\u00f6nt\u0151j\u00e9ben 2-1-re legy\u0151zte a k\u00e9t hete az U23-as kontinensviadalon arany\u00e9rmes Losonczi D\u00e1vidot, akinek \u00edgy be kellett \u00e9rnie az ez\u00fcsttel.<\/p>\n<p>Az \u00e9v elej\u00e9n s\u00falycsoportot v\u00e1lt\u00f3 L\u00e9vai Tam\u00e1s pedig az olimpiai \u00f6t\u00f6dik, vb-ez\u00fcst\u00e9rmes Sz\u0151ke Alexet m\u00falta fel\u00fcl hasonl\u00f3an ki\u00e9lezett&nbsp;k\u00fczdelemben &#8211; 2-2-es v\u00e9geredm\u00e9nyn\u00e9l az utols\u00f3 szerzett pont d\u00f6nt\u00f6tt -, ezzel Sz\u0151ke az idei ut\u00e1np\u00f3tl\u00e1s Eb ut\u00e1n ism\u00e9t a dobog\u00f3 m\u00e1sodik hely\u00e9re \u00e1llhatott fel. Az eredm\u00e9nyek tekintet\u00e9ben pedig v\u00e1rhat\u00f3an Tak\u00e1cs (87) \u00e9s L\u00e9vai (97) indulhat majd a feln\u0151tt kontinensviadalon.<\/p>\n<p>A magyar csapatb\u00f3l Torba Erik (60 kg), L\u00e9vai Levente (72 kg), \u00e9s Szilv\u00e1ssy Erik (82 kg) is els\u0151 helyen z\u00e1rt, m\u00edg a 130 kil\u00f3s Vitek D\u00e1rius bronz\u00e9remmel t\u00e9rhet haza Nyk\u00f6bing Falsterb\u0151l.<\/p>\n<p>Az Eur\u00f3pa-bajnoks\u00e1g \u00e1prilis 17-\u00e9n a szabadfog\u00e1s\u00faak k\u00fczdelmeivel rajtol, majd a n\u0151k l\u00e9phetnek sz\u0151nyegre, v\u00e9g\u00fcl pedig a k\u00f6t\u00f6ttfog\u00e1s\u00faak z\u00e1rj\u00e1k a h\u00e9tnapos kontinensviadalt Horv\u00e1torsz\u00e1gban.<\/p>\n<p><em>Forr\u00e1s: MTI \/ Er\u0151s G\u00e1bor Facebook oldala<br \/>\nBor\u00edt\u00f3k\u00e9p: Magyar Birk\u00f3z\u00f3k Sz\u00f6vets\u00e9ge<\/em><\/p>\n","protected":false},"excerpt":{"rendered":"<p>Az esztergomi birk\u00f3z\u00f3 m\u0171helyb\u0151l kinevelkedett, mind\u00f6ssze 17 esztend\u0151s, m\u00e9g csak juniorkor\u00fa k\u00f6t\u00f6ttfog\u00e1s\u00fa 72 kilogrammos Honv\u00e9dos versenyz\u0151, L\u00e9vai Levente remek birk\u00f3z\u00e1ssal, arany\u00e9rmet szerzett a d\u00e1niai Thor Masters-en. Nyolc \u00e9rmet, k\u00f6zt\u00fck \u00f6t aranyat nyert a k\u00f6t\u00f6ttfog\u00e1s\u00fa birk\u00f3z\u00f3v\u00e1logatott a d\u00e1niai Thor Masters elnevez\u00e9s\u0171 nemzetk\u00f6zi viadalon m\u00e1rcius 24-25-\u00e9n, amelyen a 87 \u00e9s a 97 kilogrammos s\u00falycsoport Eb-indul\u00f3ja is minden<\/p>\n","protected":false},"author":1,"featured_media":51509,"comment_status":"closed","ping_status":"closed","sticky":false,"template":"","format":"standard","meta":{"ngg_post_thumbnail":0,"footnotes":""},"categories":[2,38,3,5,6],"tags":[356,5624,16],"class_list":{"0":"post-51508","1":"post","2":"type-post","3":"status-publish","4":"format-standard","5":"has-post-thumbnail","7":"category-dorog","8":"category-esztergom","9":"category-hirek","10":"category-sport","11":"category-tokod","12":"tag-birkozas","13":"tag-featured","14":"tag-sport"},"yoast_head":"<!-- This site is optimized with the Yoast SEO plugin v27.5 - https:\/\/yoast.com\/product\/yoast-seo-wordpress\/ -->\n<title>Kiv\u00e1l\u00f3an birk\u00f3ztak a L\u00e9vai testv\u00e9rek \u00e9s Torba Erik D\u00e1ni\u00e1ban<\/title>\n<meta name=\"robots\" content=\"index, follow, max-snippet:-1, max-image-preview:large, max-video-preview:-1\" \/>\n<link rel=\"canonical\" href=\"https:\/\/dorogimedence.hu\/index.php\/2023\/03\/27\/kivaloan-birkoztak-a-levai-testverek-es-torba-erik-daniaban\/\" class=\"yoast-seo-meta-tag\" \/>\n<meta property=\"og:locale\" content=\"hu_HU\" class=\"yoast-seo-meta-tag\" \/>\n<meta property=\"og:type\" content=\"article\" class=\"yoast-seo-meta-tag\" \/>\n<meta property=\"og:title\" content=\"Kiv\u00e1l\u00f3an birk\u00f3ztak a L\u00e9vai testv\u00e9rek \u00e9s Torba Erik D\u00e1ni\u00e1ban\" class=\"yoast-seo-meta-tag\" \/>\n<meta property=\"og:description\" content=\"Az esztergomi birk\u00f3z\u00f3 m\u0171helyb\u0151l kinevelkedett, mind\u00f6ssze 17 esztend\u0151s, m\u00e9g csak juniorkor\u00fa k\u00f6t\u00f6ttfog\u00e1s\u00fa 72 kilogrammos Honv\u00e9dos versenyz\u0151, L\u00e9vai Levente remek birk\u00f3z\u00e1ssal, arany\u00e9rmet szerzett a d\u00e1niai Thor Masters-en. Nyolc \u00e9rmet, k\u00f6zt\u00fck \u00f6t aranyat nyert a k\u00f6t\u00f6ttfog\u00e1s\u00fa birk\u00f3z\u00f3v\u00e1logatott a d\u00e1niai Thor Masters elnevez\u00e9s\u0171 nemzetk\u00f6zi viadalon m\u00e1rcius 24-25-\u00e9n, amelyen a 87 \u00e9s a 97 kilogrammos s\u00falycsoport Eb-indul\u00f3ja is minden\" class=\"yoast-seo-meta-tag\" \/>\n<meta property=\"og:url\" content=\"https:\/\/dorogimedence.hu\/index.php\/2023\/03\/27\/kivaloan-birkoztak-a-levai-testverek-es-torba-erik-daniaban\/\" class=\"yoast-seo-meta-tag\" \/>\n<meta property=\"og:site_name\" content=\"Dorogi-medence Region\u00e1lis H\u00edrport\u00e1l\" class=\"yoast-seo-meta-tag\" \/>\n<meta property=\"article:publisher\" content=\"https:\/\/www.facebook.com\/dorogimedence\/\" class=\"yoast-seo-meta-tag\" \/>\n<meta property=\"article:published_time\" content=\"2023-03-27T08:45:42+00:00\" class=\"yoast-seo-meta-tag\" \/>\n<meta property=\"article:modified_time\" content=\"2023-03-28T07:14:32+00:00\" class=\"yoast-seo-meta-tag\" \/>\n<meta property=\"og:image\" content=\"https:\/\/dorogimedence.hu\/wp-content\/uploads\/2023\/03\/birkozok-dania.jpg\" class=\"yoast-seo-meta-tag\" \/>\n\t<meta property=\"og:image:width\" content=\"1600\" class=\"yoast-seo-meta-tag\" \/>\n\t<meta property=\"og:image:height\" content=\"856\" class=\"yoast-seo-meta-tag\" \/>\n\t<meta property=\"og:image:type\" content=\"image\/jpeg\" class=\"yoast-seo-meta-tag\" \/>\n<meta name=\"author\" content=\"dorogimedence.hu\" class=\"yoast-seo-meta-tag\" \/>\n<meta name=\"twitter:card\" content=\"summary_large_image\" class=\"yoast-seo-meta-tag\" \/>\n<meta name=\"twitter:label1\" content=\"Szerz\u0151:\" class=\"yoast-seo-meta-tag\" \/>\n\t<meta name=\"twitter:data1\" content=\"dorogimedence.hu\" class=\"yoast-seo-meta-tag\" \/>\n\t<meta name=\"twitter:label2\" content=\"Becs\u00fclt olvas\u00e1si id\u0151\" class=\"yoast-seo-meta-tag\" \/>\n\t<meta name=\"twitter:data2\" content=\"2 perc\" class=\"yoast-seo-meta-tag\" \/>\n<script type=\"application\/ld+json\" class=\"yoast-schema-graph\">{\"@context\":\"https:\\\/\\\/schema.org\",\"@graph\":[{\"@type\":\"Article\",\"@id\":\"https:\\\/\\\/dorogimedence.hu\\\/index.php\\\/2023\\\/03\\\/27\\\/kivaloan-birkoztak-a-levai-testverek-es-torba-erik-daniaban\\\/#article\",\"isPartOf\":{\"@id\":\"https:\\\/\\\/dorogimedence.hu\\\/index.php\\\/2023\\\/03\\\/27\\\/kivaloan-birkoztak-a-levai-testverek-es-torba-erik-daniaban\\\/\"},\"author\":{\"name\":\"dorogimedence.hu\",\"@id\":\"https:\\\/\\\/dorogimedence.hu\\\/#\\\/schema\\\/person\\\/ce6091eeb7e95ecdc87890d6aa8e0fd4\"},\"headline\":\"Kiv\u00e1l\u00f3an birk\u00f3ztak a L\u00e9vai testv\u00e9rek \u00e9s Torba Erik D\u00e1ni\u00e1ban\",\"datePublished\":\"2023-03-27T08:45:42+00:00\",\"dateModified\":\"2023-03-28T07:14:32+00:00\",\"mainEntityOfPage\":{\"@id\":\"https:\\\/\\\/dorogimedence.hu\\\/index.php\\\/2023\\\/03\\\/27\\\/kivaloan-birkoztak-a-levai-testverek-es-torba-erik-daniaban\\\/\"},\"wordCount\":349,\"publisher\":{\"@id\":\"https:\\\/\\\/dorogimedence.hu\\\/#organization\"},\"image\":{\"@id\":\"https:\\\/\\\/dorogimedence.hu\\\/index.php\\\/2023\\\/03\\\/27\\\/kivaloan-birkoztak-a-levai-testverek-es-torba-erik-daniaban\\\/#primaryimage\"},\"thumbnailUrl\":\"https:\\\/\\\/dorogimedence.hu\\\/wp-content\\\/uploads\\\/2023\\\/03\\\/birkozok-dania.jpg\",\"keywords\":[\"birk\u00f3z\u00e1s\",\"featured\",\"sport\"],\"articleSection\":[\"Dorog\",\"Esztergom\",\"H\u00edrek\",\"Sport\",\"Tokod\"],\"inLanguage\":\"hu\"},{\"@type\":\"WebPage\",\"@id\":\"https:\\\/\\\/dorogimedence.hu\\\/index.php\\\/2023\\\/03\\\/27\\\/kivaloan-birkoztak-a-levai-testverek-es-torba-erik-daniaban\\\/\",\"url\":\"https:\\\/\\\/dorogimedence.hu\\\/index.php\\\/2023\\\/03\\\/27\\\/kivaloan-birkoztak-a-levai-testverek-es-torba-erik-daniaban\\\/\",\"name\":\"Kiv\u00e1l\u00f3an birk\u00f3ztak a L\u00e9vai testv\u00e9rek \u00e9s Torba Erik D\u00e1ni\u00e1ban\",\"isPartOf\":{\"@id\":\"https:\\\/\\\/dorogimedence.hu\\\/#website\"},\"primaryImageOfPage\":{\"@id\":\"https:\\\/\\\/dorogimedence.hu\\\/index.php\\\/2023\\\/03\\\/27\\\/kivaloan-birkoztak-a-levai-testverek-es-torba-erik-daniaban\\\/#primaryimage\"},\"image\":{\"@id\":\"https:\\\/\\\/dorogimedence.hu\\\/index.php\\\/2023\\\/03\\\/27\\\/kivaloan-birkoztak-a-levai-testverek-es-torba-erik-daniaban\\\/#primaryimage\"},\"thumbnailUrl\":\"https:\\\/\\\/dorogimedence.hu\\\/wp-content\\\/uploads\\\/2023\\\/03\\\/birkozok-dania.jpg\",\"datePublished\":\"2023-03-27T08:45:42+00:00\",\"dateModified\":\"2023-03-28T07:14:32+00:00\",\"breadcrumb\":{\"@id\":\"https:\\\/\\\/dorogimedence.hu\\\/index.php\\\/2023\\\/03\\\/27\\\/kivaloan-birkoztak-a-levai-testverek-es-torba-erik-daniaban\\\/#breadcrumb\"},\"inLanguage\":\"hu\",\"potentialAction\":[{\"@type\":\"ReadAction\",\"target\":[\"https:\\\/\\\/dorogimedence.hu\\\/index.php\\\/2023\\\/03\\\/27\\\/kivaloan-birkoztak-a-levai-testverek-es-torba-erik-daniaban\\\/\"]}]},{\"@type\":\"ImageObject\",\"inLanguage\":\"hu\",\"@id\":\"https:\\\/\\\/dorogimedence.hu\\\/index.php\\\/2023\\\/03\\\/27\\\/kivaloan-birkoztak-a-levai-testverek-es-torba-erik-daniaban\\\/#primaryimage\",\"url\":\"https:\\\/\\\/dorogimedence.hu\\\/wp-content\\\/uploads\\\/2023\\\/03\\\/birkozok-dania.jpg\",\"contentUrl\":\"https:\\\/\\\/dorogimedence.hu\\\/wp-content\\\/uploads\\\/2023\\\/03\\\/birkozok-dania.jpg\",\"width\":1600,\"height\":856},{\"@type\":\"BreadcrumbList\",\"@id\":\"https:\\\/\\\/dorogimedence.hu\\\/index.php\\\/2023\\\/03\\\/27\\\/kivaloan-birkoztak-a-levai-testverek-es-torba-erik-daniaban\\\/#breadcrumb\",\"itemListElement\":[{\"@type\":\"ListItem\",\"position\":1,\"name\":\"Kezd\u0151lap\",\"item\":\"https:\\\/\\\/dorogimedence.hu\\\/\"},{\"@type\":\"ListItem\",\"position\":2,\"name\":\"Kiv\u00e1l\u00f3an birk\u00f3ztak a L\u00e9vai testv\u00e9rek \u00e9s Torba Erik D\u00e1ni\u00e1ban\"}]},{\"@type\":\"WebSite\",\"@id\":\"https:\\\/\\\/dorogimedence.hu\\\/#website\",\"url\":\"https:\\\/\\\/dorogimedence.hu\\\/\",\"name\":\"Dorogi-medence Region\u00e1lis H\u00edrport\u00e1l\",\"description\":\"Dorog, Keszt\u00f6lc, Le\u00e1nyv\u00e1r, Piliscs\u00e9v, Tokod, Tokodalt\u00e1r\u00f3, Csolnok, Esztergom-kertv\u00e1ros: h\u00edrek, programok\",\"publisher\":{\"@id\":\"https:\\\/\\\/dorogimedence.hu\\\/#organization\"},\"potentialAction\":[{\"@type\":\"SearchAction\",\"target\":{\"@type\":\"EntryPoint\",\"urlTemplate\":\"https:\\\/\\\/dorogimedence.hu\\\/?s={search_term_string}\"},\"query-input\":{\"@type\":\"PropertyValueSpecification\",\"valueRequired\":true,\"valueName\":\"search_term_string\"}}],\"inLanguage\":\"hu\"},{\"@type\":\"Organization\",\"@id\":\"https:\\\/\\\/dorogimedence.hu\\\/#organization\",\"name\":\"Dorogi-medence Region\u00e1lis H\u00edrport\u00e1l\",\"url\":\"https:\\\/\\\/dorogimedence.hu\\\/\",\"logo\":{\"@type\":\"ImageObject\",\"inLanguage\":\"hu\",\"@id\":\"https:\\\/\\\/dorogimedence.hu\\\/#\\\/schema\\\/logo\\\/image\\\/\",\"url\":\"https:\\\/\\\/dorogimedence.hu\\\/wp-content\\\/uploads\\\/2021\\\/04\\\/logo-feher-600.png\",\"contentUrl\":\"https:\\\/\\\/dorogimedence.hu\\\/wp-content\\\/uploads\\\/2021\\\/04\\\/logo-feher-600.png\",\"width\":600,\"height\":100,\"caption\":\"Dorogi-medence Region\u00e1lis H\u00edrport\u00e1l\"},\"image\":{\"@id\":\"https:\\\/\\\/dorogimedence.hu\\\/#\\\/schema\\\/logo\\\/image\\\/\"},\"sameAs\":[\"https:\\\/\\\/www.facebook.com\\\/dorogimedence\\\/\"]},{\"@type\":\"Person\",\"@id\":\"https:\\\/\\\/dorogimedence.hu\\\/#\\\/schema\\\/person\\\/ce6091eeb7e95ecdc87890d6aa8e0fd4\",\"name\":\"dorogimedence.hu\",\"image\":{\"@type\":\"ImageObject\",\"inLanguage\":\"hu\",\"@id\":\"\\\/\\\/www.gravatar.com\\\/avatar\\\/d8d45f8901aadff40a4af72c0b826f1d?s=96&#038;r=g&#038;d=mm\",\"url\":\"\\\/\\\/www.gravatar.com\\\/avatar\\\/d8d45f8901aadff40a4af72c0b826f1d?s=96&#038;r=g&#038;d=mm\",\"contentUrl\":\"\\\/\\\/www.gravatar.com\\\/avatar\\\/d8d45f8901aadff40a4af72c0b826f1d?s=96&#038;r=g&#038;d=mm\",\"caption\":\"dorogimedence.hu\"}}]}<\/script>\n<!-- \/ Yoast SEO plugin. -->","yoast_head_json":{"title":"Kiv\u00e1l\u00f3an birk\u00f3ztak a L\u00e9vai testv\u00e9rek \u00e9s Torba Erik D\u00e1ni\u00e1ban","robots":{"index":"index","follow":"follow","max-snippet":"max-snippet:-1","max-image-preview":"max-image-preview:large","max-video-preview":"max-video-preview:-1"},"canonical":"https:\/\/dorogimedence.hu\/index.php\/2023\/03\/27\/kivaloan-birkoztak-a-levai-testverek-es-torba-erik-daniaban\/","og_locale":"hu_HU","og_type":"article","og_title":"Kiv\u00e1l\u00f3an birk\u00f3ztak a L\u00e9vai testv\u00e9rek \u00e9s Torba Erik D\u00e1ni\u00e1ban","og_description":"Az esztergomi birk\u00f3z\u00f3 m\u0171helyb\u0151l kinevelkedett, mind\u00f6ssze 17 esztend\u0151s, m\u00e9g csak juniorkor\u00fa k\u00f6t\u00f6ttfog\u00e1s\u00fa 72 kilogrammos Honv\u00e9dos versenyz\u0151, L\u00e9vai Levente remek birk\u00f3z\u00e1ssal, arany\u00e9rmet szerzett a d\u00e1niai Thor Masters-en. Nyolc \u00e9rmet, k\u00f6zt\u00fck \u00f6t aranyat nyert a k\u00f6t\u00f6ttfog\u00e1s\u00fa birk\u00f3z\u00f3v\u00e1logatott a d\u00e1niai Thor Masters elnevez\u00e9s\u0171 nemzetk\u00f6zi viadalon m\u00e1rcius 24-25-\u00e9n, amelyen a 87 \u00e9s a 97 kilogrammos s\u00falycsoport Eb-indul\u00f3ja is minden","og_url":"https:\/\/dorogimedence.hu\/index.php\/2023\/03\/27\/kivaloan-birkoztak-a-levai-testverek-es-torba-erik-daniaban\/","og_site_name":"Dorogi-medence Region\u00e1lis H\u00edrport\u00e1l","article_publisher":"https:\/\/www.facebook.com\/dorogimedence\/","article_published_time":"2023-03-27T08:45:42+00:00","article_modified_time":"2023-03-28T07:14:32+00:00","og_image":[{"width":1600,"height":856,"url":"https:\/\/dorogimedence.hu\/wp-content\/uploads\/2023\/03\/birkozok-dania.jpg","type":"image\/jpeg"}],"author":"dorogimedence.hu","twitter_card":"summary_large_image","twitter_misc":{"Szerz\u0151:":"dorogimedence.hu","Becs\u00fclt olvas\u00e1si id\u0151":"2 perc"},"schema":{"@context":"https:\/\/schema.org","@graph":[{"@type":"Article","@id":"https:\/\/dorogimedence.hu\/index.php\/2023\/03\/27\/kivaloan-birkoztak-a-levai-testverek-es-torba-erik-daniaban\/#article","isPartOf":{"@id":"https:\/\/dorogimedence.hu\/index.php\/2023\/03\/27\/kivaloan-birkoztak-a-levai-testverek-es-torba-erik-daniaban\/"},"author":{"name":"dorogimedence.hu","@id":"https:\/\/dorogimedence.hu\/#\/schema\/person\/ce6091eeb7e95ecdc87890d6aa8e0fd4"},"headline":"Kiv\u00e1l\u00f3an birk\u00f3ztak a L\u00e9vai testv\u00e9rek \u00e9s Torba Erik D\u00e1ni\u00e1ban","datePublished":"2023-03-27T08:45:42+00:00","dateModified":"2023-03-28T07:14:32+00:00","mainEntityOfPage":{"@id":"https:\/\/dorogimedence.hu\/index.php\/2023\/03\/27\/kivaloan-birkoztak-a-levai-testverek-es-torba-erik-daniaban\/"},"wordCount":349,"publisher":{"@id":"https:\/\/dorogimedence.hu\/#organization"},"image":{"@id":"https:\/\/dorogimedence.hu\/index.php\/2023\/03\/27\/kivaloan-birkoztak-a-levai-testverek-es-torba-erik-daniaban\/#primaryimage"},"thumbnailUrl":"https:\/\/dorogimedence.hu\/wp-content\/uploads\/2023\/03\/birkozok-dania.jpg","keywords":["birk\u00f3z\u00e1s","featured","sport"],"articleSection":["Dorog","Esztergom","H\u00edrek","Sport","Tokod"],"inLanguage":"hu"},{"@type":"WebPage","@id":"https:\/\/dorogimedence.hu\/index.php\/2023\/03\/27\/kivaloan-birkoztak-a-levai-testverek-es-torba-erik-daniaban\/","url":"https:\/\/dorogimedence.hu\/index.php\/2023\/03\/27\/kivaloan-birkoztak-a-levai-testverek-es-torba-erik-daniaban\/","name":"Kiv\u00e1l\u00f3an birk\u00f3ztak a L\u00e9vai testv\u00e9rek \u00e9s Torba Erik D\u00e1ni\u00e1ban","isPartOf":{"@id":"https:\/\/dorogimedence.hu\/#website"},"primaryImageOfPage":{"@id":"https:\/\/dorogimedence.hu\/index.php\/2023\/03\/27\/kivaloan-birkoztak-a-levai-testverek-es-torba-erik-daniaban\/#primaryimage"},"image":{"@id":"https:\/\/dorogimedence.hu\/index.php\/2023\/03\/27\/kivaloan-birkoztak-a-levai-testverek-es-torba-erik-daniaban\/#primaryimage"},"thumbnailUrl":"https:\/\/dorogimedence.hu\/wp-content\/uploads\/2023\/03\/birkozok-dania.jpg","datePublished":"2023-03-27T08:45:42+00:00","dateModified":"2023-03-28T07:14:32+00:00","breadcrumb":{"@id":"https:\/\/dorogimedence.hu\/index.php\/2023\/03\/27\/kivaloan-birkoztak-a-levai-testverek-es-torba-erik-daniaban\/#breadcrumb"},"inLanguage":"hu","potentialAction":[{"@type":"ReadAction","target":["https:\/\/dorogimedence.hu\/index.php\/2023\/03\/27\/kivaloan-birkoztak-a-levai-testverek-es-torba-erik-daniaban\/"]}]},{"@type":"ImageObject","inLanguage":"hu","@id":"https:\/\/dorogimedence.hu\/index.php\/2023\/03\/27\/kivaloan-birkoztak-a-levai-testverek-es-torba-erik-daniaban\/#primaryimage","url":"https:\/\/dorogimedence.hu\/wp-content\/uploads\/2023\/03\/birkozok-dania.jpg","contentUrl":"https:\/\/dorogimedence.hu\/wp-content\/uploads\/2023\/03\/birkozok-dania.jpg","width":1600,"height":856},{"@type":"BreadcrumbList","@id":"https:\/\/dorogimedence.hu\/index.php\/2023\/03\/27\/kivaloan-birkoztak-a-levai-testverek-es-torba-erik-daniaban\/#breadcrumb","itemListElement":[{"@type":"ListItem","position":1,"name":"Kezd\u0151lap","item":"https:\/\/dorogimedence.hu\/"},{"@type":"ListItem","position":2,"name":"Kiv\u00e1l\u00f3an birk\u00f3ztak a L\u00e9vai testv\u00e9rek \u00e9s Torba Erik D\u00e1ni\u00e1ban"}]},{"@type":"WebSite","@id":"https:\/\/dorogimedence.hu\/#website","url":"https:\/\/dorogimedence.hu\/","name":"Dorogi-medence Region\u00e1lis H\u00edrport\u00e1l","description":"Dorog, Keszt\u00f6lc, Le\u00e1nyv\u00e1r, Piliscs\u00e9v, Tokod, Tokodalt\u00e1r\u00f3, Csolnok, Esztergom-kertv\u00e1ros: h\u00edrek, programok","publisher":{"@id":"https:\/\/dorogimedence.hu\/#organization"},"potentialAction":[{"@type":"SearchAction","target":{"@type":"EntryPoint","urlTemplate":"https:\/\/dorogimedence.hu\/?s={search_term_string}"},"query-input":{"@type":"PropertyValueSpecification","valueRequired":true,"valueName":"search_term_string"}}],"inLanguage":"hu"},{"@type":"Organization","@id":"https:\/\/dorogimedence.hu\/#organization","name":"Dorogi-medence Region\u00e1lis H\u00edrport\u00e1l","url":"https:\/\/dorogimedence.hu\/","logo":{"@type":"ImageObject","inLanguage":"hu","@id":"https:\/\/dorogimedence.hu\/#\/schema\/logo\/image\/","url":"https:\/\/dorogimedence.hu\/wp-content\/uploads\/2021\/04\/logo-feher-600.png","contentUrl":"https:\/\/dorogimedence.hu\/wp-content\/uploads\/2021\/04\/logo-feher-600.png","width":600,"height":100,"caption":"Dorogi-medence Region\u00e1lis H\u00edrport\u00e1l"},"image":{"@id":"https:\/\/dorogimedence.hu\/#\/schema\/logo\/image\/"},"sameAs":["https:\/\/www.facebook.com\/dorogimedence\/"]},{"@type":"Person","@id":"https:\/\/dorogimedence.hu\/#\/schema\/person\/ce6091eeb7e95ecdc87890d6aa8e0fd4","name":"dorogimedence.hu","image":{"@type":"ImageObject","inLanguage":"hu","@id":"\/\/www.gravatar.com\/avatar\/d8d45f8901aadff40a4af72c0b826f1d?s=96&#038;r=g&#038;d=mm","url":"\/\/www.gravatar.com\/avatar\/d8d45f8901aadff40a4af72c0b826f1d?s=96&#038;r=g&#038;d=mm","contentUrl":"\/\/www.gravatar.com\/avatar\/d8d45f8901aadff40a4af72c0b826f1d?s=96&#038;r=g&#038;d=mm","caption":"dorogimedence.hu"}}]}},"_links":{"self":[{"href":"https:\/\/dorogimedence.hu\/index.php\/wp-json\/wp\/v2\/posts\/51508","targetHints":{"allow":["GET"]}}],"collection":[{"href":"https:\/\/dorogimedence.hu\/index.php\/wp-json\/wp\/v2\/posts"}],"about":[{"href":"https:\/\/dorogimedence.hu\/index.php\/wp-json\/wp\/v2\/types\/post"}],"author":[{"embeddable":true,"href":"https:\/\/dorogimedence.hu\/index.php\/wp-json\/wp\/v2\/users\/1"}],"replies":[{"embeddable":true,"href":"https:\/\/dorogimedence.hu\/index.php\/wp-json\/wp\/v2\/comments?post=51508"}],"version-history":[{"count":0,"href":"https:\/\/dorogimedence.hu\/index.php\/wp-json\/wp\/v2\/posts\/51508\/revisions"}],"wp:featuredmedia":[{"embeddable":true,"href":"https:\/\/dorogimedence.hu\/index.php\/wp-json\/wp\/v2\/media\/51509"}],"wp:attachment":[{"href":"https:\/\/dorogimedence.hu\/index.php\/wp-json\/wp\/v2\/media?parent=51508"}],"wp:term":[{"taxonomy":"category","embeddable":true,"href":"https:\/\/dorogimedence.hu\/index.php\/wp-json\/wp\/v2\/categories?post=51508"},{"taxonomy":"post_tag","embeddable":true,"href":"https:\/\/dorogimedence.hu\/index.php\/wp-json\/wp\/v2\/tags?post=51508"}],"curies":[{"name":"wp","href":"https:\/\/api.w.org\/{rel}","templated":true}]}}