{"id":51504,"date":"2023-03-27T10:11:35","date_gmt":"2023-03-27T08:11:35","guid":{"rendered":"https:\/\/dorogimedence.hu\/?p=51504"},"modified":"2023-03-27T10:13:25","modified_gmt":"2023-03-27T08:13:25","slug":"garazdasag-miatt-koroztek-az-esztergomi-not","status":"publish","type":"post","link":"https:\/\/dorogimedence.hu\/index.php\/2023\/03\/27\/garazdasag-miatt-koroztek-az-esztergomi-not\/","title":{"rendered":"Gar\u00e1zdas\u00e1g miatt k\u00f6r\u00f6zt\u00e9k az esztergomi n\u0151t"},"content":{"rendered":"<p><strong>M\u00e1rcius 25-\u00e9n, szombaton a j\u00e1r\u0151r\u00f6k egy 37 \u00e9ves n\u0151t igazoltattak Esztergom belter\u00fclet\u00e9n.<\/strong><\/p>\n<p>A h\u00f6lgy iratainak ellen\u0151rz\u00e9sekor meg\u00e1llap\u00edt\u00e1st nyert, hogy ellene az \u00c9rdi J\u00e1r\u00e1sb\u00edr\u00f3s\u00e1g bocs\u00e1tott ki elfogat\u00f3parancsot gar\u00e1zdas\u00e1g elk\u00f6vet\u00e9se miatt. A helyi lakost a rend\u0151r\u00f6k b\u0171n\u00fcgyi \u0151rizetbe vett\u00e9k.<\/p>\n<p>Mindemellett a Kom\u00e1rom-Esztergom V\u00e1rmegyei Rend\u0151r-f\u0151kapit\u00e1nys\u00e1g illet\u00e9kess\u00e9gi ter\u00fclet\u00e9n az elm\u00falt 72 \u00f3r\u00e1ban a rend\u0151r\u00f6k kett\u0151 <a href=\"https:\/\/dorogimedence.hu\/index.php\/2023\/03\/26\/halalos-motorbaleset-tortent-bajnanal\/\" target=\"_blank\" rel=\"noopener\"><span style=\"text-decoration: underline; color: #0000ff;\">hal\u00e1los kimenetel\u0171<\/span><\/a>, h\u00e1rom szem\u00e9lyi s\u00e9r\u00fcl\u00e9ssel j\u00e1r\u00f3 \u00e9s nyolc anyagi k\u00e1rral v\u00e9gz\u0151d\u0151 k\u00f6z\u00fati k\u00f6zleked\u00e9si baleset helysz\u00edn\u00e9n int\u00e9zkedtek. Az egyenruh\u00e1sok tizenn\u00e9gy szem\u00e9lyt fogtak el \u00e9s t\u00edz f\u0151t \u00e1ll\u00edtottak el\u0151, valamint hat ittas j\u00e1rm\u0171vezet\u0151vel szemben int\u00e9zkedtek. Biztons\u00e1gi int\u00e9zked\u00e9s h\u00e9t esetben t\u00f6rt\u00e9nt.<\/p>\n<p><em>Forr\u00e1s: police.hu<\/em><\/p>\n","protected":false},"excerpt":{"rendered":"<p>M\u00e1rcius 25-\u00e9n, szombaton a j\u00e1r\u0151r\u00f6k egy 37 \u00e9ves n\u0151t igazoltattak Esztergom belter\u00fclet\u00e9n. A h\u00f6lgy iratainak ellen\u0151rz\u00e9sekor meg\u00e1llap\u00edt\u00e1st nyert, hogy ellene az \u00c9rdi J\u00e1r\u00e1sb\u00edr\u00f3s\u00e1g bocs\u00e1tott ki elfogat\u00f3parancsot gar\u00e1zdas\u00e1g elk\u00f6vet\u00e9se miatt. A helyi lakost a rend\u0151r\u00f6k b\u0171n\u00fcgyi \u0151rizetbe vett\u00e9k. Mindemellett a Kom\u00e1rom-Esztergom V\u00e1rmegyei Rend\u0151r-f\u0151kapit\u00e1nys\u00e1g illet\u00e9kess\u00e9gi ter\u00fclet\u00e9n az elm\u00falt 72 \u00f3r\u00e1ban a rend\u0151r\u00f6k kett\u0151 hal\u00e1los kimenetel\u0171, h\u00e1rom szem\u00e9lyi<\/p>\n","protected":false},"author":1,"featured_media":42428,"comment_status":"closed","ping_status":"closed","sticky":false,"template":"","format":"standard","meta":{"ngg_post_thumbnail":0,"footnotes":""},"categories":[38,3,39],"tags":[1556,42,925,106,61],"class_list":{"0":"post-51504","1":"post","2":"type-post","3":"status-publish","4":"format-standard","5":"has-post-thumbnail","7":"category-esztergom","8":"category-hirek","9":"category-kek-hirek","10":"tag-elfogatoparancs","11":"tag-esztergom","12":"tag-garazdasag","13":"tag-korozes","14":"tag-rendorsegi-hirek"},"yoast_head":"<!-- This site is optimized with the Yoast SEO plugin v27.5 - https:\/\/yoast.com\/product\/yoast-seo-wordpress\/ -->\n<title>Gar\u00e1zdas\u00e1g miatt k\u00f6r\u00f6zt\u00e9k az esztergomi n\u0151t<\/title>\n<meta name=\"robots\" content=\"index, follow, max-snippet:-1, max-image-preview:large, max-video-preview:-1\" \/>\n<link rel=\"canonical\" href=\"https:\/\/dorogimedence.hu\/index.php\/2023\/03\/27\/garazdasag-miatt-koroztek-az-esztergomi-not\/\" class=\"yoast-seo-meta-tag\" \/>\n<meta property=\"og:locale\" content=\"hu_HU\" class=\"yoast-seo-meta-tag\" \/>\n<meta property=\"og:type\" content=\"article\" class=\"yoast-seo-meta-tag\" \/>\n<meta property=\"og:title\" content=\"Gar\u00e1zdas\u00e1g miatt k\u00f6r\u00f6zt\u00e9k az esztergomi n\u0151t\" class=\"yoast-seo-meta-tag\" \/>\n<meta property=\"og:description\" content=\"M\u00e1rcius 25-\u00e9n, szombaton a j\u00e1r\u0151r\u00f6k egy 37 \u00e9ves n\u0151t igazoltattak Esztergom belter\u00fclet\u00e9n. A h\u00f6lgy iratainak ellen\u0151rz\u00e9sekor meg\u00e1llap\u00edt\u00e1st nyert, hogy ellene az \u00c9rdi J\u00e1r\u00e1sb\u00edr\u00f3s\u00e1g bocs\u00e1tott ki elfogat\u00f3parancsot gar\u00e1zdas\u00e1g elk\u00f6vet\u00e9se miatt. A helyi lakost a rend\u0151r\u00f6k b\u0171n\u00fcgyi \u0151rizetbe vett\u00e9k. Mindemellett a Kom\u00e1rom-Esztergom V\u00e1rmegyei Rend\u0151r-f\u0151kapit\u00e1nys\u00e1g illet\u00e9kess\u00e9gi ter\u00fclet\u00e9n az elm\u00falt 72 \u00f3r\u00e1ban a rend\u0151r\u00f6k kett\u0151 hal\u00e1los kimenetel\u0171, h\u00e1rom szem\u00e9lyi\" class=\"yoast-seo-meta-tag\" \/>\n<meta property=\"og:url\" content=\"https:\/\/dorogimedence.hu\/index.php\/2023\/03\/27\/garazdasag-miatt-koroztek-az-esztergomi-not\/\" class=\"yoast-seo-meta-tag\" \/>\n<meta property=\"og:site_name\" content=\"Dorogi-medence Region\u00e1lis H\u00edrport\u00e1l\" class=\"yoast-seo-meta-tag\" \/>\n<meta property=\"article:publisher\" content=\"https:\/\/www.facebook.com\/dorogimedence\/\" class=\"yoast-seo-meta-tag\" \/>\n<meta property=\"article:published_time\" content=\"2023-03-27T08:11:35+00:00\" class=\"yoast-seo-meta-tag\" \/>\n<meta property=\"article:modified_time\" content=\"2023-03-27T08:13:25+00:00\" class=\"yoast-seo-meta-tag\" \/>\n<meta property=\"og:image\" content=\"https:\/\/dorogimedence.hu\/wp-content\/uploads\/2022\/05\/rendorauto-04.jpg\" class=\"yoast-seo-meta-tag\" \/>\n\t<meta property=\"og:image:width\" content=\"1920\" class=\"yoast-seo-meta-tag\" \/>\n\t<meta property=\"og:image:height\" content=\"1209\" class=\"yoast-seo-meta-tag\" \/>\n\t<meta property=\"og:image:type\" content=\"image\/jpeg\" class=\"yoast-seo-meta-tag\" \/>\n<meta name=\"author\" content=\"dorogimedence.hu\" class=\"yoast-seo-meta-tag\" \/>\n<meta name=\"twitter:card\" content=\"summary_large_image\" class=\"yoast-seo-meta-tag\" \/>\n<meta name=\"twitter:label1\" content=\"Szerz\u0151:\" class=\"yoast-seo-meta-tag\" \/>\n\t<meta name=\"twitter:data1\" content=\"dorogimedence.hu\" class=\"yoast-seo-meta-tag\" \/>\n\t<meta name=\"twitter:label2\" content=\"Becs\u00fclt olvas\u00e1si id\u0151\" class=\"yoast-seo-meta-tag\" \/>\n\t<meta name=\"twitter:data2\" content=\"1 perc\" class=\"yoast-seo-meta-tag\" \/>\n<script type=\"application\/ld+json\" class=\"yoast-schema-graph\">{\"@context\":\"https:\\\/\\\/schema.org\",\"@graph\":[{\"@type\":\"Article\",\"@id\":\"https:\\\/\\\/dorogimedence.hu\\\/index.php\\\/2023\\\/03\\\/27\\\/garazdasag-miatt-koroztek-az-esztergomi-not\\\/#article\",\"isPartOf\":{\"@id\":\"https:\\\/\\\/dorogimedence.hu\\\/index.php\\\/2023\\\/03\\\/27\\\/garazdasag-miatt-koroztek-az-esztergomi-not\\\/\"},\"author\":{\"name\":\"dorogimedence.hu\",\"@id\":\"https:\\\/\\\/dorogimedence.hu\\\/#\\\/schema\\\/person\\\/ce6091eeb7e95ecdc87890d6aa8e0fd4\"},\"headline\":\"Gar\u00e1zdas\u00e1g miatt k\u00f6r\u00f6zt\u00e9k az esztergomi n\u0151t\",\"datePublished\":\"2023-03-27T08:11:35+00:00\",\"dateModified\":\"2023-03-27T08:13:25+00:00\",\"mainEntityOfPage\":{\"@id\":\"https:\\\/\\\/dorogimedence.hu\\\/index.php\\\/2023\\\/03\\\/27\\\/garazdasag-miatt-koroztek-az-esztergomi-not\\\/\"},\"wordCount\":180,\"publisher\":{\"@id\":\"https:\\\/\\\/dorogimedence.hu\\\/#organization\"},\"image\":{\"@id\":\"https:\\\/\\\/dorogimedence.hu\\\/index.php\\\/2023\\\/03\\\/27\\\/garazdasag-miatt-koroztek-az-esztergomi-not\\\/#primaryimage\"},\"thumbnailUrl\":\"https:\\\/\\\/dorogimedence.hu\\\/wp-content\\\/uploads\\\/2022\\\/05\\\/rendorauto-04.jpg\",\"keywords\":[\"elfogat\u00f3parancs\",\"esztergom\",\"gar\u00e1zdas\u00e1g\",\"k\u00f6r\u00f6z\u00e9s\",\"rend\u0151rs\u00e9gi h\u00edrek\"],\"articleSection\":[\"Esztergom\",\"H\u00edrek\",\"K\u00e9k h\u00edrek\"],\"inLanguage\":\"hu\"},{\"@type\":\"WebPage\",\"@id\":\"https:\\\/\\\/dorogimedence.hu\\\/index.php\\\/2023\\\/03\\\/27\\\/garazdasag-miatt-koroztek-az-esztergomi-not\\\/\",\"url\":\"https:\\\/\\\/dorogimedence.hu\\\/index.php\\\/2023\\\/03\\\/27\\\/garazdasag-miatt-koroztek-az-esztergomi-not\\\/\",\"name\":\"Gar\u00e1zdas\u00e1g miatt k\u00f6r\u00f6zt\u00e9k az esztergomi n\u0151t\",\"isPartOf\":{\"@id\":\"https:\\\/\\\/dorogimedence.hu\\\/#website\"},\"primaryImageOfPage\":{\"@id\":\"https:\\\/\\\/dorogimedence.hu\\\/index.php\\\/2023\\\/03\\\/27\\\/garazdasag-miatt-koroztek-az-esztergomi-not\\\/#primaryimage\"},\"image\":{\"@id\":\"https:\\\/\\\/dorogimedence.hu\\\/index.php\\\/2023\\\/03\\\/27\\\/garazdasag-miatt-koroztek-az-esztergomi-not\\\/#primaryimage\"},\"thumbnailUrl\":\"https:\\\/\\\/dorogimedence.hu\\\/wp-content\\\/uploads\\\/2022\\\/05\\\/rendorauto-04.jpg\",\"datePublished\":\"2023-03-27T08:11:35+00:00\",\"dateModified\":\"2023-03-27T08:13:25+00:00\",\"breadcrumb\":{\"@id\":\"https:\\\/\\\/dorogimedence.hu\\\/index.php\\\/2023\\\/03\\\/27\\\/garazdasag-miatt-koroztek-az-esztergomi-not\\\/#breadcrumb\"},\"inLanguage\":\"hu\",\"potentialAction\":[{\"@type\":\"ReadAction\",\"target\":[\"https:\\\/\\\/dorogimedence.hu\\\/index.php\\\/2023\\\/03\\\/27\\\/garazdasag-miatt-koroztek-az-esztergomi-not\\\/\"]}]},{\"@type\":\"ImageObject\",\"inLanguage\":\"hu\",\"@id\":\"https:\\\/\\\/dorogimedence.hu\\\/index.php\\\/2023\\\/03\\\/27\\\/garazdasag-miatt-koroztek-az-esztergomi-not\\\/#primaryimage\",\"url\":\"https:\\\/\\\/dorogimedence.hu\\\/wp-content\\\/uploads\\\/2022\\\/05\\\/rendorauto-04.jpg\",\"contentUrl\":\"https:\\\/\\\/dorogimedence.hu\\\/wp-content\\\/uploads\\\/2022\\\/05\\\/rendorauto-04.jpg\",\"width\":1920,\"height\":1209},{\"@type\":\"BreadcrumbList\",\"@id\":\"https:\\\/\\\/dorogimedence.hu\\\/index.php\\\/2023\\\/03\\\/27\\\/garazdasag-miatt-koroztek-az-esztergomi-not\\\/#breadcrumb\",\"itemListElement\":[{\"@type\":\"ListItem\",\"position\":1,\"name\":\"Kezd\u0151lap\",\"item\":\"https:\\\/\\\/dorogimedence.hu\\\/\"},{\"@type\":\"ListItem\",\"position\":2,\"name\":\"Gar\u00e1zdas\u00e1g miatt k\u00f6r\u00f6zt\u00e9k az esztergomi n\u0151t\"}]},{\"@type\":\"WebSite\",\"@id\":\"https:\\\/\\\/dorogimedence.hu\\\/#website\",\"url\":\"https:\\\/\\\/dorogimedence.hu\\\/\",\"name\":\"Dorogi-medence Region\u00e1lis H\u00edrport\u00e1l\",\"description\":\"Dorog, Keszt\u00f6lc, Le\u00e1nyv\u00e1r, Piliscs\u00e9v, Tokod, Tokodalt\u00e1r\u00f3, Csolnok, Esztergom-kertv\u00e1ros: h\u00edrek, programok\",\"publisher\":{\"@id\":\"https:\\\/\\\/dorogimedence.hu\\\/#organization\"},\"potentialAction\":[{\"@type\":\"SearchAction\",\"target\":{\"@type\":\"EntryPoint\",\"urlTemplate\":\"https:\\\/\\\/dorogimedence.hu\\\/?s={search_term_string}\"},\"query-input\":{\"@type\":\"PropertyValueSpecification\",\"valueRequired\":true,\"valueName\":\"search_term_string\"}}],\"inLanguage\":\"hu\"},{\"@type\":\"Organization\",\"@id\":\"https:\\\/\\\/dorogimedence.hu\\\/#organization\",\"name\":\"Dorogi-medence Region\u00e1lis H\u00edrport\u00e1l\",\"url\":\"https:\\\/\\\/dorogimedence.hu\\\/\",\"logo\":{\"@type\":\"ImageObject\",\"inLanguage\":\"hu\",\"@id\":\"https:\\\/\\\/dorogimedence.hu\\\/#\\\/schema\\\/logo\\\/image\\\/\",\"url\":\"https:\\\/\\\/dorogimedence.hu\\\/wp-content\\\/uploads\\\/2021\\\/04\\\/logo-feher-600.png\",\"contentUrl\":\"https:\\\/\\\/dorogimedence.hu\\\/wp-content\\\/uploads\\\/2021\\\/04\\\/logo-feher-600.png\",\"width\":600,\"height\":100,\"caption\":\"Dorogi-medence Region\u00e1lis H\u00edrport\u00e1l\"},\"image\":{\"@id\":\"https:\\\/\\\/dorogimedence.hu\\\/#\\\/schema\\\/logo\\\/image\\\/\"},\"sameAs\":[\"https:\\\/\\\/www.facebook.com\\\/dorogimedence\\\/\"]},{\"@type\":\"Person\",\"@id\":\"https:\\\/\\\/dorogimedence.hu\\\/#\\\/schema\\\/person\\\/ce6091eeb7e95ecdc87890d6aa8e0fd4\",\"name\":\"dorogimedence.hu\",\"image\":{\"@type\":\"ImageObject\",\"inLanguage\":\"hu\",\"@id\":\"\\\/\\\/www.gravatar.com\\\/avatar\\\/d8d45f8901aadff40a4af72c0b826f1d?s=96&#038;r=g&#038;d=mm\",\"url\":\"\\\/\\\/www.gravatar.com\\\/avatar\\\/d8d45f8901aadff40a4af72c0b826f1d?s=96&#038;r=g&#038;d=mm\",\"contentUrl\":\"\\\/\\\/www.gravatar.com\\\/avatar\\\/d8d45f8901aadff40a4af72c0b826f1d?s=96&#038;r=g&#038;d=mm\",\"caption\":\"dorogimedence.hu\"}}]}<\/script>\n<!-- \/ Yoast SEO plugin. -->","yoast_head_json":{"title":"Gar\u00e1zdas\u00e1g miatt k\u00f6r\u00f6zt\u00e9k az esztergomi n\u0151t","robots":{"index":"index","follow":"follow","max-snippet":"max-snippet:-1","max-image-preview":"max-image-preview:large","max-video-preview":"max-video-preview:-1"},"canonical":"https:\/\/dorogimedence.hu\/index.php\/2023\/03\/27\/garazdasag-miatt-koroztek-az-esztergomi-not\/","og_locale":"hu_HU","og_type":"article","og_title":"Gar\u00e1zdas\u00e1g miatt k\u00f6r\u00f6zt\u00e9k az esztergomi n\u0151t","og_description":"M\u00e1rcius 25-\u00e9n, szombaton a j\u00e1r\u0151r\u00f6k egy 37 \u00e9ves n\u0151t igazoltattak Esztergom belter\u00fclet\u00e9n. A h\u00f6lgy iratainak ellen\u0151rz\u00e9sekor meg\u00e1llap\u00edt\u00e1st nyert, hogy ellene az \u00c9rdi J\u00e1r\u00e1sb\u00edr\u00f3s\u00e1g bocs\u00e1tott ki elfogat\u00f3parancsot gar\u00e1zdas\u00e1g elk\u00f6vet\u00e9se miatt. A helyi lakost a rend\u0151r\u00f6k b\u0171n\u00fcgyi \u0151rizetbe vett\u00e9k. Mindemellett a Kom\u00e1rom-Esztergom V\u00e1rmegyei Rend\u0151r-f\u0151kapit\u00e1nys\u00e1g illet\u00e9kess\u00e9gi ter\u00fclet\u00e9n az elm\u00falt 72 \u00f3r\u00e1ban a rend\u0151r\u00f6k kett\u0151 hal\u00e1los kimenetel\u0171, h\u00e1rom szem\u00e9lyi","og_url":"https:\/\/dorogimedence.hu\/index.php\/2023\/03\/27\/garazdasag-miatt-koroztek-az-esztergomi-not\/","og_site_name":"Dorogi-medence Region\u00e1lis H\u00edrport\u00e1l","article_publisher":"https:\/\/www.facebook.com\/dorogimedence\/","article_published_time":"2023-03-27T08:11:35+00:00","article_modified_time":"2023-03-27T08:13:25+00:00","og_image":[{"width":1920,"height":1209,"url":"https:\/\/dorogimedence.hu\/wp-content\/uploads\/2022\/05\/rendorauto-04.jpg","type":"image\/jpeg"}],"author":"dorogimedence.hu","twitter_card":"summary_large_image","twitter_misc":{"Szerz\u0151:":"dorogimedence.hu","Becs\u00fclt olvas\u00e1si id\u0151":"1 perc"},"schema":{"@context":"https:\/\/schema.org","@graph":[{"@type":"Article","@id":"https:\/\/dorogimedence.hu\/index.php\/2023\/03\/27\/garazdasag-miatt-koroztek-az-esztergomi-not\/#article","isPartOf":{"@id":"https:\/\/dorogimedence.hu\/index.php\/2023\/03\/27\/garazdasag-miatt-koroztek-az-esztergomi-not\/"},"author":{"name":"dorogimedence.hu","@id":"https:\/\/dorogimedence.hu\/#\/schema\/person\/ce6091eeb7e95ecdc87890d6aa8e0fd4"},"headline":"Gar\u00e1zdas\u00e1g miatt k\u00f6r\u00f6zt\u00e9k az esztergomi n\u0151t","datePublished":"2023-03-27T08:11:35+00:00","dateModified":"2023-03-27T08:13:25+00:00","mainEntityOfPage":{"@id":"https:\/\/dorogimedence.hu\/index.php\/2023\/03\/27\/garazdasag-miatt-koroztek-az-esztergomi-not\/"},"wordCount":180,"publisher":{"@id":"https:\/\/dorogimedence.hu\/#organization"},"image":{"@id":"https:\/\/dorogimedence.hu\/index.php\/2023\/03\/27\/garazdasag-miatt-koroztek-az-esztergomi-not\/#primaryimage"},"thumbnailUrl":"https:\/\/dorogimedence.hu\/wp-content\/uploads\/2022\/05\/rendorauto-04.jpg","keywords":["elfogat\u00f3parancs","esztergom","gar\u00e1zdas\u00e1g","k\u00f6r\u00f6z\u00e9s","rend\u0151rs\u00e9gi h\u00edrek"],"articleSection":["Esztergom","H\u00edrek","K\u00e9k h\u00edrek"],"inLanguage":"hu"},{"@type":"WebPage","@id":"https:\/\/dorogimedence.hu\/index.php\/2023\/03\/27\/garazdasag-miatt-koroztek-az-esztergomi-not\/","url":"https:\/\/dorogimedence.hu\/index.php\/2023\/03\/27\/garazdasag-miatt-koroztek-az-esztergomi-not\/","name":"Gar\u00e1zdas\u00e1g miatt k\u00f6r\u00f6zt\u00e9k az esztergomi n\u0151t","isPartOf":{"@id":"https:\/\/dorogimedence.hu\/#website"},"primaryImageOfPage":{"@id":"https:\/\/dorogimedence.hu\/index.php\/2023\/03\/27\/garazdasag-miatt-koroztek-az-esztergomi-not\/#primaryimage"},"image":{"@id":"https:\/\/dorogimedence.hu\/index.php\/2023\/03\/27\/garazdasag-miatt-koroztek-az-esztergomi-not\/#primaryimage"},"thumbnailUrl":"https:\/\/dorogimedence.hu\/wp-content\/uploads\/2022\/05\/rendorauto-04.jpg","datePublished":"2023-03-27T08:11:35+00:00","dateModified":"2023-03-27T08:13:25+00:00","breadcrumb":{"@id":"https:\/\/dorogimedence.hu\/index.php\/2023\/03\/27\/garazdasag-miatt-koroztek-az-esztergomi-not\/#breadcrumb"},"inLanguage":"hu","potentialAction":[{"@type":"ReadAction","target":["https:\/\/dorogimedence.hu\/index.php\/2023\/03\/27\/garazdasag-miatt-koroztek-az-esztergomi-not\/"]}]},{"@type":"ImageObject","inLanguage":"hu","@id":"https:\/\/dorogimedence.hu\/index.php\/2023\/03\/27\/garazdasag-miatt-koroztek-az-esztergomi-not\/#primaryimage","url":"https:\/\/dorogimedence.hu\/wp-content\/uploads\/2022\/05\/rendorauto-04.jpg","contentUrl":"https:\/\/dorogimedence.hu\/wp-content\/uploads\/2022\/05\/rendorauto-04.jpg","width":1920,"height":1209},{"@type":"BreadcrumbList","@id":"https:\/\/dorogimedence.hu\/index.php\/2023\/03\/27\/garazdasag-miatt-koroztek-az-esztergomi-not\/#breadcrumb","itemListElement":[{"@type":"ListItem","position":1,"name":"Kezd\u0151lap","item":"https:\/\/dorogimedence.hu\/"},{"@type":"ListItem","position":2,"name":"Gar\u00e1zdas\u00e1g miatt k\u00f6r\u00f6zt\u00e9k az esztergomi n\u0151t"}]},{"@type":"WebSite","@id":"https:\/\/dorogimedence.hu\/#website","url":"https:\/\/dorogimedence.hu\/","name":"Dorogi-medence Region\u00e1lis H\u00edrport\u00e1l","description":"Dorog, Keszt\u00f6lc, Le\u00e1nyv\u00e1r, Piliscs\u00e9v, Tokod, Tokodalt\u00e1r\u00f3, Csolnok, Esztergom-kertv\u00e1ros: h\u00edrek, programok","publisher":{"@id":"https:\/\/dorogimedence.hu\/#organization"},"potentialAction":[{"@type":"SearchAction","target":{"@type":"EntryPoint","urlTemplate":"https:\/\/dorogimedence.hu\/?s={search_term_string}"},"query-input":{"@type":"PropertyValueSpecification","valueRequired":true,"valueName":"search_term_string"}}],"inLanguage":"hu"},{"@type":"Organization","@id":"https:\/\/dorogimedence.hu\/#organization","name":"Dorogi-medence Region\u00e1lis H\u00edrport\u00e1l","url":"https:\/\/dorogimedence.hu\/","logo":{"@type":"ImageObject","inLanguage":"hu","@id":"https:\/\/dorogimedence.hu\/#\/schema\/logo\/image\/","url":"https:\/\/dorogimedence.hu\/wp-content\/uploads\/2021\/04\/logo-feher-600.png","contentUrl":"https:\/\/dorogimedence.hu\/wp-content\/uploads\/2021\/04\/logo-feher-600.png","width":600,"height":100,"caption":"Dorogi-medence Region\u00e1lis H\u00edrport\u00e1l"},"image":{"@id":"https:\/\/dorogimedence.hu\/#\/schema\/logo\/image\/"},"sameAs":["https:\/\/www.facebook.com\/dorogimedence\/"]},{"@type":"Person","@id":"https:\/\/dorogimedence.hu\/#\/schema\/person\/ce6091eeb7e95ecdc87890d6aa8e0fd4","name":"dorogimedence.hu","image":{"@type":"ImageObject","inLanguage":"hu","@id":"\/\/www.gravatar.com\/avatar\/d8d45f8901aadff40a4af72c0b826f1d?s=96&#038;r=g&#038;d=mm","url":"\/\/www.gravatar.com\/avatar\/d8d45f8901aadff40a4af72c0b826f1d?s=96&#038;r=g&#038;d=mm","contentUrl":"\/\/www.gravatar.com\/avatar\/d8d45f8901aadff40a4af72c0b826f1d?s=96&#038;r=g&#038;d=mm","caption":"dorogimedence.hu"}}]}},"_links":{"self":[{"href":"https:\/\/dorogimedence.hu\/index.php\/wp-json\/wp\/v2\/posts\/51504","targetHints":{"allow":["GET"]}}],"collection":[{"href":"https:\/\/dorogimedence.hu\/index.php\/wp-json\/wp\/v2\/posts"}],"about":[{"href":"https:\/\/dorogimedence.hu\/index.php\/wp-json\/wp\/v2\/types\/post"}],"author":[{"embeddable":true,"href":"https:\/\/dorogimedence.hu\/index.php\/wp-json\/wp\/v2\/users\/1"}],"replies":[{"embeddable":true,"href":"https:\/\/dorogimedence.hu\/index.php\/wp-json\/wp\/v2\/comments?post=51504"}],"version-history":[{"count":0,"href":"https:\/\/dorogimedence.hu\/index.php\/wp-json\/wp\/v2\/posts\/51504\/revisions"}],"wp:featuredmedia":[{"embeddable":true,"href":"https:\/\/dorogimedence.hu\/index.php\/wp-json\/wp\/v2\/media\/42428"}],"wp:attachment":[{"href":"https:\/\/dorogimedence.hu\/index.php\/wp-json\/wp\/v2\/media?parent=51504"}],"wp:term":[{"taxonomy":"category","embeddable":true,"href":"https:\/\/dorogimedence.hu\/index.php\/wp-json\/wp\/v2\/categories?post=51504"},{"taxonomy":"post_tag","embeddable":true,"href":"https:\/\/dorogimedence.hu\/index.php\/wp-json\/wp\/v2\/tags?post=51504"}],"curies":[{"name":"wp","href":"https:\/\/api.w.org\/{rel}","templated":true}]}}