{"id":51356,"date":"2023-03-21T09:39:23","date_gmt":"2023-03-21T08:39:23","guid":{"rendered":"https:\/\/dorogimedence.hu\/?p=51356"},"modified":"2023-03-21T10:05:42","modified_gmt":"2023-03-21T09:05:42","slug":"negyed-evszazada-kempo-a-pokorni-testverek-tortenete","status":"publish","type":"post","link":"https:\/\/dorogimedence.hu\/index.php\/2023\/03\/21\/negyed-evszazada-kempo-a-pokorni-testverek-tortenete\/","title":{"rendered":"Negyed \u00e9vsz\u00e1zada kempo: a Pokorni testv\u00e9rek t\u00f6rt\u00e9nete"},"content":{"rendered":"<p><strong>A Pokorni testv\u00e9reket m\u00e1r nagyon fiatal korukban rabul ejtette a harcm\u0171v\u00e9szet.<\/strong><\/p>\n<p>25 \u00e9vvel ezel\u0151tt, 1998. m\u00e1rcius\u00e1ban a Pokorni testv\u00e9rek, Mil\u00e1n \u00e9s \u00c1d\u00e1m az els\u0151 kempo edz\u00e9s\u00fckre \u00e9rkeztek Dorogra. Fiatal koruk ellen\u00e9re kor\u00e1bban m\u00e1r egy \u00e9vet karat\u00e9ztak, ahol versenyeken is kipr\u00f3b\u00e1lt\u00e1k magukat. A kempo \u00f6sszetetts\u00e9ge, valamint a m\u00e1s harcm\u0171v\u00e9szeteket \u00e9s k\u00fczd\u0151sportokat \u00f6sszefog\u00f3 tud\u00e1sanyaga (karate, kick box, judo, jiu jitsu) nagyon kor\u00e1n megfogta \u00e9s rabul ejtette az ekkor m\u00e9g igaz\u00e1n fiatal sr\u00e1cokat (Mil\u00e1n m\u00e9g nem volt 8 \u00e9ves, \u00c1d\u00e1m pedig a 6. \u00e9let\u00e9v\u00e9t t\u00f6lt\u00f6tte be).<\/p>\n<p>Most, 25 \u00e9vvel k\u00e9s\u0151bb, a Fighting Kempo Pokorni Team SE 3. danos fekete \u00f6ves mesterei, akik egy\u00fctt 7-szeres IKF Kempo Vil\u00e1gbajnokok \u00e9s 8-szoros Eur\u00f3pa Bajnokok, valamint egyar\u00e1nt a WKF Kick Box Sz\u00f6vets\u00e9g Profi K-1 Eur\u00f3pa Bajnokai, a magyar \u00e9s nemzetk\u00f6zi k\u00fczd\u0151sport \u00e9letben a Pokorni Brothers leporolt\u00e1k a szekr\u00e9nyeket \u00e9s polcokat, hogy egy k\u00e9p kedv\u00e9\u00e9rt felid\u00e9zz\u00e9k sikerekben gazdag eddigi sport p\u00e1lyafut\u00e1suk f\u0151bb m\u00e9rf\u00f6ldk\u00f6veit a megszerzett \u00e9rem- \u00e9s kupa gy\u0171jtem\u00e9nyen kereszt\u00fcl.<\/p>\n<p>A harcos, \u00e1mde kedves \u00e9s j\u00f3kedv\u0171 testv\u00e9rek a k\u00fczd\u0151sport vil\u00e1g\u00e1ban tov\u00e1bbra is akt\u00edvak \u00e9s nagy szeretettel adj\u00e1k \u00e1t a megszerzett tud\u00e1sanyagot a fiatalabb gener\u00e1ci\u00f3k sz\u00e1m\u00e1ra a Fighting Kempo st\u00edlus edz\u00e9sein, \u00e1mde m\u00e9g mindig k\u00e9szek keszty\u0171t h\u00fazni egy k\u00edn\u00e1lkoz\u00f3 megm\u00e9rettet\u00e9s ok\u00e1n.<\/p>\n<p><img fetchpriority=\"high\" decoding=\"async\" class=\"alignnone size-full wp-image-51358\" src=\"https:\/\/dorogimedence.hu\/wp-content\/uploads\/2023\/03\/336887445_3319773088261076_6458410365752377931_n.jpg\" alt=\"\" width=\"1127\" height=\"1280\" srcset=\"https:\/\/dorogimedence.hu\/wp-content\/uploads\/2023\/03\/336887445_3319773088261076_6458410365752377931_n.jpg 1127w, https:\/\/dorogimedence.hu\/wp-content\/uploads\/2023\/03\/336887445_3319773088261076_6458410365752377931_n-264x300.jpg 264w, https:\/\/dorogimedence.hu\/wp-content\/uploads\/2023\/03\/336887445_3319773088261076_6458410365752377931_n-902x1024.jpg 902w, https:\/\/dorogimedence.hu\/wp-content\/uploads\/2023\/03\/336887445_3319773088261076_6458410365752377931_n-768x872.jpg 768w, https:\/\/dorogimedence.hu\/wp-content\/uploads\/2023\/03\/336887445_3319773088261076_6458410365752377931_n-150x170.jpg 150w, https:\/\/dorogimedence.hu\/wp-content\/uploads\/2023\/03\/336887445_3319773088261076_6458410365752377931_n-450x511.jpg 450w\" sizes=\"(max-width: 1127px) 100vw, 1127px\" \/><\/p>\n<p><em>Bor\u00edt\u00f3k\u00e9p, forr\u00e1s: <span style=\"text-decoration: underline;\"><a href=\"https:\/\/www.facebook.com\/Fighting.Kempo\" target=\"_blank\" rel=\"noopener\"><span style=\"color: #0000ff; text-decoration: underline;\">Fighting Kempo Facebook oldal<\/span><\/a><\/span><\/em><\/p>\n","protected":false},"excerpt":{"rendered":"<p>A Pokorni testv\u00e9reket m\u00e1r nagyon fiatal korukban rabul ejtette a harcm\u0171v\u00e9szet. 25 \u00e9vvel ezel\u0151tt, 1998. m\u00e1rcius\u00e1ban a Pokorni testv\u00e9rek, Mil\u00e1n \u00e9s \u00c1d\u00e1m az els\u0151 kempo edz\u00e9s\u00fckre \u00e9rkeztek Dorogra. Fiatal koruk ellen\u00e9re kor\u00e1bban m\u00e1r egy \u00e9vet karat\u00e9ztak, ahol versenyeken is kipr\u00f3b\u00e1lt\u00e1k magukat. A kempo \u00f6sszetetts\u00e9ge, valamint a m\u00e1s harcm\u0171v\u00e9szeteket \u00e9s k\u00fczd\u0151sportokat \u00f6sszefog\u00f3 tud\u00e1sanyaga (karate, kick box,<\/p>\n","protected":false},"author":1,"featured_media":51357,"comment_status":"closed","ping_status":"closed","sticky":false,"template":"","format":"standard","meta":{"ngg_post_thumbnail":0,"footnotes":""},"categories":[38,7,3,5],"tags":[42,169,3080,444,7076,16],"class_list":{"0":"post-51356","1":"post","2":"type-post","3":"status-publish","4":"format-standard","5":"has-post-thumbnail","7":"category-esztergom","8":"category-esztergom_kertvaros","9":"category-hirek","10":"category-sport","11":"tag-esztergom","12":"tag-esztergom-kertvaros","13":"tag-fighting-kempo-pokorni-team","14":"tag-kempo","15":"tag-pokorni","16":"tag-sport"},"yoast_head":"<!-- This site is optimized with the Yoast SEO plugin v27.4 - https:\/\/yoast.com\/product\/yoast-seo-wordpress\/ -->\n<title>Negyed \u00e9vsz\u00e1zada kempo: a Pokorni testv\u00e9rek t\u00f6rt\u00e9nete<\/title>\n<meta name=\"robots\" content=\"index, follow, max-snippet:-1, max-image-preview:large, max-video-preview:-1\" \/>\n<link rel=\"canonical\" href=\"https:\/\/dorogimedence.hu\/index.php\/2023\/03\/21\/negyed-evszazada-kempo-a-pokorni-testverek-tortenete\/\" class=\"yoast-seo-meta-tag\" \/>\n<meta property=\"og:locale\" content=\"hu_HU\" class=\"yoast-seo-meta-tag\" \/>\n<meta property=\"og:type\" content=\"article\" class=\"yoast-seo-meta-tag\" \/>\n<meta property=\"og:title\" content=\"Negyed \u00e9vsz\u00e1zada kempo: a Pokorni testv\u00e9rek t\u00f6rt\u00e9nete\" class=\"yoast-seo-meta-tag\" \/>\n<meta property=\"og:description\" content=\"A Pokorni testv\u00e9reket m\u00e1r nagyon fiatal korukban rabul ejtette a harcm\u0171v\u00e9szet. 25 \u00e9vvel ezel\u0151tt, 1998. m\u00e1rcius\u00e1ban a Pokorni testv\u00e9rek, Mil\u00e1n \u00e9s \u00c1d\u00e1m az els\u0151 kempo edz\u00e9s\u00fckre \u00e9rkeztek Dorogra. Fiatal koruk ellen\u00e9re kor\u00e1bban m\u00e1r egy \u00e9vet karat\u00e9ztak, ahol versenyeken is kipr\u00f3b\u00e1lt\u00e1k magukat. A kempo \u00f6sszetetts\u00e9ge, valamint a m\u00e1s harcm\u0171v\u00e9szeteket \u00e9s k\u00fczd\u0151sportokat \u00f6sszefog\u00f3 tud\u00e1sanyaga (karate, kick box,\" class=\"yoast-seo-meta-tag\" \/>\n<meta property=\"og:url\" content=\"https:\/\/dorogimedence.hu\/index.php\/2023\/03\/21\/negyed-evszazada-kempo-a-pokorni-testverek-tortenete\/\" class=\"yoast-seo-meta-tag\" \/>\n<meta property=\"og:site_name\" content=\"Dorogi-medence Region\u00e1lis H\u00edrport\u00e1l\" class=\"yoast-seo-meta-tag\" \/>\n<meta property=\"article:publisher\" content=\"https:\/\/www.facebook.com\/dorogimedence\/\" class=\"yoast-seo-meta-tag\" \/>\n<meta property=\"article:published_time\" content=\"2023-03-21T08:39:23+00:00\" class=\"yoast-seo-meta-tag\" \/>\n<meta property=\"article:modified_time\" content=\"2023-03-21T09:05:42+00:00\" class=\"yoast-seo-meta-tag\" \/>\n<meta property=\"og:image\" content=\"https:\/\/dorogimedence.hu\/wp-content\/uploads\/2023\/03\/pokorni-01.jpg\" class=\"yoast-seo-meta-tag\" \/>\n\t<meta property=\"og:image:width\" content=\"1920\" class=\"yoast-seo-meta-tag\" \/>\n\t<meta property=\"og:image:height\" content=\"970\" class=\"yoast-seo-meta-tag\" \/>\n\t<meta property=\"og:image:type\" content=\"image\/jpeg\" class=\"yoast-seo-meta-tag\" \/>\n<meta name=\"author\" content=\"dorogimedence.hu\" class=\"yoast-seo-meta-tag\" \/>\n<meta name=\"twitter:card\" content=\"summary_large_image\" class=\"yoast-seo-meta-tag\" \/>\n<meta name=\"twitter:label1\" content=\"Szerz\u0151:\" class=\"yoast-seo-meta-tag\" \/>\n\t<meta name=\"twitter:data1\" content=\"dorogimedence.hu\" class=\"yoast-seo-meta-tag\" \/>\n\t<meta name=\"twitter:label2\" content=\"Becs\u00fclt olvas\u00e1si id\u0151\" class=\"yoast-seo-meta-tag\" \/>\n\t<meta name=\"twitter:data2\" content=\"1 perc\" class=\"yoast-seo-meta-tag\" \/>\n<script type=\"application\/ld+json\" class=\"yoast-schema-graph\">{\"@context\":\"https:\\\/\\\/schema.org\",\"@graph\":[{\"@type\":\"Article\",\"@id\":\"https:\\\/\\\/dorogimedence.hu\\\/index.php\\\/2023\\\/03\\\/21\\\/negyed-evszazada-kempo-a-pokorni-testverek-tortenete\\\/#article\",\"isPartOf\":{\"@id\":\"https:\\\/\\\/dorogimedence.hu\\\/index.php\\\/2023\\\/03\\\/21\\\/negyed-evszazada-kempo-a-pokorni-testverek-tortenete\\\/\"},\"author\":{\"name\":\"dorogimedence.hu\",\"@id\":\"https:\\\/\\\/dorogimedence.hu\\\/#\\\/schema\\\/person\\\/ce6091eeb7e95ecdc87890d6aa8e0fd4\"},\"headline\":\"Negyed \u00e9vsz\u00e1zada kempo: a Pokorni testv\u00e9rek t\u00f6rt\u00e9nete\",\"datePublished\":\"2023-03-21T08:39:23+00:00\",\"dateModified\":\"2023-03-21T09:05:42+00:00\",\"mainEntityOfPage\":{\"@id\":\"https:\\\/\\\/dorogimedence.hu\\\/index.php\\\/2023\\\/03\\\/21\\\/negyed-evszazada-kempo-a-pokorni-testverek-tortenete\\\/\"},\"wordCount\":296,\"publisher\":{\"@id\":\"https:\\\/\\\/dorogimedence.hu\\\/#organization\"},\"image\":{\"@id\":\"https:\\\/\\\/dorogimedence.hu\\\/index.php\\\/2023\\\/03\\\/21\\\/negyed-evszazada-kempo-a-pokorni-testverek-tortenete\\\/#primaryimage\"},\"thumbnailUrl\":\"https:\\\/\\\/dorogimedence.hu\\\/wp-content\\\/uploads\\\/2023\\\/03\\\/pokorni-01.jpg\",\"keywords\":[\"esztergom\",\"Esztergom-kertv\u00e1ros\",\"Fighting Kempo Pokorni Team\",\"Kempo\",\"Pokorni\",\"sport\"],\"articleSection\":[\"Esztergom\",\"Esztergom-kertv\u00e1ros\",\"H\u00edrek\",\"Sport\"],\"inLanguage\":\"hu\"},{\"@type\":\"WebPage\",\"@id\":\"https:\\\/\\\/dorogimedence.hu\\\/index.php\\\/2023\\\/03\\\/21\\\/negyed-evszazada-kempo-a-pokorni-testverek-tortenete\\\/\",\"url\":\"https:\\\/\\\/dorogimedence.hu\\\/index.php\\\/2023\\\/03\\\/21\\\/negyed-evszazada-kempo-a-pokorni-testverek-tortenete\\\/\",\"name\":\"Negyed \u00e9vsz\u00e1zada kempo: a Pokorni testv\u00e9rek t\u00f6rt\u00e9nete\",\"isPartOf\":{\"@id\":\"https:\\\/\\\/dorogimedence.hu\\\/#website\"},\"primaryImageOfPage\":{\"@id\":\"https:\\\/\\\/dorogimedence.hu\\\/index.php\\\/2023\\\/03\\\/21\\\/negyed-evszazada-kempo-a-pokorni-testverek-tortenete\\\/#primaryimage\"},\"image\":{\"@id\":\"https:\\\/\\\/dorogimedence.hu\\\/index.php\\\/2023\\\/03\\\/21\\\/negyed-evszazada-kempo-a-pokorni-testverek-tortenete\\\/#primaryimage\"},\"thumbnailUrl\":\"https:\\\/\\\/dorogimedence.hu\\\/wp-content\\\/uploads\\\/2023\\\/03\\\/pokorni-01.jpg\",\"datePublished\":\"2023-03-21T08:39:23+00:00\",\"dateModified\":\"2023-03-21T09:05:42+00:00\",\"breadcrumb\":{\"@id\":\"https:\\\/\\\/dorogimedence.hu\\\/index.php\\\/2023\\\/03\\\/21\\\/negyed-evszazada-kempo-a-pokorni-testverek-tortenete\\\/#breadcrumb\"},\"inLanguage\":\"hu\",\"potentialAction\":[{\"@type\":\"ReadAction\",\"target\":[\"https:\\\/\\\/dorogimedence.hu\\\/index.php\\\/2023\\\/03\\\/21\\\/negyed-evszazada-kempo-a-pokorni-testverek-tortenete\\\/\"]}]},{\"@type\":\"ImageObject\",\"inLanguage\":\"hu\",\"@id\":\"https:\\\/\\\/dorogimedence.hu\\\/index.php\\\/2023\\\/03\\\/21\\\/negyed-evszazada-kempo-a-pokorni-testverek-tortenete\\\/#primaryimage\",\"url\":\"https:\\\/\\\/dorogimedence.hu\\\/wp-content\\\/uploads\\\/2023\\\/03\\\/pokorni-01.jpg\",\"contentUrl\":\"https:\\\/\\\/dorogimedence.hu\\\/wp-content\\\/uploads\\\/2023\\\/03\\\/pokorni-01.jpg\",\"width\":1920,\"height\":970},{\"@type\":\"BreadcrumbList\",\"@id\":\"https:\\\/\\\/dorogimedence.hu\\\/index.php\\\/2023\\\/03\\\/21\\\/negyed-evszazada-kempo-a-pokorni-testverek-tortenete\\\/#breadcrumb\",\"itemListElement\":[{\"@type\":\"ListItem\",\"position\":1,\"name\":\"Kezd\u0151lap\",\"item\":\"https:\\\/\\\/dorogimedence.hu\\\/\"},{\"@type\":\"ListItem\",\"position\":2,\"name\":\"Negyed \u00e9vsz\u00e1zada kempo: a Pokorni testv\u00e9rek t\u00f6rt\u00e9nete\"}]},{\"@type\":\"WebSite\",\"@id\":\"https:\\\/\\\/dorogimedence.hu\\\/#website\",\"url\":\"https:\\\/\\\/dorogimedence.hu\\\/\",\"name\":\"Dorogi-medence Region\u00e1lis H\u00edrport\u00e1l\",\"description\":\"Dorog, Keszt\u00f6lc, Le\u00e1nyv\u00e1r, Piliscs\u00e9v, Tokod, Tokodalt\u00e1r\u00f3, Csolnok, Esztergom-kertv\u00e1ros: h\u00edrek, programok\",\"publisher\":{\"@id\":\"https:\\\/\\\/dorogimedence.hu\\\/#organization\"},\"potentialAction\":[{\"@type\":\"SearchAction\",\"target\":{\"@type\":\"EntryPoint\",\"urlTemplate\":\"https:\\\/\\\/dorogimedence.hu\\\/?s={search_term_string}\"},\"query-input\":{\"@type\":\"PropertyValueSpecification\",\"valueRequired\":true,\"valueName\":\"search_term_string\"}}],\"inLanguage\":\"hu\"},{\"@type\":\"Organization\",\"@id\":\"https:\\\/\\\/dorogimedence.hu\\\/#organization\",\"name\":\"Dorogi-medence Region\u00e1lis H\u00edrport\u00e1l\",\"url\":\"https:\\\/\\\/dorogimedence.hu\\\/\",\"logo\":{\"@type\":\"ImageObject\",\"inLanguage\":\"hu\",\"@id\":\"https:\\\/\\\/dorogimedence.hu\\\/#\\\/schema\\\/logo\\\/image\\\/\",\"url\":\"https:\\\/\\\/dorogimedence.hu\\\/wp-content\\\/uploads\\\/2021\\\/04\\\/logo-feher-600.png\",\"contentUrl\":\"https:\\\/\\\/dorogimedence.hu\\\/wp-content\\\/uploads\\\/2021\\\/04\\\/logo-feher-600.png\",\"width\":600,\"height\":100,\"caption\":\"Dorogi-medence Region\u00e1lis H\u00edrport\u00e1l\"},\"image\":{\"@id\":\"https:\\\/\\\/dorogimedence.hu\\\/#\\\/schema\\\/logo\\\/image\\\/\"},\"sameAs\":[\"https:\\\/\\\/www.facebook.com\\\/dorogimedence\\\/\"]},{\"@type\":\"Person\",\"@id\":\"https:\\\/\\\/dorogimedence.hu\\\/#\\\/schema\\\/person\\\/ce6091eeb7e95ecdc87890d6aa8e0fd4\",\"name\":\"dorogimedence.hu\",\"image\":{\"@type\":\"ImageObject\",\"inLanguage\":\"hu\",\"@id\":\"\\\/\\\/www.gravatar.com\\\/avatar\\\/d8d45f8901aadff40a4af72c0b826f1d?s=96&#038;r=g&#038;d=mm\",\"url\":\"\\\/\\\/www.gravatar.com\\\/avatar\\\/d8d45f8901aadff40a4af72c0b826f1d?s=96&#038;r=g&#038;d=mm\",\"contentUrl\":\"\\\/\\\/www.gravatar.com\\\/avatar\\\/d8d45f8901aadff40a4af72c0b826f1d?s=96&#038;r=g&#038;d=mm\",\"caption\":\"dorogimedence.hu\"}}]}<\/script>\n<!-- \/ Yoast SEO plugin. -->","yoast_head_json":{"title":"Negyed \u00e9vsz\u00e1zada kempo: a Pokorni testv\u00e9rek t\u00f6rt\u00e9nete","robots":{"index":"index","follow":"follow","max-snippet":"max-snippet:-1","max-image-preview":"max-image-preview:large","max-video-preview":"max-video-preview:-1"},"canonical":"https:\/\/dorogimedence.hu\/index.php\/2023\/03\/21\/negyed-evszazada-kempo-a-pokorni-testverek-tortenete\/","og_locale":"hu_HU","og_type":"article","og_title":"Negyed \u00e9vsz\u00e1zada kempo: a Pokorni testv\u00e9rek t\u00f6rt\u00e9nete","og_description":"A Pokorni testv\u00e9reket m\u00e1r nagyon fiatal korukban rabul ejtette a harcm\u0171v\u00e9szet. 25 \u00e9vvel ezel\u0151tt, 1998. m\u00e1rcius\u00e1ban a Pokorni testv\u00e9rek, Mil\u00e1n \u00e9s \u00c1d\u00e1m az els\u0151 kempo edz\u00e9s\u00fckre \u00e9rkeztek Dorogra. Fiatal koruk ellen\u00e9re kor\u00e1bban m\u00e1r egy \u00e9vet karat\u00e9ztak, ahol versenyeken is kipr\u00f3b\u00e1lt\u00e1k magukat. A kempo \u00f6sszetetts\u00e9ge, valamint a m\u00e1s harcm\u0171v\u00e9szeteket \u00e9s k\u00fczd\u0151sportokat \u00f6sszefog\u00f3 tud\u00e1sanyaga (karate, kick box,","og_url":"https:\/\/dorogimedence.hu\/index.php\/2023\/03\/21\/negyed-evszazada-kempo-a-pokorni-testverek-tortenete\/","og_site_name":"Dorogi-medence Region\u00e1lis H\u00edrport\u00e1l","article_publisher":"https:\/\/www.facebook.com\/dorogimedence\/","article_published_time":"2023-03-21T08:39:23+00:00","article_modified_time":"2023-03-21T09:05:42+00:00","og_image":[{"width":1920,"height":970,"url":"https:\/\/dorogimedence.hu\/wp-content\/uploads\/2023\/03\/pokorni-01.jpg","type":"image\/jpeg"}],"author":"dorogimedence.hu","twitter_card":"summary_large_image","twitter_misc":{"Szerz\u0151:":"dorogimedence.hu","Becs\u00fclt olvas\u00e1si id\u0151":"1 perc"},"schema":{"@context":"https:\/\/schema.org","@graph":[{"@type":"Article","@id":"https:\/\/dorogimedence.hu\/index.php\/2023\/03\/21\/negyed-evszazada-kempo-a-pokorni-testverek-tortenete\/#article","isPartOf":{"@id":"https:\/\/dorogimedence.hu\/index.php\/2023\/03\/21\/negyed-evszazada-kempo-a-pokorni-testverek-tortenete\/"},"author":{"name":"dorogimedence.hu","@id":"https:\/\/dorogimedence.hu\/#\/schema\/person\/ce6091eeb7e95ecdc87890d6aa8e0fd4"},"headline":"Negyed \u00e9vsz\u00e1zada kempo: a Pokorni testv\u00e9rek t\u00f6rt\u00e9nete","datePublished":"2023-03-21T08:39:23+00:00","dateModified":"2023-03-21T09:05:42+00:00","mainEntityOfPage":{"@id":"https:\/\/dorogimedence.hu\/index.php\/2023\/03\/21\/negyed-evszazada-kempo-a-pokorni-testverek-tortenete\/"},"wordCount":296,"publisher":{"@id":"https:\/\/dorogimedence.hu\/#organization"},"image":{"@id":"https:\/\/dorogimedence.hu\/index.php\/2023\/03\/21\/negyed-evszazada-kempo-a-pokorni-testverek-tortenete\/#primaryimage"},"thumbnailUrl":"https:\/\/dorogimedence.hu\/wp-content\/uploads\/2023\/03\/pokorni-01.jpg","keywords":["esztergom","Esztergom-kertv\u00e1ros","Fighting Kempo Pokorni Team","Kempo","Pokorni","sport"],"articleSection":["Esztergom","Esztergom-kertv\u00e1ros","H\u00edrek","Sport"],"inLanguage":"hu"},{"@type":"WebPage","@id":"https:\/\/dorogimedence.hu\/index.php\/2023\/03\/21\/negyed-evszazada-kempo-a-pokorni-testverek-tortenete\/","url":"https:\/\/dorogimedence.hu\/index.php\/2023\/03\/21\/negyed-evszazada-kempo-a-pokorni-testverek-tortenete\/","name":"Negyed \u00e9vsz\u00e1zada kempo: a Pokorni testv\u00e9rek t\u00f6rt\u00e9nete","isPartOf":{"@id":"https:\/\/dorogimedence.hu\/#website"},"primaryImageOfPage":{"@id":"https:\/\/dorogimedence.hu\/index.php\/2023\/03\/21\/negyed-evszazada-kempo-a-pokorni-testverek-tortenete\/#primaryimage"},"image":{"@id":"https:\/\/dorogimedence.hu\/index.php\/2023\/03\/21\/negyed-evszazada-kempo-a-pokorni-testverek-tortenete\/#primaryimage"},"thumbnailUrl":"https:\/\/dorogimedence.hu\/wp-content\/uploads\/2023\/03\/pokorni-01.jpg","datePublished":"2023-03-21T08:39:23+00:00","dateModified":"2023-03-21T09:05:42+00:00","breadcrumb":{"@id":"https:\/\/dorogimedence.hu\/index.php\/2023\/03\/21\/negyed-evszazada-kempo-a-pokorni-testverek-tortenete\/#breadcrumb"},"inLanguage":"hu","potentialAction":[{"@type":"ReadAction","target":["https:\/\/dorogimedence.hu\/index.php\/2023\/03\/21\/negyed-evszazada-kempo-a-pokorni-testverek-tortenete\/"]}]},{"@type":"ImageObject","inLanguage":"hu","@id":"https:\/\/dorogimedence.hu\/index.php\/2023\/03\/21\/negyed-evszazada-kempo-a-pokorni-testverek-tortenete\/#primaryimage","url":"https:\/\/dorogimedence.hu\/wp-content\/uploads\/2023\/03\/pokorni-01.jpg","contentUrl":"https:\/\/dorogimedence.hu\/wp-content\/uploads\/2023\/03\/pokorni-01.jpg","width":1920,"height":970},{"@type":"BreadcrumbList","@id":"https:\/\/dorogimedence.hu\/index.php\/2023\/03\/21\/negyed-evszazada-kempo-a-pokorni-testverek-tortenete\/#breadcrumb","itemListElement":[{"@type":"ListItem","position":1,"name":"Kezd\u0151lap","item":"https:\/\/dorogimedence.hu\/"},{"@type":"ListItem","position":2,"name":"Negyed \u00e9vsz\u00e1zada kempo: a Pokorni testv\u00e9rek t\u00f6rt\u00e9nete"}]},{"@type":"WebSite","@id":"https:\/\/dorogimedence.hu\/#website","url":"https:\/\/dorogimedence.hu\/","name":"Dorogi-medence Region\u00e1lis H\u00edrport\u00e1l","description":"Dorog, Keszt\u00f6lc, Le\u00e1nyv\u00e1r, Piliscs\u00e9v, Tokod, Tokodalt\u00e1r\u00f3, Csolnok, Esztergom-kertv\u00e1ros: h\u00edrek, programok","publisher":{"@id":"https:\/\/dorogimedence.hu\/#organization"},"potentialAction":[{"@type":"SearchAction","target":{"@type":"EntryPoint","urlTemplate":"https:\/\/dorogimedence.hu\/?s={search_term_string}"},"query-input":{"@type":"PropertyValueSpecification","valueRequired":true,"valueName":"search_term_string"}}],"inLanguage":"hu"},{"@type":"Organization","@id":"https:\/\/dorogimedence.hu\/#organization","name":"Dorogi-medence Region\u00e1lis H\u00edrport\u00e1l","url":"https:\/\/dorogimedence.hu\/","logo":{"@type":"ImageObject","inLanguage":"hu","@id":"https:\/\/dorogimedence.hu\/#\/schema\/logo\/image\/","url":"https:\/\/dorogimedence.hu\/wp-content\/uploads\/2021\/04\/logo-feher-600.png","contentUrl":"https:\/\/dorogimedence.hu\/wp-content\/uploads\/2021\/04\/logo-feher-600.png","width":600,"height":100,"caption":"Dorogi-medence Region\u00e1lis H\u00edrport\u00e1l"},"image":{"@id":"https:\/\/dorogimedence.hu\/#\/schema\/logo\/image\/"},"sameAs":["https:\/\/www.facebook.com\/dorogimedence\/"]},{"@type":"Person","@id":"https:\/\/dorogimedence.hu\/#\/schema\/person\/ce6091eeb7e95ecdc87890d6aa8e0fd4","name":"dorogimedence.hu","image":{"@type":"ImageObject","inLanguage":"hu","@id":"\/\/www.gravatar.com\/avatar\/d8d45f8901aadff40a4af72c0b826f1d?s=96&#038;r=g&#038;d=mm","url":"\/\/www.gravatar.com\/avatar\/d8d45f8901aadff40a4af72c0b826f1d?s=96&#038;r=g&#038;d=mm","contentUrl":"\/\/www.gravatar.com\/avatar\/d8d45f8901aadff40a4af72c0b826f1d?s=96&#038;r=g&#038;d=mm","caption":"dorogimedence.hu"}}]}},"_links":{"self":[{"href":"https:\/\/dorogimedence.hu\/index.php\/wp-json\/wp\/v2\/posts\/51356","targetHints":{"allow":["GET"]}}],"collection":[{"href":"https:\/\/dorogimedence.hu\/index.php\/wp-json\/wp\/v2\/posts"}],"about":[{"href":"https:\/\/dorogimedence.hu\/index.php\/wp-json\/wp\/v2\/types\/post"}],"author":[{"embeddable":true,"href":"https:\/\/dorogimedence.hu\/index.php\/wp-json\/wp\/v2\/users\/1"}],"replies":[{"embeddable":true,"href":"https:\/\/dorogimedence.hu\/index.php\/wp-json\/wp\/v2\/comments?post=51356"}],"version-history":[{"count":0,"href":"https:\/\/dorogimedence.hu\/index.php\/wp-json\/wp\/v2\/posts\/51356\/revisions"}],"wp:featuredmedia":[{"embeddable":true,"href":"https:\/\/dorogimedence.hu\/index.php\/wp-json\/wp\/v2\/media\/51357"}],"wp:attachment":[{"href":"https:\/\/dorogimedence.hu\/index.php\/wp-json\/wp\/v2\/media?parent=51356"}],"wp:term":[{"taxonomy":"category","embeddable":true,"href":"https:\/\/dorogimedence.hu\/index.php\/wp-json\/wp\/v2\/categories?post=51356"},{"taxonomy":"post_tag","embeddable":true,"href":"https:\/\/dorogimedence.hu\/index.php\/wp-json\/wp\/v2\/tags?post=51356"}],"curies":[{"name":"wp","href":"https:\/\/api.w.org\/{rel}","templated":true}]}}