{"id":51316,"date":"2023-03-20T12:36:38","date_gmt":"2023-03-20T11:36:38","guid":{"rendered":"https:\/\/dorogimedence.hu\/?p=51316"},"modified":"2023-03-20T12:36:57","modified_gmt":"2023-03-20T11:36:57","slug":"kivaloan-szerepeltek-a-dorogi-karatekak","status":"publish","type":"post","link":"https:\/\/dorogimedence.hu\/index.php\/2023\/03\/20\/kivaloan-szerepeltek-a-dorogi-karatekak\/","title":{"rendered":"Kiv\u00e1l\u00f3an szerepeltek a dorogi karat\u00e9k\u00e1k"},"content":{"rendered":"<p><strong>M\u00e1rcius 18-\u00e1n, szombaton a Dorogi AC karate szakoszt\u00e1ly\u00e1nak sportol\u00f3i T\u00f6r\u00f6kb\u00e1linton az Ensi kup\u00e1n m\u00e9rett\u00e9k meg magukat, ahol kiv\u00e1l\u00f3 eredm\u00e9nyeket \u00e9rtek el.<\/strong><\/p>\n<p>A versenyt 8. alkalommal rendezt\u00e9k meg, sajnos ez a mostani m\u00e1r Shihan Hal\u00e1sz K\u00e1roly 6 danos karatemester eml\u00e9k\u00e9r\u0151l is sz\u00f3lt. \u0150 a Magyar I.K.O. Kyokushin Karate St\u00edlusszervezet vezet\u0151je volt, nagyszer\u0171 ember, akit mindenki nagyon tisztelt, \u00e9s akit\u0151l sokat lehetett tanulni. Bekeretezett eml\u00e9kk\u00e9pet kapott mindenki a szeretett Shihanr\u00f3l.<\/p>\n<p>A kup\u00e1n magyarok mellett szlov\u00e1k \u00e9s horv\u00e1t versenyz\u0151k is voltak. A Dorogi AC a nyergesi tagokkal egy\u00fctt 23 f\u0151vel k\u00e9pviseltette mag\u00e1t. A h\u00e1rom edz\u0151 mellett fiatal b\u00edr\u00f3rem\u00e9nys\u00e9gek is bemutatkozhattak, a versenyz\u0151k pedig a k\u00f6vetkez\u0151 eredm\u00e9nyekkel z\u00e1rtak:<\/p>\n<ul>\n<li><strong>1. hely: <\/strong>Bauer Botond, Ferenci Eliza, Horv\u00e1th S\u00e1ra, Moln\u00e1r Zara, Nagy G\u00e1bor Benett, P\u00e1sztor Patrik.<\/li>\n<li><strong>2. hely:<\/strong> Bodai Barna, Galba Gr\u00e9ta, P\u00e1nti Benedikt, Tam\u00e1si Krist\u00f3f, V\u00e1gv\u00f6lgyi Dalma.<\/li>\n<li><strong>3. hely:<\/strong> Bartus Lili, Bokros Gvendolin, Krizs\u00e1k-Szil\u00e1gyi Bogl\u00e1rka, Magyar D\u00e1niel, M\u00e1ty\u00e1s Gerg\u0151, Szab\u00f3 \u00c1d\u00e1m, Sz\u00e1raz Ren\u00e1ta.<\/li>\n<\/ul>\n<p>Most nem \u00e9rtek el dobog\u00f3s helyez\u00e9st, de b\u00fcszk\u00e9k lehet\u00fcnk a helyt\u00e1ll\u00e1suk\u00e9rt: Hertlik \u00c1rmin, Hertlik Edv\u00e1rd, Kara \u00c1d\u00e1m, Spiczm\u00fcller Csongor, V\u00e1gv\u00f6lgyi Vajk.<\/p>\n<p>K\u00fcl\u00f6n d\u00edjazt\u00e1k a leggyorsabb KO-t el\u00e9r\u0151 versenyz\u0151t, ami 10 m\u00e1sodperces gy\u0151zelem volt, tov\u00e1bb\u00e1 az egyes\u00fcleteket is. A dorogi dojo 2. helyez\u00e9st \u00e9rt el. Felk\u00e9sz\u00edt\u0151 edz\u0151k: sensei K\u00f6rmendy Brigitt\u00e1nak \u00e9s senpai Kaszala B\u00e9l\u00e1nak!<\/p>\n<p>Tov\u00e1bb\u00e1 gratul\u00e1lunk sensei K\u00f6rmendy Brigitt\u00e1nak, aki a Jap\u00e1nb\u00f3l \u00e9rkezett tavalyi 3. danvizsg\u00e1ja diplom\u00e1j\u00e1t \u00e9s a 3 danos \u00f6v\u00e9t is \u00e1tvehette!<\/p>\n<p><img fetchpriority=\"high\" decoding=\"async\" class=\"alignnone size-full wp-image-51318\" src=\"https:\/\/dorogimedence.hu\/wp-content\/uploads\/2023\/03\/csapatverseny2-1536x1357-1.jpg\" alt=\"\" width=\"1536\" height=\"1357\" srcset=\"https:\/\/dorogimedence.hu\/wp-content\/uploads\/2023\/03\/csapatverseny2-1536x1357-1.jpg 1536w, https:\/\/dorogimedence.hu\/wp-content\/uploads\/2023\/03\/csapatverseny2-1536x1357-1-300x265.jpg 300w, https:\/\/dorogimedence.hu\/wp-content\/uploads\/2023\/03\/csapatverseny2-1536x1357-1-1024x905.jpg 1024w, https:\/\/dorogimedence.hu\/wp-content\/uploads\/2023\/03\/csapatverseny2-1536x1357-1-768x679.jpg 768w, https:\/\/dorogimedence.hu\/wp-content\/uploads\/2023\/03\/csapatverseny2-1536x1357-1-150x133.jpg 150w, https:\/\/dorogimedence.hu\/wp-content\/uploads\/2023\/03\/csapatverseny2-1536x1357-1-450x398.jpg 450w, https:\/\/dorogimedence.hu\/wp-content\/uploads\/2023\/03\/csapatverseny2-1536x1357-1-1200x1060.jpg 1200w\" sizes=\"(max-width: 1536px) 100vw, 1536px\" \/><\/p>\n<p><em>Fot\u00f3k, forr\u00e1s: dorogiac.hu<\/em><\/p>\n","protected":false},"excerpt":{"rendered":"<p>M\u00e1rcius 18-\u00e1n, szombaton a Dorogi AC karate szakoszt\u00e1ly\u00e1nak sportol\u00f3i T\u00f6r\u00f6kb\u00e1linton az Ensi kup\u00e1n m\u00e9rett\u00e9k meg magukat, ahol kiv\u00e1l\u00f3 eredm\u00e9nyeket \u00e9rtek el. A versenyt 8. alkalommal rendezt\u00e9k meg, sajnos ez a mostani m\u00e1r Shihan Hal\u00e1sz K\u00e1roly 6 danos karatemester eml\u00e9k\u00e9r\u0151l is sz\u00f3lt. \u0150 a Magyar I.K.O. Kyokushin Karate St\u00edlusszervezet vezet\u0151je volt, nagyszer\u0171 ember, akit mindenki nagyon<\/p>\n","protected":false},"author":1,"featured_media":51317,"comment_status":"closed","ping_status":"closed","sticky":false,"template":"","format":"standard","meta":{"ngg_post_thumbnail":0,"footnotes":""},"categories":[2,3,5],"tags":[15,4037,406,16],"class_list":{"0":"post-51316","1":"post","2":"type-post","3":"status-publish","4":"format-standard","5":"has-post-thumbnail","7":"category-dorog","8":"category-hirek","9":"category-sport","10":"tag-dorog","11":"tag-dorogi-ac","12":"tag-karate","13":"tag-sport"},"yoast_head":"<!-- This site is optimized with the Yoast SEO plugin v27.5 - https:\/\/yoast.com\/product\/yoast-seo-wordpress\/ -->\n<title>Kiv\u00e1l\u00f3an szerepeltek a dorogi karat\u00e9k\u00e1k<\/title>\n<meta name=\"robots\" content=\"index, follow, max-snippet:-1, max-image-preview:large, max-video-preview:-1\" \/>\n<link rel=\"canonical\" href=\"https:\/\/dorogimedence.hu\/index.php\/2023\/03\/20\/kivaloan-szerepeltek-a-dorogi-karatekak\/\" class=\"yoast-seo-meta-tag\" \/>\n<meta property=\"og:locale\" content=\"hu_HU\" class=\"yoast-seo-meta-tag\" \/>\n<meta property=\"og:type\" content=\"article\" class=\"yoast-seo-meta-tag\" \/>\n<meta property=\"og:title\" content=\"Kiv\u00e1l\u00f3an szerepeltek a dorogi karat\u00e9k\u00e1k\" class=\"yoast-seo-meta-tag\" \/>\n<meta property=\"og:description\" content=\"M\u00e1rcius 18-\u00e1n, szombaton a Dorogi AC karate szakoszt\u00e1ly\u00e1nak sportol\u00f3i T\u00f6r\u00f6kb\u00e1linton az Ensi kup\u00e1n m\u00e9rett\u00e9k meg magukat, ahol kiv\u00e1l\u00f3 eredm\u00e9nyeket \u00e9rtek el. A versenyt 8. alkalommal rendezt\u00e9k meg, sajnos ez a mostani m\u00e1r Shihan Hal\u00e1sz K\u00e1roly 6 danos karatemester eml\u00e9k\u00e9r\u0151l is sz\u00f3lt. \u0150 a Magyar I.K.O. Kyokushin Karate St\u00edlusszervezet vezet\u0151je volt, nagyszer\u0171 ember, akit mindenki nagyon\" class=\"yoast-seo-meta-tag\" \/>\n<meta property=\"og:url\" content=\"https:\/\/dorogimedence.hu\/index.php\/2023\/03\/20\/kivaloan-szerepeltek-a-dorogi-karatekak\/\" class=\"yoast-seo-meta-tag\" \/>\n<meta property=\"og:site_name\" content=\"Dorogi-medence Region\u00e1lis H\u00edrport\u00e1l\" class=\"yoast-seo-meta-tag\" \/>\n<meta property=\"article:publisher\" content=\"https:\/\/www.facebook.com\/dorogimedence\/\" class=\"yoast-seo-meta-tag\" \/>\n<meta property=\"article:published_time\" content=\"2023-03-20T11:36:38+00:00\" class=\"yoast-seo-meta-tag\" \/>\n<meta property=\"article:modified_time\" content=\"2023-03-20T11:36:57+00:00\" class=\"yoast-seo-meta-tag\" \/>\n<meta property=\"og:image\" content=\"https:\/\/dorogimedence.hu\/wp-content\/uploads\/2023\/03\/karate.jpg\" class=\"yoast-seo-meta-tag\" \/>\n\t<meta property=\"og:image:width\" content=\"994\" class=\"yoast-seo-meta-tag\" \/>\n\t<meta property=\"og:image:height\" content=\"512\" class=\"yoast-seo-meta-tag\" \/>\n\t<meta property=\"og:image:type\" content=\"image\/jpeg\" class=\"yoast-seo-meta-tag\" \/>\n<meta name=\"author\" content=\"dorogimedence.hu\" class=\"yoast-seo-meta-tag\" \/>\n<meta name=\"twitter:card\" content=\"summary_large_image\" class=\"yoast-seo-meta-tag\" \/>\n<meta name=\"twitter:label1\" content=\"Szerz\u0151:\" class=\"yoast-seo-meta-tag\" \/>\n\t<meta name=\"twitter:data1\" content=\"dorogimedence.hu\" class=\"yoast-seo-meta-tag\" \/>\n\t<meta name=\"twitter:label2\" content=\"Becs\u00fclt olvas\u00e1si id\u0151\" class=\"yoast-seo-meta-tag\" \/>\n\t<meta name=\"twitter:data2\" content=\"2 perc\" class=\"yoast-seo-meta-tag\" \/>\n<script type=\"application\/ld+json\" class=\"yoast-schema-graph\">{\"@context\":\"https:\\\/\\\/schema.org\",\"@graph\":[{\"@type\":\"Article\",\"@id\":\"https:\\\/\\\/dorogimedence.hu\\\/index.php\\\/2023\\\/03\\\/20\\\/kivaloan-szerepeltek-a-dorogi-karatekak\\\/#article\",\"isPartOf\":{\"@id\":\"https:\\\/\\\/dorogimedence.hu\\\/index.php\\\/2023\\\/03\\\/20\\\/kivaloan-szerepeltek-a-dorogi-karatekak\\\/\"},\"author\":{\"name\":\"dorogimedence.hu\",\"@id\":\"https:\\\/\\\/dorogimedence.hu\\\/#\\\/schema\\\/person\\\/ce6091eeb7e95ecdc87890d6aa8e0fd4\"},\"headline\":\"Kiv\u00e1l\u00f3an szerepeltek a dorogi karat\u00e9k\u00e1k\",\"datePublished\":\"2023-03-20T11:36:38+00:00\",\"dateModified\":\"2023-03-20T11:36:57+00:00\",\"mainEntityOfPage\":{\"@id\":\"https:\\\/\\\/dorogimedence.hu\\\/index.php\\\/2023\\\/03\\\/20\\\/kivaloan-szerepeltek-a-dorogi-karatekak\\\/\"},\"wordCount\":331,\"publisher\":{\"@id\":\"https:\\\/\\\/dorogimedence.hu\\\/#organization\"},\"image\":{\"@id\":\"https:\\\/\\\/dorogimedence.hu\\\/index.php\\\/2023\\\/03\\\/20\\\/kivaloan-szerepeltek-a-dorogi-karatekak\\\/#primaryimage\"},\"thumbnailUrl\":\"https:\\\/\\\/dorogimedence.hu\\\/wp-content\\\/uploads\\\/2023\\\/03\\\/karate.jpg\",\"keywords\":[\"Dorog\",\"Dorogi AC\",\"karate\",\"sport\"],\"articleSection\":[\"Dorog\",\"H\u00edrek\",\"Sport\"],\"inLanguage\":\"hu\"},{\"@type\":\"WebPage\",\"@id\":\"https:\\\/\\\/dorogimedence.hu\\\/index.php\\\/2023\\\/03\\\/20\\\/kivaloan-szerepeltek-a-dorogi-karatekak\\\/\",\"url\":\"https:\\\/\\\/dorogimedence.hu\\\/index.php\\\/2023\\\/03\\\/20\\\/kivaloan-szerepeltek-a-dorogi-karatekak\\\/\",\"name\":\"Kiv\u00e1l\u00f3an szerepeltek a dorogi karat\u00e9k\u00e1k\",\"isPartOf\":{\"@id\":\"https:\\\/\\\/dorogimedence.hu\\\/#website\"},\"primaryImageOfPage\":{\"@id\":\"https:\\\/\\\/dorogimedence.hu\\\/index.php\\\/2023\\\/03\\\/20\\\/kivaloan-szerepeltek-a-dorogi-karatekak\\\/#primaryimage\"},\"image\":{\"@id\":\"https:\\\/\\\/dorogimedence.hu\\\/index.php\\\/2023\\\/03\\\/20\\\/kivaloan-szerepeltek-a-dorogi-karatekak\\\/#primaryimage\"},\"thumbnailUrl\":\"https:\\\/\\\/dorogimedence.hu\\\/wp-content\\\/uploads\\\/2023\\\/03\\\/karate.jpg\",\"datePublished\":\"2023-03-20T11:36:38+00:00\",\"dateModified\":\"2023-03-20T11:36:57+00:00\",\"breadcrumb\":{\"@id\":\"https:\\\/\\\/dorogimedence.hu\\\/index.php\\\/2023\\\/03\\\/20\\\/kivaloan-szerepeltek-a-dorogi-karatekak\\\/#breadcrumb\"},\"inLanguage\":\"hu\",\"potentialAction\":[{\"@type\":\"ReadAction\",\"target\":[\"https:\\\/\\\/dorogimedence.hu\\\/index.php\\\/2023\\\/03\\\/20\\\/kivaloan-szerepeltek-a-dorogi-karatekak\\\/\"]}]},{\"@type\":\"ImageObject\",\"inLanguage\":\"hu\",\"@id\":\"https:\\\/\\\/dorogimedence.hu\\\/index.php\\\/2023\\\/03\\\/20\\\/kivaloan-szerepeltek-a-dorogi-karatekak\\\/#primaryimage\",\"url\":\"https:\\\/\\\/dorogimedence.hu\\\/wp-content\\\/uploads\\\/2023\\\/03\\\/karate.jpg\",\"contentUrl\":\"https:\\\/\\\/dorogimedence.hu\\\/wp-content\\\/uploads\\\/2023\\\/03\\\/karate.jpg\",\"width\":994,\"height\":512},{\"@type\":\"BreadcrumbList\",\"@id\":\"https:\\\/\\\/dorogimedence.hu\\\/index.php\\\/2023\\\/03\\\/20\\\/kivaloan-szerepeltek-a-dorogi-karatekak\\\/#breadcrumb\",\"itemListElement\":[{\"@type\":\"ListItem\",\"position\":1,\"name\":\"Kezd\u0151lap\",\"item\":\"https:\\\/\\\/dorogimedence.hu\\\/\"},{\"@type\":\"ListItem\",\"position\":2,\"name\":\"Kiv\u00e1l\u00f3an szerepeltek a dorogi karat\u00e9k\u00e1k\"}]},{\"@type\":\"WebSite\",\"@id\":\"https:\\\/\\\/dorogimedence.hu\\\/#website\",\"url\":\"https:\\\/\\\/dorogimedence.hu\\\/\",\"name\":\"Dorogi-medence Region\u00e1lis H\u00edrport\u00e1l\",\"description\":\"Dorog, Keszt\u00f6lc, Le\u00e1nyv\u00e1r, Piliscs\u00e9v, Tokod, Tokodalt\u00e1r\u00f3, Csolnok, Esztergom-kertv\u00e1ros: h\u00edrek, programok\",\"publisher\":{\"@id\":\"https:\\\/\\\/dorogimedence.hu\\\/#organization\"},\"potentialAction\":[{\"@type\":\"SearchAction\",\"target\":{\"@type\":\"EntryPoint\",\"urlTemplate\":\"https:\\\/\\\/dorogimedence.hu\\\/?s={search_term_string}\"},\"query-input\":{\"@type\":\"PropertyValueSpecification\",\"valueRequired\":true,\"valueName\":\"search_term_string\"}}],\"inLanguage\":\"hu\"},{\"@type\":\"Organization\",\"@id\":\"https:\\\/\\\/dorogimedence.hu\\\/#organization\",\"name\":\"Dorogi-medence Region\u00e1lis H\u00edrport\u00e1l\",\"url\":\"https:\\\/\\\/dorogimedence.hu\\\/\",\"logo\":{\"@type\":\"ImageObject\",\"inLanguage\":\"hu\",\"@id\":\"https:\\\/\\\/dorogimedence.hu\\\/#\\\/schema\\\/logo\\\/image\\\/\",\"url\":\"https:\\\/\\\/dorogimedence.hu\\\/wp-content\\\/uploads\\\/2021\\\/04\\\/logo-feher-600.png\",\"contentUrl\":\"https:\\\/\\\/dorogimedence.hu\\\/wp-content\\\/uploads\\\/2021\\\/04\\\/logo-feher-600.png\",\"width\":600,\"height\":100,\"caption\":\"Dorogi-medence Region\u00e1lis H\u00edrport\u00e1l\"},\"image\":{\"@id\":\"https:\\\/\\\/dorogimedence.hu\\\/#\\\/schema\\\/logo\\\/image\\\/\"},\"sameAs\":[\"https:\\\/\\\/www.facebook.com\\\/dorogimedence\\\/\"]},{\"@type\":\"Person\",\"@id\":\"https:\\\/\\\/dorogimedence.hu\\\/#\\\/schema\\\/person\\\/ce6091eeb7e95ecdc87890d6aa8e0fd4\",\"name\":\"dorogimedence.hu\",\"image\":{\"@type\":\"ImageObject\",\"inLanguage\":\"hu\",\"@id\":\"\\\/\\\/www.gravatar.com\\\/avatar\\\/d8d45f8901aadff40a4af72c0b826f1d?s=96&#038;r=g&#038;d=mm\",\"url\":\"\\\/\\\/www.gravatar.com\\\/avatar\\\/d8d45f8901aadff40a4af72c0b826f1d?s=96&#038;r=g&#038;d=mm\",\"contentUrl\":\"\\\/\\\/www.gravatar.com\\\/avatar\\\/d8d45f8901aadff40a4af72c0b826f1d?s=96&#038;r=g&#038;d=mm\",\"caption\":\"dorogimedence.hu\"}}]}<\/script>\n<!-- \/ Yoast SEO plugin. -->","yoast_head_json":{"title":"Kiv\u00e1l\u00f3an szerepeltek a dorogi karat\u00e9k\u00e1k","robots":{"index":"index","follow":"follow","max-snippet":"max-snippet:-1","max-image-preview":"max-image-preview:large","max-video-preview":"max-video-preview:-1"},"canonical":"https:\/\/dorogimedence.hu\/index.php\/2023\/03\/20\/kivaloan-szerepeltek-a-dorogi-karatekak\/","og_locale":"hu_HU","og_type":"article","og_title":"Kiv\u00e1l\u00f3an szerepeltek a dorogi karat\u00e9k\u00e1k","og_description":"M\u00e1rcius 18-\u00e1n, szombaton a Dorogi AC karate szakoszt\u00e1ly\u00e1nak sportol\u00f3i T\u00f6r\u00f6kb\u00e1linton az Ensi kup\u00e1n m\u00e9rett\u00e9k meg magukat, ahol kiv\u00e1l\u00f3 eredm\u00e9nyeket \u00e9rtek el. A versenyt 8. alkalommal rendezt\u00e9k meg, sajnos ez a mostani m\u00e1r Shihan Hal\u00e1sz K\u00e1roly 6 danos karatemester eml\u00e9k\u00e9r\u0151l is sz\u00f3lt. \u0150 a Magyar I.K.O. Kyokushin Karate St\u00edlusszervezet vezet\u0151je volt, nagyszer\u0171 ember, akit mindenki nagyon","og_url":"https:\/\/dorogimedence.hu\/index.php\/2023\/03\/20\/kivaloan-szerepeltek-a-dorogi-karatekak\/","og_site_name":"Dorogi-medence Region\u00e1lis H\u00edrport\u00e1l","article_publisher":"https:\/\/www.facebook.com\/dorogimedence\/","article_published_time":"2023-03-20T11:36:38+00:00","article_modified_time":"2023-03-20T11:36:57+00:00","og_image":[{"width":994,"height":512,"url":"https:\/\/dorogimedence.hu\/wp-content\/uploads\/2023\/03\/karate.jpg","type":"image\/jpeg"}],"author":"dorogimedence.hu","twitter_card":"summary_large_image","twitter_misc":{"Szerz\u0151:":"dorogimedence.hu","Becs\u00fclt olvas\u00e1si id\u0151":"2 perc"},"schema":{"@context":"https:\/\/schema.org","@graph":[{"@type":"Article","@id":"https:\/\/dorogimedence.hu\/index.php\/2023\/03\/20\/kivaloan-szerepeltek-a-dorogi-karatekak\/#article","isPartOf":{"@id":"https:\/\/dorogimedence.hu\/index.php\/2023\/03\/20\/kivaloan-szerepeltek-a-dorogi-karatekak\/"},"author":{"name":"dorogimedence.hu","@id":"https:\/\/dorogimedence.hu\/#\/schema\/person\/ce6091eeb7e95ecdc87890d6aa8e0fd4"},"headline":"Kiv\u00e1l\u00f3an szerepeltek a dorogi karat\u00e9k\u00e1k","datePublished":"2023-03-20T11:36:38+00:00","dateModified":"2023-03-20T11:36:57+00:00","mainEntityOfPage":{"@id":"https:\/\/dorogimedence.hu\/index.php\/2023\/03\/20\/kivaloan-szerepeltek-a-dorogi-karatekak\/"},"wordCount":331,"publisher":{"@id":"https:\/\/dorogimedence.hu\/#organization"},"image":{"@id":"https:\/\/dorogimedence.hu\/index.php\/2023\/03\/20\/kivaloan-szerepeltek-a-dorogi-karatekak\/#primaryimage"},"thumbnailUrl":"https:\/\/dorogimedence.hu\/wp-content\/uploads\/2023\/03\/karate.jpg","keywords":["Dorog","Dorogi AC","karate","sport"],"articleSection":["Dorog","H\u00edrek","Sport"],"inLanguage":"hu"},{"@type":"WebPage","@id":"https:\/\/dorogimedence.hu\/index.php\/2023\/03\/20\/kivaloan-szerepeltek-a-dorogi-karatekak\/","url":"https:\/\/dorogimedence.hu\/index.php\/2023\/03\/20\/kivaloan-szerepeltek-a-dorogi-karatekak\/","name":"Kiv\u00e1l\u00f3an szerepeltek a dorogi karat\u00e9k\u00e1k","isPartOf":{"@id":"https:\/\/dorogimedence.hu\/#website"},"primaryImageOfPage":{"@id":"https:\/\/dorogimedence.hu\/index.php\/2023\/03\/20\/kivaloan-szerepeltek-a-dorogi-karatekak\/#primaryimage"},"image":{"@id":"https:\/\/dorogimedence.hu\/index.php\/2023\/03\/20\/kivaloan-szerepeltek-a-dorogi-karatekak\/#primaryimage"},"thumbnailUrl":"https:\/\/dorogimedence.hu\/wp-content\/uploads\/2023\/03\/karate.jpg","datePublished":"2023-03-20T11:36:38+00:00","dateModified":"2023-03-20T11:36:57+00:00","breadcrumb":{"@id":"https:\/\/dorogimedence.hu\/index.php\/2023\/03\/20\/kivaloan-szerepeltek-a-dorogi-karatekak\/#breadcrumb"},"inLanguage":"hu","potentialAction":[{"@type":"ReadAction","target":["https:\/\/dorogimedence.hu\/index.php\/2023\/03\/20\/kivaloan-szerepeltek-a-dorogi-karatekak\/"]}]},{"@type":"ImageObject","inLanguage":"hu","@id":"https:\/\/dorogimedence.hu\/index.php\/2023\/03\/20\/kivaloan-szerepeltek-a-dorogi-karatekak\/#primaryimage","url":"https:\/\/dorogimedence.hu\/wp-content\/uploads\/2023\/03\/karate.jpg","contentUrl":"https:\/\/dorogimedence.hu\/wp-content\/uploads\/2023\/03\/karate.jpg","width":994,"height":512},{"@type":"BreadcrumbList","@id":"https:\/\/dorogimedence.hu\/index.php\/2023\/03\/20\/kivaloan-szerepeltek-a-dorogi-karatekak\/#breadcrumb","itemListElement":[{"@type":"ListItem","position":1,"name":"Kezd\u0151lap","item":"https:\/\/dorogimedence.hu\/"},{"@type":"ListItem","position":2,"name":"Kiv\u00e1l\u00f3an szerepeltek a dorogi karat\u00e9k\u00e1k"}]},{"@type":"WebSite","@id":"https:\/\/dorogimedence.hu\/#website","url":"https:\/\/dorogimedence.hu\/","name":"Dorogi-medence Region\u00e1lis H\u00edrport\u00e1l","description":"Dorog, Keszt\u00f6lc, Le\u00e1nyv\u00e1r, Piliscs\u00e9v, Tokod, Tokodalt\u00e1r\u00f3, Csolnok, Esztergom-kertv\u00e1ros: h\u00edrek, programok","publisher":{"@id":"https:\/\/dorogimedence.hu\/#organization"},"potentialAction":[{"@type":"SearchAction","target":{"@type":"EntryPoint","urlTemplate":"https:\/\/dorogimedence.hu\/?s={search_term_string}"},"query-input":{"@type":"PropertyValueSpecification","valueRequired":true,"valueName":"search_term_string"}}],"inLanguage":"hu"},{"@type":"Organization","@id":"https:\/\/dorogimedence.hu\/#organization","name":"Dorogi-medence Region\u00e1lis H\u00edrport\u00e1l","url":"https:\/\/dorogimedence.hu\/","logo":{"@type":"ImageObject","inLanguage":"hu","@id":"https:\/\/dorogimedence.hu\/#\/schema\/logo\/image\/","url":"https:\/\/dorogimedence.hu\/wp-content\/uploads\/2021\/04\/logo-feher-600.png","contentUrl":"https:\/\/dorogimedence.hu\/wp-content\/uploads\/2021\/04\/logo-feher-600.png","width":600,"height":100,"caption":"Dorogi-medence Region\u00e1lis H\u00edrport\u00e1l"},"image":{"@id":"https:\/\/dorogimedence.hu\/#\/schema\/logo\/image\/"},"sameAs":["https:\/\/www.facebook.com\/dorogimedence\/"]},{"@type":"Person","@id":"https:\/\/dorogimedence.hu\/#\/schema\/person\/ce6091eeb7e95ecdc87890d6aa8e0fd4","name":"dorogimedence.hu","image":{"@type":"ImageObject","inLanguage":"hu","@id":"\/\/www.gravatar.com\/avatar\/d8d45f8901aadff40a4af72c0b826f1d?s=96&#038;r=g&#038;d=mm","url":"\/\/www.gravatar.com\/avatar\/d8d45f8901aadff40a4af72c0b826f1d?s=96&#038;r=g&#038;d=mm","contentUrl":"\/\/www.gravatar.com\/avatar\/d8d45f8901aadff40a4af72c0b826f1d?s=96&#038;r=g&#038;d=mm","caption":"dorogimedence.hu"}}]}},"_links":{"self":[{"href":"https:\/\/dorogimedence.hu\/index.php\/wp-json\/wp\/v2\/posts\/51316","targetHints":{"allow":["GET"]}}],"collection":[{"href":"https:\/\/dorogimedence.hu\/index.php\/wp-json\/wp\/v2\/posts"}],"about":[{"href":"https:\/\/dorogimedence.hu\/index.php\/wp-json\/wp\/v2\/types\/post"}],"author":[{"embeddable":true,"href":"https:\/\/dorogimedence.hu\/index.php\/wp-json\/wp\/v2\/users\/1"}],"replies":[{"embeddable":true,"href":"https:\/\/dorogimedence.hu\/index.php\/wp-json\/wp\/v2\/comments?post=51316"}],"version-history":[{"count":0,"href":"https:\/\/dorogimedence.hu\/index.php\/wp-json\/wp\/v2\/posts\/51316\/revisions"}],"wp:featuredmedia":[{"embeddable":true,"href":"https:\/\/dorogimedence.hu\/index.php\/wp-json\/wp\/v2\/media\/51317"}],"wp:attachment":[{"href":"https:\/\/dorogimedence.hu\/index.php\/wp-json\/wp\/v2\/media?parent=51316"}],"wp:term":[{"taxonomy":"category","embeddable":true,"href":"https:\/\/dorogimedence.hu\/index.php\/wp-json\/wp\/v2\/categories?post=51316"},{"taxonomy":"post_tag","embeddable":true,"href":"https:\/\/dorogimedence.hu\/index.php\/wp-json\/wp\/v2\/tags?post=51316"}],"curies":[{"name":"wp","href":"https:\/\/api.w.org\/{rel}","templated":true}]}}