{"id":51279,"date":"2023-03-18T09:30:49","date_gmt":"2023-03-18T08:30:49","guid":{"rendered":"https:\/\/dorogimedence.hu\/?p=51279"},"modified":"2023-03-18T09:31:03","modified_gmt":"2023-03-18T08:31:03","slug":"igy-alakulhat-iden-a-dorogi-medence-ingatlanpiaca","status":"publish","type":"post","link":"https:\/\/dorogimedence.hu\/index.php\/2023\/03\/18\/igy-alakulhat-iden-a-dorogi-medence-ingatlanpiaca\/","title":{"rendered":"\u00cdgy alakulhat id\u00e9n a Dorogi-medence ingatlanpiaca"},"content":{"rendered":"<p><strong>A jelenlegi kil\u00e1t\u00e1sok m\u00e9g mindig a hazai gazdas\u00e1gi helyzet bizonytalans\u00e1g\u00e1t vet\u00edtik el\u0151re, amely \u00e9pp\u00fagy lenyomatot hagy a magyar ingatlanpiacon is.<\/strong><\/p>\n<p>Az szinte m\u00e1r biztos, hogy egy \u00fajabb lak\u00e1spiaci trendfordul\u00f3 szemtan\u00fai lehet\u00fcnk, az \u00e9vek \u00f3ta tart\u00f3 rohamos ingatlan\u00e1r-dr\u00e1gul\u00e1st k\u00f6vet\u0151en 2022 m\u00e1sodik fel\u00e9ben m\u00e1r a cs\u00f6kken\u0151 \u00e1rak \u00e9s visszaesett kereslet uralkodott a piacon. A kil\u00e1t\u00e1stalan gazdas\u00e1gi k\u00f6rnyezet \u00e9s a h\u00e1bor\u00fa okozta bizonytalans\u00e1g hat\u00e1s\u00e1ra az \u00fajonnan megk\u00f6t\u00f6tt lak\u00e1sc\u00e9l\u00fa hitelek volumene \u00e9s a lak\u00e1spiaci ad\u00e1sv\u00e9telek sz\u00e1ma is t\u00f6bb mint 20 sz\u00e1zal\u00e9kkal esett vissza az \u00e9v els\u0151 fel\u00e9ben regisztr\u00e1lt adatokhoz k\u00e9pest.<\/p>\n<h3><strong>\u00d6szt\u00f6nz\u0151leg hathatnak a lakoss\u00e1gi t\u00e1mogat\u00e1sok az ingatlanpiacon<\/strong><\/h3>\n<p>Hab\u00e1r k\u00e9t-h\u00e1rom h\u00f3nappal ezel\u0151tt ingatlanpiaci szak\u00e9rt\u0151k kedvez\u0151tlen lak\u00e1spiaci folyamatokat j\u00f3soltak 2023-ra, legink\u00e1bb az elad\u00f3k szemsz\u00f6g\u00e9b\u0151l. M\u00e1r a tavalyi \u00e9v m\u00e1sodik fel\u00e9ben \u00e9rezhet\u0151 volt a visszaes\u00e9s mind a hitel-, mind az ingatlanpiacon <a href=\"https:\/\/creditline.hu\/penzugy\/az-alapkamat-csokkentese-2023-kozepen-varhato\/\" target=\"_blank\" rel=\"noopener\"><span style=\"text-decoration: underline; color: #0000ff;\">az egyre roml\u00f3 kamatk\u00f6rnyezet<\/span><\/a> hat\u00e1s\u00e1ra. A tavaly decemberben megjelent progn\u00f3zisok szerint 2023 a lak\u00e1spiaci pang\u00e1s \u00e9ve, \u00e9s \u00fajra a drasztikus ingatlan\u00e1r-emelked\u00e9s el\u0151tti szintre cs\u00f6kkenhetnek a lak\u00e1s\u00e1rak, \u00e1m a jelenlegi kil\u00e1t\u00e1sok enn\u00e9l m\u00e1r sokkal re\u00e1lisabbak. Az \u00e9v v\u00e9ge el\u0151tt p\u00e1r nappal megjelent a h\u00edr, miszerint m\u00e9g tov\u00e1bbi k\u00e9t \u00e9vig vel\u00fcnk maradnak az \u00e1llami csal\u00e1dt\u00e1mogat\u00e1sok. Ez ment\u0151\u00f6vet jelenthet a hazai ingatlanpiacnak, de m\u00e9g mindig a vev\u0151k lehetnek jobb alkupoz\u00edci\u00f3ban az elad\u00f3kkal szemben.<\/p>\n<h3><strong>Er\u0151s\u00f6dhetnek a kisebb telep\u00fcl\u00e9sek is<\/strong><\/h3>\n<p>Az \u00e1llami t\u00e1mogat\u00e1sok meghosszabb\u00edt\u00e1sa nem csak a nagyobb v\u00e1rosok, hanem az \u00e9rintett kistelep\u00fcl\u00e9sek ingatlanpiac\u00e1nak tov\u00e1bbi er\u0151s\u00f6d\u00e9s\u00e9t eredm\u00e9nyezheti. Az Esztergomi j\u00e1r\u00e1sban 13 kisebb telep\u00fcl\u00e9sen ig\u00e9nyelhet\u0151 tov\u00e1bbra is a falusi csok, t\u00f6bbek k\u00f6z\u00f6tt Csolnok, D\u00e1g, Keszt\u00f6lc, Tokod vagy Tokodalt\u00e1r\u00f3 telep\u00fcl\u00e9sein. Az ut\u00f3bbi m\u00e1sf\u00e9l \u00e9vben a vid\u00e9ki telep\u00fcl\u00e9sek z\u00f6m\u00e9n megfigyelhet\u0151 volt az ak\u00e1r 40 sz\u00e1zal\u00e9k feletti re\u00e1l\u00e9rtelemben vett n\u00e9gyzetm\u00e9ter\u00e1r-dr\u00e1gul\u00e1s is, \u00e1m mostanra a vid\u00e9ki ingatlanpiac rohamos dr\u00e1gul\u00e1sa m\u00e9rs\u00e9kl\u0151d\u00f6tt \u00e9s nem kiz\u00e1rt, hogy tov\u00e1bb z\u00e1r\u00f3dik a kistelep\u00fcl\u00e9sek, valamint a nagyv\u00e1rosok k\u00f6z\u00f6tti ingatlan\u00e1r-oll\u00f3. A falusi csok hat\u00e1s\u00e1ra az adott telep\u00fcl\u00e9seken megfigyelhet\u0151 az elad\u00f3 ingatlanok temp\u00f3sabb \u00e9rt\u00e9kn\u00f6veked\u00e9se, amely az ott \u00e9l\u0151k vagyoni helyzet\u00e9t is jav\u00edthatja, \u00edgy az ott \u00e9l\u0151k valamelyest gyorsabban z\u00e1rk\u00f3zhatnak fel a nagyobb v\u00e1rosokban \u00e9l\u0151k \u00e9letvitelbeli szintj\u00e9hez.<\/p>\n<h3><strong>Ilyen \u00e1rak jellemzik most a Dorogi-medence ingatlanpiac\u00e1t<\/strong><\/h3>\n<p>Az esztergomi ingatlanpiac \u00e1rsz\u00ednvonala valamivel az orsz\u00e1gos \u00e1rszint felett tal\u00e1lhat\u00f3, jelenleg a n\u00e9gyzetm\u00e9terenk\u00e9nti \u00e1tlag\u00e1r f\u00e9l milli\u00f3 forint felett mozog, az ingatlan t\u00edpus\u00e1t\u00f3l \u00e9s \u00e1llapot\u00e1t\u00f3l f\u00fcgg\u0151en. A legmagasabb n\u00e9gyzetm\u00e9ter \u00e1rral a csal\u00e1di h\u00e1zak eset\u00e9n tal\u00e1lkozhatunk, a legfrissebb statisztik\u00e1k szerint ez 520 ezer forintot jelent, m\u00edg a t\u00e9gla-\u00e9s panellak\u00e1sok n\u00e9h\u00e1ny t\u00edzezer forinttal olcs\u00f3bb n\u00e9gyzetm\u00e9ter \u00e1ron ker\u00fclnek meghirdet\u00e9sre. M\u00e1r a dorogi ingatlan\u00e1rak is k\u00f6zel az orsz\u00e1gos \u00e1rszint k\u00f6r\u00fcl alakulnak, a telep\u00fcl\u00e9sen elad\u00f3 ingatlanok \u00e1tlagosan 420 \u00e9s 480 ezer forintos n\u00e9gyzetm\u00e9ter \u00e1ron ker\u00fclnek meghirdet\u00e9sre.<\/p>\n<p>A T\u00e1ton meghirdetett ingatlanok n\u00e9gyzetm\u00e9terenk\u00e9nti \u00e1tlag\u00e1ra nem sokkal az orsz\u00e1gos \u00e1tlag\u00e1r alatt tal\u00e1lhat\u00f3k, a legfrissebb adatok szerint ez 395 ezer forintot jelent. A vizsg\u00e1lt telep\u00fcl\u00e9sek k\u00f6z\u00fcl Nyerges\u00fajfalu telep\u00fcl\u00e9s\u00e9n a legolcs\u00f3bbak az \u00e1tlagos k\u00edn\u00e1lati \u00e1rak, a regisztr\u00e1lt adatok szerint 380 ezer forint egy n\u00e9gyzetm\u00e9ter \u00e1ra \u00e1tlagosan.<\/p>\n<p><em>Forr\u00e1s: <a href=\"https:\/\/creditline.hu\/\" target=\"_blank\" rel=\"noopener\"><span style=\"text-decoration: underline; color: #0000ff;\">Creditline.hu<\/span><\/a><br \/>\nBor\u00edt\u00f3k\u00e9p: T\u00f3th Kriszti\u00e1n<\/em><\/p>\n","protected":false},"excerpt":{"rendered":"<p>A jelenlegi kil\u00e1t\u00e1sok m\u00e9g mindig a hazai gazdas\u00e1gi helyzet bizonytalans\u00e1g\u00e1t vet\u00edtik el\u0151re, amely \u00e9pp\u00fagy lenyomatot hagy a magyar ingatlanpiacon is. Az szinte m\u00e1r biztos, hogy egy \u00fajabb lak\u00e1spiaci trendfordul\u00f3 szemtan\u00fai lehet\u00fcnk, az \u00e9vek \u00f3ta tart\u00f3 rohamos ingatlan\u00e1r-dr\u00e1gul\u00e1st k\u00f6vet\u0151en 2022 m\u00e1sodik fel\u00e9ben m\u00e1r a cs\u00f6kken\u0151 \u00e1rak \u00e9s visszaesett kereslet uralkodott a piacon. A kil\u00e1t\u00e1stalan gazdas\u00e1gi k\u00f6rnyezet<\/p>\n","protected":false},"author":1,"featured_media":0,"comment_status":"closed","ping_status":"closed","sticky":false,"template":"","format":"standard","meta":{"ngg_post_thumbnail":0,"footnotes":""},"categories":[2,3],"tags":[15,203],"class_list":{"0":"post-51279","1":"post","2":"type-post","3":"status-publish","4":"format-standard","6":"category-dorog","7":"category-hirek","8":"tag-dorog","9":"tag-ingatlan"},"yoast_head":"<!-- This site is optimized with the Yoast SEO plugin v27.4 - https:\/\/yoast.com\/product\/yoast-seo-wordpress\/ -->\n<title>\u00cdgy alakulhat id\u00e9n a Dorogi-medence ingatlanpiaca<\/title>\n<meta name=\"robots\" content=\"index, follow, max-snippet:-1, max-image-preview:large, max-video-preview:-1\" \/>\n<link rel=\"canonical\" href=\"https:\/\/dorogimedence.hu\/index.php\/2023\/03\/18\/igy-alakulhat-iden-a-dorogi-medence-ingatlanpiaca\/\" class=\"yoast-seo-meta-tag\" \/>\n<meta property=\"og:locale\" content=\"hu_HU\" class=\"yoast-seo-meta-tag\" \/>\n<meta property=\"og:type\" content=\"article\" class=\"yoast-seo-meta-tag\" \/>\n<meta property=\"og:title\" content=\"\u00cdgy alakulhat id\u00e9n a Dorogi-medence ingatlanpiaca\" class=\"yoast-seo-meta-tag\" \/>\n<meta property=\"og:description\" content=\"A jelenlegi kil\u00e1t\u00e1sok m\u00e9g mindig a hazai gazdas\u00e1gi helyzet bizonytalans\u00e1g\u00e1t vet\u00edtik el\u0151re, amely \u00e9pp\u00fagy lenyomatot hagy a magyar ingatlanpiacon is. Az szinte m\u00e1r biztos, hogy egy \u00fajabb lak\u00e1spiaci trendfordul\u00f3 szemtan\u00fai lehet\u00fcnk, az \u00e9vek \u00f3ta tart\u00f3 rohamos ingatlan\u00e1r-dr\u00e1gul\u00e1st k\u00f6vet\u0151en 2022 m\u00e1sodik fel\u00e9ben m\u00e1r a cs\u00f6kken\u0151 \u00e1rak \u00e9s visszaesett kereslet uralkodott a piacon. A kil\u00e1t\u00e1stalan gazdas\u00e1gi k\u00f6rnyezet\" class=\"yoast-seo-meta-tag\" \/>\n<meta property=\"og:url\" content=\"https:\/\/dorogimedence.hu\/index.php\/2023\/03\/18\/igy-alakulhat-iden-a-dorogi-medence-ingatlanpiaca\/\" class=\"yoast-seo-meta-tag\" \/>\n<meta property=\"og:site_name\" content=\"Dorogi-medence Region\u00e1lis H\u00edrport\u00e1l\" class=\"yoast-seo-meta-tag\" \/>\n<meta property=\"article:publisher\" content=\"https:\/\/www.facebook.com\/dorogimedence\/\" class=\"yoast-seo-meta-tag\" \/>\n<meta property=\"article:published_time\" content=\"2023-03-18T08:30:49+00:00\" class=\"yoast-seo-meta-tag\" \/>\n<meta property=\"article:modified_time\" content=\"2023-03-18T08:31:03+00:00\" class=\"yoast-seo-meta-tag\" \/>\n<meta property=\"og:image\" content=\"https:\/\/dorogimedence.hu\/wp-content\/uploads\/2023\/03\/286391081_5190145127706263_385595048751099501_n-scaled.jpg\" class=\"yoast-seo-meta-tag\" \/>\n\t<meta property=\"og:image:width\" content=\"2560\" class=\"yoast-seo-meta-tag\" \/>\n\t<meta property=\"og:image:height\" content=\"1257\" class=\"yoast-seo-meta-tag\" \/>\n\t<meta property=\"og:image:type\" content=\"image\/jpeg\" class=\"yoast-seo-meta-tag\" \/>\n<meta name=\"author\" content=\"dorogimedence.hu\" class=\"yoast-seo-meta-tag\" \/>\n<meta name=\"twitter:card\" content=\"summary_large_image\" class=\"yoast-seo-meta-tag\" \/>\n<meta name=\"twitter:label1\" content=\"Szerz\u0151:\" class=\"yoast-seo-meta-tag\" \/>\n\t<meta name=\"twitter:data1\" content=\"dorogimedence.hu\" class=\"yoast-seo-meta-tag\" \/>\n\t<meta name=\"twitter:label2\" content=\"Becs\u00fclt olvas\u00e1si id\u0151\" class=\"yoast-seo-meta-tag\" \/>\n\t<meta name=\"twitter:data2\" content=\"4 perc\" class=\"yoast-seo-meta-tag\" \/>\n<script type=\"application\/ld+json\" class=\"yoast-schema-graph\">{\"@context\":\"https:\\\/\\\/schema.org\",\"@graph\":[{\"@type\":\"Article\",\"@id\":\"https:\\\/\\\/dorogimedence.hu\\\/index.php\\\/2023\\\/03\\\/18\\\/igy-alakulhat-iden-a-dorogi-medence-ingatlanpiaca\\\/#article\",\"isPartOf\":{\"@id\":\"https:\\\/\\\/dorogimedence.hu\\\/index.php\\\/2023\\\/03\\\/18\\\/igy-alakulhat-iden-a-dorogi-medence-ingatlanpiaca\\\/\"},\"author\":{\"name\":\"dorogimedence.hu\",\"@id\":\"https:\\\/\\\/dorogimedence.hu\\\/#\\\/schema\\\/person\\\/ce6091eeb7e95ecdc87890d6aa8e0fd4\"},\"headline\":\"\u00cdgy alakulhat id\u00e9n a Dorogi-medence ingatlanpiaca\",\"datePublished\":\"2023-03-18T08:30:49+00:00\",\"dateModified\":\"2023-03-18T08:31:03+00:00\",\"mainEntityOfPage\":{\"@id\":\"https:\\\/\\\/dorogimedence.hu\\\/index.php\\\/2023\\\/03\\\/18\\\/igy-alakulhat-iden-a-dorogi-medence-ingatlanpiaca\\\/\"},\"wordCount\":710,\"publisher\":{\"@id\":\"https:\\\/\\\/dorogimedence.hu\\\/#organization\"},\"keywords\":[\"Dorog\",\"ingatlan\"],\"articleSection\":[\"Dorog\",\"H\u00edrek\"],\"inLanguage\":\"hu\"},{\"@type\":\"WebPage\",\"@id\":\"https:\\\/\\\/dorogimedence.hu\\\/index.php\\\/2023\\\/03\\\/18\\\/igy-alakulhat-iden-a-dorogi-medence-ingatlanpiaca\\\/\",\"url\":\"https:\\\/\\\/dorogimedence.hu\\\/index.php\\\/2023\\\/03\\\/18\\\/igy-alakulhat-iden-a-dorogi-medence-ingatlanpiaca\\\/\",\"name\":\"\u00cdgy alakulhat id\u00e9n a Dorogi-medence ingatlanpiaca\",\"isPartOf\":{\"@id\":\"https:\\\/\\\/dorogimedence.hu\\\/#website\"},\"datePublished\":\"2023-03-18T08:30:49+00:00\",\"dateModified\":\"2023-03-18T08:31:03+00:00\",\"breadcrumb\":{\"@id\":\"https:\\\/\\\/dorogimedence.hu\\\/index.php\\\/2023\\\/03\\\/18\\\/igy-alakulhat-iden-a-dorogi-medence-ingatlanpiaca\\\/#breadcrumb\"},\"inLanguage\":\"hu\",\"potentialAction\":[{\"@type\":\"ReadAction\",\"target\":[\"https:\\\/\\\/dorogimedence.hu\\\/index.php\\\/2023\\\/03\\\/18\\\/igy-alakulhat-iden-a-dorogi-medence-ingatlanpiaca\\\/\"]}]},{\"@type\":\"BreadcrumbList\",\"@id\":\"https:\\\/\\\/dorogimedence.hu\\\/index.php\\\/2023\\\/03\\\/18\\\/igy-alakulhat-iden-a-dorogi-medence-ingatlanpiaca\\\/#breadcrumb\",\"itemListElement\":[{\"@type\":\"ListItem\",\"position\":1,\"name\":\"Kezd\u0151lap\",\"item\":\"https:\\\/\\\/dorogimedence.hu\\\/\"},{\"@type\":\"ListItem\",\"position\":2,\"name\":\"\u00cdgy alakulhat id\u00e9n a Dorogi-medence ingatlanpiaca\"}]},{\"@type\":\"WebSite\",\"@id\":\"https:\\\/\\\/dorogimedence.hu\\\/#website\",\"url\":\"https:\\\/\\\/dorogimedence.hu\\\/\",\"name\":\"Dorogi-medence Region\u00e1lis H\u00edrport\u00e1l\",\"description\":\"Dorog, Keszt\u00f6lc, Le\u00e1nyv\u00e1r, Piliscs\u00e9v, Tokod, Tokodalt\u00e1r\u00f3, Csolnok, Esztergom-kertv\u00e1ros: h\u00edrek, programok\",\"publisher\":{\"@id\":\"https:\\\/\\\/dorogimedence.hu\\\/#organization\"},\"potentialAction\":[{\"@type\":\"SearchAction\",\"target\":{\"@type\":\"EntryPoint\",\"urlTemplate\":\"https:\\\/\\\/dorogimedence.hu\\\/?s={search_term_string}\"},\"query-input\":{\"@type\":\"PropertyValueSpecification\",\"valueRequired\":true,\"valueName\":\"search_term_string\"}}],\"inLanguage\":\"hu\"},{\"@type\":\"Organization\",\"@id\":\"https:\\\/\\\/dorogimedence.hu\\\/#organization\",\"name\":\"Dorogi-medence Region\u00e1lis H\u00edrport\u00e1l\",\"url\":\"https:\\\/\\\/dorogimedence.hu\\\/\",\"logo\":{\"@type\":\"ImageObject\",\"inLanguage\":\"hu\",\"@id\":\"https:\\\/\\\/dorogimedence.hu\\\/#\\\/schema\\\/logo\\\/image\\\/\",\"url\":\"https:\\\/\\\/dorogimedence.hu\\\/wp-content\\\/uploads\\\/2021\\\/04\\\/logo-feher-600.png\",\"contentUrl\":\"https:\\\/\\\/dorogimedence.hu\\\/wp-content\\\/uploads\\\/2021\\\/04\\\/logo-feher-600.png\",\"width\":600,\"height\":100,\"caption\":\"Dorogi-medence Region\u00e1lis H\u00edrport\u00e1l\"},\"image\":{\"@id\":\"https:\\\/\\\/dorogimedence.hu\\\/#\\\/schema\\\/logo\\\/image\\\/\"},\"sameAs\":[\"https:\\\/\\\/www.facebook.com\\\/dorogimedence\\\/\"]},{\"@type\":\"Person\",\"@id\":\"https:\\\/\\\/dorogimedence.hu\\\/#\\\/schema\\\/person\\\/ce6091eeb7e95ecdc87890d6aa8e0fd4\",\"name\":\"dorogimedence.hu\",\"image\":{\"@type\":\"ImageObject\",\"inLanguage\":\"hu\",\"@id\":\"\\\/\\\/www.gravatar.com\\\/avatar\\\/d8d45f8901aadff40a4af72c0b826f1d?s=96&#038;r=g&#038;d=mm\",\"url\":\"\\\/\\\/www.gravatar.com\\\/avatar\\\/d8d45f8901aadff40a4af72c0b826f1d?s=96&#038;r=g&#038;d=mm\",\"contentUrl\":\"\\\/\\\/www.gravatar.com\\\/avatar\\\/d8d45f8901aadff40a4af72c0b826f1d?s=96&#038;r=g&#038;d=mm\",\"caption\":\"dorogimedence.hu\"}}]}<\/script>\n<!-- \/ Yoast SEO plugin. -->","yoast_head_json":{"title":"\u00cdgy alakulhat id\u00e9n a Dorogi-medence ingatlanpiaca","robots":{"index":"index","follow":"follow","max-snippet":"max-snippet:-1","max-image-preview":"max-image-preview:large","max-video-preview":"max-video-preview:-1"},"canonical":"https:\/\/dorogimedence.hu\/index.php\/2023\/03\/18\/igy-alakulhat-iden-a-dorogi-medence-ingatlanpiaca\/","og_locale":"hu_HU","og_type":"article","og_title":"\u00cdgy alakulhat id\u00e9n a Dorogi-medence ingatlanpiaca","og_description":"A jelenlegi kil\u00e1t\u00e1sok m\u00e9g mindig a hazai gazdas\u00e1gi helyzet bizonytalans\u00e1g\u00e1t vet\u00edtik el\u0151re, amely \u00e9pp\u00fagy lenyomatot hagy a magyar ingatlanpiacon is. Az szinte m\u00e1r biztos, hogy egy \u00fajabb lak\u00e1spiaci trendfordul\u00f3 szemtan\u00fai lehet\u00fcnk, az \u00e9vek \u00f3ta tart\u00f3 rohamos ingatlan\u00e1r-dr\u00e1gul\u00e1st k\u00f6vet\u0151en 2022 m\u00e1sodik fel\u00e9ben m\u00e1r a cs\u00f6kken\u0151 \u00e1rak \u00e9s visszaesett kereslet uralkodott a piacon. A kil\u00e1t\u00e1stalan gazdas\u00e1gi k\u00f6rnyezet","og_url":"https:\/\/dorogimedence.hu\/index.php\/2023\/03\/18\/igy-alakulhat-iden-a-dorogi-medence-ingatlanpiaca\/","og_site_name":"Dorogi-medence Region\u00e1lis H\u00edrport\u00e1l","article_publisher":"https:\/\/www.facebook.com\/dorogimedence\/","article_published_time":"2023-03-18T08:30:49+00:00","article_modified_time":"2023-03-18T08:31:03+00:00","og_image":[{"width":2560,"height":1257,"url":"https:\/\/dorogimedence.hu\/wp-content\/uploads\/2023\/03\/286391081_5190145127706263_385595048751099501_n-scaled.jpg","type":"image\/jpeg"}],"author":"dorogimedence.hu","twitter_card":"summary_large_image","twitter_misc":{"Szerz\u0151:":"dorogimedence.hu","Becs\u00fclt olvas\u00e1si id\u0151":"4 perc"},"schema":{"@context":"https:\/\/schema.org","@graph":[{"@type":"Article","@id":"https:\/\/dorogimedence.hu\/index.php\/2023\/03\/18\/igy-alakulhat-iden-a-dorogi-medence-ingatlanpiaca\/#article","isPartOf":{"@id":"https:\/\/dorogimedence.hu\/index.php\/2023\/03\/18\/igy-alakulhat-iden-a-dorogi-medence-ingatlanpiaca\/"},"author":{"name":"dorogimedence.hu","@id":"https:\/\/dorogimedence.hu\/#\/schema\/person\/ce6091eeb7e95ecdc87890d6aa8e0fd4"},"headline":"\u00cdgy alakulhat id\u00e9n a Dorogi-medence ingatlanpiaca","datePublished":"2023-03-18T08:30:49+00:00","dateModified":"2023-03-18T08:31:03+00:00","mainEntityOfPage":{"@id":"https:\/\/dorogimedence.hu\/index.php\/2023\/03\/18\/igy-alakulhat-iden-a-dorogi-medence-ingatlanpiaca\/"},"wordCount":710,"publisher":{"@id":"https:\/\/dorogimedence.hu\/#organization"},"keywords":["Dorog","ingatlan"],"articleSection":["Dorog","H\u00edrek"],"inLanguage":"hu"},{"@type":"WebPage","@id":"https:\/\/dorogimedence.hu\/index.php\/2023\/03\/18\/igy-alakulhat-iden-a-dorogi-medence-ingatlanpiaca\/","url":"https:\/\/dorogimedence.hu\/index.php\/2023\/03\/18\/igy-alakulhat-iden-a-dorogi-medence-ingatlanpiaca\/","name":"\u00cdgy alakulhat id\u00e9n a Dorogi-medence ingatlanpiaca","isPartOf":{"@id":"https:\/\/dorogimedence.hu\/#website"},"datePublished":"2023-03-18T08:30:49+00:00","dateModified":"2023-03-18T08:31:03+00:00","breadcrumb":{"@id":"https:\/\/dorogimedence.hu\/index.php\/2023\/03\/18\/igy-alakulhat-iden-a-dorogi-medence-ingatlanpiaca\/#breadcrumb"},"inLanguage":"hu","potentialAction":[{"@type":"ReadAction","target":["https:\/\/dorogimedence.hu\/index.php\/2023\/03\/18\/igy-alakulhat-iden-a-dorogi-medence-ingatlanpiaca\/"]}]},{"@type":"BreadcrumbList","@id":"https:\/\/dorogimedence.hu\/index.php\/2023\/03\/18\/igy-alakulhat-iden-a-dorogi-medence-ingatlanpiaca\/#breadcrumb","itemListElement":[{"@type":"ListItem","position":1,"name":"Kezd\u0151lap","item":"https:\/\/dorogimedence.hu\/"},{"@type":"ListItem","position":2,"name":"\u00cdgy alakulhat id\u00e9n a Dorogi-medence ingatlanpiaca"}]},{"@type":"WebSite","@id":"https:\/\/dorogimedence.hu\/#website","url":"https:\/\/dorogimedence.hu\/","name":"Dorogi-medence Region\u00e1lis H\u00edrport\u00e1l","description":"Dorog, Keszt\u00f6lc, Le\u00e1nyv\u00e1r, Piliscs\u00e9v, Tokod, Tokodalt\u00e1r\u00f3, Csolnok, Esztergom-kertv\u00e1ros: h\u00edrek, programok","publisher":{"@id":"https:\/\/dorogimedence.hu\/#organization"},"potentialAction":[{"@type":"SearchAction","target":{"@type":"EntryPoint","urlTemplate":"https:\/\/dorogimedence.hu\/?s={search_term_string}"},"query-input":{"@type":"PropertyValueSpecification","valueRequired":true,"valueName":"search_term_string"}}],"inLanguage":"hu"},{"@type":"Organization","@id":"https:\/\/dorogimedence.hu\/#organization","name":"Dorogi-medence Region\u00e1lis H\u00edrport\u00e1l","url":"https:\/\/dorogimedence.hu\/","logo":{"@type":"ImageObject","inLanguage":"hu","@id":"https:\/\/dorogimedence.hu\/#\/schema\/logo\/image\/","url":"https:\/\/dorogimedence.hu\/wp-content\/uploads\/2021\/04\/logo-feher-600.png","contentUrl":"https:\/\/dorogimedence.hu\/wp-content\/uploads\/2021\/04\/logo-feher-600.png","width":600,"height":100,"caption":"Dorogi-medence Region\u00e1lis H\u00edrport\u00e1l"},"image":{"@id":"https:\/\/dorogimedence.hu\/#\/schema\/logo\/image\/"},"sameAs":["https:\/\/www.facebook.com\/dorogimedence\/"]},{"@type":"Person","@id":"https:\/\/dorogimedence.hu\/#\/schema\/person\/ce6091eeb7e95ecdc87890d6aa8e0fd4","name":"dorogimedence.hu","image":{"@type":"ImageObject","inLanguage":"hu","@id":"\/\/www.gravatar.com\/avatar\/d8d45f8901aadff40a4af72c0b826f1d?s=96&#038;r=g&#038;d=mm","url":"\/\/www.gravatar.com\/avatar\/d8d45f8901aadff40a4af72c0b826f1d?s=96&#038;r=g&#038;d=mm","contentUrl":"\/\/www.gravatar.com\/avatar\/d8d45f8901aadff40a4af72c0b826f1d?s=96&#038;r=g&#038;d=mm","caption":"dorogimedence.hu"}}]}},"_links":{"self":[{"href":"https:\/\/dorogimedence.hu\/index.php\/wp-json\/wp\/v2\/posts\/51279","targetHints":{"allow":["GET"]}}],"collection":[{"href":"https:\/\/dorogimedence.hu\/index.php\/wp-json\/wp\/v2\/posts"}],"about":[{"href":"https:\/\/dorogimedence.hu\/index.php\/wp-json\/wp\/v2\/types\/post"}],"author":[{"embeddable":true,"href":"https:\/\/dorogimedence.hu\/index.php\/wp-json\/wp\/v2\/users\/1"}],"replies":[{"embeddable":true,"href":"https:\/\/dorogimedence.hu\/index.php\/wp-json\/wp\/v2\/comments?post=51279"}],"version-history":[{"count":0,"href":"https:\/\/dorogimedence.hu\/index.php\/wp-json\/wp\/v2\/posts\/51279\/revisions"}],"wp:attachment":[{"href":"https:\/\/dorogimedence.hu\/index.php\/wp-json\/wp\/v2\/media?parent=51279"}],"wp:term":[{"taxonomy":"category","embeddable":true,"href":"https:\/\/dorogimedence.hu\/index.php\/wp-json\/wp\/v2\/categories?post=51279"},{"taxonomy":"post_tag","embeddable":true,"href":"https:\/\/dorogimedence.hu\/index.php\/wp-json\/wp\/v2\/tags?post=51279"}],"curies":[{"name":"wp","href":"https:\/\/api.w.org\/{rel}","templated":true}]}}