{"id":51180,"date":"2023-03-15T11:23:13","date_gmt":"2023-03-15T10:23:13","guid":{"rendered":"https:\/\/dorogimedence.hu\/?p=51180"},"modified":"2023-03-15T11:43:56","modified_gmt":"2023-03-15T10:43:56","slug":"unnepi-megemlekezest-tartottak-dorogon","status":"publish","type":"post","link":"https:\/\/dorogimedence.hu\/index.php\/2023\/03\/15\/unnepi-megemlekezest-tartottak-dorogon\/","title":{"rendered":"\u00dcnnepi megeml\u00e9kez\u00e9st tartottak Dorogon"},"content":{"rendered":"<p><strong>Az 1848-49-es forradalom \u00e9s szabads\u00e1gharc 175. \u00e9s Pet\u0151fi S\u00e1ndor sz\u00fclet\u00e9s\u00e9nek 200. \u00e9vfordul\u00f3ja alkalm\u00e1b\u00f3l \u00fcnnepi megeml\u00e9kez\u00e9st tartottak 2023. m\u00e1rcius 15-\u00e9n Dorogon, a Pet\u0151fi t\u00e9ren.<\/strong><\/p>\n<p>A himnusz el\u00e9nekl\u00e9se ut\u00e1n az esem\u00e9nyen elhangzott, hogy \u00f6t \u00e9vvel ezel\u0151tt avatt\u00e1k fel, a lobog\u00f3tart\u00f3kkal d\u00edsz\u00edtett, meg\u00fajult teret, Kucs B\u00e9la szobr\u00e1szm\u0171v\u00e9sz Pet\u0151fi-szobr\u00e1val.<\/p>\n<p><img fetchpriority=\"high\" decoding=\"async\" class=\"alignnone size-full wp-image-51183\" src=\"https:\/\/dorogimedence.hu\/wp-content\/uploads\/2023\/03\/marcius15-02.jpg\" alt=\"\" width=\"1920\" height=\"1280\" srcset=\"https:\/\/dorogimedence.hu\/wp-content\/uploads\/2023\/03\/marcius15-02.jpg 1920w, https:\/\/dorogimedence.hu\/wp-content\/uploads\/2023\/03\/marcius15-02-300x200.jpg 300w, https:\/\/dorogimedence.hu\/wp-content\/uploads\/2023\/03\/marcius15-02-1024x683.jpg 1024w, https:\/\/dorogimedence.hu\/wp-content\/uploads\/2023\/03\/marcius15-02-768x512.jpg 768w, https:\/\/dorogimedence.hu\/wp-content\/uploads\/2023\/03\/marcius15-02-1536x1024.jpg 1536w, https:\/\/dorogimedence.hu\/wp-content\/uploads\/2023\/03\/marcius15-02-150x100.jpg 150w, https:\/\/dorogimedence.hu\/wp-content\/uploads\/2023\/03\/marcius15-02-450x300.jpg 450w, https:\/\/dorogimedence.hu\/wp-content\/uploads\/2023\/03\/marcius15-02-1200x800.jpg 1200w, https:\/\/dorogimedence.hu\/wp-content\/uploads\/2023\/03\/marcius15-02-272x182.jpg 272w\" sizes=\"(max-width: 1920px) 100vw, 1920px\" \/><\/p>\n<p>Pet\u0151fi sz\u00fclet\u00e9s\u00e9nek 200. \u00e9vfordul\u00f3j\u00e1ra is eml\u00e9kezve a GlobArt M\u0171v\u00e9szeti Egyes\u00fclet m\u0171sorral id\u00e9zte fel a m\u00e1rciusi esem\u00e9nyek forradalmi eszm\u00e9it, megeml\u00e9kezve a m\u00e1rciusi eszm\u00e9ket tettekre v\u00e1lt\u00f3 ifj\u00fakr\u00f3l. A m\u0171sorban k\u00f6zrem\u0171k\u00f6d\u00f6tt D\u00f6rnyei Szabolcs git\u00e1rm\u0171v\u00e9sz, Mladoniczki D\u00e1vid sz\u00ednm\u0171v\u00e9sz-\u00e9nekes, Partos Dorka fuvolam\u0171v\u00e9sz, Szab\u00f3 Em\u0151ke sz\u00ednm\u0171v\u00e9sz \u00e9s Szili Vera t\u00e1ncm\u0171v\u00e9sz. A darabot Somogyi Andrea rendezte.<\/p>\n<p><img decoding=\"async\" class=\"alignnone size-full wp-image-51184\" src=\"https:\/\/dorogimedence.hu\/wp-content\/uploads\/2023\/03\/marcius15-03.jpg\" alt=\"\" width=\"1920\" height=\"1138\" srcset=\"https:\/\/dorogimedence.hu\/wp-content\/uploads\/2023\/03\/marcius15-03.jpg 1920w, https:\/\/dorogimedence.hu\/wp-content\/uploads\/2023\/03\/marcius15-03-300x178.jpg 300w, https:\/\/dorogimedence.hu\/wp-content\/uploads\/2023\/03\/marcius15-03-1024x607.jpg 1024w, https:\/\/dorogimedence.hu\/wp-content\/uploads\/2023\/03\/marcius15-03-768x455.jpg 768w, https:\/\/dorogimedence.hu\/wp-content\/uploads\/2023\/03\/marcius15-03-1536x910.jpg 1536w, https:\/\/dorogimedence.hu\/wp-content\/uploads\/2023\/03\/marcius15-03-150x89.jpg 150w, https:\/\/dorogimedence.hu\/wp-content\/uploads\/2023\/03\/marcius15-03-450x267.jpg 450w, https:\/\/dorogimedence.hu\/wp-content\/uploads\/2023\/03\/marcius15-03-1200x711.jpg 1200w\" sizes=\"(max-width: 1920px) 100vw, 1920px\" \/><\/p>\n<p>A m\u0171sor ut\u00e1n a forradalom \u00e9s szabads\u00e1gharc h\u0151seinek eml\u00e9ke el\u0151tti tisztelg\u00e9sk\u00e9nt a Pet\u0151fi-szoborn\u00e1l koszor\u00fat helyezett el Dorog V\u00e1ros \u00d6nkorm\u00e1nyzata nev\u00e9ben dr. Tittmann J\u00e1nos polg\u00e1rmester, J\u00e1szber\u00e9nyi K\u00e1roly \u00e9s Dank\u00f3 Krist\u00f3f alpolg\u00e1rmesterek, a dorogi n\u00e9met, roma, szlov\u00e1k nemzetis\u00e9gi \u00f6nkorm\u00e1nyzatok, Dorog v\u00e1ros int\u00e9zm\u00e9nyei, Dorog V\u00e1ros Bar\u00e1tainak Egyes\u00fclete, Dorogi Ipartest\u00fclet, Dorogi Nyugd\u00edjas Egyes\u00fclet, Civilek a Fejl\u0151d\u0151 V\u00e1ros\u00e9rt Egyes\u00fclet, Baumit Kft., Richter Gedeon Nyrt., Veolia Energia Magyarorsz\u00e1g Kft., Demokratikus Koal\u00edci\u00f3 Dorogi Szervezete, MSZP v\u00e1rosi szervezete.<\/p>\n<p>A koszor\u00faz\u00e1s ut\u00e1n az \u00fcnneps\u00e9g z\u00e1r\u00e1sak\u00e9nt a r\u00e9sztvev\u0151k k\u00f6z\u00f6sen el\u00e9nekelt\u00e9k a sz\u00f3zatot.<\/p>\n<p><img decoding=\"async\" class=\"alignnone size-full wp-image-51185\" src=\"https:\/\/dorogimedence.hu\/wp-content\/uploads\/2023\/03\/marcius15-04.jpg\" alt=\"\" width=\"1920\" height=\"1137\" srcset=\"https:\/\/dorogimedence.hu\/wp-content\/uploads\/2023\/03\/marcius15-04.jpg 1920w, https:\/\/dorogimedence.hu\/wp-content\/uploads\/2023\/03\/marcius15-04-300x178.jpg 300w, https:\/\/dorogimedence.hu\/wp-content\/uploads\/2023\/03\/marcius15-04-1024x606.jpg 1024w, https:\/\/dorogimedence.hu\/wp-content\/uploads\/2023\/03\/marcius15-04-768x455.jpg 768w, https:\/\/dorogimedence.hu\/wp-content\/uploads\/2023\/03\/marcius15-04-1536x910.jpg 1536w, https:\/\/dorogimedence.hu\/wp-content\/uploads\/2023\/03\/marcius15-04-150x89.jpg 150w, https:\/\/dorogimedence.hu\/wp-content\/uploads\/2023\/03\/marcius15-04-450x266.jpg 450w, https:\/\/dorogimedence.hu\/wp-content\/uploads\/2023\/03\/marcius15-04-1200x711.jpg 1200w\" sizes=\"(max-width: 1920px) 100vw, 1920px\" \/><\/p>\n","protected":false},"excerpt":{"rendered":"<p>Az 1848-49-es forradalom \u00e9s szabads\u00e1gharc 175. \u00e9s Pet\u0151fi S\u00e1ndor sz\u00fclet\u00e9s\u00e9nek 200. \u00e9vfordul\u00f3ja alkalm\u00e1b\u00f3l \u00fcnnepi megeml\u00e9kez\u00e9st tartottak 2023. m\u00e1rcius 15-\u00e9n Dorogon, a Pet\u0151fi t\u00e9ren. A himnusz el\u00e9nekl\u00e9se ut\u00e1n az esem\u00e9nyen elhangzott, hogy \u00f6t \u00e9vvel ezel\u0151tt avatt\u00e1k fel, a lobog\u00f3tart\u00f3kkal d\u00edsz\u00edtett, meg\u00fajult teret, Kucs B\u00e9la szobr\u00e1szm\u0171v\u00e9sz Pet\u0151fi-szobr\u00e1val. Pet\u0151fi sz\u00fclet\u00e9s\u00e9nek 200. \u00e9vfordul\u00f3j\u00e1ra is eml\u00e9kezve a GlobArt M\u0171v\u00e9szeti Egyes\u00fclet<\/p>\n","protected":false},"author":1,"featured_media":51182,"comment_status":"closed","ping_status":"closed","sticky":false,"template":"","format":"standard","meta":{"ngg_post_thumbnail":0,"footnotes":""},"categories":[2,3],"tags":[446,15,5624,1729,443,192],"class_list":{"0":"post-51180","1":"post","2":"type-post","3":"status-publish","4":"format-standard","5":"has-post-thumbnail","7":"category-dorog","8":"category-hirek","9":"tag-446","10":"tag-dorog","11":"tag-featured","12":"tag-forradalom-es-szabadsagharc","13":"tag-marcius-15","14":"tag-megemlekezes"},"yoast_head":"<!-- This site is optimized with the Yoast SEO plugin v27.5 - https:\/\/yoast.com\/product\/yoast-seo-wordpress\/ -->\n<title>\u00dcnnepi megeml\u00e9kez\u00e9st tartottak Dorogon<\/title>\n<meta name=\"robots\" content=\"index, follow, max-snippet:-1, max-image-preview:large, max-video-preview:-1\" \/>\n<link rel=\"canonical\" href=\"https:\/\/dorogimedence.hu\/index.php\/2023\/03\/15\/unnepi-megemlekezest-tartottak-dorogon\/\" class=\"yoast-seo-meta-tag\" \/>\n<meta property=\"og:locale\" content=\"hu_HU\" class=\"yoast-seo-meta-tag\" \/>\n<meta property=\"og:type\" content=\"article\" class=\"yoast-seo-meta-tag\" \/>\n<meta property=\"og:title\" content=\"\u00dcnnepi megeml\u00e9kez\u00e9st tartottak Dorogon\" class=\"yoast-seo-meta-tag\" \/>\n<meta property=\"og:description\" content=\"Az 1848-49-es forradalom \u00e9s szabads\u00e1gharc 175. \u00e9s Pet\u0151fi S\u00e1ndor sz\u00fclet\u00e9s\u00e9nek 200. \u00e9vfordul\u00f3ja alkalm\u00e1b\u00f3l \u00fcnnepi megeml\u00e9kez\u00e9st tartottak 2023. m\u00e1rcius 15-\u00e9n Dorogon, a Pet\u0151fi t\u00e9ren. A himnusz el\u00e9nekl\u00e9se ut\u00e1n az esem\u00e9nyen elhangzott, hogy \u00f6t \u00e9vvel ezel\u0151tt avatt\u00e1k fel, a lobog\u00f3tart\u00f3kkal d\u00edsz\u00edtett, meg\u00fajult teret, Kucs B\u00e9la szobr\u00e1szm\u0171v\u00e9sz Pet\u0151fi-szobr\u00e1val. Pet\u0151fi sz\u00fclet\u00e9s\u00e9nek 200. \u00e9vfordul\u00f3j\u00e1ra is eml\u00e9kezve a GlobArt M\u0171v\u00e9szeti Egyes\u00fclet\" class=\"yoast-seo-meta-tag\" \/>\n<meta property=\"og:url\" content=\"https:\/\/dorogimedence.hu\/index.php\/2023\/03\/15\/unnepi-megemlekezest-tartottak-dorogon\/\" class=\"yoast-seo-meta-tag\" \/>\n<meta property=\"og:site_name\" content=\"Dorogi-medence Region\u00e1lis H\u00edrport\u00e1l\" class=\"yoast-seo-meta-tag\" \/>\n<meta property=\"article:publisher\" content=\"https:\/\/www.facebook.com\/dorogimedence\/\" class=\"yoast-seo-meta-tag\" \/>\n<meta property=\"article:published_time\" content=\"2023-03-15T10:23:13+00:00\" class=\"yoast-seo-meta-tag\" \/>\n<meta property=\"article:modified_time\" content=\"2023-03-15T10:43:56+00:00\" class=\"yoast-seo-meta-tag\" \/>\n<meta property=\"og:image\" content=\"https:\/\/dorogimedence.hu\/wp-content\/uploads\/2023\/03\/marcius15-01.jpg\" class=\"yoast-seo-meta-tag\" \/>\n\t<meta property=\"og:image:width\" content=\"1920\" class=\"yoast-seo-meta-tag\" \/>\n\t<meta property=\"og:image:height\" content=\"1056\" class=\"yoast-seo-meta-tag\" \/>\n\t<meta property=\"og:image:type\" content=\"image\/jpeg\" class=\"yoast-seo-meta-tag\" \/>\n<meta name=\"author\" content=\"dorogimedence.hu\" class=\"yoast-seo-meta-tag\" \/>\n<meta name=\"twitter:card\" content=\"summary_large_image\" class=\"yoast-seo-meta-tag\" \/>\n<meta name=\"twitter:label1\" content=\"Szerz\u0151:\" class=\"yoast-seo-meta-tag\" \/>\n\t<meta name=\"twitter:data1\" content=\"dorogimedence.hu\" class=\"yoast-seo-meta-tag\" \/>\n\t<meta name=\"twitter:label2\" content=\"Becs\u00fclt olvas\u00e1si id\u0151\" class=\"yoast-seo-meta-tag\" \/>\n\t<meta name=\"twitter:data2\" content=\"2 perc\" class=\"yoast-seo-meta-tag\" \/>\n<script type=\"application\/ld+json\" class=\"yoast-schema-graph\">{\"@context\":\"https:\\\/\\\/schema.org\",\"@graph\":[{\"@type\":\"Article\",\"@id\":\"https:\\\/\\\/dorogimedence.hu\\\/index.php\\\/2023\\\/03\\\/15\\\/unnepi-megemlekezest-tartottak-dorogon\\\/#article\",\"isPartOf\":{\"@id\":\"https:\\\/\\\/dorogimedence.hu\\\/index.php\\\/2023\\\/03\\\/15\\\/unnepi-megemlekezest-tartottak-dorogon\\\/\"},\"author\":{\"name\":\"dorogimedence.hu\",\"@id\":\"https:\\\/\\\/dorogimedence.hu\\\/#\\\/schema\\\/person\\\/ce6091eeb7e95ecdc87890d6aa8e0fd4\"},\"headline\":\"\u00dcnnepi megeml\u00e9kez\u00e9st tartottak Dorogon\",\"datePublished\":\"2023-03-15T10:23:13+00:00\",\"dateModified\":\"2023-03-15T10:43:56+00:00\",\"mainEntityOfPage\":{\"@id\":\"https:\\\/\\\/dorogimedence.hu\\\/index.php\\\/2023\\\/03\\\/15\\\/unnepi-megemlekezest-tartottak-dorogon\\\/\"},\"wordCount\":310,\"publisher\":{\"@id\":\"https:\\\/\\\/dorogimedence.hu\\\/#organization\"},\"image\":{\"@id\":\"https:\\\/\\\/dorogimedence.hu\\\/index.php\\\/2023\\\/03\\\/15\\\/unnepi-megemlekezest-tartottak-dorogon\\\/#primaryimage\"},\"thumbnailUrl\":\"https:\\\/\\\/dorogimedence.hu\\\/wp-content\\\/uploads\\\/2023\\\/03\\\/marcius15-01.jpg\",\"keywords\":[\"1848\",\"Dorog\",\"featured\",\"forradalom \u00e9s szabads\u00e1gharc\",\"M\u00e1rcius 15\",\"megeml\u00e9kez\u00e9s\"],\"articleSection\":[\"Dorog\",\"H\u00edrek\"],\"inLanguage\":\"hu\"},{\"@type\":\"WebPage\",\"@id\":\"https:\\\/\\\/dorogimedence.hu\\\/index.php\\\/2023\\\/03\\\/15\\\/unnepi-megemlekezest-tartottak-dorogon\\\/\",\"url\":\"https:\\\/\\\/dorogimedence.hu\\\/index.php\\\/2023\\\/03\\\/15\\\/unnepi-megemlekezest-tartottak-dorogon\\\/\",\"name\":\"\u00dcnnepi megeml\u00e9kez\u00e9st tartottak Dorogon\",\"isPartOf\":{\"@id\":\"https:\\\/\\\/dorogimedence.hu\\\/#website\"},\"primaryImageOfPage\":{\"@id\":\"https:\\\/\\\/dorogimedence.hu\\\/index.php\\\/2023\\\/03\\\/15\\\/unnepi-megemlekezest-tartottak-dorogon\\\/#primaryimage\"},\"image\":{\"@id\":\"https:\\\/\\\/dorogimedence.hu\\\/index.php\\\/2023\\\/03\\\/15\\\/unnepi-megemlekezest-tartottak-dorogon\\\/#primaryimage\"},\"thumbnailUrl\":\"https:\\\/\\\/dorogimedence.hu\\\/wp-content\\\/uploads\\\/2023\\\/03\\\/marcius15-01.jpg\",\"datePublished\":\"2023-03-15T10:23:13+00:00\",\"dateModified\":\"2023-03-15T10:43:56+00:00\",\"breadcrumb\":{\"@id\":\"https:\\\/\\\/dorogimedence.hu\\\/index.php\\\/2023\\\/03\\\/15\\\/unnepi-megemlekezest-tartottak-dorogon\\\/#breadcrumb\"},\"inLanguage\":\"hu\",\"potentialAction\":[{\"@type\":\"ReadAction\",\"target\":[\"https:\\\/\\\/dorogimedence.hu\\\/index.php\\\/2023\\\/03\\\/15\\\/unnepi-megemlekezest-tartottak-dorogon\\\/\"]}]},{\"@type\":\"ImageObject\",\"inLanguage\":\"hu\",\"@id\":\"https:\\\/\\\/dorogimedence.hu\\\/index.php\\\/2023\\\/03\\\/15\\\/unnepi-megemlekezest-tartottak-dorogon\\\/#primaryimage\",\"url\":\"https:\\\/\\\/dorogimedence.hu\\\/wp-content\\\/uploads\\\/2023\\\/03\\\/marcius15-01.jpg\",\"contentUrl\":\"https:\\\/\\\/dorogimedence.hu\\\/wp-content\\\/uploads\\\/2023\\\/03\\\/marcius15-01.jpg\",\"width\":1920,\"height\":1056},{\"@type\":\"BreadcrumbList\",\"@id\":\"https:\\\/\\\/dorogimedence.hu\\\/index.php\\\/2023\\\/03\\\/15\\\/unnepi-megemlekezest-tartottak-dorogon\\\/#breadcrumb\",\"itemListElement\":[{\"@type\":\"ListItem\",\"position\":1,\"name\":\"Kezd\u0151lap\",\"item\":\"https:\\\/\\\/dorogimedence.hu\\\/\"},{\"@type\":\"ListItem\",\"position\":2,\"name\":\"\u00dcnnepi megeml\u00e9kez\u00e9st tartottak Dorogon\"}]},{\"@type\":\"WebSite\",\"@id\":\"https:\\\/\\\/dorogimedence.hu\\\/#website\",\"url\":\"https:\\\/\\\/dorogimedence.hu\\\/\",\"name\":\"Dorogi-medence Region\u00e1lis H\u00edrport\u00e1l\",\"description\":\"Dorog, Keszt\u00f6lc, Le\u00e1nyv\u00e1r, Piliscs\u00e9v, Tokod, Tokodalt\u00e1r\u00f3, Csolnok, Esztergom-kertv\u00e1ros: h\u00edrek, programok\",\"publisher\":{\"@id\":\"https:\\\/\\\/dorogimedence.hu\\\/#organization\"},\"potentialAction\":[{\"@type\":\"SearchAction\",\"target\":{\"@type\":\"EntryPoint\",\"urlTemplate\":\"https:\\\/\\\/dorogimedence.hu\\\/?s={search_term_string}\"},\"query-input\":{\"@type\":\"PropertyValueSpecification\",\"valueRequired\":true,\"valueName\":\"search_term_string\"}}],\"inLanguage\":\"hu\"},{\"@type\":\"Organization\",\"@id\":\"https:\\\/\\\/dorogimedence.hu\\\/#organization\",\"name\":\"Dorogi-medence Region\u00e1lis H\u00edrport\u00e1l\",\"url\":\"https:\\\/\\\/dorogimedence.hu\\\/\",\"logo\":{\"@type\":\"ImageObject\",\"inLanguage\":\"hu\",\"@id\":\"https:\\\/\\\/dorogimedence.hu\\\/#\\\/schema\\\/logo\\\/image\\\/\",\"url\":\"https:\\\/\\\/dorogimedence.hu\\\/wp-content\\\/uploads\\\/2021\\\/04\\\/logo-feher-600.png\",\"contentUrl\":\"https:\\\/\\\/dorogimedence.hu\\\/wp-content\\\/uploads\\\/2021\\\/04\\\/logo-feher-600.png\",\"width\":600,\"height\":100,\"caption\":\"Dorogi-medence Region\u00e1lis H\u00edrport\u00e1l\"},\"image\":{\"@id\":\"https:\\\/\\\/dorogimedence.hu\\\/#\\\/schema\\\/logo\\\/image\\\/\"},\"sameAs\":[\"https:\\\/\\\/www.facebook.com\\\/dorogimedence\\\/\"]},{\"@type\":\"Person\",\"@id\":\"https:\\\/\\\/dorogimedence.hu\\\/#\\\/schema\\\/person\\\/ce6091eeb7e95ecdc87890d6aa8e0fd4\",\"name\":\"dorogimedence.hu\",\"image\":{\"@type\":\"ImageObject\",\"inLanguage\":\"hu\",\"@id\":\"\\\/\\\/www.gravatar.com\\\/avatar\\\/d8d45f8901aadff40a4af72c0b826f1d?s=96&#038;r=g&#038;d=mm\",\"url\":\"\\\/\\\/www.gravatar.com\\\/avatar\\\/d8d45f8901aadff40a4af72c0b826f1d?s=96&#038;r=g&#038;d=mm\",\"contentUrl\":\"\\\/\\\/www.gravatar.com\\\/avatar\\\/d8d45f8901aadff40a4af72c0b826f1d?s=96&#038;r=g&#038;d=mm\",\"caption\":\"dorogimedence.hu\"}}]}<\/script>\n<!-- \/ Yoast SEO plugin. -->","yoast_head_json":{"title":"\u00dcnnepi megeml\u00e9kez\u00e9st tartottak Dorogon","robots":{"index":"index","follow":"follow","max-snippet":"max-snippet:-1","max-image-preview":"max-image-preview:large","max-video-preview":"max-video-preview:-1"},"canonical":"https:\/\/dorogimedence.hu\/index.php\/2023\/03\/15\/unnepi-megemlekezest-tartottak-dorogon\/","og_locale":"hu_HU","og_type":"article","og_title":"\u00dcnnepi megeml\u00e9kez\u00e9st tartottak Dorogon","og_description":"Az 1848-49-es forradalom \u00e9s szabads\u00e1gharc 175. \u00e9s Pet\u0151fi S\u00e1ndor sz\u00fclet\u00e9s\u00e9nek 200. \u00e9vfordul\u00f3ja alkalm\u00e1b\u00f3l \u00fcnnepi megeml\u00e9kez\u00e9st tartottak 2023. m\u00e1rcius 15-\u00e9n Dorogon, a Pet\u0151fi t\u00e9ren. A himnusz el\u00e9nekl\u00e9se ut\u00e1n az esem\u00e9nyen elhangzott, hogy \u00f6t \u00e9vvel ezel\u0151tt avatt\u00e1k fel, a lobog\u00f3tart\u00f3kkal d\u00edsz\u00edtett, meg\u00fajult teret, Kucs B\u00e9la szobr\u00e1szm\u0171v\u00e9sz Pet\u0151fi-szobr\u00e1val. Pet\u0151fi sz\u00fclet\u00e9s\u00e9nek 200. \u00e9vfordul\u00f3j\u00e1ra is eml\u00e9kezve a GlobArt M\u0171v\u00e9szeti Egyes\u00fclet","og_url":"https:\/\/dorogimedence.hu\/index.php\/2023\/03\/15\/unnepi-megemlekezest-tartottak-dorogon\/","og_site_name":"Dorogi-medence Region\u00e1lis H\u00edrport\u00e1l","article_publisher":"https:\/\/www.facebook.com\/dorogimedence\/","article_published_time":"2023-03-15T10:23:13+00:00","article_modified_time":"2023-03-15T10:43:56+00:00","og_image":[{"width":1920,"height":1056,"url":"https:\/\/dorogimedence.hu\/wp-content\/uploads\/2023\/03\/marcius15-01.jpg","type":"image\/jpeg"}],"author":"dorogimedence.hu","twitter_card":"summary_large_image","twitter_misc":{"Szerz\u0151:":"dorogimedence.hu","Becs\u00fclt olvas\u00e1si id\u0151":"2 perc"},"schema":{"@context":"https:\/\/schema.org","@graph":[{"@type":"Article","@id":"https:\/\/dorogimedence.hu\/index.php\/2023\/03\/15\/unnepi-megemlekezest-tartottak-dorogon\/#article","isPartOf":{"@id":"https:\/\/dorogimedence.hu\/index.php\/2023\/03\/15\/unnepi-megemlekezest-tartottak-dorogon\/"},"author":{"name":"dorogimedence.hu","@id":"https:\/\/dorogimedence.hu\/#\/schema\/person\/ce6091eeb7e95ecdc87890d6aa8e0fd4"},"headline":"\u00dcnnepi megeml\u00e9kez\u00e9st tartottak Dorogon","datePublished":"2023-03-15T10:23:13+00:00","dateModified":"2023-03-15T10:43:56+00:00","mainEntityOfPage":{"@id":"https:\/\/dorogimedence.hu\/index.php\/2023\/03\/15\/unnepi-megemlekezest-tartottak-dorogon\/"},"wordCount":310,"publisher":{"@id":"https:\/\/dorogimedence.hu\/#organization"},"image":{"@id":"https:\/\/dorogimedence.hu\/index.php\/2023\/03\/15\/unnepi-megemlekezest-tartottak-dorogon\/#primaryimage"},"thumbnailUrl":"https:\/\/dorogimedence.hu\/wp-content\/uploads\/2023\/03\/marcius15-01.jpg","keywords":["1848","Dorog","featured","forradalom \u00e9s szabads\u00e1gharc","M\u00e1rcius 15","megeml\u00e9kez\u00e9s"],"articleSection":["Dorog","H\u00edrek"],"inLanguage":"hu"},{"@type":"WebPage","@id":"https:\/\/dorogimedence.hu\/index.php\/2023\/03\/15\/unnepi-megemlekezest-tartottak-dorogon\/","url":"https:\/\/dorogimedence.hu\/index.php\/2023\/03\/15\/unnepi-megemlekezest-tartottak-dorogon\/","name":"\u00dcnnepi megeml\u00e9kez\u00e9st tartottak Dorogon","isPartOf":{"@id":"https:\/\/dorogimedence.hu\/#website"},"primaryImageOfPage":{"@id":"https:\/\/dorogimedence.hu\/index.php\/2023\/03\/15\/unnepi-megemlekezest-tartottak-dorogon\/#primaryimage"},"image":{"@id":"https:\/\/dorogimedence.hu\/index.php\/2023\/03\/15\/unnepi-megemlekezest-tartottak-dorogon\/#primaryimage"},"thumbnailUrl":"https:\/\/dorogimedence.hu\/wp-content\/uploads\/2023\/03\/marcius15-01.jpg","datePublished":"2023-03-15T10:23:13+00:00","dateModified":"2023-03-15T10:43:56+00:00","breadcrumb":{"@id":"https:\/\/dorogimedence.hu\/index.php\/2023\/03\/15\/unnepi-megemlekezest-tartottak-dorogon\/#breadcrumb"},"inLanguage":"hu","potentialAction":[{"@type":"ReadAction","target":["https:\/\/dorogimedence.hu\/index.php\/2023\/03\/15\/unnepi-megemlekezest-tartottak-dorogon\/"]}]},{"@type":"ImageObject","inLanguage":"hu","@id":"https:\/\/dorogimedence.hu\/index.php\/2023\/03\/15\/unnepi-megemlekezest-tartottak-dorogon\/#primaryimage","url":"https:\/\/dorogimedence.hu\/wp-content\/uploads\/2023\/03\/marcius15-01.jpg","contentUrl":"https:\/\/dorogimedence.hu\/wp-content\/uploads\/2023\/03\/marcius15-01.jpg","width":1920,"height":1056},{"@type":"BreadcrumbList","@id":"https:\/\/dorogimedence.hu\/index.php\/2023\/03\/15\/unnepi-megemlekezest-tartottak-dorogon\/#breadcrumb","itemListElement":[{"@type":"ListItem","position":1,"name":"Kezd\u0151lap","item":"https:\/\/dorogimedence.hu\/"},{"@type":"ListItem","position":2,"name":"\u00dcnnepi megeml\u00e9kez\u00e9st tartottak Dorogon"}]},{"@type":"WebSite","@id":"https:\/\/dorogimedence.hu\/#website","url":"https:\/\/dorogimedence.hu\/","name":"Dorogi-medence Region\u00e1lis H\u00edrport\u00e1l","description":"Dorog, Keszt\u00f6lc, Le\u00e1nyv\u00e1r, Piliscs\u00e9v, Tokod, Tokodalt\u00e1r\u00f3, Csolnok, Esztergom-kertv\u00e1ros: h\u00edrek, programok","publisher":{"@id":"https:\/\/dorogimedence.hu\/#organization"},"potentialAction":[{"@type":"SearchAction","target":{"@type":"EntryPoint","urlTemplate":"https:\/\/dorogimedence.hu\/?s={search_term_string}"},"query-input":{"@type":"PropertyValueSpecification","valueRequired":true,"valueName":"search_term_string"}}],"inLanguage":"hu"},{"@type":"Organization","@id":"https:\/\/dorogimedence.hu\/#organization","name":"Dorogi-medence Region\u00e1lis H\u00edrport\u00e1l","url":"https:\/\/dorogimedence.hu\/","logo":{"@type":"ImageObject","inLanguage":"hu","@id":"https:\/\/dorogimedence.hu\/#\/schema\/logo\/image\/","url":"https:\/\/dorogimedence.hu\/wp-content\/uploads\/2021\/04\/logo-feher-600.png","contentUrl":"https:\/\/dorogimedence.hu\/wp-content\/uploads\/2021\/04\/logo-feher-600.png","width":600,"height":100,"caption":"Dorogi-medence Region\u00e1lis H\u00edrport\u00e1l"},"image":{"@id":"https:\/\/dorogimedence.hu\/#\/schema\/logo\/image\/"},"sameAs":["https:\/\/www.facebook.com\/dorogimedence\/"]},{"@type":"Person","@id":"https:\/\/dorogimedence.hu\/#\/schema\/person\/ce6091eeb7e95ecdc87890d6aa8e0fd4","name":"dorogimedence.hu","image":{"@type":"ImageObject","inLanguage":"hu","@id":"\/\/www.gravatar.com\/avatar\/d8d45f8901aadff40a4af72c0b826f1d?s=96&#038;r=g&#038;d=mm","url":"\/\/www.gravatar.com\/avatar\/d8d45f8901aadff40a4af72c0b826f1d?s=96&#038;r=g&#038;d=mm","contentUrl":"\/\/www.gravatar.com\/avatar\/d8d45f8901aadff40a4af72c0b826f1d?s=96&#038;r=g&#038;d=mm","caption":"dorogimedence.hu"}}]}},"_links":{"self":[{"href":"https:\/\/dorogimedence.hu\/index.php\/wp-json\/wp\/v2\/posts\/51180","targetHints":{"allow":["GET"]}}],"collection":[{"href":"https:\/\/dorogimedence.hu\/index.php\/wp-json\/wp\/v2\/posts"}],"about":[{"href":"https:\/\/dorogimedence.hu\/index.php\/wp-json\/wp\/v2\/types\/post"}],"author":[{"embeddable":true,"href":"https:\/\/dorogimedence.hu\/index.php\/wp-json\/wp\/v2\/users\/1"}],"replies":[{"embeddable":true,"href":"https:\/\/dorogimedence.hu\/index.php\/wp-json\/wp\/v2\/comments?post=51180"}],"version-history":[{"count":0,"href":"https:\/\/dorogimedence.hu\/index.php\/wp-json\/wp\/v2\/posts\/51180\/revisions"}],"wp:featuredmedia":[{"embeddable":true,"href":"https:\/\/dorogimedence.hu\/index.php\/wp-json\/wp\/v2\/media\/51182"}],"wp:attachment":[{"href":"https:\/\/dorogimedence.hu\/index.php\/wp-json\/wp\/v2\/media?parent=51180"}],"wp:term":[{"taxonomy":"category","embeddable":true,"href":"https:\/\/dorogimedence.hu\/index.php\/wp-json\/wp\/v2\/categories?post=51180"},{"taxonomy":"post_tag","embeddable":true,"href":"https:\/\/dorogimedence.hu\/index.php\/wp-json\/wp\/v2\/tags?post=51180"}],"curies":[{"name":"wp","href":"https:\/\/api.w.org\/{rel}","templated":true}]}}