{"id":5113,"date":"2017-08-19T11:07:47","date_gmt":"2017-08-19T09:07:47","guid":{"rendered":"http:\/\/dorogimedence.hu\/?p=5113"},"modified":"2017-08-19T11:08:48","modified_gmt":"2017-08-19T09:08:48","slug":"ujbol-kinyithat-a-lepencei-strand-az-esztergomit-pedig-felujitjak","status":"publish","type":"post","link":"https:\/\/dorogimedence.hu\/index.php\/2017\/08\/19\/ujbol-kinyithat-a-lepencei-strand-az-esztergomit-pedig-felujitjak\/","title":{"rendered":"\u00dajb\u00f3l kinyithat a lepencei strand, az esztergomit pedig fel\u00faj\u00edtj\u00e1k"},"content":{"rendered":"<p><strong>Meg\u00fajulhat a lepencei \u00e9s az esztergomi strand, fel\u00faj\u00edt\u00e1s v\u00e1r a dobog\u00f3k\u0151i kir\u00e1ndul\u00f3k\u00f6zpontra \u00e9s a s\u00edp\u00e1ly\u00e1ra, fejleszthetik a dunai gyorshaj\u00f3z\u00e1st is<\/strong><em> &#8211; der\u00fcl ki a korm\u00e1nyhat\u00e1rozatb\u00f3l.<\/em><\/p>\n<p>A korm\u00e1ny meghat\u00e1rozta a Dunakanyar kiemelt turisztikai t\u00e9rs\u00e9gbe tartoz\u00f3 telep\u00fcl\u00e9seket, valamint elfogadta a t\u00e9rs\u00e9gben megval\u00f3s\u00edtand\u00f3 egyes fejleszt\u00e9sekr\u0151l sz\u00f3l\u00f3, a 2017-2030 k\u00f6z\u00f6tti id\u0151szakra vonatkoz\u00f3 strat\u00e9giai fejleszt\u00e9si programot <em>&#8211; der\u00fcl ki a Magyar K\u00f6zl\u00f6nyben p\u00e9nteken k\u00f6zz\u00e9tett korm\u00e1nyhat\u00e1rozatb\u00f3l.<\/em><\/p>\n<p>A hat\u00e1rozat szerint 70 telep\u00fcl\u00e9s tartozik a Dunakanyar kiemelt turisztikai t\u00e9rs\u00e9ghez, ahol a k\u00f6vetkez\u0151 \u00e9vekben 35 fejleszt\u00e9st terveznek 69,81 milli\u00e1rd forint hazai forr\u00e1sb\u00f3l sz\u00e1rmaz\u00f3 t\u00e1mogat\u00e1ssal.<\/p>\n<p>Fejlesztik egyebek k\u00f6z\u00f6tt a B\u00f6rzs\u00f6ny ker\u00e9kp\u00e1r\u00fat-h\u00e1l\u00f3zat\u00e1t (1,5 milli\u00e1rd forint t\u00e1mogat\u00e1ssal), b\u0151v\u00edtik a b\u00f6rzs\u00f6nyi kisvasutak \u00fatvonalait (2,28 milli\u00e1rd forintb\u00f3l), fejlesztik a <strong>dunai gyorshaj\u00f3z\u00e1st (12,5 milli\u00e1rd forintb\u00f3l)<\/strong>, <strong>a dobog\u00f3k\u0151i kir\u00e1ndul\u00f3k\u00f6zpontot (1,5 milli\u00e1rd forintb\u00f3l) \u00e9s s\u00edp\u00e1ly\u00e1t (0,98 milli\u00e1rd forintb\u00f3l), az esztergomi Szent Istv\u00e1n m\u0171eml\u00e9kf\u00fcrd\u0151t (5 milli\u00e1rd forintb\u00f3l),<\/strong> a kom\u00e1romi Monostori er\u0151d\u00f6t (0,3 milli\u00e1rd forintb\u00f3l) \u00e9s a nagymarosi Duna-part k\u00f6rnyezet\u00e9t (1 milli\u00e1rd forintb\u00f3l).<\/p>\n<p>A korm\u00e1ny egyet\u00e9rt azzal is, hogy a Pilisben egyh\u00e1zturisztikai fejleszt\u00e9sk\u00e9nt spiritu\u00e1lis, elvonul\u00e1si k\u00f6zpont \u00e9p\u00fclj\u00f6n (3 milli\u00e1rd forint), \u00f6sszekapcsolj\u00e1k Budapestet \u00e9s Szentendr\u00e9t a Bubi rendszerrel (1 milli\u00e1rd forint), tov\u00e1bb\u00e1 \u00fajj\u00e1\u00e9p\u00edts\u00e9k a szentendrei Duna korz\u00f3t (2,6 milli\u00e1rd forint), fejlessz\u00e9k a v\u00e1ci barokk belv\u00e1rost (3 milli\u00e1rd forint) \u00e9s m\u00fazeumnegyedet (1 milli\u00e1rd forint) vagy p\u00e9ld\u00e1ul a <strong>visegr\u00e1di Lepence strandf\u00fcrd\u0151t (2 milli\u00e1rd forint)<\/strong>.<\/p>\n<p>A fejleszt\u00e9sek k\u00f6z\u00f6tt szerepel tov\u00e1bb\u00e1 aut\u00f3s panor\u00e1mapontok kialak\u00edt\u00e1sa (0,5 milli\u00e1rd forint), gasztron\u00f3miai \u00e9s borturisztikai mesterk\u00f6zpont kialak\u00edt\u00e1sa (0,50 milli\u00e1rd forint) \u00e9s az e-mobilit\u00e1s \u00e9l\u00e9nk\u00edt\u00e9se, t\u00f6lt\u0151\u00e1llom\u00e1sok l\u00e9tes\u00edt\u00e9se a t\u00e9rs\u00e9gben (1 milli\u00e1rd forint).<\/p>\n<p>A nemzeti fejleszt\u00e9si miniszternek \u00e9s a bel\u00fcgyminiszternek meg kell vizsg\u00e1lnia az esetleges \u00e1tfed\u00e9seket a t\u00e9rs\u00e9gben m\u00e1r megval\u00f3sult, illetve megval\u00f3s\u00edtani tervezett v\u00edz\u00fcgyi beruh\u00e1z\u00e1sok \u00e1ltal \u00e9s a fejleszt\u00e9si programmal \u00e9rintett ter\u00fcletek k\u00f6z\u00f6tt.<\/p>\n<p><strong><em>Egy\u00e9bk\u00e9nt az ilovadunakanyar.hu nemr\u00e9giben \u00edrt <a href=\"http:\/\/ilovedunakanyar.hu\/cikk\/elmeny-es-kultura\/kozelet\/elkeszult-az-elemzes-a-lepencei-strandfurdo-ujranyitasanak-alternativairol-289\" target=\"_blank\" rel=\"noopener\"><span style=\"color: #0000ff;\"><span style=\"text-decoration: underline;\">cikket<\/span><\/span><\/a> a Lepencei Strandf\u00fcrd\u0151 elemz\u00e9s\u00e9r\u0151l.<\/em><\/strong><\/p>\n<p><em>Forr\u00e1s: MTI<\/em><br \/>\n<em>Fot\u00f3: panadea.com<\/em><\/p>\n","protected":false},"excerpt":{"rendered":"<p>Meg\u00fajulhat a lepencei \u00e9s az esztergomi strand, fel\u00faj\u00edt\u00e1s v\u00e1r a dobog\u00f3k\u0151i kir\u00e1ndul\u00f3k\u00f6zpontra \u00e9s a s\u00edp\u00e1ly\u00e1ra, fejleszthetik a dunai gyorshaj\u00f3z\u00e1st is &#8211; der\u00fcl ki a korm\u00e1nyhat\u00e1rozatb\u00f3l. A korm\u00e1ny meghat\u00e1rozta a Dunakanyar kiemelt turisztikai t\u00e9rs\u00e9gbe tartoz\u00f3 telep\u00fcl\u00e9seket, valamint elfogadta a t\u00e9rs\u00e9gben megval\u00f3s\u00edtand\u00f3 egyes fejleszt\u00e9sekr\u0151l sz\u00f3l\u00f3, a 2017-2030 k\u00f6z\u00f6tti id\u0151szakra vonatkoz\u00f3 strat\u00e9giai fejleszt\u00e9si programot &#8211; der\u00fcl ki a<\/p>\n","protected":false},"author":1,"featured_media":5114,"comment_status":"closed","ping_status":"closed","sticky":false,"template":"","format":"standard","meta":{"ngg_post_thumbnail":0,"footnotes":""},"categories":[38,3],"tags":[181,42,464,1427,74,821,1426],"class_list":{"0":"post-5113","1":"post","2":"type-post","3":"status-publish","4":"format-standard","5":"has-post-thumbnail","7":"category-esztergom","8":"category-hirek","9":"tag-dunakanyar","10":"tag-esztergom","11":"tag-felujitas","12":"tag-lepence","13":"tag-palyazat","14":"tag-strand","15":"tag-visegrad"},"yoast_head":"<!-- This site is optimized with the Yoast SEO plugin v27.4 - https:\/\/yoast.com\/product\/yoast-seo-wordpress\/ -->\n<title>\u00dajb\u00f3l kinyithat a lepencei strand, az esztergomit pedig fel\u00faj\u00edtj\u00e1k<\/title>\n<meta name=\"robots\" content=\"index, follow, max-snippet:-1, max-image-preview:large, max-video-preview:-1\" \/>\n<link rel=\"canonical\" href=\"https:\/\/dorogimedence.hu\/index.php\/2017\/08\/19\/ujbol-kinyithat-a-lepencei-strand-az-esztergomit-pedig-felujitjak\/\" class=\"yoast-seo-meta-tag\" \/>\n<meta property=\"og:locale\" content=\"hu_HU\" class=\"yoast-seo-meta-tag\" \/>\n<meta property=\"og:type\" content=\"article\" class=\"yoast-seo-meta-tag\" \/>\n<meta property=\"og:title\" content=\"\u00dajb\u00f3l kinyithat a lepencei strand, az esztergomit pedig fel\u00faj\u00edtj\u00e1k\" class=\"yoast-seo-meta-tag\" \/>\n<meta property=\"og:description\" content=\"Meg\u00fajulhat a lepencei \u00e9s az esztergomi strand, fel\u00faj\u00edt\u00e1s v\u00e1r a dobog\u00f3k\u0151i kir\u00e1ndul\u00f3k\u00f6zpontra \u00e9s a s\u00edp\u00e1ly\u00e1ra, fejleszthetik a dunai gyorshaj\u00f3z\u00e1st is &#8211; der\u00fcl ki a korm\u00e1nyhat\u00e1rozatb\u00f3l. A korm\u00e1ny meghat\u00e1rozta a Dunakanyar kiemelt turisztikai t\u00e9rs\u00e9gbe tartoz\u00f3 telep\u00fcl\u00e9seket, valamint elfogadta a t\u00e9rs\u00e9gben megval\u00f3s\u00edtand\u00f3 egyes fejleszt\u00e9sekr\u0151l sz\u00f3l\u00f3, a 2017-2030 k\u00f6z\u00f6tti id\u0151szakra vonatkoz\u00f3 strat\u00e9giai fejleszt\u00e9si programot &#8211; der\u00fcl ki a\" class=\"yoast-seo-meta-tag\" \/>\n<meta property=\"og:url\" content=\"https:\/\/dorogimedence.hu\/index.php\/2017\/08\/19\/ujbol-kinyithat-a-lepencei-strand-az-esztergomit-pedig-felujitjak\/\" class=\"yoast-seo-meta-tag\" \/>\n<meta property=\"og:site_name\" content=\"Dorogi-medence Region\u00e1lis H\u00edrport\u00e1l\" class=\"yoast-seo-meta-tag\" \/>\n<meta property=\"article:publisher\" content=\"https:\/\/www.facebook.com\/dorogimedence\/\" class=\"yoast-seo-meta-tag\" \/>\n<meta property=\"article:published_time\" content=\"2017-08-19T09:07:47+00:00\" class=\"yoast-seo-meta-tag\" \/>\n<meta property=\"article:modified_time\" content=\"2017-08-19T09:08:48+00:00\" class=\"yoast-seo-meta-tag\" \/>\n<meta property=\"og:image\" content=\"https:\/\/i0.wp.com\/dorogimedence.hu\/wp-content\/uploads\/2017\/08\/lepence-01.jpg?fit=670%2C365&ssl=1\" class=\"yoast-seo-meta-tag\" \/>\n\t<meta property=\"og:image:width\" content=\"670\" class=\"yoast-seo-meta-tag\" \/>\n\t<meta property=\"og:image:height\" content=\"365\" class=\"yoast-seo-meta-tag\" \/>\n\t<meta property=\"og:image:type\" content=\"image\/jpeg\" class=\"yoast-seo-meta-tag\" \/>\n<meta name=\"author\" content=\"dorogimedence.hu\" class=\"yoast-seo-meta-tag\" \/>\n<meta name=\"twitter:card\" content=\"summary_large_image\" class=\"yoast-seo-meta-tag\" \/>\n<meta name=\"twitter:label1\" content=\"Szerz\u0151:\" class=\"yoast-seo-meta-tag\" \/>\n\t<meta name=\"twitter:data1\" content=\"dorogimedence.hu\" class=\"yoast-seo-meta-tag\" \/>\n\t<meta name=\"twitter:label2\" content=\"Becs\u00fclt olvas\u00e1si id\u0151\" class=\"yoast-seo-meta-tag\" \/>\n\t<meta name=\"twitter:data2\" content=\"2 perc\" class=\"yoast-seo-meta-tag\" \/>\n<script type=\"application\/ld+json\" class=\"yoast-schema-graph\">{\"@context\":\"https:\\\/\\\/schema.org\",\"@graph\":[{\"@type\":\"Article\",\"@id\":\"https:\\\/\\\/dorogimedence.hu\\\/index.php\\\/2017\\\/08\\\/19\\\/ujbol-kinyithat-a-lepencei-strand-az-esztergomit-pedig-felujitjak\\\/#article\",\"isPartOf\":{\"@id\":\"https:\\\/\\\/dorogimedence.hu\\\/index.php\\\/2017\\\/08\\\/19\\\/ujbol-kinyithat-a-lepencei-strand-az-esztergomit-pedig-felujitjak\\\/\"},\"author\":{\"name\":\"dorogimedence.hu\",\"@id\":\"https:\\\/\\\/dorogimedence.hu\\\/#\\\/schema\\\/person\\\/ce6091eeb7e95ecdc87890d6aa8e0fd4\"},\"headline\":\"\u00dajb\u00f3l kinyithat a lepencei strand, az esztergomit pedig fel\u00faj\u00edtj\u00e1k\",\"datePublished\":\"2017-08-19T09:07:47+00:00\",\"dateModified\":\"2017-08-19T09:08:48+00:00\",\"mainEntityOfPage\":{\"@id\":\"https:\\\/\\\/dorogimedence.hu\\\/index.php\\\/2017\\\/08\\\/19\\\/ujbol-kinyithat-a-lepencei-strand-az-esztergomit-pedig-felujitjak\\\/\"},\"wordCount\":466,\"publisher\":{\"@id\":\"https:\\\/\\\/dorogimedence.hu\\\/#organization\"},\"image\":{\"@id\":\"https:\\\/\\\/dorogimedence.hu\\\/index.php\\\/2017\\\/08\\\/19\\\/ujbol-kinyithat-a-lepencei-strand-az-esztergomit-pedig-felujitjak\\\/#primaryimage\"},\"thumbnailUrl\":\"https:\\\/\\\/dorogimedence.hu\\\/wp-content\\\/uploads\\\/2017\\\/08\\\/lepence-01.jpg\",\"keywords\":[\"dunakanyar\",\"esztergom\",\"fel\u00faj\u00edt\u00e1s\",\"Lepence\",\"p\u00e1ly\u00e1zat\",\"strand\",\"Visegr\u00e1d\"],\"articleSection\":[\"Esztergom\",\"H\u00edrek\"],\"inLanguage\":\"hu\"},{\"@type\":\"WebPage\",\"@id\":\"https:\\\/\\\/dorogimedence.hu\\\/index.php\\\/2017\\\/08\\\/19\\\/ujbol-kinyithat-a-lepencei-strand-az-esztergomit-pedig-felujitjak\\\/\",\"url\":\"https:\\\/\\\/dorogimedence.hu\\\/index.php\\\/2017\\\/08\\\/19\\\/ujbol-kinyithat-a-lepencei-strand-az-esztergomit-pedig-felujitjak\\\/\",\"name\":\"\u00dajb\u00f3l kinyithat a lepencei strand, az esztergomit pedig fel\u00faj\u00edtj\u00e1k\",\"isPartOf\":{\"@id\":\"https:\\\/\\\/dorogimedence.hu\\\/#website\"},\"primaryImageOfPage\":{\"@id\":\"https:\\\/\\\/dorogimedence.hu\\\/index.php\\\/2017\\\/08\\\/19\\\/ujbol-kinyithat-a-lepencei-strand-az-esztergomit-pedig-felujitjak\\\/#primaryimage\"},\"image\":{\"@id\":\"https:\\\/\\\/dorogimedence.hu\\\/index.php\\\/2017\\\/08\\\/19\\\/ujbol-kinyithat-a-lepencei-strand-az-esztergomit-pedig-felujitjak\\\/#primaryimage\"},\"thumbnailUrl\":\"https:\\\/\\\/dorogimedence.hu\\\/wp-content\\\/uploads\\\/2017\\\/08\\\/lepence-01.jpg\",\"datePublished\":\"2017-08-19T09:07:47+00:00\",\"dateModified\":\"2017-08-19T09:08:48+00:00\",\"breadcrumb\":{\"@id\":\"https:\\\/\\\/dorogimedence.hu\\\/index.php\\\/2017\\\/08\\\/19\\\/ujbol-kinyithat-a-lepencei-strand-az-esztergomit-pedig-felujitjak\\\/#breadcrumb\"},\"inLanguage\":\"hu\",\"potentialAction\":[{\"@type\":\"ReadAction\",\"target\":[\"https:\\\/\\\/dorogimedence.hu\\\/index.php\\\/2017\\\/08\\\/19\\\/ujbol-kinyithat-a-lepencei-strand-az-esztergomit-pedig-felujitjak\\\/\"]}]},{\"@type\":\"ImageObject\",\"inLanguage\":\"hu\",\"@id\":\"https:\\\/\\\/dorogimedence.hu\\\/index.php\\\/2017\\\/08\\\/19\\\/ujbol-kinyithat-a-lepencei-strand-az-esztergomit-pedig-felujitjak\\\/#primaryimage\",\"url\":\"https:\\\/\\\/dorogimedence.hu\\\/wp-content\\\/uploads\\\/2017\\\/08\\\/lepence-01.jpg\",\"contentUrl\":\"https:\\\/\\\/dorogimedence.hu\\\/wp-content\\\/uploads\\\/2017\\\/08\\\/lepence-01.jpg\",\"width\":670,\"height\":365},{\"@type\":\"BreadcrumbList\",\"@id\":\"https:\\\/\\\/dorogimedence.hu\\\/index.php\\\/2017\\\/08\\\/19\\\/ujbol-kinyithat-a-lepencei-strand-az-esztergomit-pedig-felujitjak\\\/#breadcrumb\",\"itemListElement\":[{\"@type\":\"ListItem\",\"position\":1,\"name\":\"Kezd\u0151lap\",\"item\":\"https:\\\/\\\/dorogimedence.hu\\\/\"},{\"@type\":\"ListItem\",\"position\":2,\"name\":\"\u00dajb\u00f3l kinyithat a lepencei strand, az esztergomit pedig fel\u00faj\u00edtj\u00e1k\"}]},{\"@type\":\"WebSite\",\"@id\":\"https:\\\/\\\/dorogimedence.hu\\\/#website\",\"url\":\"https:\\\/\\\/dorogimedence.hu\\\/\",\"name\":\"Dorogi-medence Region\u00e1lis H\u00edrport\u00e1l\",\"description\":\"Dorog, Keszt\u00f6lc, Le\u00e1nyv\u00e1r, Piliscs\u00e9v, Tokod, Tokodalt\u00e1r\u00f3, Csolnok, Esztergom-kertv\u00e1ros: h\u00edrek, programok\",\"publisher\":{\"@id\":\"https:\\\/\\\/dorogimedence.hu\\\/#organization\"},\"potentialAction\":[{\"@type\":\"SearchAction\",\"target\":{\"@type\":\"EntryPoint\",\"urlTemplate\":\"https:\\\/\\\/dorogimedence.hu\\\/?s={search_term_string}\"},\"query-input\":{\"@type\":\"PropertyValueSpecification\",\"valueRequired\":true,\"valueName\":\"search_term_string\"}}],\"inLanguage\":\"hu\"},{\"@type\":\"Organization\",\"@id\":\"https:\\\/\\\/dorogimedence.hu\\\/#organization\",\"name\":\"Dorogi-medence Region\u00e1lis H\u00edrport\u00e1l\",\"url\":\"https:\\\/\\\/dorogimedence.hu\\\/\",\"logo\":{\"@type\":\"ImageObject\",\"inLanguage\":\"hu\",\"@id\":\"https:\\\/\\\/dorogimedence.hu\\\/#\\\/schema\\\/logo\\\/image\\\/\",\"url\":\"https:\\\/\\\/dorogimedence.hu\\\/wp-content\\\/uploads\\\/2021\\\/04\\\/logo-feher-600.png\",\"contentUrl\":\"https:\\\/\\\/dorogimedence.hu\\\/wp-content\\\/uploads\\\/2021\\\/04\\\/logo-feher-600.png\",\"width\":600,\"height\":100,\"caption\":\"Dorogi-medence Region\u00e1lis H\u00edrport\u00e1l\"},\"image\":{\"@id\":\"https:\\\/\\\/dorogimedence.hu\\\/#\\\/schema\\\/logo\\\/image\\\/\"},\"sameAs\":[\"https:\\\/\\\/www.facebook.com\\\/dorogimedence\\\/\"]},{\"@type\":\"Person\",\"@id\":\"https:\\\/\\\/dorogimedence.hu\\\/#\\\/schema\\\/person\\\/ce6091eeb7e95ecdc87890d6aa8e0fd4\",\"name\":\"dorogimedence.hu\",\"image\":{\"@type\":\"ImageObject\",\"inLanguage\":\"hu\",\"@id\":\"\\\/\\\/www.gravatar.com\\\/avatar\\\/d8d45f8901aadff40a4af72c0b826f1d?s=96&#038;r=g&#038;d=mm\",\"url\":\"\\\/\\\/www.gravatar.com\\\/avatar\\\/d8d45f8901aadff40a4af72c0b826f1d?s=96&#038;r=g&#038;d=mm\",\"contentUrl\":\"\\\/\\\/www.gravatar.com\\\/avatar\\\/d8d45f8901aadff40a4af72c0b826f1d?s=96&#038;r=g&#038;d=mm\",\"caption\":\"dorogimedence.hu\"}}]}<\/script>\n<!-- \/ Yoast SEO plugin. -->","yoast_head_json":{"title":"\u00dajb\u00f3l kinyithat a lepencei strand, az esztergomit pedig fel\u00faj\u00edtj\u00e1k","robots":{"index":"index","follow":"follow","max-snippet":"max-snippet:-1","max-image-preview":"max-image-preview:large","max-video-preview":"max-video-preview:-1"},"canonical":"https:\/\/dorogimedence.hu\/index.php\/2017\/08\/19\/ujbol-kinyithat-a-lepencei-strand-az-esztergomit-pedig-felujitjak\/","og_locale":"hu_HU","og_type":"article","og_title":"\u00dajb\u00f3l kinyithat a lepencei strand, az esztergomit pedig fel\u00faj\u00edtj\u00e1k","og_description":"Meg\u00fajulhat a lepencei \u00e9s az esztergomi strand, fel\u00faj\u00edt\u00e1s v\u00e1r a dobog\u00f3k\u0151i kir\u00e1ndul\u00f3k\u00f6zpontra \u00e9s a s\u00edp\u00e1ly\u00e1ra, fejleszthetik a dunai gyorshaj\u00f3z\u00e1st is &#8211; der\u00fcl ki a korm\u00e1nyhat\u00e1rozatb\u00f3l. A korm\u00e1ny meghat\u00e1rozta a Dunakanyar kiemelt turisztikai t\u00e9rs\u00e9gbe tartoz\u00f3 telep\u00fcl\u00e9seket, valamint elfogadta a t\u00e9rs\u00e9gben megval\u00f3s\u00edtand\u00f3 egyes fejleszt\u00e9sekr\u0151l sz\u00f3l\u00f3, a 2017-2030 k\u00f6z\u00f6tti id\u0151szakra vonatkoz\u00f3 strat\u00e9giai fejleszt\u00e9si programot &#8211; der\u00fcl ki a","og_url":"https:\/\/dorogimedence.hu\/index.php\/2017\/08\/19\/ujbol-kinyithat-a-lepencei-strand-az-esztergomit-pedig-felujitjak\/","og_site_name":"Dorogi-medence Region\u00e1lis H\u00edrport\u00e1l","article_publisher":"https:\/\/www.facebook.com\/dorogimedence\/","article_published_time":"2017-08-19T09:07:47+00:00","article_modified_time":"2017-08-19T09:08:48+00:00","og_image":[{"width":670,"height":365,"url":"https:\/\/i0.wp.com\/dorogimedence.hu\/wp-content\/uploads\/2017\/08\/lepence-01.jpg?fit=670%2C365&ssl=1","type":"image\/jpeg"}],"author":"dorogimedence.hu","twitter_card":"summary_large_image","twitter_misc":{"Szerz\u0151:":"dorogimedence.hu","Becs\u00fclt olvas\u00e1si id\u0151":"2 perc"},"schema":{"@context":"https:\/\/schema.org","@graph":[{"@type":"Article","@id":"https:\/\/dorogimedence.hu\/index.php\/2017\/08\/19\/ujbol-kinyithat-a-lepencei-strand-az-esztergomit-pedig-felujitjak\/#article","isPartOf":{"@id":"https:\/\/dorogimedence.hu\/index.php\/2017\/08\/19\/ujbol-kinyithat-a-lepencei-strand-az-esztergomit-pedig-felujitjak\/"},"author":{"name":"dorogimedence.hu","@id":"https:\/\/dorogimedence.hu\/#\/schema\/person\/ce6091eeb7e95ecdc87890d6aa8e0fd4"},"headline":"\u00dajb\u00f3l kinyithat a lepencei strand, az esztergomit pedig fel\u00faj\u00edtj\u00e1k","datePublished":"2017-08-19T09:07:47+00:00","dateModified":"2017-08-19T09:08:48+00:00","mainEntityOfPage":{"@id":"https:\/\/dorogimedence.hu\/index.php\/2017\/08\/19\/ujbol-kinyithat-a-lepencei-strand-az-esztergomit-pedig-felujitjak\/"},"wordCount":466,"publisher":{"@id":"https:\/\/dorogimedence.hu\/#organization"},"image":{"@id":"https:\/\/dorogimedence.hu\/index.php\/2017\/08\/19\/ujbol-kinyithat-a-lepencei-strand-az-esztergomit-pedig-felujitjak\/#primaryimage"},"thumbnailUrl":"https:\/\/dorogimedence.hu\/wp-content\/uploads\/2017\/08\/lepence-01.jpg","keywords":["dunakanyar","esztergom","fel\u00faj\u00edt\u00e1s","Lepence","p\u00e1ly\u00e1zat","strand","Visegr\u00e1d"],"articleSection":["Esztergom","H\u00edrek"],"inLanguage":"hu"},{"@type":"WebPage","@id":"https:\/\/dorogimedence.hu\/index.php\/2017\/08\/19\/ujbol-kinyithat-a-lepencei-strand-az-esztergomit-pedig-felujitjak\/","url":"https:\/\/dorogimedence.hu\/index.php\/2017\/08\/19\/ujbol-kinyithat-a-lepencei-strand-az-esztergomit-pedig-felujitjak\/","name":"\u00dajb\u00f3l kinyithat a lepencei strand, az esztergomit pedig fel\u00faj\u00edtj\u00e1k","isPartOf":{"@id":"https:\/\/dorogimedence.hu\/#website"},"primaryImageOfPage":{"@id":"https:\/\/dorogimedence.hu\/index.php\/2017\/08\/19\/ujbol-kinyithat-a-lepencei-strand-az-esztergomit-pedig-felujitjak\/#primaryimage"},"image":{"@id":"https:\/\/dorogimedence.hu\/index.php\/2017\/08\/19\/ujbol-kinyithat-a-lepencei-strand-az-esztergomit-pedig-felujitjak\/#primaryimage"},"thumbnailUrl":"https:\/\/dorogimedence.hu\/wp-content\/uploads\/2017\/08\/lepence-01.jpg","datePublished":"2017-08-19T09:07:47+00:00","dateModified":"2017-08-19T09:08:48+00:00","breadcrumb":{"@id":"https:\/\/dorogimedence.hu\/index.php\/2017\/08\/19\/ujbol-kinyithat-a-lepencei-strand-az-esztergomit-pedig-felujitjak\/#breadcrumb"},"inLanguage":"hu","potentialAction":[{"@type":"ReadAction","target":["https:\/\/dorogimedence.hu\/index.php\/2017\/08\/19\/ujbol-kinyithat-a-lepencei-strand-az-esztergomit-pedig-felujitjak\/"]}]},{"@type":"ImageObject","inLanguage":"hu","@id":"https:\/\/dorogimedence.hu\/index.php\/2017\/08\/19\/ujbol-kinyithat-a-lepencei-strand-az-esztergomit-pedig-felujitjak\/#primaryimage","url":"https:\/\/dorogimedence.hu\/wp-content\/uploads\/2017\/08\/lepence-01.jpg","contentUrl":"https:\/\/dorogimedence.hu\/wp-content\/uploads\/2017\/08\/lepence-01.jpg","width":670,"height":365},{"@type":"BreadcrumbList","@id":"https:\/\/dorogimedence.hu\/index.php\/2017\/08\/19\/ujbol-kinyithat-a-lepencei-strand-az-esztergomit-pedig-felujitjak\/#breadcrumb","itemListElement":[{"@type":"ListItem","position":1,"name":"Kezd\u0151lap","item":"https:\/\/dorogimedence.hu\/"},{"@type":"ListItem","position":2,"name":"\u00dajb\u00f3l kinyithat a lepencei strand, az esztergomit pedig fel\u00faj\u00edtj\u00e1k"}]},{"@type":"WebSite","@id":"https:\/\/dorogimedence.hu\/#website","url":"https:\/\/dorogimedence.hu\/","name":"Dorogi-medence Region\u00e1lis H\u00edrport\u00e1l","description":"Dorog, Keszt\u00f6lc, Le\u00e1nyv\u00e1r, Piliscs\u00e9v, Tokod, Tokodalt\u00e1r\u00f3, Csolnok, Esztergom-kertv\u00e1ros: h\u00edrek, programok","publisher":{"@id":"https:\/\/dorogimedence.hu\/#organization"},"potentialAction":[{"@type":"SearchAction","target":{"@type":"EntryPoint","urlTemplate":"https:\/\/dorogimedence.hu\/?s={search_term_string}"},"query-input":{"@type":"PropertyValueSpecification","valueRequired":true,"valueName":"search_term_string"}}],"inLanguage":"hu"},{"@type":"Organization","@id":"https:\/\/dorogimedence.hu\/#organization","name":"Dorogi-medence Region\u00e1lis H\u00edrport\u00e1l","url":"https:\/\/dorogimedence.hu\/","logo":{"@type":"ImageObject","inLanguage":"hu","@id":"https:\/\/dorogimedence.hu\/#\/schema\/logo\/image\/","url":"https:\/\/dorogimedence.hu\/wp-content\/uploads\/2021\/04\/logo-feher-600.png","contentUrl":"https:\/\/dorogimedence.hu\/wp-content\/uploads\/2021\/04\/logo-feher-600.png","width":600,"height":100,"caption":"Dorogi-medence Region\u00e1lis H\u00edrport\u00e1l"},"image":{"@id":"https:\/\/dorogimedence.hu\/#\/schema\/logo\/image\/"},"sameAs":["https:\/\/www.facebook.com\/dorogimedence\/"]},{"@type":"Person","@id":"https:\/\/dorogimedence.hu\/#\/schema\/person\/ce6091eeb7e95ecdc87890d6aa8e0fd4","name":"dorogimedence.hu","image":{"@type":"ImageObject","inLanguage":"hu","@id":"\/\/www.gravatar.com\/avatar\/d8d45f8901aadff40a4af72c0b826f1d?s=96&#038;r=g&#038;d=mm","url":"\/\/www.gravatar.com\/avatar\/d8d45f8901aadff40a4af72c0b826f1d?s=96&#038;r=g&#038;d=mm","contentUrl":"\/\/www.gravatar.com\/avatar\/d8d45f8901aadff40a4af72c0b826f1d?s=96&#038;r=g&#038;d=mm","caption":"dorogimedence.hu"}}]}},"_links":{"self":[{"href":"https:\/\/dorogimedence.hu\/index.php\/wp-json\/wp\/v2\/posts\/5113","targetHints":{"allow":["GET"]}}],"collection":[{"href":"https:\/\/dorogimedence.hu\/index.php\/wp-json\/wp\/v2\/posts"}],"about":[{"href":"https:\/\/dorogimedence.hu\/index.php\/wp-json\/wp\/v2\/types\/post"}],"author":[{"embeddable":true,"href":"https:\/\/dorogimedence.hu\/index.php\/wp-json\/wp\/v2\/users\/1"}],"replies":[{"embeddable":true,"href":"https:\/\/dorogimedence.hu\/index.php\/wp-json\/wp\/v2\/comments?post=5113"}],"version-history":[{"count":0,"href":"https:\/\/dorogimedence.hu\/index.php\/wp-json\/wp\/v2\/posts\/5113\/revisions"}],"wp:featuredmedia":[{"embeddable":true,"href":"https:\/\/dorogimedence.hu\/index.php\/wp-json\/wp\/v2\/media\/5114"}],"wp:attachment":[{"href":"https:\/\/dorogimedence.hu\/index.php\/wp-json\/wp\/v2\/media?parent=5113"}],"wp:term":[{"taxonomy":"category","embeddable":true,"href":"https:\/\/dorogimedence.hu\/index.php\/wp-json\/wp\/v2\/categories?post=5113"},{"taxonomy":"post_tag","embeddable":true,"href":"https:\/\/dorogimedence.hu\/index.php\/wp-json\/wp\/v2\/tags?post=5113"}],"curies":[{"name":"wp","href":"https:\/\/api.w.org\/{rel}","templated":true}]}}