{"id":51100,"date":"2023-03-13T08:41:41","date_gmt":"2023-03-13T07:41:41","guid":{"rendered":"https:\/\/dorogimedence.hu\/?p=51100"},"modified":"2023-03-13T08:41:55","modified_gmt":"2023-03-13T07:41:55","slug":"jogsi-nelkul-ittasan-vezetett-2","status":"publish","type":"post","link":"https:\/\/dorogimedence.hu\/index.php\/2023\/03\/13\/jogsi-nelkul-ittasan-vezetett-2\/","title":{"rendered":"Jogsi n\u00e9lk\u00fcl, ittasan vezetett"},"content":{"rendered":"<p><strong>A j\u00e1r\u0151r\u00f6k a Roadpol akci\u00f3 v\u00e9grehajt\u00e1sa sor\u00e1n Dorogon \u00e1ll\u00edtottak meg egy szem\u00e9lyg\u00e9pkocsival k\u00f6zleked\u0151 f\u00e9rfit m\u00e1rcius 10-\u00e9n, p\u00e9nteken d\u00e9lel\u0151tt, aki nem haszn\u00e1lta a biztons\u00e1gi \u00f6vet.<\/strong><\/p>\n<p>Ellen\u0151rizt\u00e9k a j\u00e1rm\u0171 \u00e9s a sof\u0151r iratait, ekkor kider\u00fclt, hogy a t\u00e1ti lakos nem rendelkezik vezet\u0151i enged\u00e9llyel. A g\u00e9pkocsi bal els\u0151 l\u00e1mpab\u00far\u00e1ja hi\u00e1nyzott, az oldals\u00f3 visszapillant\u00f3 t\u00fck\u00f6r be volt t\u00f6rve, ez\u00e9rt szab\u00e1lys\u00e9rt\u00e9si feljelent\u00e9st tettek a rend\u0151r\u00f6k. Ezen fel\u00fcl a sof\u0151rrel szemben alkalmazott alkoholszonda is pozit\u00edv lett, ez\u00e9rt el\u0151\u00e1ll\u00edt\u00e1s\u00e1t k\u00f6vet\u0151en b\u00fcntet\u0151elj\u00e1r\u00e1st ind\u00edtottak az 58 \u00e9ves f\u00e9rfi ellen, akivel szemben a biztons\u00e1gi \u00f6v haszn\u00e1lat\u00e1nak elmulaszt\u00e1sa miatt helysz\u00edni b\u00edrs\u00e1got is kiszabtak.<\/p>\n<p><em>Forr\u00e1s: police.hu<\/em><\/p>\n","protected":false},"excerpt":{"rendered":"<p>A j\u00e1r\u0151r\u00f6k a Roadpol akci\u00f3 v\u00e9grehajt\u00e1sa sor\u00e1n Dorogon \u00e1ll\u00edtottak meg egy szem\u00e9lyg\u00e9pkocsival k\u00f6zleked\u0151 f\u00e9rfit m\u00e1rcius 10-\u00e9n, p\u00e9nteken d\u00e9lel\u0151tt, aki nem haszn\u00e1lta a biztons\u00e1gi \u00f6vet. Ellen\u0151rizt\u00e9k a j\u00e1rm\u0171 \u00e9s a sof\u0151r iratait, ekkor kider\u00fclt, hogy a t\u00e1ti lakos nem rendelkezik vezet\u0151i enged\u00e9llyel. A g\u00e9pkocsi bal els\u0151 l\u00e1mpab\u00far\u00e1ja hi\u00e1nyzott, az oldals\u00f3 visszapillant\u00f3 t\u00fck\u00f6r be volt t\u00f6rve, ez\u00e9rt<\/p>\n","protected":false},"author":1,"featured_media":48266,"comment_status":"closed","ping_status":"closed","sticky":false,"template":"","format":"standard","meta":{"ngg_post_thumbnail":0,"footnotes":""},"categories":[2,3,39,110],"tags":[15,164,3600,61,111],"class_list":{"0":"post-51100","1":"post","2":"type-post","3":"status-publish","4":"format-standard","5":"has-post-thumbnail","7":"category-dorog","8":"category-hirek","9":"category-kek-hirek","10":"category-tat","11":"tag-dorog","12":"tag-ittas-vezetes","13":"tag-rendori-ellenorzes","14":"tag-rendorsegi-hirek","15":"tag-tat"},"yoast_head":"<!-- This site is optimized with the Yoast SEO plugin v27.4 - https:\/\/yoast.com\/product\/yoast-seo-wordpress\/ -->\n<title>Jogsi n\u00e9lk\u00fcl, ittasan vezetett<\/title>\n<meta name=\"robots\" content=\"index, follow, max-snippet:-1, max-image-preview:large, max-video-preview:-1\" \/>\n<link rel=\"canonical\" href=\"https:\/\/dorogimedence.hu\/index.php\/2023\/03\/13\/jogsi-nelkul-ittasan-vezetett-2\/\" class=\"yoast-seo-meta-tag\" \/>\n<meta property=\"og:locale\" content=\"hu_HU\" class=\"yoast-seo-meta-tag\" \/>\n<meta property=\"og:type\" content=\"article\" class=\"yoast-seo-meta-tag\" \/>\n<meta property=\"og:title\" content=\"Jogsi n\u00e9lk\u00fcl, ittasan vezetett\" class=\"yoast-seo-meta-tag\" \/>\n<meta property=\"og:description\" content=\"A j\u00e1r\u0151r\u00f6k a Roadpol akci\u00f3 v\u00e9grehajt\u00e1sa sor\u00e1n Dorogon \u00e1ll\u00edtottak meg egy szem\u00e9lyg\u00e9pkocsival k\u00f6zleked\u0151 f\u00e9rfit m\u00e1rcius 10-\u00e9n, p\u00e9nteken d\u00e9lel\u0151tt, aki nem haszn\u00e1lta a biztons\u00e1gi \u00f6vet. Ellen\u0151rizt\u00e9k a j\u00e1rm\u0171 \u00e9s a sof\u0151r iratait, ekkor kider\u00fclt, hogy a t\u00e1ti lakos nem rendelkezik vezet\u0151i enged\u00e9llyel. A g\u00e9pkocsi bal els\u0151 l\u00e1mpab\u00far\u00e1ja hi\u00e1nyzott, az oldals\u00f3 visszapillant\u00f3 t\u00fck\u00f6r be volt t\u00f6rve, ez\u00e9rt\" class=\"yoast-seo-meta-tag\" \/>\n<meta property=\"og:url\" content=\"https:\/\/dorogimedence.hu\/index.php\/2023\/03\/13\/jogsi-nelkul-ittasan-vezetett-2\/\" class=\"yoast-seo-meta-tag\" \/>\n<meta property=\"og:site_name\" content=\"Dorogi-medence Region\u00e1lis H\u00edrport\u00e1l\" class=\"yoast-seo-meta-tag\" \/>\n<meta property=\"article:publisher\" content=\"https:\/\/www.facebook.com\/dorogimedence\/\" class=\"yoast-seo-meta-tag\" \/>\n<meta property=\"article:published_time\" content=\"2023-03-13T07:41:41+00:00\" class=\"yoast-seo-meta-tag\" \/>\n<meta property=\"article:modified_time\" content=\"2023-03-13T07:41:55+00:00\" class=\"yoast-seo-meta-tag\" \/>\n<meta property=\"og:image\" content=\"https:\/\/dorogimedence.hu\/wp-content\/uploads\/2022\/11\/rendorauto-05.jpg\" class=\"yoast-seo-meta-tag\" \/>\n\t<meta property=\"og:image:width\" content=\"1920\" class=\"yoast-seo-meta-tag\" \/>\n\t<meta property=\"og:image:height\" content=\"1179\" class=\"yoast-seo-meta-tag\" \/>\n\t<meta property=\"og:image:type\" content=\"image\/jpeg\" class=\"yoast-seo-meta-tag\" \/>\n<meta name=\"author\" content=\"dorogimedence.hu\" class=\"yoast-seo-meta-tag\" \/>\n<meta name=\"twitter:card\" content=\"summary_large_image\" class=\"yoast-seo-meta-tag\" \/>\n<meta name=\"twitter:label1\" content=\"Szerz\u0151:\" class=\"yoast-seo-meta-tag\" \/>\n\t<meta name=\"twitter:data1\" content=\"dorogimedence.hu\" class=\"yoast-seo-meta-tag\" \/>\n\t<meta name=\"twitter:label2\" content=\"Becs\u00fclt olvas\u00e1si id\u0151\" class=\"yoast-seo-meta-tag\" \/>\n\t<meta name=\"twitter:data2\" content=\"1 perc\" class=\"yoast-seo-meta-tag\" \/>\n<script type=\"application\/ld+json\" class=\"yoast-schema-graph\">{\"@context\":\"https:\\\/\\\/schema.org\",\"@graph\":[{\"@type\":\"Article\",\"@id\":\"https:\\\/\\\/dorogimedence.hu\\\/index.php\\\/2023\\\/03\\\/13\\\/jogsi-nelkul-ittasan-vezetett-2\\\/#article\",\"isPartOf\":{\"@id\":\"https:\\\/\\\/dorogimedence.hu\\\/index.php\\\/2023\\\/03\\\/13\\\/jogsi-nelkul-ittasan-vezetett-2\\\/\"},\"author\":{\"name\":\"dorogimedence.hu\",\"@id\":\"https:\\\/\\\/dorogimedence.hu\\\/#\\\/schema\\\/person\\\/ce6091eeb7e95ecdc87890d6aa8e0fd4\"},\"headline\":\"Jogsi n\u00e9lk\u00fcl, ittasan vezetett\",\"datePublished\":\"2023-03-13T07:41:41+00:00\",\"dateModified\":\"2023-03-13T07:41:55+00:00\",\"mainEntityOfPage\":{\"@id\":\"https:\\\/\\\/dorogimedence.hu\\\/index.php\\\/2023\\\/03\\\/13\\\/jogsi-nelkul-ittasan-vezetett-2\\\/\"},\"wordCount\":165,\"publisher\":{\"@id\":\"https:\\\/\\\/dorogimedence.hu\\\/#organization\"},\"image\":{\"@id\":\"https:\\\/\\\/dorogimedence.hu\\\/index.php\\\/2023\\\/03\\\/13\\\/jogsi-nelkul-ittasan-vezetett-2\\\/#primaryimage\"},\"thumbnailUrl\":\"https:\\\/\\\/dorogimedence.hu\\\/wp-content\\\/uploads\\\/2022\\\/11\\\/rendorauto-05.jpg\",\"keywords\":[\"Dorog\",\"ittas vezet\u00e9s\",\"rend\u0151ri ellen\u0151rz\u00e9s\",\"rend\u0151rs\u00e9gi h\u00edrek\",\"T\u00e1t\"],\"articleSection\":[\"Dorog\",\"H\u00edrek\",\"K\u00e9k h\u00edrek\",\"T\u00e1t\"],\"inLanguage\":\"hu\"},{\"@type\":\"WebPage\",\"@id\":\"https:\\\/\\\/dorogimedence.hu\\\/index.php\\\/2023\\\/03\\\/13\\\/jogsi-nelkul-ittasan-vezetett-2\\\/\",\"url\":\"https:\\\/\\\/dorogimedence.hu\\\/index.php\\\/2023\\\/03\\\/13\\\/jogsi-nelkul-ittasan-vezetett-2\\\/\",\"name\":\"Jogsi n\u00e9lk\u00fcl, ittasan vezetett\",\"isPartOf\":{\"@id\":\"https:\\\/\\\/dorogimedence.hu\\\/#website\"},\"primaryImageOfPage\":{\"@id\":\"https:\\\/\\\/dorogimedence.hu\\\/index.php\\\/2023\\\/03\\\/13\\\/jogsi-nelkul-ittasan-vezetett-2\\\/#primaryimage\"},\"image\":{\"@id\":\"https:\\\/\\\/dorogimedence.hu\\\/index.php\\\/2023\\\/03\\\/13\\\/jogsi-nelkul-ittasan-vezetett-2\\\/#primaryimage\"},\"thumbnailUrl\":\"https:\\\/\\\/dorogimedence.hu\\\/wp-content\\\/uploads\\\/2022\\\/11\\\/rendorauto-05.jpg\",\"datePublished\":\"2023-03-13T07:41:41+00:00\",\"dateModified\":\"2023-03-13T07:41:55+00:00\",\"breadcrumb\":{\"@id\":\"https:\\\/\\\/dorogimedence.hu\\\/index.php\\\/2023\\\/03\\\/13\\\/jogsi-nelkul-ittasan-vezetett-2\\\/#breadcrumb\"},\"inLanguage\":\"hu\",\"potentialAction\":[{\"@type\":\"ReadAction\",\"target\":[\"https:\\\/\\\/dorogimedence.hu\\\/index.php\\\/2023\\\/03\\\/13\\\/jogsi-nelkul-ittasan-vezetett-2\\\/\"]}]},{\"@type\":\"ImageObject\",\"inLanguage\":\"hu\",\"@id\":\"https:\\\/\\\/dorogimedence.hu\\\/index.php\\\/2023\\\/03\\\/13\\\/jogsi-nelkul-ittasan-vezetett-2\\\/#primaryimage\",\"url\":\"https:\\\/\\\/dorogimedence.hu\\\/wp-content\\\/uploads\\\/2022\\\/11\\\/rendorauto-05.jpg\",\"contentUrl\":\"https:\\\/\\\/dorogimedence.hu\\\/wp-content\\\/uploads\\\/2022\\\/11\\\/rendorauto-05.jpg\",\"width\":1920,\"height\":1179},{\"@type\":\"BreadcrumbList\",\"@id\":\"https:\\\/\\\/dorogimedence.hu\\\/index.php\\\/2023\\\/03\\\/13\\\/jogsi-nelkul-ittasan-vezetett-2\\\/#breadcrumb\",\"itemListElement\":[{\"@type\":\"ListItem\",\"position\":1,\"name\":\"Kezd\u0151lap\",\"item\":\"https:\\\/\\\/dorogimedence.hu\\\/\"},{\"@type\":\"ListItem\",\"position\":2,\"name\":\"Jogsi n\u00e9lk\u00fcl, ittasan vezetett\"}]},{\"@type\":\"WebSite\",\"@id\":\"https:\\\/\\\/dorogimedence.hu\\\/#website\",\"url\":\"https:\\\/\\\/dorogimedence.hu\\\/\",\"name\":\"Dorogi-medence Region\u00e1lis H\u00edrport\u00e1l\",\"description\":\"Dorog, Keszt\u00f6lc, Le\u00e1nyv\u00e1r, Piliscs\u00e9v, Tokod, Tokodalt\u00e1r\u00f3, Csolnok, Esztergom-kertv\u00e1ros: h\u00edrek, programok\",\"publisher\":{\"@id\":\"https:\\\/\\\/dorogimedence.hu\\\/#organization\"},\"potentialAction\":[{\"@type\":\"SearchAction\",\"target\":{\"@type\":\"EntryPoint\",\"urlTemplate\":\"https:\\\/\\\/dorogimedence.hu\\\/?s={search_term_string}\"},\"query-input\":{\"@type\":\"PropertyValueSpecification\",\"valueRequired\":true,\"valueName\":\"search_term_string\"}}],\"inLanguage\":\"hu\"},{\"@type\":\"Organization\",\"@id\":\"https:\\\/\\\/dorogimedence.hu\\\/#organization\",\"name\":\"Dorogi-medence Region\u00e1lis H\u00edrport\u00e1l\",\"url\":\"https:\\\/\\\/dorogimedence.hu\\\/\",\"logo\":{\"@type\":\"ImageObject\",\"inLanguage\":\"hu\",\"@id\":\"https:\\\/\\\/dorogimedence.hu\\\/#\\\/schema\\\/logo\\\/image\\\/\",\"url\":\"https:\\\/\\\/dorogimedence.hu\\\/wp-content\\\/uploads\\\/2021\\\/04\\\/logo-feher-600.png\",\"contentUrl\":\"https:\\\/\\\/dorogimedence.hu\\\/wp-content\\\/uploads\\\/2021\\\/04\\\/logo-feher-600.png\",\"width\":600,\"height\":100,\"caption\":\"Dorogi-medence Region\u00e1lis H\u00edrport\u00e1l\"},\"image\":{\"@id\":\"https:\\\/\\\/dorogimedence.hu\\\/#\\\/schema\\\/logo\\\/image\\\/\"},\"sameAs\":[\"https:\\\/\\\/www.facebook.com\\\/dorogimedence\\\/\"]},{\"@type\":\"Person\",\"@id\":\"https:\\\/\\\/dorogimedence.hu\\\/#\\\/schema\\\/person\\\/ce6091eeb7e95ecdc87890d6aa8e0fd4\",\"name\":\"dorogimedence.hu\",\"image\":{\"@type\":\"ImageObject\",\"inLanguage\":\"hu\",\"@id\":\"\\\/\\\/www.gravatar.com\\\/avatar\\\/d8d45f8901aadff40a4af72c0b826f1d?s=96&#038;r=g&#038;d=mm\",\"url\":\"\\\/\\\/www.gravatar.com\\\/avatar\\\/d8d45f8901aadff40a4af72c0b826f1d?s=96&#038;r=g&#038;d=mm\",\"contentUrl\":\"\\\/\\\/www.gravatar.com\\\/avatar\\\/d8d45f8901aadff40a4af72c0b826f1d?s=96&#038;r=g&#038;d=mm\",\"caption\":\"dorogimedence.hu\"}}]}<\/script>\n<!-- \/ Yoast SEO plugin. -->","yoast_head_json":{"title":"Jogsi n\u00e9lk\u00fcl, ittasan vezetett","robots":{"index":"index","follow":"follow","max-snippet":"max-snippet:-1","max-image-preview":"max-image-preview:large","max-video-preview":"max-video-preview:-1"},"canonical":"https:\/\/dorogimedence.hu\/index.php\/2023\/03\/13\/jogsi-nelkul-ittasan-vezetett-2\/","og_locale":"hu_HU","og_type":"article","og_title":"Jogsi n\u00e9lk\u00fcl, ittasan vezetett","og_description":"A j\u00e1r\u0151r\u00f6k a Roadpol akci\u00f3 v\u00e9grehajt\u00e1sa sor\u00e1n Dorogon \u00e1ll\u00edtottak meg egy szem\u00e9lyg\u00e9pkocsival k\u00f6zleked\u0151 f\u00e9rfit m\u00e1rcius 10-\u00e9n, p\u00e9nteken d\u00e9lel\u0151tt, aki nem haszn\u00e1lta a biztons\u00e1gi \u00f6vet. Ellen\u0151rizt\u00e9k a j\u00e1rm\u0171 \u00e9s a sof\u0151r iratait, ekkor kider\u00fclt, hogy a t\u00e1ti lakos nem rendelkezik vezet\u0151i enged\u00e9llyel. A g\u00e9pkocsi bal els\u0151 l\u00e1mpab\u00far\u00e1ja hi\u00e1nyzott, az oldals\u00f3 visszapillant\u00f3 t\u00fck\u00f6r be volt t\u00f6rve, ez\u00e9rt","og_url":"https:\/\/dorogimedence.hu\/index.php\/2023\/03\/13\/jogsi-nelkul-ittasan-vezetett-2\/","og_site_name":"Dorogi-medence Region\u00e1lis H\u00edrport\u00e1l","article_publisher":"https:\/\/www.facebook.com\/dorogimedence\/","article_published_time":"2023-03-13T07:41:41+00:00","article_modified_time":"2023-03-13T07:41:55+00:00","og_image":[{"width":1920,"height":1179,"url":"https:\/\/dorogimedence.hu\/wp-content\/uploads\/2022\/11\/rendorauto-05.jpg","type":"image\/jpeg"}],"author":"dorogimedence.hu","twitter_card":"summary_large_image","twitter_misc":{"Szerz\u0151:":"dorogimedence.hu","Becs\u00fclt olvas\u00e1si id\u0151":"1 perc"},"schema":{"@context":"https:\/\/schema.org","@graph":[{"@type":"Article","@id":"https:\/\/dorogimedence.hu\/index.php\/2023\/03\/13\/jogsi-nelkul-ittasan-vezetett-2\/#article","isPartOf":{"@id":"https:\/\/dorogimedence.hu\/index.php\/2023\/03\/13\/jogsi-nelkul-ittasan-vezetett-2\/"},"author":{"name":"dorogimedence.hu","@id":"https:\/\/dorogimedence.hu\/#\/schema\/person\/ce6091eeb7e95ecdc87890d6aa8e0fd4"},"headline":"Jogsi n\u00e9lk\u00fcl, ittasan vezetett","datePublished":"2023-03-13T07:41:41+00:00","dateModified":"2023-03-13T07:41:55+00:00","mainEntityOfPage":{"@id":"https:\/\/dorogimedence.hu\/index.php\/2023\/03\/13\/jogsi-nelkul-ittasan-vezetett-2\/"},"wordCount":165,"publisher":{"@id":"https:\/\/dorogimedence.hu\/#organization"},"image":{"@id":"https:\/\/dorogimedence.hu\/index.php\/2023\/03\/13\/jogsi-nelkul-ittasan-vezetett-2\/#primaryimage"},"thumbnailUrl":"https:\/\/dorogimedence.hu\/wp-content\/uploads\/2022\/11\/rendorauto-05.jpg","keywords":["Dorog","ittas vezet\u00e9s","rend\u0151ri ellen\u0151rz\u00e9s","rend\u0151rs\u00e9gi h\u00edrek","T\u00e1t"],"articleSection":["Dorog","H\u00edrek","K\u00e9k h\u00edrek","T\u00e1t"],"inLanguage":"hu"},{"@type":"WebPage","@id":"https:\/\/dorogimedence.hu\/index.php\/2023\/03\/13\/jogsi-nelkul-ittasan-vezetett-2\/","url":"https:\/\/dorogimedence.hu\/index.php\/2023\/03\/13\/jogsi-nelkul-ittasan-vezetett-2\/","name":"Jogsi n\u00e9lk\u00fcl, ittasan vezetett","isPartOf":{"@id":"https:\/\/dorogimedence.hu\/#website"},"primaryImageOfPage":{"@id":"https:\/\/dorogimedence.hu\/index.php\/2023\/03\/13\/jogsi-nelkul-ittasan-vezetett-2\/#primaryimage"},"image":{"@id":"https:\/\/dorogimedence.hu\/index.php\/2023\/03\/13\/jogsi-nelkul-ittasan-vezetett-2\/#primaryimage"},"thumbnailUrl":"https:\/\/dorogimedence.hu\/wp-content\/uploads\/2022\/11\/rendorauto-05.jpg","datePublished":"2023-03-13T07:41:41+00:00","dateModified":"2023-03-13T07:41:55+00:00","breadcrumb":{"@id":"https:\/\/dorogimedence.hu\/index.php\/2023\/03\/13\/jogsi-nelkul-ittasan-vezetett-2\/#breadcrumb"},"inLanguage":"hu","potentialAction":[{"@type":"ReadAction","target":["https:\/\/dorogimedence.hu\/index.php\/2023\/03\/13\/jogsi-nelkul-ittasan-vezetett-2\/"]}]},{"@type":"ImageObject","inLanguage":"hu","@id":"https:\/\/dorogimedence.hu\/index.php\/2023\/03\/13\/jogsi-nelkul-ittasan-vezetett-2\/#primaryimage","url":"https:\/\/dorogimedence.hu\/wp-content\/uploads\/2022\/11\/rendorauto-05.jpg","contentUrl":"https:\/\/dorogimedence.hu\/wp-content\/uploads\/2022\/11\/rendorauto-05.jpg","width":1920,"height":1179},{"@type":"BreadcrumbList","@id":"https:\/\/dorogimedence.hu\/index.php\/2023\/03\/13\/jogsi-nelkul-ittasan-vezetett-2\/#breadcrumb","itemListElement":[{"@type":"ListItem","position":1,"name":"Kezd\u0151lap","item":"https:\/\/dorogimedence.hu\/"},{"@type":"ListItem","position":2,"name":"Jogsi n\u00e9lk\u00fcl, ittasan vezetett"}]},{"@type":"WebSite","@id":"https:\/\/dorogimedence.hu\/#website","url":"https:\/\/dorogimedence.hu\/","name":"Dorogi-medence Region\u00e1lis H\u00edrport\u00e1l","description":"Dorog, Keszt\u00f6lc, Le\u00e1nyv\u00e1r, Piliscs\u00e9v, Tokod, Tokodalt\u00e1r\u00f3, Csolnok, Esztergom-kertv\u00e1ros: h\u00edrek, programok","publisher":{"@id":"https:\/\/dorogimedence.hu\/#organization"},"potentialAction":[{"@type":"SearchAction","target":{"@type":"EntryPoint","urlTemplate":"https:\/\/dorogimedence.hu\/?s={search_term_string}"},"query-input":{"@type":"PropertyValueSpecification","valueRequired":true,"valueName":"search_term_string"}}],"inLanguage":"hu"},{"@type":"Organization","@id":"https:\/\/dorogimedence.hu\/#organization","name":"Dorogi-medence Region\u00e1lis H\u00edrport\u00e1l","url":"https:\/\/dorogimedence.hu\/","logo":{"@type":"ImageObject","inLanguage":"hu","@id":"https:\/\/dorogimedence.hu\/#\/schema\/logo\/image\/","url":"https:\/\/dorogimedence.hu\/wp-content\/uploads\/2021\/04\/logo-feher-600.png","contentUrl":"https:\/\/dorogimedence.hu\/wp-content\/uploads\/2021\/04\/logo-feher-600.png","width":600,"height":100,"caption":"Dorogi-medence Region\u00e1lis H\u00edrport\u00e1l"},"image":{"@id":"https:\/\/dorogimedence.hu\/#\/schema\/logo\/image\/"},"sameAs":["https:\/\/www.facebook.com\/dorogimedence\/"]},{"@type":"Person","@id":"https:\/\/dorogimedence.hu\/#\/schema\/person\/ce6091eeb7e95ecdc87890d6aa8e0fd4","name":"dorogimedence.hu","image":{"@type":"ImageObject","inLanguage":"hu","@id":"\/\/www.gravatar.com\/avatar\/d8d45f8901aadff40a4af72c0b826f1d?s=96&#038;r=g&#038;d=mm","url":"\/\/www.gravatar.com\/avatar\/d8d45f8901aadff40a4af72c0b826f1d?s=96&#038;r=g&#038;d=mm","contentUrl":"\/\/www.gravatar.com\/avatar\/d8d45f8901aadff40a4af72c0b826f1d?s=96&#038;r=g&#038;d=mm","caption":"dorogimedence.hu"}}]}},"_links":{"self":[{"href":"https:\/\/dorogimedence.hu\/index.php\/wp-json\/wp\/v2\/posts\/51100","targetHints":{"allow":["GET"]}}],"collection":[{"href":"https:\/\/dorogimedence.hu\/index.php\/wp-json\/wp\/v2\/posts"}],"about":[{"href":"https:\/\/dorogimedence.hu\/index.php\/wp-json\/wp\/v2\/types\/post"}],"author":[{"embeddable":true,"href":"https:\/\/dorogimedence.hu\/index.php\/wp-json\/wp\/v2\/users\/1"}],"replies":[{"embeddable":true,"href":"https:\/\/dorogimedence.hu\/index.php\/wp-json\/wp\/v2\/comments?post=51100"}],"version-history":[{"count":0,"href":"https:\/\/dorogimedence.hu\/index.php\/wp-json\/wp\/v2\/posts\/51100\/revisions"}],"wp:featuredmedia":[{"embeddable":true,"href":"https:\/\/dorogimedence.hu\/index.php\/wp-json\/wp\/v2\/media\/48266"}],"wp:attachment":[{"href":"https:\/\/dorogimedence.hu\/index.php\/wp-json\/wp\/v2\/media?parent=51100"}],"wp:term":[{"taxonomy":"category","embeddable":true,"href":"https:\/\/dorogimedence.hu\/index.php\/wp-json\/wp\/v2\/categories?post=51100"},{"taxonomy":"post_tag","embeddable":true,"href":"https:\/\/dorogimedence.hu\/index.php\/wp-json\/wp\/v2\/tags?post=51100"}],"curies":[{"name":"wp","href":"https:\/\/api.w.org\/{rel}","templated":true}]}}