{"id":51064,"date":"2023-03-11T13:17:18","date_gmt":"2023-03-11T12:17:18","guid":{"rendered":"https:\/\/dorogimedence.hu\/?p=51064"},"modified":"2023-03-11T13:17:45","modified_gmt":"2023-03-11T12:17:45","slug":"az-innovativ-lezeres-arckezeles-mar-elerheto-egyre-tobb-budapesti-szalonban","status":"publish","type":"post","link":"https:\/\/dorogimedence.hu\/index.php\/2023\/03\/11\/az-innovativ-lezeres-arckezeles-mar-elerheto-egyre-tobb-budapesti-szalonban\/","title":{"rendered":"Az innovat\u00edv l\u00e9zeres arckezel\u00e9s m\u00e1r el\u00e9rhet\u0151 egyre t\u00f6bb budapesti szalonban"},"content":{"rendered":"<p><strong>Lehet sokatoknak m\u00e1r esz\u00e9be is jutott, hogy melyik arckezel\u00e9sr\u0151l van sz\u00f3. A carbon peeling l\u00e9zeres arckezel\u00e9s egy val\u00f3ban \u00faj\u00edt\u00f3 elj\u00e1r\u00e1s a kozmetikus szakm\u00e1ban.<\/strong><\/p>\n<h3><strong>Hogyan t\u00f6rt\u00e9nik a l\u00e9zeres arckezel\u00e9s?<\/strong><\/h3>\n<p>A vend\u00e9gnek el\u0151sz\u00f6r fel kell vennie egy v\u00e9d\u0151szem\u00fcveget, hogy a l\u00e9zerf\u00e9nyt\u0151l biztons\u00e1gban maradjanak a szemei. A kezel\u00e9s alatt a kozmetikus egy speci\u00e1lis sz\u00e9nport visz fel a kezelend\u0151 fel\u00fcletre, majd az innovat\u00edv k\u00e9sz\u00fcl\u00e9ket az arc f\u00f6l\u00e9 helyezi. Haszn\u00e1latba helyezi az eszk\u00f6zt, a l\u00e9zersug\u00e1r \u00e1thatol a k\u00e9sz\u00fcl\u00e9ken \u00e9s elnyel\u0151dik a sz\u00e9npor sz\u00edn\u00e9ben (pigmentekben). Az \u00edgy keletkezett h\u0151 \u00f6sszeh\u00fazza a b\u0151r p\u00f3rusait, m\u00e9rs\u00e9kli a r\u00e1ncokat \u00e9s az elhalt h\u00e1msejteket is elt\u00e1vol\u00edtja.<\/p>\n<p>A r\u00f6vid ideig tart\u00f3 kezel\u00e9s egyidej\u0171leg sz\u00e1mos b\u0151rprobl\u00e9m\u00e1ra van gy\u00f3gy\u00edt\u00f3 hat\u00e1ssal.<\/p>\n<h3>Milyen el\u0151ny\u00f6kkel rendelkezik a carbon peeling?<\/h3>\n<p>Nagyszer\u0171 h\u00edr, hogy ez a kezel\u00e9s b\u00e1rmikor k\u00e9rhet\u0151 eg\u00e9sz \u00e9vben. Ugyanis kezel\u00e9s alatt a l\u00e9zersug\u00e1r nem \u00e9rintkezik k\u00f6zvetlen\u00fcl az arcb\u0151rrel, az arcb\u0151r nem v\u00e1lik \u00e9rz\u00e9kenny\u00e9, ez\u00e9rt a k\u00f6rnyezeti hat\u00e1sokt\u00f3l sem kell tartani.<\/p>\n<p>A l\u00e9zeres kezel\u00e9s mind\u00f6ssze 15 percet vesz ig\u00e9nybe. Ett\u0151l f\u00fcggetlen\u00fcl az eg\u00e9sz arckezel\u00e9s eltarthat egy \u00f3r\u00e1ig is, viszont a v\u00e9d\u0151szem\u00fcveget m\u00e1r leveheted az arcodr\u00f3l \u00e9s \u00e9lvezheted a folyamat tov\u00e1bbi friss\u00edt\u0151 \u00e9s nyugtat\u00f3 l\u00e9p\u00e9seit.<\/p>\n<p>Mint ahogy a kezel\u00e9s neve is sejteti \u201ecarbon\u201d, azaz sz\u00e9n alap\u00fa g\u00e9l felhaszn\u00e1l\u00e1s\u00e1val t\u00f6rt\u00e9nik az arckezel\u00e9s. K\u00f6zismert, hogy a sz\u00e9nb\u0151l k\u00e9sz\u00edtett hat\u00f3anyagok rengeteg ter\u00fcleten k\u00e9pesek kifejteni pozit\u00edv hat\u00e1sukat (fogak, gyomor, s a t\u00f6bbi). Nyugodt sz\u00edvvel b\u00edzhatunk abban, hogy az arcb\u0151rre gyakorolt hat\u00e1sa seg\u00edt helyre\u00e1ll\u00edtani a b\u0151r eg\u00e9szs\u00e9ges \u00e1llapot\u00e1t. Lesz\u00e1mol a mitesszerekkel, akn\u00e9val valamint a szeborre\u00e1s b\u0151rgyullad\u00e1ssal is.<\/p>\n<p>Teljesen f\u00e1jdalommentes az arckezel\u00e9s. Hiszen ez egy tov\u00e1bbfejlesztett elj\u00e1r\u00e1s, \u00edgy ezen m\u00e1r meg sem lep\u0151d\u00fcnk. B\u00e1r egy \u00faj elj\u00e1r\u00e1s bevezet\u00e9s\u00e9n\u00e9l el\u00e9g nagy befoly\u00e1sol\u00f3 t\u00e9nyez\u0151vel b\u00edrhat.<\/p>\n<p>A kezel\u00e9snek nincsenek mell\u00e9khat\u00e1sai. J\u00f3 h\u00edr azoknak, akik hajlamosak az allergi\u00e1s t\u00fcnetekre. Nos, nekik sem kell agg\u00f3dniuk emiatt.<\/p>\n<p>A kozmetikus szakm\u00e1ra is igaz, hogy a megb\u00edzhat\u00f3s\u00e1g faktora abban a hajland\u00f3s\u00e1gban is megmutatkozik, amit egy-egy <span style=\"text-decoration: underline; color: #0000ff;\"><a style=\"color: #0000ff; text-decoration: underline;\" href=\"https:\/\/atekozmetikadtamasierika.hu\/\" target=\"_blank\" rel=\"noopener\">kozmetika<\/a><\/span> az innovat\u00edv elj\u00e1r\u00e1sok keres\u00e9s\u00e9vel \u00e9s alkalmaz\u00e1s\u00e1val t\u00f6lt el.<\/p>\n<p>Nagyobb bizalmat fektet\u00fcnk olyan kozmetikusokba, akik t\u00e9nyleg keresik a jobbn\u00e1l jobb kozmetikai elj\u00e1r\u00e1sokat, hogy vend\u00e9geik a lehet\u0151 leghat\u00e9konyabb kezel\u00e9sekben r\u00e9szes\u00fcljenek.<\/p>\n","protected":false},"excerpt":{"rendered":"<p>Lehet sokatoknak m\u00e1r esz\u00e9be is jutott, hogy melyik arckezel\u00e9sr\u0151l van sz\u00f3. A carbon peeling l\u00e9zeres arckezel\u00e9s egy val\u00f3ban \u00faj\u00edt\u00f3 elj\u00e1r\u00e1s a kozmetikus szakm\u00e1ban. Hogyan t\u00f6rt\u00e9nik a l\u00e9zeres arckezel\u00e9s? A vend\u00e9gnek el\u0151sz\u00f6r fel kell vennie egy v\u00e9d\u0151szem\u00fcveget, hogy a l\u00e9zerf\u00e9nyt\u0151l biztons\u00e1gban maradjanak a szemei. A kezel\u00e9s alatt a kozmetikus egy speci\u00e1lis sz\u00e9nport visz fel a kezelend\u0151<\/p>\n","protected":false},"author":1,"featured_media":0,"comment_status":"closed","ping_status":"closed","sticky":false,"template":"","format":"standard","meta":{"ngg_post_thumbnail":0,"footnotes":""},"categories":[3],"tags":[7049,7050,7048],"class_list":{"0":"post-51064","1":"post","2":"type-post","3":"status-publish","4":"format-standard","6":"category-hirek","7":"tag-arckezeles","8":"tag-lezeres-arckezeles","9":"tag-szolgaltatas"},"yoast_head":"<!-- This site is optimized with the Yoast SEO plugin v27.4 - https:\/\/yoast.com\/product\/yoast-seo-wordpress\/ -->\n<title>Az innovat\u00edv l\u00e9zeres arckezel\u00e9s m\u00e1r el\u00e9rhet\u0151 egyre t\u00f6bb budapesti szalonban<\/title>\n<meta name=\"robots\" content=\"index, follow, max-snippet:-1, max-image-preview:large, max-video-preview:-1\" \/>\n<link rel=\"canonical\" href=\"https:\/\/dorogimedence.hu\/index.php\/2023\/03\/11\/az-innovativ-lezeres-arckezeles-mar-elerheto-egyre-tobb-budapesti-szalonban\/\" class=\"yoast-seo-meta-tag\" \/>\n<meta property=\"og:locale\" content=\"hu_HU\" class=\"yoast-seo-meta-tag\" \/>\n<meta property=\"og:type\" content=\"article\" class=\"yoast-seo-meta-tag\" \/>\n<meta property=\"og:title\" content=\"Az innovat\u00edv l\u00e9zeres arckezel\u00e9s m\u00e1r el\u00e9rhet\u0151 egyre t\u00f6bb budapesti szalonban\" class=\"yoast-seo-meta-tag\" \/>\n<meta property=\"og:description\" content=\"Lehet sokatoknak m\u00e1r esz\u00e9be is jutott, hogy melyik arckezel\u00e9sr\u0151l van sz\u00f3. A carbon peeling l\u00e9zeres arckezel\u00e9s egy val\u00f3ban \u00faj\u00edt\u00f3 elj\u00e1r\u00e1s a kozmetikus szakm\u00e1ban. Hogyan t\u00f6rt\u00e9nik a l\u00e9zeres arckezel\u00e9s? A vend\u00e9gnek el\u0151sz\u00f6r fel kell vennie egy v\u00e9d\u0151szem\u00fcveget, hogy a l\u00e9zerf\u00e9nyt\u0151l biztons\u00e1gban maradjanak a szemei. A kezel\u00e9s alatt a kozmetikus egy speci\u00e1lis sz\u00e9nport visz fel a kezelend\u0151\" class=\"yoast-seo-meta-tag\" \/>\n<meta property=\"og:url\" content=\"https:\/\/dorogimedence.hu\/index.php\/2023\/03\/11\/az-innovativ-lezeres-arckezeles-mar-elerheto-egyre-tobb-budapesti-szalonban\/\" class=\"yoast-seo-meta-tag\" \/>\n<meta property=\"og:site_name\" content=\"Dorogi-medence Region\u00e1lis H\u00edrport\u00e1l\" class=\"yoast-seo-meta-tag\" \/>\n<meta property=\"article:publisher\" content=\"https:\/\/www.facebook.com\/dorogimedence\/\" class=\"yoast-seo-meta-tag\" \/>\n<meta property=\"article:published_time\" content=\"2023-03-11T12:17:18+00:00\" class=\"yoast-seo-meta-tag\" \/>\n<meta property=\"article:modified_time\" content=\"2023-03-11T12:17:45+00:00\" class=\"yoast-seo-meta-tag\" \/>\n<meta property=\"og:image\" content=\"https:\/\/dorogimedence.hu\/wp-content\/uploads\/2023\/03\/peeling.jpg\" class=\"yoast-seo-meta-tag\" \/>\n\t<meta property=\"og:image:width\" content=\"770\" class=\"yoast-seo-meta-tag\" \/>\n\t<meta property=\"og:image:height\" content=\"410\" class=\"yoast-seo-meta-tag\" \/>\n\t<meta property=\"og:image:type\" content=\"image\/jpeg\" class=\"yoast-seo-meta-tag\" \/>\n<meta name=\"author\" content=\"dorogimedence.hu\" class=\"yoast-seo-meta-tag\" \/>\n<meta name=\"twitter:card\" content=\"summary_large_image\" class=\"yoast-seo-meta-tag\" \/>\n<meta name=\"twitter:label1\" content=\"Szerz\u0151:\" class=\"yoast-seo-meta-tag\" \/>\n\t<meta name=\"twitter:data1\" content=\"dorogimedence.hu\" class=\"yoast-seo-meta-tag\" \/>\n\t<meta name=\"twitter:label2\" content=\"Becs\u00fclt olvas\u00e1si id\u0151\" class=\"yoast-seo-meta-tag\" \/>\n\t<meta name=\"twitter:data2\" content=\"3 perc\" class=\"yoast-seo-meta-tag\" \/>\n<script type=\"application\/ld+json\" class=\"yoast-schema-graph\">{\"@context\":\"https:\\\/\\\/schema.org\",\"@graph\":[{\"@type\":\"Article\",\"@id\":\"https:\\\/\\\/dorogimedence.hu\\\/index.php\\\/2023\\\/03\\\/11\\\/az-innovativ-lezeres-arckezeles-mar-elerheto-egyre-tobb-budapesti-szalonban\\\/#article\",\"isPartOf\":{\"@id\":\"https:\\\/\\\/dorogimedence.hu\\\/index.php\\\/2023\\\/03\\\/11\\\/az-innovativ-lezeres-arckezeles-mar-elerheto-egyre-tobb-budapesti-szalonban\\\/\"},\"author\":{\"name\":\"dorogimedence.hu\",\"@id\":\"https:\\\/\\\/dorogimedence.hu\\\/#\\\/schema\\\/person\\\/ce6091eeb7e95ecdc87890d6aa8e0fd4\"},\"headline\":\"Az innovat\u00edv l\u00e9zeres arckezel\u00e9s m\u00e1r el\u00e9rhet\u0151 egyre t\u00f6bb budapesti szalonban\",\"datePublished\":\"2023-03-11T12:17:18+00:00\",\"dateModified\":\"2023-03-11T12:17:45+00:00\",\"mainEntityOfPage\":{\"@id\":\"https:\\\/\\\/dorogimedence.hu\\\/index.php\\\/2023\\\/03\\\/11\\\/az-innovativ-lezeres-arckezeles-mar-elerheto-egyre-tobb-budapesti-szalonban\\\/\"},\"wordCount\":527,\"publisher\":{\"@id\":\"https:\\\/\\\/dorogimedence.hu\\\/#organization\"},\"keywords\":[\"arckezel\u00e9s\",\"l\u00e9zeres arckezel\u00e9s\",\"szolg\u00e1ltat\u00e1s\"],\"articleSection\":[\"H\u00edrek\"],\"inLanguage\":\"hu\"},{\"@type\":\"WebPage\",\"@id\":\"https:\\\/\\\/dorogimedence.hu\\\/index.php\\\/2023\\\/03\\\/11\\\/az-innovativ-lezeres-arckezeles-mar-elerheto-egyre-tobb-budapesti-szalonban\\\/\",\"url\":\"https:\\\/\\\/dorogimedence.hu\\\/index.php\\\/2023\\\/03\\\/11\\\/az-innovativ-lezeres-arckezeles-mar-elerheto-egyre-tobb-budapesti-szalonban\\\/\",\"name\":\"Az innovat\u00edv l\u00e9zeres arckezel\u00e9s m\u00e1r el\u00e9rhet\u0151 egyre t\u00f6bb budapesti szalonban\",\"isPartOf\":{\"@id\":\"https:\\\/\\\/dorogimedence.hu\\\/#website\"},\"datePublished\":\"2023-03-11T12:17:18+00:00\",\"dateModified\":\"2023-03-11T12:17:45+00:00\",\"breadcrumb\":{\"@id\":\"https:\\\/\\\/dorogimedence.hu\\\/index.php\\\/2023\\\/03\\\/11\\\/az-innovativ-lezeres-arckezeles-mar-elerheto-egyre-tobb-budapesti-szalonban\\\/#breadcrumb\"},\"inLanguage\":\"hu\",\"potentialAction\":[{\"@type\":\"ReadAction\",\"target\":[\"https:\\\/\\\/dorogimedence.hu\\\/index.php\\\/2023\\\/03\\\/11\\\/az-innovativ-lezeres-arckezeles-mar-elerheto-egyre-tobb-budapesti-szalonban\\\/\"]}]},{\"@type\":\"BreadcrumbList\",\"@id\":\"https:\\\/\\\/dorogimedence.hu\\\/index.php\\\/2023\\\/03\\\/11\\\/az-innovativ-lezeres-arckezeles-mar-elerheto-egyre-tobb-budapesti-szalonban\\\/#breadcrumb\",\"itemListElement\":[{\"@type\":\"ListItem\",\"position\":1,\"name\":\"Kezd\u0151lap\",\"item\":\"https:\\\/\\\/dorogimedence.hu\\\/\"},{\"@type\":\"ListItem\",\"position\":2,\"name\":\"Az innovat\u00edv l\u00e9zeres arckezel\u00e9s m\u00e1r el\u00e9rhet\u0151 egyre t\u00f6bb budapesti szalonban\"}]},{\"@type\":\"WebSite\",\"@id\":\"https:\\\/\\\/dorogimedence.hu\\\/#website\",\"url\":\"https:\\\/\\\/dorogimedence.hu\\\/\",\"name\":\"Dorogi-medence Region\u00e1lis H\u00edrport\u00e1l\",\"description\":\"Dorog, Keszt\u00f6lc, Le\u00e1nyv\u00e1r, Piliscs\u00e9v, Tokod, Tokodalt\u00e1r\u00f3, Csolnok, Esztergom-kertv\u00e1ros: h\u00edrek, programok\",\"publisher\":{\"@id\":\"https:\\\/\\\/dorogimedence.hu\\\/#organization\"},\"potentialAction\":[{\"@type\":\"SearchAction\",\"target\":{\"@type\":\"EntryPoint\",\"urlTemplate\":\"https:\\\/\\\/dorogimedence.hu\\\/?s={search_term_string}\"},\"query-input\":{\"@type\":\"PropertyValueSpecification\",\"valueRequired\":true,\"valueName\":\"search_term_string\"}}],\"inLanguage\":\"hu\"},{\"@type\":\"Organization\",\"@id\":\"https:\\\/\\\/dorogimedence.hu\\\/#organization\",\"name\":\"Dorogi-medence Region\u00e1lis H\u00edrport\u00e1l\",\"url\":\"https:\\\/\\\/dorogimedence.hu\\\/\",\"logo\":{\"@type\":\"ImageObject\",\"inLanguage\":\"hu\",\"@id\":\"https:\\\/\\\/dorogimedence.hu\\\/#\\\/schema\\\/logo\\\/image\\\/\",\"url\":\"https:\\\/\\\/dorogimedence.hu\\\/wp-content\\\/uploads\\\/2021\\\/04\\\/logo-feher-600.png\",\"contentUrl\":\"https:\\\/\\\/dorogimedence.hu\\\/wp-content\\\/uploads\\\/2021\\\/04\\\/logo-feher-600.png\",\"width\":600,\"height\":100,\"caption\":\"Dorogi-medence Region\u00e1lis H\u00edrport\u00e1l\"},\"image\":{\"@id\":\"https:\\\/\\\/dorogimedence.hu\\\/#\\\/schema\\\/logo\\\/image\\\/\"},\"sameAs\":[\"https:\\\/\\\/www.facebook.com\\\/dorogimedence\\\/\"]},{\"@type\":\"Person\",\"@id\":\"https:\\\/\\\/dorogimedence.hu\\\/#\\\/schema\\\/person\\\/ce6091eeb7e95ecdc87890d6aa8e0fd4\",\"name\":\"dorogimedence.hu\",\"image\":{\"@type\":\"ImageObject\",\"inLanguage\":\"hu\",\"@id\":\"\\\/\\\/www.gravatar.com\\\/avatar\\\/d8d45f8901aadff40a4af72c0b826f1d?s=96&#038;r=g&#038;d=mm\",\"url\":\"\\\/\\\/www.gravatar.com\\\/avatar\\\/d8d45f8901aadff40a4af72c0b826f1d?s=96&#038;r=g&#038;d=mm\",\"contentUrl\":\"\\\/\\\/www.gravatar.com\\\/avatar\\\/d8d45f8901aadff40a4af72c0b826f1d?s=96&#038;r=g&#038;d=mm\",\"caption\":\"dorogimedence.hu\"}}]}<\/script>\n<!-- \/ Yoast SEO plugin. -->","yoast_head_json":{"title":"Az innovat\u00edv l\u00e9zeres arckezel\u00e9s m\u00e1r el\u00e9rhet\u0151 egyre t\u00f6bb budapesti szalonban","robots":{"index":"index","follow":"follow","max-snippet":"max-snippet:-1","max-image-preview":"max-image-preview:large","max-video-preview":"max-video-preview:-1"},"canonical":"https:\/\/dorogimedence.hu\/index.php\/2023\/03\/11\/az-innovativ-lezeres-arckezeles-mar-elerheto-egyre-tobb-budapesti-szalonban\/","og_locale":"hu_HU","og_type":"article","og_title":"Az innovat\u00edv l\u00e9zeres arckezel\u00e9s m\u00e1r el\u00e9rhet\u0151 egyre t\u00f6bb budapesti szalonban","og_description":"Lehet sokatoknak m\u00e1r esz\u00e9be is jutott, hogy melyik arckezel\u00e9sr\u0151l van sz\u00f3. A carbon peeling l\u00e9zeres arckezel\u00e9s egy val\u00f3ban \u00faj\u00edt\u00f3 elj\u00e1r\u00e1s a kozmetikus szakm\u00e1ban. Hogyan t\u00f6rt\u00e9nik a l\u00e9zeres arckezel\u00e9s? A vend\u00e9gnek el\u0151sz\u00f6r fel kell vennie egy v\u00e9d\u0151szem\u00fcveget, hogy a l\u00e9zerf\u00e9nyt\u0151l biztons\u00e1gban maradjanak a szemei. A kezel\u00e9s alatt a kozmetikus egy speci\u00e1lis sz\u00e9nport visz fel a kezelend\u0151","og_url":"https:\/\/dorogimedence.hu\/index.php\/2023\/03\/11\/az-innovativ-lezeres-arckezeles-mar-elerheto-egyre-tobb-budapesti-szalonban\/","og_site_name":"Dorogi-medence Region\u00e1lis H\u00edrport\u00e1l","article_publisher":"https:\/\/www.facebook.com\/dorogimedence\/","article_published_time":"2023-03-11T12:17:18+00:00","article_modified_time":"2023-03-11T12:17:45+00:00","og_image":[{"width":770,"height":410,"url":"https:\/\/dorogimedence.hu\/wp-content\/uploads\/2023\/03\/peeling.jpg","type":"image\/jpeg"}],"author":"dorogimedence.hu","twitter_card":"summary_large_image","twitter_misc":{"Szerz\u0151:":"dorogimedence.hu","Becs\u00fclt olvas\u00e1si id\u0151":"3 perc"},"schema":{"@context":"https:\/\/schema.org","@graph":[{"@type":"Article","@id":"https:\/\/dorogimedence.hu\/index.php\/2023\/03\/11\/az-innovativ-lezeres-arckezeles-mar-elerheto-egyre-tobb-budapesti-szalonban\/#article","isPartOf":{"@id":"https:\/\/dorogimedence.hu\/index.php\/2023\/03\/11\/az-innovativ-lezeres-arckezeles-mar-elerheto-egyre-tobb-budapesti-szalonban\/"},"author":{"name":"dorogimedence.hu","@id":"https:\/\/dorogimedence.hu\/#\/schema\/person\/ce6091eeb7e95ecdc87890d6aa8e0fd4"},"headline":"Az innovat\u00edv l\u00e9zeres arckezel\u00e9s m\u00e1r el\u00e9rhet\u0151 egyre t\u00f6bb budapesti szalonban","datePublished":"2023-03-11T12:17:18+00:00","dateModified":"2023-03-11T12:17:45+00:00","mainEntityOfPage":{"@id":"https:\/\/dorogimedence.hu\/index.php\/2023\/03\/11\/az-innovativ-lezeres-arckezeles-mar-elerheto-egyre-tobb-budapesti-szalonban\/"},"wordCount":527,"publisher":{"@id":"https:\/\/dorogimedence.hu\/#organization"},"keywords":["arckezel\u00e9s","l\u00e9zeres arckezel\u00e9s","szolg\u00e1ltat\u00e1s"],"articleSection":["H\u00edrek"],"inLanguage":"hu"},{"@type":"WebPage","@id":"https:\/\/dorogimedence.hu\/index.php\/2023\/03\/11\/az-innovativ-lezeres-arckezeles-mar-elerheto-egyre-tobb-budapesti-szalonban\/","url":"https:\/\/dorogimedence.hu\/index.php\/2023\/03\/11\/az-innovativ-lezeres-arckezeles-mar-elerheto-egyre-tobb-budapesti-szalonban\/","name":"Az innovat\u00edv l\u00e9zeres arckezel\u00e9s m\u00e1r el\u00e9rhet\u0151 egyre t\u00f6bb budapesti szalonban","isPartOf":{"@id":"https:\/\/dorogimedence.hu\/#website"},"datePublished":"2023-03-11T12:17:18+00:00","dateModified":"2023-03-11T12:17:45+00:00","breadcrumb":{"@id":"https:\/\/dorogimedence.hu\/index.php\/2023\/03\/11\/az-innovativ-lezeres-arckezeles-mar-elerheto-egyre-tobb-budapesti-szalonban\/#breadcrumb"},"inLanguage":"hu","potentialAction":[{"@type":"ReadAction","target":["https:\/\/dorogimedence.hu\/index.php\/2023\/03\/11\/az-innovativ-lezeres-arckezeles-mar-elerheto-egyre-tobb-budapesti-szalonban\/"]}]},{"@type":"BreadcrumbList","@id":"https:\/\/dorogimedence.hu\/index.php\/2023\/03\/11\/az-innovativ-lezeres-arckezeles-mar-elerheto-egyre-tobb-budapesti-szalonban\/#breadcrumb","itemListElement":[{"@type":"ListItem","position":1,"name":"Kezd\u0151lap","item":"https:\/\/dorogimedence.hu\/"},{"@type":"ListItem","position":2,"name":"Az innovat\u00edv l\u00e9zeres arckezel\u00e9s m\u00e1r el\u00e9rhet\u0151 egyre t\u00f6bb budapesti szalonban"}]},{"@type":"WebSite","@id":"https:\/\/dorogimedence.hu\/#website","url":"https:\/\/dorogimedence.hu\/","name":"Dorogi-medence Region\u00e1lis H\u00edrport\u00e1l","description":"Dorog, Keszt\u00f6lc, Le\u00e1nyv\u00e1r, Piliscs\u00e9v, Tokod, Tokodalt\u00e1r\u00f3, Csolnok, Esztergom-kertv\u00e1ros: h\u00edrek, programok","publisher":{"@id":"https:\/\/dorogimedence.hu\/#organization"},"potentialAction":[{"@type":"SearchAction","target":{"@type":"EntryPoint","urlTemplate":"https:\/\/dorogimedence.hu\/?s={search_term_string}"},"query-input":{"@type":"PropertyValueSpecification","valueRequired":true,"valueName":"search_term_string"}}],"inLanguage":"hu"},{"@type":"Organization","@id":"https:\/\/dorogimedence.hu\/#organization","name":"Dorogi-medence Region\u00e1lis H\u00edrport\u00e1l","url":"https:\/\/dorogimedence.hu\/","logo":{"@type":"ImageObject","inLanguage":"hu","@id":"https:\/\/dorogimedence.hu\/#\/schema\/logo\/image\/","url":"https:\/\/dorogimedence.hu\/wp-content\/uploads\/2021\/04\/logo-feher-600.png","contentUrl":"https:\/\/dorogimedence.hu\/wp-content\/uploads\/2021\/04\/logo-feher-600.png","width":600,"height":100,"caption":"Dorogi-medence Region\u00e1lis H\u00edrport\u00e1l"},"image":{"@id":"https:\/\/dorogimedence.hu\/#\/schema\/logo\/image\/"},"sameAs":["https:\/\/www.facebook.com\/dorogimedence\/"]},{"@type":"Person","@id":"https:\/\/dorogimedence.hu\/#\/schema\/person\/ce6091eeb7e95ecdc87890d6aa8e0fd4","name":"dorogimedence.hu","image":{"@type":"ImageObject","inLanguage":"hu","@id":"\/\/www.gravatar.com\/avatar\/d8d45f8901aadff40a4af72c0b826f1d?s=96&#038;r=g&#038;d=mm","url":"\/\/www.gravatar.com\/avatar\/d8d45f8901aadff40a4af72c0b826f1d?s=96&#038;r=g&#038;d=mm","contentUrl":"\/\/www.gravatar.com\/avatar\/d8d45f8901aadff40a4af72c0b826f1d?s=96&#038;r=g&#038;d=mm","caption":"dorogimedence.hu"}}]}},"_links":{"self":[{"href":"https:\/\/dorogimedence.hu\/index.php\/wp-json\/wp\/v2\/posts\/51064","targetHints":{"allow":["GET"]}}],"collection":[{"href":"https:\/\/dorogimedence.hu\/index.php\/wp-json\/wp\/v2\/posts"}],"about":[{"href":"https:\/\/dorogimedence.hu\/index.php\/wp-json\/wp\/v2\/types\/post"}],"author":[{"embeddable":true,"href":"https:\/\/dorogimedence.hu\/index.php\/wp-json\/wp\/v2\/users\/1"}],"replies":[{"embeddable":true,"href":"https:\/\/dorogimedence.hu\/index.php\/wp-json\/wp\/v2\/comments?post=51064"}],"version-history":[{"count":0,"href":"https:\/\/dorogimedence.hu\/index.php\/wp-json\/wp\/v2\/posts\/51064\/revisions"}],"wp:attachment":[{"href":"https:\/\/dorogimedence.hu\/index.php\/wp-json\/wp\/v2\/media?parent=51064"}],"wp:term":[{"taxonomy":"category","embeddable":true,"href":"https:\/\/dorogimedence.hu\/index.php\/wp-json\/wp\/v2\/categories?post=51064"},{"taxonomy":"post_tag","embeddable":true,"href":"https:\/\/dorogimedence.hu\/index.php\/wp-json\/wp\/v2\/tags?post=51064"}],"curies":[{"name":"wp","href":"https:\/\/api.w.org\/{rel}","templated":true}]}}